{"id":18427,"date":"2021-03-25T07:15:45","date_gmt":"2021-03-25T07:15:45","guid":{"rendered":"https:\/\/www.mes-allocs.fr\/guides\/?p=18427"},"modified":"2026-03-04T16:12:12","modified_gmt":"2026-03-04T15:12:12","slug":"reconversion-professionnelle-par-ville","status":"publish","type":"post","link":"https:\/\/www.mes-allocs.fr\/guides\/reconversion-professionnelle\/reconversion-professionnelle-par-ville\/","title":{"rendered":"Les aides des villes pour votre reconversion professionnelle"},"content":{"rendered":"<p><a href=\"https:\/\/www.mes-allocs.fr\/guides\/wp-content\/uploads\/2021\/01\/pexels-startup-stock-photos-7103-1.jpg\"><img loading=\"lazy\" decoding=\"async\" class=\"aligncenter wp-image-18433 size-large\" title=\"reconversion professionnelle par ville\" src=\"https:\/\/www.mes-allocs.fr\/guides\/wp-content\/uploads\/2021\/01\/pexels-startup-stock-photos-7103-1-e1611244378272-1024x371.jpg\" alt=\"reconversion professionnelle par ville\" width=\"1024\" height=\"371\" srcset=\"https:\/\/www.mes-allocs.fr\/guides\/wp-content\/uploads\/2021\/01\/pexels-startup-stock-photos-7103-1-e1611244378272-1024x371.jpg 1024w, https:\/\/www.mes-allocs.fr\/guides\/wp-content\/uploads\/2021\/01\/pexels-startup-stock-photos-7103-1-e1611244378272-300x109.jpg 300w, https:\/\/www.mes-allocs.fr\/guides\/wp-content\/uploads\/2021\/01\/pexels-startup-stock-photos-7103-1-e1611244378272-768x278.jpg 768w, https:\/\/www.mes-allocs.fr\/guides\/wp-content\/uploads\/2021\/01\/pexels-startup-stock-photos-7103-1-e1611244378272-600x218.jpg 600w, https:\/\/www.mes-allocs.fr\/guides\/wp-content\/uploads\/2021\/01\/pexels-startup-stock-photos-7103-1-e1611244378272.jpg 1280w\" sizes=\"auto, (max-width: 1024px) 100vw, 1024px\" \/><\/a><\/p>\n<p style=\"text-align: justify;\">[Mis \u00e0 jour le 04\/03\/2026] En moyenne une personne change de secteur d&rsquo;activit\u00e9 au moins 3 fois dans sa vie. De nombreux dispositifs sous forme p\u00e9cuniaire ou non, sont accessibles. Les villes, elles aussi, d\u00e9veloppent des dispositifs de formation pour vous soutenir dans votre projet de <a href=\"https:\/\/www.mes-allocs.fr\/guides\/reconversion-professionnelle\/\">reconversion professionnelle<\/a>. Mes Allocs vous explique en d\u00e9tail ici.<\/p>\n<div class='cta-block'><div class='text'>Besoin d\u2019aide dans votre reconversion ?<\/div><a href='https:\/\/www.formademia.fr\/formulaire\/coaching' class='app-button fit'>Simuler mon \u00e9ligibilit\u00e9 au coaching<\/a><\/div>\n<h1>Le soutien des villes pour votre projet professionnel<\/h1>\n<h2>Les dispositifs d&rsquo;aide \u00e0 la reconversion<\/h2>\n<p style=\"text-align: justify;\">Certaines villes mettent en place des dispositifs d&rsquo;<a href=\"https:\/\/www.mes-allocs.fr\/guides\/reconversion-professionnelle\/aide-reconversion-professionnelle\/\">aides \u00e0 la reconversion<\/a> pour leurs habitants. Souvent sous forme de coaching collectif ou bien individuel, faire des <strong>diagnostics de votre situation professionnelle et vous donner tous les conseils n\u00e9cessaires pour gagner en productivit\u00e9. <\/strong>C&rsquo;est le cas par exemple dans la <a href=\"https:\/\/www.mes-allocs.fr\/guides\/reconversion-professionnelle\/reconversion-professionnelle-par-ville\/reconversion-professionnelle-lyon\/\">ville de Lyon<\/a>.<\/p>\n<h2>Le cas de la ville de Paris<\/h2>\n<p style=\"text-align: justify;\">C&rsquo;est notamment le cas de la ville de Paris avec le programme l&rsquo;Initiative pour l&#8217;emploi qui propose des s\u00e9ances de recrutement et de formations. La ville de Courbevoie en banlieue parisienne propose elle aussi un programme nomm\u00e9 Attractive Emploi.<\/p>\n<p><iframe loading=\"lazy\" title=\"La reconversion professionnelle\" width=\"500\" height=\"281\" src=\"https:\/\/www.youtube.com\/embed\/EiVUthswxl0?feature=oembed\" frameborder=\"0\" allow=\"accelerometer; autoplay; clipboard-write; encrypted-media; gyroscope; picture-in-picture; web-share\" referrerpolicy=\"strict-origin-when-cross-origin\" allowfullscreen><\/iframe><\/p>\n<h1>Comment r\u00e9ussir votre reconversion professionnelle ?<\/h1>\n<h2>Faites un bilan de comp\u00e9tences<\/h2>\n<p style=\"text-align: justify;\">Le <a href=\"https:\/\/www.mes-allocs.fr\/guides\/reconversion-professionnelle\/bilan-de-competences\/\">bilan de comp\u00e9tences<\/a> volontaire d&rsquo;un salari\u00e9 qui souhaite faire le point sur sa vie professionnelle actuelle ou souhaite une transition professionnelle. Cette d\u00e9marche n&rsquo;est pas obligatoire, vos employeurs ne peuvent en aucun cas vous forcer \u00e0 le r\u00e9aliser. G\u00e9n\u00e9ralement, la dur\u00e9e d&rsquo;un bilan de comp\u00e9tences est de l&rsquo;ordre de 24h sur 2 \u00e0 3 mois. Cela pendant, ou hors de votre temps de travail.<\/p>\n<p style=\"text-align: justify;\">R\u00e9aliser un bilan de comp\u00e9tence peut vous aider \u00e0 vous poser les bonnes questions, mais \u00e9galement faire le point sur vos motivations.<\/p>\n<h2>\u00c9tudiez et testez votre futur m\u00e9tier<\/h2>\n<p>Avant de commencer votre nouvelle formation professionnelle, il est important de bien se renseigner. Que ce soit sur la dur\u00e9e de formation, ou le salaire \u00e0 la sortie.<\/p>\n<p><strong>Pour tous renseignements vous devez :<\/strong><\/p>\n<ul>\n<li>Lire des fiches m\u00e9tiers<\/li>\n<li>Entrer en contact avec des professionnels<\/li>\n<li>Faire un stage court pour tester un m\u00e9tier<\/li>\n<\/ul>\n<h1><strong>B\u00e9n\u00e9ficiez de la p\u00e9riode de conversion<\/strong><\/h1>\n<h2>Financez votre parcours de formation individualis\u00e9<\/h2>\n<p>La p\u00e9riode de reconversion est un dispositif qui aide un salari\u00e9 \u00e0 changer de poste, que ce soit \u00e0 l\u2019int\u00e9rieur ou \u00e0 l\u2019ext\u00e9rieur de son entreprise. Elle permet d\u2019acqu\u00e9rir :<\/p>\n<ul>\n<li>une certification inscrite au R\u00e9pertoire national des certifications professionnelles (RNCP) ;<\/li>\n<li>un Certificat de Qualification Professionnelle (CQP) de branche ou interbranche ;<\/li>\n<li>un ou plusieurs blocs de comp\u00e9tences.<\/li>\n<\/ul>\n<p>Elle peut aussi permettre d\u2019obtenir le socle de connaissances et de comp\u00e9tences Cl\u00e9A.<\/p>\n<h2>Comment financer votre formation ?<\/h2>\n<p>Plusieurs dispositifs sont en vigueur pour vous soutenir dans votre reconversion, par exemple :<\/p>\n<ul>\n<li>Le cong\u00e9 individuel de formation (CIF)<\/li>\n<li>Le compte personnel de formation (CPF)<\/li>\n<li>L\u2019aide individuelle \u00e0 la formation (AIF)<\/li>\n<\/ul>\n<p>Pour plus de d\u00e9tail sur les dispositifs qui financent les formations, n&rsquo;h\u00e9sitez pas \u00e0 consulter nos autres articles !<\/p>\n<div class='cta-block'><div class='text'>Besoin d&rsquo;aide dans votre reconversion ?<\/div><a href='https:\/\/www.formademia.fr\/coaching' class='app-button fit'>En savoir plus sur notre programme<\/a><\/div>\n","protected":false},"excerpt":{"rendered":"<p>[Mis \u00e0 jour le 04\/03\/2026] En moyenne une personne change de secteur d&rsquo;activit\u00e9 au moins 3 fois dans sa vie. De nombreux dispositifs sous forme p\u00e9cuniaire ou non, sont accessibles. Les villes, elles aussi, d\u00e9veloppent des dispositifs de formation pour vous soutenir dans votre projet de reconversion professionnelle. Mes Allocs vous explique en d\u00e9tail ici. [&hellip;]<\/p>\n","protected":false},"author":10,"featured_media":18433,"comment_status":"open","ping_status":"open","sticky":false,"template":"","format":"standard","meta":{"amp_status":"","footnotes":""},"categories":[5081],"tags":[],"class_list":["post-18427","post","type-post","status-publish","format-standard","has-post-thumbnail","hentry","category-reconversion-professionnelle"],"yoast_head":"<!-- This site is optimized with the Yoast SEO plugin v14.9 - https:\/\/yoast.com\/wordpress\/plugins\/seo\/ -->\n<title>Les aides des villes pour votre reconversion professionnelle<\/title>\n<meta name=\"description\" content=\"La reconversion professionnelle est devenue courante aujourd&#039;hui. Mes Allocs vous explique quelles sont les aides des villes.\" \/>\n<meta name=\"robots\" content=\"index, follow, max-snippet:-1, max-image-preview:large, max-video-preview:-1\" \/>\n<link rel=\"canonical\" href=\"https:\/\/www.mes-allocs.fr\/guides\/reconversion-professionnelle\/reconversion-professionnelle-par-ville\/\" \/>\n<meta property=\"og:locale\" content=\"fr_FR\" \/>\n<meta property=\"og:type\" content=\"article\" \/>\n<meta property=\"og:title\" content=\"Les aides des villes pour votre reconversion professionnelle\" \/>\n<meta property=\"og:description\" content=\"La reconversion professionnelle est devenue courante aujourd&#039;hui. Mes Allocs vous explique quelles sont les aides des villes.\" \/>\n<meta property=\"og:url\" content=\"https:\/\/www.mes-allocs.fr\/guides\/reconversion-professionnelle\/reconversion-professionnelle-par-ville\/\" \/>\n<meta property=\"og:site_name\" content=\"Mes-Allocs.fr\" \/>\n<meta property=\"article:published_time\" content=\"2021-03-25T07:15:45+00:00\" \/>\n<meta property=\"article:modified_time\" content=\"2026-03-04T15:12:12+00:00\" \/>\n<meta property=\"og:image\" content=\"https:\/\/www.mes-allocs.fr\/guides\/wp-content\/uploads\/2021\/01\/pexels-startup-stock-photos-7103-1-e1611244378272.jpg?wsr\" \/>\n\t<meta property=\"og:image:width\" content=\"1280\" \/>\n\t<meta property=\"og:image:height\" content=\"464\" \/>\n<meta name=\"twitter:card\" content=\"summary_large_image\" \/>\n<script type=\"application\/ld+json\" class=\"yoast-schema-graph\">{\"@context\":\"https:\/\/schema.org\",\"@graph\":[{\"@type\":\"WebSite\",\"@id\":\"https:\/\/www.mes-allocs.fr\/guides\/#website\",\"url\":\"https:\/\/www.mes-allocs.fr\/guides\/\",\"name\":\"Mes-Allocs.fr\",\"description\":\"\",\"potentialAction\":[{\"@type\":\"SearchAction\",\"target\":\"https:\/\/www.mes-allocs.fr\/guides\/?s={search_term_string}\",\"query-input\":\"required name=search_term_string\"}],\"inLanguage\":\"fr-FR\"},{\"@type\":\"ImageObject\",\"@id\":\"https:\/\/www.mes-allocs.fr\/guides\/reconversion-professionnelle\/reconversion-professionnelle-par-ville\/#primaryimage\",\"inLanguage\":\"fr-FR\",\"url\":\"https:\/\/www.mes-allocs.fr\/guides\/wp-content\/uploads\/2021\/01\/pexels-startup-stock-photos-7103-1-e1611244378272.jpg?wsr\",\"width\":1280,\"height\":464,\"caption\":\"reconversion professionnelle par ville\"},{\"@type\":\"WebPage\",\"@id\":\"https:\/\/www.mes-allocs.fr\/guides\/reconversion-professionnelle\/reconversion-professionnelle-par-ville\/#webpage\",\"url\":\"https:\/\/www.mes-allocs.fr\/guides\/reconversion-professionnelle\/reconversion-professionnelle-par-ville\/\",\"name\":\"Les aides des villes pour votre reconversion professionnelle\",\"isPartOf\":{\"@id\":\"https:\/\/www.mes-allocs.fr\/guides\/#website\"},\"primaryImageOfPage\":{\"@id\":\"https:\/\/www.mes-allocs.fr\/guides\/reconversion-professionnelle\/reconversion-professionnelle-par-ville\/#primaryimage\"},\"datePublished\":\"2021-03-25T07:15:45+00:00\",\"dateModified\":\"2026-03-04T15:12:12+00:00\",\"author\":{\"@id\":\"https:\/\/www.mes-allocs.fr\/guides\/#\/schema\/person\/8d47b912c0ad15f379df96b4e4e33f58\"},\"description\":\"La reconversion professionnelle est devenue courante aujourd'hui. Mes Allocs vous explique quelles sont les aides des villes.\",\"inLanguage\":\"fr-FR\"},{\"@type\":\"Person\",\"@id\":\"https:\/\/www.mes-allocs.fr\/guides\/#\/schema\/person\/8d47b912c0ad15f379df96b4e4e33f58\",\"name\":\"Constance de Cagny\",\"image\":{\"@type\":\"ImageObject\",\"@id\":\"https:\/\/www.mes-allocs.fr\/guides\/#personlogo\",\"inLanguage\":\"fr-FR\",\"url\":\"https:\/\/www.mes-allocs.fr\/guides\/wp-content\/uploads\/2021\/06\/Constance.2e8ee0b.png\",\"caption\":\"Constance de Cagny\"},\"description\":\"Constance est r\\u00e9dactrice au sein de l'\\u00e9quipe Mes Allocs. Elle a l'habitude d'\\u00e9crire sur les sujets conso, bons plans et \\u00e9conomies. Dipl\\u00f4m\\u00e9e de l'ENACO, elle rejoint Mes Allocs apr\\u00e8s une premi\\u00e8re exp\\u00e9rience en cabinet notarial.\",\"sameAs\":[\"https:\/\/www.linkedin.com\/in\/constance-de-cagny-mayeur-bbb414135\"]}]}<\/script>\n<!-- \/ Yoast SEO plugin. -->","amp_validity":null,"acf":{"faq":{"1":{"question":"Quel m\u00e9tier exercer \u00e0 la campagne ? ","answer":"L'artisanat d'art, le m\u00e9tier artisanal (boulanger, coiffeur, fleuriste, fromagerie, m\u00e9canicien, menuisier, ma\u00e7on, poissonnier, restaurateur de maisons anciennes, teinturier, vannerie, savonnerie\u2026)"},"2":{"question":"Comment se faire financer une formation par la R\u00e9gion ?","answer":"Vous devez d\u00e9poser un dossier de demande de prise en charge au Fongecif de votre r\u00e9gion. Le plan de formation de l'entreprise (PFE). Il permet aux organismes priv\u00e9s et publics de financer les frais de formation de leur salari\u00e9, en CDD ou CDI sans conditions d'anciennet\u00e9, et de les r\u00e9mun\u00e9rer."},"3":{"question":"Quelles aides pour les jeunes en formation ?","answer":"Les aides pour les jeunes en alternance\r\nL'aide mobili-jeune. ...\r\nL'aide financi\u00e8re pour les jeunes apprentis. ...\r\nL'aide personnalis\u00e9e au logement (APL) ...\r\nLoca Pass. ...\r\nLa garantie Visale. ...\r\nLa Garantie jeunes. ...\r\nLe RSA Jeune. ...\r\nL'allocation d'aide au retour \u00e0 l'emploi."},"4":{"question":"Quelle est la dur\u00e9e d'un bilan de comp\u00e9tences ?","answer":"La dur\u00e9e du bilan de comp\u00e9tences est de 24 heures maximum. Ces heures se r\u00e9partissent g\u00e9n\u00e9ralement sur plusieurs semaines."},"5":{"question":"Quel salaire en reconversion ?","answer":"Si le salaire est sup\u00e9rieur \u00e0 deux Smic, la r\u00e9mun\u00e9ration est maintenue \u00e0 90 % pour les formations s'\u00e9talant sur une ann\u00e9e (ou d'une dur\u00e9e de 1 200 heures pour les formations discontinues ou \u00e0 temps partiel), \u00e0 60 % pour les ann\u00e9es suivantes ou \u00e0 partir de la 1201e heure."},"6":{"question":"Comment se servir de son CPF ?","answer":"Le compte personnel de formation (CPF) est utilisable par tout salari\u00e9, tout au long de sa vie active, y compris en p\u00e9riode de ch\u00f4mage, pour suivre une formation qualifiante ou certifiante. Le CPF a remplac\u00e9 le droit individuel \u00e0 la formation (Dif). Les salari\u00e9s ne perdent pas les heures acquises au titre du Dif."},"7":{"question":"","answer":""},"8":{"question":"","answer":""},"9":{"question":"","answer":""},"10":{"question":"","answer":""},"11":{"question":"","answer":""},"12":{"question":"","answer":""},"13":{"question":"","answer":""},"14":{"question":"","answer":""},"15":{"question":"","answer":""},"16":{"question":"","answer":""}}},"_links":{"self":[{"href":"https:\/\/www.mes-allocs.fr\/guides\/wp-json\/wp\/v2\/posts\/18427","targetHints":{"allow":["GET"]}}],"collection":[{"href":"https:\/\/www.mes-allocs.fr\/guides\/wp-json\/wp\/v2\/posts"}],"about":[{"href":"https:\/\/www.mes-allocs.fr\/guides\/wp-json\/wp\/v2\/types\/post"}],"author":[{"embeddable":true,"href":"https:\/\/www.mes-allocs.fr\/guides\/wp-json\/wp\/v2\/users\/10"}],"replies":[{"embeddable":true,"href":"https:\/\/www.mes-allocs.fr\/guides\/wp-json\/wp\/v2\/comments?post=18427"}],"version-history":[{"count":20,"href":"https:\/\/www.mes-allocs.fr\/guides\/wp-json\/wp\/v2\/posts\/18427\/revisions"}],"predecessor-version":[{"id":110101,"href":"https:\/\/www.mes-allocs.fr\/guides\/wp-json\/wp\/v2\/posts\/18427\/revisions\/110101"}],"wp:featuredmedia":[{"embeddable":true,"href":"https:\/\/www.mes-allocs.fr\/guides\/wp-json\/wp\/v2\/media\/18433"}],"wp:attachment":[{"href":"https:\/\/www.mes-allocs.fr\/guides\/wp-json\/wp\/v2\/media?parent=18427"}],"wp:term":[{"taxonomy":"category","embeddable":true,"href":"https:\/\/www.mes-allocs.fr\/guides\/wp-json\/wp\/v2\/categories?post=18427"},{"taxonomy":"post_tag","embeddable":true,"href":"https:\/\/www.mes-allocs.fr\/guides\/wp-json\/wp\/v2\/tags?post=18427"}],"curies":[{"name":"wp","href":"https:\/\/api.w.org\/{rel}","templated":true}]}}