{"id":18406,"date":"2021-03-29T14:58:04","date_gmt":"2021-03-29T14:58:04","guid":{"rendered":"https:\/\/www.mes-allocs.fr\/guides\/?p=18406"},"modified":"2026-03-04T15:05:09","modified_gmt":"2026-03-04T14:05:09","slug":"reconversion-professionnelle-pole-emploi","status":"publish","type":"post","link":"https:\/\/www.mes-allocs.fr\/guides\/reconversion-professionnelle\/reconversion-professionnelle-pole-emploi\/","title":{"rendered":"Quelles sont les aides de France Travail pour une reconversion professionnelle"},"content":{"rendered":"<p><a href=\"https:\/\/www.mes-allocs.fr\/guides\/wp-content\/uploads\/2021\/01\/pexels-thisisengineering-3862370.jpg\"><img loading=\"lazy\" decoding=\"async\" class=\"aligncenter wp-image-18454 \" title=\"reconversion professionnelle pole emploi\" src=\"https:\/\/www.mes-allocs.fr\/guides\/wp-content\/uploads\/2021\/01\/pexels-thisisengineering-3862370-e1611314228301-1024x384.jpg\" alt=\"reconversion professionnelle pole emploi\" width=\"1448\" height=\"543\" srcset=\"https:\/\/www.mes-allocs.fr\/guides\/wp-content\/uploads\/2021\/01\/pexels-thisisengineering-3862370-e1611314228301-1024x384.jpg 1024w, https:\/\/www.mes-allocs.fr\/guides\/wp-content\/uploads\/2021\/01\/pexels-thisisengineering-3862370-e1611314228301-300x113.jpg 300w, https:\/\/www.mes-allocs.fr\/guides\/wp-content\/uploads\/2021\/01\/pexels-thisisengineering-3862370-e1611314228301-768x288.jpg 768w, https:\/\/www.mes-allocs.fr\/guides\/wp-content\/uploads\/2021\/01\/pexels-thisisengineering-3862370-e1611314228301-600x225.jpg 600w, https:\/\/www.mes-allocs.fr\/guides\/wp-content\/uploads\/2021\/01\/pexels-thisisengineering-3862370-e1611314228301.jpg 1280w\" sizes=\"auto, (max-width: 1448px) 100vw, 1448px\" \/><\/a><\/p>\n<p style=\"text-align: justify;\">[Mis \u00e0 jour le 04\/03\/2026] La reconversion professionnelle ainsi que la recherche de comp\u00e9tences nouvelles sont des choses de plus en plus courantes. Le salari\u00e9 souhaite avant tout un \u00e9panouissement professionnel et acqu\u00e9rir des comp\u00e9tences qui correspondent \u00e0 ses envies. C&rsquo;est pourquoi France Travail a mis en place un certain nombre de dispositifs pour vous aider. Mes Allocs vous explique comment France Travail vous aide dans votre <a href=\"https:\/\/www.mes-allocs.fr\/guides\/reconversion-professionnelle\/\">reconversion professionnelle<\/a>.<\/p>\n<div class='cta-block'><div class='text'>Besoin d\u2019aide dans votre reconversion ?<\/div><a href='https:\/\/www.formademia.fr\/formulaire\/coaching' class='app-button fit'>Simuler mon \u00e9ligibilit\u00e9 au coaching<\/a><\/div>\n<h1>Quelles sont les aides de France Travail pour se reconvertir ?<\/h1>\n<p>France Travail a mis en place un certain nombre d&rsquo;<a href=\"https:\/\/www.mes-allocs.fr\/guides\/reconversion-professionnelle\/aide-reconversion-professionnelle\/\">aides \u00e0 la reconversion professionnelle<\/a> pour les demandeurs d&rsquo; emploi. Cela permet d&rsquo;\u00eatre accompagn\u00e9 via un parcours bien pr\u00e9cis pour un retour sur le march\u00e9 du travail.<\/p>\n<p><strong>Ainsi, gr\u00e2ce \u00e0 France Travail, vous pourrez :<\/strong><\/p>\n<ul>\n<li style=\"text-align: justify;\">Faire un bilan personnel, faire le point sur votre situation et \u00e9tablir un projet de reconversion professionnelle r\u00e9el et s\u00e9rieux valid\u00e9 par France Travail.<\/li>\n<li style=\"text-align: justify;\">Faire une \u00e9valuation des comp\u00e9tences et capacit\u00e9s professionnelles (ECCP) qui permet d\u2019\u00e9valuer les points sur lesquels vous avez besoin des formations compl\u00e9mentaires, pour mener \u00e0 bien votre projet de reconversion ;<\/li>\n<li style=\"text-align: justify;\">Rechercher des financements, utilisation de votre CPF pour financer votre formation de reconversion, recherche d\u2019alternance, ou cr\u00e9ation d\u2019entreprise. France Travail vous donnera tous les conseils en \u00e9volution professionnelle.<\/li>\n<\/ul>\n<h2>Quelle est la proc\u00e9dure ?<\/h2>\n<p style=\"text-align: justify;\">Dans un premier temps vous b\u00e9n\u00e9ficiez d&rsquo;un accompagnement par un conseiller France Travail. G\u00e9n\u00e9ralement l&rsquo;accompagnement se d\u00e9roule en ligne jusqu&rsquo;\u00e0 l&rsquo;obtention d&rsquo;un rendez-vous. Selon la r\u00e9gion, la ville ou vous habitez, le d\u00e9lai de rendez-vous peut \u00eatre plus ou moins long.<\/p>\n<p style=\"text-align: justify;\">Notez que France Travail met \u00e0 disposition des tutos pour r\u00e9ussir ses d\u00e9marches de reconversion professionnelle.<\/p>\n<h3>Le premier entretien<\/h3>\n<p><strong>Lors de votre premier entretien, un certain nombre de questions vous sera pos\u00e9 :<\/strong><\/p>\n<ul>\n<li>Pourquoi envisager une reconversion ?<\/li>\n<li>Quelles sont vos ambitions\/motivations ?<\/li>\n<li>Quel sera l&rsquo;impact sur votre vie professionnelle et personnelle<\/li>\n<\/ul>\n<p>Il y a beaucoup d&rsquo; avantages \u00e0 se faire aider par France Travail pour une reconversion professionnelle. Comme les ateliers qui sont simples d&rsquo;acc\u00e8s pour tous les profils.<\/p>\n<h3>L&rsquo;Atelier ECCP<\/h3>\n<p style=\"text-align: justify;\">Une fois que vous aurez r\u00e9pondu \u00e0 toutes les questions pos\u00e9es, vous pourrez suivre une ECCP, c&rsquo;est-\u00e0-dire une \u00e9valuation des comp\u00e9tences et connaissances professionnelles. Il s&rsquo;agit d&rsquo;un atelier d&rsquo;une demi-journ\u00e9e qui s&rsquo;articule en 3 phases pour apprendre \u00e0 s&rsquo;auto\u00e9valuer.<\/p>\n<p><iframe loading=\"lazy\" title=\"La reconversion professionnelle\" width=\"500\" height=\"281\" src=\"https:\/\/www.youtube.com\/embed\/EiVUthswxl0?feature=oembed\" frameborder=\"0\" allow=\"accelerometer; autoplay; clipboard-write; encrypted-media; gyroscope; picture-in-picture; web-share\" referrerpolicy=\"strict-origin-when-cross-origin\" allowfullscreen><\/iframe><\/p>\n<h2 data-test=\"titre-page\">Le conseil en \u00e9volution professionnelle (CEP)<\/h2>\n<h3>Un dispositif d&rsquo;accompagnement<\/h3>\n<p style=\"text-align: justify;\">Il s&rsquo;agit d&rsquo;un dispositif d&rsquo;accompagnement enti\u00e8rement gratuit et personnalis\u00e9 pour toutes les personnes qui souhaite faire un point sur sa situation professionnelle. Il permet d&rsquo;\u00e9tablir un plan de reconversion d&rsquo;une activit\u00e9 salari\u00e9e continue, de cr\u00e9ation ou de reprise d&rsquo;activit\u00e9.<\/p>\n<p style=\"text-align: justify;\"><strong>Selon votre situation il peut \u00eatre effectu\u00e9 par :<\/strong><\/p>\n<ul>\n<li style=\"text-align: justify;\">France Travail<\/li>\n<li style=\"text-align: justify;\">Association pour l&#8217;emploi des cadres (Apec)<\/li>\n<li style=\"text-align: justify;\">Mission locale<\/li>\n<li style=\"text-align: justify;\">CAP emploi (pour les personnes en situation de handicap)<\/li>\n<li>Op\u00e9rateur r\u00e9gional choisi par France comp\u00e9tences<\/li>\n<\/ul>\n<p>Si vous \u00eates salari\u00e9, vous pouvez directement demander \u00e0 votre employeur de r\u00e9aliser un CEP en prenant rendez-vous avec l&rsquo;Apec si vous \u00eates cadre. Si vous \u00eates salari\u00e9 hors agents publics, il faut prendre rendez-vous avec un des op\u00e9rateurs r\u00e9gionaux choisis par France comp\u00e9tences.<\/p>\n<h3><strong>Qui peut en b\u00e9n\u00e9ficier ?<\/strong><\/h3>\n<p><strong>Ce dispositif gratuit est accessible \u00e0 tous les actifs, \u00e0 savoir :<\/strong><\/p>\n<ul>\n<li>Salari\u00e9 du secteur priv\u00e9<\/li>\n<li>Agent du secteur public<\/li>\n<li>Travailleur ind\u00e9pendant<\/li>\n<li>Personne en recherche d&#8217;emploi<\/li>\n<li>Artisan<\/li>\n<li>Profession lib\u00e9rale<\/li>\n<li>Auto-entrepreneur<\/li>\n<li>Jeune sorti du syst\u00e8me scolaire sans qualification, ni dipl\u00f4me<\/li>\n<\/ul>\n<div class='shortcode read-more'><div class='title'>En savoir plus<\/div><div class='content'>Le CEP est aussi accessible si vous \u00eates retrait\u00e9 et \u00e9tudiant occupant ou recherche d&#8217;emploi.<\/div><\/div>\n<div class='cta-block'><div class='text'>Besoin d\u2019aide dans votre reconversion ?<\/div><a href='https:\/\/www.formademia.fr\/formulaire\/coaching' class='app-button fit'>Simuler mon \u00e9ligibilit\u00e9 au coaching<\/a><\/div>\n<h1>Le financement des formations par France Travail<\/h1>\n<p>En r\u00e8gle g\u00e9n\u00e9ral France Travail fait des recherches de financement de formation aupr\u00e8s du Conseil R\u00e9gional, puis au niveau des collectivit\u00e9s locales. En cas de sous-financement ou d\u2019absence de financement. Le demandeur d\u2019emploi en reconversion peut demander une aide individuelle de formation, accord\u00e9e sur dossier.<\/p>\n<p>Le probl\u00e8me\u00a0 de financement vient principalement du fait que les <strong>m\u00e9tiers en tension<\/strong>, autrement dit les m\u00e9tiers qui r\u00e9pondent aux besoins des entreprises et des consommateurs, changent selon les r\u00e9gions, les d\u00e9partements, des communes et du tissu \u00e9conomique local.<\/p>\n<h2>Assurance ch\u00f4mage et reconversion professionnelle<\/h2>\n<p>Depuis le 1er novembre 2019 il est possible de b\u00e9n\u00e9ficier de l&rsquo; allocation ch\u00f4mage. M\u00eame apr\u00e8s une rupture de votre contrat de travail \u00e0 votre initiative cela pour entreprendre une reconversion professionnelle. <strong>L\u2019allocation de retour \u00e0 l\u2019emploi (ARE)<\/strong>\u00a0devient ainsi une v\u00e9ritable\u00a0<strong>allocation de reconversion professionnelle. <\/strong>\u00a0Car elle permet aux candidats et aux candidates de financer leur projet de reconversion de diverses mani\u00e8res.<\/p>\n<h2>Les stages de reconversion propos\u00e9s par France Travail<\/h2>\n<p>France Travail accompagne aussi bien les actifs que les demandeurs d\u2019emploi qui souhaitent changer de m\u00e9tier, cela en leur proposant des <strong>immersions professionnelles dans des entreprises<\/strong>, qui font office de v\u00e9ritables \u00ab stages de reconversion \u00bb France Travail puisque lors de ces immersions, les candidats peuvent d\u00e9couvrir un m\u00e9tier, une entreprise et affiner ainsi leur projet de reconversion professionnelle. Deux situations :<\/p>\n<ul>\n<li>Soit vous \u00eates demandeur d\u2019emploi. Dans ce cas ces stages de reconversion France Travail s\u2019inscrivent dans le parcours de retour sur le march\u00e9 du travail ;<\/li>\n<li>Soit vous \u00eates salari\u00e9. Dans ce cas, il faut \u00eatre inscrit dans une d\u00e9marche de conseil en \u00e9volution professionnelle, qui permet de pr\u00e9parer une op\u00e9ration de d\u00e9mission-reconversion.<\/li>\n<\/ul>\n<p>Prenez <a href=\"https:\/\/www.formademia.fr\/formulaire\/coaching\">rendez-vous avec un conseiller Mes Allocs<\/a> pour r\u00e9aliser votre reconversion professionnelle !<\/p>\n<h1>Qu&rsquo;est-ce que la franchise ?<\/h1>\n<h2>D\u00e9finition de la franchise<\/h2>\n<p>La franchise est une opportunit\u00e9 de reconversion lorsque l&rsquo;on est au ch\u00f4mage. Pr\u00e8s de 90% des enseignes qui se sont d\u00e9velopp\u00e9es en franchise ont mis en place une formation\u00a0 destin\u00e9e \u00e0 transmettre aux franchis\u00e9s :<\/p>\n<ul>\n<li>Les comp\u00e9tences relatives au m\u00e9tier de l\u2019enseigne<\/li>\n<li>Les comp\u00e9tences relatives \u00e0 la gestion d\u2019une entreprise<\/li>\n<li>Une exp\u00e9rience du terrain.<\/li>\n<\/ul>\n<h2>Combien co\u00fbte la cr\u00e9ation une franchise ?<\/h2>\n<p>N\u00e9anmoins cr\u00e9er une franchise repr\u00e9sente un co\u00fbt financier. Pr\u00e8s de 10.000 \u20ac voir plus selon le secteur d&rsquo;activit\u00e9.<\/p>\n<p><strong>En revanche :\u00a0<\/strong><\/p>\n<ul>\n<li>Les demandeurs d\u2019emploi peuvent continuer de\u00a0percevoir leur ARE\u00a0m\u00eame apr\u00e8s avoir cr\u00e9\u00e9 leur entreprise, sous certaines conditions ;<\/li>\n<li>Ils peuvent \u00e9galement demander \u00e0 percevoir 60% de leurs droits au ch\u00f4mage sous forme de capital. Une partie de ce capital peut alors servir d\u2019apport personnel ou augmenter l\u2019apport personnel. Cela permet de faciliter le financement du projet.<\/li>\n<\/ul>\n<p class=\"p1\"><div class='cta-block'><div class='text'>Besoin d\u2019aide dans votre reconversion ?<\/div><a href='https:\/\/www.formademia.fr\/formulaire\/coaching' class='app-button fit'>Simuler mon \u00e9ligibilit\u00e9 au coaching<\/a><\/div><\/p>\n","protected":false},"excerpt":{"rendered":"<p>[Mis \u00e0 jour le 04\/03\/2026] La reconversion professionnelle ainsi que la recherche de comp\u00e9tences nouvelles sont des choses de plus en plus courantes. Le salari\u00e9 souhaite avant tout un \u00e9panouissement professionnel et acqu\u00e9rir des comp\u00e9tences qui correspondent \u00e0 ses envies. C&rsquo;est pourquoi France Travail a mis en place un certain nombre de dispositifs pour vous [&hellip;]<\/p>\n","protected":false},"author":7,"featured_media":18454,"comment_status":"open","ping_status":"open","sticky":false,"template":"","format":"standard","meta":{"amp_status":"","footnotes":""},"categories":[5081],"tags":[],"class_list":["post-18406","post","type-post","status-publish","format-standard","has-post-thumbnail","hentry","category-reconversion-professionnelle"],"yoast_head":"<!-- This site is optimized with the Yoast SEO plugin v14.9 - https:\/\/yoast.com\/wordpress\/plugins\/seo\/ -->\n<title>Les aides de France Travail pour une reconversion professionnelle<\/title>\n<meta name=\"description\" content=\"France Travail a mis en place des dispositifs qui peuvent vous aider dans votre reconversion professionnelle. Mes Allocs vous explique.\" \/>\n<meta name=\"robots\" content=\"index, follow, max-snippet:-1, max-image-preview:large, max-video-preview:-1\" \/>\n<link rel=\"canonical\" href=\"https:\/\/www.mes-allocs.fr\/guides\/reconversion-professionnelle\/reconversion-professionnelle-pole-emploi\/\" \/>\n<meta property=\"og:locale\" content=\"fr_FR\" \/>\n<meta property=\"og:type\" content=\"article\" \/>\n<meta property=\"og:title\" content=\"Les aides de France Travail pour une reconversion professionnelle\" \/>\n<meta property=\"og:description\" content=\"France Travail a mis en place des dispositifs qui peuvent vous aider dans votre reconversion professionnelle. Mes Allocs vous explique.\" \/>\n<meta property=\"og:url\" content=\"https:\/\/www.mes-allocs.fr\/guides\/reconversion-professionnelle\/reconversion-professionnelle-pole-emploi\/\" \/>\n<meta property=\"og:site_name\" content=\"Mes-Allocs.fr\" \/>\n<meta property=\"article:published_time\" content=\"2021-03-29T14:58:04+00:00\" \/>\n<meta property=\"article:modified_time\" content=\"2026-03-04T14:05:09+00:00\" \/>\n<meta property=\"og:image\" content=\"https:\/\/www.mes-allocs.fr\/guides\/wp-content\/uploads\/2021\/01\/pexels-thisisengineering-3862370-e1611314228301.jpg?wsr\" \/>\n\t<meta property=\"og:image:width\" content=\"1280\" \/>\n\t<meta property=\"og:image:height\" content=\"480\" \/>\n<meta name=\"twitter:card\" content=\"summary_large_image\" \/>\n<script type=\"application\/ld+json\" class=\"yoast-schema-graph\">{\"@context\":\"https:\/\/schema.org\",\"@graph\":[{\"@type\":\"WebSite\",\"@id\":\"https:\/\/www.mes-allocs.fr\/guides\/#website\",\"url\":\"https:\/\/www.mes-allocs.fr\/guides\/\",\"name\":\"Mes-Allocs.fr\",\"description\":\"\",\"potentialAction\":[{\"@type\":\"SearchAction\",\"target\":\"https:\/\/www.mes-allocs.fr\/guides\/?s={search_term_string}\",\"query-input\":\"required name=search_term_string\"}],\"inLanguage\":\"fr-FR\"},{\"@type\":\"ImageObject\",\"@id\":\"https:\/\/www.mes-allocs.fr\/guides\/reconversion-professionnelle\/reconversion-professionnelle-pole-emploi\/#primaryimage\",\"inLanguage\":\"fr-FR\",\"url\":\"https:\/\/www.mes-allocs.fr\/guides\/wp-content\/uploads\/2021\/01\/pexels-thisisengineering-3862370-e1611314228301.jpg?wsr\",\"width\":1280,\"height\":480,\"caption\":\"reconversion professionnelle pole emploi\"},{\"@type\":\"WebPage\",\"@id\":\"https:\/\/www.mes-allocs.fr\/guides\/reconversion-professionnelle\/reconversion-professionnelle-pole-emploi\/#webpage\",\"url\":\"https:\/\/www.mes-allocs.fr\/guides\/reconversion-professionnelle\/reconversion-professionnelle-pole-emploi\/\",\"name\":\"Les aides de France Travail pour une reconversion professionnelle\",\"isPartOf\":{\"@id\":\"https:\/\/www.mes-allocs.fr\/guides\/#website\"},\"primaryImageOfPage\":{\"@id\":\"https:\/\/www.mes-allocs.fr\/guides\/reconversion-professionnelle\/reconversion-professionnelle-pole-emploi\/#primaryimage\"},\"datePublished\":\"2021-03-29T14:58:04+00:00\",\"dateModified\":\"2026-03-04T14:05:09+00:00\",\"author\":{\"@id\":\"https:\/\/www.mes-allocs.fr\/guides\/#\/schema\/person\/1c4837d5703727cb02ce84583b5a44aa\"},\"description\":\"France Travail a mis en place des dispositifs qui peuvent vous aider dans votre reconversion professionnelle. Mes Allocs vous explique.\",\"inLanguage\":\"fr-FR\"},{\"@type\":\"Person\",\"@id\":\"https:\/\/www.mes-allocs.fr\/guides\/#\/schema\/person\/1c4837d5703727cb02ce84583b5a44aa\",\"name\":\"Fabiola\",\"image\":{\"@type\":\"ImageObject\",\"@id\":\"https:\/\/www.mes-allocs.fr\/guides\/#personlogo\",\"inLanguage\":\"fr-FR\",\"url\":\"https:\/\/www.mes-allocs.fr\/guides\/wp-content\/uploads\/2021\/06\/fabiola-150x150.png\",\"caption\":\"Fabiola\"},\"description\":\"Fabiola est r\\u00e9dactrice au sein de l'\\u00e9quipe Mes Allocs, sp\\u00e9cialis\\u00e9e en sciences politiques et affaires publiques. Dipl\\u00f4m\\u00e9e de l'HEIP, elle rejoint Mes Allocs apr\\u00e8s une premi\\u00e8re exp\\u00e9rience \\u00e0 l'Assembl\\u00e9e Nationale.\",\"sameAs\":[\"https:\/\/www.linkedin.com\/in\/cecilia-philippe-b-8a8085195\"]}]}<\/script>\n<!-- \/ Yoast SEO plugin. -->","amp_validity":null,"acf":{"faq":{"1":{"question":"Qu'est-ce que le CEP ? ","answer":"Le conseil en \u00e9volution professionnelle (CEP) est un dispositif d'accompagnement gratuit et personnalis\u00e9 propos\u00e9 \u00e0 toute personne souhaitant faire le point sur sa situation professionnelle"},"2":{"question":"Comment s'inscrire comme demandeur d'emploi ?","answer":"Sur la page d'accueil cliquez sur le lien \u00ab m'inscrire\/me r\u00e9inscrire \u00bb dans la rubrique \"Candidat\". En compl\u00e9tant le formulaire en ligne, votre espace personnel sera automatiquement cr\u00e9\u00e9 et vous permettra d'acc\u00e9der \u00e0 un ensemble de services et d'informations personnalis\u00e9es accessibles 24H\/24."},"3":{"question":"Comment France Travail compl\u00e8te le salaire ?","answer":"Chaque mois, France Travail calcule les allocations \u00e0 verser en fonction du revenu procur\u00e9 par votre nouvelle activit\u00e9. ... 70 % de votre revenu mensuel brut est d\u00e9duit du montant de votre allocation mensuelle (pour un mois complet sans activit\u00e9)"},"4":{"question":"Qu'est-ce que l'ARE ? ","answer":"L'allocation d'aide au retour \u00e0 l'emploi (ARE) est un revenu de remplacement vers\u00e9 par France Travail, sous certaines conditions, aux personnes inscrites comme demandeurs d'emploi et involontairement priv\u00e9s d'emploi."},"5":{"question":"Quel est le montant minimum de l'ARE ?","answer":"Le montant minimum net de l'Allocation de Retour \u00e0 l'Emploi (ARE) en 2026 est de 31,97 \u20ac par jour."},"6":{"question":"Quelle est la dur\u00e9e de l'indemnisation ch\u00f4mage ?","answer":"La dur\u00e9e de vos allocations ne peut pas d\u00e9passer : 730 jours (24 mois) si vous avez moins de 53 ans \u00e0 la date de fin de votre contrat de travail "},"7":{"question":"","answer":""},"8":{"question":"","answer":""},"9":{"question":"","answer":""},"10":{"question":"","answer":""},"11":{"question":"","answer":""},"12":{"question":"","answer":""},"13":{"question":"","answer":""},"14":{"question":"","answer":""},"15":{"question":"","answer":""},"16":{"question":"","answer":""}}},"_links":{"self":[{"href":"https:\/\/www.mes-allocs.fr\/guides\/wp-json\/wp\/v2\/posts\/18406","targetHints":{"allow":["GET"]}}],"collection":[{"href":"https:\/\/www.mes-allocs.fr\/guides\/wp-json\/wp\/v2\/posts"}],"about":[{"href":"https:\/\/www.mes-allocs.fr\/guides\/wp-json\/wp\/v2\/types\/post"}],"author":[{"embeddable":true,"href":"https:\/\/www.mes-allocs.fr\/guides\/wp-json\/wp\/v2\/users\/7"}],"replies":[{"embeddable":true,"href":"https:\/\/www.mes-allocs.fr\/guides\/wp-json\/wp\/v2\/comments?post=18406"}],"version-history":[{"count":27,"href":"https:\/\/www.mes-allocs.fr\/guides\/wp-json\/wp\/v2\/posts\/18406\/revisions"}],"predecessor-version":[{"id":110062,"href":"https:\/\/www.mes-allocs.fr\/guides\/wp-json\/wp\/v2\/posts\/18406\/revisions\/110062"}],"wp:featuredmedia":[{"embeddable":true,"href":"https:\/\/www.mes-allocs.fr\/guides\/wp-json\/wp\/v2\/media\/18454"}],"wp:attachment":[{"href":"https:\/\/www.mes-allocs.fr\/guides\/wp-json\/wp\/v2\/media?parent=18406"}],"wp:term":[{"taxonomy":"category","embeddable":true,"href":"https:\/\/www.mes-allocs.fr\/guides\/wp-json\/wp\/v2\/categories?post=18406"},{"taxonomy":"post_tag","embeddable":true,"href":"https:\/\/www.mes-allocs.fr\/guides\/wp-json\/wp\/v2\/tags?post=18406"}],"curies":[{"name":"wp","href":"https:\/\/api.w.org\/{rel}","templated":true}]}}