{"id":18397,"date":"2021-03-29T15:06:12","date_gmt":"2021-03-29T15:06:12","guid":{"rendered":"https:\/\/www.mes-allocs.fr\/guides\/?p=18397"},"modified":"2026-03-04T16:30:40","modified_gmt":"2026-03-04T15:30:40","slug":"changer-de-carriere","status":"publish","type":"post","link":"https:\/\/www.mes-allocs.fr\/guides\/reconversion-professionnelle\/changer-de-carriere\/","title":{"rendered":"Comment changer de carri\u00e8re professionnelle ?"},"content":{"rendered":"<p><a href=\"https:\/\/www.mes-allocs.fr\/guides\/wp-content\/uploads\/2021\/01\/people-discussion-5069845_1280.jpg\"><img loading=\"lazy\" decoding=\"async\" class=\"aligncenter wp-image-18401 size-large\" title=\"changer de carri\u00e8re\" src=\"https:\/\/www.mes-allocs.fr\/guides\/wp-content\/uploads\/2021\/01\/people-discussion-5069845_1280-e1611211380299-1024x455.jpg\" alt=\"changer de carri\u00e8re\" width=\"1024\" height=\"455\" \/><\/a><\/p>\n<p style=\"text-align: justify;\">[Mis \u00e0 jour le 04\/03\/2026] Aujourd&rsquo;hui, les carri\u00e8res professionnelles ne sont plus lin\u00e9aires. Vouloir changer de m\u00e9tier actuel ou bien envisager une reconversion apr\u00e8s un licenciement&#8230;les motifs sont de plus en plus nombreux. Mes Allocs vous explique comment r\u00e9ussir votre <a href=\"https:\/\/www.mes-allocs.fr\/guides\/reconversion-professionnelle\/\">reconversion professionnelle <\/a>pour <strong>changer de carri\u00e8re<\/strong> !<\/p>\n<div class='cta-block'><div class='text'>Besoin d\u2019aide dans votre reconversion ?<\/div><a href='https:\/\/www.formademia.fr\/formulaire\/coaching' class='app-button fit'>Simuler mon \u00e9ligibilit\u00e9 au coaching<\/a><\/div>\n<h1>Comment r\u00e9ussir votre reconversion professionnelle ?<\/h1>\n<p>Vous avez envie de changer de voie ? Mes Allocs vous explique \u00e9tape par \u00e9tape comment changer de carri\u00e8re professionnelle et r\u00e9ussir.<\/p>\n<h2>Faites un point sur votre situation<\/h2>\n<p style=\"text-align: justify;\">Dans un premier temps, examinez la situation, pourquoi envisagez-vous une reconversion professionnelle ? Qu&rsquo;est-ce qui ne vous convient plus avec le poste que vous occupez actuellement ? Mais demandez-vous \u00e9galement ce qui vous plait, quel contexte vous convient le mieux. Sachez, qu&rsquo;il est tout \u00e0 fait possible de <a href=\"https:\/\/www.mes-allocs.fr\/guides\/reconversion-professionnelle\/changer-de-carriere\/changer-de-carriere-selon-age\/\">changer de carri\u00e8re selon votre \u00e2ge<\/a>, cela ne doit pas vous arr\u00eater.<\/p>\n<p><strong>Exemple de questions \u00e0 vous poser :<\/strong><\/p>\n<ul>\n<li>Pourquoi ma situation professionnelle m\u2019est p\u00e9nible aujourd\u2019hui ?<\/li>\n<li>Quel est mon type d\u2019activit\u00e9 id\u00e9al ?<\/li>\n<li>Quelles sont mes comp\u00e9tences ?<\/li>\n<li>Quelles sont mes envies et mes besoins ?<\/li>\n<li>Quelle cat\u00e9gorie de m\u00e9tiers m\u2019int\u00e9resse ?<\/li>\n<li>Est-elle pourvoyeuse de postes actuellement ?<\/li>\n<li>Quels sont les secteurs d\u2019activit\u00e9 en tension ?<\/li>\n<\/ul>\n<p><iframe loading=\"lazy\" title=\"La reconversion professionnelle\" width=\"500\" height=\"281\" src=\"https:\/\/www.youtube.com\/embed\/EiVUthswxl0?feature=oembed\" frameborder=\"0\" allow=\"accelerometer; autoplay; clipboard-write; encrypted-media; gyroscope; picture-in-picture; web-share\" referrerpolicy=\"strict-origin-when-cross-origin\" allowfullscreen><\/iframe><\/p>\n<h2>Faites un bilan de comp\u00e9tences<\/h2>\n<p style=\"text-align: justify;\">Un <a href=\"https:\/\/www.mes-allocs.fr\/guides\/reconversion-professionnelle\/bilan-de-competences\/\">bilan de comp\u00e9tences<\/a> vous permet de faire le point sur le votre vie professionnelle et personnelle. Que vous ayez 10, ou 15 ans d&rsquo;exp\u00e9rience. D\u00e9terminer vos envies et vos motivations. Cela dans le but d&rsquo;envisager un projet professionnel r\u00e9ussi.<\/p>\n<p style=\"text-align: justify;\">Il s&rsquo;agit d&rsquo;un outil d&rsquo;\u00e9valuation qui permet \u00e0 chacun d\u2019\u00eatre accompagn\u00e9 par un professionnel pour faire le point sur votre exp\u00e9rience professionnelle. Mais \u00e9galement sur ce qui vous int\u00e9resse et vous donner des pistes de ce que vous pourrez faire.<\/p>\n<p style=\"text-align: justify;\">Si vous souhaitez r\u00e9aliser ce bilan, ce dernier est \u00e0 faire dans un centre agr\u00e9\u00e9. De pr\u00e9f\u00e9rence dans une zone g\u00e9ographique proche de votre lieu de travail et votre domicile. Il doit \u00eatre demand\u00e9 \u00e0 votre initiative. Si vous souhaitez le faire pendant votre temps de travail, vous devrez demander un cong\u00e9 sp\u00e9cifique, mais ne perdrez pas votre r\u00e9mun\u00e9ration.<\/p>\n<p style=\"text-align: justify;\">En revanche, si vous l&rsquo;effectuez en dehors de vos heures de travail, vous n&rsquo;\u00eates pas oblig\u00e9 d&rsquo;en avertir votre employeur.<\/p>\n<h2>Informez-vous sur les secteurs qui recrutent<\/h2>\n<p style=\"text-align: justify;\">Nous vivons dans un monde digital, il est de plus en plus facile de se renseigner facilement. Les supports de communication sont vari\u00e9s et elles touchent \u00e0 tous les sujets. Les m\u00e9tiers, les parcours de formations, les d\u00e9bouch\u00e9s, le march\u00e9 de l\u2019emploi.<\/p>\n<p style=\"text-align: justify;\">Il existe certains sites internet tels que www.jemereconvertis.fr ou www.toutpourchanger.com. Les sites des Conseils r\u00e9gionaux regorgent \u00e9galement d&rsquo;informations !<\/p>\n<p style=\"text-align: justify;\">France Travail de son c\u00f4t\u00e9 permet la r\u00e9alisation de stage. Afin de vous faire d\u00e9couvrir un m\u00e9tier et de valider ou non votre projet PMSMP (p\u00e9riode de mise en situation en milieu professionnel).<\/p>\n<h2>Lisez des t\u00e9moignages<\/h2>\n<p>Pour vous aider \u00e0 concr\u00e9tiser votre projet, il est toujours judicieux de lire des t\u00e9moignages de personnes ayant d\u00e9j\u00e0 entrepris une reconversion professionnelle. Cela peut aider \u00e0 se poser les bonnes questions et \u00e0 appr\u00e9hender les emb\u00fbches qui pars\u00e8ment les chemins de la reconversion !<\/p>\n<h2>Testez le m\u00e9tier qui vous int\u00e9resse<\/h2>\n<p style=\"text-align: justify;\">Aujourd\u2019hui il existe des organismes qui proposent aux candidats de d\u00e9couvrir les conditions r\u00e9elles de l\u2019exercice d\u2019un m\u00e9tier. Comment ? En testant un m\u00e9tier dans une entreprise pendant quelques jours, aupr\u00e8s d\u2019un professionnel. Un bon moyen de vous confronter au quotidien d\u2019un m\u00e9tier et de v\u00e9rifier qu\u2019il vous convient vraiment !<\/p>\n<h2>R\u00e9fl\u00e9chissez au financement de votre reconversion professionnelle<\/h2>\n<p style=\"text-align: justify;\">Une reconversion professionnelle repr\u00e9sente un certain co\u00fbt. Avant de se lancer, il faut s\u2019assurer un minimum de ressources financi\u00e8res. Cela peut se faire par le biais d\u2019une allocation-ch\u00f4mage, d\u2019une allocation formation, d\u2019un maintien de revenu par votre employeur.<\/p>\n<p style=\"text-align: justify;\">Mais \u00e9galement d\u2019une bourse, d\u2019un contrat de professionnalisation, voire d\u2019un mi-temps. Il existe un certain nombre de dispositifs qui sont \u00e9galement en mesure de financer votre projet, comme le CPF par exemple.<\/p>\n<div class='cta-block'><div class='text'>Besoin d\u2019aide dans votre reconversion ?<\/div><a href='https:\/\/www.formademia.fr\/formulaire\/coaching' class='app-button fit'>Simuler mon \u00e9ligibilit\u00e9 au coaching<\/a><\/div>\n<h2>Formez-vous<\/h2>\n<p style=\"text-align: justify;\">Il est de plus en plus fr\u00e9quent qu\u2019une reconversion professionnelle n\u00e9cessite une p\u00e9riode de formation, de savoir-faire. Le monde de la formation a consid\u00e9rablement \u00e9volu\u00e9 et propose d\u00e9sormais de multiples possibilit\u00e9s. Cong\u00e9 formation, contrat de professionnalisation, formation \u00e0 distance, cours du soir.<\/p>\n<p style=\"text-align: justify;\"><strong>Posez-vous les bonnes questions :\u00a0<\/strong><\/p>\n<ul>\n<li style=\"text-align: justify;\">Quelles sont les comp\u00e9tences que je dois d\u00e9velopper pour r\u00e9aliser mon projet professionnel ? Le programme de la formation envisag\u00e9e me permettra-t-il de les acqu\u00e9rir ?<\/li>\n<li style=\"text-align: justify;\">La formation permet-elle d\u2019acc\u00e9der \u00e0 un m\u00e9tier qui recrute ?<\/li>\n<li style=\"text-align: justify;\">Quelles sont les modalit\u00e9s d\u2019acc\u00e8s \u00e0 la formation envisag\u00e9e ? Y a-t-il un dipl\u00f4me \/ niveau d\u2019\u00e9tudes requis ? Des tests \u00e9crits ou oraux ? Un entretien de recrutement ?<\/li>\n<li>Quelle est la dur\u00e9e de la formation ? Si je suis demandeur d\u2019emploi, la formation ne d\u00e9passe-t-elle pas mon temps d\u2019indemnisation par France Travail ?<\/li>\n<li>La formation est-elle uniquement th\u00e9orique ou propose-t-elle une p\u00e9riode d\u2019application pratique en entreprise ? \u2013 Est-ce une formation en alternance ? \u00c0 temps plein ?<\/li>\n<li>La formation conduit-elle \u00e0 un dipl\u00f4me, une certification, une attestation de formation ? L\u2019\u00e9tablissement qui la d\u00e9livre est-il reconnu ?<\/li>\n<li>Quels sont les frais de formation ? Comment la formation est-elle financ\u00e9e ?<\/li>\n<li>Commencer sa recherche d&#8217;emploi<\/li>\n<\/ul>\n<h2>Mettez en place un calendrier de reconversion<\/h2>\n<p>Selon la formation que vous choisissez, cette derni\u00e8re peut \u00eatre plus ou moins longue. Mais elle peut avoir un impact sur votre emploi du temps (soir\u00e9es, week-ends, vacances, \u2026). C&rsquo;est pourquoi une grande organisation est de rigueur.<\/p>\n<p>\u00c9tablissez un r\u00e9tro planning en prenant compte des diff\u00e9rents obstacles. Notez les dates ainsi que les d\u00e9lais \u00e0 envisager.<\/p>\n<h2>Commencez votre recherche d&#8217;emploi<\/h2>\n<p>Lorsque vous arrivez en fin de formation, il faudra commencer \u00e0 faire vos recherches d&#8217;emploi qui correspond \u00e0 votre projet.<\/p>\n<p>Mais alors, <a href=\"https:\/\/www.mes-allocs.fr\/guides\/reconversion-professionnelle\/changer-de-carriere\/comment-changer-de-carriere-professionnelle\/\">comment changer de carri\u00e8re professionnelle<\/a> ? Pour cela, vous devrez r\u00e9\u00e9crire\/mettre \u00e0 jour votre CV. R\u00e9\u00e9crire votre lettre de motivation en explicitant bien les raisons de votre choix et la strat\u00e9gie adopt\u00e9e. Que vous ayez 30 ans ou 40 ans, cette d\u00e9marche est indispensable. Cela pour expliquer \u00e0 votre nouvel employeur votre reconversion et votre envie d&rsquo;aller travailler !<\/p>\n<h1>Le CPF pour financer votre formation !<\/h1>\n<p>Le Compte Personnel de Formation \u00e9tait autrefois le DIF. Gr\u00e2ce \u00e0 la Loi \u00ab\u00a0Pour la libert\u00e9 de choisir son avenir professionnel\u00a0\u00bb, ce sont des euros qui se cumulent sur le CPF. Cela afin de pouvoir vous former quand vous le souhaiter. Chaque ann\u00e9e, 500 \u20ac sont ajout\u00e9s sur ce compte (ex : pour un travail \u00e0 temps plein) mais avec un plafond 5000 \u20ac.<\/p>\n<p>Ce montant est de 800\u2009\u20ac pour un salari\u00e9 non qualifi\u00e9 (avec un plafond de 8000 \u20ac). L\u2019avantage est que le salaire est maintenu lors d\u2019une formation faite avec le CPF. Si le CPF est insuffisant (en euros) pour financer votre formation, il existe des possibilit\u00e9s d&rsquo;abonnement.<\/p>\n<p class=\"p1\"><div class='cta-block'><div class='text'>Besoin d\u2019aide dans votre reconversion ?<\/div><a href='https:\/\/www.formademia.fr\/formulaire\/coaching' class='app-button fit'>Simuler mon \u00e9ligibilit\u00e9 au coaching<\/a><\/div><\/p>\n","protected":false},"excerpt":{"rendered":"<p>[Mis \u00e0 jour le 04\/03\/2026] Aujourd&rsquo;hui, les carri\u00e8res professionnelles ne sont plus lin\u00e9aires. Vouloir changer de m\u00e9tier actuel ou bien envisager une reconversion apr\u00e8s un licenciement&#8230;les motifs sont de plus en plus nombreux. Mes Allocs vous explique comment r\u00e9ussir votre reconversion professionnelle pour changer de carri\u00e8re ! Comment r\u00e9ussir votre reconversion professionnelle ? Vous avez [&hellip;]<\/p>\n","protected":false},"author":7,"featured_media":18401,"comment_status":"open","ping_status":"open","sticky":false,"template":"","format":"standard","meta":{"amp_status":"","footnotes":""},"categories":[5081],"tags":[],"class_list":["post-18397","post","type-post","status-publish","format-standard","has-post-thumbnail","hentry","category-reconversion-professionnelle"],"yoast_head":"<!-- This site is optimized with the Yoast SEO plugin v14.9 - https:\/\/yoast.com\/wordpress\/plugins\/seo\/ -->\n<title>Comment changer de carri\u00e8re professionnelle ? | Mes-Allocs.fr<\/title>\n<meta name=\"description\" content=\"Changer de carri\u00e8re est devenu fr\u00e9quent. Mes Allocs vous explique les \u00e9tapes pour r\u00e9ussir votre reconversion professionnelle !\" \/>\n<meta name=\"robots\" content=\"index, follow, max-snippet:-1, max-image-preview:large, max-video-preview:-1\" \/>\n<link rel=\"canonical\" href=\"https:\/\/www.mes-allocs.fr\/guides\/reconversion-professionnelle\/changer-de-carriere\/\" \/>\n<meta property=\"og:locale\" content=\"fr_FR\" \/>\n<meta property=\"og:type\" content=\"article\" \/>\n<meta property=\"og:title\" content=\"Comment changer de carri\u00e8re professionnelle ? | Mes-Allocs.fr\" \/>\n<meta property=\"og:description\" content=\"Changer de carri\u00e8re est devenu fr\u00e9quent. Mes Allocs vous explique les \u00e9tapes pour r\u00e9ussir votre reconversion professionnelle !\" \/>\n<meta property=\"og:url\" content=\"https:\/\/www.mes-allocs.fr\/guides\/reconversion-professionnelle\/changer-de-carriere\/\" \/>\n<meta property=\"og:site_name\" content=\"Mes-Allocs.fr\" \/>\n<meta property=\"article:published_time\" content=\"2021-03-29T15:06:12+00:00\" \/>\n<meta property=\"article:modified_time\" content=\"2026-03-04T15:30:40+00:00\" \/>\n<meta property=\"og:image\" content=\"https:\/\/www.mes-allocs.fr\/guides\/wp-content\/uploads\/2021\/01\/people-discussion-5069845_1280.jpg?wsr\" \/>\n\t<meta property=\"og:image:width\" content=\"1280\" \/>\n\t<meta property=\"og:image:height\" content=\"853\" \/>\n<meta name=\"twitter:card\" content=\"summary_large_image\" \/>\n<script type=\"application\/ld+json\" class=\"yoast-schema-graph\">{\"@context\":\"https:\/\/schema.org\",\"@graph\":[{\"@type\":\"WebSite\",\"@id\":\"https:\/\/www.mes-allocs.fr\/guides\/#website\",\"url\":\"https:\/\/www.mes-allocs.fr\/guides\/\",\"name\":\"Mes-Allocs.fr\",\"description\":\"\",\"potentialAction\":[{\"@type\":\"SearchAction\",\"target\":\"https:\/\/www.mes-allocs.fr\/guides\/?s={search_term_string}\",\"query-input\":\"required name=search_term_string\"}],\"inLanguage\":\"fr-FR\"},{\"@type\":\"ImageObject\",\"@id\":\"https:\/\/www.mes-allocs.fr\/guides\/reconversion-professionnelle\/changer-de-carriere\/#primaryimage\",\"inLanguage\":\"fr-FR\",\"url\":\"https:\/\/www.mes-allocs.fr\/guides\/wp-content\/uploads\/2021\/01\/people-discussion-5069845_1280.jpg?wsr\",\"width\":1280,\"height\":853,\"caption\":\"changer de carri\\u00e8re\"},{\"@type\":\"WebPage\",\"@id\":\"https:\/\/www.mes-allocs.fr\/guides\/reconversion-professionnelle\/changer-de-carriere\/#webpage\",\"url\":\"https:\/\/www.mes-allocs.fr\/guides\/reconversion-professionnelle\/changer-de-carriere\/\",\"name\":\"Comment changer de carri\\u00e8re professionnelle ? | Mes-Allocs.fr\",\"isPartOf\":{\"@id\":\"https:\/\/www.mes-allocs.fr\/guides\/#website\"},\"primaryImageOfPage\":{\"@id\":\"https:\/\/www.mes-allocs.fr\/guides\/reconversion-professionnelle\/changer-de-carriere\/#primaryimage\"},\"datePublished\":\"2021-03-29T15:06:12+00:00\",\"dateModified\":\"2026-03-04T15:30:40+00:00\",\"author\":{\"@id\":\"https:\/\/www.mes-allocs.fr\/guides\/#\/schema\/person\/1c4837d5703727cb02ce84583b5a44aa\"},\"description\":\"Changer de carri\\u00e8re est devenu fr\\u00e9quent. Mes Allocs vous explique les \\u00e9tapes pour r\\u00e9ussir votre reconversion professionnelle !\",\"inLanguage\":\"fr-FR\"},{\"@type\":\"Person\",\"@id\":\"https:\/\/www.mes-allocs.fr\/guides\/#\/schema\/person\/1c4837d5703727cb02ce84583b5a44aa\",\"name\":\"Fabiola\",\"image\":{\"@type\":\"ImageObject\",\"@id\":\"https:\/\/www.mes-allocs.fr\/guides\/#personlogo\",\"inLanguage\":\"fr-FR\",\"url\":\"https:\/\/www.mes-allocs.fr\/guides\/wp-content\/uploads\/2021\/06\/fabiola-150x150.png\",\"caption\":\"Fabiola\"},\"description\":\"Fabiola est r\\u00e9dactrice au sein de l'\\u00e9quipe Mes Allocs, sp\\u00e9cialis\\u00e9e en sciences politiques et affaires publiques. Dipl\\u00f4m\\u00e9e de l'HEIP, elle rejoint Mes Allocs apr\\u00e8s une premi\\u00e8re exp\\u00e9rience \\u00e0 l'Assembl\\u00e9e Nationale.\",\"sameAs\":[\"https:\/\/www.linkedin.com\/in\/cecilia-philippe-b-8a8085195\"]}]}<\/script>\n<!-- \/ Yoast SEO plugin. -->","amp_validity":null,"acf":{"faq":{"1":{"question":"Quels sont les m\u00e9tiers qui recrutent ? ","answer":"Aides \u00e0 domicile. ...\r\nConsultant. ...\r\nCoach. ...\r\nG\u00e9rant de chambres d'h\u00f4tes. ...\r\nProfesseur. ...\r\nArtisan. ...\r\nD\u00e9veloppeur."},"2":{"question":"Comment changer de carri\u00e8re \u00e0 35 ans ? ","answer":"La formation \u00e0 distance est un bon recours pour envisager une reconversion professionnelle. La formation professionnelle pour reprendre ses \u00e9tudes \u00e0 35 ans a plus avantages lorsqu'elle est r\u00e9alis\u00e9e \u00e0 distance."},"3":{"question":"Comment se former \u00e0 45 ans ?","answer":"Le bilan de comp\u00e9tences est une \u00e9tape indispensable.\r\nLe bilan de comp\u00e9tences est une \u00e9tape primordiale dans une r\u00e9flexion professionnelle surtout une fois pass\u00e9 40 ans."},"4":{"question":"Comment devenir secr\u00e9taire sans dipl\u00f4me ?","answer":"Pour devenir secr\u00e9taire administrative, aucune formation particuli\u00e8re n'est exig\u00e9e. Par contre, il est n\u00e9cessaire d'obtenir un concours administratif, et pour cela de r\u00e9pondre \u00e0 des conditions d'acc\u00e8s drastiques (\u00eatre de nationalit\u00e9 fran\u00e7aise ou citoyen europ\u00e9en, jouir de ses droits civiques, etc.)."},"5":{"question":"Qui a le droit au CPF ?","answer":"Le compte personnel de formation (CPF) est utilisable par tout salari\u00e9, tout au long de sa vie active, y compris en p\u00e9riode de ch\u00f4mage, pour suivre une formation qualifiante ou certifiante. Le CPF a remplac\u00e9 le droit individuel \u00e0 la formation (Dif). Les salari\u00e9s ne perdent pas les heures acquises au titre du Dif."},"6":{"question":"Qui peut b\u00e9n\u00e9ficier de la formation professionnelle ?","answer":"La Formation Professionnelle s'adresse \u00e0 l'ensemble des actifs : salari\u00e9s, demandeurs d'emploi, employ\u00e9s"},"7":{"question":"","answer":""},"8":{"question":"","answer":""},"9":{"question":"","answer":""},"10":{"question":"","answer":""},"11":{"question":"","answer":""},"12":{"question":"","answer":""},"13":{"question":"","answer":""},"14":{"question":"","answer":""},"15":{"question":"","answer":""},"16":{"question":"","answer":""}}},"_links":{"self":[{"href":"https:\/\/www.mes-allocs.fr\/guides\/wp-json\/wp\/v2\/posts\/18397","targetHints":{"allow":["GET"]}}],"collection":[{"href":"https:\/\/www.mes-allocs.fr\/guides\/wp-json\/wp\/v2\/posts"}],"about":[{"href":"https:\/\/www.mes-allocs.fr\/guides\/wp-json\/wp\/v2\/types\/post"}],"author":[{"embeddable":true,"href":"https:\/\/www.mes-allocs.fr\/guides\/wp-json\/wp\/v2\/users\/7"}],"replies":[{"embeddable":true,"href":"https:\/\/www.mes-allocs.fr\/guides\/wp-json\/wp\/v2\/comments?post=18397"}],"version-history":[{"count":22,"href":"https:\/\/www.mes-allocs.fr\/guides\/wp-json\/wp\/v2\/posts\/18397\/revisions"}],"predecessor-version":[{"id":110112,"href":"https:\/\/www.mes-allocs.fr\/guides\/wp-json\/wp\/v2\/posts\/18397\/revisions\/110112"}],"wp:featuredmedia":[{"embeddable":true,"href":"https:\/\/www.mes-allocs.fr\/guides\/wp-json\/wp\/v2\/media\/18401"}],"wp:attachment":[{"href":"https:\/\/www.mes-allocs.fr\/guides\/wp-json\/wp\/v2\/media?parent=18397"}],"wp:term":[{"taxonomy":"category","embeddable":true,"href":"https:\/\/www.mes-allocs.fr\/guides\/wp-json\/wp\/v2\/categories?post=18397"},{"taxonomy":"post_tag","embeddable":true,"href":"https:\/\/www.mes-allocs.fr\/guides\/wp-json\/wp\/v2\/tags?post=18397"}],"curies":[{"name":"wp","href":"https:\/\/api.w.org\/{rel}","templated":true}]}}