{"id":18379,"date":"2021-03-29T15:00:30","date_gmt":"2021-03-29T15:00:30","guid":{"rendered":"https:\/\/www.mes-allocs.fr\/guides\/?p=18379"},"modified":"2026-03-04T15:10:13","modified_gmt":"2026-03-04T14:10:13","slug":"reussir-sa-reconversion-professionnelle","status":"publish","type":"post","link":"https:\/\/www.mes-allocs.fr\/guides\/reconversion-professionnelle\/reussir-sa-reconversion-professionnelle\/","title":{"rendered":"Comment r\u00e9ussir sa reconversion professionnelle ?"},"content":{"rendered":"<p><a href=\"https:\/\/www.mes-allocs.fr\/guides\/wp-content\/uploads\/2021\/01\/pexels-fauxels-3183197.jpg\"><img loading=\"lazy\" decoding=\"async\" class=\"aligncenter wp-image-18440 size-large\" title=\"r\u00e9ussir sa reconversion professionnelle\" src=\"https:\/\/www.mes-allocs.fr\/guides\/wp-content\/uploads\/2021\/01\/pexels-fauxels-3183197-e1611300512758-1024x374.jpg\" alt=\"r\u00e9ussir sa reconversion professionnelle\" width=\"1024\" height=\"374\" srcset=\"https:\/\/www.mes-allocs.fr\/guides\/wp-content\/uploads\/2021\/01\/pexels-fauxels-3183197-e1611300512758-1024x374.jpg 1024w, https:\/\/www.mes-allocs.fr\/guides\/wp-content\/uploads\/2021\/01\/pexels-fauxels-3183197-e1611300512758-300x109.jpg 300w, https:\/\/www.mes-allocs.fr\/guides\/wp-content\/uploads\/2021\/01\/pexels-fauxels-3183197-e1611300512758-768x280.jpg 768w, https:\/\/www.mes-allocs.fr\/guides\/wp-content\/uploads\/2021\/01\/pexels-fauxels-3183197-e1611300512758-600x219.jpg 600w, https:\/\/www.mes-allocs.fr\/guides\/wp-content\/uploads\/2021\/01\/pexels-fauxels-3183197-e1611300512758.jpg 1280w\" sizes=\"auto, (max-width: 1024px) 100vw, 1024px\" \/><\/a><\/p>\n<p style=\"text-align: justify;\">[Mis \u00e0 jour le 04\/03\/2026] La reconversion professionnelle n&rsquo;est plus un sujet tabou. De plus en plus de Fran\u00e7ais prennent la d\u00e9cision de trouver le m\u00e9tier qui les rend vraiment heureux. L&rsquo;important est alors de vous poser les bonnes questions avant d&rsquo;entreprendre votre reconversion. Mes Allocs vous explique comment r\u00e9ussir votre <a href=\"https:\/\/www.mes-allocs.fr\/guides\/reconversion-professionnelle\/\">reconversion professionnelle<\/a>\u00a0!<\/p>\n<div class='cta-block'><div class='text'>Besoin d\u2019aide dans votre reconversion ?<\/div><a href='https:\/\/www.formademia.fr\/formulaire\/coaching' class='app-button fit'>Simuler mon \u00e9ligibilit\u00e9 au coaching<\/a><\/div>\n<h1>Posez-vous les bonnes questions pour r\u00e9ussir votre reconversion professionnelle<\/h1>\n<p>La reconversion professionnelle est un processus qui s&rsquo;appuie avant tout sur la compr\u00e9hension de soi, ses besoins et ses motivations. Vous devez vous poser les bonnes questions :<\/p>\n<ul>\n<li>Pourquoi vouloir tout arr\u00eater ?<\/li>\n<li>Quel est le m\u00e9tier envisag\u00e9 ?<\/li>\n<li>Quelles sont vos motivations ?<\/li>\n<li>Est-ce que ce \u00ab\u00a0nouveau\u00a0\u00bb m\u00e9tier a des d\u00e9bouch\u00e9s ?<\/li>\n<\/ul>\n<p><iframe loading=\"lazy\" title=\"La reconversion professionnelle\" width=\"500\" height=\"281\" src=\"https:\/\/www.youtube.com\/embed\/EiVUthswxl0?feature=oembed\" frameborder=\"0\" allow=\"accelerometer; autoplay; clipboard-write; encrypted-media; gyroscope; picture-in-picture; web-share\" referrerpolicy=\"strict-origin-when-cross-origin\" allowfullscreen><\/iframe><\/p>\n<h1>Faites un bilan de comp\u00e9tences<\/h1>\n<p>Le <a href=\"https:\/\/www.mes-allocs.fr\/guides\/reconversion-professionnelle\/bilan-de-competences\/\">bilan de comp\u00e9tences<\/a> est un dispositif prise de conscience qui peut vous aider \u00e0 faire un point sur votre situation professionnelle, mais \u00e9galement personnelle. Cela permet d&rsquo;analyser vos comp\u00e9tences, vos motivations, et d&rsquo;appr\u00e9hender ce changement de vie professionnelle.<\/p>\n<p><strong>Les personnes suivantes peuvent en b\u00e9n\u00e9ficier :<\/strong><\/p>\n<ul class=\"spip\">\n<li>les salari\u00e9s du secteur priv\u00e9,<\/li>\n<li>les demandeurs d\u2019emploi : la demande doit \u00eatre faite aupr\u00e8s de France Travail, de l\u2019APEC ou de Cap emploi,<\/li>\n<li>les salari\u00e9s du secteur public (fonctionnaires, agents non titulaires, etc.)\u00a0: textes sp\u00e9cifiques mais dans des conditions similaires aux salari\u00e9s.<\/li>\n<\/ul>\n<p>Un expert de l&rsquo;\u00e9quipe Mes Allocs vous propose de r\u00e9aliser un bilan de comp\u00e9tences. <a href=\"https:\/\/www.formademia.fr\/formulaire\/coaching\">Prenez rendez-vous<\/a> !<\/p>\n<h1>Informez-vous et testez le m\u00e9tier envisag\u00e9<\/h1>\n<p>Avant d&rsquo;envisager de changer de m\u00e9tier, prenez le temps de vous renseigner sur ce futur m\u00e9tier et notamment la demande sur le march\u00e9 de l&#8217;emploi.<\/p>\n<ul>\n<li>Lire des fiches m\u00e9tiers<\/li>\n<li>Penser \u00e0 une <a href=\"https:\/\/www.mes-allocs.fr\/guides\/reconversion-professionnelle\/reussir-sa-reconversion-professionnelle\/idees-reconversion-professionnelle\/\">id\u00e9e de reconversion professionnelle<\/a><\/li>\n<li>Entrer en contact avec des professionnels<\/li>\n<li>Faire un stage court pour tester un m\u00e9tier<\/li>\n<\/ul>\n<p>Le dispositif PMSMP (p\u00e9riode de mise en situation en milieu professionnel) mise en \u0153uvre par France Travail permet de d\u00e9couvrir un m\u00e9tier, de vous faire aimer un m\u00e9tier.<\/p>\n<div class='cta-block'><div class='text'>Besoin d&rsquo;aide dans votre reconversion ?<\/div><a href='https:\/\/www.formademia.fr\/coaching' class='app-button fit'>En savoir plus sur notre programme<\/a><\/div>\n<h1>Soignez votre CV et votre lettre de motivation<\/h1>\n<p>Votre <a href=\"https:\/\/www.mes-allocs.fr\/guides\/reconversion-professionnelle\/reussir-sa-reconversion-professionnelle\/cv-reconversion-professionnelle\/\">CV<\/a> doit r\u00e9sumer l\u2019ensemble de vos exp\u00e9riences et de vos formations professionnelles. N\u2019oubliez pas de mentionner votre derni\u00e8re formation qui bien entendu est en lien avec le m\u00e9tier que vous souhaitez exercer. C\u2019est ensuite <strong>la <a href=\"https:\/\/www.mes-allocs.fr\/guides\/reconversion-professionnelle\/lettre-de-motivation-pour-une-reconversion-professionnelle\/\">lettre de motivation reconversion professionnelle<\/a> qui sera la plus importante<\/strong>.<\/p>\n<p>Vous devrez la r\u00e9aliser en pr\u00e9cisant pourquoi vous avez chang\u00e9 de m\u00e9tier, mais surtout, pourquoi vous avez opt\u00e9 pour ce m\u00e9tier en particulier. Cela donnera envie aux recruteurs d\u2019en savoir plus sur vous et vous pourrez d\u00e9crocher un ou plusieurs entretiens.<\/p>\n<h1>Concr\u00e9tisez votre projet de reconversion<\/h1>\n<p>Vous avez pris la d\u00e9cision de changer de m\u00e9tier, de secteur d&rsquo;activit\u00e9. Il est important que les pistes correspondent \u00e0 ce que vous aimez faire, mais elles doivent aussi int\u00e9grer les contraintes et la r\u00e9alit\u00e9 du march\u00e9 du travail. Si vous \u00eates salari\u00e9s il faudra penser \u00e0 votre <a href=\"https:\/\/www.mes-allocs.fr\/guides\/reconversion-professionnelle\/reussir-sa-reconversion-professionnelle\/demission-reconversion-professionnelle\/\">d\u00e9mission pour votre reconversion professionnelle<\/a>.<\/p>\n<p>Pour \u00eatre solide et vous apporter une satisfaction, votre m\u00e9tier choisi doit donc r\u00e9pondre \u00e0 2 crit\u00e8res particuliers : \u00eatre coh\u00e9rent et concorder avec vos envies et priorit\u00e9s, \u00eatre viable en termes d\u2019avenir et de d\u00e9bouch\u00e9 sur le march\u00e9 du travail. Sans cela, vous risquez une forte d\u00e9ception et de vous trouver \u00e0 nouveau dans une situation inconfortable, stressante et insatisfaisante.<\/p>\n<h1>Renseignez-vous sur le prix de votre reconversion professionnelle<\/h1>\n<p>Vous pouvez obtenir un <a href=\"https:\/\/www.mes-allocs.fr\/guides\/reconversion-professionnelle\/reussir-sa-reconversion-professionnelle\/financement-reconversion-professionnelle\/\">financement<\/a> pour votre reconversion professionnelle via le CPF, si elle est courte, ou via le CIF (cong\u00e9 individuel de formation) si elle est longue, deux ans maximum. France Travail peut aussi participer au financement. Cela d\u00e9pend notamment du prix de votre projet de reconversion professionnelle.<\/p>\n<p>Plusieurs dispositifs sont en vigueur pour vous soutenir dans votre projet professionnel, par exemple :<\/p>\n<ul>\n<li>Le cong\u00e9 individuel de formation (CIF)<\/li>\n<li>Le compte personnel de formation (CPF)<\/li>\n<li>L\u2019aide individuelle \u00e0 la formation (AIF)<\/li>\n<\/ul>\n<p>D\u00e9couvrez les <a href=\"https:\/\/www.mes-allocs.fr\/guides\/reconversion-professionnelle\/erreurs-reconversion-professionnelle\/\">erreurs fr\u00e9quentes li\u00e9es \u00e0 une reconversion professionnelle<\/a> !<\/p>\n<h1>B\u00e9n\u00e9ficiez d&rsquo;aides pour vous accompagner dans votre reconversion<\/h1>\n<h2>Le CPF<\/h2>\n<p>Le Compte Personnel de Formation est sans doute l&rsquo;un des dispositifs les plus connus. Il vous permet de financer votre reconversion, votre nouveau projet. Que vous soyez salari\u00e9(e), apprenti(e), ind\u00e9pendant(e), profession lib\u00e9rale, demandeur\/se d\u2019emploi ou fonctionnaire, d\u00e8s lors que vous \u00eates un(e) actif\/ve, vous avez un\u00a0Compte personnel de formation (CPF).<\/p>\n<p>Pour en b\u00e9n\u00e9ficier vous devez vous rendre sur le site www.moncompteactivite.gouv.fr. Vous devrez activer votre compte, ensuite vous pourrez faire votre recherche de formation.<\/p>\n<p>\u00c0 noter : votre compte CPF n&rsquo;est plus cr\u00e9dit\u00e9 en heures, mais bien en euros. Les heures acquises avant cette date sont converties en euros, \u00e0 raison de 15 euros par heure.<\/p>\n<p><strong>Selon votre situation professionnelle, votre CPF sera aliment\u00e9 de la mani\u00e8re suivante :<\/strong><\/p>\n<ul>\n<li>Salari\u00e9s : vous acqu\u00e9rez 500 \u20ac par an, sachant que votre compte est plafonn\u00e9 \u00e0 5 000 euros.<\/li>\n<li>Salari\u00e9s de niveau BEP (brevet d\u2019\u00e9tudes professionnelles) ou CAP (certificat d\u2019aptitude professionnelle) : vous acqu\u00e9rez 800 \u20ac par an et votre compte est plafonn\u00e9 \u00e0 8 000 \u20ac. Cela est valable que vous travailliez \u00e0 temps complet ou \u00e0 temps partiel \u00e0 partir de 50 % d\u2019un temps complet.<\/li>\n<li>Salari\u00e9s \u00e0 temps partiel (moins de 50 % d\u2019un temps complet) Exemple : si vous travaillez \u00e0 30 % d\u2019un temps complet (10h30 hebdomadaires), vous acqu\u00e9rez 150 \u20ac par an.<\/li>\n<li>Personnes en situation de handicap (en ESAT, en contrat de soutien et d\u2019aide par le travail) : vous b\u00e9n\u00e9ficiez aussi d\u2019un CPF. Celui-ci est cr\u00e9dit\u00e9 de 800 \u20ac par an, et plafonn\u00e9 \u00e0 8 000 \u20ac.<\/li>\n<\/ul>\n<h2>Le Conseil en \u00e9volution professionnelle (CEP), un accompagnement sur-mesure<\/h2>\n<p>Le CEP peut servir \u00e0 vous donner les informations utiles sur le march\u00e9 du travail, vous aider \u00e0 vous poser les bonnes questions, \u00e0 \u00e9laborer votre projet et \u00e0 vous accompagner pour le r\u00e9aliser.<\/p>\n<div class='cta-block'><div class='text'>Besoin d&rsquo;aide dans votre reconversion ?<\/div><a href='https:\/\/www.formademia.fr\/coaching' class='app-button fit'>En savoir plus sur notre programme<\/a><\/div>\n","protected":false},"excerpt":{"rendered":"<p>[Mis \u00e0 jour le 04\/03\/2026] La reconversion professionnelle n&rsquo;est plus un sujet tabou. De plus en plus de Fran\u00e7ais prennent la d\u00e9cision de trouver le m\u00e9tier qui les rend vraiment heureux. L&rsquo;important est alors de vous poser les bonnes questions avant d&rsquo;entreprendre votre reconversion. Mes Allocs vous explique comment r\u00e9ussir votre reconversion professionnelle\u00a0! Posez-vous les [&hellip;]<\/p>\n","protected":false},"author":7,"featured_media":18440,"comment_status":"open","ping_status":"open","sticky":false,"template":"","format":"standard","meta":{"amp_status":"","footnotes":""},"categories":[5081],"tags":[],"class_list":["post-18379","post","type-post","status-publish","format-standard","has-post-thumbnail","hentry","category-reconversion-professionnelle"],"yoast_head":"<!-- This site is optimized with the Yoast SEO plugin v14.9 - https:\/\/yoast.com\/wordpress\/plugins\/seo\/ -->\n<title>Comment r\u00e9ussir sa reconversion professionnelle ? | Mes-Allocs.fr<\/title>\n<meta name=\"description\" content=\"La reconverison professionnelle touche 1\/3 des Fran\u00e7ais. Mes Allocs vous explique en d\u00e9tail comment la r\u00e9ussir !\" \/>\n<meta name=\"robots\" content=\"index, follow, max-snippet:-1, max-image-preview:large, max-video-preview:-1\" \/>\n<link rel=\"canonical\" href=\"https:\/\/www.mes-allocs.fr\/guides\/reconversion-professionnelle\/reussir-sa-reconversion-professionnelle\/\" \/>\n<meta property=\"og:locale\" content=\"fr_FR\" \/>\n<meta property=\"og:type\" content=\"article\" \/>\n<meta property=\"og:title\" content=\"Comment r\u00e9ussir sa reconversion professionnelle ? | Mes-Allocs.fr\" \/>\n<meta property=\"og:description\" content=\"La reconverison professionnelle touche 1\/3 des Fran\u00e7ais. Mes Allocs vous explique en d\u00e9tail comment la r\u00e9ussir !\" \/>\n<meta property=\"og:url\" content=\"https:\/\/www.mes-allocs.fr\/guides\/reconversion-professionnelle\/reussir-sa-reconversion-professionnelle\/\" \/>\n<meta property=\"og:site_name\" content=\"Mes-Allocs.fr\" \/>\n<meta property=\"article:published_time\" content=\"2021-03-29T15:00:30+00:00\" \/>\n<meta property=\"article:modified_time\" content=\"2026-03-04T14:10:13+00:00\" \/>\n<meta property=\"og:image\" content=\"https:\/\/www.mes-allocs.fr\/guides\/wp-content\/uploads\/2021\/01\/pexels-fauxels-3183197-e1611300512758.jpg?wsr\" \/>\n\t<meta property=\"og:image:width\" content=\"1280\" \/>\n\t<meta property=\"og:image:height\" content=\"467\" \/>\n<meta name=\"twitter:card\" content=\"summary_large_image\" \/>\n<script type=\"application\/ld+json\" class=\"yoast-schema-graph\">{\"@context\":\"https:\/\/schema.org\",\"@graph\":[{\"@type\":\"WebSite\",\"@id\":\"https:\/\/www.mes-allocs.fr\/guides\/#website\",\"url\":\"https:\/\/www.mes-allocs.fr\/guides\/\",\"name\":\"Mes-Allocs.fr\",\"description\":\"\",\"potentialAction\":[{\"@type\":\"SearchAction\",\"target\":\"https:\/\/www.mes-allocs.fr\/guides\/?s={search_term_string}\",\"query-input\":\"required name=search_term_string\"}],\"inLanguage\":\"fr-FR\"},{\"@type\":\"ImageObject\",\"@id\":\"https:\/\/www.mes-allocs.fr\/guides\/reconversion-professionnelle\/reussir-sa-reconversion-professionnelle\/#primaryimage\",\"inLanguage\":\"fr-FR\",\"url\":\"https:\/\/www.mes-allocs.fr\/guides\/wp-content\/uploads\/2021\/01\/pexels-fauxels-3183197-e1611300512758.jpg?wsr\",\"width\":1280,\"height\":467,\"caption\":\"r\\u00e9ussir sa reconversion professionnelle\"},{\"@type\":\"WebPage\",\"@id\":\"https:\/\/www.mes-allocs.fr\/guides\/reconversion-professionnelle\/reussir-sa-reconversion-professionnelle\/#webpage\",\"url\":\"https:\/\/www.mes-allocs.fr\/guides\/reconversion-professionnelle\/reussir-sa-reconversion-professionnelle\/\",\"name\":\"Comment r\\u00e9ussir sa reconversion professionnelle ? | Mes-Allocs.fr\",\"isPartOf\":{\"@id\":\"https:\/\/www.mes-allocs.fr\/guides\/#website\"},\"primaryImageOfPage\":{\"@id\":\"https:\/\/www.mes-allocs.fr\/guides\/reconversion-professionnelle\/reussir-sa-reconversion-professionnelle\/#primaryimage\"},\"datePublished\":\"2021-03-29T15:00:30+00:00\",\"dateModified\":\"2026-03-04T14:10:13+00:00\",\"author\":{\"@id\":\"https:\/\/www.mes-allocs.fr\/guides\/#\/schema\/person\/1c4837d5703727cb02ce84583b5a44aa\"},\"description\":\"La reconverison professionnelle touche 1\/3 des Fran\\u00e7ais. Mes Allocs vous explique en d\\u00e9tail comment la r\\u00e9ussir !\",\"inLanguage\":\"fr-FR\"},{\"@type\":\"Person\",\"@id\":\"https:\/\/www.mes-allocs.fr\/guides\/#\/schema\/person\/1c4837d5703727cb02ce84583b5a44aa\",\"name\":\"Fabiola\",\"image\":{\"@type\":\"ImageObject\",\"@id\":\"https:\/\/www.mes-allocs.fr\/guides\/#personlogo\",\"inLanguage\":\"fr-FR\",\"url\":\"https:\/\/www.mes-allocs.fr\/guides\/wp-content\/uploads\/2021\/06\/fabiola-150x150.png\",\"caption\":\"Fabiola\"},\"description\":\"Fabiola est r\\u00e9dactrice au sein de l'\\u00e9quipe Mes Allocs, sp\\u00e9cialis\\u00e9e en sciences politiques et affaires publiques. Dipl\\u00f4m\\u00e9e de l'HEIP, elle rejoint Mes Allocs apr\\u00e8s une premi\\u00e8re exp\\u00e9rience \\u00e0 l'Assembl\\u00e9e Nationale.\",\"sameAs\":[\"https:\/\/www.linkedin.com\/in\/cecilia-philippe-b-8a8085195\"]}]}<\/script>\n<!-- \/ Yoast SEO plugin. -->","amp_validity":null,"acf":{"faq":{"1":{"question":"Comment r\u00e9ussir sa r\u00e9orientation professionnelle ?","answer":" Prenez le temps d'analyser la situation. Int\u00e9grez dans votre bilan les points positifs aussi bien que les n\u00e9gatifs. \"Comprendre ce qui nous arrive est indispensable pour construire."},"2":{"question":"Quelle est la r\u00e9gion qui recrute le plus ?","answer":"L'Ile-de-France et l'Auvergne-Rh\u00f4ne-Alpes sont les r\u00e9gions qui proposent le plus d'offres d'emploi, selon le barom\u00e8tre Jobijoba."},"3":{"question":" Comment savoir si un m\u00e9tier recrute ?","answer":"L'outil \u201cInformations sur le march\u00e9 du travail\u201d cr\u00e9\u00e9 par France Travail vous permet d'explorer le march\u00e9 du travail"},"4":{"question":"Qu-est-ce que le CPF ? ","answer":"Le compte personnel de formation est un dispositif de financement public de formation continue."},"5":{"question":"Qui peut b\u00e9n\u00e9ficier du CPF ? ","answer":"Le compte personnel de formation (CPF) est utilisable par tout salari\u00e9, tout au long de sa vie active, y compris en p\u00e9riode de ch\u00f4mage, pour suivre une formation qualifiante ou certifiante. Le CPF a remplac\u00e9 le droit individuel \u00e0 la formation (Dif)."},"6":{"question":"Peut-on encore b\u00e9n\u00e9ficier du DIF ? ","answer":"Non, ce dispositif a \u00e9t\u00e9 d\u00e9finitivement supprim\u00e9 le 1 er janvier 2015. Depuis il est remplac\u00e9 par le CPF."},"7":{"question":"","answer":""},"8":{"question":"","answer":""},"9":{"question":"","answer":""},"10":{"question":"","answer":""},"11":{"question":"","answer":""},"12":{"question":"","answer":""},"13":{"question":"","answer":""},"14":{"question":"","answer":""},"15":{"question":"","answer":""},"16":{"question":"","answer":""}}},"_links":{"self":[{"href":"https:\/\/www.mes-allocs.fr\/guides\/wp-json\/wp\/v2\/posts\/18379","targetHints":{"allow":["GET"]}}],"collection":[{"href":"https:\/\/www.mes-allocs.fr\/guides\/wp-json\/wp\/v2\/posts"}],"about":[{"href":"https:\/\/www.mes-allocs.fr\/guides\/wp-json\/wp\/v2\/types\/post"}],"author":[{"embeddable":true,"href":"https:\/\/www.mes-allocs.fr\/guides\/wp-json\/wp\/v2\/users\/7"}],"replies":[{"embeddable":true,"href":"https:\/\/www.mes-allocs.fr\/guides\/wp-json\/wp\/v2\/comments?post=18379"}],"version-history":[{"count":25,"href":"https:\/\/www.mes-allocs.fr\/guides\/wp-json\/wp\/v2\/posts\/18379\/revisions"}],"predecessor-version":[{"id":110065,"href":"https:\/\/www.mes-allocs.fr\/guides\/wp-json\/wp\/v2\/posts\/18379\/revisions\/110065"}],"wp:featuredmedia":[{"embeddable":true,"href":"https:\/\/www.mes-allocs.fr\/guides\/wp-json\/wp\/v2\/media\/18440"}],"wp:attachment":[{"href":"https:\/\/www.mes-allocs.fr\/guides\/wp-json\/wp\/v2\/media?parent=18379"}],"wp:term":[{"taxonomy":"category","embeddable":true,"href":"https:\/\/www.mes-allocs.fr\/guides\/wp-json\/wp\/v2\/categories?post=18379"},{"taxonomy":"post_tag","embeddable":true,"href":"https:\/\/www.mes-allocs.fr\/guides\/wp-json\/wp\/v2\/tags?post=18379"}],"curies":[{"name":"wp","href":"https:\/\/api.w.org\/{rel}","templated":true}]}}