{"id":18364,"date":"2021-04-06T08:40:59","date_gmt":"2021-04-06T08:40:59","guid":{"rendered":"https:\/\/www.mes-allocs.fr\/guides\/?p=18364"},"modified":"2026-03-03T16:52:36","modified_gmt":"2026-03-03T15:52:36","slug":"reconversion-professionnelle-quel-metier","status":"publish","type":"post","link":"https:\/\/www.mes-allocs.fr\/guides\/reconversion-professionnelle\/reconversion-professionnelle-quel-metier\/","title":{"rendered":"Quel m\u00e9tier envisager lors d&rsquo;une reconversion professionnelle ?"},"content":{"rendered":"<p><a href=\"https:\/\/www.mes-allocs.fr\/guides\/wp-content\/uploads\/2021\/01\/pexels-christina-morillo-1181615.jpg\"><img loading=\"lazy\" decoding=\"async\" class=\"aligncenter wp-image-18372 size-large\" src=\"https:\/\/www.mes-allocs.fr\/guides\/wp-content\/uploads\/2021\/01\/pexels-christina-morillo-1181615-e1611165761113-1024x448.jpg\" alt=\"Reconversion professionnelle : Quel m\u00e9tier envisager ?\" width=\"1024\" height=\"448\" srcset=\"https:\/\/www.mes-allocs.fr\/guides\/wp-content\/uploads\/2021\/01\/pexels-christina-morillo-1181615-e1611165761113-1024x448.jpg 1024w, https:\/\/www.mes-allocs.fr\/guides\/wp-content\/uploads\/2021\/01\/pexels-christina-morillo-1181615-e1611165761113-300x131.jpg 300w, https:\/\/www.mes-allocs.fr\/guides\/wp-content\/uploads\/2021\/01\/pexels-christina-morillo-1181615-e1611165761113-768x336.jpg 768w, https:\/\/www.mes-allocs.fr\/guides\/wp-content\/uploads\/2021\/01\/pexels-christina-morillo-1181615-e1611165761113-600x263.jpg 600w, https:\/\/www.mes-allocs.fr\/guides\/wp-content\/uploads\/2021\/01\/pexels-christina-morillo-1181615-e1611165761113.jpg 1280w\" sizes=\"auto, (max-width: 1024px) 100vw, 1024px\" \/><\/a><\/p>\n<p style=\"text-align: justify;\">[Mis \u00e0 jour le 03\/03\/2026] Le m\u00e9tier que vous avez actuellement ne vous convient plus et vous envisagez une <a href=\"https:\/\/www.mes-allocs.fr\/guides\/reconversion-professionnelle\/\">reconversion professionnelle<\/a> ? Il est tout \u00e0 fait possible de changer de m\u00e9tier si vous en avez envie ! Mes Allocs vous guide sur le m\u00e9tier vers lequel vous orienter dans le cadre d&rsquo;une reconversion professionnelle.<\/p>\n<h1>Quels sont les m\u00e9tiers \u00e0 envisager ?<\/h1>\n<p>Si vous n&rsquo;\u00eates plus \u00e0 votre place dans votre poste actuel, ou en perte d&#8217;emploi, une reconversion est peut-\u00eatre \u00e0 envisager. Dans un premier temps vous pouvez r\u00e9aliser un <a href=\"https:\/\/www.mes-allocs.fr\/guides\/reconversion-professionnelle\/bilan-de-competences\/\">bilan de comp\u00e9tences<\/a>. Gr\u00e2ce \u00e0 cela vous pourrez faire un point sur votre vie professionnelle, mettre en avant vos comp\u00e9tences et trouver des id\u00e9es de m\u00e9tiers qui vous conviendraient.<\/p>\n<p>\u00c0 noter : n&rsquo;h\u00e9sitez pas \u00e0 consulter les sites internet des conseils r\u00e9gionaux, des offres d&#8217;emplois peuvent y \u00eatre publi\u00e9es.<\/p>\n<p>Mes Allocs vous a fait une fiche m\u00e9tier, une liste des m\u00e9tiers qui recrutent le plus !<\/p>\n<div class='cta-block'><div class='text'>Besoin d&rsquo;aide dans votre reconversion ?<\/div><a href='https:\/\/www.formademia.fr\/coaching' class='app-button fit'>En savoir plus sur notre programme<\/a><\/div>\n<h2>Di\u00e9t\u00e9ticien<\/h2>\n<p>De nos jours, avoir une bonne alimentation est de plus en plus important. C&rsquo;est pourquoi ce secteur est prometteur et le recrutement r\u00e9curant.<\/p>\n<div class=\"thrv_wrapper thrv_text_element\">\n<p>Le r\u00f4le principal d&rsquo;un di\u00e9t\u00e9ticien est d&rsquo;\u00e9laborer, en collaboration avec d&rsquo;autres professionnels, des menus\/ repas selon la pathologie du patient qu&rsquo;il suit ou de l&rsquo;\u00e9tablissement dans lequel il exerce, que ce soit dans une \u00e9cole ou dans une maison de retraite par exemple.<\/p>\n<\/div>\n<div class=\"thrv_wrapper thrv_text_element\">\n<p>L&rsquo;un des avantages de ce secteur d&rsquo; activit\u00e9 est qu&rsquo;il n\u00e9cessite peu d&rsquo;ann\u00e9es d&rsquo;\u00e9tudes : s&rsquo;il est possible de passer par une licence, un BTS di\u00e9t\u00e9tique (deux ans d&rsquo;\u00e9tudes) suffit pour trouver un emploi rapidement.<\/p>\n<\/div>\n<h2>Comptable<\/h2>\n<p>C&rsquo;est un fait, ce m\u00e9tier ne connait pas de crise, d&rsquo;ailleurs le nombre d&rsquo;offres dans ce domaine ainsi que les perspectives d&rsquo; \u00e9volutions sont importantes.<\/p>\n<p>La mission essentielle du comptable est la bonne gestion des comptes d&rsquo;une entreprise. Il est donc une personne cl\u00e9 pour maintenir la bonne sant\u00e9 financi\u00e8re d&rsquo;une soci\u00e9t\u00e9.<\/p>\n<p>Pour exercer ce m\u00e9tier, vous devrez faire un bac+2 en comptabilit\u00e9 et gestion.<\/p>\n<h2 class=\"\">Sp\u00e9cialiste SEO et ASO (r\u00e9f\u00e9renceur Web)<\/h2>\n<p>Le sp\u00e9cialiste SEO est un m\u00e9tier bien connu, en revanche, ASO un peu moins. C\u2019est l\u2019\u00e9quivalent du SEO mais pour les applis mobiles.<\/p>\n<div class=\"thrv_wrapper thrv_text_element\">\n<p>Search Engine Optimization: le Sp\u00e9cialiste SEO est charg\u00e9 d\u2019am\u00e9liorer la visibilit\u00e9 et l\u2019audience d\u2019un site internet.<\/p>\n<\/div>\n<div class=\"thrv_wrapper thrv_text_element\">\n<p>Sa mission a pour objectif de positionner un site web dans les premiers r\u00e9sultats des moteurs de recherche <em>(ex : Google, Bing, Yahoo\u2026)<\/em> sur des recherches bien pr\u00e9cises.<\/p>\n<\/div>\n<div class=\"thrv_wrapper thrv_text_element\">\n<p>Un nouveau\u00a0m\u00e9tier promet un avenir professionnel brillant dans les nouvelles technologies est donc celui de Sp\u00e9cialiste ASO. Concr\u00e8tement cela consiste \u00e0 optimiser le positionnement des applications mobiles sur les diff\u00e9rents \u201cstores\u201d, comme Apple Store, soit le Google Play Store.<\/p>\n<h2>Analyste Web (WebAnalyst)<\/h2>\n<p>Le WebAnalyst est un m\u00e9tier qui recrute en 2026 et pour les ann\u00e9es \u00e0 venir. Il a pour mission de fournir des donn\u00e9es sur la fr\u00e9quentation d&rsquo;un site et de les analyser.<\/p>\n<p>Ce m\u00e9tier demande beaucoup de rigueur et de concentration mais \u00e9galement un gros travail d\u2019interpr\u00e9tation afin de d\u00e9terminer le comportement des visiteurs et des utilisateurs.\u00a0 Gr\u00e2ce \u00e0 ces analyses, il est possible d\u2019\u00e9laborer des pr\u00e9visions ou des pr\u00e9conisations, ce dernier permet de prendre des d\u00e9cisions pour le site internet.<\/p>\n<\/div>\n<h2 class=\"\">UX\/ UI Designer<\/h2>\n<p>Le designer UX (user eXperience) et le designer UI (user interface) est une \u00e9volution et une sp\u00e9cialisation r\u00e9cente du m\u00e9tier de web designer. Ce m\u00e9tier est en pleine expansion, pour les cr\u00e9atifs du web il s&rsquo;agit d&rsquo;une autre possibilit\u00e9 d&rsquo;\u00e9volution logique.<\/p>\n<h2 class=\"\">E-Merchandiser ou Chef de Produit e-Commerce<\/h2>\n<p>Ce m\u00e9tier existe d\u00e9j\u00e0 depuis un certain temps. En revanche choisir ce m\u00e9tier aujourd&rsquo;hui vous permettra de l&rsquo;exercer de mani\u00e8re plus digitale. Une certaine organisation est requise, prenez le temps de r\u00e9fl\u00e9chir \u00e0 une nouvelle cr\u00e9ativit\u00e9, soyez logique.<\/p>\n<p>Il est essentiel de savoir travailler sous la pression des r\u00e9sultats: tout faire pour atteindre les chiffres qui ont \u00e9t\u00e9 fix\u00e9s.<\/p>\n<h2>D\u00e9veloppeur Mobile iOS \/ Android<\/h2>\n<p>Ce dernier st r\u00e9guli\u00e8rement en contact avec le Chef de Projet pour le renseigner sur l\u2019avanc\u00e9e des projets et lui confier les difficult\u00e9s rencontr\u00e9es, mais pas seulement. Il est \u00e9galement en contact avec d\u2019autres collaborateurs (designer web) sur le projet afin de coordonner la production de l\u2019application.<\/p>\n<div class=\"thrv_wrapper thrv_text_element\">\n<p>Le d\u00e9veloppeur iPhone ou d\u00e9veloppeur Android accomplit des programmes informatiques sp\u00e9cifiques consacr\u00e9s \u00e0 l\u2019environnement mobile et nomade. Dans un contexte d\u2019augmentation des usages des outils de nomades (tablette, Smartphone), les projets entrepris concernent des sites web sp\u00e9cifiques, des applications\u00a0(jeux vid\u00e9o)\u00a0et \u00e9galement des services en ligne.<\/p>\n<div class='cta-block'><div class='text'>Besoin d&rsquo;aide dans votre reconversion ?<\/div><a href='https:\/\/www.formademia.fr\/coaching' class='app-button fit'>En savoir plus sur notre programme<\/a><\/div>\n<h2 class=\"\">Responsable CRM<\/h2>\n<p>Le responsable CRM exerce g\u00e9n\u00e9ralement au service marketing des grandes entreprises. Sa mission est de tout mettre en oeuvre au niveau des outils et des strat\u00e9gies afin d\u2019am\u00e9liorer la satisfaction des clients vis-\u00e0-vis des services d\u2019une entreprise.<\/p>\n<h2 class=\"\">Animateur 3D<\/h2>\n<p>Le m\u00e9tier de l&rsquo;animation 3D connait une bonne croissance gr\u00e2ce aux secteurs du jeu vid\u00e9o et des films d\u2019animation,<\/p>\n<\/div>\n<h2 class=\"\">Recruteur IT<\/h2>\n<p>De nos jours, les m\u00e9tiers du web recrutent de plus en plus. Surtout avec l&rsquo;apparition du t\u00e9l\u00e9travail suite \u00e0 la crise de Covid-19.<\/p>\n<p>Pour recruter des jeunes dipl\u00f4m\u00e9s, des nouveaux talents, il est n\u00e9cessaire d&rsquo;avoir des services d&rsquo;un\u00a0recruteur sp\u00e9cialis\u00e9 IT\u00a0(Technologies de l\u2019information)\u00a0voire m\u00eame plus pr\u00e9cis\u00e9ment digital et e-commerce.<\/p>\n<h2 class=\"\">Ing\u00e9nieur Bio-Informaticien<\/h2>\n<p>Les milliards de donn\u00e9es produites par l\u2019organisation des g\u00e8nes peuvent \u00eatre exploit\u00e9es gr\u00e2ce au bio-informaticien et \u00e0 la puissance de calcul de son ordinateur. Les enjeux sont importants : d\u00e9couverte de nouveaux traitements, am\u00e9lioration des esp\u00e8ces, pr\u00e9servation de la biodiversit\u00e9, contr\u00f4le qualit\u00e9 dans l\u2019agro-industrie et l\u2019environnement.<\/p>\n<p>Pour exercer ce m\u00e9tier, une formation continue de BAC + 5 est requise.<\/p>\n<p>Notre liste d&rsquo;exemple en bien entendu non exhaustive, nous n&rsquo;oublions pas la reconversion professionnelle pour enseignant, la reconversion professionnelle pour psychologue, la reconversion professionnelle pour la cuisine, les coiffeurs, les aides soignantes&#8230;<\/p>\n<p><iframe loading=\"lazy\" title=\"La reconversion professionnelle\" width=\"500\" height=\"281\" src=\"https:\/\/www.youtube.com\/embed\/EiVUthswxl0?feature=oembed\" frameborder=\"0\" allow=\"accelerometer; autoplay; clipboard-write; encrypted-media; gyroscope; picture-in-picture; web-share\" referrerpolicy=\"strict-origin-when-cross-origin\" allowfullscreen><\/iframe><\/p>\n<h1>Les aides pour une reconversion professionnelle<\/h1>\n<p>Un <a href=\"https:\/\/www.formademia.fr\/formulaire\/coaching\">conseiller Mes Allocs<\/a> vous accompagne dans votre projet de reconversion et r\u00e9alise les d\u00e9marches pour vous faire b\u00e9n\u00e9ficier de toutes les aides. Contactez-nous !<\/p>\n<h2><strong>Le Compte Personnel de Formation (CPF)<\/strong><\/h2>\n<p>Tout comme les salari\u00e9s, vous pouvez b\u00e9n\u00e9ficier du compte personnel de formation CPF. Cela pour vous aider dans votre reconversion, mais \u00e9galement pour votre entr\u00e9e sur le march\u00e9 du travail.<\/p>\n<p>S\u00e9lectionnez un centre agr\u00e9\u00e9 pour faire votre bilan dans une zone g\u00e9ographique proche de votre domicile et de votre lieu de travail actuel.<\/p>\n<h2><strong>L\u2019Aide Individuelle \u00e0 la Formation (AIF)<\/strong><\/h2>\n<p>Vous pouvez b\u00e9n\u00e9ficier de l&rsquo;aide individuelle \u00e0 la formation AIF, si vous \u00eates demandeur d&#8217;emploi. Notez que les formations \u00e0 suivre doivent \u00eatre valid\u00e9es par le France Travail. Si vous ne touchez pas de l\u2019allocation de retour \u00e0 l\u2019emploi (ARE). Vous pouvez pr\u00e9tendre \u00e0 une r\u00e9mun\u00e9ration de formation de France Travail (RFFT). Celle-ci peut atteindre 769,49 \u20ac par mois. Si vous b\u00e9n\u00e9ficiez de l\u2019ARE, vous conservez cette indemnit\u00e9 pendant toute la dur\u00e9e de la formation.<\/p>\n<p>Vous pouvez \u00e9galement b\u00e9n\u00e9ficier d&rsquo;une aide \u00e0 l&#8217;emploi de l&rsquo; AFPA pour une reconversion r\u00e9ussite !<\/p>\n<div class='cta-block'><div class='text'>Besoin d&rsquo;aide dans votre reconversion ?<\/div><a href='https:\/\/www.formademia.fr\/coaching' class='app-button fit'>En savoir plus sur notre programme<\/a><\/div>\n","protected":false},"excerpt":{"rendered":"<p>[Mis \u00e0 jour le 03\/03\/2026] Le m\u00e9tier que vous avez actuellement ne vous convient plus et vous envisagez une reconversion professionnelle ? Il est tout \u00e0 fait possible de changer de m\u00e9tier si vous en avez envie ! Mes Allocs vous guide sur le m\u00e9tier vers lequel vous orienter dans le cadre d&rsquo;une reconversion professionnelle. [&hellip;]<\/p>\n","protected":false},"author":6,"featured_media":18372,"comment_status":"open","ping_status":"open","sticky":false,"template":"","format":"standard","meta":{"amp_status":"","footnotes":""},"categories":[5081],"tags":[],"class_list":["post-18364","post","type-post","status-publish","format-standard","has-post-thumbnail","hentry","category-reconversion-professionnelle"],"yoast_head":"<!-- This site is optimized with the Yoast SEO plugin v14.9 - https:\/\/yoast.com\/wordpress\/plugins\/seo\/ -->\n<title>Quel m\u00e9tier envisager lors d&#039;une reconversion professionnelle ?<\/title>\n<meta name=\"description\" content=\"Vous souhaitez entamer une reconversion professionnelle ? Mes Allocs vous oriente sur le choix du m\u00e9tier selon le secteur d&#039;activit\u00e9.\" \/>\n<meta name=\"robots\" content=\"index, follow, max-snippet:-1, max-image-preview:large, max-video-preview:-1\" \/>\n<link rel=\"canonical\" href=\"https:\/\/www.mes-allocs.fr\/guides\/reconversion-professionnelle\/reconversion-professionnelle-quel-metier\/\" \/>\n<meta property=\"og:locale\" content=\"fr_FR\" \/>\n<meta property=\"og:type\" content=\"article\" \/>\n<meta property=\"og:title\" content=\"Quel m\u00e9tier envisager lors d&#039;une reconversion professionnelle ?\" \/>\n<meta property=\"og:description\" content=\"Vous souhaitez entamer une reconversion professionnelle ? Mes Allocs vous oriente sur le choix du m\u00e9tier selon le secteur d&#039;activit\u00e9.\" \/>\n<meta property=\"og:url\" content=\"https:\/\/www.mes-allocs.fr\/guides\/reconversion-professionnelle\/reconversion-professionnelle-quel-metier\/\" \/>\n<meta property=\"og:site_name\" content=\"Mes-Allocs.fr\" \/>\n<meta property=\"article:published_time\" content=\"2021-04-06T08:40:59+00:00\" \/>\n<meta property=\"article:modified_time\" content=\"2026-03-03T15:52:36+00:00\" \/>\n<meta property=\"og:image\" content=\"https:\/\/www.mes-allocs.fr\/guides\/wp-content\/uploads\/2021\/01\/pexels-christina-morillo-1181615-e1611165761113.jpg?wsr\" \/>\n\t<meta property=\"og:image:width\" content=\"1280\" \/>\n\t<meta property=\"og:image:height\" content=\"560\" \/>\n<meta name=\"twitter:card\" content=\"summary_large_image\" \/>\n<script type=\"application\/ld+json\" class=\"yoast-schema-graph\">{\"@context\":\"https:\/\/schema.org\",\"@graph\":[{\"@type\":\"WebSite\",\"@id\":\"https:\/\/www.mes-allocs.fr\/guides\/#website\",\"url\":\"https:\/\/www.mes-allocs.fr\/guides\/\",\"name\":\"Mes-Allocs.fr\",\"description\":\"\",\"potentialAction\":[{\"@type\":\"SearchAction\",\"target\":\"https:\/\/www.mes-allocs.fr\/guides\/?s={search_term_string}\",\"query-input\":\"required name=search_term_string\"}],\"inLanguage\":\"fr-FR\"},{\"@type\":\"ImageObject\",\"@id\":\"https:\/\/www.mes-allocs.fr\/guides\/reconversion-professionnelle\/reconversion-professionnelle-quel-metier\/#primaryimage\",\"inLanguage\":\"fr-FR\",\"url\":\"https:\/\/www.mes-allocs.fr\/guides\/wp-content\/uploads\/2021\/01\/pexels-christina-morillo-1181615-e1611165761113.jpg?wsr\",\"width\":1280,\"height\":560,\"caption\":\"reconversion professionnelle quel m\\u00e9tier\"},{\"@type\":\"WebPage\",\"@id\":\"https:\/\/www.mes-allocs.fr\/guides\/reconversion-professionnelle\/reconversion-professionnelle-quel-metier\/#webpage\",\"url\":\"https:\/\/www.mes-allocs.fr\/guides\/reconversion-professionnelle\/reconversion-professionnelle-quel-metier\/\",\"name\":\"Quel m\\u00e9tier envisager lors d'une reconversion professionnelle ?\",\"isPartOf\":{\"@id\":\"https:\/\/www.mes-allocs.fr\/guides\/#website\"},\"primaryImageOfPage\":{\"@id\":\"https:\/\/www.mes-allocs.fr\/guides\/reconversion-professionnelle\/reconversion-professionnelle-quel-metier\/#primaryimage\"},\"datePublished\":\"2021-04-06T08:40:59+00:00\",\"dateModified\":\"2026-03-03T15:52:36+00:00\",\"author\":{\"@id\":\"https:\/\/www.mes-allocs.fr\/guides\/#\/schema\/person\/0ecd61a8600573914d00d970a588c024\"},\"description\":\"Vous souhaitez entamer une reconversion professionnelle ? Mes Allocs vous oriente sur le choix du m\\u00e9tier selon le secteur d'activit\\u00e9.\",\"inLanguage\":\"fr-FR\"},{\"@type\":\"Person\",\"@id\":\"https:\/\/www.mes-allocs.fr\/guides\/#\/schema\/person\/0ecd61a8600573914d00d970a588c024\",\"name\":\"Jonathan\",\"image\":{\"@type\":\"ImageObject\",\"@id\":\"https:\/\/www.mes-allocs.fr\/guides\/#personlogo\",\"inLanguage\":\"fr-FR\",\"url\":\"https:\/\/www.mes-allocs.fr\/guides\/wp-content\/uploads\/2021\/06\/jonathan-150x150.png\",\"caption\":\"Jonathan\"},\"description\":\"Jonathan est r\\u00e9dacteur au sein de l'\\u00e9quipe Mes Allocs, sp\\u00e9cialis\\u00e9 sur les sujets li\\u00e9s au handicap. Dipl\\u00f4m\\u00e9e de l'UPEM, il rejoint Mes Allocs apr\\u00e8s avoir travaill\\u00e9 \\u00e0 l'association AEDE qui accompagne les adultes en situation de handicap. Quand il n'\\u00e9crit pas, on peut le retrouver sur un terrain de basket.\",\"sameAs\":[\"https:\/\/www.linkedin.com\/in\/jonathan-bambela-8637861b7\"]}]}<\/script>\n<!-- \/ Yoast SEO plugin. -->","amp_validity":null,"acf":{"faq":{"1":{"question":"Quels sont les m\u00e9tiers qui recrutent sans dipl\u00f4me ?","answer":"Agent d'accueil.\r\nAgent logistique.\r\nAide-soignant.\r\nCroupier.\r\nEmploy\u00e9 dans la restauration collective.\r\nEntrepreneur.\r\nH\u00f4te de caisse\r\nLivreur"},"2":{"question":"Comment connaitre les m\u00e9tiers qui recrutent ? ","answer":"Vous pouvez vous renseigner avec Informations sur le march\u00e9 du travail, outil mis en place par P\u00f4le Emploi."},"3":{"question":"Quel est le salaire d'un animateur 3D ? ","answer":"Entre 1 800 \u20ac et 2 200 \u20ac brut par mois pour un animateur 3D d\u00e9butant. \r\n\u00c0 noter : les salaires sont sup\u00e9rieurs en r\u00e9gion parisienne, et les professionnels qui exercent en free lance n\u00e9gocient leurs contrats de mission."},"4":{"question":"Quel est le salaire moyen d'un infographiste ?","answer":"Un infographiste en d\u00e9but de carri\u00e8re per\u00e7oit en moyenne un salaire compris entre 1800 et 2000 euros par mois. Avec l'exp\u00e9rience, qui s'acquiert assez vite dans ce domaine, il peut pr\u00e9tendre \u00e0 3000 euros mensuels."},"5":{"question":"Comment devenir D\u00e9veloppeur mobile ?","answer":"Pour \u00eatre un bon d\u00e9veloppeur mobile, il faut avoir une bonne connaissance techniques des diff\u00e9rents OS mobiles. Avoir une vraie culture et maitrise de l'environnement mobile."},"6":{"question":"Qu'est-ce que le CPF ? ","answer":"Le compte personnel de formation (CPF) est utilisable par tout salari\u00e9, tout au long de sa vie active, y compris en p\u00e9riode de ch\u00f4mage, pour suivre une formation qualifiante ou certifiante. Le CPF a remplac\u00e9 le droit individuel \u00e0 la formation (Dif). Les salari\u00e9s ne perdent pas les heures acquises au titre du Dif."},"7":{"question":"","answer":""},"8":{"question":"","answer":""},"9":{"question":"","answer":""},"10":{"question":"","answer":""},"11":{"question":"","answer":""},"12":{"question":"","answer":""},"13":{"question":"","answer":""},"14":{"question":"","answer":""},"15":{"question":"","answer":""},"16":{"question":"","answer":""}}},"_links":{"self":[{"href":"https:\/\/www.mes-allocs.fr\/guides\/wp-json\/wp\/v2\/posts\/18364","targetHints":{"allow":["GET"]}}],"collection":[{"href":"https:\/\/www.mes-allocs.fr\/guides\/wp-json\/wp\/v2\/posts"}],"about":[{"href":"https:\/\/www.mes-allocs.fr\/guides\/wp-json\/wp\/v2\/types\/post"}],"author":[{"embeddable":true,"href":"https:\/\/www.mes-allocs.fr\/guides\/wp-json\/wp\/v2\/users\/6"}],"replies":[{"embeddable":true,"href":"https:\/\/www.mes-allocs.fr\/guides\/wp-json\/wp\/v2\/comments?post=18364"}],"version-history":[{"count":20,"href":"https:\/\/www.mes-allocs.fr\/guides\/wp-json\/wp\/v2\/posts\/18364\/revisions"}],"predecessor-version":[{"id":110003,"href":"https:\/\/www.mes-allocs.fr\/guides\/wp-json\/wp\/v2\/posts\/18364\/revisions\/110003"}],"wp:featuredmedia":[{"embeddable":true,"href":"https:\/\/www.mes-allocs.fr\/guides\/wp-json\/wp\/v2\/media\/18372"}],"wp:attachment":[{"href":"https:\/\/www.mes-allocs.fr\/guides\/wp-json\/wp\/v2\/media?parent=18364"}],"wp:term":[{"taxonomy":"category","embeddable":true,"href":"https:\/\/www.mes-allocs.fr\/guides\/wp-json\/wp\/v2\/categories?post=18364"},{"taxonomy":"post_tag","embeddable":true,"href":"https:\/\/www.mes-allocs.fr\/guides\/wp-json\/wp\/v2\/tags?post=18364"}],"curies":[{"name":"wp","href":"https:\/\/api.w.org\/{rel}","templated":true}]}}