{"id":18334,"date":"2021-03-29T14:35:10","date_gmt":"2021-03-29T14:35:10","guid":{"rendered":"https:\/\/www.mes-allocs.fr\/guides\/?p=18334"},"modified":"2026-03-03T16:36:15","modified_gmt":"2026-03-03T15:36:15","slug":"age-pour-une-reconversion-professionnelle","status":"publish","type":"post","link":"https:\/\/www.mes-allocs.fr\/guides\/reconversion-professionnelle\/age-pour-une-reconversion-professionnelle\/","title":{"rendered":"\u00c0 quel \u00e2ge faire une reconversion professionnelle ?"},"content":{"rendered":"<p><a href=\"https:\/\/www.mes-allocs.fr\/guides\/wp-content\/uploads\/2021\/01\/pexels-andrea-piacquadio-3762806-2.jpg\"><img loading=\"lazy\" decoding=\"async\" class=\"aligncenter wp-image-18339 size-large\" title=\"age pour une reconversion professionnelle\" src=\"https:\/\/www.mes-allocs.fr\/guides\/wp-content\/uploads\/2021\/01\/pexels-andrea-piacquadio-3762806-2-e1611831396570-1024x299.jpg\" alt=\"age pour une reconversion professionnelle\" width=\"1024\" height=\"299\" \/><\/a>[Mis \u00e0 jour le 03\/03\/2026] Aujourd&rsquo;hui de plus en plus de personnes pensent \u00e0 une <a href=\"https:\/\/www.mes-allocs.fr\/guides\/reconversion-professionnelle\/\">reconversion professionnelle<\/a>, que ce soit uniquement une reconversion ou une cr\u00e9ation d&rsquo;entreprise. D&rsquo;ailleurs, il a \u00e9t\u00e9 constat\u00e9 que 67 % des actifs avaient d\u00e9j\u00e0 une id\u00e9e de reconversion lorsqu&rsquo;ils ont quitt\u00e9 leur pr\u00e9c\u00e9dent emploi. Mais y&rsquo;a-t-il un <strong>\u00e2ge pour se reconvertir<\/strong> ? Mes Allocs vous explique en d\u00e9tail.<\/p>\n<div class='cta-block'><div class='text'>Besoin d&rsquo;aide dans votre reconversion ?<\/div><a href='https:\/\/www.formademia.fr\/coaching' class='app-button fit'>En savoir plus sur notre programme<\/a><\/div>\n<h1>\u00c0 quel \u00e2ge doit-on se reconvertir professionnellement ?<\/h1>\n<h2>Pas de limitation d&rsquo;\u00e2ge<\/h2>\n<p>Il n&rsquo;y a pas d&rsquo;\u00e2ge pour effectuer une reconversion professionnelle. Que vous souhaitiez acqu\u00e9rir de nouvelles comp\u00e9tences pour un poste de travail ou changer d&rsquo; orientation professionnelle, le principal est que vous soyez heureux dans votre parcours professionnel. Que vous fassiez votre <span data-sheets-value=\"{&quot;1&quot;:2,&quot;2&quot;:&quot;reconversion professionnelle \u00e0 40 ans&quot;}\" data-sheets-userformat=\"{&quot;2&quot;:12418,&quot;4&quot;:[null,2,12708556],&quot;10&quot;:2,&quot;15&quot;:&quot;Arial&quot;,&quot;16&quot;:9}\"><a href=\"https:\/\/www.mes-allocs.fr\/guides\/reconversion-professionnelle\/age-pour-reconversion-professionnelle\/reconversion-professionnelle-40-ans\/\">reconversion professionnelle \u00e0 40 ans<\/a>, 45 ans, ou que vous envisagiez une <a href=\"https:\/\/www.mes-allocs.fr\/guides\/reconversion-professionnelle\/age-pour-reconversion-professionnelle\/reconversion-professionnelle-50-ans\/\">changement de m\u00e9tier \u00e0 50 ans<\/a>, \u00e7a n&rsquo;a pas d&rsquo;importance.<\/span><\/p>\n<p><iframe loading=\"lazy\" title=\"La reconversion professionnelle\" width=\"500\" height=\"281\" src=\"https:\/\/www.youtube.com\/embed\/EiVUthswxl0?feature=oembed\" frameborder=\"0\" allow=\"accelerometer; autoplay; clipboard-write; encrypted-media; gyroscope; picture-in-picture; web-share\" referrerpolicy=\"strict-origin-when-cross-origin\" allowfullscreen><\/iframe><\/p>\n<h2>Pourquoi vouloir une nouvelle vie professionnelle ?<\/h2>\n<p>Les raisons qui poussent \u00e0 une r\u00e9orientation professionnelle sont de plus en plus nombreuses et cela peut importe l&rsquo;\u00e2ge que vous avez. 20, ans, 30 ans, 50 ans&#8230;. Ce projet de reconversion touche tous les secteurs d&rsquo;activit\u00e9.<\/p>\n<p><strong>Quelques raisons qui poussent \u00e0 changer de m\u00e9tier<\/strong><\/p>\n<ul>\n<li>Vous venez de vous rendre compte apr\u00e8s plusieurs ann\u00e9es que le poste que vous occupez au sein de votre entreprise. Mais ce dernier ne vous pla\u00eet plus vraiment.<\/li>\n<li>Vous avez choisi une voie qui ne d\u00e9bouche pas sur un emploi stable<\/li>\n<li>Vous avez subi un licenciement<\/li>\n<li>Vous vivez depuis quelques ann\u00e9es dans une tr\u00e8s mauvaise ambiance de travail<\/li>\n<li>Vous vous sentez mal dans votre poste de travail actuel, plusieurs raisons peuvent l&rsquo;expliquer<\/li>\n<li>Vous avez eu un accident du travail qui ne vous permet plus d\u2019exercer votre fonction au sein de l&rsquo;entreprise<\/li>\n<li>Vous avez tout simplement une forte envie de changement. De r\u00e9aliser votre r\u00eave, d\u2019avoir un m\u00e9tier plus enrichissant qui a du sens pour vous.<\/li>\n<\/ul>\n<div class='cta-block'><div class='text'>Besoin d&rsquo;aide dans votre reconversion ?<\/div><a href='https:\/\/www.formademia.fr\/coaching' class='app-button fit'>En savoir plus sur notre programme<\/a><\/div>\n<h1>Quelles sont les aides pour se r\u00e9orienter professionnellement ?<\/h1>\n<p>Il existe un certain nombre d&rsquo;<a href=\"https:\/\/www.mes-allocs.fr\/guides\/reconversion-professionnelle\/aide-reconversion-professionnelle\/\">aides \u00e0 la reconversion<\/a> dont vous pouvez b\u00e9n\u00e9ficier pour mener \u00e0 bien votre nouveau projet.<\/p>\n<h2 class=\"filet_title\">Le Projet de transition professionnelle (PTP)<\/h2>\n<p>Le projet de transition professionnelle (PTP) permet \u00e0 un salari\u00e9 de quitter temporairement son poste pour suivre une formation afin de changer de m\u00e9tier ou de profession.<\/p>\n<p>Il est accessible sous certaines conditions et n\u00e9cessite une demande aupr\u00e8s de l\u2019employeur. Pendant la formation, le salari\u00e9 continue d\u2019\u00eatre r\u00e9mun\u00e9r\u00e9.<\/p>\n<p>Les r\u00e8gles varient selon que vous \u00eates en CDI ou en CDD.<\/p>\n<p>Prenez <a href=\"https:\/\/www.formademia.fr\/formulaire\/coaching\">rendez-vous avec un conseiller Mes Allocs<\/a> pour r\u00e9aliser votre reconversion professionnelle !<\/p>\n<h2>Le bilan de comp\u00e9tences<\/h2>\n<p>Le <a href=\"https:\/\/www.mes-allocs.fr\/guides\/reconversion-professionnelle\/bilan-de-competences\/\">bilan de comp\u00e9tences<\/a> vous permet d&rsquo;analyser vos comp\u00e9tences, mais \u00e9galement vos motivations et vos envies. Vous pouvez le r\u00e9aliser soit dans le cadre d&rsquo;une reconversion professionnelle pour une entr\u00e9e prochaine sur le march\u00e9 de l&rsquo; emploi, soit pour l&rsquo;acquisition de comp\u00e9tences nouvelles.<\/p>\n<p>Ce bilan est \u00e0 r\u00e9aliser \u00e0 votre initiative dans un centre agr\u00e9er, que soit sur votre temps de travail ou non. Il a une dur\u00e9e de 24 heures sur 2 \u00e0 3 mois. Une fois ce bilan effectu\u00e9, vous recevrez un document de synth\u00e8se. Ce dernier est soumis \u00e0 une politique de confidentialit\u00e9.<\/p>\n<p><strong>Les personnes suivantes peuvent en b\u00e9n\u00e9ficier :<\/strong><\/p>\n<ul class=\"spip\">\n<li>les salari\u00e9s du secteur priv\u00e9,<\/li>\n<li>les demandeurs d\u2019emploi : la demande doit \u00eatre faite aupr\u00e8s de France Travail, de l\u2019APEC ou de Cap emploi,<\/li>\n<li>les salari\u00e9s du secteur public (fonctionnaires, agents non titulaires, etc.)\u00a0: textes sp\u00e9cifiques mais dans des conditions similaires aux salari\u00e9s.<\/li>\n<\/ul>\n<h2>Le Compte Personnel de Formation ou CPF<\/h2>\n<p>Le Compte Personnel de Formation \u00e9tait autrefois le DIF, gr\u00e2ce \u00e0 la Loi \u00ab\u00a0Pour la libert\u00e9 de choisir son avenir professionnel\u00a0\u00bb, ce sont des euros qui se cumulent sur le CPF afin de pouvoir vous former \u00e0 quand vous le souhaiter. Chaque ann\u00e9e, 500 \u20ac sont ajout\u00e9s sur ce compte (ex : pour un travail \u00e0 temps plein) mais avec un plafond 5000 \u20ac.<\/p>\n<p>Ce montant est de 800 \u20ac pour un salari\u00e9 non qualifi\u00e9 (avec un plafond de 8000 \u20ac). L\u2019avantage est que le salaire est maintenu lors d\u2019une formation faite avec le CPF. Si le CPF est insuffisant (en euros) pour financer votre formation, il existe des possibilit\u00e9s d&rsquo;abonnement.<\/p>\n<div class='cta-block'><div class='text'>Besoin d&rsquo;aide dans votre reconversion ?<\/div><a href='https:\/\/www.formademia.fr\/coaching' class='app-button fit'>En savoir plus sur notre programme<\/a><\/div>\n","protected":false},"excerpt":{"rendered":"<p>[Mis \u00e0 jour le 03\/03\/2026] Aujourd&rsquo;hui de plus en plus de personnes pensent \u00e0 une reconversion professionnelle, que ce soit uniquement une reconversion ou une cr\u00e9ation d&rsquo;entreprise. D&rsquo;ailleurs, il a \u00e9t\u00e9 constat\u00e9 que 67 % des actifs avaient d\u00e9j\u00e0 une id\u00e9e de reconversion lorsqu&rsquo;ils ont quitt\u00e9 leur pr\u00e9c\u00e9dent emploi. Mais y&rsquo;a-t-il un \u00e2ge pour se [&hellip;]<\/p>\n","protected":false},"author":7,"featured_media":18339,"comment_status":"open","ping_status":"open","sticky":false,"template":"","format":"standard","meta":{"amp_status":"","footnotes":""},"categories":[5081],"tags":[],"class_list":["post-18334","post","type-post","status-publish","format-standard","has-post-thumbnail","hentry","category-reconversion-professionnelle"],"yoast_head":"<!-- This site is optimized with the Yoast SEO plugin v14.9 - https:\/\/yoast.com\/wordpress\/plugins\/seo\/ -->\n<title>\u00c0 quel \u00e2ge faire une reconversion professionnelle ? | Mes-Allocs.fr<\/title>\n<meta name=\"description\" content=\"La reconversion professionnelle est de plus en plus courante. Mais existe-t-il un \u00e2ge pour la r\u00e9aliser ? Mes Allocs vous dit tout !\" \/>\n<meta name=\"robots\" content=\"index, follow, max-snippet:-1, max-image-preview:large, max-video-preview:-1\" \/>\n<link rel=\"canonical\" href=\"https:\/\/www.mes-allocs.fr\/guides\/reconversion-professionnelle\/age-pour-une-reconversion-professionnelle\/\" \/>\n<meta property=\"og:locale\" content=\"fr_FR\" \/>\n<meta property=\"og:type\" content=\"article\" \/>\n<meta property=\"og:title\" content=\"\u00c0 quel \u00e2ge faire une reconversion professionnelle ? | Mes-Allocs.fr\" \/>\n<meta property=\"og:description\" content=\"La reconversion professionnelle est de plus en plus courante. Mais existe-t-il un \u00e2ge pour la r\u00e9aliser ? Mes Allocs vous dit tout !\" \/>\n<meta property=\"og:url\" content=\"https:\/\/www.mes-allocs.fr\/guides\/reconversion-professionnelle\/age-pour-une-reconversion-professionnelle\/\" \/>\n<meta property=\"og:site_name\" content=\"Mes-Allocs.fr\" \/>\n<meta property=\"article:published_time\" content=\"2021-03-29T14:35:10+00:00\" \/>\n<meta property=\"article:modified_time\" content=\"2026-03-03T15:36:15+00:00\" \/>\n<meta property=\"og:image\" content=\"https:\/\/www.mes-allocs.fr\/guides\/wp-content\/uploads\/2021\/01\/pexels-andrea-piacquadio-3762806-2.jpg?wsr\" \/>\n\t<meta property=\"og:image:width\" content=\"1280\" \/>\n\t<meta property=\"og:image:height\" content=\"853\" \/>\n<meta name=\"twitter:card\" content=\"summary_large_image\" \/>\n<script type=\"application\/ld+json\" class=\"yoast-schema-graph\">{\"@context\":\"https:\/\/schema.org\",\"@graph\":[{\"@type\":\"WebSite\",\"@id\":\"https:\/\/www.mes-allocs.fr\/guides\/#website\",\"url\":\"https:\/\/www.mes-allocs.fr\/guides\/\",\"name\":\"Mes-Allocs.fr\",\"description\":\"\",\"potentialAction\":[{\"@type\":\"SearchAction\",\"target\":\"https:\/\/www.mes-allocs.fr\/guides\/?s={search_term_string}\",\"query-input\":\"required name=search_term_string\"}],\"inLanguage\":\"fr-FR\"},{\"@type\":\"ImageObject\",\"@id\":\"https:\/\/www.mes-allocs.fr\/guides\/reconversion-professionnelle\/age-pour-une-reconversion-professionnelle\/#primaryimage\",\"inLanguage\":\"fr-FR\",\"url\":\"https:\/\/www.mes-allocs.fr\/guides\/wp-content\/uploads\/2021\/01\/pexels-andrea-piacquadio-3762806-2.jpg?wsr\",\"width\":1280,\"height\":853,\"caption\":\"age pour une reconversion professionnelle\"},{\"@type\":\"WebPage\",\"@id\":\"https:\/\/www.mes-allocs.fr\/guides\/reconversion-professionnelle\/age-pour-une-reconversion-professionnelle\/#webpage\",\"url\":\"https:\/\/www.mes-allocs.fr\/guides\/reconversion-professionnelle\/age-pour-une-reconversion-professionnelle\/\",\"name\":\"\\u00c0 quel \\u00e2ge faire une reconversion professionnelle ? | Mes-Allocs.fr\",\"isPartOf\":{\"@id\":\"https:\/\/www.mes-allocs.fr\/guides\/#website\"},\"primaryImageOfPage\":{\"@id\":\"https:\/\/www.mes-allocs.fr\/guides\/reconversion-professionnelle\/age-pour-une-reconversion-professionnelle\/#primaryimage\"},\"datePublished\":\"2021-03-29T14:35:10+00:00\",\"dateModified\":\"2026-03-03T15:36:15+00:00\",\"author\":{\"@id\":\"https:\/\/www.mes-allocs.fr\/guides\/#\/schema\/person\/1c4837d5703727cb02ce84583b5a44aa\"},\"description\":\"La reconversion professionnelle est de plus en plus courante. Mais existe-t-il un \\u00e2ge pour la r\\u00e9aliser ? Mes Allocs vous dit tout !\",\"inLanguage\":\"fr-FR\"},{\"@type\":\"Person\",\"@id\":\"https:\/\/www.mes-allocs.fr\/guides\/#\/schema\/person\/1c4837d5703727cb02ce84583b5a44aa\",\"name\":\"Fabiola\",\"image\":{\"@type\":\"ImageObject\",\"@id\":\"https:\/\/www.mes-allocs.fr\/guides\/#personlogo\",\"inLanguage\":\"fr-FR\",\"url\":\"https:\/\/www.mes-allocs.fr\/guides\/wp-content\/uploads\/2021\/06\/fabiola-150x150.png\",\"caption\":\"Fabiola\"},\"description\":\"Fabiola est r\\u00e9dactrice au sein de l'\\u00e9quipe Mes Allocs, sp\\u00e9cialis\\u00e9e en sciences politiques et affaires publiques. Dipl\\u00f4m\\u00e9e de l'HEIP, elle rejoint Mes Allocs apr\\u00e8s une premi\\u00e8re exp\\u00e9rience \\u00e0 l'Assembl\\u00e9e Nationale.\",\"sameAs\":[\"https:\/\/www.linkedin.com\/in\/cecilia-philippe-b-8a8085195\"]}]}<\/script>\n<!-- \/ Yoast SEO plugin. -->","amp_validity":null,"acf":{"faq":{"1":{"question":"\u00c0 quel \u00e2ge doit-on se reconvertir ? ","answer":"Il n'y a pas d'\u00e2ge pour une reconversion professionnelle. Le plus important est de trouver la formation qui vous convienne le mieux."},"2":{"question":"Quelle est la dur\u00e9e d'un bilan de comp\u00e9tences ? ","answer":"La dur\u00e9e du bilan de comp\u00e9tences est de 24 heures maximum. Ces heures se r\u00e9partissent g\u00e9n\u00e9ralement sur plusieurs semaines."},"3":{"question":"\u00c0 quel moment faire un bilan de comp\u00e9tences ? ","answer":"Le bilan de comp\u00e9tences se fait \u00e0 votre initiative lorsque vous ressentez le besoin de faire un point dans votre carri\u00e8re."},"4":{"question":"Qu'est-ce que le CPF ? ","answer":"Le compte personnel de formation (CPF) est utilisable par tout salari\u00e9, tout au long de sa vie active, y compris en p\u00e9riode de ch\u00f4mage, pour suivre une formation qualifiante ou certifiante. Le CPF a remplac\u00e9 le droit individuel \u00e0 la formation (Dif). Les salari\u00e9s ne perdent pas les heures acquises au titre du Dif."},"5":{"question":"Comment sont cumul\u00e9es les heures CPF ? ","answer":"Le compte personnel de formation est aliment\u00e9 en heures \u00e0 la fin de chaque ann\u00e9e. "},"6":{"question":"Comment alimenter un CPF ? ","answer":" Le compte s'alimente en fin d'ann\u00e9e en heures de formation. Cette alimentation est li\u00e9e \u00e0 l'exercice d'une activit\u00e9 salari\u00e9e."},"7":{"question":"","answer":""},"8":{"question":"","answer":""},"9":{"question":"","answer":""},"10":{"question":"","answer":""},"11":{"question":"","answer":""},"12":{"question":"","answer":""},"13":{"question":"","answer":""},"14":{"question":"","answer":""},"15":{"question":"","answer":""},"16":{"question":"","answer":""}}},"_links":{"self":[{"href":"https:\/\/www.mes-allocs.fr\/guides\/wp-json\/wp\/v2\/posts\/18334","targetHints":{"allow":["GET"]}}],"collection":[{"href":"https:\/\/www.mes-allocs.fr\/guides\/wp-json\/wp\/v2\/posts"}],"about":[{"href":"https:\/\/www.mes-allocs.fr\/guides\/wp-json\/wp\/v2\/types\/post"}],"author":[{"embeddable":true,"href":"https:\/\/www.mes-allocs.fr\/guides\/wp-json\/wp\/v2\/users\/7"}],"replies":[{"embeddable":true,"href":"https:\/\/www.mes-allocs.fr\/guides\/wp-json\/wp\/v2\/comments?post=18334"}],"version-history":[{"count":22,"href":"https:\/\/www.mes-allocs.fr\/guides\/wp-json\/wp\/v2\/posts\/18334\/revisions"}],"predecessor-version":[{"id":109996,"href":"https:\/\/www.mes-allocs.fr\/guides\/wp-json\/wp\/v2\/posts\/18334\/revisions\/109996"}],"wp:featuredmedia":[{"embeddable":true,"href":"https:\/\/www.mes-allocs.fr\/guides\/wp-json\/wp\/v2\/media\/18339"}],"wp:attachment":[{"href":"https:\/\/www.mes-allocs.fr\/guides\/wp-json\/wp\/v2\/media?parent=18334"}],"wp:term":[{"taxonomy":"category","embeddable":true,"href":"https:\/\/www.mes-allocs.fr\/guides\/wp-json\/wp\/v2\/categories?post=18334"},{"taxonomy":"post_tag","embeddable":true,"href":"https:\/\/www.mes-allocs.fr\/guides\/wp-json\/wp\/v2\/tags?post=18334"}],"curies":[{"name":"wp","href":"https:\/\/api.w.org\/{rel}","templated":true}]}}