{"id":18316,"date":"2021-01-21T15:39:01","date_gmt":"2021-01-21T15:39:01","guid":{"rendered":"https:\/\/www.mes-allocs.fr\/guides\/?p=18316"},"modified":"2026-03-03T16:16:37","modified_gmt":"2026-03-03T15:16:37","slug":"aide-reconversion-professionnelle","status":"publish","type":"post","link":"https:\/\/www.mes-allocs.fr\/guides\/reconversion-professionnelle\/aide-reconversion-professionnelle\/","title":{"rendered":"Quelles aides pour votre reconversion professionnelle ?"},"content":{"rendered":"<p><a href=\"https:\/\/www.mes-allocs.fr\/guides\/wp-content\/uploads\/2021\/01\/pexels-vlada-karpovich-4050470.jpg\"><img loading=\"lazy\" decoding=\"async\" class=\"aligncenter wp-image-18321 size-large\" title=\"aide reconversion professionnelle\" src=\"https:\/\/www.mes-allocs.fr\/guides\/wp-content\/uploads\/2021\/01\/pexels-vlada-karpovich-4050470-e1611828971746-1024x338.jpg\" alt=\"aide reconversion professionnelle\" width=\"1024\" height=\"338\" \/><\/a><\/p>\n<p style=\"text-align: justify;\">[Mis \u00e0 jour le 03\/03\/2026] Aujourd&rsquo;hui, <a href=\"https:\/\/www.mes-allocs.fr\/guides\/reconversion-professionnelle\/\">la reconversion professionnelle<\/a> est de plus en plus courante. Mais la question que beaucoup se posent est : comment financer ma formation ? Vous pouvez bien entendu choisir l&rsquo;autofinancement pour votre projet professionnel, mais de nombreux dispositifs sont en vigueur pour vous aider \u00e0 changer d&rsquo;avenir professionnel. Mes Allocs vous \u00e9claire sur les <strong>aides disponibles pour votre reconversion professionnelle<\/strong>.<\/p>\n<div class='cta-block'><div class='text'>Besoin d&rsquo;aide dans votre reconversion ?<\/div><a href='https:\/\/www.formademia.fr\/coaching' class='app-button fit'>En savoir plus sur notre programme<\/a><\/div>\n<h1>Quelles aides pour la reconversion professionnelle d&rsquo;un salari\u00e9 ?<\/h1>\n<p>Un certain nombre d&rsquo;aides sont disponibles pour vous aider dans votre projet de reconversion professionnelle, que vous soyez demandeur d&rsquo; emploi ou bien salari\u00e9, on vous explique.<\/p>\n<p><iframe loading=\"lazy\" title=\"La reconversion professionnelle\" width=\"500\" height=\"281\" src=\"https:\/\/www.youtube.com\/embed\/EiVUthswxl0?feature=oembed\" frameborder=\"0\" allow=\"accelerometer; autoplay; clipboard-write; encrypted-media; gyroscope; picture-in-picture; web-share\" referrerpolicy=\"strict-origin-when-cross-origin\" allowfullscreen><\/iframe><\/p>\n<h2>Le bilan de comp\u00e9tences<\/h2>\n<p>Le <a href=\"https:\/\/www.mes-allocs.fr\/guides\/reconversion-professionnelle\/bilan-de-competences\/\">bilan de comp\u00e9tences<\/a> vous permet de faire un point sur votre carri\u00e8re. Permet \u00e9galement de faire un point sur votre vie professionnelle, d&rsquo;analyser vos comp\u00e9tences, vos aptitudes et vos motivations. Il est \u00e0 r\u00e9aliser dans un organisme de formation de votre choix, pendant ou en dehors du temps de travail.<\/p>\n<h2>Le Plan de D\u00e9veloppement des Comp\u00e9tences (PDC)<\/h2>\n<p>Autrefois appel\u00e9 Plan de Formation, ce dispositif est mis en place \u00e0 l&rsquo;initiative de votre employeur pour vous former. Ou bien pour vous aider \u00e0 acqu\u00e9rir de nouvelles comp\u00e9tences.<\/p>\n<p>Cela peut vous aider de vous d\u00e9velopper au sein de votre entreprise actuelle. Vous garder votre r\u00e9mun\u00e9ration durant la formation. Les frais suppl\u00e9mentaires sont \u00e0 la charge de l\u2019employeur (h\u00e9bergement, d\u00e9placement, repas).<\/p>\n<h2>Le Compte Personnel de Formation (CPF)<\/h2>\n<p>Le Compte Personnel de Formation \u00e9tait autrefois le DIF, gr\u00e2ce \u00e0 la Loi \u00ab\u00a0Pour la libert\u00e9 de choisir son avenir professionnel\u00a0\u00bb, ce sont des euros qui se cumulent sur le CPF afin de pouvoir vous former \u00e0 quand vous le souhaiter. Chaque ann\u00e9e, 500 \u20ac sont ajout\u00e9s sur ce compte (ex : pour un travail \u00e0 temps plein) mais avec un plafond \u00e0 5 000 \u20ac.<\/p>\n<p>Ce montant est de 800 \u20ac pour un salari\u00e9 non qualifi\u00e9 (avec un plafond de 800 \u20ac). L\u2019avantage est que le salaire est maintenu lors d\u2019une formation faite avec le CPF. Si le CPF est insuffisant (en euros) pour financer votre formation, il existe des possibilit\u00e9s d&rsquo;abonnement.<\/p>\n<h3>Le CPF de transition professionnelle<\/h3>\n<p>Autrefois appel\u00e9 le CIF, le CPF permet aux salari\u00e9s la possibilit\u00e9 de suivre une formation pour se reconvertir. Cette d\u00e9marche est propos\u00e9e aux salari\u00e9s, mais n&rsquo;est pas obligatoire. Il est accord\u00e9 par l&#8217;employeur et le salari\u00e9 continu de percevoir sa r\u00e9mun\u00e9ration pendant toute la dur\u00e9e de la formation.<\/p>\n<p>\u00c0 l&rsquo;inverse du PDC qui oblige \u00e0 suivre une formation en rapport avec le domaine d&rsquo;activit\u00e9 suivie actuellement par le salari\u00e9. Le Compte Personnel de Formation de transition professionnelle peut concerner un domaine de formation diff\u00e9rent.<\/p>\n<h3>P\u00e9riode de reconversion<\/h3>\n<p>La \u00ab p\u00e9riode de reconversion \u00bb remplace deux anciens dispositifs la reconversion ou promotion par alternance (Pro-A) et les transitions collectives (Transco).<\/p>\n<p>Il est ouvert \u00e0 tous les salari\u00e9s souhaitant changer de poste, contrairement \u00e0 l\u2019ancienne Pro-A qui ne s\u2019adressait qu\u2019aux CDI. Aucun crit\u00e8re d\u2019\u00e2ge, d\u2019exp\u00e9rience ou de niveau de qualification n\u2019est n\u00e9cessaire. Gr\u00e2ce \u00e0 ce dispositif, le salari\u00e9 peut obtenir :<\/p>\n<ul>\n<li>Une certification inscrite au R\u00e9pertoire national des certifications professionnelles (RNCP) ;<\/li>\n<li>Un Certificat de Qualification Professionnelle (CQP) de branche ou interbranche ;<\/li>\n<li>Un ou plusieurs blocs de comp\u00e9tences.<\/li>\n<\/ul>\n<p>L\u2019objectif est de faciliter la reconversion professionnelle pour tous les salari\u00e9s.<\/p>\n<div class='cta-block'><div class='text'>Besoin d&rsquo;aide dans votre reconversion ?<\/div><a href='https:\/\/www.formademia.fr\/coaching' class='app-button fit'>En savoir plus sur notre programme<\/a><\/div>\n<h1>Quelles aides pour la reconversion professionnelle d&rsquo;un demandeur d&#8217;emploi ?<\/h1>\n<h2><span class=\"field field--name-title field--type-string field--label-hidden\">Le Conseil en Evolution Professionnelle (CEP)<\/span><\/h2>\n<p class=\"text-align-justify\">Que vous soyez en activit\u00e9, en recherche d&#8217;emploi ou souhaitez vous tourner vers une cr\u00e9ation d&rsquo;entreprise, vous pouvez b\u00e9n\u00e9ficier du\u00a0conseil en \u00e9volution professionnelle (CEP)\u00a0dont l\u2019objectif est de favoriser l\u2019\u00e9volution et la s\u00e9curisation de son parcours professionnel.<\/p>\n<p class=\"text-align-justify\">Il s&rsquo;agit d&rsquo;un dispositif d&rsquo;accompagnement gratuit et personnalis\u00e9,\u00a0r\u00e9alis\u00e9 par des professionnels en toute confidentialit\u00e9, dans des structures d\u00e9sign\u00e9es comme op\u00e9rateurs du CEP.<\/p>\n<p class=\"text-align-justify\">Il permet de faire le point, de prendre du recul sur votre situation professionnelle. Mais \u00e9galement de r\u00e9aliser des choix \u00e9clair\u00e9s en fonction de vos comp\u00e9tences actuelles ou \u00e0 d\u00e9velopper, de votre parcours et de vos aspirations.<\/p>\n<h2>Le Compte Personnel de Formation (CPF)<\/h2>\n<p>Au m\u00eame titre que les salari\u00e9s, les demandeurs d&#8217;emploi peuvent b\u00e9n\u00e9ficier du Compte Personnel de Formation pour une formation professionnelle par exemple.<\/p>\n<h2>La r\u00e9mun\u00e9ration des Formations de France Travail (RFFT)<\/h2>\n<p>Il s&rsquo;agit d&rsquo;une indemnit\u00e9 vers\u00e9e par France Travail \u00e0 ceux qui suivent une formation agr\u00e9\u00e9e France Travail. Cela dans le cadre de leur projet personnalis\u00e9 d\u2019acc\u00e8s \u00e0 l\u2019emploi. Elle est accessible aux demandeurs d\u2019emploi qui ne peuvent pas acc\u00e9der aux diff\u00e9rents droits existants. Qu\u2019il s\u2019agisse de l\u2019ARE ou de l\u2019ASP, ou des aides du conseil r\u00e9gional.<\/p>\n<h2>La Pr\u00e9paration Op\u00e9rationnelle \u00e0 l\u2019Emploi Individuelle (POE)<\/h2>\n<p>Ce dispositif est accessible \u00e0 toutes les personnes en recherche d&#8217;emploi. Que vous soyez indemnis\u00e9 ou pas. Mais que vous souhaitez suivre une formation indispensable pour r\u00e9pondre \u00e0 une offre de travail d\u00e9pos\u00e9e par une entreprise directement chez France Travail. Une fois la formation termin\u00e9e, et si vous avez atteint le niveau n\u00e9cessaire. L&rsquo;entreprise est dans l&rsquo;obligation de vous proposer un contrat de travail.<\/p>\n<h2>L&rsquo;Action de Formation Pr\u00e9alable au Recrutement (AFPR)<\/h2>\n<p>AFPR est destin\u00e9 \u00e0 combler l&rsquo;\u00e9cart entre les comp\u00e9tences que d\u00e9tient le candidat et celles que requiert l&#8217;emploi vis\u00e9. Ou propos\u00e9 par France Travail. Ce dispositif est valide uniquement pour les offres de travail affichant une mention \u00ab\u00a0Action de Formation Pr\u00e9alable au Recrutement\u00a0\u00bb.<\/p>\n<h2>La Pr\u00e9paration Op\u00e9rationnelle \u00e0 l&rsquo;Emploi Collective (POEC)<\/h2>\n<p>La POEC permet de former des demandeurs d\u2019emploi \u00e0 des m\u00e9tiers sur lesquelles les entreprises ont du mal \u00e0 recruter. Toutes les personnes inscrites chez France Travail peuvent en b\u00e9n\u00e9ficier, qu&rsquo;elles sont indemnis\u00e9es ou pas.<\/p>\n<h2>L&rsquo;aide Individuelle \u00e0 la Formation AIF<\/h2>\n<p>Il s&rsquo;agit d&rsquo;une aide financi\u00e8re pour vous aider \u00e0 suivre une formation qui n&rsquo;est pas prise en charge par des organismes de financement collectifs. Ou encore bien individuels. L&rsquo;AIF s\u2019adresse aux demandeurs d\u2019emploi,\u00a0 aux les personnes en CRP (Convention de Reclassement Personnalis\u00e9), en CTP (Contrat de transition professionnel) ou en CSP (contrat s\u00e9curisation professionnelle).<\/p>\n<h2>Le ch\u00e8que Formation<\/h2>\n<p>Accessible par le Conseil r\u00e9gional, ce dispositif permet de suivre une formation professionnelle sanctionn\u00e9e par un dipl\u00f4me ou un titre professionnel enregistr\u00e9 au R\u00e9pertoire national des certifications (RNCP) ou \u00e9ligible au Compte personnel de formation (CPF).<\/p>\n<h2>Le cong\u00e9 mobilit\u00e9<\/h2>\n<p>Le cong\u00e9 de mobilit\u00e9 est une rupture d\u2019un commun accord d\u2019un CDI. L\u2019employeur peut le proposer via un accord collectif (GPEC) ou une rupture conventionnelle collective (RCC). Il aide le salari\u00e9 \u00e0 retrouver un emploi stable gr\u00e2ce \u00e0 un accompagnement, des formations et des p\u00e9riodes de travail en CDI ou CDD.<\/p>\n<p>Prenez <a href=\"https:\/\/www.formademia.fr\/formulaire\/coaching\">rendez-vous avec un conseiller Mes Allocs<\/a> pour r\u00e9aliser votre reconversion professionnelle et \u00eatre accompagn\u00e9 par un professionnel !<\/p>\n<h1>Quelles aides pour la reconversion professionnelle dans la fonction publique ?<\/h1>\n<h2>Cong\u00e9 de Formation Professionnelle (CFP)<\/h2>\n<p>Pour compl\u00e9ter votre formation personnelle, les fonctionnaires peuvent b\u00e9n\u00e9ficier du CFP. Ce dernier peut financer des stages de formations, que ce soit personnel ou bien professionnel non propos\u00e9 par l&rsquo;administration.<\/p>\n<p><strong>\u00c0 noter : le CFP peut \u00eatre cumul\u00e9 avec le CPF.<\/strong><\/p>\n<h2>Cong\u00e9 de formation-mobilit\u00e9 des fonctionnaires de l\u2019\u00c9tat<\/h2>\n<p>Il s&rsquo;agit d&rsquo;un cong\u00e9 individuel de formation qui a pour but de favoriser la mobilit\u00e9 et le d\u00e9tachement d&rsquo;un fonctionnaire d&rsquo;un corps administratif. \u00c0 un autre par la mise en \u0153uvre d&rsquo;une formation.<\/p>\n<h2>P\u00e9riode de professionnalisation (FPH)<\/h2>\n<p>Le FPH s&rsquo;adresse aux personnes de la fonction publique hospitali\u00e8re. cette p\u00e9riode de professionnalisation offre la possibilit\u00e9 de se former pour acqu\u00e9rir de nouvelles fonctions ou comp\u00e9tences.<\/p>\n<h1>Quelles aides pour la reconversion professionnelle d&rsquo;un travailleur non-salari\u00e9 ?<\/h1>\n<h2>Fonds d&rsquo;Assurance Formation des Chefs exer\u00e7ant une activit\u00e9 artisanale FAFCEA<\/h2>\n<p>Le FAFCEA prend en charge les formations pour les chefs d&rsquo;entreprise, mais \u00e9galement pour les autoentrepreneurs qui exercent une activit\u00e9 artisanale. Le financement prend en charge les stages de formation technique, les stages professionnels, les stages de formation transversaux et les stages sp\u00e9cifiques.<\/p>\n<p><strong>\u00c0 noter : Si vous avez un collaborateur ou bien un associ\u00e9, ce dernier peut \u00e9galement b\u00e9n\u00e9ficier du FAFCEA.<\/strong><\/p>\n<h2>Fonds Interprofessionnels de Formation des Professions Lib\u00e9rales<\/h2>\n<p>Le FIF-PL prend en charge les formations pour les personnes en professions lib\u00e9rales. Votre conjoint collaborateur peut \u00e9galement en b\u00e9n\u00e9ficier.<\/p>\n<h2>Fonds pour la formation des entrepreneurs du vivant<\/h2>\n<p>Le VIVEA finance les formations destin\u00e9es aux chefs d&rsquo;entreprise agricole, du paysage ou de travaux forestiers. La prise en charge est \u00e9galement possible pour le conjoint collaborateur.<\/p>\n<h2>Fonds d&rsquo;Assurance Formation Professions m\u00e9dicales<\/h2>\n<p>Le FAFPM finance les formations destin\u00e9es aux m\u00e9decins exer\u00e7ants \u00e0 titre lib\u00e9ral. La prise en charge est \u00e9galement possible pour le conjoint collaborateur.<\/p>\n<p>Le financement peut concerner les congr\u00e8s, s\u00e9minaires, symposia, cours et autres colloques en France ou \u00e0 l&rsquo;\u00e9tranger, incluant des sessions de formation sur des th\u00e8mes pr\u00e9cis, ainsi que les formations dipl\u00f4mantes, langues \u00e9trang\u00e8res pour am\u00e9liorer la relation avec les patients ou la participation \u00e0 des congr\u00e8s ou essais cliniques.<\/p>\n<div class='cta-block'><div class='text'>Besoin d&rsquo;aide dans votre reconversion ?<\/div><a href='https:\/\/www.formademia.fr\/coaching' class='app-button fit'>En savoir plus sur notre programme<\/a><\/div>\n","protected":false},"excerpt":{"rendered":"<p>[Mis \u00e0 jour le 03\/03\/2026] Aujourd&rsquo;hui, la reconversion professionnelle est de plus en plus courante. Mais la question que beaucoup se posent est : comment financer ma formation ? Vous pouvez bien entendu choisir l&rsquo;autofinancement pour votre projet professionnel, mais de nombreux dispositifs sont en vigueur pour vous aider \u00e0 changer d&rsquo;avenir professionnel. Mes Allocs [&hellip;]<\/p>\n","protected":false},"author":10,"featured_media":18321,"comment_status":"open","ping_status":"open","sticky":false,"template":"","format":"standard","meta":{"amp_status":"","footnotes":""},"categories":[5081],"tags":[],"class_list":["post-18316","post","type-post","status-publish","format-standard","has-post-thumbnail","hentry","category-reconversion-professionnelle"],"yoast_head":"<!-- This site is optimized with the Yoast SEO plugin v14.9 - https:\/\/yoast.com\/wordpress\/plugins\/seo\/ -->\n<title>Quelles aides pour votre reconversion professionnelle ? | Mes-Allocs.fr<\/title>\n<meta name=\"description\" content=\"Vous envisagez une reconversion professionnelle ? D\u00e9couvrez toutes les aides mises en place pour vous accompagner !\" \/>\n<meta name=\"robots\" content=\"index, follow, max-snippet:-1, max-image-preview:large, max-video-preview:-1\" \/>\n<link rel=\"canonical\" href=\"https:\/\/www.mes-allocs.fr\/guides\/reconversion-professionnelle\/aide-reconversion-professionnelle\/\" \/>\n<meta property=\"og:locale\" content=\"fr_FR\" \/>\n<meta property=\"og:type\" content=\"article\" \/>\n<meta property=\"og:title\" content=\"Quelles aides pour votre reconversion professionnelle ? | Mes-Allocs.fr\" \/>\n<meta property=\"og:description\" content=\"Vous envisagez une reconversion professionnelle ? D\u00e9couvrez toutes les aides mises en place pour vous accompagner !\" \/>\n<meta property=\"og:url\" content=\"https:\/\/www.mes-allocs.fr\/guides\/reconversion-professionnelle\/aide-reconversion-professionnelle\/\" \/>\n<meta property=\"og:site_name\" content=\"Mes-Allocs.fr\" \/>\n<meta property=\"article:published_time\" content=\"2021-01-21T15:39:01+00:00\" \/>\n<meta property=\"article:modified_time\" content=\"2026-03-03T15:16:37+00:00\" \/>\n<meta property=\"og:image\" content=\"https:\/\/www.mes-allocs.fr\/guides\/wp-content\/uploads\/2021\/01\/pexels-vlada-karpovich-4050470.jpg?wsr\" \/>\n\t<meta property=\"og:image:width\" content=\"1280\" \/>\n\t<meta property=\"og:image:height\" content=\"853\" \/>\n<meta name=\"twitter:card\" content=\"summary_large_image\" \/>\n<script type=\"application\/ld+json\" class=\"yoast-schema-graph\">{\"@context\":\"https:\/\/schema.org\",\"@graph\":[{\"@type\":\"WebSite\",\"@id\":\"https:\/\/www.mes-allocs.fr\/guides\/#website\",\"url\":\"https:\/\/www.mes-allocs.fr\/guides\/\",\"name\":\"Mes-Allocs.fr\",\"description\":\"\",\"potentialAction\":[{\"@type\":\"SearchAction\",\"target\":\"https:\/\/www.mes-allocs.fr\/guides\/?s={search_term_string}\",\"query-input\":\"required name=search_term_string\"}],\"inLanguage\":\"fr-FR\"},{\"@type\":\"ImageObject\",\"@id\":\"https:\/\/www.mes-allocs.fr\/guides\/reconversion-professionnelle\/aide-reconversion-professionnelle\/#primaryimage\",\"inLanguage\":\"fr-FR\",\"url\":\"https:\/\/www.mes-allocs.fr\/guides\/wp-content\/uploads\/2021\/01\/pexels-vlada-karpovich-4050470.jpg?wsr\",\"width\":1280,\"height\":853,\"caption\":\"aide reconversion professionnelle\"},{\"@type\":\"WebPage\",\"@id\":\"https:\/\/www.mes-allocs.fr\/guides\/reconversion-professionnelle\/aide-reconversion-professionnelle\/#webpage\",\"url\":\"https:\/\/www.mes-allocs.fr\/guides\/reconversion-professionnelle\/aide-reconversion-professionnelle\/\",\"name\":\"Quelles aides pour votre reconversion professionnelle ? | Mes-Allocs.fr\",\"isPartOf\":{\"@id\":\"https:\/\/www.mes-allocs.fr\/guides\/#website\"},\"primaryImageOfPage\":{\"@id\":\"https:\/\/www.mes-allocs.fr\/guides\/reconversion-professionnelle\/aide-reconversion-professionnelle\/#primaryimage\"},\"datePublished\":\"2021-01-21T15:39:01+00:00\",\"dateModified\":\"2026-03-03T15:16:37+00:00\",\"author\":{\"@id\":\"https:\/\/www.mes-allocs.fr\/guides\/#\/schema\/person\/8d47b912c0ad15f379df96b4e4e33f58\"},\"description\":\"Vous envisagez une reconversion professionnelle ? D\\u00e9couvrez toutes les aides mises en place pour vous accompagner !\",\"inLanguage\":\"fr-FR\"},{\"@type\":\"Person\",\"@id\":\"https:\/\/www.mes-allocs.fr\/guides\/#\/schema\/person\/8d47b912c0ad15f379df96b4e4e33f58\",\"name\":\"Constance de Cagny\",\"image\":{\"@type\":\"ImageObject\",\"@id\":\"https:\/\/www.mes-allocs.fr\/guides\/#personlogo\",\"inLanguage\":\"fr-FR\",\"url\":\"https:\/\/www.mes-allocs.fr\/guides\/wp-content\/uploads\/2021\/06\/Constance.2e8ee0b.png\",\"caption\":\"Constance de Cagny\"},\"description\":\"Constance est r\\u00e9dactrice au sein de l'\\u00e9quipe Mes Allocs. Elle a l'habitude d'\\u00e9crire sur les sujets conso, bons plans et \\u00e9conomies. Dipl\\u00f4m\\u00e9e de l'ENACO, elle rejoint Mes Allocs apr\\u00e8s une premi\\u00e8re exp\\u00e9rience en cabinet notarial.\",\"sameAs\":[\"https:\/\/www.linkedin.com\/in\/constance-de-cagny-mayeur-bbb414135\"]}]}<\/script>\n<!-- \/ Yoast SEO plugin. -->","amp_validity":null,"acf":{"faq":{"1":{"question":"Quel est le prix d'un bilan de comp\u00e9tence ?","answer":"Le co\u00fbt d'un bilan de comp\u00e9tences : un tarif variable.\r\n\r\nIl n'existe aucune r\u00e8glementation et chaque organisme peut librement fixer ses prix, lesquels s'\u00e9chelonnent entre 1 500 et 3 000 euros, avec un co\u00fbt moyen d'environ 2 000 euros."},"2":{"question":"Quelle est la dur\u00e9e d'un bilan de comp\u00e9tences ?","answer":"La dur\u00e9e du bilan de comp\u00e9tences est de 24 heures maximum. Ces heures se r\u00e9partissent g\u00e9n\u00e9ralement sur plusieurs semaines."},"3":{"question":"Qu'est-ce que le POE France Travail?","answer":"La Pr\u00e9paration Op\u00e9rationnelle \u00e0 l'Emploi individuelle (POE I) permet la mise en place d'une formation de pr\u00e9paration \u00e0 cette prise de poste. Vous sollicitez France Travail pour un recrutement : un contrat \u00e0 dur\u00e9e d\u00e9termin\u00e9e (CDD) d'au moins douze mois, contrat \u00e0 dur\u00e9e ind\u00e9termin\u00e9e (CDI)."},"4":{"question":"C'est quoi un contrat AFPR ?","answer":"L'Action de Formation Pr\u00e9alable au Recrutement (AFPR) est destin\u00e9e \u00e0 combler l'\u00e9cart entre les comp\u00e9tences que vous d\u00e9tenez et celles que requiert l'emploi que vous visez. Ce dispositif s'applique \u00e0 toute personne inscrite \u00e0 France Travail."},"5":{"question":"\ud83e\udd37\u200d\u2640\ufe0f Qu'est-ce que le CFP ?","answer":"Le cong\u00e9 de formation professionnelle (CFP), dont la dur\u00e9e ne peut exc\u00e9der trois ann\u00e9es pour l'ensemble de la carri\u00e8re, permet aux agents de parfaire leur formation personnelle par le biais de stages de formation \u00e0 caract\u00e8re professionnel ou personnel qui ne leur sont pas propos\u00e9s par l'administration."},"6":{"question":"\ud83e\udd1d Comment utiliser son CPF quand on est fonctionnaire ?","answer":"L'agent qui souhaite utiliser ces heures formule par \u00e9crit sa demande de formation au titre du CPF. Il pr\u00e9cise le projet d'\u00e9volution professionnelle qui la sous-tend, pr\u00e9par\u00e9 si besoin avec l'aide d'un conseiller form\u00e9 \u00e0 cet accompagnement."},"7":{"question":"","answer":""},"8":{"question":"","answer":""},"9":{"question":"","answer":""},"10":{"question":"","answer":""},"11":{"question":"","answer":""},"12":{"question":"","answer":""},"13":{"question":"","answer":""},"14":{"question":"","answer":""},"15":{"question":"","answer":""},"16":{"question":"","answer":""}}},"_links":{"self":[{"href":"https:\/\/www.mes-allocs.fr\/guides\/wp-json\/wp\/v2\/posts\/18316","targetHints":{"allow":["GET"]}}],"collection":[{"href":"https:\/\/www.mes-allocs.fr\/guides\/wp-json\/wp\/v2\/posts"}],"about":[{"href":"https:\/\/www.mes-allocs.fr\/guides\/wp-json\/wp\/v2\/types\/post"}],"author":[{"embeddable":true,"href":"https:\/\/www.mes-allocs.fr\/guides\/wp-json\/wp\/v2\/users\/10"}],"replies":[{"embeddable":true,"href":"https:\/\/www.mes-allocs.fr\/guides\/wp-json\/wp\/v2\/comments?post=18316"}],"version-history":[{"count":31,"href":"https:\/\/www.mes-allocs.fr\/guides\/wp-json\/wp\/v2\/posts\/18316\/revisions"}],"predecessor-version":[{"id":109988,"href":"https:\/\/www.mes-allocs.fr\/guides\/wp-json\/wp\/v2\/posts\/18316\/revisions\/109988"}],"wp:featuredmedia":[{"embeddable":true,"href":"https:\/\/www.mes-allocs.fr\/guides\/wp-json\/wp\/v2\/media\/18321"}],"wp:attachment":[{"href":"https:\/\/www.mes-allocs.fr\/guides\/wp-json\/wp\/v2\/media?parent=18316"}],"wp:term":[{"taxonomy":"category","embeddable":true,"href":"https:\/\/www.mes-allocs.fr\/guides\/wp-json\/wp\/v2\/categories?post=18316"},{"taxonomy":"post_tag","embeddable":true,"href":"https:\/\/www.mes-allocs.fr\/guides\/wp-json\/wp\/v2\/tags?post=18316"}],"curies":[{"name":"wp","href":"https:\/\/api.w.org\/{rel}","templated":true}]}}