{"id":17964,"date":"2021-01-20T15:01:34","date_gmt":"2021-01-20T15:01:34","guid":{"rendered":"https:\/\/www.mes-allocs.fr\/guides\/?p=17964"},"modified":"2026-04-03T14:25:45","modified_gmt":"2026-04-03T13:25:45","slug":"recours-radiation-rsa","status":"publish","type":"post","link":"https:\/\/www.mes-allocs.fr\/guides\/rsa\/recours-rsa\/recours-radiation-rsa\/","title":{"rendered":"RSA : comment faire un recours apr\u00e8s une radiation ?"},"content":{"rendered":"<p><img loading=\"lazy\" decoding=\"async\" class=\"alignnone wp-image-17971 size-full\" title=\"recours radiation rsa\" src=\"https:\/\/www.mes-allocs.fr\/guides\/wp-content\/uploads\/2021\/01\/pexels-zen-chung-5538618-1-e1610588966533.jpg\" alt=\"recours radiation rsa\" width=\"1280\" height=\"368\" srcset=\"https:\/\/www.mes-allocs.fr\/guides\/wp-content\/uploads\/2021\/01\/pexels-zen-chung-5538618-1-e1610588966533.jpg 1280w, https:\/\/www.mes-allocs.fr\/guides\/wp-content\/uploads\/2021\/01\/pexels-zen-chung-5538618-1-e1610588966533-300x86.jpg 300w, https:\/\/www.mes-allocs.fr\/guides\/wp-content\/uploads\/2021\/01\/pexels-zen-chung-5538618-1-e1610588966533-1024x294.jpg 1024w, https:\/\/www.mes-allocs.fr\/guides\/wp-content\/uploads\/2021\/01\/pexels-zen-chung-5538618-1-e1610588966533-768x221.jpg 768w, https:\/\/www.mes-allocs.fr\/guides\/wp-content\/uploads\/2021\/01\/pexels-zen-chung-5538618-1-e1610588966533-600x173.jpg 600w\" sizes=\"auto, (max-width: 1280px) 100vw, 1280px\" \/><\/p>\n<p style=\"text-align: justify;\">[Mis \u00e0 jour le 03\/04\/2026] Le Revenu de Solidarit\u00e9 Active (<a href=\"https:\/\/www.mes-allocs.fr\/guides\/rsa\">RSA<\/a>) est une aide financi\u00e8re aux familles avec peu de ressources d&rsquo;avoir un minimum de revenus. Le dispositif RSA vient en aide aux plus de 25 ans, aux jeunes actifs de moins de 25 ans et aux jeunes parents. La demande de RSA peut \u00eatre faite aupr\u00e8s de la CAF ou de la MSA. Sous quelles conditions peut-on vous retirer le RSA ? Comment faire un recours apr\u00e8s une radiation ?<\/p>\n<div class='cta-block'><div class='text'>Simulez vos aides en 2 min.<\/div><a href='https:\/\/www.mes-allocs.fr\/ab-app?origin=guides\/wp-json\/wp\/v2\/posts\/17964' class='app-button fit'>Simulation gratuite<\/a><\/div>\n<h1>Quels sont les motifs de radiation du RSA ?<\/h1>\n<h2>Vous ne respectez pas vos obligations<\/h2>\n<div class=\"choice-tree-item-demarche printArea\" data-test=\"choiceTreeResult\">\n<div class=\"choice-tree-list-answer\">\n<p>Conform\u00e9ment \u00e0 la loi, les services du d\u00e9partement peuvent d\u00e9cider de r\u00e9duire votre RSA, si vous \u00eates dans l&rsquo;un des cas suivants :<\/p>\n<ul>\n<li>votre projet personnalis\u00e9 d&rsquo;acc\u00e8s \u00e0 l&#8217;emploi (PPAE) ou votre contrat d&rsquo;insertion ne sont pas r\u00e9dig\u00e9s dans les d\u00e9lais demand\u00e9s sans motif l\u00e9gitime de votre part ;<\/li>\n<li style=\"text-align: justify;\">Vous ne suivez pas, sans raison l\u00e9gitime, les dispositions pr\u00e9vues dans votre PPAE ou votre contrat d&rsquo;engagements r\u00e9ciproques. Vous refusez plusieurs fois des offres raisonnables d&#8217;emploi ;<\/li>\n<li style=\"text-align: justify;\">vous subissez une proc\u00e9dure de radiation de P\u00f4le emploi et vous \u00eates radi\u00e9 de la liste des demandeurs d&#8217;emploi ;<\/li>\n<li style=\"text-align: justify;\">Vous refusez de vous soumettre aux contr\u00f4les pr\u00e9vus sur les donn\u00e9es personnelles de votre dossier.<\/li>\n<\/ul>\n<p style=\"text-align: justify;\">Lorsque les services du d\u00e9partement veulent r\u00e9duire votre RSA vous devez pr\u00e9senter vos observations \u00e0 une \u00e9quipe. Cette \u00e9quipe est compos\u00e9e notamment d&rsquo;agents de P\u00f4le emploi, de repr\u00e9sentants du d\u00e9partement, des professionnels de l&rsquo;insertion sociale et professionnelle.<\/p>\n<p style=\"text-align: justify;\">Les services du d\u00e9partement peuvent d\u00e9cider de reprendre le versement du RSA lors de la signature du PPAE ou de l&rsquo;un des contrats d&rsquo;engagement.<\/p>\n<p style=\"text-align: justify;\">Lors de la 1<sup>re<\/sup>\u00a0sanction, le montant de votre RSA peut \u00eatre r\u00e9duit jusqu&rsquo;\u00e0\u00a0<span class=\"prix\">80\u00a0%<\/span>\u00a0pour 1 \u00e0 3 mois.<\/p>\n<p style=\"text-align: justify;\">Lors des sanctions suivantes, le pourcentage de r\u00e9duction est fix\u00e9 par les services du d\u00e9partement pour 1 \u00e0 4 mois.<\/p>\n<p>Toutefois, la r\u00e9duction ne peut pas d\u00e9passer\u00a0<span class=\"prix\">50\u00a0%<\/span>, dans les 2 cas, si votre foyer comprend d&rsquo;autres personnes que vous-m\u00eame.<\/p>\n<p>\u00c0 la fin d&rsquo;une p\u00e9riode de r\u00e9duction, les services du d\u00e9partement peuvent vous radier de la liste des b\u00e9n\u00e9ficiaires du RSA.<\/p>\n<h2>En cas d&rsquo;hospitalisation<\/h2>\n<p style=\"text-align: justify;\">Le montant de votre RSA sera r\u00e9duit de <span class=\"prix\">50\u00a0%<\/span> si vous \u00eates dans les cas o\u00f9 vous:<\/p>\n<ul style=\"text-align: justify;\">\n<li>\u00eates hospitalis\u00e9 dans un \u00e9tablissement de sant\u00e9 pendant plus de 60 jours ;<\/li>\n<li>b\u00e9n\u00e9ficiez d&rsquo;une prise en charge par l&rsquo;assurance maladie ;<\/li>\n<li>vivez seul et vous n&rsquo;avez personne \u00e0 charge.<\/li>\n<\/ul>\n<p style=\"text-align: justify;\">Si vous \u00eates enceinte, cette r\u00e9duction ne s&rsquo;applique pas.<\/p>\n<p style=\"text-align: justify;\">Cette r\u00e9duction prend effet lors de la 2<sup>e<\/sup>\u00a0r\u00e9vision trimestrielle de votre RSA suivant le d\u00e9but de votre hospitalisation.<\/p>\n<h2>En cas d&rsquo;incarc\u00e9ration<\/h2>\n<p style=\"text-align: justify;\">Votre RSA est suspendu \u00e0 compter de la 2<sup>e<\/sup> r\u00e9vision trimestrielle suivant le d\u00e9but de votre incarc\u00e9ration si vous :<\/p>\n<ul style=\"text-align: justify;\">\n<li>\u00eates incarc\u00e9r\u00e9 pour une dur\u00e9e sup\u00e9rieure \u00e0 60 jours ;<\/li>\n<li>vivez seul et vous n&rsquo;avez aucune personne \u00e0 charge<\/li>\n<\/ul>\n<p style=\"text-align: justify;\">Si vous vivez en couple ou avez une personne \u00e0 charge, le droit au RSA de ces personnes est r\u00e9examin\u00e9. Vous n&rsquo;\u00eates alors plus consid\u00e9r\u00e9 comme membre du foyer.<\/p>\n<p style=\"text-align: justify;\">Le versement du RSA reprend \u00e0 compter du 1<sup>er<\/sup>\u00a0jour du mois au cours duquel votre incarc\u00e9ration prend fin.<\/p>\n<div class='cta-block'><div class='text'> Simulez votre RSA en 2 min. Gratuit.<\/div><a href='https:\/\/www.mes-allocs.fr\/ab-app?origin=guides\/wp-json\/wp\/v2\/posts\/17964' class='app-button fit'>Simulation gratuite<\/a><\/div>\n<h1>Recours radiation RSA ou r\u00e9duction<\/h1>\n<p>Vous avez re\u00e7u une notification de la d\u00e9cision relative au RSA. Cette d\u00e9cision de la CAF ne vous convient pas ? Voici les recours possibles.<\/p>\n<h2>Contester aupr\u00e8s de la CAF<\/h2>\n<p>Vous pouvez envoyer une lettre de contestation \u00e0 la CAF. Voici un <a href=\"https:\/\/www.mes-allocs.fr\/guides\/rsa\/recours-rsa\/modele-lettre-contestation-suivant-refus-rsa\/\">mod\u00e8le de lettre<\/a>.<\/p>\n<p>Mais vous pouvez aussi saisir la Commission de Recours Amiable. Pour cela, adressez un courrier en recommand\u00e9 avec accus\u00e9 de r\u00e9ception au Pr\u00e9sident de la CRA de votre CAF.<\/p>\n<h2>Recours administratif pr\u00e9alable devant le pr\u00e9sident du d\u00e9partement<\/h2>\n<p style=\"text-align: justify;\">\u00c0 compter de la date de notification de suppression du RSA (ou r\u00e9duction), <strong>vous avez<\/strong>\u00a0<strong>2 mois pour contester cette d\u00e9cision<\/strong>. Votre contestation devra \u00eatre adress\u00e9e au Pr\u00e9sident du Conseil G\u00e9n\u00e9ral de votre lieu de r\u00e9sidence en recommand\u00e9 avec accus\u00e9 de r\u00e9ception ou \u00eatre remise en main propre contre r\u00e9c\u00e9piss\u00e9. Votre courrier doit pr\u00e9senter l&rsquo;objet du litige et vous devez envoyer un justificatif de la d\u00e9cision contest\u00e9e.<\/p>\n<h2>M\u00e9diation devant le d\u00e9fenseur des droits<\/h2>\n<div class=\"fiche-item\">\n<div id=\"fiche-item-1\" class=\"fiche-item-content collapse in\" aria-hidden=\"false\">\n<p style=\"text-align: justify;\">Le D\u00e9fenseur des droits (ou son d\u00e9l\u00e9gu\u00e9) peut \u00eatre saisi par un particulier (quelle que soit sa nationalit\u00e9, son \u00e2ge, son domicile), une association ou un groupement ou une soci\u00e9t\u00e9.<\/p>\n<p style=\"text-align: justify;\">Le service du d\u00e9fenseur des droits est gratuit.<\/p>\n<p style=\"text-align: justify;\">Si votre demande concerne une erreur de proc\u00e9dure, une incompr\u00e9hension, une d\u00e9faillance d&rsquo;une administration, le D\u00e9fenseur des droits va essayer de\u00a0<dfn>r\u00e9gler de mani\u00e8re amiable<\/dfn>\u00a0le conflit.<\/p>\n<p style=\"text-align: justify;\">Si le r\u00e8glement amiable n&rsquo;est pas possible, le D\u00e9fenseur des droits fait une recommandation \u00e0 l&rsquo;administration concern\u00e9e. Il peut par exemple lui demander de r\u00e9gler le probl\u00e8me d&rsquo;une personne dans un certain d\u00e9lai. L\u2019administration doit informer le D\u00e9fenseur des droits des suites donn\u00e9es \u00e0 sa recommandation.<\/p>\n<p style=\"text-align: justify;\">Le D\u00e9fenseur des droits ne peut pas remettre en cause une d\u00e9cision de justice, mais il peut pr\u00e9senter ses observations devant toutes les juridictions. Il intervient en toute ind\u00e9pendance et ne repr\u00e9sente aucune des parties.<\/p>\n<h2>L&rsquo;aide juridictionnelle<\/h2>\n<p style=\"text-align: justify;\">L\u2019<strong>Aide juridictionnelle<\/strong> prend en charge totalement ou partiellement par l\u2019\u00c9tat des honoraires et frais de justice si vous avez peu de ressources. Vous pouvez demander cette aide avant ou d\u00e8s que votre affaire d\u00e9bute.<\/p>\n<p style=\"text-align: justify;\">La demande d\u2019<strong>Aide juridictionnelle<\/strong>\u00a0pour un\u00a0<strong>Recours contre la CAF<\/strong> doit \u00eatre faite par formulaire. La demande d&rsquo;aide doit \u00eatre effectu\u00e9e devant le <strong>Tribunal\u00a0<\/strong>comp\u00e9tent en fonction de votre domicile.<\/p>\n<h2>Recours administratif<\/h2>\n<p style=\"text-align: justify;\">Avant de saisir le tribunal administratif, il peut \u00eatre utile de consulter la base de donn\u00e9es des arr\u00eats du Tribunal des conflits. En effet, l&rsquo;erreur de saisine peut \u00eatre irr\u00e9versible, car une juridiction administrative peut se dessaisir au profit d&rsquo;une juridiction judiciaire, mais ce n&rsquo;est pas une obligation.<\/p>\n<p style=\"text-align: justify;\">Vous pouvez contester une d\u00e9cision de l&rsquo;administration, peu importe:<\/p>\n<ul>\n<li style=\"text-align: justify;\">l&rsquo;auteur (\u00c9tat, d\u00e9partement, commune, h\u00f4pital),<\/li>\n<li>la forme (d\u00e9cret, arr\u00eat\u00e9, simple lettre)<\/li>\n<li>ou le contenu.<\/li>\n<\/ul>\n<p>&nbsp;<\/p>\n<p style=\"text-align: center;\"><iframe loading=\"lazy\" src=\"\/\/www.youtube.com\/embed\/2aMlunSI1-U?t=32s\" width=\"560\" height=\"314\" allowfullscreen=\"allowfullscreen\" data-mce-fragment=\"1\"><\/iframe><\/p>\n<p>&nbsp;<\/p>\n<h1>Quelles sont les conditions pour toucher le RSA socle ?<\/h1>\n<h2>Si vous \u00eates fran\u00e7ais<\/h2>\n<p style=\"text-align: justify;\">Vous pouvez <a href=\"https:\/\/www.mes-allocs.fr\/guides\/rsa\/demande-de-rsa\">demander le RSA<\/a> si vous \u00eates \u00e2g\u00e9 d&rsquo;au moins 25 ans et que vous r\u00e9sidez en France de mani\u00e8re stable et effective. Il n&rsquo;existe pas d&rsquo;\u00e2ge maximum pour b\u00e9n\u00e9ficier du RSA. Cependant, \u00e0 partir de l&rsquo;\u00e2ge l\u00e9gal de d\u00e9part \u00e0 la retraite, d&rsquo;autres aides peuvent vous \u00eatre attribu\u00e9es.<\/p>\n<p style=\"text-align: justify;\">Si vous avez moins de 25 ans, vous pouvez toucher le RSA sous certaines conditions.<\/p>\n<h2>Si vous \u00eates \u00e9tranger<\/h2>\n<p style=\"text-align: justify;\">Pour pouvoir toucher le RSA vous devez r\u00e9sider en France de mani\u00e8re stable et effective. Vous devez \u00eatre \u00e2g\u00e9 de 18 ans au minimum et de 25 ans au maximum. Si vous \u00eates \u00e9tranger, vous devez aussi remplir des conditions de s\u00e9jour.<\/p>\n<p style=\"text-align: justify;\"><strong>Si vous \u00eates europ\u00e9en, vous devez respecter une de ces conditions :<\/strong><\/p>\n<ul>\n<li style=\"text-align: justify;\">Avoir un droit de s\u00e9jour en France et y vivre depuis au moins 3 mois lors de votre demande,<\/li>\n<li>avoir eu un travail d\u00e9clar\u00e9 en France et \u00eatre sans emploi (inscrit \u00e0 P\u00f4le emploi) lors de votre demande,<\/li>\n<li>poss\u00e9der un emploi d\u00e9clar\u00e9 en France et \u00eatre en arr\u00eat maladie au moment de la demande,<\/li>\n<li>avoir un emploi d\u00e9clar\u00e9 en France et \u00eatre en en formation professionnelle au moment de la demande.<\/li>\n<\/ul>\n<p><strong>Si vous \u00eates \u00e9tranger d&rsquo;un autre pays vous devez respecter la condition suivante :<\/strong><\/p>\n<ul>\n<li>Avoir depuis au moins 5 ans un titre de s\u00e9jour permettant de travailler en France (sauf pour les personnes de nationalit\u00e9 alg\u00e9rienne)<\/li>\n<\/ul>\n<p>Vous devez \u00e9galement respecter une des conditions suivantes :<\/p>\n<ul>\n<li>\u00eatre titulaire de la carte de r\u00e9sident ou d&rsquo;un titre de s\u00e9jour \u00e9quivalent<\/li>\n<li>avoir le statut de r\u00e9fugi\u00e9<\/li>\n<li>\u00eatre d\u00e9clar\u00e9 apatride<\/li>\n<li>b\u00e9n\u00e9ficier de la protection subsidiaire.<\/li>\n<\/ul>\n<h1>Comment est calcul\u00e9 le montant du RSA\u00a0 ?<\/h1>\n<h2>Les ressources prises en compte<\/h2>\n<p>Les ressources prises en compte dans le calcul du <a href=\"https:\/\/www.mes-allocs.fr\/guides\/rsa\/montant-rsa\">montant du RSA<\/a> sont :<\/p>\n<ul>\n<li>un montant forfaitaire qui varie selon la composition du foyer et le nombre d&rsquo;enfants \u00e0 charge,<\/li>\n<li>les ressources prises en compte du foyer.<\/li>\n<\/ul>\n<p><strong>Le calcul se fait ainsi : montant forfaitaire &#8211; ressources prises en compte du foyer (moyenne mensuelle des ressources per\u00e7ues au cours des 3 mois avant votre demande).<\/strong><\/p>\n<p>Le RSA est cumulable avec la prime d&rsquo;activit\u00e9.<\/p>\n<p><strong>Si vous percevez une aide au logement ou si vous \u00eates h\u00e9berg\u00e9 gratuitement ou propri\u00e9taire de votre logement, un montant forfaitaire est ajout\u00e9 \u00e0 vos ressources. Ce forfait d\u00e9pend du nombre de personnes au foyer.<\/strong><\/p>\n<p style=\"text-align: justify;\">\n<div class=\"wpdt-c row wpDataTableContainerSimpleTable wpDataTables wpDataTablesWrapper\n\"\n    >\n    <table id=\"wpdtSimpleTable-5\"\n           class=\"wpdtSimpleTable wpDataTable\"\n           data-column=\"2\"\n           data-rows=\"4\"\n           data-wpID=\"5\"\n           data-responsive=\"0\"\n           data-has-header=\"1\">\n\n                    <thead>        <tr class=\"wpdt-cell-row \" >\n                            <th class=\"wpdt-cell wpdt-bc-F3F9FE wpdt-bold\"\n                                    data-cell-id=\"A1\"\n                data-col-index=\"0\"\n                data-row-index=\"0\"\n                style=\" width:48.571428571429%;                padding:10px;\"\n                >\n                                Composition du foyer                <\/th>\n                                            <th class=\"wpdt-cell wpdt-bc-F3F9FE wpdt-bold\"\n                                    data-cell-id=\"B1\"\n                data-col-index=\"1\"\n                data-row-index=\"0\"\n                style=\" width:51.428571428571%;                padding:10px;\"\n                >\n                                Forfait logement \u00e0 d\u00e9duire                <\/th>\n                                        <\/tr>\n                    <tbody>        <tr class=\"wpdt-cell-row \" >\n                            <td class=\"wpdt-cell \"\n                                    data-cell-id=\"A2\"\n                data-col-index=\"0\"\n                data-row-index=\"1\"\n                style=\"                padding:10px;\"\n                >\n                                1 personne                <\/td>\n                                            <td class=\"wpdt-cell \"\n                                    data-cell-id=\"B2\"\n                data-col-index=\"1\"\n                data-row-index=\"1\"\n                style=\"                padding:10px;\"\n                >\n                                78,2 \u20ac                <\/td>\n                                        <\/tr>\n                            <tr class=\"wpdt-cell-row \" >\n                            <td class=\"wpdt-cell \"\n                                    data-cell-id=\"A3\"\n                data-col-index=\"0\"\n                data-row-index=\"2\"\n                style=\"                padding:10px;\"\n                >\n                                2 personnes                <\/td>\n                                            <td class=\"wpdt-cell \"\n                                    data-cell-id=\"B3\"\n                data-col-index=\"1\"\n                data-row-index=\"2\"\n                style=\"                padding:10px;\"\n                >\n                                156,41 \u20ac                <\/td>\n                                        <\/tr>\n                            <tr class=\"wpdt-cell-row \" >\n                            <td class=\"wpdt-cell \"\n                                    data-cell-id=\"A4\"\n                data-col-index=\"0\"\n                data-row-index=\"3\"\n                style=\"                padding:10px;\"\n                >\n                                3 personnes ou plus                <\/td>\n                                            <td class=\"wpdt-cell \"\n                                    data-cell-id=\"B4\"\n                data-col-index=\"1\"\n                data-row-index=\"3\"\n                style=\"                padding:10px;\"\n                >\n                                193,55 \u20ac                <\/td>\n                                        <\/tr>\n                    <\/table>\n<\/div><style id='wpdt-custom-style-5'>\ntable#wpdtSimpleTable-5{ table-layout: fixed !important; }\n.wpdt-bc-F3F9FE { background-color: #F3F9FE !important;}\n<\/style>\n<\/p>\n<h2>Montant du RSA<\/h2>\n<p>En 2026, le montant forfaitaire du RSA est de 651,69 \u20ac par mois. Ce montant est applicable jusqu&rsquo;au 31 mars 2027 et sera revaloris\u00e9 le 1er avril 2027.<\/p>\n<h2>Montant du RSA pour un couple<\/h2>\n<p style=\"text-align: justify;\">\n<div class=\"wpdt-c row wpDataTableContainerSimpleTable wpDataTables wpDataTablesWrapper\n\"\n    >\n    <table id=\"wpdtSimpleTable-4\"\n           class=\"wpdtSimpleTable wpDataTable\"\n           data-column=\"2\"\n           data-rows=\"5\"\n           data-wpID=\"4\"\n           data-responsive=\"0\"\n           data-has-header=\"1\">\n\n                    <thead>        <tr class=\"wpdt-cell-row \" >\n                            <th class=\"wpdt-cell wpdt-bc-F3F9FE wpdt-bold\"\n                                    data-cell-id=\"A1\"\n                data-col-index=\"0\"\n                data-row-index=\"0\"\n                style=\" width:48.571428571429%;                padding:10px;\"\n                >\n                                Situation familiale                <\/th>\n                                            <th class=\"wpdt-cell wpdt-bc-F3F9FE wpdt-bold\"\n                                    data-cell-id=\"B1\"\n                data-col-index=\"1\"\n                data-row-index=\"0\"\n                style=\" width:51.428571428571%;                padding:10px;\"\n                >\n                                Montant pour un couple avant d\u00e9duction du forfait logement                <\/th>\n                                        <\/tr>\n                    <tbody>        <tr class=\"wpdt-cell-row \" >\n                            <td class=\"wpdt-cell \"\n                                    data-cell-id=\"A2\"\n                data-col-index=\"0\"\n                data-row-index=\"1\"\n                style=\"                padding:10px;\"\n                >\n                                Couple sans enfant                <\/td>\n                                            <td class=\"wpdt-cell \"\n                                    data-cell-id=\"B2\"\n                data-col-index=\"1\"\n                data-row-index=\"1\"\n                style=\"                padding:10px;\"\n                >\n                                977,54 \u20ac                <\/td>\n                                        <\/tr>\n                            <tr class=\"wpdt-cell-row \" >\n                            <td class=\"wpdt-cell \"\n                                    data-cell-id=\"A3\"\n                data-col-index=\"0\"\n                data-row-index=\"2\"\n                style=\"                padding:10px;\"\n                >\n                                Couple avec 1 enfant                <\/td>\n                                            <td class=\"wpdt-cell \"\n                                    data-cell-id=\"B3\"\n                data-col-index=\"1\"\n                data-row-index=\"2\"\n                style=\"                padding:10px;\"\n                >\n                                1 173,05 \u20ac                <\/td>\n                                        <\/tr>\n                            <tr class=\"wpdt-cell-row \" >\n                            <td class=\"wpdt-cell \"\n                                    data-cell-id=\"A4\"\n                data-col-index=\"0\"\n                data-row-index=\"3\"\n                style=\"                padding:10px;\"\n                >\n                                Couple avec 2 enfants                <\/td>\n                                            <td class=\"wpdt-cell \"\n                                    data-cell-id=\"B4\"\n                data-col-index=\"1\"\n                data-row-index=\"3\"\n                style=\"                padding:10px;\"\n                >\n                                1 368,56 \u20ac                <\/td>\n                                        <\/tr>\n                            <tr class=\"wpdt-cell-row \" >\n                            <td class=\"wpdt-cell \"\n                                    data-cell-id=\"A5\"\n                data-col-index=\"0\"\n                data-row-index=\"4\"\n                style=\"                padding:10px;\"\n                >\n                                Par enfant suppl\u00e9mentaire                <\/td>\n                                            <td class=\"wpdt-cell \"\n                                    data-cell-id=\"B5\"\n                data-col-index=\"1\"\n                data-row-index=\"4\"\n                style=\"                padding:10px;\"\n                >\n                                + 260,68 \u20ac                <\/td>\n                                        <\/tr>\n                    <\/table>\n<\/div><style id='wpdt-custom-style-4'>\ntable#wpdtSimpleTable-4{ table-layout: fixed !important; }\ntable#wpdtSimpleTable-4 td, table.wpdtSimpleTable4 th { white-space: normal !important; }\n.wpdt-bc-F3F9FE { background-color: #F3F9FE !important;}\n<\/style>\n<\/p>\n<p style=\"text-align: justify;\">Les demandeurs d\u2019emploi (b\u00e9n\u00e9ficiaires de l&rsquo;allocation ch\u00f4mage) doivent effectuer leur actualisation mensuelle durant une p\u00e9riode de 15 jours pr\u00e9d\u00e9finie selon un calendrier P\u00f4le Emploi. Mais les b\u00e9n\u00e9ficiaires du RSA doivent faire une d\u00e9claration trimestrielle de leurs ressources \u00e0 la CAF. Depuis <strong data-start=\"7\" data-end=\"26\">mars 2025<\/strong>, la <strong data-start=\"277\" data-end=\"321\">d\u00e9claration trimestrielle est simplifi\u00e9e<\/strong> gr\u00e2ce \u00e0 un <strong data-start=\"333\" data-end=\"358\">formulaire pr\u00e9-rempli<\/strong>, int\u00e9grant automatiquement certains revenus avec la possibilit\u00e9 de corrections. Par ailleurs, les <strong data-start=\"457\" data-end=\"495\">p\u00e9riodes de d\u00e9claration ont chang\u00e9<\/strong>: depuis mars, il faut d\u00e9clarer les revenus de <strong data-start=\"543\" data-end=\"576\">novembre, d\u00e9cembre et janvier<\/strong>, au lieu de <strong data-start=\"589\" data-end=\"621\">d\u00e9cembre, janvier et f\u00e9vrier <\/strong>auparavant. Cette modification vise \u00e0 <strong data-start=\"660\" data-end=\"723\">r\u00e9duire les erreurs et acc\u00e9l\u00e9rer le traitement des dossiers <\/strong>pour un versement plus fluide.<\/p>\n<p style=\"text-align: justify;\">Il est obligatoire de d\u00e9clarer tout changement de situation et de ne pas faire de fausses d\u00e9clarations, car vous risquez :<\/p>\n<ul>\n<li style=\"text-align: justify;\">un remboursement total de l&rsquo;indu ;<\/li>\n<li style=\"text-align: justify;\">une amende administrative ;<\/li>\n<li>pour ce qui est du <strong>faux et usage de faux<\/strong>, la sanction p\u00e9nale sera de 3 ans d&#8217;emprisonnement et 45 000 euros d&rsquo;amende selon\u00a0<a href=\"https:\/\/www.legifrance.gouv.fr\/affichCodeArticle.do?cidTexte=LEGITEXT000006070719&amp;idArticle=LEGIARTI000006418752\" rel=\"nofollow\">l&rsquo;article 441-1 du Code p\u00e9nal<\/a>.<\/li>\n<\/ul>\n<div class='cta-block'><div class='text'>Simulez votre RSA en 2 min. Gratuit.<\/div><a href='https:\/\/www.mes-allocs.fr\/ab-app?origin=guides\/wp-json\/wp\/v2\/posts\/17964' class='app-button fit'>Simulation gratuite<\/a><\/div>\n<\/div>\n<\/div>\n<\/div>\n<\/div>\n","protected":false},"excerpt":{"rendered":"<p>[Mis \u00e0 jour le 03\/04\/2026] Le Revenu de Solidarit\u00e9 Active (RSA) est une aide financi\u00e8re aux familles avec peu de ressources d&rsquo;avoir un minimum de revenus. Le dispositif RSA vient en aide aux plus de 25 ans, aux jeunes actifs de moins de 25 ans et aux jeunes parents. La demande de RSA peut \u00eatre [&hellip;]<\/p>\n","protected":false},"author":10,"featured_media":17965,"comment_status":"open","ping_status":"open","sticky":false,"template":"","format":"standard","meta":{"amp_status":"","footnotes":""},"categories":[4666,14],"tags":[],"class_list":["post-17964","post","type-post","status-publish","format-standard","has-post-thumbnail","hentry","category-recours-rsa","category-rsa"],"yoast_head":"<!-- This site is optimized with the Yoast SEO plugin v14.9 - https:\/\/yoast.com\/wordpress\/plugins\/seo\/ -->\n<title>Recours radiation RSA : comment s&#039;y prendre ? | Mes-Allocs.fr<\/title>\n<meta name=\"description\" content=\"Le RSA vient en aide aux familles avec peu de revenus. Sous quelles conditions peut-on vous le retirer ? Quels recours apr\u00e8s une radiation ?\" \/>\n<meta name=\"robots\" content=\"index, follow, max-snippet:-1, max-image-preview:large, max-video-preview:-1\" \/>\n<link rel=\"canonical\" href=\"https:\/\/www.mes-allocs.fr\/guides\/rsa\/recours-rsa\/recours-radiation-rsa\/\" \/>\n<meta property=\"og:locale\" content=\"fr_FR\" \/>\n<meta property=\"og:type\" content=\"article\" \/>\n<meta property=\"og:title\" content=\"Recours radiation RSA : comment s&#039;y prendre ? | Mes-Allocs.fr\" \/>\n<meta property=\"og:description\" content=\"Le RSA vient en aide aux familles avec peu de revenus. Sous quelles conditions peut-on vous le retirer ? Quels recours apr\u00e8s une radiation ?\" \/>\n<meta property=\"og:url\" content=\"https:\/\/www.mes-allocs.fr\/guides\/rsa\/recours-rsa\/recours-radiation-rsa\/\" \/>\n<meta property=\"og:site_name\" content=\"Mes-Allocs.fr\" \/>\n<meta property=\"article:published_time\" content=\"2021-01-20T15:01:34+00:00\" \/>\n<meta property=\"article:modified_time\" content=\"2026-04-03T13:25:45+00:00\" \/>\n<meta property=\"og:image\" content=\"https:\/\/www.mes-allocs.fr\/guides\/wp-content\/uploads\/2021\/01\/pexels-armin-rimoldi-5553051-1-e1610585812787.jpg?wsr\" \/>\n\t<meta property=\"og:image:width\" content=\"1280\" \/>\n\t<meta property=\"og:image:height\" content=\"326\" \/>\n<meta name=\"twitter:card\" content=\"summary_large_image\" \/>\n<script type=\"application\/ld+json\" class=\"yoast-schema-graph\">{\"@context\":\"https:\/\/schema.org\",\"@graph\":[{\"@type\":\"WebSite\",\"@id\":\"https:\/\/www.mes-allocs.fr\/guides\/#website\",\"url\":\"https:\/\/www.mes-allocs.fr\/guides\/\",\"name\":\"Mes-Allocs.fr\",\"description\":\"\",\"potentialAction\":[{\"@type\":\"SearchAction\",\"target\":\"https:\/\/www.mes-allocs.fr\/guides\/?s={search_term_string}\",\"query-input\":\"required name=search_term_string\"}],\"inLanguage\":\"fr-FR\"},{\"@type\":\"ImageObject\",\"@id\":\"https:\/\/www.mes-allocs.fr\/guides\/rsa\/recours-rsa\/recours-radiation-rsa\/#primaryimage\",\"inLanguage\":\"fr-FR\",\"url\":\"https:\/\/www.mes-allocs.fr\/guides\/wp-content\/uploads\/2021\/01\/pexels-armin-rimoldi-5553051-1-e1610585812787.jpg?wsr\",\"width\":1280,\"height\":326,\"caption\":\"pexels armin rimoldi 5553051 1 e1610585812787\"},{\"@type\":\"WebPage\",\"@id\":\"https:\/\/www.mes-allocs.fr\/guides\/rsa\/recours-rsa\/recours-radiation-rsa\/#webpage\",\"url\":\"https:\/\/www.mes-allocs.fr\/guides\/rsa\/recours-rsa\/recours-radiation-rsa\/\",\"name\":\"Recours radiation RSA : comment s'y prendre ? | Mes-Allocs.fr\",\"isPartOf\":{\"@id\":\"https:\/\/www.mes-allocs.fr\/guides\/#website\"},\"primaryImageOfPage\":{\"@id\":\"https:\/\/www.mes-allocs.fr\/guides\/rsa\/recours-rsa\/recours-radiation-rsa\/#primaryimage\"},\"datePublished\":\"2021-01-20T15:01:34+00:00\",\"dateModified\":\"2026-04-03T13:25:45+00:00\",\"author\":{\"@id\":\"https:\/\/www.mes-allocs.fr\/guides\/#\/schema\/person\/8d47b912c0ad15f379df96b4e4e33f58\"},\"description\":\"Le RSA vient en aide aux familles avec peu de revenus. Sous quelles conditions peut-on vous le retirer ? Quels recours apr\\u00e8s une radiation ?\",\"inLanguage\":\"fr-FR\"},{\"@type\":\"Person\",\"@id\":\"https:\/\/www.mes-allocs.fr\/guides\/#\/schema\/person\/8d47b912c0ad15f379df96b4e4e33f58\",\"name\":\"Constance de Cagny\",\"image\":{\"@type\":\"ImageObject\",\"@id\":\"https:\/\/www.mes-allocs.fr\/guides\/#personlogo\",\"inLanguage\":\"fr-FR\",\"url\":\"https:\/\/www.mes-allocs.fr\/guides\/wp-content\/uploads\/2021\/06\/Constance.2e8ee0b.png\",\"caption\":\"Constance de Cagny\"},\"description\":\"Constance est r\\u00e9dactrice au sein de l'\\u00e9quipe Mes Allocs. Elle a l'habitude d'\\u00e9crire sur les sujets conso, bons plans et \\u00e9conomies. Dipl\\u00f4m\\u00e9e de l'ENACO, elle rejoint Mes Allocs apr\\u00e8s une premi\\u00e8re exp\\u00e9rience en cabinet notarial.\",\"sameAs\":[\"https:\/\/www.linkedin.com\/in\/constance-de-cagny-mayeur-bbb414135\"]}]}<\/script>\n<!-- \/ Yoast SEO plugin. -->","amp_validity":null,"acf":{"faq":{"1":{"question":"Comment peut-on perdre le RSA ?","answer":"Vous risquez de perdre vos droits au RSA si vous ne respectez pas vos obligations en tant que b\u00e9n\u00e9ficiaire, si vous \u00eates hospitalis\u00e9 ou encore incarc\u00e9r\u00e9.\r\n"},"2":{"question":"Est-ce que les \u00e9trangers ont droit au RSA ?","answer":"Les \u00e9trangers ont le droit de toucher le RSA. Des conditions suppl\u00e9mentaires peuvent s'ajouter (titre de s\u00e9jour, etc.)"},"3":{"question":"Qui ne peut pas acc\u00e9der au RSA ?","answer":"Vous ne pourrez pas b\u00e9n\u00e9ficier du RSA (sauf si vous \u00eates parent isol\u00e9) si vous \u00eates : en cong\u00e9 parental ou sabbatique, en cong\u00e9 sans solde ou en disponibilit\u00e9.\r\n"},"4":{"question":"Quand s'arr\u00eate le versement du RSA ?","answer":"Le RSA ne vous est plus vers\u00e9 si : vous ne respectez pas vos obligations, vous \u00eates hospitalis\u00e9, ou si vous \u00eates incarc\u00e9r\u00e9. \r\n"},"5":{"question":"Quel est le montant du RSA ?","answer":"Le montant du RSA pour une personne seule est de 651,69 \u20ac. Ce montant est applicable jusqu'au 31 mars 2026 et sera revaloris\u00e9 le 1er avril 2026.\r\n"},"6":{"question":"Quelles sont les ressources prises en compte pour le RSA ?","answer":"Les ressources prises en compte sont les indemnit\u00e9s journali\u00e8res, allocations logement, prestations familiales, revenus de placement, allocations ch\u00f4mage, etc.\r\n"},"7":{"question":"","answer":""},"8":{"question":"","answer":""},"9":{"question":"","answer":""},"10":{"question":"","answer":""},"11":{"question":"","answer":""},"12":{"question":"","answer":""},"13":{"question":"","answer":""},"14":{"question":"","answer":""},"15":{"question":"","answer":""},"16":{"question":"","answer":""}}},"_links":{"self":[{"href":"https:\/\/www.mes-allocs.fr\/guides\/wp-json\/wp\/v2\/posts\/17964","targetHints":{"allow":["GET"]}}],"collection":[{"href":"https:\/\/www.mes-allocs.fr\/guides\/wp-json\/wp\/v2\/posts"}],"about":[{"href":"https:\/\/www.mes-allocs.fr\/guides\/wp-json\/wp\/v2\/types\/post"}],"author":[{"embeddable":true,"href":"https:\/\/www.mes-allocs.fr\/guides\/wp-json\/wp\/v2\/users\/10"}],"replies":[{"embeddable":true,"href":"https:\/\/www.mes-allocs.fr\/guides\/wp-json\/wp\/v2\/comments?post=17964"}],"version-history":[{"count":37,"href":"https:\/\/www.mes-allocs.fr\/guides\/wp-json\/wp\/v2\/posts\/17964\/revisions"}],"predecessor-version":[{"id":111539,"href":"https:\/\/www.mes-allocs.fr\/guides\/wp-json\/wp\/v2\/posts\/17964\/revisions\/111539"}],"wp:featuredmedia":[{"embeddable":true,"href":"https:\/\/www.mes-allocs.fr\/guides\/wp-json\/wp\/v2\/media\/17965"}],"wp:attachment":[{"href":"https:\/\/www.mes-allocs.fr\/guides\/wp-json\/wp\/v2\/media?parent=17964"}],"wp:term":[{"taxonomy":"category","embeddable":true,"href":"https:\/\/www.mes-allocs.fr\/guides\/wp-json\/wp\/v2\/categories?post=17964"},{"taxonomy":"post_tag","embeddable":true,"href":"https:\/\/www.mes-allocs.fr\/guides\/wp-json\/wp\/v2\/tags?post=17964"}],"curies":[{"name":"wp","href":"https:\/\/api.w.org\/{rel}","templated":true}]}}