{"id":17790,"date":"2021-01-18T13:30:30","date_gmt":"2021-01-18T13:30:30","guid":{"rendered":"https:\/\/www.mes-allocs.fr\/guides\/?p=17790"},"modified":"2026-01-12T17:57:20","modified_gmt":"2026-01-12T16:57:20","slug":"demande-apl-etudiant","status":"publish","type":"post","link":"https:\/\/www.mes-allocs.fr\/guides\/aide-logement\/apl\/apl-etudiant\/demande-apl-etudiant\/","title":{"rendered":"Comment faire une demande APL pour \u00e9tudiant ?"},"content":{"rendered":"<p><a href=\"https:\/\/www.mes-allocs.fr\/guides\/wp-content\/uploads\/2021\/01\/pexels-andrea-piacquadio-3762806.jpg\"><img loading=\"lazy\" decoding=\"async\" class=\"aligncenter wp-image-17848 size-full\" src=\"https:\/\/www.mes-allocs.fr\/guides\/wp-content\/uploads\/2021\/01\/pexels-andrea-piacquadio-3762806-e1686037395147.jpg\" alt=\"demande APL \u00e9tudiant\" width=\"1280\" height=\"256\" srcset=\"https:\/\/www.mes-allocs.fr\/guides\/wp-content\/uploads\/2021\/01\/pexels-andrea-piacquadio-3762806-e1686037395147.jpg 1280w, https:\/\/www.mes-allocs.fr\/guides\/wp-content\/uploads\/2021\/01\/pexels-andrea-piacquadio-3762806-e1686037395147-300x60.jpg 300w, https:\/\/www.mes-allocs.fr\/guides\/wp-content\/uploads\/2021\/01\/pexels-andrea-piacquadio-3762806-e1686037395147-1024x205.jpg 1024w, https:\/\/www.mes-allocs.fr\/guides\/wp-content\/uploads\/2021\/01\/pexels-andrea-piacquadio-3762806-e1686037395147-768x154.jpg 768w, https:\/\/www.mes-allocs.fr\/guides\/wp-content\/uploads\/2021\/01\/pexels-andrea-piacquadio-3762806-e1686037395147-600x120.jpg 600w\" sizes=\"auto, (max-width: 1280px) 100vw, 1280px\" \/><\/a><\/p>\n<p style=\"text-align: justify;\">[Mis \u00e0 jour le 12\/01\/2026] L&rsquo;APL est une <a href=\"https:\/\/www.mes-allocs.fr\/guides\/aide-logement\">aide au logement<\/a> vers\u00e9e par la CAF et la MSA pour vous aider \u00e0 faire diminuer votre loyer. Les \u00e9tudiants sont \u00e9ligibles \u00e0 ce dispositif \u00e0 condition de respecter toutes les conditions en vigueur. Mes Allocs vous explique en d\u00e9tail comment faire une demande d&rsquo;APL pour un \u00e9tudiant.<\/p>\n<hr \/>\n<h1>Comment faire une demande APL pour \u00e9tudiant ?<\/h1>\n<p><span class=\"amp-wp-fe3f5cc\" data-amp-original-style=\"font-weight: 400;\">La demande d\u2019<a href=\"https:\/\/www.mes-allocs.fr\/guides\/aide-logement\/apl\">APL<\/a> doit \u00eatre formul\u00e9e au moment de l\u2019emm\u00e9nagement dans la location. Car l\u2019\u00e9tudiant doit avoir sign\u00e9 son contrat de bail de location \u00eatre en possession des \u00e9l\u00e9ments n\u00e9cessaires \u00e0 son dossier.\u00a0<\/span><\/p>\n<p>Vous devez faire votre demande en ligne. Soit sur le site de la Caisse d&rsquo; allocations familiales CAF, soit sur celui de la Mutualit\u00e9 sociale agricole MSA. Cela d\u00e9pend de votre r\u00e9gime d&rsquo;affiliation.<a href=\"https:\/\/www.mes-allocs.fr\/guides\/wp-content\/uploads\/2021\/01\/pexels-andrea-piacquadio-3762800-1.jpg\"><img loading=\"lazy\" decoding=\"async\" class=\"alignright wp-image-17849 size-medium\" src=\"https:\/\/www.mes-allocs.fr\/guides\/wp-content\/uploads\/2021\/01\/pexels-andrea-piacquadio-3762800-1-300x200.jpg\" alt=\"demande APL \u00e9tudiant\" width=\"300\" height=\"200\" srcset=\"https:\/\/www.mes-allocs.fr\/guides\/wp-content\/uploads\/2021\/01\/pexels-andrea-piacquadio-3762800-1-300x200.jpg 300w, https:\/\/www.mes-allocs.fr\/guides\/wp-content\/uploads\/2021\/01\/pexels-andrea-piacquadio-3762800-1-1024x682.jpg 1024w, https:\/\/www.mes-allocs.fr\/guides\/wp-content\/uploads\/2021\/01\/pexels-andrea-piacquadio-3762800-1-768x512.jpg 768w, https:\/\/www.mes-allocs.fr\/guides\/wp-content\/uploads\/2021\/01\/pexels-andrea-piacquadio-3762800-1-600x400.jpg 600w, https:\/\/www.mes-allocs.fr\/guides\/wp-content\/uploads\/2021\/01\/pexels-andrea-piacquadio-3762800-1.jpg 1280w\" sizes=\"auto, (max-width: 300px) 100vw, 300px\" \/><\/a><\/p>\n<p><span class=\"amp-wp-fe3f5cc\" data-amp-original-style=\"font-weight: 400;\">Outre le contrat de location, le demandeur doit avoir \u00e0 disposition les pi\u00e8ces justificatives suivantes :\u00a0<\/span><\/p>\n<ul>\n<li class=\"amp-wp-fe3f5cc\" data-amp-original-style=\"font-weight: 400;\"><span class=\"amp-wp-fe3f5cc\" data-amp-original-style=\"font-weight: 400;\">Le montant du loyer, qui est inscrit dans le bail ;<\/span><\/li>\n<li class=\"amp-wp-fe3f5cc\" data-amp-original-style=\"font-weight: 400;\"><span class=\"amp-wp-fe3f5cc\" data-amp-original-style=\"font-weight: 400;\">Les revenus per\u00e7us des 12 derniers mois ;<\/span><\/li>\n<li class=\"amp-wp-fe3f5cc\" data-amp-original-style=\"font-weight: 400;\"><span class=\"amp-wp-fe3f5cc\" data-amp-original-style=\"font-weight: 400;\">Un Relev\u00e9 d\u2019Identit\u00e9 Bancaire ;<\/span><\/li>\n<li class=\"amp-wp-fe3f5cc\" data-amp-original-style=\"font-weight: 400;\"><span class=\"amp-wp-fe3f5cc\" data-amp-original-style=\"font-weight: 400;\">Le num\u00e9ro d\u2019allocataire de ses parents et leur CAF d\u2019appartenance, si ces derniers sont allocataires ;<\/span><\/li>\n<li class=\"amp-wp-fe3f5cc\" data-amp-original-style=\"font-weight: 400;\"><span class=\"amp-wp-fe3f5cc\" data-amp-original-style=\"font-weight: 400;\">Les coordonn\u00e9es du bailleur, avec le num\u00e9ro SIRET dans le cas d\u2019une soci\u00e9t\u00e9 ;<\/span><\/li>\n<\/ul>\n<p><span class=\"amp-wp-fe3f5cc\" data-amp-original-style=\"font-weight: 400;\">Au moment de la demande, l\u2019\u00e9tudiant peut indiquer s\u2019il loge dans une r\u00e9sidence ou une cit\u00e9 universitaire. Il devra alors renseigner le nom de l\u2019organisme gestionnaire. Cette demande d\u2019APL permet l\u2019\u00e9tude de vos droits, les informations saisies d\u00e9terminant leur montant.<\/span><\/p>\n<div class='cta-block'><div class='text'>Simulez vos APL en 2 min. Gratuit.<\/div><a href='https:\/\/www.mes-allocs.fr\/ab-app?origin=guides\/wp-json\/wp\/v2\/posts\/17790' class='app-button fit'>Simulation gratuite<\/a><\/div>\n<p><iframe loading=\"lazy\" title=\"L&#039;APL\" width=\"500\" height=\"281\" src=\"https:\/\/www.youtube.com\/embed\/dfDRI2qg_z4?feature=oembed\" frameborder=\"0\" allow=\"accelerometer; autoplay; clipboard-write; encrypted-media; gyroscope; picture-in-picture; web-share\" referrerpolicy=\"strict-origin-when-cross-origin\" allowfullscreen><\/iframe><\/p>\n<h1>Qu&rsquo;est-ce que l&rsquo;APL \u00e9tudiant ?<\/h1>\n<p>L\u2019acronyme APL signifie Aide au Logement Personnalis\u00e9e. Cette allocation est vers\u00e9e aux \u00e9tudiants locataires de leur logement. Qu\u2019il s\u2019agisse d\u2019une location aupr\u00e8s d\u2019un bailleur ou dans une r\u00e9sidence \u00e9tudiante. L\u2019APL \u00c9tudiant se veut proche de l\u2019aide personnalis\u00e9e au logement APL classique.<\/p>\n<p>La r\u00e9forme des APL qui devait entrer en vigueur en avril 2020 est finalement entr\u00e9e en vigueur le 1er janvier 2021. Le mode de calcul a \u00e9t\u00e9 modifi\u00e9e. D\u00e9sormais ce sont vos revenus des 12 derniers mois qui sont pris en compte et non les revenus N-1<\/p>\n<p>Pour une estimation fiable de vos droits, vous pouvez faire une simulation avec Mes Allocs ! Le simulateur prend en consid\u00e9ration la r\u00e9forme des APL et le nouveau mode de calcul.<\/p>\n<h2>Qui peut pr\u00e9tendre \u00e0 l&rsquo;APL \u00e9tudiant ?<\/h2>\n<ul class=\"list-1\">\n<li>Les \u00e9tudiants louant un logement conventionn\u00e9 avec l\u2019\u00c9tat b\u00e9n\u00e9ficieront de\u00a0<strong>l\u2019APL. <\/strong>Le plus souvent, il s\u2019agit de logements HLM ou en r\u00e9sidence universitaire<\/li>\n<\/ul>\n<p><a href=\"https:\/\/www.mes-allocs.fr\/guides\/wp-content\/uploads\/2021\/01\/pexels-verschoren-maurits-3636822.jpg\"><img loading=\"lazy\" decoding=\"async\" class=\"alignright wp-image-17850 size-medium\" src=\"https:\/\/www.mes-allocs.fr\/guides\/wp-content\/uploads\/2021\/01\/pexels-verschoren-maurits-3636822-300x200.jpg\" alt=\"demande APL \u00e9tudiant\" width=\"300\" height=\"200\" srcset=\"https:\/\/www.mes-allocs.fr\/guides\/wp-content\/uploads\/2021\/01\/pexels-verschoren-maurits-3636822-300x200.jpg 300w, https:\/\/www.mes-allocs.fr\/guides\/wp-content\/uploads\/2021\/01\/pexels-verschoren-maurits-3636822-1024x682.jpg 1024w, https:\/\/www.mes-allocs.fr\/guides\/wp-content\/uploads\/2021\/01\/pexels-verschoren-maurits-3636822-768x512.jpg 768w, https:\/\/www.mes-allocs.fr\/guides\/wp-content\/uploads\/2021\/01\/pexels-verschoren-maurits-3636822-600x400.jpg 600w, https:\/\/www.mes-allocs.fr\/guides\/wp-content\/uploads\/2021\/01\/pexels-verschoren-maurits-3636822.jpg 1280w\" sizes=\"auto, (max-width: 300px) 100vw, 300px\" \/><\/a><\/p>\n<ul class=\"list-1\">\n<li>Les \u00e9tudiants avec une personne \u00e0 charge\u00a0louant tout autre type de logement d\u00e9pendront de\u00a0<strong>l\u2019<a href=\"https:\/\/www.mes-allocs.fr\/guides\/aide-logement\/alf\">ALF<\/a><\/strong>\u00a0(Allocation Logement \u00e0 caract\u00e8re Familial)<\/li>\n<li>Et les \u00e9tudiants sans personne \u00e0 charge louant tout autre type de logement d\u00e9pendront de <strong>l\u2019<a href=\"https:\/\/www.mes-allocs.fr\/guides\/aide-logement\/als\">ALS<\/a><\/strong>\u00a0(Allocation Logement \u00e0 caract\u00e8re Social)<\/li>\n<\/ul>\n<p>Quel que soit le type d\u2019allocation logement vers\u00e9e \u00e0 l\u2019\u00e9tudiant, la proc\u00e9dure de demande reste la m\u00eame. C\u2019est ce que l\u2019on appelle commun\u00e9ment une demande d\u2019aide personnelle au logement.<\/p>\n<h1>Crit\u00e8res retenus pour\u00a0 une demande d&rsquo;APL<\/h1>\n<p>Avant de faire votre demande d&rsquo; aide au logement, v\u00e9rifiez bien que vous respectez les conditions suivantes, car cela compte dans le calcul de l&rsquo;APL.<\/p>\n<ul>\n<li class=\"amp-wp-fe3f5cc\" data-amp-original-style=\"font-weight: 400;\"><span class=\"amp-wp-fe3f5cc\" data-amp-original-style=\"font-weight: 400;\">\u00catre de nationalit\u00e9 fran\u00e7aise ou \u00e9tranger en situation r\u00e9guli\u00e8re ;<\/span><\/li>\n<li class=\"amp-wp-fe3f5cc\" data-amp-original-style=\"font-weight: 400;\"><span class=\"amp-wp-fe3f5cc\" data-amp-original-style=\"font-weight: 400;\">\u00catre locataire, ou colocataire. A noter que vous ne pouvez pas percevoir l\u2019APL si le propri\u00e9taire est un ascendant ou un descendant (ou le conjoint\/partenaire)<\/span><\/li>\n<li class=\"amp-wp-fe3f5cc\" data-amp-original-style=\"font-weight: 400;\"><span class=\"amp-wp-fe3f5cc\" data-amp-original-style=\"font-weight: 400;\">La location doit \u00eatre et situ\u00e9e en France et doit \u00eatre la r\u00e9sidence principale du demandeur ;<\/span><\/li>\n<li class=\"amp-wp-fe3f5cc\" data-amp-original-style=\"font-weight: 400;\"><span class=\"amp-wp-fe3f5cc\" data-amp-original-style=\"font-weight: 400;\">Ou \u00eatre sous-locataire et dans ce cas, soit avoir moins de trente ans et\/ou \u00eatre en situation de handicap et h\u00e9berg\u00e9 par un accueillant familial ;<\/span><\/li>\n<li class=\"amp-wp-fe3f5cc\" data-amp-original-style=\"font-weight: 400;\"><span class=\"amp-wp-fe3f5cc\" data-amp-original-style=\"font-weight: 400;\">Ne pas \u00eatre log\u00e9 gratuitement ;<\/span><\/li>\n<li class=\"amp-wp-fe3f5cc\" data-amp-original-style=\"font-weight: 400;\"><span class=\"amp-wp-fe3f5cc\" data-amp-original-style=\"font-weight: 400;\">Ne pas \u00eatre b\u00e9n\u00e9ficiaire de l\u2019allocation de logement sociale (ALS) ou l\u2019allocation de logement familiale (ALF), car ces aides ne se cumulent pas entre elles ;<\/span><\/li>\n<li class=\"amp-wp-fe3f5cc\" data-amp-original-style=\"font-weight: 400;\"><span class=\"amp-wp-fe3f5cc\" data-amp-original-style=\"font-weight: 400;\">Avoir des ressources inf\u00e9rieures aux plafonds. Ces plafonds sont d\u00e9termin\u00e9s par les bar\u00e8mes CAF\/MSA en vigueur.<\/span><\/li>\n<\/ul>\n\n<div class=\"wpdt-c row wpDataTableContainerSimpleTable wpDataTables wpDataTablesWrapper\n\"\n    >\n    <table id=\"wpdtSimpleTable-145\"\n           class=\"wpdtSimpleTable wpDataTable\"\n           data-column=\"2\"\n           data-rows=\"10\"\n           data-wpID=\"145\"\n           data-responsive=\"0\"\n           data-has-header=\"1\">\n\n                    <thead>        <tr class=\"wpdt-cell-row \" >\n                            <th class=\"wpdt-cell wpdt-bold wpdt-bc-F3F9FE\"\n                                    data-cell-id=\"A1\"\n                data-col-index=\"0\"\n                data-row-index=\"0\"\n                style=\" width:26.151930261519%;                padding:10px;\"\n                >\n                                Composition du foyer                <\/th>\n                                            <th class=\"wpdt-cell wpdt-bold wpdt-bc-F3F9FE\"\n                                    data-cell-id=\"B1\"\n                data-col-index=\"1\"\n                data-row-index=\"0\"\n                style=\" width:73.848069738481%;                padding:10px;\"\n                >\n                                Plafonds de ressources (en \u20ac) \u00e0 ne pas d\u00e9passer pour toucher le montant maximal d'APL en 2026                <\/th>\n                                        <\/tr>\n                    <tbody>        <tr class=\"wpdt-cell-row \" >\n                            <td class=\"wpdt-cell wpdt-bold wpdt-bc-F3F9FE\"\n                                    data-cell-id=\"A2\"\n                data-col-index=\"0\"\n                data-row-index=\"1\"\n                style=\"                padding:10px;\"\n                >\n                                Personne seule                <\/td>\n                                            <td class=\"wpdt-cell wpdt-bc-FFFFFF\"\n                                    data-cell-id=\"B2\"\n                data-col-index=\"1\"\n                data-row-index=\"1\"\n                style=\"                padding:10px;\"\n                >\n                                5 235                <\/td>\n                                        <\/tr>\n                            <tr class=\"wpdt-cell-row \" >\n                            <td class=\"wpdt-cell wpdt-bold wpdt-bc-F3F9FE\"\n                                    data-cell-id=\"A3\"\n                data-col-index=\"0\"\n                data-row-index=\"2\"\n                style=\"                padding:10px;\"\n                >\n                                Couple sans personne \u00e0 charge                <\/td>\n                                            <td class=\"wpdt-cell wpdt-bc-FFFFFF\"\n                                    data-cell-id=\"B3\"\n                data-col-index=\"1\"\n                data-row-index=\"2\"\n                style=\"                padding:10px;\"\n                >\n                                7 501                <\/td>\n                                        <\/tr>\n                            <tr class=\"wpdt-cell-row \" >\n                            <td class=\"wpdt-cell wpdt-bold wpdt-bc-F3F9FE\"\n                                    data-cell-id=\"A4\"\n                data-col-index=\"0\"\n                data-row-index=\"3\"\n                style=\"                padding:10px;\"\n                >\n                                Personne seule ou couple avec une personne \u00e0 charge                <\/td>\n                                            <td class=\"wpdt-cell wpdt-bc-FFFFFF\"\n                                    data-cell-id=\"B4\"\n                data-col-index=\"1\"\n                data-row-index=\"3\"\n                style=\"                padding:10px;\"\n                >\n                                8 947                <\/td>\n                                        <\/tr>\n                            <tr class=\"wpdt-cell-row \" >\n                            <td class=\"wpdt-cell wpdt-bold wpdt-bc-F3F9FE\"\n                                    data-cell-id=\"A5\"\n                data-col-index=\"0\"\n                data-row-index=\"4\"\n                style=\"                padding:10px;\"\n                >\n                                Personne seule ou couple ayant 2 personnes \u00e0 charge                <\/td>\n                                            <td class=\"wpdt-cell wpdt-bc-FFFFFF\"\n                                    data-cell-id=\"B5\"\n                data-col-index=\"1\"\n                data-row-index=\"4\"\n                style=\"                padding:10px;\"\n                >\n                                9 148                <\/td>\n                                        <\/tr>\n                            <tr class=\"wpdt-cell-row \" >\n                            <td class=\"wpdt-cell wpdt-bold wpdt-bc-F3F9FE\"\n                                    data-cell-id=\"A6\"\n                data-col-index=\"0\"\n                data-row-index=\"5\"\n                style=\"                padding:10px;\"\n                >\n                                Personne seule ou couple ayant 3 personnes \u00e0 charge                <\/td>\n                                            <td class=\"wpdt-cell wpdt-bc-FFFFFF\"\n                                    data-cell-id=\"B6\"\n                data-col-index=\"1\"\n                data-row-index=\"5\"\n                style=\"                padding:10px;\"\n                >\n                                9 498                <\/td>\n                                        <\/tr>\n                            <tr class=\"wpdt-cell-row \" >\n                            <td class=\"wpdt-cell wpdt-bold wpdt-bc-F3F9FE\"\n                                    data-cell-id=\"A7\"\n                data-col-index=\"0\"\n                data-row-index=\"6\"\n                style=\"                padding:10px;\"\n                >\n                                Personne seule ou couple ayant 4 personnes \u00e0 charge                <\/td>\n                                            <td class=\"wpdt-cell wpdt-bc-FFFFFF\"\n                                    data-cell-id=\"B7\"\n                data-col-index=\"1\"\n                data-row-index=\"6\"\n                style=\"                padding:10px;\"\n                >\n                                9 851                <\/td>\n                                        <\/tr>\n                            <tr class=\"wpdt-cell-row \" >\n                            <td class=\"wpdt-cell wpdt-bold wpdt-bc-F3F9FE\"\n                                    data-cell-id=\"A8\"\n                data-col-index=\"0\"\n                data-row-index=\"7\"\n                style=\"                padding:10px;\"\n                >\n                                Personne seule ou couple ayant 5 personnes \u00e0 charge                <\/td>\n                                            <td class=\"wpdt-cell wpdt-bc-FFFFFF\"\n                                    data-cell-id=\"B8\"\n                data-col-index=\"1\"\n                data-row-index=\"7\"\n                style=\"                padding:10px;\"\n                >\n                                10 202                <\/td>\n                                        <\/tr>\n                            <tr class=\"wpdt-cell-row \" >\n                            <td class=\"wpdt-cell wpdt-bold wpdt-bc-F3F9FE\"\n                                    data-cell-id=\"A9\"\n                data-col-index=\"0\"\n                data-row-index=\"8\"\n                style=\"                padding:10px;\"\n                >\n                                Personne seule ou couple ayant 6 personnes \u00e0 charge                <\/td>\n                                            <td class=\"wpdt-cell wpdt-bc-FFFFFF\"\n                                    data-cell-id=\"B9\"\n                data-col-index=\"1\"\n                data-row-index=\"8\"\n                style=\"                padding:10px;\"\n                >\n                                10 554                <\/td>\n                                        <\/tr>\n                            <tr class=\"wpdt-cell-row \" >\n                            <td class=\"wpdt-cell wpdt-bold wpdt-bc-F3F9FE\"\n                                    data-cell-id=\"A10\"\n                data-col-index=\"0\"\n                data-row-index=\"9\"\n                style=\"                padding:10px;\"\n                >\n                                Par personne \u00e0 charge suppl\u00e9mentaire                <\/td>\n                                            <td class=\"wpdt-cell wpdt-bc-FFFFFF\"\n                                    data-cell-id=\"B10\"\n                data-col-index=\"1\"\n                data-row-index=\"9\"\n                style=\"                padding:10px;\"\n                >\n                                + 346                <\/td>\n                                        <\/tr>\n                    <\/table>\n<\/div><style id='wpdt-custom-style-145'>\ntable#wpdtSimpleTable-145{ table-layout: fixed !important; }\n.wpdt-bc-F3F9FE { background-color: #F3F9FE !important;}\n.wpdt-bc-FFFFFF { background-color: #FFFFFF !important;}\n<\/style>\n\n<div class='cta-block'><div class='text'>Simulez vos APL en 2 min. Gratuit.<\/div><a href='https:\/\/www.mes-allocs.fr\/ab-app?origin=guides\/wp-json\/wp\/v2\/posts\/17790' class='app-button fit'>Simulation gratuite<\/a><\/div>\n<h1>Conditions li\u00e9es \u00e0 l&rsquo;\u00e9tudiant<\/h1>\n<p><span class=\"amp-wp-fe3f5cc\" data-amp-original-style=\"font-weight: 400;\">Les conditions d\u2019attribution des aides au logement pour les \u00e9tudiants se basent principalement sur les crit\u00e8res suivants :\u00a0<\/span><\/p>\n<ul>\n<li class=\"amp-wp-fe3f5cc\" data-amp-original-style=\"font-weight: 400;\"><span class=\"amp-wp-fe3f5cc\" data-amp-original-style=\"font-weight: 400;\">Le niveau de ressources ;<\/span><\/li>\n<li class=\"amp-wp-fe3f5cc\" data-amp-original-style=\"font-weight: 400;\"><span class=\"amp-wp-fe3f5cc\" data-amp-original-style=\"font-weight: 400;\">La composition du foyer ;\u00a0<\/span><\/li>\n<li class=\"amp-wp-fe3f5cc\" data-amp-original-style=\"font-weight: 400;\"><span class=\"amp-wp-fe3f5cc\" data-amp-original-style=\"font-weight: 400;\">Le montant du loyer ;<\/span><\/li>\n<li class=\"amp-wp-fe3f5cc\" data-amp-original-style=\"font-weight: 400;\"><span class=\"amp-wp-fe3f5cc\" data-amp-original-style=\"font-weight: 400;\">La localisation du logement \u00e9tudiant.\u00a0<\/span><\/li>\n<\/ul>\n<p><span class=\"amp-wp-fe3f5cc\" data-amp-original-style=\"font-weight: 400;\">Il n\u2019existe pas de restrictions et tous les \u00e9tudiants ont ainsi le droit de formuler une demande d\u2019APL en leur nom aupr\u00e8s de la CAF dont ils d\u00e9pendent. Il faut seulement qu\u2019ils respectent les conditions de ressources impos\u00e9es par cette derni\u00e8re.\u00a0<\/span><\/p>\n<p><span class=\"amp-wp-fe3f5cc\" data-amp-original-style=\"font-weight: 400;\">De plus, l\u2019appellation de l\u2019APL \u00c9tudiant ne sera pas la m\u00eame selon le type de location et la situation personnelle de chacun. Il existe ainsi trois appellations distinctes :<\/span><\/p>\n<ul>\n<li class=\"amp-wp-fe3f5cc\" data-amp-original-style=\"font-weight: 400;\"><span class=\"amp-wp-fe3f5cc\" data-amp-original-style=\"font-weight: 400;\">L\u2019APL, pour un \u00e9tudiant louant un logement conventionn\u00e9 par l\u2019Etat, comme un logement \u00e0 caract\u00e8re social ;<\/span><\/li>\n<li class=\"amp-wp-fe3f5cc\" data-amp-original-style=\"font-weight: 400;\"><span class=\"amp-wp-fe3f5cc\" data-amp-original-style=\"font-weight: 400;\">L\u2019 allocation de logement familial ALF, pour un \u00e9tudiant avec une personne \u00e0 charge louant tout autre type de logement ;<\/span><\/li>\n<li class=\"amp-wp-fe3f5cc\" data-amp-original-style=\"font-weight: 400;\"><span class=\"amp-wp-fe3f5cc\" data-amp-original-style=\"font-weight: 400;\">L\u2019 allocation de logement sociale ALS, pour un \u00e9tudiant sans personne \u00e0 charge louant tout autre type de logement.<\/span><\/li>\n<\/ul>\n<h1>Quel choix entre APL et prestations familiales ?<\/h1>\n<p>Avant vos 20 ans, vous pouvez\u00a0 recevoir une aide au logement mais dans ce cas vous ne pourrez pas en m\u00eame temps \u00eatre consid\u00e9r\u00e9 \u00e0 charge de vos parents, ce qui donnait droit \u00e0 des prestations familiales. Pour une m\u00eame famille, il faudra donc choisir entre recevoir soit les APL soit les allocations familiales, apr\u00e8s avoir compar\u00e9 le b\u00e9n\u00e9fice des deux aides.<a href=\"https:\/\/www.mes-allocs.fr\/guides\/wp-content\/uploads\/2021\/01\/pexels-andrea-piacquadio-3854130-4.jpg\"><img loading=\"lazy\" decoding=\"async\" class=\"alignright wp-image-17851 size-medium\" src=\"https:\/\/www.mes-allocs.fr\/guides\/wp-content\/uploads\/2021\/01\/pexels-andrea-piacquadio-3854130-4-300x200.jpg\" alt=\"demande APL \u00e9tudiant\" width=\"300\" height=\"200\" srcset=\"https:\/\/www.mes-allocs.fr\/guides\/wp-content\/uploads\/2021\/01\/pexels-andrea-piacquadio-3854130-4-300x200.jpg 300w, https:\/\/www.mes-allocs.fr\/guides\/wp-content\/uploads\/2021\/01\/pexels-andrea-piacquadio-3854130-4-1024x682.jpg 1024w, https:\/\/www.mes-allocs.fr\/guides\/wp-content\/uploads\/2021\/01\/pexels-andrea-piacquadio-3854130-4-768x512.jpg 768w, https:\/\/www.mes-allocs.fr\/guides\/wp-content\/uploads\/2021\/01\/pexels-andrea-piacquadio-3854130-4-600x400.jpg 600w, https:\/\/www.mes-allocs.fr\/guides\/wp-content\/uploads\/2021\/01\/pexels-andrea-piacquadio-3854130-4.jpg 1280w\" sizes=\"auto, (max-width: 300px) 100vw, 300px\" \/><\/a><\/p>\n<p>\u00c0 partir de 20 ans, le jeune ne peut plus \u00eatre inscrit \u00e0 charge du foyer et l&rsquo;APL devient donc forc\u00e9ment avantageuse.<\/p>\n<div class='cta-block'><div class='text'>Simulez vos APL en 2 min. Gratuit.<\/div><a href='https:\/\/www.mes-allocs.fr\/ab-app?origin=guides\/wp-json\/wp\/v2\/posts\/17790' class='app-button fit'>Simulation gratuite<\/a><\/div>\n","protected":false},"excerpt":{"rendered":"<p>[Mis \u00e0 jour le 12\/01\/2026] L&rsquo;APL est une aide au logement vers\u00e9e par la CAF et la MSA pour vous aider \u00e0 faire diminuer votre loyer. Les \u00e9tudiants sont \u00e9ligibles \u00e0 ce dispositif \u00e0 condition de respecter toutes les conditions en vigueur. Mes Allocs vous explique en d\u00e9tail comment faire une demande d&rsquo;APL pour un [&hellip;]<\/p>\n","protected":false},"author":9,"featured_media":17848,"comment_status":"open","ping_status":"open","sticky":false,"template":"","format":"standard","meta":{"amp_status":"","footnotes":""},"categories":[1,4,1727],"tags":[],"class_list":["post-17790","post","type-post","status-publish","format-standard","has-post-thumbnail","hentry","category-aide-logement","category-apl","category-apl-etudiant"],"yoast_head":"<!-- This site is optimized with the Yoast SEO plugin v14.9 - https:\/\/yoast.com\/wordpress\/plugins\/seo\/ -->\n<title>Comment faire une demande APL pour \u00e9tudiant ? | Mes-Allocs.fr<\/title>\n<meta name=\"description\" content=\"L&#039;APL est une allocation logement accessible pour les \u00e9tudiants. Mes Allocs vous explique en d\u00e9tail comment faire votre demande !\" \/>\n<meta name=\"robots\" content=\"index, follow, max-snippet:-1, max-image-preview:large, max-video-preview:-1\" \/>\n<link rel=\"canonical\" href=\"https:\/\/www.mes-allocs.fr\/guides\/aide-logement\/apl\/apl-etudiant\/demande-apl-etudiant\/\" \/>\n<meta property=\"og:locale\" content=\"fr_FR\" \/>\n<meta property=\"og:type\" content=\"article\" \/>\n<meta property=\"og:title\" content=\"Comment faire une demande APL pour \u00e9tudiant ? | Mes-Allocs.fr\" \/>\n<meta property=\"og:description\" content=\"L&#039;APL est une allocation logement accessible pour les \u00e9tudiants. Mes Allocs vous explique en d\u00e9tail comment faire votre demande !\" \/>\n<meta property=\"og:url\" content=\"https:\/\/www.mes-allocs.fr\/guides\/aide-logement\/apl\/apl-etudiant\/demande-apl-etudiant\/\" \/>\n<meta property=\"og:site_name\" content=\"Mes-Allocs.fr\" \/>\n<meta property=\"article:published_time\" content=\"2021-01-18T13:30:30+00:00\" \/>\n<meta property=\"article:modified_time\" content=\"2026-01-12T16:57:20+00:00\" \/>\n<meta property=\"og:image\" content=\"https:\/\/www.mes-allocs.fr\/guides\/wp-content\/uploads\/2021\/01\/pexels-andrea-piacquadio-3762806-e1686037395147.jpg?wsr\" \/>\n\t<meta property=\"og:image:width\" content=\"1280\" \/>\n\t<meta property=\"og:image:height\" content=\"256\" \/>\n<meta name=\"twitter:card\" content=\"summary_large_image\" \/>\n<script type=\"application\/ld+json\" class=\"yoast-schema-graph\">{\"@context\":\"https:\/\/schema.org\",\"@graph\":[{\"@type\":\"WebSite\",\"@id\":\"https:\/\/www.mes-allocs.fr\/guides\/#website\",\"url\":\"https:\/\/www.mes-allocs.fr\/guides\/\",\"name\":\"Mes-Allocs.fr\",\"description\":\"\",\"potentialAction\":[{\"@type\":\"SearchAction\",\"target\":\"https:\/\/www.mes-allocs.fr\/guides\/?s={search_term_string}\",\"query-input\":\"required name=search_term_string\"}],\"inLanguage\":\"fr-FR\"},{\"@type\":\"ImageObject\",\"@id\":\"https:\/\/www.mes-allocs.fr\/guides\/aide-logement\/apl\/apl-etudiant\/demande-apl-etudiant\/#primaryimage\",\"inLanguage\":\"fr-FR\",\"url\":\"https:\/\/www.mes-allocs.fr\/guides\/wp-content\/uploads\/2021\/01\/pexels-andrea-piacquadio-3762806-e1686037395147.jpg?wsr\",\"width\":1280,\"height\":256,\"caption\":\"pexels andrea piacquadio 3762806 e1610466136842\"},{\"@type\":\"WebPage\",\"@id\":\"https:\/\/www.mes-allocs.fr\/guides\/aide-logement\/apl\/apl-etudiant\/demande-apl-etudiant\/#webpage\",\"url\":\"https:\/\/www.mes-allocs.fr\/guides\/aide-logement\/apl\/apl-etudiant\/demande-apl-etudiant\/\",\"name\":\"Comment faire une demande APL pour \\u00e9tudiant ? | Mes-Allocs.fr\",\"isPartOf\":{\"@id\":\"https:\/\/www.mes-allocs.fr\/guides\/#website\"},\"primaryImageOfPage\":{\"@id\":\"https:\/\/www.mes-allocs.fr\/guides\/aide-logement\/apl\/apl-etudiant\/demande-apl-etudiant\/#primaryimage\"},\"datePublished\":\"2021-01-18T13:30:30+00:00\",\"dateModified\":\"2026-01-12T16:57:20+00:00\",\"author\":{\"@id\":\"https:\/\/www.mes-allocs.fr\/guides\/#\/schema\/person\/e4e762c89158b34a332446d26f02fd56\"},\"description\":\"L'APL est une allocation logement accessible pour les \\u00e9tudiants. Mes Allocs vous explique en d\\u00e9tail comment faire votre demande !\",\"inLanguage\":\"fr-FR\"},{\"@type\":\"Person\",\"@id\":\"https:\/\/www.mes-allocs.fr\/guides\/#\/schema\/person\/e4e762c89158b34a332446d26f02fd56\",\"name\":\"Marylou\",\"image\":{\"@type\":\"ImageObject\",\"@id\":\"https:\/\/www.mes-allocs.fr\/guides\/#personlogo\",\"inLanguage\":\"fr-FR\",\"url\":\"https:\/\/www.mes-allocs.fr\/guides\/wp-content\/uploads\/2021\/06\/marylou-150x150.png\",\"caption\":\"Marylou\"},\"description\":\"Marylou est r\\u00e9dactrice au sein de l'\\u00e9quipe Mes Allocs, sp\\u00e9cialiste des sujets de soci\\u00e9t\\u00e9 en g\\u00e9n\\u00e9ral. Dipl\\u00f4m\\u00e9e de l'Institut Sup\\u00e9rieur de Formation au Journalisme, elle rejoint Mes Allocs apr\\u00e8s cr\\u00e9\\u00e9 son premier blog personnel.\",\"sameAs\":[\"https:\/\/www.linkedin.com\/in\/marylou-pr\\u00e9vost\"]}]}<\/script>\n<!-- \/ Yoast SEO plugin. -->","amp_validity":null,"acf":{"faq":{"1":{"question":"\ud83e\udd14  Comment faire une demande d'APL pour un \u00e9tudiant ?","answer":"La demande d'APL \u00c9tudiant doit \u00eatre faite par internet uniquement. Il vous faudra alors remplir le dossier en indiquant les informations relatives \u00e0 votre logement et \u00e0 votre situation financi\u00e8re. Cela permettra l'\u00e9tude des droits."},"2":{"question":"\ud83e\udd37\u200d\u2640\ufe0f Quelles sont les conditions li\u00e9es \u00e0 l'APL \u00c9tudiant ?","answer":"Les conditions li\u00e9es aux APL peuvent varier en fonction de vos ressources et de votre logement. La m\u00e9thode rapide pour conna\u00eetre votre \u00e9ligibilit\u00e9 est de faire la simulation gratuite d'APL directement sur le site de Mes Allocs."},"3":{"question":"\ud83e\udd1d Qui peut b\u00e9n\u00e9ficier de l\u2019APL \u00e9tudiant ?","answer":"Comme son l'indique cette aide est destin\u00e9e aux \u00e9tudiants louant un logement pour suivre leurs \u00e9tudes. Si les ressources du demandeurs sont \u00e9tudi\u00e9es pour son attribution, le logement doit \u00eatre \u00e9galement \u00e9ligible \u00e0 l'APL "},"4":{"question":"\ud83e\udd14  Sur quoi le calcul de l'APL est-il fond\u00e9 en 2026 ?","answer":"Pour d\u00e9terminer le montant de votre APL, la Caisse des allocations familiales recourt \u00e0 un bar\u00e8me. Celui-ci prend en compte les ressources du demandeur - d\u00e9sormais ceux des 12 derniers mois avec la r\u00e9forme -, sa situation professionnelle, la situation g\u00e9ographique de son logement et la composition du foyer"},"5":{"question":"\ud83e\udd37\u200d\u2640\ufe0f Quel est l\u2019impact de l\u2019APL d\u2019un \u00e9tudiant pour ses parents ?","answer":"Un \u00e9tudiant percevant l'APL peut continuer d'\u00eatre rattacher au foyer fiscal des ses parents. Par contre, la CAF ne le consid\u00e8re plus comme \u00e9tant \u00e0 la charge de ses parents ce qui peut avoir une incidence sur les aides per\u00e7ues par les parents"},"6":{"question":"\ud83e\udd1d Est-ce que les propri\u00e9taires ont droit \u00e0 l'APL ?","answer":"Les conditions li\u00e9es aux APL pour propri\u00e9taires peuvent varier en fonction de vos ressources et de votre logement."},"7":{"question":"","answer":""},"8":{"question":"","answer":""},"9":{"question":"","answer":""},"10":{"question":"","answer":""},"11":{"question":"","answer":""},"12":{"question":"","answer":""},"13":{"question":"","answer":""},"14":{"question":"","answer":""},"15":{"question":"","answer":""},"16":{"question":"","answer":""}}},"_links":{"self":[{"href":"https:\/\/www.mes-allocs.fr\/guides\/wp-json\/wp\/v2\/posts\/17790","targetHints":{"allow":["GET"]}}],"collection":[{"href":"https:\/\/www.mes-allocs.fr\/guides\/wp-json\/wp\/v2\/posts"}],"about":[{"href":"https:\/\/www.mes-allocs.fr\/guides\/wp-json\/wp\/v2\/types\/post"}],"author":[{"embeddable":true,"href":"https:\/\/www.mes-allocs.fr\/guides\/wp-json\/wp\/v2\/users\/9"}],"replies":[{"embeddable":true,"href":"https:\/\/www.mes-allocs.fr\/guides\/wp-json\/wp\/v2\/comments?post=17790"}],"version-history":[{"count":15,"href":"https:\/\/www.mes-allocs.fr\/guides\/wp-json\/wp\/v2\/posts\/17790\/revisions"}],"predecessor-version":[{"id":107436,"href":"https:\/\/www.mes-allocs.fr\/guides\/wp-json\/wp\/v2\/posts\/17790\/revisions\/107436"}],"wp:featuredmedia":[{"embeddable":true,"href":"https:\/\/www.mes-allocs.fr\/guides\/wp-json\/wp\/v2\/media\/17848"}],"wp:attachment":[{"href":"https:\/\/www.mes-allocs.fr\/guides\/wp-json\/wp\/v2\/media?parent=17790"}],"wp:term":[{"taxonomy":"category","embeddable":true,"href":"https:\/\/www.mes-allocs.fr\/guides\/wp-json\/wp\/v2\/categories?post=17790"},{"taxonomy":"post_tag","embeddable":true,"href":"https:\/\/www.mes-allocs.fr\/guides\/wp-json\/wp\/v2\/tags?post=17790"}],"curies":[{"name":"wp","href":"https:\/\/api.w.org\/{rel}","templated":true}]}}