{"id":17523,"date":"2021-01-11T10:32:58","date_gmt":"2021-01-11T10:32:58","guid":{"rendered":"https:\/\/www.mes-allocs.fr\/guides\/?p=17523"},"modified":"2026-01-13T11:04:04","modified_gmt":"2026-01-13T10:04:04","slug":"simulation-apl-msa","status":"publish","type":"post","link":"https:\/\/www.mes-allocs.fr\/guides\/aide-logement\/apl\/simulation-apl\/simulation-apl-msa\/","title":{"rendered":"APL : comment faire une simulation MSA ?"},"content":{"rendered":"<p><a href=\"https:\/\/www.mes-allocs.fr\/guides\/wp-content\/uploads\/2021\/01\/pexels-erkan-gu\u0308nes\u0327-4407547.jpg\"><img loading=\"lazy\" decoding=\"async\" class=\"aligncenter wp-image-17534 size-full\" src=\"https:\/\/www.mes-allocs.fr\/guides\/wp-content\/uploads\/2021\/01\/pexels-erkan-gu\u0308nes\u0327-4407547-e1685977630164.jpg\" alt=\"APL simulation MSA\" width=\"1280\" height=\"278\" srcset=\"https:\/\/www.mes-allocs.fr\/guides\/wp-content\/uploads\/2021\/01\/pexels-erkan-gu\u0308nes\u0327-4407547-e1685977630164.jpg 1280w, https:\/\/www.mes-allocs.fr\/guides\/wp-content\/uploads\/2021\/01\/pexels-erkan-gu\u0308nes\u0327-4407547-e1685977630164-300x65.jpg 300w, https:\/\/www.mes-allocs.fr\/guides\/wp-content\/uploads\/2021\/01\/pexels-erkan-gu\u0308nes\u0327-4407547-e1685977630164-1024x222.jpg 1024w, https:\/\/www.mes-allocs.fr\/guides\/wp-content\/uploads\/2021\/01\/pexels-erkan-gu\u0308nes\u0327-4407547-e1685977630164-768x167.jpg 768w, https:\/\/www.mes-allocs.fr\/guides\/wp-content\/uploads\/2021\/01\/pexels-erkan-gu\u0308nes\u0327-4407547-e1685977630164-600x130.jpg 600w\" sizes=\"auto, (max-width: 1280px) 100vw, 1280px\" \/><\/a><\/p>\n<p style=\"text-align: justify;\">[Mis \u00e0 jour le 13\/01\/2026] L&rsquo;APL est une allocation logement vers\u00e9e aussi bien par la CAF que par la MSA. Depuis le 1<sup>er<\/sup> janvier 2021, la r\u00e9forme des APL est entr\u00e9e en vigueur. D\u00e9sormais sont pris en compte vos revenus des 12 derniers mois, m\u00eame si vous d\u00e9pendez de la MSA. Alors, comment faire une <strong>simulation de l&rsquo;APL vers\u00e9 par la MSA<\/strong> ? Mes Allocs vous explique tout sur la <a href=\"https:\/\/www.mes-allocs.fr\/guides\/aide-logement\/apl\/simulation-apl\/\">simulation APL<\/a> si vous travaillez dans le monde agricole.<\/p>\n<hr \/>\n<h1>Comment estimer ses droits \u00e0 l&rsquo;APL vers\u00e9e par la MSA ?<\/h1>\n<p style=\"text-align: justify;\">Estimer ses droits est relativement complexe, c&rsquo;est pourquoi il est conseill\u00e9 d&rsquo; utiliser un simulateur pour vous aider. Pour une estimation fiable de vos droits \u00e0 cette aide au logement vous pouvez utiliser le simulation de prestations sociales Mes Allocs. En deux minutes vous aurez une estimation du montant de l&rsquo; aide personnalis\u00e9e au logement auquel vous pouvez pr\u00e9tendre.\u00a0<a href=\"https:\/\/www.mes-allocs.fr\/guides\/wp-content\/uploads\/2021\/01\/pexels-jure-s\u030ciric\u0301-691919.jpg\"><img loading=\"lazy\" decoding=\"async\" class=\"alignright wp-image-17535 size-medium\" src=\"https:\/\/www.mes-allocs.fr\/guides\/wp-content\/uploads\/2021\/01\/pexels-jure-s\u030ciric\u0301-691919-300x200.jpg\" alt=\"APL simulation MSA\" width=\"300\" height=\"200\" srcset=\"https:\/\/www.mes-allocs.fr\/guides\/wp-content\/uploads\/2021\/01\/pexels-jure-s\u030ciric\u0301-691919-300x200.jpg 300w, https:\/\/www.mes-allocs.fr\/guides\/wp-content\/uploads\/2021\/01\/pexels-jure-s\u030ciric\u0301-691919-1024x682.jpg 1024w, https:\/\/www.mes-allocs.fr\/guides\/wp-content\/uploads\/2021\/01\/pexels-jure-s\u030ciric\u0301-691919-768x512.jpg 768w, https:\/\/www.mes-allocs.fr\/guides\/wp-content\/uploads\/2021\/01\/pexels-jure-s\u030ciric\u0301-691919-600x400.jpg 600w, https:\/\/www.mes-allocs.fr\/guides\/wp-content\/uploads\/2021\/01\/pexels-jure-s\u030ciric\u0301-691919.jpg 1280w\" sizes=\"auto, (max-width: 300px) 100vw, 300px\" \/><\/a><\/p>\n<p style=\"text-align: justify;\"><strong>Lors de la simulation, il vous sera demand\u00e9 plusieurs informations qui sont prises en compte, \u00e0 savoir :<\/strong><\/p>\n<ul>\n<li>Votre \u00e2ge<\/li>\n<li>Le nombre d&rsquo;enfants \u00e0 charge<\/li>\n<li>La composition de votre foyer<\/li>\n<li>Votre situation personnelle (mari\u00e9, pacs\u00e9, etc)<\/li>\n<\/ul>\n<p style=\"text-align: justify;\">\u00c0 l&rsquo;issue de la simulation, et si vous \u00eates \u00e9ligible, vous pouvez demander \u00e0 Mes Allocs de faire toutes les d\u00e9marches administratives pour faire valoir vos droits !<\/p>\n<p style=\"text-align: justify;\">Si, au contraire, vous n&rsquo;\u00eates pas \u00e9ligible \u00e0 <a href=\"https:\/\/www.mes-allocs.fr\/guides\/aide-logement\/apl\/\">l&rsquo;APL<\/a>, vous pouvez faire une demande d&rsquo; allocation de logement sociale ALS.<\/p>\n<div class='cta-block'><div class='text'>Simulez votre APL en 2 min. Gratuit.<\/div><a href='https:\/\/www.mes-allocs.fr\/ab-app?origin=guides\/wp-json\/wp\/v2\/posts\/17523' class='app-button fit'>Simulation gratuite<\/a><\/div>\n<p><iframe loading=\"lazy\" title=\"L&#039;APL\" width=\"500\" height=\"281\" src=\"https:\/\/www.youtube.com\/embed\/dfDRI2qg_z4?feature=oembed\" frameborder=\"0\" allow=\"accelerometer; autoplay; clipboard-write; encrypted-media; gyroscope; picture-in-picture; web-share\" referrerpolicy=\"strict-origin-when-cross-origin\" allowfullscreen><\/iframe><\/p>\n<h1>Qu&rsquo;est-ce que l&rsquo;APL ?<\/h1>\n<p><strong><span class=\"amp-wp-fe3f5cc\" data-amp-original-style=\"font-weight: 400;\"><a href=\"https:\/\/www.mes-allocs.fr\/guides\/aide-logement\/apl\">L\u2019APL<\/a> englobe trois aides diff\u00e9rentes qui sont\u00a0<\/span><\/strong><\/p>\n<ul>\n<li class=\"amp-wp-fe3f5cc\" data-amp-original-style=\"font-weight: 400;\"><span class=\"amp-wp-fe3f5cc\" data-amp-original-style=\"font-weight: 400;\">L\u2019<\/span><span class=\"amp-wp-fe3f5cc\" data-amp-original-style=\"font-weight: 400;\">Aide Personnalis\u00e9e au Logement<\/span><span class=\"amp-wp-fe3f5cc\" data-amp-original-style=\"font-weight: 400;\">\u00a0(APL) ;<\/span><\/li>\n<li class=\"amp-wp-fe3f5cc\" data-amp-original-style=\"font-weight: 400;\"><span class=\"amp-wp-fe3f5cc\" data-amp-original-style=\"font-weight: 400;\">L\u2019<\/span><span class=\"amp-wp-fe3f5cc\" data-amp-original-style=\"font-weight: 400;\">Allocation de Logement Social<\/span><span class=\"amp-wp-fe3f5cc\" data-amp-original-style=\"font-weight: 400;\">\u00a0(ALS) ;<\/span><\/li>\n<li class=\"amp-wp-fe3f5cc\" data-amp-original-style=\"font-weight: 400;\"><span class=\"amp-wp-fe3f5cc\" data-amp-original-style=\"font-weight: 400;\">Et<\/span><span class=\"amp-wp-fe3f5cc\" data-amp-original-style=\"font-weight: 400;\"> l\u2019<\/span><span class=\"amp-wp-fe3f5cc\" data-amp-original-style=\"font-weight: 400;\">Allocation de Logement Familial<\/span><span class=\"amp-wp-fe3f5cc\" data-amp-original-style=\"font-weight: 400;\">\u00a0(ALF).\u00a0<\/span><\/li>\n<\/ul>\n<p><span class=\"amp-wp-fe3f5cc\" data-amp-original-style=\"font-weight: 400;\">Cette aide financi\u00e8re se calcule selon divers crit\u00e8res propres aux donn\u00e9es personnelles notifi\u00e9es par le demandeur.\u00a0<\/span><\/p>\n<p style=\"text-align: justify;\"><span style=\"font-weight: 400;\">Il faut savoir que les revenus pris en compte sont des 12 derniers mois. Pour une demande effectu\u00e9e en janvier 2026, il faudra alors int\u00e9grer les revenus de l\u2019ann\u00e9e 2025.\u00a0<\/span><\/p>\n<p style=\"text-align: justify;\"><span style=\"font-weight: 400;\">Toutefois, il existe une exception pour l&rsquo;APL \u00e9tudiant : en effet, ce sont toujours les revenus N-2 qui sont pris en compte pour le calcul de l&rsquo;APL \u00e9tudiant. Pour une demande effectu\u00e9e en 2026, il faudra alors int\u00e9grer les revenus de l\u2019ann\u00e9e 2024.\u00a0<\/span><\/p>\n<h1>Crit\u00e8res pris en compte dans le calcul de l&rsquo;APL<\/h1>\n<p>Le montant des aides personnalis\u00e9es au logement (APL) auxquelles vous avez droit est d\u00e9termin\u00e9 en fonction de plusieurs crit\u00e8res :<\/p>\n<ul>\n<li>les ressources et celles des membres du foyer<\/li>\n<\/ul>\n\n<div class=\"wpdt-c row wpDataTableContainerSimpleTable wpDataTables wpDataTablesWrapper\n\"\n    >\n    <table id=\"wpdtSimpleTable-145\"\n           class=\"wpdtSimpleTable wpDataTable\"\n           data-column=\"2\"\n           data-rows=\"10\"\n           data-wpID=\"145\"\n           data-responsive=\"0\"\n           data-has-header=\"1\">\n\n                    <thead>        <tr class=\"wpdt-cell-row \" >\n                            <th class=\"wpdt-cell wpdt-bold wpdt-bc-F3F9FE\"\n                                    data-cell-id=\"A1\"\n                data-col-index=\"0\"\n                data-row-index=\"0\"\n                style=\" width:26.151930261519%;                padding:10px;\"\n                >\n                                Composition du foyer                <\/th>\n                                            <th class=\"wpdt-cell wpdt-bold wpdt-bc-F3F9FE\"\n                                    data-cell-id=\"B1\"\n                data-col-index=\"1\"\n                data-row-index=\"0\"\n                style=\" width:73.848069738481%;                padding:10px;\"\n                >\n                                Plafonds de ressources (en \u20ac) \u00e0 ne pas d\u00e9passer pour toucher le montant maximal d'APL en 2026                <\/th>\n                                        <\/tr>\n                    <tbody>        <tr class=\"wpdt-cell-row \" >\n                            <td class=\"wpdt-cell wpdt-bold wpdt-bc-F3F9FE\"\n                                    data-cell-id=\"A2\"\n                data-col-index=\"0\"\n                data-row-index=\"1\"\n                style=\"                padding:10px;\"\n                >\n                                Personne seule                <\/td>\n                                            <td class=\"wpdt-cell wpdt-bc-FFFFFF\"\n                                    data-cell-id=\"B2\"\n                data-col-index=\"1\"\n                data-row-index=\"1\"\n                style=\"                padding:10px;\"\n                >\n                                5 235                <\/td>\n                                        <\/tr>\n                            <tr class=\"wpdt-cell-row \" >\n                            <td class=\"wpdt-cell wpdt-bold wpdt-bc-F3F9FE\"\n                                    data-cell-id=\"A3\"\n                data-col-index=\"0\"\n                data-row-index=\"2\"\n                style=\"                padding:10px;\"\n                >\n                                Couple sans personne \u00e0 charge                <\/td>\n                                            <td class=\"wpdt-cell wpdt-bc-FFFFFF\"\n                                    data-cell-id=\"B3\"\n                data-col-index=\"1\"\n                data-row-index=\"2\"\n                style=\"                padding:10px;\"\n                >\n                                7 501                <\/td>\n                                        <\/tr>\n                            <tr class=\"wpdt-cell-row \" >\n                            <td class=\"wpdt-cell wpdt-bold wpdt-bc-F3F9FE\"\n                                    data-cell-id=\"A4\"\n                data-col-index=\"0\"\n                data-row-index=\"3\"\n                style=\"                padding:10px;\"\n                >\n                                Personne seule ou couple avec une personne \u00e0 charge                <\/td>\n                                            <td class=\"wpdt-cell wpdt-bc-FFFFFF\"\n                                    data-cell-id=\"B4\"\n                data-col-index=\"1\"\n                data-row-index=\"3\"\n                style=\"                padding:10px;\"\n                >\n                                8 947                <\/td>\n                                        <\/tr>\n                            <tr class=\"wpdt-cell-row \" >\n                            <td class=\"wpdt-cell wpdt-bold wpdt-bc-F3F9FE\"\n                                    data-cell-id=\"A5\"\n                data-col-index=\"0\"\n                data-row-index=\"4\"\n                style=\"                padding:10px;\"\n                >\n                                Personne seule ou couple ayant 2 personnes \u00e0 charge                <\/td>\n                                            <td class=\"wpdt-cell wpdt-bc-FFFFFF\"\n                                    data-cell-id=\"B5\"\n                data-col-index=\"1\"\n                data-row-index=\"4\"\n                style=\"                padding:10px;\"\n                >\n                                9 148                <\/td>\n                                        <\/tr>\n                            <tr class=\"wpdt-cell-row \" >\n                            <td class=\"wpdt-cell wpdt-bold wpdt-bc-F3F9FE\"\n                                    data-cell-id=\"A6\"\n                data-col-index=\"0\"\n                data-row-index=\"5\"\n                style=\"                padding:10px;\"\n                >\n                                Personne seule ou couple ayant 3 personnes \u00e0 charge                <\/td>\n                                            <td class=\"wpdt-cell wpdt-bc-FFFFFF\"\n                                    data-cell-id=\"B6\"\n                data-col-index=\"1\"\n                data-row-index=\"5\"\n                style=\"                padding:10px;\"\n                >\n                                9 498                <\/td>\n                                        <\/tr>\n                            <tr class=\"wpdt-cell-row \" >\n                            <td class=\"wpdt-cell wpdt-bold wpdt-bc-F3F9FE\"\n                                    data-cell-id=\"A7\"\n                data-col-index=\"0\"\n                data-row-index=\"6\"\n                style=\"                padding:10px;\"\n                >\n                                Personne seule ou couple ayant 4 personnes \u00e0 charge                <\/td>\n                                            <td class=\"wpdt-cell wpdt-bc-FFFFFF\"\n                                    data-cell-id=\"B7\"\n                data-col-index=\"1\"\n                data-row-index=\"6\"\n                style=\"                padding:10px;\"\n                >\n                                9 851                <\/td>\n                                        <\/tr>\n                            <tr class=\"wpdt-cell-row \" >\n                            <td class=\"wpdt-cell wpdt-bold wpdt-bc-F3F9FE\"\n                                    data-cell-id=\"A8\"\n                data-col-index=\"0\"\n                data-row-index=\"7\"\n                style=\"                padding:10px;\"\n                >\n                                Personne seule ou couple ayant 5 personnes \u00e0 charge                <\/td>\n                                            <td class=\"wpdt-cell wpdt-bc-FFFFFF\"\n                                    data-cell-id=\"B8\"\n                data-col-index=\"1\"\n                data-row-index=\"7\"\n                style=\"                padding:10px;\"\n                >\n                                10 202                <\/td>\n                                        <\/tr>\n                            <tr class=\"wpdt-cell-row \" >\n                            <td class=\"wpdt-cell wpdt-bold wpdt-bc-F3F9FE\"\n                                    data-cell-id=\"A9\"\n                data-col-index=\"0\"\n                data-row-index=\"8\"\n                style=\"                padding:10px;\"\n                >\n                                Personne seule ou couple ayant 6 personnes \u00e0 charge                <\/td>\n                                            <td class=\"wpdt-cell wpdt-bc-FFFFFF\"\n                                    data-cell-id=\"B9\"\n                data-col-index=\"1\"\n                data-row-index=\"8\"\n                style=\"                padding:10px;\"\n                >\n                                10 554                <\/td>\n                                        <\/tr>\n                            <tr class=\"wpdt-cell-row \" >\n                            <td class=\"wpdt-cell wpdt-bold wpdt-bc-F3F9FE\"\n                                    data-cell-id=\"A10\"\n                data-col-index=\"0\"\n                data-row-index=\"9\"\n                style=\"                padding:10px;\"\n                >\n                                Par personne \u00e0 charge suppl\u00e9mentaire                <\/td>\n                                            <td class=\"wpdt-cell wpdt-bc-FFFFFF\"\n                                    data-cell-id=\"B10\"\n                data-col-index=\"1\"\n                data-row-index=\"9\"\n                style=\"                padding:10px;\"\n                >\n                                + 346                <\/td>\n                                        <\/tr>\n                    <\/table>\n<\/div><style id='wpdt-custom-style-145'>\ntable#wpdtSimpleTable-145{ table-layout: fixed !important; }\n.wpdt-bc-F3F9FE { background-color: #F3F9FE !important;}\n.wpdt-bc-FFFFFF { background-color: #FFFFFF !important;}\n<\/style>\n\n<ul>\n<li>le montant du loyer<\/li>\n<li>la composition du foyer<\/li>\n<li>la situation professionnelle et celles des membres du foyer<\/li>\n<li>mais aussi la localisation<\/li>\n<li>ou encore la date de signature du <strong>pr\u00eat \u00e0 l\u2019accession sociale (PAS)<\/strong>\u00a0pour les propri\u00e9taires occupants<\/li>\n<\/ul>\n<p>L\u2019aide au logement peut vous \u00eatre attribu\u00e9e quelle que soit votre situation professionnelle ou la composition de votre foyer.<\/p>\n<h3><span id=\"Qui_peut_faire_une_demande_dAPL\">Qui peut faire une demande d\u2019APL ?<\/span><\/h3>\n<ul>\n<li class=\"amp-wp-fe3f5cc\" data-amp-original-style=\"font-weight: 400;\"><span class=\"amp-wp-fe3f5cc\" data-amp-original-style=\"font-weight: 400;\">Si vous \u00eates locataire ou propri\u00e9taire ;<\/span><\/li>\n<li class=\"amp-wp-fe3f5cc\" data-amp-original-style=\"font-weight: 400;\"><span class=\"amp-wp-fe3f5cc\" data-amp-original-style=\"font-weight: 400;\">La date d\u2019entr\u00e9e dans le logement ;<\/span><\/li>\n<li class=\"amp-wp-fe3f5cc\" data-amp-original-style=\"font-weight: 400;\"><span class=\"amp-wp-fe3f5cc\" data-amp-original-style=\"font-weight: 400;\">Si vous \u00eates en ou c\u00e9libataire ;<\/span><\/li>\n<li class=\"amp-wp-fe3f5cc\" data-amp-original-style=\"font-weight: 400;\"><span class=\"amp-wp-fe3f5cc\" data-amp-original-style=\"font-weight: 400;\">Si vous \u00eates \u00e9tudiant ou non ;<\/span><\/li>\n<li class=\"amp-wp-fe3f5cc\" data-amp-original-style=\"font-weight: 400;\"><span class=\"amp-wp-fe3f5cc\" data-amp-original-style=\"font-weight: 400;\">Le logement est votre r\u00e9sidence principale.<\/span><\/li>\n<\/ul>\n<p style=\"text-align: justify;\"><span class=\"amp-wp-fe3f5cc\" data-amp-original-style=\"font-weight: 400;\">Dans le cas o\u00f9 vous \u00eates locataire, votre statut vous sera demand\u00e9. Si le logement n\u2019est pas la r\u00e9sidence principale du demandeur ou s\u2019il appartient \u00e0 un membre de sa famille, le locataire n\u2019a pas le droit aux APL.<\/span><\/p>\n<p style=\"text-align: justify;\"><span class=\"amp-wp-fe3f5cc\" data-amp-original-style=\"font-weight: 400;\">Si vous vivez en couple, il vous sera \u00e9galement demand\u00e9 des renseignements sur la situation professionnelle actuelle et les revenus des 12 derniers mois de votre conjoint ou conjointe.\u00a0<\/span><\/p>\n<p style=\"text-align: justify;\"><span class=\"amp-wp-fe3f5cc\" data-amp-original-style=\"font-weight: 400;\">Une fois cette \u00e9tape pass\u00e9e, une d\u00e9claration sur l\u2019honneur est requise. Il vous faut prendre connaissance des droits et devoirs de l\u2019allocataire puis cocher la case pr\u00e9vue \u00e0 cet effet pour poursuivre la demande.<\/span><\/p>\n<div class='cta-block'><div class='text'>Simulez votre APL en 2 min. Gratuit.<\/div><a href='https:\/\/www.mes-allocs.fr\/ab-app?origin=guides\/wp-json\/wp\/v2\/posts\/17523' class='app-button fit'>Simulation gratuite<\/a><\/div>\n<h1>Quelles sont les conditions d&rsquo;attribution ?<\/h1>\n<p style=\"text-align: justify;\"><span class=\"amp-wp-fe3f5cc\" data-amp-original-style=\"font-weight: 400;\">Vous pouvez demander une estimation APL, que vous soyez allocataire ou non. Vous devez cependant r\u00e9pondre aux conditions applicables. Les conditions d\u2019APL pour un couple sont les m\u00eames que pour une personne seule.<\/span><\/p>\n<p style=\"text-align: justify;\"><span class=\"amp-wp-fe3f5cc\" data-amp-original-style=\"font-weight: 400;\">Voici la liste des crit\u00e8res d\u2019\u00e9ligibilit\u00e9 aux APL selon la MSA :<\/span><a href=\"https:\/\/www.mes-allocs.fr\/guides\/wp-content\/uploads\/2021\/01\/pexels-pixabay-356079-2.jpg\"><img loading=\"lazy\" decoding=\"async\" class=\"alignright wp-image-17536 size-medium\" src=\"https:\/\/www.mes-allocs.fr\/guides\/wp-content\/uploads\/2021\/01\/pexels-pixabay-356079-2-300x181.jpg\" alt=\"APL simulation MSA\" width=\"300\" height=\"181\" srcset=\"https:\/\/www.mes-allocs.fr\/guides\/wp-content\/uploads\/2021\/01\/pexels-pixabay-356079-2-300x181.jpg 300w, https:\/\/www.mes-allocs.fr\/guides\/wp-content\/uploads\/2021\/01\/pexels-pixabay-356079-2-1024x619.jpg 1024w, https:\/\/www.mes-allocs.fr\/guides\/wp-content\/uploads\/2021\/01\/pexels-pixabay-356079-2-768x464.jpg 768w, https:\/\/www.mes-allocs.fr\/guides\/wp-content\/uploads\/2021\/01\/pexels-pixabay-356079-2-600x363.jpg 600w, https:\/\/www.mes-allocs.fr\/guides\/wp-content\/uploads\/2021\/01\/pexels-pixabay-356079-2.jpg 1280w\" sizes=\"auto, (max-width: 300px) 100vw, 300px\" \/><\/a><\/p>\n<ul>\n<li class=\"amp-wp-fe3f5cc\" style=\"text-align: justify;\" data-amp-original-style=\"font-weight: 400;\"><span class=\"amp-wp-fe3f5cc\" data-amp-original-style=\"font-weight: 400;\">R\u00e9sider l\u00e9galement en France ;<\/span><\/li>\n<li class=\"amp-wp-fe3f5cc\" style=\"text-align: justify;\" data-amp-original-style=\"font-weight: 400;\"><span class=\"amp-wp-fe3f5cc\" data-amp-original-style=\"font-weight: 400;\">La demande doit concerner votre r\u00e9sidence principale ;<\/span><\/li>\n<li class=\"amp-wp-fe3f5cc\" data-amp-original-style=\"font-weight: 400;\"><span class=\"amp-wp-fe3f5cc\" data-amp-original-style=\"font-weight: 400;\">R\u00e9sider dans un logement \u00e9ligible aux APL ;<\/span><\/li>\n<li class=\"amp-wp-fe3f5cc\" data-amp-original-style=\"font-weight: 400;\"><span class=\"amp-wp-fe3f5cc\" data-amp-original-style=\"font-weight: 400;\">Ne pas \u00eatre rattach\u00e9 \u00e0 un foyer fiscal sujet \u00e0 l\u2019Imp\u00f4t sur la Fortune Immobili\u00e8re ;<\/span><\/li>\n<li class=\"amp-wp-fe3f5cc\" data-amp-original-style=\"font-weight: 400;\"><span class=\"amp-wp-fe3f5cc\" data-amp-original-style=\"font-weight: 400;\">Ne pas \u00eatre d\u00e9j\u00e0 allocataire d\u2019une autre aide d\u2019\u00c9tat.<\/span><\/li>\n<\/ul>\n<p><span class=\"amp-wp-fe3f5cc\" data-amp-original-style=\"font-weight: 400;\">L\u2019aide personnalis\u00e9e au logement est calcul\u00e9e le 1er janvier de chaque ann\u00e9e. Il est \u00e0 noter que vous devez notifier tout changement de situation sur le site de la CAF ou de la MSA.\u00a0<\/span><\/p>\n<h1>M\u00e9thode de calcul de l&rsquo;APL<\/h1>\n<p style=\"text-align: justify;\"><span class=\"amp-wp-fe3f5cc\" data-amp-original-style=\"font-weight: 400;\">Vous devez premi\u00e8rement poss\u00e9der un num\u00e9ro d\u2019allocataire.\u00a0<\/span><\/p>\n<p style=\"text-align: justify;\"><span class=\"amp-wp-fe3f5cc\" data-amp-original-style=\"font-weight: 400;\"><b>Si vous \u00eates allocataire<\/b> : v\u00e9rifiez que les \u00e9l\u00e9ments de votre dossier ne n\u00e9cessitent pas de mise \u00e0 jour.\u00a0<\/span><\/p>\n<p style=\"text-align: justify;\"><span class=\"amp-wp-fe3f5cc\" data-amp-original-style=\"font-weight: 400;\"><b>Si vous n\u2019\u00eates pas allocataire<\/b> : votre organisme r\u00e9f\u00e9rent vous demandera plus d\u2019informations pour conna\u00eetre l\u2019ensemble de votre situation. Et ainsi \u00e9tudier votre demande.<\/span><\/p>\n<p style=\"text-align: justify;\"><span class=\"amp-wp-fe3f5cc\" data-amp-original-style=\"font-weight: 400;\">Dans le cadre de votre demande, vous devrez compl\u00e9ter le formulaire cerfa 11423 06 \u201cd\u00e9claration de situation pour les prestations familiales et les aides au logement. Ainsi que le formulaire cerfa 10842 07 \u201cattestation de loyer, de r\u00e9sidence en foyer\u201d.<\/span><\/p>\n<p style=\"text-align: justify;\"><span class=\"amp-wp-fe3f5cc\" data-amp-original-style=\"font-weight: 400;\">Vous devrez ensuite apporter un certain nombre d\u2019informations.<\/span><\/p>\n<h1>Comment faire une demande d&rsquo;APL ?<\/h1>\n<p style=\"text-align: justify;\">Pour faire votre demande d\u2019APL, vous devez vous rendre sur le site internet de la CAF ou de la MSA. La plupart des prestations sociales vers\u00e9es par ces organismes sont d\u00e9mat\u00e9rialis\u00e9es.<\/p>\n<p style=\"text-align: justify;\">Rendez-vous dans votre espace personnel, si vous n\u2019\u00eates pas encore allocataire vous devez vous cr\u00e9er un espace priv\u00e9 CAF ou MSA.<\/p>\n<p style=\"text-align: justify;\">Compte tenu de la fr\u00e9quentation du site de ces organismes, essayez de vous connecter aux heures creuses de fr\u00e9quentation.<\/p>\n<p style=\"text-align: justify;\">Le site ainsi que vous proposer des cookies de navigation, vous acceptez. Vous avez \u00e9galement acc\u00e8s aux boutons de partage de r\u00e9seaux sociaux et des contenus de vid\u00e9os des boutons. Le fait de proposer des contenus de plateformes sociales fait remonter les contenus et sert \u00e0 mesurer la fr\u00e9quentation du site.<\/p>\n<h2>Information \u00e0 communiquer lors de votre demande APL<\/h2>\n<p style=\"text-align: justify;\">Pour que vos droits soient \u00e9tudi\u00e9s vous devez communiquer un dossier d&rsquo;APL complet, vous devrez donc communiquer les informations suivantes :<\/p>\n<ul>\n<li class=\"amp-wp-fe3f5cc\" style=\"text-align: justify;\" data-amp-original-style=\"font-weight: 400;\"><span class=\"amp-wp-fe3f5cc\" data-amp-original-style=\"font-weight: 400;\">Le logement dans lequel vous r\u00e9sidez (code postal et montant du loyer avec charges) ;<\/span><\/li>\n<li class=\"amp-wp-fe3f5cc\" style=\"text-align: justify;\" data-amp-original-style=\"font-weight: 400;\"><span class=\"amp-wp-fe3f5cc\" data-amp-original-style=\"font-weight: 400;\">La composition du foyer ;<\/span><\/li>\n<li class=\"amp-wp-fe3f5cc\" style=\"text-align: justify;\" data-amp-original-style=\"font-weight: 400;\"><span class=\"amp-wp-fe3f5cc\" data-amp-original-style=\"font-weight: 400;\">Votre situation professionnelle actuelle ;<\/span><\/li>\n<li class=\"amp-wp-fe3f5cc\" data-amp-original-style=\"font-weight: 400;\"><span class=\"amp-wp-fe3f5cc\" data-amp-original-style=\"font-weight: 400;\">Les revenus personnels des 12 derniers mois;<\/span><\/li>\n<li class=\"amp-wp-fe3f5cc\" data-amp-original-style=\"font-weight: 400;\"><span class=\"amp-wp-fe3f5cc\" data-amp-original-style=\"font-weight: 400;\">La valeur du patrimoine financier ;<\/span><\/li>\n<li class=\"amp-wp-fe3f5cc\" data-amp-original-style=\"font-weight: 400;\"><span class=\"amp-wp-fe3f5cc\" data-amp-original-style=\"font-weight: 400;\">La valeur du patrimoine immobilier.<\/span><\/li>\n<\/ul>\n<h1>Peut-on cumuler l&rsquo;APL et la prime d&rsquo;activit\u00e9 de la MSA ?<\/h1>\n<p style=\"text-align: justify;\">Il est tout \u00e0 fait possible de cumuler ces deux aides. L&rsquo;APL est incluse dans un forfait logement ajout\u00e9 \u00e0 vos ressources selon votre situation financi\u00e8re et familiale (nombre d&rsquo;enfants \u00e0 charge etc.).<\/p>\n<p style=\"text-align: justify;\">Pour savoir si oui ou non vous \u00eates \u00e9ligibles \u00e0 la prime d&rsquo;activit\u00e9, il y&rsquo;a diff\u00e9rentes ressources prises en compte. Notamment les APL. Il faut savoir que<strong> l&rsquo;int\u00e9gralit\u00e9 de vos APL n&rsquo;est pas prise en compte<\/strong>. Seul un montant forfaitaire est requis.<\/p>\n<p style=\"text-align: justify;\"><div itemscope itemtype=\"http:\/\/schema.org\/Table\"><p itemprop=\"about\">Le forfait logement pris en compte pour la prime activit\u00e9 en 2021<\/p><\/div><\/p>\n<p style=\"text-align: justify;\">Le montant du forfait logement est le suivant (montant mensuel) :<\/p>\n\n<div class=\"wpdt-c row wpDataTableContainerSimpleTable wpDataTables wpDataTablesWrapper\n\"\n    >\n    <table id=\"wpdtSimpleTable-5\"\n           class=\"wpdtSimpleTable wpDataTable\"\n           data-column=\"2\"\n           data-rows=\"4\"\n           data-wpID=\"5\"\n           data-responsive=\"0\"\n           data-has-header=\"1\">\n\n                    <thead>        <tr class=\"wpdt-cell-row \" >\n                            <th class=\"wpdt-cell wpdt-bc-F3F9FE wpdt-bold\"\n                                    data-cell-id=\"A1\"\n                data-col-index=\"0\"\n                data-row-index=\"0\"\n                style=\" width:48.571428571429%;                padding:10px;\"\n                >\n                                Composition du foyer                <\/th>\n                                            <th class=\"wpdt-cell wpdt-bc-F3F9FE wpdt-bold\"\n                                    data-cell-id=\"B1\"\n                data-col-index=\"1\"\n                data-row-index=\"0\"\n                style=\" width:51.428571428571%;                padding:10px;\"\n                >\n                                Forfait logement \u00e0 d\u00e9duire                <\/th>\n                                        <\/tr>\n                    <tbody>        <tr class=\"wpdt-cell-row \" >\n                            <td class=\"wpdt-cell \"\n                                    data-cell-id=\"A2\"\n                data-col-index=\"0\"\n                data-row-index=\"1\"\n                style=\"                padding:10px;\"\n                >\n                                1 personne                <\/td>\n                                            <td class=\"wpdt-cell \"\n                                    data-cell-id=\"B2\"\n                data-col-index=\"1\"\n                data-row-index=\"1\"\n                style=\"                padding:10px;\"\n                >\n                                78,2 \u20ac                <\/td>\n                                        <\/tr>\n                            <tr class=\"wpdt-cell-row \" >\n                            <td class=\"wpdt-cell \"\n                                    data-cell-id=\"A3\"\n                data-col-index=\"0\"\n                data-row-index=\"2\"\n                style=\"                padding:10px;\"\n                >\n                                2 personnes                <\/td>\n                                            <td class=\"wpdt-cell \"\n                                    data-cell-id=\"B3\"\n                data-col-index=\"1\"\n                data-row-index=\"2\"\n                style=\"                padding:10px;\"\n                >\n                                156,41 \u20ac                <\/td>\n                                        <\/tr>\n                            <tr class=\"wpdt-cell-row \" >\n                            <td class=\"wpdt-cell \"\n                                    data-cell-id=\"A4\"\n                data-col-index=\"0\"\n                data-row-index=\"3\"\n                style=\"                padding:10px;\"\n                >\n                                3 personnes ou plus                <\/td>\n                                            <td class=\"wpdt-cell \"\n                                    data-cell-id=\"B4\"\n                data-col-index=\"1\"\n                data-row-index=\"3\"\n                style=\"                padding:10px;\"\n                >\n                                193,55 \u20ac                <\/td>\n                                        <\/tr>\n                    <\/table>\n<\/div><style id='wpdt-custom-style-5'>\ntable#wpdtSimpleTable-5{ table-layout: fixed !important; }\n.wpdt-bc-F3F9FE { background-color: #F3F9FE !important;}\n<\/style>\n\n<p style=\"text-align: justify;\">Ces forfaits logements s&rsquo;appliquent \u00e0 plusieurs aides diff\u00e9rentes, notamment le RSA, la CMU Compl\u00e9mentaire ou bien encore l\u2019Aide Compl\u00e9mentaire Sant\u00e9. Ils ont \u00e9t\u00e9 cr\u00e9es pour un souci d&rsquo;\u00e9quit\u00e9. En effet, il faut \u00e9galiser les aides entre les personnes qui per\u00e7oivent les APL et ceux qui paient leur loyer, sans aide.<\/p>\n<h1>APL ou allocation familiale ?<\/h1>\n<p style=\"text-align: justify;\">Avant 20 ans, un \u00e9tudiant peut recevoir une aide au logement mais dans ce cas il ne pourra pas en m\u00eame temps \u00eatre consid\u00e9r\u00e9 \u00e0 charge de ses parents et donnant droit aux prestations familiales.<\/p>\n<p style=\"text-align: justify;\">A partir de 20 ans, vous ne pouvez plus \u00eatre inscrit \u00e0 charge du foyer et l&rsquo;APL devient donc forc\u00e9ment avantageuse.<\/p>\n<h1>APL \u00e9tudiant : comment en b\u00e9n\u00e9ficier ?<\/h1>\n<p style=\"text-align: justify;\">L\u2019acronyme APL signifie Aide au Logement Personnalis\u00e9e. Cette allocation est vers\u00e9e aux \u00e9tudiants locataires de leur logement, qu\u2019il s\u2019agisse d\u2019une location aupr\u00e8s d\u2019un bailleur ou dans une r\u00e9sidence \u00e9tudiante. L\u2019APL \u00c9tudiant se veut proche de l\u2019aide personnalis\u00e9e au logement APL classique.<a href=\"https:\/\/www.mes-allocs.fr\/guides\/wp-content\/uploads\/2021\/01\/pexels-linkedin-sales-navigator-1251861.jpg\"><img loading=\"lazy\" decoding=\"async\" class=\"alignright wp-image-17537 size-medium\" src=\"https:\/\/www.mes-allocs.fr\/guides\/wp-content\/uploads\/2021\/01\/pexels-linkedin-sales-navigator-1251861-300x200.jpg\" alt=\"APL simulation MSA\" width=\"300\" height=\"200\" srcset=\"https:\/\/www.mes-allocs.fr\/guides\/wp-content\/uploads\/2021\/01\/pexels-linkedin-sales-navigator-1251861-300x200.jpg 300w, https:\/\/www.mes-allocs.fr\/guides\/wp-content\/uploads\/2021\/01\/pexels-linkedin-sales-navigator-1251861-1024x682.jpg 1024w, https:\/\/www.mes-allocs.fr\/guides\/wp-content\/uploads\/2021\/01\/pexels-linkedin-sales-navigator-1251861-768x512.jpg 768w, https:\/\/www.mes-allocs.fr\/guides\/wp-content\/uploads\/2021\/01\/pexels-linkedin-sales-navigator-1251861-600x400.jpg 600w, https:\/\/www.mes-allocs.fr\/guides\/wp-content\/uploads\/2021\/01\/pexels-linkedin-sales-navigator-1251861.jpg 1280w\" sizes=\"auto, (max-width: 300px) 100vw, 300px\" \/><\/a><\/p>\n<p style=\"text-align: justify;\">Depuis le 1er janvier 2021 ce sont les revenus des 12 derniers mois qui entrent dans le calcul de l&rsquo;APL aussi bien pour l&rsquo;APL classique que pour l&rsquo;APL \u00e9tudiant.<\/p>\n<div class='cta-block'><div class='text'>Simulez votre APL en 2 min. Gratuit.<\/div><a href='https:\/\/www.mes-allocs.fr\/ab-app?origin=guides\/wp-json\/wp\/v2\/posts\/17523' class='app-button fit'>Simulation gratuite<\/a><\/div>\n","protected":false},"excerpt":{"rendered":"<p>[Mis \u00e0 jour le 13\/01\/2026] L&rsquo;APL est une allocation logement vers\u00e9e aussi bien par la CAF que par la MSA. Depuis le 1er janvier 2021, la r\u00e9forme des APL est entr\u00e9e en vigueur. D\u00e9sormais sont pris en compte vos revenus des 12 derniers mois, m\u00eame si vous d\u00e9pendez de la MSA. Alors, comment faire une [&hellip;]<\/p>\n","protected":false},"author":9,"featured_media":17534,"comment_status":"open","ping_status":"open","sticky":false,"template":"","format":"standard","meta":{"amp_status":"","footnotes":""},"categories":[1,4,4647],"tags":[],"class_list":["post-17523","post","type-post","status-publish","format-standard","has-post-thumbnail","hentry","category-aide-logement","category-apl","category-simulation-apl"],"yoast_head":"<!-- This site is optimized with the Yoast SEO plugin v14.9 - https:\/\/yoast.com\/wordpress\/plugins\/seo\/ -->\n<title>Simulation APL MSA 2026 : estimez votre montant en 2 min | Mes-Allocs.fr<\/title>\n<meta name=\"description\" content=\"L&#039;APL est une allocation logement vers\u00e9e aussi bien par la CAF que par la MSA. Mes Allocs vous explique comment estimer son montant.\" \/>\n<meta name=\"robots\" content=\"index, follow, max-snippet:-1, max-image-preview:large, max-video-preview:-1\" \/>\n<link rel=\"canonical\" href=\"https:\/\/www.mes-allocs.fr\/guides\/aide-logement\/apl\/simulation-apl\/simulation-apl-msa\/\" \/>\n<meta property=\"og:locale\" content=\"fr_FR\" \/>\n<meta property=\"og:type\" content=\"article\" \/>\n<meta property=\"og:title\" content=\"Simulation APL MSA 2026 : estimez votre montant en 2 min | Mes-Allocs.fr\" \/>\n<meta property=\"og:description\" content=\"L&#039;APL est une allocation logement vers\u00e9e aussi bien par la CAF que par la MSA. Mes Allocs vous explique comment estimer son montant.\" \/>\n<meta property=\"og:url\" content=\"https:\/\/www.mes-allocs.fr\/guides\/aide-logement\/apl\/simulation-apl\/simulation-apl-msa\/\" \/>\n<meta property=\"og:site_name\" content=\"Mes-Allocs.fr\" \/>\n<meta property=\"article:published_time\" content=\"2021-01-11T10:32:58+00:00\" \/>\n<meta property=\"article:modified_time\" content=\"2026-01-13T10:04:04+00:00\" \/>\n<meta property=\"og:image\" content=\"https:\/\/www.mes-allocs.fr\/guides\/wp-content\/uploads\/2021\/01\/pexels-erkan-gu\u0308nes\u0327-4407547-e1685977630164.jpg?wsr\" \/>\n\t<meta property=\"og:image:width\" content=\"1280\" \/>\n\t<meta property=\"og:image:height\" content=\"278\" \/>\n<meta name=\"twitter:card\" content=\"summary_large_image\" \/>\n<script type=\"application\/ld+json\" class=\"yoast-schema-graph\">{\"@context\":\"https:\/\/schema.org\",\"@graph\":[{\"@type\":\"WebSite\",\"@id\":\"https:\/\/www.mes-allocs.fr\/guides\/#website\",\"url\":\"https:\/\/www.mes-allocs.fr\/guides\/\",\"name\":\"Mes-Allocs.fr\",\"description\":\"\",\"potentialAction\":[{\"@type\":\"SearchAction\",\"target\":\"https:\/\/www.mes-allocs.fr\/guides\/?s={search_term_string}\",\"query-input\":\"required name=search_term_string\"}],\"inLanguage\":\"fr-FR\"},{\"@type\":\"ImageObject\",\"@id\":\"https:\/\/www.mes-allocs.fr\/guides\/aide-logement\/apl\/simulation-apl\/simulation-apl-msa\/#primaryimage\",\"inLanguage\":\"fr-FR\",\"url\":\"https:\/\/www.mes-allocs.fr\/guides\/wp-content\/uploads\/2021\/01\/pexels-erkan-gu\\u0308nes\\u0327-4407547-e1685977630164.jpg?wsr\",\"width\":1280,\"height\":278,\"caption\":\"simulation apl msa\"},{\"@type\":\"WebPage\",\"@id\":\"https:\/\/www.mes-allocs.fr\/guides\/aide-logement\/apl\/simulation-apl\/simulation-apl-msa\/#webpage\",\"url\":\"https:\/\/www.mes-allocs.fr\/guides\/aide-logement\/apl\/simulation-apl\/simulation-apl-msa\/\",\"name\":\"Simulation APL MSA 2026 : estimez votre montant en 2 min | Mes-Allocs.fr\",\"isPartOf\":{\"@id\":\"https:\/\/www.mes-allocs.fr\/guides\/#website\"},\"primaryImageOfPage\":{\"@id\":\"https:\/\/www.mes-allocs.fr\/guides\/aide-logement\/apl\/simulation-apl\/simulation-apl-msa\/#primaryimage\"},\"datePublished\":\"2021-01-11T10:32:58+00:00\",\"dateModified\":\"2026-01-13T10:04:04+00:00\",\"author\":{\"@id\":\"https:\/\/www.mes-allocs.fr\/guides\/#\/schema\/person\/e4e762c89158b34a332446d26f02fd56\"},\"description\":\"L'APL est une allocation logement vers\\u00e9e aussi bien par la CAF que par la MSA. Mes Allocs vous explique comment estimer son montant.\",\"inLanguage\":\"fr-FR\"},{\"@type\":\"Person\",\"@id\":\"https:\/\/www.mes-allocs.fr\/guides\/#\/schema\/person\/e4e762c89158b34a332446d26f02fd56\",\"name\":\"Marylou\",\"image\":{\"@type\":\"ImageObject\",\"@id\":\"https:\/\/www.mes-allocs.fr\/guides\/#personlogo\",\"inLanguage\":\"fr-FR\",\"url\":\"https:\/\/www.mes-allocs.fr\/guides\/wp-content\/uploads\/2021\/06\/marylou-150x150.png\",\"caption\":\"Marylou\"},\"description\":\"Marylou est r\\u00e9dactrice au sein de l'\\u00e9quipe Mes Allocs, sp\\u00e9cialiste des sujets de soci\\u00e9t\\u00e9 en g\\u00e9n\\u00e9ral. Dipl\\u00f4m\\u00e9e de l'Institut Sup\\u00e9rieur de Formation au Journalisme, elle rejoint Mes Allocs apr\\u00e8s cr\\u00e9\\u00e9 son premier blog personnel.\",\"sameAs\":[\"https:\/\/www.linkedin.com\/in\/marylou-pr\\u00e9vost\"]}]}<\/script>\n<!-- \/ Yoast SEO plugin. -->","amp_validity":null,"acf":{"faq":{"1":{"question":"Comment demander l\u2019APL ?","answer":"La demande d'aide personnalis\u00e9e au logement (APL) se fait aupr\u00e8s de la CAF ou de la MSA. Pour conna\u00eetre le montant de l'aide, faites une simulation gratuite d'APL sur le site de Mes Allocs."},"2":{"question":"Qu'est ce qu'une simulation APL ?","answer":"Une simulation APL est une proc\u00e9dure de Mes Allocs pour calculer du montant que vous pouvez re\u00e7evoir chaque mois suite \u00e0 la validation de la demande d'APL. Faites la simulation gratuite d'APL directement sur le site de Mes Allocs.\r\n\r\n"},"3":{"question":"Sur quoi le calcul de l'APL est-il fond\u00e9 en 2021 ?","answer":"Pour d\u00e9terminer le montant de votre APL, la Caisse des allocations familiales recourt \u00e0 un bar\u00e8me. Celui-ci prend en compte les ressources du demandeur - d\u00e9sormais ceux des 12 derniers mois avec la r\u00e9forme -, sa situation professionnelle, la situation g\u00e9ographique de son logement et la composition du foyer."},"4":{"question":"Qui peut pr\u00e9tendre aux APL ?","answer":"L'APL est accord\u00e9e \u00e0 une personne ou famille pour un logement. Les sous-locations peuvent b\u00e9n\u00e9ficier des APL, si elles r\u00e9pondent \u00e0 des conditions bien pr\u00e9cises : les sous-locataires doivent \u00eatre li\u00e9s \u00e0 un locataire de plus de 60 ans, et \u00eatre eux-m\u00eames soit handicap\u00e9s, soit \u00e2g\u00e9s de moins de 30 ans ou de plus de 60 ans."},"5":{"question":"Est-ce que les propri\u00e9taires ont droit \u00e0 l'APL ?","answer":"Les conditions li\u00e9es aux APL pour propri\u00e9taires peuvent varier en fonction de vos ressources et de votre logement."},"6":{"question":"Quand est vers\u00e9 le premier mois d'APL ?","answer":"L'allocation personnalis\u00e9e au logement est vers\u00e9e le premier jour du mois civil qui suit l'entr\u00e9e dans le logement."},"7":{"question":"","answer":""},"8":{"question":"","answer":""},"9":{"question":"","answer":""},"10":{"question":"","answer":""},"11":{"question":"","answer":""},"12":{"question":"","answer":""},"13":{"question":"","answer":""},"14":{"question":"","answer":""},"15":{"question":"","answer":""},"16":{"question":"","answer":""}}},"_links":{"self":[{"href":"https:\/\/www.mes-allocs.fr\/guides\/wp-json\/wp\/v2\/posts\/17523","targetHints":{"allow":["GET"]}}],"collection":[{"href":"https:\/\/www.mes-allocs.fr\/guides\/wp-json\/wp\/v2\/posts"}],"about":[{"href":"https:\/\/www.mes-allocs.fr\/guides\/wp-json\/wp\/v2\/types\/post"}],"author":[{"embeddable":true,"href":"https:\/\/www.mes-allocs.fr\/guides\/wp-json\/wp\/v2\/users\/9"}],"replies":[{"embeddable":true,"href":"https:\/\/www.mes-allocs.fr\/guides\/wp-json\/wp\/v2\/comments?post=17523"}],"version-history":[{"count":26,"href":"https:\/\/www.mes-allocs.fr\/guides\/wp-json\/wp\/v2\/posts\/17523\/revisions"}],"predecessor-version":[{"id":107447,"href":"https:\/\/www.mes-allocs.fr\/guides\/wp-json\/wp\/v2\/posts\/17523\/revisions\/107447"}],"wp:featuredmedia":[{"embeddable":true,"href":"https:\/\/www.mes-allocs.fr\/guides\/wp-json\/wp\/v2\/media\/17534"}],"wp:attachment":[{"href":"https:\/\/www.mes-allocs.fr\/guides\/wp-json\/wp\/v2\/media?parent=17523"}],"wp:term":[{"taxonomy":"category","embeddable":true,"href":"https:\/\/www.mes-allocs.fr\/guides\/wp-json\/wp\/v2\/categories?post=17523"},{"taxonomy":"post_tag","embeddable":true,"href":"https:\/\/www.mes-allocs.fr\/guides\/wp-json\/wp\/v2\/tags?post=17523"}],"curies":[{"name":"wp","href":"https:\/\/api.w.org\/{rel}","templated":true}]}}