{"id":17427,"date":"2021-01-11T10:14:19","date_gmt":"2021-01-11T10:14:19","guid":{"rendered":"https:\/\/www.mes-allocs.fr\/guides\/?p=17427"},"modified":"2026-02-20T15:52:05","modified_gmt":"2026-02-20T14:52:05","slug":"aide-caf-nounou-domicile","status":"publish","type":"post","link":"https:\/\/www.mes-allocs.fr\/guides\/allocations-familiales\/aide-garde-enfant\/aide-nounou\/aide-caf-nounou-domicile\/","title":{"rendered":"Quelles sont les aides CAF pour payer une nounou \u00e0 domicile ?"},"content":{"rendered":"<p><a href=\"https:\/\/www.mes-allocs.fr\/guides\/wp-content\/uploads\/2021\/01\/pexels-andrea-piacquadio-755049.jpg\"><img loading=\"lazy\" decoding=\"async\" class=\"aligncenter wp-image-17430 size-full\" src=\"https:\/\/www.mes-allocs.fr\/guides\/wp-content\/uploads\/2021\/01\/pexels-andrea-piacquadio-755049-e1687269058981.jpg\" alt=\"aides CAF pour une nounou \u00e0 domicile\" width=\"1280\" height=\"249\" srcset=\"https:\/\/www.mes-allocs.fr\/guides\/wp-content\/uploads\/2021\/01\/pexels-andrea-piacquadio-755049-e1687269058981.jpg 1280w, https:\/\/www.mes-allocs.fr\/guides\/wp-content\/uploads\/2021\/01\/pexels-andrea-piacquadio-755049-e1687269058981-300x58.jpg 300w, https:\/\/www.mes-allocs.fr\/guides\/wp-content\/uploads\/2021\/01\/pexels-andrea-piacquadio-755049-e1687269058981-1024x199.jpg 1024w, https:\/\/www.mes-allocs.fr\/guides\/wp-content\/uploads\/2021\/01\/pexels-andrea-piacquadio-755049-e1687269058981-768x149.jpg 768w, https:\/\/www.mes-allocs.fr\/guides\/wp-content\/uploads\/2021\/01\/pexels-andrea-piacquadio-755049-e1687269058981-600x117.jpg 600w\" sizes=\"auto, (max-width: 1280px) 100vw, 1280px\" \/><\/a><\/p>\n<p>[Mis \u00e0 jour le 20\/02\/2026] Que vous choisissiez de faire garder votre enfant en cr\u00e8che, en micro-cr\u00e8che ou \u00e0 domicile, vous pouvez b\u00e9n\u00e9ficier d&rsquo;une <a href=\"https:\/\/www.mes-allocs.fr\/guides\/allocations-familiales\/\">allocation familiale<\/a> pour payer le co\u00fbt de la garde. Mais des aides sp\u00e9cifiques existent pour le paiement d&rsquo;une garde \u00e0 domicile. Mes Allocs vous explique tout sur les <strong>aides de la CAF pour payer un nounou \u00e0 domicile<\/strong> !<\/p>\n<div class='cta-block'><div class='text'>Simulez toutes vos aides en 2 min.<\/div><a href='https:\/\/www.mes-allocs.fr\/ab-app?origin=guides\/wp-json\/wp\/v2\/posts\/17427' class='app-button fit'>Simulation gratuite<\/a><\/div>\n<h1>Quelles sont les conditions pour b\u00e9n\u00e9ficier d&rsquo;une aide pour une garde \u00e0 domicile ?<\/h1>\n<h2>La liste des conditions \u00e0 remplir<\/h2>\n<p><strong>Pour b\u00e9n\u00e9ficier de l\u2019aide de la CAF pour la garde \u00e0 domicile, vous devez remplir toutes les conditions suivantes\u202f:<\/strong><\/p>\n<ul>\n<li>\u00a0Votre enfant doit \u00eatre gard\u00e9 \u00e0 votre domicile par une personne recrut\u00e9e pour cette t\u00e2che pr\u00e9cise<\/li>\n<li style=\"text-align: justify;\">\u00a0Votre enfant doit \u00eatre \u00e2g\u00e9 de moins de 6 ans<\/li>\n<li>Votre enfant doit \u00eatre gard\u00e9 au moins 16 heures par mois<\/li>\n<li>Vous devez exercer une activit\u00e9 professionnelle, avoir un projet professionnel (pour les b\u00e9n\u00e9ficiaires du RSA), ou \u00eatre inscrit \u00e0 P\u00f4le Emploi.<\/li>\n<\/ul>\n<h2>Les travailleurs ind\u00e9pendants et la CAF<\/h2>\n<p><strong>Les travailleurs ind\u00e9pendants peuvent b\u00e9n\u00e9ficier d&rsquo;une aide aupr\u00e8s de leur CAF. Cela pour faire garder leur enfant uniquement s&rsquo;ils sont \u00e0 jour dans leurs cotisations.<\/strong><\/p>\n<p>Si vous faites garder l&rsquo;enfant hors de votre domicile (cr\u00e8che ou garderie ou assistante maternelle agr\u00e9\u00e9e) :<br \/>\nun cr\u00e9dit d\u2019imp\u00f4t \u00e9gal \u00e0 50% des d\u00e9penses pay\u00e9es pour la garde. Hors frais de nourriture et d\u00e9duction faite des aides familiales re\u00e7ues au titre de la garde de l&rsquo;enfant, est appliqu\u00e9 pour les d\u00e9penses que vous engagez pour la garde de vos enfants \u00e2g\u00e9s de moins de 6 ans au 1<sup>er<\/sup>\u00a0janvier de l&rsquo;ann\u00e9e des revenus.<\/p>\n<p><strong>Vous pouvez b\u00e9n\u00e9ficier d\u2019aides sociales vers\u00e9es par l\u2019organisme dont vous d\u00e9pendez :<\/strong><\/p>\n<ul>\n<li>La Caisse d\u2019Allocations Familiales (CAF) ;<\/li>\n<li>La Mutualit\u00e9 Sociale Agricole (MSA).<\/li>\n<\/ul>\n<p>Ces diff\u00e9rentes aides sont regroup\u00e9es sous le nom de \u201cla prestation d\u2019accueil du jeune enfant\u201d (PAJE). Cette derni\u00e8re s\u2019adresse aux parents d\u2019enfants nouveaux-n\u00e9s ou adopt\u00e9s. Elle se compose de quatre aides, dont deux sont li\u00e9es \u00e0 la garde d\u2019enfant :<\/p>\n<ul>\n<li>Le compl\u00e9ment de libre choix du mode de garde, qui aide \u00e0 engager des d\u00e9penses de garde d\u2019enfant. Il consiste en une prise en charge partielle des frais de l\u2019assistante maternelle agr\u00e9\u00e9e ;<\/li>\n<li>La prestation partag\u00e9e d\u2019\u00e9ducation de l\u2019enfant (PreParE), distribu\u00e9e lorsque les parents cessent ou r\u00e9duisent leur activit\u00e9 professionnelle pour \u00e9lever l\u2019enfant. Elle est vers\u00e9e en fonction du nombre d\u2019enfants \u00e0 charge.<\/li>\n<\/ul>\n<p>De plus, le paiement en CESU ou certains avantages fiscaux sont \u00e9galement des soutiens financiers pour vous aider la solution id\u00e9ale \u00e0 la garde d\u2019enfant.<\/p>\n<h1 data-test=\"titre-page\">Compl\u00e9ment de libre choix du mode de garde\u00a0(CMG) &#8211; Garde \u00e0 domicile<\/h1>\n<p style=\"text-align: justify;\">Le compl\u00e9ment de libre choix du mode de garde (CMG) fait partie de la prestation d&rsquo;accueil du jeune enfant (Paje). Il s&rsquo;agit d&rsquo;une prise en charge partielle de la r\u00e9mun\u00e9ration d&rsquo;une garde \u00e0 domicile. Depuis la <a href=\"https:\/\/www.mes-allocs.fr\/actualites\/aides-sociales\/reforme-cmg\/\">r\u00e9forme du CMG<\/a>, le montant varie selon le nombre d&rsquo;enfants \u00e0 charge, l&rsquo;\u00e2ge de votre enfant, le co\u00fbt horaire de la garde choisie, le nombre d&rsquo;heures de garde effectu\u00e9es par mois et vos ressources.<\/p>\n<p><strong>\u00c0 noter : En garde partag\u00e9e, cette aide est vers\u00e9e pour chaque famille. En fonction de ses ressources, de l\u2019\u00e2ge de l\u2019enfant et de la quote-part de salaire vers\u00e9e par chacune.<\/strong><\/p>\n<h2 class=\"amp-wp-7d27179\" data-amp-original-style=\"text-align: justify;\"><span id=\"Si_vous_employez_directement_un_prestataire\"><b>Si vous employez directement un prestataire<\/b><\/span><\/h2>\n<p class=\"amp-wp-7d27179\" data-amp-original-style=\"text-align: justify;\"><span class=\"amp-wp-fe3f5cc\" data-amp-original-style=\"font-weight: 400;\">Si vous employez directement une\u00a0<\/span><b>assistante maternelle<\/b><span class=\"amp-wp-fe3f5cc\" data-amp-original-style=\"font-weight: 400;\"> (et que votre enfant est ainsi gard\u00e9 \u00e0 domicile). La r\u00e9mun\u00e9ration de cette derni\u00e8re ne doit exc\u00e9der <b>60,10 <\/b><\/span><b>\u20ac<\/b><span class=\"amp-wp-fe3f5cc\" data-amp-original-style=\"font-weight: 400;\"> brut par jour par enfant gard\u00e9.<\/span><\/p>\n<p class=\"amp-wp-7d27179\" data-amp-original-style=\"text-align: justify;\"><i><span class=\"amp-wp-fe3f5cc\" data-amp-original-style=\"font-weight: 400;\">Exemple : si vous avez trois enfants, vous ne r\u00e9mun\u00e9rez l\u2019assistante maternelle plus de 180,30 \u20ac (bruts) par jour pour b\u00e9n\u00e9ficier du CMG.\u00a0<\/span><\/i><\/p>\n<p class=\"amp-wp-7d27179\" data-amp-original-style=\"text-align: justify;\"><span class=\"amp-wp-fe3f5cc\" data-amp-original-style=\"font-weight: 400;\">Le CMG peut couvrir jusqu\u2019\u00e0\u00a0<\/span><b>85 %<\/b><span class=\"amp-wp-fe3f5cc\" data-amp-original-style=\"font-weight: 400;\">\u00a0de la r\u00e9mun\u00e9ration (brute) que vous d\u00e9boursez.<\/span><\/p>\n<p class=\"amp-wp-7d27179\" data-amp-original-style=\"text-align: justify;\"><span class=\"amp-wp-fe3f5cc\" data-amp-original-style=\"font-weight: 400;\">Si vous employez directement une\u00a0<\/span><b>personne qui garde votre enfant \u00e0 domicile<\/b><span class=\"amp-wp-fe3f5cc\" data-amp-original-style=\"font-weight: 400;\">, vous ne pouvez pas b\u00e9n\u00e9ficier de l\u2019exon\u00e9ration des cotisations sociales. Et cela pour la personne employ\u00e9e si vous souhaitez \u00eatre \u00e9ligible de l\u2019exon\u00e9ration.<\/span><b>\u00a0<\/b><\/p>\n<h2 class=\"amp-wp-7d27179\" data-amp-original-style=\"text-align: justify;\"><span id=\"Si_vous_embauchez_via_un_organisme\"><b>Si vous embauchez via un organisme<\/b><span class=\"amp-wp-fe3f5cc\" data-amp-original-style=\"font-weight: 400;\">\u00a0<\/span><\/span><\/h2>\n<p class=\"amp-wp-7d27179\" data-amp-original-style=\"text-align: justify;\"><span class=\"amp-wp-fe3f5cc\" data-amp-original-style=\"font-weight: 400;\">Si vous employez une\u00a0<\/span><b>assistante maternelle<\/b><span class=\"amp-wp-fe3f5cc\" data-amp-original-style=\"font-weight: 400;\"> via un organisme (association ou entreprise). Ce dernier doit \u00eatre habilit\u00e9 par les services de votre d\u00e9partement et employant des assistantes maternelles agr\u00e9\u00e9es. <\/span><span class=\"amp-wp-fe3f5cc\" data-amp-original-style=\"font-weight: 400;\">Le CMG couvre jusqu\u2019\u00e0\u00a0<\/span><b>85%<\/b><span class=\"amp-wp-fe3f5cc\" data-amp-original-style=\"font-weight: 400;\">\u00a0des d\u00e9penses dues \u00e0 l\u2019organisme.<\/span><\/p>\n<p class=\"amp-wp-7d27179\" data-amp-original-style=\"text-align: justify;\"><span class=\"amp-wp-fe3f5cc\" data-amp-original-style=\"font-weight: 400;\">Si vous employez une\u00a0<\/span><b>personne pour une garde \u00e0 domicile<\/b><span class=\"amp-wp-fe3f5cc\" data-amp-original-style=\"font-weight: 400;\"> via un organisme (association ou entreprise). Ce dernier doit \u00eatre habilit\u00e9 par le pr\u00e9fet et proposer le service de garde \u00e0 domicile. <\/span><span class=\"amp-wp-fe3f5cc\" data-amp-original-style=\"font-weight: 400;\">Le CMG couvre jusqu\u2019\u00e0\u00a0<strong>85%<\/strong>\u00a0des d\u00e9penses dues \u00e0 l\u2019organisme.<\/span><\/p>\n<p class=\"amp-wp-7d27179\" data-amp-original-style=\"text-align: justify;\"><span class=\"amp-wp-fe3f5cc\" data-amp-original-style=\"font-weight: 400;\">Si enfin vous faites appel \u00e0 une\u00a0<\/span><b>micro-cr\u00e8che<\/b><span class=\"amp-wp-fe3f5cc\" data-amp-original-style=\"font-weight: 400;\">, sa tarification ne doit exc\u00e9der\u00a0<\/span><b>10 \u20ac<\/b><span class=\"amp-wp-fe3f5cc\" data-amp-original-style=\"font-weight: 400;\"> de l\u2019heure. Et votre enfant doit y \u00eatre gard\u00e9 au moins <\/span><b>16 heures par mois<\/b><span class=\"amp-wp-fe3f5cc\" data-amp-original-style=\"font-weight: 400;\">. En cas d\u2019exc\u00e8s, vous ne percevrez pas le CMG.\u00a0\u00a0<\/span><span class=\"amp-wp-fe3f5cc\" data-amp-original-style=\"font-weight: 400;\">Le CMG couvre jusqu\u2019\u00e0 85% de ces frais.<\/span><\/p>\n<p data-amp-original-style=\"text-align: justify;\">Pour plus de pr\u00e9cision sur l&rsquo; emploi d&rsquo; un salari\u00e9 \u00e0 domicile, vous pouvez vous renseignez aupr\u00e8s de la CAF dont vous d\u00e9pendez<\/p>\n<p><iframe loading=\"lazy\" title=\"Tout Savoir sur les Allocations Familiales !\" width=\"500\" height=\"281\" src=\"https:\/\/www.youtube.com\/embed\/XEX_FdLLYMo?feature=oembed\" frameborder=\"0\" allow=\"accelerometer; autoplay; clipboard-write; encrypted-media; gyroscope; picture-in-picture; web-share\" referrerpolicy=\"strict-origin-when-cross-origin\" allowfullscreen><\/iframe><\/p>\n<p data-amp-original-style=\"text-align: justify;\"><div class='cta-block'><div class='text'>Simulez vos aides en 2 min. Gratuit.<\/div><a href='https:\/\/www.mes-allocs.fr\/ab-app?origin=guides\/wp-json\/wp\/v2\/posts\/17427' class='app-button fit'>Simulation gratuite<\/a><\/div><\/p>\n<h1 class=\"amp-wp-7d27179\" data-amp-original-style=\"text-align: justify;\"><span id=\"Conditions_liees_a_votre_activite\"><b>Conditions li\u00e9es \u00e0 votre activit\u00e9 professionnelle<\/b><\/span><\/h1>\n<h2 class=\"amp-wp-7d27179\" data-amp-original-style=\"text-align: justify;\"><span id=\"Si_vous_vivez_en_couple\"><b>Si vous vivez en couple<\/b><\/span><\/h2>\n<p class=\"amp-wp-7d27179\" data-amp-original-style=\"text-align: justify;\"><span class=\"amp-wp-fe3f5cc\" data-amp-original-style=\"font-weight: 400;\">Si vous vivez en couple, pour pouvoir b\u00e9n\u00e9ficier du CMG, votre situation doit correspondre \u00e0\u00a0<\/span><span class=\"amp-wp-fe3f5cc\" data-amp-original-style=\"font-weight: 400;\">l\u2019un<\/span><span class=\"amp-wp-fe3f5cc\" data-amp-original-style=\"font-weight: 400;\">\u00a0des crit\u00e8res suivants :<\/span><\/p>\n<ul class=\"amp-wp-7d27179\" data-amp-original-style=\"text-align: justify;\">\n<li class=\"amp-wp-fe3f5cc\" data-amp-original-style=\"font-weight: 400;\"><span class=\"amp-wp-fe3f5cc\" data-amp-original-style=\"font-weight: 400;\">Vous et\/ou votre conjoint travaillez,<\/span><\/li>\n<li class=\"amp-wp-fe3f5cc\" data-amp-original-style=\"font-weight: 400;\"><span class=\"amp-wp-fe3f5cc\" data-amp-original-style=\"font-weight: 400;\">Vous \u00eates tous deux \u00e9tudiants,<\/span><\/li>\n<li class=\"amp-wp-fe3f5cc\" data-amp-original-style=\"font-weight: 400;\"><span class=\"amp-wp-fe3f5cc\" data-amp-original-style=\"font-weight: 400;\">Au moins l\u2019un d\u2019entre vous per\u00e7oit l\u2019allocation aux adultes handicap\u00e9s (AAH),<\/span><\/li>\n<li class=\"amp-wp-fe3f5cc\" data-amp-original-style=\"font-weight: 400;\"><span class=\"amp-wp-fe3f5cc\" data-amp-original-style=\"font-weight: 400;\">Vous percevez le Revenu de Solidarit\u00e9 Active (RSA) et \u00eates inscrit dans une d\u00e9marche d\u2019insertion professionnelle,<\/span><\/li>\n<li class=\"amp-wp-fe3f5cc\" data-amp-original-style=\"font-weight: 400;\"><span class=\"amp-wp-fe3f5cc\" data-amp-original-style=\"font-weight: 400;\">Vous percevez l\u2019allocation Temporaire d\u2019Attente (ATA) et \u00eates inscrit comme demandeur d\u2019emploi,<\/span><\/li>\n<li class=\"amp-wp-fe3f5cc\" data-amp-original-style=\"font-weight: 400;\"><span class=\"amp-wp-fe3f5cc\" data-amp-original-style=\"font-weight: 400;\">Vous percevez l\u2019Allocation de Solidarit\u00e9 Sp\u00e9cifique (ASS) et \u00eates inscrit comme demandeur d\u2019emploi.<\/span><\/li>\n<\/ul>\n<h2 class=\"amp-wp-7d27179\" data-amp-original-style=\"text-align: justify;\"><span id=\"Si_vous_vivez_seul\"><b>Si vous vivez seul<\/b><\/span><\/h2>\n<p class=\"amp-wp-7d27179\" data-amp-original-style=\"text-align: justify;\"><span class=\"amp-wp-fe3f5cc\" data-amp-original-style=\"font-weight: 400;\">Si vous vivez seul, votre situation doit correspondre \u00e0\u00a0<\/span><span class=\"amp-wp-fe3f5cc\" data-amp-original-style=\"font-weight: 400;\">l\u2019un<\/span><span class=\"amp-wp-fe3f5cc\" data-amp-original-style=\"font-weight: 400;\">\u00a0des crit\u00e8res suivants :<\/span><\/p>\n<ul class=\"amp-wp-7d27179\" data-amp-original-style=\"text-align: justify;\">\n<li class=\"amp-wp-fe3f5cc\" data-amp-original-style=\"font-weight: 400;\"><span class=\"amp-wp-fe3f5cc\" data-amp-original-style=\"font-weight: 400;\">Vous travaillez,<\/span><\/li>\n<li class=\"amp-wp-fe3f5cc\" data-amp-original-style=\"font-weight: 400;\"><span class=\"amp-wp-fe3f5cc\" data-amp-original-style=\"font-weight: 400;\">Vous \u00eates \u00e9tudiant,<\/span><\/li>\n<li class=\"amp-wp-fe3f5cc\" data-amp-original-style=\"font-weight: 400;\"><span class=\"amp-wp-fe3f5cc\" data-amp-original-style=\"font-weight: 400;\">Vous percevez l\u2019Allocation aux Adultes Handicap\u00e9s (AAH),<\/span><\/li>\n<li class=\"amp-wp-fe3f5cc\" data-amp-original-style=\"font-weight: 400;\"><span class=\"amp-wp-fe3f5cc\" data-amp-original-style=\"font-weight: 400;\">Vous \u00eates b\u00e9n\u00e9ficiaire du Revenu de Solidarit\u00e9 Active (RSA) et vous \u00eates inscrit dans une d\u00e9marche d\u2019insertion professionnelle,<\/span><\/li>\n<li class=\"amp-wp-fe3f5cc\" data-amp-original-style=\"font-weight: 400;\"><span class=\"amp-wp-fe3f5cc\" data-amp-original-style=\"font-weight: 400;\">Vous b\u00e9n\u00e9ficiez de l\u2019Allocation Temporaire d\u2019Attente (ATA) et vous \u00eates inscrit comme demandeur d\u2019emploi,<\/span><\/li>\n<li class=\"amp-wp-fe3f5cc\" data-amp-original-style=\"font-weight: 400;\"><span class=\"amp-wp-fe3f5cc\" data-amp-original-style=\"font-weight: 400;\">Vous percevez l\u2019allocation de Solidarit\u00e9 Sp\u00e9cifique (ASS) et vous \u00eates inscrit comme demandeur d\u2019emploi.<\/span><\/li>\n<\/ul>\n<p class=\"amp-wp-7d27179\" data-amp-original-style=\"text-align: justify;\"><span class=\"amp-wp-fe3f5cc\" data-amp-original-style=\"font-weight: 400;\"><strong>Attention<\/strong>\u00a0: si vous exercez une activit\u00e9 non salari\u00e9e, comme une profession lib\u00e9rale ou si vous \u00eates artisan par exemple, vous devez \u00eatre \u00e0 jour des cotisations sociales d\u2019assurance vieillesse.<\/span><\/p>\n<h2 class=\"amp-wp-7d27179\" data-amp-original-style=\"text-align: justify;\"><span id=\"Montant_du_CMG\"><b>Montant du CMG<\/b><\/span><\/h2>\n<p class=\"amp-wp-7d27179\" style=\"text-align: justify;\" data-amp-original-style=\"text-align: justify;\"><span class=\"amp-wp-fe3f5cc\" data-amp-original-style=\"font-weight: 400;\">Votre montant maximal de compl\u00e9ment de libre choix du Mode de Garde varie en fonction du nombre d\u2019enfants qui sont \u00e0 votre charge, des ressources mensuelles de votre famille, du co\u00fbt horaire de la garde choisie et du nombre d&rsquo;heures de garde effectu\u00e9es par mois.\u00a0<\/span><\/p>\n<p class=\"amp-wp-7d27179\" style=\"text-align: justify;\" data-amp-original-style=\"text-align: justify;\"><span class=\"amp-wp-fe3f5cc\" data-amp-original-style=\"font-weight: 400;\">C\u2019est le revenu net cat\u00e9goriel (calcul\u00e9 par la somme de vos ressources diminu\u00e9es de vos charges et des abattements fiscaux dont vous b\u00e9n\u00e9ficiez) de l\u2019avant derni\u00e8re ann\u00e9e qui est pris en compte.<\/span><\/p>\n<h1><span id=\"La_prestation_partagee_deducation_de_lenfant_PreParE\">La prestation partag\u00e9e d\u2019\u00e9ducation de l\u2019enfant (PreParE)<\/span><\/h1>\n<p>Cette aide est destin\u00e9e \u00e0 l\u2019un ou aux deux parents qui r\u00e9duisent ou cessent leur activit\u00e9 professionnelle. Cela pour s\u2019occuper de leur enfant.<\/p>\n<p>La PreParE d\u00e9pend principalement de<\/p>\n<ul>\n<li>L\u2019\u00e2ge de l\u2019enfant ;<\/li>\n<li>L\u2019interruption ou la r\u00e9duction de l\u2019activit\u00e9 professionnelle ;<\/li>\n<li>La dur\u00e9e de cotisation vieillesse.<\/li>\n<\/ul>\n<p>Le versement de la prestation s\u2019effectue au minimum apr\u00e8s un mois d\u2019observation. La dur\u00e9e de son versement varie en fonction du nombre d\u2019enfants \u00e0 charge et de la situation familiale.<\/p>\n<p>En 2026, les montants de la prestation partag\u00e9e d\u2019\u00e9ducation de l\u2019enfant (anciennement compl\u00e9ment de libre choix d\u2019activit\u00e9) sont les suivants :<\/p>\n\n<div class=\"wpdt-c row wpDataTableContainerSimpleTable wpDataTables wpDataTablesWrapper\n wdtscroll\"\n    >\n    <table id=\"wpdtSimpleTable-265\"\n           class=\"wpdtSimpleTable wpDataTable\"\n           data-column=\"2\"\n           data-rows=\"4\"\n           data-wpID=\"265\"\n           data-responsive=\"0\"\n           data-has-header=\"0\">\n\n                    <tbody>        <tr class=\"wpdt-cell-row \" >\n                            <td class=\"wpdt-cell wpdt-bc-F3F9FE wpdt-bold\"\n                                    data-cell-id=\"A1\"\n                data-col-index=\"0\"\n                data-row-index=\"0\"\n                style=\" width:208px;                padding:10px;\"\n                >\n                                Situation du parent                <\/td>\n                                            <td class=\"wpdt-cell wpdt-bc-F3F9FE wpdt-tc-000000 wpdt-bold\"\n                                    data-cell-id=\"B1\"\n                data-col-index=\"1\"\n                data-row-index=\"0\"\n                style=\" width:206px;                padding:10px;\"\n                >\n                                Montant mensuel                <\/td>\n                                        <\/tr>\n                            <tr class=\"wpdt-cell-row \" >\n                            <td class=\"wpdt-cell \"\n                                    data-cell-id=\"A2\"\n                data-col-index=\"0\"\n                data-row-index=\"1\"\n                style=\"                padding:10px;\"\n                >\n                                Arr\u00eat total d\u2019activit\u00e9                <\/td>\n                                            <td class=\"wpdt-cell wpdt-bc-FFFFFF wpdt-tc-000000\"\n                                    data-cell-id=\"B2\"\n                data-col-index=\"1\"\n                data-row-index=\"1\"\n                style=\"                padding:10px;\"\n                >\n                                456,06 \u20ac                <\/td>\n                                        <\/tr>\n                            <tr class=\"wpdt-cell-row \" >\n                            <td class=\"wpdt-cell \"\n                                    data-cell-id=\"A3\"\n                data-col-index=\"0\"\n                data-row-index=\"2\"\n                style=\"                padding:10px;\"\n                >\n                                Activit\u00e9 \u00e9gale ou inf\u00e9rieure \u00e0 50%                <\/td>\n                                            <td class=\"wpdt-cell wpdt-bc-FFFFFF wpdt-tc-000000\"\n                                    data-cell-id=\"B3\"\n                data-col-index=\"1\"\n                data-row-index=\"2\"\n                style=\"                padding:10px;\"\n                >\n                                294,82  \u20ac                <\/td>\n                                        <\/tr>\n                            <tr class=\"wpdt-cell-row \" >\n                            <td class=\"wpdt-cell \"\n                                    data-cell-id=\"A4\"\n                data-col-index=\"0\"\n                data-row-index=\"3\"\n                style=\"                padding:10px;\"\n                >\n                                Activit\u00e9 comprise entre 50 et 80 %                <\/td>\n                                            <td class=\"wpdt-cell wpdt-bc-FEFFFF\"\n                                    data-cell-id=\"B4\"\n                data-col-index=\"1\"\n                data-row-index=\"3\"\n                style=\"                padding:10px;\"\n                >\n                                170,07 \u20ac                <\/td>\n                                        <\/tr>\n                    <\/table>\n<\/div><style id='wpdt-custom-style-265'>\n.wpdt-bc-F3F9FE { background-color: #F3F9FE !important;}\n.wpdt-tc-000000 { color: #000000 !important;}\n.wpdt-bc-FFFFFF { background-color: #FFFFFF !important;}\n.wpdt-bc-FEFFFF { background-color: #FEFFFF !important;}\n<\/style>\n\n<h1><span id=\"Laide_a_la_garde_denfants_pour_les_parents_isoles_AGEPI\">L\u2019aide \u00e0 la garde d\u2019enfants pour les parents isol\u00e9s (AGEPI)<\/span><\/h1>\n<p>Si vous \u00eates en reprise d\u2019emploi ou \u00e9levez seul(e) un ou plusieurs enfants \u00e2g\u00e9s de moins de dix ans, vous pouvez b\u00e9n\u00e9ficier de cette aide accord\u00e9e par P\u00f4le Emploi. Sous certaines conditions :<\/p>\n<ul>\n<li>Vous devez \u00eatre inscrit \u00e0 P\u00f4le Emploi ;<\/li>\n<li>Vous devez \u00eatre disponible pour occuper un emploi, ou \u00eatre stagiaire de la formation professionnelle ou encore b\u00e9n\u00e9ficier d\u2019un contrat aid\u00e9 ;<\/li>\n<li>Vous devez avoir fait l\u2019objet d\u2019une d\u00e9cision d\u2019ouverture ou de rejet de droit \u00e0 l\u2019allocation ch\u00f4mage ;<\/li>\n<li>Vous ne devez pas \u00eatre indemnis\u00e9 au titre d\u2019une allocation ch\u00f4mage, ou \u00eatre indemnis\u00e9 au titre d\u2019une autre allocation dont le montant est inf\u00e9rieur ou \u00e9gal \u00e0 celui de l\u2019allocation de retour \u00e0 l\u2019emploi (ARE) minimale.<\/li>\n<li>Votre reprise d\u2019emploi doit \u00eatre effectu\u00e9e en CDD, CDI ou en contrat de travail temporaire de trois mois cons\u00e9cutifs minimum ;<\/li>\n<li>Vous ne devez pas avoir per\u00e7u cette aide au cours des douze derniers mois. Cela \u00e0 l\u2019occasion d\u2019une autre reprise d\u2019emploi ou d\u2019une entr\u00e9e en formation.<\/li>\n<\/ul>\n<p>Le montant pris en compte est le montant journalier net avant pr\u00e9l\u00e8vement \u00e0 la source \u00e9ventuel de l\u2019imp\u00f4t sur le revenu.<\/p>\n<div class='cta-block'><div class='text'>Simulez vos aides en 2 min. Gratuit.<\/div><a href='https:\/\/www.mes-allocs.fr\/ab-app?origin=guides\/wp-json\/wp\/v2\/posts\/17427' class='app-button fit'>Simulation gratuite<\/a><\/div>\n","protected":false},"excerpt":{"rendered":"<p>[Mis \u00e0 jour le 20\/02\/2026] Que vous choisissiez de faire garder votre enfant en cr\u00e8che, en micro-cr\u00e8che ou \u00e0 domicile, vous pouvez b\u00e9n\u00e9ficier d&rsquo;une allocation familiale pour payer le co\u00fbt de la garde. Mais des aides sp\u00e9cifiques existent pour le paiement d&rsquo;une garde \u00e0 domicile. Mes Allocs vous explique tout sur les aides de la [&hellip;]<\/p>\n","protected":false},"author":7,"featured_media":17430,"comment_status":"open","ping_status":"open","sticky":false,"template":"","format":"standard","meta":{"amp_status":"","footnotes":""},"categories":[3126,4164,10],"tags":[],"class_list":["post-17427","post","type-post","status-publish","format-standard","has-post-thumbnail","hentry","category-aide-garde-enfant","category-aide-nounou","category-allocations-familiales"],"yoast_head":"<!-- This site is optimized with the Yoast SEO plugin v14.9 - https:\/\/yoast.com\/wordpress\/plugins\/seo\/ -->\n<title>Quelles sont les aides CAF pour payer une nounou \u00e0 domicile ?<\/title>\n<meta name=\"description\" content=\"La CAF peut verser certaines aides pour vous aider \u00e0 faire garder votre enfant par une nounou \u00e0 domicile. Mes Allocs vous explique tout.\" \/>\n<meta name=\"robots\" content=\"index, follow, max-snippet:-1, max-image-preview:large, max-video-preview:-1\" \/>\n<link rel=\"canonical\" href=\"https:\/\/www.mes-allocs.fr\/guides\/allocations-familiales\/aide-garde-enfant\/aide-nounou\/aide-caf-nounou-domicile\/\" \/>\n<meta property=\"og:locale\" content=\"fr_FR\" \/>\n<meta property=\"og:type\" content=\"article\" \/>\n<meta property=\"og:title\" content=\"Quelles sont les aides CAF pour payer une nounou \u00e0 domicile ?\" \/>\n<meta property=\"og:description\" content=\"La CAF peut verser certaines aides pour vous aider \u00e0 faire garder votre enfant par une nounou \u00e0 domicile. Mes Allocs vous explique tout.\" \/>\n<meta property=\"og:url\" content=\"https:\/\/www.mes-allocs.fr\/guides\/allocations-familiales\/aide-garde-enfant\/aide-nounou\/aide-caf-nounou-domicile\/\" \/>\n<meta property=\"og:site_name\" content=\"Mes-Allocs.fr\" \/>\n<meta property=\"article:published_time\" content=\"2021-01-11T10:14:19+00:00\" \/>\n<meta property=\"article:modified_time\" content=\"2026-02-20T14:52:05+00:00\" \/>\n<meta property=\"og:image\" content=\"https:\/\/www.mes-allocs.fr\/guides\/wp-content\/uploads\/2021\/01\/pexels-andrea-piacquadio-755049-e1687269058981.jpg?wsr\" \/>\n\t<meta property=\"og:image:width\" content=\"1280\" \/>\n\t<meta property=\"og:image:height\" content=\"249\" \/>\n<meta name=\"twitter:card\" content=\"summary_large_image\" \/>\n<script type=\"application\/ld+json\" class=\"yoast-schema-graph\">{\"@context\":\"https:\/\/schema.org\",\"@graph\":[{\"@type\":\"WebSite\",\"@id\":\"https:\/\/www.mes-allocs.fr\/guides\/#website\",\"url\":\"https:\/\/www.mes-allocs.fr\/guides\/\",\"name\":\"Mes-Allocs.fr\",\"description\":\"\",\"potentialAction\":[{\"@type\":\"SearchAction\",\"target\":\"https:\/\/www.mes-allocs.fr\/guides\/?s={search_term_string}\",\"query-input\":\"required name=search_term_string\"}],\"inLanguage\":\"fr-FR\"},{\"@type\":\"ImageObject\",\"@id\":\"https:\/\/www.mes-allocs.fr\/guides\/allocations-familiales\/aide-garde-enfant\/aide-nounou\/aide-caf-nounou-domicile\/#primaryimage\",\"inLanguage\":\"fr-FR\",\"url\":\"https:\/\/www.mes-allocs.fr\/guides\/wp-content\/uploads\/2021\/01\/pexels-andrea-piacquadio-755049-e1687269058981.jpg?wsr\",\"width\":1280,\"height\":249,\"caption\":\"pexels andrea piacquadio 755049 e1609847394389\"},{\"@type\":\"WebPage\",\"@id\":\"https:\/\/www.mes-allocs.fr\/guides\/allocations-familiales\/aide-garde-enfant\/aide-nounou\/aide-caf-nounou-domicile\/#webpage\",\"url\":\"https:\/\/www.mes-allocs.fr\/guides\/allocations-familiales\/aide-garde-enfant\/aide-nounou\/aide-caf-nounou-domicile\/\",\"name\":\"Quelles sont les aides CAF pour payer une nounou \\u00e0 domicile ?\",\"isPartOf\":{\"@id\":\"https:\/\/www.mes-allocs.fr\/guides\/#website\"},\"primaryImageOfPage\":{\"@id\":\"https:\/\/www.mes-allocs.fr\/guides\/allocations-familiales\/aide-garde-enfant\/aide-nounou\/aide-caf-nounou-domicile\/#primaryimage\"},\"datePublished\":\"2021-01-11T10:14:19+00:00\",\"dateModified\":\"2026-02-20T14:52:05+00:00\",\"author\":{\"@id\":\"https:\/\/www.mes-allocs.fr\/guides\/#\/schema\/person\/1c4837d5703727cb02ce84583b5a44aa\"},\"description\":\"La CAF peut verser certaines aides pour vous aider \\u00e0 faire garder votre enfant par une nounou \\u00e0 domicile. Mes Allocs vous explique tout.\",\"inLanguage\":\"fr-FR\"},{\"@type\":\"Person\",\"@id\":\"https:\/\/www.mes-allocs.fr\/guides\/#\/schema\/person\/1c4837d5703727cb02ce84583b5a44aa\",\"name\":\"Fabiola\",\"image\":{\"@type\":\"ImageObject\",\"@id\":\"https:\/\/www.mes-allocs.fr\/guides\/#personlogo\",\"inLanguage\":\"fr-FR\",\"url\":\"https:\/\/www.mes-allocs.fr\/guides\/wp-content\/uploads\/2021\/06\/fabiola-150x150.png\",\"caption\":\"Fabiola\"},\"description\":\"Fabiola est r\\u00e9dactrice au sein de l'\\u00e9quipe Mes Allocs, sp\\u00e9cialis\\u00e9e en sciences politiques et affaires publiques. Dipl\\u00f4m\\u00e9e de l'HEIP, elle rejoint Mes Allocs apr\\u00e8s une premi\\u00e8re exp\\u00e9rience \\u00e0 l'Assembl\\u00e9e Nationale.\",\"sameAs\":[\"https:\/\/www.linkedin.com\/in\/cecilia-philippe-b-8a8085195\"]}]}<\/script>\n<!-- \/ Yoast SEO plugin. -->","amp_validity":null,"acf":{"faq":{"1":{"question":"Quelles aides financi\u00e8res pour une nourrice agr\u00e9\u00e9e ?","answer":"Pour vous aider au financement du salaire d'une nourrice agr\u00e9\u00e9e, vous pouvez b\u00e9n\u00e9ficier de diff\u00e9rentes aides qui sont : le compl\u00e9ment de libre choix du mode de garde (CMG) ; le cr\u00e9dit d'imp\u00f4t Emploi d'un salari\u00e9 \u00e0 domicile ; des aides de votre employeur et votre r\u00e9gion."},"2":{"question":"Comment b\u00e9n\u00e9ficier du CMG ?","answer":"Pour b\u00e9n\u00e9ficier du CMG, vous devez en faire la demande aupr\u00e8s de votre CAF au cours du mois civil de l'embauche de la nourrice agr\u00e9\u00e9e. Cette demande peut \u00eatre r\u00e9alis\u00e9e directement en ligne sur le site de la CAF."},"3":{"question":"Qui a le droit au CMG ?","answer":"Pour avoir le droit au CMG, il vous faut respecter des conditions li\u00e9es \u00e0 votre activit\u00e9, \u00e0 l'\u00e2ge de vos enfants et au mode de garde. Pour conna\u00eetre votre \u00e9ligibilit\u00e9, consultez gratuitement notre outil de simulation en ligne."},"4":{"question":"Quelle aide pour payer une nounou ?","answer":"Le compl\u00e9ment de libre choix du mode de garde (CMG) est vers\u00e9 par la Caisse d'allocations familiales (CAF) aux parents qui font garder leur enfant par une \u201cnounou\u201d."},"5":{"question":"Qui rembourse les frais de nourrice ?","answer":"En tant qu'employeur, vous devrez vous acquittez des cotisations sociales li\u00e9 \u00e0 l'embauche d'une nounou. Ces taxes sont en partie prise en charge par la CAF aux conditions suivantes : Si votre enfant \u00e0 moins de 3 ans la prise en charge des cotisations sociale est de 50 %."},"6":{"question":"Comment la CAF rembourse les frais de garde ?","answer":"Le montant de la prise en charge partielle de la participation vers\u00e9e \u00e0 la structure d\u00e9pend de vos revenus, du nombre d'enfants et de leur \u00e2ge. Un minimum de 15 % de la d\u00e9pense restera \u00e0 votre charge. Ces plafonds sont major\u00e9s de 40 % si vous \u00e9levez seul(e) votre ou vos enfants.\r\n"},"7":{"question":"","answer":""},"8":{"question":"","answer":""},"9":{"question":"","answer":""},"10":{"question":"","answer":""},"11":{"question":"","answer":""},"12":{"question":"","answer":""},"13":{"question":"","answer":""},"14":{"question":"","answer":""},"15":{"question":"","answer":""},"16":{"question":"","answer":""}}},"_links":{"self":[{"href":"https:\/\/www.mes-allocs.fr\/guides\/wp-json\/wp\/v2\/posts\/17427","targetHints":{"allow":["GET"]}}],"collection":[{"href":"https:\/\/www.mes-allocs.fr\/guides\/wp-json\/wp\/v2\/posts"}],"about":[{"href":"https:\/\/www.mes-allocs.fr\/guides\/wp-json\/wp\/v2\/types\/post"}],"author":[{"embeddable":true,"href":"https:\/\/www.mes-allocs.fr\/guides\/wp-json\/wp\/v2\/users\/7"}],"replies":[{"embeddable":true,"href":"https:\/\/www.mes-allocs.fr\/guides\/wp-json\/wp\/v2\/comments?post=17427"}],"version-history":[{"count":23,"href":"https:\/\/www.mes-allocs.fr\/guides\/wp-json\/wp\/v2\/posts\/17427\/revisions"}],"predecessor-version":[{"id":109551,"href":"https:\/\/www.mes-allocs.fr\/guides\/wp-json\/wp\/v2\/posts\/17427\/revisions\/109551"}],"wp:featuredmedia":[{"embeddable":true,"href":"https:\/\/www.mes-allocs.fr\/guides\/wp-json\/wp\/v2\/media\/17430"}],"wp:attachment":[{"href":"https:\/\/www.mes-allocs.fr\/guides\/wp-json\/wp\/v2\/media?parent=17427"}],"wp:term":[{"taxonomy":"category","embeddable":true,"href":"https:\/\/www.mes-allocs.fr\/guides\/wp-json\/wp\/v2\/categories?post=17427"},{"taxonomy":"post_tag","embeddable":true,"href":"https:\/\/www.mes-allocs.fr\/guides\/wp-json\/wp\/v2\/tags?post=17427"}],"curies":[{"name":"wp","href":"https:\/\/api.w.org\/{rel}","templated":true}]}}