{"id":17348,"date":"2021-01-11T10:26:18","date_gmt":"2021-01-11T10:26:18","guid":{"rendered":"https:\/\/www.mes-allocs.fr\/guides\/?p=17348"},"modified":"2026-01-12T18:01:43","modified_gmt":"2026-01-12T17:01:43","slug":"apl-etudiant-et-impots-parents","status":"publish","type":"post","link":"https:\/\/www.mes-allocs.fr\/guides\/aide-logement\/apl\/apl-etudiant\/apl-etudiant-et-impots-parents\/","title":{"rendered":"APL \u00e9tudiant et rattachement au foyer fiscal des parents"},"content":{"rendered":"<p><a href=\"https:\/\/www.mes-allocs.fr\/guides\/wp-content\/uploads\/2021\/01\/pexels-andrea-piacquadio-3762800.jpg\"><img loading=\"lazy\" decoding=\"async\" class=\"aligncenter wp-image-17349 size-large\" src=\"https:\/\/www.mes-allocs.fr\/guides\/wp-content\/uploads\/2021\/01\/pexels-andrea-piacquadio-3762800-e1686064245214-1024x214.jpg\" alt=\"APL \u00e9tudiant et rattachement au foyer fiscal des parents\" width=\"1024\" height=\"214\" \/><\/a><\/p>\n<p style=\"text-align: justify;\">[Mis \u00e0 jour le 12\/01\/2026] L&rsquo;APL, ou allocation personnalis\u00e9e au logement est une <a href=\"https:\/\/www.mes-allocs.fr\/guides\/aide-logement\/\">aide au logement<\/a> vers\u00e9e par la CAF ou la MSA. Les \u00e9tudiants peuvent en b\u00e9n\u00e9ficier pour payer leur loyer, sous certaines conditions. Dans cet article Mes Allocs vous explique tout sur l&rsquo;APL si vous \u00eates fiscalement rattach\u00e9 \u00e0 vos parents.<\/p>\n<hr \/>\n<h1>Peut-on b\u00e9n\u00e9ficier de l&rsquo;APL tout en \u00e9tant rattach\u00e9 au foyer fiscal de ses parents ?<\/h1>\n<p style=\"text-align: justify;\">Vous pouvez tout \u00e0 fait b\u00e9n\u00e9ficier d&rsquo;une aide au logement tel que l&rsquo;aide personnalis\u00e9e au logement, APL et \u00eatre \u00e0 la fois rattach\u00e9 au foyer fiscal de vos parents. Le rattachement fiscal n\u2019emp\u00eache pas de percevoir l\u2019APL. En revanche, si vous percevez l\u2019APL, vos parents ne peuvent plus b\u00e9n\u00e9ficier de prestations familiales vous concernant.<a href=\"https:\/\/www.mes-allocs.fr\/guides\/wp-content\/uploads\/2021\/01\/pexels-andrea-piacquadio-3807755.jpg\"><img loading=\"lazy\" decoding=\"async\" class=\"alignright wp-image-17350 size-medium\" src=\"https:\/\/www.mes-allocs.fr\/guides\/wp-content\/uploads\/2021\/01\/pexels-andrea-piacquadio-3807755-300x200.jpg\" alt=\"APL \u00e9tudiant et rattachement au foyer fiscal des parents\" width=\"300\" height=\"200\" srcset=\"https:\/\/www.mes-allocs.fr\/guides\/wp-content\/uploads\/2021\/01\/pexels-andrea-piacquadio-3807755-300x200.jpg 300w, https:\/\/www.mes-allocs.fr\/guides\/wp-content\/uploads\/2021\/01\/pexels-andrea-piacquadio-3807755-1024x682.jpg 1024w, https:\/\/www.mes-allocs.fr\/guides\/wp-content\/uploads\/2021\/01\/pexels-andrea-piacquadio-3807755-768x512.jpg 768w, https:\/\/www.mes-allocs.fr\/guides\/wp-content\/uploads\/2021\/01\/pexels-andrea-piacquadio-3807755-600x400.jpg 600w, https:\/\/www.mes-allocs.fr\/guides\/wp-content\/uploads\/2021\/01\/pexels-andrea-piacquadio-3807755.jpg 1280w\" sizes=\"auto, (max-width: 300px) 100vw, 300px\" \/><\/a><\/p>\n<p style=\"text-align: justify;\">Le rattachement conf\u00e8re aux parents un <b>avantage fiscal<\/b> via une augmentation de leur quotient familial, mais en percevant l&rsquo;APL, vous n&rsquo;\u00eates plus pris en compte dans le calcul des prestations familiales. Si vos parents en percevaient, il se peut que le montant qu&rsquo;ils percevaient baisse, ou cesse.<\/p>\n<p style=\"text-align: justify;\">\u00c0 noter : Si vous n&rsquo;\u00eates pas \u00e9ligible \u00e0 l&rsquo;APL, vous pouvez tout \u00e0 fait pr\u00e9tendre \u00e0 l&rsquo;ALS si vous remplissez les crit\u00e8res.<\/p>\n<p>&nbsp;<\/p>\n<div class='cta-block'><div class='text'>Simulez toutes vos aides en 2 min. Gratuit.<\/div><a href='https:\/\/www.mes-allocs.fr\/ab-app?origin=guides\/wp-json\/wp\/v2\/posts\/17348' class='app-button fit'>Simulation gratuite<\/a><\/div>\n<p><iframe loading=\"lazy\" title=\"L&#039;APL\" width=\"500\" height=\"281\" src=\"https:\/\/www.youtube.com\/embed\/dfDRI2qg_z4?feature=oembed\" frameborder=\"0\" allow=\"accelerometer; autoplay; clipboard-write; encrypted-media; gyroscope; picture-in-picture; web-share\" referrerpolicy=\"strict-origin-when-cross-origin\" allowfullscreen><\/iframe><\/p>\n<h1>\u00c9l\u00e9ments pris en compte dans le calcul<\/h1>\n<p>Les conditions d&rsquo;attribution de l&rsquo;APL \u00e9tudiant sont pratiquement identiques que pour l&rsquo;APL classique.<\/p>\n<p><strong>Sont pris en compte dans le calcul des APL :\u00a0<\/strong><\/p>\n<ul>\n<li>Niveau de ressources<\/li>\n<li>Montant du loyer<\/li>\n<li>Localisation<\/li>\n<li>Composition du foyer<\/li>\n<li>Patrimoine (&gt; 30 000 \u20ac)<\/li>\n<li>Epargne (livrets, etc.)<\/li>\n<\/ul>\n<div class='cta-block'><div class='text'>Simulez toutes vos aides en 2 min. Gratuit.<\/div><a href='https:\/\/www.mes-allocs.fr\/ab-app?origin=guides\/wp-json\/wp\/v2\/posts\/17348' class='app-button fit'>Simulation gratuite<\/a><\/div>\n<h1>Quand faire une demande d&rsquo;APL pour \u00e9tudiant de moins de 25 ans ?<\/h1>\n<p style=\"text-align: justify;\">Vous devez formuler votre demande d&rsquo;APL une fois que vous avez lou\u00e9 votre logement. Selon votre r\u00e9gime d&rsquo;affiliation, la demande est \u00e0 faire sur le site internet de la CAF, ou bien de la MSA si vous relevez du secteur agricole.\u00a0<a href=\"https:\/\/www.mes-allocs.fr\/guides\/wp-content\/uploads\/2021\/01\/pexels-anna-shvets-3683053.jpg\"><img loading=\"lazy\" decoding=\"async\" class=\"alignright wp-image-17351 size-medium\" src=\"https:\/\/www.mes-allocs.fr\/guides\/wp-content\/uploads\/2021\/01\/pexels-anna-shvets-3683053-300x200.jpg\" alt=\"APL \u00e9tudiant et rattachement au foyer fiscal des parents\" width=\"300\" height=\"200\" srcset=\"https:\/\/www.mes-allocs.fr\/guides\/wp-content\/uploads\/2021\/01\/pexels-anna-shvets-3683053-300x200.jpg 300w, https:\/\/www.mes-allocs.fr\/guides\/wp-content\/uploads\/2021\/01\/pexels-anna-shvets-3683053-1024x682.jpg 1024w, https:\/\/www.mes-allocs.fr\/guides\/wp-content\/uploads\/2021\/01\/pexels-anna-shvets-3683053-768x512.jpg 768w, https:\/\/www.mes-allocs.fr\/guides\/wp-content\/uploads\/2021\/01\/pexels-anna-shvets-3683053-600x400.jpg 600w, https:\/\/www.mes-allocs.fr\/guides\/wp-content\/uploads\/2021\/01\/pexels-anna-shvets-3683053.jpg 1280w\" sizes=\"auto, (max-width: 300px) 100vw, 300px\" \/><\/a><\/p>\n<p style=\"text-align: justify;\">En plus du contrat de location \u00e0 communiquer lors de votre demande d&rsquo;APL, vous devrez \u00e9galement avoir \u00e0 votre disposition :<\/p>\n<ul>\n<li style=\"text-align: justify;\">le montant du loyer<\/li>\n<li style=\"text-align: justify;\">le montant de ses revenus des 12 derniers mois<\/li>\n<li style=\"text-align: justify;\">un relev\u00e9 d\u2019identit\u00e9 bancaire (RIB, format BIC\/IBAN)<\/li>\n<li style=\"text-align: justify;\">le num\u00e9ro d\u2019allocataire de ses parents et leur CAF d\u2019appartenance (s\u2019ils sont allocataires)<\/li>\n<li>les coordonn\u00e9es du bailleur (bailleur personne physique, agence immobili\u00e8re, etc.), avec le num\u00e9ro Siret pour les soci\u00e9t\u00e9s.<\/li>\n<\/ul>\n<p>Au moment de votre demande, vous avez \u00e9galement la possibilit\u00e9 d&rsquo;indiquer si vous vivez dans une r\u00e9sidence universitaire ou une cit\u00e9. Dans ce cas, vous devrez inscrire le nom de l&rsquo;organisme gestionnaire.<\/p>\n<h1>Date de versement de l&rsquo;APL<\/h1>\n<p style=\"text-align: justify;\">Le versement des aides au logement aux \u00e9tudiants ne d\u00e9marre pas \u00e0 la rentr\u00e9e universitaire ou \u00e0 la date de signature du bail. Il faut compter en g\u00e9n\u00e9ral un mois avant le premier versement mensuel. Ainsi, les \u00e9tudiants qui doivent patienter jusqu\u2019en septembre avant de signer leur contrat de location ne toucheront pas d\u2019APL avant le mois de novembre.<\/p>\n<div class='cta-block'><div class='text'>Simulez toutes vos Aides Sociales en 2 min. Gratuit.<\/div><a href='https:\/\/www.mes-allocs.fr\/ab-app?origin=guides\/wp-json\/wp\/v2\/posts\/17348' class='app-button fit'>Simulation gratuite<\/a><\/div>\n","protected":false},"excerpt":{"rendered":"<p>[Mis \u00e0 jour le 12\/01\/2026] L&rsquo;APL, ou allocation personnalis\u00e9e au logement est une aide au logement vers\u00e9e par la CAF ou la MSA. Les \u00e9tudiants peuvent en b\u00e9n\u00e9ficier pour payer leur loyer, sous certaines conditions. Dans cet article Mes Allocs vous explique tout sur l&rsquo;APL si vous \u00eates fiscalement rattach\u00e9 \u00e0 vos parents. Peut-on b\u00e9n\u00e9ficier [&hellip;]<\/p>\n","protected":false},"author":7,"featured_media":105618,"comment_status":"open","ping_status":"open","sticky":false,"template":"","format":"standard","meta":{"amp_status":"","footnotes":""},"categories":[1,4,1727],"tags":[],"class_list":["post-17348","post","type-post","status-publish","format-standard","has-post-thumbnail","hentry","category-aide-logement","category-apl","category-apl-etudiant"],"yoast_head":"<!-- This site is optimized with the Yoast SEO plugin v14.9 - https:\/\/yoast.com\/wordpress\/plugins\/seo\/ -->\n<title>APL \u00e9tudiant et rattachement au foyer fiscal des parents | Mes-Allocs.fr<\/title>\n<meta name=\"description\" content=\"L&#039;APL est une aide accessible pour les \u00e9tudiants. Mes Allocs vous explique en d\u00e9tail si vous \u00eates rattach\u00e9 au foyer fiscal de vos parents !\" \/>\n<meta name=\"robots\" content=\"index, follow, max-snippet:-1, max-image-preview:large, max-video-preview:-1\" \/>\n<link rel=\"canonical\" href=\"https:\/\/www.mes-allocs.fr\/guides\/aide-logement\/apl\/apl-etudiant\/apl-etudiant-et-impots-parents\/\" \/>\n<meta property=\"og:locale\" content=\"fr_FR\" \/>\n<meta property=\"og:type\" content=\"article\" \/>\n<meta property=\"og:title\" content=\"APL \u00e9tudiant et rattachement au foyer fiscal des parents | Mes-Allocs.fr\" \/>\n<meta property=\"og:description\" content=\"L&#039;APL est une aide accessible pour les \u00e9tudiants. Mes Allocs vous explique en d\u00e9tail si vous \u00eates rattach\u00e9 au foyer fiscal de vos parents !\" \/>\n<meta property=\"og:url\" content=\"https:\/\/www.mes-allocs.fr\/guides\/aide-logement\/apl\/apl-etudiant\/apl-etudiant-et-impots-parents\/\" \/>\n<meta property=\"og:site_name\" content=\"Mes-Allocs.fr\" \/>\n<meta property=\"article:published_time\" content=\"2021-01-11T10:26:18+00:00\" \/>\n<meta property=\"article:modified_time\" content=\"2026-01-12T17:01:43+00:00\" \/>\n<meta property=\"og:image\" content=\"https:\/\/www.mes-allocs.fr\/guides\/wp-content\/uploads\/2021\/01\/apl-etudiant.jpg?wsr\" \/>\n\t<meta property=\"og:image:width\" content=\"1024\" \/>\n\t<meta property=\"og:image:height\" content=\"684\" \/>\n<meta name=\"twitter:card\" content=\"summary_large_image\" \/>\n<script type=\"application\/ld+json\" class=\"yoast-schema-graph\">{\"@context\":\"https:\/\/schema.org\",\"@graph\":[{\"@type\":\"WebSite\",\"@id\":\"https:\/\/www.mes-allocs.fr\/guides\/#website\",\"url\":\"https:\/\/www.mes-allocs.fr\/guides\/\",\"name\":\"Mes-Allocs.fr\",\"description\":\"\",\"potentialAction\":[{\"@type\":\"SearchAction\",\"target\":\"https:\/\/www.mes-allocs.fr\/guides\/?s={search_term_string}\",\"query-input\":\"required name=search_term_string\"}],\"inLanguage\":\"fr-FR\"},{\"@type\":\"ImageObject\",\"@id\":\"https:\/\/www.mes-allocs.fr\/guides\/aide-logement\/apl\/apl-etudiant\/apl-etudiant-et-impots-parents\/#primaryimage\",\"inLanguage\":\"fr-FR\",\"url\":\"https:\/\/www.mes-allocs.fr\/guides\/wp-content\/uploads\/2021\/01\/apl-etudiant.jpg?wsr\",\"width\":1024,\"height\":684,\"caption\":\"apl etudiant\"},{\"@type\":\"WebPage\",\"@id\":\"https:\/\/www.mes-allocs.fr\/guides\/aide-logement\/apl\/apl-etudiant\/apl-etudiant-et-impots-parents\/#webpage\",\"url\":\"https:\/\/www.mes-allocs.fr\/guides\/aide-logement\/apl\/apl-etudiant\/apl-etudiant-et-impots-parents\/\",\"name\":\"APL \\u00e9tudiant et rattachement au foyer fiscal des parents | Mes-Allocs.fr\",\"isPartOf\":{\"@id\":\"https:\/\/www.mes-allocs.fr\/guides\/#website\"},\"primaryImageOfPage\":{\"@id\":\"https:\/\/www.mes-allocs.fr\/guides\/aide-logement\/apl\/apl-etudiant\/apl-etudiant-et-impots-parents\/#primaryimage\"},\"datePublished\":\"2021-01-11T10:26:18+00:00\",\"dateModified\":\"2026-01-12T17:01:43+00:00\",\"author\":{\"@id\":\"https:\/\/www.mes-allocs.fr\/guides\/#\/schema\/person\/1c4837d5703727cb02ce84583b5a44aa\"},\"description\":\"L'APL est une aide accessible pour les \\u00e9tudiants. Mes Allocs vous explique en d\\u00e9tail si vous \\u00eates rattach\\u00e9 au foyer fiscal de vos parents !\",\"inLanguage\":\"fr-FR\"},{\"@type\":\"Person\",\"@id\":\"https:\/\/www.mes-allocs.fr\/guides\/#\/schema\/person\/1c4837d5703727cb02ce84583b5a44aa\",\"name\":\"Fabiola\",\"image\":{\"@type\":\"ImageObject\",\"@id\":\"https:\/\/www.mes-allocs.fr\/guides\/#personlogo\",\"inLanguage\":\"fr-FR\",\"url\":\"https:\/\/www.mes-allocs.fr\/guides\/wp-content\/uploads\/2021\/06\/fabiola-150x150.png\",\"caption\":\"Fabiola\"},\"description\":\"Fabiola est r\\u00e9dactrice au sein de l'\\u00e9quipe Mes Allocs, sp\\u00e9cialis\\u00e9e en sciences politiques et affaires publiques. Dipl\\u00f4m\\u00e9e de l'HEIP, elle rejoint Mes Allocs apr\\u00e8s une premi\\u00e8re exp\\u00e9rience \\u00e0 l'Assembl\\u00e9e Nationale.\",\"sameAs\":[\"https:\/\/www.linkedin.com\/in\/cecilia-philippe-b-8a8085195\"]}]}<\/script>\n<!-- \/ Yoast SEO plugin. -->","amp_validity":null,"acf":{"faq":{"1":{"question":"\ud83e\udd14  Qu'est-ce que l'APL \u00c9tudiant ?","answer":"L'APL est une allocation logement vers\u00e9e par la CAF ou par la MSA. Elle vous aide \u00e0 faire baisser les mensualit\u00e9s de votre loyer."},"2":{"question":"\ud83e\udd37\u200d\u2640\ufe0f Comment demander l\u2019APL \u00c9tudiant ?","answer":"La demande d'aide personnalis\u00e9e au logement (APL) se fait aupr\u00e8s de la CAF ou de la MSA. Pour conna\u00eetre votre montant d'aides, faites une simulation gratuite d'APL sur le site de Mes Allocs."},"3":{"question":"\ud83e\udd1d Qui peut b\u00e9n\u00e9ficier de l\u2019APL \u00e9tudiant ?","answer":"Cette aide est destin\u00e9e aux \u00e9tudiants louant un logement pour suivre leurs \u00e9tudes. Si les ressources du demandeurs sont \u00e9tudi\u00e9es pour son attribution, le logement doit \u00eatre \u00e9galement \u00e9ligible \u00e0 l'APL, autrement dit \u00eatre un logement conventionn\u00e9."},"4":{"question":"\ud83e\udd14  Quel est l\u2019impact de l\u2019APL d\u2019un \u00e9tudiant pour ses parents ?","answer":"Un \u00e9tudiant percevant l'APL peut continuer d'\u00eatre rattacher au foyer fiscal des ses parents. Par contre, la CAF ne le consid\u00e8re plus comme \u00e9tant \u00e0 la charge de ses parents ce qui peut avoir une incidence sur les aides per\u00e7ues par les parents, comme les allocations familiales par exemple."},"5":{"question":"\ud83e\udd37\u200d\u2640\ufe0f Comment avoir les APL en couple ?","answer":"L'APL n'est vers\u00e9e que pour la r\u00e9sidence principale. Cette r\u00e9sidence principale doit respecter certains crit\u00e8res de d\u00e9cence. Les concubins doivent \u00eatre locataires, colocataires ou sous-locataires d\u00e9clar\u00e9s d'un logement conventionn\u00e9."},"6":{"question":"\ud83e\udd1d Puis-je avoir l'APL en Etant propri\u00e9taire ?","answer":"En tant que propri\u00e9taire occupant, il n'est plus possible en 2026 de faire une demande d'APL."},"7":{"question":"","answer":""},"8":{"question":"","answer":""},"9":{"question":"","answer":""},"10":{"question":"","answer":""},"11":{"question":"","answer":""},"12":{"question":"","answer":""},"13":{"question":"","answer":""},"14":{"question":"","answer":""},"15":{"question":"","answer":""},"16":{"question":"","answer":""}}},"_links":{"self":[{"href":"https:\/\/www.mes-allocs.fr\/guides\/wp-json\/wp\/v2\/posts\/17348","targetHints":{"allow":["GET"]}}],"collection":[{"href":"https:\/\/www.mes-allocs.fr\/guides\/wp-json\/wp\/v2\/posts"}],"about":[{"href":"https:\/\/www.mes-allocs.fr\/guides\/wp-json\/wp\/v2\/types\/post"}],"author":[{"embeddable":true,"href":"https:\/\/www.mes-allocs.fr\/guides\/wp-json\/wp\/v2\/users\/7"}],"replies":[{"embeddable":true,"href":"https:\/\/www.mes-allocs.fr\/guides\/wp-json\/wp\/v2\/comments?post=17348"}],"version-history":[{"count":10,"href":"https:\/\/www.mes-allocs.fr\/guides\/wp-json\/wp\/v2\/posts\/17348\/revisions"}],"predecessor-version":[{"id":107437,"href":"https:\/\/www.mes-allocs.fr\/guides\/wp-json\/wp\/v2\/posts\/17348\/revisions\/107437"}],"wp:featuredmedia":[{"embeddable":true,"href":"https:\/\/www.mes-allocs.fr\/guides\/wp-json\/wp\/v2\/media\/105618"}],"wp:attachment":[{"href":"https:\/\/www.mes-allocs.fr\/guides\/wp-json\/wp\/v2\/media?parent=17348"}],"wp:term":[{"taxonomy":"category","embeddable":true,"href":"https:\/\/www.mes-allocs.fr\/guides\/wp-json\/wp\/v2\/categories?post=17348"},{"taxonomy":"post_tag","embeddable":true,"href":"https:\/\/www.mes-allocs.fr\/guides\/wp-json\/wp\/v2\/tags?post=17348"}],"curies":[{"name":"wp","href":"https:\/\/api.w.org\/{rel}","templated":true}]}}