{"id":17316,"date":"2021-01-22T10:43:14","date_gmt":"2021-01-22T10:43:14","guid":{"rendered":"https:\/\/www.mes-allocs.fr\/guides\/?p=17316"},"modified":"2026-01-28T18:19:40","modified_gmt":"2026-01-28T17:19:40","slug":"demande-mobili-jeune","status":"publish","type":"post","link":"https:\/\/www.mes-allocs.fr\/guides\/aide-mobilite\/mobili-jeune\/demande-mobili-jeune\/","title":{"rendered":"Comment faire une demande Mobili-Jeune ?"},"content":{"rendered":"<p><a href=\"https:\/\/www.mes-allocs.fr\/guides\/wp-content\/uploads\/2021\/01\/pexels-cottonbro-4569372-1.jpg\"><img loading=\"lazy\" decoding=\"async\" class=\"alignnone wp-image-17320 size-full\" title=\"Comment faire une demande mobili-jeune ?\" src=\"https:\/\/www.mes-allocs.fr\/guides\/wp-content\/uploads\/2021\/01\/pexels-cottonbro-4569372-1-e1609712904425.jpg\" alt=\"Comment faire une demande mobili-jeune ?\" width=\"1280\" height=\"323\" \/><\/a><\/p>\n<p>[Mis \u00e0 jour le 28\/01\/2026] L&rsquo;aide Mobili-Jeune vous aide \u00e0 payer votre loyer si vous avez moins de 30 ans. Pour obtenir cette aide il faudra en plus respecter certaines conditions de ressources. Comment faire une demande Mobili-Jeune ?\u00a0 Pour tout conna\u00eetre des aides \u00e0 la mobilit\u00e9, suivez ce <a href=\"https:\/\/www.mes-allocs.fr\/guides\/aide-mobilite\">lien<\/a>.<\/p>\n<div class='cta-block'><div class='text'>Simulez toutes vos aides en 2 min.<\/div><a href='https:\/\/www.mes-allocs.fr\/ab-app?origin=guides\/wp-json\/wp\/v2\/posts\/17316' class='app-button fit'>Simulation gratuite<\/a><\/div>\n<h1>Qu&rsquo;est-ce que l&rsquo;aide mobilit\u00e9-jeune et qui peut en b\u00e9n\u00e9ficier ?<\/h1>\n<h2>L&rsquo;aide Mobili-Jeune : d\u00e9finition<\/h2>\n<div class=\"fiche-item\">\n<div id=\"fiche-item-1\" class=\"fiche-item-content collapse in\" aria-expanded=\"true\" aria-hidden=\"false\">\n<p>L&rsquo; aide au logement Mobili-Jeune est une aide qui permet de r\u00e9duire le montant de votre quittance de loyer. Et ainsi, de pouvoir prendre un logement proche de votre lieu de formation. Le versement de l&rsquo; aide Mobili-Jeune est fait par Action logement.<\/p>\n<p>Gr\u00e2ce \u00e0 l&rsquo;aide financi\u00e8re Mobili-Jeune, vous :<\/p>\n<ul>\n<li>b\u00e9n\u00e9ficiez d&rsquo;un<strong> loyer all\u00e9g\u00e9 ;<\/strong><\/li>\n<li>pouvez vous <strong>rapprochez de votre lieu de travail ;<\/strong><\/li>\n<li>poss\u00e9dez aide attribu\u00e9e durant toute la p\u00e9riode de formation professionnelle, pour une dur\u00e9e maximum de 11 mois (renouvelable une fois) ;<\/li>\n<li>b\u00e9n\u00e9ficiez d&rsquo;une aide conserv\u00e9e en cas de changement de logement, d\u2019entreprise ou de formation.<\/li>\n<\/ul>\n<\/div>\n<\/div>\n<h2>Quelles sont les conditions pour obtenir l&rsquo;aide Mobili-Jeune ?<\/h2>\n<div>\n<p>Pour pouvoir b\u00e9n\u00e9ficier de cette aide financi\u00e8re , il faut r\u00e9unir les conditions suivantes :<a href=\"https:\/\/www.mes-allocs.fr\/guides\/wp-content\/uploads\/2021\/01\/pexels-ketut-subiyanto-4245923-1-e1609712532436.jpg\"><img loading=\"lazy\" decoding=\"async\" class=\"alignright wp-image-17319 size-medium\" title=\"Quelles sont les conditions pour obtenir l'aide mobili-jeune ?\" src=\"https:\/\/www.mes-allocs.fr\/guides\/wp-content\/uploads\/2021\/01\/pexels-ketut-subiyanto-4245923-1-e1609712532436-300x131.jpg\" alt=\"Quelles sont les conditions pour obtenir l'aide mobili-jeune ?\" width=\"300\" height=\"131\" srcset=\"https:\/\/www.mes-allocs.fr\/guides\/wp-content\/uploads\/2021\/01\/pexels-ketut-subiyanto-4245923-1-e1609712532436-300x131.jpg 300w, https:\/\/www.mes-allocs.fr\/guides\/wp-content\/uploads\/2021\/01\/pexels-ketut-subiyanto-4245923-1-e1609712532436-1024x448.jpg 1024w, https:\/\/www.mes-allocs.fr\/guides\/wp-content\/uploads\/2021\/01\/pexels-ketut-subiyanto-4245923-1-e1609712532436-768x336.jpg 768w, https:\/\/www.mes-allocs.fr\/guides\/wp-content\/uploads\/2021\/01\/pexels-ketut-subiyanto-4245923-1-e1609712532436-600x263.jpg 600w, https:\/\/www.mes-allocs.fr\/guides\/wp-content\/uploads\/2021\/01\/pexels-ketut-subiyanto-4245923-1-e1609712532436.jpg 1281w\" sizes=\"auto, (max-width: 300px) 100vw, 300px\" \/><\/a><\/p>\n<ul>\n<li>\u00catre \u00e2g\u00e9 de\u00a0<strong>moins de 30 ans<\/strong><\/li>\n<li>\u00catre\u00a0un <strong>contrat d\u2019apprentissage ou de contrat de professionnalisation dans une entreprise<\/strong><\/li>\n<li>\u00catre salari\u00e9 dans une <strong>entreprise du secteur priv\u00e9 et non agricole<\/strong><\/li>\n<li>Ne pas avoir un dossier Mobili-Jeune <strong>en cours<\/strong> chez Action Logement<\/li>\n<li>Avoir un salaire <strong>mensuel brut inf\u00e9rieur ou \u00e9gal \u00e0 120% du SMIC<\/strong><\/li>\n<li>D\u00e9poser votre demande <strong>3 mois avant<\/strong> la date du d\u00e9but de votre formation ou <strong>5\u00a0mois apr\u00e8s<\/strong> le d\u00e9but de la date d\u2019ex\u00e9cution du contrat d\u2019alternance<\/li>\n<li>\u00catre <strong>locataire ou colocataire<\/strong> durant votre formation<\/li>\n<li>Avoir une date d\u2019effet de votre bail<strong> 3 mois avant ou 3 mois apr\u00e8s<\/strong> la date d\u2019ex\u00e9cution de votre contrat d\u2019alternance<\/li>\n<li>Changer de r\u00e9sidence principale pour vous rapprocher de votre lieu de travail. Deux cas sont possibles :\n<ul class=\"list--check\">\n<li>Votre nouveau logement est \u00e0 <strong>plus de 70km<\/strong> de votre ancienne adresse, ou \u00e0 d\u00e9faut, votre temps de trajet est sup\u00e9rieur \u00e0 <strong>40 minutes<\/strong> entre ces deux adresses (v\u00e9hicules motoris\u00e9s et immatricul\u00e9s, transports en commun)<\/li>\n<li>Vous justifiez d\u2019une double charge de loyer (c\u2019est-\u00e0-dire que, sur la m\u00eame p\u00e9riode, vous occupez deux logements)<\/li>\n<\/ul>\n<\/li>\n<\/ul>\n<\/div>\n<div>\n<p>Il est n\u00e9cessaire, pour b\u00e9n\u00e9ficier de l&rsquo; aide, d&rsquo;avoir sign\u00e9 un bail (ou avenant au bail en cas de colocation) ou une convention d&rsquo;occupation dans un logement \u00a0ou r\u00e9sidence sociale. La prise du logement doit \u00eatre justifi\u00e9e par la p\u00e9riode de formation en alternance.\u00a0 Les conditions de logement sont :<\/p>\n<ul class=\"rteindent1\">\n<li>Colocation (parc prive\u0301 ou social) : dans ce cas, la prise en charge ne concerne que la partie du loyer et des charges qui vous reviennent\u202f;<\/li>\n<li>Lou\u00e9 vide ou meubl\u00e9 ;<\/li>\n<li>Foyer ou r\u00e9sidence sociale ;<\/li>\n<li>Conventionn\u00e9 ou non \u00e0 l\u2019APL ;<\/li>\n<li>Sous-location, exclusivement dans le parc social (Logements d\u2019Habitations a\u0300 Loyer\u00a0Mod\u00e9r\u00e9) ;<\/li>\n<li>Chambre en internat ;<\/li>\n<li>La prise en charge ne peut pas concerner les frais d\u2019h\u00e9bergement en chambres d\u2019h\u00f4tes, gites ou r\u00e9sidences de tourisme.<\/li>\n<\/ul>\n<p><iframe loading=\"lazy\" title=\"L&#039;aide Mobili jeune\" width=\"500\" height=\"281\" src=\"https:\/\/www.youtube.com\/embed\/tu3qdMGINEM?feature=oembed\" frameborder=\"0\" allow=\"accelerometer; autoplay; clipboard-write; encrypted-media; gyroscope; picture-in-picture; web-share\" referrerpolicy=\"strict-origin-when-cross-origin\" allowfullscreen><\/iframe><\/p>\n<h1>Quelles d\u00e9marches pour toucher l&rsquo;aide mobili-jeune ?<\/h1>\n<h2>Quand faut-il faire une demande pour toucher l&rsquo;aide mobili-jeune ?<\/h2>\n<\/div>\n<p>Vous devez faire votre demande d&rsquo; aide Mobili-Jeune <strong>au plus tard la veille de vos 30 ans<\/strong>. Votre demande doit \u00eatre adress\u00e9e avant le d\u00e9but de votre formation ou au plus tard dans les 3 mois apr\u00e8s avoir commenc\u00e9 celle-ci.\u00a0 Vous devez cr\u00e9er votre compte Mobili-Jeune et faire votre dossier Mobili-Jeune.<\/p>\n<p>Si la formation porte sur plusieurs ann\u00e9es, la date de d\u00e9but peut \u00eatre celle du d\u00e9but de l&rsquo;une d&rsquo;entre elles.<\/p>\n<p>Si vous souhaitez faire une r\u00e9clamation, vous pouvez remplir le formulaire de contact sur le site d&rsquo;Action Logement.<\/p>\n<div>\n<h2>Comment faire une demande pour toucher l&rsquo;aide mobili-jeune ?<\/h2>\n<p>Pour obtenir l&rsquo;aide Mobili-Jeune, il faut faire une demande sur Action Logement. Pour remplir le dossier de demande d&rsquo;aide Mobili-Jeune, munissez-vous des pi\u00e8ces suivantes :<\/p>\n<ul class=\"pl-4 pl-sm-5 mt-1\">\n<li class=\"au-target\">Un <strong>justificatif d\u2019identit\u00e9 en cours de validit\u00e9<\/strong> : recto-verso de la carte nationale d\u2019identit\u00e9 ou du passeport ou de la carte de s\u00e9jour.<\/li>\n<li class=\"au-target\">L\u2019<strong>int\u00e9gralit\u00e9 du contrat<\/strong> <strong>d\u2019apprentissage ou de professionnalisation<\/strong> <strong>sign\u00e9<\/strong> par l&rsquo;entreprise, l&rsquo;\u00e9cole et par le demandeur.<\/li>\n<li class=\"au-target\">L\u2019int\u00e9gralit\u00e9 du <strong>contrat de bai<\/strong>l ou <strong>contrat d\u2019occupation sign\u00e9 par le bailleur<\/strong> et par le demandeur.<\/li>\n<li class=\"au-target\">Le <strong>RIB (<\/strong>concernant uniquement un compte courant).<\/li>\n<li class=\"au-target\">L\u2019attestation de <strong>l\u2019APL<\/strong> (aide personnalis\u00e9e au logement) d\u00e9livr\u00e9e par la CAF.<\/li>\n<\/ul>\n<p>Il est possible de tester votre \u00e9ligibilit\u00e9 en suivant ce<a href=\"https:\/\/mobilijeune.actionlogement.fr\/connexion?loginRedirect=https%3A%2F%2Fmobilijeune.actionlogement.fr%2F\"> lien<\/a>.<\/p>\n<h1>Montant et dur\u00e9e de l&rsquo;aide mobili-jeune<\/h1>\n<h2>Comment est calcul\u00e9 le montant de l&rsquo;aide ?<\/h2>\n<p>Le montant de l\u2019aide Mobili-Jeune peut varier de 10 euros minimum par mois \u00e0 100 euros maximum. Le calcul est effectu\u00e9 sur le loyer apr\u00e8s d\u00e9duction de <a href=\"https:\/\/www.mes-allocs.fr\/guides\/wp-content\/uploads\/2021\/01\/pexels-karolina-grabowska-5877591-3-1.jpg\"><img loading=\"lazy\" decoding=\"async\" class=\"alignright wp-image-17323\" title=\"Comment est calcul\u00e9 le montant de l'aide ?\" src=\"https:\/\/www.mes-allocs.fr\/guides\/wp-content\/uploads\/2021\/01\/pexels-karolina-grabowska-5877591-3-1-1024x682.jpg\" alt=\"Comment est calcul\u00e9 le montant de l'aide ?\" width=\"367\" height=\"244\" srcset=\"https:\/\/www.mes-allocs.fr\/guides\/wp-content\/uploads\/2021\/01\/pexels-karolina-grabowska-5877591-3-1-1024x682.jpg 1024w, https:\/\/www.mes-allocs.fr\/guides\/wp-content\/uploads\/2021\/01\/pexels-karolina-grabowska-5877591-3-1-300x200.jpg 300w, https:\/\/www.mes-allocs.fr\/guides\/wp-content\/uploads\/2021\/01\/pexels-karolina-grabowska-5877591-3-1-768x512.jpg 768w, https:\/\/www.mes-allocs.fr\/guides\/wp-content\/uploads\/2021\/01\/pexels-karolina-grabowska-5877591-3-1-600x400.jpg 600w, https:\/\/www.mes-allocs.fr\/guides\/wp-content\/uploads\/2021\/01\/pexels-karolina-grabowska-5877591-3-1.jpg 1280w\" sizes=\"auto, (max-width: 367px) 100vw, 367px\" \/><\/a>l\u2019aide au logement (APL).<\/p>\n<p>Votre aide est calcul\u00e9e :<\/p>\n<ul>\n<li>\u00e0 partir de votre part de loyer (charges comprises) ;<\/li>\n<li>en tenant compte des diverses aides au logement per\u00e7ues pour le m\u00eame logement ;<\/li>\n<li>en fonction des justificatifs transmis.<\/li>\n<\/ul>\n<h2>Pendant combien de temps percevrez-vous l&rsquo;aide Mobili-Jeune ?<\/h2>\n<p>L\u2019aide est vers\u00e9e pendant toute la p\u00e9riode de formation professionnelle, pour une dur\u00e9e maximum de 11 mois. \u00c0 la fin de sa formation, le demandeur peut b\u00e9n\u00e9ficier d\u2019une nouvelle aide, tant qu\u2019il est \u00e9ligible. Pour renouveler votre demande, il vous faut fournir les justificatifs n\u00e9cessaires :<\/p>\n<ul>\n<li>La totalit\u00e9 des copies des pi\u00e8ces justificatives demand\u00e9es lors de votre premi\u00e8re demande ;<\/li>\n<li>Fa\u00eetes une nouvelle demande de dossier, 3 mois avant le d\u00e9but de votre nouvelle ann\u00e9e de formation ou au plus tard dans les 6 mois \u00e0 compter du d\u00e9marrage de celle-ci.<\/li>\n<\/ul>\n<p>Selon votre choix, l\u2019aide au logement est vers\u00e9e chaque mois, tous les deux mois ou chaque semestre. Il revient \u00e0 vous de modifier le rythme de versement de Mobili-Jeune \u00e0 plusieurs reprises au cours de votre ann\u00e9e de formation. De plus, l&rsquo;aide peut \u00eatre renouvel\u00e9e jusqu&rsquo;\u00e0 2 ans de formation, \u00e0 la suite ou non.<\/p>\n<h1>Les aides au logement compl\u00e9mentaires<\/h1>\n<h2>La garantie Visale<\/h2>\n<p>La garantie Visale est une caution locative qui garantit le paiement de votre loyer et des charges locatives \u00e0 votre propri\u00e9taire si vous ne pouvez pas payer.<\/p>\n<p>Cette garantie se porte gratuitement caution pour\u202f vous. Elle permet de\u202f:<\/p>\n<ul>\n<li>renforcer\u00a0votre\u00a0dossier\u00a0en tant que candidat locataire,<\/li>\n<li>payer votre loyer en cas de difficult\u00e9 de paiement lors de la dur\u00e9e du bail,<\/li>\n<li>s\u00e9curiser les revenus locatifs des bailleurs priv\u00e9s lors de la dur\u00e9e du bail,<\/li>\n<li>assurer\u00a0les bailleurs priv\u00e9s contre\u00a0les d\u00e9gradations du logement.<\/li>\n<\/ul>\n<h2>L&rsquo;avance LOCA-PASS<\/h2>\n<p><a href=\"https:\/\/www.mes-allocs.fr\/guides\/wp-content\/uploads\/2021\/01\/pexels-photomix-company-101808-1.jpg\"><img loading=\"lazy\" decoding=\"async\" class=\"alignright wp-image-17367\" title=\"L'avance LOCA-PASS\" src=\"https:\/\/www.mes-allocs.fr\/guides\/wp-content\/uploads\/2021\/01\/pexels-photomix-company-101808-1-1024x682.jpg\" alt=\"L'avance LOCA-PASS\" width=\"445\" height=\"296\" srcset=\"https:\/\/www.mes-allocs.fr\/guides\/wp-content\/uploads\/2021\/01\/pexels-photomix-company-101808-1-1024x682.jpg 1024w, https:\/\/www.mes-allocs.fr\/guides\/wp-content\/uploads\/2021\/01\/pexels-photomix-company-101808-1-300x200.jpg 300w, https:\/\/www.mes-allocs.fr\/guides\/wp-content\/uploads\/2021\/01\/pexels-photomix-company-101808-1-768x512.jpg 768w, https:\/\/www.mes-allocs.fr\/guides\/wp-content\/uploads\/2021\/01\/pexels-photomix-company-101808-1-600x400.jpg 600w, https:\/\/www.mes-allocs.fr\/guides\/wp-content\/uploads\/2021\/01\/pexels-photomix-company-101808-1.jpg 1280w\" sizes=\"auto, (max-width: 445px) 100vw, 445px\" \/><\/a>L&rsquo;avance LOCA-PASS avance le versement de votre d\u00e9p\u00f4t de garantie exig\u00e9 lors de la signature du bail. Elle ne d\u00e9passe pas 1200 euros et son taux est de 0%. Pour en b\u00e9n\u00e9ficiez vous devez :<\/p>\n<ul>\n<li>Etre salari\u00e9(e) d\u2019une entreprise du secteur priv\u00e9 non agricole quel que soit votre \u00e2ge.<\/li>\n<li>Avoir moins de 30 ans \u00eatre en formation professionnelle (contrat d\u2019apprentissage ou de professionnalisation) ou\u00a0en recherche d\u2019emploi,<\/li>\n<li>Etre \u00e9tudiant(e) salari\u00e9(e) et vous pouvez justifier :\n<ul>\n<li>d\u2019un contrat \u00e0 dur\u00e9e d\u00e9termin\u00e9e (CDD) de trois mois minimum en cours lors de la demande d&rsquo;aide,<\/li>\n<li>d\u2019un\u00a0ou plusieurs CDD pour une dur\u00e9e cumul\u00e9e de\u00a0trois mois minimum\u00a0au cours des six mois pr\u00e9c\u00e9dant la demande d&rsquo;aide,<\/li>\n<li>ou\u00a0d\u2019une convention de stage d&rsquo;au moins trois mois en cours au moment de la demande,<\/li>\n<li>ou\u00a0d\u2019un statut d\u2019\u00e9tudiant boursier d\u2019\u00c9tat fran\u00e7ais.<\/li>\n<\/ul>\n<\/li>\n<\/ul>\n<h2 data-test=\"titre-page\">Aide personnalis\u00e9e au logement (APL)<\/h2>\n<p>L&rsquo;aide personnalis\u00e9e au logement est une aide financi\u00e8re qui diminue le montant de votre loyer. Aucun minimum d&rsquo;\u00e2ge n&rsquo;est requis pour cette allocation logement. Elle concerne :<\/p>\n<ul>\n<li>Les locataires.<\/li>\n<li>Les sous-locataires, \u00e0 conditions qu&rsquo;ils soient \u00e2g\u00e9s de 30 ans.<\/li>\n<\/ul>\n<p>Il est n\u00e9cessaire de respecter les conditions suivantes pour l&rsquo;obtenir :<\/p>\n<ul>\n<li>Poss\u00e9der un titre de s\u00e9jour en cours de validit\u00e9 pour les personnes \u00e9trang\u00e8res.<\/li>\n<li>Etre ressortissant des \u00c9tats membres l&rsquo;Union Europ\u00e9enne ou faire partie de l&rsquo;Espace \u00e9conomique europ\u00e9en.<\/li>\n<\/ul>\n<p>L&rsquo;APL est vers\u00e9e pour votre r\u00e9sidence principale en France. De plus, cette aide est vers\u00e9e selon des conditions de ressources et son montant varie selon :<\/p>\n<ul>\n<li>Le nombre de personnes \u00e0 charge qui vivent dans votre foyer ;<\/li>\n<li>Vos ressources, et celles de la personne avec qui vous \u00eates en couple et celles des personnes de votre foyer ;<\/li>\n<li>La valeur de votre patrimoine immobilier et financier et celui de la personne avec laquelle vous vivez en couple et des personnes de votre foyer, lorsque cette valeur est sup\u00e9rieure \u00e0 <span class=\"prix\">30 000 \u20ac ;<\/span><\/li>\n<li>le montant de votre loyer.<\/li>\n<\/ul>\n<div class='cta-block'><div class='text'>Simulez toutes vos aides en 2 min.<\/div><a href='https:\/\/www.mes-allocs.fr\/ab-app?origin=guides\/wp-json\/wp\/v2\/posts\/17316' class='app-button fit'>Simulation gratuite<\/a><\/div>\n<\/div>\n","protected":false},"excerpt":{"rendered":"<p>[Mis \u00e0 jour le 28\/01\/2026] L&rsquo;aide Mobili-Jeune vous aide \u00e0 payer votre loyer si vous avez moins de 30 ans. Pour obtenir cette aide il faudra en plus respecter certaines conditions de ressources. Comment faire une demande Mobili-Jeune ?\u00a0 Pour tout conna\u00eetre des aides \u00e0 la mobilit\u00e9, suivez ce lien. Qu&rsquo;est-ce que l&rsquo;aide mobilit\u00e9-jeune et [&hellip;]<\/p>\n","protected":false},"author":10,"featured_media":17320,"comment_status":"open","ping_status":"open","sticky":false,"template":"","format":"standard","meta":{"amp_status":"","footnotes":""},"categories":[29,4163],"tags":[],"class_list":["post-17316","post","type-post","status-publish","format-standard","has-post-thumbnail","hentry","category-aide-mobilite","category-mobili-jeune"],"yoast_head":"<!-- This site is optimized with the Yoast SEO plugin v14.9 - https:\/\/yoast.com\/wordpress\/plugins\/seo\/ -->\n<title>Comment faire une demande Mobili-Jeune ? | Mes-Allocs.fr<\/title>\n<meta name=\"description\" content=\"L&#039; aide Mobili-Jeune r\u00e9duit le montant de votre loyer sous certaines conditions. Comment faire une demande Mobili-Jeune ?\" \/>\n<meta name=\"robots\" content=\"index, follow, max-snippet:-1, max-image-preview:large, max-video-preview:-1\" \/>\n<link rel=\"canonical\" href=\"https:\/\/www.mes-allocs.fr\/guides\/aide-mobilite\/mobili-jeune\/demande-mobili-jeune\/\" \/>\n<meta property=\"og:locale\" content=\"fr_FR\" \/>\n<meta property=\"og:type\" content=\"article\" \/>\n<meta property=\"og:title\" content=\"Comment faire une demande Mobili-Jeune ? | Mes-Allocs.fr\" \/>\n<meta property=\"og:description\" content=\"L&#039; aide Mobili-Jeune r\u00e9duit le montant de votre loyer sous certaines conditions. Comment faire une demande Mobili-Jeune ?\" \/>\n<meta property=\"og:url\" content=\"https:\/\/www.mes-allocs.fr\/guides\/aide-mobilite\/mobili-jeune\/demande-mobili-jeune\/\" \/>\n<meta property=\"og:site_name\" content=\"Mes-Allocs.fr\" \/>\n<meta property=\"article:published_time\" content=\"2021-01-22T10:43:14+00:00\" \/>\n<meta property=\"article:modified_time\" content=\"2026-01-28T17:19:40+00:00\" \/>\n<meta property=\"og:image\" content=\"https:\/\/www.mes-allocs.fr\/guides\/wp-content\/uploads\/2021\/01\/pexels-cottonbro-4569372-1.jpg?wsr\" \/>\n\t<meta property=\"og:image:width\" content=\"1280\" \/>\n\t<meta property=\"og:image:height\" content=\"853\" \/>\n<meta name=\"twitter:card\" content=\"summary_large_image\" \/>\n<script type=\"application\/ld+json\" class=\"yoast-schema-graph\">{\"@context\":\"https:\/\/schema.org\",\"@graph\":[{\"@type\":\"WebSite\",\"@id\":\"https:\/\/www.mes-allocs.fr\/guides\/#website\",\"url\":\"https:\/\/www.mes-allocs.fr\/guides\/\",\"name\":\"Mes-Allocs.fr\",\"description\":\"\",\"potentialAction\":[{\"@type\":\"SearchAction\",\"target\":\"https:\/\/www.mes-allocs.fr\/guides\/?s={search_term_string}\",\"query-input\":\"required name=search_term_string\"}],\"inLanguage\":\"fr-FR\"},{\"@type\":\"ImageObject\",\"@id\":\"https:\/\/www.mes-allocs.fr\/guides\/aide-mobilite\/mobili-jeune\/demande-mobili-jeune\/#primaryimage\",\"inLanguage\":\"fr-FR\",\"url\":\"https:\/\/www.mes-allocs.fr\/guides\/wp-content\/uploads\/2021\/01\/pexels-cottonbro-4569372-1.jpg?wsr\",\"width\":1280,\"height\":853,\"caption\":\"pexels cottonbro 4569372 1 e1609712904425\"},{\"@type\":\"WebPage\",\"@id\":\"https:\/\/www.mes-allocs.fr\/guides\/aide-mobilite\/mobili-jeune\/demande-mobili-jeune\/#webpage\",\"url\":\"https:\/\/www.mes-allocs.fr\/guides\/aide-mobilite\/mobili-jeune\/demande-mobili-jeune\/\",\"name\":\"Comment faire une demande Mobili-Jeune ? | Mes-Allocs.fr\",\"isPartOf\":{\"@id\":\"https:\/\/www.mes-allocs.fr\/guides\/#website\"},\"primaryImageOfPage\":{\"@id\":\"https:\/\/www.mes-allocs.fr\/guides\/aide-mobilite\/mobili-jeune\/demande-mobili-jeune\/#primaryimage\"},\"datePublished\":\"2021-01-22T10:43:14+00:00\",\"dateModified\":\"2026-01-28T17:19:40+00:00\",\"author\":{\"@id\":\"https:\/\/www.mes-allocs.fr\/guides\/#\/schema\/person\/8d47b912c0ad15f379df96b4e4e33f58\"},\"description\":\"L' aide Mobili-Jeune r\\u00e9duit le montant de votre loyer sous certaines conditions. Comment faire une demande Mobili-Jeune ?\",\"inLanguage\":\"fr-FR\"},{\"@type\":\"Person\",\"@id\":\"https:\/\/www.mes-allocs.fr\/guides\/#\/schema\/person\/8d47b912c0ad15f379df96b4e4e33f58\",\"name\":\"Constance de Cagny\",\"image\":{\"@type\":\"ImageObject\",\"@id\":\"https:\/\/www.mes-allocs.fr\/guides\/#personlogo\",\"inLanguage\":\"fr-FR\",\"url\":\"https:\/\/www.mes-allocs.fr\/guides\/wp-content\/uploads\/2021\/06\/Constance.2e8ee0b.png\",\"caption\":\"Constance de Cagny\"},\"description\":\"Constance est r\\u00e9dactrice au sein de l'\\u00e9quipe Mes Allocs. Elle a l'habitude d'\\u00e9crire sur les sujets conso, bons plans et \\u00e9conomies. Dipl\\u00f4m\\u00e9e de l'ENACO, elle rejoint Mes Allocs apr\\u00e8s une premi\\u00e8re exp\\u00e9rience en cabinet notarial.\",\"sameAs\":[\"https:\/\/www.linkedin.com\/in\/constance-de-cagny-mayeur-bbb414135\"]}]}<\/script>\n<!-- \/ Yoast SEO plugin. -->","amp_validity":null,"acf":{"faq":{"1":{"question":"Quand est vers\u00e9e l'aide Mobili-Jeune ?","answer":"Selon vos besoins, l'aide au logement mobili-jeune est vers\u00e9e chaque mois, tous les deux mois ou chaque semestre. Vous pouvez ainsi modifier le rythme de versement de l'aide \u00e0 plusieurs reprises au cours de votre ann\u00e9e de formation.\r\n<br> <a href=\"https:\/\/www.mes-allocs.fr\/guides\/aide-mobilite\/mobili-jeune\/comment-faire-demande-mobili-jeune\/ \u200e\">Lire la suite<\/a>\r\n\r\n\r\n\r\n"},"2":{"question":"Qu'est-ce que l'aide Mobili-Pass ?","answer":"L'aide Mobili-Pass est une aide financi\u00e8re \u00e0 la mobilit\u00e9 professionnelle (suite \u00e0 une mutation interne ou \u00e0 une nouvelle embauche). Elle intervient sous forme de subvention et\/ou de pr\u00eat remboursable avec un plafond maximum. Ce plafond d\u00e9pendant de la zone g\u00e9ographique du site d'arriv\u00e9e de l'employ\u00e9."},"3":{"question":"Comment faire une demande Mobili-Jeune ?","answer":"Il vous faut aller sur votre espace Aide Mobili-Jeune, et vous dirigez vers \u00ab Nouvelle demande \u00bb.\r\n<br> <a href=\"https:\/\/www.mes-allocs.fr\/guides\/aide-mobilite\/mobili-jeune\/comment-faire-demande-mobili-jeune\/\u200e\">Lire la suite<\/a>\r\n"},"4":{"question":"Comment savoir si on a le droit \u00e0 APL ?","answer":"Pour conna\u00eetre vos droits \u00e0  l'APL, vous pouvez utiliser le simulateur de la caisse d'allocations familiales (Caf) ou de la mutualit\u00e9 sociale agricole (MSA) selon le r\u00e9gime auquel vous appartenez.\r\n"},"5":{"question":"Qu'est-ce que l'aide \u00e0 la mobilit\u00e9 ?","answer":"Pouvez toucher l'aide \u00e0 la mobilit\u00e9 peut vous \u00eatre accord\u00e9e en tant que demandeur d'emploi inscrit \u00e0 P\u00f4le emploi. Cette aide consiste en une prise totale ou partielle de vos frais de d\u00e9placement, de repas, et d'h\u00e9bergement.\r\n<br> <a href=\"https:\/\/www.mes-allocs.fr\/guides\/aide-mobilite\/mobili-jeune\/comment-faire-demande-mobili-jeune\/\u200e\">Lire la suite<\/a>\r\n"},"6":{"question":"Comment est calcul\u00e9e l'aide Mobili jeune ?","answer":"Le montant de l'aide Mobili-Jeune est calcul\u00e9 en selon les justificatifs transmis, \u00e0 partir de la quote-part de loyer et en tenant compte des diverses aides au logement per\u00e7ues. "},"7":{"question":"","answer":""},"8":{"question":"","answer":""},"9":{"question":"","answer":""},"10":{"question":"","answer":""},"11":{"question":"","answer":""},"12":{"question":"","answer":""},"13":{"question":"","answer":""},"14":{"question":"","answer":""},"15":{"question":"","answer":""},"16":{"question":"","answer":""}}},"_links":{"self":[{"href":"https:\/\/www.mes-allocs.fr\/guides\/wp-json\/wp\/v2\/posts\/17316","targetHints":{"allow":["GET"]}}],"collection":[{"href":"https:\/\/www.mes-allocs.fr\/guides\/wp-json\/wp\/v2\/posts"}],"about":[{"href":"https:\/\/www.mes-allocs.fr\/guides\/wp-json\/wp\/v2\/types\/post"}],"author":[{"embeddable":true,"href":"https:\/\/www.mes-allocs.fr\/guides\/wp-json\/wp\/v2\/users\/10"}],"replies":[{"embeddable":true,"href":"https:\/\/www.mes-allocs.fr\/guides\/wp-json\/wp\/v2\/comments?post=17316"}],"version-history":[{"count":21,"href":"https:\/\/www.mes-allocs.fr\/guides\/wp-json\/wp\/v2\/posts\/17316\/revisions"}],"predecessor-version":[{"id":108615,"href":"https:\/\/www.mes-allocs.fr\/guides\/wp-json\/wp\/v2\/posts\/17316\/revisions\/108615"}],"wp:featuredmedia":[{"embeddable":true,"href":"https:\/\/www.mes-allocs.fr\/guides\/wp-json\/wp\/v2\/media\/17320"}],"wp:attachment":[{"href":"https:\/\/www.mes-allocs.fr\/guides\/wp-json\/wp\/v2\/media?parent=17316"}],"wp:term":[{"taxonomy":"category","embeddable":true,"href":"https:\/\/www.mes-allocs.fr\/guides\/wp-json\/wp\/v2\/categories?post=17316"},{"taxonomy":"post_tag","embeddable":true,"href":"https:\/\/www.mes-allocs.fr\/guides\/wp-json\/wp\/v2\/tags?post=17316"}],"curies":[{"name":"wp","href":"https:\/\/api.w.org\/{rel}","templated":true}]}}