{"id":17262,"date":"2021-02-01T09:05:03","date_gmt":"2021-02-01T09:05:03","guid":{"rendered":"https:\/\/www.mes-allocs.fr\/guides\/?p=17262"},"modified":"2025-07-16T10:46:27","modified_gmt":"2025-07-16T08:46:27","slug":"financement-formation","status":"publish","type":"post","link":"https:\/\/www.mes-allocs.fr\/guides\/aide-formation\/financement-formation\/","title":{"rendered":"Tout savoir sur les aides de financement formation !"},"content":{"rendered":"<p><a href=\"https:\/\/www.mes-allocs.fr\/guides\/wp-content\/uploads\/2020\/12\/startup-594090_1280.jpg\"><img loading=\"lazy\" decoding=\"async\" class=\"aligncenter wp-image-17266 size-full\" src=\"https:\/\/www.mes-allocs.fr\/guides\/wp-content\/uploads\/2020\/12\/startup-594090_1280-e1695366975979.jpg\" alt=\"Tout savoir sur les aides de financement formation !\" width=\"1280\" height=\"371\" srcset=\"https:\/\/www.mes-allocs.fr\/guides\/wp-content\/uploads\/2020\/12\/startup-594090_1280-e1695366975979.jpg 1280w, https:\/\/www.mes-allocs.fr\/guides\/wp-content\/uploads\/2020\/12\/startup-594090_1280-e1695366975979-300x87.jpg 300w, https:\/\/www.mes-allocs.fr\/guides\/wp-content\/uploads\/2020\/12\/startup-594090_1280-e1695366975979-1024x297.jpg 1024w, https:\/\/www.mes-allocs.fr\/guides\/wp-content\/uploads\/2020\/12\/startup-594090_1280-e1695366975979-768x223.jpg 768w, https:\/\/www.mes-allocs.fr\/guides\/wp-content\/uploads\/2020\/12\/startup-594090_1280-e1695366975979-600x174.jpg 600w\" sizes=\"auto, (max-width: 1280px) 100vw, 1280px\" \/><\/a><\/p>\n<p><strong>Il existe un certain nombre d&rsquo;<a href=\"https:\/\/www.mes-allocs.fr\/guides\/aide-formation\/\">aides<\/a> pour vous aider \u00e0 financer votre formation. Que vous soyez demandeur d&#8217;emploi, ou en CDI, vous pouvez faire financer votre formation et \u00e9galement b\u00e9n\u00e9ficier de conseil en \u00e9volution professionnelle. Mes Allocs vous explique toutes les aides disponibles pour financer votre formation.<\/strong><\/p>\n<div class='cta-block'><div class='text'>Simulez toutes vos aides en 2 min.<\/div><a href='https:\/\/www.mes-allocs.fr\/ab-app?origin=guides\/wp-json\/wp\/v2\/posts\/17262' class='app-button fit'>Simulation gratuite<\/a><\/div>\n<h1>Quelles sont les aides pour financer une formation ?<\/h1>\n<h2><span id=\"Le_dispositif_daide_a_la_formation_professionnelle\">Le dispositif d\u2019aide \u00e0 la formation professionnelle<\/span><\/h2>\n<p>Le dispositif d\u2019aide est relativement large, certaines d\u2019entre elles sont accessibles via P\u00f4le emploi, d\u2019autre par les Conseils r\u00e9gionaux.<\/p>\n<p>Selon votre situation, demandeur d\u2019emploi, salari\u00e9, etc, les modalit\u00e9s d\u2019attribution ainsi que le montant per\u00e7u pendant la formation peuvent varier. Il est fortement conseill\u00e9 de se renseigner sur les aides prises en charge avant de formuler votre dossier de formation, car les frais de formations ne sont pas toujours pris totalement en charge par l\u2019organisme comp\u00e9tent, le montant varie selon votre statut au moment de la demande.<\/p>\n<h2><span id=\"Qui_peut_en_beneficier_des_aides_a_la_formation\">Qui peut en b\u00e9n\u00e9ficier des aides \u00e0 la formation ?<\/span><\/h2>\n<p>Selon votre statut, vous pouvez b\u00e9n\u00e9ficier de droits et d\u2019un acc\u00e8s \u00e0 certains dispositifs de formation, appuis, conseils dans la perspective d\u2019un retour \u00e0 l\u2019emploi.<\/p>\n<h2><span id=\"Laide_individuelle_a_la_formation_AIF\">L\u2019aide individuelle \u00e0 la formation (AIF)<\/span><\/h2>\n<p>Dans le cas ou les dispositifs financiers ne sont pas en capacit\u00e9 de prendre en charge votre formation (ceux des collectivit\u00e9s territoriales, des organismes paritaires collecteurs agr\u00e9\u00e9s \u2013 OPC\u2026), vous pouvez contacter un conseill\u00e9 P\u00f4le emploi pour savoir si il est possible de financer enti\u00e8rement ou partiellement votre projet.<\/p>\n<p><strong>Vous pouvez en b\u00e9n\u00e9ficier si :\u00a0<\/strong><\/p>\n<ul>\n<li>Vous \u00eates demandeur d\u2019emploi<\/li>\n<li>Vous \u00eates une personne en accompagnement CRP\/CTP ou CSP<\/li>\n<\/ul>\n<p><iframe loading=\"lazy\" title=\"Les aides \u00e0 la formation\" width=\"500\" height=\"281\" src=\"https:\/\/www.youtube.com\/embed\/gs3ZRHqtzmY?feature=oembed\" frameborder=\"0\" allow=\"accelerometer; autoplay; clipboard-write; encrypted-media; gyroscope; picture-in-picture; web-share\" referrerpolicy=\"strict-origin-when-cross-origin\" allowfullscreen><\/iframe><\/p>\n<h1><span id=\"Qui_finance_les_formations\">Qui finance les formations ?<\/span><\/h1>\n<p>La question de financement de la formation professionnelle est complexe, car il existe plusieurs situations dans lesquelles l\u2019organisme comp\u00e9tent n\u2019est pas le m\u00eame.<\/p>\n<h2><span id=\"Le_compte_personnel_de_formation_CPF\">Le compte personnel de formation CPF<\/span><\/h2>\n<p>C\u2019est l\u2019agence France Comp\u00e9tences qui prend en charge les formations, lorsque celle-ci est demand\u00e9e par un demandeur d\u2019emploi ayant cumul\u00e9 un solde d\u2019euros suffisant \u00e0 sa r\u00e9alisation.<\/p>\n<p>Pour les jeunes dipl\u00f4m\u00e9s ou les demandeurs d\u2019emploi n\u2019ayant pas cumul\u00e9 assez, ce sont d\u2019autres organismes d\u2019aide \u00e0 la formation et l\u2019insertion professionnelle comme P\u00f4le emploi, qui financent les formations. Vous trouverez sur le site officiel toutes les modalit\u00e9s.<\/p>\n<p>Un d\u00e9cret pr\u00e9cise les conditions du financement par la Caisse des d\u00e9p\u00f4ts et consignations des actions de formation suivies dans le cadre du compte personnel de formation (CPF).<\/p>\n<h2><span id=\"Les_aides_des_conseils_regionaux\">Les aides des conseils r\u00e9gionaux<\/span><\/h2>\n<p>Le Conseil r\u00e9gional peut prendre en charge les frais li\u00e9s \u00e0 la formation. Par exemple pour le Grand Est c\u2019est l\u2019Aide Individuelle R\u00e9gionale \u00e0 la Formation (<strong>ARIF<\/strong>)<\/p>\n<h2><span id=\"Laide_individuelle_a_la_formation_AIF1\">L\u2019aide individuelle \u00e0 la formation AIF<\/span><\/h2>\n<p>Si vous \u00eates inscrit \u00e0 P\u00f4le emploi et que vous ne b\u00e9n\u00e9ficier pas des autres dispositifs d\u2019aide collectifs ou individuels, cet organisme peut prendre en charge, sous conditions les frais de votre formation. Le reste \u00e0 votre charge sera \u00e0 r\u00e9gulariser par carte bancaire.<\/p>\n<ul>\n<li>Vous devez faire valider votre projet de formation par votre conseiller avant tout financement possible par P\u00f4le emploi. Votre d\u00e9marche de formation doit \u00eatre coh\u00e9rente et pertinente avec un projet de reprise d\u2019emploi ou d\u2019activit\u00e9.<\/li>\n<li>Votre conseiller P\u00f4le emploi validera votre projet\u00a0au regard du contenu, des co\u00fbts p\u00e9dagogiques, et de la dur\u00e9e de l\u2019action de formation, mais aussi sur son efficacit\u00e9 pour votre retour \u00e0 l\u2019emploi.<\/li>\n<\/ul>\n<div class='cta-block'><div class='text'>Simulez toutes vos aides en 2 min.<\/div><a href='https:\/\/www.mes-allocs.fr\/ab-app?origin=guides\/wp-json\/wp\/v2\/posts\/17262' class='app-button fit'>Simulation gratuite<\/a><\/div>\n<h1>Quelle protection sociale pendant votre formation ?<\/h1>\n<h3><span id=\"RFPE\">RFPE<\/span><\/h3>\n<p>Lorsque vous suivez une formation prescrite par P\u00f4le emploi et que vous percevez le RFPE, c\u2019est P\u00f4le emploi qui doit prendre en charge l\u2019int\u00e9gralit\u00e9 des cotisations relatives aux diff\u00e9rents risques.<\/p>\n<p>Donc vous \u00eates couvert pendant toute la dur\u00e9e de votre formation et en cas d\u2019accident du travail :<\/p>\n<ul class=\"spip\">\n<li>soit dans le cadre du r\u00e9gime de S\u00e9curit\u00e9 sociale auquel vous \u00e9tiez rattach\u00e9 avant votre entr\u00e9e en stage\u00a0;<\/li>\n<li>soit, \u00e0 d\u00e9faut d\u2019affiliation ant\u00e9rieure, dans le cadre du r\u00e9gime g\u00e9n\u00e9ral de la S\u00e9curit\u00e9 sociale.<\/li>\n<\/ul>\n<h3><span id=\"AREF\">AREF<\/span><\/h3>\n<p>Si vous effectuez une formation financ\u00e9e par P\u00f4le emploi, et cela dans le cadre du PPAE et que vous percevez l\u2019Aref. Ainsi vous conservez la protection sociale que vous aviez avant le d\u00e9but de votre formation.<\/p>\n<p><strong>Vous continuez \u00e0 b\u00e9n\u00e9ficier :\u00a0<\/strong><\/p>\n<ul class=\"spip\">\n<li>des prestations en nature de la S\u00e9curit\u00e9 sociale (remboursements de frais pharmaceutiques, m\u00e9dicaux, hospitaliers \u2026)\u00a0;<\/li>\n<li>des prestations en esp\u00e8ces de la S\u00e9curit\u00e9 sociale (indemnit\u00e9s journali\u00e8res vers\u00e9es \u00e0 la place de la r\u00e9mun\u00e9ration de stage)\u00a0;<\/li>\n<li>d\u2019une couverture \u201caccident du travail\u201d.<\/li>\n<\/ul>\n<h3><span id=\"RSP\"><strong>RSP<\/strong><\/span><\/h3>\n<p>Lorsque vous effectuez un stage qui est agr\u00e9\u00e9 par une r\u00e9gion, et percevez le RSP, \u00a0les cotisations maladie, maternit\u00e9, invalidit\u00e9, d\u00e9c\u00e8s, vieillesse, allocations familiales et accident du travail sont prises en charge par la R\u00e9gion ou l\u2019Etat.<\/p>\n<h2>Pour les travailleurs ind\u00e9pendants<\/h2>\n<p>Sous certaines conditions, vous pouvez b\u00e9n\u00e9ficier d\u2019une allocation forfaitaire d\u2019environ 800 euros mensuels pour une dur\u00e9e ne pouvant exc\u00e9der 6 mois durant votre parcours professionnel.<\/p>\n<ul class=\"spip\">\n<li>Si vous \u00e9tiez rattach\u00e9 \u00e0 un r\u00e9gime de S\u00e9curit\u00e9 sociale avant votre entr\u00e9e en formation, vous restez affili\u00e9 au m\u00eame r\u00e9gime.<\/li>\n<li>Si vous n\u2019\u00e9tiez pas affili\u00e9 \u00e0 un r\u00e9gime de S\u00e9curit\u00e9 sociale, votre organisme de formation doit s\u2019adresser \u00e0 l\u2019ASP pour demander votre affiliation au r\u00e9gime g\u00e9n\u00e9ral de S\u00e9curit\u00e9 sociale.<\/li>\n<\/ul>\n<p><i>Si vous n\u2019\u00eates pas r\u00e9mun\u00e9r\u00e9 pendant votre formation, les cotisations de S\u00e9curit\u00e9 sociale correspondantes sont prises int\u00e9gralement en charge par la R\u00e9gion ou l\u2019Etat. Elles sont alors calcul\u00e9es de fa\u00e7on forfaitaire.<\/i><\/p>\n<div class='cta-block'><div class='text'>Simulez toutes vos aides en 2 min.<\/div><a href='https:\/\/www.mes-allocs.fr\/ab-app?origin=guides\/wp-json\/wp\/v2\/posts\/17262' class='app-button fit'>Simulation gratuite<\/a><\/div>\n<h1>Quelle r\u00e9mun\u00e9ration pendant votre formation ?<\/h1>\n<p>Si vous suivez une formation certifiante, vous pouvez percevoir une aide financi\u00e8re durant tout le temps de votre formation.<\/p>\n<h3><span id=\"Si_vous_ne_percevez_pas_dallocation_chomage_ARE\">Si vous ne percevez pas d\u2019allocation ch\u00f4mage ARE<\/span><\/h3>\n<p>Si votre temps de travail li\u00e9 \u00e0 la formation est de 40h et que vous n\u2019\u00eates pas en mesure de travailler simultan\u00e9ment, votre allocation d\u2019 Aide au retour \u00e0 l\u2019emploi\u00a0 (ARE) devient\u00a0 l\u2019ARE Formation (AREF), et cela pendant toute la dur\u00e9e de votre formation.<\/p>\n<p>L\u2019AREF est vers\u00e9e dans la limite des droits ARE. Son montant ne peut pas \u00eatre inf\u00e9rieur \u00e0 22,99 euros par jour<\/p>\n<div class='cta-block'><div class='text'>Simulez toutes vos aides en 2 min.<\/div><a href='https:\/\/www.mes-allocs.fr\/ab-app?origin=guides\/wp-json\/wp\/v2\/posts\/17262' class='app-button fit'>Simulation gratuite<\/a><\/div>\n","protected":false},"excerpt":{"rendered":"<p>Il existe un certain nombre d&rsquo;aides pour vous aider \u00e0 financer votre formation. Que vous soyez demandeur d&#8217;emploi, ou en CDI, vous pouvez faire financer votre formation et \u00e9galement b\u00e9n\u00e9ficier de conseil en \u00e9volution professionnelle. Mes Allocs vous explique toutes les aides disponibles pour financer votre formation. Quelles sont les aides pour financer une formation [&hellip;]<\/p>\n","protected":false},"author":10,"featured_media":17266,"comment_status":"open","ping_status":"open","sticky":false,"template":"","format":"standard","meta":{"amp_status":"","footnotes":""},"categories":[2045],"tags":[],"class_list":["post-17262","post","type-post","status-publish","format-standard","has-post-thumbnail","hentry","category-aide-formation"],"yoast_head":"<!-- This site is optimized with the Yoast SEO plugin v14.9 - https:\/\/yoast.com\/wordpress\/plugins\/seo\/ -->\n<title>Tout savoir sur les aides de financement formation ! | Mes-Allocs.fr<\/title>\n<meta name=\"description\" content=\"Que vous soyez demandeur d&#039;emploi ou en CDI, vous pouvez b\u00e9n\u00e9ficier d&#039;un financement de formation sous conditions. Mes Allocs vous explique !\" \/>\n<meta name=\"robots\" content=\"index, follow, max-snippet:-1, max-image-preview:large, max-video-preview:-1\" \/>\n<link rel=\"canonical\" href=\"https:\/\/www.mes-allocs.fr\/guides\/aide-formation\/financement-formation\/\" \/>\n<meta property=\"og:locale\" content=\"fr_FR\" \/>\n<meta property=\"og:type\" content=\"article\" \/>\n<meta property=\"og:title\" content=\"Tout savoir sur les aides de financement formation ! | Mes-Allocs.fr\" \/>\n<meta property=\"og:description\" content=\"Que vous soyez demandeur d&#039;emploi ou en CDI, vous pouvez b\u00e9n\u00e9ficier d&#039;un financement de formation sous conditions. Mes Allocs vous explique !\" \/>\n<meta property=\"og:url\" content=\"https:\/\/www.mes-allocs.fr\/guides\/aide-formation\/financement-formation\/\" \/>\n<meta property=\"og:site_name\" content=\"Mes-Allocs.fr\" \/>\n<meta property=\"article:published_time\" content=\"2021-02-01T09:05:03+00:00\" \/>\n<meta property=\"article:modified_time\" content=\"2025-07-16T08:46:27+00:00\" \/>\n<meta property=\"og:image\" content=\"https:\/\/www.mes-allocs.fr\/guides\/wp-content\/uploads\/2020\/12\/startup-594090_1280-e1695366975979.jpg?wsr\" \/>\n\t<meta property=\"og:image:width\" content=\"1280\" \/>\n\t<meta property=\"og:image:height\" content=\"371\" \/>\n<meta name=\"twitter:card\" content=\"summary_large_image\" \/>\n<script type=\"application\/ld+json\" class=\"yoast-schema-graph\">{\"@context\":\"https:\/\/schema.org\",\"@graph\":[{\"@type\":\"WebSite\",\"@id\":\"https:\/\/www.mes-allocs.fr\/guides\/#website\",\"url\":\"https:\/\/www.mes-allocs.fr\/guides\/\",\"name\":\"Mes-Allocs.fr\",\"description\":\"\",\"potentialAction\":[{\"@type\":\"SearchAction\",\"target\":\"https:\/\/www.mes-allocs.fr\/guides\/?s={search_term_string}\",\"query-input\":\"required name=search_term_string\"}],\"inLanguage\":\"fr-FR\"},{\"@type\":\"ImageObject\",\"@id\":\"https:\/\/www.mes-allocs.fr\/guides\/aide-formation\/financement-formation\/#primaryimage\",\"inLanguage\":\"fr-FR\",\"url\":\"https:\/\/www.mes-allocs.fr\/guides\/wp-content\/uploads\/2020\/12\/startup-594090_1280-e1695366975979.jpg?wsr\",\"width\":1280,\"height\":371,\"caption\":\"startup 594090 1280 e1609345000803\"},{\"@type\":\"WebPage\",\"@id\":\"https:\/\/www.mes-allocs.fr\/guides\/aide-formation\/financement-formation\/#webpage\",\"url\":\"https:\/\/www.mes-allocs.fr\/guides\/aide-formation\/financement-formation\/\",\"name\":\"Tout savoir sur les aides de financement formation ! | Mes-Allocs.fr\",\"isPartOf\":{\"@id\":\"https:\/\/www.mes-allocs.fr\/guides\/#website\"},\"primaryImageOfPage\":{\"@id\":\"https:\/\/www.mes-allocs.fr\/guides\/aide-formation\/financement-formation\/#primaryimage\"},\"datePublished\":\"2021-02-01T09:05:03+00:00\",\"dateModified\":\"2025-07-16T08:46:27+00:00\",\"author\":{\"@id\":\"https:\/\/www.mes-allocs.fr\/guides\/#\/schema\/person\/8d47b912c0ad15f379df96b4e4e33f58\"},\"description\":\"Que vous soyez demandeur d'emploi ou en CDI, vous pouvez b\\u00e9n\\u00e9ficier d'un financement de formation sous conditions. Mes Allocs vous explique !\",\"inLanguage\":\"fr-FR\"},{\"@type\":\"Person\",\"@id\":\"https:\/\/www.mes-allocs.fr\/guides\/#\/schema\/person\/8d47b912c0ad15f379df96b4e4e33f58\",\"name\":\"Constance de Cagny\",\"image\":{\"@type\":\"ImageObject\",\"@id\":\"https:\/\/www.mes-allocs.fr\/guides\/#personlogo\",\"inLanguage\":\"fr-FR\",\"url\":\"https:\/\/www.mes-allocs.fr\/guides\/wp-content\/uploads\/2021\/06\/Constance.2e8ee0b.png\",\"caption\":\"Constance de Cagny\"},\"description\":\"Constance est r\\u00e9dactrice au sein de l'\\u00e9quipe Mes Allocs. Elle a l'habitude d'\\u00e9crire sur les sujets conso, bons plans et \\u00e9conomies. Dipl\\u00f4m\\u00e9e de l'ENACO, elle rejoint Mes Allocs apr\\u00e8s une premi\\u00e8re exp\\u00e9rience en cabinet notarial.\",\"sameAs\":[\"https:\/\/www.linkedin.com\/in\/constance-de-cagny-mayeur-bbb414135\"]}]}<\/script>\n<!-- \/ Yoast SEO plugin. -->","amp_validity":null,"acf":{"faq":{"1":{"question":"Quel organisme finance une formation ?","answer":"Le financement se fait par le biais du Fongecif, l'Opacif ou l'OPCA de votre employeur. Peu importe l'organisme utilis\u00e9, votre employeur y a cotis\u00e9 au titre de la formation. C'est ainsi qu'est prise en charge la formation ainsi que le maintien de votre salaire jusqu'\u00e0 la hauteur de deux fois le SMIC."},"2":{"question":"Comment les entreprises financent les formations ?","answer":"Le financement des formations r\u00e9alis\u00e9es \u00e0 l'initiative des entreprises repose notamment sur une contribution obligatoire, qu'elles doivent verser aux op\u00e9rateurs de comp\u00e9tences (OPCO)."},"3":{"question":"Comment l'OPCA finance les formations ?","answer":"L'Organisme Paritaire Collecteur Agr\u00e9\u00e9 est charg\u00e9 de collecter, mutualiser et redistribuer les obligations financi\u00e8res vers\u00e9es par les entreprises au titre de la formation professionnelle. "},"4":{"question":"Comment utiliser son CPF pendant le temps de travail ?","answer":"Pour les formations hors temps de travail, le salari\u00e9 pourra utiliser son CPF sans faire de demande \u00e0 l'employeur (\u00e0 la diff\u00e9rence du DIF). Pour les formations sur le temps de travail, un accord de l'entreprise sera n\u00e9cessaire. ("},"5":{"question":"Qui doit alimenter le compte CPF ?","answer":"L'employeur effectue annuellement pour chaque salari\u00e9 concern\u00e9 le calcul du montant venant abonder le CPF : le montant est vers\u00e9 \u00e0 la Caisse des d\u00e9p\u00f4ts, qui abonde le compte du salari\u00e9 d\u00e8s r\u00e9ception de la somme. "},"6":{"question":"Comment se servir de son CPF ?","answer":"Le compte personnel de formation (CPF) est utilisable par tout salari\u00e9, tout au long de sa vie active, y compris en p\u00e9riode de ch\u00f4mage, pour suivre une formation qualifiante ou certifiante. Le CPF a remplac\u00e9 le droit individuel \u00e0 la formation (Dif). Les salari\u00e9s ne perdent pas les heures acquises au titre du Dif."},"7":{"question":"","answer":""},"8":{"question":"","answer":""},"9":{"question":"","answer":""},"10":{"question":"","answer":""},"11":{"question":"","answer":""},"12":{"question":"","answer":""},"13":{"question":"","answer":""},"14":{"question":"","answer":""},"15":{"question":"","answer":""},"16":{"question":"","answer":""}}},"_links":{"self":[{"href":"https:\/\/www.mes-allocs.fr\/guides\/wp-json\/wp\/v2\/posts\/17262","targetHints":{"allow":["GET"]}}],"collection":[{"href":"https:\/\/www.mes-allocs.fr\/guides\/wp-json\/wp\/v2\/posts"}],"about":[{"href":"https:\/\/www.mes-allocs.fr\/guides\/wp-json\/wp\/v2\/types\/post"}],"author":[{"embeddable":true,"href":"https:\/\/www.mes-allocs.fr\/guides\/wp-json\/wp\/v2\/users\/10"}],"replies":[{"embeddable":true,"href":"https:\/\/www.mes-allocs.fr\/guides\/wp-json\/wp\/v2\/comments?post=17262"}],"version-history":[{"count":8,"href":"https:\/\/www.mes-allocs.fr\/guides\/wp-json\/wp\/v2\/posts\/17262\/revisions"}],"predecessor-version":[{"id":102282,"href":"https:\/\/www.mes-allocs.fr\/guides\/wp-json\/wp\/v2\/posts\/17262\/revisions\/102282"}],"wp:featuredmedia":[{"embeddable":true,"href":"https:\/\/www.mes-allocs.fr\/guides\/wp-json\/wp\/v2\/media\/17266"}],"wp:attachment":[{"href":"https:\/\/www.mes-allocs.fr\/guides\/wp-json\/wp\/v2\/media?parent=17262"}],"wp:term":[{"taxonomy":"category","embeddable":true,"href":"https:\/\/www.mes-allocs.fr\/guides\/wp-json\/wp\/v2\/categories?post=17262"},{"taxonomy":"post_tag","embeddable":true,"href":"https:\/\/www.mes-allocs.fr\/guides\/wp-json\/wp\/v2\/tags?post=17262"}],"curies":[{"name":"wp","href":"https:\/\/api.w.org\/{rel}","templated":true}]}}