{"id":17226,"date":"2021-01-11T09:38:00","date_gmt":"2021-01-11T09:38:00","guid":{"rendered":"https:\/\/www.mes-allocs.fr\/guides\/?p=17226"},"modified":"2026-03-24T17:56:40","modified_gmt":"2026-03-24T16:56:40","slug":"apa-conditions-de-ressources","status":"publish","type":"post","link":"https:\/\/www.mes-allocs.fr\/guides\/aides-sante\/apa\/apa-conditions-de-ressources\/","title":{"rendered":"Quelles conditions de ressources pour b\u00e9n\u00e9ficier de l&rsquo;APA ?"},"content":{"rendered":"<p><a href=\"https:\/\/www.mes-allocs.fr\/guides\/wp-content\/uploads\/2020\/12\/pexels-matthias-zomer-339620-2.jpg\"><img loading=\"lazy\" decoding=\"async\" class=\"aligncenter wp-image-17234 size-full\" src=\"https:\/\/www.mes-allocs.fr\/guides\/wp-content\/uploads\/2020\/12\/pexels-matthias-zomer-339620-2-e1609265418799.jpg\" alt=\"APA : conditions de ressources pour en b\u00e9n\u00e9ficier\" width=\"1280\" height=\"460\" srcset=\"https:\/\/www.mes-allocs.fr\/guides\/wp-content\/uploads\/2020\/12\/pexels-matthias-zomer-339620-2-e1609265418799.jpg 1280w, https:\/\/www.mes-allocs.fr\/guides\/wp-content\/uploads\/2020\/12\/pexels-matthias-zomer-339620-2-e1609265418799-300x108.jpg 300w, https:\/\/www.mes-allocs.fr\/guides\/wp-content\/uploads\/2020\/12\/pexels-matthias-zomer-339620-2-e1609265418799-1024x368.jpg 1024w, https:\/\/www.mes-allocs.fr\/guides\/wp-content\/uploads\/2020\/12\/pexels-matthias-zomer-339620-2-e1609265418799-768x276.jpg 768w, https:\/\/www.mes-allocs.fr\/guides\/wp-content\/uploads\/2020\/12\/pexels-matthias-zomer-339620-2-e1609265418799-600x216.jpg 600w\" sizes=\"auto, (max-width: 1280px) 100vw, 1280px\" \/><\/a><\/p>\n<p style=\"text-align: justify;\"><span style=\"font-size: 12pt;\">[Mis \u00e0 jour le 24\/03\/2026] <\/span>L&rsquo;APA est une aide sociale pour les personnes d\u00e9pendantes. Pour b\u00e9n\u00e9ficier de cette <a href=\"https:\/\/www.mes-allocs.fr\/guides\/aides-sante\/\">aide \u00e0 la sant\u00e9<\/a>, votre taux d&rsquo;incapacit\u00e9 est d\u00e9termin\u00e9 par une \u00e9quipe m\u00e9dico-sociale, ce dernier d\u00e9pend d&rsquo;une grille Aggir. Mes Allocs vous explique tout sur les <strong>conditions de ressources de l&rsquo;APA <\/strong>en 2026.<\/p>\n<div class='cta-block'><div class='text'>Simulez toutes vos aides en 2 min.<\/div><a href='https:\/\/www.mes-allocs.fr\/ab-app?origin=guides\/wp-json\/wp\/v2\/posts\/17226' class='app-button fit'>Simulation gratuite<\/a><\/div>\n<h1>Quelles sont les conditions de ressources pour b\u00e9n\u00e9ficier de l&rsquo;APA ?<\/h1>\n<p style=\"text-align: justify;\">Il n\u2019y a pas de conditions de revenu pour b\u00e9n\u00e9ficier de l\u2019 allocation personnalis\u00e9e d&rsquo; autonomie. Si vous remplissez les conditions d\u2019\u00e2ge, de r\u00e9sidence et de perte d\u2019autonomie, vous pouvez ainsi b\u00e9n\u00e9ficier de l\u2019APA quels que soient vos revenus. En revanche, le montant attribu\u00e9 d\u00e9pend du niveau de revenus. Au-del\u00e0 d\u2019un certain niveau de revenus, une participation progressive vous sera demand\u00e9e.<\/p>\n<p>Pour les\u00a0couples, les revenus\u00a0du conjoint, concubins, ou partenaire pacs\u00e9 sont pris en compte. Dans ce cas, les\u00a0revenus\u00a0du\u00a0couple\u00a0sont calcul\u00e9s en divisant le total de leurs ressources par : 1,7 (pour une demande d&rsquo;APA\u00a0\u00e0 domicile) 2 (pour une demande d&rsquo;APA\u00a0en \u00e9tablissement)<\/p>\n<p>En cas de changement de statut (c\u00e9libataire, mari\u00e9, etc.) il est important de faire une mise \u00e0 jour vos informations.<\/p>\n<h1>Conditions pour en b\u00e9n\u00e9ficier<\/h1>\n<p><strong>Pour b\u00e9n\u00e9ficier de cette prise en charge, vous devez :<\/strong><\/p>\n<ul>\n<li>\u00eatre \u00e2g\u00e9 de 60 ans ou plus,<\/li>\n<li>r\u00e9sider en France de fa\u00e7on stable et r\u00e9guli\u00e8re,<\/li>\n<li>\u00eatre en perte d\u2019autonomie, c\u2019est-\u00e0-dire avoir un degr\u00e9 de perte d&rsquo;autonomie \u00e9valu\u00e9 comme relevant du\u00a0GIR 1, 2, 3 ou 4\u00a0par une \u00e9quipe de professionnels du conseil d\u00e9partemental.<\/li>\n<\/ul>\n<h1>Calcul de l&rsquo;APA \u00e0 domicile<\/h1>\n<p><strong>Le montant l&rsquo;allocation personnalis\u00e9e d&rsquo; autonomie APA \u00e0 domicile vers\u00e9 par le conseil d\u00e9partemental est calcul\u00e9 en fonction :<\/strong><\/p>\n<ul>\n<li>de vos revenus,<\/li>\n<li>du co\u00fbt des aides pr\u00e9vues dans votre plan d\u2019aide,<\/li>\n<li>de votre GIR.<\/li>\n<\/ul>\n<p>L\u2019attribution de l\u2019APA n\u2019est pas soumise \u00e0 conditions de ressources, mais au-del\u00e0 de\u00a0813,39 \u20ac de ressources mensuelles, le b\u00e9n\u00e9ficiaire acquitte une participation progressive aux d\u00e9penses inscrites dans son plan d\u2019aide.<\/p>\n<p>Afin de renforcer l\u2019accessibilit\u00e9 financi\u00e8re de l\u2019APA, la loi du 28 d\u00e9cembre 2015 relative \u00e0 l\u2019adaptation de la soci\u00e9t\u00e9 au vieillissement a revu les modalit\u00e9s de calcul de la participation financi\u00e8re des b\u00e9n\u00e9ficiaires.<\/p>\n<div class='cta-block'><div class='text'>Simulez toutes vos aides en 2 min.<\/div><a href='https:\/\/www.mes-allocs.fr\/ab-app?origin=guides\/wp-json\/wp\/v2\/posts\/17226' class='app-button fit'>Simulation gratuite<\/a><\/div>\n<h1>Calcul de la participation financi\u00e8re<\/h1>\n<p>Dans chaque \u00e9tablissement, il existe trois tarifs d\u00e9pendance, correspondant respectivement aux GIR 1 et 2, aux GIR 3 et 4 et aux GIR 5 et 6 (le classement dans ces deux derniers GIR n\u2019ouvre pas droit \u00e0 l\u2019APA).<\/p>\n<p>Le\u00a0<strong>montant de l&rsquo;allocation personnalis\u00e9e d&rsquo;autonomie (APA)<\/strong>\u00a0est \u00e9gal au montant du tarif d\u00e9pendance en vigueur dans l&rsquo;\u00e9tablissement d&rsquo;accueil moins la participation forfaitaire.<\/p>\n<h1>Revenus pris en compte dans le calcul de l&rsquo;APA<\/h1>\n<ul>\n<li>les ressources indiqu\u00e9es sur l\u2019avis d\u2019imposition\u00a0(ou de non-imposition) : pension, retraite compl\u00e9mentaire<\/li>\n<li>les produits de placement \u00e0 revenu fixe, soumis \u00e0 pr\u00e9l\u00e8vement lib\u00e9ratoire\u00a0(compte sur livret, bon du Tr\u00e9sor\u2026),<\/li>\n<li>les biens ou capitaux ni exploit\u00e9s ni plac\u00e9s\u00a0(sauf r\u00e9sidence principale) : on calcule les revenus qu\u2019ils produiraient s\u2019ils \u00e9taient plac\u00e9s, en fonction d\u2019un bar\u00e8me l\u00e9gal (50 % de la valeur locative pour les immeubles b\u00e2tis, 80 % pour le non b\u00e2ti, 3 % des capitaux), biens mobiliers (objets d\u2019art, bateau\u2026)<\/li>\n<\/ul>\n<h1>Ressources non prises en compte<\/h1>\n<ul>\n<li>retraite du combattant,<\/li>\n<li>pensions attach\u00e9es aux distinctions honorifiques,<\/li>\n<li>aides au logement,<\/li>\n<li>aide financi\u00e8re des enfants,<\/li>\n<li>capital d\u00e9c\u00e8s\u2026<\/li>\n<\/ul>\n<h1>Montant de l&rsquo;APA \u00e0 domicile<\/h1>\n<p>Les plans d\u2019aide APA sont plafonn\u00e9s et le montant d\u2019APA accord\u00e9 ne peut pas d\u00e9passer un montant maximal fix\u00e9 pour chaque GIR.<\/p>\n<p><strong>Au 1<sup>er<\/sup> janvier 2026, les montants maximaux des plans d\u2019aides sont fix\u00e9s \u00e0 :<\/strong><\/p>\n\n<div class=\"wpdt-c row wpDataTableContainerSimpleTable wpDataTables wpDataTablesWrapper\n\"\n    >\n    <table id=\"wpdtSimpleTable-281\"\n           class=\"wpdtSimpleTable wpDataTable\"\n           data-column=\"2\"\n           data-rows=\"5\"\n           data-wpID=\"281\"\n           data-responsive=\"0\"\n           data-has-header=\"0\">\n\n                    <tbody>        <tr class=\"wpdt-cell-row \" style=\"height:72px;\">\n                            <td class=\"wpdt-cell wpdt-bold wpdt-bc-F3F9FE\"\n                                    data-cell-id=\"A1\"\n                data-col-index=\"0\"\n                data-row-index=\"0\"\n                style=\" width:50%;                padding:10px;\"\n                >\n                                Gir                <\/td>\n                                            <td class=\"wpdt-cell wpdt-bold wpdt-bc-F3F9FE\"\n                                    data-cell-id=\"B1\"\n                data-col-index=\"1\"\n                data-row-index=\"0\"\n                style=\" width:50%;                padding:10px;\"\n                >\n                                Montant mensuel maximum                <\/td>\n                                        <\/tr>\n                            <tr class=\"wpdt-cell-row \" >\n                            <td class=\"wpdt-cell \"\n                                    data-cell-id=\"A2\"\n                data-col-index=\"0\"\n                data-row-index=\"1\"\n                style=\"                padding:10px;\"\n                >\n                                Gir 1                <\/td>\n                                            <td class=\"wpdt-cell \"\n                                    data-cell-id=\"B2\"\n                data-col-index=\"1\"\n                data-row-index=\"1\"\n                style=\"                padding:10px;\"\n                >\n                                2 080,33 \u20ac                <\/td>\n                                        <\/tr>\n                            <tr class=\"wpdt-cell-row \" >\n                            <td class=\"wpdt-cell \"\n                                    data-cell-id=\"A3\"\n                data-col-index=\"0\"\n                data-row-index=\"2\"\n                style=\"                padding:10px;\"\n                >\n                                Gir 2                <\/td>\n                                            <td class=\"wpdt-cell \"\n                                    data-cell-id=\"B3\"\n                data-col-index=\"1\"\n                data-row-index=\"2\"\n                style=\"                padding:10px;\"\n                >\n                                1 682,30 \u20ac                <\/td>\n                                        <\/tr>\n                            <tr class=\"wpdt-cell-row \" >\n                            <td class=\"wpdt-cell \"\n                                    data-cell-id=\"A4\"\n                data-col-index=\"0\"\n                data-row-index=\"3\"\n                style=\"                padding:10px;\"\n                >\n                                Gir 3                <\/td>\n                                            <td class=\"wpdt-cell \"\n                                    data-cell-id=\"B4\"\n                data-col-index=\"1\"\n                data-row-index=\"3\"\n                style=\"                padding:10px;\"\n                >\n                                1 215,99 \u20ac                <\/td>\n                                        <\/tr>\n                            <tr class=\"wpdt-cell-row \" >\n                            <td class=\"wpdt-cell \"\n                                    data-cell-id=\"A5\"\n                data-col-index=\"0\"\n                data-row-index=\"4\"\n                style=\"                padding:10px;\"\n                >\n                                Gir 4                <\/td>\n                                            <td class=\"wpdt-cell \"\n                                    data-cell-id=\"B5\"\n                data-col-index=\"1\"\n                data-row-index=\"4\"\n                style=\"                padding:10px;\"\n                >\n                                811,52 \u20ac                <\/td>\n                                        <\/tr>\n                    <\/table>\n<\/div><style id='wpdt-custom-style-281'>\n.wpdt-bc-F3F9FE { background-color: #F3F9FE !important;}\n<\/style>\n\n<p>Dossier de demande APA<\/p>\n<p><strong>Le dossier de demande complet doit contenir un certain nombre de pi\u00e8ces :<\/strong><\/p>\n<ul>\n<li>une photocopie d\u2019une pi\u00e8ce d\u2019identit\u00e9 : au choix, livret de famille, carte nationale d\u2019identit\u00e9, passeport de la Communaut\u00e9 Europ\u00e9enne, extrait ou acte de naissance. Si le demandeur n\u2019est pas ressortissant d\u2019un pays membre de l\u2019Union Europ\u00e9enne, il doit remettre une<\/li>\n<li>photocopie de sa carte de r\u00e9sidence ou de son titre de s\u00e9jour<\/li>\n<li>\u00a0une photocopie du dernier avis d\u2019imposition\u00a0ou de non imposition au titre de l\u2019imp\u00f4t sur le revenu<br \/>\nle cas \u00e9ch\u00e9ant, une photocopie du justificatif des taxes fonci\u00e8res sur les propri\u00e9t\u00e9s b\u00e2ties et non b\u00e2ties ; un relev\u00e9 d\u2019identit\u00e9 bancaire ou postal (RIB ou RIP). Ce relev\u00e9 doit \u00eatre celui du futur b\u00e9n\u00e9ficiaire de la prestation et non celui d\u2019un parent.<\/li>\n<\/ul>\n<div class='cta-block'><div class='text'>Simulez toutes vos aides en 2 min.<\/div><a href='https:\/\/www.mes-allocs.fr\/ab-app?origin=guides\/wp-json\/wp\/v2\/posts\/17226' class='app-button fit'>Simulation gratuite<\/a><\/div>\n","protected":false},"excerpt":{"rendered":"<p>[Mis \u00e0 jour le 24\/03\/2026] L&rsquo;APA est une aide sociale pour les personnes d\u00e9pendantes. Pour b\u00e9n\u00e9ficier de cette aide \u00e0 la sant\u00e9, votre taux d&rsquo;incapacit\u00e9 est d\u00e9termin\u00e9 par une \u00e9quipe m\u00e9dico-sociale, ce dernier d\u00e9pend d&rsquo;une grille Aggir. Mes Allocs vous explique tout sur les conditions de ressources de l&rsquo;APA en 2026. Quelles sont les conditions [&hellip;]<\/p>\n","protected":false},"author":10,"featured_media":17234,"comment_status":"open","ping_status":"open","sticky":false,"template":"","format":"standard","meta":{"amp_status":"","footnotes":""},"categories":[24,3000],"tags":[],"class_list":["post-17226","post","type-post","status-publish","format-standard","has-post-thumbnail","hentry","category-aides-sante","category-apa"],"yoast_head":"<!-- This site is optimized with the Yoast SEO plugin v14.9 - https:\/\/yoast.com\/wordpress\/plugins\/seo\/ -->\n<title>Quelles conditions de ressources pour b\u00e9n\u00e9ficier de l&#039;APA ? | Mes-Allocs.fr<\/title>\n<meta name=\"description\" content=\"L&#039;APA est une allocation pour les personnes \u00e2g\u00e9es en perte d&#039;autonomie. Mes Allocs vous dit tout sur les conditions de ressources en 2026.\" \/>\n<meta name=\"robots\" content=\"index, follow, max-snippet:-1, max-image-preview:large, max-video-preview:-1\" \/>\n<link rel=\"canonical\" href=\"https:\/\/www.mes-allocs.fr\/guides\/aides-sante\/apa\/apa-conditions-de-ressources\/\" \/>\n<meta property=\"og:locale\" content=\"fr_FR\" \/>\n<meta property=\"og:type\" content=\"article\" \/>\n<meta property=\"og:title\" content=\"Quelles conditions de ressources pour b\u00e9n\u00e9ficier de l&#039;APA ? | Mes-Allocs.fr\" \/>\n<meta property=\"og:description\" content=\"L&#039;APA est une allocation pour les personnes \u00e2g\u00e9es en perte d&#039;autonomie. Mes Allocs vous dit tout sur les conditions de ressources en 2026.\" \/>\n<meta property=\"og:url\" content=\"https:\/\/www.mes-allocs.fr\/guides\/aides-sante\/apa\/apa-conditions-de-ressources\/\" \/>\n<meta property=\"og:site_name\" content=\"Mes-Allocs.fr\" \/>\n<meta property=\"article:published_time\" content=\"2021-01-11T09:38:00+00:00\" \/>\n<meta property=\"article:modified_time\" content=\"2026-03-24T16:56:40+00:00\" \/>\n<meta property=\"og:image\" content=\"https:\/\/www.mes-allocs.fr\/guides\/wp-content\/uploads\/2020\/12\/pexels-matthias-zomer-339620-2-e1609265418799.jpg?wsr\" \/>\n\t<meta property=\"og:image:width\" content=\"1280\" \/>\n\t<meta property=\"og:image:height\" content=\"460\" \/>\n<meta name=\"twitter:card\" content=\"summary_large_image\" \/>\n<script type=\"application\/ld+json\" class=\"yoast-schema-graph\">{\"@context\":\"https:\/\/schema.org\",\"@graph\":[{\"@type\":\"WebSite\",\"@id\":\"https:\/\/www.mes-allocs.fr\/guides\/#website\",\"url\":\"https:\/\/www.mes-allocs.fr\/guides\/\",\"name\":\"Mes-Allocs.fr\",\"description\":\"\",\"potentialAction\":[{\"@type\":\"SearchAction\",\"target\":\"https:\/\/www.mes-allocs.fr\/guides\/?s={search_term_string}\",\"query-input\":\"required name=search_term_string\"}],\"inLanguage\":\"fr-FR\"},{\"@type\":\"ImageObject\",\"@id\":\"https:\/\/www.mes-allocs.fr\/guides\/aides-sante\/apa\/apa-conditions-de-ressources\/#primaryimage\",\"inLanguage\":\"fr-FR\",\"url\":\"https:\/\/www.mes-allocs.fr\/guides\/wp-content\/uploads\/2020\/12\/pexels-matthias-zomer-339620-2-e1609265418799.jpg?wsr\",\"width\":1280,\"height\":460,\"caption\":\"pexels matthias zomer 339620 2 e1609265418799\"},{\"@type\":\"WebPage\",\"@id\":\"https:\/\/www.mes-allocs.fr\/guides\/aides-sante\/apa\/apa-conditions-de-ressources\/#webpage\",\"url\":\"https:\/\/www.mes-allocs.fr\/guides\/aides-sante\/apa\/apa-conditions-de-ressources\/\",\"name\":\"Quelles conditions de ressources pour b\\u00e9n\\u00e9ficier de l'APA ? | Mes-Allocs.fr\",\"isPartOf\":{\"@id\":\"https:\/\/www.mes-allocs.fr\/guides\/#website\"},\"primaryImageOfPage\":{\"@id\":\"https:\/\/www.mes-allocs.fr\/guides\/aides-sante\/apa\/apa-conditions-de-ressources\/#primaryimage\"},\"datePublished\":\"2021-01-11T09:38:00+00:00\",\"dateModified\":\"2026-03-24T16:56:40+00:00\",\"author\":{\"@id\":\"https:\/\/www.mes-allocs.fr\/guides\/#\/schema\/person\/8d47b912c0ad15f379df96b4e4e33f58\"},\"description\":\"L'APA est une allocation pour les personnes \\u00e2g\\u00e9es en perte d'autonomie. Mes Allocs vous dit tout sur les conditions de ressources en 2026.\",\"inLanguage\":\"fr-FR\"},{\"@type\":\"Person\",\"@id\":\"https:\/\/www.mes-allocs.fr\/guides\/#\/schema\/person\/8d47b912c0ad15f379df96b4e4e33f58\",\"name\":\"Constance de Cagny\",\"image\":{\"@type\":\"ImageObject\",\"@id\":\"https:\/\/www.mes-allocs.fr\/guides\/#personlogo\",\"inLanguage\":\"fr-FR\",\"url\":\"https:\/\/www.mes-allocs.fr\/guides\/wp-content\/uploads\/2021\/06\/Constance.2e8ee0b.png\",\"caption\":\"Constance de Cagny\"},\"description\":\"Constance est r\\u00e9dactrice au sein de l'\\u00e9quipe Mes Allocs. Elle a l'habitude d'\\u00e9crire sur les sujets conso, bons plans et \\u00e9conomies. Dipl\\u00f4m\\u00e9e de l'ENACO, elle rejoint Mes Allocs apr\\u00e8s une premi\\u00e8re exp\\u00e9rience en cabinet notarial.\",\"sameAs\":[\"https:\/\/www.linkedin.com\/in\/constance-de-cagny-mayeur-bbb414135\"]}]}<\/script>\n<!-- \/ Yoast SEO plugin. -->","amp_validity":null,"acf":{"faq":{"1":{"question":"Est-ce que les revenus sont pris en compte dans le calcul de l'APA ?","answer":"Oui tout \u00e0 fait, vos ressources ainsi que celles de votre conjoint sont prises en compte dans le calcul de l'APA."},"2":{"question":"Qui a le droit \u00e0 l'APA ?","answer":"Pour b\u00e9n\u00e9ficier de l'APA, il faut : \u00eatre \u00e2g\u00e9 de 60 ans ou plus, r\u00e9sider en France de fa\u00e7on stable et r\u00e9guli\u00e8re, \u00eatre en perte d'autonomie, c'est-\u00e0-dire avoir un degr\u00e9 de perte d'autonomie \u00e9valu\u00e9 comme relevant du GIR 1, 2, 3 ou 4 par une \u00e9quipe de professionnels du conseil d\u00e9partemental."},"3":{"question":"Comment calculer l'APA \u00e0 domicile ?","answer":"Le montant de l'APA est \u00e9gal au montant du plan d'aide diminu\u00e9 d'une participation \u00e9ventuelle, appel\u00e9e ticket mod\u00e9rateur, laiss\u00e9e \u00e0 la charge de l'assur\u00e9 et calcul\u00e9e en fonction de ses ressources."},"4":{"question":"Comment utiliser l'APA ?","answer":"L'APA est une allocation vers\u00e9e par le conseil d\u00e9partemental destin\u00e9e aux personnes \u00e2g\u00e9es de 60 ans et plus en perte d'autonomie."},"5":{"question":"Qu'est-ce que l'APA en Ehpad ?","answer":"En maison de retraite, l'Apa est est une aide aux personnes \u00e2g\u00e9es d\u00e9pendantes dont l'objectif est de payer une partie du forfait d\u00e9pendance. Elle est vers\u00e9e mensuellement, soit \u00e0 la personne en perte d'autonomie, soit directement \u00e0 l'\u00e9tablissement d'h\u00e9bergement pour personne \u00e2g\u00e9e."},"6":{"question":"","answer":""},"7":{"question":"","answer":""},"8":{"question":"","answer":""},"9":{"question":"","answer":""},"10":{"question":"","answer":""},"11":{"question":"","answer":""},"12":{"question":"","answer":""},"13":{"question":"","answer":""},"14":{"question":"","answer":""},"15":{"question":"","answer":""},"16":{"question":"","answer":""}}},"_links":{"self":[{"href":"https:\/\/www.mes-allocs.fr\/guides\/wp-json\/wp\/v2\/posts\/17226","targetHints":{"allow":["GET"]}}],"collection":[{"href":"https:\/\/www.mes-allocs.fr\/guides\/wp-json\/wp\/v2\/posts"}],"about":[{"href":"https:\/\/www.mes-allocs.fr\/guides\/wp-json\/wp\/v2\/types\/post"}],"author":[{"embeddable":true,"href":"https:\/\/www.mes-allocs.fr\/guides\/wp-json\/wp\/v2\/users\/10"}],"replies":[{"embeddable":true,"href":"https:\/\/www.mes-allocs.fr\/guides\/wp-json\/wp\/v2\/comments?post=17226"}],"version-history":[{"count":15,"href":"https:\/\/www.mes-allocs.fr\/guides\/wp-json\/wp\/v2\/posts\/17226\/revisions"}],"predecessor-version":[{"id":110944,"href":"https:\/\/www.mes-allocs.fr\/guides\/wp-json\/wp\/v2\/posts\/17226\/revisions\/110944"}],"wp:featuredmedia":[{"embeddable":true,"href":"https:\/\/www.mes-allocs.fr\/guides\/wp-json\/wp\/v2\/media\/17234"}],"wp:attachment":[{"href":"https:\/\/www.mes-allocs.fr\/guides\/wp-json\/wp\/v2\/media?parent=17226"}],"wp:term":[{"taxonomy":"category","embeddable":true,"href":"https:\/\/www.mes-allocs.fr\/guides\/wp-json\/wp\/v2\/categories?post=17226"},{"taxonomy":"post_tag","embeddable":true,"href":"https:\/\/www.mes-allocs.fr\/guides\/wp-json\/wp\/v2\/tags?post=17226"}],"curies":[{"name":"wp","href":"https:\/\/api.w.org\/{rel}","templated":true}]}}