{"id":17134,"date":"2020-12-04T10:14:52","date_gmt":"2020-12-04T10:14:52","guid":{"rendered":"https:\/\/www.mes-allocs.fr\/guides\/?p=17134"},"modified":"2025-06-20T12:40:38","modified_gmt":"2025-06-20T10:40:38","slug":"difference-entre-rsa-allocation-solidarite-specifique","status":"publish","type":"post","link":"https:\/\/www.mes-allocs.fr\/guides\/chomage\/allocation-de-solidarite-specifique\/difference-entre-rsa-allocation-solidarite-specifique\/","title":{"rendered":"Diff\u00e9rence entre le RSA et l&rsquo;allocation de solidarit\u00e9 sp\u00e9cifique"},"content":{"rendered":"<p><a href=\"https:\/\/www.mes-allocs.fr\/guides\/wp-content\/uploads\/2020\/12\/pexels-josh-willink-853408-1.jpg\"><img loading=\"lazy\" decoding=\"async\" class=\"alignnone wp-image-17140 size-full\" title=\"Quelle diff\u00e9rence entre le RSA et l'allocation de solidarit\u00e9 sp\u00e9cifique ?\" src=\"https:\/\/www.mes-allocs.fr\/guides\/wp-content\/uploads\/2020\/12\/pexels-josh-willink-853408-1-e1608766411178.jpg\" alt=\"Quelle diff\u00e9rence entre le RSA et l'allocation de solidarit\u00e9 sp\u00e9cifique ?\" width=\"1280\" height=\"329\" srcset=\"https:\/\/www.mes-allocs.fr\/guides\/wp-content\/uploads\/2020\/12\/pexels-josh-willink-853408-1-e1608766411178.jpg 1280w, https:\/\/www.mes-allocs.fr\/guides\/wp-content\/uploads\/2020\/12\/pexels-josh-willink-853408-1-e1608766411178-300x77.jpg 300w, https:\/\/www.mes-allocs.fr\/guides\/wp-content\/uploads\/2020\/12\/pexels-josh-willink-853408-1-e1608766411178-1024x263.jpg 1024w, https:\/\/www.mes-allocs.fr\/guides\/wp-content\/uploads\/2020\/12\/pexels-josh-willink-853408-1-e1608766411178-768x197.jpg 768w, https:\/\/www.mes-allocs.fr\/guides\/wp-content\/uploads\/2020\/12\/pexels-josh-willink-853408-1-e1608766411178-600x154.jpg 600w\" sizes=\"auto, (max-width: 1280px) 100vw, 1280px\" \/><\/a><\/p>\n<p><strong>Le RSA et L&rsquo;ASS sont deux aides sociales. La premi\u00e8re offre une ressource aux familles avec peu de revenus et la seconde vient en aide aux demandeurs d&#8217;emploi. L&rsquo;ASS remplace l&rsquo;allocation ch\u00f4mage lorsque vous ne pouvez plus en b\u00e9n\u00e9ficier. Quelle diff\u00e9rence entre le RSA et l&rsquo; <a href=\"https:\/\/www.mes-allocs.fr\/guides\/chomage\/allocation-de-solidarite-specifique\">allocation de solidarit\u00e9 sp\u00e9cifique<\/a> ?<\/strong><\/p>\n<div class='cta-block'><div class='text'>Simulez vos aides en 2 min.<\/div><a href='https:\/\/www.mes-allocs.fr\/ab-app?origin=guides\/wp-json\/wp\/v2\/posts\/17134' class='app-button fit'>Simulation gratuite<\/a><\/div>\n<h1>L&rsquo;Allocation de solidarit\u00e9 sp\u00e9cifique<\/h1>\n<h2>Qu&rsquo;est-ce que l&rsquo;Allocation de solidarit\u00e9 sp\u00e9cifique (ASS) ?<\/h2>\n<p><a href=\"https:\/\/www.mes-allocs.fr\/guides\/chomage\/allocation-de-solidarite-specifique\">L&rsquo;Allocation de solidarit\u00e9 sp\u00e9cifique<\/a> est accord\u00e9e aux personnes qui ont \u00e9puis\u00e9 leurs droits \u00e0 l&rsquo;ARE (Allocation d&rsquo;Aide au retour \u00e0 l&rsquo;Emploi). Cette allocation est vers\u00e9e par <strong>P\u00f4le emploi<\/strong>.<\/p>\n<p>L&rsquo;ASS varie en fonction de vos ressources (versement de l\u2019ASS \u00e0 taux plein ou \u00e0 taux diff\u00e9rentiel). Pour b\u00e9n\u00e9ficier de l&rsquo; Allocation de solidarit\u00e9 sp\u00e9cifique, vous devez respecter les conditions d&rsquo;obtention de celle-ci :<\/p>\n<ul>\n<li>\u00catre apte au travail ;<\/li>\n<li>\u00catre demandeur d&rsquo; emploi ou cr\u00e9er\/reprendre une entreprise ;<\/li>\n<li>Avoir \u00e9puis\u00e9 vos droits \u00e0 l&rsquo;ARE ou \u00e0 la R\u00e9mun\u00e9ration de Fin de Formation (RFF) ;<\/li>\n<li>Avoir travaill\u00e9 au moins 5 ans (\u00e0 temps plein ou \u00e0 temps partiel) au cours des 10 ans avant la fin de votre dernier contrat de travail. Si vous avez arr\u00eat\u00e9 votre activit\u00e9 professionnelle pour \u00e9lever un enfant, les 5 ans sont r\u00e9duits d&rsquo; 1 an par enfant dans la limite de 3 ans. Toutes les p\u00e9riodes d&rsquo;activit\u00e9 sont prises en compte (CDD, CDI, contrat d&rsquo;int\u00e9rim, alternance, service national, formation professionnelle,&#8230;)\u00a0 ;<\/li>\n<li>Ne pas d\u00e9passer l&rsquo;\u00e2ge l\u00e9gal de d\u00e9part \u00e0 la retraite ;<\/li>\n<li>Ne pas d\u00e9passer le plafond de ressources mensuelles.<\/li>\n<\/ul>\n<p>Certaines cat\u00e9gories de demandeurs d&#8217;emploi peuvent demander l&rsquo;Allocation de solidarit\u00e9 sp\u00e9cifique. Ces cat\u00e9gories sont : les artistes non salari\u00e9s, les marins p\u00eacheurs, ou encore les ouvriers dockers occasionnels. L&rsquo;ASS leur sera vers\u00e9e tous les 6 mois renouvelables.<\/p>\n<p>Si vous avez 50 ans ou plus et que vous toucher l&rsquo;ARE, vous pouvez demander de percevoir l&rsquo; ASS si celle-ci lui vous est plus favorable.<\/p>\n<h2>Quelles sont les d\u00e9marches pour recevoir l&rsquo;ASS ?<\/h2>\n<p data-wp-editing=\"1\"><a href=\"https:\/\/www.mes-allocs.fr\/guides\/wp-content\/uploads\/2020\/12\/pexels-sora-shimazaki-5668869-1-1.jpg\"><img loading=\"lazy\" decoding=\"async\" class=\"alignleft wp-image-17145\" title=\"Quelles sont les d\u00e9marches pour recevoir l'ASS ?\" src=\"https:\/\/www.mes-allocs.fr\/guides\/wp-content\/uploads\/2020\/12\/pexels-sora-shimazaki-5668869-1-1-300x200.jpg\" alt=\"Quelles sont les d\u00e9marches pour recevoir l'ASS ?\" width=\"240\" height=\"160\" srcset=\"https:\/\/www.mes-allocs.fr\/guides\/wp-content\/uploads\/2020\/12\/pexels-sora-shimazaki-5668869-1-1-300x200.jpg 300w, https:\/\/www.mes-allocs.fr\/guides\/wp-content\/uploads\/2020\/12\/pexels-sora-shimazaki-5668869-1-1-1024x682.jpg 1024w, https:\/\/www.mes-allocs.fr\/guides\/wp-content\/uploads\/2020\/12\/pexels-sora-shimazaki-5668869-1-1-768x512.jpg 768w, https:\/\/www.mes-allocs.fr\/guides\/wp-content\/uploads\/2020\/12\/pexels-sora-shimazaki-5668869-1-1-600x400.jpg 600w, https:\/\/www.mes-allocs.fr\/guides\/wp-content\/uploads\/2020\/12\/pexels-sora-shimazaki-5668869-1-1.jpg 1280w\" sizes=\"auto, (max-width: 240px) 100vw, 240px\" \/><\/a>Une demande d\u2019allocation sp\u00e9cifique est envoy\u00e9e automatiquement 30 jours avant la fin de vos <a href=\"https:\/\/www.mes-allocs.fr\/guides\/chomage\/droit-au-chomage\">droits \u00e0 l&rsquo; allocation ch\u00f4mage<\/a> si vous \u00eates indemnis\u00e9 par P\u00f4le emploi. <strong>Il faudra remplir le dossier de demande d&rsquo;ASS qui vous sera envoy\u00e9<\/strong>. Si aucune demande automatique n&rsquo;a \u00e9t\u00e9 faite, vous pouvez faire une demande dans une agence P\u00f4le emploi. Il faut alors d\u00e9poser la demande compl\u00e9t\u00e9e et sign\u00e9e avec les justificatifs d\u2019activit\u00e9 avant la fin des droits \u00e0 l&rsquo;ARE pour \u00e9viter une rupture d\u2019indemnisation.<\/p>\n<p>&nbsp;<\/p>\n<p><strong>L&rsquo; ASS est vers\u00e9e sur une p\u00e9riode de 6 mois renouvelable<\/strong>. Lorsque vous \u00eates en fin de p\u00e9riode d&rsquo;indemnisation, P\u00f4le emploi vous envoie une demande de renouvellement automatiquement. Vous devrez la remplir et la corriger.<\/p>\n<p>&nbsp;<\/p>\n<h2>Quelle est votre protection sociale lorsque vous touchez l&rsquo;ASS ?<\/h2>\n<p>Si vous \u00eates malade, la s\u00e9curit\u00e9 sociale ou la MSA continuera \u00e0 vous rembourser , les frais m\u00e9dicaux, de pharmacie, d\u2019hospitalisation. La s\u00e9curit\u00e9 sociale calculera vos droits aux indemnit\u00e9s journali\u00e8res en cas d\u2019arr\u00eat maladie \u00e0 partir de vos anciens salaires.<\/p>\n<p>Si vous \u00eates enceinte, la s\u00e9curit\u00e9 sociale ou MSA calculera vos droits au cong\u00e9 maternit\u00e9.<\/p>\n<p>Si vous \u00eates proche de la retraite, les p\u00e9riodes de ch\u00f4mage indemnis\u00e9es en ASS comptent dans le calcul du nombre de trimestres valid\u00e9s pour la retraite.<\/p>\n<h1>Quel est le montant de l&rsquo;ASS ?<\/h1>\n<p>Le montant journalier de l&rsquo;ASS est de <b>19,33 <\/b><strong><span class=\"prix\">\u20ac<\/span> (579,90 <span class=\"prix\">\u20ac<\/span>\u00a0pour 1 mois de 30 jours).<\/strong><a href=\"https:\/\/www.mes-allocs.fr\/guides\/wp-content\/uploads\/2020\/12\/pexels-cottonbro-3943740-1.jpg\"><img loading=\"lazy\" decoding=\"async\" class=\"alignright wp-image-17143 \" title=\"Quel est le montant de l'ASS ?\" src=\"https:\/\/www.mes-allocs.fr\/guides\/wp-content\/uploads\/2020\/12\/pexels-cottonbro-3943740-1-683x1024.jpg\" alt=\"Quel est le montant de l'ASS ?\" width=\"212\" height=\"318\" srcset=\"https:\/\/www.mes-allocs.fr\/guides\/wp-content\/uploads\/2020\/12\/pexels-cottonbro-3943740-1-683x1024.jpg 683w, https:\/\/www.mes-allocs.fr\/guides\/wp-content\/uploads\/2020\/12\/pexels-cottonbro-3943740-1-200x300.jpg 200w, https:\/\/www.mes-allocs.fr\/guides\/wp-content\/uploads\/2020\/12\/pexels-cottonbro-3943740-1-768x1152.jpg 768w, https:\/\/www.mes-allocs.fr\/guides\/wp-content\/uploads\/2020\/12\/pexels-cottonbro-3943740-1-1024x1536.jpg 1024w, https:\/\/www.mes-allocs.fr\/guides\/wp-content\/uploads\/2020\/12\/pexels-cottonbro-3943740-1-400x600.jpg 400w, https:\/\/www.mes-allocs.fr\/guides\/wp-content\/uploads\/2020\/12\/pexels-cottonbro-3943740-1.jpg 1280w\" sizes=\"auto, (max-width: 212px) 100vw, 212px\" \/><\/a><\/p>\n<p>Les types de ressources qui sont prises en compte pour le calcul du montant de l&rsquo;ASS sont :<\/p>\n<ul>\n<li>Les ressources mensuelles ;<\/li>\n<li>D&rsquo;autres ressources comme les revenus des valeurs et capitaux mobiliers, les revenus fonciers ;<\/li>\n<li>Le montant de la pension alimentaire si vous en \u00eates b\u00e9n\u00e9ficiaire.<\/li>\n<\/ul>\n<p>Pour recevoir l&rsquo;ASS, vos ressources mensuelles ne doivent pas d\u00e9passer :<\/p>\n<ul>\n<li><strong>1 353,10 \u20ac si vous \u00eates seul<\/strong> ;<\/li>\n<li><span class=\"prix\"><strong>2 126,30 \u20ac si vous \u00eates en couple<\/strong> ( mariage, Pacs ou concubinage).<\/span><\/li>\n<\/ul>\n<h2>Vous \u00eates sans emploi<\/h2>\n<p><strong>Si vous \u00eates sans emploi et que vous \u00eates seul, le montant de l&rsquo;Allocation de solidarit\u00e9 sp\u00e9cifique se calcule ainsi :<\/strong><\/p>\n<p style=\"text-align: justify;\">\n<div class=\"wpdt-c row wpDataTableContainerSimpleTable wpDataTables wpDataTablesWrapper\n\"\n    >\n    <table id=\"wpdtSimpleTable-290\"\n           class=\"wpdtSimpleTable wpDataTable\"\n           data-column=\"2\"\n           data-rows=\"4\"\n           data-wpID=\"290\"\n           data-responsive=\"0\"\n           data-has-header=\"0\">\n\n                    <tbody>        <tr class=\"wpdt-cell-row \" >\n                            <td class=\"wpdt-cell wpdt-bold wpdt-fs-000016 wpdt-bc-FFFFFF\"\n                                    data-cell-id=\"A1\"\n                data-col-index=\"0\"\n                data-row-index=\"0\"\n                style=\" width:50%;                padding:10px;\"\n                >\n                                Ressources mensuelles                <\/td>\n                                            <td class=\"wpdt-cell wpdt-bold wpdt-fs-000016 wpdt-bc-FFFFFF\"\n                                    data-cell-id=\"B1\"\n                data-col-index=\"1\"\n                data-row-index=\"0\"\n                style=\" width:50%;                padding:10px;\"\n                >\n                                Montant mensuel de l'ASS                <\/td>\n                                        <\/tr>\n                            <tr class=\"wpdt-cell-row \" >\n                            <td class=\"wpdt-cell \"\n                                    data-cell-id=\"A2\"\n                data-col-index=\"0\"\n                data-row-index=\"1\"\n                style=\"                padding:10px;\"\n                >\n                                Moins de 773,20 \u20ac                <\/td>\n                                            <td class=\"wpdt-cell \"\n                                    data-cell-id=\"B2\"\n                data-col-index=\"1\"\n                data-row-index=\"1\"\n                style=\"                padding:10px;\"\n                >\n                                579,90 \u20ac                <\/td>\n                                        <\/tr>\n                            <tr class=\"wpdt-cell-row \" >\n                            <td class=\"wpdt-cell \"\n                                    data-cell-id=\"A3\"\n                data-col-index=\"0\"\n                data-row-index=\"2\"\n                style=\"                padding:10px;\"\n                >\n                                De 773,20 \u20ac \u00e0 1 353,10 \u20ac                <\/td>\n                                            <td class=\"wpdt-cell \"\n                                    data-cell-id=\"B3\"\n                data-col-index=\"1\"\n                data-row-index=\"2\"\n                style=\"                padding:10px;\"\n                >\n                                1 353,10 \u20ac (avant d\u00e9duction du montant de vos ressources)                <\/td>\n                                        <\/tr>\n                            <tr class=\"wpdt-cell-row \" >\n                            <td class=\"wpdt-cell \"\n                                    data-cell-id=\"A4\"\n                data-col-index=\"0\"\n                data-row-index=\"3\"\n                style=\"                padding:10px;\"\n                >\n                                Sup\u00e9rieures \u00e0 1 353,10 \u20ac                <\/td>\n                                            <td class=\"wpdt-cell \"\n                                    data-cell-id=\"B4\"\n                data-col-index=\"1\"\n                data-row-index=\"3\"\n                style=\"                padding:10px;\"\n                >\n                                Non \u00e9ligible au versement de l'ASS                <\/td>\n                                        <\/tr>\n                    <\/table>\n<\/div><style id='wpdt-custom-style-290'>\n.wpdt-fs-000016 { font-size: 16px !important;}\n.wpdt-bc-FFFFFF { background-color: #FFFFFF !important;}\n<\/style>\n<\/p>\n<p><strong>Si vous \u00eates sans emploi et que vous \u00eates en couple, le montant de votre ASS se calcule ainsi :<\/strong><\/p>\n<p style=\"text-align: justify;\">\n<div class=\"wpdt-c row wpDataTableContainerSimpleTable wpDataTables wpDataTablesWrapper\n\"\n    >\n    <table id=\"wpdtSimpleTable-291\"\n           class=\"wpdtSimpleTable wpDataTable\"\n           data-column=\"2\"\n           data-rows=\"4\"\n           data-wpID=\"291\"\n           data-responsive=\"0\"\n           data-has-header=\"0\">\n\n                    <tbody>        <tr class=\"wpdt-cell-row \" >\n                            <td class=\"wpdt-cell wpdt-bold wpdt-fs-000016 wpdt-bc-FFFFFF\"\n                                    data-cell-id=\"A1\"\n                data-col-index=\"0\"\n                data-row-index=\"0\"\n                style=\" width:50%;                padding:10px;\"\n                >\n                                Ressources mensuelles                <\/td>\n                                            <td class=\"wpdt-cell wpdt-bold wpdt-fs-000016 wpdt-bc-FFFFFF\"\n                                    data-cell-id=\"B1\"\n                data-col-index=\"1\"\n                data-row-index=\"0\"\n                style=\" width:50%;                padding:10px;\"\n                >\n                                Montant mensuel de l'ASS                <\/td>\n                                        <\/tr>\n                            <tr class=\"wpdt-cell-row \" >\n                            <td class=\"wpdt-cell \"\n                                    data-cell-id=\"A2\"\n                data-col-index=\"0\"\n                data-row-index=\"1\"\n                style=\"                padding:10px;\"\n                >\n                                Moins de 1 546,40 \u20ac                <\/td>\n                                            <td class=\"wpdt-cell \"\n                                    data-cell-id=\"B2\"\n                data-col-index=\"1\"\n                data-row-index=\"1\"\n                style=\"                padding:10px;\"\n                >\n                                579,90 \u20ac                <\/td>\n                                        <\/tr>\n                            <tr class=\"wpdt-cell-row \" >\n                            <td class=\"wpdt-cell \"\n                                    data-cell-id=\"A3\"\n                data-col-index=\"0\"\n                data-row-index=\"2\"\n                style=\"                padding:10px;\"\n                >\n                                De 1 546,40 \u20ac \u00e0 2 126,30 \u20ac                <\/td>\n                                            <td class=\"wpdt-cell \"\n                                    data-cell-id=\"B3\"\n                data-col-index=\"1\"\n                data-row-index=\"2\"\n                style=\"                padding:10px;\"\n                >\n                                2 126,30 \u20ac (avant d\u00e9duction du montant de vos ressources)                <\/td>\n                                        <\/tr>\n                            <tr class=\"wpdt-cell-row \" >\n                            <td class=\"wpdt-cell \"\n                                    data-cell-id=\"A4\"\n                data-col-index=\"0\"\n                data-row-index=\"3\"\n                style=\"                padding:10px;\"\n                >\n                                Sup\u00e9rieures \u00e0 2 126,30 \u20ac                <\/td>\n                                            <td class=\"wpdt-cell \"\n                                    data-cell-id=\"B4\"\n                data-col-index=\"1\"\n                data-row-index=\"3\"\n                style=\"                padding:10px;\"\n                >\n                                Non \u00e9ligible au versement de l'ASS                <\/td>\n                                        <\/tr>\n                    <\/table>\n<\/div><style id='wpdt-custom-style-291'>\n.wpdt-fs-000016 { font-size: 16px !important;}\n.wpdt-bc-FFFFFF { background-color: #FFFFFF !important;}\n<\/style>\n<\/p>\n<div class='cta-block'><div class='text'>Simulez toutes vos aides en 2 min.<\/div><a href='https:\/\/www.mes-allocs.fr\/ab-app?origin=guides\/wp-json\/wp\/v2\/posts\/17134' class='app-button fit'>Simulation gratuite<\/a><\/div>\n<h2>Vous travaillez<\/h2>\n<p>Depuis le 1er septembre 2017, avec le d\u00e9cret n 2017-826, il existe de nouvelles r\u00e8gles de cumul de l\u2019allocation de solidarit\u00e9 sp\u00e9cifique (ASS) avec les r\u00e9mun\u00e9rations de reprise d&rsquo; activit\u00e9.<\/p>\n<p><strong>Selon le code du travail, les personnes b\u00e9n\u00e9ficiant de l\u2019ASS qui reprennent une activit\u00e9 professionnelle (salari\u00e9e ou non salari\u00e9e) peuvent cumuler leur r\u00e9mun\u00e9ration avec leur allocation pendant trois mois (cons\u00e9cutifs ou non)<\/strong>. Ces nouvelles r\u00e8gles concernent toutes les personnes qui b\u00e9n\u00e9ficient de l&rsquo;ASS.<\/p>\n<p>Apr\u00e8s les trois mois de cumul, le versement de l\u2019ASS est arr\u00eat\u00e9 si l\u2019int\u00e9ress\u00e9 poursuit son activit\u00e9. Les demandeurs d\u2019emploi qui ne peuvent plus b\u00e9n\u00e9ficier de l&rsquo;ASS auront un acc\u00e8s facilit\u00e9 \u00e0 la prime d\u2019activit\u00e9, s&rsquo;ils remplissent les conditions d\u2019attribution.<\/p>\n<p>Si vous exercez une activit\u00e9 professionnelle ou suivez une formation r\u00e9mun\u00e9r\u00e9e rien n&#8217;emp\u00eache la reprise du versement de l\u2019ASS.<\/p>\n<p><iframe loading=\"lazy\" title=\"L&#039;ASS\" width=\"500\" height=\"281\" src=\"https:\/\/www.youtube.com\/embed\/QAulvUZqyHk?feature=oembed\" frameborder=\"0\" allow=\"accelerometer; autoplay; clipboard-write; encrypted-media; gyroscope; picture-in-picture; web-share\" referrerpolicy=\"strict-origin-when-cross-origin\" allowfullscreen><\/iframe><\/p>\n<h1>Le RSA<\/h1>\n<h2>Qu&rsquo;est-ce que le RSA et peut-on le cumuler avec l&rsquo;ASS ?<\/h2>\n<p>Le Revenu de solidarit\u00e9 active (RSA) peut vous \u00eatre vers\u00e9 si vous remplissez des conditions de ressources. Cette aide permet aux personnes \u00e0 revenus faibles d&rsquo;avoir un minimum de ressources.<\/p>\n<p>Vous pouvez cumuler l&rsquo; ASS (Allocation de solidarit\u00e9 sp\u00e9cifique) avec le RSA. Cependant, le montant du RSA sera r\u00e9duit en fonction du montant de l&rsquo;ASS. Vous pouvez faire une demande de RSA aupr\u00e8s de la CAF.<\/p>\n<h2>Quelles sont les conditions pour toucher le RSA ?<\/h2>\n<p>Vous pouvez b\u00e9n\u00e9ficier du RSA si vous respectez les conditions suivantes :<a href=\"https:\/\/www.mes-allocs.fr\/guides\/wp-content\/uploads\/2020\/12\/pexels-agung-pandit-wiguna-1128318-1.jpg\"><img loading=\"lazy\" decoding=\"async\" class=\"alignright wp-image-17144 size-medium\" title=\"Quelles sont les conditions pour toucher le RSA ?\" src=\"https:\/\/www.mes-allocs.fr\/guides\/wp-content\/uploads\/2020\/12\/pexels-agung-pandit-wiguna-1128318-1-300x237.jpg\" alt=\"Quelles sont les conditions pour toucher le RSA ?\" width=\"300\" height=\"237\" srcset=\"https:\/\/www.mes-allocs.fr\/guides\/wp-content\/uploads\/2020\/12\/pexels-agung-pandit-wiguna-1128318-1-300x237.jpg 300w, https:\/\/www.mes-allocs.fr\/guides\/wp-content\/uploads\/2020\/12\/pexels-agung-pandit-wiguna-1128318-1-1024x810.jpg 1024w, https:\/\/www.mes-allocs.fr\/guides\/wp-content\/uploads\/2020\/12\/pexels-agung-pandit-wiguna-1128318-1-768x607.jpg 768w, https:\/\/www.mes-allocs.fr\/guides\/wp-content\/uploads\/2020\/12\/pexels-agung-pandit-wiguna-1128318-1-600x474.jpg 600w, https:\/\/www.mes-allocs.fr\/guides\/wp-content\/uploads\/2020\/12\/pexels-agung-pandit-wiguna-1128318-1.jpg 1280w\" sizes=\"auto, (max-width: 300px) 100vw, 300px\" \/><\/a><\/p>\n<ul id=\"d1007e22\">\n<li>Vous avez plus de 25 ans. Il n\u2019y a pas de condition d\u2019\u00e2ge si vous \u00eates enceinte et si vous avez d\u00e9j\u00e0 au moins un enfant \u00e0 charge.<\/li>\n<\/ul>\n<ul id=\"d1246e27\">\n<li>Si vous avez entre 18 et 25 ans, sans enfant, vous devez avoir exerc\u00e9 une activit\u00e9 professionnelle \u00e0 temps plein durant au moins 2 ans sur les 3 derni\u00e8res ann\u00e9es. Les activit\u00e9s professionnelles peuvent \u00eatre salari\u00e9es ou non salari\u00e9es, ou des heures d&rsquo;activit\u00e9 accomplies pendant les p\u00e9riodes de ch\u00f4mage ou dans le cadre d&rsquo;un contrat de volontariat dans les arm\u00e9es.<\/li>\n<\/ul>\n<ul id=\"d1246e30\">\n<li>Vous habitez en France de fa\u00e7on stable.<\/li>\n<\/ul>\n<ul id=\"d1246e54\">\n<li>Vous \u00eates fran\u00e7ais ou citoyen de l\u2019Espace \u00e9conomique europ\u00e9en\u00a0ou Suisse et vous justifiez d\u2019un droit au s\u00e9jour, ou vous \u00eates citoyen d\u2019un autre pays et vous s\u00e9journez en France de fa\u00e7on r\u00e9guli\u00e8re depuis au moins 5 ans (sauf cas particuliers).<\/li>\n<li>Les ressources mensuelles moyennes de votre foyer pendant les 3 mois pr\u00e9c\u00e9dant votre demande ne doivent pas d\u00e9passer un certain montant maximal de RSA.<\/li>\n<li>Vous devez avoir fait valoir vos droits pour les autres prestations sociales (allocation ch\u00f4mage, retraite\u2026) auxquelles vous pouvez pr\u00e9tendre.<\/li>\n<\/ul>\n<p>Dans certaines conditions, vous ne pourrez pas toucher le RSA (sauf si vous \u00eates un parent isol\u00e9) :<\/p>\n<ul id=\"d1246e54\">\n<li>\u00a0vous \u00eates en cong\u00e9 parental, sabbatique, sans solde ou si vous \u00eates en disponibilit\u00e9 ;<\/li>\n<li>vous \u00eates \u00e9tudiant et que vous ne percevez pas un revenu d&rsquo;activit\u00e9 au moins \u00e9gal \u00e0 500 euros par mois.<\/li>\n<\/ul>\n<h2>Comment est calcul\u00e9 le RSA ?<\/h2>\n<p>Le montant de l&rsquo;allocation est \u00e9gal \u00e0 la diff\u00e9rence entre le montant maximal de RSA et la moyenne mensuelle de vos ressources. Les ressources prisent en compte sont :<\/p>\n<ul>\n<li>les revenus d&rsquo;activit\u00e9 per\u00e7us par l&rsquo;ensemble des membres du foyer lors du trimestre pr\u00e9c\u00e9dent ;<\/li>\n<li>les ressources du foyer per\u00e7ues lors du trimestre pr\u00e9c\u00e9dent (pensions alimentaires, rentes, ch\u00f4mage, allocations).<\/li>\n<\/ul>\n<p>Le RSA est calcul\u00e9 de la mani\u00e8re suivante : RSA<strong>\u00a0= (montant forfaitaire) \u2013 (autres ressources du foyer + forfait logement)<\/strong><\/p>\n<p id=\"d1007e98\">Les aides au logement sont prises en compte de fa\u00e7on forfaitaire. Si vous percevez une aide au logement ou si vous n\u2019avez pas de charge de logement, votre RSA sera r\u00e9duit de :<\/p>\n<ul id=\"d1121e148\">\n<li>77,58 euros pour une personne seule.<\/li>\n<li>155,16 euros\u00a0 pour 2 personnes.<\/li>\n<li>192,02 euros\u00a0 pour 3 personnes ou plus.<\/li>\n<\/ul>\n<p>Le montant forfaitaire est calcul\u00e9 en fonction de la composition du foyer.<\/p>\n\n<div class=\"wpdt-c row wpDataTableContainerSimpleTable wpDataTables wpDataTablesWrapper\n\"\n    >\n    <table id=\"wpdtSimpleTable-3\"\n           class=\"wpdtSimpleTable wpDataTable\"\n           data-column=\"2\"\n           data-rows=\"5\"\n           data-wpID=\"3\"\n           data-responsive=\"0\"\n           data-has-header=\"1\">\n\n                    <thead>        <tr class=\"wpdt-cell-row \" >\n                            <th class=\"wpdt-cell wpdt-bc-F3F9FE wpdt-bold\"\n                                    data-cell-id=\"A1\"\n                data-col-index=\"0\"\n                data-row-index=\"0\"\n                style=\" width:48.571428571429%;                padding:10px;\"\n                >\n                                Situation familiale                <\/th>\n                                            <th class=\"wpdt-cell wpdt-bc-F3F9FE wpdt-bold\"\n                                    data-cell-id=\"B1\"\n                data-col-index=\"1\"\n                data-row-index=\"0\"\n                style=\" width:51.428571428571%;                padding:10px;\"\n                >\n                                Montant pour une personne seule avant d\u00e9duction du forfait logement                <\/th>\n                                        <\/tr>\n                    <tbody>        <tr class=\"wpdt-cell-row \" >\n                            <td class=\"wpdt-cell \"\n                                    data-cell-id=\"A2\"\n                data-col-index=\"0\"\n                data-row-index=\"1\"\n                style=\"                padding:10px;\"\n                >\n                                Personne seule sans enfant                <\/td>\n                                            <td class=\"wpdt-cell \"\n                                    data-cell-id=\"B2\"\n                data-col-index=\"1\"\n                data-row-index=\"1\"\n                style=\"                padding:10px;\"\n                >\n                                651,69 \u20ac                <\/td>\n                                        <\/tr>\n                            <tr class=\"wpdt-cell-row \" >\n                            <td class=\"wpdt-cell \"\n                                    data-cell-id=\"A3\"\n                data-col-index=\"0\"\n                data-row-index=\"2\"\n                style=\"                padding:10px;\"\n                >\n                                Personne seule avec 1 enfant                <\/td>\n                                            <td class=\"wpdt-cell \"\n                                    data-cell-id=\"B3\"\n                data-col-index=\"1\"\n                data-row-index=\"2\"\n                style=\"                padding:10px;\"\n                >\n                                977,54 \u20ac                <\/td>\n                                        <\/tr>\n                            <tr class=\"wpdt-cell-row \" >\n                            <td class=\"wpdt-cell \"\n                                    data-cell-id=\"A4\"\n                data-col-index=\"0\"\n                data-row-index=\"3\"\n                style=\"                padding:10px;\"\n                >\n                                Personne seule avec 2 enfants                <\/td>\n                                            <td class=\"wpdt-cell \"\n                                    data-cell-id=\"B4\"\n                data-col-index=\"1\"\n                data-row-index=\"3\"\n                style=\"                padding:10px;\"\n                >\n                                1 173,05 \u20ac                <\/td>\n                                        <\/tr>\n                            <tr class=\"wpdt-cell-row \" >\n                            <td class=\"wpdt-cell \"\n                                    data-cell-id=\"A5\"\n                data-col-index=\"0\"\n                data-row-index=\"4\"\n                style=\"                padding:10px;\"\n                >\n                                Par enfant suppl\u00e9mentaire                <\/td>\n                                            <td class=\"wpdt-cell \"\n                                    data-cell-id=\"B5\"\n                data-col-index=\"1\"\n                data-row-index=\"4\"\n                style=\"                padding:10px;\"\n                >\n                                + 260,68 \u20ac                <\/td>\n                                        <\/tr>\n                    <\/table>\n<\/div><style id='wpdt-custom-style-3'>\ntable#wpdtSimpleTable-3{ table-layout: fixed !important; }\n.wpdt-bc-F3F9FE { background-color: #F3F9FE !important;}\n<\/style>\n\n\n<div class=\"wpdt-c row wpDataTableContainerSimpleTable wpDataTables wpDataTablesWrapper\n\"\n    >\n    <table id=\"wpdtSimpleTable-4\"\n           class=\"wpdtSimpleTable wpDataTable\"\n           data-column=\"2\"\n           data-rows=\"5\"\n           data-wpID=\"4\"\n           data-responsive=\"0\"\n           data-has-header=\"1\">\n\n                    <thead>        <tr class=\"wpdt-cell-row \" >\n                            <th class=\"wpdt-cell wpdt-bc-F3F9FE wpdt-bold\"\n                                    data-cell-id=\"A1\"\n                data-col-index=\"0\"\n                data-row-index=\"0\"\n                style=\" width:48.571428571429%;                padding:10px;\"\n                >\n                                Situation familiale                <\/th>\n                                            <th class=\"wpdt-cell wpdt-bc-F3F9FE wpdt-bold\"\n                                    data-cell-id=\"B1\"\n                data-col-index=\"1\"\n                data-row-index=\"0\"\n                style=\" width:51.428571428571%;                padding:10px;\"\n                >\n                                Montant pour un couple avant d\u00e9duction du forfait logement                <\/th>\n                                        <\/tr>\n                    <tbody>        <tr class=\"wpdt-cell-row \" >\n                            <td class=\"wpdt-cell \"\n                                    data-cell-id=\"A2\"\n                data-col-index=\"0\"\n                data-row-index=\"1\"\n                style=\"                padding:10px;\"\n                >\n                                Couple sans enfant                <\/td>\n                                            <td class=\"wpdt-cell \"\n                                    data-cell-id=\"B2\"\n                data-col-index=\"1\"\n                data-row-index=\"1\"\n                style=\"                padding:10px;\"\n                >\n                                977,54 \u20ac                <\/td>\n                                        <\/tr>\n                            <tr class=\"wpdt-cell-row \" >\n                            <td class=\"wpdt-cell \"\n                                    data-cell-id=\"A3\"\n                data-col-index=\"0\"\n                data-row-index=\"2\"\n                style=\"                padding:10px;\"\n                >\n                                Couple avec 1 enfant                <\/td>\n                                            <td class=\"wpdt-cell \"\n                                    data-cell-id=\"B3\"\n                data-col-index=\"1\"\n                data-row-index=\"2\"\n                style=\"                padding:10px;\"\n                >\n                                1 173,05 \u20ac                <\/td>\n                                        <\/tr>\n                            <tr class=\"wpdt-cell-row \" >\n                            <td class=\"wpdt-cell \"\n                                    data-cell-id=\"A4\"\n                data-col-index=\"0\"\n                data-row-index=\"3\"\n                style=\"                padding:10px;\"\n                >\n                                Couple avec 2 enfants                <\/td>\n                                            <td class=\"wpdt-cell \"\n                                    data-cell-id=\"B4\"\n                data-col-index=\"1\"\n                data-row-index=\"3\"\n                style=\"                padding:10px;\"\n                >\n                                1 368,56 \u20ac                <\/td>\n                                        <\/tr>\n                            <tr class=\"wpdt-cell-row \" >\n                            <td class=\"wpdt-cell \"\n                                    data-cell-id=\"A5\"\n                data-col-index=\"0\"\n                data-row-index=\"4\"\n                style=\"                padding:10px;\"\n                >\n                                Par enfant suppl\u00e9mentaire                <\/td>\n                                            <td class=\"wpdt-cell \"\n                                    data-cell-id=\"B5\"\n                data-col-index=\"1\"\n                data-row-index=\"4\"\n                style=\"                padding:10px;\"\n                >\n                                + 260,68 \u20ac                <\/td>\n                                        <\/tr>\n                    <\/table>\n<\/div><style id='wpdt-custom-style-4'>\ntable#wpdtSimpleTable-4{ table-layout: fixed !important; }\ntable#wpdtSimpleTable-4 td, table.wpdtSimpleTable4 th { white-space: normal !important; }\n.wpdt-bc-F3F9FE { background-color: #F3F9FE !important;}\n<\/style>\n\n<div class='cta-block'><div class='text'>Simulez toutes vos aides en 2 min.<\/div><a href='https:\/\/www.mes-allocs.fr\/ab-app?origin=guides\/wp-json\/wp\/v2\/posts\/17134' class='app-button fit'>Simulation gratuite<\/a><\/div>\n","protected":false},"excerpt":{"rendered":"<p>Le RSA et L&rsquo;ASS sont deux aides sociales. La premi\u00e8re offre une ressource aux familles avec peu de revenus et la seconde vient en aide aux demandeurs d&#8217;emploi. L&rsquo;ASS remplace l&rsquo;allocation ch\u00f4mage lorsque vous ne pouvez plus en b\u00e9n\u00e9ficier. Quelle diff\u00e9rence entre le RSA et l&rsquo; allocation de solidarit\u00e9 sp\u00e9cifique ? L&rsquo;Allocation de solidarit\u00e9 sp\u00e9cifique [&hellip;]<\/p>\n","protected":false},"author":6,"featured_media":17140,"comment_status":"open","ping_status":"open","sticky":false,"template":"","format":"standard","meta":{"amp_status":"","footnotes":""},"categories":[3736,2989],"tags":[],"class_list":["post-17134","post","type-post","status-publish","format-standard","has-post-thumbnail","hentry","category-allocation-de-solidarite-specifique","category-chomage"],"yoast_head":"<!-- This site is optimized with the Yoast SEO plugin v14.9 - https:\/\/yoast.com\/wordpress\/plugins\/seo\/ -->\n<title>Diff\u00e9rence entre le RSA et l&#039;allocation de solidarit\u00e9 sp\u00e9cifique<\/title>\n<meta name=\"description\" content=\"Le RSA et L&#039;ASS sont deux aides sociales. Quelle diff\u00e9rence entre le RSA et l&#039;allocation de solidarit\u00e9 sp\u00e9cifique ? Peut-on les cumuler ?\" \/>\n<meta name=\"robots\" content=\"index, follow, max-snippet:-1, max-image-preview:large, max-video-preview:-1\" \/>\n<link rel=\"canonical\" href=\"https:\/\/www.mes-allocs.fr\/guides\/chomage\/allocation-de-solidarite-specifique\/difference-entre-rsa-allocation-solidarite-specifique\/\" \/>\n<meta property=\"og:locale\" content=\"fr_FR\" \/>\n<meta property=\"og:type\" content=\"article\" \/>\n<meta property=\"og:title\" content=\"Diff\u00e9rence entre le RSA et l&#039;allocation de solidarit\u00e9 sp\u00e9cifique\" \/>\n<meta property=\"og:description\" content=\"Le RSA et L&#039;ASS sont deux aides sociales. Quelle diff\u00e9rence entre le RSA et l&#039;allocation de solidarit\u00e9 sp\u00e9cifique ? Peut-on les cumuler ?\" \/>\n<meta property=\"og:url\" content=\"https:\/\/www.mes-allocs.fr\/guides\/chomage\/allocation-de-solidarite-specifique\/difference-entre-rsa-allocation-solidarite-specifique\/\" \/>\n<meta property=\"og:site_name\" content=\"Mes-Allocs.fr\" \/>\n<meta property=\"article:published_time\" content=\"2020-12-04T10:14:52+00:00\" \/>\n<meta property=\"article:modified_time\" content=\"2025-06-20T10:40:38+00:00\" \/>\n<meta property=\"og:image\" content=\"https:\/\/www.mes-allocs.fr\/guides\/wp-content\/uploads\/2020\/12\/pexels-josh-willink-853408-1-e1608766411178.jpg?wsr\" \/>\n\t<meta property=\"og:image:width\" content=\"1280\" \/>\n\t<meta property=\"og:image:height\" content=\"329\" \/>\n<meta name=\"twitter:card\" content=\"summary_large_image\" \/>\n<script type=\"application\/ld+json\" class=\"yoast-schema-graph\">{\"@context\":\"https:\/\/schema.org\",\"@graph\":[{\"@type\":\"WebSite\",\"@id\":\"https:\/\/www.mes-allocs.fr\/guides\/#website\",\"url\":\"https:\/\/www.mes-allocs.fr\/guides\/\",\"name\":\"Mes-Allocs.fr\",\"description\":\"\",\"potentialAction\":[{\"@type\":\"SearchAction\",\"target\":\"https:\/\/www.mes-allocs.fr\/guides\/?s={search_term_string}\",\"query-input\":\"required name=search_term_string\"}],\"inLanguage\":\"fr-FR\"},{\"@type\":\"ImageObject\",\"@id\":\"https:\/\/www.mes-allocs.fr\/guides\/chomage\/allocation-de-solidarite-specifique\/difference-entre-rsa-allocation-solidarite-specifique\/#primaryimage\",\"inLanguage\":\"fr-FR\",\"url\":\"https:\/\/www.mes-allocs.fr\/guides\/wp-content\/uploads\/2020\/12\/pexels-josh-willink-853408-1-e1608766411178.jpg?wsr\",\"width\":1280,\"height\":329,\"caption\":\"pexels josh willink 853408 1 e1608766411178\"},{\"@type\":\"WebPage\",\"@id\":\"https:\/\/www.mes-allocs.fr\/guides\/chomage\/allocation-de-solidarite-specifique\/difference-entre-rsa-allocation-solidarite-specifique\/#webpage\",\"url\":\"https:\/\/www.mes-allocs.fr\/guides\/chomage\/allocation-de-solidarite-specifique\/difference-entre-rsa-allocation-solidarite-specifique\/\",\"name\":\"Diff\\u00e9rence entre le RSA et l'allocation de solidarit\\u00e9 sp\\u00e9cifique\",\"isPartOf\":{\"@id\":\"https:\/\/www.mes-allocs.fr\/guides\/#website\"},\"primaryImageOfPage\":{\"@id\":\"https:\/\/www.mes-allocs.fr\/guides\/chomage\/allocation-de-solidarite-specifique\/difference-entre-rsa-allocation-solidarite-specifique\/#primaryimage\"},\"datePublished\":\"2020-12-04T10:14:52+00:00\",\"dateModified\":\"2025-06-20T10:40:38+00:00\",\"author\":{\"@id\":\"https:\/\/www.mes-allocs.fr\/guides\/#\/schema\/person\/0ecd61a8600573914d00d970a588c024\"},\"description\":\"Le RSA et L'ASS sont deux aides sociales. Quelle diff\\u00e9rence entre le RSA et l'allocation de solidarit\\u00e9 sp\\u00e9cifique ? Peut-on les cumuler ?\",\"inLanguage\":\"fr-FR\"},{\"@type\":\"Person\",\"@id\":\"https:\/\/www.mes-allocs.fr\/guides\/#\/schema\/person\/0ecd61a8600573914d00d970a588c024\",\"name\":\"Jonathan\",\"image\":{\"@type\":\"ImageObject\",\"@id\":\"https:\/\/www.mes-allocs.fr\/guides\/#personlogo\",\"inLanguage\":\"fr-FR\",\"url\":\"https:\/\/www.mes-allocs.fr\/guides\/wp-content\/uploads\/2021\/06\/jonathan-150x150.png\",\"caption\":\"Jonathan\"},\"description\":\"Jonathan est r\\u00e9dacteur au sein de l'\\u00e9quipe Mes Allocs, sp\\u00e9cialis\\u00e9 sur les sujets li\\u00e9s au handicap. Dipl\\u00f4m\\u00e9e de l'UPEM, il rejoint Mes Allocs apr\\u00e8s avoir travaill\\u00e9 \\u00e0 l'association AEDE qui accompagne les adultes en situation de handicap. Quand il n'\\u00e9crit pas, on peut le retrouver sur un terrain de basket.\",\"sameAs\":[\"https:\/\/www.linkedin.com\/in\/jonathan-bambela-8637861b7\"]}]}<\/script>\n<!-- \/ Yoast SEO plugin. -->","amp_validity":null,"acf":{"faq":{"1":{"question":"Puis-je cumuler RSA et AAH ?","answer":"Vous pouvez cumuler l'AAH et le RSA si vous remplissez les conditions requises.\r\n<br> <a href=\"https:\/\/www.mes-allocs.fr\/guides\/pole-emploi\/allocation-de-solidarite-specifique\/quelle-difference-rsa-allocation-solidarite-specifique\/\">Lire la suite<\/a>\r\n\r\n\r\n"},"2":{"question":"Qui verse l'ASS ?","answer":"P\u00f4le emploi se charge de vous verser l'Allocation de solidarit\u00e9 sp\u00e9cifique.  "},"3":{"question":"Peut-on travailler et toucher l'ASS ?","answer":"Selon le code du travail, les personnes b\u00e9n\u00e9ficiant de l\u2019ASS qui reprennent une activit\u00e9 professionnelle (salari\u00e9e ou non salari\u00e9e) peuvent cumuler leur r\u00e9mun\u00e9ration avec leur allocation pendant trois mois (cons\u00e9cutifs ou non).\r\n<br> <a href=\"https:\/\/www.mes-allocs.fr\/guides\/pole-emploi\/allocation-de-solidarite-specifique\/quelle-difference-rsa-allocation-solidarite-specifique\/\">Lire la suite<\/a>\r\n\r\n"},"4":{"question":"Qui a droit \u00e0 l'allocation de solidarit\u00e9 sp\u00e9cifique ?","answer":"Vous avez droit \u00e0 l'allocation de solidarit\u00e9 sp\u00e9cifique si vous ne pouvez plus toucher l'ARE. Les droits \u00e0 cette allocation sont soumis \u00e0 des conditions de ressources.\r\n"},"5":{"question":"Comment est calcul\u00e9e l'allocation de solidarit\u00e9 sp\u00e9cifique ?","answer":"L'allocation de solidarit\u00e9 sp\u00e9cifique est calcul\u00e9e selon les ressources du demandeur.\r\n<br> <a href=\"https:\/\/www.mes-allocs.fr\/guides\/pole-emploi\/allocation-de-solidarite-specifique\/quelle-difference-rsa-allocation-solidarite-specifique\/\">Lire la suite<\/a>\r\n\r\n"},"6":{"question":"Quelles aides peut-on cumuler avec l'ASS ?","answer":"Vous pouvez cumuler l'ASS avec le RSA ou la pension d'invalidit\u00e9 si vous remplissez les conditions pour les obtenir. Depuis janvier 2017, il n'est plus possible de cumuler l'AAH et l'ASS."},"7":{"question":"","answer":""},"8":{"question":"","answer":""},"9":{"question":"","answer":""},"10":{"question":"","answer":""},"11":{"question":"","answer":""},"12":{"question":"","answer":""},"13":{"question":"","answer":""},"14":{"question":"","answer":""},"15":{"question":"","answer":""},"16":{"question":"","answer":""}}},"_links":{"self":[{"href":"https:\/\/www.mes-allocs.fr\/guides\/wp-json\/wp\/v2\/posts\/17134","targetHints":{"allow":["GET"]}}],"collection":[{"href":"https:\/\/www.mes-allocs.fr\/guides\/wp-json\/wp\/v2\/posts"}],"about":[{"href":"https:\/\/www.mes-allocs.fr\/guides\/wp-json\/wp\/v2\/types\/post"}],"author":[{"embeddable":true,"href":"https:\/\/www.mes-allocs.fr\/guides\/wp-json\/wp\/v2\/users\/6"}],"replies":[{"embeddable":true,"href":"https:\/\/www.mes-allocs.fr\/guides\/wp-json\/wp\/v2\/comments?post=17134"}],"version-history":[{"count":25,"href":"https:\/\/www.mes-allocs.fr\/guides\/wp-json\/wp\/v2\/posts\/17134\/revisions"}],"predecessor-version":[{"id":100917,"href":"https:\/\/www.mes-allocs.fr\/guides\/wp-json\/wp\/v2\/posts\/17134\/revisions\/100917"}],"wp:featuredmedia":[{"embeddable":true,"href":"https:\/\/www.mes-allocs.fr\/guides\/wp-json\/wp\/v2\/media\/17140"}],"wp:attachment":[{"href":"https:\/\/www.mes-allocs.fr\/guides\/wp-json\/wp\/v2\/media?parent=17134"}],"wp:term":[{"taxonomy":"category","embeddable":true,"href":"https:\/\/www.mes-allocs.fr\/guides\/wp-json\/wp\/v2\/categories?post=17134"},{"taxonomy":"post_tag","embeddable":true,"href":"https:\/\/www.mes-allocs.fr\/guides\/wp-json\/wp\/v2\/tags?post=17134"}],"curies":[{"name":"wp","href":"https:\/\/api.w.org\/{rel}","templated":true}]}}