{"id":17091,"date":"2020-12-30T04:05:51","date_gmt":"2020-12-30T04:05:51","guid":{"rendered":"https:\/\/www.mes-allocs.fr\/guides\/?p=17091"},"modified":"2026-03-24T18:21:11","modified_gmt":"2026-03-24T17:21:11","slug":"apa-a-domicile","status":"publish","type":"post","link":"https:\/\/www.mes-allocs.fr\/guides\/aides-sante\/apa\/apa-a-domicile\/","title":{"rendered":"APA \u00e0 domicile : quelles sont les conditions pour en b\u00e9n\u00e9ficier ?"},"content":{"rendered":"<p><a href=\"https:\/\/www.mes-allocs.fr\/guides\/wp-content\/uploads\/2020\/12\/pexels-andrea-piacquadio-3791664-1.jpg\"><img loading=\"lazy\" decoding=\"async\" class=\"aligncenter wp-image-17094 size-large\" src=\"https:\/\/www.mes-allocs.fr\/guides\/wp-content\/uploads\/2020\/12\/pexels-andrea-piacquadio-3791664-1-e1608640167808-1024x394.jpg\" alt=\"APA \u00e0 domicile : conditions pour en b\u00e9n\u00e9ficier\" width=\"1024\" height=\"394\" srcset=\"https:\/\/www.mes-allocs.fr\/guides\/wp-content\/uploads\/2020\/12\/pexels-andrea-piacquadio-3791664-1-e1608640167808-1024x394.jpg 1024w, https:\/\/www.mes-allocs.fr\/guides\/wp-content\/uploads\/2020\/12\/pexels-andrea-piacquadio-3791664-1-e1608640167808-300x115.jpg 300w, https:\/\/www.mes-allocs.fr\/guides\/wp-content\/uploads\/2020\/12\/pexels-andrea-piacquadio-3791664-1-e1608640167808-768x295.jpg 768w, https:\/\/www.mes-allocs.fr\/guides\/wp-content\/uploads\/2020\/12\/pexels-andrea-piacquadio-3791664-1-e1608640167808-600x231.jpg 600w, https:\/\/www.mes-allocs.fr\/guides\/wp-content\/uploads\/2020\/12\/pexels-andrea-piacquadio-3791664-1-e1608640167808.jpg 1280w\" sizes=\"auto, (max-width: 1024px) 100vw, 1024px\" \/><\/a><\/p>\n<p style=\"text-align: justify;\"><span style=\"font-size: 12pt;\">[Mis \u00e0 jour le 24\/03\/2026] <\/span>L&rsquo;APA est une allocation pour les personnes \u00e2g\u00e9es en perte d&rsquo; autonomie ne pouvant plus faire certains actes simples du quotidien. Cette allocation peut vous \u00eatre attribu\u00e9e si vous avez choisi le maintien \u00e0 domicile. Pour en b\u00e9n\u00e9ficier, votre taux d&rsquo;incapacit\u00e9 est calcul\u00e9 en fonction d&rsquo;une grille aggir. Mes Allocs vous explique tout sur l&rsquo;APA \u00e0 domicile.<\/p>\n<hr \/>\n<h1>Quelles sont les conditions pour b\u00e9n\u00e9ficier de l&rsquo;APA \u00e0 domicile ?<\/h1>\n<h3 class=\"amp-wp-7d27179\" data-amp-original-style=\"text-align: justify;\"><span id=\"Condition_dage\"><b>Condition d\u2019\u00e2ge<\/b><\/span><\/h3>\n<p class=\"amp-wp-7d27179\" style=\"text-align: justify;\" data-amp-original-style=\"text-align: justify;\"><span class=\"amp-wp-fe3f5cc\" data-amp-original-style=\"font-weight: 400;\">Vous devez \u00eatre \u00e2g\u00e9 d\u2019au moins 60 ans pour b\u00e9n\u00e9ficier du montant du plan d&rsquo;aide APA . Avant cet \u00e2ge, vous pouvez b\u00e9n\u00e9ficier d\u2019autres aides, comme l\u2019Allocation Adultes Handicap\u00e9s et l\u2019<\/span><span class=\"amp-wp-fe3f5cc\" data-amp-original-style=\"font-weight: 400;\">Aide Suppl\u00e9mentaire d\u2019Invalidit\u00e9<\/span><span class=\"amp-wp-fe3f5cc\" data-amp-original-style=\"font-weight: 400;\">, en cas de perte d\u2019autonomie ou de handicap.<\/span><span class=\"amp-wp-fe3f5cc\" data-amp-original-style=\"font-weight: 400;\">\u00a0<\/span><\/p>\n<h3 class=\"amp-wp-7d27179\" data-amp-original-style=\"text-align: justify;\"><span id=\"Condition_de_perte_dautonomie\"><b>Condition de perte d\u2019autonomie<\/b><span class=\"amp-wp-fe3f5cc\" data-amp-original-style=\"font-weight: 400;\">\u00a0<\/span><\/span><\/h3>\n<p class=\"amp-wp-7d27179\" data-amp-original-style=\"text-align: justify;\"><span class=\"amp-wp-fe3f5cc\" data-amp-original-style=\"font-weight: 400;\">Vous devez subir une perte d\u2019autonomie : vous devez avoir\u00a0<strong>besoin d\u2019assistance pour effectuer des actes de la vie courante<\/strong> ou votre \u00e9tat de sant\u00e9 n\u00e9cessite une surveillance constante, et\/ou une aide \u00e0 domicile.<\/span><\/p>\n<p class=\"amp-wp-7d27179\" data-amp-original-style=\"text-align: justify;\"><span class=\"amp-wp-fe3f5cc\" data-amp-original-style=\"font-weight: 400;\">Votre perte d\u2019autonomie se mesure \u00e0 l\u2019aide de la\u00a0<strong>grille Aggir<\/strong>. Cette derni\u00e8re \u00e9tablit plusieurs degr\u00e9 une perte d\u2019autonomie, allant du Gir 1 (perte la plus forte) au Gir 6 (perte la plus faible d\u2019autonomie).<\/span><\/p>\n<p class=\"amp-wp-7d27179\" data-amp-original-style=\"text-align: justify;\"><span class=\"amp-wp-fe3f5cc\" data-amp-original-style=\"font-weight: 400;\">Vous ne pouvez b\u00e9n\u00e9ficier de l\u2019APA seulement si vous relevez des Gir 1, 2, 3 et 4.<\/span><\/p>\n<p data-amp-original-style=\"text-align: justify;\"><div class='cta-block'><div class='text'>Simulez toutes vos aides en 2 min.<\/div><a href='https:\/\/www.mes-allocs.fr\/ab-app?origin=guides\/wp-json\/wp\/v2\/posts\/17091' class='app-button fit'>Simulation gratuite<\/a><\/div><\/p>\n<h1>Qu&rsquo;est-ce que l&rsquo;APA ?<\/h1>\n<p style=\"text-align: justify;\">L&rsquo;\u00a0<b>APA<\/b>\u00a0\u00e0 domicile est une aide\u00a0<b>affect\u00e9e \u00e0 la couverture<\/b>\u00a0des d\u00e9penses de toute nature (\u00e0 l&rsquo;exclusion des soins \u00e0 caract\u00e8re m\u00e9dical) figurant dans le plan d&rsquo;aide \u00e9labor\u00e9 par une \u00e9quipe m\u00e9dico-sociale.<\/p>\n<p style=\"text-align: justify;\">En\u00a0fonction\u00a0des\u00a0ressources, une participation vous sera demand\u00e9e.<\/p>\n<h3><span id=\"Qui_peut_en_beneficier\">Qui peut en b\u00e9n\u00e9ficier ?<\/span><\/h3>\n<p>Vous pouvez b\u00e9n\u00e9ficier de l\u2019APA pour une dur\u00e9e illimit\u00e9e. Les personnes suivantes peuvent en b\u00e9n\u00e9ficier :<\/p>\n<p>\u2022\u00a0Les personnes \u00e2g\u00e9es de 60 ans ou plus,\u00a0r\u00e9sidant de fa\u00e7on r\u00e9guli\u00e8re en France ou les personnes \u00e9trang\u00e8res s\u00e9journant l\u00e9galement en France.<\/p>\n<p>\u2022\u00a0Les personnes en perte d\u2019 autonomie en raison de leur \u00e9tat physique ou mental.<\/p>\n<p>\u2022\u00a0Les personnes ayant besoin d\u2019une aide\u00a0pour l\u2019accomplissement des actes essentiels de la vie, class\u00e9es en\u00a0GIR\u00a0de 1 \u00e0 4.<\/p>\n<p><iframe loading=\"lazy\" title=\"Tout Savoir sur les Aides Li\u00e9es \u00e0 la Sant\u00e9 !\" width=\"500\" height=\"281\" src=\"https:\/\/www.youtube.com\/embed\/pDAq1hv_k-4?feature=oembed\" frameborder=\"0\" allow=\"accelerometer; autoplay; clipboard-write; encrypted-media; gyroscope; picture-in-picture; web-share\" referrerpolicy=\"strict-origin-when-cross-origin\" allowfullscreen><\/iframe><\/p>\n<h2><span id=\"Methode_de_calcul_de_l_APA\">M\u00e9thode de calcul de l\u2019 APA<\/span><\/h2>\n<p>3 \u00e9l\u00e9ments sont pris en compte pour calculer le montant de l\u2019 APA :<\/p>\n<ul>\n<li>de vos revenus,<\/li>\n<li>du co\u00fbt des aides pr\u00e9vues dans votre plan d\u2019aide,<\/li>\n<li>de votre GIR.<\/li>\n<\/ul>\n<p>\u00c0 noter : L\u2019attribution de l\u2019APA n\u2019est pas soumise \u00e0 condition de ressources, mais au-del\u00e0 de 813,39 \u20ac de ressources mensuelles, vous devrez vous\u00a0 acquitte une participation progressive aux d\u00e9penses inscrites dans son plan d\u2019aide.<\/p>\n<p>Quel est le montant de l&rsquo;APA \u00e0 domicile ?<\/p>\n<h1><span id=\"Montant_maximum_de_lAPA_a_domicile\">Montant de l\u2019APA \u00e0 domicile<\/span><\/h1>\n<p>Le montant de l&rsquo;APA est \u00e9gal au montant du plan d&rsquo;aide diminu\u00e9 d&rsquo; une participation \u00e9ventuelle, appel\u00e9e ticket mod\u00e9rateur, laiss\u00e9 \u00e0 la charge de l&rsquo;assur\u00e9 et calcul\u00e9 en fonction de ses ressources.<\/p>\n<p>Le plan d\u2019aide de l\u2019APA est plafonn\u00e9 et le montant que vous allez percevoir ne peut pas d\u00e9passer le montant maximal qui est fix\u00e9 par la grille Aggir.<\/p>\n<p><strong>Au 1<sup>er<\/sup> janvier 2026, les montants maximaux des plans d\u2019aide sont fix\u00e9s \u00e0 :<\/strong><\/p>\n\n<div class=\"wpdt-c row wpDataTableContainerSimpleTable wpDataTables wpDataTablesWrapper\n\"\n    >\n    <table id=\"wpdtSimpleTable-281\"\n           class=\"wpdtSimpleTable wpDataTable\"\n           data-column=\"2\"\n           data-rows=\"5\"\n           data-wpID=\"281\"\n           data-responsive=\"0\"\n           data-has-header=\"0\">\n\n                    <tbody>        <tr class=\"wpdt-cell-row \" style=\"height:72px;\">\n                            <td class=\"wpdt-cell wpdt-bold wpdt-bc-F3F9FE\"\n                                    data-cell-id=\"A1\"\n                data-col-index=\"0\"\n                data-row-index=\"0\"\n                style=\" width:50%;                padding:10px;\"\n                >\n                                Gir                <\/td>\n                                            <td class=\"wpdt-cell wpdt-bold wpdt-bc-F3F9FE\"\n                                    data-cell-id=\"B1\"\n                data-col-index=\"1\"\n                data-row-index=\"0\"\n                style=\" width:50%;                padding:10px;\"\n                >\n                                Montant mensuel maximum                <\/td>\n                                        <\/tr>\n                            <tr class=\"wpdt-cell-row \" >\n                            <td class=\"wpdt-cell \"\n                                    data-cell-id=\"A2\"\n                data-col-index=\"0\"\n                data-row-index=\"1\"\n                style=\"                padding:10px;\"\n                >\n                                Gir 1                <\/td>\n                                            <td class=\"wpdt-cell \"\n                                    data-cell-id=\"B2\"\n                data-col-index=\"1\"\n                data-row-index=\"1\"\n                style=\"                padding:10px;\"\n                >\n                                2 080,33 \u20ac                <\/td>\n                                        <\/tr>\n                            <tr class=\"wpdt-cell-row \" >\n                            <td class=\"wpdt-cell \"\n                                    data-cell-id=\"A3\"\n                data-col-index=\"0\"\n                data-row-index=\"2\"\n                style=\"                padding:10px;\"\n                >\n                                Gir 2                <\/td>\n                                            <td class=\"wpdt-cell \"\n                                    data-cell-id=\"B3\"\n                data-col-index=\"1\"\n                data-row-index=\"2\"\n                style=\"                padding:10px;\"\n                >\n                                1 682,30 \u20ac                <\/td>\n                                        <\/tr>\n                            <tr class=\"wpdt-cell-row \" >\n                            <td class=\"wpdt-cell \"\n                                    data-cell-id=\"A4\"\n                data-col-index=\"0\"\n                data-row-index=\"3\"\n                style=\"                padding:10px;\"\n                >\n                                Gir 3                <\/td>\n                                            <td class=\"wpdt-cell \"\n                                    data-cell-id=\"B4\"\n                data-col-index=\"1\"\n                data-row-index=\"3\"\n                style=\"                padding:10px;\"\n                >\n                                1 215,99 \u20ac                <\/td>\n                                        <\/tr>\n                            <tr class=\"wpdt-cell-row \" >\n                            <td class=\"wpdt-cell \"\n                                    data-cell-id=\"A5\"\n                data-col-index=\"0\"\n                data-row-index=\"4\"\n                style=\"                padding:10px;\"\n                >\n                                Gir 4                <\/td>\n                                            <td class=\"wpdt-cell \"\n                                    data-cell-id=\"B5\"\n                data-col-index=\"1\"\n                data-row-index=\"4\"\n                style=\"                padding:10px;\"\n                >\n                                811,52 \u20ac                <\/td>\n                                        <\/tr>\n                    <\/table>\n<\/div><style id='wpdt-custom-style-281'>\n.wpdt-bc-F3F9FE { background-color: #F3F9FE !important;}\n<\/style>\n\n<div class='cta-block'><div class='text'>Simulez toutes vos aides en 2 min.<\/div><a href='https:\/\/www.mes-allocs.fr\/ab-app?origin=guides\/wp-json\/wp\/v2\/posts\/17091' class='app-button fit'>Simulation gratuite<\/a><\/div>\n<h1>Comment faire une demande APA<\/h1>\n<p><strong>Pour b\u00e9n\u00e9ficier de cette prise en charge, vous avez plusieurs possibilit\u00e9s, \u00e0 savoir :<\/strong><\/p>\n<p>\u2022 Vous adresser \u00e0 l\u2019assistante sociale de votre commune par le biais du CCAS.<br \/>\n\u2022 Retirer directement un dossier aupr\u00e8s des services du d\u00e9partement ou sur leur site internet.<br \/>\n\u2022 Vous procurer un dossier de demande d\u2019APA aupr\u00e8s du secr\u00e9tariat de\u00a0l\u2019EHPAD\u00a0de votre choix.<\/p>\n<p><strong>Dans votre dossier, vous devrez fournir plusieurs pi\u00e8ces justificatives, si votre dossier est incomplet, vos droits ne pourront pas \u00eatre examin\u00e9s.<\/strong><\/p>\n<p>\u2022\u00a0<strong>La carte d\u2019identit\u00e9<\/strong>, la photocopie de votre livret de famille, du passeport ou d\u2019un extrait d\u2019acte de naissance ou la photocopie de votre titre de s\u00e9jour (si vous \u00eates \u00e9tranger non europ\u00e9en).<br \/>\n\u2022\u00a0<strong>La photocopie de l\u2019 avis d\u2019imposition\u00a0<\/strong>ou de non-imposition, et si vous \u00eates propri\u00e9taire, la photocopie de son dernier avis d\u2019imposition de taxe fonci\u00e8re sur les propri\u00e9t\u00e9s b\u00e2ties et non b\u00e2ties.<br \/>\n\u2022\u00a0<strong>Un relev\u00e9 d\u2019identit\u00e9 bancaire<\/strong>\u00a0(RIB) ou postal.<\/p>\n<p>D\u00e8s que votre dossier est complet, vous devrez l\u2019envoyer au Conseil D\u00e9partemental qui dispose de dix jours pour accuser r\u00e9ception et d\u2019un mois pour vous adresser \u00e0 domicile une \u00e9quipe m\u00e9dico-sociale charg\u00e9e d\u2019\u00e9valuer vos besoins sp\u00e9cifiques mais \u00e9galement ceux des proches aidant.<\/p>\n<h1>Niveaux des GIR<\/h1>\n<p>C\u2019est \u00e0 partir des GIR que sont d\u00e9termin\u00e9s les tarifs de d\u00e9pendance.<\/p>\n<p><strong>Les 6 Groupes Iso-Ressources (GIR)<\/strong><\/p>\n<p><strong>GIR 1\u00a0:<\/strong>\u00a0Ce sont des personnes tr\u00e8s d\u00e9pendantes tant au niveau physique que psychologique et qui n\u00e9cessitent une assistance permanente.<\/p>\n<p><strong>GIR 2\u00a0:<\/strong>\u00a0Il s\u2019agit de personnes \u00e2g\u00e9es physiquement d\u00e9pendantes mais tout \u00e0 fait lucides, ou bien physiquement ind\u00e9pendantes mais d\u00e9s\u00e9quilibr\u00e9es.<\/p>\n<p><strong>GIR 3\u00a0:\u00a0<\/strong>Ces personnes sont lucides mais en partie d\u00e9pendantes. Elles n\u00e9cessitent une aide plusieurs fois par jour.<\/p>\n<p><strong>GIR 4\u00a0:<\/strong>\u00a0Ces personnes \u00e2g\u00e9es doivent \u00eatre assist\u00e9es pour leurs d\u00e9placements et parfois pour les soins corporels (toilette, habillement) et les repas.<\/p>\n<p><strong>GIR 5\u00a0:<\/strong>\u00a0Il s\u2019agit de personnes \u00e2g\u00e9es relativement autonomes qui doivent \u00eatre assist\u00e9es de fa\u00e7on ponctuelle pour les repas, le m\u00e9nage ou la toilette.<\/p>\n<p><strong>GIR 6\u00a0:<\/strong>\u00a0Ce sont des personnes qui sont autonomes pour effectuer les actes essentiels de la vie courante.<\/p>\n<div class='cta-block'><div class='text'>Simulez toutes vos aides en 2 min.<\/div><a href='https:\/\/www.mes-allocs.fr\/ab-app?origin=guides\/wp-json\/wp\/v2\/posts\/17091' class='app-button fit'>Simulation gratuite<\/a><\/div>\n","protected":false},"excerpt":{"rendered":"<p>[Mis \u00e0 jour le 24\/03\/2026] L&rsquo;APA est une allocation pour les personnes \u00e2g\u00e9es en perte d&rsquo; autonomie ne pouvant plus faire certains actes simples du quotidien. Cette allocation peut vous \u00eatre attribu\u00e9e si vous avez choisi le maintien \u00e0 domicile. Pour en b\u00e9n\u00e9ficier, votre taux d&rsquo;incapacit\u00e9 est calcul\u00e9 en fonction d&rsquo;une grille aggir. Mes Allocs [&hellip;]<\/p>\n","protected":false},"author":10,"featured_media":17094,"comment_status":"open","ping_status":"open","sticky":false,"template":"","format":"standard","meta":{"amp_status":"","footnotes":""},"categories":[24,3000],"tags":[],"class_list":["post-17091","post","type-post","status-publish","format-standard","has-post-thumbnail","hentry","category-aides-sante","category-apa"],"yoast_head":"<!-- This site is optimized with the Yoast SEO plugin v14.9 - https:\/\/yoast.com\/wordpress\/plugins\/seo\/ -->\n<title>APA \u00e0 domicile : quelles sont les conditions pour en b\u00e9n\u00e9ficier ?<\/title>\n<meta name=\"description\" content=\"L&#039;APA est une allocation pour les personnes \u00e2g\u00e9es. Un certain nombre de conditions sont \u00e0 respecter pour l&#039;APA \u00e0 domicile. Explication.\" \/>\n<meta name=\"robots\" content=\"index, follow, max-snippet:-1, max-image-preview:large, max-video-preview:-1\" \/>\n<link rel=\"canonical\" href=\"https:\/\/www.mes-allocs.fr\/guides\/aides-sante\/apa\/apa-a-domicile\/\" \/>\n<meta property=\"og:locale\" content=\"fr_FR\" \/>\n<meta property=\"og:type\" content=\"article\" \/>\n<meta property=\"og:title\" content=\"APA \u00e0 domicile : quelles sont les conditions pour en b\u00e9n\u00e9ficier ?\" \/>\n<meta property=\"og:description\" content=\"L&#039;APA est une allocation pour les personnes \u00e2g\u00e9es. Un certain nombre de conditions sont \u00e0 respecter pour l&#039;APA \u00e0 domicile. Explication.\" \/>\n<meta property=\"og:url\" content=\"https:\/\/www.mes-allocs.fr\/guides\/aides-sante\/apa\/apa-a-domicile\/\" \/>\n<meta property=\"og:site_name\" content=\"Mes-Allocs.fr\" \/>\n<meta property=\"article:published_time\" content=\"2020-12-30T04:05:51+00:00\" \/>\n<meta property=\"article:modified_time\" content=\"2026-03-24T17:21:11+00:00\" \/>\n<meta property=\"og:image\" content=\"https:\/\/www.mes-allocs.fr\/guides\/wp-content\/uploads\/2020\/12\/pexels-andrea-piacquadio-3791664-1-e1608640167808.jpg?wsr\" \/>\n\t<meta property=\"og:image:width\" content=\"1280\" \/>\n\t<meta property=\"og:image:height\" content=\"492\" \/>\n<meta name=\"twitter:card\" content=\"summary_large_image\" \/>\n<script type=\"application\/ld+json\" class=\"yoast-schema-graph\">{\"@context\":\"https:\/\/schema.org\",\"@graph\":[{\"@type\":\"WebSite\",\"@id\":\"https:\/\/www.mes-allocs.fr\/guides\/#website\",\"url\":\"https:\/\/www.mes-allocs.fr\/guides\/\",\"name\":\"Mes-Allocs.fr\",\"description\":\"\",\"potentialAction\":[{\"@type\":\"SearchAction\",\"target\":\"https:\/\/www.mes-allocs.fr\/guides\/?s={search_term_string}\",\"query-input\":\"required name=search_term_string\"}],\"inLanguage\":\"fr-FR\"},{\"@type\":\"ImageObject\",\"@id\":\"https:\/\/www.mes-allocs.fr\/guides\/aides-sante\/apa\/apa-a-domicile\/#primaryimage\",\"inLanguage\":\"fr-FR\",\"url\":\"https:\/\/www.mes-allocs.fr\/guides\/wp-content\/uploads\/2020\/12\/pexels-andrea-piacquadio-3791664-1-e1608640167808.jpg?wsr\",\"width\":1280,\"height\":492,\"caption\":\"pexels andrea piacquadio 3791664 1 e1608640167808\"},{\"@type\":\"WebPage\",\"@id\":\"https:\/\/www.mes-allocs.fr\/guides\/aides-sante\/apa\/apa-a-domicile\/#webpage\",\"url\":\"https:\/\/www.mes-allocs.fr\/guides\/aides-sante\/apa\/apa-a-domicile\/\",\"name\":\"APA \\u00e0 domicile : quelles sont les conditions pour en b\\u00e9n\\u00e9ficier ?\",\"isPartOf\":{\"@id\":\"https:\/\/www.mes-allocs.fr\/guides\/#website\"},\"primaryImageOfPage\":{\"@id\":\"https:\/\/www.mes-allocs.fr\/guides\/aides-sante\/apa\/apa-a-domicile\/#primaryimage\"},\"datePublished\":\"2020-12-30T04:05:51+00:00\",\"dateModified\":\"2026-03-24T17:21:11+00:00\",\"author\":{\"@id\":\"https:\/\/www.mes-allocs.fr\/guides\/#\/schema\/person\/8d47b912c0ad15f379df96b4e4e33f58\"},\"description\":\"L'APA est une allocation pour les personnes \\u00e2g\\u00e9es. Un certain nombre de conditions sont \\u00e0 respecter pour l'APA \\u00e0 domicile. Explication.\",\"inLanguage\":\"fr-FR\"},{\"@type\":\"Person\",\"@id\":\"https:\/\/www.mes-allocs.fr\/guides\/#\/schema\/person\/8d47b912c0ad15f379df96b4e4e33f58\",\"name\":\"Constance de Cagny\",\"image\":{\"@type\":\"ImageObject\",\"@id\":\"https:\/\/www.mes-allocs.fr\/guides\/#personlogo\",\"inLanguage\":\"fr-FR\",\"url\":\"https:\/\/www.mes-allocs.fr\/guides\/wp-content\/uploads\/2021\/06\/Constance.2e8ee0b.png\",\"caption\":\"Constance de Cagny\"},\"description\":\"Constance est r\\u00e9dactrice au sein de l'\\u00e9quipe Mes Allocs. Elle a l'habitude d'\\u00e9crire sur les sujets conso, bons plans et \\u00e9conomies. Dipl\\u00f4m\\u00e9e de l'ENACO, elle rejoint Mes Allocs apr\\u00e8s une premi\\u00e8re exp\\u00e9rience en cabinet notarial.\",\"sameAs\":[\"https:\/\/www.linkedin.com\/in\/constance-de-cagny-mayeur-bbb414135\"]}]}<\/script>\n<!-- \/ Yoast SEO plugin. -->","amp_validity":null,"acf":{"faq":{"1":{"question":"Quelles sont les conditions pour b\u00e9n\u00e9ficier de l'APA ?","answer":"Pour faire valoir vos droits \u00e0 l'APA, vous devez :\r\n\u00eatre \u00e2g\u00e9 de 60 ans ou plus,\r\nr\u00e9sider en France de fa\u00e7on stable et r\u00e9guli\u00e8re,\r\n\u00eatre en perte d'autonomie, c'est-\u00e0-dire avoir un degr\u00e9 de perte d'autonomie \u00e9valu\u00e9 comme relevant du GIR 1, 2, 3 ou 4 par une \u00e9quipe de professionnels du conseil d\u00e9partemental."},"2":{"question":"Quel est le montant de l'APA ?","answer":" l'APA est attribu\u00e9e \u00e0 titre provisoire pour un montant forfaitaire jusqu'\u00e0 l'expiration du d\u00e9lai de deux mois pr\u00e9vu pour l'instruction de la demande. Le montant de l'APA est alors fix\u00e9 \u00e0 50 % de l'allocation maximale attribu\u00e9e en GIR 1."},"3":{"question":"Comment fonctionne l'APA \u00e0 domicile ?","answer":"Ainsi, l'APA \u00e0 domicile est affect\u00e9e \u00e0 la couverture des d\u00e9penses figurant dans le plan d'aide. Le montant de l'APA \u00e0 domicile est \u00e9gal au montant du plan d'aide diminu\u00e9 d'une participation \u00e9ventuelle, appel\u00e9e ticket mod\u00e9rateur, laiss\u00e9e \u00e0 la charge de l'assur\u00e9 et calcul\u00e9e en fonction de ses ressources."},"4":{"question":"Qu'est-ce que GIR 2 ?","answer":"Le GIR 2. Comprend deux cat\u00e9gories de personnes \u00e2g\u00e9es : Celles qui sont confin\u00e9es au lit ou au fauteuil, dont les fonctions intellectuelles ne sont pas totalement alt\u00e9r\u00e9es et dont l'\u00e9tat n\u00e9cessite une prise en charge pour la plupart des activit\u00e9s de la vie courante.\r\n"},"5":{"question":"Comment est calcul\u00e9 le GIR ?","answer":"GIR 1\tPr\u00e9sence continue n\u00e9cessaire\r\nGIR 2\tAssistance requise dans la plupart des activit\u00e9s de la vie quotidienne ou surveillance permanente\t\r\nGIR 3\tAide pour les soins corporels, plusieurs fois par jour\t\r\nGIR 4\tAide pour la toilette et l\u2019habillage, ou aide pour les soins corporels et les repas\r\nGIR 5\tAide ponctuelle pour la toilette, la pr\u00e9paration des repas et le m\u00e9nage\t\r\nGIR 6\tPersonne autonome"},"6":{"question":"Quelle est la Dur\u00e9e de l\u2019APA ?","answer":"L'APA n'est pas vers\u00e9e pour une dur\u00e9e limit\u00e9e mais elle est soumise \u00e0 des r\u00e9visions tous les trois ans. Pour continuer \u00e0 la percevoir, le b\u00e9n\u00e9ficiaire doit en effet justifier des frais qu'il a r\u00e9gl\u00e9s gr\u00e2ce \u00e0 cette allocation au Conseil D\u00e9partemental. "},"7":{"question":"","answer":""},"8":{"question":"","answer":""},"9":{"question":"","answer":""},"10":{"question":"","answer":""},"11":{"question":"","answer":""},"12":{"question":"","answer":""},"13":{"question":"","answer":""},"14":{"question":"","answer":""},"15":{"question":"","answer":""},"16":{"question":"","answer":""}}},"_links":{"self":[{"href":"https:\/\/www.mes-allocs.fr\/guides\/wp-json\/wp\/v2\/posts\/17091","targetHints":{"allow":["GET"]}}],"collection":[{"href":"https:\/\/www.mes-allocs.fr\/guides\/wp-json\/wp\/v2\/posts"}],"about":[{"href":"https:\/\/www.mes-allocs.fr\/guides\/wp-json\/wp\/v2\/types\/post"}],"author":[{"embeddable":true,"href":"https:\/\/www.mes-allocs.fr\/guides\/wp-json\/wp\/v2\/users\/10"}],"replies":[{"embeddable":true,"href":"https:\/\/www.mes-allocs.fr\/guides\/wp-json\/wp\/v2\/comments?post=17091"}],"version-history":[{"count":13,"href":"https:\/\/www.mes-allocs.fr\/guides\/wp-json\/wp\/v2\/posts\/17091\/revisions"}],"predecessor-version":[{"id":110961,"href":"https:\/\/www.mes-allocs.fr\/guides\/wp-json\/wp\/v2\/posts\/17091\/revisions\/110961"}],"wp:featuredmedia":[{"embeddable":true,"href":"https:\/\/www.mes-allocs.fr\/guides\/wp-json\/wp\/v2\/media\/17094"}],"wp:attachment":[{"href":"https:\/\/www.mes-allocs.fr\/guides\/wp-json\/wp\/v2\/media?parent=17091"}],"wp:term":[{"taxonomy":"category","embeddable":true,"href":"https:\/\/www.mes-allocs.fr\/guides\/wp-json\/wp\/v2\/categories?post=17091"},{"taxonomy":"post_tag","embeddable":true,"href":"https:\/\/www.mes-allocs.fr\/guides\/wp-json\/wp\/v2\/tags?post=17091"}],"curies":[{"name":"wp","href":"https:\/\/api.w.org\/{rel}","templated":true}]}}