{"id":17082,"date":"2020-12-30T04:05:51","date_gmt":"2020-12-30T04:05:51","guid":{"rendered":"https:\/\/www.mes-allocs.fr\/guides\/?p=17082"},"modified":"2026-03-24T18:17:39","modified_gmt":"2026-03-24T17:17:39","slug":"apa-en-ehpad","status":"publish","type":"post","link":"https:\/\/www.mes-allocs.fr\/guides\/aides-sante\/apa\/apa-en-ehpad\/","title":{"rendered":"APA en EHPAD : comment en b\u00e9n\u00e9ficier ?"},"content":{"rendered":"<p><a href=\"https:\/\/www.mes-allocs.fr\/guides\/wp-content\/uploads\/2020\/12\/pexels-andrea-piacquadio-3831187.jpg\"><img loading=\"lazy\" decoding=\"async\" class=\"aligncenter wp-image-17085 size-large\" src=\"https:\/\/www.mes-allocs.fr\/guides\/wp-content\/uploads\/2020\/12\/pexels-andrea-piacquadio-3831187-e1608631251902-1024x368.jpg\" alt=\"APA en ehpad : comment en b\u00e9n\u00e9ficier ?\" width=\"1024\" height=\"368\" srcset=\"https:\/\/www.mes-allocs.fr\/guides\/wp-content\/uploads\/2020\/12\/pexels-andrea-piacquadio-3831187-e1608631251902-1024x368.jpg 1024w, https:\/\/www.mes-allocs.fr\/guides\/wp-content\/uploads\/2020\/12\/pexels-andrea-piacquadio-3831187-e1608631251902-300x108.jpg 300w, https:\/\/www.mes-allocs.fr\/guides\/wp-content\/uploads\/2020\/12\/pexels-andrea-piacquadio-3831187-e1608631251902-768x276.jpg 768w, https:\/\/www.mes-allocs.fr\/guides\/wp-content\/uploads\/2020\/12\/pexels-andrea-piacquadio-3831187-e1608631251902-600x216.jpg 600w, https:\/\/www.mes-allocs.fr\/guides\/wp-content\/uploads\/2020\/12\/pexels-andrea-piacquadio-3831187-e1608631251902.jpg 1280w\" sizes=\"auto, (max-width: 1024px) 100vw, 1024px\" \/><\/a><\/p>\n<p style=\"text-align: justify;\"><span style=\"font-size: 12pt;\">[Mis \u00e0 jour le 24\/03\/2026] <\/span>L&rsquo;APA est une allocation pour les personnes \u00e2g\u00e9es ayant besoin d&rsquo;assistance pour r\u00e9aliser des actes du quotidien. Que vous soyez en maison de retraite, ou avez opt\u00e9 pour un maintien \u00e0 domicile, vous pouvez pr\u00e9tendre \u00e0 l&rsquo;APA si vous respecter bien toutes les conditions d&rsquo;attribution. Mes Allocs vous explique en d\u00e9tail l&rsquo;APA en ehpad !<\/p>\n<hr \/>\n<h1>\u00c0 quoi sert l&rsquo;APA en EHPAD ?<\/h1>\n<p>L\u2019APA (allocation personnalis\u00e9e d&rsquo; autonomie) en \u00e9tablissement aide les personnes \u00e2g\u00e9es d\u00e9pendantes \u00e0 payer le tarif d\u00e9pendance correspondant \u00e0 son GIR. En effet, en EHPAD, les soins sont pris en charge par l\u2019Assurance maladie, les prestations relatives \u00e0 l\u2019h\u00e9bergement par le r\u00e9sident ou l\u2019aide sociale, tandis que l\u2019aide et l\u2019accompagnement li\u00e9s \u00e0 la d\u00e9pendance sont pris en charge en partie par l\u2019APA.<\/p>\n<p>Le GIR correspond au degr\u00e9 de perte d\u2019autonomie d\u2019une personne \u00e2g\u00e9e. Le GIR d\u2019une personne est calcul\u00e9 \u00e0 partir de l\u2019\u00e9valuation effectu\u00e9e \u00e0 l\u2019aide de la grille AGGIR. Il existe six GIR : le GIR 1 est le niveau de perte d\u2019autonomie le plus fort et le GIR 6 le plus faible. Seules les personnes appartenant aux GIR 1 \u00e0 4 peuvent b\u00e9n\u00e9ficier de l&rsquo;APA.<\/p>\n<div class='cta-block'><div class='text'>Simulez toutes vos aides en 2 min.<\/div><a href='https:\/\/www.mes-allocs.fr\/ab-app?origin=guides\/wp-json\/wp\/v2\/posts\/17082' class='app-button fit'>Simulation gratuite<\/a><\/div>\n<h1>Conditions pour b\u00e9n\u00e9ficier de l&rsquo;APA en EHPAD<\/h1>\n<p><strong>Plusieurs \u00e9l\u00e9ments sont pris en compte pour d\u00e9terminer vos droits \u00e0 l&rsquo;allocation personnalis\u00e9e d&rsquo;autonomie, \u00e0 savoir :<\/strong><\/p>\n<ul>\n<li>\u00eatre \u00e2g\u00e9 de 60 ans ou plus,<\/li>\n<li>r\u00e9sider en France de fa\u00e7on stable et r\u00e9guli\u00e8re,<\/li>\n<li>\u00eatre en perte d\u2019autonomie, c\u2019est-\u00e0-dire avoir un degr\u00e9 de perte d&rsquo;autonomie \u00e9valu\u00e9 comme relevant du GIR 1, 2, 3 ou 4 par le m\u00e9decin coordonnateur de l\u2019\u00e9tablissement.<\/li>\n<\/ul>\n<p>Il n\u2019y a pas de conditions de revenu pour b\u00e9n\u00e9ficier de l\u2019APA. Si vous remplissez les conditions d\u2019\u00e2ge, de r\u00e9sidence et de perte d\u2019autonomie, vous pouvez ainsi b\u00e9n\u00e9ficier de l\u2019APA quels que soient vos revenus. En revanche, le montant attribu\u00e9 d\u00e9pend du niveau de revenus.\u00a0<strong>Au-del\u00e0 d\u2019un certain niveau de revenus, une participation progressive vous sera demand\u00e9e.<\/strong><\/p>\n<p>L\u2019APA en \u00e9tablissement concerne les \u00e9tablissements suivants\u00a0:<\/p>\n<ul>\n<li>les EHPAD (\u00e9tablissements d\u2019h\u00e9bergement pour personnes \u00e2g\u00e9es d\u00e9pendantes),<\/li>\n<li>les USLD (unit\u00e9s de soins de longue dur\u00e9e).<\/li>\n<\/ul>\n<p><strong>Par ailleurs, l\u2019\u00e9tablissement doit \u00eatre situ\u00e9 en France. Si vous r\u00e9sidez dans un \u00e9tablissement qui ne se trouve pas sur le territoire fran\u00e7ais, vous ne pouvez pas b\u00e9n\u00e9ficier de l\u2019APA.<\/strong><\/p>\n<p>Si vous vivez dans une\u00a0r\u00e9sidence autonomie (ex logement-foyer), dans\u00a0une r\u00e9sidence services\u00a0ou chez des\u00a0accueillants familiaux\u00a0et que vous souhaitez demander l\u2019APA, vous devez faire une demande d\u2019APA pour un maintien \u00e0 domicile.<\/p>\n<div class='cta-block'><div class='text'>Simulez toutes vos aides en 2 min.<\/div><a href='https:\/\/www.mes-allocs.fr\/ab-app?origin=guides\/wp-json\/wp\/v2\/posts\/17082' class='app-button fit'>Simulation gratuite<\/a><\/div>\n<h1>Comment estimer son montant ?<\/h1>\n<p>Le montant de vos droits \u00e0 l&rsquo;AP est calcul\u00e9 \u00e0 partir du plan d\u2019aide personnalis\u00e9e \u00e9valu\u00e9e par une \u00e9quipe m\u00e9dico-sociale.<\/p>\n<p>Selon votre degr\u00e9 de d\u00e9pendance, \u00e9tabli par\u00a0la grille de r\u00e9f\u00e9rence AGGIR, le montant du plan d\u2019aide est plafonn\u00e9. Notez que si votre degr\u00e9 de d\u00e9pendance n&rsquo;est pas tr\u00e8s \u00e9lev\u00e9 (GIR 5, GIR6) vous ne pourrez pas b\u00e9n\u00e9ficier de l&rsquo; APA \u00e0 domicile.<\/p>\n<p>Pour estimer vos droits, vos revenus sont pris en compte, vous pourrez alors demander une participation qui sera plus ou moins importante.<\/p>\n<p>Si vos revenus sont inf\u00e9rieurs \u00e0 933,39 euros, vous ne paierez aucune participation. L&rsquo;APA prend en charge 100% du montant de votre plan d&rsquo;aide (en fonction de votre GIR).<\/p>\n<p>Si vous \u00eates en couple, les ressources de votre conjoint sont prises en compte dans le calcul. Le total est alors divis\u00e9 par 1,7 pour calculer le montant maximum de l&rsquo;APA auquel vous pourrez pr\u00e9tendre.<\/p>\n<p><iframe loading=\"lazy\" title=\"Tout Savoir sur les Aides Li\u00e9es \u00e0 la Sant\u00e9 !\" width=\"500\" height=\"281\" src=\"https:\/\/www.youtube.com\/embed\/pDAq1hv_k-4?feature=oembed\" frameborder=\"0\" allow=\"accelerometer; autoplay; clipboard-write; encrypted-media; gyroscope; picture-in-picture; web-share\" referrerpolicy=\"strict-origin-when-cross-origin\" allowfullscreen><\/iframe><\/p>\n<h2>Revenus\/ ressources prises en comptent dans le calcul de l&rsquo;APA<\/h2>\n<ul>\n<li>les ressources indiqu\u00e9es sur l\u2019avis d\u2019imposition\u00a0(ou de non-imposition) : pension, retraite compl\u00e9mentaire<\/li>\n<li>les produits de placement \u00e0 revenu fixe, soumis \u00e0 pr\u00e9l\u00e8vement lib\u00e9ratoire\u00a0(compte sur livret, bon du Tr\u00e9sor\u2026),<\/li>\n<li>les biens ou capitaux ni exploit\u00e9s ni plac\u00e9s\u00a0(sauf r\u00e9sidence principale) : on calcule les revenus qu\u2019ils produiraient s\u2019ils \u00e9taient plac\u00e9s, en fonction d\u2019un bar\u00e8me l\u00e9gal (50 % de la valeur locative pour les immeubles b\u00e2tis, 80 % pour le non b\u00e2ti, 3 % des capitaux), biens mobiliers (objets d\u2019art, bateau\u2026)<\/li>\n<\/ul>\n<h3 class=\"amp-wp-7d27179\" data-amp-original-style=\"text-align: justify;\"><span id=\"Revenus_non_cumulables_avec_lAPA\"><b>Revenus non cumulables avec l\u2019APA<\/b><span class=\"amp-wp-fe3f5cc\" data-amp-original-style=\"font-weight: 400;\">\u00a0<\/span><\/span><\/h3>\n<p class=\"amp-wp-7d27179\" data-amp-original-style=\"text-align: justify;\"><span class=\"amp-wp-fe3f5cc\" data-amp-original-style=\"font-weight: 400;\">L\u2019Allocation Personnalis\u00e9e d\u2019Autonomie (APA) n\u2019est pas cumulable avec certains revenus. Ces revenus non compatibles sont des prestations que vous \u00eates susceptible de percevoir si vous \u00eates en situation de perte d\u2019autonomie :<\/span><\/p>\n<ul class=\"amp-wp-7d27179\" data-amp-original-style=\"text-align: justify;\">\n<li class=\"amp-wp-fe3f5cc\" data-amp-original-style=\"font-weight: 400;\"><span class=\"amp-wp-fe3f5cc\" data-amp-original-style=\"font-weight: 400;\">L\u2019allocation simple vers\u00e9e dans le cadre de l\u2019aide m\u00e9nag\u00e8re \u00e0 domicile,<\/span><\/li>\n<li class=\"amp-wp-fe3f5cc\" data-amp-original-style=\"font-weight: 400;\"><span class=\"amp-wp-fe3f5cc\" data-amp-original-style=\"font-weight: 400;\">L\u2019aide en nature vers\u00e9e sous forme d\u2019aide-m\u00e9nag\u00e8re \u00e0 domicile,<\/span><\/li>\n<li class=\"amp-wp-fe3f5cc\" data-amp-original-style=\"font-weight: 400;\"><span class=\"amp-wp-fe3f5cc\" data-amp-original-style=\"font-weight: 400;\">La\u00a0<\/span><span class=\"amp-wp-fe3f5cc\" data-amp-original-style=\"font-weight: 400;\">Prestation de Compensation du Handicap (PCH),<\/span><\/li>\n<li class=\"amp-wp-fe3f5cc\" data-amp-original-style=\"font-weight: 400;\"><span class=\"amp-wp-fe3f5cc\" data-amp-original-style=\"font-weight: 400;\">La majoration pour aide constante d\u2019une tierce personne,<\/span><\/li>\n<li class=\"amp-wp-fe3f5cc\" data-amp-original-style=\"font-weight: 400;\"><span class=\"amp-wp-fe3f5cc\" data-amp-original-style=\"font-weight: 400;\">La prestation compl\u00e9mentaire pour recours \u00e0 tierce personne (PCRTP). Cependant, si vous b\u00e9n\u00e9ficiez d\u00e9j\u00e0 de la PCRTP, vous pouvez demander l\u2019APA, et choisir entre les deux si votre dossier est accept\u00e9.<\/span><\/li>\n<\/ul>\n<h1>M\u00e9thode de calcul pour estimer vos droits \u00e0 l&rsquo;APA<\/h1>\n<p><strong>Le calcul de l&rsquo; APA prend en compte les informations suivantes :<\/strong><\/p>\n<ul>\n<li>de vos ressources,<\/li>\n<li>du montant du tarif d\u00e9pendance correspondant \u00e0 votre GIR en vigueur dans l\u2019\u00e9tablissement.<\/li>\n<\/ul>\n<p><strong>Il existe trois degr\u00e9 de d\u00e9pendance possibles :<\/strong><\/p>\n<ul>\n<li>le tarif\u00a0GIR 1-2 : pour une personne en perte d\u2019autonomie importante, c&rsquo;est le tarif le plus \u00e9lev\u00e9 ;<\/li>\n<li>le tarif GIR 3-4 : pour une personne en perte d\u2019autonomie moyenne, c&rsquo;est le tarif moyen ;<\/li>\n<li>le tarif GIR 5-6 : pour une personne autonome, c&rsquo;est le tarif le moins \u00e9lev\u00e9.<\/li>\n<\/ul>\n<p>Les personnes b\u00e9n\u00e9ficiaires de l\u2019APA (c\u2019est-\u00e0-dire ayant un niveau de perte d\u2019autonomie \u00e9valu\u00e9 en GIR 1, 2, 3 ou 4) ayant des revenus inf\u00e9rieurs \u00e0 2479,44 euros par mois ne paient pas le tarif d\u00e9pendance correspondant \u00e0 leur GIR.<\/p>\n<p>Elles paient uniquement le montant du tarif d\u00e9pendance pour le GIR 5-6 correspondant \u00e0 la somme minimale \u00e0 payer par tous les r\u00e9sidents d\u2019un EHPAD. L\u2019APA prend en charge la diff\u00e9rence entre le tarif d\u00e9pendance correspondant \u00e0 leur GIR et le tarif d\u00e9pendance GIR 5-6.<\/p>\n<h1>Comment faire une demande d&rsquo;APA ?<\/h1>\n<p>Pour faire votre demande, vous devez dans un premier temps retirer votre dossier au centre communal d&rsquo;action sociale (CCAS). Une fois que vous avez rempli et envoy\u00e9 votre dossier, vous serez contact\u00e9 par \u00a0l\u2019\u00e9quipe m\u00e9dico-sociale du conseil d\u00e9partemental et un rendez-vous est alors organis\u00e9.<\/p>\n<p>Un ou plusieurs professionnels ont pour mission d\u2019aller directement \u00e0 votre domicile en vue d\u2019\u00e9tudier votre\u00a0 situation globale.<\/p>\n<p>Un plan d\u2019aide sera alors d\u00e9termin\u00e9 \u00e0 partir de cette \u00e9tude si vous y \u00eates \u00e9ligible. Il est \u00e9galement utile de savoir qu\u2019une participation dite \u00ab progressive \u00bb peut \u00eatre demand\u00e9e pour les personnes b\u00e9n\u00e9ficiaires de l\u2019APA dont les revenus d\u00e9passent un certain seuil.<\/p>\n<p>Vous pouvez facilement savoir si votre d\u00e9partement met \u00e0 disposition des services d\u2019aide \u00e0 domicile en les contactant directement.<\/p>\n<h2>Documents \u00e0 communiquer lors de la demande d&rsquo;APA<\/h2>\n<p>Pour que votre dossier soit complet puis ensuite \u00e9tudi\u00e9, vous devez communiquer les pi\u00e8ces suivantes :<\/p>\n<p>\u2022\u00a0La carte d\u2019identit\u00e9, la photocopie de votre livret de famille, du passeport ou d\u2019un extrait d\u2019acte de naissance ou la photocopie de votre titre de s\u00e9jour (si vous \u00eates \u00e9tranger non europ\u00e9en).<br \/>\n\u2022\u00a0La photocopie de l\u2019avis d\u2019imposition\u00a0ou de non-imposition, et si vous \u00eates propri\u00e9taire, la photocopie de votre dernier avis d\u2019imposition de taxe fonci\u00e8re sur les propri\u00e9t\u00e9s b\u00e2ties et non b\u00e2ties.<br \/>\n\u2022\u00a0Un relev\u00e9 d\u2019identit\u00e9 bancaire\u00a0(RIB) ou postal.<\/p>\n<div class='cta-block'><div class='text'>Simulez toutes vos aides en 2 min.<\/div><a href='https:\/\/www.mes-allocs.fr\/ab-app?origin=guides\/wp-json\/wp\/v2\/posts\/17082' class='app-button fit'>Simulation gratuite<\/a><\/div>\n","protected":false},"excerpt":{"rendered":"<p>[Mis \u00e0 jour le 24\/03\/2026] L&rsquo;APA est une allocation pour les personnes \u00e2g\u00e9es ayant besoin d&rsquo;assistance pour r\u00e9aliser des actes du quotidien. Que vous soyez en maison de retraite, ou avez opt\u00e9 pour un maintien \u00e0 domicile, vous pouvez pr\u00e9tendre \u00e0 l&rsquo;APA si vous respecter bien toutes les conditions d&rsquo;attribution. Mes Allocs vous explique en [&hellip;]<\/p>\n","protected":false},"author":7,"featured_media":17085,"comment_status":"open","ping_status":"open","sticky":false,"template":"","format":"standard","meta":{"amp_status":"","footnotes":""},"categories":[24,3000],"tags":[],"class_list":["post-17082","post","type-post","status-publish","format-standard","has-post-thumbnail","hentry","category-aides-sante","category-apa"],"yoast_head":"<!-- This site is optimized with the Yoast SEO plugin v14.9 - https:\/\/yoast.com\/wordpress\/plugins\/seo\/ -->\n<title>APA en EHPAD : comment en b\u00e9n\u00e9ficier ? | Mes-Allocs.fr<\/title>\n<meta name=\"description\" content=\"L&#039;APA est une allocation pour les personnes \u00e2g\u00e9es. Mes Allocs vous explique tout sur l&#039;APA si vous r\u00e9sidez en Ehpad en 2026.\" \/>\n<meta name=\"robots\" content=\"index, follow, max-snippet:-1, max-image-preview:large, max-video-preview:-1\" \/>\n<link rel=\"canonical\" href=\"https:\/\/www.mes-allocs.fr\/guides\/aides-sante\/apa\/apa-en-ehpad\/\" \/>\n<meta property=\"og:locale\" content=\"fr_FR\" \/>\n<meta property=\"og:type\" content=\"article\" \/>\n<meta property=\"og:title\" content=\"APA en EHPAD : comment en b\u00e9n\u00e9ficier ? | Mes-Allocs.fr\" \/>\n<meta property=\"og:description\" content=\"L&#039;APA est une allocation pour les personnes \u00e2g\u00e9es. Mes Allocs vous explique tout sur l&#039;APA si vous r\u00e9sidez en Ehpad en 2026.\" \/>\n<meta property=\"og:url\" content=\"https:\/\/www.mes-allocs.fr\/guides\/aides-sante\/apa\/apa-en-ehpad\/\" \/>\n<meta property=\"og:site_name\" content=\"Mes-Allocs.fr\" \/>\n<meta property=\"article:published_time\" content=\"2020-12-30T04:05:51+00:00\" \/>\n<meta property=\"article:modified_time\" content=\"2026-03-24T17:17:39+00:00\" \/>\n<meta property=\"og:image\" content=\"https:\/\/www.mes-allocs.fr\/guides\/wp-content\/uploads\/2020\/12\/pexels-andrea-piacquadio-3831187-e1608631251902.jpg?wsr\" \/>\n\t<meta property=\"og:image:width\" content=\"1280\" \/>\n\t<meta property=\"og:image:height\" content=\"460\" \/>\n<meta name=\"twitter:card\" content=\"summary_large_image\" \/>\n<script type=\"application\/ld+json\" class=\"yoast-schema-graph\">{\"@context\":\"https:\/\/schema.org\",\"@graph\":[{\"@type\":\"WebSite\",\"@id\":\"https:\/\/www.mes-allocs.fr\/guides\/#website\",\"url\":\"https:\/\/www.mes-allocs.fr\/guides\/\",\"name\":\"Mes-Allocs.fr\",\"description\":\"\",\"potentialAction\":[{\"@type\":\"SearchAction\",\"target\":\"https:\/\/www.mes-allocs.fr\/guides\/?s={search_term_string}\",\"query-input\":\"required name=search_term_string\"}],\"inLanguage\":\"fr-FR\"},{\"@type\":\"ImageObject\",\"@id\":\"https:\/\/www.mes-allocs.fr\/guides\/aides-sante\/apa\/apa-en-ehpad\/#primaryimage\",\"inLanguage\":\"fr-FR\",\"url\":\"https:\/\/www.mes-allocs.fr\/guides\/wp-content\/uploads\/2020\/12\/pexels-andrea-piacquadio-3831187-e1608631251902.jpg?wsr\",\"width\":1280,\"height\":460,\"caption\":\"apa en ehpad\"},{\"@type\":\"WebPage\",\"@id\":\"https:\/\/www.mes-allocs.fr\/guides\/aides-sante\/apa\/apa-en-ehpad\/#webpage\",\"url\":\"https:\/\/www.mes-allocs.fr\/guides\/aides-sante\/apa\/apa-en-ehpad\/\",\"name\":\"APA en EHPAD : comment en b\\u00e9n\\u00e9ficier ? | Mes-Allocs.fr\",\"isPartOf\":{\"@id\":\"https:\/\/www.mes-allocs.fr\/guides\/#website\"},\"primaryImageOfPage\":{\"@id\":\"https:\/\/www.mes-allocs.fr\/guides\/aides-sante\/apa\/apa-en-ehpad\/#primaryimage\"},\"datePublished\":\"2020-12-30T04:05:51+00:00\",\"dateModified\":\"2026-03-24T17:17:39+00:00\",\"author\":{\"@id\":\"https:\/\/www.mes-allocs.fr\/guides\/#\/schema\/person\/1c4837d5703727cb02ce84583b5a44aa\"},\"description\":\"L'APA est une allocation pour les personnes \\u00e2g\\u00e9es. Mes Allocs vous explique tout sur l'APA si vous r\\u00e9sidez en Ehpad en 2026.\",\"inLanguage\":\"fr-FR\"},{\"@type\":\"Person\",\"@id\":\"https:\/\/www.mes-allocs.fr\/guides\/#\/schema\/person\/1c4837d5703727cb02ce84583b5a44aa\",\"name\":\"Fabiola\",\"image\":{\"@type\":\"ImageObject\",\"@id\":\"https:\/\/www.mes-allocs.fr\/guides\/#personlogo\",\"inLanguage\":\"fr-FR\",\"url\":\"https:\/\/www.mes-allocs.fr\/guides\/wp-content\/uploads\/2021\/06\/fabiola-150x150.png\",\"caption\":\"Fabiola\"},\"description\":\"Fabiola est r\\u00e9dactrice au sein de l'\\u00e9quipe Mes Allocs, sp\\u00e9cialis\\u00e9e en sciences politiques et affaires publiques. Dipl\\u00f4m\\u00e9e de l'HEIP, elle rejoint Mes Allocs apr\\u00e8s une premi\\u00e8re exp\\u00e9rience \\u00e0 l'Assembl\\u00e9e Nationale.\",\"sameAs\":[\"https:\/\/www.linkedin.com\/in\/cecilia-philippe-b-8a8085195\"]}]}<\/script>\n<!-- \/ Yoast SEO plugin. -->","amp_validity":null,"acf":{"faq":{"1":{"question":"Comment est calcul\u00e9 l'APA en EHPAD ?","answer":"Le montant de l'Apa se calcule de la fa\u00e7on suivante : il est \u00e9gal au tarif d\u00e9pendance mensuel appliqu\u00e9 au Gir de la personne, moins la participation qui lui est demand\u00e9e en fonction de ses revenus."},"2":{"question":"Qu'est-ce que l'APA en EHPAD ?","answer":"En maison de retraite, l'Apa est est une aide aux personnes \u00e2g\u00e9es d\u00e9pendantes dont l'objectif est de payer une partie du forfait d\u00e9pendance. Elle est vers\u00e9e mensuellement, soit \u00e0 la personne en perte d'autonomie, soit directement \u00e0 l'\u00e9tablissement d'h\u00e9bergement pour personne \u00e2g\u00e9e."},"3":{"question":"Qui fait la demande d'APA en EHPAD ?","answer":"C'est le Conseil d\u00e9partemental du lieu de r\u00e9sidence de la personne \u00e2g\u00e9e qui verse l'APA. Cette allocation est financ\u00e9e par le budget du d\u00e9partement."},"4":{"question":"Quel est le montant de l\u2019APA en \u00e9tablissement ?","answer":"Le montant de l'APA en \u00e9tablissement est \u00e9gal au montant du tarif d\u00e9pendance en vigueur dans l'\u00e9tablissement d'accueil. Cependant, en fonction des revenus du demandeur, une participation financi\u00e8re peut \u00eatre laiss\u00e9e \u00e0 sa charge"},"5":{"question":"Comment l\u2019APA en \u00e9tablissement est-elle vers\u00e9e ?","answer":"L'APA en \u00e9tablissement est vers\u00e9e d\u00e8s que le dossier administratif du r\u00e9sident est complet et enregistr\u00e9. Son versement est fait par le conseil d\u00e9partemental directement \u00e0 l'\u00e9tablissement concern\u00e9. Le montant factur\u00e9 par l'\u00e9tablissement prend donc en compte le montant de l'APA puisque celui-ci est d\u00e9duit de la facture."},"6":{"question":"O\u00f9 se procurer un dossier APA ?","answer":"Le dossier d'APA peut \u00eatre t\u00e9l\u00e9charg\u00e9 ou retir\u00e9 aupr\u00e8s : du centre communal d'action sociale (CCAS), de la mairie de la commune de r\u00e9sidence du demandeur, des services d'action sociale du d\u00e9partement."},"7":{"question":"","answer":""},"8":{"question":"","answer":""},"9":{"question":"","answer":""},"10":{"question":"","answer":""},"11":{"question":"","answer":""},"12":{"question":"","answer":""},"13":{"question":"","answer":""},"14":{"question":"","answer":""},"15":{"question":"","answer":""},"16":{"question":"","answer":""}}},"_links":{"self":[{"href":"https:\/\/www.mes-allocs.fr\/guides\/wp-json\/wp\/v2\/posts\/17082","targetHints":{"allow":["GET"]}}],"collection":[{"href":"https:\/\/www.mes-allocs.fr\/guides\/wp-json\/wp\/v2\/posts"}],"about":[{"href":"https:\/\/www.mes-allocs.fr\/guides\/wp-json\/wp\/v2\/types\/post"}],"author":[{"embeddable":true,"href":"https:\/\/www.mes-allocs.fr\/guides\/wp-json\/wp\/v2\/users\/7"}],"replies":[{"embeddable":true,"href":"https:\/\/www.mes-allocs.fr\/guides\/wp-json\/wp\/v2\/comments?post=17082"}],"version-history":[{"count":13,"href":"https:\/\/www.mes-allocs.fr\/guides\/wp-json\/wp\/v2\/posts\/17082\/revisions"}],"predecessor-version":[{"id":110958,"href":"https:\/\/www.mes-allocs.fr\/guides\/wp-json\/wp\/v2\/posts\/17082\/revisions\/110958"}],"wp:featuredmedia":[{"embeddable":true,"href":"https:\/\/www.mes-allocs.fr\/guides\/wp-json\/wp\/v2\/media\/17085"}],"wp:attachment":[{"href":"https:\/\/www.mes-allocs.fr\/guides\/wp-json\/wp\/v2\/media?parent=17082"}],"wp:term":[{"taxonomy":"category","embeddable":true,"href":"https:\/\/www.mes-allocs.fr\/guides\/wp-json\/wp\/v2\/categories?post=17082"},{"taxonomy":"post_tag","embeddable":true,"href":"https:\/\/www.mes-allocs.fr\/guides\/wp-json\/wp\/v2\/tags?post=17082"}],"curies":[{"name":"wp","href":"https:\/\/api.w.org\/{rel}","templated":true}]}}