{"id":17016,"date":"2020-12-30T04:08:51","date_gmt":"2020-12-30T04:08:51","guid":{"rendered":"https:\/\/www.mes-allocs.fr\/guides\/?p=17016"},"modified":"2025-06-20T12:39:39","modified_gmt":"2025-06-20T10:39:39","slug":"suppression-ass","status":"publish","type":"post","link":"https:\/\/www.mes-allocs.fr\/guides\/chomage\/allocation-de-solidarite-specifique\/suppression-ass\/","title":{"rendered":"Suppression de l&rsquo;Allocation de Solidarit\u00e9 Sp\u00e9cifique (ASS) : qu&rsquo;en est-il en 2025 ?"},"content":{"rendered":"<p><a href=\"https:\/\/www.mes-allocs.fr\/guides\/wp-content\/uploads\/2020\/12\/pexels-andrea-piacquadio-3769717-1.jpg\"><img loading=\"lazy\" decoding=\"async\" class=\"alignnone wp-image-17027 size-full\" title=\"Suppression de la prime forfaitaire et ASS\" src=\"https:\/\/www.mes-allocs.fr\/guides\/wp-content\/uploads\/2020\/12\/pexels-andrea-piacquadio-3769717-1-e1608557799263.jpg\" alt=\"Suppression de la prime forfaitaire et ASS\" width=\"1280\" height=\"438\" srcset=\"https:\/\/www.mes-allocs.fr\/guides\/wp-content\/uploads\/2020\/12\/pexels-andrea-piacquadio-3769717-1-e1608557799263.jpg 1280w, https:\/\/www.mes-allocs.fr\/guides\/wp-content\/uploads\/2020\/12\/pexels-andrea-piacquadio-3769717-1-e1608557799263-300x103.jpg 300w, https:\/\/www.mes-allocs.fr\/guides\/wp-content\/uploads\/2020\/12\/pexels-andrea-piacquadio-3769717-1-e1608557799263-1024x350.jpg 1024w, https:\/\/www.mes-allocs.fr\/guides\/wp-content\/uploads\/2020\/12\/pexels-andrea-piacquadio-3769717-1-e1608557799263-768x263.jpg 768w, https:\/\/www.mes-allocs.fr\/guides\/wp-content\/uploads\/2020\/12\/pexels-andrea-piacquadio-3769717-1-e1608557799263-600x205.jpg 600w\" sizes=\"auto, (max-width: 1280px) 100vw, 1280px\" \/><\/a><\/p>\n<p>L&rsquo;Allocation de solidarit\u00e9 sp\u00e9cifique est accord\u00e9e aux demandeurs d&#8217;emploi qui ont \u00e9puis\u00e9 leurs droits au <a href=\"https:\/\/www.mes-allocs.fr\/guides\/chomage\/\">ch\u00f4mage<\/a>, et plus particuli\u00e8rement \u00e0 l&rsquo;ARE (Allocation d&rsquo;Aide au retour \u00e0 l&rsquo;Emploi). Ces derni\u00e8res ann\u00e9es, les b\u00e9n\u00e9ficiaires de l&rsquo;ASS ont d\u00fb faire face \u00e0 la possibilit\u00e9 d&rsquo;une <strong>suppression de l&rsquo;ASS<\/strong>. Mais qu&rsquo;en est-il aujourd&rsquo;hui ? On vous aide \u00e0 y voir plus clair !<\/p>\n<div class='cta-block'><div class='text'>Simulez vos aides en 2 min.<\/div><a href='https:\/\/www.mes-allocs.fr\/ab-app?origin=guides\/wp-json\/wp\/v2\/posts\/17016' class='app-button fit'>Simulation gratuite<\/a><\/div>\n<h1>Qu&rsquo;est-ce que l&rsquo;Allocation de solidarit\u00e9 sp\u00e9cifique (ASS) ?<\/h1>\n<p><a href=\"https:\/\/www.mes-allocs.fr\/guides\/chomage\/allocation-de-solidarite-specifique\">L&rsquo;Allocation de solidarit\u00e9 sp\u00e9cifique<\/a> est accord\u00e9e aux b\u00e9n\u00e9ficiaires de l&rsquo; allocation d&rsquo;aide au retour \u00e0 l&#8217;emploi (ARE) et qui sont encore en recherche d&#8217;emploi.<a href=\"https:\/\/www.mes-allocs.fr\/guides\/wp-content\/uploads\/2020\/12\/pexels-jopwell-2422290-1.jpg\"><img loading=\"lazy\" decoding=\"async\" class=\"wp-image-17029 alignright\" title=\"Qu'est-ce que l'Allocation de solidarit\u00e9 sp\u00e9cifique (ASS) ?\" src=\"https:\/\/www.mes-allocs.fr\/guides\/wp-content\/uploads\/2020\/12\/pexels-jopwell-2422290-1-1024x737.jpg\" alt=\"Qu'est-ce que l'Allocation de solidarit\u00e9 sp\u00e9cifique (ASS) ?\" width=\"445\" height=\"321\" srcset=\"https:\/\/www.mes-allocs.fr\/guides\/wp-content\/uploads\/2020\/12\/pexels-jopwell-2422290-1-1024x737.jpg 1024w, https:\/\/www.mes-allocs.fr\/guides\/wp-content\/uploads\/2020\/12\/pexels-jopwell-2422290-1-300x216.jpg 300w, https:\/\/www.mes-allocs.fr\/guides\/wp-content\/uploads\/2020\/12\/pexels-jopwell-2422290-1-768x553.jpg 768w, https:\/\/www.mes-allocs.fr\/guides\/wp-content\/uploads\/2020\/12\/pexels-jopwell-2422290-1-600x432.jpg 600w, https:\/\/www.mes-allocs.fr\/guides\/wp-content\/uploads\/2020\/12\/pexels-jopwell-2422290-1.jpg 1280w\" sizes=\"auto, (max-width: 445px) 100vw, 445px\" \/><\/a><\/p>\n<p>Pour b\u00e9n\u00e9ficier de l&rsquo; Allocation de solidarit\u00e9 sp\u00e9cifique, vous devez respecter les conditions d&rsquo;obtention suivantes :<\/p>\n<ul>\n<li>\u00catre apte au travail<\/li>\n<li>\u00catre demandeur d&rsquo; emploi ou cr\u00e9er\/reprendre une entreprise ;<\/li>\n<li>Avoir \u00e9puis\u00e9 vos droits \u00e0 l&rsquo;ARE ou \u00e0 la R\u00e9mun\u00e9ration de Fin de Formation (RFF)<\/li>\n<li>Avoir travaill\u00e9 au moins 5 ans (\u00e0 temps plein ou \u00e0 temps partiel) au cours des 10 ans avant la fin de votre dernier contrat de travail. Si vous avez arr\u00eat\u00e9 votre activit\u00e9 professionnelle pour \u00e9lever un enfant, les 5 ans sont r\u00e9duits d&rsquo; 1 an par enfant dans la limite de 3 ans. Toutes les p\u00e9riodes d&rsquo;activit\u00e9 sont prises en compte (CDD, CDI, contrat d&rsquo;int\u00e9rim, alternance, service national, formation professionnelle&#8230;)<\/li>\n<li>Ne pas d\u00e9passer l&rsquo;\u00e2ge l\u00e9gal de d\u00e9part \u00e0 la retraite<\/li>\n<li>Ne pas d\u00e9passer le plafond de ressources mensuelles<\/li>\n<\/ul>\n<p>Certaines cat\u00e9gories de demandeurs d&#8217;emploi peuvent demander l&rsquo;Allocation de solidarit\u00e9 sp\u00e9cifique. Ces cat\u00e9gories sont : les artistes non salari\u00e9s, les marins p\u00eacheurs, ou encore les ouvriers dockers occasionnels. L&rsquo;ASS leur sera vers\u00e9e tous les 6 mois renouvelables.<\/p>\n<h1>La suppression de l&rsquo;ASS : une menace persistante<\/h1>\n<p>L&rsquo;ASS a longtemps \u00e9t\u00e9 vue comme une aide de dernier recours pour ceux qui ont \u00e9puis\u00e9 leurs droits \u00e0 l&rsquo;ARE.<\/p>\n<p>Cependant, cette allocation a failli dispara\u00eetre \u00e0 plusieurs reprises. Dans un contexte de r\u00e9formes de l\u2019assurance ch\u00f4mage, le gourvernement a envisag\u00e9 la suppression de l&rsquo;ASS pour all\u00e9ger les d\u00e9penses publiques. Une telle suppression aurait entra\u00een\u00e9 de lourdes cons\u00e9quences pour des milliers de ch\u00f4meurs de longue dur\u00e9e.<\/p>\n<h2><strong>Le projet de suppression de l&rsquo;ASS en 2023<\/strong><\/h2>\n<p><strong>En 2023, le gouvernement a envisag\u00e9 de supprimer l&rsquo;ASS<\/strong> dans le cadre d&rsquo;une r\u00e9forme plus large du syst\u00e8me de solidarit\u00e9 et d&rsquo;indemnisation ch\u00f4mage.<\/p>\n<p><strong>Le projet pr\u00e9voyait d&rsquo;\u00e9liminer cette allocation pour les demandeurs d\u2019emploi qui n&rsquo;ont pas de droits \u00e0 l&rsquo;ARE<\/strong> et de ne conserver que des aides sp\u00e9cifiques sous forme de dispositifs de r\u00e9insertion professionnelle.<\/p>\n<h2>Renoncement \u00e0 la suppression de l&rsquo;ASS en 2024<\/h2>\n<p>Mais <strong>en 2024, le gouvernement a annonc\u00e9 qu&rsquo;il renon\u00e7ait finalement \u00e0 cette suppression.<\/strong><\/p>\n<p>La d\u00e9cision a \u00e9t\u00e9 accueillie favorablement par les syndicats et les associations de ch\u00f4meurs qui ont soulign\u00e9 l&rsquo;importance de maintenir un filet de s\u00e9curit\u00e9 pour les demandeurs d\u2019emploi.<\/p>\n<p>Les arguments \u00e9conomiques et sociaux ont pes\u00e9 dans cette d\u00e9cision comme la situation de ch\u00f4mage encore \u00e9lev\u00e9e et la n\u00e9cessit\u00e9 de soutenir les plus vuln\u00e9rables.<\/p>\n<h2>Pourquoi cette suppression a-t-elle \u00e9t\u00e9 envisag\u00e9e ?<\/h2>\n<p>La suppression de l&rsquo;ASS faisait partie d&rsquo;un objectif gouvernemental de r\u00e9duction des d\u00e9penses publiques. L&rsquo;objectif vis\u00e9 \u00e9tait de rationaliser les aides sociales.<\/p>\n<p>Les autorit\u00e9s esp\u00e9raient r\u00e9orienter les budgets vers des dispositifs plus actifs de retour \u00e0 l&#8217;emploi en limitant les indemnit\u00e9s vers\u00e9es aux ch\u00f4meurs longue dur\u00e9e.<\/p>\n<p>Cependant, une telle politique a soulev\u00e9 des critiques sur l&rsquo;impact social d\u2019une telle mesure surtout en p\u00e9riode de crise \u00e9conomique.<\/p>\n<h2><strong>La suppression de la prime forfaitaire de l&rsquo;ASS<\/strong><\/h2>\n<p><strong>La prime forfaitaire de l&rsquo;ASS<\/strong> \u00e9tait un compl\u00e9ment financier vers\u00e9 aux b\u00e9n\u00e9ficiaires de l&rsquo;ASS sous certaines conditions. Cette prime <strong>a \u00e9t\u00e9 supprim\u00e9e le 1er septembre 2017. <\/strong><\/p>\n<p>Sa suppression a eu un impact direct sur les finances des b\u00e9n\u00e9ficiaires car elle repr\u00e9sentait une aide non n\u00e9gligeable pour compl\u00e9ter les ressources allou\u00e9es par l&rsquo;ASS. Cette d\u00e9cision a fait l&rsquo;objet de vives critiques.<\/p>\n<p><iframe loading=\"lazy\" title=\"L&#039;ASS\" width=\"500\" height=\"281\" src=\"https:\/\/www.youtube.com\/embed\/QAulvUZqyHk?feature=oembed\" frameborder=\"0\" allow=\"accelerometer; autoplay; clipboard-write; encrypted-media; gyroscope; picture-in-picture; web-share\" referrerpolicy=\"strict-origin-when-cross-origin\" allowfullscreen><\/iframe><\/p>\n<h1>Plus de d\u00e9tails sur l&rsquo;ASS<\/h1>\n<h2>Quel est le plafond de ressources mensuelles pour recevoir l&rsquo;ASS ?<\/h2>\n<p>Le montant pris en compte est la moyenne des ressources des 12 mois pr\u00e9c\u00e9dents la demande d&rsquo;ASS. Les types de ressources qui sont prises en compte pour le calcul du montant de l&rsquo;ASS sont :<\/p>\n<ul>\n<li>Les ressources mensuelles ;<\/li>\n<li>D&rsquo;autres ressources comme les revenus des valeurs et capitaux mobiliers, les revenus fonciers ;<\/li>\n<li>Le montant de la pension alimentaire si vous en \u00eates b\u00e9n\u00e9ficiaire.<\/li>\n<\/ul>\n<p>Pour recevoir l&rsquo;ASS, vos ressources mensuelles ne doivent pas d\u00e9passer :<\/p>\n<ul>\n<li><strong>1 353,10 \u20ac si vous \u00eates seul<\/strong> ;<\/li>\n<li><span class=\"prix\"><strong>2 126,30 \u20ac si vous \u00eates en couple<\/strong> (mariage, Pacs ou concubinage).<\/span><\/li>\n<\/ul>\n<h2>Quelles sont les d\u00e9marches pour recevoir l&rsquo;ASS ?<\/h2>\n<p data-wp-editing=\"1\">Une demande d\u2019allocation sp\u00e9cifique est envoy\u00e9e automatiquement 30 jours avant la fin de vos droit \u00e0 l&rsquo; allocation ch\u00f4mage si vous \u00eates indemnis\u00e9 par P\u00f4le\u00a0emploi. Si aucune demande automatique n&rsquo;a \u00e9t\u00e9 faite, vous pouvez faire une demande dans une agence P\u00f4le emploi. Il faut alors d\u00e9poser la demande compl\u00e9t\u00e9e et sign\u00e9e avec les justificatifs d\u2019activit\u00e9 avant la fin des droits \u00e0 l&rsquo;ARE pour \u00e9viter une rupture d\u2019indemnisation.<\/p>\n<p>Pour votre premi\u00e8re demande d&rsquo;ASS, le montant de l&rsquo;ASS est calcul\u00e9 en tenant compte de vos ressources suivantes :<\/p>\n<ul>\n<li>vos revenus per\u00e7us au cours des 12 derniers mois avant le dernier jour de votre ARE ;<\/li>\n<li>vos revenus d\u00e9clar\u00e9s aux imp\u00f4ts ;<\/li>\n<li>les revenus de la personne avec qui vous \u00eates en couple (conjoint(e), mariage, Pacs).<\/li>\n<\/ul>\n<p>En temps normal, un formulaire vous est adress\u00e9 par P\u00f4le emploi \u00e0 la fin de vos droits pour l&rsquo;Allocation d&rsquo;aide au Retour \u00e0 l&rsquo; Emploi (ARE).<\/p>\n<p><strong>L&rsquo; ASS est vers\u00e9e sur une p\u00e9riode de 6 mois renouvelable<\/strong>. Lorsque vous \u00eates en fin de p\u00e9riode d&rsquo;indemnisation, P\u00f4le emploi vous envoie une demande de renouvellement automatiquement. Vous devrez la remplir et la corriger.<\/p>\n<h2>Fin des versements de l&rsquo;Allocation de solidarit\u00e9 sp\u00e9cifique<\/h2>\n<p>Si vous \u00eates sans emploi, le paiement de l&rsquo;ASS cesse si vous vous trouvez dans l&rsquo;un des cas suivants :<\/p>\n<ul>\n<li>Ressources sup\u00e9rieures aux plafonds.<\/li>\n<li>Absence de recherche d&#8217;emploi.<\/li>\n<li>Suivi d&rsquo;une formation r\u00e9mun\u00e9r\u00e9e.<\/li>\n<li>Reprise d&rsquo;une activit\u00e9 non cumulable avec l&rsquo;ASS.<\/li>\n<li>Perception d&rsquo;indemnit\u00e9s journali\u00e8res pour maladie, maternit\u00e9 ou accident du travail.<\/li>\n<li>Suppression des allocations par d\u00e9cision du pr\u00e9fet ou suite \u00e0 une radiation.<\/li>\n<li>Perception de l&rsquo;allocation de pr\u00e9sence parentale ou l&rsquo;allocation journali\u00e8re d&rsquo;une personne en fin de vie.<\/li>\n<li>Possibilit\u00e9 de b\u00e9n\u00e9ficier d&rsquo;une retraite \u00e0 taux plein ou atteinte de l&rsquo;\u00e2ge limite d&rsquo;activit\u00e9.<\/li>\n<\/ul>\n<p>Si vous travaillez, le paiement de l&rsquo;ASS s&rsquo;arr\u00eate apr\u00e8s 3 mois (cons\u00e9cutifs ou non) de cumul avec les r\u00e9mun\u00e9rations de votre activit\u00e9 professionnelle :<\/p>\n<ul>\n<li>Si votre activit\u00e9 professionnelle se poursuit, le versement de l&rsquo;ASS est interrompu. \u00c0 la fin du 6<sup>e<\/sup> mois suivant la reprise d&rsquo;activit\u00e9, vous pourrez percevoir la prime d&rsquo;activit\u00e9 en compl\u00e9ment de votre r\u00e9mun\u00e9ration, si vous remplissez les conditions.<\/li>\n<li>Si votre activit\u00e9 professionnelle s&rsquo;interrompt et que s&rsquo;en suit une p\u00e9riode d&rsquo;inactivit\u00e9 d&rsquo;au moins 3 mois cons\u00e9cutifs, une nouvelle p\u00e9riode de cumul est possible.<\/li>\n<\/ul>\n<h2>Quel est le montant de l&rsquo;ASS ?<\/h2>\n<p><strong>Au 1er avril 2025, le montant journalier de l&rsquo;ASS est de <b>19,33 <\/b><span class=\"prix\">\u20ac<\/span> (579,90 <span class=\"prix\">\u20ac<\/span>\u00a0pour 1 mois de 30 jours).<\/strong><\/p>\n<h3>Vous \u00eates sans emploi<\/h3>\n<p><strong>Si vous \u00eates sans emploi et que vous \u00eates seul, le montant de l&rsquo;Allocation de solidarit\u00e9 sp\u00e9cifique se calcule ainsi :<\/strong><\/p>\n<p style=\"text-align: justify;\">\n<div class=\"wpdt-c row wpDataTableContainerSimpleTable wpDataTables wpDataTablesWrapper\n\"\n    >\n    <table id=\"wpdtSimpleTable-290\"\n           class=\"wpdtSimpleTable wpDataTable\"\n           data-column=\"2\"\n           data-rows=\"4\"\n           data-wpID=\"290\"\n           data-responsive=\"0\"\n           data-has-header=\"0\">\n\n                    <tbody>        <tr class=\"wpdt-cell-row \" >\n                            <td class=\"wpdt-cell wpdt-bold wpdt-fs-000016 wpdt-bc-FFFFFF\"\n                                    data-cell-id=\"A1\"\n                data-col-index=\"0\"\n                data-row-index=\"0\"\n                style=\" width:50%;                padding:10px;\"\n                >\n                                Ressources mensuelles                <\/td>\n                                            <td class=\"wpdt-cell wpdt-bold wpdt-fs-000016 wpdt-bc-FFFFFF\"\n                                    data-cell-id=\"B1\"\n                data-col-index=\"1\"\n                data-row-index=\"0\"\n                style=\" width:50%;                padding:10px;\"\n                >\n                                Montant mensuel de l'ASS                <\/td>\n                                        <\/tr>\n                            <tr class=\"wpdt-cell-row \" >\n                            <td class=\"wpdt-cell \"\n                                    data-cell-id=\"A2\"\n                data-col-index=\"0\"\n                data-row-index=\"1\"\n                style=\"                padding:10px;\"\n                >\n                                Moins de 773,20 \u20ac                <\/td>\n                                            <td class=\"wpdt-cell \"\n                                    data-cell-id=\"B2\"\n                data-col-index=\"1\"\n                data-row-index=\"1\"\n                style=\"                padding:10px;\"\n                >\n                                579,90 \u20ac                <\/td>\n                                        <\/tr>\n                            <tr class=\"wpdt-cell-row \" >\n                            <td class=\"wpdt-cell \"\n                                    data-cell-id=\"A3\"\n                data-col-index=\"0\"\n                data-row-index=\"2\"\n                style=\"                padding:10px;\"\n                >\n                                De 773,20 \u20ac \u00e0 1 353,10 \u20ac                <\/td>\n                                            <td class=\"wpdt-cell \"\n                                    data-cell-id=\"B3\"\n                data-col-index=\"1\"\n                data-row-index=\"2\"\n                style=\"                padding:10px;\"\n                >\n                                1 353,10 \u20ac (avant d\u00e9duction du montant de vos ressources)                <\/td>\n                                        <\/tr>\n                            <tr class=\"wpdt-cell-row \" >\n                            <td class=\"wpdt-cell \"\n                                    data-cell-id=\"A4\"\n                data-col-index=\"0\"\n                data-row-index=\"3\"\n                style=\"                padding:10px;\"\n                >\n                                Sup\u00e9rieures \u00e0 1 353,10 \u20ac                <\/td>\n                                            <td class=\"wpdt-cell \"\n                                    data-cell-id=\"B4\"\n                data-col-index=\"1\"\n                data-row-index=\"3\"\n                style=\"                padding:10px;\"\n                >\n                                Non \u00e9ligible au versement de l'ASS                <\/td>\n                                        <\/tr>\n                    <\/table>\n<\/div><style id='wpdt-custom-style-290'>\n.wpdt-fs-000016 { font-size: 16px !important;}\n.wpdt-bc-FFFFFF { background-color: #FFFFFF !important;}\n<\/style>\n<\/p>\n<p><strong>Si vous \u00eates sans emploi et que vous \u00eates en couple, le montant de votre ASS se calcule ainsi :<\/strong><\/p>\n<p style=\"text-align: justify;\">\n<div class=\"wpdt-c row wpDataTableContainerSimpleTable wpDataTables wpDataTablesWrapper\n\"\n    >\n    <table id=\"wpdtSimpleTable-291\"\n           class=\"wpdtSimpleTable wpDataTable\"\n           data-column=\"2\"\n           data-rows=\"4\"\n           data-wpID=\"291\"\n           data-responsive=\"0\"\n           data-has-header=\"0\">\n\n                    <tbody>        <tr class=\"wpdt-cell-row \" >\n                            <td class=\"wpdt-cell wpdt-bold wpdt-fs-000016 wpdt-bc-FFFFFF\"\n                                    data-cell-id=\"A1\"\n                data-col-index=\"0\"\n                data-row-index=\"0\"\n                style=\" width:50%;                padding:10px;\"\n                >\n                                Ressources mensuelles                <\/td>\n                                            <td class=\"wpdt-cell wpdt-bold wpdt-fs-000016 wpdt-bc-FFFFFF\"\n                                    data-cell-id=\"B1\"\n                data-col-index=\"1\"\n                data-row-index=\"0\"\n                style=\" width:50%;                padding:10px;\"\n                >\n                                Montant mensuel de l'ASS                <\/td>\n                                        <\/tr>\n                            <tr class=\"wpdt-cell-row \" >\n                            <td class=\"wpdt-cell \"\n                                    data-cell-id=\"A2\"\n                data-col-index=\"0\"\n                data-row-index=\"1\"\n                style=\"                padding:10px;\"\n                >\n                                Moins de 1 546,40 \u20ac                <\/td>\n                                            <td class=\"wpdt-cell \"\n                                    data-cell-id=\"B2\"\n                data-col-index=\"1\"\n                data-row-index=\"1\"\n                style=\"                padding:10px;\"\n                >\n                                579,90 \u20ac                <\/td>\n                                        <\/tr>\n                            <tr class=\"wpdt-cell-row \" >\n                            <td class=\"wpdt-cell \"\n                                    data-cell-id=\"A3\"\n                data-col-index=\"0\"\n                data-row-index=\"2\"\n                style=\"                padding:10px;\"\n                >\n                                De 1 546,40 \u20ac \u00e0 2 126,30 \u20ac                <\/td>\n                                            <td class=\"wpdt-cell \"\n                                    data-cell-id=\"B3\"\n                data-col-index=\"1\"\n                data-row-index=\"2\"\n                style=\"                padding:10px;\"\n                >\n                                2 126,30 \u20ac (avant d\u00e9duction du montant de vos ressources)                <\/td>\n                                        <\/tr>\n                            <tr class=\"wpdt-cell-row \" >\n                            <td class=\"wpdt-cell \"\n                                    data-cell-id=\"A4\"\n                data-col-index=\"0\"\n                data-row-index=\"3\"\n                style=\"                padding:10px;\"\n                >\n                                Sup\u00e9rieures \u00e0 2 126,30 \u20ac                <\/td>\n                                            <td class=\"wpdt-cell \"\n                                    data-cell-id=\"B4\"\n                data-col-index=\"1\"\n                data-row-index=\"3\"\n                style=\"                padding:10px;\"\n                >\n                                Non \u00e9ligible au versement de l'ASS                <\/td>\n                                        <\/tr>\n                    <\/table>\n<\/div><style id='wpdt-custom-style-291'>\n.wpdt-fs-000016 { font-size: 16px !important;}\n.wpdt-bc-FFFFFF { background-color: #FFFFFF !important;}\n<\/style>\n<\/p>\n<div class='cta-block'><div class='text'>Simulez toutes vos aides en 2 min.<\/div><a href='https:\/\/www.mes-allocs.fr\/ab-app?origin=guides\/wp-json\/wp\/v2\/posts\/17016' class='app-button fit'>Simulation gratuite<\/a><\/div>\n<h3>Vous travaillez<\/h3>\n<p><strong>Selon le code du travail, les personnes b\u00e9n\u00e9ficiant de l\u2019ASS qui reprennent une activit\u00e9 professionnelle (salari\u00e9e ou non salari\u00e9e)\u00a0 peuvent cumuler leur r\u00e9mun\u00e9ration avec leur allocation pendant trois mois<\/strong>. Ce dispositif d &lsquo;int\u00e9ressement concerne toutes les personnes qui b\u00e9n\u00e9ficient de l&rsquo;ASS.<\/p>\n<p>Apr\u00e8s les trois mois de cumul, le versement de l\u2019ASS est arr\u00eat\u00e9 si l\u2019int\u00e9ress\u00e9 poursuit son activit\u00e9. Les demandeurs d\u2019emploi qui ne peuvent plus b\u00e9n\u00e9ficier de l&rsquo;ASS auront un acc\u00e8s facilit\u00e9 \u00e0 la prime d\u2019activit\u00e9, s&rsquo;ils remplissent les conditions d\u2019attribution.<\/p>\n","protected":false},"excerpt":{"rendered":"<p>L&rsquo;Allocation de solidarit\u00e9 sp\u00e9cifique est accord\u00e9e aux demandeurs d&#8217;emploi qui ont \u00e9puis\u00e9 leurs droits au ch\u00f4mage, et plus particuli\u00e8rement \u00e0 l&rsquo;ARE (Allocation d&rsquo;Aide au retour \u00e0 l&rsquo;Emploi). Ces derni\u00e8res ann\u00e9es, les b\u00e9n\u00e9ficiaires de l&rsquo;ASS ont d\u00fb faire face \u00e0 la possibilit\u00e9 d&rsquo;une suppression de l&rsquo;ASS. Mais qu&rsquo;en est-il aujourd&rsquo;hui ? On vous aide \u00e0 y [&hellip;]<\/p>\n","protected":false},"author":10,"featured_media":17027,"comment_status":"open","ping_status":"open","sticky":false,"template":"","format":"standard","meta":{"amp_status":"","footnotes":""},"categories":[3736,2989],"tags":[],"class_list":["post-17016","post","type-post","status-publish","format-standard","has-post-thumbnail","hentry","category-allocation-de-solidarite-specifique","category-chomage"],"yoast_head":"<!-- This site is optimized with the Yoast SEO plugin v14.9 - https:\/\/yoast.com\/wordpress\/plugins\/seo\/ -->\n<title>Suppression de l&#039;Allocation de Solidarit\u00e9 Sp\u00e9cifique (ASS) : qu&#039;en est-il en 2025 ?<\/title>\n<meta name=\"description\" content=\"Les b\u00e9n\u00e9ficiaires de l&#039;ASS ont fait face \u00e0 la possibilit\u00e9 d&#039;une suppression de leur aide. Qu&#039;en est-il aujourd&#039;hui ?\" \/>\n<meta name=\"robots\" content=\"index, follow, max-snippet:-1, max-image-preview:large, max-video-preview:-1\" \/>\n<link rel=\"canonical\" href=\"https:\/\/www.mes-allocs.fr\/guides\/chomage\/allocation-de-solidarite-specifique\/suppression-ass\/\" \/>\n<meta property=\"og:locale\" content=\"fr_FR\" \/>\n<meta property=\"og:type\" content=\"article\" \/>\n<meta property=\"og:title\" content=\"Suppression de l&#039;Allocation de Solidarit\u00e9 Sp\u00e9cifique (ASS) : qu&#039;en est-il en 2025 ?\" \/>\n<meta property=\"og:description\" content=\"Les b\u00e9n\u00e9ficiaires de l&#039;ASS ont fait face \u00e0 la possibilit\u00e9 d&#039;une suppression de leur aide. Qu&#039;en est-il aujourd&#039;hui ?\" \/>\n<meta property=\"og:url\" content=\"https:\/\/www.mes-allocs.fr\/guides\/chomage\/allocation-de-solidarite-specifique\/suppression-ass\/\" \/>\n<meta property=\"og:site_name\" content=\"Mes-Allocs.fr\" \/>\n<meta property=\"article:published_time\" content=\"2020-12-30T04:08:51+00:00\" \/>\n<meta property=\"article:modified_time\" content=\"2025-06-20T10:39:39+00:00\" \/>\n<meta property=\"og:image\" content=\"https:\/\/www.mes-allocs.fr\/guides\/wp-content\/uploads\/2020\/12\/pexels-andrea-piacquadio-3769717-1-e1608557799263.jpg?wsr\" \/>\n\t<meta property=\"og:image:width\" content=\"1280\" \/>\n\t<meta property=\"og:image:height\" content=\"438\" \/>\n<meta name=\"twitter:card\" content=\"summary_large_image\" \/>\n<script type=\"application\/ld+json\" class=\"yoast-schema-graph\">{\"@context\":\"https:\/\/schema.org\",\"@graph\":[{\"@type\":\"WebSite\",\"@id\":\"https:\/\/www.mes-allocs.fr\/guides\/#website\",\"url\":\"https:\/\/www.mes-allocs.fr\/guides\/\",\"name\":\"Mes-Allocs.fr\",\"description\":\"\",\"potentialAction\":[{\"@type\":\"SearchAction\",\"target\":\"https:\/\/www.mes-allocs.fr\/guides\/?s={search_term_string}\",\"query-input\":\"required name=search_term_string\"}],\"inLanguage\":\"fr-FR\"},{\"@type\":\"ImageObject\",\"@id\":\"https:\/\/www.mes-allocs.fr\/guides\/chomage\/allocation-de-solidarite-specifique\/suppression-ass\/#primaryimage\",\"inLanguage\":\"fr-FR\",\"url\":\"https:\/\/www.mes-allocs.fr\/guides\/wp-content\/uploads\/2020\/12\/pexels-andrea-piacquadio-3769717-1-e1608557799263.jpg?wsr\",\"width\":1280,\"height\":438,\"caption\":\"pexels andrea piacquadio 3769717 1 e1608557799263\"},{\"@type\":\"WebPage\",\"@id\":\"https:\/\/www.mes-allocs.fr\/guides\/chomage\/allocation-de-solidarite-specifique\/suppression-ass\/#webpage\",\"url\":\"https:\/\/www.mes-allocs.fr\/guides\/chomage\/allocation-de-solidarite-specifique\/suppression-ass\/\",\"name\":\"Suppression de l'Allocation de Solidarit\\u00e9 Sp\\u00e9cifique (ASS) : qu'en est-il en 2025 ?\",\"isPartOf\":{\"@id\":\"https:\/\/www.mes-allocs.fr\/guides\/#website\"},\"primaryImageOfPage\":{\"@id\":\"https:\/\/www.mes-allocs.fr\/guides\/chomage\/allocation-de-solidarite-specifique\/suppression-ass\/#primaryimage\"},\"datePublished\":\"2020-12-30T04:08:51+00:00\",\"dateModified\":\"2025-06-20T10:39:39+00:00\",\"author\":{\"@id\":\"https:\/\/www.mes-allocs.fr\/guides\/#\/schema\/person\/8d47b912c0ad15f379df96b4e4e33f58\"},\"description\":\"Les b\\u00e9n\\u00e9ficiaires de l'ASS ont fait face \\u00e0 la possibilit\\u00e9 d'une suppression de leur aide. Qu'en est-il aujourd'hui ?\",\"inLanguage\":\"fr-FR\"},{\"@type\":\"Person\",\"@id\":\"https:\/\/www.mes-allocs.fr\/guides\/#\/schema\/person\/8d47b912c0ad15f379df96b4e4e33f58\",\"name\":\"Constance de Cagny\",\"image\":{\"@type\":\"ImageObject\",\"@id\":\"https:\/\/www.mes-allocs.fr\/guides\/#personlogo\",\"inLanguage\":\"fr-FR\",\"url\":\"https:\/\/www.mes-allocs.fr\/guides\/wp-content\/uploads\/2021\/06\/Constance.2e8ee0b.png\",\"caption\":\"Constance de Cagny\"},\"description\":\"Constance est r\\u00e9dactrice au sein de l'\\u00e9quipe Mes Allocs. Elle a l'habitude d'\\u00e9crire sur les sujets conso, bons plans et \\u00e9conomies. Dipl\\u00f4m\\u00e9e de l'ENACO, elle rejoint Mes Allocs apr\\u00e8s une premi\\u00e8re exp\\u00e9rience en cabinet notarial.\",\"sameAs\":[\"https:\/\/www.linkedin.com\/in\/constance-de-cagny-mayeur-bbb414135\"]}]}<\/script>\n<!-- \/ Yoast SEO plugin. -->","amp_validity":null,"acf":{"faq":{"1":{"question":"Peut-on travailler et toucher l'ASS ?","answer":"Selon le code du travail, les personnes b\u00e9n\u00e9ficiant de l\u2019ASS qui reprennent une activit\u00e9 professionnelle (salari\u00e9e ou non salari\u00e9e) peuvent cumuler leur r\u00e9mun\u00e9ration avec leur allocation pendant trois mois (cons\u00e9cutifs ou non).\r\n<br> <a href=\"https:\/\/www.mes-allocs.fr\/guides\/pole-emploi\/allocation-de-solidarite-specifique\/suppression-prime-forfaitaire-ass\/\">Lire la suite<\/a>\r\n\r\n"},"2":{"question":"Qui a droit \u00e0 l'allocation de solidarit\u00e9 sp\u00e9cifique ?","answer":"Vous avez droit \u00e0 l'allocation de solidarit\u00e9 sp\u00e9cifique si vous ne pouvez plus toucher l'ARE. Les droits \u00e0 cette allocation sont soumis \u00e0 des conditions de ressources.\r\n"},"3":{"question":"Comment est calcul\u00e9e l'allocation de solidarit\u00e9 sp\u00e9cifique ?","answer":"L'allocation de solidarit\u00e9 sp\u00e9cifique est calcul\u00e9e selon les ressources du demandeur.\r\n<br> <a href=\"https:\/\/www.mes-allocs.fr\/guides\/pole-emploi\/allocation-de-solidarite-specifique\/suppression-prime-forfaitaire-ass\/\">Lire la suite<\/a>\r\n\r\n"},"4":{"question":"Quelle allocation apr\u00e8s fin de droit ch\u00f4mage ?","answer":"Apr\u00e8s la fin de vos droits \u00e0 l'ARE, vous pouvez toucher l'ASS (Allocation de solidarit\u00e9 sp\u00e9cifique)."},"5":{"question":"Qu'est-ce que l'allocation de solidarit\u00e9 sp\u00e9cifique ?","answer":"L'ASS est une allocation qui vient remplacer l'ARE lorsque le b\u00e9n\u00e9ficiaire des allocations ch\u00f4mage ne peut plus avoir droit \u00e0 celles-ci.\r\n<br> <a href=\"https:\/\/www.mes-allocs.fr\/guides\/pole-emploi\/allocation-de-solidarite-specifique\/suppression-prime-forfaitaire-ass\/\">Lire la suite<\/a>\r\n\r\n"},"6":{"question":"Quelles aides peut-on cumuler avec l'ASS ?","answer":"Vous pouvez cumuler l'ASS avec le RSA ou la pension d'invalidit\u00e9 si vous remplissez les conditions pour les obtenir. Depuis janvier 2017, il n'est plus possible de cumuler l'AAH et l'ASS."},"7":{"question":"","answer":""},"8":{"question":"","answer":""},"9":{"question":"","answer":""},"10":{"question":"","answer":""},"11":{"question":"","answer":""},"12":{"question":"","answer":""},"13":{"question":"","answer":""},"14":{"question":"","answer":""},"15":{"question":"","answer":""},"16":{"question":"","answer":""}}},"_links":{"self":[{"href":"https:\/\/www.mes-allocs.fr\/guides\/wp-json\/wp\/v2\/posts\/17016","targetHints":{"allow":["GET"]}}],"collection":[{"href":"https:\/\/www.mes-allocs.fr\/guides\/wp-json\/wp\/v2\/posts"}],"about":[{"href":"https:\/\/www.mes-allocs.fr\/guides\/wp-json\/wp\/v2\/types\/post"}],"author":[{"embeddable":true,"href":"https:\/\/www.mes-allocs.fr\/guides\/wp-json\/wp\/v2\/users\/10"}],"replies":[{"embeddable":true,"href":"https:\/\/www.mes-allocs.fr\/guides\/wp-json\/wp\/v2\/comments?post=17016"}],"version-history":[{"count":36,"href":"https:\/\/www.mes-allocs.fr\/guides\/wp-json\/wp\/v2\/posts\/17016\/revisions"}],"predecessor-version":[{"id":100912,"href":"https:\/\/www.mes-allocs.fr\/guides\/wp-json\/wp\/v2\/posts\/17016\/revisions\/100912"}],"wp:featuredmedia":[{"embeddable":true,"href":"https:\/\/www.mes-allocs.fr\/guides\/wp-json\/wp\/v2\/media\/17027"}],"wp:attachment":[{"href":"https:\/\/www.mes-allocs.fr\/guides\/wp-json\/wp\/v2\/media?parent=17016"}],"wp:term":[{"taxonomy":"category","embeddable":true,"href":"https:\/\/www.mes-allocs.fr\/guides\/wp-json\/wp\/v2\/categories?post=17016"},{"taxonomy":"post_tag","embeddable":true,"href":"https:\/\/www.mes-allocs.fr\/guides\/wp-json\/wp\/v2\/tags?post=17016"}],"curies":[{"name":"wp","href":"https:\/\/api.w.org\/{rel}","templated":true}]}}