{"id":16896,"date":"2021-12-04T08:46:38","date_gmt":"2021-12-04T08:46:38","guid":{"rendered":"https:\/\/www.mes-allocs.fr\/guides\/?p=16896"},"modified":"2026-01-07T18:08:12","modified_gmt":"2026-01-07T17:08:12","slug":"logements-eligibles-apl","status":"publish","type":"post","link":"https:\/\/www.mes-allocs.fr\/guides\/aide-logement\/apl\/logements-eligibles-apl\/","title":{"rendered":"Quels sont les logements \u00e9ligibles \u00e0 l&rsquo;APL ?"},"content":{"rendered":"<p><a href=\"https:\/\/www.mes-allocs.fr\/guides\/wp-content\/uploads\/2020\/12\/streets-5063635_1280.jpg\"><img loading=\"lazy\" decoding=\"async\" class=\"aligncenter wp-image-16899 size-full\" src=\"https:\/\/www.mes-allocs.fr\/guides\/wp-content\/uploads\/2020\/12\/streets-5063635_1280-e1686062962450.jpg\" alt=\"logements \u00e9ligibles apl\" width=\"1280\" height=\"252\" srcset=\"https:\/\/www.mes-allocs.fr\/guides\/wp-content\/uploads\/2020\/12\/streets-5063635_1280-e1686062962450.jpg 1280w, https:\/\/www.mes-allocs.fr\/guides\/wp-content\/uploads\/2020\/12\/streets-5063635_1280-e1686062962450-300x59.jpg 300w, https:\/\/www.mes-allocs.fr\/guides\/wp-content\/uploads\/2020\/12\/streets-5063635_1280-e1686062962450-1024x202.jpg 1024w, https:\/\/www.mes-allocs.fr\/guides\/wp-content\/uploads\/2020\/12\/streets-5063635_1280-e1686062962450-768x151.jpg 768w, https:\/\/www.mes-allocs.fr\/guides\/wp-content\/uploads\/2020\/12\/streets-5063635_1280-e1686062962450-600x118.jpg 600w\" sizes=\"auto, (max-width: 1280px) 100vw, 1280px\" \/><\/a><\/p>\n<p style=\"text-align: justify;\">[Mis \u00e0 jour le 07\/01\/2026] L&rsquo;<a href=\"https:\/\/www.mes-allocs.fr\/guides\/aide-logement\/apl\/\">APL<\/a> est une des 3 aides au logement vers\u00e9es par la CAF. Elle peut vous \u00eatre attribu\u00e9e si votre logement est conventionn\u00e9, c&rsquo;est-\u00e0-dire si le propri\u00e9taire a sign\u00e9 une convention avec l&rsquo;\u00c9tat. Mes Allocs vous explique tout sur les logements \u00e9ligibles \u00e0 l&rsquo;APL.<\/p>\n<hr \/>\n<h1>Quels sont les logements \u00e9ligibles \u00e0 l&rsquo;APL ?<\/h1>\n<p style=\"text-align: justify;\">Un logement \u00e9ligible \u00e0 l&rsquo; APL est un logement conventionn\u00e9 ANAH. Le propri\u00e9taire bailleur du logement doit avoir sign\u00e9 une convention avec l&rsquo;ANAH, qui est l\u2019agence nationale pour l\u2019habitat. Pour pouvoir \u00eatre conventionn\u00e9, un logement devra \u00eatre lou\u00e9 au titre de r\u00e9sidence principale \u00e0 un locataire qui n\u2019appartient pas \u00e0 la famille du propri\u00e9taire.<a href=\"https:\/\/www.mes-allocs.fr\/guides\/wp-content\/uploads\/2020\/12\/idea-3082824_1280.jpg\"><img loading=\"lazy\" decoding=\"async\" class=\"alignright wp-image-16900 size-medium\" src=\"https:\/\/www.mes-allocs.fr\/guides\/wp-content\/uploads\/2020\/12\/idea-3082824_1280-300x200.jpg\" alt=\"logements \u00e9ligibles apl\" width=\"300\" height=\"200\" srcset=\"https:\/\/www.mes-allocs.fr\/guides\/wp-content\/uploads\/2020\/12\/idea-3082824_1280-300x200.jpg 300w, https:\/\/www.mes-allocs.fr\/guides\/wp-content\/uploads\/2020\/12\/idea-3082824_1280-1024x683.jpg 1024w, https:\/\/www.mes-allocs.fr\/guides\/wp-content\/uploads\/2020\/12\/idea-3082824_1280-768x512.jpg 768w, https:\/\/www.mes-allocs.fr\/guides\/wp-content\/uploads\/2020\/12\/idea-3082824_1280-600x400.jpg 600w, https:\/\/www.mes-allocs.fr\/guides\/wp-content\/uploads\/2020\/12\/idea-3082824_1280.jpg 1280w\" sizes=\"auto, (max-width: 300px) 100vw, 300px\" \/><\/a><\/p>\n<p style=\"text-align: justify;\">Sont donc exclus les ascendants et les descendants directs du propri\u00e9taire mais aussi les conjoints et les concubins. En tant que locataire, pour savoir si votre logement est conventionn\u00e9 il vous suffira de demander \u00e0 votre propri\u00e9taire et de v\u00e9rifier que cette convention est bien indiqu\u00e9e sur le bail.<\/p>\n<p>Si le propri\u00e9taire de votre logement n&rsquo;a pas sign\u00e9 une convention, vous pourrez demander l\u2019ALS qui remplacera dans ce cas les APL. L\u2019ALS est aussi une aide sociale plafonn\u00e9e et d\u00e9termin\u00e9e en fonction de vos revenus. En revanche, APL et ALS ne sont pas cumulables, tout comme votre logement ne saurait \u00eatre conventionn\u00e9 et non conventionn\u00e9 \u00e0 la fois.<\/p>\n<div class='cta-block'><div class='text'>Simulez toutes vos aides en 2 min. Gratuit.<\/div><a href='https:\/\/www.mes-allocs.fr\/ab-app?origin=guides\/wp-json\/wp\/v2\/posts\/16896' class='app-button fit'>Simulation gratuite<\/a><\/div>\n<p><iframe loading=\"lazy\" title=\"L&#039;APL\" width=\"500\" height=\"281\" src=\"https:\/\/www.youtube.com\/embed\/dfDRI2qg_z4?feature=oembed\" frameborder=\"0\" allow=\"accelerometer; autoplay; clipboard-write; encrypted-media; gyroscope; picture-in-picture; web-share\" referrerpolicy=\"strict-origin-when-cross-origin\" allowfullscreen><\/iframe><\/p>\n<h1>Avantages d&rsquo;un logement conventionn\u00e9<\/h1>\n<p>Rappelons que pour demander l&rsquo;APL, vous devez \u00eatre dans un logement conventionn\u00e9 APL. La convention implique certaines obligations pour le bailleur. Il s\u2019engage donc \u00e0 ne pas d\u00e9passer un certain montant de loyer. En contrepartie, ce dernier va recevoir des aides \u00e0 la r\u00e9novation et des r\u00e9ductions fiscales.<\/p>\n<p><strong>La convention dure six ans, ce qui pr\u00e9sente des avantages fiscaux pour le propri\u00e9taire et financiers pour le locataire qui pourra b\u00e9n\u00e9ficier des APL.\u00a0<\/strong><\/p>\n<h1>Qu&rsquo;est-ce que l&rsquo;APL ?<\/h1>\n<p>L\u2019<strong>aide personnalis\u00e9e au logement<\/strong>\u00a0(<strong>APL<\/strong>) est une\u00a0<strong>allocation logement<\/strong>\u00a0destin\u00e9e \u00e0 r\u00e9duire le montant d\u2019un loyer ou des mensualit\u00e9s dans le cas d\u2019un emprunt immobilier.<\/p>\n<p>Selon votre r\u00e9gime d\u2019affiliation, elle peut \u00eatre vers\u00e9e par :<\/p>\n<ul>\n<li>La Mutualit\u00e9 sociale agricole (MSA) pour les assur\u00e9s du r\u00e9gime agricole<\/li>\n<li>La Caisse d\u2019allocations familiales (CAF) pour les autres<\/li>\n<\/ul>\n<div class='cta-block'><div class='text'>Simulez toutes vos aides en 2 min. Gratuit.<\/div><a href='https:\/\/www.mes-allocs.fr\/ab-app?origin=guides\/wp-json\/wp\/v2\/posts\/16896' class='app-button fit'>Simulation gratuite<\/a><\/div>\n<h1>Qui peut demander l&rsquo;APL ?<\/h1>\n<p><strong>L&rsquo;APL peut vous \u00eatre attribu\u00e9e si vous \u00eates :<\/strong><\/p>\n<ul>\n<li>Locataire<\/li>\n<li>Colocataire<\/li>\n<li>Sous-locataire, sous certaines conditions<\/li>\n<li>R\u00e9sident en foyer d\u2019h\u00e9bergement<\/li>\n<\/ul>\n<p><strong>\u00c0 noter : il n\u2019y a\u00a0pas de minimum ou de limite d\u2019\u00e2ge\u00a0pour b\u00e9n\u00e9ficier de l\u2019APL. Un enfant mineur \u00e9mancip\u00e9 qui peut poss\u00e8de un bail \u00e0 son nom peut percevoir l\u2019aide. Pour l\u2019enfant mineur non-\u00e9mancip\u00e9, le bail doit \u00eatre co-sign\u00e9 par ses parents.<\/strong><\/p>\n<h1>Conditions de ressources<\/h1>\n<p>L\u2019<strong>aide personnalis\u00e9e au logement<\/strong>\u00a0est attribu\u00e9e sous conditions de\u00a0<strong>ressources<\/strong>. Elle n\u2019est plus vers\u00e9e au-del\u00e0 de certains\u00a0<strong>plafonds, ce dernier varie <\/strong>en fonction de la composition de votre foyer et de votre lieu de r\u00e9sidence.<\/p>\n\n<div class=\"wpdt-c row wpDataTableContainerSimpleTable wpDataTables wpDataTablesWrapper\n\"\n    >\n    <table id=\"wpdtSimpleTable-145\"\n           class=\"wpdtSimpleTable wpDataTable\"\n           data-column=\"2\"\n           data-rows=\"10\"\n           data-wpID=\"145\"\n           data-responsive=\"0\"\n           data-has-header=\"1\">\n\n                    <thead>        <tr class=\"wpdt-cell-row \" >\n                            <th class=\"wpdt-cell wpdt-bold wpdt-bc-F3F9FE\"\n                                    data-cell-id=\"A1\"\n                data-col-index=\"0\"\n                data-row-index=\"0\"\n                style=\" width:26.151930261519%;                padding:10px;\"\n                >\n                                Composition du foyer                <\/th>\n                                            <th class=\"wpdt-cell wpdt-bold wpdt-bc-F3F9FE\"\n                                    data-cell-id=\"B1\"\n                data-col-index=\"1\"\n                data-row-index=\"0\"\n                style=\" width:73.848069738481%;                padding:10px;\"\n                >\n                                Plafonds de ressources (en \u20ac) \u00e0 ne pas d\u00e9passer pour toucher le montant maximal d'APL en 2026                <\/th>\n                                        <\/tr>\n                    <tbody>        <tr class=\"wpdt-cell-row \" >\n                            <td class=\"wpdt-cell wpdt-bold wpdt-bc-F3F9FE\"\n                                    data-cell-id=\"A2\"\n                data-col-index=\"0\"\n                data-row-index=\"1\"\n                style=\"                padding:10px;\"\n                >\n                                Personne seule                <\/td>\n                                            <td class=\"wpdt-cell wpdt-bc-FFFFFF\"\n                                    data-cell-id=\"B2\"\n                data-col-index=\"1\"\n                data-row-index=\"1\"\n                style=\"                padding:10px;\"\n                >\n                                5 235                <\/td>\n                                        <\/tr>\n                            <tr class=\"wpdt-cell-row \" >\n                            <td class=\"wpdt-cell wpdt-bold wpdt-bc-F3F9FE\"\n                                    data-cell-id=\"A3\"\n                data-col-index=\"0\"\n                data-row-index=\"2\"\n                style=\"                padding:10px;\"\n                >\n                                Couple sans personne \u00e0 charge                <\/td>\n                                            <td class=\"wpdt-cell wpdt-bc-FFFFFF\"\n                                    data-cell-id=\"B3\"\n                data-col-index=\"1\"\n                data-row-index=\"2\"\n                style=\"                padding:10px;\"\n                >\n                                7 501                <\/td>\n                                        <\/tr>\n                            <tr class=\"wpdt-cell-row \" >\n                            <td class=\"wpdt-cell wpdt-bold wpdt-bc-F3F9FE\"\n                                    data-cell-id=\"A4\"\n                data-col-index=\"0\"\n                data-row-index=\"3\"\n                style=\"                padding:10px;\"\n                >\n                                Personne seule ou couple avec une personne \u00e0 charge                <\/td>\n                                            <td class=\"wpdt-cell wpdt-bc-FFFFFF\"\n                                    data-cell-id=\"B4\"\n                data-col-index=\"1\"\n                data-row-index=\"3\"\n                style=\"                padding:10px;\"\n                >\n                                8 947                <\/td>\n                                        <\/tr>\n                            <tr class=\"wpdt-cell-row \" >\n                            <td class=\"wpdt-cell wpdt-bold wpdt-bc-F3F9FE\"\n                                    data-cell-id=\"A5\"\n                data-col-index=\"0\"\n                data-row-index=\"4\"\n                style=\"                padding:10px;\"\n                >\n                                Personne seule ou couple ayant 2 personnes \u00e0 charge                <\/td>\n                                            <td class=\"wpdt-cell wpdt-bc-FFFFFF\"\n                                    data-cell-id=\"B5\"\n                data-col-index=\"1\"\n                data-row-index=\"4\"\n                style=\"                padding:10px;\"\n                >\n                                9 148                <\/td>\n                                        <\/tr>\n                            <tr class=\"wpdt-cell-row \" >\n                            <td class=\"wpdt-cell wpdt-bold wpdt-bc-F3F9FE\"\n                                    data-cell-id=\"A6\"\n                data-col-index=\"0\"\n                data-row-index=\"5\"\n                style=\"                padding:10px;\"\n                >\n                                Personne seule ou couple ayant 3 personnes \u00e0 charge                <\/td>\n                                            <td class=\"wpdt-cell wpdt-bc-FFFFFF\"\n                                    data-cell-id=\"B6\"\n                data-col-index=\"1\"\n                data-row-index=\"5\"\n                style=\"                padding:10px;\"\n                >\n                                9 498                <\/td>\n                                        <\/tr>\n                            <tr class=\"wpdt-cell-row \" >\n                            <td class=\"wpdt-cell wpdt-bold wpdt-bc-F3F9FE\"\n                                    data-cell-id=\"A7\"\n                data-col-index=\"0\"\n                data-row-index=\"6\"\n                style=\"                padding:10px;\"\n                >\n                                Personne seule ou couple ayant 4 personnes \u00e0 charge                <\/td>\n                                            <td class=\"wpdt-cell wpdt-bc-FFFFFF\"\n                                    data-cell-id=\"B7\"\n                data-col-index=\"1\"\n                data-row-index=\"6\"\n                style=\"                padding:10px;\"\n                >\n                                9 851                <\/td>\n                                        <\/tr>\n                            <tr class=\"wpdt-cell-row \" >\n                            <td class=\"wpdt-cell wpdt-bold wpdt-bc-F3F9FE\"\n                                    data-cell-id=\"A8\"\n                data-col-index=\"0\"\n                data-row-index=\"7\"\n                style=\"                padding:10px;\"\n                >\n                                Personne seule ou couple ayant 5 personnes \u00e0 charge                <\/td>\n                                            <td class=\"wpdt-cell wpdt-bc-FFFFFF\"\n                                    data-cell-id=\"B8\"\n                data-col-index=\"1\"\n                data-row-index=\"7\"\n                style=\"                padding:10px;\"\n                >\n                                10 202                <\/td>\n                                        <\/tr>\n                            <tr class=\"wpdt-cell-row \" >\n                            <td class=\"wpdt-cell wpdt-bold wpdt-bc-F3F9FE\"\n                                    data-cell-id=\"A9\"\n                data-col-index=\"0\"\n                data-row-index=\"8\"\n                style=\"                padding:10px;\"\n                >\n                                Personne seule ou couple ayant 6 personnes \u00e0 charge                <\/td>\n                                            <td class=\"wpdt-cell wpdt-bc-FFFFFF\"\n                                    data-cell-id=\"B9\"\n                data-col-index=\"1\"\n                data-row-index=\"8\"\n                style=\"                padding:10px;\"\n                >\n                                10 554                <\/td>\n                                        <\/tr>\n                            <tr class=\"wpdt-cell-row \" >\n                            <td class=\"wpdt-cell wpdt-bold wpdt-bc-F3F9FE\"\n                                    data-cell-id=\"A10\"\n                data-col-index=\"0\"\n                data-row-index=\"9\"\n                style=\"                padding:10px;\"\n                >\n                                Par personne \u00e0 charge suppl\u00e9mentaire                <\/td>\n                                            <td class=\"wpdt-cell wpdt-bc-FFFFFF\"\n                                    data-cell-id=\"B10\"\n                data-col-index=\"1\"\n                data-row-index=\"9\"\n                style=\"                padding:10px;\"\n                >\n                                + 346                <\/td>\n                                        <\/tr>\n                    <\/table>\n<\/div><style id='wpdt-custom-style-145'>\ntable#wpdtSimpleTable-145{ table-layout: fixed !important; }\n.wpdt-bc-F3F9FE { background-color: #F3F9FE !important;}\n.wpdt-bc-FFFFFF { background-color: #FFFFFF !important;}\n<\/style>\n\n<p>Pour les demandes faites en 2026, c\u2019est le revenu net cat\u00e9goriel de 2025 qui est pris en compte. Si vous \u00eates en colocation, ce sont les ressources de chacun des colocataires qui sont prises en compte.<\/p>\n<h1>Comment faire une demande d&rsquo;APL ?<\/h1>\n<p style=\"text-align: justify;\"><span class=\"amp-wp-fe3f5cc\" data-amp-original-style=\"font-weight: 400;\">Pour faire votre <\/span><span class=\"amp-wp-fe3f5cc\" data-amp-original-style=\"font-weight: 400;\">demande d\u2019aide personnalis\u00e9e au logement APL<\/span><span class=\"amp-wp-fe3f5cc\" data-amp-original-style=\"font-weight: 400;\">,\u00a0<\/span><span class=\"amp-wp-fe3f5cc\" data-amp-original-style=\"font-weight: 400;\">que vous soyez propri\u00e9taire ou bien locataire, vous devez faire votre demande en ligne sur le site internet de la CAF.<\/span>\u00a0Pour faire une demande d\u2019aide au logement, vous devez remplir un formulaire CERFA (attention : celui-ci n\u2019est pas le m\u00eame si vous \u00eates propri\u00e9taire ou locataire) et y joindre les pi\u00e8ces justificatives demand\u00e9es. Sinon, vous pouvez opter pour\u00a0<a href=\"https:\/\/www.mes-allocs.fr\/signature\">Mes Allocs\u00a0<\/a>! Nous nous chargeons de toutes les d\u00e9marches administratives \u00e0 votre place.<\/p>\n<div class='cta-block'><div class='text'>Simulez toutes vos aides en 2 min. Gratuit.<\/div><a href='https:\/\/www.mes-allocs.fr\/ab-app?origin=guides\/wp-json\/wp\/v2\/posts\/16896' class='app-button fit'>Simulation gratuite<\/a><\/div>\n<h1>L&rsquo;APL pour les retrait\u00e9s<\/h1>\n<p>Les personnes \u00e2g\u00e9es vivant en <strong>maison de retraite<\/strong>\u00a0ou en\u00a0<strong>EHPAD<\/strong> peuvent b\u00e9n\u00e9ficier de l\u2019<strong>aide personnalis\u00e9e au logement.<\/strong><\/p>\n<p>L\u2019APL est vers\u00e9e uniquement si l\u2019\u00e9tablissement est conventionn\u00e9 autrement dit si une convention a \u00e9t\u00e9 pass\u00e9e avec le Pr\u00e9fet. Dans le cas contraire, il y a d&rsquo;autres aides existantes, il est possible de faire une demande d&rsquo; allocation de logement social (ALS).<\/p>\n<p>Plusieurs informations sont prises en compte pour conna\u00eetre le montant de vos droits :<\/p>\n<ul>\n<li>Les ressources<\/li>\n<li>Le co\u00fbt de l\u2019h\u00e9bergement<\/li>\n<li>La zone g\u00e9ographique de l&rsquo;\u00e9tablissement<\/li>\n<\/ul>\n<h1>Simulation de l&rsquo;APL<\/h1>\n<p class=\"amp-wp-7d27179\" data-amp-original-style=\"text-align: justify;\"><span class=\"amp-wp-fe3f5cc\" data-amp-original-style=\"font-weight: 400;\">Le montant de l\u2019APL (Aide Personnalis\u00e9e au Logement) est vers\u00e9e tous les mois. Si vous \u00eates locataire, l\u2019APL est souvent\u00a0<\/span>attribu\u00e9e directement \u00e0 votre propri\u00e9taire<span class=\"amp-wp-fe3f5cc\" data-amp-original-style=\"font-weight: 400;\">, ou au gestionnaire de votre logement si vous \u00eates locataire.<\/span><a href=\"https:\/\/www.mes-allocs.fr\/guides\/wp-content\/uploads\/2020\/12\/office-620822_1280-1.jpg\"><img loading=\"lazy\" decoding=\"async\" class=\"alignright wp-image-16902 size-medium\" src=\"https:\/\/www.mes-allocs.fr\/guides\/wp-content\/uploads\/2020\/12\/office-620822_1280-1-300x199.jpg\" alt=\"logements \u00e9ligibles apl\" width=\"300\" height=\"199\" srcset=\"https:\/\/www.mes-allocs.fr\/guides\/wp-content\/uploads\/2020\/12\/office-620822_1280-1-300x199.jpg 300w, https:\/\/www.mes-allocs.fr\/guides\/wp-content\/uploads\/2020\/12\/office-620822_1280-1-1024x680.jpg 1024w, https:\/\/www.mes-allocs.fr\/guides\/wp-content\/uploads\/2020\/12\/office-620822_1280-1-768x510.jpg 768w, https:\/\/www.mes-allocs.fr\/guides\/wp-content\/uploads\/2020\/12\/office-620822_1280-1-600x398.jpg 600w, https:\/\/www.mes-allocs.fr\/guides\/wp-content\/uploads\/2020\/12\/office-620822_1280-1.jpg 1280w\" sizes=\"auto, (max-width: 300px) 100vw, 300px\" \/><\/a><\/p>\n<p class=\"amp-wp-7d27179\" data-amp-original-style=\"text-align: justify;\"><span class=\"amp-wp-fe3f5cc\" data-amp-original-style=\"font-weight: 400;\">Ceux-ci r\u00e9duisent alors le montant de votre loyer de la somme d\u2019APL qui leur a \u00e9t\u00e9 vers\u00e9e. Si vous \u00eates en situation d\u2019acc\u00e8s \u00e0 la propri\u00e9t\u00e9, l\u2019APL est vers\u00e9e directement votre l\u2019\u00e9tablissement bancaire. Vos mensualit\u00e9s de remboursement d\u2019emprunt seront diminu\u00e9es du montant de l\u2019APL.<\/span><\/p>\n<p>Vous pouvez faire une estimation d\u2019APL logement gratuitement avec le simulateur de Mes Allocs. en deux minutes vous aurez une estimation fiable de vos droits ! Mieux encore, en souscrivant au service d\u2019accompagnement. un expert Mes Allocs se charge \u00e0 votre place de faire les d\u00e9marches administratives.<\/p>\n<div class='cta-block'><div class='text'>Simulez toutes vos aides en 2 min. Gratuit.<\/div><a href='https:\/\/www.mes-allocs.fr\/ab-app?origin=guides\/wp-json\/wp\/v2\/posts\/16896' class='app-button fit'>Simulation gratuite<\/a><\/div>\n","protected":false},"excerpt":{"rendered":"<p>[Mis \u00e0 jour le 07\/01\/2026] L&rsquo;APL est une des 3 aides au logement vers\u00e9es par la CAF. Elle peut vous \u00eatre attribu\u00e9e si votre logement est conventionn\u00e9, c&rsquo;est-\u00e0-dire si le propri\u00e9taire a sign\u00e9 une convention avec l&rsquo;\u00c9tat. Mes Allocs vous explique tout sur les logements \u00e9ligibles \u00e0 l&rsquo;APL. Quels sont les logements \u00e9ligibles \u00e0 l&rsquo;APL [&hellip;]<\/p>\n","protected":false},"author":10,"featured_media":16899,"comment_status":"open","ping_status":"open","sticky":false,"template":"","format":"standard","meta":{"amp_status":"","footnotes":""},"categories":[1,4],"tags":[],"class_list":["post-16896","post","type-post","status-publish","format-standard","has-post-thumbnail","hentry","category-aide-logement","category-apl"],"yoast_head":"<!-- This site is optimized with the Yoast SEO plugin v14.9 - https:\/\/yoast.com\/wordpress\/plugins\/seo\/ -->\n<title>Quels sont les logements \u00e9ligibles \u00e0 l&#039;APL ? | Mes-Allocs.fr<\/title>\n<meta name=\"description\" content=\"L&#039;APL est une aide au logement accesible si vous habitez un logement conventionn\u00e9. Mes Allocs vous explique tout sur les logements \u00e9ligibles\" \/>\n<meta name=\"robots\" content=\"index, follow, max-snippet:-1, max-image-preview:large, max-video-preview:-1\" \/>\n<link rel=\"canonical\" href=\"https:\/\/www.mes-allocs.fr\/guides\/aide-logement\/apl\/logements-eligibles-apl\/\" \/>\n<meta property=\"og:locale\" content=\"fr_FR\" \/>\n<meta property=\"og:type\" content=\"article\" \/>\n<meta property=\"og:title\" content=\"Quels sont les logements \u00e9ligibles \u00e0 l&#039;APL ? | Mes-Allocs.fr\" \/>\n<meta property=\"og:description\" content=\"L&#039;APL est une aide au logement accesible si vous habitez un logement conventionn\u00e9. Mes Allocs vous explique tout sur les logements \u00e9ligibles\" \/>\n<meta property=\"og:url\" content=\"https:\/\/www.mes-allocs.fr\/guides\/aide-logement\/apl\/logements-eligibles-apl\/\" \/>\n<meta property=\"og:site_name\" content=\"Mes-Allocs.fr\" \/>\n<meta property=\"article:published_time\" content=\"2021-12-04T08:46:38+00:00\" \/>\n<meta property=\"article:modified_time\" content=\"2026-01-07T17:08:12+00:00\" \/>\n<meta property=\"og:image\" content=\"https:\/\/www.mes-allocs.fr\/guides\/wp-content\/uploads\/2020\/12\/streets-5063635_1280-e1686062962450.jpg?wsr\" \/>\n\t<meta property=\"og:image:width\" content=\"1280\" \/>\n\t<meta property=\"og:image:height\" content=\"252\" \/>\n<meta name=\"twitter:card\" content=\"summary_large_image\" \/>\n<script type=\"application\/ld+json\" class=\"yoast-schema-graph\">{\"@context\":\"https:\/\/schema.org\",\"@graph\":[{\"@type\":\"WebSite\",\"@id\":\"https:\/\/www.mes-allocs.fr\/guides\/#website\",\"url\":\"https:\/\/www.mes-allocs.fr\/guides\/\",\"name\":\"Mes-Allocs.fr\",\"description\":\"\",\"potentialAction\":[{\"@type\":\"SearchAction\",\"target\":\"https:\/\/www.mes-allocs.fr\/guides\/?s={search_term_string}\",\"query-input\":\"required name=search_term_string\"}],\"inLanguage\":\"fr-FR\"},{\"@type\":\"ImageObject\",\"@id\":\"https:\/\/www.mes-allocs.fr\/guides\/aide-logement\/apl\/logements-eligibles-apl\/#primaryimage\",\"inLanguage\":\"fr-FR\",\"url\":\"https:\/\/www.mes-allocs.fr\/guides\/wp-content\/uploads\/2020\/12\/streets-5063635_1280-e1686062962450.jpg?wsr\",\"width\":1280,\"height\":252,\"caption\":\"streets 5063635 1280\"},{\"@type\":\"WebPage\",\"@id\":\"https:\/\/www.mes-allocs.fr\/guides\/aide-logement\/apl\/logements-eligibles-apl\/#webpage\",\"url\":\"https:\/\/www.mes-allocs.fr\/guides\/aide-logement\/apl\/logements-eligibles-apl\/\",\"name\":\"Quels sont les logements \\u00e9ligibles \\u00e0 l'APL ? | Mes-Allocs.fr\",\"isPartOf\":{\"@id\":\"https:\/\/www.mes-allocs.fr\/guides\/#website\"},\"primaryImageOfPage\":{\"@id\":\"https:\/\/www.mes-allocs.fr\/guides\/aide-logement\/apl\/logements-eligibles-apl\/#primaryimage\"},\"datePublished\":\"2021-12-04T08:46:38+00:00\",\"dateModified\":\"2026-01-07T17:08:12+00:00\",\"author\":{\"@id\":\"https:\/\/www.mes-allocs.fr\/guides\/#\/schema\/person\/8d47b912c0ad15f379df96b4e4e33f58\"},\"description\":\"L'APL est une aide au logement accesible si vous habitez un logement conventionn\\u00e9. Mes Allocs vous explique tout sur les logements \\u00e9ligibles\",\"inLanguage\":\"fr-FR\"},{\"@type\":\"Person\",\"@id\":\"https:\/\/www.mes-allocs.fr\/guides\/#\/schema\/person\/8d47b912c0ad15f379df96b4e4e33f58\",\"name\":\"Constance de Cagny\",\"image\":{\"@type\":\"ImageObject\",\"@id\":\"https:\/\/www.mes-allocs.fr\/guides\/#personlogo\",\"inLanguage\":\"fr-FR\",\"url\":\"https:\/\/www.mes-allocs.fr\/guides\/wp-content\/uploads\/2021\/06\/Constance.2e8ee0b.png\",\"caption\":\"Constance de Cagny\"},\"description\":\"Constance est r\\u00e9dactrice au sein de l'\\u00e9quipe Mes Allocs. Elle a l'habitude d'\\u00e9crire sur les sujets conso, bons plans et \\u00e9conomies. Dipl\\u00f4m\\u00e9e de l'ENACO, elle rejoint Mes Allocs apr\\u00e8s une premi\\u00e8re exp\\u00e9rience en cabinet notarial.\",\"sameAs\":[\"https:\/\/www.linkedin.com\/in\/constance-de-cagny-mayeur-bbb414135\"]}]}<\/script>\n<!-- \/ Yoast SEO plugin. -->","amp_validity":null,"acf":{"faq":{"1":{"question":"\ud83e\udd14  Comment savoir si un logement est \u00e9ligible APL ? ","answer":"Pour savoir si votre logement est conventionn\u00e9 il vous suffira de demander \u00e0 votre propri\u00e9taire et de v\u00e9rifier que cette convention est bien indiqu\u00e9e sur le bail. Si votre logement n'est pas conventionn\u00e9, vous pourrez demander l'ALS qui remplacera dans ce cas les APL."},"2":{"question":"\ud83e\udd37\u200d\u2640\ufe0f Comment faire conventionner un logement APL ? ","answer":"Pour que le locataire puisse b\u00e9n\u00e9ficier d'une aide personnalis\u00e9e au logement (APL), le bailleur doit avoir conclu une convention APL avec l'\u00c9tat "},"3":{"question":"\ud83e\udd1d Comment b\u00e9n\u00e9ficier de l'APL ? ","answer":"Pour b\u00e9n\u00e9ficier de l'APL vous devez vous rendre sur le site de la CAF dans votre espace personnel. Remplir le formulaire et communiquer les pi\u00e8ces justificatives demand\u00e9es"},"4":{"question":"\ud83e\udd14  Comment est calcul\u00e9 l'APL 2026 ?","answer":"La formule de calcul de base est la suivante : Montant d'APL = L + C-PP, o\u00f9 : L : loyer principal mensuel que vous payez, pris en compte dans la limite du plafond ci-dessous."},"5":{"question":"\ud83e\udd37\u200d\u2640\ufe0f  Quelles sont les conditions li\u00e9es aux APL pour colocataire ?","answer":"Les conditions li\u00e9es aux APL colocataire peuvent varier en fonction de vos ressources et de votre logement. La m\u00e9thode rapide pour conna\u00eetre votre \u00e9ligibilit\u00e9 est de faire la simulation gratuite d'APL colocataire directement sur le site de Mes Allocs."},"6":{"question":"\ud83e\udd1d \u00c0 quelles conditions recevoir l'APL en colocation ?","answer":"Pour b\u00e9n\u00e9ficier de l'APL en \u00e9tant en colocation, plusieurs conditions doivent \u00eatre respect\u00e9es :\r\n\r\n- les colocataires souhaitant toucher les APL doivent figurer sur le bail de location ;\r\n- chaque colocataire doit faire sa propre demande aupr\u00e8s de la CAF ;\r\n- le logement doit \u00eatre conventionn\u00e9."},"7":{"question":"","answer":""},"8":{"question":"","answer":""},"9":{"question":"","answer":""},"10":{"question":"","answer":""},"11":{"question":"","answer":""},"12":{"question":"","answer":""},"13":{"question":"","answer":""},"14":{"question":"","answer":""},"15":{"question":"","answer":""},"16":{"question":"","answer":""}}},"_links":{"self":[{"href":"https:\/\/www.mes-allocs.fr\/guides\/wp-json\/wp\/v2\/posts\/16896","targetHints":{"allow":["GET"]}}],"collection":[{"href":"https:\/\/www.mes-allocs.fr\/guides\/wp-json\/wp\/v2\/posts"}],"about":[{"href":"https:\/\/www.mes-allocs.fr\/guides\/wp-json\/wp\/v2\/types\/post"}],"author":[{"embeddable":true,"href":"https:\/\/www.mes-allocs.fr\/guides\/wp-json\/wp\/v2\/users\/10"}],"replies":[{"embeddable":true,"href":"https:\/\/www.mes-allocs.fr\/guides\/wp-json\/wp\/v2\/comments?post=16896"}],"version-history":[{"count":18,"href":"https:\/\/www.mes-allocs.fr\/guides\/wp-json\/wp\/v2\/posts\/16896\/revisions"}],"predecessor-version":[{"id":107140,"href":"https:\/\/www.mes-allocs.fr\/guides\/wp-json\/wp\/v2\/posts\/16896\/revisions\/107140"}],"wp:featuredmedia":[{"embeddable":true,"href":"https:\/\/www.mes-allocs.fr\/guides\/wp-json\/wp\/v2\/media\/16899"}],"wp:attachment":[{"href":"https:\/\/www.mes-allocs.fr\/guides\/wp-json\/wp\/v2\/media?parent=16896"}],"wp:term":[{"taxonomy":"category","embeddable":true,"href":"https:\/\/www.mes-allocs.fr\/guides\/wp-json\/wp\/v2\/categories?post=16896"},{"taxonomy":"post_tag","embeddable":true,"href":"https:\/\/www.mes-allocs.fr\/guides\/wp-json\/wp\/v2\/tags?post=16896"}],"curies":[{"name":"wp","href":"https:\/\/api.w.org\/{rel}","templated":true}]}}