{"id":16893,"date":"2020-12-21T13:17:38","date_gmt":"2020-12-21T13:17:38","guid":{"rendered":"https:\/\/www.mes-allocs.fr\/guides\/?p=16893"},"modified":"2026-01-12T17:27:53","modified_gmt":"2026-01-12T16:27:53","slug":"conditions-apl-apprenti","status":"publish","type":"post","link":"https:\/\/www.mes-allocs.fr\/guides\/aide-logement\/apl\/apl-etudiant\/conditions-apl-apprenti\/","title":{"rendered":"Quelles sont les conditions de l&rsquo;APL apprenti ?"},"content":{"rendered":"<p><a href=\"https:\/\/www.mes-allocs.fr\/guides\/wp-content\/uploads\/2020\/12\/pexels-andrea-piacquadio-3783725.jpg\"><img loading=\"lazy\" decoding=\"async\" class=\"aligncenter wp-image-16913 size-full\" src=\"https:\/\/www.mes-allocs.fr\/guides\/wp-content\/uploads\/2020\/12\/pexels-andrea-piacquadio-3783725-e1686060562162.jpg\" alt=\"conditions APL apprenti\" width=\"1280\" height=\"230\" \/><\/a><\/p>\n<p style=\"text-align: justify;\">[Mis \u00e0 jour le 12\/01\/2026] L&rsquo;APL est une <a href=\"https:\/\/www.mes-allocs.fr\/guides\/aide-logement\/\">aide au logement<\/a> permettant un acc\u00e8s aux logements plus facilement. Particuli\u00e8rement pour les \u00e9tudiants, ou les apprentis pour qui le co\u00fbt du loyer repr\u00e9sente une charge non n\u00e9gligeable. Pour en b\u00e9n\u00e9ficier, de nombreuses conditions sont \u00e0 respecter. Mes Allocs vous explique tout sur l&rsquo;APL pour les apprentis.<\/p>\n<hr \/>\n<h1>Un apprenti peut-il percevoir l&rsquo;APL ?<\/h1>\n<p>En tant que salari\u00e9 apprenti, vous pouvez faire une demande d&rsquo;APL.<\/p>\n<p style=\"text-align: justify;\">En tant que salari\u00e9, l&rsquo;apprenti est \u00e9ligible au versement de plusieurs aides financi\u00e8res comme l&rsquo;APL (aide personnalis\u00e9e au logement). De mani\u00e8re g\u00e9n\u00e9rale, cette aide est vers\u00e9e sous certaines conditions. Plusieurs informations sont prises en compte,\u00a0le logement doit \u00eatre la r\u00e9sidence principale du b\u00e9n\u00e9ficiaire et \u00eatre situ\u00e9e en France.<\/p>\n<p>&nbsp;<\/p>\n<p style=\"text-align: justify;\">L&rsquo;aide personnalis\u00e9e au logement est attribu\u00e9e pour le logement dont la personne est locataire ou colocataire, ou r\u00e9sident en foyer d&rsquo;h\u00e9bergement.<\/p>\n<div class='cta-block'><div class='text'>Simulez toutes vos aides en 2 min. Gratuit.<\/div><a href='https:\/\/www.mes-allocs.fr\/ab-app?origin=guides\/wp-json\/wp\/v2\/posts\/16893' class='app-button fit'>Simulation gratuite<\/a><\/div>\n<h1>Qu&rsquo;est-ce que l&rsquo;APL ?<\/h1>\n<p style=\"text-align: justify;\"><span class=\"amp-wp-fe3f5cc\" data-amp-original-style=\"font-weight: 400;\">Les aides au logement repr\u00e9sentent trois aides diff\u00e9rentes qui sont l\u2019<\/span><span class=\"amp-wp-fe3f5cc\" data-amp-original-style=\"font-weight: 400;\">Aide Personnalis\u00e9e au Logement<\/span><span class=\"amp-wp-fe3f5cc\" data-amp-original-style=\"font-weight: 400;\">, l\u2019<\/span><span class=\"amp-wp-fe3f5cc\" data-amp-original-style=\"font-weight: 400;\">Allocation de Logement Social<\/span><span class=\"amp-wp-fe3f5cc\" data-amp-original-style=\"font-weight: 400;\">\u00a0(ALS) et enfin l\u2019<\/span><span class=\"amp-wp-fe3f5cc\" data-amp-original-style=\"font-weight: 400;\">Allocation de Logement Familial<\/span><span class=\"amp-wp-fe3f5cc\" data-amp-original-style=\"font-weight: 400;\">\u00a0(ALF).\u00a0<\/span><\/p>\n<p style=\"text-align: justify;\"><span class=\"amp-wp-fe3f5cc\" data-amp-original-style=\"font-weight: 400;\">Ainsi, effectuer une estimation logement APL revient \u00e0 estimer le montant de l\u2019aide au logement dont vous pouvez b\u00e9n\u00e9ficier.\u00a0<\/span><\/p>\n<p style=\"text-align: justify;\"><span class=\"amp-wp-fe3f5cc\" data-amp-original-style=\"font-weight: 400;\">Les droits estim\u00e9s varient selon la situation personnelle de chaque demandeur. Les conditions d\u2019attribution retenues pour les APL sont principalement les suivantes :<\/span><\/p>\n<ul>\n<li class=\"amp-wp-fe3f5cc\" style=\"text-align: justify;\" data-amp-original-style=\"font-weight: 400;\"><span class=\"amp-wp-fe3f5cc\" data-amp-original-style=\"font-weight: 400;\">La situation familiale du foyer ;<\/span><\/li>\n<li class=\"amp-wp-fe3f5cc\" style=\"text-align: justify;\" data-amp-original-style=\"font-weight: 400;\"><span class=\"amp-wp-fe3f5cc\" data-amp-original-style=\"font-weight: 400;\">La situation professionnelle de chaque membre du foyer ;<\/span><\/li>\n<li class=\"amp-wp-fe3f5cc\" data-amp-original-style=\"font-weight: 400;\"><span class=\"amp-wp-fe3f5cc\" data-amp-original-style=\"font-weight: 400;\">Les conditions de ressources de l\u2019ensemble du foyer ;<\/span><\/li>\n<li class=\"amp-wp-fe3f5cc\" data-amp-original-style=\"font-weight: 400;\"><span class=\"amp-wp-fe3f5cc\" data-amp-original-style=\"font-weight: 400;\">Le montant du loyer hors charges ou les mensualit\u00e9s d\u2019un pr\u00eat immobilier ;<\/span><\/li>\n<li class=\"amp-wp-fe3f5cc\" data-amp-original-style=\"font-weight: 400;\"><span class=\"amp-wp-fe3f5cc\" data-amp-original-style=\"font-weight: 400;\">Le type de logement (appartement, conventionn\u00e9, etc.) ;<\/span><\/li>\n<li class=\"amp-wp-fe3f5cc\" data-amp-original-style=\"font-weight: 400;\"><span class=\"amp-wp-fe3f5cc\" data-amp-original-style=\"font-weight: 400;\">La zone g\u00e9ographique dans laquelle se situe le logement.<\/span><\/li>\n<\/ul>\n<p style=\"text-align: justify;\"><span class=\"amp-wp-fe3f5cc\" data-amp-original-style=\"font-weight: 400;\">Il faut savoir que les revenus pris en compte sont ceux des 12 derniers mois. Pour une demande effectu\u00e9e en janvier 2026, il faudra alors int\u00e9grer les revenus de janvier 2025 \u00e0 d\u00e9cembre 2025.<\/span><\/p>\n<p>&nbsp;<\/p>\n<p><iframe loading=\"lazy\" title=\"L&#039;APL\" width=\"500\" height=\"281\" src=\"https:\/\/www.youtube.com\/embed\/dfDRI2qg_z4?feature=oembed\" frameborder=\"0\" allow=\"accelerometer; autoplay; clipboard-write; encrypted-media; gyroscope; picture-in-picture; web-share\" referrerpolicy=\"strict-origin-when-cross-origin\" allowfullscreen><\/iframe><\/p>\n<h1>Conditions pour en b\u00e9n\u00e9ficier<\/h1>\n<p><strong><span class=\"amp-wp-fe3f5cc\" data-amp-original-style=\"font-weight: 400;\">Pour pouvoir b\u00e9n\u00e9ficier de l&rsquo;APL, vous devez respecter les conditions suivantes, \u00e0 savoir :<\/span><\/strong><\/p>\n<ul>\n<li class=\"amp-wp-fe3f5cc\" data-amp-original-style=\"font-weight: 400;\"><span class=\"amp-wp-fe3f5cc\" data-amp-original-style=\"font-weight: 400;\">R\u00e9sider l\u00e9galement en France ;<\/span><\/li>\n<li class=\"amp-wp-fe3f5cc\" data-amp-original-style=\"font-weight: 400;\"><span class=\"amp-wp-fe3f5cc\" data-amp-original-style=\"font-weight: 400;\">La demande doit concerner votre r\u00e9sidence principale ;<\/span><\/li>\n<li class=\"amp-wp-fe3f5cc\" data-amp-original-style=\"font-weight: 400;\"><span class=\"amp-wp-fe3f5cc\" data-amp-original-style=\"font-weight: 400;\">R\u00e9sider dans un logement \u00e9ligible aux APL ;<\/span><\/li>\n<li class=\"amp-wp-fe3f5cc\" data-amp-original-style=\"font-weight: 400;\"><span class=\"amp-wp-fe3f5cc\" data-amp-original-style=\"font-weight: 400;\">Ne pas \u00eatre rattach\u00e9 \u00e0 un foyer fiscal sujet \u00e0 l\u2019Imp\u00f4t sur la Fortune Immobili\u00e8re.<\/span><\/li>\n<\/ul>\n<p><span class=\"amp-wp-fe3f5cc\" data-amp-original-style=\"font-weight: 400;\">L\u2019aide personnalis\u00e9e au logement est calcul\u00e9e avec les ressources des 12 derniers mois et actualis\u00e9e automatiquement tous les 3 mois.<\/span><\/p>\n<div class='cta-block'><div class='text'>Simulez toutes vos aides en 2 min. Gratuit.<\/div><a href='https:\/\/www.mes-allocs.fr\/ab-app?origin=guides\/wp-json\/wp\/v2\/posts\/16893' class='app-button fit'>Simulation gratuite<\/a><\/div>\n<h1>L&rsquo;APL pour les \u00e9tudiants \u00e9trangers<\/h1>\n<p style=\"text-align: justify;\">Cette aide n\u2019est pas sp\u00e9cifiquement destin\u00e9e aux \u00e9tudiants, elle s\u2019adresse \u00e0 toutes personnes ayant de faibles revenus. La bonne nouvelle c\u2019est que m\u00eame si vous \u00eates \u00e9tudiant \u00e9tranger vous pouvez pr\u00e9tendre \u00e0 l\u2019APL, cette aide peut faire toute la diff\u00e9rence !<\/p>\n<p style=\"text-align: justify;\">Cette aide est calcul\u00e9e en fonction du montant du loyer, de vos ressources (revenus des parents, vos revenus, prestations familiales), son attribution n\u2019est pas automatique, le montant de l\u2019APL d\u00e9pend de votre situation. Si vous habitez en colocation, chacun fait sa demande et le calcul tient compte de la part de loyer de chacun.<a href=\"https:\/\/www.mes-allocs.fr\/guides\/wp-content\/uploads\/2020\/12\/pexels-porapak-apichodilok-346885.jpg\"><img loading=\"lazy\" decoding=\"async\" class=\"alignright wp-image-16915 size-medium\" src=\"https:\/\/www.mes-allocs.fr\/guides\/wp-content\/uploads\/2020\/12\/pexels-porapak-apichodilok-346885-300x200.jpg\" alt=\"conditions APL apprenti\" width=\"300\" height=\"200\" srcset=\"https:\/\/www.mes-allocs.fr\/guides\/wp-content\/uploads\/2020\/12\/pexels-porapak-apichodilok-346885-300x200.jpg 300w, https:\/\/www.mes-allocs.fr\/guides\/wp-content\/uploads\/2020\/12\/pexels-porapak-apichodilok-346885-1024x682.jpg 1024w, https:\/\/www.mes-allocs.fr\/guides\/wp-content\/uploads\/2020\/12\/pexels-porapak-apichodilok-346885-768x512.jpg 768w, https:\/\/www.mes-allocs.fr\/guides\/wp-content\/uploads\/2020\/12\/pexels-porapak-apichodilok-346885-600x400.jpg 600w, https:\/\/www.mes-allocs.fr\/guides\/wp-content\/uploads\/2020\/12\/pexels-porapak-apichodilok-346885.jpg 1280w\" sizes=\"auto, (max-width: 300px) 100vw, 300px\" \/><\/a><\/p>\n<p style=\"text-align: justify;\">Pour\u00a0pr\u00e9tendre \u00e0 l\u2019APL\u00a0vous devez vous acquitter de certaines obligatoires, comme devoir habiter 8 moins minimum dans votre logement \u00e9tudiant au cours de l\u2019ann\u00e9e. Notez que vous pouvez pr\u00e9tendre aux APL uniquement si votre logement fait l\u2019objet d\u2019une convention par l\u2019\u00c9tat (cit\u00e9s universitaires, foyers, HLM, logement social, etc.), contrairement \u00e0 l\u2019 allocation logement \u00e0 caract\u00e8re social (ALS) qui englobe tous les autres types d\u2019habitations.<\/p>\n<h1>Montant de l&rsquo;APL<\/h1>\n<p style=\"text-align: justify;\">Pour estimer le montant de votre aide personnalis\u00e9e au logement, la Caisse des allocations familiales utilise un bar\u00e8me. Ce dernier prend en compte vos ressources, votre situation professionnelle, la situation g\u00e9ographique de votre logement, la composition du foyer ainsi que le montant de votre loyer.<\/p>\n<h1>Proc\u00e9dure \u00e0 suivre pour b\u00e9n\u00e9ficier de l&rsquo;APL<\/h1>\n<p style=\"text-align: justify;\">Pour faire votre demande, vous devez vous rendre sur le site de la CAF. Pour constituer votre dossier, il vous faudra scanner une pi\u00e8ce d&rsquo;identit\u00e9, votre relev\u00e9 d&rsquo;identit\u00e9 bancaire et une attestation de loyer ou de r\u00e9sidence, sign\u00e9e par le propri\u00e9taire ou le foyer d&rsquo;h\u00e9bergement. Veillez \u00e0 faire votre demande d&rsquo;APL d\u00e8s l&rsquo;entr\u00e9e dans votre nouveau logement, car le premier versement intervient deux mois apr\u00e8s.<\/p>\n<p>Si vous \u00eates \u00e9ligible, l&rsquo;aide personnalis\u00e9e au logement vous sera vers\u00e9e tous les mois (le 5 du mois).<\/p>\n<div class='cta-block'><div class='text'>Simulez toutes vos aides en 2 min. Gratuit.<\/div><a href='https:\/\/www.mes-allocs.fr\/ab-app?origin=guides\/wp-json\/wp\/v2\/posts\/16893' class='app-button fit'>Simulation gratuite<\/a><\/div>\n<h2>Documents \u00e0 joindre \u00e0 votre demande d&rsquo;APL<\/h2>\n<ul>\n<li>Vous devez obligatoirement avoir un compte bancaire et fournir un RIB<\/li>\n<li>Votre contrat de logement<\/li>\n<li>Un formulaire de preuve d\u2019adresse, rempli par le propri\u00e9taire du logement<\/li>\n<li>Une preuve de vos revenus sur les deux derni\u00e8res ann\u00e9es, vous pouvez fournir les d\u00e9clarations de revenus de ces deux derni\u00e8res ann\u00e9e de votre pays d\u2019origine qui vous en avez<\/li>\n<li>Une preuve d\u2019identit\u00e9, carte d\u2019identit\u00e9 nationale ou passeport, ainsi que votre extrait d\u2019acte de naissance avec une traduction certifi\u00e9e en fran\u00e7ais<\/li>\n<li>Si vous \u00eates citoyen de l\u2019UE vous devrez fournir une preuve d\u2019inscription \u00e0 l\u2019\u00e9cole (ou Universit\u00e9)<\/li>\n<li>Votre carte d\u2019assurance Europ\u00e9enne d\u2019assurance maladie (si vous \u00eates citoyen de la zone UE)<\/li>\n<li>Si vous \u00eates non-europ\u00e9en vous devrez joindre un titre de s\u00e9jour qui soit valide au minimum pour toute la dur\u00e9e de votre ann\u00e9e universitaire<\/li>\n<li>Un justificatif d\u2019inscription au r\u00e9gime de s\u00e9curit\u00e9 sociale \u00e9tudiante<\/li>\n<\/ul>\n<h1>Aide mobili jeune<\/h1>\n<p>L\u2019<strong>aide Mobili jeune<\/strong>\u00a0est une aide personnalis\u00e9e\u00a0<strong>r\u00e9serv\u00e9e aux jeunes de moins de 30 ans<\/strong>\u00a0en formation en alternance dans une entreprise du secteur priv\u00e9, non agricole. Elle permet de\u00a0r\u00e9duire le montant de votre loyer, ce qui peut permettre aux b\u00e9n\u00e9ficiaires de s\u2019installer proche de leur lieu\u00a0de travail ou de formation.<a href=\"https:\/\/www.mes-allocs.fr\/guides\/wp-content\/uploads\/2020\/12\/pexels-anastasiya-gepp-1462630.jpg\"><img loading=\"lazy\" decoding=\"async\" class=\"alignright wp-image-16916 size-medium\" src=\"https:\/\/www.mes-allocs.fr\/guides\/wp-content\/uploads\/2020\/12\/pexels-anastasiya-gepp-1462630-300x200.jpg\" alt=\"condition apl apprenti\" width=\"300\" height=\"200\" srcset=\"https:\/\/www.mes-allocs.fr\/guides\/wp-content\/uploads\/2020\/12\/pexels-anastasiya-gepp-1462630-300x200.jpg 300w, https:\/\/www.mes-allocs.fr\/guides\/wp-content\/uploads\/2020\/12\/pexels-anastasiya-gepp-1462630-1024x682.jpg 1024w, https:\/\/www.mes-allocs.fr\/guides\/wp-content\/uploads\/2020\/12\/pexels-anastasiya-gepp-1462630-768x512.jpg 768w, https:\/\/www.mes-allocs.fr\/guides\/wp-content\/uploads\/2020\/12\/pexels-anastasiya-gepp-1462630-600x400.jpg 600w, https:\/\/www.mes-allocs.fr\/guides\/wp-content\/uploads\/2020\/12\/pexels-anastasiya-gepp-1462630.jpg 1280w\" sizes=\"auto, (max-width: 300px) 100vw, 300px\" \/><\/a><\/p>\n<h2>Conditions pour b\u00e9n\u00e9ficier de cette aide financi\u00e8re<\/h2>\n<ul class=\"list--check\">\n<li>\u00catre \u00e2g\u00e9 de\u00a0moins de 30 ans<\/li>\n<li>\u00catre\u00a0un contrat d\u2019apprentissage ou de contrat de professionnalisation dans une entreprise<\/li>\n<li>\u00catre salari\u00e9 dans une entreprise du secteur priv\u00e9 et non agricole<\/li>\n<li>Ne pas avoir\u00a0un dossier mobili-jeune\u00a0en cours chez Action Logement<\/li>\n<li>Avoir un salaire mensuel brut inf\u00e9rieur ou \u00e9gal \u00e0 120% du SMIC<\/li>\n<li>D\u00e9poser votre demande 3 mois avant la date du d\u00e9but de votre formation ou 5 mois apr\u00e8s le d\u00e9but de la date d\u2019ex\u00e9cution du contrat d\u2019alternance<\/li>\n<li>\u00catre locataire ou colocataire durant votre formation<\/li>\n<li>Avoir une date d\u2019effet de votre bail 3 mois avant ou 3 mois apr\u00e8s la date d\u2019ex\u00e9cution de votre contrat d\u2019alternance<\/li>\n<li>Changer de r\u00e9sidence principale pour vous rapprocher de votre lieu de travail. Deux cas sont possibles :\n<ul class=\"list--check\">\n<li>Votre nouveau logement est \u00e0 plus de 70km de votre ancienne adresse, ou \u00e0 d\u00e9faut, votre temps de trajet est sup\u00e9rieur \u00e0 40 minutes entre ces deux adresses (v\u00e9hicules motoris\u00e9s et immatricul\u00e9s, transports en commun)<\/li>\n<li>Vous justifiez d\u2019une double charge de loyer (c\u2019est-\u00e0-dire que, sur la m\u00eame p\u00e9riode, vous occupez deux logements)<\/li>\n<\/ul>\n<\/li>\n<\/ul>\n<div class='cta-block'><div class='text'>Simulez toutes vos aides en 2 min. Gratuit.<\/div><a href='https:\/\/www.mes-allocs.fr\/ab-app?origin=guides\/wp-json\/wp\/v2\/posts\/16893' class='app-button fit'>Simulation gratuite<\/a><\/div>\n","protected":false},"excerpt":{"rendered":"<p>[Mis \u00e0 jour le 12\/01\/2026] L&rsquo;APL est une aide au logement permettant un acc\u00e8s aux logements plus facilement. Particuli\u00e8rement pour les \u00e9tudiants, ou les apprentis pour qui le co\u00fbt du loyer repr\u00e9sente une charge non n\u00e9gligeable. Pour en b\u00e9n\u00e9ficier, de nombreuses conditions sont \u00e0 respecter. Mes Allocs vous explique tout sur l&rsquo;APL pour les apprentis. [&hellip;]<\/p>\n","protected":false},"author":7,"featured_media":16913,"comment_status":"open","ping_status":"open","sticky":false,"template":"","format":"standard","meta":{"amp_status":"","footnotes":""},"categories":[1,4,1727],"tags":[],"class_list":["post-16893","post","type-post","status-publish","format-standard","has-post-thumbnail","hentry","category-aide-logement","category-apl","category-apl-etudiant"],"yoast_head":"<!-- This site is optimized with the Yoast SEO plugin v14.9 - https:\/\/yoast.com\/wordpress\/plugins\/seo\/ -->\n<title>Quelles sont les conditions de l&#039;APL apprenti ? | Mes-Allocs.fr<\/title>\n<meta name=\"description\" content=\"L&#039;APL est une allocation vers\u00e9e par la CAF. Sous conditions les apprentis peuvent en b\u00e9n\u00e9ficier. Mes Allocs vous explique tout en d\u00e9tail !\" \/>\n<meta name=\"robots\" content=\"index, follow, max-snippet:-1, max-image-preview:large, max-video-preview:-1\" \/>\n<link rel=\"canonical\" href=\"https:\/\/www.mes-allocs.fr\/guides\/aide-logement\/apl\/apl-etudiant\/conditions-apl-apprenti\/\" \/>\n<meta property=\"og:locale\" content=\"fr_FR\" \/>\n<meta property=\"og:type\" content=\"article\" \/>\n<meta property=\"og:title\" content=\"Quelles sont les conditions de l&#039;APL apprenti ? | Mes-Allocs.fr\" \/>\n<meta property=\"og:description\" content=\"L&#039;APL est une allocation vers\u00e9e par la CAF. Sous conditions les apprentis peuvent en b\u00e9n\u00e9ficier. Mes Allocs vous explique tout en d\u00e9tail !\" \/>\n<meta property=\"og:url\" content=\"https:\/\/www.mes-allocs.fr\/guides\/aide-logement\/apl\/apl-etudiant\/conditions-apl-apprenti\/\" \/>\n<meta property=\"og:site_name\" content=\"Mes-Allocs.fr\" \/>\n<meta property=\"article:published_time\" content=\"2020-12-21T13:17:38+00:00\" \/>\n<meta property=\"article:modified_time\" content=\"2026-01-12T16:27:53+00:00\" \/>\n<meta property=\"og:image\" content=\"https:\/\/www.mes-allocs.fr\/guides\/wp-content\/uploads\/2020\/12\/pexels-andrea-piacquadio-3783725.jpg?wsr\" \/>\n\t<meta property=\"og:image:width\" content=\"1280\" \/>\n\t<meta property=\"og:image:height\" content=\"846\" \/>\n<meta name=\"twitter:card\" content=\"summary_large_image\" \/>\n<script type=\"application\/ld+json\" class=\"yoast-schema-graph\">{\"@context\":\"https:\/\/schema.org\",\"@graph\":[{\"@type\":\"WebSite\",\"@id\":\"https:\/\/www.mes-allocs.fr\/guides\/#website\",\"url\":\"https:\/\/www.mes-allocs.fr\/guides\/\",\"name\":\"Mes-Allocs.fr\",\"description\":\"\",\"potentialAction\":[{\"@type\":\"SearchAction\",\"target\":\"https:\/\/www.mes-allocs.fr\/guides\/?s={search_term_string}\",\"query-input\":\"required name=search_term_string\"}],\"inLanguage\":\"fr-FR\"},{\"@type\":\"ImageObject\",\"@id\":\"https:\/\/www.mes-allocs.fr\/guides\/aide-logement\/apl\/apl-etudiant\/conditions-apl-apprenti\/#primaryimage\",\"inLanguage\":\"fr-FR\",\"url\":\"https:\/\/www.mes-allocs.fr\/guides\/wp-content\/uploads\/2020\/12\/pexels-andrea-piacquadio-3783725.jpg?wsr\",\"width\":1280,\"height\":846,\"caption\":\"aide permis conduire apprenti\"},{\"@type\":\"WebPage\",\"@id\":\"https:\/\/www.mes-allocs.fr\/guides\/aide-logement\/apl\/apl-etudiant\/conditions-apl-apprenti\/#webpage\",\"url\":\"https:\/\/www.mes-allocs.fr\/guides\/aide-logement\/apl\/apl-etudiant\/conditions-apl-apprenti\/\",\"name\":\"Quelles sont les conditions de l'APL apprenti ? | Mes-Allocs.fr\",\"isPartOf\":{\"@id\":\"https:\/\/www.mes-allocs.fr\/guides\/#website\"},\"primaryImageOfPage\":{\"@id\":\"https:\/\/www.mes-allocs.fr\/guides\/aide-logement\/apl\/apl-etudiant\/conditions-apl-apprenti\/#primaryimage\"},\"datePublished\":\"2020-12-21T13:17:38+00:00\",\"dateModified\":\"2026-01-12T16:27:53+00:00\",\"author\":{\"@id\":\"https:\/\/www.mes-allocs.fr\/guides\/#\/schema\/person\/1c4837d5703727cb02ce84583b5a44aa\"},\"description\":\"L'APL est une allocation vers\\u00e9e par la CAF. Sous conditions les apprentis peuvent en b\\u00e9n\\u00e9ficier. Mes Allocs vous explique tout en d\\u00e9tail !\",\"inLanguage\":\"fr-FR\"},{\"@type\":\"Person\",\"@id\":\"https:\/\/www.mes-allocs.fr\/guides\/#\/schema\/person\/1c4837d5703727cb02ce84583b5a44aa\",\"name\":\"Fabiola\",\"image\":{\"@type\":\"ImageObject\",\"@id\":\"https:\/\/www.mes-allocs.fr\/guides\/#personlogo\",\"inLanguage\":\"fr-FR\",\"url\":\"https:\/\/www.mes-allocs.fr\/guides\/wp-content\/uploads\/2021\/06\/fabiola-150x150.png\",\"caption\":\"Fabiola\"},\"description\":\"Fabiola est r\\u00e9dactrice au sein de l'\\u00e9quipe Mes Allocs, sp\\u00e9cialis\\u00e9e en sciences politiques et affaires publiques. Dipl\\u00f4m\\u00e9e de l'HEIP, elle rejoint Mes Allocs apr\\u00e8s une premi\\u00e8re exp\\u00e9rience \\u00e0 l'Assembl\\u00e9e Nationale.\",\"sameAs\":[\"https:\/\/www.linkedin.com\/in\/cecilia-philippe-b-8a8085195\"]}]}<\/script>\n<!-- \/ Yoast SEO plugin. -->","amp_validity":null,"acf":{"faq":{"1":{"question":"\ud83e\udd14  Quelles sont les conditions de l\u2019APL apprenti ?","answer":"Comme son l'indique cette aide au logement est destin\u00e9e aux jeunes en contrat d'apprentissage. Ses ressources  sont \u00e9tudi\u00e9es pour l'attribution de l'APL et le logement doit \u00eatre \u00e9galement \u00e9ligible \u00e0 l'APL"},"2":{"question":"\ud83e\udd37\u200d\u2640\ufe0f Comme faire la demande de l\u2019APL pour apprenti ?","answer":"La demande de l'APL se fait directement en ligne sur le site de la CAF, si vous \u00eates d\u00e9j\u00e0 allocataires, la CAF prend en compte les donn\u00e9es d\u00e9j\u00e0 en sa possession."},"3":{"question":"\ud83e\udd1d Quelle aide au logement pour un apprenti ?","answer":"Les apprentis locataires b\u00e9n\u00e9ficient de l'APL (Aide Personnalis\u00e9e au Logement). C'est la Caf (ou Caisse d'Allocations Familiales) qui verse cette aide. Plusieurs crit\u00e8res sont \u00e9tudi\u00e9s avant l'allocation de l'APL. La demande est \u00e0 envoyer \u00e0 la Caf."},"4":{"question":"\ud83e\udd14  Quand est vers\u00e9 l\u2019APL \u00e0 l\u2019apprenti ?","answer":"L'APL est vers\u00e9 mensuellement pour le mois \u00e9chu (versement en octobre pour le mois de septembre). Notez tout de m\u00eame que l'APL apprenti n'est pas r\u00e9troactive "},"5":{"question":"\ud83e\udd37\u200d\u2640\ufe0f Quel est le plafond de revenu pour toucher les APL 2026 ?","answer":"Son montant est conditionn\u00e9 par les revenus et la composition du foyer, la localisation du logement et le patrimoine du m\u00e9nage. Actuellement, son plafond est de 5 235 \u20ac par an pour une personne seule sans personne \u00e0 charge."},"6":{"question":"\ud83e\udd1d APL pour les propri\u00e9taires est-ce possible ? ","answer":"En 2026, l'Aide Personnalis\u00e9e au Logement pour les propri\u00e9taires, \u00e9galement appel\u00e9e APL accession, n'est plus disponible pour les nouveaux emprunteurs."},"7":{"question":"","answer":""},"8":{"question":"","answer":""},"9":{"question":"","answer":""},"10":{"question":"","answer":""},"11":{"question":"","answer":""},"12":{"question":"","answer":""},"13":{"question":"","answer":""},"14":{"question":"","answer":""},"15":{"question":"","answer":""},"16":{"question":"","answer":""}}},"_links":{"self":[{"href":"https:\/\/www.mes-allocs.fr\/guides\/wp-json\/wp\/v2\/posts\/16893","targetHints":{"allow":["GET"]}}],"collection":[{"href":"https:\/\/www.mes-allocs.fr\/guides\/wp-json\/wp\/v2\/posts"}],"about":[{"href":"https:\/\/www.mes-allocs.fr\/guides\/wp-json\/wp\/v2\/types\/post"}],"author":[{"embeddable":true,"href":"https:\/\/www.mes-allocs.fr\/guides\/wp-json\/wp\/v2\/users\/7"}],"replies":[{"embeddable":true,"href":"https:\/\/www.mes-allocs.fr\/guides\/wp-json\/wp\/v2\/comments?post=16893"}],"version-history":[{"count":16,"href":"https:\/\/www.mes-allocs.fr\/guides\/wp-json\/wp\/v2\/posts\/16893\/revisions"}],"predecessor-version":[{"id":107431,"href":"https:\/\/www.mes-allocs.fr\/guides\/wp-json\/wp\/v2\/posts\/16893\/revisions\/107431"}],"wp:featuredmedia":[{"embeddable":true,"href":"https:\/\/www.mes-allocs.fr\/guides\/wp-json\/wp\/v2\/media\/16913"}],"wp:attachment":[{"href":"https:\/\/www.mes-allocs.fr\/guides\/wp-json\/wp\/v2\/media?parent=16893"}],"wp:term":[{"taxonomy":"category","embeddable":true,"href":"https:\/\/www.mes-allocs.fr\/guides\/wp-json\/wp\/v2\/categories?post=16893"},{"taxonomy":"post_tag","embeddable":true,"href":"https:\/\/www.mes-allocs.fr\/guides\/wp-json\/wp\/v2\/tags?post=16893"}],"curies":[{"name":"wp","href":"https:\/\/api.w.org\/{rel}","templated":true}]}}