{"id":16852,"date":"2020-12-18T09:30:38","date_gmt":"2020-12-18T09:30:38","guid":{"rendered":"https:\/\/www.mes-allocs.fr\/guides\/?p=16852"},"modified":"2026-01-27T17:57:42","modified_gmt":"2026-01-27T16:57:42","slug":"visale-et-depot-de-garantie","status":"publish","type":"post","link":"https:\/\/www.mes-allocs.fr\/guides\/aide-logement\/garantie-visale\/visale-et-depot-de-garantie\/","title":{"rendered":"Tout savoir sur Visale et le d\u00e9p\u00f4t de garantie en 2026"},"content":{"rendered":"<p><a href=\"https:\/\/www.mes-allocs.fr\/guides\/wp-content\/uploads\/2020\/12\/pexels-sami-2864230.jpg\"><img loading=\"lazy\" decoding=\"async\" class=\"aligncenter wp-image-16875 size-full\" src=\"https:\/\/www.mes-allocs.fr\/guides\/wp-content\/uploads\/2020\/12\/pexels-sami-2864230-e1608128583769.jpg\" alt=\"Tout savoir sur Visale et le d\u00e9p\u00f4t de garantie !\" width=\"1280\" height=\"518\" \/><\/a><\/p>\n<p style=\"text-align: justify;\">[Mis \u00e0 jour le 27\/01\/2026] Visale est une caution gratuite qui prend en charge les loyers ainsi que les charges en cas de difficult\u00e9s financi\u00e8res. En revanche, cette <a href=\"https:\/\/www.mes-allocs.fr\/guides\/aide-logement\">aide au logement<\/a> ne couvre pas le d\u00e9p\u00f4t de garantie demand\u00e9 lors de la signature de votre bail de location. Dans ce cas, Mes Allocs vous explique comment faire une demande d&rsquo;avance Loca-Pass.<\/p>\n<div class='cta-block'><div class='text'>Simulez toutes vos aides en 2 min.<\/div><a href='https:\/\/www.mes-allocs.fr\/ab-app?origin=guides\/wp-json\/wp\/v2\/posts\/16852' class='app-button fit'>Simulation gratuite<\/a><\/div>\n<h1>Comment financer le d\u00e9p\u00f4t de garantie ?<\/h1>\n<p style=\"text-align: justify;\">Au moment de votre emm\u00e9nagement, un d\u00e9p\u00f4t de garantie est souvent exig\u00e9 par votre bailleur. Pour vous aider \u00e0 le financer Action Logement \u00e0 mis en place un dispositif exceptionnel.<\/p>\n<p style=\"text-align: justify;\">L&rsquo; avance <a href=\"https:\/\/www.mes-allocs.fr\/guides\/aide-logement\/locapass\">Loca-Pass<\/a> est un dispositif mis en place par Action Logement. Cela vous permet d&rsquo;avancer le d\u00e9p\u00f4t de garantie demand\u00e9 par votre bailleur au moment de votre emm\u00e9nagement.<\/p>\n<div class='cta-block'><div class='text'>Simulez toutes vos aides en 2 min.<\/div><a href='https:\/\/www.mes-allocs.fr\/ab-app?origin=guides\/wp-json\/wp\/v2\/posts\/16852' class='app-button fit'>Simulation gratuite<\/a><\/div>\n<h1>Comment b\u00e9n\u00e9ficier de l&rsquo;avance Loca-Pass ?<\/h1>\n<p><strong>Vous pouvez b\u00e9n\u00e9ficier de cette aide au logement si :\u00a0<\/strong><\/p>\n<ul>\n<li>Vous \u00eates salari\u00e9(e) d\u2019une entreprise du secteur priv\u00e9 non agricole quel que soit votre \u00e2ge.<\/li>\n<li>Avoir moins de 30 ans et :\n<ul>\n<li>\u00eatre en formation professionnelle (contrat d\u2019apprentissage ou de professionnalisation),<\/li>\n<li>\u00eatre en recherche d\u2019emploi,<\/li>\n<\/ul>\n<\/li>\n<li>Vous \u00eates \u00e9tudiant(e) salari\u00e9(e) et vous pouvez justifier :\n<ul>\n<li>d\u2019un\u00a0contrat \u00e0 dur\u00e9e d\u00e9termin\u00e9e (CDD) de\u00a0trois mois minimum\u00a0en cours au moment de la demande d&rsquo;aide,<\/li>\n<li>d\u2019un\u00a0ou plusieurs CDD pour une dur\u00e9e cumul\u00e9e de\u00a0trois mois minimum\u00a0au cours des six mois pr\u00e9c\u00e9dant la demande d&rsquo;aide,<\/li>\n<li>ou\u00a0d\u2019une convention de stage d&rsquo;au moins trois mois en cours au moment de la demande,<\/li>\n<li>ou\u00a0d\u2019un statut d\u2019\u00e9tudiant boursier d\u2019\u00c9tat fran\u00e7ais.<\/li>\n<\/ul>\n<\/li>\n<\/ul>\n<p><strong>\u00c0 noter : Si vous \u00eates salari\u00e9 du secteur agricole vous pouvez b\u00e9n\u00e9ficier de l&rsquo;avance Agri-Loca-Pass<\/strong><\/p>\n<h2>Conditions li\u00e9es \u00e0 votre logement<\/h2>\n<ul>\n<li>constituer\u00a0votre r\u00e9sidence\u00a0principale;<\/li>\n<li>\u00eatre\u00a0situ\u00e9 sur le territoire fran\u00e7ais (m\u00e9tropole,\u00a0DOM) ;<\/li>\n<li>faire\u00a0l\u2019objet de la signature d\u2019un bail, d\u2019une\u00a0convention d\u2019occupation en foyer ou r\u00e9sidence\u00a0sociale ou d\u2019un avenant au bail en cas\u00a0de\u00a0colocation.<\/li>\n<\/ul>\n<h1>Ne sont pas \u00e9ligible \u00e0 Loca-Pass<\/h1>\n<ul>\n<li>Les baux strictement professionnels ou commerciaux ;<\/li>\n<li>Les conventions d\u2019occupation pr\u00e9caire et les sous-locations (hors structures collectives). Dans le cadre des baux glissants, l\u2019aide peut \u00eatre accord\u00e9e lorsque l\u2019occupant devient titulaire du titre d\u2019occupation.<\/li>\n<\/ul>\n<h1>Qu&rsquo;est-ce que Visale ?<\/h1>\n<p style=\"text-align: justify;\"><a href=\"https:\/\/www.mes-allocs.fr\/guides\/aide-logement\/garantie-visale\/garantie-visale\/\">La garantie Visale<\/a> (VISA pour le Logement et l\u2019Emploi) est un dispositif entr\u00e9 en vigueur depuis 2016. Il s\u2019agit d\u2019une caution enti\u00e8rement gratuite qui se porte garant pour une dur\u00e9e de 36 mois contre les impay\u00e9s de loyer et des charges locatives lorsque vous habitez dans un parc locatif priv\u00e9. Elle a \u00e9t\u00e9 mise en place pour aider les jeunes de moins de 30 ans ainsi que les salari\u00e9s qui viennent d\u2019\u00eatre embauch\u00e9s et qui ont un contrat pr\u00e9caire.<\/p>\n<p>Depuis peu, le dispositif Visale prend \u00e9galement en charge les d\u00e9gradations locatives qui interviennent pendant la dur\u00e9e de votre bail<\/p>\n<p><strong>\u00c0 noter : En cas d\u2019impay\u00e9s, c\u2019est Action Logement qui agira directement en recouvrement aupr\u00e8s du bailleur<\/strong><\/p>\n<p><iframe loading=\"lazy\" src=\"\/\/www.youtube.com\/embed\/B1BZZnKIoGo?si=aD-8kXCros7BPxuh\" width=\"560\" height=\"314\" allowfullscreen=\"allowfullscreen\"><\/iframe><\/p>\n<h1>Qui peut en b\u00e9n\u00e9ficier ?<\/h1>\n<p><strong>Pour pr\u00e9tendre \u00e0 cette prise en charge, vous devez :<\/strong><\/p>\n<ul>\n<li>\u00catre \u00e2g\u00e9 de moins de 30 ans\u202f(jusqu\u2019au 31\u00e8me\u202fanniversaire) : quelle que soit sa situation professionnelle, vous n&rsquo;\u00eates pas oblig\u00e9 de justifier d&rsquo;un contrat de travail<\/li>\n<li>\u00catre\u00a0\u00a0\u00e2g\u00e9 de plus de 30 ans et salari\u00e9\u202fd\u2019une entreprise du secteur priv\u00e9 ou\u00a0du secteur agricole (ou\u00a0titulaire d\u2019une promesse d\u2019embauche)\n<ul>\n<li>Au plus tard dans les 6 mois\u202fapr\u00e8s sa prise de fonction\u202f(notamment CDD, Int\u00e9rim, contrats aid\u00e9s, CDI confirm\u00e9, p\u00e9riode d\u2019essai),\n<ul>\n<li>Jusqu\u2019\u00e0 6 mois apr\u00e8s\u00a0sa\u00a0mutation\u202f\u00a0professionnelle\u00a0(changement de lieu de travail\u00a0dans la m\u00eame entreprise ou le m\u00eame groupe).<\/li>\n<\/ul>\n<\/li>\n<\/ul>\n<\/li>\n<li>\u00catre \u00e9tudiant ou alternant<\/li>\n<li>Faire l\u2019objet d\u2019une signature d\u2019un bail mobilit\u00e9<\/li>\n<\/ul>\n<div class='cta-block'><div class='text'>Simulez toutes vos aides en 2 min.<\/div><a href='https:\/\/www.mes-allocs.fr\/ab-app?origin=guides\/wp-json\/wp\/v2\/posts\/16852' class='app-button fit'>Simulation gratuite<\/a><\/div>\n<h1>Quels sont les avantages ?<\/h1>\n<p>Quand on loue un logement, g\u00e9n\u00e9ralement le bailleur demande \u00e0 ce qu\u2019une personne tierce se porte garant, ou caution. La garantie VISALE se porte garante pour vous gratuitement. Ainsi elle offre de nombreux avantages tels que :<\/p>\n<ul>\n<li>Renforcer votre dossier en tant que candidat locataire,<\/li>\n<li>Couvrir votre loyer en cas de difficult\u00e9 de paiement pendant toute la dur\u00e9e du bail,<\/li>\n<li>S\u00e9curiser les revenus locatifs des bailleurs priv\u00e9s pendant toute la dur\u00e9e du bail,<\/li>\n<li>Assurer les bailleurs priv\u00e9s contre les d\u00e9gradations du logement.<\/li>\n<\/ul>\n<h1>Conditions du bail de location<\/h1>\n<ul>\n<li>Le bail ne peut pas \u00eatre sign\u00e9 avec une personne de votre famille proche<\/li>\n<li>Doit contenir une\u00a0clause r\u00e9solutoire\u00a0pr\u00e9voyant la r\u00e9siliation de plein droit du contrat de location pour d\u00e9faut de paiement du loyer ou des charges<\/li>\n<li>Le bail doit \u00eatre individualis\u00e9 pour chaque locataire en cas de colocation<\/li>\n<li>Doit \u00eatre conclu si le loyer charges comprises ne d\u00e9passent pas 1.500 euros \u00e0 Paris et 1.300 euros sur le reste du territoire fran\u00e7ais<\/li>\n<li>Pour les \u00e9tudiants et alternants, le loyer et les charges ne doivent pas d\u00e9passer 800 euros \u00e0 Paris et 600 euros sur le reste du territoire<\/li>\n<li>Doit \u00eatre sign\u00e9 dans le\u00a0d\u00e9lai de validit\u00e9 du visa\u00a0pr\u00e9sent\u00e9 par le locataire et apr\u00e8s l\u2019obtention du contrat de cautionnement Visale<\/li>\n<\/ul>\n<h1>Comment faire une demande ?<\/h1>\n<p>Pour b\u00e9n\u00e9ficier de Visale, toutes les \u00e9tapes\u00a0 se font directement sur le site internet visale.fr. Le m\u00e9nage locataire doit faire la demande Visale avant l&rsquo;entr\u00e9e dans le logement.<\/p>\n<p><strong>\u00c9tapes \u00e0 suivre :\u00a0<\/strong><\/p>\n<ul>\n<li>Faites votre demande de visa. Pour cela, cr\u00e9ez votre compte personnel, renseignez toutes les informations et joignez les justificatifs requis.<\/li>\n<li>Apr\u00e8s v\u00e9rification de votre dossier, Action Logement vous d\u00e9livrera votre visa certifi\u00e9, \u00e0 t\u00e9l\u00e9charger depuis votre espace personnel.<\/li>\n<li>Il ne vous reste plus qu\u2019\u00e0 transmettre ce visa \u00e0 votre bailleur, puis de signer ensemble votre bail.<\/li>\n<\/ul>\n<div class='cta-block'><div class='text'>Simulez toutes vos aides en 2 min.<\/div><a href='https:\/\/www.mes-allocs.fr\/ab-app?origin=guides\/wp-json\/wp\/v2\/posts\/16852' class='app-button fit'>Simulation gratuite<\/a><\/div>\n","protected":false},"excerpt":{"rendered":"<p>[Mis \u00e0 jour le 27\/01\/2026] Visale est une caution gratuite qui prend en charge les loyers ainsi que les charges en cas de difficult\u00e9s financi\u00e8res. En revanche, cette aide au logement ne couvre pas le d\u00e9p\u00f4t de garantie demand\u00e9 lors de la signature de votre bail de location. Dans ce cas, Mes Allocs vous explique [&hellip;]<\/p>\n","protected":false},"author":6,"featured_media":16875,"comment_status":"open","ping_status":"open","sticky":false,"template":"","format":"standard","meta":{"amp_status":"","footnotes":""},"categories":[1,2833],"tags":[],"class_list":["post-16852","post","type-post","status-publish","format-standard","has-post-thumbnail","hentry","category-aide-logement","category-garantie-visale"],"yoast_head":"<!-- This site is optimized with the Yoast SEO plugin v14.9 - https:\/\/yoast.com\/wordpress\/plugins\/seo\/ -->\n<title>Tout savoir sur Visale et le d\u00e9p\u00f4t de garantie en 2026 | Mes-Allocs.fr<\/title>\n<meta name=\"description\" content=\"Visale est une caution gratuite port\u00e9e par Action Logement. Mes Allocs vous explique tout sur le d\u00e9p\u00f4t de garantie et la garantie Visale !\" \/>\n<meta name=\"robots\" content=\"index, follow, max-snippet:-1, max-image-preview:large, max-video-preview:-1\" \/>\n<link rel=\"canonical\" href=\"https:\/\/www.mes-allocs.fr\/guides\/aide-logement\/garantie-visale\/visale-et-depot-de-garantie\/\" \/>\n<meta property=\"og:locale\" content=\"fr_FR\" \/>\n<meta property=\"og:type\" content=\"article\" \/>\n<meta property=\"og:title\" content=\"Tout savoir sur Visale et le d\u00e9p\u00f4t de garantie en 2026 | Mes-Allocs.fr\" \/>\n<meta property=\"og:description\" content=\"Visale est une caution gratuite port\u00e9e par Action Logement. Mes Allocs vous explique tout sur le d\u00e9p\u00f4t de garantie et la garantie Visale !\" \/>\n<meta property=\"og:url\" content=\"https:\/\/www.mes-allocs.fr\/guides\/aide-logement\/garantie-visale\/visale-et-depot-de-garantie\/\" \/>\n<meta property=\"og:site_name\" content=\"Mes-Allocs.fr\" \/>\n<meta property=\"article:published_time\" content=\"2020-12-18T09:30:38+00:00\" \/>\n<meta property=\"article:modified_time\" content=\"2026-01-27T16:57:42+00:00\" \/>\n<meta property=\"og:image\" content=\"https:\/\/www.mes-allocs.fr\/guides\/wp-content\/uploads\/2020\/12\/pexels-sami-2864230.jpg?wsr\" \/>\n\t<meta property=\"og:image:width\" content=\"1280\" \/>\n\t<meta property=\"og:image:height\" content=\"1129\" \/>\n<meta name=\"twitter:card\" content=\"summary_large_image\" \/>\n<script type=\"application\/ld+json\" class=\"yoast-schema-graph\">{\"@context\":\"https:\/\/schema.org\",\"@graph\":[{\"@type\":\"WebSite\",\"@id\":\"https:\/\/www.mes-allocs.fr\/guides\/#website\",\"url\":\"https:\/\/www.mes-allocs.fr\/guides\/\",\"name\":\"Mes-Allocs.fr\",\"description\":\"\",\"potentialAction\":[{\"@type\":\"SearchAction\",\"target\":\"https:\/\/www.mes-allocs.fr\/guides\/?s={search_term_string}\",\"query-input\":\"required name=search_term_string\"}],\"inLanguage\":\"fr-FR\"},{\"@type\":\"ImageObject\",\"@id\":\"https:\/\/www.mes-allocs.fr\/guides\/aide-logement\/garantie-visale\/visale-et-depot-de-garantie\/#primaryimage\",\"inLanguage\":\"fr-FR\",\"url\":\"https:\/\/www.mes-allocs.fr\/guides\/wp-content\/uploads\/2020\/12\/pexels-sami-2864230.jpg?wsr\",\"width\":1280,\"height\":1129,\"caption\":\"pexels sami 2864230 e1608128583769\"},{\"@type\":\"WebPage\",\"@id\":\"https:\/\/www.mes-allocs.fr\/guides\/aide-logement\/garantie-visale\/visale-et-depot-de-garantie\/#webpage\",\"url\":\"https:\/\/www.mes-allocs.fr\/guides\/aide-logement\/garantie-visale\/visale-et-depot-de-garantie\/\",\"name\":\"Tout savoir sur Visale et le d\\u00e9p\\u00f4t de garantie en 2026 | Mes-Allocs.fr\",\"isPartOf\":{\"@id\":\"https:\/\/www.mes-allocs.fr\/guides\/#website\"},\"primaryImageOfPage\":{\"@id\":\"https:\/\/www.mes-allocs.fr\/guides\/aide-logement\/garantie-visale\/visale-et-depot-de-garantie\/#primaryimage\"},\"datePublished\":\"2020-12-18T09:30:38+00:00\",\"dateModified\":\"2026-01-27T16:57:42+00:00\",\"author\":{\"@id\":\"https:\/\/www.mes-allocs.fr\/guides\/#\/schema\/person\/0ecd61a8600573914d00d970a588c024\"},\"description\":\"Visale est une caution gratuite port\\u00e9e par Action Logement. Mes Allocs vous explique tout sur le d\\u00e9p\\u00f4t de garantie et la garantie Visale !\",\"inLanguage\":\"fr-FR\"},{\"@type\":\"Person\",\"@id\":\"https:\/\/www.mes-allocs.fr\/guides\/#\/schema\/person\/0ecd61a8600573914d00d970a588c024\",\"name\":\"Jonathan\",\"image\":{\"@type\":\"ImageObject\",\"@id\":\"https:\/\/www.mes-allocs.fr\/guides\/#personlogo\",\"inLanguage\":\"fr-FR\",\"url\":\"https:\/\/www.mes-allocs.fr\/guides\/wp-content\/uploads\/2021\/06\/jonathan-150x150.png\",\"caption\":\"Jonathan\"},\"description\":\"Jonathan est r\\u00e9dacteur au sein de l'\\u00e9quipe Mes Allocs, sp\\u00e9cialis\\u00e9 sur les sujets li\\u00e9s au handicap. Dipl\\u00f4m\\u00e9e de l'UPEM, il rejoint Mes Allocs apr\\u00e8s avoir travaill\\u00e9 \\u00e0 l'association AEDE qui accompagne les adultes en situation de handicap. Quand il n'\\u00e9crit pas, on peut le retrouver sur un terrain de basket.\",\"sameAs\":[\"https:\/\/www.linkedin.com\/in\/jonathan-bambela-8637861b7\"]}]}<\/script>\n<!-- \/ Yoast SEO plugin. -->","amp_validity":null,"acf":{"faq":{"1":{"question":"Comment \u00eatre \u00e9ligible \u00e0 Visale ?","answer":"Le demandeur doit \u00eatre \u00e2g\u00e9 d'au moins 18 ans ou \u00eatre mineur \u00e9mancip\u00e9 avec le justificatif d'\u00e9mancipation pour b\u00e9n\u00e9ficier du dispositif Visale. "},"2":{"question":"Comment rembourser Visale ?","answer":"Le locataire peut quant \u00e0 lui proc\u00e9der au remboursement, partiel ou total, des impay\u00e9s directement sur Visale.fr, via son espace personnel. Le paiement peut s'effectuer par virement ou carte bancaire."},"3":{"question":"Qui peut b\u00e9n\u00e9ficier de l'aide Loca-pass ?","answer":"L'avance Loca Pass est accord\u00e9e aux jeunes de moins de 30 ans mais aussi aux salari\u00e9s et pr\u00e9-retrait\u00e9s du secteur priv\u00e9."},"4":{"question":"Est-ce que Visale est gratuit ?","answer":"Visale est un garant totalement gratuit"},"5":{"question":"Comment fonctionne le Visale ?","answer":"Le dispositif Visale est un engagement gratuit pour le locataire et le bailleur. Il permet de couvrir les loyers impay\u00e9s (charges comprises) du locataire pour une dur\u00e9e de 36 mois, quelle qu'en soit la cause et dans la limite du d\u00e9part du locataire."},"6":{"question":"Quelles sont les conditions pour se porter garant ?","answer":"Pour devenir garant, vous devez apporter la preuve de revenus suffisants au propri\u00e9taire. Le revenu minimum ne fait l'objet d'aucune obligation l\u00e9gale, mais un propri\u00e9taire demande g\u00e9n\u00e9ralement un revenu correspondant \u00e0 4 fois le montant du loyer "},"7":{"question":"","answer":""},"8":{"question":"","answer":""},"9":{"question":"","answer":""},"10":{"question":"","answer":""},"11":{"question":"","answer":""},"12":{"question":"","answer":""},"13":{"question":"","answer":""},"14":{"question":"","answer":""},"15":{"question":"","answer":""},"16":{"question":"","answer":""}}},"_links":{"self":[{"href":"https:\/\/www.mes-allocs.fr\/guides\/wp-json\/wp\/v2\/posts\/16852","targetHints":{"allow":["GET"]}}],"collection":[{"href":"https:\/\/www.mes-allocs.fr\/guides\/wp-json\/wp\/v2\/posts"}],"about":[{"href":"https:\/\/www.mes-allocs.fr\/guides\/wp-json\/wp\/v2\/types\/post"}],"author":[{"embeddable":true,"href":"https:\/\/www.mes-allocs.fr\/guides\/wp-json\/wp\/v2\/users\/6"}],"replies":[{"embeddable":true,"href":"https:\/\/www.mes-allocs.fr\/guides\/wp-json\/wp\/v2\/comments?post=16852"}],"version-history":[{"count":19,"href":"https:\/\/www.mes-allocs.fr\/guides\/wp-json\/wp\/v2\/posts\/16852\/revisions"}],"predecessor-version":[{"id":108453,"href":"https:\/\/www.mes-allocs.fr\/guides\/wp-json\/wp\/v2\/posts\/16852\/revisions\/108453"}],"wp:featuredmedia":[{"embeddable":true,"href":"https:\/\/www.mes-allocs.fr\/guides\/wp-json\/wp\/v2\/media\/16875"}],"wp:attachment":[{"href":"https:\/\/www.mes-allocs.fr\/guides\/wp-json\/wp\/v2\/media?parent=16852"}],"wp:term":[{"taxonomy":"category","embeddable":true,"href":"https:\/\/www.mes-allocs.fr\/guides\/wp-json\/wp\/v2\/categories?post=16852"},{"taxonomy":"post_tag","embeddable":true,"href":"https:\/\/www.mes-allocs.fr\/guides\/wp-json\/wp\/v2\/tags?post=16852"}],"curies":[{"name":"wp","href":"https:\/\/api.w.org\/{rel}","templated":true}]}}