{"id":16816,"date":"2020-12-18T09:24:43","date_gmt":"2020-12-18T09:24:43","guid":{"rendered":"https:\/\/www.mes-allocs.fr\/guides\/?p=16816"},"modified":"2026-01-27T17:01:16","modified_gmt":"2026-01-27T16:01:16","slug":"garantie-visale-etranger","status":"publish","type":"post","link":"https:\/\/www.mes-allocs.fr\/guides\/aide-etranger\/aides-au-logement-etranger\/garantie-visale-etranger\/","title":{"rendered":"Tout savoir sur la garantie Visale pour \u00e9tranger en 2026"},"content":{"rendered":"<p><a href=\"https:\/\/www.mes-allocs.fr\/guides\/wp-content\/uploads\/2020\/12\/aircraft-723900_1280.jpg\"><img loading=\"lazy\" decoding=\"async\" class=\"aligncenter wp-image-16838 size-full\" src=\"https:\/\/www.mes-allocs.fr\/guides\/wp-content\/uploads\/2020\/12\/aircraft-723900_1280-e1608109284128.jpg\" alt=\"Tout savoir sur la garantie Visale pour \u00e9tranger\" width=\"1280\" height=\"451\" \/><\/a><\/p>\n<p style=\"text-align: justify;\">[Mis \u00e0 jour le 27\/01\/2026] La garantie Visale est une caution gratuite pour les jeunes de 18 \u00e0 30 ans salari\u00e9s du secteur priv\u00e9. Elle prend en charge les loyers et les charges impay\u00e9s en cas de difficult\u00e9s financi\u00e8res. Pour b\u00e9n\u00e9ficier de cette <a href=\"https:\/\/www.mes-allocs.fr\/guides\/aide-logement\/\">aide au logement<\/a>, de nombreuses conditions sont \u00e0 respecter. Mes Allocs vous explique tout sur la <strong>garantie Visale pour les personnes \u00e9trang\u00e8res<\/strong>.<\/p>\n<div class='cta-block'><div class='text'>Simulez toutes vos aides en 2 min.<\/div><a href='https:\/\/www.mes-allocs.fr\/ab-app?origin=guides\/wp-json\/wp\/v2\/posts\/16816' class='app-button fit'>Simulation gratuite<\/a><\/div>\n<h1>La garantie Visale pour les personnes \u00e9trang\u00e8res<\/h1>\n<p>Les personnes de nationalit\u00e9s \u00e9trang\u00e8res peuvent tout \u00e0 fait b\u00e9n\u00e9ficier de la garantie Visale pour louer un appartement au m\u00eame titre que <a href=\"https:\/\/www.mes-allocs.fr\/guides\/aide-logement\/garantie-visale\/garantie-visale-pour-qui\/\">les b\u00e9n\u00e9ficiaires fran\u00e7ais<\/a>. Vous devrez respecter les m\u00eames conditions d&rsquo;attribution et pr\u00e9senter un titre de s\u00e9jour en cours de validit\u00e9.<a href=\"https:\/\/www.mes-allocs.fr\/guides\/wp-content\/uploads\/2020\/12\/pexels-andrea-piacquadio-3762800-1.jpg\"><img loading=\"lazy\" decoding=\"async\" class=\"size-medium wp-image-16839 alignright\" src=\"https:\/\/www.mes-allocs.fr\/guides\/wp-content\/uploads\/2020\/12\/pexels-andrea-piacquadio-3762800-1-300x200.jpg\" alt=\"Tout savoir sur la garantie Visale pour \u00e9tranger\" width=\"300\" height=\"200\" srcset=\"https:\/\/www.mes-allocs.fr\/guides\/wp-content\/uploads\/2020\/12\/pexels-andrea-piacquadio-3762800-1-300x200.jpg 300w, https:\/\/www.mes-allocs.fr\/guides\/wp-content\/uploads\/2020\/12\/pexels-andrea-piacquadio-3762800-1-1024x682.jpg 1024w, https:\/\/www.mes-allocs.fr\/guides\/wp-content\/uploads\/2020\/12\/pexels-andrea-piacquadio-3762800-1-768x512.jpg 768w, https:\/\/www.mes-allocs.fr\/guides\/wp-content\/uploads\/2020\/12\/pexels-andrea-piacquadio-3762800-1-600x400.jpg 600w, https:\/\/www.mes-allocs.fr\/guides\/wp-content\/uploads\/2020\/12\/pexels-andrea-piacquadio-3762800-1.jpg 1280w\" sizes=\"auto, (max-width: 300px) 100vw, 300px\" \/><\/a><\/p>\n<p style=\"text-align: justify;\">Pour venir \u00e9tudier en France, certains\u00a0\u00e9tudiants \u00e9trangers ont besoin d&rsquo;un visa. Il s&rsquo;agit d&rsquo;un titre de s\u00e9jour d\u00e9livr\u00e9 par le consulat de France du pays o\u00f9 ils r\u00e9sident. Ce visa leur permet d&rsquo;entrer et de s\u00e9journer en France.<\/p>\n<p><strong>Le visa obtenu via Visale<\/strong>\u00a0est un\u00a0<strong>certificat qui permet de b\u00e9n\u00e9ficier d&rsquo;une\u00a0caution locative \u00e9tudiante<\/strong>.<strong>\u00a0Il ne permet ni d&rsquo;entrer ni de rester en France.<\/strong><\/p>\n<div class='cta-block'><div class='text'>Simulez toutes vos aides en 2 min.<\/div><a href='https:\/\/www.mes-allocs.fr\/ab-app?origin=guides\/wp-json\/wp\/v2\/posts\/16816' class='app-button fit'>Simulation gratuite<\/a><\/div>\n<h1>Qu&rsquo;est-ce que Visale ?<\/h1>\n<p>Comme nous l&rsquo;avons dit, la garantie Visale couvre les loyers charges comprises impay\u00e9s pr\u00e9vus par le bail en cas de difficult\u00e9s de paiements. Depuis peu, les \u00e9ventuelles d\u00e9gradations qui peuvent se produire durant la dur\u00e9e du bail sont \u00e9galement prises en charge par la garantie Visale.<\/p>\n<p>Vous devrez rembourser les sommes avanc\u00e9es par Action Logement \u00e0 Action Logement Service (vous pouvez b\u00e9n\u00e9ficier d\u2019un \u00e9ch\u00e9ancier).<\/p>\n<p><strong>Les\u00a0impay\u00e9s de loyers\u00a0et charges sont garantis \u00e0 hauteur de :\u00a0\u00a0<\/strong><\/p>\n<ul>\n<li>36\u00a0impay\u00e9s de loyers et charges locatives\u00a0d\u00e9duction faite des aides\u00a0au logement dans le parc locatif priv\u00e9<\/li>\n<li>9 impay\u00e9s de loyers et charges locatives d\u00e9duction faite des aides au logement dans le parc locatif social<\/li>\n<\/ul>\n<p><strong>Les d\u00e9gradations locatives :\u00a0<\/strong><\/p>\n<p>Ces derni\u00e8res sont garanties dans la limite de 2 mois de loyers et charges inscrits au bail pour les logements relevant du parc locatif priv\u00e9<\/p>\n<ul>\n<li>Les frais de remise en \u00e9tat du logement sont couverts\u00a0en cas de d\u00e9gradations locatives\u00a0imputables au locataire, \u00e0 l\u2019exclusion des frais de remise en \u00e9tat du mobilier.<\/li>\n<li>Les d\u00e9gradations locatives sont constat\u00e9es au d\u00e9part du locataire par comparaison de l\u2019\u00e9tat des lieux d\u2019entr\u00e9e et de sortie \u00e9tablis contradictoirement ou par acte d\u2019huissier<\/li>\n<\/ul>\n<p><strong>Attention : les \u00e9tudiants non boursiers rattach\u00e9s au foyer fiscal de leurs parents ne peuvent b\u00e9n\u00e9ficier du dispositif<\/strong><\/p>\n<p>Visale prend agit en cas d&rsquo;impay\u00e9s, mais ne prend pas en compte le d\u00e9p\u00f4t de garantie qui peut \u00eatre demand\u00e9 par votre bailleur. En revanche, vous pouvez faire une demande d&rsquo;avance Loca-Pass !<\/p>\n<p><iframe loading=\"lazy\" title=\"La garantie visale\" width=\"500\" height=\"281\" src=\"https:\/\/www.youtube.com\/embed\/B1BZZnKIoGo?feature=oembed\" frameborder=\"0\" allow=\"accelerometer; autoplay; clipboard-write; encrypted-media; gyroscope; picture-in-picture; web-share\" referrerpolicy=\"strict-origin-when-cross-origin\" allowfullscreen><\/iframe><\/p>\n<h1>Quelles sont les conditions d&rsquo;attribution du dispositif Visale ?<\/h1>\n<p>Un certain nombre de conditions doivent \u00eatre respect\u00e9es si vous souhaitez b\u00e9n\u00e9ficier de Visale, \u00e0 savoir :<\/p>\n<ul>\n<li>\u00catre \u00e2g\u00e9 de moins de 30 ans\u202f(jusqu\u2019au 31\u00e8me\u202fanniversaire) : votre situation professionnelle n&rsquo;est pas prises en compte<\/li>\n<li>\u00catre \u00e2g\u00e9 de plus de 30 ans et salari\u00e9\u202fd\u2019une entreprise du secteur priv\u00e9 ou du secteur agricole (ou titulaire d\u2019une promesse d\u2019embauche)\n<ul>\n<li>Au plus tard dans les\u00a06 mois\u202fapr\u00e8s sa\u00a0prise de fonction\u202f(notamment CDD, Int\u00e9rim, contrats aid\u00e9s, CDI p\u00e9riode d\u2019essai),<\/li>\n<li>Jusqu\u2019\u00e0 6 mois apr\u00e8s\u00a0sa\u00a0mutation\u202f\u00a0professionnelle\u00a0(changement de lieu de travail\u00a0dans la m\u00eame entreprise ou le m\u00eame groupe).<\/li>\n<\/ul>\n<\/li>\n<li>\u00catre \u00e9tudiant ou alternant<\/li>\n<li>Faire l\u2019objet d\u2019une signature d\u2019un bail mobilit\u00e9.<\/li>\n<\/ul>\n<h1>Comment faire une demande de garantie Visale ?<\/h1>\n<p>Pour b\u00e9n\u00e9ficier de cette aide au logement, vous devez obligatoirement vous rendre sur le site Visale.fr, vous, comme le propri\u00e9taire de votre logement devrez proc\u00e9der \u00e0 cette \u00e9tape. Notez que vous pouvez faire votre demande de Visale avant m\u00eame de trouver un logement.<\/p>\n<p>Si vous \u00eates le locataire, vous devez cr\u00e9er un espace personnel sur le site pour faire votre demande de visa certifi\u00e9. Pour l\u2019obtenir, vous devrez remplir le formulaire et y joindre les pi\u00e8ces justificatives demand\u00e9es. Ces derni\u00e8res peuvent \u00eatre : un contrat de travail, une promesse d\u2019embauche, une d\u00e9claration de Kbis, etc. Les documents demand\u00e9s d\u00e9pendront de votre situation et de votre activit\u00e9 professionnelle.<\/p>\n<p>Si vous \u00eates effectivement \u00e9ligible \u00e0 Visale,\u00a0 vous recevrez par mail, ou bien par sms une r\u00e9ponse sous deux jours ouvr\u00e9s.<\/p>\n<p>D\u00e8s vous obtenez votre votre visa certifi\u00e9, vous devez le transmettre au propri\u00e9taire de votre logement. \u00c0 son tour ce dernier devra se rendre sur Visale.fr. Apr\u00e8s quoi, il re\u00e7oit son contrat de cautionnement l\u2019assurant qu\u2019Action Logement l\u2019indemnisera en cas d\u2019impay\u00e9s de loyers.<\/p>\n<div class='cta-block'><div class='text'>Simulez toutes vos aides en 2 min.<\/div><a href='https:\/\/www.mes-allocs.fr\/ab-app?origin=guides\/wp-json\/wp\/v2\/posts\/16816' class='app-button fit'>Simulation gratuite<\/a><\/div>\n","protected":false},"excerpt":{"rendered":"<p>[Mis \u00e0 jour le 27\/01\/2026] La garantie Visale est une caution gratuite pour les jeunes de 18 \u00e0 30 ans salari\u00e9s du secteur priv\u00e9. Elle prend en charge les loyers et les charges impay\u00e9s en cas de difficult\u00e9s financi\u00e8res. Pour b\u00e9n\u00e9ficier de cette aide au logement, de nombreuses conditions sont \u00e0 respecter. Mes Allocs vous [&hellip;]<\/p>\n","protected":false},"author":6,"featured_media":16838,"comment_status":"open","ping_status":"open","sticky":false,"template":"","format":"standard","meta":{"amp_status":"","footnotes":""},"categories":[40871,41089],"tags":[],"class_list":["post-16816","post","type-post","status-publish","format-standard","has-post-thumbnail","hentry","category-aide-etranger","category-aides-au-logement-etranger"],"yoast_head":"<!-- This site is optimized with the Yoast SEO plugin v14.9 - https:\/\/yoast.com\/wordpress\/plugins\/seo\/ -->\n<title>Tout savoir sur la garantie Visale pour \u00e9tranger en 2026 | Mes-Allocs.fr<\/title>\n<meta name=\"description\" content=\"La garantie Visale est accessible pour les personnes \u00e9trang\u00e8res de 18 \u00e0 30 ans. Mes Allocs vous explique tout en d\u00e9tail ici !\" \/>\n<meta name=\"robots\" content=\"index, follow, max-snippet:-1, max-image-preview:large, max-video-preview:-1\" \/>\n<link rel=\"canonical\" href=\"https:\/\/www.mes-allocs.fr\/guides\/aide-etranger\/aides-au-logement-etranger\/garantie-visale-etranger\/\" \/>\n<meta property=\"og:locale\" content=\"fr_FR\" \/>\n<meta property=\"og:type\" content=\"article\" \/>\n<meta property=\"og:title\" content=\"Tout savoir sur la garantie Visale pour \u00e9tranger en 2026 | Mes-Allocs.fr\" \/>\n<meta property=\"og:description\" content=\"La garantie Visale est accessible pour les personnes \u00e9trang\u00e8res de 18 \u00e0 30 ans. Mes Allocs vous explique tout en d\u00e9tail ici !\" \/>\n<meta property=\"og:url\" content=\"https:\/\/www.mes-allocs.fr\/guides\/aide-etranger\/aides-au-logement-etranger\/garantie-visale-etranger\/\" \/>\n<meta property=\"og:site_name\" content=\"Mes-Allocs.fr\" \/>\n<meta property=\"article:published_time\" content=\"2020-12-18T09:24:43+00:00\" \/>\n<meta property=\"article:modified_time\" content=\"2026-01-27T16:01:16+00:00\" \/>\n<meta property=\"og:image\" content=\"https:\/\/www.mes-allocs.fr\/guides\/wp-content\/uploads\/2020\/12\/aircraft-723900_1280.jpg?wsr\" \/>\n\t<meta property=\"og:image:width\" content=\"1280\" \/>\n\t<meta property=\"og:image:height\" content=\"960\" \/>\n<meta name=\"twitter:card\" content=\"summary_large_image\" \/>\n<script type=\"application\/ld+json\" class=\"yoast-schema-graph\">{\"@context\":\"https:\/\/schema.org\",\"@graph\":[{\"@type\":\"WebSite\",\"@id\":\"https:\/\/www.mes-allocs.fr\/guides\/#website\",\"url\":\"https:\/\/www.mes-allocs.fr\/guides\/\",\"name\":\"Mes-Allocs.fr\",\"description\":\"\",\"potentialAction\":[{\"@type\":\"SearchAction\",\"target\":\"https:\/\/www.mes-allocs.fr\/guides\/?s={search_term_string}\",\"query-input\":\"required name=search_term_string\"}],\"inLanguage\":\"fr-FR\"},{\"@type\":\"ImageObject\",\"@id\":\"https:\/\/www.mes-allocs.fr\/guides\/aide-etranger\/aides-au-logement-etranger\/garantie-visale-etranger\/#primaryimage\",\"inLanguage\":\"fr-FR\",\"url\":\"https:\/\/www.mes-allocs.fr\/guides\/wp-content\/uploads\/2020\/12\/aircraft-723900_1280.jpg?wsr\",\"width\":1280,\"height\":960,\"caption\":\"aircraft 723900 1280 e1608109284128\"},{\"@type\":\"WebPage\",\"@id\":\"https:\/\/www.mes-allocs.fr\/guides\/aide-etranger\/aides-au-logement-etranger\/garantie-visale-etranger\/#webpage\",\"url\":\"https:\/\/www.mes-allocs.fr\/guides\/aide-etranger\/aides-au-logement-etranger\/garantie-visale-etranger\/\",\"name\":\"Tout savoir sur la garantie Visale pour \\u00e9tranger en 2026 | Mes-Allocs.fr\",\"isPartOf\":{\"@id\":\"https:\/\/www.mes-allocs.fr\/guides\/#website\"},\"primaryImageOfPage\":{\"@id\":\"https:\/\/www.mes-allocs.fr\/guides\/aide-etranger\/aides-au-logement-etranger\/garantie-visale-etranger\/#primaryimage\"},\"datePublished\":\"2020-12-18T09:24:43+00:00\",\"dateModified\":\"2026-01-27T16:01:16+00:00\",\"author\":{\"@id\":\"https:\/\/www.mes-allocs.fr\/guides\/#\/schema\/person\/0ecd61a8600573914d00d970a588c024\"},\"description\":\"La garantie Visale est accessible pour les personnes \\u00e9trang\\u00e8res de 18 \\u00e0 30 ans. Mes Allocs vous explique tout en d\\u00e9tail ici !\",\"inLanguage\":\"fr-FR\"},{\"@type\":\"Person\",\"@id\":\"https:\/\/www.mes-allocs.fr\/guides\/#\/schema\/person\/0ecd61a8600573914d00d970a588c024\",\"name\":\"Jonathan\",\"image\":{\"@type\":\"ImageObject\",\"@id\":\"https:\/\/www.mes-allocs.fr\/guides\/#personlogo\",\"inLanguage\":\"fr-FR\",\"url\":\"https:\/\/www.mes-allocs.fr\/guides\/wp-content\/uploads\/2021\/06\/jonathan-150x150.png\",\"caption\":\"Jonathan\"},\"description\":\"Jonathan est r\\u00e9dacteur au sein de l'\\u00e9quipe Mes Allocs, sp\\u00e9cialis\\u00e9 sur les sujets li\\u00e9s au handicap. Dipl\\u00f4m\\u00e9e de l'UPEM, il rejoint Mes Allocs apr\\u00e8s avoir travaill\\u00e9 \\u00e0 l'association AEDE qui accompagne les adultes en situation de handicap. Quand il n'\\u00e9crit pas, on peut le retrouver sur un terrain de basket.\",\"sameAs\":[\"https:\/\/www.linkedin.com\/in\/jonathan-bambela-8637861b7\"]}]}<\/script>\n<!-- \/ Yoast SEO plugin. -->","amp_validity":null,"acf":{"faq":{"1":{"question":"Un \u00e9tranger peut b\u00e9n\u00e9ficier de Visale ? ","answer":"Oui tout \u00e0 fait. les conditions d'attribution sont les m\u00eames que pour les b\u00e9n\u00e9ficiaires fran\u00e7ais. Vous devrez juste fournir en plus un titre de s\u00e9jour en cours de validit\u00e9"},"2":{"question":"Comment faire une demande Visale ?","answer":"Connectez-vous sur www.visale.fr, cliquez sur Mon espace Visale, puis je m'inscris \u00e0 Visale. Vous acc\u00e9dez \u00e0 la fen\u00eatre Je cr\u00e9e mon espace personnel. Renseignez votre adresse mail et mot de passe choisi. Un code d'activation vous est adress\u00e9 dans votre bo\u00eete mail."},"3":{"question":"Qui a droit \u00e0 la garantie Visale ?","answer":"Sont \u00e9ligibles \u00e0 Visale : Les jeunes entre 18 et 30 ans : quelle que soit leur situation. Les salari\u00e9s de + de 30 ans d'une entreprise du secteur priv\u00e9 ou agricole (ou titulaire d'une promesse d'embauche) dont la demande de garantie Visale intervient : Jusqu'\u00e0 6 mois apr\u00e8s la prise de fonction (hors CDI confirm\u00e9)."},"4":{"question":"Est-ce que l'avance Loca-Pass est toujours en vigueur ? ","answer":"L'avance Loca-Pass n'est plus attribu\u00e9e, c'est d\u00e9sormais la garantie Visale qui la remplace depuis 2016"},"5":{"question":"Peut-on cumuler Visale et Loca-pass ? ","answer":"Vous pouvez tout \u00e0 fait cumuler ces deux aides au logement attribu\u00e9es par Action Logement.\r\nVisale est un garant gratuit, tandis que Loca-Pass est une avance pour financer votre d\u00e9p\u00f4t de garantie."},"6":{"question":"Qui peut b\u00e9n\u00e9ficier de l'aide Loca-pass ?","answer":"Ce pr\u00eat est \u00e0 rembourser sans int\u00e9r\u00eat d'emprunt, ni frais de dossier. Pour en b\u00e9n\u00e9ficier, il faut avoir moins de 30 ans ou \u00eatre salari\u00e9 ou pr\u00e9-retrait\u00e9 du secteur priv\u00e9 (hors agricole)."},"7":{"question":"","answer":""},"8":{"question":"","answer":""},"9":{"question":"","answer":""},"10":{"question":"","answer":""},"11":{"question":"","answer":""},"12":{"question":"","answer":""},"13":{"question":"","answer":""},"14":{"question":"","answer":""},"15":{"question":"","answer":""},"16":{"question":"","answer":""}}},"_links":{"self":[{"href":"https:\/\/www.mes-allocs.fr\/guides\/wp-json\/wp\/v2\/posts\/16816","targetHints":{"allow":["GET"]}}],"collection":[{"href":"https:\/\/www.mes-allocs.fr\/guides\/wp-json\/wp\/v2\/posts"}],"about":[{"href":"https:\/\/www.mes-allocs.fr\/guides\/wp-json\/wp\/v2\/types\/post"}],"author":[{"embeddable":true,"href":"https:\/\/www.mes-allocs.fr\/guides\/wp-json\/wp\/v2\/users\/6"}],"replies":[{"embeddable":true,"href":"https:\/\/www.mes-allocs.fr\/guides\/wp-json\/wp\/v2\/comments?post=16816"}],"version-history":[{"count":13,"href":"https:\/\/www.mes-allocs.fr\/guides\/wp-json\/wp\/v2\/posts\/16816\/revisions"}],"predecessor-version":[{"id":108422,"href":"https:\/\/www.mes-allocs.fr\/guides\/wp-json\/wp\/v2\/posts\/16816\/revisions\/108422"}],"wp:featuredmedia":[{"embeddable":true,"href":"https:\/\/www.mes-allocs.fr\/guides\/wp-json\/wp\/v2\/media\/16838"}],"wp:attachment":[{"href":"https:\/\/www.mes-allocs.fr\/guides\/wp-json\/wp\/v2\/media?parent=16816"}],"wp:term":[{"taxonomy":"category","embeddable":true,"href":"https:\/\/www.mes-allocs.fr\/guides\/wp-json\/wp\/v2\/categories?post=16816"},{"taxonomy":"post_tag","embeddable":true,"href":"https:\/\/www.mes-allocs.fr\/guides\/wp-json\/wp\/v2\/tags?post=16816"}],"curies":[{"name":"wp","href":"https:\/\/api.w.org\/{rel}","templated":true}]}}