{"id":16794,"date":"2020-12-18T09:16:46","date_gmt":"2020-12-18T09:16:46","guid":{"rendered":"https:\/\/www.mes-allocs.fr\/guides\/?p=16794"},"modified":"2026-01-07T10:41:14","modified_gmt":"2026-01-07T09:41:14","slug":"aspa-retraite","status":"publish","type":"post","link":"https:\/\/www.mes-allocs.fr\/guides\/aspa\/cumul-aspa\/aspa-retraite\/","title":{"rendered":"Peut-on cumuler ASPA et retraite en 2026 ?"},"content":{"rendered":"<p><a href=\"https:\/\/www.mes-allocs.fr\/guides\/wp-content\/uploads\/2020\/12\/man-1348082_1280.jpg\"><img loading=\"lazy\" decoding=\"async\" class=\"aligncenter wp-image-16796 size-full\" src=\"https:\/\/www.mes-allocs.fr\/guides\/wp-content\/uploads\/2020\/12\/man-1348082_1280-e1683097302680.jpg\" alt=\"Aspa pour les retrait\u00e9s : explication\" width=\"1280\" height=\"144\" srcset=\"https:\/\/www.mes-allocs.fr\/guides\/wp-content\/uploads\/2020\/12\/man-1348082_1280-e1683097302680.jpg 1280w, https:\/\/www.mes-allocs.fr\/guides\/wp-content\/uploads\/2020\/12\/man-1348082_1280-e1683097302680-300x34.jpg 300w, https:\/\/www.mes-allocs.fr\/guides\/wp-content\/uploads\/2020\/12\/man-1348082_1280-e1683097302680-1024x115.jpg 1024w, https:\/\/www.mes-allocs.fr\/guides\/wp-content\/uploads\/2020\/12\/man-1348082_1280-e1683097302680-768x86.jpg 768w, https:\/\/www.mes-allocs.fr\/guides\/wp-content\/uploads\/2020\/12\/man-1348082_1280-e1683097302680-600x68.jpg 600w\" sizes=\"auto, (max-width: 1280px) 100vw, 1280px\" \/><\/a><\/p>\n<p style=\"text-align: justify;\">[Mis \u00e0 jour le 07\/01\/2026] L&rsquo;<a href=\"https:\/\/www.mes-allocs.fr\/guides\/aspa\/\">ASPA<\/a>, anciennement appel\u00e9 minimum vieillesse, est destin\u00e9e aux personnes de 65 ans ou plus dont les ressources ne sont pas suffisantes. Cette allocation intervient en compl\u00e9ment des pensions de retraite. En effet, il est possible de cumuler l&rsquo;ASPA et le retraite, sous certaines conditions. Mes Allocs vous explique tout le <strong>cumul ASPA et retraite<\/strong>.<\/p>\n<div class='cta-block'><div class='text'>Simulez toutes vos Aides Sociales en 2 min. Gratuit.<\/div><a href='https:\/\/www.mes-allocs.fr\/ab-app?origin=guides\/wp-json\/wp\/v2\/posts\/16794' class='app-button fit'>Simulation gratuite<\/a><\/div>\n<h1>Est-il possible de cumuler l&rsquo;ASPA et la retraite ?<\/h1>\n<h2>Le cumul ASPA et retraite<\/h2>\n<p style=\"text-align: justify;\">Il est possible de cumuler l&rsquo;ASPA et une retraite, sous certaines conditions. En effet, l&rsquo;Allocation de solidarit\u00e9 aux personnes \u00e2g\u00e9es (ASPA) est une aide qui peut vous \u00eatre attribu\u00e9e au moment de votre d\u00e9part \u00e0 la retraite ou si vous percevez d\u00e9j\u00e0 une pension de retraite.<\/p>\n<p style=\"text-align: justify;\">Pour en b\u00e9n\u00e9ficier, vous devez justifier de faibles ressources qui ne vous permettent pas de vivre correctement. Si les conditions d&rsquo;attribution de l&rsquo;ASPA sont remplies,<strong> elle pourra compl\u00e9ter les revenus de la retraite pour atteindre un montant minimum garanti par l&rsquo;Etat.<\/strong> Toutefois, le cumul de l&rsquo;ASPA et d&rsquo;une retraite peut \u00eatre soumis \u00e0 certaines r\u00e8gles particuli\u00e8res, notamment en mati\u00e8re de d\u00e9claration de ressources ou de prise en compte de certains revenus exceptionnels.<\/p>\n<h2>Les plafonds de ressource de l&rsquo;ASPA<\/h2>\n<p>Pour cumuler l&rsquo;ASPA et la retraite, il faut r\u00e9pondre aux conditions d&rsquo;attribution de l&rsquo;ASPA, en particulier aux plafonds de ressource fix\u00e9s. Voici les plafonds \u00e0 ne pas d\u00e9passer en 2026 :<\/p>\n<p><span data-sheets-value=\"{&quot;1&quot;:2,&quot;2&quot;:&quot;\n&lt;div class=&quot;wpdt-c row wpDataTableContainerSimpleTable wpDataTables wpDataTablesWrapper\n&quot;\n    &gt;\n    &lt;table id=&quot;wpdtSimpleTable-236&quot;\n           class=&quot;wpdtSimpleTable wpDataTable&quot;\n           data-column=&quot;2&quot;\n           data-rows=&quot;3&quot;\n           data-wpID=&quot;236&quot;\n           data-responsive=&quot;0&quot;\n           data-has-header=&quot;1&quot;&gt;\n\n                    &lt;thead&gt;        &lt;tr class=&quot;wpdt-cell-row &quot; &gt;\n                            &lt;th class=&quot;wpdt-cell wpdt-bold wpdt-bc-F3F9FE&quot;\n                                    data-cell-id=&quot;A1&quot;\n                data-col-index=&quot;0&quot;\n                data-row-index=&quot;0&quot;\n                style=&quot; width:48.448687350835%;                padding:10px;&quot;\n                &gt;\n                                Situation familiale                &lt;\/th&gt;\n                                            &lt;th class=&quot;wpdt-cell wpdt-bold wpdt-bc-F3F9FE&quot;\n                                    data-cell-id=&quot;B1&quot;\n                data-col-index=&quot;1&quot;\n                data-row-index=&quot;0&quot;\n                style=&quot; width:51.551312649165%;                padding:10px;&quot;\n                &gt;\n                                Plafonds de ressources \u00e0 ne pas d\u00e9passer (brut par mois) :                &lt;\/th&gt;\n                                        &lt;\/tr&gt;\n                    &lt;tbody&gt;        &lt;tr class=&quot;wpdt-cell-row &quot; &gt;\n                            &lt;td class=&quot;wpdt-cell &quot;\n                                    data-cell-id=&quot;A2&quot;\n                data-col-index=&quot;0&quot;\n                data-row-index=&quot;1&quot;\n                style=&quot;                padding:10px;&quot;\n                &gt;\n                                Seul                &lt;\/td&gt;\n                                            &lt;td class=&quot;wpdt-cell &quot;\n                                    data-cell-id=&quot;B2&quot;\n                data-col-index=&quot;1&quot;\n                data-row-index=&quot;1&quot;\n                style=&quot;                padding:10px;&quot;\n                &gt;\n                                1 043,59 \u20ac                &lt;\/td&gt;\n                                        &lt;\/tr&gt;\n                            &lt;tr class=&quot;wpdt-cell-row &quot; &gt;\n                            &lt;td class=&quot;wpdt-cell &quot;\n                                    data-cell-id=&quot;A3&quot;\n                data-col-index=&quot;0&quot;\n                data-row-index=&quot;2&quot;\n                style=&quot;                padding:10px;&quot;\n                &gt;\n                                Couple                &lt;\/td&gt;\n                                            &lt;td class=&quot;wpdt-cell &quot;\n                                    data-cell-id=&quot;B3&quot;\n                data-col-index=&quot;1&quot;\n                data-row-index=&quot;2&quot;\n                style=&quot;                padding:10px;&quot;\n                &gt;\n                                1 620,18 \u20ac                &lt;\/td&gt;\n                                        &lt;\/tr&gt;\n                    &lt;\/table&gt;\n&lt;\/div&gt;&lt;style id=&#039;wpdt-custom-style-236&#039;&gt;\ntable#wpdtSimpleTable-236{ table-layout: fixed !important; }\n.wpdt-bc-F3F9FE { background-color: #F3F9FE !important;}\n&lt;\/style&gt;\n&quot;}\" data-sheets-userformat=\"{&quot;2&quot;:637,&quot;3&quot;:{&quot;1&quot;:0},&quot;5&quot;:{&quot;1&quot;:[{&quot;1&quot;:2,&quot;2&quot;:0,&quot;5&quot;:{&quot;1&quot;:2,&quot;2&quot;:0}},{&quot;1&quot;:0,&quot;2&quot;:0,&quot;3&quot;:3},{&quot;1&quot;:1,&quot;2&quot;:0,&quot;4&quot;:1}]},&quot;6&quot;:{&quot;1&quot;:[{&quot;1&quot;:2,&quot;2&quot;:0,&quot;5&quot;:{&quot;1&quot;:2,&quot;2&quot;:0}},{&quot;1&quot;:0,&quot;2&quot;:0,&quot;3&quot;:3},{&quot;1&quot;:1,&quot;2&quot;:0,&quot;4&quot;:1}]},&quot;7&quot;:{&quot;1&quot;:[{&quot;1&quot;:2,&quot;2&quot;:0,&quot;5&quot;:{&quot;1&quot;:2,&quot;2&quot;:0}},{&quot;1&quot;:0,&quot;2&quot;:0,&quot;3&quot;:3},{&quot;1&quot;:1,&quot;2&quot;:0,&quot;4&quot;:1}]},&quot;8&quot;:{&quot;1&quot;:[{&quot;1&quot;:2,&quot;2&quot;:0,&quot;5&quot;:{&quot;1&quot;:2,&quot;2&quot;:0}},{&quot;1&quot;:0,&quot;2&quot;:0,&quot;3&quot;:3},{&quot;1&quot;:1,&quot;2&quot;:0,&quot;4&quot;:1}]},&quot;9&quot;:1,&quot;12&quot;:0}\">\n<div class=\"wpdt-c row wpDataTableContainerSimpleTable wpDataTables wpDataTablesWrapper\n\"\n    >\n    <table id=\"wpdtSimpleTable-236\"\n           class=\"wpdtSimpleTable wpDataTable\"\n           data-column=\"2\"\n           data-rows=\"3\"\n           data-wpID=\"236\"\n           data-responsive=\"0\"\n           data-has-header=\"1\">\n\n                    <thead>        <tr class=\"wpdt-cell-row \" >\n                            <th class=\"wpdt-cell wpdt-bold wpdt-bc-F3F9FE\"\n                                    data-cell-id=\"A1\"\n                data-col-index=\"0\"\n                data-row-index=\"0\"\n                style=\" width:48.448687350835%;                padding:10px;\"\n                >\n                                Situation familiale                <\/th>\n                                            <th class=\"wpdt-cell wpdt-bold wpdt-bc-F3F9FE\"\n                                    data-cell-id=\"B1\"\n                data-col-index=\"1\"\n                data-row-index=\"0\"\n                style=\" width:51.551312649165%;                padding:10px;\"\n                >\n                                Plafonds de ressources \u00e0 ne pas d\u00e9passer (brut par mois) :                <\/th>\n                                        <\/tr>\n                    <tbody>        <tr class=\"wpdt-cell-row \" >\n                            <td class=\"wpdt-cell \"\n                                    data-cell-id=\"A2\"\n                data-col-index=\"0\"\n                data-row-index=\"1\"\n                style=\"                padding:10px;\"\n                >\n                                Seul                <\/td>\n                                            <td class=\"wpdt-cell \"\n                                    data-cell-id=\"B2\"\n                data-col-index=\"1\"\n                data-row-index=\"1\"\n                style=\"                padding:10px;\"\n                >\n                                1 043,59 \u20ac                <\/td>\n                                        <\/tr>\n                            <tr class=\"wpdt-cell-row \" >\n                            <td class=\"wpdt-cell \"\n                                    data-cell-id=\"A3\"\n                data-col-index=\"0\"\n                data-row-index=\"2\"\n                style=\"                padding:10px;\"\n                >\n                                Couple                <\/td>\n                                            <td class=\"wpdt-cell \"\n                                    data-cell-id=\"B3\"\n                data-col-index=\"1\"\n                data-row-index=\"2\"\n                style=\"                padding:10px;\"\n                >\n                                1 620,18 \u20ac                <\/td>\n                                        <\/tr>\n                    <\/table>\n<\/div><style id='wpdt-custom-style-236'>\ntable#wpdtSimpleTable-236{ table-layout: fixed !important; }\n.wpdt-bc-F3F9FE { background-color: #F3F9FE !important;}\n<\/style>\n<\/span><\/p>\n<p>Cela signifie que si vos ressources d\u00e9passent les montants ci-dessus, dans un premier temps, ce ne sont pas les revenus des 3 derniers mois qui seront examin\u00e9s mais <strong>ceux des 12 derniers mois.<\/strong> Si ces derniers sont sup\u00e9rieurs aux plafonds annuels de ressource, vous n&rsquo;aurez pas le droit \u00e0 l&rsquo;ASPA. Il se peut que le d\u00e9passement des plafonds intervienne uniquement parce que vous cumulez votre retraite et l&rsquo;ASPA. Il est donc recommand\u00e9 de vous renseigner sur le montant total que vous allez percevoir en cumulant ASPA et retraite afin de choisir l&rsquo;allocation la plus grande.<\/p>\n<p><strong>Avant de formuler votre demande ASPA, v\u00e9rifiez que vous respectez bien toutes les conditions suivantes :<\/strong><\/p>\n<ul>\n<li>\u00catre retrait\u00e9 (retraite personnelle ou de r\u00e9version)<\/li>\n<li>\u00catre \u00e2g\u00e9 de 65 ans, ou 62 ans si vous \u00eates reconnu inapte au travail ou atteint d\u2019une incapacit\u00e9 permanente d\u2019au moins 50 %<\/li>\n<li>Avoir des ressources ou revenu d&rsquo; activit\u00e9 dont les montants ne d\u00e9passent pas les plafonds en vigueur<\/li>\n<li>Avoir demand\u00e9, de m\u00eame que votre conjoint, concubin ou partenaire pacs\u00e9, toutes vos retraites personnelles et de r\u00e9version aupr\u00e8s de tous vos r\u00e9gimes fran\u00e7ais, \u00e9trangers et des organisations internationales<\/li>\n<li>R\u00e9sider en France m\u00e9tropolitaine<\/li>\n<li>Vivre en France au mois 6 mois ou 180 jours au cours de l&rsquo;ann\u00e9e civile<\/li>\n<li>Percevoir une\u00a0retraite anticip\u00e9e\u00a0pour handicap.<\/li>\n<\/ul>\n<h2>Les conditions d&rsquo;attribution d&rsquo;une retraite<\/h2>\n<p>Les conditions d&rsquo;attribution d&rsquo;une retraite varient selon les r\u00e9gimes de retraite concern\u00e9s. Par exemple, pour b\u00e9n\u00e9ficier de la retraite de base de la S\u00e9curit\u00e9 sociale, <strong>vous devez avoir atteint l&rsquo;\u00e2ge l\u00e9gal de d\u00e9part \u00e0 la retraite,<\/strong> qui varie en fonction de l&rsquo;ann\u00e9e de naissance. Ensuite, il est n\u00e9cessaire d&rsquo;avoir cotis\u00e9 un certain nombre de trimestres pour pouvoir b\u00e9n\u00e9ficier d&rsquo;une retraite \u00e0 taux plein. Ce nombre de trimestres varie selon l&rsquo;ann\u00e9e de naissance et le r\u00e9gime de retraite concern\u00e9.<\/p>\n<p>Les r\u00e9gimes de retraite compl\u00e9mentaire ont \u00e9galement leurs propres r\u00e8gles en mati\u00e8re d&rsquo;\u00e2ge et de dur\u00e9e de cotisation. Par exemple, pour b\u00e9n\u00e9ficier de la retraite Agirc-Arrco, vous devez avoir cotis\u00e9 un nombre de points de retraite <strong>suffisant<\/strong> pour b\u00e9n\u00e9ficier de ce r\u00e9gime \u00e0 taux plein.<\/p>\n<h2>Les types de retraite cumulables avec l&rsquo;ASPA<\/h2>\n<p>L&rsquo;ASPA peut \u00eatre cumul\u00e9e avec diff\u00e9rents types de retraite, qu&rsquo;il s&rsquo;agisse d&rsquo;une retraite de base ou compl\u00e9mentaire. Ainsi, l&rsquo;ASPA peut \u00eatre cumul\u00e9e avec :<\/p>\n<ul>\n<li><strong>La retraite de base du r\u00e9gime g\u00e9n\u00e9ral de la S\u00e9curit\u00e9 sociale<\/strong><\/li>\n<li><strong>Les r\u00e9gimes de retraite compl\u00e9mentaire (Agirc-Arrco)<\/strong><\/li>\n<li><strong>Les r\u00e9gimes de retraite des fonctionnaires\u00a0<\/strong><\/li>\n<li><strong>Les r\u00e9gimes de retraite des professions lib\u00e9rales<\/strong><\/li>\n<li><strong>Les r\u00e9gimes de retraite des commer\u00e7ants et artisans\u00a0<\/strong><\/li>\n<li><strong>Les r\u00e9gimes de retraite des exploitants agricoles (MSA)<\/strong><\/li>\n<\/ul>\n<p>Toutefois, le montant de l&rsquo;ASPA sera calcul\u00e9 en fonction de l&rsquo;ensemble des ressources du foyer, y compris les diff\u00e9rentes pensions de retraite per\u00e7ues. Il est donc possible que le montant de l&rsquo;ASPA soit r\u00e9duit si les autres pensions de retraite sont suffisantes pour atteindre le seuil de ressources fix\u00e9.<\/p>\n<p><em>Exemple : si vous vivez seul et que vous percevez une retraite de base \u00e0 700 \u20ac par mois, le plafond de l&rsquo;ASPA \u00e9tant fix\u00e9 \u00e0 1 043,59 \u20ac pour les personnes seules, vous obtiendrez donc un total de 343,59 \u20ac. Le calcul est le suivant : 1 043,59 &#8211; 700 = 343,59.<\/em><\/p>\n<div class='cta-block'><div class='text'>Simulez toutes vos Aides Sociales en 2 min. Gratuit.<\/div><a href='https:\/\/www.mes-allocs.fr\/ab-app?origin=guides\/wp-json\/wp\/v2\/posts\/16794' class='app-button fit'>Simulation gratuite<\/a><\/div>\n<p><iframe loading=\"lazy\" src=\"\/\/www.youtube.com\/embed\/kojbMo1597o\" width=\"560\" height=\"314\" allowfullscreen=\"allowfullscreen\"><\/iframe><\/p>\n<h1>Quelles sont les d\u00e9marches pour cumuler l&rsquo;ASPA et la retraite ?<\/h1>\n<h2>Les modalit\u00e9s administratives<\/h2>\n<p style=\"text-align: justify;\">Si vous souhaitez cumuler l&rsquo;ASPA et votre retraite, <strong>vous devez en faire la demande aupr\u00e8s de la caisse de retraite<\/strong> dont vous d\u00e9pendez et de l&rsquo;organisme qui vous verse l&rsquo;ASPA (CNAV, CARSAT, MSA&#8230;). Concernant la demande aupr\u00e8s de la caisse de retraite, vous pouvez la faire en ligne ou en envoyant un courrier avec le formulaire de demande de retraite.<\/p>\n<p>Notez que le montant de l&rsquo;ASPA est recalcul\u00e9 chaque ann\u00e9e en fonction de vos ressources. Ainsi, si vous percevez une retraite, le montant de l&rsquo;ASPA sera ajust\u00e9 en fonction des revenus de retraite.<\/p>\n<h2>Les pi\u00e8ces justificatives \u00e0 joindre<\/h2>\n<p>Pour demander le cumul de l&rsquo;ASPA et d&rsquo;une retraite, il est g\u00e9n\u00e9ralement n\u00e9cessaire de fournir \u00e0 votre caisse de retraite et \u00e0 l&rsquo;organisme qui vous verse l&rsquo;ASPA, les pi\u00e8ces justificatives suivantes :<\/p>\n<ul>\n<li><strong>Une copie de votre pi\u00e8ce d&rsquo;identit\u00e9<\/strong><\/li>\n<li><strong>Un justificatif de domicile r\u00e9cent<\/strong><\/li>\n<li><strong>Les relev\u00e9s de situation de tous les r\u00e9gimes de retraite auxquels vous avez cotis\u00e9<\/strong><\/li>\n<li><strong>Les justificatifs des pensions de retraite per\u00e7ues<\/strong><\/li>\n<li><strong>Les justificatifs des autres ressources<\/strong><\/li>\n<li><strong>Les justificatifs de votre situation familiale (livret de famille, acte de mariage&#8230;)<\/strong><\/li>\n<li><strong>Les justificatifs des d\u00e9penses actuelles (charges, loyer&#8230;)<\/strong><\/li>\n<\/ul>\n<p>Vous pouvez utiliser le simulateur d&rsquo;aides sociales Mes Allocs pour une estimation fiable de vos droits. Si vous \u00eates effectivement \u00e9ligible vous pouvez demander \u00e0 Mes Allocs de faire toutes les d\u00e9marches administratives \u00e0 votre place !<\/p>\n<h2>Le versement des aides<\/h2>\n<p style=\"text-align: justify;\">Si vous \u00eates effectivement \u00e9ligible, le montant de l&rsquo;ASPA vous sera vers\u00e9 dans les 3 mois suivant la date de notification de votre retraite. Elle peut \u00e9galement vous \u00eatre attribu\u00e9e \u00e0 la m\u00eame date que votre retraite. <strong>Vous pouvez demander un versement en une seule fois (pour l&rsquo;ann\u00e9e) ou un versement mensuel de l&rsquo;ASPA.<\/strong><\/p>\n<p style=\"text-align: justify;\">Si vous ne r\u00e9pondez pas aux conditions d\u2019attribution lors du point de d\u00e9part de votre retraite, vous pouvez demander l&rsquo;ASPA plus tard. Le point de d\u00e9part est alors fix\u00e9 au premier jour du mois qui suit le d\u00e9p\u00f4t de votre dossier.<\/p>\n<div class='cta-block'><div class='text'>Simulez toutes vos Aides Sociales en 2 min. Gratuit.<\/div><a href='https:\/\/www.mes-allocs.fr\/ab-app?origin=guides\/wp-json\/wp\/v2\/posts\/16794' class='app-button fit'>Simulation gratuite<\/a><\/div>\n","protected":false},"excerpt":{"rendered":"<p>[Mis \u00e0 jour le 07\/01\/2026] L&rsquo;ASPA, anciennement appel\u00e9 minimum vieillesse, est destin\u00e9e aux personnes de 65 ans ou plus dont les ressources ne sont pas suffisantes. Cette allocation intervient en compl\u00e9ment des pensions de retraite. En effet, il est possible de cumuler l&rsquo;ASPA et le retraite, sous certaines conditions. Mes Allocs vous explique tout le [&hellip;]<\/p>\n","protected":false},"author":6,"featured_media":16796,"comment_status":"open","ping_status":"open","sticky":false,"template":"","format":"standard","meta":{"amp_status":"","footnotes":""},"categories":[3649,3735,3653],"tags":[],"class_list":["post-16794","post","type-post","status-publish","format-standard","has-post-thumbnail","hentry","category-aspa","category-conditions-aspa","category-cumul-aspa"],"yoast_head":"<!-- This site is optimized with the Yoast SEO plugin v14.9 - https:\/\/yoast.com\/wordpress\/plugins\/seo\/ -->\n<title>Peut-on cumuler ASPA et retraite en 2026 ? | Mes-Allocs.fr<\/title>\n<meta name=\"description\" content=\"L&#039;ASPA est une allocation qui permet de compl\u00e9ter votre retraite. Mes Allocs vous explique comment cumuler l&#039;ASPA et la retraite.\" \/>\n<meta name=\"robots\" content=\"index, follow, max-snippet:-1, max-image-preview:large, max-video-preview:-1\" \/>\n<link rel=\"canonical\" href=\"https:\/\/www.mes-allocs.fr\/guides\/aspa\/cumul-aspa\/aspa-retraite\/\" \/>\n<meta property=\"og:locale\" content=\"fr_FR\" \/>\n<meta property=\"og:type\" content=\"article\" \/>\n<meta property=\"og:title\" content=\"Peut-on cumuler ASPA et retraite en 2026 ? | Mes-Allocs.fr\" \/>\n<meta property=\"og:description\" content=\"L&#039;ASPA est une allocation qui permet de compl\u00e9ter votre retraite. Mes Allocs vous explique comment cumuler l&#039;ASPA et la retraite.\" \/>\n<meta property=\"og:url\" content=\"https:\/\/www.mes-allocs.fr\/guides\/aspa\/cumul-aspa\/aspa-retraite\/\" \/>\n<meta property=\"og:site_name\" content=\"Mes-Allocs.fr\" \/>\n<meta property=\"article:published_time\" content=\"2020-12-18T09:16:46+00:00\" \/>\n<meta property=\"article:modified_time\" content=\"2026-01-07T09:41:14+00:00\" \/>\n<meta property=\"og:image\" content=\"https:\/\/www.mes-allocs.fr\/guides\/wp-content\/uploads\/2020\/12\/man-1348082_1280-e1683097302680.jpg?wsr\" \/>\n\t<meta property=\"og:image:width\" content=\"1280\" \/>\n\t<meta property=\"og:image:height\" content=\"144\" \/>\n<meta name=\"twitter:card\" content=\"summary_large_image\" \/>\n<script type=\"application\/ld+json\" class=\"yoast-schema-graph\">{\"@context\":\"https:\/\/schema.org\",\"@graph\":[{\"@type\":\"WebSite\",\"@id\":\"https:\/\/www.mes-allocs.fr\/guides\/#website\",\"url\":\"https:\/\/www.mes-allocs.fr\/guides\/\",\"name\":\"Mes-Allocs.fr\",\"description\":\"\",\"potentialAction\":[{\"@type\":\"SearchAction\",\"target\":\"https:\/\/www.mes-allocs.fr\/guides\/?s={search_term_string}\",\"query-input\":\"required name=search_term_string\"}],\"inLanguage\":\"fr-FR\"},{\"@type\":\"ImageObject\",\"@id\":\"https:\/\/www.mes-allocs.fr\/guides\/aspa\/cumul-aspa\/aspa-retraite\/#primaryimage\",\"inLanguage\":\"fr-FR\",\"url\":\"https:\/\/www.mes-allocs.fr\/guides\/wp-content\/uploads\/2020\/12\/man-1348082_1280-e1683097302680.jpg?wsr\",\"width\":1280,\"height\":144,\"caption\":\"man 1348082 1280 e1608041504444\"},{\"@type\":\"WebPage\",\"@id\":\"https:\/\/www.mes-allocs.fr\/guides\/aspa\/cumul-aspa\/aspa-retraite\/#webpage\",\"url\":\"https:\/\/www.mes-allocs.fr\/guides\/aspa\/cumul-aspa\/aspa-retraite\/\",\"name\":\"Peut-on cumuler ASPA et retraite en 2026 ? | Mes-Allocs.fr\",\"isPartOf\":{\"@id\":\"https:\/\/www.mes-allocs.fr\/guides\/#website\"},\"primaryImageOfPage\":{\"@id\":\"https:\/\/www.mes-allocs.fr\/guides\/aspa\/cumul-aspa\/aspa-retraite\/#primaryimage\"},\"datePublished\":\"2020-12-18T09:16:46+00:00\",\"dateModified\":\"2026-01-07T09:41:14+00:00\",\"author\":{\"@id\":\"https:\/\/www.mes-allocs.fr\/guides\/#\/schema\/person\/0ecd61a8600573914d00d970a588c024\"},\"description\":\"L'ASPA est une allocation qui permet de compl\\u00e9ter votre retraite. Mes Allocs vous explique comment cumuler l'ASPA et la retraite.\",\"inLanguage\":\"fr-FR\"},{\"@type\":\"Person\",\"@id\":\"https:\/\/www.mes-allocs.fr\/guides\/#\/schema\/person\/0ecd61a8600573914d00d970a588c024\",\"name\":\"Jonathan\",\"image\":{\"@type\":\"ImageObject\",\"@id\":\"https:\/\/www.mes-allocs.fr\/guides\/#personlogo\",\"inLanguage\":\"fr-FR\",\"url\":\"https:\/\/www.mes-allocs.fr\/guides\/wp-content\/uploads\/2021\/06\/jonathan-150x150.png\",\"caption\":\"Jonathan\"},\"description\":\"Jonathan est r\\u00e9dacteur au sein de l'\\u00e9quipe Mes Allocs, sp\\u00e9cialis\\u00e9 sur les sujets li\\u00e9s au handicap. Dipl\\u00f4m\\u00e9e de l'UPEM, il rejoint Mes Allocs apr\\u00e8s avoir travaill\\u00e9 \\u00e0 l'association AEDE qui accompagne les adultes en situation de handicap. Quand il n'\\u00e9crit pas, on peut le retrouver sur un terrain de basket.\",\"sameAs\":[\"https:\/\/www.linkedin.com\/in\/jonathan-bambela-8637861b7\"]}]}<\/script>\n<!-- \/ Yoast SEO plugin. -->","amp_validity":null,"acf":{"faq":{"1":{"question":"Est-ce que les retrait\u00e9s peuvent percevoir le RSA ? ","answer":"La r\u00e9glementation n'emp\u00eache pas un retrait\u00e9 de cumuler une pension de vieillesse et le revenu de solidarit\u00e9 active (RSA) d'autant qu'il n'y a pas de limite d'\u00e2ge pour toucher le RSA."},"2":{"question":"Qui peut toucher l'ASPA ?","answer":"Pour b\u00e9n\u00e9ficier de l'ASPA, il faut remplir plusieurs conditions : \u00catre retrait\u00e9 ou percevoir une pension de r\u00e9version. \u00catre \u00e2g\u00e9 de 65 ans ou avoir atteint l'\u00e2ge l\u00e9gal de la retraite en cas d'invalidit\u00e9 ou d'incapacit\u00e9 permanente (au moins 50 %)."},"3":{"question":"Comment faire une demande d'ASPA ?","answer":"L'ASPA s'obtient sur demande papier aupr\u00e8s de la caisse nationale d'assurance vieillesse (CNAV) pour les affili\u00e9s au r\u00e9gime g\u00e9n\u00e9ral de la S\u00e9curit\u00e9 sociale et \u00e0 la mutualit\u00e9 sociale agricole (MSA) pour les exploitants et salari\u00e9s agricoles."},"4":{"question":"Est-ce que l'Aspa est cumulable avec la retraite ?","answer":"Oui, il est possible de cumuler l'ASPA avec la retraite si vous respectez les conditions d'attribution de chaque aide. Il faut \u00e9galement tenir compte des plafonds de ressource fix\u00e9s pour l'ASPA."},"5":{"question":"Une femme n'ayant jamais travaill\u00e9 peut toucher la retraite ? ","answer":"Les personnes n'ayant jamais travaill\u00e9 peuvent percevoir le minimum vieillesse, ou plut\u00f4t l'Aspa, \u00e0 partir de 65 ans. Cette prestation n'est pas issue des cotisations mais financ\u00e9e par le Fonds de solidarit\u00e9 vieillesse (FSV)."},"6":{"question":"O\u00f9 envoyer une demande ASPA ? ","answer":"Si vous n'avez jamais travaill\u00e9 ou jamais cotis\u00e9 en France, dans ce cas un formulaire de demande individuelle d'allocation de solidarit\u00e9 aux personnes \u00e2g\u00e9es (SASPA) est \u00e0 remplir et \u00e0 d\u00e9poser \u00e0 la mairie ou au CCAS (Centre communal d'action sociale) de votre commune de r\u00e9sidence."},"7":{"question":"","answer":""},"8":{"question":"","answer":""},"9":{"question":"","answer":""},"10":{"question":"","answer":""},"11":{"question":"","answer":""},"12":{"question":"","answer":""},"13":{"question":"","answer":""},"14":{"question":"","answer":""},"15":{"question":"","answer":""},"16":{"question":"","answer":""}}},"_links":{"self":[{"href":"https:\/\/www.mes-allocs.fr\/guides\/wp-json\/wp\/v2\/posts\/16794","targetHints":{"allow":["GET"]}}],"collection":[{"href":"https:\/\/www.mes-allocs.fr\/guides\/wp-json\/wp\/v2\/posts"}],"about":[{"href":"https:\/\/www.mes-allocs.fr\/guides\/wp-json\/wp\/v2\/types\/post"}],"author":[{"embeddable":true,"href":"https:\/\/www.mes-allocs.fr\/guides\/wp-json\/wp\/v2\/users\/6"}],"replies":[{"embeddable":true,"href":"https:\/\/www.mes-allocs.fr\/guides\/wp-json\/wp\/v2\/comments?post=16794"}],"version-history":[{"count":17,"href":"https:\/\/www.mes-allocs.fr\/guides\/wp-json\/wp\/v2\/posts\/16794\/revisions"}],"predecessor-version":[{"id":107039,"href":"https:\/\/www.mes-allocs.fr\/guides\/wp-json\/wp\/v2\/posts\/16794\/revisions\/107039"}],"wp:featuredmedia":[{"embeddable":true,"href":"https:\/\/www.mes-allocs.fr\/guides\/wp-json\/wp\/v2\/media\/16796"}],"wp:attachment":[{"href":"https:\/\/www.mes-allocs.fr\/guides\/wp-json\/wp\/v2\/media?parent=16794"}],"wp:term":[{"taxonomy":"category","embeddable":true,"href":"https:\/\/www.mes-allocs.fr\/guides\/wp-json\/wp\/v2\/categories?post=16794"},{"taxonomy":"post_tag","embeddable":true,"href":"https:\/\/www.mes-allocs.fr\/guides\/wp-json\/wp\/v2\/tags?post=16794"}],"curies":[{"name":"wp","href":"https:\/\/api.w.org\/{rel}","templated":true}]}}