{"id":167,"date":"2019-07-11T14:56:40","date_gmt":"2019-07-11T14:56:40","guid":{"rendered":"https:\/\/www.mes-allocs.fr\/guides\/?p=167"},"modified":"2026-01-13T16:55:05","modified_gmt":"2026-01-13T15:55:05","slug":"apl-proprietaire","status":"publish","type":"post","link":"https:\/\/www.mes-allocs.fr\/guides\/aide-logement\/apl\/apl-proprietaire\/","title":{"rendered":"Peut-on encore b\u00e9n\u00e9ficier des APL propri\u00e9taire ?"},"content":{"rendered":"<p><span style=\"font-size: 12pt;\"><span style=\"font-weight: 400;\"><img loading=\"lazy\" decoding=\"async\" class=\"alignnone wp-image-168 size-full\" src=\"https:\/\/www.mes-allocs.fr\/guides\/wp-content\/uploads\/2019\/07\/AdobeStock_216914727-1-e1686056257847.jpg\" alt=\"apl proprietaire\" width=\"1504\" height=\"244\" \/>[Mis \u00e0 jour le 13\/01\/2026] L\u2019Aide Personnalis\u00e9e au logement est une aide au logement qui vous est vers\u00e9e par votre Caisse d\u2019Allocation Familiale (CAF) ou par votre Mutualit\u00e9 Sociale Agricole. L\u2019Aide Personnalis\u00e9e au Logement pour les propri\u00e9taires, \u00e9galement appel\u00e9e APL accession, n\u2019est plus disponible pour les nouveaux emprunteurs. Depuis le 1er janvier 2020, cette aide a \u00e9t\u00e9 supprim\u00e9e pour toute nouvelle souscription de pr\u00eat aid\u00e9. Seuls les propri\u00e9taires ayant contract\u00e9 un pr\u00eat accession sociale (PAS) ou un pr\u00eat conventionn\u00e9 (PC) avant cette date peuvent encore en b\u00e9n\u00e9ficier. Face \u00e0 cette suppression, quelles solutions existent aujourd\u2019hui pour les m\u00e9nages souhaitant devenir propri\u00e9taires tout en b\u00e9n\u00e9ficiant d\u2019un soutien financier ? Mes Allocs vous \u00e9claire.<\/span><\/span><\/p>\n<div class='cta-block'><div class='text'>Simulez toutes vos aides en 2 min.<\/div><a href='https:\/\/www.mes-allocs.fr\/ab-app?origin=guides\/wp-json\/wp\/v2\/posts\/167' class='app-button fit'>Simulation gratuite<\/a><\/div>\n<h1 data-start=\"648\" data-end=\"713\"><strong data-start=\"651\" data-end=\"711\">La suppression de l\u2019APL accession : ce qu\u2019il faut savoir<\/strong><\/h1>\n<p data-start=\"715\" data-end=\"1059\">Jusqu\u2019\u00e0 sa suppression, l\u2019<a href=\"https:\/\/www.mes-allocs.fr\/guides\/aide-logement\/apl\/simulation-apl\/\">APL<\/a> accession permettait aux foyers aux revenus modestes de r\u00e9duire le montant de leurs mensualit\u00e9s de pr\u00eat en b\u00e9n\u00e9ficiant d\u2019une aide vers\u00e9e par la CAF ou la MSA. D\u00e9sormais, <strong data-start=\"915\" data-end=\"982\">les nouveaux emprunteurs ne peuvent plus pr\u00e9tendre \u00e0 cette aide<\/strong>, sauf s\u2019ils avaient souscrit leur pr\u00eat aid\u00e9 avant le <strong data-start=\"1036\" data-end=\"1056\">31 d\u00e9cembre 2019<\/strong>.<\/p>\n<p data-start=\"1061\" data-end=\"1152\"><div class='cta-block'><div class='text'>Simulez vos APL en 2 min. Gratuit.<\/div><a href='https:\/\/www.mes-allocs.fr\/ab-app?origin=guides\/wp-json\/wp\/v2\/posts\/167' class='app-button fit'>Simulation gratuite<\/a><\/div><\/p>\n<p><iframe loading=\"lazy\" title=\"YouTube video player\" src=\"\/\/www.youtube.com\/embed\/dfDRI2qg_z4\" width=\"360\" height=\"215\" frameborder=\"0\" allowfullscreen=\"allowfullscreen\"><\/iframe><\/p>\n<h1 style=\"text-align: justify;\"><b>Quelles sont les conditions pour b\u00e9n\u00e9ficier de l\u2019APL propri\u00e9taire ?<\/b><\/h1>\n<p style=\"text-align: justify;\"><span style=\"font-weight: 400;\">De nombreuses <\/span><a href=\"https:\/\/www.mes-allocs.fr\/guides\/aide-logement\/apl\/conditions-apl\"><span style=\"font-weight: 400;\">conditions<\/span><\/a><span style=\"font-weight: 400;\"> s\u2019appliquent pour b\u00e9n\u00e9ficier de l\u2019Aide Personnalis\u00e9e au Logement propri\u00e9taire.<\/span><\/p>\n<h2>Conditions personnelles et conditions de ressources<\/h2>\n<p style=\"text-align: justify;\"><span style=\"font-weight: 400;\">Pour b\u00e9n\u00e9ficier de l\u2019APL propri\u00e9taire, vous devez \u00eatre fran\u00e7ais, ou s\u00e9journer en situation r\u00e9guli\u00e8re.<\/span><\/p>\n<ul class=\"TextList-sc-100qkuv-0 cXwnlG\">\n<li>Avoir souscrit un pr\u00eat aid\u00e9 par l\u2019Etat <strong>avant le 1er janvier 2020<\/strong> (pr\u00eat conventionn\u00e9, <span class=\"styles__TextLink-sc-1b5sr4l-9 dBVxAV\">pr\u00eat accession sociale<\/span>&#8230;)<\/li>\n<li>Avoir achet\u00e9 un logement ancien<\/li>\n<li>Et avoir\u00a0 achet\u00e9 un logement en Zone 3. Cette zone correspond \u00e0 toute commune comptant moins de 100 000 habitants.<\/li>\n<\/ul>\n<p><strong>Vous ne pourrez donc pas b\u00e9n\u00e9ficier des APL propri\u00e9taire si vous avez sign\u00e9 votre pr\u00eat aid\u00e9 au cours de l&rsquo;ann\u00e9e 2020.<\/strong><\/p>\n<h2>Bar\u00e8me de l&rsquo;APL propri\u00e9taire<\/h2>\n<p><span class=\"amp-wp-fe3f5cc\" data-amp-original-style=\"font-weight: 400;\">Les CAF recourent \u00e0 un bar\u00e8me pour d\u00e9terminer le montant de l\u2019APL.<\/span><\/p>\n<p><strong><span class=\"amp-wp-fe3f5cc\" data-amp-original-style=\"font-weight: 400;\">Ce dernier prend en compte :<\/span><\/strong><\/p>\n<ul>\n<li class=\"amp-wp-fe3f5cc\" data-amp-original-style=\"font-weight: 400;\"><span class=\"amp-wp-fe3f5cc\" data-amp-original-style=\"font-weight: 400;\">Les ressources du demandeur\u00a0<\/span><\/li>\n<li class=\"amp-wp-fe3f5cc\" data-amp-original-style=\"font-weight: 400;\"><span class=\"amp-wp-fe3f5cc\" data-amp-original-style=\"font-weight: 400;\">Sa situation g\u00e9ographique <\/span><\/li>\n<li class=\"amp-wp-fe3f5cc\" data-amp-original-style=\"font-weight: 400;\"><span class=\"amp-wp-fe3f5cc\" data-amp-original-style=\"font-weight: 400;\">La composition de son foyer<\/span><\/li>\n<\/ul>\n<h2 style=\"text-align: justify;\"><b>Conditions de logement<\/b><span style=\"font-weight: 400;\">\u00a0<\/span><\/h2>\n<p style=\"text-align: justify;\"><span style=\"font-weight: 400;\">Vous ne pouvez pas faire une demande d\u2019APL propri\u00e9taire pour n\u2019importe quel logement. Depuis le 1<\/span><span style=\"font-weight: 400;\">er<\/span><span style=\"font-weight: 400;\"> janvier 2018, l\u2019APL propri\u00e9taire n\u2019est ouverte qu\u2019\u00e0 des logements qui remplissent des conditions strictes. Pour b\u00e9n\u00e9ficier de l\u2019aide, votre logement doit :<\/span><\/p>\n<ul style=\"text-align: justify;\">\n<li style=\"font-weight: 400;\"><span style=\"font-weight: 400;\">\u00catre logement ancien et situ\u00e9 en zone 3. La zone 3 correspond aux agglom\u00e9rations de moins de 100 000 habitants, hors \u00cele-de-France. Vous ne pouvez pas b\u00e9n\u00e9ficier de l\u2019APL propri\u00e9taire si votre logement est situ\u00e9 en r\u00e9gion \u00cele-de-France.<\/span><\/li>\n<li style=\"font-weight: 400;\"><span style=\"font-weight: 400;\">Respecter les conditions de salubrit\u00e9, de confort et de surface (9m<\/span><span style=\"font-weight: 400;\">2<\/span><span style=\"font-weight: 400;\"> pour 1 personne, 16m<\/span><span style=\"font-weight: 400;\">2<\/span><span style=\"font-weight: 400;\"> pour deux personnes, et 7m<\/span><span style=\"font-weight: 400;\">2<\/span><span style=\"font-weight: 400;\"> par personne suppl\u00e9mentaire).<\/span><\/li>\n<li style=\"font-weight: 400;\"><span style=\"font-weight: 400;\">Faire l\u2019objet d\u2019un <\/span><b>pr\u00eat conventionn\u00e9. <\/b>P<span style=\"font-weight: 400;\">r\u00eat qui vous est accord\u00e9 par une banque sous contrat avec l\u2019\u00c9tat. <\/span><\/li>\n<\/ul>\n<p><span style=\"font-weight: 400;\">Cela pour vous permettre d\u2019acheter, de r\u00e9nover ou d\u2019am\u00e9liorer votre logement. Ou que vous b\u00e9n\u00e9ficiez d\u2019un pr\u00eat d\u2019accession Sociale conclu entre le 1<\/span><span style=\"font-weight: 400;\">er<\/span><span style=\"font-weight: 400;\"> janvier 2018 et le 31 d\u00e9cembre 2019<\/span><span style=\"font-weight: 400;\"> (l\u2019APL propri\u00e9taire a \u00e9t\u00e9 r\u00e9form\u00e9e en 2020). Il existe d&rsquo;autres types de pr\u00eats immobiliers aid\u00e9s par l&rsquo;\u00c9tat tels que le Pr\u00eat \u00e0 Taux Z\u00e9ro\u00a0<\/span><\/p>\n<p>Le pr\u00eat \u00e0 taux z\u00e9ro (PTZ), qui reste soumis \u00e0 des crit\u00e8res de ressources, sera disponible pour l&rsquo;achat de tous les <strong>logements neufs<\/strong> sur l\u2019ensemble du territoire, jusqu\u2019au <strong>31 d\u00e9cembre 2027<\/strong>. Cette extension vise \u00e0 encourager les m\u00e9nages, notamment ceux \u00e0 revenus moyens et modestes, \u00e0 investir dans leur r\u00e9sidence principale en facilitant leur acc\u00e8s \u00e0 un financement \u00e0 taux z\u00e9ro.<\/p>\n<p style=\"text-align: justify;\"><span style=\"font-weight: 400;\">Pour d\u2019avantage de pr\u00e9cision, vous pouvez consulter notre article sur la <\/span><span style=\"font-weight: 400;\"><a href=\"https:\/\/www.mes-allocs.fr\/guides\/aide-logement\/apl\/simulation-apl\">simulation d\u2019APL<\/a>.<\/span><\/p>\n<div class='cta-block'><div class='text'>Simulez vos APL en 2 min. Gratuit.<\/div><a href='https:\/\/www.mes-allocs.fr\/ab-app?origin=guides\/wp-json\/wp\/v2\/posts\/167' class='app-button fit'>Simulation gratuite<\/a><\/div>\n<h1 data-start=\"1154\" data-end=\"1211\"><strong data-start=\"1157\" data-end=\"1209\">Quelles alternatives \u00e0 l\u2019APL accession en 2026 ?<\/strong><\/h1>\n<p data-start=\"1213\" data-end=\"1377\">M\u00eame si l\u2019APL propri\u00e9taire a disparu, plusieurs aides et dispositifs peuvent faciliter l\u2019achat d\u2019un logement, en particulier pour les foyers aux revenus modestes.<\/p>\n<h2 data-start=\"1379\" data-end=\"1447\"><strong data-start=\"1383\" data-end=\"1445\">Le Pr\u00eat \u00e0 Taux Z\u00e9ro (PTZ) : une solution renforc\u00e9e<\/strong><\/h2>\n<p data-start=\"1449\" data-end=\"1588\">Le <strong data-start=\"1452\" data-end=\"1478\">Pr\u00eat \u00e0 Taux Z\u00e9ro (PTZ)<\/strong> reste l\u2019une des principales aides pour les primo-acc\u00e9dants. En 2025, son champ d\u2019application a \u00e9t\u00e9 \u00e9largi :<\/p>\n<ul data-start=\"1590\" data-end=\"1952\">\n<li data-start=\"1590\" data-end=\"1746\"><strong data-start=\"1592\" data-end=\"1622\">Depuis le 1<sup>er<\/sup> avril 2025<\/strong>, il est accessible pour l&rsquo;achat de logements neufs <strong data-start=\"1674\" data-end=\"1706\">sur l\u2019ensemble du territoire<\/strong> (et plus seulement en zones tendues).<\/li>\n<li data-start=\"1747\" data-end=\"1851\">Il est soumis \u00e0 des <strong data-start=\"1769\" data-end=\"1797\">conditions de ressources<\/strong>, favorisant les m\u00e9nages modestes et interm\u00e9diaires.<\/li>\n<li data-start=\"1852\" data-end=\"1952\">Il permet d&#8217;emprunter sans payer d\u2019int\u00e9r\u00eats, r\u00e9duisant ainsi le co\u00fbt total du cr\u00e9dit immobilier.<\/li>\n<\/ul>\n<h2 data-start=\"1954\" data-end=\"1999\"><strong data-start=\"1958\" data-end=\"1997\">Le Pr\u00eat Accession d&rsquo;Action Logement<\/strong><\/h2>\n<p data-start=\"2001\" data-end=\"2090\">Le Pr\u00eat Accession d&rsquo;Action Logement est une aide destin\u00e9e aux salari\u00e9s du secteur priv\u00e9 souhaitant devenir propri\u00e9taires. Il offre des conditions avantageuses, notamment un taux d\u2019int\u00e9r\u00eat r\u00e9duit \u00e0 1 %, permettant de diminuer le co\u00fbt total du cr\u00e9dit immobilier.<\/p>\n<p data-start=\"2001\" data-end=\"2090\">Ce pr\u00eat peut financer jusqu\u2019\u00e0 <strong>40 000 \u20ac<\/strong>, apportant ainsi un soutien financier significatif pour l\u2019achat d\u2019une r\u00e9sidence principale. La dur\u00e9e de remboursement peut s\u2019\u00e9tendre jusqu\u2019\u00e0 25 ans, offrant aux emprunteurs une plus grande flexibilit\u00e9 dans la gestion de leurs mensualit\u00e9s. Accessible sous conditions de ressources, ce dispositif constitue une alternative int\u00e9ressante pour les m\u00e9nages aux revenus modestes ou interm\u00e9diaires.<\/p>\n<h2 data-start=\"2001\" data-end=\"2090\"><strong data-start=\"2247\" data-end=\"2286\">Les aides des collectivit\u00e9s locales<\/strong><\/h2>\n<p data-start=\"2290\" data-end=\"2422\">Certaines <strong data-start=\"10\" data-end=\"47\">r\u00e9gions, d\u00e9partements et communes<\/strong> mettent en place des dispositifs sp\u00e9cifiques pour encourager l\u2019accession \u00e0 la propri\u00e9t\u00e9, notamment pour les m\u00e9nages aux revenus modestes. Ces aides peuvent prendre la forme de <strong data-start=\"224\" data-end=\"248\">subventions directes<\/strong> destin\u00e9es \u00e0 financer une partie de l\u2019achat d\u2019un logement, r\u00e9duisant ainsi l\u2019apport personnel n\u00e9cessaire.<\/p>\n<p data-start=\"2290\" data-end=\"2422\">Certaines collectivit\u00e9s offrent \u00e9galement des <strong data-start=\"400\" data-end=\"445\">exon\u00e9rations temporaires de taxe fonci\u00e8re<\/strong>, permettant aux primo-acc\u00e9dants de b\u00e9n\u00e9ficier d\u2019un all\u00e8gement fiscal durant les premi\u00e8res ann\u00e9es suivant l\u2019acquisition. Par ailleurs, certaines municipalit\u00e9s proposent des <strong data-start=\"618\" data-end=\"641\">pr\u00eats \u00e0 taux r\u00e9duit<\/strong>, facilitant ainsi l\u2019acc\u00e8s au financement avec des conditions plus avantageuses que celles des pr\u00eats classiques. Ces dispositifs varient en fonction des territoires et n\u00e9cessitent souvent de remplir des crit\u00e8res sp\u00e9cifiques, notamment de ressources et de localisation du bien immobilier.<\/p>\n<h2 data-start=\"2627\" data-end=\"2707\"><strong data-start=\"2631\" data-end=\"2705\">Le Bail R\u00e9el Solidaire (BRS) : une alternative pour acheter moins cher<\/strong><\/h2>\n<p data-start=\"2709\" data-end=\"2903\">Le <strong data-start=\"2712\" data-end=\"2741\">Bail R\u00e9el Solidaire (BRS)<\/strong> permet aux m\u00e9nages modestes d\u2019acheter un logement \u00e0 <strong data-start=\"2794\" data-end=\"2809\">prix r\u00e9duit<\/strong> en dissociant le foncier (qui reste propri\u00e9t\u00e9 d\u2019un organisme public) du b\u00e2ti. Cela permet :<\/p>\n<ul data-start=\"2905\" data-end=\"3129\">\n<li data-start=\"2905\" data-end=\"2956\">Une <strong data-start=\"2911\" data-end=\"2940\">r\u00e9duction du prix d\u2019achat<\/strong> jusqu\u2019\u00e0 30 %.<\/li>\n<li data-start=\"2957\" data-end=\"3041\">Des <strong data-start=\"2963\" data-end=\"2991\">conditions de ressources<\/strong> pour favoriser l\u2019accession des foyers modestes.<\/li>\n<li data-start=\"3042\" data-end=\"3129\">Une revente encadr\u00e9e pour garantir un logement abordable aux g\u00e9n\u00e9rations suivantes.<\/li>\n<\/ul>\n<h2 data-start=\"3131\" data-end=\"3193\"><strong data-start=\"3134\" data-end=\"3191\">Les aides pour les propri\u00e9taires aux revenus modestes<\/strong><\/h2>\n<p data-start=\"3195\" data-end=\"3324\">M\u00eame sans l\u2019APL accession, des aides existent pour les propri\u00e9taires souhaitant all\u00e9ger leurs charges ou r\u00e9nover leur logement.<\/p>\n<h2 data-start=\"3326\" data-end=\"3376\"><strong data-start=\"3330\" data-end=\"3374\">Les aides pour les travaux de r\u00e9novation<\/strong><\/h2>\n<p data-start=\"3378\" data-end=\"3466\">Les propri\u00e9taires peuvent b\u00e9n\u00e9ficier de plusieurs aides pour am\u00e9liorer leur logement :<\/p>\n<ul data-start=\"3468\" data-end=\"3835\">\n<li data-start=\"3468\" data-end=\"3564\"><strong data-start=\"3470\" data-end=\"3487\">MaPrimeR\u00e9nov\u2019<\/strong> : subvention pour des travaux d\u2019isolation, de chauffage ou de ventilation.<\/li>\n<li data-start=\"3565\" data-end=\"3690\"><strong data-start=\"3567\" data-end=\"3601\">\u00c9co-pr\u00eat \u00e0 taux z\u00e9ro (\u00c9co-PTZ)<\/strong> : permet d\u2019emprunter sans int\u00e9r\u00eat pour financer des travaux de r\u00e9novation \u00e9nerg\u00e9tique.<\/li>\n<li data-start=\"3691\" data-end=\"3835\"><strong data-start=\"3693\" data-end=\"3744\">Aides de l\u2019Anah (Agence nationale de l\u2019habitat)<\/strong> : subventions pour la r\u00e9novation des logements anciens occup\u00e9s par des m\u00e9nages modestes.<\/li>\n<\/ul>\n<h2 data-start=\"3837\" data-end=\"3895\"><strong data-start=\"3841\" data-end=\"3893\">Les aides au remboursement des pr\u00eats immobiliers<\/strong><\/h2>\n<p data-start=\"3897\" data-end=\"4026\">Si vous rencontrez des <strong data-start=\"3920\" data-end=\"3947\">difficult\u00e9s financi\u00e8res<\/strong>, certaines aides peuvent vous soutenir dans le paiement de vos mensualit\u00e9s :<\/p>\n<ul data-start=\"4028\" data-end=\"4250\">\n<li data-start=\"4028\" data-end=\"4137\"><strong data-start=\"4030\" data-end=\"4076\">Fonds de solidarit\u00e9 pour le logement (FSL)<\/strong> : aide locale pour \u00e9viter les expulsions en cas d\u2019impay\u00e9s.<\/li>\n<li data-start=\"4138\" data-end=\"4250\"><strong data-start=\"4140\" data-end=\"4184\">Aides de la CAF en cas de surendettement<\/strong> : possibilit\u00e9 d\u2019un accompagnement pour r\u00e9\u00e9chelonner les dettes.<\/li>\n<\/ul>\n<h1 data-start=\"4252\" data-end=\"4317\"><strong data-start=\"4255\" data-end=\"4315\">Que faire si vous b\u00e9n\u00e9ficiez encore de l\u2019APL accession ?<\/strong><\/h1>\n<h2 data-start=\"0\" data-end=\"77\">APL Accession : maintien de l\u2019aide pour les pr\u00eats contract\u00e9s avant 2020<\/h2>\n<p data-start=\"79\" data-end=\"669\">Si vous avez souscrit un <strong data-start=\"104\" data-end=\"128\">pr\u00eat aid\u00e9 avant 2020<\/strong>, vous pouvez toujours b\u00e9n\u00e9ficier de l\u2019APL accession sous certaines conditions. Tout d\u2019abord, votre <strong data-start=\"228\" data-end=\"277\">logement doit \u00eatre votre r\u00e9sidence principale<\/strong> et ne pas \u00eatre mis en location. De plus, votre pr\u00eat doit \u00eatre un <strong data-start=\"343\" data-end=\"399\">Pr\u00eat Accession Sociale (PAS) ou un pr\u00eat conventionn\u00e9<\/strong>, c&rsquo;est-\u00e0-dire un pr\u00eat accord\u00e9 par une banque ayant sign\u00e9 une convention avec l\u2019\u00c9tat. Enfin, vous devez continuer \u00e0 <strong data-start=\"515\" data-end=\"555\">respecter les plafonds de ressources <\/strong>\u00e9tablis par la CAF, qui varient en fonction de la composition de votre foyer et de la localisation du logement.<\/p>\n<p data-start=\"671\" data-end=\"1133\" data-is-last-node=\"\" data-is-only-node=\"\">En cas de <strong data-start=\"681\" data-end=\"701\">rachat de cr\u00e9dit<\/strong>, il est essentiel d\u2019\u00eatre vigilant. Si votre pr\u00eat est transf\u00e9r\u00e9 \u00e0 un <strong data-start=\"770\" data-end=\"798\">autre organisme bancaire<\/strong>, la CAF peut consid\u00e9rer qu\u2019il s\u2019agit d\u2019un <strong data-start=\"841\" data-end=\"878\">nouveau pr\u00eat non \u00e9ligible \u00e0 l\u2019APL<\/strong>, ce qui entra\u00eenerait la perte de votre aide. Avant d\u2019entamer une telle d\u00e9marche, il est fortement recommand\u00e9 de <strong data-start=\"991\" data-end=\"1026\">v\u00e9rifier l\u2019impact sur vos aides<\/strong> avec votre conseiller bancaire et la CAF afin d\u2019\u00e9viter toute interruption du versement de l\u2019APL accession.<\/p>\n<h2 data-start=\"4952\" data-end=\"5019\"><strong data-start=\"4955\" data-end=\"5017\">Comment faire une demande d\u2019aide au logement aujourd\u2019hui ?<\/strong><\/h2>\n<p data-start=\"5021\" data-end=\"5147\">M\u00eame si l\u2019APL propri\u00e9taire n\u2019existe plus pour les nouveaux pr\u00eats, il est possible de faire une demande pour d\u2019autres aides :<\/p>\n<ol data-start=\"5149\" data-end=\"5583\">\n<li data-start=\"5149\" data-end=\"5262\"><strong data-start=\"5152\" data-end=\"5188\">Identifier les aides disponibles<\/strong> selon votre situation (PTZ, Pr\u00eat Action Logement, aides locales, etc.).<\/li>\n<li data-start=\"5263\" data-end=\"5392\"><strong data-start=\"5266\" data-end=\"5294\">Effectuer une simulation<\/strong> sur les sites officiels (CAF, Anah, Action Logement) pour voir \u00e0 quelles aides vous avez droit.<\/li>\n<li data-start=\"5393\" data-end=\"5508\"><strong data-start=\"5396\" data-end=\"5421\">Constituer un dossier<\/strong> avec les justificatifs demand\u00e9s (revenus, avis d\u2019imposition, contrat de pr\u00eat, etc.).<\/li>\n<li data-start=\"5509\" data-end=\"5583\"><strong data-start=\"5512\" data-end=\"5537\">Envoyer votre demande<\/strong> en ligne ou aupr\u00e8s de l\u2019organisme concern\u00e9.<\/li>\n<\/ol>\n<h2 data-start=\"5585\" data-end=\"5666\"><strong data-start=\"5588\" data-end=\"5664\">Quelles solutions apr\u00e8s la suppression de l\u2019APL accession ?<\/strong><\/h2>\n<p data-start=\"5668\" data-end=\"6048\">L\u2019APL propri\u00e9taire n\u2019\u00e9tant plus disponible depuis 2020, il est important de se tourner vers d\u2019autres solutions pour all\u00e9ger le co\u00fbt de l\u2019accession \u00e0 la propri\u00e9t\u00e9. Le <strong data-start=\"5834\" data-end=\"5858\">PTZ renforc\u00e9 en 2025<\/strong>, le <strong data-start=\"5863\" data-end=\"5887\">Pr\u00eat Action Logement<\/strong>, les <strong data-start=\"5893\" data-end=\"5910\">aides locales<\/strong>, et le <strong data-start=\"5918\" data-end=\"5941\">Bail R\u00e9el Solidaire<\/strong> sont autant d\u2019alternatives qui permettent aux m\u00e9nages modestes d\u2019acc\u00e9der plus facilement \u00e0 la propri\u00e9t\u00e9.<\/p>\n<p data-start=\"6050\" data-end=\"6360\" data-is-last-node=\"\" data-is-only-node=\"\">Enfin, pour les propri\u00e9taires d\u00e9j\u00e0 en difficult\u00e9, des solutions existent pour all\u00e9ger le remboursement des pr\u00eats ou financer des travaux de r\u00e9novation. Il est donc essentiel de bien se renseigner aupr\u00e8s des organismes comp\u00e9tents et d\u2019anticiper ses d\u00e9marches pour b\u00e9n\u00e9ficier du meilleur accompagnement possible.<\/p>\n<div class='cta-block'><div class='text'>Simulez vos APL en 2 min. Gratuit.<\/div><a href='https:\/\/www.mes-allocs.fr\/ab-app?origin=guides\/wp-json\/wp\/v2\/posts\/167' class='app-button fit'>Simulation gratuite<\/a><\/div>\n","protected":false},"excerpt":{"rendered":"<p>[Mis \u00e0 jour le 13\/01\/2026] L\u2019Aide Personnalis\u00e9e au logement est une aide au logement qui vous est vers\u00e9e par votre Caisse d\u2019Allocation Familiale (CAF) ou par votre Mutualit\u00e9 Sociale Agricole. L\u2019Aide Personnalis\u00e9e au Logement pour les propri\u00e9taires, \u00e9galement appel\u00e9e APL accession, n\u2019est plus disponible pour les nouveaux emprunteurs. Depuis le 1er janvier 2020, cette aide [&hellip;]<\/p>\n","protected":false},"author":6,"featured_media":168,"comment_status":"open","ping_status":"open","sticky":false,"template":"","format":"standard","meta":{"amp_status":"","footnotes":""},"categories":[1,4],"tags":[],"class_list":["post-167","post","type-post","status-publish","format-standard","has-post-thumbnail","hentry","category-aide-logement","category-apl"],"yoast_head":"<!-- This site is optimized with the Yoast SEO plugin v14.9 - https:\/\/yoast.com\/wordpress\/plugins\/seo\/ -->\n<title>APL propri\u00e9taire : pouvez-vous en b\u00e9n\u00e9ficier en 2026 ? | Mes-Allocs.fr<\/title>\n<meta name=\"description\" content=\"Comprendre en quelques minutes l&#039;ensemble des d\u00e9marches, conditions, calcul et montants pour les APL pour propri\u00e9taire.\" \/>\n<meta name=\"robots\" content=\"index, follow, max-snippet:-1, max-image-preview:large, max-video-preview:-1\" \/>\n<link rel=\"canonical\" href=\"https:\/\/www.mes-allocs.fr\/guides\/aide-logement\/apl\/apl-proprietaire\/\" \/>\n<meta property=\"og:locale\" content=\"fr_FR\" \/>\n<meta property=\"og:type\" content=\"article\" \/>\n<meta property=\"og:title\" content=\"APL propri\u00e9taire : pouvez-vous en b\u00e9n\u00e9ficier en 2026 ? | Mes-Allocs.fr\" \/>\n<meta property=\"og:description\" content=\"Comprendre en quelques minutes l&#039;ensemble des d\u00e9marches, conditions, calcul et montants pour les APL pour propri\u00e9taire.\" \/>\n<meta property=\"og:url\" content=\"https:\/\/www.mes-allocs.fr\/guides\/aide-logement\/apl\/apl-proprietaire\/\" \/>\n<meta property=\"og:site_name\" content=\"Mes-Allocs.fr\" \/>\n<meta property=\"article:published_time\" content=\"2019-07-11T14:56:40+00:00\" \/>\n<meta property=\"article:modified_time\" content=\"2026-01-13T15:55:05+00:00\" \/>\n<meta property=\"og:image\" content=\"https:\/\/www.mes-allocs.fr\/guides\/wp-content\/uploads\/2019\/07\/AdobeStock_216914727-1.jpg?wsr\" \/>\n\t<meta property=\"og:image:width\" content=\"1504\" \/>\n\t<meta property=\"og:image:height\" content=\"1004\" \/>\n<meta name=\"twitter:card\" content=\"summary_large_image\" \/>\n<script type=\"application\/ld+json\" class=\"yoast-schema-graph\">{\"@context\":\"https:\/\/schema.org\",\"@graph\":[{\"@type\":\"WebSite\",\"@id\":\"https:\/\/www.mes-allocs.fr\/guides\/#website\",\"url\":\"https:\/\/www.mes-allocs.fr\/guides\/\",\"name\":\"Mes-Allocs.fr\",\"description\":\"\",\"potentialAction\":[{\"@type\":\"SearchAction\",\"target\":\"https:\/\/www.mes-allocs.fr\/guides\/?s={search_term_string}\",\"query-input\":\"required name=search_term_string\"}],\"inLanguage\":\"fr-FR\"},{\"@type\":\"ImageObject\",\"@id\":\"https:\/\/www.mes-allocs.fr\/guides\/aide-logement\/apl\/apl-proprietaire\/#primaryimage\",\"inLanguage\":\"fr-FR\",\"url\":\"https:\/\/www.mes-allocs.fr\/guides\/wp-content\/uploads\/2019\/07\/AdobeStock_216914727-1.jpg?wsr\",\"width\":1504,\"height\":1004,\"caption\":\"AdobeStock 216914727 1 e1563553228267\"},{\"@type\":\"WebPage\",\"@id\":\"https:\/\/www.mes-allocs.fr\/guides\/aide-logement\/apl\/apl-proprietaire\/#webpage\",\"url\":\"https:\/\/www.mes-allocs.fr\/guides\/aide-logement\/apl\/apl-proprietaire\/\",\"name\":\"APL propri\\u00e9taire : pouvez-vous en b\\u00e9n\\u00e9ficier en 2026 ? | Mes-Allocs.fr\",\"isPartOf\":{\"@id\":\"https:\/\/www.mes-allocs.fr\/guides\/#website\"},\"primaryImageOfPage\":{\"@id\":\"https:\/\/www.mes-allocs.fr\/guides\/aide-logement\/apl\/apl-proprietaire\/#primaryimage\"},\"datePublished\":\"2019-07-11T14:56:40+00:00\",\"dateModified\":\"2026-01-13T15:55:05+00:00\",\"author\":{\"@id\":\"https:\/\/www.mes-allocs.fr\/guides\/#\/schema\/person\/0ecd61a8600573914d00d970a588c024\"},\"description\":\"Comprendre en quelques minutes l'ensemble des d\\u00e9marches, conditions, calcul et montants pour les APL pour propri\\u00e9taire.\",\"inLanguage\":\"fr-FR\"},{\"@type\":\"Person\",\"@id\":\"https:\/\/www.mes-allocs.fr\/guides\/#\/schema\/person\/0ecd61a8600573914d00d970a588c024\",\"name\":\"Jonathan\",\"image\":{\"@type\":\"ImageObject\",\"@id\":\"https:\/\/www.mes-allocs.fr\/guides\/#personlogo\",\"inLanguage\":\"fr-FR\",\"url\":\"https:\/\/www.mes-allocs.fr\/guides\/wp-content\/uploads\/2021\/06\/jonathan-150x150.png\",\"caption\":\"Jonathan\"},\"description\":\"Jonathan est r\\u00e9dacteur au sein de l'\\u00e9quipe Mes Allocs, sp\\u00e9cialis\\u00e9 sur les sujets li\\u00e9s au handicap. Dipl\\u00f4m\\u00e9e de l'UPEM, il rejoint Mes Allocs apr\\u00e8s avoir travaill\\u00e9 \\u00e0 l'association AEDE qui accompagne les adultes en situation de handicap. Quand il n'\\u00e9crit pas, on peut le retrouver sur un terrain de basket.\",\"sameAs\":[\"https:\/\/www.linkedin.com\/in\/jonathan-bambela-8637861b7\"]}]}<\/script>\n<!-- \/ Yoast SEO plugin. -->","amp_validity":null,"acf":{"faq":{"1":{"question":"\ud83e\udd14 Qu'est ce que l'APL propri\u00e9taire ?","answer":"L'Aide au Logement pour les propri\u00e9taires est une allocation cr\u00e9\u00e9e pour encourager les foyers les plus modestes \u00e0 devenir propri\u00e9taires."},"2":{"question":"\ud83e\udd37\u200d\u2640\ufe0f Quelles sont les conditions li\u00e9es aux APL pour propri\u00e9taire ?","answer":"Les conditions li\u00e9es aux APL pour propri\u00e9taires peuvent varier en fonction de vos ressources et de votre logement. La m\u00e9thode rapide pour conna\u00eetre votre \u00e9ligibilit\u00e9 est de faire <a href=\"https:\/\/www.mes-allocs.fr\/simulation-aides\">la simulation gratuite<\/a> d'APL pour propri\u00e9taires directement sur le site de Mes Allocs. "},"3":{"question":"\ud83e\udd1d Comment demander l\u2019APL propri\u00e9taire ? ","answer":"La demande d'aide personnalis\u00e9e au logement propri\u00e9taire se fait aupr\u00e8s de la caisse d'allocations familiales caf ou de la MSA. Pour conna\u00eetre le montant de l'apl faites <a href=\"https:\/\/www.mes-allocs.fr\/simulation-aides\">une simulation gratuite d'APL<\/a> sur le site de Mes Allocs."},"4":{"question":"\ud83e\udd14 Comment faire une simulation APL propri\u00e9taire ?","answer":"Le plus simple pour savoir si vous \u00eates \u00e9ligible \u00e0 une allocation logement comme l'APL en fonction de vos revenus et de votre logement, est de faire <a href=\"https:\/\/www.mes-allocs.fr\/simulation-aides\">la simulation gratuite<\/a> d'APL directement sur le site de Mes Allocs. "},"5":{"question":"\ud83e\udd37\u200d\u2640\ufe0f Quel revenu pour toucher les APL ?","answer":"Les limites pr\u00e9vues de l\u2019Aide Personnalis\u00e9e au Logement \u00e9voluent aussi en fonction de la composition fiscale de votre foyer et des zones g\u00e9ographiques 1, 2 ou 3 du logement en question. <br> <a href=\"https:\/\/www.mes-allocs.fr\/guides\/aide-logement\/apl\/apl-proprietaire\">Lire la suite<\/a>"},"6":{"question":"\ud83e\udd1d Qui est \u00e9ligible aux APL ?","answer":"Le logement doit faire plus de 9m2 pour une personne seule et \u00eatre qualifi\u00e9 de logement d\u00e9cent. Vous ne serez pas \u00e9ligible si le propri\u00e9taire-bailleur est de votre famille. <br> <a href=\"https:\/\/www.mes-allocs.fr\/guides\/aide-logement\/apl\/simulation-apl\">Lire la suite<\/a>"},"7":{"question":"","answer":""},"8":{"question":"","answer":""},"9":{"question":"","answer":""},"10":{"question":"","answer":""},"11":{"question":"","answer":""},"12":{"question":"","answer":""},"13":{"question":"","answer":""},"14":{"question":"","answer":""},"15":{"question":"","answer":""},"16":{"question":"","answer":""}}},"_links":{"self":[{"href":"https:\/\/www.mes-allocs.fr\/guides\/wp-json\/wp\/v2\/posts\/167","targetHints":{"allow":["GET"]}}],"collection":[{"href":"https:\/\/www.mes-allocs.fr\/guides\/wp-json\/wp\/v2\/posts"}],"about":[{"href":"https:\/\/www.mes-allocs.fr\/guides\/wp-json\/wp\/v2\/types\/post"}],"author":[{"embeddable":true,"href":"https:\/\/www.mes-allocs.fr\/guides\/wp-json\/wp\/v2\/users\/6"}],"replies":[{"embeddable":true,"href":"https:\/\/www.mes-allocs.fr\/guides\/wp-json\/wp\/v2\/comments?post=167"}],"version-history":[{"count":56,"href":"https:\/\/www.mes-allocs.fr\/guides\/wp-json\/wp\/v2\/posts\/167\/revisions"}],"predecessor-version":[{"id":107543,"href":"https:\/\/www.mes-allocs.fr\/guides\/wp-json\/wp\/v2\/posts\/167\/revisions\/107543"}],"wp:featuredmedia":[{"embeddable":true,"href":"https:\/\/www.mes-allocs.fr\/guides\/wp-json\/wp\/v2\/media\/168"}],"wp:attachment":[{"href":"https:\/\/www.mes-allocs.fr\/guides\/wp-json\/wp\/v2\/media?parent=167"}],"wp:term":[{"taxonomy":"category","embeddable":true,"href":"https:\/\/www.mes-allocs.fr\/guides\/wp-json\/wp\/v2\/categories?post=167"},{"taxonomy":"post_tag","embeddable":true,"href":"https:\/\/www.mes-allocs.fr\/guides\/wp-json\/wp\/v2\/tags?post=167"}],"curies":[{"name":"wp","href":"https:\/\/api.w.org\/{rel}","templated":true}]}}