{"id":16671,"date":"2021-01-04T08:49:38","date_gmt":"2021-01-04T08:49:38","guid":{"rendered":"https:\/\/www.mes-allocs.fr\/guides\/?p=16671"},"modified":"2025-06-20T13:00:28","modified_gmt":"2025-06-20T11:00:28","slug":"peut-on-cumuler-pension-invalidite-ass","status":"publish","type":"post","link":"https:\/\/www.mes-allocs.fr\/guides\/chomage\/allocation-de-solidarite-specifique\/peut-on-cumuler-pension-invalidite-ass\/","title":{"rendered":"Peut-on cumuler pension d&rsquo;invalidit\u00e9 et ASS ?"},"content":{"rendered":"<p><a href=\"https:\/\/www.mes-allocs.fr\/guides\/wp-content\/uploads\/2020\/12\/pexels-marcus-aurelius-4064640-1.jpg\"><img loading=\"lazy\" decoding=\"async\" class=\"alignnone wp-image-16679 size-full\" title=\"Peut-on cumuler pension d'invalidit\u00e9 et ASS ?\" src=\"https:\/\/www.mes-allocs.fr\/guides\/wp-content\/uploads\/2020\/12\/pexels-marcus-aurelius-4064640-1-e1607689859690.jpg\" alt=\"Peut-on cumuler pension d'invalidit\u00e9 et ASS ?\" width=\"1281\" height=\"484\" srcset=\"https:\/\/www.mes-allocs.fr\/guides\/wp-content\/uploads\/2020\/12\/pexels-marcus-aurelius-4064640-1-e1607689859690.jpg 1281w, https:\/\/www.mes-allocs.fr\/guides\/wp-content\/uploads\/2020\/12\/pexels-marcus-aurelius-4064640-1-e1607689859690-300x113.jpg 300w, https:\/\/www.mes-allocs.fr\/guides\/wp-content\/uploads\/2020\/12\/pexels-marcus-aurelius-4064640-1-e1607689859690-1024x387.jpg 1024w, https:\/\/www.mes-allocs.fr\/guides\/wp-content\/uploads\/2020\/12\/pexels-marcus-aurelius-4064640-1-e1607689859690-768x290.jpg 768w, https:\/\/www.mes-allocs.fr\/guides\/wp-content\/uploads\/2020\/12\/pexels-marcus-aurelius-4064640-1-e1607689859690-600x227.jpg 600w\" sizes=\"auto, (max-width: 1281px) 100vw, 1281px\" \/><\/a><\/p>\n<p><strong>L&rsquo;Allocation de solidarit\u00e9 sp\u00e9cifique permet aux personnes qui ne peuvent plus toucher l&rsquo;<a href=\"https:\/\/www.mes-allocs.fr\/guides\/chomage\">ARE<\/a> de continuer \u00e0 avoir des ressources. La pension d&rsquo;invalidit\u00e9 est, elle, une aide financi\u00e8re pour les personnes handicap\u00e9es. Tout savoir sur le cumul pension d&rsquo; invalidit\u00e9 et <a href=\"https:\/\/www.mes-allocs.fr\/guides\/chomage\/allocation-de-solidarite-specifique\">allocation de solidarit\u00e9 sp\u00e9cifique<\/a>.<\/strong><\/p>\n<div class='cta-block'><div class='text'>Simulez vos aides en 2 min.<\/div><a href='https:\/\/www.mes-allocs.fr\/ab-app?origin=guides\/wp-json\/wp\/v2\/posts\/16671' class='app-button fit'>Simulation gratuite<\/a><\/div>\n<h1>L&rsquo;Allocation de solidarit\u00e9 sp\u00e9cifique<\/h1>\n<h2>Qu&rsquo;est-ce que l&rsquo;Allocation de solidarit\u00e9 sp\u00e9cifique (ASS) ?<\/h2>\n<p><a href=\"https:\/\/www.mes-allocs.fr\/guides\/chomage\/allocation-de-solidarite-specifique\">L&rsquo;Allocation de solidarit\u00e9 sp\u00e9cifique<\/a> est accord\u00e9e aux personnes qui ont \u00e9puis\u00e9 leurs droits \u00e0 l&rsquo;ARE (Allocation d&rsquo;Aide au retour \u00e0 l&rsquo;Emploi).<\/p>\n<p>Pour b\u00e9n\u00e9ficier de l&rsquo; Allocation de solidarit\u00e9 sp\u00e9cifique, vous devez respecter les conditions d&rsquo;obtention de celle-ci :<\/p>\n<ul>\n<li>\u00catre apte au travail ;<\/li>\n<li>\u00catre demandeur d&rsquo; emploi ou cr\u00e9er\/reprendre une entreprise ;<\/li>\n<li>Avoir \u00e9puis\u00e9 vos droits \u00e0 l&rsquo;ARE ou \u00e0 la R\u00e9mun\u00e9ration de Fin de Formation (RFF) ;<\/li>\n<li>Avoir travaill\u00e9 au moins 5 ans (\u00e0 temps plein ou \u00e0 temps partiel) au cours des 10 ans avant la fin de votre dernier contrat de travail. Si vous avez arr\u00eat\u00e9 votre activit\u00e9 professionnelle pour \u00e9lever un enfant, les 5 ans sont r\u00e9duits d&rsquo; 1 an par enfant dans la limite de 3 ans. Toutes les p\u00e9riodes d&rsquo;activit\u00e9 sont prises en compte (CDD, CDI, contrat d&rsquo;int\u00e9rim, alternance, service national, formation professionnelle,&#8230;)\u00a0 ;<\/li>\n<li>Ne pas d\u00e9passer l&rsquo;\u00e2ge l\u00e9gal de d\u00e9part \u00e0 la retraite ;<\/li>\n<li>Ne pas d\u00e9passer le plafond de ressources mensuelles.<\/li>\n<\/ul>\n<p>Certaines cat\u00e9gories de demandeurs d&#8217;emploi peuvent demander l&rsquo;Allocation de solidarit\u00e9 sp\u00e9cifique. Ces cat\u00e9gories sont : les artistes non salari\u00e9s, les marins p\u00eacheurs, ou encore les ouvriers dockers occasionnels. L&rsquo;ASS leur sera vers\u00e9e tous les 6 mois renouvelables.<\/p>\n<p><strong>Depuis 2017, si vous pouvez percevoir l&rsquo; Allocation Adultes Handicap\u00e9s, vous ne pouvez plus obtenir l&rsquo;ASS<\/strong>. Cependant, si vous cumulez ces aides au 31 d\u00e9cembre 2016, vous continuez \u00e0 les percevoir tant que les conditions d&rsquo;\u00e9ligibilit\u00e9 sont remplies. Vous ne pourrez pas recevoir les deux aides pendant plus de 10 ans.<\/p>\n<h2>Quel est le plafond de ressources mensuelles pour recevoir l&rsquo;ASS ?<\/h2>\n<p>Les types de ressources qui sont prises en compte pour le calcul du montant de l&rsquo;ASS sont :<\/p>\n<ul>\n<li>Les ressources mensuelles ;<\/li>\n<li>D&rsquo;autres ressources comme les revenus des valeurs et capitaux mobiliers, les revenus fonciers ;<\/li>\n<li>Le montant de la pension alimentaire si vous en \u00eates b\u00e9n\u00e9ficiaire.<\/li>\n<\/ul>\n<p>Pour recevoir l&rsquo;ASS, vos ressources mensuelles ne doivent pas d\u00e9passer :<\/p>\n<ul>\n<li><strong>1 353,10 \u20ac si vous \u00eates seul<\/strong> ;<\/li>\n<li><span class=\"prix\"><strong>1\u00a0530,60\u00a0\u20ac si vous \u00eates en couple<\/strong> ( mariage, Pacs ou concubinage).<\/span><\/li>\n<\/ul>\n<h2>Quelles sont les d\u00e9marches pour recevoir l&rsquo;ASS ?<\/h2>\n<p data-wp-editing=\"1\">Une demande d\u2019allocation sp\u00e9cifique est envoy\u00e9e automatiquement 30 jours avant la fin de vos <a href=\"https:\/\/www.mes-allocs.fr\/guides\/chomage\/droit-au-chomage\">droits \u00e0 l&rsquo; allocation ch\u00f4mage<\/a> si vous \u00eates indemnis\u00e9 par P\u00f4le emploi. Si aucune demande automatique n&rsquo;a \u00e9t\u00e9 faite, vous pouvez faire une demande dans une agence P\u00f4le emploi. Il faut alors d\u00e9poser la demande compl\u00e9t\u00e9e et sign\u00e9e avec les justificatifs d\u2019activit\u00e9 avant la fin des droits \u00e0 l&rsquo;ARE pour \u00e9viter une rupture d\u2019indemnisation.<\/p>\n<p>Pour votre premi\u00e8re demande d&rsquo;ASS, le montant de l&rsquo;ASS est calcul\u00e9 en tenant compte de vos ressources suivantes :<\/p>\n<ul>\n<li>vos revenus per\u00e7us pendant les 12 derniers mois avant le dernier jour de votre ARE ;<\/li>\n<li>vos revenus d\u00e9clar\u00e9s aux imp\u00f4ts ;<\/li>\n<li>les revenus de la personne avec qui vous \u00eates en couple (conjoint(e), mariage, Pacs).<\/li>\n<\/ul>\n<p>En temps normal, un formulaire vous est adress\u00e9 par P\u00f4le emploi \u00e0 la fin de vos droits pour l&rsquo;Allocation d&rsquo;aide au Retour \u00e0 l&rsquo; Emploi (ARE).<\/p>\n<p><strong>L&rsquo; ASS est vers\u00e9e sur une p\u00e9riode de 6 mois renouvelable<\/strong>. Lorsque vous \u00eates en fin de p\u00e9riode d&rsquo;indemnisation, P\u00f4le emploi vous envoie une demande de renouvellement automatiquement. Vous devrez la remplir et la corriger.<\/p>\n<h2>Quand s&rsquo;arr\u00eate le versement de l&rsquo;ASS?<\/h2>\n<p>Si vous \u00eates sans emploi, le paiement de l&rsquo;ASS cesse si vous vous trouvez dans l&rsquo;un des cas suivants :<\/p>\n<ul>\n<li>Ressources sup\u00e9rieures aux plafonds.<\/li>\n<li>Absence de recherche d&#8217;emploi.<\/li>\n<li>Suivi d&rsquo;une formation r\u00e9mun\u00e9r\u00e9e.<\/li>\n<li>Reprise d&rsquo;une activit\u00e9 non cumulable avec l&rsquo;ASS.<\/li>\n<li>Perception d&rsquo;indemnit\u00e9s journali\u00e8res pour maladie, maternit\u00e9 ou accident du travail.<\/li>\n<li>Suppression des allocations par d\u00e9cision du pr\u00e9fet ou suite \u00e0 une radiation.<\/li>\n<li>Perception de l&rsquo;allocation de pr\u00e9sence parentale ou l&rsquo;allocation journali\u00e8re d&rsquo;une personne en fin de vie.<\/li>\n<li>Possibilit\u00e9 de b\u00e9n\u00e9ficier d&rsquo;une retraite \u00e0 taux plein ou atteinte de l&rsquo;\u00e2ge limite d&rsquo;activit\u00e9.<\/li>\n<\/ul>\n<p>Si vous travaillez, le paiement de l&rsquo;ASS s&rsquo;arr\u00eate apr\u00e8s 3 mois (cons\u00e9cutifs ou non) de cumul avec les r\u00e9mun\u00e9rations de votre activit\u00e9 professionnelle :<\/p>\n<ul>\n<li>Si votre activit\u00e9 professionnelle se poursuit, le versement de l&rsquo;ASS est interrompu. \u00c0 la fin du 6<sup>e<\/sup> mois suivant la reprise d&rsquo;activit\u00e9, vous pourrez percevoir la prime d&rsquo;activit\u00e9 en compl\u00e9ment de votre r\u00e9mun\u00e9ration, si vous remplissez les conditions.<\/li>\n<li>Si votre activit\u00e9 professionnelle s&rsquo;interrompt et que s&rsquo;en suit une p\u00e9riode d&rsquo;inactivit\u00e9 d&rsquo;au moins 3 mois cons\u00e9cutifs, une nouvelle p\u00e9riode de cumul est possible.<\/li>\n<\/ul>\n<h2>Quelle est votre protection sociale lorsque vous touchez l&rsquo;ASS ?<\/h2>\n<p>Si vous \u00eates malade, la s\u00e9curit\u00e9 sociale ou la MSA continuera \u00e0 vous rembourser , les frais m\u00e9dicaux, de pharmacie, d\u2019hospitalisation. La s\u00e9curit\u00e9 sociale calculera vos droits aux indemnit\u00e9s journali\u00e8res en cas d\u2019arr\u00eat maladie \u00e0 partir de vos anciens salaires.<\/p>\n<p>Si vous \u00eates enceinte, la s\u00e9curit\u00e9 sociale ou MSA calculera vos droits au cong\u00e9 maternit\u00e9.<\/p>\n<p>Si vous \u00eates proche de la retraite, les p\u00e9riodes de ch\u00f4mage indemnis\u00e9es en ASS comptent dans le calcul du nombre de trimestres valid\u00e9s pour la retraite.<\/p>\n<p><iframe loading=\"lazy\" title=\"L&#039;ASS\" width=\"500\" height=\"281\" src=\"https:\/\/www.youtube.com\/embed\/QAulvUZqyHk?feature=oembed\" frameborder=\"0\" allow=\"accelerometer; autoplay; clipboard-write; encrypted-media; gyroscope; picture-in-picture; web-share\" referrerpolicy=\"strict-origin-when-cross-origin\" allowfullscreen><\/iframe><\/p>\n<h1>Quel est le montant de l&rsquo;ASS ?<\/h1>\n<p><strong>Au 1er avril 2025, le montant journalier de l&rsquo;ASS est de <b>19,33 <\/b><span class=\"prix\">\u20ac<\/span> (579,90 <span class=\"prix\">\u20ac<\/span>\u00a0pour 1 mois de 30 jours).<\/strong><\/p>\n<h2>Vous \u00eates sans emploi<\/h2>\n<p><strong>Si vous \u00eates sans emploi et que vous \u00eates seul, le montant de l&rsquo;Allocation de solidarit\u00e9 sp\u00e9cifique se calcule ainsi :<\/strong><\/p>\n<p style=\"text-align: justify;\">\n<div class=\"wpdt-c row wpDataTableContainerSimpleTable wpDataTables wpDataTablesWrapper\n\"\n    >\n    <table id=\"wpdtSimpleTable-290\"\n           class=\"wpdtSimpleTable wpDataTable\"\n           data-column=\"2\"\n           data-rows=\"4\"\n           data-wpID=\"290\"\n           data-responsive=\"0\"\n           data-has-header=\"0\">\n\n                    <tbody>        <tr class=\"wpdt-cell-row \" >\n                            <td class=\"wpdt-cell wpdt-bold wpdt-fs-000016 wpdt-bc-FFFFFF\"\n                                    data-cell-id=\"A1\"\n                data-col-index=\"0\"\n                data-row-index=\"0\"\n                style=\" width:50%;                padding:10px;\"\n                >\n                                Ressources mensuelles                <\/td>\n                                            <td class=\"wpdt-cell wpdt-bold wpdt-fs-000016 wpdt-bc-FFFFFF\"\n                                    data-cell-id=\"B1\"\n                data-col-index=\"1\"\n                data-row-index=\"0\"\n                style=\" width:50%;                padding:10px;\"\n                >\n                                Montant mensuel de l'ASS                <\/td>\n                                        <\/tr>\n                            <tr class=\"wpdt-cell-row \" >\n                            <td class=\"wpdt-cell \"\n                                    data-cell-id=\"A2\"\n                data-col-index=\"0\"\n                data-row-index=\"1\"\n                style=\"                padding:10px;\"\n                >\n                                Moins de 773,20 \u20ac                <\/td>\n                                            <td class=\"wpdt-cell \"\n                                    data-cell-id=\"B2\"\n                data-col-index=\"1\"\n                data-row-index=\"1\"\n                style=\"                padding:10px;\"\n                >\n                                579,90 \u20ac                <\/td>\n                                        <\/tr>\n                            <tr class=\"wpdt-cell-row \" >\n                            <td class=\"wpdt-cell \"\n                                    data-cell-id=\"A3\"\n                data-col-index=\"0\"\n                data-row-index=\"2\"\n                style=\"                padding:10px;\"\n                >\n                                De 773,20 \u20ac \u00e0 1 353,10 \u20ac                <\/td>\n                                            <td class=\"wpdt-cell \"\n                                    data-cell-id=\"B3\"\n                data-col-index=\"1\"\n                data-row-index=\"2\"\n                style=\"                padding:10px;\"\n                >\n                                1 353,10 \u20ac (avant d\u00e9duction du montant de vos ressources)                <\/td>\n                                        <\/tr>\n                            <tr class=\"wpdt-cell-row \" >\n                            <td class=\"wpdt-cell \"\n                                    data-cell-id=\"A4\"\n                data-col-index=\"0\"\n                data-row-index=\"3\"\n                style=\"                padding:10px;\"\n                >\n                                Sup\u00e9rieures \u00e0 1 353,10 \u20ac                <\/td>\n                                            <td class=\"wpdt-cell \"\n                                    data-cell-id=\"B4\"\n                data-col-index=\"1\"\n                data-row-index=\"3\"\n                style=\"                padding:10px;\"\n                >\n                                Non \u00e9ligible au versement de l'ASS                <\/td>\n                                        <\/tr>\n                    <\/table>\n<\/div><style id='wpdt-custom-style-290'>\n.wpdt-fs-000016 { font-size: 16px !important;}\n.wpdt-bc-FFFFFF { background-color: #FFFFFF !important;}\n<\/style>\n<\/p>\n<p><strong>Si vous \u00eates sans emploi et que vous \u00eates en couple, le montant de votre ASS se calcule ainsi :<\/strong><\/p>\n<p style=\"text-align: justify;\">\n<div class=\"wpdt-c row wpDataTableContainerSimpleTable wpDataTables wpDataTablesWrapper\n\"\n    >\n    <table id=\"wpdtSimpleTable-291\"\n           class=\"wpdtSimpleTable wpDataTable\"\n           data-column=\"2\"\n           data-rows=\"4\"\n           data-wpID=\"291\"\n           data-responsive=\"0\"\n           data-has-header=\"0\">\n\n                    <tbody>        <tr class=\"wpdt-cell-row \" >\n                            <td class=\"wpdt-cell wpdt-bold wpdt-fs-000016 wpdt-bc-FFFFFF\"\n                                    data-cell-id=\"A1\"\n                data-col-index=\"0\"\n                data-row-index=\"0\"\n                style=\" width:50%;                padding:10px;\"\n                >\n                                Ressources mensuelles                <\/td>\n                                            <td class=\"wpdt-cell wpdt-bold wpdt-fs-000016 wpdt-bc-FFFFFF\"\n                                    data-cell-id=\"B1\"\n                data-col-index=\"1\"\n                data-row-index=\"0\"\n                style=\" width:50%;                padding:10px;\"\n                >\n                                Montant mensuel de l'ASS                <\/td>\n                                        <\/tr>\n                            <tr class=\"wpdt-cell-row \" >\n                            <td class=\"wpdt-cell \"\n                                    data-cell-id=\"A2\"\n                data-col-index=\"0\"\n                data-row-index=\"1\"\n                style=\"                padding:10px;\"\n                >\n                                Moins de 1 546,40 \u20ac                <\/td>\n                                            <td class=\"wpdt-cell \"\n                                    data-cell-id=\"B2\"\n                data-col-index=\"1\"\n                data-row-index=\"1\"\n                style=\"                padding:10px;\"\n                >\n                                579,90 \u20ac                <\/td>\n                                        <\/tr>\n                            <tr class=\"wpdt-cell-row \" >\n                            <td class=\"wpdt-cell \"\n                                    data-cell-id=\"A3\"\n                data-col-index=\"0\"\n                data-row-index=\"2\"\n                style=\"                padding:10px;\"\n                >\n                                De 1 546,40 \u20ac \u00e0 2 126,30 \u20ac                <\/td>\n                                            <td class=\"wpdt-cell \"\n                                    data-cell-id=\"B3\"\n                data-col-index=\"1\"\n                data-row-index=\"2\"\n                style=\"                padding:10px;\"\n                >\n                                2 126,30 \u20ac (avant d\u00e9duction du montant de vos ressources)                <\/td>\n                                        <\/tr>\n                            <tr class=\"wpdt-cell-row \" >\n                            <td class=\"wpdt-cell \"\n                                    data-cell-id=\"A4\"\n                data-col-index=\"0\"\n                data-row-index=\"3\"\n                style=\"                padding:10px;\"\n                >\n                                Sup\u00e9rieures \u00e0 2 126,30 \u20ac                <\/td>\n                                            <td class=\"wpdt-cell \"\n                                    data-cell-id=\"B4\"\n                data-col-index=\"1\"\n                data-row-index=\"3\"\n                style=\"                padding:10px;\"\n                >\n                                Non \u00e9ligible au versement de l'ASS                <\/td>\n                                        <\/tr>\n                    <\/table>\n<\/div><style id='wpdt-custom-style-291'>\n.wpdt-fs-000016 { font-size: 16px !important;}\n.wpdt-bc-FFFFFF { background-color: #FFFFFF !important;}\n<\/style>\n<\/p>\n<div class='cta-block'><div class='text'>Simulez toutes vos aides en 2 min.<\/div><a href='https:\/\/www.mes-allocs.fr\/ab-app?origin=guides\/wp-json\/wp\/v2\/posts\/16671' class='app-button fit'>Simulation gratuite<\/a><\/div>\n<h2>Vous travaillez<\/h2>\n<p><a href=\"https:\/\/www.mes-allocs.fr\/guides\/wp-content\/uploads\/2020\/12\/pexels-elevate-3009799-1.jpg\"><img loading=\"lazy\" decoding=\"async\" class=\"alignleft wp-image-16697\" title=\"Vous travaillez\" src=\"https:\/\/www.mes-allocs.fr\/guides\/wp-content\/uploads\/2020\/12\/pexels-elevate-3009799-1-1024x691.jpg\" alt=\"Vous travaillez\" width=\"343\" height=\"232\" srcset=\"https:\/\/www.mes-allocs.fr\/guides\/wp-content\/uploads\/2020\/12\/pexels-elevate-3009799-1-1024x691.jpg 1024w, https:\/\/www.mes-allocs.fr\/guides\/wp-content\/uploads\/2020\/12\/pexels-elevate-3009799-1-300x203.jpg 300w, https:\/\/www.mes-allocs.fr\/guides\/wp-content\/uploads\/2020\/12\/pexels-elevate-3009799-1-768x518.jpg 768w, https:\/\/www.mes-allocs.fr\/guides\/wp-content\/uploads\/2020\/12\/pexels-elevate-3009799-1-600x405.jpg 600w, https:\/\/www.mes-allocs.fr\/guides\/wp-content\/uploads\/2020\/12\/pexels-elevate-3009799-1.jpg 1280w\" sizes=\"auto, (max-width: 343px) 100vw, 343px\" \/><\/a>Depuis le 1er septembre 2017, avec le d\u00e9cret n 2017-826, il existe de nouvelles r\u00e8gles de cumul de l\u2019allocation de solidarit\u00e9 sp\u00e9cifique (ASS) avec les r\u00e9mun\u00e9rations de reprise d&rsquo; activit\u00e9.<\/p>\n<p><strong>Selon le code du travail, les personnes b\u00e9n\u00e9ficiant de l\u2019ASS qui reprennent une activit\u00e9 professionnelle (salari\u00e9e ou non salari\u00e9e) peuvent cumuler leur r\u00e9mun\u00e9ration avec leur allocation pendant trois mois (cons\u00e9cutifs ou non)<\/strong>. Ces nouvelles r\u00e8gles concernent toutes les personnes qui b\u00e9n\u00e9ficient de l&rsquo;ASS.<\/p>\n<p>Apr\u00e8s les trois mois de cumul, le versement de l\u2019ASS est arr\u00eat\u00e9 si l\u2019int\u00e9ress\u00e9 poursuit son activit\u00e9. Les demandeurs d\u2019emploi qui ne peuvent plus b\u00e9n\u00e9ficier de l&rsquo;ASS auront un acc\u00e8s facilit\u00e9 \u00e0 la prime d\u2019activit\u00e9, s&rsquo;ils remplissent les conditions d\u2019attribution.<\/p>\n<p>Si vous exercez une activit\u00e9 professionnelle ou suivez une formation r\u00e9mun\u00e9r\u00e9e rien n&#8217;emp\u00eache la reprise du versement de l\u2019ASS.<\/p>\n<h1>La pension d&rsquo;invalidit\u00e9<\/h1>\n<h2>Qu&rsquo;est-ce que la pension d&rsquo;invalidit\u00e9 et quelles sont les conditions pour l&rsquo;obtenir ?<\/h2>\n<p>La pension d&rsquo; invalidit\u00e9 de la S\u00e9curit\u00e9 Sociale permet de compenser la perte d&rsquo;un salaire. Seul le m\u00e9decin conseil peut d\u00e9terminer si vous \u00eates en situation<a href=\"https:\/\/www.mes-allocs.fr\/guides\/wp-content\/uploads\/2020\/12\/pexels-marcus-aurelius-4064417-1.jpg\"><img loading=\"lazy\" decoding=\"async\" class=\"wp-image-16696 size-medium alignright\" title=\"Qu'est-ce que la pension d'invalidit\u00e9 et quelles sont les conditions pour l'obtenir ?\" src=\"https:\/\/www.mes-allocs.fr\/guides\/wp-content\/uploads\/2020\/12\/pexels-marcus-aurelius-4064417-1-e1607694718824-300x266.jpg\" alt=\"Qu'est-ce que la pension d'invalidit\u00e9 et quelles sont les conditions pour l'obtenir ?\" width=\"300\" height=\"266\" srcset=\"https:\/\/www.mes-allocs.fr\/guides\/wp-content\/uploads\/2020\/12\/pexels-marcus-aurelius-4064417-1-e1607694718824-300x266.jpg 300w, https:\/\/www.mes-allocs.fr\/guides\/wp-content\/uploads\/2020\/12\/pexels-marcus-aurelius-4064417-1-e1607694718824-1024x909.jpg 1024w, https:\/\/www.mes-allocs.fr\/guides\/wp-content\/uploads\/2020\/12\/pexels-marcus-aurelius-4064417-1-e1607694718824-768x682.jpg 768w, https:\/\/www.mes-allocs.fr\/guides\/wp-content\/uploads\/2020\/12\/pexels-marcus-aurelius-4064417-1-e1607694718824-600x533.jpg 600w, https:\/\/www.mes-allocs.fr\/guides\/wp-content\/uploads\/2020\/12\/pexels-marcus-aurelius-4064417-1-e1607694718824.jpg 1281w\" sizes=\"auto, (max-width: 300px) 100vw, 300px\" \/><\/a> d&rsquo;invalidit\u00e9.<\/p>\n<p>Vous devez remplir des conditions pour toucher la pension d&rsquo;invalidit\u00e9 :<\/p>\n<ul>\n<li>\u00a0\u00eatre consid\u00e9r\u00e9 comme invalide car apr\u00e8s un accident ou une maladie d&rsquo;origine non professionnelle, votre capacit\u00e9 de travail ou de gain est r\u00e9duite d&rsquo;au moins 2\/3 ;<\/li>\n<li>\u00eatre pris en charge par la S\u00e9curit\u00e9 sociale depuis au moins 12 mois \u00e0 partir du 1<sup>er<\/sup>\u00a0jour du mois\u00a0de l&rsquo;arr\u00eat de travail suivi de votre invalidit\u00e9 ou de la constatation de votre invalidit\u00e9.<\/li>\n<\/ul>\n<p>En plus de l&rsquo;affiliation \u00e0 la S\u00e9curit\u00e9 sociale, vous devez remplir au moins une des conditions suivantes :<\/p>\n<ul>\n<li>Avoir cotis\u00e9 sur la base d&rsquo;une r\u00e9mun\u00e9ration au moins \u00e9gale \u00e0 2 030 fois le Smic horaire au cours des 12 mois pr\u00e9c\u00e9dant l&rsquo;arr\u00eat de travail ;<\/li>\n<li>Avoir travaill\u00e9 au moins 600 heures au cours des 12 mois pr\u00e9c\u00e9dant l&rsquo;arr\u00eat de travail ou la constatation de l&rsquo;\u00e9tat d&rsquo;invalidit\u00e9.<\/li>\n<\/ul>\n<h2>Comment faire une demande pour toucher la pension d&rsquo;invalidit\u00e9 ?<\/h2>\n<p>La demande de pension d&rsquo;invalidit\u00e9 peut \u00eatre faite par vous-m\u00eame ou la CPAM directement.<\/p>\n<p>Si la CPAM fait la demande pour vous car vous remplissez les conditions d&rsquo;attribution de la pension d&rsquo;invalidit\u00e9,\u00a0 elle vous envoie un courrier recommand\u00e9. Ce courrier vous informera de sa d\u00e9cision de vous verser la pension.<\/p>\n<p>Si c&rsquo;est vous-m\u00eame qui en fa\u00eetes la demande, vous devez envoyez \u00e0 la CPAM les donn\u00e9es personnelles et les documents suivants :<\/p>\n<ul>\n<li>Dernier avis d&rsquo;imp\u00f4ts sur les revenus (ou avis de situation d\u00e9clarative)<\/li>\n<li>Carte d&rsquo;identit\u00e9 ou passeport (ou toute autre pi\u00e8ce justificative d&rsquo;\u00e9tat civil et de nationalit\u00e9) + titre de s\u00e9jour si vous \u00eates \u00e9tranger<\/li>\n<li>La notification de rente si vous avez une rente pour accident du travail\/maladie professionnelle<\/li>\n<li>La notification de pension si vous avez une pension d&rsquo;invalidit\u00e9 vers\u00e9e par un autre r\u00e9gime que le r\u00e9gime g\u00e9n\u00e9ral<\/li>\n<li>Une notification de pension + d\u00e9cision de la commission de r\u00e9forme si vous avez une pension militaire pour maladie, blessure de guerre ou au titre de victime civile de la guerre<\/li>\n<\/ul>\n<h2>La pension d&rsquo;invalidit\u00e9 est-elle cumulable avec l&rsquo;ASS ?<\/h2>\n<p>Vous pouvez cumulez la pension d&rsquo;invalidit\u00e9 avec une allocation de ch\u00f4mage :<\/p>\n<ul>\n<li>Si vous n&rsquo;avez jamais travaill\u00e9 depuis que vous \u00eates en invalidit\u00e9 ;<\/li>\n<li>Si vous travaillez depuis que vous \u00eates en invalidit\u00e9 et que par la suite vous avez \u00e9t\u00e9 licenci\u00e9.<\/li>\n<\/ul>\n<p>La r\u00e8gle de cumul est la m\u00eame que si vous \u00e9tiez en activit\u00e9 salari\u00e9e. Votre allocation brut + votre pension brut ne doivent pas d\u00e9passer votre Salaire Trimestriel Moyen de Comparaison (STMC).<\/p>\n<p>Le STMC correspond g\u00e9n\u00e9ralement \u00e0 l&rsquo;ann\u00e9e qui pr\u00e9c\u00e8de votre arr\u00eat de travail suivie d&rsquo;invalidit\u00e9. Si vous ne le connaissez pas encore, il suffit de le demander au service invalidit\u00e9 qui g\u00e8re votre dossier soit par courrier, soit via le site AMELI.<\/p>\n<h2>Quel est le montant de la pension d&rsquo;invalidit\u00e9 ?<\/h2>\n<p>Le montant de la pension d&rsquo;invalidit\u00e9 est calcul\u00e9 selon la situation du demandeur.<\/p>\n<p>Votre pension est calcul\u00e9e sur la base d&rsquo;un salaire annuel moyen que l&rsquo;on obtient \u00e0 partir de vos 10 meilleures ann\u00e9es de salaire.<\/p>\n<p><em>Exemple : Vous avez la Cat\u00e9gorie 1 d&rsquo;invalidit\u00e9 et vous avez un salaire annuel moyen de 1000 euros. Il faut alors faire le calcul suivant : 1000 &#8211; 30% = 700 euros. Vous toucherez alors 700 euros par mois pour votre pension d&rsquo;invalidit\u00e9.\u00a0<\/em><\/p>\n<div class='cta-block'><div class='text'>Simulez toutes vos aides en 2 min.<\/div><a href='https:\/\/www.mes-allocs.fr\/ab-app?origin=guides\/wp-json\/wp\/v2\/posts\/16671' class='app-button fit'>Simulation gratuite<\/a><\/div>\n","protected":false},"excerpt":{"rendered":"<p>L&rsquo;Allocation de solidarit\u00e9 sp\u00e9cifique permet aux personnes qui ne peuvent plus toucher l&rsquo;ARE de continuer \u00e0 avoir des ressources. La pension d&rsquo;invalidit\u00e9 est, elle, une aide financi\u00e8re pour les personnes handicap\u00e9es. Tout savoir sur le cumul pension d&rsquo; invalidit\u00e9 et allocation de solidarit\u00e9 sp\u00e9cifique. L&rsquo;Allocation de solidarit\u00e9 sp\u00e9cifique Qu&rsquo;est-ce que l&rsquo;Allocation de solidarit\u00e9 sp\u00e9cifique (ASS) [&hellip;]<\/p>\n","protected":false},"author":10,"featured_media":16679,"comment_status":"open","ping_status":"open","sticky":false,"template":"","format":"standard","meta":{"amp_status":"","footnotes":""},"categories":[3736,2989],"tags":[],"class_list":["post-16671","post","type-post","status-publish","format-standard","has-post-thumbnail","hentry","category-allocation-de-solidarite-specifique","category-chomage"],"yoast_head":"<!-- This site is optimized with the Yoast SEO plugin v14.9 - https:\/\/yoast.com\/wordpress\/plugins\/seo\/ -->\n<title>Peut-on cumuler pension d&#039;invalidit\u00e9 et ASS ? | Mes-Allocs.fr<\/title>\n<meta name=\"description\" content=\"L&#039;ASS aide les ch\u00f4meurs. La pension d&#039;invalidit\u00e9 vient elle en aide aux personnes handicap\u00e9es. Sont-elles cumulables ?\" \/>\n<meta name=\"robots\" content=\"index, follow, max-snippet:-1, max-image-preview:large, max-video-preview:-1\" \/>\n<link rel=\"canonical\" href=\"https:\/\/www.mes-allocs.fr\/guides\/chomage\/allocation-de-solidarite-specifique\/peut-on-cumuler-pension-invalidite-ass\/\" \/>\n<meta property=\"og:locale\" content=\"fr_FR\" \/>\n<meta property=\"og:type\" content=\"article\" \/>\n<meta property=\"og:title\" content=\"Peut-on cumuler pension d&#039;invalidit\u00e9 et ASS ? | Mes-Allocs.fr\" \/>\n<meta property=\"og:description\" content=\"L&#039;ASS aide les ch\u00f4meurs. La pension d&#039;invalidit\u00e9 vient elle en aide aux personnes handicap\u00e9es. Sont-elles cumulables ?\" \/>\n<meta property=\"og:url\" content=\"https:\/\/www.mes-allocs.fr\/guides\/chomage\/allocation-de-solidarite-specifique\/peut-on-cumuler-pension-invalidite-ass\/\" \/>\n<meta property=\"og:site_name\" content=\"Mes-Allocs.fr\" \/>\n<meta property=\"article:published_time\" content=\"2021-01-04T08:49:38+00:00\" \/>\n<meta property=\"article:modified_time\" content=\"2025-06-20T11:00:28+00:00\" \/>\n<meta property=\"og:image\" content=\"https:\/\/www.mes-allocs.fr\/guides\/wp-content\/uploads\/2020\/12\/pexels-marcus-aurelius-4064640-1-e1607689859690.jpg?wsr\" \/>\n\t<meta property=\"og:image:width\" content=\"1281\" \/>\n\t<meta property=\"og:image:height\" content=\"484\" \/>\n<meta name=\"twitter:card\" content=\"summary_large_image\" \/>\n<script type=\"application\/ld+json\" class=\"yoast-schema-graph\">{\"@context\":\"https:\/\/schema.org\",\"@graph\":[{\"@type\":\"WebSite\",\"@id\":\"https:\/\/www.mes-allocs.fr\/guides\/#website\",\"url\":\"https:\/\/www.mes-allocs.fr\/guides\/\",\"name\":\"Mes-Allocs.fr\",\"description\":\"\",\"potentialAction\":[{\"@type\":\"SearchAction\",\"target\":\"https:\/\/www.mes-allocs.fr\/guides\/?s={search_term_string}\",\"query-input\":\"required name=search_term_string\"}],\"inLanguage\":\"fr-FR\"},{\"@type\":\"ImageObject\",\"@id\":\"https:\/\/www.mes-allocs.fr\/guides\/chomage\/allocation-de-solidarite-specifique\/peut-on-cumuler-pension-invalidite-ass\/#primaryimage\",\"inLanguage\":\"fr-FR\",\"url\":\"https:\/\/www.mes-allocs.fr\/guides\/wp-content\/uploads\/2020\/12\/pexels-marcus-aurelius-4064640-1-e1607689859690.jpg?wsr\",\"width\":1281,\"height\":484,\"caption\":\"pexels marcus aurelius 4064640 1 e1607689859690\"},{\"@type\":\"WebPage\",\"@id\":\"https:\/\/www.mes-allocs.fr\/guides\/chomage\/allocation-de-solidarite-specifique\/peut-on-cumuler-pension-invalidite-ass\/#webpage\",\"url\":\"https:\/\/www.mes-allocs.fr\/guides\/chomage\/allocation-de-solidarite-specifique\/peut-on-cumuler-pension-invalidite-ass\/\",\"name\":\"Peut-on cumuler pension d'invalidit\\u00e9 et ASS ? | Mes-Allocs.fr\",\"isPartOf\":{\"@id\":\"https:\/\/www.mes-allocs.fr\/guides\/#website\"},\"primaryImageOfPage\":{\"@id\":\"https:\/\/www.mes-allocs.fr\/guides\/chomage\/allocation-de-solidarite-specifique\/peut-on-cumuler-pension-invalidite-ass\/#primaryimage\"},\"datePublished\":\"2021-01-04T08:49:38+00:00\",\"dateModified\":\"2025-06-20T11:00:28+00:00\",\"author\":{\"@id\":\"https:\/\/www.mes-allocs.fr\/guides\/#\/schema\/person\/8d47b912c0ad15f379df96b4e4e33f58\"},\"description\":\"L'ASS aide les ch\\u00f4meurs. La pension d'invalidit\\u00e9 vient elle en aide aux personnes handicap\\u00e9es. Sont-elles cumulables ?\",\"inLanguage\":\"fr-FR\"},{\"@type\":\"Person\",\"@id\":\"https:\/\/www.mes-allocs.fr\/guides\/#\/schema\/person\/8d47b912c0ad15f379df96b4e4e33f58\",\"name\":\"Constance de Cagny\",\"image\":{\"@type\":\"ImageObject\",\"@id\":\"https:\/\/www.mes-allocs.fr\/guides\/#personlogo\",\"inLanguage\":\"fr-FR\",\"url\":\"https:\/\/www.mes-allocs.fr\/guides\/wp-content\/uploads\/2021\/06\/Constance.2e8ee0b.png\",\"caption\":\"Constance de Cagny\"},\"description\":\"Constance est r\\u00e9dactrice au sein de l'\\u00e9quipe Mes Allocs. Elle a l'habitude d'\\u00e9crire sur les sujets conso, bons plans et \\u00e9conomies. Dipl\\u00f4m\\u00e9e de l'ENACO, elle rejoint Mes Allocs apr\\u00e8s une premi\\u00e8re exp\\u00e9rience en cabinet notarial.\",\"sameAs\":[\"https:\/\/www.linkedin.com\/in\/constance-de-cagny-mayeur-bbb414135\"]}]}<\/script>\n<!-- \/ Yoast SEO plugin. -->","amp_validity":null,"acf":{"faq":{"1":{"question":"Qui a droit \u00e0 l'allocation de solidarit\u00e9 sp\u00e9cifique ?","answer":"Vous avez droit \u00e0 l'allocation de solidarit\u00e9 sp\u00e9cifique si vous ne pouvez plus toucher l'ARE. Les droits \u00e0 cette allocation sont soumis \u00e0 des conditions de ressources.\r\n<br> <a href=\"https:\/\/www.mes-allocs.fr\/guides\/pole-emploi\/allocation-de-solidarite-specifique\/peut-on-cumuler-pension-invalidite-ass\/\">Lire la suite<\/a>\r\n\r\n\r\n\r\n"},"2":{"question":"Quelle aide pour une invalidit\u00e9 de 2eme cat\u00e9gorie ?","answer":"Quel aide pour une invalidit\u00e9 de 2eme cat\u00e9gorie ?\r\nPour une invalidit\u00e9 de 2\u00e8me cat\u00e9gorie, vous pouvez pr\u00e9tendre \u00e0 des aides comme l'allocation suppl\u00e9mentaire d'invalidit\u00e9 (ASI) ; une rente d'incapacit\u00e9 permanente ou les allocations ch\u00f4mage.\r\n\r\n"},"3":{"question":"Comment est calcul\u00e9e l'allocation de solidarit\u00e9 sp\u00e9cifique ?","answer":"L'allocation de solidarit\u00e9 sp\u00e9cifique est calcul\u00e9e selon les ressources du demandeur.\r\n<br> <a href=\"https:\/\/www.mes-allocs.fr\/guides\/pole-emploi\/allocation-de-solidarite-specifique\/peut-on-cumuler-pension-invalidite-ass\/\">Lire la suite<\/a>\r\n\r\n"},"4":{"question":"Quelle allocation apr\u00e8s fin de droit ch\u00f4mage ?","answer":"Apr\u00e8s la fin de vos droits \u00e0 l'ARE, vous pouvez toucher l'ASS (Allocation de solidarit\u00e9 sp\u00e9cifique).\r\n\r\n"},"5":{"question":"Qu'est-ce que l'allocation de solidarit\u00e9 sp\u00e9cifique ?","answer":"L'ASS est une allocation qui vient remplacer l'ARE lorsque le b\u00e9n\u00e9ficiaire des allocations ch\u00f4mage ne peut plus avoir droit \u00e0 celles-ci.\r\n<br> <a href=\"https:\/\/www.mes-allocs.fr\/guides\/pole-emploi\/allocation-de-solidarite-specifique\/peut-on-cumuler-pension-invalidite-ass\/\">Lire la suite<\/a>\r\n\r\n"},"6":{"question":"Quel est le montant de l'ASS ?","answer":"En 2025, le montant journalier de l'ASS est de 19,33 euros.\r\n\r\n"},"7":{"question":"","answer":""},"8":{"question":"","answer":""},"9":{"question":"","answer":""},"10":{"question":"","answer":""},"11":{"question":"","answer":""},"12":{"question":"","answer":""},"13":{"question":"","answer":""},"14":{"question":"","answer":""},"15":{"question":"","answer":""},"16":{"question":"","answer":""}}},"_links":{"self":[{"href":"https:\/\/www.mes-allocs.fr\/guides\/wp-json\/wp\/v2\/posts\/16671","targetHints":{"allow":["GET"]}}],"collection":[{"href":"https:\/\/www.mes-allocs.fr\/guides\/wp-json\/wp\/v2\/posts"}],"about":[{"href":"https:\/\/www.mes-allocs.fr\/guides\/wp-json\/wp\/v2\/types\/post"}],"author":[{"embeddable":true,"href":"https:\/\/www.mes-allocs.fr\/guides\/wp-json\/wp\/v2\/users\/10"}],"replies":[{"embeddable":true,"href":"https:\/\/www.mes-allocs.fr\/guides\/wp-json\/wp\/v2\/comments?post=16671"}],"version-history":[{"count":33,"href":"https:\/\/www.mes-allocs.fr\/guides\/wp-json\/wp\/v2\/posts\/16671\/revisions"}],"predecessor-version":[{"id":100996,"href":"https:\/\/www.mes-allocs.fr\/guides\/wp-json\/wp\/v2\/posts\/16671\/revisions\/100996"}],"wp:featuredmedia":[{"embeddable":true,"href":"https:\/\/www.mes-allocs.fr\/guides\/wp-json\/wp\/v2\/media\/16679"}],"wp:attachment":[{"href":"https:\/\/www.mes-allocs.fr\/guides\/wp-json\/wp\/v2\/media?parent=16671"}],"wp:term":[{"taxonomy":"category","embeddable":true,"href":"https:\/\/www.mes-allocs.fr\/guides\/wp-json\/wp\/v2\/categories?post=16671"},{"taxonomy":"post_tag","embeddable":true,"href":"https:\/\/www.mes-allocs.fr\/guides\/wp-json\/wp\/v2\/tags?post=16671"}],"curies":[{"name":"wp","href":"https:\/\/api.w.org\/{rel}","templated":true}]}}