{"id":16610,"date":"2021-01-04T10:39:38","date_gmt":"2021-01-04T10:39:38","guid":{"rendered":"https:\/\/www.mes-allocs.fr\/guides\/?p=16610"},"modified":"2025-06-20T13:01:26","modified_gmt":"2025-06-20T11:01:26","slug":"montant-ass","status":"publish","type":"post","link":"https:\/\/www.mes-allocs.fr\/guides\/chomage\/allocation-de-solidarite-specifique\/montant-ass\/","title":{"rendered":"Quel est le montant journalier de l&rsquo;ASS ?"},"content":{"rendered":"<p><a href=\"https:\/\/www.mes-allocs.fr\/guides\/wp-content\/uploads\/2020\/12\/pexels-nataliya-vaitkevich-5554870-1.jpg\"><img loading=\"lazy\" decoding=\"async\" class=\"alignnone wp-image-16619 size-full\" title=\"Quel est le montant journalier de l'ASS ?\" src=\"https:\/\/www.mes-allocs.fr\/guides\/wp-content\/uploads\/2020\/12\/pexels-nataliya-vaitkevich-5554870-1-e1607620417807.jpg\" alt=\"Quel est le montant journalier de l'ASS ?\" width=\"1920\" height=\"604\" srcset=\"https:\/\/www.mes-allocs.fr\/guides\/wp-content\/uploads\/2020\/12\/pexels-nataliya-vaitkevich-5554870-1-e1607620417807.jpg 1920w, https:\/\/www.mes-allocs.fr\/guides\/wp-content\/uploads\/2020\/12\/pexels-nataliya-vaitkevich-5554870-1-e1607620417807-300x94.jpg 300w, https:\/\/www.mes-allocs.fr\/guides\/wp-content\/uploads\/2020\/12\/pexels-nataliya-vaitkevich-5554870-1-e1607620417807-1024x322.jpg 1024w, https:\/\/www.mes-allocs.fr\/guides\/wp-content\/uploads\/2020\/12\/pexels-nataliya-vaitkevich-5554870-1-e1607620417807-768x242.jpg 768w, https:\/\/www.mes-allocs.fr\/guides\/wp-content\/uploads\/2020\/12\/pexels-nataliya-vaitkevich-5554870-1-e1607620417807-1536x483.jpg 1536w, https:\/\/www.mes-allocs.fr\/guides\/wp-content\/uploads\/2020\/12\/pexels-nataliya-vaitkevich-5554870-1-e1607620417807-600x189.jpg 600w\" sizes=\"auto, (max-width: 1920px) 100vw, 1920px\" \/><\/a><\/p>\n<p style=\"text-align: justify;\"><strong>L&rsquo;Allocation de Solidarit\u00e9 Sp\u00e9cifique (ASS) est une allocation d&rsquo;aide financi\u00e8re cr\u00e9\u00e9e en 1984. Elle est vers\u00e9e aux personnes ayant \u00e9puis\u00e9 leurs droits pour b\u00e9n\u00e9ficier de l&rsquo;assurance ch\u00f4mage. Quel est le montant de l&rsquo; allocation journali\u00e8re de solidarit\u00e9 sp\u00e9cifique ?<\/strong><\/p>\n<div class='cta-block'><div class='text'>Simulez vos aides en 2 min.<\/div><a href='https:\/\/www.mes-allocs.fr\/ab-app?origin=guides\/wp-json\/wp\/v2\/posts\/16610' class='app-button fit'>Simulation gratuite<\/a><\/div>\n<h1>L&rsquo;Allocation de solidarit\u00e9 sp\u00e9cifique<\/h1>\n<h2>Qu&rsquo;est-ce que l&rsquo;Allocation de solidarit\u00e9 sp\u00e9cifique (ASS) ?<\/h2>\n<p><a href=\"https:\/\/www.mes-allocs.fr\/guides\/chomage\/allocation-de-solidarite-specifique\">L&rsquo;Allocation de solidarit\u00e9 sp\u00e9cifique<\/a> est accord\u00e9e aux personnes qui ont \u00e9puis\u00e9 leurs droits \u00e0 l&rsquo;ARE (Allocation d&rsquo;Aide au retour \u00e0 l&rsquo;Emploi).<\/p>\n<p style=\"text-align: justify;\">Plus exactement aux demandeurs d&#8217;emploi qui ont 5 <b>ans<\/b> d&rsquo;activit\u00e9 salari\u00e9e au cours des 10 <b>ans pr\u00e9c\u00e9dant la fin<\/b> du contrat de travail.<\/p>\n<p>Pour b\u00e9n\u00e9ficier de l&rsquo; Allocation de solidarit\u00e9 sp\u00e9cifique, vous devez respecter les conditions d&rsquo;obtention de celle-ci :<\/p>\n<ul>\n<li>\u00catre apte au travail ;<\/li>\n<li>\u00catre demandeur d&rsquo; emploi et rechercher activement un emploi ou cr\u00e9er\/reprendre une entreprise ;<\/li>\n<li>Avoir \u00e9puis\u00e9 vos droits \u00e0 l&rsquo;ARE ou \u00e0 la R\u00e9mun\u00e9ration de Fin de Formation (RFF) ;<\/li>\n<li>Avoir travaill\u00e9 au moins 5 ans (\u00e0 temps plein ou \u00e0 temps partiel) au cours des 10 ans avant la fin de votre dernier contrat de travail. Si vous avez arr\u00eat\u00e9 votre activit\u00e9 professionnelle pour \u00e9lever un enfant, les 5 ans sont r\u00e9duits d&rsquo; 1 an par enfant dans la limite de 3 ans. Toutes les p\u00e9riodes d&rsquo;activit\u00e9 sont prises en compte (CDD, CDI, contrat d&rsquo;int\u00e9rim, alternance, service national, formation professionnelle,&#8230;)\u00a0 ;<\/li>\n<li>Ne pas d\u00e9passer l&rsquo;\u00e2ge l\u00e9gal de d\u00e9part \u00e0 la retraite ;<\/li>\n<li>Ne pas d\u00e9passer le plafond de ressources mensuelles.<\/li>\n<\/ul>\n<p>Certaines cat\u00e9gories de demandeurs d&#8217;emploi peuvent demander l&rsquo;Allocation de solidarit\u00e9 sp\u00e9cifique. Ces cat\u00e9gories sont : les artistes non salari\u00e9s, les marins p\u00eacheurs, ou encore les ouvriers dockers occasionnels. L&rsquo;ASS leur sera vers\u00e9e tous les 6 mois renouvelables.<\/p>\n<p><strong>Le demandeur d\u2019emploi de plus de 50 ans peut choisir l\u2019ASS<\/strong> plut\u00f4t que l\u2019ARE si elle est plus int\u00e9ressante pour lui.<\/p>\n<h2>Quel est le plafond de ressources mensuelles pour recevoir l&rsquo;ASS ?<\/h2>\n<p>L&rsquo;ASS est soumise \u00e0 des conditions de ressources. Les types de ressources qui sont prises en compte pour le calcul du montant de l&rsquo;ASS sont :<\/p>\n<ul>\n<li>Les ressources mensuelles ;<\/li>\n<li>D&rsquo;autres ressources comme les revenus des valeurs et capitaux mobiliers, les revenus fonciers ;<\/li>\n<li>Le montant de la pension alimentaire si vous en \u00eates b\u00e9n\u00e9ficiaire.<\/li>\n<\/ul>\n<p>Pour recevoir l&rsquo;ASS, vos ressources mensuelles ne doivent pas d\u00e9passer :<\/p>\n<ul>\n<li><strong>1 353,10 \u20ac si vous \u00eates seul<\/strong> ;<\/li>\n<li><strong>2 126,30 <\/strong><span class=\"prix\"><strong>\u20ac si vous \u00eates en couple<\/strong> ( mariage, Pacs ou concubinage).<\/span><\/li>\n<\/ul>\n<h2>Quelles sont les d\u00e9marches pour recevoir l&rsquo;ASS ?<\/h2>\n<p><a href=\"https:\/\/www.mes-allocs.fr\/guides\/wp-content\/uploads\/2020\/12\/pexels-oleg-magni-2058128-2-1.jpg\"><img loading=\"lazy\" decoding=\"async\" class=\"alignleft wp-image-16623 size-medium\" title=\"Quelles sont les d\u00e9marches pour recevoir l'ASS ?\" src=\"https:\/\/www.mes-allocs.fr\/guides\/wp-content\/uploads\/2020\/12\/pexels-oleg-magni-2058128-2-1-300x200.jpg\" alt=\"Quelles sont les d\u00e9marches pour recevoir l'ASS ?\" width=\"300\" height=\"200\" srcset=\"https:\/\/www.mes-allocs.fr\/guides\/wp-content\/uploads\/2020\/12\/pexels-oleg-magni-2058128-2-1-300x200.jpg 300w, https:\/\/www.mes-allocs.fr\/guides\/wp-content\/uploads\/2020\/12\/pexels-oleg-magni-2058128-2-1-1024x682.jpg 1024w, https:\/\/www.mes-allocs.fr\/guides\/wp-content\/uploads\/2020\/12\/pexels-oleg-magni-2058128-2-1-768x512.jpg 768w, https:\/\/www.mes-allocs.fr\/guides\/wp-content\/uploads\/2020\/12\/pexels-oleg-magni-2058128-2-1-600x400.jpg 600w, https:\/\/www.mes-allocs.fr\/guides\/wp-content\/uploads\/2020\/12\/pexels-oleg-magni-2058128-2-1.jpg 1280w\" sizes=\"auto, (max-width: 300px) 100vw, 300px\" \/><\/a>Une demande d\u2019allocation est envoy\u00e9e automatiquement 30 jours avant la fin de vos <a href=\"https:\/\/www.mes-allocs.fr\/guides\/chomage\/droit-au-chomage\">droits \u00e0 l&rsquo; allocation ch\u00f4mage<\/a> si vous \u00eates indemnis\u00e9 par P\u00f4le emploi. Si aucune demande automatique n&rsquo;a \u00e9t\u00e9 faite, vous pouvez faire une demande dans une agence P\u00f4le emploi. Il faut alors d\u00e9poser la demande compl\u00e9t\u00e9e et sign\u00e9e avec les justificatifs d\u2019activit\u00e9 avant la fin des droits \u00e0 l&rsquo;ARE pour \u00e9viter une rupture d\u2019indemnisation.<\/p>\n<p>En temps normal, un formulaire vous est adress\u00e9 par P\u00f4le emploi \u00e0 la fin de vos droits pour l&rsquo;ARE.<\/p>\n<p><strong>L&rsquo; ASS est vers\u00e9e sur une p\u00e9riode de 6 mois renouvelable<\/strong>. Lorsque vous \u00eates en fin de p\u00e9riode d&rsquo;indemnisation, P\u00f4le emploi vous envoie une demande de renouvellement automatiquement. Vous devrez la remplir et la corriger.<\/p>\n<h2>Quand s&rsquo;arr\u00eate le versement de l&rsquo;ASS?<\/h2>\n<p>Si vous \u00eates sans emploi, le paiement de l&rsquo;ASS cesse si vous vous trouvez dans l&rsquo;un des cas suivants :<\/p>\n<ul>\n<li>Ressources sup\u00e9rieures aux plafonds.<\/li>\n<li>Absence de recherche d&#8217;emploi.<\/li>\n<li>Suivi d&rsquo;une formation r\u00e9mun\u00e9r\u00e9e.<\/li>\n<li>Reprise d&rsquo;une activit\u00e9 non cumulable avec l&rsquo;ASS.<\/li>\n<li>Perception d&rsquo;indemnit\u00e9s journali\u00e8res pour maladie, maternit\u00e9 ou accident du travail.<\/li>\n<li>Suppression des allocations par d\u00e9cision du pr\u00e9fet ou suite \u00e0 une radiation.<\/li>\n<li>Perception de l&rsquo;allocation de pr\u00e9sence parentale ou l&rsquo;allocation journali\u00e8re d&rsquo;une personne en fin de vie.<\/li>\n<li>Possibilit\u00e9 de b\u00e9n\u00e9ficier d&rsquo;une retraite \u00e0 taux plein ou atteinte de l&rsquo;\u00e2ge limite d&rsquo;activit\u00e9.<\/li>\n<\/ul>\n<p>Si vous travaillez, le paiement de l&rsquo;ASS s&rsquo;arr\u00eate apr\u00e8s 3 mois (cons\u00e9cutifs ou non) de cumul avec les r\u00e9mun\u00e9rations de votre activit\u00e9 professionnelle :<\/p>\n<ul>\n<li>Si votre activit\u00e9 professionnelle se poursuit, le versement de l&rsquo;ASS est interrompu. \u00c0 la fin du 6<sup>e<\/sup> mois suivant la reprise d&rsquo;activit\u00e9, vous pourrez percevoir la prime d&rsquo;activit\u00e9 en compl\u00e9ment de votre r\u00e9mun\u00e9ration, si vous remplissez les conditions.<\/li>\n<li>Si votre activit\u00e9 professionnelle s&rsquo;interrompt et que s&rsquo;en suit une p\u00e9riode d&rsquo;inactivit\u00e9 d&rsquo;au moins 3 mois cons\u00e9cutifs, une nouvelle p\u00e9riode de cumul est possible.<\/li>\n<\/ul>\n<h2>Quelle est votre protection sociale lorsque vous touchez l&rsquo;ASS ?<\/h2>\n<p>Si vous \u00eates malade, la s\u00e9curit\u00e9 sociale ou la MSA continuera \u00e0 vous rembourser , les frais m\u00e9dicaux, de pharmacie, d\u2019hospitalisation. La s\u00e9curit\u00e9 sociale calculera vos droits aux indemnit\u00e9s journali\u00e8res en cas d\u2019arr\u00eat maladie \u00e0 partir de vos anciens salaires.<\/p>\n<p>Si vous \u00eates enceinte, la s\u00e9curit\u00e9 sociale ou MSA calculera vos droits au cong\u00e9 maternit\u00e9.<\/p>\n<p>Si vous \u00eates proche de la retraite, les p\u00e9riodes de ch\u00f4mage indemnis\u00e9es en ASS comptent dans le calcul du nombre de trimestres valid\u00e9s pour la retraite.<\/p>\n<p><iframe loading=\"lazy\" title=\"L&#039;ASS\" width=\"500\" height=\"281\" src=\"https:\/\/www.youtube.com\/embed\/QAulvUZqyHk?feature=oembed\" frameborder=\"0\" allow=\"accelerometer; autoplay; clipboard-write; encrypted-media; gyroscope; picture-in-picture; web-share\" referrerpolicy=\"strict-origin-when-cross-origin\" allowfullscreen><\/iframe><\/p>\n<h1>Quel est le montant de l&rsquo;ASS ?<\/h1>\n<p><strong>Au 1er avril 2025, le montant journalier de l&rsquo;ASS est de <b>19,33 <\/b><span class=\"prix\">\u20ac<\/span> (579,90 <span class=\"prix\">\u20ac<\/span>\u00a0pour 1 mois de 30 jours).<\/strong><\/p>\n<h2>Vous \u00eates sans emploi<\/h2>\n<p><strong>Si vous \u00eates sans emploi et que vous \u00eates seul, le montant de l&rsquo;Allocation de solidarit\u00e9 sp\u00e9cifique se calcule ainsi :<\/strong><\/p>\n<p style=\"text-align: justify;\">\n<div class=\"wpdt-c row wpDataTableContainerSimpleTable wpDataTables wpDataTablesWrapper\n\"\n    >\n    <table id=\"wpdtSimpleTable-290\"\n           class=\"wpdtSimpleTable wpDataTable\"\n           data-column=\"2\"\n           data-rows=\"4\"\n           data-wpID=\"290\"\n           data-responsive=\"0\"\n           data-has-header=\"0\">\n\n                    <tbody>        <tr class=\"wpdt-cell-row \" >\n                            <td class=\"wpdt-cell wpdt-bold wpdt-fs-000016 wpdt-bc-FFFFFF\"\n                                    data-cell-id=\"A1\"\n                data-col-index=\"0\"\n                data-row-index=\"0\"\n                style=\" width:50%;                padding:10px;\"\n                >\n                                Ressources mensuelles                <\/td>\n                                            <td class=\"wpdt-cell wpdt-bold wpdt-fs-000016 wpdt-bc-FFFFFF\"\n                                    data-cell-id=\"B1\"\n                data-col-index=\"1\"\n                data-row-index=\"0\"\n                style=\" width:50%;                padding:10px;\"\n                >\n                                Montant mensuel de l'ASS                <\/td>\n                                        <\/tr>\n                            <tr class=\"wpdt-cell-row \" >\n                            <td class=\"wpdt-cell \"\n                                    data-cell-id=\"A2\"\n                data-col-index=\"0\"\n                data-row-index=\"1\"\n                style=\"                padding:10px;\"\n                >\n                                Moins de 773,20 \u20ac                <\/td>\n                                            <td class=\"wpdt-cell \"\n                                    data-cell-id=\"B2\"\n                data-col-index=\"1\"\n                data-row-index=\"1\"\n                style=\"                padding:10px;\"\n                >\n                                579,90 \u20ac                <\/td>\n                                        <\/tr>\n                            <tr class=\"wpdt-cell-row \" >\n                            <td class=\"wpdt-cell \"\n                                    data-cell-id=\"A3\"\n                data-col-index=\"0\"\n                data-row-index=\"2\"\n                style=\"                padding:10px;\"\n                >\n                                De 773,20 \u20ac \u00e0 1 353,10 \u20ac                <\/td>\n                                            <td class=\"wpdt-cell \"\n                                    data-cell-id=\"B3\"\n                data-col-index=\"1\"\n                data-row-index=\"2\"\n                style=\"                padding:10px;\"\n                >\n                                1 353,10 \u20ac (avant d\u00e9duction du montant de vos ressources)                <\/td>\n                                        <\/tr>\n                            <tr class=\"wpdt-cell-row \" >\n                            <td class=\"wpdt-cell \"\n                                    data-cell-id=\"A4\"\n                data-col-index=\"0\"\n                data-row-index=\"3\"\n                style=\"                padding:10px;\"\n                >\n                                Sup\u00e9rieures \u00e0 1 353,10 \u20ac                <\/td>\n                                            <td class=\"wpdt-cell \"\n                                    data-cell-id=\"B4\"\n                data-col-index=\"1\"\n                data-row-index=\"3\"\n                style=\"                padding:10px;\"\n                >\n                                Non \u00e9ligible au versement de l'ASS                <\/td>\n                                        <\/tr>\n                    <\/table>\n<\/div><style id='wpdt-custom-style-290'>\n.wpdt-fs-000016 { font-size: 16px !important;}\n.wpdt-bc-FFFFFF { background-color: #FFFFFF !important;}\n<\/style>\n<\/p>\n<p><strong>Si vous \u00eates sans emploi et que vous \u00eates en couple, le montant de votre ASS se calcule ainsi :<\/strong><\/p>\n<p style=\"text-align: justify;\">\n<div class=\"wpdt-c row wpDataTableContainerSimpleTable wpDataTables wpDataTablesWrapper\n\"\n    >\n    <table id=\"wpdtSimpleTable-291\"\n           class=\"wpdtSimpleTable wpDataTable\"\n           data-column=\"2\"\n           data-rows=\"4\"\n           data-wpID=\"291\"\n           data-responsive=\"0\"\n           data-has-header=\"0\">\n\n                    <tbody>        <tr class=\"wpdt-cell-row \" >\n                            <td class=\"wpdt-cell wpdt-bold wpdt-fs-000016 wpdt-bc-FFFFFF\"\n                                    data-cell-id=\"A1\"\n                data-col-index=\"0\"\n                data-row-index=\"0\"\n                style=\" width:50%;                padding:10px;\"\n                >\n                                Ressources mensuelles                <\/td>\n                                            <td class=\"wpdt-cell wpdt-bold wpdt-fs-000016 wpdt-bc-FFFFFF\"\n                                    data-cell-id=\"B1\"\n                data-col-index=\"1\"\n                data-row-index=\"0\"\n                style=\" width:50%;                padding:10px;\"\n                >\n                                Montant mensuel de l'ASS                <\/td>\n                                        <\/tr>\n                            <tr class=\"wpdt-cell-row \" >\n                            <td class=\"wpdt-cell \"\n                                    data-cell-id=\"A2\"\n                data-col-index=\"0\"\n                data-row-index=\"1\"\n                style=\"                padding:10px;\"\n                >\n                                Moins de 1 546,40 \u20ac                <\/td>\n                                            <td class=\"wpdt-cell \"\n                                    data-cell-id=\"B2\"\n                data-col-index=\"1\"\n                data-row-index=\"1\"\n                style=\"                padding:10px;\"\n                >\n                                579,90 \u20ac                <\/td>\n                                        <\/tr>\n                            <tr class=\"wpdt-cell-row \" >\n                            <td class=\"wpdt-cell \"\n                                    data-cell-id=\"A3\"\n                data-col-index=\"0\"\n                data-row-index=\"2\"\n                style=\"                padding:10px;\"\n                >\n                                De 1 546,40 \u20ac \u00e0 2 126,30 \u20ac                <\/td>\n                                            <td class=\"wpdt-cell \"\n                                    data-cell-id=\"B3\"\n                data-col-index=\"1\"\n                data-row-index=\"2\"\n                style=\"                padding:10px;\"\n                >\n                                2 126,30 \u20ac (avant d\u00e9duction du montant de vos ressources)                <\/td>\n                                        <\/tr>\n                            <tr class=\"wpdt-cell-row \" >\n                            <td class=\"wpdt-cell \"\n                                    data-cell-id=\"A4\"\n                data-col-index=\"0\"\n                data-row-index=\"3\"\n                style=\"                padding:10px;\"\n                >\n                                Sup\u00e9rieures \u00e0 2 126,30 \u20ac                <\/td>\n                                            <td class=\"wpdt-cell \"\n                                    data-cell-id=\"B4\"\n                data-col-index=\"1\"\n                data-row-index=\"3\"\n                style=\"                padding:10px;\"\n                >\n                                Non \u00e9ligible au versement de l'ASS                <\/td>\n                                        <\/tr>\n                    <\/table>\n<\/div><style id='wpdt-custom-style-291'>\n.wpdt-fs-000016 { font-size: 16px !important;}\n.wpdt-bc-FFFFFF { background-color: #FFFFFF !important;}\n<\/style>\n<\/p>\n<div class='cta-block'><div class='text'>Simulez toutes vos aides en 2 min.<\/div><a href='https:\/\/www.mes-allocs.fr\/ab-app?origin=guides\/wp-json\/wp\/v2\/posts\/16610' class='app-button fit'>Simulation gratuite<\/a><\/div>\n<h2>Vous travaillez<\/h2>\n<p style=\"text-align: justify;\">Depuis le 1er septembre 2017, avec le d\u00e9cret n 2017-826, il existe de nouvelles r\u00e8gles de cumul de l\u2019allocation de solidarit\u00e9 sp\u00e9cifique (ASS) avec les r\u00e9mun\u00e9rations de reprise d&rsquo; activit\u00e9.<\/p>\n<p style=\"text-align: justify;\"><strong>Selon le code du travail, les personnes b\u00e9n\u00e9ficiant de l\u2019ASS qui reprennent une activit\u00e9 professionnelle (salari\u00e9e ou non salari\u00e9e) peuvent cumuler leur r\u00e9mun\u00e9ration avec leur allocation pendant trois mois (cons\u00e9cutifs ou non)<\/strong>. Ces nouvelles r\u00e8gles concernent toutes les personnes qui b\u00e9n\u00e9ficient de l&rsquo;ASS.<\/p>\n<p style=\"text-align: justify;\">Apr\u00e8s les trois mois de cumul, le versement de l\u2019ASS est arr\u00eat\u00e9 si l\u2019int\u00e9ress\u00e9 poursuit son activit\u00e9. Les demandeurs d\u2019emploi qui ne peuvent plus b\u00e9n\u00e9ficier de l&rsquo;ASS auront un acc\u00e8s facilit\u00e9 \u00e0 la prime d\u2019activit\u00e9, s&rsquo;ils remplissent les conditions d\u2019attribution.<\/p>\n<p style=\"text-align: justify;\">Si vous exercez une activit\u00e9 professionnelle ou suivez une formation r\u00e9mun\u00e9r\u00e9e rien n&#8217;emp\u00eache la reprise du versement de l\u2019ASS.<\/p>\n<h1>Avec quelles aides peut-on cumuler l&rsquo;ASS ?<\/h1>\n<h2>La pension d&rsquo;invalidit\u00e9<\/h2>\n<p style=\"text-align: justify;\">Vous pouvez cumulez la pension d&rsquo;invalidit\u00e9 avec une allocation de ch\u00f4mage :<\/p>\n<ul style=\"text-align: justify;\">\n<li>Si vous n&rsquo;avez jamais travaill\u00e9 depuis que vous \u00eates en invalidit\u00e9 ;<\/li>\n<li>Si vous travaillez depuis que vous \u00eates en invalidit\u00e9 et que par la suite vous avez \u00e9t\u00e9 licenci\u00e9.<\/li>\n<\/ul>\n<p style=\"text-align: justify;\">La r\u00e8gle de cumul est la m\u00eame que si vous \u00e9tiez en activit\u00e9 salari\u00e9e : Votre allocation brut + votre pension brut ne doivent pas d\u00e9passer votre Salaire Trimestriel Moyen de Comparaison (STMC).<\/p>\n<p style=\"text-align: justify;\">Le STMC correspond en r\u00e8gle g\u00e9n\u00e9ral \u00e0 l&rsquo;ann\u00e9e qui pr\u00e9c\u00e8de votre arr\u00eat de travail suivie d&rsquo;invalidit\u00e9. Si vous ne le connaissez pas encore, il suffit de le demander au service invalidit\u00e9 qui g\u00e8re votre dossier soit par courrier, soit via le site AMELI.<\/p>\n<p>Pour en savoir plus sur la pension d&rsquo;invalidit\u00e9 et l&rsquo;ASS, suivez <a href=\"https:\/\/www.mes-allocs.fr\/guides\/pole-emploi\/allocation-de-solidarite-specifique\/allocation-solidarite-specifique-pension-invalidite\/\">ce lien<\/a>.<\/p>\n<h2>Le RSA<\/h2>\n<p>Vous pouvez cumuler le RSA et l&rsquo;ASS. Le montant du RSA sera cependant r\u00e9duit du montant de l&rsquo;ASS. Vous ne pouvez pas cumuler l&rsquo;int\u00e9gralit\u00e9 du montant de<a href=\"https:\/\/www.mes-allocs.fr\/guides\/wp-content\/uploads\/2020\/12\/pexels-daria-shevtsova-1257099-1.jpg\"><img loading=\"lazy\" decoding=\"async\" class=\"alignright wp-image-16622 size-medium\" title=\"Le RSA\" src=\"https:\/\/www.mes-allocs.fr\/guides\/wp-content\/uploads\/2020\/12\/pexels-daria-shevtsova-1257099-1-200x300.jpg\" alt=\"Le RSA\" width=\"200\" height=\"300\" srcset=\"https:\/\/www.mes-allocs.fr\/guides\/wp-content\/uploads\/2020\/12\/pexels-daria-shevtsova-1257099-1-200x300.jpg 200w, https:\/\/www.mes-allocs.fr\/guides\/wp-content\/uploads\/2020\/12\/pexels-daria-shevtsova-1257099-1-683x1024.jpg 683w, https:\/\/www.mes-allocs.fr\/guides\/wp-content\/uploads\/2020\/12\/pexels-daria-shevtsova-1257099-1-768x1152.jpg 768w, https:\/\/www.mes-allocs.fr\/guides\/wp-content\/uploads\/2020\/12\/pexels-daria-shevtsova-1257099-1-1024x1536.jpg 1024w, https:\/\/www.mes-allocs.fr\/guides\/wp-content\/uploads\/2020\/12\/pexels-daria-shevtsova-1257099-1-400x600.jpg 400w, https:\/\/www.mes-allocs.fr\/guides\/wp-content\/uploads\/2020\/12\/pexels-daria-shevtsova-1257099-1.jpg 1280w\" sizes=\"auto, (max-width: 200px) 100vw, 200px\" \/><\/a> l&rsquo;ASS et celui du RSA.<\/p>\n<p>Le revenu de solidarit\u00e9 active (RSA) permet aux personnes sans ressources un niveau minimum de revenu qui varie selon la composition du foyer.<\/p>\n","protected":false},"excerpt":{"rendered":"<p>L&rsquo;Allocation de Solidarit\u00e9 Sp\u00e9cifique (ASS) est une allocation d&rsquo;aide financi\u00e8re cr\u00e9\u00e9e en 1984. Elle est vers\u00e9e aux personnes ayant \u00e9puis\u00e9 leurs droits pour b\u00e9n\u00e9ficier de l&rsquo;assurance ch\u00f4mage. Quel est le montant de l&rsquo; allocation journali\u00e8re de solidarit\u00e9 sp\u00e9cifique ? L&rsquo;Allocation de solidarit\u00e9 sp\u00e9cifique Qu&rsquo;est-ce que l&rsquo;Allocation de solidarit\u00e9 sp\u00e9cifique (ASS) ? L&rsquo;Allocation de solidarit\u00e9 sp\u00e9cifique [&hellip;]<\/p>\n","protected":false},"author":10,"featured_media":16619,"comment_status":"open","ping_status":"open","sticky":false,"template":"","format":"standard","meta":{"amp_status":"","footnotes":""},"categories":[3736,2989],"tags":[],"class_list":["post-16610","post","type-post","status-publish","format-standard","has-post-thumbnail","hentry","category-allocation-de-solidarite-specifique","category-chomage"],"yoast_head":"<!-- This site is optimized with the Yoast SEO plugin v14.9 - https:\/\/yoast.com\/wordpress\/plugins\/seo\/ -->\n<title>Quel est le montant journalier de l&#039;ASS ? | Mes-Allocs.fr<\/title>\n<meta name=\"description\" content=\"L&#039;ASS est vers\u00e9e lorsque les droits au ch\u00f4mage sont \u00e9puis\u00e9s. Quel est le montant journlier de l&#039;ASS ? Mes Allocs vous explique.\" \/>\n<meta name=\"robots\" content=\"index, follow, max-snippet:-1, max-image-preview:large, max-video-preview:-1\" \/>\n<link rel=\"canonical\" href=\"https:\/\/www.mes-allocs.fr\/guides\/chomage\/allocation-de-solidarite-specifique\/montant-ass\/\" \/>\n<meta property=\"og:locale\" content=\"fr_FR\" \/>\n<meta property=\"og:type\" content=\"article\" \/>\n<meta property=\"og:title\" content=\"Quel est le montant journalier de l&#039;ASS ? | Mes-Allocs.fr\" \/>\n<meta property=\"og:description\" content=\"L&#039;ASS est vers\u00e9e lorsque les droits au ch\u00f4mage sont \u00e9puis\u00e9s. Quel est le montant journlier de l&#039;ASS ? Mes Allocs vous explique.\" \/>\n<meta property=\"og:url\" content=\"https:\/\/www.mes-allocs.fr\/guides\/chomage\/allocation-de-solidarite-specifique\/montant-ass\/\" \/>\n<meta property=\"og:site_name\" content=\"Mes-Allocs.fr\" \/>\n<meta property=\"article:published_time\" content=\"2021-01-04T10:39:38+00:00\" \/>\n<meta property=\"article:modified_time\" content=\"2025-06-20T11:01:26+00:00\" \/>\n<meta property=\"og:image\" content=\"https:\/\/www.mes-allocs.fr\/guides\/wp-content\/uploads\/2020\/12\/pexels-nataliya-vaitkevich-5554870-1-e1607620417807.jpg?wsr\" \/>\n\t<meta property=\"og:image:width\" content=\"1920\" \/>\n\t<meta property=\"og:image:height\" content=\"604\" \/>\n<meta name=\"twitter:card\" content=\"summary_large_image\" \/>\n<script type=\"application\/ld+json\" class=\"yoast-schema-graph\">{\"@context\":\"https:\/\/schema.org\",\"@graph\":[{\"@type\":\"WebSite\",\"@id\":\"https:\/\/www.mes-allocs.fr\/guides\/#website\",\"url\":\"https:\/\/www.mes-allocs.fr\/guides\/\",\"name\":\"Mes-Allocs.fr\",\"description\":\"\",\"potentialAction\":[{\"@type\":\"SearchAction\",\"target\":\"https:\/\/www.mes-allocs.fr\/guides\/?s={search_term_string}\",\"query-input\":\"required name=search_term_string\"}],\"inLanguage\":\"fr-FR\"},{\"@type\":\"ImageObject\",\"@id\":\"https:\/\/www.mes-allocs.fr\/guides\/chomage\/allocation-de-solidarite-specifique\/montant-ass\/#primaryimage\",\"inLanguage\":\"fr-FR\",\"url\":\"https:\/\/www.mes-allocs.fr\/guides\/wp-content\/uploads\/2020\/12\/pexels-nataliya-vaitkevich-5554870-1-e1607620417807.jpg?wsr\",\"width\":1920,\"height\":604,\"caption\":\"pexels nataliya vaitkevich 5554870 1 e1607620417807\"},{\"@type\":\"WebPage\",\"@id\":\"https:\/\/www.mes-allocs.fr\/guides\/chomage\/allocation-de-solidarite-specifique\/montant-ass\/#webpage\",\"url\":\"https:\/\/www.mes-allocs.fr\/guides\/chomage\/allocation-de-solidarite-specifique\/montant-ass\/\",\"name\":\"Quel est le montant journalier de l'ASS ? | Mes-Allocs.fr\",\"isPartOf\":{\"@id\":\"https:\/\/www.mes-allocs.fr\/guides\/#website\"},\"primaryImageOfPage\":{\"@id\":\"https:\/\/www.mes-allocs.fr\/guides\/chomage\/allocation-de-solidarite-specifique\/montant-ass\/#primaryimage\"},\"datePublished\":\"2021-01-04T10:39:38+00:00\",\"dateModified\":\"2025-06-20T11:01:26+00:00\",\"author\":{\"@id\":\"https:\/\/www.mes-allocs.fr\/guides\/#\/schema\/person\/8d47b912c0ad15f379df96b4e4e33f58\"},\"description\":\"L'ASS est vers\\u00e9e lorsque les droits au ch\\u00f4mage sont \\u00e9puis\\u00e9s. Quel est le montant journlier de l'ASS ? Mes Allocs vous explique.\",\"inLanguage\":\"fr-FR\"},{\"@type\":\"Person\",\"@id\":\"https:\/\/www.mes-allocs.fr\/guides\/#\/schema\/person\/8d47b912c0ad15f379df96b4e4e33f58\",\"name\":\"Constance de Cagny\",\"image\":{\"@type\":\"ImageObject\",\"@id\":\"https:\/\/www.mes-allocs.fr\/guides\/#personlogo\",\"inLanguage\":\"fr-FR\",\"url\":\"https:\/\/www.mes-allocs.fr\/guides\/wp-content\/uploads\/2021\/06\/Constance.2e8ee0b.png\",\"caption\":\"Constance de Cagny\"},\"description\":\"Constance est r\\u00e9dactrice au sein de l'\\u00e9quipe Mes Allocs. Elle a l'habitude d'\\u00e9crire sur les sujets conso, bons plans et \\u00e9conomies. Dipl\\u00f4m\\u00e9e de l'ENACO, elle rejoint Mes Allocs apr\\u00e8s une premi\\u00e8re exp\\u00e9rience en cabinet notarial.\",\"sameAs\":[\"https:\/\/www.linkedin.com\/in\/constance-de-cagny-mayeur-bbb414135\"]}]}<\/script>\n<!-- \/ Yoast SEO plugin. -->","amp_validity":null,"acf":{"faq":{"1":{"question":"Quelle est la dur\u00e9e de l'allocation sp\u00e9cifique ?","answer":"Cette aide vous est attribu\u00e9e pour une p\u00e9riode de 6 mois renouvelable. Une nouvelle demande vous est automatiquement envoy\u00e9e par P\u00f4le Emploi \u00e0 la fin de votre p\u00e9riode d'indemnisation."},"2":{"question":"Qu'est ce que l'Allocation de Solidarit\u00e9 Sp\u00e9cifique ASS ?","answer":"L'ASS (Allocation de Solidarit\u00e9 Sp\u00e9cifique) s'adresse aux personnes ayant \u00e9puis\u00e9 l'int\u00e9gralit\u00e9 de leurs allocations ch\u00f4mage ainsi qu'\u00e0 certaines professions (artistes non salari\u00e9s, marins p\u00eacheurs et dockers occasionnels)."},"3":{"question":"","answer":""},"4":{"question":"","answer":""},"5":{"question":"","answer":""},"6":{"question":"","answer":""},"7":{"question":"","answer":""},"8":{"question":"","answer":""},"9":{"question":"","answer":""},"10":{"question":"","answer":""},"11":{"question":"","answer":""},"12":{"question":"","answer":""},"13":{"question":"","answer":""},"14":{"question":"","answer":""},"15":{"question":"","answer":""},"16":{"question":"","answer":""}}},"_links":{"self":[{"href":"https:\/\/www.mes-allocs.fr\/guides\/wp-json\/wp\/v2\/posts\/16610","targetHints":{"allow":["GET"]}}],"collection":[{"href":"https:\/\/www.mes-allocs.fr\/guides\/wp-json\/wp\/v2\/posts"}],"about":[{"href":"https:\/\/www.mes-allocs.fr\/guides\/wp-json\/wp\/v2\/types\/post"}],"author":[{"embeddable":true,"href":"https:\/\/www.mes-allocs.fr\/guides\/wp-json\/wp\/v2\/users\/10"}],"replies":[{"embeddable":true,"href":"https:\/\/www.mes-allocs.fr\/guides\/wp-json\/wp\/v2\/comments?post=16610"}],"version-history":[{"count":24,"href":"https:\/\/www.mes-allocs.fr\/guides\/wp-json\/wp\/v2\/posts\/16610\/revisions"}],"predecessor-version":[{"id":101001,"href":"https:\/\/www.mes-allocs.fr\/guides\/wp-json\/wp\/v2\/posts\/16610\/revisions\/101001"}],"wp:featuredmedia":[{"embeddable":true,"href":"https:\/\/www.mes-allocs.fr\/guides\/wp-json\/wp\/v2\/media\/16619"}],"wp:attachment":[{"href":"https:\/\/www.mes-allocs.fr\/guides\/wp-json\/wp\/v2\/media?parent=16610"}],"wp:term":[{"taxonomy":"category","embeddable":true,"href":"https:\/\/www.mes-allocs.fr\/guides\/wp-json\/wp\/v2\/categories?post=16610"},{"taxonomy":"post_tag","embeddable":true,"href":"https:\/\/www.mes-allocs.fr\/guides\/wp-json\/wp\/v2\/tags?post=16610"}],"curies":[{"name":"wp","href":"https:\/\/api.w.org\/{rel}","templated":true}]}}