{"id":16599,"date":"2021-01-04T10:39:38","date_gmt":"2021-01-04T10:39:38","guid":{"rendered":"https:\/\/www.mes-allocs.fr\/guides\/?p=16599"},"modified":"2025-06-20T13:01:10","modified_gmt":"2025-06-20T11:01:10","slug":"peut-on-cumuler-revenus-allocation-solidarite-specifique","status":"publish","type":"post","link":"https:\/\/www.mes-allocs.fr\/guides\/chomage\/allocation-de-solidarite-specifique\/peut-on-cumuler-revenus-allocation-solidarite-specifique\/","title":{"rendered":"Peut-on cumuler revenus et allocation de solidarit\u00e9 sp\u00e9cifique ?"},"content":{"rendered":"<p><a href=\"https:\/\/www.mes-allocs.fr\/guides\/wp-content\/uploads\/2020\/12\/pexels-karolina-grabowska-5412096-1.jpg\"><img loading=\"lazy\" decoding=\"async\" class=\"alignnone wp-image-16602 size-full\" title=\"Peut-on cumuler revenus avec l'allocation de solidarit\u00e9 sp\u00e9cifique ?\" src=\"https:\/\/www.mes-allocs.fr\/guides\/wp-content\/uploads\/2020\/12\/pexels-karolina-grabowska-5412096-1-e1607618579374.jpg\" alt=\"Peut-on cumuler revenus avec l'allocation de solidarit\u00e9 sp\u00e9cifique ?\" width=\"1920\" height=\"662\" srcset=\"https:\/\/www.mes-allocs.fr\/guides\/wp-content\/uploads\/2020\/12\/pexels-karolina-grabowska-5412096-1-e1607618579374.jpg 1920w, https:\/\/www.mes-allocs.fr\/guides\/wp-content\/uploads\/2020\/12\/pexels-karolina-grabowska-5412096-1-e1607618579374-300x103.jpg 300w, https:\/\/www.mes-allocs.fr\/guides\/wp-content\/uploads\/2020\/12\/pexels-karolina-grabowska-5412096-1-e1607618579374-1024x353.jpg 1024w, https:\/\/www.mes-allocs.fr\/guides\/wp-content\/uploads\/2020\/12\/pexels-karolina-grabowska-5412096-1-e1607618579374-768x265.jpg 768w, https:\/\/www.mes-allocs.fr\/guides\/wp-content\/uploads\/2020\/12\/pexels-karolina-grabowska-5412096-1-e1607618579374-1536x530.jpg 1536w, https:\/\/www.mes-allocs.fr\/guides\/wp-content\/uploads\/2020\/12\/pexels-karolina-grabowska-5412096-1-e1607618579374-600x207.jpg 600w\" sizes=\"auto, (max-width: 1920px) 100vw, 1920px\" \/><\/a><\/p>\n<p><strong><a href=\"https:\/\/www.mes-allocs.fr\/guides\/chomage\/allocation-de-solidarite-specifique\">L&rsquo;Allocation de solidarit\u00e9 sp\u00e9cifique<\/a> permet aux demandeurs d&#8217;emploi qui sont au ch\u00f4mage et ne peuvent plus toucher l&rsquo;ARE de continuer \u00e0 avoir des ressources. Peut-on cumuler des revenus avec l&rsquo; allocation de solidarit\u00e9 sp\u00e9cifique ?<\/strong><\/p>\n<div class='cta-block'><div class='text'>Simulez vos aides en 2 min.<\/div><a href='https:\/\/www.mes-allocs.fr\/ab-app?origin=guides\/wp-json\/wp\/v2\/posts\/16599' class='app-button fit'>Simulation gratuite<\/a><\/div>\n<h1>L&rsquo;Allocation de solidarit\u00e9 sp\u00e9cifique<\/h1>\n<h2>Qu&rsquo;est-ce que l&rsquo;Allocation de solidarit\u00e9 sp\u00e9cifique (ASS) ?<\/h2>\n<p><a href=\"https:\/\/www.mes-allocs.fr\/guides\/chomage\/allocation-de-solidarite-specifique\">L&rsquo;Allocation de solidarit\u00e9 sp\u00e9cifique<\/a> est accord\u00e9e aux personnes qui ont \u00e9puis\u00e9 leurs droits \u00e0 l&rsquo;ARE (Allocation d&rsquo;Aide au retour \u00e0 l&rsquo;Emploi).<\/p>\n<p>Pour b\u00e9n\u00e9ficier de l&rsquo; Allocation de solidarit\u00e9 sp\u00e9cifique, vous devez respecter les conditions d&rsquo;obtention de celle-ci :<\/p>\n<ul>\n<li>\u00catre apte au travail ;<\/li>\n<li>\u00catre demandeur d&rsquo; emploi ou cr\u00e9er\/reprendre une entreprise ;<\/li>\n<li>Avoir \u00e9puis\u00e9 vos droits \u00e0 l&rsquo;ARE ou \u00e0 la R\u00e9mun\u00e9ration de Fin de Formation (RFF) ;<\/li>\n<li>Avoir travaill\u00e9 au moins 5 ans (\u00e0 temps plein ou \u00e0 temps partiel) au cours des 10 ans avant la fin de votre dernier contrat de travail. Si vous avez arr\u00eat\u00e9 votre activit\u00e9 professionnelle pour \u00e9lever un enfant, les 5 ans sont r\u00e9duits d&rsquo; 1 an par enfant dans la limite de 3 ans. Toutes les p\u00e9riodes d&rsquo;activit\u00e9 sont prises en compte (CDD, CDI, contrat d&rsquo;int\u00e9rim, alternance, service national, formation professionnelle,&#8230;)\u00a0 ;<\/li>\n<li>Ne pas d\u00e9passer l&rsquo;\u00e2ge l\u00e9gal de d\u00e9part \u00e0 la retraite ;<\/li>\n<li>Ne pas d\u00e9passer le plafond de ressources mensuelles.<\/li>\n<\/ul>\n<p>Certaines cat\u00e9gories de <a href=\"https:\/\/www.mes-allocs.fr\/guides\/chomage\/droit-au-chomage\">demandeurs d&#8217;emploi<\/a> peuvent demander l&rsquo;Allocation de solidarit\u00e9 sp\u00e9cifique. Ces cat\u00e9gories sont : les artistes non salari\u00e9s, les marins p\u00eacheurs, ou encore les ouvriers dockers occasionnels. L&rsquo;ASS leur sera vers\u00e9e tous les 6 mois renouvelables.<\/p>\n<h2>Quel est le plafond de ressources mensuelles pour recevoir l&rsquo;ASS ?<\/h2>\n<p>Les types de ressources qui sont prises en compte pour le calcul du montant de l&rsquo;ASS sont :<\/p>\n<ul>\n<li>Les ressources mensuelles ;<\/li>\n<li>D&rsquo;autres ressources comme les revenus des valeurs et capitaux mobiliers, les revenus fonciers ;<\/li>\n<li>Le montant de la pension alimentaire si vous en \u00eates b\u00e9n\u00e9ficiaire.<\/li>\n<\/ul>\n<p>Pour recevoir l&rsquo;ASS, vos ressources mensuelles ne doivent pas d\u00e9passer :<\/p>\n<ul>\n<li><strong>1 353,10 \u20ac si vous \u00eates seul<\/strong> ;<\/li>\n<li><strong>2 126,30 <\/strong><span class=\"prix\"><strong>\u20ac si vous \u00eates en couple<\/strong> ( mariage, Pacs ou concubinage).<\/span><\/li>\n<\/ul>\n<h2>Quelles sont les d\u00e9marches pour recevoir l&rsquo;ASS ?<\/h2>\n<p><a href=\"https:\/\/www.mes-allocs.fr\/guides\/wp-content\/uploads\/2020\/12\/pexels-burst-374720-2-1.jpg\"><img loading=\"lazy\" decoding=\"async\" class=\"alignleft wp-image-16604 size-medium\" title=\"Quelles sont les d\u00e9marches pour recevoir l'ASS ?\" src=\"https:\/\/www.mes-allocs.fr\/guides\/wp-content\/uploads\/2020\/12\/pexels-burst-374720-2-1-e1607618747949-300x200.jpg\" alt=\"Quelles sont les d\u00e9marches pour recevoir l'ASS ?\" width=\"300\" height=\"200\" srcset=\"https:\/\/www.mes-allocs.fr\/guides\/wp-content\/uploads\/2020\/12\/pexels-burst-374720-2-1-e1607618747949-300x200.jpg 300w, https:\/\/www.mes-allocs.fr\/guides\/wp-content\/uploads\/2020\/12\/pexels-burst-374720-2-1-e1607618747949-1024x682.jpg 1024w, https:\/\/www.mes-allocs.fr\/guides\/wp-content\/uploads\/2020\/12\/pexels-burst-374720-2-1-e1607618747949-768x512.jpg 768w, https:\/\/www.mes-allocs.fr\/guides\/wp-content\/uploads\/2020\/12\/pexels-burst-374720-2-1-e1607618747949-600x400.jpg 600w, https:\/\/www.mes-allocs.fr\/guides\/wp-content\/uploads\/2020\/12\/pexels-burst-374720-2-1-e1607618747949.jpg 1280w\" sizes=\"auto, (max-width: 300px) 100vw, 300px\" \/><\/a>Une demande d\u2019allocation est envoy\u00e9e automatiquement 30 jours avant la fin de vos droit \u00e0 l&rsquo; allocation ch\u00f4mage si vous \u00eates indemnis\u00e9 par P\u00f4le emploi. Si aucune demande automatique n&rsquo;a \u00e9t\u00e9 faite, vous pouvez faire une demande dans une agence P\u00f4le emploi. Il faut alors d\u00e9poser la demande compl\u00e9t\u00e9e et sign\u00e9e avec les justificatifs d\u2019activit\u00e9 avant la fin des droits \u00e0 l&rsquo;ARE pour \u00e9viter une rupture d\u2019indemnisation.<\/p>\n<p>En temps normal, un formulaire vous est adress\u00e9 par P\u00f4le emploi \u00e0 la fin de vos droits pour l&rsquo;ARE.<\/p>\n<p><strong>L&rsquo; ASS est vers\u00e9e sur une p\u00e9riode de 6 mois renouvelable<\/strong>. Lorsque vous \u00eates en fin de p\u00e9riode d&rsquo;indemnisation, P\u00f4le emploi vous envoie une demande de renouvellement automatiquement. Vous devrez la remplir et la corriger.<\/p>\n<h2>Quand s&rsquo;arr\u00eate le versement de l&rsquo;ASS?<\/h2>\n<p>Si vous \u00eates sans emploi, le paiement de l&rsquo;ASS cesse si vous vous trouvez dans l&rsquo;un des cas suivants :<\/p>\n<ul>\n<li>Ressources sup\u00e9rieures aux plafonds.<\/li>\n<li>Absence de recherche d&#8217;emploi.<\/li>\n<li>Suivi d&rsquo;une formation r\u00e9mun\u00e9r\u00e9e.<\/li>\n<li>Reprise d&rsquo;une activit\u00e9 non cumulable avec l&rsquo;ASS.<\/li>\n<li>Perception d&rsquo;indemnit\u00e9s journali\u00e8res pour maladie, maternit\u00e9 ou accident du travail.<\/li>\n<li>Suppression des allocations par d\u00e9cision du pr\u00e9fet ou suite \u00e0 une radiation.<\/li>\n<li>Perception de l&rsquo;allocation de pr\u00e9sence parentale ou l&rsquo;allocation journali\u00e8re d&rsquo;une personne en fin de vie.<\/li>\n<li>Possibilit\u00e9 de b\u00e9n\u00e9ficier d&rsquo;une retraite \u00e0 taux plein ou atteinte de l&rsquo;\u00e2ge limite d&rsquo;activit\u00e9.<\/li>\n<\/ul>\n<p>Si vous travaillez, le paiement de l&rsquo;ASS s&rsquo;arr\u00eate apr\u00e8s 3 mois (cons\u00e9cutifs ou non) de cumul avec les r\u00e9mun\u00e9rations de votre activit\u00e9 professionnelle :<\/p>\n<ul>\n<li>Si votre activit\u00e9 professionnelle se poursuit, le versement de l&rsquo;ASS est interrompu. \u00c0 la fin du 6<sup>e<\/sup> mois suivant la reprise d&rsquo;activit\u00e9, vous pourrez percevoir la prime d&rsquo;activit\u00e9 en compl\u00e9ment de votre r\u00e9mun\u00e9ration, si vous remplissez les conditions.<\/li>\n<li>Si votre activit\u00e9 professionnelle s&rsquo;interrompt et que s&rsquo;en suit une p\u00e9riode d&rsquo;inactivit\u00e9 d&rsquo;au moins 3 mois cons\u00e9cutifs, une nouvelle p\u00e9riode de cumul est possible.<\/li>\n<\/ul>\n<h2>Quelle est votre protection sociale lorsque vous touchez l&rsquo;ASS ?<\/h2>\n<p>Si vous \u00eates malade, la s\u00e9curit\u00e9 sociale ou la MSA continuera \u00e0 vous rembourser , les frais m\u00e9dicaux, de pharmacie, d\u2019hospitalisation. La s\u00e9curit\u00e9 sociale calculera vos droits aux indemnit\u00e9s journali\u00e8res en cas d\u2019arr\u00eat maladie \u00e0 partir de vos anciens salaires.<\/p>\n<p>Si vous \u00eates enceinte, la s\u00e9curit\u00e9 sociale ou MSA calculera vos droits au cong\u00e9 maternit\u00e9.<\/p>\n<p>Si vous \u00eates proche de la retraite, les p\u00e9riodes de ch\u00f4mage indemnis\u00e9es en ASS comptent dans le calcul du nombre de trimestres valid\u00e9s pour la retraite.<\/p>\n<p><iframe loading=\"lazy\" title=\"L&#039;ASS\" width=\"500\" height=\"281\" src=\"https:\/\/www.youtube.com\/embed\/QAulvUZqyHk?feature=oembed\" frameborder=\"0\" allow=\"accelerometer; autoplay; clipboard-write; encrypted-media; gyroscope; picture-in-picture; web-share\" referrerpolicy=\"strict-origin-when-cross-origin\" allowfullscreen><\/iframe><\/p>\n<h1>Quel est le montant de l&rsquo;ASS ?<\/h1>\n<p><strong>Au 1er avril 2025, le montant journalier de l&rsquo;ASS est de <b>19,33 <\/b><span class=\"prix\">\u20ac<\/span> (579,90 <span class=\"prix\">\u20ac<\/span>\u00a0pour 1 mois de 30 jours).<\/strong><\/p>\n<h2>Vous \u00eates sans emploi<\/h2>\n<p><strong>Si vous \u00eates sans emploi et que vous \u00eates seul, le montant de l&rsquo;Allocation de solidarit\u00e9 sp\u00e9cifique se calcule ainsi :<\/strong><\/p>\n\n<div class=\"wpdt-c row wpDataTableContainerSimpleTable wpDataTables wpDataTablesWrapper\n\"\n    >\n    <table id=\"wpdtSimpleTable-290\"\n           class=\"wpdtSimpleTable wpDataTable\"\n           data-column=\"2\"\n           data-rows=\"4\"\n           data-wpID=\"290\"\n           data-responsive=\"0\"\n           data-has-header=\"0\">\n\n                    <tbody>        <tr class=\"wpdt-cell-row \" >\n                            <td class=\"wpdt-cell wpdt-bold wpdt-fs-000016 wpdt-bc-FFFFFF\"\n                                    data-cell-id=\"A1\"\n                data-col-index=\"0\"\n                data-row-index=\"0\"\n                style=\" width:50%;                padding:10px;\"\n                >\n                                Ressources mensuelles                <\/td>\n                                            <td class=\"wpdt-cell wpdt-bold wpdt-fs-000016 wpdt-bc-FFFFFF\"\n                                    data-cell-id=\"B1\"\n                data-col-index=\"1\"\n                data-row-index=\"0\"\n                style=\" width:50%;                padding:10px;\"\n                >\n                                Montant mensuel de l'ASS                <\/td>\n                                        <\/tr>\n                            <tr class=\"wpdt-cell-row \" >\n                            <td class=\"wpdt-cell \"\n                                    data-cell-id=\"A2\"\n                data-col-index=\"0\"\n                data-row-index=\"1\"\n                style=\"                padding:10px;\"\n                >\n                                Moins de 773,20 \u20ac                <\/td>\n                                            <td class=\"wpdt-cell \"\n                                    data-cell-id=\"B2\"\n                data-col-index=\"1\"\n                data-row-index=\"1\"\n                style=\"                padding:10px;\"\n                >\n                                579,90 \u20ac                <\/td>\n                                        <\/tr>\n                            <tr class=\"wpdt-cell-row \" >\n                            <td class=\"wpdt-cell \"\n                                    data-cell-id=\"A3\"\n                data-col-index=\"0\"\n                data-row-index=\"2\"\n                style=\"                padding:10px;\"\n                >\n                                De 773,20 \u20ac \u00e0 1 353,10 \u20ac                <\/td>\n                                            <td class=\"wpdt-cell \"\n                                    data-cell-id=\"B3\"\n                data-col-index=\"1\"\n                data-row-index=\"2\"\n                style=\"                padding:10px;\"\n                >\n                                1 353,10 \u20ac (avant d\u00e9duction du montant de vos ressources)                <\/td>\n                                        <\/tr>\n                            <tr class=\"wpdt-cell-row \" >\n                            <td class=\"wpdt-cell \"\n                                    data-cell-id=\"A4\"\n                data-col-index=\"0\"\n                data-row-index=\"3\"\n                style=\"                padding:10px;\"\n                >\n                                Sup\u00e9rieures \u00e0 1 353,10 \u20ac                <\/td>\n                                            <td class=\"wpdt-cell \"\n                                    data-cell-id=\"B4\"\n                data-col-index=\"1\"\n                data-row-index=\"3\"\n                style=\"                padding:10px;\"\n                >\n                                Non \u00e9ligible au versement de l'ASS                <\/td>\n                                        <\/tr>\n                    <\/table>\n<\/div><style id='wpdt-custom-style-290'>\n.wpdt-fs-000016 { font-size: 16px !important;}\n.wpdt-bc-FFFFFF { background-color: #FFFFFF !important;}\n<\/style>\n\n<p><strong>Si vous \u00eates sans emploi et que vous \u00eates en couple, le montant de votre ASS se calcule ainsi :<\/strong><\/p>\n\n<div class=\"wpdt-c row wpDataTableContainerSimpleTable wpDataTables wpDataTablesWrapper\n\"\n    >\n    <table id=\"wpdtSimpleTable-291\"\n           class=\"wpdtSimpleTable wpDataTable\"\n           data-column=\"2\"\n           data-rows=\"4\"\n           data-wpID=\"291\"\n           data-responsive=\"0\"\n           data-has-header=\"0\">\n\n                    <tbody>        <tr class=\"wpdt-cell-row \" >\n                            <td class=\"wpdt-cell wpdt-bold wpdt-fs-000016 wpdt-bc-FFFFFF\"\n                                    data-cell-id=\"A1\"\n                data-col-index=\"0\"\n                data-row-index=\"0\"\n                style=\" width:50%;                padding:10px;\"\n                >\n                                Ressources mensuelles                <\/td>\n                                            <td class=\"wpdt-cell wpdt-bold wpdt-fs-000016 wpdt-bc-FFFFFF\"\n                                    data-cell-id=\"B1\"\n                data-col-index=\"1\"\n                data-row-index=\"0\"\n                style=\" width:50%;                padding:10px;\"\n                >\n                                Montant mensuel de l'ASS                <\/td>\n                                        <\/tr>\n                            <tr class=\"wpdt-cell-row \" >\n                            <td class=\"wpdt-cell \"\n                                    data-cell-id=\"A2\"\n                data-col-index=\"0\"\n                data-row-index=\"1\"\n                style=\"                padding:10px;\"\n                >\n                                Moins de 1 546,40 \u20ac                <\/td>\n                                            <td class=\"wpdt-cell \"\n                                    data-cell-id=\"B2\"\n                data-col-index=\"1\"\n                data-row-index=\"1\"\n                style=\"                padding:10px;\"\n                >\n                                579,90 \u20ac                <\/td>\n                                        <\/tr>\n                            <tr class=\"wpdt-cell-row \" >\n                            <td class=\"wpdt-cell \"\n                                    data-cell-id=\"A3\"\n                data-col-index=\"0\"\n                data-row-index=\"2\"\n                style=\"                padding:10px;\"\n                >\n                                De 1 546,40 \u20ac \u00e0 2 126,30 \u20ac                <\/td>\n                                            <td class=\"wpdt-cell \"\n                                    data-cell-id=\"B3\"\n                data-col-index=\"1\"\n                data-row-index=\"2\"\n                style=\"                padding:10px;\"\n                >\n                                2 126,30 \u20ac (avant d\u00e9duction du montant de vos ressources)                <\/td>\n                                        <\/tr>\n                            <tr class=\"wpdt-cell-row \" >\n                            <td class=\"wpdt-cell \"\n                                    data-cell-id=\"A4\"\n                data-col-index=\"0\"\n                data-row-index=\"3\"\n                style=\"                padding:10px;\"\n                >\n                                Sup\u00e9rieures \u00e0 2 126,30 \u20ac                <\/td>\n                                            <td class=\"wpdt-cell \"\n                                    data-cell-id=\"B4\"\n                data-col-index=\"1\"\n                data-row-index=\"3\"\n                style=\"                padding:10px;\"\n                >\n                                Non \u00e9ligible au versement de l'ASS                <\/td>\n                                        <\/tr>\n                    <\/table>\n<\/div><style id='wpdt-custom-style-291'>\n.wpdt-fs-000016 { font-size: 16px !important;}\n.wpdt-bc-FFFFFF { background-color: #FFFFFF !important;}\n<\/style>\n\n<div class='cta-block'><div class='text'>Simulez toutes vos aides en 2 min.<\/div><a href='https:\/\/www.mes-allocs.fr\/ab-app?origin=guides\/wp-json\/wp\/v2\/posts\/16599' class='app-button fit'>Simulation gratuite<\/a><\/div>\n<h2>Vous travaillez<\/h2>\n<p>Depuis le 1er septembre 2017, avec le d\u00e9cret n 2017-826, il existe de nouvelles r\u00e8gles de cumul de l\u2019allocation de solidarit\u00e9 sp\u00e9cifique (ASS) avec les r\u00e9mun\u00e9rations de reprise d&rsquo; activit\u00e9.<\/p>\n<p><strong>Selon le code du travail, les personnes b\u00e9n\u00e9ficiant de l\u2019ASS qui reprennent une activit\u00e9 professionnelle (salari\u00e9e ou non salari\u00e9e) peuvent cumuler leur r\u00e9mun\u00e9ration avec leur allocation pendant trois mois (cons\u00e9cutifs ou non)<\/strong>. Ces nouvelles r\u00e8gles concernent toutes les personnes qui b\u00e9n\u00e9ficient de l&rsquo;ASS.<\/p>\n<p>Apr\u00e8s les trois mois de cumul, le versement de l\u2019ASS est arr\u00eat\u00e9 si l&rsquo;allocataire poursuit son activit\u00e9. Les demandeurs d\u2019emploi qui ne peuvent plus b\u00e9n\u00e9ficier de l&rsquo;ASS auront un acc\u00e8s facilit\u00e9 \u00e0 la prime d\u2019activit\u00e9, s&rsquo;ils remplissent les conditions d\u2019attribution.<\/p>\n<p>Si vous exercez une activit\u00e9 professionnelle ou suivez une formation r\u00e9mun\u00e9r\u00e9e rien n&#8217;emp\u00eache la reprise du versement de l\u2019ASS.<\/p>\n<h1>Avec quelles aides peut-on cumuler l&rsquo;ASS ?<\/h1>\n<h2>La pension d&rsquo;invalidit\u00e9<a href=\"https:\/\/www.mes-allocs.fr\/guides\/wp-content\/uploads\/2020\/12\/pexels-marcus-aurelius-4064420-1.jpg\"><img loading=\"lazy\" decoding=\"async\" class=\"alignright wp-image-16603 \" title=\"La pension d'invalidit\u00e9\" src=\"https:\/\/www.mes-allocs.fr\/guides\/wp-content\/uploads\/2020\/12\/pexels-marcus-aurelius-4064420-1-683x1024.jpg\" alt=\"La pension d'invalidit\u00e9\" width=\"261\" height=\"391\" srcset=\"https:\/\/www.mes-allocs.fr\/guides\/wp-content\/uploads\/2020\/12\/pexels-marcus-aurelius-4064420-1-683x1024.jpg 683w, https:\/\/www.mes-allocs.fr\/guides\/wp-content\/uploads\/2020\/12\/pexels-marcus-aurelius-4064420-1-200x300.jpg 200w, https:\/\/www.mes-allocs.fr\/guides\/wp-content\/uploads\/2020\/12\/pexels-marcus-aurelius-4064420-1-768x1152.jpg 768w, https:\/\/www.mes-allocs.fr\/guides\/wp-content\/uploads\/2020\/12\/pexels-marcus-aurelius-4064420-1-1024x1536.jpg 1024w, https:\/\/www.mes-allocs.fr\/guides\/wp-content\/uploads\/2020\/12\/pexels-marcus-aurelius-4064420-1-400x600.jpg 400w, https:\/\/www.mes-allocs.fr\/guides\/wp-content\/uploads\/2020\/12\/pexels-marcus-aurelius-4064420-1.jpg 1280w\" sizes=\"auto, (max-width: 261px) 100vw, 261px\" \/><\/a><\/h2>\n<p>Vous pouvez cumulez la pension d&rsquo;invalidit\u00e9 avec une allocation de ch\u00f4mage :<\/p>\n<ul>\n<li>Si vous n&rsquo;avez jamais travaill\u00e9 depuis que vous \u00eates en invalidit\u00e9 ;<\/li>\n<li>Si vous travaillez depuis que vous \u00eates en invalidit\u00e9 et que par la suite vous avez \u00e9t\u00e9 licenci\u00e9.<\/li>\n<\/ul>\n<p>La r\u00e8gle de cumul est la m\u00eame que si vous \u00e9tiez en activit\u00e9 salari\u00e9e : Votre allocation brut + votre pension brut ne doivent pas d\u00e9passer votre Salaire Trimestriel Moyen de Comparaison (STMC).<\/p>\n<p>Le STMC correspond en g\u00e9n\u00e9ralement \u00e0 l&rsquo;ann\u00e9e qui pr\u00e9c\u00e8de votre arr\u00eat de travail suivie d&rsquo;invalidit\u00e9. Si vous ne le connaissez pas encore, il suffit de le demander au service invalidit\u00e9 qui g\u00e8re votre dossier soit par courrier, soit via le site <a href=\"http:\/\/ameli.fr\">AMELI<\/a>.<\/p>\n<h2>Le RSA<\/h2>\n<p>Vous pouvez cumuler le RSA et l&rsquo;ASS. Le montant du RSA sera cependant r\u00e9duit du montant de l&rsquo;ASS. Vous ne pouvez pas cumuler l&rsquo;int\u00e9gralit\u00e9 du montant de l&rsquo;ASS et celui du RSA.<\/p>\n<p>Le revenu de solidarit\u00e9 active (RSA) permet aux personnes sans ressources un niveau minimum de revenu qui varie selon la composition du foyer. Pour toucher le RSA il faut que vous respectiez les conditions suivantes :<\/p>\n<ul id=\"d1007e22\">\n<li>Avoir plus de 25 ans. Il n\u2019y a pas de condition d\u2019\u00e2ge si vous \u00eates enceinte et si vous avez d\u00e9j\u00e0 au moins un enfant \u00e0 charge.<\/li>\n<\/ul>\n<ul id=\"d1246e27\">\n<li>Avoir entre 18 et 25 ans, sans enfant, vous devez avoir exerc\u00e9 une activit\u00e9 \u00e0 temps plein (ou l\u2019\u00e9quivalent) durant au moins 2 ans sur les 3 derni\u00e8res ann\u00e9es.<\/li>\n<\/ul>\n<ul id=\"d1246e30\">\n<li>Habiter en France de fa\u00e7on stable.<\/li>\n<\/ul>\n<ul id=\"d1246e33\">\n<li>Etre fran\u00e7ais ou citoyen de l&rsquo;Espace \u00e9conomique europ\u00e9en ou Suisse et vous justifiez d\u2019un droit au s\u00e9jour, ou vous \u00eates citoyen d\u2019un autre pays et vous s\u00e9journez en France de fa\u00e7on r\u00e9guli\u00e8re depuis au moins 5 ans.<\/li>\n<\/ul>\n<ul id=\"d1246e48\">\n<li>Poss\u00e9der des ressources mensuelles moyennes qui ne d\u00e9passent pas un certain montant maximal de RSA.<\/li>\n<\/ul>\n<ul id=\"d1246e51\">\n<li>Avoir prioritairement faire valoir vos droits \u00e0 l\u2019ensemble des autres prestations sociales (allocation ch\u00f4mage, retraite\u2026) auxquelles vous pouvez pr\u00e9tendre.<\/li>\n<\/ul>\n<p>Attention : vous ne pourrez pas b\u00e9n\u00e9ficier du RSA (sauf si vous \u00eates parent isol\u00e9) si vous \u00eates en cong\u00e9.<\/p>\n<div class='cta-block'><div class='text'>Simulez toutes vos aides en 2 min.<\/div><a href='https:\/\/www.mes-allocs.fr\/ab-app?origin=guides\/wp-json\/wp\/v2\/posts\/16599' class='app-button fit'>Simulation gratuite<\/a><\/div>\n","protected":false},"excerpt":{"rendered":"<p>L&rsquo;Allocation de solidarit\u00e9 sp\u00e9cifique permet aux demandeurs d&#8217;emploi qui sont au ch\u00f4mage et ne peuvent plus toucher l&rsquo;ARE de continuer \u00e0 avoir des ressources. Peut-on cumuler des revenus avec l&rsquo; allocation de solidarit\u00e9 sp\u00e9cifique ? L&rsquo;Allocation de solidarit\u00e9 sp\u00e9cifique Qu&rsquo;est-ce que l&rsquo;Allocation de solidarit\u00e9 sp\u00e9cifique (ASS) ? L&rsquo;Allocation de solidarit\u00e9 sp\u00e9cifique est accord\u00e9e aux personnes [&hellip;]<\/p>\n","protected":false},"author":10,"featured_media":16602,"comment_status":"open","ping_status":"open","sticky":false,"template":"","format":"standard","meta":{"amp_status":"","footnotes":""},"categories":[3736,2989],"tags":[],"class_list":["post-16599","post","type-post","status-publish","format-standard","has-post-thumbnail","hentry","category-allocation-de-solidarite-specifique","category-chomage"],"yoast_head":"<!-- This site is optimized with the Yoast SEO plugin v14.9 - https:\/\/yoast.com\/wordpress\/plugins\/seo\/ -->\n<title>Peut-on cumuler revenus et allocation de solidarit\u00e9 sp\u00e9cifique ?<\/title>\n<meta name=\"description\" content=\"L&#039;ASS permet aux anciens b\u00e9n\u00e9ficiaires de l&#039;ARE d&#039;avoir des ressources. Peut-on cumuler travail et allocation de solidarit\u00e9 sp\u00e9cifique ?\" \/>\n<meta name=\"robots\" content=\"index, follow, max-snippet:-1, max-image-preview:large, max-video-preview:-1\" \/>\n<link rel=\"canonical\" href=\"https:\/\/www.mes-allocs.fr\/guides\/chomage\/allocation-de-solidarite-specifique\/peut-on-cumuler-revenus-allocation-solidarite-specifique\/\" \/>\n<meta property=\"og:locale\" content=\"fr_FR\" \/>\n<meta property=\"og:type\" content=\"article\" \/>\n<meta property=\"og:title\" content=\"Peut-on cumuler revenus et allocation de solidarit\u00e9 sp\u00e9cifique ?\" \/>\n<meta property=\"og:description\" content=\"L&#039;ASS permet aux anciens b\u00e9n\u00e9ficiaires de l&#039;ARE d&#039;avoir des ressources. Peut-on cumuler travail et allocation de solidarit\u00e9 sp\u00e9cifique ?\" \/>\n<meta property=\"og:url\" content=\"https:\/\/www.mes-allocs.fr\/guides\/chomage\/allocation-de-solidarite-specifique\/peut-on-cumuler-revenus-allocation-solidarite-specifique\/\" \/>\n<meta property=\"og:site_name\" content=\"Mes-Allocs.fr\" \/>\n<meta property=\"article:published_time\" content=\"2021-01-04T10:39:38+00:00\" \/>\n<meta property=\"article:modified_time\" content=\"2025-06-20T11:01:10+00:00\" \/>\n<meta property=\"og:image\" content=\"https:\/\/www.mes-allocs.fr\/guides\/wp-content\/uploads\/2020\/12\/pexels-karolina-grabowska-5412096-1-e1607618579374.jpg?wsr\" \/>\n\t<meta property=\"og:image:width\" content=\"1920\" \/>\n\t<meta property=\"og:image:height\" content=\"662\" \/>\n<meta name=\"twitter:card\" content=\"summary_large_image\" \/>\n<script type=\"application\/ld+json\" class=\"yoast-schema-graph\">{\"@context\":\"https:\/\/schema.org\",\"@graph\":[{\"@type\":\"WebSite\",\"@id\":\"https:\/\/www.mes-allocs.fr\/guides\/#website\",\"url\":\"https:\/\/www.mes-allocs.fr\/guides\/\",\"name\":\"Mes-Allocs.fr\",\"description\":\"\",\"potentialAction\":[{\"@type\":\"SearchAction\",\"target\":\"https:\/\/www.mes-allocs.fr\/guides\/?s={search_term_string}\",\"query-input\":\"required name=search_term_string\"}],\"inLanguage\":\"fr-FR\"},{\"@type\":\"ImageObject\",\"@id\":\"https:\/\/www.mes-allocs.fr\/guides\/chomage\/allocation-de-solidarite-specifique\/peut-on-cumuler-revenus-allocation-solidarite-specifique\/#primaryimage\",\"inLanguage\":\"fr-FR\",\"url\":\"https:\/\/www.mes-allocs.fr\/guides\/wp-content\/uploads\/2020\/12\/pexels-karolina-grabowska-5412096-1-e1607618579374.jpg?wsr\",\"width\":1920,\"height\":662,\"caption\":\"pexels karolina grabowska 5412096 1 e1607618579374\"},{\"@type\":\"WebPage\",\"@id\":\"https:\/\/www.mes-allocs.fr\/guides\/chomage\/allocation-de-solidarite-specifique\/peut-on-cumuler-revenus-allocation-solidarite-specifique\/#webpage\",\"url\":\"https:\/\/www.mes-allocs.fr\/guides\/chomage\/allocation-de-solidarite-specifique\/peut-on-cumuler-revenus-allocation-solidarite-specifique\/\",\"name\":\"Peut-on cumuler revenus et allocation de solidarit\\u00e9 sp\\u00e9cifique ?\",\"isPartOf\":{\"@id\":\"https:\/\/www.mes-allocs.fr\/guides\/#website\"},\"primaryImageOfPage\":{\"@id\":\"https:\/\/www.mes-allocs.fr\/guides\/chomage\/allocation-de-solidarite-specifique\/peut-on-cumuler-revenus-allocation-solidarite-specifique\/#primaryimage\"},\"datePublished\":\"2021-01-04T10:39:38+00:00\",\"dateModified\":\"2025-06-20T11:01:10+00:00\",\"author\":{\"@id\":\"https:\/\/www.mes-allocs.fr\/guides\/#\/schema\/person\/8d47b912c0ad15f379df96b4e4e33f58\"},\"description\":\"L'ASS permet aux anciens b\\u00e9n\\u00e9ficiaires de l'ARE d'avoir des ressources. Peut-on cumuler travail et allocation de solidarit\\u00e9 sp\\u00e9cifique ?\",\"inLanguage\":\"fr-FR\"},{\"@type\":\"Person\",\"@id\":\"https:\/\/www.mes-allocs.fr\/guides\/#\/schema\/person\/8d47b912c0ad15f379df96b4e4e33f58\",\"name\":\"Constance de Cagny\",\"image\":{\"@type\":\"ImageObject\",\"@id\":\"https:\/\/www.mes-allocs.fr\/guides\/#personlogo\",\"inLanguage\":\"fr-FR\",\"url\":\"https:\/\/www.mes-allocs.fr\/guides\/wp-content\/uploads\/2021\/06\/Constance.2e8ee0b.png\",\"caption\":\"Constance de Cagny\"},\"description\":\"Constance est r\\u00e9dactrice au sein de l'\\u00e9quipe Mes Allocs. Elle a l'habitude d'\\u00e9crire sur les sujets conso, bons plans et \\u00e9conomies. Dipl\\u00f4m\\u00e9e de l'ENACO, elle rejoint Mes Allocs apr\\u00e8s une premi\\u00e8re exp\\u00e9rience en cabinet notarial.\",\"sameAs\":[\"https:\/\/www.linkedin.com\/in\/constance-de-cagny-mayeur-bbb414135\"]}]}<\/script>\n<!-- \/ Yoast SEO plugin. -->","amp_validity":null,"acf":{"faq":{"1":{"question":"Peut-on travailler et toucher l'ASS ?","answer":"Selon le code du travail, les personnes b\u00e9n\u00e9ficiant de l\u2019ASS qui reprennent une activit\u00e9 professionnelle (salari\u00e9e ou non salari\u00e9e) peuvent cumuler leur r\u00e9mun\u00e9ration avec leur allocation pendant trois mois (cons\u00e9cutifs ou non).\r\n<br> <a href=\"https:\/\/www.mes-allocs.fr\/guides\/pole-emploi\/allocation-de-solidarite-specifique\/peut-on-cumuler-revenus-allocation-solidarite-specifique\/\">Lire la suite<\/a>\r\n\r\n\r\n"},"2":{"question":"Qui a droit \u00e0 l'allocation de solidarit\u00e9 sp\u00e9cifique ?","answer":"Vous avez droit \u00e0 l'allocation de solidarit\u00e9 sp\u00e9cifique si vous ne pouvez plus toucher l'ARE. Les droits \u00e0 cette allocation sont soumis \u00e0 des conditions de ressources.\r\n"},"3":{"question":"Comment est calcul\u00e9e l'allocation de solidarit\u00e9 sp\u00e9cifique ?","answer":"L'allocation de solidarit\u00e9 sp\u00e9cifique est calcul\u00e9e selon les ressources du demandeur.\r\n<br> <a href=\"https:\/\/www.mes-allocs.fr\/guides\/pole-emploi\/allocation-de-solidarite-specifique\/peut-on-cumuler-revenus-allocation-solidarite-specifique\/\">Lire la suite<\/a>\r\n\r\n"},"4":{"question":"Quelle allocation apr\u00e8s fin de droit ch\u00f4mage ?","answer":"Apr\u00e8s la fin de vos droits \u00e0 l'ARE, vous pouvez toucher l'ASS (Allocation de solidarit\u00e9 sp\u00e9cifique)."},"5":{"question":"Qu'est-ce que l'allocation de solidarit\u00e9 sp\u00e9cifique ?","answer":"L'ASS est une allocation qui vient remplacer l'ARE lorsque le b\u00e9n\u00e9ficiaire des allocations ch\u00f4mage ne peut plus avoir droit \u00e0 celles-ci.\r\n<br> <a href=\"https:\/\/www.mes-allocs.fr\/guides\/pole-emploi\/allocation-de-solidarite-specifique\/peut-on-cumuler-revenus-allocation-solidarite-specifique\/\">Lire la suite<\/a>\r\n\r\n"},"6":{"question":"Quelles aides peut-on cumuler avec l'ASS ?","answer":"Vous pouvez cumuler l'ASS avec le RSA ou la pension d'invalidit\u00e9 si vous remplissez les conditions pour les obtenir. Depuis janvier 2017, il n'est plus possible de cumuler l'AAH et l'ASS."},"7":{"question":"","answer":""},"8":{"question":"","answer":""},"9":{"question":"","answer":""},"10":{"question":"","answer":""},"11":{"question":"","answer":""},"12":{"question":"","answer":""},"13":{"question":"","answer":""},"14":{"question":"","answer":""},"15":{"question":"","answer":""},"16":{"question":"","answer":""}}},"_links":{"self":[{"href":"https:\/\/www.mes-allocs.fr\/guides\/wp-json\/wp\/v2\/posts\/16599","targetHints":{"allow":["GET"]}}],"collection":[{"href":"https:\/\/www.mes-allocs.fr\/guides\/wp-json\/wp\/v2\/posts"}],"about":[{"href":"https:\/\/www.mes-allocs.fr\/guides\/wp-json\/wp\/v2\/types\/post"}],"author":[{"embeddable":true,"href":"https:\/\/www.mes-allocs.fr\/guides\/wp-json\/wp\/v2\/users\/10"}],"replies":[{"embeddable":true,"href":"https:\/\/www.mes-allocs.fr\/guides\/wp-json\/wp\/v2\/comments?post=16599"}],"version-history":[{"count":26,"href":"https:\/\/www.mes-allocs.fr\/guides\/wp-json\/wp\/v2\/posts\/16599\/revisions"}],"predecessor-version":[{"id":101000,"href":"https:\/\/www.mes-allocs.fr\/guides\/wp-json\/wp\/v2\/posts\/16599\/revisions\/101000"}],"wp:featuredmedia":[{"embeddable":true,"href":"https:\/\/www.mes-allocs.fr\/guides\/wp-json\/wp\/v2\/media\/16602"}],"wp:attachment":[{"href":"https:\/\/www.mes-allocs.fr\/guides\/wp-json\/wp\/v2\/media?parent=16599"}],"wp:term":[{"taxonomy":"category","embeddable":true,"href":"https:\/\/www.mes-allocs.fr\/guides\/wp-json\/wp\/v2\/categories?post=16599"},{"taxonomy":"post_tag","embeddable":true,"href":"https:\/\/www.mes-allocs.fr\/guides\/wp-json\/wp\/v2\/tags?post=16599"}],"curies":[{"name":"wp","href":"https:\/\/api.w.org\/{rel}","templated":true}]}}