{"id":1651,"date":"2019-07-30T12:34:05","date_gmt":"2019-07-30T12:34:05","guid":{"rendered":"https:\/\/www.mes-allocs.fr\/guides\/?p=1651"},"modified":"2026-02-19T18:05:31","modified_gmt":"2026-02-19T17:05:31","slug":"caf-corse-du-sud-2a","status":"publish","type":"post","link":"https:\/\/www.mes-allocs.fr\/guides\/contact-caf\/caf-corse-du-sud-2a\/","title":{"rendered":"CAF de la Corse-du-sud : contact"},"content":{"rendered":"<p><a href=\"https:\/\/www.mes-allocs.fr\/guides\/wp-content\/uploads\/2019\/07\/bonifacio-4051665_1280.jpg\"><img loading=\"lazy\" decoding=\"async\" class=\"aligncenter wp-image-9870 size-full\" src=\"https:\/\/www.mes-allocs.fr\/guides\/wp-content\/uploads\/2019\/07\/bonifacio-4051665_1280-e1594807327680.jpg\" alt=\"CAF de la Corse-du-sud : contact\" width=\"1280\" height=\"454\" srcset=\"https:\/\/www.mes-allocs.fr\/guides\/wp-content\/uploads\/2019\/07\/bonifacio-4051665_1280-e1594807327680.jpg 1280w, https:\/\/www.mes-allocs.fr\/guides\/wp-content\/uploads\/2019\/07\/bonifacio-4051665_1280-e1594807327680-300x106.jpg 300w, https:\/\/www.mes-allocs.fr\/guides\/wp-content\/uploads\/2019\/07\/bonifacio-4051665_1280-e1594807327680-1024x363.jpg 1024w, https:\/\/www.mes-allocs.fr\/guides\/wp-content\/uploads\/2019\/07\/bonifacio-4051665_1280-e1594807327680-768x272.jpg 768w, https:\/\/www.mes-allocs.fr\/guides\/wp-content\/uploads\/2019\/07\/bonifacio-4051665_1280-e1594807327680-600x213.jpg 600w\" sizes=\"auto, (max-width: 1280px) 100vw, 1280px\" \/><\/a><\/p>\n<p style=\"text-align: justify;\">[Mis \u00e0 jour le 19\/02\/2026]<strong> La CAF de la Corse-du-Sud (2A) supervise<\/strong><strong> l&rsquo;attribution des aides sociales et familiales dans le d\u00e9partement. Vous trouverez sur cette page toutes les informations relatives et services administratifs pour vos aides sociales et allocations familiales, si vous habitez la Corse-du-Sud.<\/strong><\/p>\n<hr \/>\n<h1 style=\"text-align: justify;\"><strong>Vos d\u00e9marches administratives \u00e0 la CAF de la Corse-du-Sud<\/strong><\/h1>\n<p style=\"text-align: justify;\">Si vous habitez dans la Corse-du-Sud, vous pouvez vous rendre \u00e0 votre CAF pour effectuer de nombreuses d\u00e9marches. Celles-ci incluent, notamment:<\/p>\n<ul style=\"text-align: justify;\">\n<li style=\"text-align: justify;\">la d\u00e9claration de revenus pour percevoir les aides,<\/li>\n<li style=\"text-align: justify;\">la transmission de dossier pour demander les aides,<\/li>\n<li style=\"text-align: justify;\">demander conseil sur place,<\/li>\n<li>r\u00e9clamer une malversation, ou un oubli de versement<\/li>\n<li>Demander un pr\u00eat<\/li>\n<\/ul>\n<p style=\"text-align: justify;\">Sinon, <a href=\"https:\/\/www.mes-allocs.fr\/signature\">Mes Allocs<\/a> est l\u00e0 pour vous. Nous nous occupons de toutes les d\u00e9marches \u00e0 votre place !<\/p>\n<p><iframe loading=\"lazy\" title=\"Comment contacter la CAF ?\" width=\"500\" height=\"281\" src=\"https:\/\/www.youtube.com\/embed\/YDj4x8FeNxQ?feature=oembed\" frameborder=\"0\" allow=\"accelerometer; autoplay; clipboard-write; encrypted-media; gyroscope; picture-in-picture; web-share\" referrerpolicy=\"strict-origin-when-cross-origin\" allowfullscreen><\/iframe><\/p>\n<h1 style=\"text-align: justify;\">Informations pratiques sur la CAF de la Corse-du-Sud<\/h1>\n<p style=\"text-align: justify;\">Voici toutes les informations dont vous avez besoin pour <a href=\"https:\/\/www.mes-allocs.fr\/guides\/contact-caf\">contacter la CAF<\/a> de la Corse-du-Sud, ou pour vous y rendre :<\/p>\n<p style=\"text-align: center;\"><strong>Adresse<\/strong> : Caf de la Corse-du-Sud &#8211; Si\u00e8ge d&rsquo;Ajaccio<\/p>\n<p style=\"text-align: center;\"><span class=\"address-line1\">19 Avenue Imp\u00e9ratrice Eug\u00e9nie<\/span><br \/>\n<span class=\"postal-code\">20000<\/span>\u00a0<span class=\"locality\">Ajaccio<\/span><\/p>\n<p style=\"text-align: center;\"><strong>T\u00e9l\u00e9phone<\/strong> : 3230<\/p>\n<p><iframe loading=\"lazy\" style=\"border: 0;\" src=\"https:\/\/www.google.com\/maps\/embed?pb=!1m14!1m8!1m3!1d11871.74180237146!2d8.7506204!3d41.9372384!3m2!1i1024!2i768!4f13.1!3m3!1m2!1s0x0%3A0x7ae3cad363f3cd64!2sCaisse+d'Allocations+Familliales+Corse+du+Sud+C.A.F!5e0!3m2!1sfr!2sfr!4v1564489779450!5m2!1sfr!2sfr\" width=\"600\" height=\"450\" frameborder=\"0\" allowfullscreen=\"allowfullscreen\"><\/iframe><\/p>\n<p style=\"text-align: justify;\">Les horaires d&rsquo;ouverture de la CAF de la Corse-du-Sud sont les suivants :<\/p>\n<table style=\"height: 192px; width: 79.136%; border-collapse: collapse;\" border=\"1px solid black\">\n<tbody>\n<tr style=\"height: 24px;\">\n<td style=\"width: 39.8056%; border: 1px solid black; text-align: center; background-color: #d8e6f2; height: 24px;\">Jour<\/td>\n<td style=\"width: 39.1238%; text-align: center; border: 1px solid black; background-color: #d8e6f2; height: 24px;\">Horaire d&rsquo;ouverture au public<\/td>\n<\/tr>\n<tr style=\"height: 24px;\">\n<td style=\"width: 39.8056%; height: 24px; border: 1px solid black; text-align: center; background-color: #ffffff;\">Lundi<\/td>\n<td style=\"width: 39.1238%; text-align: center; height: 24px; border: 1px solid black; background-color: #ffffff;\">8h &#8211; 16h<\/td>\n<\/tr>\n<tr style=\"height: 24px;\">\n<td style=\"width: 39.8056%; text-align: center; height: 24px; border: 1px solid black; background-color: #ffffff;\">Mardi<\/td>\n<td style=\"width: 39.1238%; text-align: center; height: 24px; border: 1px solid black; background-color: #ffffff;\">8h &#8211; 16h<\/td>\n<\/tr>\n<tr style=\"height: 24px;\">\n<td style=\"width: 39.8056%; text-align: center; height: 24px; border: 1px solid black; background-color: #ffffff;\">Mercredi<\/td>\n<td style=\"width: 39.1238%; text-align: center; height: 24px; border: 1px solid black; background-color: #ffffff;\">8h &#8211; 16h<\/td>\n<\/tr>\n<tr style=\"height: 24px;\">\n<td style=\"width: 39.8056%; text-align: center; height: 24px; border: 1px solid black; background-color: #ffffff;\">Jeudi<\/td>\n<td style=\"width: 39.1238%; text-align: center; height: 24px; border: 1px solid black; background-color: #ffffff;\">8h &#8211; 16h<\/td>\n<\/tr>\n<tr style=\"height: 24px;\">\n<td style=\"width: 39.8056%; text-align: center; height: 24px; border: 1px solid black; background-color: #ffffff;\">Vendredi<\/td>\n<td style=\"width: 39.1238%; text-align: center; height: 24px; border: 1px solid black; background-color: #ffffff;\">8h &#8211; 16h<\/td>\n<\/tr>\n<tr style=\"height: 24px;\">\n<td style=\"width: 39.8056%; text-align: center; border: 1px solid black; background-color: #ffffff; height: 24px;\">Samedi<\/td>\n<td style=\"width: 39.1238%; text-align: center; border: 1px solid black; background-color: #ffffff; height: 24px;\">Ferm\u00e9<\/td>\n<\/tr>\n<tr style=\"height: 24px;\">\n<td style=\"width: 39.8056%; text-align: center; border: 1px solid black; background-color: #ffffff; height: 24px;\">dimanche<\/td>\n<td style=\"width: 39.1238%; text-align: center; border: 1px solid black; background-color: #ffffff; height: 24px;\">Ferm\u00e9<\/td>\n<\/tr>\n<\/tbody>\n<\/table>\n<h1 style=\"text-align: justify;\">D\u00e9partement de la Corse-du-Sud : un peu d&rsquo;informations<\/h1>\n<p style=\"text-align: justify;\">Au dernier recensement, la Corse-du-Sud comptait 149 234 habitants pour une superficie de 4 014 km<sup>2<\/sup>, soit une densit\u00e9 de 37 <abbr class=\"abbr\" title=\"habitants par kilom\u00e8tre carr\u00e9\">habitants\/km<sup>2<\/sup><\/abbr>. Son chef-lieu est Ajaccio et le d\u00e9partement compte une seule sous-pr\u00e9fecture : Sart\u00e8ne. La Corse-du-Sud fait partie de la r\u00e9gion de Corse. Les habitants de la Corse-du-Sud sont appel\u00e9s les Corses.<\/p>\n<p style=\"text-align: justify;\">On d\u00e9nombre <strong>9%<\/strong> d&rsquo;actifs qui per\u00e7oivent la prime d&rsquo;activit\u00e9, et <strong>4% <\/strong>des foyers fiscaux de la Corse-du-Sud per\u00e7oivent une aide au logement. De plus, <strong>5<\/strong><strong>%\u00a0<\/strong>des actifs r\u00e9unionnais per\u00e7oivent le RSA.<\/p>\n","protected":false},"excerpt":{"rendered":"<p>[Mis \u00e0 jour le 19\/02\/2026] La CAF de la Corse-du-Sud (2A) supervise l&rsquo;attribution des aides sociales et familiales dans le d\u00e9partement. Vous trouverez sur cette page toutes les informations relatives et services administratifs pour vos aides sociales et allocations familiales, si vous habitez la Corse-du-Sud. Vos d\u00e9marches administratives \u00e0 la CAF de la Corse-du-Sud Si [&hellip;]<\/p>\n","protected":false},"author":10,"featured_media":4594,"comment_status":"open","ping_status":"open","sticky":false,"template":"","format":"standard","meta":{"amp_status":"","footnotes":""},"categories":[30],"tags":[],"class_list":["post-1651","post","type-post","status-publish","format-standard","has-post-thumbnail","hentry","category-contact-caf"],"yoast_head":"<!-- This site is optimized with the Yoast SEO plugin v14.9 - https:\/\/yoast.com\/wordpress\/plugins\/seo\/ -->\n<title>CAF de la Corse-du-sud : contact | Mes-Allocs.fr<\/title>\n<meta name=\"description\" content=\"La CAF de la Corse-du-Sud (2A) supervise l&#039;attribution des aides sociales et familiales dans le d\u00e9partement.\" \/>\n<meta name=\"robots\" content=\"index, follow, max-snippet:-1, max-image-preview:large, max-video-preview:-1\" \/>\n<link rel=\"canonical\" href=\"https:\/\/www.mes-allocs.fr\/guides\/contact-caf\/caf-corse-du-sud-2a\/\" \/>\n<meta property=\"og:locale\" content=\"fr_FR\" \/>\n<meta property=\"og:type\" content=\"article\" \/>\n<meta property=\"og:title\" content=\"CAF de la Corse-du-sud : contact | Mes-Allocs.fr\" \/>\n<meta property=\"og:description\" content=\"La CAF de la Corse-du-Sud (2A) supervise l&#039;attribution des aides sociales et familiales dans le d\u00e9partement.\" \/>\n<meta property=\"og:url\" content=\"https:\/\/www.mes-allocs.fr\/guides\/contact-caf\/caf-corse-du-sud-2a\/\" \/>\n<meta property=\"og:site_name\" content=\"Mes-Allocs.fr\" \/>\n<meta property=\"article:published_time\" content=\"2019-07-30T12:34:05+00:00\" \/>\n<meta property=\"article:modified_time\" content=\"2026-02-19T17:05:31+00:00\" \/>\n<meta property=\"og:image\" content=\"https:\/\/www.mes-allocs.fr\/guides\/wp-content\/uploads\/2019\/07\/caf-corse.jpg?wsr\" \/>\n\t<meta property=\"og:image:width\" content=\"906\" \/>\n\t<meta property=\"og:image:height\" content=\"331\" \/>\n<meta name=\"twitter:card\" content=\"summary_large_image\" \/>\n<script type=\"application\/ld+json\" class=\"yoast-schema-graph\">{\"@context\":\"https:\/\/schema.org\",\"@graph\":[{\"@type\":\"WebSite\",\"@id\":\"https:\/\/www.mes-allocs.fr\/guides\/#website\",\"url\":\"https:\/\/www.mes-allocs.fr\/guides\/\",\"name\":\"Mes-Allocs.fr\",\"description\":\"\",\"potentialAction\":[{\"@type\":\"SearchAction\",\"target\":\"https:\/\/www.mes-allocs.fr\/guides\/?s={search_term_string}\",\"query-input\":\"required name=search_term_string\"}],\"inLanguage\":\"fr-FR\"},{\"@type\":\"ImageObject\",\"@id\":\"https:\/\/www.mes-allocs.fr\/guides\/contact-caf\/caf-corse-du-sud-2a\/#primaryimage\",\"inLanguage\":\"fr-FR\",\"url\":\"https:\/\/www.mes-allocs.fr\/guides\/wp-content\/uploads\/2019\/07\/caf-corse.jpg?wsr\",\"width\":906,\"height\":331,\"caption\":\"camping vacaf corse\"},{\"@type\":\"WebPage\",\"@id\":\"https:\/\/www.mes-allocs.fr\/guides\/contact-caf\/caf-corse-du-sud-2a\/#webpage\",\"url\":\"https:\/\/www.mes-allocs.fr\/guides\/contact-caf\/caf-corse-du-sud-2a\/\",\"name\":\"CAF de la Corse-du-sud : contact | Mes-Allocs.fr\",\"isPartOf\":{\"@id\":\"https:\/\/www.mes-allocs.fr\/guides\/#website\"},\"primaryImageOfPage\":{\"@id\":\"https:\/\/www.mes-allocs.fr\/guides\/contact-caf\/caf-corse-du-sud-2a\/#primaryimage\"},\"datePublished\":\"2019-07-30T12:34:05+00:00\",\"dateModified\":\"2026-02-19T17:05:31+00:00\",\"author\":{\"@id\":\"https:\/\/www.mes-allocs.fr\/guides\/#\/schema\/person\/8d47b912c0ad15f379df96b4e4e33f58\"},\"description\":\"La CAF de la Corse-du-Sud (2A) supervise l'attribution des aides sociales et familiales dans le d\\u00e9partement.\",\"inLanguage\":\"fr-FR\"},{\"@type\":\"Person\",\"@id\":\"https:\/\/www.mes-allocs.fr\/guides\/#\/schema\/person\/8d47b912c0ad15f379df96b4e4e33f58\",\"name\":\"Constance de Cagny\",\"image\":{\"@type\":\"ImageObject\",\"@id\":\"https:\/\/www.mes-allocs.fr\/guides\/#personlogo\",\"inLanguage\":\"fr-FR\",\"url\":\"https:\/\/www.mes-allocs.fr\/guides\/wp-content\/uploads\/2021\/06\/Constance.2e8ee0b.png\",\"caption\":\"Constance de Cagny\"},\"description\":\"Constance est r\\u00e9dactrice au sein de l'\\u00e9quipe Mes Allocs. Elle a l'habitude d'\\u00e9crire sur les sujets conso, bons plans et \\u00e9conomies. Dipl\\u00f4m\\u00e9e de l'ENACO, elle rejoint Mes Allocs apr\\u00e8s une premi\\u00e8re exp\\u00e9rience en cabinet notarial.\",\"sameAs\":[\"https:\/\/www.linkedin.com\/in\/constance-de-cagny-mayeur-bbb414135\"]}]}<\/script>\n<!-- \/ Yoast SEO plugin. -->","amp_validity":null,"acf":{"faq":{"1":{"question":"","answer":""},"2":{"question":"","answer":""},"3":{"question":"","answer":""},"4":{"question":"","answer":""},"5":{"question":"","answer":""},"6":{"question":"","answer":""},"7":{"question":"","answer":""},"8":{"question":"","answer":""},"9":{"question":"","answer":""},"10":{"question":"","answer":""},"11":{"question":"","answer":""},"12":{"question":"","answer":""},"13":{"question":"","answer":""},"14":{"question":"","answer":""},"15":{"question":"","answer":""},"16":{"question":"","answer":""}}},"_links":{"self":[{"href":"https:\/\/www.mes-allocs.fr\/guides\/wp-json\/wp\/v2\/posts\/1651","targetHints":{"allow":["GET"]}}],"collection":[{"href":"https:\/\/www.mes-allocs.fr\/guides\/wp-json\/wp\/v2\/posts"}],"about":[{"href":"https:\/\/www.mes-allocs.fr\/guides\/wp-json\/wp\/v2\/types\/post"}],"author":[{"embeddable":true,"href":"https:\/\/www.mes-allocs.fr\/guides\/wp-json\/wp\/v2\/users\/10"}],"replies":[{"embeddable":true,"href":"https:\/\/www.mes-allocs.fr\/guides\/wp-json\/wp\/v2\/comments?post=1651"}],"version-history":[{"count":10,"href":"https:\/\/www.mes-allocs.fr\/guides\/wp-json\/wp\/v2\/posts\/1651\/revisions"}],"predecessor-version":[{"id":109468,"href":"https:\/\/www.mes-allocs.fr\/guides\/wp-json\/wp\/v2\/posts\/1651\/revisions\/109468"}],"wp:featuredmedia":[{"embeddable":true,"href":"https:\/\/www.mes-allocs.fr\/guides\/wp-json\/wp\/v2\/media\/4594"}],"wp:attachment":[{"href":"https:\/\/www.mes-allocs.fr\/guides\/wp-json\/wp\/v2\/media?parent=1651"}],"wp:term":[{"taxonomy":"category","embeddable":true,"href":"https:\/\/www.mes-allocs.fr\/guides\/wp-json\/wp\/v2\/categories?post=1651"},{"taxonomy":"post_tag","embeddable":true,"href":"https:\/\/www.mes-allocs.fr\/guides\/wp-json\/wp\/v2\/tags?post=1651"}],"curies":[{"name":"wp","href":"https:\/\/api.w.org\/{rel}","templated":true}]}}