{"id":16503,"date":"2020-12-14T13:53:05","date_gmt":"2020-12-14T13:53:05","guid":{"rendered":"https:\/\/www.mes-allocs.fr\/guides\/?p=16503"},"modified":"2025-06-20T13:00:37","modified_gmt":"2025-06-20T11:00:37","slug":"ass-et-aah","status":"publish","type":"post","link":"https:\/\/www.mes-allocs.fr\/guides\/chomage\/allocation-de-solidarite-specifique\/ass-et-aah\/","title":{"rendered":"AAH et allocation de solidarit\u00e9 sp\u00e9cifique"},"content":{"rendered":"<p><a href=\"https:\/\/www.mes-allocs.fr\/guides\/wp-content\/uploads\/2020\/12\/pexels-karolina-grabowska-5412087-1.jpg\"><img loading=\"lazy\" decoding=\"async\" class=\"alignnone wp-image-16516 size-full\" title=\"AAH et allocation de solidarit\u00e9 sp\u00e9cifique\" src=\"https:\/\/www.mes-allocs.fr\/guides\/wp-content\/uploads\/2020\/12\/pexels-karolina-grabowska-5412087-1-e1607528454682.jpg\" alt=\"AAH et allocation de solidarit\u00e9 sp\u00e9cifique\" width=\"1280\" height=\"368\" srcset=\"https:\/\/www.mes-allocs.fr\/guides\/wp-content\/uploads\/2020\/12\/pexels-karolina-grabowska-5412087-1-e1607528454682.jpg 1280w, https:\/\/www.mes-allocs.fr\/guides\/wp-content\/uploads\/2020\/12\/pexels-karolina-grabowska-5412087-1-e1607528454682-300x86.jpg 300w, https:\/\/www.mes-allocs.fr\/guides\/wp-content\/uploads\/2020\/12\/pexels-karolina-grabowska-5412087-1-e1607528454682-1024x294.jpg 1024w, https:\/\/www.mes-allocs.fr\/guides\/wp-content\/uploads\/2020\/12\/pexels-karolina-grabowska-5412087-1-e1607528454682-768x221.jpg 768w, https:\/\/www.mes-allocs.fr\/guides\/wp-content\/uploads\/2020\/12\/pexels-karolina-grabowska-5412087-1-e1607528454682-600x173.jpg 600w\" sizes=\"auto, (max-width: 1280px) 100vw, 1280px\" \/><\/a><\/p>\n<p><strong>L&rsquo;<a href=\"https:\/\/www.mes-allocs.fr\/guides\/chomage\/allocation-de-solidarite-specifique\">ASS<\/a> prend le relai de l&rsquo;ARE quand vos droits au ch\u00f4mage sont \u00e9puis\u00e9s. L&rsquo;AAH est une ressource pour les personnes en situation de handicap. Est-il possible de cumuler les deux allocations ?\u00a0<\/strong><\/p>\n<div class='cta-block'><div class='text'>Simulez vos aides en 2 min.<\/div><a href='https:\/\/www.mes-allocs.fr\/ab-app?origin=guides\/wp-json\/wp\/v2\/posts\/16503' class='app-button fit'>Simulation gratuite<\/a><\/div>\n<h1>L&rsquo;Allocation de solidarit\u00e9 sp\u00e9cifique<\/h1>\n<h2>Qu&rsquo;est-ce que l&rsquo;Allocation de solidarit\u00e9 sp\u00e9cifique (ASS) ?<\/h2>\n<p><a href=\"https:\/\/www.mes-allocs.fr\/guides\/chomage\/allocation-de-solidarite-specifique\">L&rsquo;Allocation de solidarit\u00e9 sp\u00e9cifique<\/a> est accord\u00e9e aux personnes qui ont \u00e9puis\u00e9 leurs droits \u00e0 l&rsquo;ARE (Allocation d&rsquo;Aide au retour \u00e0 l&rsquo;Emploi).<a href=\"https:\/\/www.mes-allocs.fr\/guides\/wp-content\/uploads\/2020\/12\/pexels-djordje-petrovic-2102416-1.jpg\"><img loading=\"lazy\" decoding=\"async\" class=\"wp-image-16518 alignright\" title=\"Qu'est-ce que l'Allocation de solidarit\u00e9 sp\u00e9cifique (ASS) ?\" src=\"https:\/\/www.mes-allocs.fr\/guides\/wp-content\/uploads\/2020\/12\/pexels-djordje-petrovic-2102416-1-e1607529601822-683x1024.jpg\" alt=\"Qu'est-ce que l'Allocation de solidarit\u00e9 sp\u00e9cifique (ASS) ?\" width=\"265\" height=\"398\" srcset=\"https:\/\/www.mes-allocs.fr\/guides\/wp-content\/uploads\/2020\/12\/pexels-djordje-petrovic-2102416-1-e1607529601822-683x1024.jpg 683w, https:\/\/www.mes-allocs.fr\/guides\/wp-content\/uploads\/2020\/12\/pexels-djordje-petrovic-2102416-1-e1607529601822-200x300.jpg 200w, https:\/\/www.mes-allocs.fr\/guides\/wp-content\/uploads\/2020\/12\/pexels-djordje-petrovic-2102416-1-e1607529601822-768x1151.jpg 768w, https:\/\/www.mes-allocs.fr\/guides\/wp-content\/uploads\/2020\/12\/pexels-djordje-petrovic-2102416-1-e1607529601822-1025x1536.jpg 1025w, https:\/\/www.mes-allocs.fr\/guides\/wp-content\/uploads\/2020\/12\/pexels-djordje-petrovic-2102416-1-e1607529601822-400x600.jpg 400w, https:\/\/www.mes-allocs.fr\/guides\/wp-content\/uploads\/2020\/12\/pexels-djordje-petrovic-2102416-1-e1607529601822.jpg 1280w\" sizes=\"auto, (max-width: 265px) 100vw, 265px\" \/><\/a><\/p>\n<p>Pour b\u00e9n\u00e9ficier de l&rsquo; Allocation de solidarit\u00e9 sp\u00e9cifique, vous devez respecter les conditions d&rsquo;obtention de celle-ci :<\/p>\n<ul>\n<li>\u00catre apte au travail ;<\/li>\n<li>\u00catre demandeur d&rsquo; emploi ou cr\u00e9er\/reprendre une entreprise et rechercher activement un emploi ;<\/li>\n<li>Avoir \u00e9puis\u00e9 vos droits \u00e0 l&rsquo;ARE ou \u00e0 la R\u00e9mun\u00e9ration de Fin de Formation (RFF) ;<\/li>\n<li>Avoir travaill\u00e9 au moins 5 ans (\u00e0 temps plein ou \u00e0 temps partiel) au cours des 10 ans avant la fin de votre dernier contrat de travail. Si vous avez arr\u00eat\u00e9 votre activit\u00e9 professionnelle pour \u00e9lever un enfant, les 5 ans sont r\u00e9duits d&rsquo; 1 an par enfant dans la limite de 3 ans. Toutes les p\u00e9riodes d&rsquo;activit\u00e9 sont prises en compte (CDD, CDI, contrat d&rsquo;int\u00e9rim, alternance, service national, formation professionnelle,&#8230;)\u00a0 ;<\/li>\n<li>Ne pas d\u00e9passer l&rsquo;\u00e2ge l\u00e9gal de d\u00e9part \u00e0 la retraite ;<\/li>\n<li>Ne pas d\u00e9passer le plafond de ressources mensuelles.<\/li>\n<\/ul>\n<p>Certaines cat\u00e9gories de demandeurs d&#8217;emploi peuvent demander l&rsquo;Allocation de solidarit\u00e9 sp\u00e9cifique. Ces cat\u00e9gories sont : les artistes non salari\u00e9s, les marins p\u00eacheurs, ou encore les ouvriers dockers occasionnels. L&rsquo;ASS leur sera vers\u00e9e tous les 6 mois renouvelables.<\/p>\n<h2>Quel est le plafond de ressources mensuelles pour recevoir l&rsquo;ASS ?<\/h2>\n<p>Les types de ressources qui sont prises en compte pour le calcul du montant de l&rsquo;ASS sont :<\/p>\n<ul>\n<li>Les ressources mensuelles ;<\/li>\n<li>les autres ressources comme les revenus des valeurs et capitaux mobiliers, les revenus fonciers ;<\/li>\n<li>Le montant de la pension alimentaire si vous en \u00eates b\u00e9n\u00e9ficiaire.<\/li>\n<\/ul>\n<p>Pour recevoir l&rsquo;ASS, vos ressources mensuelles ne doivent pas d\u00e9passer :<\/p>\n<ul>\n<li><strong>1 353,10 \u20ac si vous \u00eates seul<\/strong> ;<\/li>\n<li><span class=\"prix\"><strong>2 126,30 \u20ac si vous \u00eates en couple<\/strong> ( mariage, Pacs ou concubinage).<\/span><\/li>\n<\/ul>\n<h2>Quelles sont les d\u00e9marches pour recevoir l&rsquo;ASS ?<\/h2>\n<p>Une demande d\u2019allocation est envoy\u00e9e automatiquement 30 jours avant la fin de vos <a href=\"https:\/\/www.mes-allocs.fr\/guides\/chomage\/droit-au-chomage\">droit \u00e0 l&rsquo; allocation ch\u00f4mage<\/a> si vous \u00eates indemnis\u00e9 par P\u00f4le emploi. Si aucune demande automatique n&rsquo;a \u00e9t\u00e9 faite, vous pouvez faire une demande dans une agence P\u00f4le emploi. Il faut alors d\u00e9poser la demande compl\u00e9t\u00e9e et sign\u00e9e avec les justificatifs d\u2019activit\u00e9 avant la fin des droits \u00e0 l&rsquo;ARE pour \u00e9viter une rupture d\u2019indemnisation.<\/p>\n<p>L&rsquo;ASS est attribu\u00e9e sur une p\u00e9riode de 6 mois renouvelable. Lorsque vous \u00eates en fin de p\u00e9riode d&rsquo;indemnisation, Pole emploi vous envoie une demande de renouvellement.<\/p>\n<h2>Quelle est votre protection sociale lorsque vous toucher l&rsquo;ASS ?<\/h2>\n<p>Si vous \u00eates malade, la s\u00e9curit\u00e9 sociale ou la MSA continuera \u00e0 vous rembourser , les frais m\u00e9dicaux, de pharmacie, d\u2019hospitalisation. La s\u00e9curit\u00e9 sociale calculera vos droits aux indemnit\u00e9s journali\u00e8res en cas d\u2019arr\u00eat maladie \u00e0 partir de vos anciens salaires.<\/p>\n<p>Si vous \u00eates enceinte, la s\u00e9curit\u00e9 sociale ou MSA calculera vos droits au cong\u00e9 maternit\u00e9.<\/p>\n<p>Si vous \u00eates proche de la retraite, les p\u00e9riodes de ch\u00f4mage indemnis\u00e9es en ASS comptent dans le calcul du nombre de trimestres valid\u00e9s pour la retraite.<\/p>\n<h1>Quel est le montant de l&rsquo;ASS ?<\/h1>\n<p><strong>Au 1er avril 2025, le montant journalier de l&rsquo;ASS est de <b>19,33 <\/b><span class=\"prix\">\u20ac<\/span> (579,90 <span class=\"prix\">\u20ac<\/span>\u00a0pour 1 mois de 30 jours).<\/strong><\/p>\n<h2>Vous \u00eates sans emploi<\/h2>\n<p><strong>Si vous \u00eates sans emploi et que vous \u00eates seul, le montant de l&rsquo;Allocation de solidarit\u00e9 sp\u00e9cifique se calcule ainsi :<\/strong><\/p>\n\n<div class=\"wpdt-c row wpDataTableContainerSimpleTable wpDataTables wpDataTablesWrapper\n\"\n    >\n    <table id=\"wpdtSimpleTable-290\"\n           class=\"wpdtSimpleTable wpDataTable\"\n           data-column=\"2\"\n           data-rows=\"4\"\n           data-wpID=\"290\"\n           data-responsive=\"0\"\n           data-has-header=\"0\">\n\n                    <tbody>        <tr class=\"wpdt-cell-row \" >\n                            <td class=\"wpdt-cell wpdt-bold wpdt-fs-000016 wpdt-bc-FFFFFF\"\n                                    data-cell-id=\"A1\"\n                data-col-index=\"0\"\n                data-row-index=\"0\"\n                style=\" width:50%;                padding:10px;\"\n                >\n                                Ressources mensuelles                <\/td>\n                                            <td class=\"wpdt-cell wpdt-bold wpdt-fs-000016 wpdt-bc-FFFFFF\"\n                                    data-cell-id=\"B1\"\n                data-col-index=\"1\"\n                data-row-index=\"0\"\n                style=\" width:50%;                padding:10px;\"\n                >\n                                Montant mensuel de l'ASS                <\/td>\n                                        <\/tr>\n                            <tr class=\"wpdt-cell-row \" >\n                            <td class=\"wpdt-cell \"\n                                    data-cell-id=\"A2\"\n                data-col-index=\"0\"\n                data-row-index=\"1\"\n                style=\"                padding:10px;\"\n                >\n                                Moins de 773,20 \u20ac                <\/td>\n                                            <td class=\"wpdt-cell \"\n                                    data-cell-id=\"B2\"\n                data-col-index=\"1\"\n                data-row-index=\"1\"\n                style=\"                padding:10px;\"\n                >\n                                579,90 \u20ac                <\/td>\n                                        <\/tr>\n                            <tr class=\"wpdt-cell-row \" >\n                            <td class=\"wpdt-cell \"\n                                    data-cell-id=\"A3\"\n                data-col-index=\"0\"\n                data-row-index=\"2\"\n                style=\"                padding:10px;\"\n                >\n                                De 773,20 \u20ac \u00e0 1 353,10 \u20ac                <\/td>\n                                            <td class=\"wpdt-cell \"\n                                    data-cell-id=\"B3\"\n                data-col-index=\"1\"\n                data-row-index=\"2\"\n                style=\"                padding:10px;\"\n                >\n                                1 353,10 \u20ac (avant d\u00e9duction du montant de vos ressources)                <\/td>\n                                        <\/tr>\n                            <tr class=\"wpdt-cell-row \" >\n                            <td class=\"wpdt-cell \"\n                                    data-cell-id=\"A4\"\n                data-col-index=\"0\"\n                data-row-index=\"3\"\n                style=\"                padding:10px;\"\n                >\n                                Sup\u00e9rieures \u00e0 1 353,10 \u20ac                <\/td>\n                                            <td class=\"wpdt-cell \"\n                                    data-cell-id=\"B4\"\n                data-col-index=\"1\"\n                data-row-index=\"3\"\n                style=\"                padding:10px;\"\n                >\n                                Non \u00e9ligible au versement de l'ASS                <\/td>\n                                        <\/tr>\n                    <\/table>\n<\/div><style id='wpdt-custom-style-290'>\n.wpdt-fs-000016 { font-size: 16px !important;}\n.wpdt-bc-FFFFFF { background-color: #FFFFFF !important;}\n<\/style>\n\n<p><strong>Si vous \u00eates sans emploi et que vous \u00eates en couple, le montant de votre ASS se calcule ainsi :<\/strong><\/p>\n<p style=\"text-align: justify;\">\n<div class=\"wpdt-c row wpDataTableContainerSimpleTable wpDataTables wpDataTablesWrapper\n\"\n    >\n    <table id=\"wpdtSimpleTable-291\"\n           class=\"wpdtSimpleTable wpDataTable\"\n           data-column=\"2\"\n           data-rows=\"4\"\n           data-wpID=\"291\"\n           data-responsive=\"0\"\n           data-has-header=\"0\">\n\n                    <tbody>        <tr class=\"wpdt-cell-row \" >\n                            <td class=\"wpdt-cell wpdt-bold wpdt-fs-000016 wpdt-bc-FFFFFF\"\n                                    data-cell-id=\"A1\"\n                data-col-index=\"0\"\n                data-row-index=\"0\"\n                style=\" width:50%;                padding:10px;\"\n                >\n                                Ressources mensuelles                <\/td>\n                                            <td class=\"wpdt-cell wpdt-bold wpdt-fs-000016 wpdt-bc-FFFFFF\"\n                                    data-cell-id=\"B1\"\n                data-col-index=\"1\"\n                data-row-index=\"0\"\n                style=\" width:50%;                padding:10px;\"\n                >\n                                Montant mensuel de l'ASS                <\/td>\n                                        <\/tr>\n                            <tr class=\"wpdt-cell-row \" >\n                            <td class=\"wpdt-cell \"\n                                    data-cell-id=\"A2\"\n                data-col-index=\"0\"\n                data-row-index=\"1\"\n                style=\"                padding:10px;\"\n                >\n                                Moins de 1 546,40 \u20ac                <\/td>\n                                            <td class=\"wpdt-cell \"\n                                    data-cell-id=\"B2\"\n                data-col-index=\"1\"\n                data-row-index=\"1\"\n                style=\"                padding:10px;\"\n                >\n                                579,90 \u20ac                <\/td>\n                                        <\/tr>\n                            <tr class=\"wpdt-cell-row \" >\n                            <td class=\"wpdt-cell \"\n                                    data-cell-id=\"A3\"\n                data-col-index=\"0\"\n                data-row-index=\"2\"\n                style=\"                padding:10px;\"\n                >\n                                De 1 546,40 \u20ac \u00e0 2 126,30 \u20ac                <\/td>\n                                            <td class=\"wpdt-cell \"\n                                    data-cell-id=\"B3\"\n                data-col-index=\"1\"\n                data-row-index=\"2\"\n                style=\"                padding:10px;\"\n                >\n                                2 126,30 \u20ac (avant d\u00e9duction du montant de vos ressources)                <\/td>\n                                        <\/tr>\n                            <tr class=\"wpdt-cell-row \" >\n                            <td class=\"wpdt-cell \"\n                                    data-cell-id=\"A4\"\n                data-col-index=\"0\"\n                data-row-index=\"3\"\n                style=\"                padding:10px;\"\n                >\n                                Sup\u00e9rieures \u00e0 2 126,30 \u20ac                <\/td>\n                                            <td class=\"wpdt-cell \"\n                                    data-cell-id=\"B4\"\n                data-col-index=\"1\"\n                data-row-index=\"3\"\n                style=\"                padding:10px;\"\n                >\n                                Non \u00e9ligible au versement de l'ASS                <\/td>\n                                        <\/tr>\n                    <\/table>\n<\/div><style id='wpdt-custom-style-291'>\n.wpdt-fs-000016 { font-size: 16px !important;}\n.wpdt-bc-FFFFFF { background-color: #FFFFFF !important;}\n<\/style>\n<\/p>\n<div class='cta-block'><div class='text'>Simulez toutes vos aides en 2 min.<\/div><a href='https:\/\/www.mes-allocs.fr\/ab-app?origin=guides\/wp-json\/wp\/v2\/posts\/16503' class='app-button fit'>Simulation gratuite<\/a><\/div>\n<h2>Vous travaillez<\/h2>\n<p>Depuis le 1er septembre 2017, il existe de nouvelles r\u00e8gles de cumul de l\u2019allocation de solidarit\u00e9 sp\u00e9cifique (ASS) avec les r\u00e9mun\u00e9rations d\u2019activit\u00e9s reprises.<br \/>\nSelon le code du travail, les personnes b\u00e9n\u00e9ficiant de l\u2019ASS qui reprennent une activit\u00e9 professionnelle (salari\u00e9e ou non salari\u00e9e) peuvent cumuler leur r\u00e9mun\u00e9ration avec leur allocation pendant trois mois (cons\u00e9cutifs ou non). Ces nouvelles r\u00e8gles concernent toutes les personnes qui b\u00e9n\u00e9ficient de l&rsquo;ASS.<\/p>\n<p>Apr\u00e8s les trois mois de cumul, le versement de l\u2019ASS est arr\u00eat\u00e9 si l\u2019int\u00e9ress\u00e9 poursuit son activit\u00e9. Les demandeurs d\u2019emploi qui ne peuvent plus b\u00e9n\u00e9ficier de l&rsquo;ASS auront un acc\u00e8s facilit\u00e9 \u00e0 la prime d\u2019activit\u00e9, s&rsquo;ils remplissent les conditions d\u2019attribution.<\/p>\n<p>Si vous exercez une activit\u00e9 professionnelle ou suivez une formation r\u00e9mun\u00e9r\u00e9e rien n&#8217;emp\u00eache la reprise du versement de l\u2019ASS.<\/p>\n<p><iframe loading=\"lazy\" title=\"L&#039;ASS\" width=\"500\" height=\"281\" src=\"https:\/\/www.youtube.com\/embed\/QAulvUZqyHk?feature=oembed\" frameborder=\"0\" allow=\"accelerometer; autoplay; clipboard-write; encrypted-media; gyroscope; picture-in-picture; web-share\" referrerpolicy=\"strict-origin-when-cross-origin\" allowfullscreen><\/iframe><\/p>\n<h1>L&rsquo;AHH<\/h1>\n<h2>Qu&rsquo;est-ce que l&rsquo;AAH et est-elle cumulable avec l&rsquo;ASS ?<\/h2>\n<p>L&rsquo; Allocation aux Adultes Handicap\u00e9s (AAH) est une aide destin\u00e9e aux personnes en situation de handicap qui leur offre un minimum de ressources. Cette aide est financ\u00e9e par l&rsquo;\u00c9tat et est vers\u00e9e par la CAF ou les caisses de Mutualit\u00e9 Sociale Agricole.<\/p>\n<p><strong>Depuis le 1er janvier 2017, il n&rsquo;est plus possible de cumuler l&rsquo; AAH et l&rsquo; ASS<\/strong>.\u00a0Au 31 d\u00e9cembre 2016, les allocataires ayant des droits ouverts simultan\u00e9ment \u00e0 l&rsquo;ASS et \u00e0 l&rsquo;AAH continuent \u00e0 b\u00e9n\u00e9ficier de ces allocations dans les conditions ant\u00e9rieures \u00e0 la loi du 29 d\u00e9cembre 2016. Les allocataires peuvent continuer \u00e0 en b\u00e9n\u00e9ficier dans la limite d\u2019une dur\u00e9e de dix ans.<\/p>\n<h2>Quelles sont les conditions g\u00e9n\u00e9rales pour toucher l&rsquo;AAH ?<\/h2>\n<p>Pour pouvoir toucher l&rsquo;AAH vous devez remplir les conditions g\u00e9n\u00e9rales pour avoir les prestations familiales :<a href=\"https:\/\/www.mes-allocs.fr\/guides\/wp-content\/uploads\/2020\/12\/pexels-buro-millennial-1438072-1.jpg\"><img loading=\"lazy\" decoding=\"async\" class=\"alignright wp-image-16519\" title=\"Quelles sont les conditions g\u00e9n\u00e9rales pour toucher l'AAH ?\" src=\"https:\/\/www.mes-allocs.fr\/guides\/wp-content\/uploads\/2020\/12\/pexels-buro-millennial-1438072-1-1024x683.jpg\" alt=\"Quelles sont les conditions g\u00e9n\u00e9rales pour toucher l'AAH ?\" width=\"311\" height=\"207\" srcset=\"https:\/\/www.mes-allocs.fr\/guides\/wp-content\/uploads\/2020\/12\/pexels-buro-millennial-1438072-1-1024x683.jpg 1024w, https:\/\/www.mes-allocs.fr\/guides\/wp-content\/uploads\/2020\/12\/pexels-buro-millennial-1438072-1-300x200.jpg 300w, https:\/\/www.mes-allocs.fr\/guides\/wp-content\/uploads\/2020\/12\/pexels-buro-millennial-1438072-1-768x512.jpg 768w, https:\/\/www.mes-allocs.fr\/guides\/wp-content\/uploads\/2020\/12\/pexels-buro-millennial-1438072-1-600x400.jpg 600w, https:\/\/www.mes-allocs.fr\/guides\/wp-content\/uploads\/2020\/12\/pexels-buro-millennial-1438072-1.jpg 1280w\" sizes=\"auto, (max-width: 311px) 100vw, 311px\" \/><\/a><\/p>\n<ul id=\"d974e22\">\n<li><strong>\u00catre citoyen de l&rsquo;Union europ\u00e9enne, de l\u2019Espace \u00e9conomique europ\u00e9en ou de la Suisse<\/strong>. Vous devez donc remplir les conditions de droit au s\u00e9jour ;<\/li>\n<li><strong>\u00catre \u00e9tranger non citoyen de l&rsquo;Union europ\u00e9enne, de l&rsquo;Espace \u00e9conomique europ\u00e9en ou de la Suisse<\/strong>. Vous devez alors fournir \u00e0 la Caf un titre de s\u00e9jour en cours de validit\u00e9, qui prouve que vous \u00eates en situation r\u00e9guli\u00e8re en France. Si vos enfants sont n\u00e9s \u00e0 l\u2019\u00e9tranger, vous devez justifier de leur entr\u00e9e r\u00e9guli\u00e8re en France.<\/li>\n<\/ul>\n<p>Attention, vous ne pourrez pas toucher l&rsquo;AAH si vous :<\/p>\n<ul>\n<li>Pr\u00e9tendez \u00e0 un r\u00e9gime de s\u00e9curit\u00e9 sociale ;<\/li>\n<li>B\u00e9n\u00e9ficiez d&rsquo;un r\u00e9gime de pension de retraite ou d&rsquo;une l\u00e9gislation particuli\u00e8re ;<\/li>\n<li>Poss\u00e9dez un avantage de vieillesse, \u00e0 l\u2019exclusion de l\u2019allocation de solidarit\u00e9 aux personnes \u00e2g\u00e9es (ASPA) ;<\/li>\n<li>Touchez une pension d\u2019invalidit\u00e9 ou une rente d\u2019accident du travail d\u2019un montant au moins \u00e9gal \u00e0 celui de l\u2019AAH (\u00e0 l\u2019exclusion de la majoration pour aide constante d\u2019une tierce personne).<\/li>\n<li>Poss\u00e9dez des ressources sup\u00e9rieures au plafond de ressources impos\u00e9. Les ressources per\u00e7ues pendant l\u2019ann\u00e9e de r\u00e9f\u00e9rence (soit l\u2019ann\u00e9e 2023 pour l\u2019AAH vers\u00e9e en 2025), ne doivent pas d\u00e9passer le maximum annuel pour une personne seule et pour un couple. Chaque enfant \u00e0 charge que vous avez augmente ce plafond.<\/li>\n<\/ul>\n<p>Pour toucher l&rsquo;AAH, vous pouvez faire une demande aupr\u00e8s de la CAF ou de la Maison d\u00e9partementale des personne handicap\u00e9es (MDPH).<\/p>\n<div class='cta-block'><div class='text'>Simulez toutes vos aides en 2 min.<\/div><a href='https:\/\/www.mes-allocs.fr\/ab-app?origin=guides\/wp-json\/wp\/v2\/posts\/16503' class='app-button fit'>Simulation gratuite<\/a><\/div>\n<h2>Y a-t-il un \u00e2ge minimum pour toucher l&rsquo;AAH ?<\/h2>\n<p>Pour pouvoir toucher la CAF, vous devez avoir l&rsquo;\u00e2ge l\u00e9gal:<\/p>\n<ul>\n<li>20 ans minimum ;<\/li>\n<li>16 ans minimum, seulement si vous n&rsquo;avez plus le droit aux allocations familiales.<\/li>\n<\/ul>\n<h2>Quel est le taux minimum d&rsquo;incapacit\u00e9 pour y avoir droit ?<\/h2>\n<p>Il existe un taux minimum d&rsquo;incapacit\u00e9 pour avoir l&rsquo;AAH. Vous devez :<\/p>\n<ul>\n<li>Pr\u00e9senter une incapacit\u00e9 permanente d\u2019au moins 80 % ;<\/li>\n<li>Ou avoir un taux d\u2019incapacit\u00e9 compris entre 50 et 80 %, le demandeur doit \u00eatre \u00e2g\u00e9 de moins de 60 ans et la CDAPH doit avoir reconnu une restriction substantielle et durable pour l\u2019acc\u00e8s \u00e0 l\u2019emploi.<\/li>\n<\/ul>\n<h1>Le montant de l&rsquo;AAH<\/h1>\n<h2>Comment est calcul\u00e9 l&rsquo;AAH ?<a href=\"https:\/\/www.mes-allocs.fr\/guides\/wp-content\/uploads\/2020\/12\/pexels-breakingpic-3305-3-1.jpg\"><img loading=\"lazy\" decoding=\"async\" class=\"alignright wp-image-16038\" title=\"Comment est calcul\u00e9 l'AAH ?\" src=\"https:\/\/www.mes-allocs.fr\/guides\/wp-content\/uploads\/2020\/12\/pexels-breakingpic-3305-3-1-300x199.jpg\" alt=\"Comment est calcul\u00e9 l'AAH ?\" width=\"344\" height=\"227\" srcset=\"https:\/\/www.mes-allocs.fr\/guides\/wp-content\/uploads\/2020\/12\/pexels-breakingpic-3305-3-1-300x199.jpg 300w, https:\/\/www.mes-allocs.fr\/guides\/wp-content\/uploads\/2020\/12\/pexels-breakingpic-3305-3-1-1024x678.jpg 1024w, https:\/\/www.mes-allocs.fr\/guides\/wp-content\/uploads\/2020\/12\/pexels-breakingpic-3305-3-1-768x508.jpg 768w, https:\/\/www.mes-allocs.fr\/guides\/wp-content\/uploads\/2020\/12\/pexels-breakingpic-3305-3-1-600x397.jpg 600w, https:\/\/www.mes-allocs.fr\/guides\/wp-content\/uploads\/2020\/12\/pexels-breakingpic-3305-3-1.jpg 1280w\" sizes=\"auto, (max-width: 344px) 100vw, 344px\" \/><\/a><\/h2>\n<p id=\"d261206e103\">Le montant de l&rsquo;allocation aux adultes handicap\u00e9s varie en fonction des :<\/p>\n<ul id=\"d261206e106\">\n<li>Revenus d\u2019activit\u00e9. Le montant de votre AAH sera calcul\u00e9 en fonction d\u2019une partie de vos revenus ;<\/li>\n<li>Pensions (invalidit\u00e9, retraite, rente d\u2019accident du travail). Vous recevrez la diff\u00e9rence entre le montant de votre pension et le montant maximum de l\u2019AAH. Les pensions d&rsquo;invalidit\u00e9, de retraite ou les rentes accident du travail sont vers\u00e9es prioritairement sur l&rsquo;AAH ;<\/li>\n<li>Hospitalisations ou admissions en Maison d&rsquo;accueil sp\u00e9cialis\u00e9e. Le montant de votre allocation peut \u00eatre r\u00e9duit ;<\/li>\n<li>Situations familiales et professionnelles. Si vous \u00eates en couple, les ressources de votre conjoint sont prises en compte.<\/li>\n<\/ul>\n\n<div class=\"wpdt-c row wpDataTableContainerSimpleTable wpDataTables wpDataTablesWrapper\n wdtscroll\"\n    >\n    <table id=\"wpdtSimpleTable-45\"\n           class=\"wpdtSimpleTable wpDataTable\"\n           data-column=\"3\"\n           data-rows=\"6\"\n           data-wpID=\"45\"\n           data-responsive=\"0\"\n           data-has-header=\"1\">\n\n                    <thead>        <tr class=\"wpdt-cell-row \" >\n                            <th class=\"wpdt-cell wpdt-bold wpdt-bc-F3F9FE\"\n                                    data-cell-id=\"A1\"\n                data-col-index=\"0\"\n                data-row-index=\"0\"\n                style=\" width:181px;                padding:10px;\"\n                >\n                                Nombre de personnes \u00e0 charge                <\/th>\n                                            <th class=\"wpdt-cell wpdt-bold wpdt-bc-F3F9FE\"\n                                    data-cell-id=\"B1\"\n                data-col-index=\"1\"\n                data-row-index=\"0\"\n                style=\" width:215px;                padding:10px;\"\n                >\n                                Plafond annuels pour une personne seule                <\/th>\n                                            <th class=\"wpdt-cell wpdt-bold wpdt-bc-F3F9FE\"\n                                    data-cell-id=\"C1\"\n                data-col-index=\"2\"\n                data-row-index=\"0\"\n                style=\" width:215px;                padding:10px;\"\n                >\n                                Plafond annuels pour un couple                <\/th>\n                                        <\/tr>\n                    <tbody>        <tr class=\"wpdt-cell-row \" >\n                            <td class=\"wpdt-cell \"\n                                    data-cell-id=\"A2\"\n                data-col-index=\"0\"\n                data-row-index=\"1\"\n                style=\"                padding:10px;\"\n                >\n                                0                <\/td>\n                                            <td class=\"wpdt-cell \"\n                                    data-cell-id=\"B2\"\n                data-col-index=\"1\"\n                data-row-index=\"1\"\n                style=\"                padding:10px;\"\n                >\n                                12\u00a0499\u00a0\u20ac                <\/td>\n                                            <td class=\"wpdt-cell \"\n                                    data-cell-id=\"C2\"\n                data-col-index=\"2\"\n                data-row-index=\"1\"\n                style=\"                padding:10px;\"\n                >\n                                22\u00a0623\u00a0\u20ac                <\/td>\n                                        <\/tr>\n                            <tr class=\"wpdt-cell-row \" >\n                            <td class=\"wpdt-cell \"\n                                    data-cell-id=\"A3\"\n                data-col-index=\"0\"\n                data-row-index=\"2\"\n                style=\"                padding:10px;\"\n                >\n                                1                <\/td>\n                                            <td class=\"wpdt-cell \"\n                                    data-cell-id=\"B3\"\n                data-col-index=\"1\"\n                data-row-index=\"2\"\n                style=\"                padding:10px;\"\n                >\n                                18\u00a0749\u00a0\u20ac                <\/td>\n                                            <td class=\"wpdt-cell \"\n                                    data-cell-id=\"C3\"\n                data-col-index=\"2\"\n                data-row-index=\"2\"\n                style=\"                padding:10px;\"\n                >\n                                28\u00a0873\u00a0\u20ac                <\/td>\n                                        <\/tr>\n                            <tr class=\"wpdt-cell-row \" >\n                            <td class=\"wpdt-cell \"\n                                    data-cell-id=\"A4\"\n                data-col-index=\"0\"\n                data-row-index=\"3\"\n                style=\"                padding:10px;\"\n                >\n                                2                <\/td>\n                                            <td class=\"wpdt-cell \"\n                                    data-cell-id=\"B4\"\n                data-col-index=\"1\"\n                data-row-index=\"3\"\n                style=\"                padding:10px;\"\n                >\n                                24\u00a0998\u00a0\u20ac                <\/td>\n                                            <td class=\"wpdt-cell \"\n                                    data-cell-id=\"C4\"\n                data-col-index=\"2\"\n                data-row-index=\"3\"\n                style=\"                padding:10px;\"\n                >\n                                35\u00a0122\u00a0\u20ac                <\/td>\n                                        <\/tr>\n                            <tr class=\"wpdt-cell-row \" >\n                            <td class=\"wpdt-cell \"\n                                    data-cell-id=\"A5\"\n                data-col-index=\"0\"\n                data-row-index=\"4\"\n                style=\"                padding:10px;\"\n                >\n                                3                <\/td>\n                                            <td class=\"wpdt-cell \"\n                                    data-cell-id=\"B5\"\n                data-col-index=\"1\"\n                data-row-index=\"4\"\n                style=\"                padding:10px;\"\n                >\n                                31\u00a0248\u00a0\u20ac                <\/td>\n                                            <td class=\"wpdt-cell \"\n                                    data-cell-id=\"C5\"\n                data-col-index=\"2\"\n                data-row-index=\"4\"\n                style=\"                padding:10px;\"\n                >\n                                41\u00a0372\u00a0\u20ac                <\/td>\n                                        <\/tr>\n                            <tr class=\"wpdt-cell-row \" >\n                            <td class=\"wpdt-cell \"\n                                    data-cell-id=\"A6\"\n                data-col-index=\"0\"\n                data-row-index=\"5\"\n                style=\"                padding:10px;\"\n                >\n                                4                <\/td>\n                                            <td class=\"wpdt-cell \"\n                                    data-cell-id=\"B6\"\n                data-col-index=\"1\"\n                data-row-index=\"5\"\n                style=\"                padding:10px;\"\n                >\n                                37\u00a0497\u00a0\u20ac                <\/td>\n                                            <td class=\"wpdt-cell \"\n                                    data-cell-id=\"C6\"\n                data-col-index=\"2\"\n                data-row-index=\"5\"\n                style=\"                padding:10px;\"\n                >\n                                47\u00a0621\u00a0\u20ac                <\/td>\n                                        <\/tr>\n                    <\/table>\n<\/div><style id='wpdt-custom-style-45'>\n.wpdt-bc-F3F9FE { background-color: #F3F9FE !important;}\n<\/style>\n\n<h3>Si vous ne travaillez pas<\/h3>\n<ul id=\"d964e85\">\n<li>et si vous n&rsquo;avez pas eu de ressources pendant l&rsquo;ann\u00e9e 2023, vous recevrez le montant maximum de l&rsquo;AAH qui est de<strong> 1 033,32 \u20ac<\/strong>\u00a0;<\/li>\n<li>et que vous touchez une pension ou une rente, vous percevez la diff\u00e9rence entre le montant de votre pension ou rente et les<strong> 1 033,32\u00a0<\/strong><strong><span class=\"prix\">\u20ac<\/span><\/strong>.<\/li>\n<\/ul>\n<ul id=\"d964e92\"><\/ul>\n<h3>Si vous exercez une activit\u00e9 professionnelle<\/h3>\n<ul id=\"d964e98\">\n<li>En milieu ordinaire : vos revenus professionnels ne sont pas pris en compte pendant vos 6 premiers mois de travail pour le calcul de votre AAH. Durant cette p\u00e9riode, vous percevez donc l&rsquo;int\u00e9gralit\u00e9 de votre AAH. Apr\u00e8s les 6 mois, votre AAH est r\u00e9duite. Pour calculer votre AAH, la <abbr tabindex=\"0\" title=\"\" data-acronyme=\"R24582\" data-original-title=\"Caf\u00a0:\u00a0Caisse d'allocations familiales\">Caf<\/abbr> prend en compte vos revenus puis effectue un abattement.<\/li>\n<\/ul>\n<p id=\"d964e103\">Le montant de vos droits \u00e0 l\u2019AAH est calcul\u00e9 chaque trimestre en fonction de vos ressources et de celles de votre conjoint.\u00a0 Vous devez d\u00e9clarer vos revenus chaque trimestre \u00e0 la CAF.<\/p>\n<p>Dans un \u00c9sat, vous percevez une r\u00e9mun\u00e9ration garantie (salaire vers\u00e9 en \u00c9sat) variant entre 55 % et 110 % du Smic horaire. Vous pouvez cumuler la r\u00e9mun\u00e9ration garantie et l&rsquo;AAH. Toutefois, ce cumul ne peut pas d\u00e9passer :<\/p>\n<ul>\n<li><span class=\"prix\">1 801,80 \u20ac<\/span>\u00a0si vous vivez seul,<\/li>\n<li><span class=\"prix\">2 342,34 \u20ac<\/span>\u00a0si vous vivez en couple,<\/li>\n<li><span class=\"prix\">2 612,61 \u20ac<\/span> si vous vivez en couple et que vous avez un enfant ou un ascendant\u00a0\u00e0 charge.<\/li>\n<\/ul>\n<p>Pour en savoir plus sur l&rsquo;AAH et le travail,<a href=\"https:\/\/www.mes-allocs.fr\/guides\/aah\/\"> suivez ce lien<\/a>.<\/p>\n<h3>Vous \u00eates hospitalis\u00e9 ou h\u00e9berg\u00e9 en maison d&rsquo;accueil sp\u00e9cialis\u00e9e (Mas)<\/h3>\n<ul>\n<li>Pendant moins de 60 jours. Vous continuez \u00e0 percevoir l&rsquo;AAH \u00e0 taux plein, soit<strong> 1 033,32\u00a0<\/strong><strong><span class=\"prix\">\u20ac<\/span><\/strong>\u00a0par mois.<\/li>\n<\/ul>\n<div class=\"choice-tree-item\">\n<div class=\"choice-tree-previous-choice\">\n<ul>\n<li id=\"choice-tree-item-1-1\" class=\"choice-tree-title\"><span class=\"choice-tree-previous-choice-title printArea\">Plus de 60 jours . <\/span>Le montant de l&rsquo;AAH est r\u00e9duit \u00e0 30 %, soit <strong>310<\/strong><b>\u00a0<\/b><strong><span class=\"prix\">\u20ac<\/span><\/strong> par mois. Cette r\u00e9duction ne s&rsquo;applique pas si vous payez un forfait journalier, si vous avez un enfant \u00e0 charge ou encore si la personne avec qui vous vivez en couple ne travaille pas pour un motif reconnu par la CDAPH.<\/li>\n<\/ul>\n<p>Apr\u00e8s votre hospitalisation ou votre h\u00e9bergement en maison d&rsquo;accueil sp\u00e9cialis\u00e9e, vous recevrez \u00e0 nouveau l&rsquo;AAH \u00e0 taux plein (1 033,32 \u20ac).<\/p>\n<h3>Vous \u00eates incarc\u00e9r\u00e9<\/h3>\n<\/div>\n<\/div>\n<div class=\"choice-tree-item no-print\">\n<div class=\"choice-tree-item-demarche printArea\" data-test=\"choiceTreeResult\">\n<div class=\"choice-tree-list-answer\">\n<ul>\n<li>Pendant moins de 60 jours. Vous continuez \u00e0 percevoir l&rsquo;AAH \u00e0 taux plein, soit<strong> 1 033,32\u00a0<\/strong><strong><span class=\"prix\">\u20ac<\/span><\/strong>\u00a0par mois.<\/li>\n<\/ul>\n<div class=\"choice-tree-item\">\n<div class=\"choice-tree-previous-choice\">\n<ul>\n<li id=\"choice-tree-item-1-1\" class=\"choice-tree-title\"><span class=\"choice-tree-previous-choice-title printArea\">Plus de 60 jours . <\/span>Le montant de l&rsquo;AAH est r\u00e9duit \u00e0 30 %, soit <b>310 <\/b><strong><span class=\"prix\">\u20ac<\/span><\/strong> par mois. Cette r\u00e9duction ne s&rsquo;applique pas si vous payez un forfait journalier , si vous avez un enfant \u00e0 charge ou encore si la personne avec qui vous vivez en couple ne travaille pas pour un motif reconnu par la CDAPH.<\/li>\n<\/ul>\n<p>Apr\u00e8s votre incarc\u00e9ration, vous recevrez \u00e0 nouveau l&rsquo;AAH \u00e0 taux plein (<strong>1 033,32\u00a0<\/strong><strong>\u20ac<\/strong>)<\/p>\n<div class='cta-block'><div class='text'>Simulez toutes vos aides en 2 min.<\/div><a href='https:\/\/www.mes-allocs.fr\/ab-app?origin=guides\/wp-json\/wp\/v2\/posts\/16503' class='app-button fit'>Simulation gratuite<\/a><\/div>\n<\/div>\n<\/div>\n<\/div>\n<\/div>\n<\/div>\n","protected":false},"excerpt":{"rendered":"<p>L&rsquo;ASS prend le relai de l&rsquo;ARE quand vos droits au ch\u00f4mage sont \u00e9puis\u00e9s. L&rsquo;AAH est une ressource pour les personnes en situation de handicap. Est-il possible de cumuler les deux allocations ?\u00a0 L&rsquo;Allocation de solidarit\u00e9 sp\u00e9cifique Qu&rsquo;est-ce que l&rsquo;Allocation de solidarit\u00e9 sp\u00e9cifique (ASS) ? L&rsquo;Allocation de solidarit\u00e9 sp\u00e9cifique est accord\u00e9e aux personnes qui ont \u00e9puis\u00e9 [&hellip;]<\/p>\n","protected":false},"author":9,"featured_media":16516,"comment_status":"open","ping_status":"open","sticky":false,"template":"","format":"standard","meta":{"amp_status":"","footnotes":""},"categories":[3736,2989],"tags":[],"class_list":["post-16503","post","type-post","status-publish","format-standard","has-post-thumbnail","hentry","category-allocation-de-solidarite-specifique","category-chomage"],"yoast_head":"<!-- This site is optimized with the Yoast SEO plugin v14.9 - https:\/\/yoast.com\/wordpress\/plugins\/seo\/ -->\n<title>AAH et allocation de solidarit\u00e9 sp\u00e9cifique | Mes-Allocs.fr<\/title>\n<meta name=\"description\" content=\"L&#039;AAH vient en aide aux personnes en situation de handicap. L&#039;ASS aide les demandeurs d&#039;emploi. Les deux aides sont-elles cumulables ?\" \/>\n<meta name=\"robots\" content=\"index, follow, max-snippet:-1, max-image-preview:large, max-video-preview:-1\" \/>\n<link rel=\"canonical\" href=\"https:\/\/www.mes-allocs.fr\/guides\/chomage\/allocation-de-solidarite-specifique\/ass-et-aah\/\" \/>\n<meta property=\"og:locale\" content=\"fr_FR\" \/>\n<meta property=\"og:type\" content=\"article\" \/>\n<meta property=\"og:title\" content=\"AAH et allocation de solidarit\u00e9 sp\u00e9cifique | Mes-Allocs.fr\" \/>\n<meta property=\"og:description\" content=\"L&#039;AAH vient en aide aux personnes en situation de handicap. L&#039;ASS aide les demandeurs d&#039;emploi. Les deux aides sont-elles cumulables ?\" \/>\n<meta property=\"og:url\" content=\"https:\/\/www.mes-allocs.fr\/guides\/chomage\/allocation-de-solidarite-specifique\/ass-et-aah\/\" \/>\n<meta property=\"og:site_name\" content=\"Mes-Allocs.fr\" \/>\n<meta property=\"article:published_time\" content=\"2020-12-14T13:53:05+00:00\" \/>\n<meta property=\"article:modified_time\" content=\"2025-06-20T11:00:37+00:00\" \/>\n<meta property=\"og:image\" content=\"https:\/\/www.mes-allocs.fr\/guides\/wp-content\/uploads\/2020\/12\/pexels-karolina-grabowska-5412087-1-e1607528454682.jpg?wsr\" \/>\n\t<meta property=\"og:image:width\" content=\"1280\" \/>\n\t<meta property=\"og:image:height\" content=\"368\" \/>\n<meta name=\"twitter:card\" content=\"summary_large_image\" \/>\n<script type=\"application\/ld+json\" class=\"yoast-schema-graph\">{\"@context\":\"https:\/\/schema.org\",\"@graph\":[{\"@type\":\"WebSite\",\"@id\":\"https:\/\/www.mes-allocs.fr\/guides\/#website\",\"url\":\"https:\/\/www.mes-allocs.fr\/guides\/\",\"name\":\"Mes-Allocs.fr\",\"description\":\"\",\"potentialAction\":[{\"@type\":\"SearchAction\",\"target\":\"https:\/\/www.mes-allocs.fr\/guides\/?s={search_term_string}\",\"query-input\":\"required name=search_term_string\"}],\"inLanguage\":\"fr-FR\"},{\"@type\":\"ImageObject\",\"@id\":\"https:\/\/www.mes-allocs.fr\/guides\/chomage\/allocation-de-solidarite-specifique\/ass-et-aah\/#primaryimage\",\"inLanguage\":\"fr-FR\",\"url\":\"https:\/\/www.mes-allocs.fr\/guides\/wp-content\/uploads\/2020\/12\/pexels-karolina-grabowska-5412087-1-e1607528454682.jpg?wsr\",\"width\":1280,\"height\":368,\"caption\":\"pexels karolina grabowska 5412087 1 e1607528454682\"},{\"@type\":\"WebPage\",\"@id\":\"https:\/\/www.mes-allocs.fr\/guides\/chomage\/allocation-de-solidarite-specifique\/ass-et-aah\/#webpage\",\"url\":\"https:\/\/www.mes-allocs.fr\/guides\/chomage\/allocation-de-solidarite-specifique\/ass-et-aah\/\",\"name\":\"AAH et allocation de solidarit\\u00e9 sp\\u00e9cifique | Mes-Allocs.fr\",\"isPartOf\":{\"@id\":\"https:\/\/www.mes-allocs.fr\/guides\/#website\"},\"primaryImageOfPage\":{\"@id\":\"https:\/\/www.mes-allocs.fr\/guides\/chomage\/allocation-de-solidarite-specifique\/ass-et-aah\/#primaryimage\"},\"datePublished\":\"2020-12-14T13:53:05+00:00\",\"dateModified\":\"2025-06-20T11:00:37+00:00\",\"author\":{\"@id\":\"https:\/\/www.mes-allocs.fr\/guides\/#\/schema\/person\/e4e762c89158b34a332446d26f02fd56\"},\"description\":\"L'AAH vient en aide aux personnes en situation de handicap. L'ASS aide les demandeurs d'emploi. Les deux aides sont-elles cumulables ?\",\"inLanguage\":\"fr-FR\"},{\"@type\":\"Person\",\"@id\":\"https:\/\/www.mes-allocs.fr\/guides\/#\/schema\/person\/e4e762c89158b34a332446d26f02fd56\",\"name\":\"Marylou\",\"image\":{\"@type\":\"ImageObject\",\"@id\":\"https:\/\/www.mes-allocs.fr\/guides\/#personlogo\",\"inLanguage\":\"fr-FR\",\"url\":\"https:\/\/www.mes-allocs.fr\/guides\/wp-content\/uploads\/2021\/06\/marylou-150x150.png\",\"caption\":\"Marylou\"},\"description\":\"Marylou est r\\u00e9dactrice au sein de l'\\u00e9quipe Mes Allocs, sp\\u00e9cialiste des sujets de soci\\u00e9t\\u00e9 en g\\u00e9n\\u00e9ral. Dipl\\u00f4m\\u00e9e de l'Institut Sup\\u00e9rieur de Formation au Journalisme, elle rejoint Mes Allocs apr\\u00e8s cr\\u00e9\\u00e9 son premier blog personnel.\",\"sameAs\":[\"https:\/\/www.linkedin.com\/in\/marylou-pr\\u00e9vost\"]}]}<\/script>\n<!-- \/ Yoast SEO plugin. -->","amp_validity":null,"acf":{"faq":{"1":{"question":"Qui a droit \u00e0 l'allocation de solidarit\u00e9 sp\u00e9cifique ?","answer":"Le droit \u00e0 l'allocation de solidarit\u00e9 sp\u00e9cifique est accord\u00e9 aux personnes dont les droits \u00e0 l'ARE arrivent \u00e0 leur fin.\r\n<br> <a href=\"https:\/\/www.mes-allocs.fr\/guides\/pole-emploi\/allocation-de-solidarite-specifique\/aah-et-allocation-de-solidarite-specifique\/\">Lire la suite<\/a>\r\n"},"2":{"question":"Quels revenus d\u00e9clarer pour AAH ?","answer":"Pour toucher l'AAH il faut d\u00e9clarer : les revenus d\u2019activit\u00e9, les pensions (invalidit\u00e9, retraite, rente d\u2019accident du travail) et les ressources de votre conjoint."},"3":{"question":"Qu'est-ce que l'allocation de solidarit\u00e9 sp\u00e9cifique ?","answer":"L'ASS est une allocation qui vient remplacer l'ARE lorsque le b\u00e9n\u00e9ficiaire des allocations ch\u00f4mage ne peut plus avoir droit \u00e0 celles-ci.\r\n<br> <a href=\"https:\/\/www.mes-allocs.fr\/guides\/pole-emploi\/allocation-de-solidarite-specifique\/aah-et-allocation-de-solidarite-specifique\/\">Lire la suite<\/a>\r\n\r\n"},"4":{"question":"Quel est le montant de l'ASS ?","answer":"En 2025, le montant journalier de l'ASS est de 19,33 euros."},"5":{"question":"Comment fonctionne le rechargement des droits P\u00f4le emploi ?","answer":"Le rechargement des droits P\u00f4le Emploi et applicable \u00e0 tout demandeur d'emploi reprenant une activit\u00e9 avant la fin de ses droits initiaux puis se retrouvant de nouveau au ch\u00f4mage. Ses droits \u00e0 l'ARE sont donc allong\u00e9s. Les nouveaux droits sont calcul\u00e9s et ajout\u00e9s \u00e0 la dur\u00e9e d'indemnisation initiale.\r\n<br> <a href=\"https:\/\/www.mes-allocs.fr\/guides\/pole-emploi\/allocation-de-solidarite-specifique\/aah-et-allocation-de-solidarite-specifique\/\">Lire la suite<\/a>\r\n"},"6":{"question":"Quel aide pour une invalidit\u00e9 de 2eme cat\u00e9gorie ?","answer":"Pour une invalidit\u00e9 de 2\u00e8me cat\u00e9gorie, vous pouvez pr\u00e9tendre \u00e0 des aides comme l'allocation suppl\u00e9mentaire d'invalidit\u00e9 (ASI) ; une rente d'incapacit\u00e9 permanente ou les allocations ch\u00f4mage."},"7":{"question":"","answer":""},"8":{"question":"","answer":""},"9":{"question":"","answer":""},"10":{"question":"","answer":""},"11":{"question":"","answer":""},"12":{"question":"","answer":""},"13":{"question":"","answer":""},"14":{"question":"","answer":""},"15":{"question":"","answer":""},"16":{"question":"","answer":""}}},"_links":{"self":[{"href":"https:\/\/www.mes-allocs.fr\/guides\/wp-json\/wp\/v2\/posts\/16503","targetHints":{"allow":["GET"]}}],"collection":[{"href":"https:\/\/www.mes-allocs.fr\/guides\/wp-json\/wp\/v2\/posts"}],"about":[{"href":"https:\/\/www.mes-allocs.fr\/guides\/wp-json\/wp\/v2\/types\/post"}],"author":[{"embeddable":true,"href":"https:\/\/www.mes-allocs.fr\/guides\/wp-json\/wp\/v2\/users\/9"}],"replies":[{"embeddable":true,"href":"https:\/\/www.mes-allocs.fr\/guides\/wp-json\/wp\/v2\/comments?post=16503"}],"version-history":[{"count":26,"href":"https:\/\/www.mes-allocs.fr\/guides\/wp-json\/wp\/v2\/posts\/16503\/revisions"}],"predecessor-version":[{"id":100998,"href":"https:\/\/www.mes-allocs.fr\/guides\/wp-json\/wp\/v2\/posts\/16503\/revisions\/100998"}],"wp:featuredmedia":[{"embeddable":true,"href":"https:\/\/www.mes-allocs.fr\/guides\/wp-json\/wp\/v2\/media\/16516"}],"wp:attachment":[{"href":"https:\/\/www.mes-allocs.fr\/guides\/wp-json\/wp\/v2\/media?parent=16503"}],"wp:term":[{"taxonomy":"category","embeddable":true,"href":"https:\/\/www.mes-allocs.fr\/guides\/wp-json\/wp\/v2\/categories?post=16503"},{"taxonomy":"post_tag","embeddable":true,"href":"https:\/\/www.mes-allocs.fr\/guides\/wp-json\/wp\/v2\/tags?post=16503"}],"curies":[{"name":"wp","href":"https:\/\/api.w.org\/{rel}","templated":true}]}}