{"id":16240,"date":"2020-12-16T08:47:01","date_gmt":"2020-12-16T08:47:01","guid":{"rendered":"https:\/\/www.mes-allocs.fr\/guides\/?p=16240"},"modified":"2026-01-06T16:50:32","modified_gmt":"2026-01-06T15:50:32","slug":"aspa-et-allocation-logement","status":"publish","type":"post","link":"https:\/\/www.mes-allocs.fr\/guides\/aspa\/cumul-aspa\/aspa-et-allocation-logement\/","title":{"rendered":"Peut-on cumuler ASPA et allocation logement en 2026 ?"},"content":{"rendered":"<p><a href=\"https:\/\/www.mes-allocs.fr\/guides\/wp-content\/uploads\/2020\/12\/elderly-man-3895215_1280.jpg\"><img loading=\"lazy\" decoding=\"async\" class=\"aligncenter wp-image-16426 size-full\" src=\"https:\/\/www.mes-allocs.fr\/guides\/wp-content\/uploads\/2020\/12\/elderly-man-3895215_1280-e1682665383310.jpg\" alt=\"Aspa et allocation logement, un cumul possible ?\" width=\"1280\" height=\"166\" srcset=\"https:\/\/www.mes-allocs.fr\/guides\/wp-content\/uploads\/2020\/12\/elderly-man-3895215_1280-e1682665383310.jpg 1280w, https:\/\/www.mes-allocs.fr\/guides\/wp-content\/uploads\/2020\/12\/elderly-man-3895215_1280-e1682665383310-300x39.jpg 300w, https:\/\/www.mes-allocs.fr\/guides\/wp-content\/uploads\/2020\/12\/elderly-man-3895215_1280-e1682665383310-1024x133.jpg 1024w, https:\/\/www.mes-allocs.fr\/guides\/wp-content\/uploads\/2020\/12\/elderly-man-3895215_1280-e1682665383310-768x100.jpg 768w, https:\/\/www.mes-allocs.fr\/guides\/wp-content\/uploads\/2020\/12\/elderly-man-3895215_1280-e1682665383310-600x78.jpg 600w\" sizes=\"auto, (max-width: 1280px) 100vw, 1280px\" \/><\/a><\/p>\n<p style=\"text-align: justify;\">[Mis \u00e0 jour le 06\/01\/2026] L&rsquo;<a href=\"https:\/\/www.mes-allocs.fr\/guides\/aspa\/\">ASPA<\/a> et l&rsquo;allocation logement sont deux types d&rsquo;aides qui permettent aux personnes en difficult\u00e9s financi\u00e8res de s&rsquo;en sortir. L&rsquo;ASPA est destin\u00e9e aux personnnes de plus de 65 ans (sauf exceptions) tandis que l&rsquo;allocation logement est accord\u00e9e aux personnes qui rencontrent des probl\u00e8mes pour se loger. Dans cet article, Mes Allocs vous explique si un cumul est possible entre l&rsquo;ASPA et l&rsquo;allocation logement.<\/p>\n<div class='cta-block'><div class='text'>Simulez toutes vos Aides Sociales en 2 min. Gratuit.<\/div><a href='https:\/\/www.mes-allocs.fr\/ab-app?origin=guides\/wp-json\/wp\/v2\/posts\/16240' class='app-button fit'>Simulation gratuite<\/a><\/div>\n<h1>Cumul ASPA et Allocation logement : est-ce possible ?<\/h1>\n<p>L&rsquo;ASPA et l&rsquo;allocation logement sont deux aides sociales distinctes et cumulables sous certaines conditions. L&rsquo;ASPA est destin\u00e9e aux personnes de plus de 65 ans ou de 60 ans pour les personnes reconnues inaptes au travail, qui <strong>ont des revenus modestes ou tr\u00e8s modestes<\/strong>. L&rsquo;Allocation logement est <strong>destin\u00e9e \u00e0 aider les personnes qui ont des difficult\u00e9s \u00e0 payer leur loyer<\/strong> ou leur pr\u00eat immobilier. Contrairement \u00e0 l&rsquo;ASPA, il n&rsquo;y a pas de conditions d&rsquo;\u00e2ge mais uniquement de revenus.<\/p>\n<h2>Les conditions pour cumuler l&rsquo;ASPA et l&rsquo;Allocation logement<\/h2>\n<p>Il est possible de cumuler l&rsquo;ASPA et l&rsquo;Allocation logement si vous respectez les conditions suivantes :<\/p>\n<ul>\n<li>R\u00e9sider en France de mani\u00e8re stable et effective<\/li>\n<li>\u00catre \u00e9ligible \u00e0 l&rsquo;ASPA<\/li>\n<li>\u00catre \u00e9ligible \u00e0 l&rsquo;Allocation logement<\/li>\n<li>Respecter les <strong>plafonds de ressources<\/strong>\u00a0en vigueur pour chaque aide<\/li>\n<li>Payer un <strong>loyer<\/strong> en statut de locataire ou colocataire d&rsquo;un logement<\/li>\n<li>Habiter dans un logement en <strong>r\u00e9sidence principale<\/strong><\/li>\n<\/ul>\n<p>Si vous avez besoin d&rsquo;\u00eatre accompagn\u00e9(e) dans vos d\u00e9marches administratives, n&rsquo;h\u00e9sitez pas <a href=\"https:\/\/www.mes-allocs.fr\/souscription\">\u00e0 faire appel \u00e0 un de nos experts<\/a>.<\/p>\n<h2>Le montant de l&rsquo;ASPA apr\u00e8s cumul des aides<\/h2>\n<p>Si vous \u00eates \u00e9ligible \u00e0 l&rsquo;ASPA et \u00e0 l&rsquo;Allocation logement, vous pouvez b\u00e9n\u00e9ficier des deux aides. Cependant, il est important de noter que le cumul peut r\u00e9duire consid\u00e9rablement le montant total que vous allez percevoir. En effet, <strong>le montant de l&rsquo;Allocation logement sera r\u00e9duit en fonction du montant de l&rsquo;ASPA per\u00e7u. <\/strong><\/p>\n<p>Pour rappel, le montant maximum de l&rsquo;ASPA varie en fonction de vos revenus et de votre situation familiale, \u00e0 savoir :<\/p>\n\n<div class=\"wpdt-c row wpDataTableContainerSimpleTable wpDataTables wpDataTablesWrapper\n\"\n    >\n    <table id=\"wpdtSimpleTable-236\"\n           class=\"wpdtSimpleTable wpDataTable\"\n           data-column=\"2\"\n           data-rows=\"3\"\n           data-wpID=\"236\"\n           data-responsive=\"0\"\n           data-has-header=\"1\">\n\n                    <thead>        <tr class=\"wpdt-cell-row \" >\n                            <th class=\"wpdt-cell wpdt-bold wpdt-bc-F3F9FE\"\n                                    data-cell-id=\"A1\"\n                data-col-index=\"0\"\n                data-row-index=\"0\"\n                style=\" width:48.448687350835%;                padding:10px;\"\n                >\n                                Situation familiale                <\/th>\n                                            <th class=\"wpdt-cell wpdt-bold wpdt-bc-F3F9FE\"\n                                    data-cell-id=\"B1\"\n                data-col-index=\"1\"\n                data-row-index=\"0\"\n                style=\" width:51.551312649165%;                padding:10px;\"\n                >\n                                Plafonds de ressources \u00e0 ne pas d\u00e9passer (brut par mois) :                <\/th>\n                                        <\/tr>\n                    <tbody>        <tr class=\"wpdt-cell-row \" >\n                            <td class=\"wpdt-cell \"\n                                    data-cell-id=\"A2\"\n                data-col-index=\"0\"\n                data-row-index=\"1\"\n                style=\"                padding:10px;\"\n                >\n                                Seul                <\/td>\n                                            <td class=\"wpdt-cell \"\n                                    data-cell-id=\"B2\"\n                data-col-index=\"1\"\n                data-row-index=\"1\"\n                style=\"                padding:10px;\"\n                >\n                                1 043,59 \u20ac                <\/td>\n                                        <\/tr>\n                            <tr class=\"wpdt-cell-row \" >\n                            <td class=\"wpdt-cell \"\n                                    data-cell-id=\"A3\"\n                data-col-index=\"0\"\n                data-row-index=\"2\"\n                style=\"                padding:10px;\"\n                >\n                                Couple                <\/td>\n                                            <td class=\"wpdt-cell \"\n                                    data-cell-id=\"B3\"\n                data-col-index=\"1\"\n                data-row-index=\"2\"\n                style=\"                padding:10px;\"\n                >\n                                1 620,18 \u20ac                <\/td>\n                                        <\/tr>\n                    <\/table>\n<\/div><style id='wpdt-custom-style-236'>\ntable#wpdtSimpleTable-236{ table-layout: fixed !important; }\n.wpdt-bc-F3F9FE { background-color: #F3F9FE !important;}\n<\/style>\n\n<p>Donc, si vous \u00eates seul et que vous percevez 600 \u20ac par mois d&rsquo;allocation logement, en cumulant cette somme avec l&rsquo;ASPA, vous obtiendrez un <strong>montant total de 443,59 \u20ac par mois<\/strong>. Le calcul est le suivant : 1 043,59 \u2013 600 = 443,59. En r\u00e9sum\u00e9, ce cumul n&rsquo;est \u00e9videmment pas rentable. Dans ce cas, il est recommand\u00e9 de choisir de recevoir la plus grande aide uniquement. Dans cet exemple, c&rsquo;est l&rsquo;Allocation logement.<\/p>\n<div class='cta-block'><div class='text'>Simulez toutes vos Aides Sociales en 2 min.<\/div><a href='https:\/\/www.mes-allocs.fr\/ab-app?origin=guides\/wp-json\/wp\/v2\/posts\/16240' class='app-button fit'>Simulation gratuite<\/a><\/div>\n<h2>Les d\u00e9marches pour le cumul de l&rsquo;ASPA et l&rsquo;Allocation logement<\/h2>\n<p>Pour cumuler l&rsquo;ASPA et l&rsquo;Allocation logement, il est n\u00e9cessaire d&rsquo;effectuer les d\u00e9marches suivantes :<\/p>\n<ul>\n<li><strong>Faire une demande d&rsquo;ASPA<\/strong> : en remplissant un formulaire envoy\u00e9 par votre caisse de retraite ou la MSA si vous d\u00e9pendez du r\u00e9gime agricole<\/li>\n<li><strong>Faire une demande d&rsquo;Allocation logement<\/strong> : aupr\u00e8s de la CAF dont vous d\u00e9pendez<\/li>\n<li><strong>Indiquer \u00e0 la CAF que vous percevez l&rsquo;ASPA<\/strong> : cette d\u00e9marche est obligatoire afin que la CAF ajuste le montant de l&rsquo;Allocation logement en cons\u00e9quence<\/li>\n<li><strong>Fournir les justificatifs demand\u00e9s<\/strong> (avis d&rsquo;imposition, quittance de loyer\u2026)<\/li>\n<\/ul>\n<p><iframe loading=\"lazy\" src=\"\/\/www.youtube.com\/embed\/kojbMo1597o\" width=\"560\" height=\"314\" allowfullscreen=\"allowfullscreen\"><\/iframe><\/p>\n<h1>Quelles sont les autres aides au logement cumulables avec l&rsquo;ASPA ?<\/h1>\n<p>En plus de l&rsquo;Allocation logement, il existe plusieurs aides au logement qui peuvent \u00eatre cumul\u00e9es avec l&rsquo;ASPA, \u00e0 savoir :<\/p>\n<ul>\n<li><strong>L&rsquo;APL<\/strong><\/li>\n<li><strong>L&rsquo;APA<\/strong><\/li>\n<li><strong>La prime d&rsquo;activit\u00e9 <\/strong>: aide li\u00e9e \u00e0 votre activit\u00e9 professionnelle<\/li>\n<li><strong>L&rsquo;AIL <\/strong><\/li>\n<li><strong>L&rsquo;aide du FSL<\/strong><\/li>\n<\/ul>\n<p>Nous allons voir comment cumuler chacune de ces aides avec l&rsquo;ASPA.<\/p>\n<h2>L&rsquo;ASPA et L&rsquo;APL<\/h2>\n<p>Pour cumuler l&rsquo;ASPA et l&rsquo;APL, il est n\u00e9cessaire de remplir les conditions d&rsquo;attribution de chaque aide. Ensuite, il faut suivre <strong>les m\u00eames d\u00e9marches<\/strong> que pour le cumul de l&rsquo;Allocation logement : faire une demande d&rsquo;ASPA aupr\u00e8s de votre caisse de retraite ou de la MSA, et une demande d&rsquo;APL aupr\u00e8s de la CAF. Il faut obligatoirement informer la CAF que vous percevez l&rsquo;ASPA afin que le montant de l&rsquo;APL soit ajust\u00e9 en cons\u00e9quence.<\/p>\n<h2>L&rsquo;ASPA et l&rsquo;APA<\/h2>\n<p>L&rsquo;APA est une aide destin\u00e9e aux personnes \u00e2g\u00e9es en perte d&rsquo;autonomie et qui ont besoin d&rsquo;aide pour les t\u00e2ches de la vie quotidienne (se laver, manger, s&rsquo;habiller\u2026). Si vous \u00eates \u00e9ligible \u00e0 l&rsquo;ASPA et l&rsquo;APA, vous pouvez cumuler ces deux aides. <strong>Attention ! le montant de l&rsquo;APA sera d\u00e9duit du montant de l&rsquo;ASPA.<\/strong><\/p>\n<p><em>Exemple : si vous \u00eates en couple et que vous percevez 900 \u20ac d&rsquo;APA par mois, avec le cumul des deux aides, vous obtiendrez un total de 592,08\u20ac par mois. L&rsquo;ASPA \u00e9tant de 1 620,18 \u20ac par mois pour les couples. Le calcul est le suivant : 1 620,18 \u2013 900 = 720,18. Il est donc pr\u00e9f\u00e9rable de ne pas cumuler ces aides dans ce cas-l\u00e0.<\/em><\/p>\n<h2>L&rsquo;ASPA et la prime d&rsquo;activit\u00e9<\/h2>\n<p>Sous certaines conditions, il est envisageable de cumuler l&rsquo;ASPA et la prime d&rsquo;activit\u00e9. Cependant, il est souvent difficile de <strong>r\u00e9pondre aux conditions d&rsquo;\u00e9ligibilit\u00e9 des deux aides<\/strong>. En effet, l&rsquo;ASPA est accord\u00e9e aux retrait\u00e9s d&rsquo;au moins 65 ans alors que la prime d&rsquo;activit\u00e9 est destin\u00e9e aux travailleurs \u00e0 faible revenu.<\/p>\n<p>Alors, pour b\u00e9n\u00e9ficier des deux aides simultan\u00e9ment, il faut se trouver dans l&rsquo;une des situations suivantes :<\/p>\n<ul>\n<li>Vous \u00eates retrait\u00e9 \u00e2g\u00e9<strong> d&rsquo;au moins 65 ans <\/strong>et vous continuez d&rsquo;exercer une activit\u00e9 professionnelle \u00e0 faibles revenus<\/li>\n<li>Vous \u00eates en situation de handicap et vous \u00eates en incapacit\u00e9 permanente d&rsquo;<strong>au moins 80 %<\/strong><\/li>\n<li>Vous \u00eates <strong>apatrides ou r\u00e9fugi\u00e9s<\/strong> et vous r\u00e9pondez aux conditions d&rsquo;attribution de l&rsquo;ASPA<\/li>\n<li>Vous \u00eates <strong>ancien combattant ou \u00e9tranger<\/strong> ayant combattu pour la France<\/li>\n<\/ul>\n<p>Ces exceptions permettent d&rsquo;\u00e9chapper \u00e0 la condition de l&rsquo;\u00e2ge et aux plafonds de ressource fix\u00e9s pour obtenir l&rsquo;ASPA. Dans les situations pr\u00e9c\u00e9dentes, vous pouvez donc cumuler l&rsquo;ASPA et la prime d&rsquo;activit\u00e9. N\u00e9anmoins, <strong>cette derni\u00e8re sera r\u00e9duite du montant de l&rsquo;ASPA<\/strong>.<\/p>\n<h2>L&rsquo;ASPA et l&rsquo;AIL<\/h2>\n<p>L&rsquo;AIL (Allocation d&rsquo;Insertion et de Logement) est une aide financi\u00e8re pour les jeunes de moins de 25 ans en <strong>situation de pr\u00e9carit\u00e9<\/strong> et de vuln\u00e9rabilit\u00e9 sociale qui cherchent \u00e0 s&rsquo;installer dans un logement autonome. Pour pouvoir b\u00e9n\u00e9ficier des deux aides, il est n\u00e9cessaire de remplir les conditions d&rsquo;attribution de chaque prestation.<\/p>\n<p>Le plus important est de respecter les plafonds de ressource fix\u00e9s pour chaque aide. En sachant que les ressources prises en compte par l&rsquo;ASPA et l&rsquo;AIL sont diff\u00e9rentes. Les ressources prises en compte par l&rsquo;AIL sont <strong>les revenus des 12 derniers mois pr\u00e9c\u00e9dant la demande d&rsquo;aide<\/strong>. Tandis que pour l&rsquo;ASPA, les ressources prises en compte sont les suivantes :<\/p>\n\n<div class=\"wpdt-c row wpDataTableContainerSimpleTable wpDataTables wpDataTablesWrapper\n\"\n    >\n    <table id=\"wpdtSimpleTable-237\"\n           class=\"wpdtSimpleTable wpDataTable\"\n           data-column=\"2\"\n           data-rows=\"15\"\n           data-wpID=\"237\"\n           data-responsive=\"0\"\n           data-has-header=\"1\">\n\n                    <thead>        <tr class=\"wpdt-cell-row \" >\n                            <th class=\"wpdt-cell wpdt-bold wpdt-bc-F3F9FE\"\n                                    data-cell-id=\"A1\"\n                data-col-index=\"0\"\n                data-row-index=\"0\"\n                style=\" width:49.445676274945%;                padding:10px;\"\n                >\n                                Ressources prises en compte                <\/th>\n                                            <th class=\"wpdt-cell wpdt-bold wpdt-bc-F3F9FE\"\n                                    data-cell-id=\"B1\"\n                data-col-index=\"1\"\n                data-row-index=\"0\"\n                style=\" width:50.554323725055%;                padding:10px;\"\n                >\n                                Ressources qui ne sont pas prises en compte                <\/th>\n                                        <\/tr>\n                    <tbody>        <tr class=\"wpdt-cell-row \" >\n                            <td class=\"wpdt-cell \"\n                                    data-cell-id=\"A2\"\n                data-col-index=\"0\"\n                data-row-index=\"1\"\n                style=\"                padding:10px;\"\n                >\n                                Biens que vous avez donn\u00e9 \u00e0 un tiers                <\/td>\n                                            <td class=\"wpdt-cell \"\n                                    data-cell-id=\"B2\"\n                data-col-index=\"1\"\n                data-row-index=\"1\"\n                style=\"                padding:10px;\"\n                >\n                                AAH (sauf exceptions)                <\/td>\n                                        <\/tr>\n                            <tr class=\"wpdt-cell-row \" >\n                            <td class=\"wpdt-cell \"\n                                    data-cell-id=\"A3\"\n                data-col-index=\"0\"\n                data-row-index=\"2\"\n                style=\"                padding:10px;\"\n                >\n                                Pension alimentaire                <\/td>\n                                            <td class=\"wpdt-cell \"\n                                    data-cell-id=\"B3\"\n                data-col-index=\"1\"\n                data-row-index=\"2\"\n                style=\"                padding:10px;\"\n                >\n                                ALS                <\/td>\n                                        <\/tr>\n                            <tr class=\"wpdt-cell-row \" >\n                            <td class=\"wpdt-cell \"\n                                    data-cell-id=\"A4\"\n                data-col-index=\"0\"\n                data-row-index=\"3\"\n                style=\"                padding:10px;\"\n                >\n                                Pension d'invalidit\u00e9                <\/td>\n                                            <td class=\"wpdt-cell \"\n                                    data-cell-id=\"B4\"\n                data-col-index=\"1\"\n                data-row-index=\"3\"\n                style=\"                padding:10px;\"\n                >\n                                APL                <\/td>\n                                        <\/tr>\n                            <tr class=\"wpdt-cell-row \" >\n                            <td class=\"wpdt-cell \"\n                                    data-cell-id=\"A5\"\n                data-col-index=\"0\"\n                data-row-index=\"4\"\n                style=\"                padding:10px;\"\n                >\n                                Pension de retraite                <\/td>\n                                            <td class=\"wpdt-cell \"\n                                    data-cell-id=\"B5\"\n                data-col-index=\"1\"\n                data-row-index=\"4\"\n                style=\"                padding:10px;\"\n                >\n                                Aide en esp\u00e8ces ou en nature, non d\u00e9termin\u00e9e par une d\u00e9cision de justice                <\/td>\n                                        <\/tr>\n                            <tr class=\"wpdt-cell-row \" >\n                            <td class=\"wpdt-cell \"\n                                    data-cell-id=\"A6\"\n                data-col-index=\"0\"\n                data-row-index=\"5\"\n                style=\"                padding:10px;\"\n                >\n                                Revenu des biens mobiliers et immobiliers (pour 3 % de leur valeur v\u00e9nale fix\u00e9e \u00e0 la date de la demande d'ASPA)                <\/td>\n                                            <td class=\"wpdt-cell \"\n                                    data-cell-id=\"B6\"\n                data-col-index=\"1\"\n                data-row-index=\"5\"\n                style=\"                padding:10px;\"\n                >\n                                APA                <\/td>\n                                        <\/tr>\n                            <tr class=\"wpdt-cell-row \" >\n                            <td class=\"wpdt-cell \"\n                                    data-cell-id=\"A7\"\n                data-col-index=\"0\"\n                data-row-index=\"6\"\n                style=\"                padding:10px;\"\n                >\n                                Revenu professionnel                <\/td>\n                                            <td class=\"wpdt-cell \"\n                                    data-cell-id=\"B7\"\n                data-col-index=\"1\"\n                data-row-index=\"6\"\n                style=\"                padding:10px;\"\n                >\n                                Allocation de reconnaissance et viag\u00e8re aux anciens suppl\u00e9tifs et assimil\u00e9s                <\/td>\n                                        <\/tr>\n                            <tr class=\"wpdt-cell-row \" >\n                            <td class=\"wpdt-cell \"\n                                    data-cell-id=\"A8\"\n                data-col-index=\"0\"\n                data-row-index=\"7\"\n                style=\"                padding:10px;\"\n                >\n                                x                <\/td>\n                                            <td class=\"wpdt-cell \"\n                                    data-cell-id=\"B8\"\n                data-col-index=\"1\"\n                data-row-index=\"7\"\n                style=\"                padding:10px;\"\n                >\n                                Bourses de l'Etat ou du CROUS                <\/td>\n                                        <\/tr>\n                            <tr class=\"wpdt-cell-row \" >\n                            <td class=\"wpdt-cell \"\n                                    data-cell-id=\"A9\"\n                data-col-index=\"0\"\n                data-row-index=\"8\"\n                style=\"                padding:10px;\"\n                >\n                                x                <\/td>\n                                            <td class=\"wpdt-cell \"\n                                    data-cell-id=\"B9\"\n                data-col-index=\"1\"\n                data-row-index=\"8\"\n                style=\"                padding:10px;\"\n                >\n                                MTP                <\/td>\n                                        <\/tr>\n                            <tr class=\"wpdt-cell-row \" >\n                            <td class=\"wpdt-cell \"\n                                    data-cell-id=\"A10\"\n                data-col-index=\"0\"\n                data-row-index=\"9\"\n                style=\"                padding:10px;\"\n                >\n                                x                <\/td>\n                                            <td class=\"wpdt-cell \"\n                                    data-cell-id=\"B10\"\n                data-col-index=\"1\"\n                data-row-index=\"9\"\n                style=\"                padding:10px;\"\n                >\n                                Pensions li\u00e9es \u00e0 une distinction honorifique (m\u00e9daille militaire, l\u00e9gion d'honneur...)                <\/td>\n                                        <\/tr>\n                            <tr class=\"wpdt-cell-row \" >\n                            <td class=\"wpdt-cell \"\n                                    data-cell-id=\"A11\"\n                data-col-index=\"0\"\n                data-row-index=\"10\"\n                style=\"                padding:10px;\"\n                >\n                                x                <\/td>\n                                            <td class=\"wpdt-cell \"\n                                    data-cell-id=\"B11\"\n                data-col-index=\"1\"\n                data-row-index=\"10\"\n                style=\"                padding:10px;\"\n                >\n                                PCRTP                <\/td>\n                                        <\/tr>\n                            <tr class=\"wpdt-cell-row \" >\n                            <td class=\"wpdt-cell \"\n                                    data-cell-id=\"A12\"\n                data-col-index=\"0\"\n                data-row-index=\"11\"\n                style=\"                padding:10px;\"\n                >\n                                x                <\/td>\n                                            <td class=\"wpdt-cell \"\n                                    data-cell-id=\"B12\"\n                data-col-index=\"1\"\n                data-row-index=\"11\"\n                style=\"                padding:10px;\"\n                >\n                                PCH                <\/td>\n                                        <\/tr>\n                            <tr class=\"wpdt-cell-row \" >\n                            <td class=\"wpdt-cell \"\n                                    data-cell-id=\"A13\"\n                data-col-index=\"0\"\n                data-row-index=\"12\"\n                style=\"                padding:10px;\"\n                >\n                                x                <\/td>\n                                            <td class=\"wpdt-cell \"\n                                    data-cell-id=\"B13\"\n                data-col-index=\"1\"\n                data-row-index=\"12\"\n                style=\"                padding:10px;\"\n                >\n                                Prestations familiales                <\/td>\n                                        <\/tr>\n                            <tr class=\"wpdt-cell-row \" >\n                            <td class=\"wpdt-cell \"\n                                    data-cell-id=\"A14\"\n                data-col-index=\"0\"\n                data-row-index=\"13\"\n                style=\"                padding:10px;\"\n                >\n                                x                <\/td>\n                                            <td class=\"wpdt-cell \"\n                                    data-cell-id=\"B14\"\n                data-col-index=\"1\"\n                data-row-index=\"13\"\n                style=\"                padding:10px;\"\n                >\n                                Retraite du combattant                <\/td>\n                                        <\/tr>\n                            <tr class=\"wpdt-cell-row \" >\n                            <td class=\"wpdt-cell \"\n                                    data-cell-id=\"A15\"\n                data-col-index=\"0\"\n                data-row-index=\"14\"\n                style=\"                padding:10px;\"\n                >\n                                x                <\/td>\n                                            <td class=\"wpdt-cell \"\n                                    data-cell-id=\"B15\"\n                data-col-index=\"1\"\n                data-row-index=\"14\"\n                style=\"                padding:10px;\"\n                >\n                                Valeur de votre r\u00e9sidence principale                <\/td>\n                                        <\/tr>\n                    <\/table>\n<\/div><style id='wpdt-custom-style-237'>\ntable#wpdtSimpleTable-237{ table-layout: fixed !important; }\n.wpdt-bc-F3F9FE { background-color: #F3F9FE !important;}\n<\/style>\n\n<p>Si vous respectez les plafonds de ressource de chacune des aides, vous pouvez cumuler l&rsquo;ASPA et l&rsquo;AIL. Cependant, il est important de v\u00e9rifier si le cumul des deux aides est avantageux pour votre situation financi\u00e8re.<\/p>\n<div class='cta-block'><div class='text'>Simulez toutes vos Aides Sociales en 2 min.<\/div><a href='https:\/\/www.mes-allocs.fr\/ab-app?origin=guides\/wp-json\/wp\/v2\/posts\/16240' class='app-button fit'>Simulation gratuite<\/a><\/div>\n","protected":false},"excerpt":{"rendered":"<p>[Mis \u00e0 jour le 06\/01\/2026] L&rsquo;ASPA et l&rsquo;allocation logement sont deux types d&rsquo;aides qui permettent aux personnes en difficult\u00e9s financi\u00e8res de s&rsquo;en sortir. L&rsquo;ASPA est destin\u00e9e aux personnnes de plus de 65 ans (sauf exceptions) tandis que l&rsquo;allocation logement est accord\u00e9e aux personnes qui rencontrent des probl\u00e8mes pour se loger. Dans cet article, Mes Allocs [&hellip;]<\/p>\n","protected":false},"author":9,"featured_media":16426,"comment_status":"open","ping_status":"open","sticky":false,"template":"","format":"standard","meta":{"amp_status":"","footnotes":""},"categories":[3649,3653],"tags":[],"class_list":["post-16240","post","type-post","status-publish","format-standard","has-post-thumbnail","hentry","category-aspa","category-cumul-aspa"],"yoast_head":"<!-- This site is optimized with the Yoast SEO plugin v14.9 - https:\/\/yoast.com\/wordpress\/plugins\/seo\/ -->\n<title>Peut-on cumuler ASPA et allocation logement en 2026 ? | Mes-Allocs.fr<\/title>\n<meta name=\"description\" content=\"L&#039;ASPA est une allocation pour les personnes \u00e2g\u00e9es. Sous conditions, elle est cumulable avec l&#039;Allocation logement. Mes Allocs vous explique.\" \/>\n<meta name=\"robots\" content=\"index, follow, max-snippet:-1, max-image-preview:large, max-video-preview:-1\" \/>\n<link rel=\"canonical\" href=\"https:\/\/www.mes-allocs.fr\/guides\/aspa\/cumul-aspa\/aspa-et-allocation-logement\/\" \/>\n<meta property=\"og:locale\" content=\"fr_FR\" \/>\n<meta property=\"og:type\" content=\"article\" \/>\n<meta property=\"og:title\" content=\"Peut-on cumuler ASPA et allocation logement en 2026 ? | Mes-Allocs.fr\" \/>\n<meta property=\"og:description\" content=\"L&#039;ASPA est une allocation pour les personnes \u00e2g\u00e9es. Sous conditions, elle est cumulable avec l&#039;Allocation logement. Mes Allocs vous explique.\" \/>\n<meta property=\"og:url\" content=\"https:\/\/www.mes-allocs.fr\/guides\/aspa\/cumul-aspa\/aspa-et-allocation-logement\/\" \/>\n<meta property=\"og:site_name\" content=\"Mes-Allocs.fr\" \/>\n<meta property=\"article:published_time\" content=\"2020-12-16T08:47:01+00:00\" \/>\n<meta property=\"article:modified_time\" content=\"2026-01-06T15:50:32+00:00\" \/>\n<meta property=\"og:image\" content=\"https:\/\/www.mes-allocs.fr\/guides\/wp-content\/uploads\/2020\/12\/elderly-man-3895215_1280-e1682665383310.jpg?wsr\" \/>\n\t<meta property=\"og:image:width\" content=\"1280\" \/>\n\t<meta property=\"og:image:height\" content=\"166\" \/>\n<meta name=\"twitter:card\" content=\"summary_large_image\" \/>\n<script type=\"application\/ld+json\" class=\"yoast-schema-graph\">{\"@context\":\"https:\/\/schema.org\",\"@graph\":[{\"@type\":\"WebSite\",\"@id\":\"https:\/\/www.mes-allocs.fr\/guides\/#website\",\"url\":\"https:\/\/www.mes-allocs.fr\/guides\/\",\"name\":\"Mes-Allocs.fr\",\"description\":\"\",\"potentialAction\":[{\"@type\":\"SearchAction\",\"target\":\"https:\/\/www.mes-allocs.fr\/guides\/?s={search_term_string}\",\"query-input\":\"required name=search_term_string\"}],\"inLanguage\":\"fr-FR\"},{\"@type\":\"ImageObject\",\"@id\":\"https:\/\/www.mes-allocs.fr\/guides\/aspa\/cumul-aspa\/aspa-et-allocation-logement\/#primaryimage\",\"inLanguage\":\"fr-FR\",\"url\":\"https:\/\/www.mes-allocs.fr\/guides\/wp-content\/uploads\/2020\/12\/elderly-man-3895215_1280-e1682665383310.jpg?wsr\",\"width\":1280,\"height\":166,\"caption\":\"elderly man 3895215 1280 e1607438202639\"},{\"@type\":\"WebPage\",\"@id\":\"https:\/\/www.mes-allocs.fr\/guides\/aspa\/cumul-aspa\/aspa-et-allocation-logement\/#webpage\",\"url\":\"https:\/\/www.mes-allocs.fr\/guides\/aspa\/cumul-aspa\/aspa-et-allocation-logement\/\",\"name\":\"Peut-on cumuler ASPA et allocation logement en 2026 ? | Mes-Allocs.fr\",\"isPartOf\":{\"@id\":\"https:\/\/www.mes-allocs.fr\/guides\/#website\"},\"primaryImageOfPage\":{\"@id\":\"https:\/\/www.mes-allocs.fr\/guides\/aspa\/cumul-aspa\/aspa-et-allocation-logement\/#primaryimage\"},\"datePublished\":\"2020-12-16T08:47:01+00:00\",\"dateModified\":\"2026-01-06T15:50:32+00:00\",\"author\":{\"@id\":\"https:\/\/www.mes-allocs.fr\/guides\/#\/schema\/person\/e4e762c89158b34a332446d26f02fd56\"},\"description\":\"L'ASPA est une allocation pour les personnes \\u00e2g\\u00e9es. Sous conditions, elle est cumulable avec l'Allocation logement. Mes Allocs vous explique.\",\"inLanguage\":\"fr-FR\"},{\"@type\":\"Person\",\"@id\":\"https:\/\/www.mes-allocs.fr\/guides\/#\/schema\/person\/e4e762c89158b34a332446d26f02fd56\",\"name\":\"Marylou\",\"image\":{\"@type\":\"ImageObject\",\"@id\":\"https:\/\/www.mes-allocs.fr\/guides\/#personlogo\",\"inLanguage\":\"fr-FR\",\"url\":\"https:\/\/www.mes-allocs.fr\/guides\/wp-content\/uploads\/2021\/06\/marylou-150x150.png\",\"caption\":\"Marylou\"},\"description\":\"Marylou est r\\u00e9dactrice au sein de l'\\u00e9quipe Mes Allocs, sp\\u00e9cialiste des sujets de soci\\u00e9t\\u00e9 en g\\u00e9n\\u00e9ral. Dipl\\u00f4m\\u00e9e de l'Institut Sup\\u00e9rieur de Formation au Journalisme, elle rejoint Mes Allocs apr\\u00e8s cr\\u00e9\\u00e9 son premier blog personnel.\",\"sameAs\":[\"https:\/\/www.linkedin.com\/in\/marylou-pr\\u00e9vost\"]}]}<\/script>\n<!-- \/ Yoast SEO plugin. -->","amp_validity":null,"acf":{"faq":{"1":{"question":"Quelles sont les aides au logement pour les retrait\u00e9s ? ","answer":"Les personnes retrait\u00e9s peuvent acc\u00e9der aux m\u00eames aides au logement que le reste de la population : APL (Aide personnalis\u00e9e au logement), ALS (Allocation de logement sociale) et ALF (Allocation de logement \u00e0 caract\u00e8re familial)."},"2":{"question":"Quels sont les plafonds pour toucher les APL en 2026 ? ","answer":"Pour percevoir l'APL, le plafond de ressource est fix\u00e9 en 2026 \u00e0 5 235 \u20ac pour une personne seule."},"3":{"question":"Comment est calculer l'APL ?","answer":"La formule de calcul de base est la suivante : Montant d'APL = L + C-PP, o\u00f9 : L : loyer principal mensuel que vous payez, pris en compte dans la limite du plafond ci-dessous. PP : participation personnelle de votre m\u00e9nage \u00e0 la d\u00e9pense de logement."},"4":{"question":"Qui peut b\u00e9n\u00e9ficier de l'ASPA ? ","answer":"Vous pouvez b\u00e9n\u00e9ficier de l'Aspa \u00e0 65 ans, ou avant si vous remplissez l'une des conditions suivantes : Justifier d'un taux d'incapacit\u00e9 permanente d'au moins 50 %, \u00catre reconnu inapte au travail et d\u00e9finitivement atteint d'un taux d'incapacit\u00e9 de 50 %, Percevoir une retraite anticip\u00e9e pour handicap"},"5":{"question":"Quand doit-on faire une demande d'ASPA ? ","answer":"La demande d'ASPA peut \u00eatre faite lorsque vous arrivez \u00e0 l'\u00e2ge de 65 ans, sauf si vous vous trouvez dans les cas qui \u00e9chappent \u00e0 cette r\u00e8gle."},"6":{"question":"Peut-on percevoir une retraite sans avoir travaill\u00e9 ? ","answer":"Oui, il est possible de percevoir un minimum de retraite sans n'avoir jamais travaill\u00e9. Les personnes n'ayant jamais travaill\u00e9 peuvent percevoir l'ASPA (anciennement le minimum vieillesse) \u00e0 partir de 65 ans. "},"7":{"question":"","answer":""},"8":{"question":"","answer":""},"9":{"question":"","answer":""},"10":{"question":"","answer":""},"11":{"question":"","answer":""},"12":{"question":"","answer":""},"13":{"question":"","answer":""},"14":{"question":"","answer":""},"15":{"question":"","answer":""},"16":{"question":"","answer":""}}},"_links":{"self":[{"href":"https:\/\/www.mes-allocs.fr\/guides\/wp-json\/wp\/v2\/posts\/16240","targetHints":{"allow":["GET"]}}],"collection":[{"href":"https:\/\/www.mes-allocs.fr\/guides\/wp-json\/wp\/v2\/posts"}],"about":[{"href":"https:\/\/www.mes-allocs.fr\/guides\/wp-json\/wp\/v2\/types\/post"}],"author":[{"embeddable":true,"href":"https:\/\/www.mes-allocs.fr\/guides\/wp-json\/wp\/v2\/users\/9"}],"replies":[{"embeddable":true,"href":"https:\/\/www.mes-allocs.fr\/guides\/wp-json\/wp\/v2\/comments?post=16240"}],"version-history":[{"count":21,"href":"https:\/\/www.mes-allocs.fr\/guides\/wp-json\/wp\/v2\/posts\/16240\/revisions"}],"predecessor-version":[{"id":107006,"href":"https:\/\/www.mes-allocs.fr\/guides\/wp-json\/wp\/v2\/posts\/16240\/revisions\/107006"}],"wp:featuredmedia":[{"embeddable":true,"href":"https:\/\/www.mes-allocs.fr\/guides\/wp-json\/wp\/v2\/media\/16426"}],"wp:attachment":[{"href":"https:\/\/www.mes-allocs.fr\/guides\/wp-json\/wp\/v2\/media?parent=16240"}],"wp:term":[{"taxonomy":"category","embeddable":true,"href":"https:\/\/www.mes-allocs.fr\/guides\/wp-json\/wp\/v2\/categories?post=16240"},{"taxonomy":"post_tag","embeddable":true,"href":"https:\/\/www.mes-allocs.fr\/guides\/wp-json\/wp\/v2\/tags?post=16240"}],"curies":[{"name":"wp","href":"https:\/\/api.w.org\/{rel}","templated":true}]}}