{"id":16191,"date":"2020-12-11T10:34:46","date_gmt":"2020-12-11T10:34:46","guid":{"rendered":"https:\/\/www.mes-allocs.fr\/guides\/?p=16191"},"modified":"2026-01-20T18:15:23","modified_gmt":"2026-01-20T17:15:23","slug":"aah-et-cmu","status":"publish","type":"post","link":"https:\/\/www.mes-allocs.fr\/guides\/aah\/cumul-aah\/aah-et-cmu\/","title":{"rendered":"Peut-on cumuler AAH et CMU en 2026 ?"},"content":{"rendered":"<p><a href=\"https:\/\/www.mes-allocs.fr\/guides\/wp-content\/uploads\/2020\/12\/pexels-marcus-aurelius-4064173-1.jpg\"><img loading=\"lazy\" decoding=\"async\" class=\"alignnone wp-image-16206 size-full\" title=\"Peut-on cumuler AAH et CMU ?\" src=\"https:\/\/www.mes-allocs.fr\/guides\/wp-content\/uploads\/2020\/12\/pexels-marcus-aurelius-4064173-1-e1685626659628.jpg\" alt=\"cumul AAH et CMU\" width=\"1280\" height=\"285\" srcset=\"https:\/\/www.mes-allocs.fr\/guides\/wp-content\/uploads\/2020\/12\/pexels-marcus-aurelius-4064173-1-e1685626659628.jpg 1280w, https:\/\/www.mes-allocs.fr\/guides\/wp-content\/uploads\/2020\/12\/pexels-marcus-aurelius-4064173-1-e1685626659628-300x67.jpg 300w, https:\/\/www.mes-allocs.fr\/guides\/wp-content\/uploads\/2020\/12\/pexels-marcus-aurelius-4064173-1-e1685626659628-1024x228.jpg 1024w, https:\/\/www.mes-allocs.fr\/guides\/wp-content\/uploads\/2020\/12\/pexels-marcus-aurelius-4064173-1-e1685626659628-768x171.jpg 768w, https:\/\/www.mes-allocs.fr\/guides\/wp-content\/uploads\/2020\/12\/pexels-marcus-aurelius-4064173-1-e1685626659628-600x134.jpg 600w\" sizes=\"auto, (max-width: 1280px) 100vw, 1280px\" \/><\/a><\/p>\n<p style=\"text-align: justify;\">[Mis \u00e0 jour le 20\/01\/2026] L&rsquo;AAH et la CMU-C sont deux aides financi\u00e8res bien distinctes. La premi\u00e8re vient en aide aux personnes en situation de handicap, qui vivent avec de faibles ressources. La seconde est une aide pour la sant\u00e9 et permet, dans certains cas, de b\u00e9n\u00e9ficier d&rsquo;une mutuelle gratuite. Le <a href=\"https:\/\/www.mes-allocs.fr\/guides\/aah\/cumul-aah\/aah-et-cmu\/\">cumul de l&rsquo;AAH avec d&rsquo;autres aides<\/a> est possible, mais est-ce\u00a0le cas avec la CMU ? Mes Allocs vous explique si vous pouvez cumuler <strong>AAH et CMU <\/strong>en 2026.<\/p>\n<div class='cta-block'><div class='text'>Simulez vos aides en 2 min. Gratuit.<\/div><a href='https:\/\/www.mes-allocs.fr\/ab-app?origin=guides\/wp-json\/wp\/v2\/posts\/16191' class='app-button fit'>Simulation gratuite<\/a><\/div>\n<h1>L&rsquo;AAH et la CMU sont-elles deux aides cumulables en 2026 ?<\/h1>\n<p>La r\u00e9ponse est <strong>oui<\/strong>. Si vous remplissez les conditions d&rsquo;\u00e9ligibilit\u00e9 \u00e0 chacune de ces aides, vous pouvez cumuler AAH et CSS (ex-CMU-C) gratuitement.<\/p>\n<h1>Les conditions pour recevoir l&rsquo;AAH<\/h1>\n<h2>Qu&rsquo;est-ce que l&rsquo;AAH ?<\/h2>\n<p style=\"text-align: justify;\">L&rsquo;Allocation aux Adultes Handicap\u00e9s AAH est une aide financi\u00e8re destin\u00e9e aux personnes en situation de handicap qui leur offre un minimum de ressources. Cette aide est vers\u00e9e par la CAF ou les caisses de Mutualit\u00e9 Sociale Agricole.<\/p>\n<h2>Quelles sont les conditions g\u00e9n\u00e9rales pour toucher l&rsquo;AAH ?<a href=\"https:\/\/www.mes-allocs.fr\/guides\/wp-content\/uploads\/2020\/12\/list-2389219_1280-1.png\"><img loading=\"lazy\" decoding=\"async\" class=\"alignright wp-image-16209 size-medium\" title=\"Quelles sont les conditions g\u00e9n\u00e9rales pour toucher l'AAH ?\" src=\"https:\/\/www.mes-allocs.fr\/guides\/wp-content\/uploads\/2020\/12\/list-2389219_1280-1-300x300.png\" alt=\"cumul AAH et CMU\" width=\"300\" height=\"300\" srcset=\"https:\/\/www.mes-allocs.fr\/guides\/wp-content\/uploads\/2020\/12\/list-2389219_1280-1-300x300.png 300w, https:\/\/www.mes-allocs.fr\/guides\/wp-content\/uploads\/2020\/12\/list-2389219_1280-1-1024x1024.png 1024w, https:\/\/www.mes-allocs.fr\/guides\/wp-content\/uploads\/2020\/12\/list-2389219_1280-1-150x150.png 150w, https:\/\/www.mes-allocs.fr\/guides\/wp-content\/uploads\/2020\/12\/list-2389219_1280-1-768x768.png 768w, https:\/\/www.mes-allocs.fr\/guides\/wp-content\/uploads\/2020\/12\/list-2389219_1280-1-600x600.png 600w, https:\/\/www.mes-allocs.fr\/guides\/wp-content\/uploads\/2020\/12\/list-2389219_1280-1.png 1280w\" sizes=\"auto, (max-width: 300px) 100vw, 300px\" \/><\/a><\/h2>\n<p>Pour \u00eatre b\u00e9n\u00e9ficiaire de l&rsquo; AAH vous devez remplir une des conditions suivantes :<\/p>\n<ul id=\"d974e22\">\n<li style=\"text-align: justify;\"><strong>\u00catre citoyen de l&rsquo;Union europ\u00e9enne, de l\u2019Espace \u00e9conomique europ\u00e9en ou de la Suisse<\/strong>. Vous devez donc remplir les conditions de droit au s\u00e9jour ;<\/li>\n<li style=\"text-align: justify;\"><strong>\u00catre \u00e9tranger non citoyen de l&rsquo;Union europ\u00e9enne, de l&rsquo;Espace \u00e9conomique europ\u00e9en ou de la Suisse<\/strong>. Vous devez alors fournir \u00e0 la Caf un titre de s\u00e9jour en cours de validit\u00e9, qui prouve que vous \u00eates en situation r\u00e9guli\u00e8re en France ainsi que vos enfants si vous en avez.<\/li>\n<\/ul>\n<p>Pour toucher l&rsquo;AAH, vous pouvez faire une demande aupr\u00e8s de la CAF ou de la Maison d\u00e9partementale des personne handicap\u00e9es (MDPH).<\/p>\n<h2>Y a-t-il un \u00e2ge minimum pour toucher l&rsquo;AAH ?<\/h2>\n<p>Pour pouvoir toucher la l&rsquo;AAH, vous devez avoir l&rsquo;\u00e2ge l\u00e9gal:<\/p>\n<ul>\n<li>20 ans minimum,<\/li>\n<li>16 ans minimum, seulement si vous n&rsquo;avez plus le droit aux allocations familiales.<\/li>\n<\/ul>\n<h2>Quel est le taux minimum d&rsquo;incapacit\u00e9 pour y avoir droit ?<\/h2>\n<p style=\"text-align: justify;\">Il existe un taux minimum d&rsquo;incapacit\u00e9 pour avoir l&rsquo; Allocation adulte handicap\u00e9. Vous devez :<\/p>\n<ul>\n<li style=\"text-align: justify;\">Pr\u00e9senter une incapacit\u00e9 permanente d\u2019au moins 80 % ;<\/li>\n<li style=\"text-align: justify;\">Ou avoir un taux d\u2019incapacit\u00e9 compris entre 50 et 80 %, et avoir une restriction substantielle et durable pour l\u2019acc\u00e8s \u00e0 l\u2019emploi.<\/li>\n<\/ul>\n<h1>L&rsquo;AHH et les autres aides<\/h1>\n<p style=\"text-align: justify;\"><a href=\"https:\/\/www.mes-allocs.fr\/guides\/aah\/cumul-aah\/aah-et-rsa\/\">AAH et Revenu de Solidarit\u00e9 Active (RSA)<\/a> sont cumulables. Par cons\u00e9quent l&rsquo;AAH fera partie des ressources prises en compte dans le calcul du RSA. Le RSA comme l&rsquo;AAH est soumis \u00e0 des conditions de ressources. L\u2019AAH est soumise \u00e0 des\u00a0 conditions de revenus et d\u2019incapacit\u00e9, d\u2019\u00e2ge et de logement (forfait logement).<\/p>\n<p style=\"text-align: justify;\">Vous pouvez b\u00e9n\u00e9ficier de la MVA (Majoration pour Vie Autonome) si vous :<\/p>\n<ul id=\"d781e80\">\n<li style=\"text-align: justify;\">avez une incapacit\u00e9 d&rsquo;au moins 80 % ;<\/li>\n<li>b\u00e9n\u00e9ficiez de l\u2019AAH \u00e0 taux plein ou en compl\u00e9ment d\u2019une pension ;<\/li>\n<li>n\u2019exercez pas d\u2019activit\u00e9 professionnelle ;<\/li>\n<li>habitez un <span class=\"sidocLink\">logement ind\u00e9pendant\u00a0<\/span>pour lequel vous b\u00e9n\u00e9ficiez d\u2019une aide au logement.<\/li>\n<\/ul>\n<div class='cta-block'><div class='text'>Simulez vos aides en 2 min. Gratuit.<\/div><a href='https:\/\/www.mes-allocs.fr\/ab-app?origin=guides\/wp-json\/wp\/v2\/posts\/16191' class='app-button fit'>Simulation gratuite<\/a><\/div>\n<h1>Le montant de l&rsquo;AAH<\/h1>\n<h2>Comment est calcul\u00e9e l&rsquo;AAH ?<a href=\"https:\/\/www.mes-allocs.fr\/guides\/wp-content\/uploads\/2020\/12\/pexels-agung-pandit-wiguna-1128316-2-1.jpg\"><img loading=\"lazy\" decoding=\"async\" class=\"alignright wp-image-16210\" title=\"Comment est calcul\u00e9 l'AAH ?\" src=\"https:\/\/www.mes-allocs.fr\/guides\/wp-content\/uploads\/2020\/12\/pexels-agung-pandit-wiguna-1128316-2-1-300x218.jpg\" alt=\"cumul AAH et CMU\" width=\"308\" height=\"224\" srcset=\"https:\/\/www.mes-allocs.fr\/guides\/wp-content\/uploads\/2020\/12\/pexels-agung-pandit-wiguna-1128316-2-1-300x218.jpg 300w, https:\/\/www.mes-allocs.fr\/guides\/wp-content\/uploads\/2020\/12\/pexels-agung-pandit-wiguna-1128316-2-1-1024x746.jpg 1024w, https:\/\/www.mes-allocs.fr\/guides\/wp-content\/uploads\/2020\/12\/pexels-agung-pandit-wiguna-1128316-2-1-768x559.jpg 768w, https:\/\/www.mes-allocs.fr\/guides\/wp-content\/uploads\/2020\/12\/pexels-agung-pandit-wiguna-1128316-2-1-600x437.jpg 600w, https:\/\/www.mes-allocs.fr\/guides\/wp-content\/uploads\/2020\/12\/pexels-agung-pandit-wiguna-1128316-2-1.jpg 1280w\" sizes=\"auto, (max-width: 308px) 100vw, 308px\" \/><\/a><\/h2>\n<p id=\"d261206e103\">Le montant de l&rsquo;allocation aux adultes handicap\u00e9s varie en fonction des :<\/p>\n<ul id=\"d261206e106\">\n<li>Revenus d\u2019activit\u00e9. Le montant de votre AAH sera calcul\u00e9 en fonction d\u2019une partie de vos revenus ;<\/li>\n<li>Pensions (invalidit\u00e9, retraite, rente d\u2019accident du travail). Vous recevrez la diff\u00e9rence entre le montant de votre pension et le montant maximum de l\u2019AAH. Les pensions d&rsquo;invalidit\u00e9, de retraite ou les rentes accident du travail sont vers\u00e9es prioritairement sur l&rsquo;AAH ;<\/li>\n<li>Hospitalisations ou admissions en Maison d&rsquo;accueil sp\u00e9cialis\u00e9e ;<\/li>\n<li>Situations familiales et professionnelles. Si vous \u00eates en couple, les ressources de votre conjoint sont prises en compte.<\/li>\n<\/ul>\n<h3>Si vous ne travaillez pas<\/h3>\n<ul id=\"d964e85\">\n<li>et si vous n&rsquo;avez pas eu de ressources pendant l&rsquo;ann\u00e9e 2024 (pour une demande en 2026), vous recevrez le montant maximum de l&rsquo;AAH qui est de <b>1 033,32<\/b><b>\u00a0<\/b><strong><span class=\"prix\">\u20ac<\/span><\/strong>\u00a0 ;<\/li>\n<li>et que vous touchez une pension ou une rente, vous percevez la diff\u00e9rence entre le montant de votre pension ou rente et les <b>1 033,32<\/b><strong><span class=\"prix\">\u20ac<\/span><\/strong>.<\/li>\n<\/ul>\n<ul id=\"d964e92\"><\/ul>\n<h3>Si vous exercez une activit\u00e9 professionnelle<\/h3>\n<ul id=\"d964e98\">\n<li style=\"text-align: justify;\">En milieu ordinaire : vos revenus professionnels ne sont pas pris en compte pendant vos 6 premiers mois de travail pour le calcul de votre AAH. Durant cette p\u00e9riode, vous percevez donc l&rsquo;int\u00e9gralit\u00e9 de votre AAH. Apr\u00e8s les 6 mois, votre AAH est r\u00e9duite. Pour calculer votre AAH, la <abbr tabindex=\"0\" title=\"\" data-acronyme=\"R24582\" data-original-title=\"Caf\u00a0:\u00a0Caisse d'allocations familiales\">Caf<\/abbr> prend en compte vos revenus puis effectue un abattement.<\/li>\n<li style=\"text-align: justify;\">Dans un \u00c9sat, vous percevez une r\u00e9mun\u00e9ration garantie (salaire vers\u00e9 en \u00c9sat) variant entre 55 % et 110 % du Smic horaire.<\/li>\n<\/ul>\n<h3>Vous \u00eates hospitalis\u00e9 ou h\u00e9berg\u00e9 en maison d&rsquo;accueil sp\u00e9cialis\u00e9e (Mas)<\/h3>\n<ul>\n<li>Pendant moins de 60 jours. Vous continuez \u00e0 percevoir l&rsquo;AAH \u00e0 taux plein, soit <b>1 033,32<\/b><b>\u00a0<\/b><strong><span class=\"prix\">\u20ac<\/span><\/strong>\u00a0par mois.<\/li>\n<\/ul>\n<div class=\"choice-tree-item\">\n<div class=\"choice-tree-previous-choice\">\n<ul>\n<li id=\"choice-tree-item-1-1\" class=\"choice-tree-title\" style=\"text-align: justify;\"><span class=\"choice-tree-previous-choice-title printArea\">Plus de 60 jours . <\/span>Le montant de l&rsquo;AAH est r\u00e9duit \u00e0 30 %, soit <strong>310<span class=\"prix\">\u00a0\u20ac<\/span><\/strong> par mois. Cette r\u00e9duction ne s&rsquo;applique pas si vous payez un forfait journalier (<span class=\"prix\">20\u00a0\u20ac<\/span> par jour), si vous avez un enfant \u00e0 charge ou encore si la personne avec qui vous vivez en couple ne travaille pas pour un motif reconnu par la CDAPH.<\/li>\n<\/ul>\n<p>Apr\u00e8s votre hospitalisation ou votre h\u00e9bergement en maison d&rsquo;accueil sp\u00e9cialis\u00e9e, vous recevrez \u00e0 nouveau l&rsquo;AAH \u00e0 taux plein.<\/p>\n<h3>Vous \u00eates incarc\u00e9r\u00e9<\/h3>\n<\/div>\n<\/div>\n<div class=\"choice-tree-item no-print\">\n<div class=\"choice-tree-item-demarche printArea\" data-test=\"choiceTreeResult\">\n<div class=\"choice-tree-list-answer\">\n<ul>\n<li>Pendant moins de 60 jours. Vous continuez \u00e0 percevoir l&rsquo;AAH \u00e0 taux plein, soit <b>1 033,32 <\/b><strong><span class=\"prix\">\u20ac<\/span><\/strong>\u00a0par mois.<\/li>\n<\/ul>\n<div class=\"choice-tree-item\">\n<div class=\"choice-tree-previous-choice\">\n<ul>\n<li id=\"choice-tree-item-1-1\" class=\"choice-tree-title\"><span class=\"choice-tree-previous-choice-title printArea\">Plus de 60 jours . <\/span>Le montant de l&rsquo;AAH est r\u00e9duit \u00e0 30 %, soit <strong>310<\/strong>\u00a0<strong><span class=\"prix\">\u20ac<\/span><\/strong> par mois. Cette r\u00e9duction ne s&rsquo;applique pas si vous payez un forfait journalier (<span class=\"prix\">20\u00a0\u20ac<\/span> par jour), si vous avez un enfant \u00e0 charge ou encore si la personne avec qui vous vivez en couple ne travaille pas pour un motif reconnu par la CDAPH.<\/li>\n<\/ul>\n<p>Apr\u00e8s votre incarc\u00e9ration, vous recevrez \u00e0 nouveau l&rsquo;AAH \u00e0 taux plein.<\/p>\n<\/div>\n<\/div>\n<\/div>\n<\/div>\n<\/div>\n<h1>La CMU-C \/ CSS<\/h1>\n<h2>Qu&rsquo;est-ce que la CMU-C \/ CSS ?<a href=\"https:\/\/www.mes-allocs.fr\/guides\/wp-content\/uploads\/2020\/12\/pexels-cottonbro-3943745-1.jpg\"><img loading=\"lazy\" decoding=\"async\" class=\"alignright wp-image-16208\" title=\"Qu'est-ce que la CMU-C \/ CSS et est-elle cumulable avec l'AAH ?\" src=\"https:\/\/www.mes-allocs.fr\/guides\/wp-content\/uploads\/2020\/12\/pexels-cottonbro-3943745-1-683x1024.jpg\" alt=\"cumul AAH et CMU\" width=\"224\" height=\"336\" srcset=\"https:\/\/www.mes-allocs.fr\/guides\/wp-content\/uploads\/2020\/12\/pexels-cottonbro-3943745-1-683x1024.jpg 683w, https:\/\/www.mes-allocs.fr\/guides\/wp-content\/uploads\/2020\/12\/pexels-cottonbro-3943745-1-200x300.jpg 200w, https:\/\/www.mes-allocs.fr\/guides\/wp-content\/uploads\/2020\/12\/pexels-cottonbro-3943745-1-768x1152.jpg 768w, https:\/\/www.mes-allocs.fr\/guides\/wp-content\/uploads\/2020\/12\/pexels-cottonbro-3943745-1-1024x1536.jpg 1024w, https:\/\/www.mes-allocs.fr\/guides\/wp-content\/uploads\/2020\/12\/pexels-cottonbro-3943745-1-400x600.jpg 400w, https:\/\/www.mes-allocs.fr\/guides\/wp-content\/uploads\/2020\/12\/pexels-cottonbro-3943745-1.jpg 1280w\" sizes=\"auto, (max-width: 224px) 100vw, 224px\" \/><\/a><\/h2>\n<p style=\"text-align: justify;\">Depuis le 1er novembre 2019, vous ne pouvez plus b\u00e9n\u00e9ficier de CMU-C. La couverture maladie universelle compl\u00e9mentaire (CMU-C) a \u00e9t\u00e9 remplac\u00e9e par la Compl\u00e9mentaire sant\u00e9 solidaire (CSS).<\/p>\n<p style=\"text-align: justify;\">La CSS est une mutuelle qui rembourse la part compl\u00e9mentaire de vos d\u00e9penses de sant\u00e9. Cette mutuelle est gratuite ou payante \u00e0 moins d&rsquo;1 \u20ac par jour.<\/p>\n<p style=\"text-align: justify;\">Elle rembourse :<\/p>\n<ul>\n<li style=\"text-align: justify;\">Les hospitalisations\u00a0 ;<\/li>\n<li>Des soins courants\u00a0 ;<\/li>\n<li>Les soins dentaires, proth\u00e8ses, et orthop\u00e9die dento-faciale ;<\/li>\n<li>Des \u00e9quipements d&rsquo;optique ;<\/li>\n<li>Les aides auditives et les piles pour aides auditives ;<\/li>\n<li>Les frais de transport dans certaines situations pr\u00e9vues par l&rsquo;assurance maladie ;<\/li>\n<li>Des cures thermales.<\/li>\n<\/ul>\n<h2>Qui peut b\u00e9n\u00e9ficier de la Compl\u00e9mentaire sant\u00e9 solidaire (CSS) ?<\/h2>\n<p>Pour pouvoir b\u00e9n\u00e9ficier de la Compl\u00e9mentaire sant\u00e9 solidaire (CSS), vous devez :<\/p>\n<ul>\n<li>\u00eatre pris en charge par l&rsquo;assurance maladie ;<\/li>\n<li>sur les 12 mois pr\u00e9c\u00e9dents, avoir per\u00e7u des revenus respectant les plafonds de ressources d\u00e9finis par la S\u00e9curit\u00e9 sociale.<\/li>\n<\/ul>\n<p>De plus, vos revenus ne doivent pas d\u00e9passer un certain plafond (pour une personne seule) :<\/p>\n<ul class=\"marker:text-textOff list-disc pl-8\">\n<li><strong>Si vos revenus sont inf\u00e9rieurs \u00e0 10 339 \u20ac par an<\/strong>\u00a0: vous avez droit \u00e0 la Compl\u00e9mentaire sant\u00e9 solidaire gratuite.<\/li>\n<li><strong>Si vos revenus sont compris entre 10 339 \u20ac et 13 957 \u20ac par an <\/strong>\u00a0: vous avez droit \u00e0 la Compl\u00e9mentaire sant\u00e9 solidaire payante.<\/li>\n<li><strong>Si vos revenus sont sup\u00e9rieurs \u00e0 13 957 \u20ac par an<\/strong> : vous ne pouvez pas b\u00e9n\u00e9ficier de la Compl\u00e9mentaire sant\u00e9 solidaire.<\/li>\n<\/ul>\n<p>Voici le montant des plafonds \u00e0 respecter pour obtenir la Compl\u00e9mentaire sant\u00e9 solidaire :<\/p>\n\n<div class=\"wpdt-c row wpDataTableContainerSimpleTable wpDataTables wpDataTablesWrapper\n wdtscroll\"\n    >\n    <table id=\"wpdtSimpleTable-161\"\n           class=\"wpdtSimpleTable wpDataTable\"\n           data-column=\"3\"\n           data-rows=\"5\"\n           data-wpID=\"161\"\n           data-responsive=\"0\"\n           data-has-header=\"1\">\n\n                    <thead>        <tr class=\"wpdt-cell-row \" >\n                            <th class=\"wpdt-cell wpdt-bold wpdt-bc-F3F9FE\"\n                                    data-cell-id=\"A1\"\n                data-col-index=\"0\"\n                data-row-index=\"0\"\n                style=\" width:178px;                padding:10px;\"\n                >\n                                Situation personnelle                <\/th>\n                                            <th class=\"wpdt-cell wpdt-bold wpdt-bc-F3F9FE\"\n                                    data-cell-id=\"B1\"\n                data-col-index=\"1\"\n                data-row-index=\"0\"\n                style=\" width:181px;                padding:10px;\"\n                >\n                                Compl\u00e9mentaire sant\u00e9 solidaire sans participation financi\u00e8re                <\/th>\n                                            <th class=\"wpdt-cell wpdt-bold wpdt-bc-F3F9FE\"\n                                    data-cell-id=\"C1\"\n                data-col-index=\"2\"\n                data-row-index=\"0\"\n                style=\" width:179px;                padding:10px;\"\n                >\n                                Compl\u00e9mentaire sant\u00e9 solidaire avec participation financi\u00e8re                <\/th>\n                                        <\/tr>\n                    <tbody>        <tr class=\"wpdt-cell-row \" >\n                            <td class=\"wpdt-cell wpdt-bold\"\n                                    data-cell-id=\"A2\"\n                data-col-index=\"0\"\n                data-row-index=\"1\"\n                style=\"                padding:10px;\"\n                >\n                                Seul                <\/td>\n                                            <td class=\"wpdt-cell \"\n                                    data-cell-id=\"B2\"\n                data-col-index=\"1\"\n                data-row-index=\"1\"\n                style=\"                padding:10px;\"\n                >\n                                10 339 \u20ac                <\/td>\n                                            <td class=\"wpdt-cell \"\n                                    data-cell-id=\"C2\"\n                data-col-index=\"2\"\n                data-row-index=\"1\"\n                style=\"                padding:10px;\"\n                >\n                                13 957 \u20ac                <\/td>\n                                        <\/tr>\n                            <tr class=\"wpdt-cell-row \" >\n                            <td class=\"wpdt-cell wpdt-bold\"\n                                    data-cell-id=\"A3\"\n                data-col-index=\"0\"\n                data-row-index=\"2\"\n                style=\"                padding:10px;\"\n                >\n                                Couple                <\/td>\n                                            <td class=\"wpdt-cell \"\n                                    data-cell-id=\"B3\"\n                data-col-index=\"1\"\n                data-row-index=\"2\"\n                style=\"                padding:10px;\"\n                >\n                                15 508 \u20ac                <\/td>\n                                            <td class=\"wpdt-cell \"\n                                    data-cell-id=\"C3\"\n                data-col-index=\"2\"\n                data-row-index=\"2\"\n                style=\"                padding:10px;\"\n                >\n                                20 936 \u20ac                <\/td>\n                                        <\/tr>\n                            <tr class=\"wpdt-cell-row \" >\n                            <td class=\"wpdt-cell wpdt-bold\"\n                                    data-cell-id=\"A4\"\n                data-col-index=\"0\"\n                data-row-index=\"3\"\n                style=\"                padding:10px;\"\n                >\n                                Couple + 1 personne \u00e0 charge                <\/td>\n                                            <td class=\"wpdt-cell \"\n                                    data-cell-id=\"B4\"\n                data-col-index=\"1\"\n                data-row-index=\"3\"\n                style=\"                padding:10px;\"\n                >\n                                18 609 \u20ac                <\/td>\n                                            <td class=\"wpdt-cell \"\n                                    data-cell-id=\"C4\"\n                data-col-index=\"2\"\n                data-row-index=\"3\"\n                style=\"                padding:10px;\"\n                >\n                                25 123 \u20ac                <\/td>\n                                        <\/tr>\n                            <tr class=\"wpdt-cell-row \" >\n                            <td class=\"wpdt-cell wpdt-bold\"\n                                    data-cell-id=\"A5\"\n                data-col-index=\"0\"\n                data-row-index=\"4\"\n                style=\"                padding:10px;\"\n                >\n                                Au-del\u00e0 de 4 personnes                <\/td>\n                                            <td class=\"wpdt-cell \"\n                                    data-cell-id=\"B5\"\n                data-col-index=\"1\"\n                data-row-index=\"4\"\n                style=\"                padding:10px;\"\n                >\n                                +\u00a04 135 \u20ac par personne suppl\u00e9mentaire                <\/td>\n                                            <td class=\"wpdt-cell \"\n                                    data-cell-id=\"C5\"\n                data-col-index=\"2\"\n                data-row-index=\"4\"\n                style=\"                padding:10px;\"\n                >\n                                + 5 583 \u20ac  par personne suppl\u00e9mentaire                <\/td>\n                                        <\/tr>\n                    <\/table>\n<\/div><style id='wpdt-custom-style-161'>\n.wpdt-bc-F3F9FE { background-color: #F3F9FE !important;}\n<\/style>\n\n<h2>Combien co\u00fbte la CSS ?<\/h2>\n<p>Si vous ne pouvez pas b\u00e9n\u00e9ficier de la CSS gratuite, voici le <strong>montant forfaitaire de la CSS<\/strong> selon votre \u00e2ge :<\/p>\n<ul>\n<li>Pour les moins de 29 ans : 8 euros<span style=\"font-weight: 400;\">\u00a0par mois.<\/span><\/li>\n<li>Entre 30 et 49 ans : 14 <span style=\"font-weight: 400;\">\u20ac par mois.<\/span><\/li>\n<li>Entre 50 et 59 ans : 21 <span style=\"font-weight: 400;\">\u20ac par mois.<\/span><\/li>\n<li>De 60 \u00e0 69 ans : 25 <span style=\"font-weight: 400;\">\u20ac par mois.<\/span><\/li>\n<li>Pour les 70 ans et plus : 30 <span style=\"font-weight: 400;\">\u20ac par mois.<\/span><strong>\u00a0<\/strong><\/li>\n<\/ul>\n<div class='cta-block'><div class='text'>Simulez vos aides en 2 min. Gratuit.<\/div><a href='https:\/\/www.mes-allocs.fr\/ab-app?origin=guides\/wp-json\/wp\/v2\/posts\/16191' class='app-button fit'>Simulation gratuite<\/a><\/div>\n","protected":false},"excerpt":{"rendered":"<p>[Mis \u00e0 jour le 20\/01\/2026] L&rsquo;AAH et la CMU-C sont deux aides financi\u00e8res bien distinctes. La premi\u00e8re vient en aide aux personnes en situation de handicap, qui vivent avec de faibles ressources. La seconde est une aide pour la sant\u00e9 et permet, dans certains cas, de b\u00e9n\u00e9ficier d&rsquo;une mutuelle gratuite. Le cumul de l&rsquo;AAH avec [&hellip;]<\/p>\n","protected":false},"author":9,"featured_media":16206,"comment_status":"open","ping_status":"open","sticky":false,"template":"","format":"standard","meta":{"amp_status":"","footnotes":""},"categories":[23,2729],"tags":[],"class_list":["post-16191","post","type-post","status-publish","format-standard","has-post-thumbnail","hentry","category-aah","category-cumul-aah"],"yoast_head":"<!-- This site is optimized with the Yoast SEO plugin v14.9 - https:\/\/yoast.com\/wordpress\/plugins\/seo\/ -->\n<title>Peut-on cumuler AAH et CMU en 2026 ? | Mes-Allocs.fr<\/title>\n<meta name=\"description\" content=\"L&#039;AAH destin\u00e9e aux personnes handicap\u00e9es et la CSS, mutuelle gratuite sont-elles cumulables en 2026 ? Mes Allocs vous explique.\" \/>\n<meta name=\"robots\" content=\"index, follow, max-snippet:-1, max-image-preview:large, max-video-preview:-1\" \/>\n<link rel=\"canonical\" href=\"https:\/\/www.mes-allocs.fr\/guides\/aah\/cumul-aah\/aah-et-cmu\/\" \/>\n<meta property=\"og:locale\" content=\"fr_FR\" \/>\n<meta property=\"og:type\" content=\"article\" \/>\n<meta property=\"og:title\" content=\"Peut-on cumuler AAH et CMU en 2026 ? | Mes-Allocs.fr\" \/>\n<meta property=\"og:description\" content=\"L&#039;AAH destin\u00e9e aux personnes handicap\u00e9es et la CSS, mutuelle gratuite sont-elles cumulables en 2026 ? Mes Allocs vous explique.\" \/>\n<meta property=\"og:url\" content=\"https:\/\/www.mes-allocs.fr\/guides\/aah\/cumul-aah\/aah-et-cmu\/\" \/>\n<meta property=\"og:site_name\" content=\"Mes-Allocs.fr\" \/>\n<meta property=\"article:published_time\" content=\"2020-12-11T10:34:46+00:00\" \/>\n<meta property=\"article:modified_time\" content=\"2026-01-20T17:15:23+00:00\" \/>\n<meta property=\"og:image\" content=\"https:\/\/www.mes-allocs.fr\/guides\/wp-content\/uploads\/2020\/12\/pexels-marcus-aurelius-4064173-1-e1685626659628.jpg?wsr\" \/>\n\t<meta property=\"og:image:width\" content=\"1280\" \/>\n\t<meta property=\"og:image:height\" content=\"285\" \/>\n<meta name=\"twitter:card\" content=\"summary_large_image\" \/>\n<script type=\"application\/ld+json\" class=\"yoast-schema-graph\">{\"@context\":\"https:\/\/schema.org\",\"@graph\":[{\"@type\":\"WebSite\",\"@id\":\"https:\/\/www.mes-allocs.fr\/guides\/#website\",\"url\":\"https:\/\/www.mes-allocs.fr\/guides\/\",\"name\":\"Mes-Allocs.fr\",\"description\":\"\",\"potentialAction\":[{\"@type\":\"SearchAction\",\"target\":\"https:\/\/www.mes-allocs.fr\/guides\/?s={search_term_string}\",\"query-input\":\"required name=search_term_string\"}],\"inLanguage\":\"fr-FR\"},{\"@type\":\"ImageObject\",\"@id\":\"https:\/\/www.mes-allocs.fr\/guides\/aah\/cumul-aah\/aah-et-cmu\/#primaryimage\",\"inLanguage\":\"fr-FR\",\"url\":\"https:\/\/www.mes-allocs.fr\/guides\/wp-content\/uploads\/2020\/12\/pexels-marcus-aurelius-4064173-1-e1685626659628.jpg?wsr\",\"width\":1280,\"height\":285,\"caption\":\"aah et cmu\"},{\"@type\":\"WebPage\",\"@id\":\"https:\/\/www.mes-allocs.fr\/guides\/aah\/cumul-aah\/aah-et-cmu\/#webpage\",\"url\":\"https:\/\/www.mes-allocs.fr\/guides\/aah\/cumul-aah\/aah-et-cmu\/\",\"name\":\"Peut-on cumuler AAH et CMU en 2026 ? | Mes-Allocs.fr\",\"isPartOf\":{\"@id\":\"https:\/\/www.mes-allocs.fr\/guides\/#website\"},\"primaryImageOfPage\":{\"@id\":\"https:\/\/www.mes-allocs.fr\/guides\/aah\/cumul-aah\/aah-et-cmu\/#primaryimage\"},\"datePublished\":\"2020-12-11T10:34:46+00:00\",\"dateModified\":\"2026-01-20T17:15:23+00:00\",\"author\":{\"@id\":\"https:\/\/www.mes-allocs.fr\/guides\/#\/schema\/person\/e4e762c89158b34a332446d26f02fd56\"},\"description\":\"L'AAH destin\\u00e9e aux personnes handicap\\u00e9es et la CSS, mutuelle gratuite sont-elles cumulables en 2026 ? Mes Allocs vous explique.\",\"inLanguage\":\"fr-FR\"},{\"@type\":\"Person\",\"@id\":\"https:\/\/www.mes-allocs.fr\/guides\/#\/schema\/person\/e4e762c89158b34a332446d26f02fd56\",\"name\":\"Marylou\",\"image\":{\"@type\":\"ImageObject\",\"@id\":\"https:\/\/www.mes-allocs.fr\/guides\/#personlogo\",\"inLanguage\":\"fr-FR\",\"url\":\"https:\/\/www.mes-allocs.fr\/guides\/wp-content\/uploads\/2021\/06\/marylou-150x150.png\",\"caption\":\"Marylou\"},\"description\":\"Marylou est r\\u00e9dactrice au sein de l'\\u00e9quipe Mes Allocs, sp\\u00e9cialiste des sujets de soci\\u00e9t\\u00e9 en g\\u00e9n\\u00e9ral. Dipl\\u00f4m\\u00e9e de l'Institut Sup\\u00e9rieur de Formation au Journalisme, elle rejoint Mes Allocs apr\\u00e8s cr\\u00e9\\u00e9 son premier blog personnel.\",\"sameAs\":[\"https:\/\/www.linkedin.com\/in\/marylou-pr\\u00e9vost\"]}]}<\/script>\n<!-- \/ Yoast SEO plugin. -->","amp_validity":null,"acf":{"faq":{"1":{"question":"\ud83e\udd14 Est-ce que l'AAH est cumulable avec le RSA ?","answer":"L'<a href=\"https:\/\/www.mes-allocs.fr\/guides\/aah\/cumul-aah\/aah-et-rsa\/\">AAH est cumulable avec le RSA<\/a>.Le RSA sera pris en compte dans le calcul de l'AAH.\r\n\r\n"},"2":{"question":"\ud83e\udd37 Quels sont les revenus pris en compte pour la CMU ?","answer":"Les revenus pris en compte pour la CMU sont : les salaires, les allocations ch\u00f4mage, les retraites, les pensions d'invalidit\u00e9, les allocations familiales, les pensions alimentaires et les bourses."},"3":{"question":"\ud83e\udd1d Quelle aide en plus de l'AAH ?","answer":"Vous pouvez toucher, en plus de l'AAH, la MVA (Majoration Vie Autonome).\r\n<br> <a href=\"https:\/\/www.mes-allocs.fr\/guides\/aah\/cumul-aah\/peut-on-cumuler-aah-cmu\/\">Lire la suite<\/a>\r\n"},"4":{"question":"\ud83e\udd14 Quel est le montant de l'AAH en 2026 ?","answer":"Depuis le 1er avril 2025, le montant maximal de l'AAH est de 1 033,32 euros. Ce montant est reconduit pour l'ann\u00e9e 2026 et sera revalorise en avril 2026."},"5":{"question":"\ud83e\udd37 Quel aide pour invalidit\u00e9 2eme cat\u00e9gorie ?","answer":"Pour un telle invalidit\u00e9, vous pouvez pr\u00e9tendre \u00e0 des aides comme l'allocation suppl\u00e9mentaire d'invalidit\u00e9 (ASI) ; une rente d'incapacit\u00e9 permanente ou les allocations ch\u00f4mage. D\u00e9couvrez si \r\n <a href=\"https:\/\/www.mes-allocs.fr\/guides\/aah\/cumul-aah\/pension-invalidite-et-aah\/\">la pension d'invalidit\u00e9 et l'AAH<\/a> sont cumulables. "},"6":{"question":"\ud83e\udd1d Qu'est-ce que le compl\u00e9ment de ressources ?","answer":"Le compl\u00e9ment de ressources s'ajoute \u00e0 AAH pour constituer un revenu compl\u00e9mentaire. Son but est de compenser l'absence durable de revenus d'activit\u00e9 des personnes handicap\u00e9es \u00e9tant dans l'incapacit\u00e9 de travailler."},"7":{"question":"","answer":""},"8":{"question":"","answer":""},"9":{"question":"","answer":""},"10":{"question":"","answer":""},"11":{"question":"","answer":""},"12":{"question":"","answer":""},"13":{"question":"","answer":""},"14":{"question":"","answer":""},"15":{"question":"","answer":""},"16":{"question":"","answer":""}}},"_links":{"self":[{"href":"https:\/\/www.mes-allocs.fr\/guides\/wp-json\/wp\/v2\/posts\/16191","targetHints":{"allow":["GET"]}}],"collection":[{"href":"https:\/\/www.mes-allocs.fr\/guides\/wp-json\/wp\/v2\/posts"}],"about":[{"href":"https:\/\/www.mes-allocs.fr\/guides\/wp-json\/wp\/v2\/types\/post"}],"author":[{"embeddable":true,"href":"https:\/\/www.mes-allocs.fr\/guides\/wp-json\/wp\/v2\/users\/9"}],"replies":[{"embeddable":true,"href":"https:\/\/www.mes-allocs.fr\/guides\/wp-json\/wp\/v2\/comments?post=16191"}],"version-history":[{"count":42,"href":"https:\/\/www.mes-allocs.fr\/guides\/wp-json\/wp\/v2\/posts\/16191\/revisions"}],"predecessor-version":[{"id":108059,"href":"https:\/\/www.mes-allocs.fr\/guides\/wp-json\/wp\/v2\/posts\/16191\/revisions\/108059"}],"wp:featuredmedia":[{"embeddable":true,"href":"https:\/\/www.mes-allocs.fr\/guides\/wp-json\/wp\/v2\/media\/16206"}],"wp:attachment":[{"href":"https:\/\/www.mes-allocs.fr\/guides\/wp-json\/wp\/v2\/media?parent=16191"}],"wp:term":[{"taxonomy":"category","embeddable":true,"href":"https:\/\/www.mes-allocs.fr\/guides\/wp-json\/wp\/v2\/categories?post=16191"},{"taxonomy":"post_tag","embeddable":true,"href":"https:\/\/www.mes-allocs.fr\/guides\/wp-json\/wp\/v2\/tags?post=16191"}],"curies":[{"name":"wp","href":"https:\/\/api.w.org\/{rel}","templated":true}]}}