{"id":16143,"date":"2020-12-11T10:47:38","date_gmt":"2020-12-11T10:47:38","guid":{"rendered":"https:\/\/www.mes-allocs.fr\/guides\/?p=16143"},"modified":"2025-10-07T16:16:19","modified_gmt":"2025-10-07T14:16:19","slug":"temps-travail-chomage-demission","status":"publish","type":"post","link":"https:\/\/www.mes-allocs.fr\/guides\/chomage\/chomage-demission\/temps-travail-chomage-demission\/","title":{"rendered":"Combien de temps faut-il travailler pour toucher le ch\u00f4mage apr\u00e8s d\u00e9mission ?"},"content":{"rendered":"<p>Contrairement aux id\u00e9e re\u00e7ues, il est parfois possible de quitter son emploi et de conserver ses droits au <a href=\"https:\/\/www.mes-allocs.fr\/guides\/chomage\/\">ch\u00f4mage<\/a>. Si la d\u00e9mission est souvent per\u00e7ue comme une rupture de contrat entrainant aucune indemnisation, il existe des exceptions. Dans cet articles, d\u00e9couvrez les situations o\u00f9 une d\u00e9mission peut ouvrir droit aux allocations ch\u00f4mage, le <strong>temps de travail requis pour toucher le ch\u00f4mage apr\u00e8s une d\u00e9mission <\/strong>et les d\u00e9marches \u00e0 suivre pour en b\u00e9n\u00e9ficier.<\/p>\n<p class=\"p1\"><div class='cta-block'><div class='text'>Simulez votre ch\u00f4mage en 2 min.<\/div><a href='https:\/\/www.mes-allocs.fr\/simulation-chomage?origin=guides\/wp-json\/wp\/v2\/posts\/16143' class='app-button fit'>Simulation gratuite<\/a><\/div><\/p>\n<h1><span id=\"Demission_et_allocations_chomage\">D\u00e9mission et allocations ch\u00f4mage<\/span><\/h1>\n<h2><span id=\"Quel_type_de_demission_donne_le_droit_aux_allocations_chomage\">Quel type de d\u00e9mission donne droit aux allocations ch\u00f4mage ?<\/span><\/h2>\n<p>Selon le code du travail, la d\u00e9mission permet au salari\u00e9 de faire une rupture de son contrat de travail. Un salari\u00e9 d\u00e9missionnaire peut percevoir une indemnisation au titre de l\u2019ARE en cas de d\u00e9mission l\u00e9gitime. Il peut s\u2019agir d\u2019une d\u00e9mission pour mettre fin au CDD ou au CDI. Une d\u00e9mission est consid\u00e9r\u00e9e comme l\u00e9gitime dans les situations suivantes :<\/p>\n<ul>\n<li><strong>En cas de d\u00e9m\u00e9nagement : <\/strong>vous effectuez un changement de lieu de r\u00e9sidence pour suivre votre conjoint ou votre tuteur (si vous \u00eates mineur), si vous \u00eates victime de violence conjugale ou encore si vous avez un enfant handicap\u00e9 admis dans une structure d\u2019accueil \u00e9loign\u00e9e de votre emploi.<\/li>\n<li><strong>En cas de d\u00e9mission d\u2019un nouvel emploi apr\u00e8s avoir \u00e9t\u00e9 licenci\u00e9 : <\/strong>la p\u00e9riode d\u2019emploi ne doit pas d\u00e9passer 91 jours.<\/li>\n<li><strong>Dans le cadre d&rsquo;une action de formation qualifiante : <\/strong>dans les cas o\u00f9 vous quittez un contrat aid\u00e9 ou un CDDI.<\/li>\n<li><strong>Vous n\u2019avez pas re\u00e7u votre salaire partiellement ou enti\u00e8rement<\/strong> : vous pouvez demander une <b>ordonnance de r\u00e9f\u00e9r\u00e9.<\/b> Le juge condamnant l&#8217;employeur \u00e0 payer les arri\u00e9r\u00e9s de salaire, votre d\u00e9mission\u00a0peut \u00eatre consid\u00e9r\u00e9e comme l\u00e9gitime.<\/li>\n<li>Vous \u00eates victime de faits qui constitue une infraction sur votre lieu de travail : si vous <a href=\"https:\/\/www.mes-allocs.fr\/guides\/pole-emploi\/droit-au-chomage\/droit-au-chomage-apres-une-demission\/droit-chomage-demission-harcelement\/\"><strong>subissez des actes d\u00e9lictueux<\/strong> dans le cadre de votre travail<\/a>, vous pouvez avoir droit aux allocations ch\u00f4mage apr\u00e8s d\u00e9mission.<\/li>\n<li>Vous avez un projet de <strong>reconversion professionnelle<\/strong> : celui-ci n\u00e9cessite le suivi d\u2019une formation ou un projet de cr\u00e9ation ou de reprise d\u2019 une entreprise.<\/li>\n<li>Vous souhaitez <strong>exercer un nouvel emploi, effectuer un service civique ou un volontariat.<\/strong><\/li>\n<\/ul>\n<p>Si vous voulez avoir droit \u00e0 l\u2019allocation d\u2019aide ch\u00f4mage (ARE) et que vous d\u00e9missionnez pour un projet de reconversion professionnelle, vous devez justifier d\u2019une dur\u00e9e d\u2019affiliation sp\u00e9cifique d\u2019au moins 1 300 jours travaill\u00e9s au cours des 60 mois qui pr\u00e9c\u00e8dent la fin du contrat de travail. Vous devez aussi vous faire accompagner par le Conseil en \u00e9volution professionnelle. Apr\u00e8s avoir finalis\u00e9 votre projet, vous devez contacter la Commission paritaire interprofessionnelle r\u00e9gionale qui doit juger de son caract\u00e8re \u00ab\u00a0r\u00e9el et s\u00e9rieux\u00a0\u00bb.<\/p>\n<h2><span id=\"Comment_demissionner_dun_contrat_en_CDI\">Comment d\u00e9missionner d\u2019un contrat en CDI ?<\/span><\/h2>\n<p>Le salari\u00e9 peut mettre fin \u00e0 son contrat de travail en CDI dans les cas suivants :<\/p>\n<ul>\n<li>Dans le cadre d\u2019une d\u00e9mission demand\u00e9e par le salari\u00e9 pour motif professionnel ou personnel.<\/li>\n<li>Lors de la p\u00e9riode d\u2019essai.<\/li>\n<li>Pour un d\u00e9part volontaire \u00e0 la retraite.<\/li>\n<li>Dans le cadre d\u2019une r\u00e9siliation judiciaire.<\/li>\n<li>Dans le cadre d\u2019une prise d\u2019acte.<\/li>\n<\/ul>\n<p>Vous ne pouvez quitter votre emploi qu\u2019apr\u00e8s la dur\u00e9e du pr\u00e9avis, sauf en cas de dispense accord\u00e9 par l&#8217;employeur. Ce pr\u00e9avis est fix\u00e9 par la convention collective, le contrat de travail et les usages de la profession. La dur\u00e9e du pr\u00e9avis est diff\u00e9rente en fonction de votre profession, de votre anciennet\u00e9 et de votre type de contrat. La dur\u00e9e minimale du pr\u00e9avis en fonction de votre profession et de votre type de contrat est donc la suivante :<\/p>\n<div>\n<p style=\"text-align: justify;\"><strong>Dur\u00e9e minimale du pr\u00e9avis\u00a0<\/strong><\/p>\n\n<div class=\"wpdt-c row wpDataTableContainerSimpleTable wpDataTables wpDataTablesWrapper\n\"\n    >\n    <table id=\"wpdtSimpleTable-75\"\n           class=\"wpdtSimpleTable wpDataTable\"\n           data-column=\"3\"\n           data-rows=\"10\"\n           data-wpID=\"75\"\n           data-responsive=\"0\"\n           data-has-header=\"1\">\n\n                    <thead>        <tr class=\"wpdt-cell-row \" >\n                            <th class=\"wpdt-cell wpdt-bc-F3F9FE wpdt-bold\"\n                                    data-cell-id=\"A1\"\n                data-col-index=\"0\"\n                data-row-index=\"0\"\n                style=\" width:33.333333333333%;                padding:10px;\"\n                >\n                                Profession                <\/th>\n                                            <th class=\"wpdt-cell wpdt-bc-F3F9FE wpdt-bold\"\n                                    data-cell-id=\"B1\"\n                data-col-index=\"1\"\n                data-row-index=\"0\"\n                style=\" width:33.333333333333%;                padding:10px;\"\n                >\n                                Anciennet\u00e9 du salari\u00e9                <\/th>\n                                            <th class=\"wpdt-cell wpdt-bc-F3F9FE wpdt-bold\"\n                                    data-cell-id=\"C1\"\n                data-col-index=\"2\"\n                data-row-index=\"0\"\n                style=\" width:33.333333333333%;                padding:10px;\"\n                >\n                                Dur\u00e9e minimale du pr\u00e9avis                <\/th>\n                                        <\/tr>\n                    <tbody>        <tr class=\"wpdt-cell-row \" >\n                            <td class=\"wpdt-cell \"\n                                    data-cell-id=\"A2\"\n                data-col-index=\"0\"\n                data-row-index=\"1\"\n                style=\"                padding:10px;\"\n                >\n                                VRP                <\/td>\n                                            <td class=\"wpdt-cell \"\n                                    data-cell-id=\"B2\"\n                data-col-index=\"1\"\n                data-row-index=\"1\"\n                style=\"                padding:10px;\"\n                >\n                                moins de 1 ans                <\/td>\n                                            <td class=\"wpdt-cell \"\n                                    data-cell-id=\"C2\"\n                data-col-index=\"2\"\n                data-row-index=\"1\"\n                style=\"                padding:10px;\"\n                >\n                                1 mois                <\/td>\n                                        <\/tr>\n                            <tr class=\"wpdt-cell-row \" >\n                            <td class=\"wpdt-cell  wpdt-empty-cell \"\n                                    data-cell-id=\"A3\"\n                data-col-index=\"0\"\n                data-row-index=\"2\"\n                style=\"                padding:10px;\"\n                >\n                                                <\/td>\n                                            <td class=\"wpdt-cell \"\n                                    data-cell-id=\"B3\"\n                data-col-index=\"1\"\n                data-row-index=\"2\"\n                style=\"                padding:10px;\"\n                >\n                                de 1 ans \u00e0 2 ans                <\/td>\n                                            <td class=\"wpdt-cell \"\n                                    data-cell-id=\"C3\"\n                data-col-index=\"2\"\n                data-row-index=\"2\"\n                style=\"                padding:10px;\"\n                >\n                                2 mois                <\/td>\n                                        <\/tr>\n                            <tr class=\"wpdt-cell-row \" >\n                            <td class=\"wpdt-cell  wpdt-empty-cell \"\n                                    data-cell-id=\"A4\"\n                data-col-index=\"0\"\n                data-row-index=\"3\"\n                style=\"                padding:10px;\"\n                >\n                                                <\/td>\n                                            <td class=\"wpdt-cell \"\n                                    data-cell-id=\"B4\"\n                data-col-index=\"1\"\n                data-row-index=\"3\"\n                style=\"                padding:10px;\"\n                >\n                                plus de 2 ans                <\/td>\n                                            <td class=\"wpdt-cell \"\n                                    data-cell-id=\"C4\"\n                data-col-index=\"2\"\n                data-row-index=\"3\"\n                style=\"                padding:10px;\"\n                >\n                                3 mois                <\/td>\n                                        <\/tr>\n                            <tr class=\"wpdt-cell-row \" >\n                            <td class=\"wpdt-cell \"\n                                    data-cell-id=\"A5\"\n                data-col-index=\"0\"\n                data-row-index=\"4\"\n                style=\"                padding:10px;\"\n                >\n                                Journaliste                <\/td>\n                                            <td class=\"wpdt-cell wpdt-bc-FFFFFF\"\n                                    data-cell-id=\"B5\"\n                data-col-index=\"1\"\n                data-row-index=\"4\"\n                style=\"                padding:10px;\"\n                >\n                                moins de 3 ans                <\/td>\n                                            <td class=\"wpdt-cell wpdt-bc-FFFFFF\"\n                                    data-cell-id=\"C5\"\n                data-col-index=\"2\"\n                data-row-index=\"4\"\n                style=\"                padding:10px;\"\n                >\n                                1 mois                <\/td>\n                                        <\/tr>\n                            <tr class=\"wpdt-cell-row \" >\n                            <td class=\"wpdt-cell  wpdt-empty-cell \"\n                                    data-cell-id=\"A6\"\n                data-col-index=\"0\"\n                data-row-index=\"5\"\n                style=\"                padding:10px;\"\n                >\n                                                <\/td>\n                                            <td class=\"wpdt-cell \"\n                                    data-cell-id=\"B6\"\n                data-col-index=\"1\"\n                data-row-index=\"5\"\n                style=\"                padding:10px;\"\n                >\n                                plus de 3 ans                <\/td>\n                                            <td class=\"wpdt-cell \"\n                                    data-cell-id=\"C6\"\n                data-col-index=\"2\"\n                data-row-index=\"5\"\n                style=\"                padding:10px;\"\n                >\n                                2 mois                <\/td>\n                                        <\/tr>\n                            <tr class=\"wpdt-cell-row \" >\n                            <td class=\"wpdt-cell wpdt-bc-F3F9FE wpdt-bold\"\n                                    data-cell-id=\"A7\"\n                data-col-index=\"0\"\n                data-row-index=\"6\"\n                style=\"                padding:10px;\"\n                >\n                                Contrat                <\/td>\n                                            <td class=\"wpdt-cell wpdt-bc-F3F9FE wpdt-bold wpdt-merged-cell \"\n                 colspan=\"2\"  rowspan=\"1\"                 data-cell-id=\"B7\"\n                data-col-index=\"1\"\n                data-row-index=\"6\"\n                style=\"                padding:10px;\"\n                >\n                                Dur\u00e9e minimale du pr\u00e9avis                <\/td>\n                                                    <\/tr>\n                            <tr class=\"wpdt-cell-row \" >\n                            <td class=\"wpdt-cell \"\n                                    data-cell-id=\"A8\"\n                data-col-index=\"0\"\n                data-row-index=\"7\"\n                style=\"                padding:10px;\"\n                >\n                                CDI                <\/td>\n                                            <td class=\"wpdt-cell  wpdt-merged-cell \"\n                 colspan=\"2\"  rowspan=\"1\"                 data-cell-id=\"B8\"\n                data-col-index=\"1\"\n                data-row-index=\"7\"\n                style=\"                padding:10px;\"\n                >\n                                Selon la convention collective, le contrat de travail et les usages de la profession                <\/td>\n                                                    <\/tr>\n                            <tr class=\"wpdt-cell-row \" >\n                            <td class=\"wpdt-cell \"\n                                    data-cell-id=\"A9\"\n                data-col-index=\"0\"\n                data-row-index=\"8\"\n                style=\"                padding:10px;\"\n                >\n                                CDD                <\/td>\n                                            <td class=\"wpdt-cell  wpdt-merged-cell \"\n                 colspan=\"2\"  rowspan=\"1\"                 data-cell-id=\"B9\"\n                data-col-index=\"1\"\n                data-row-index=\"8\"\n                style=\"                padding:10px;\"\n                >\n                                de 1 jour ouvr\u00e9 par semaine travaill\u00e9e \u00e0 un maximum de 2 semaines                <\/td>\n                                                    <\/tr>\n                            <tr class=\"wpdt-cell-row \" >\n                            <td class=\"wpdt-cell \"\n                                    data-cell-id=\"A10\"\n                data-col-index=\"0\"\n                data-row-index=\"9\"\n                style=\"                padding:10px;\"\n                >\n                                Int\u00e9rim                <\/td>\n                                            <td class=\"wpdt-cell  wpdt-merged-cell \"\n                 colspan=\"2\"  rowspan=\"1\"                 data-cell-id=\"B10\"\n                data-col-index=\"1\"\n                data-row-index=\"9\"\n                style=\"                padding:10px;\"\n                >\n                                de 1 jour ouvr\u00e9 par semaine travaill\u00e9e \u00e0 un maximum de 2 semaines                <\/td>\n                                                    <\/tr>\n                    <\/table>\n<\/div><style id='wpdt-custom-style-75'>\ntable#wpdtSimpleTable-75{ table-layout: fixed !important; }\n.wpdt-bc-F3F9FE { background-color: #F3F9FE !important;}\n.wpdt-bc-FFFFFF { background-color: #FFFFFF !important;}\n<\/style>\n\n<\/div>\n<p>La d\u00e9mission est le moyen le plus simple de mettre fin \u00e0 un contrat de travail. Il vous suffit simplement de pr\u00e9venir votre employeur par oral ou par \u00e9crit de votre d\u00e9mission. Il est cependant conseill\u00e9 de faire une lettre de d\u00e9mission.<\/p>\n<p>Si vous souhaitez quitter votre emploi en CDI, vous pouvez faire une rupture conventionnelle \u00e0 la place d&rsquo;une d\u00e9mission. Pour en conna\u00eetre les conditions et les avantages, regardez <a href=\"https:\/\/www.mes-allocs.fr\/guides\/pole-emploi\/rupture-conventionnelle-chomage\/allocations-chomage-rupture-conventionnelle\/\">cet article<\/a>. Une rupture conventionnelle vous permet de faire une rupture de contrat d&rsquo;un commun accord avec votre employeur.<\/p>\n<h2><span id=\"Comment_demissionner_dun_contrat_en_CDD\">Comment d\u00e9missionner d\u2019un contrat en CDD ?<\/span><\/h2>\n<p>Vous pouvez rompre un contrat en CDD dans les cas suivants\u00a0 :<\/p>\n<ul>\n<li><strong>Une<\/strong>\u00a0<strong>promesse d\u2019embauche<\/strong>\u00a0dans une autre entreprise. Dans ce cas vous devez prouver \u00e0 votre employeur votre embauche en pr\u00e9sentant le contrat sign\u00e9 ou la lettre d\u2019embauche faisant \u00e9tat d\u2019un contrat et de la date d\u2019embauche pr\u00e9vue. Vous devrez effectuer un pr\u00e9avis de un jour par semaine de contrat.<\/li>\n<li><strong>La faute grave de l\u2019employeur<\/strong>\u00a0: harc\u00e8lement, non-paiement des salaires, modification de votre contrat sans votre accord.<\/li>\n<li><strong>La force majeure<\/strong>\u00a0: une catastrophe naturelle vous emp\u00eache de travailler. Le contrat de travail peut alors cesser imm\u00e9diatement, sans pr\u00e9avis.<\/li>\n<\/ul>\n<p>De m\u00eame que pour le contrat en CDI, il vous suffit de pr\u00e9venir votre employeur de votre d\u00e9mission. De pr\u00e9f\u00e9rence avec une lettre. Vous ne recevrez pas d\u2019indemnit\u00e9 de fin de contrat.<\/p>\n<p><iframe loading=\"lazy\" title=\"Tout savoir sur le ch\u00f4mage en France !\" width=\"500\" height=\"281\" src=\"https:\/\/www.youtube.com\/embed\/jgv9qS4jh7k?feature=oembed\" frameborder=\"0\" allow=\"accelerometer; autoplay; clipboard-write; encrypted-media; gyroscope; picture-in-picture; web-share\" referrerpolicy=\"strict-origin-when-cross-origin\" allowfullscreen><\/iframe><\/p>\n<div class='cta-block'><div class='text'>Simulez votre ch\u00f4mage en 2 min.<\/div><a href='https:\/\/www.mes-allocs.fr\/simulation-chomage?origin=guides\/wp-json\/wp\/v2\/posts\/16143' class='app-button fit'>Simulation gratuite<\/a><\/div>\n<h1><span id=\"Comment_toucher_le_chomage_apres_une_demission\">Comment toucher le ch\u00f4mage apr\u00e8s une d\u00e9mission ?<\/span><\/h1>\n<h2><span id=\"Quand_et_comment_sinscrire_a_Pole_emploi\">Quand et comment s\u2019inscrire \u00e0 France Travail ?<a href=\"https:\/\/www.mes-allocs.fr\/guides\/wp-content\/uploads\/2020\/12\/pexels-cottonbro-5081971-1.jpg\"><img loading=\"lazy\" decoding=\"async\" class=\"alignright wp-image-16150 size-medium\" title=\"Quand et comment s\u2019inscrire \u00e0 P\u00f4le emploi ?\" src=\"https:\/\/www.mes-allocs.fr\/guides\/wp-content\/uploads\/2020\/12\/pexels-cottonbro-5081971-1-e1607010088161-200x300.jpg\" alt=\"Quand et comment s\u2019inscrire \u00e0 P\u00f4le emploi ?\" width=\"200\" height=\"300\" srcset=\"https:\/\/www.mes-allocs.fr\/guides\/wp-content\/uploads\/2020\/12\/pexels-cottonbro-5081971-1-e1607010088161-200x300.jpg 200w, https:\/\/www.mes-allocs.fr\/guides\/wp-content\/uploads\/2020\/12\/pexels-cottonbro-5081971-1-e1607010088161-683x1024.jpg 683w, https:\/\/www.mes-allocs.fr\/guides\/wp-content\/uploads\/2020\/12\/pexels-cottonbro-5081971-1-e1607010088161-768x1152.jpg 768w, https:\/\/www.mes-allocs.fr\/guides\/wp-content\/uploads\/2020\/12\/pexels-cottonbro-5081971-1-e1607010088161-1024x1536.jpg 1024w, https:\/\/www.mes-allocs.fr\/guides\/wp-content\/uploads\/2020\/12\/pexels-cottonbro-5081971-1-e1607010088161-400x600.jpg 400w, https:\/\/www.mes-allocs.fr\/guides\/wp-content\/uploads\/2020\/12\/pexels-cottonbro-5081971-1-e1607010088161.jpg 1280w\" sizes=\"auto, (max-width: 200px) 100vw, 200px\" \/><\/a><\/span><\/h2>\n<p>Pour s\u2019 inscrire \u00e0 France Travail, il suffit de :<\/p>\n<ul>\n<li>Cr\u00e9er un espace personnel sur le site.<\/li>\n<li>Remplir un formulaire en ligne avec ses donn\u00e9es personnelles (nom, pr\u00e9nom, date de naissance, adresse e-mail, carte d\u2019identit\u00e9, carte vitale) ou venir prendre rendez-vous dans une agence France Travail.<\/li>\n<li>Renseigner les fiches de mois de salaires et le RIB.<\/li>\n<li>Cr\u00e9er un CV.<\/li>\n<li>Transmettre les justificatifs de demande d\u2019allocations.<\/li>\n<\/ul>\n<p>Vous pouvez effectuer une inscription \u00e0 France Travail d\u00e8s le lendemain de la suspension du contrat de travail mais aussi si vous \u00eates encore en activit\u00e9 salari\u00e9e.<\/p>\n<h2><span id=\"Qui_peut_avoir_droit_aux_allocations_chomage\">Qui peut b\u00e9n\u00e9ficier des allocations ch\u00f4mage ?<\/span><\/h2>\n<p><a href=\"https:\/\/www.mes-allocs.fr\/guides\/chomage\/droit-au-chomage\">Pour b\u00e9n\u00e9ficier des allocations ch\u00f4mage<\/a> il faut :<\/p>\n<ul>\n<li>S\u2019\u00eatre inscrit \u00e0 France Travail dans les 12 mois suivants la fin du travail.<\/li>\n<li>\u00catre consid\u00e9r\u00e9 comme demandeur d\u2019 emploi ou \u00eatre en formation.<\/li>\n<li>Ne pas avoir les droits \u00e0 une retraite compl\u00e8te.<\/li>\n<li>Etre physiquement apte \u00e0 travailler.<\/li>\n<li>R\u00e9sider en France (m\u00e9tropole ou DOM).<\/li>\n<\/ul>\n<p>Un salari\u00e9 d\u00e9missionnaire ne peut demander \u00e0 l&rsquo; instance paritaire de France Travail un r\u00e9examen de son dossier que <strong>quatre mois (121 jours) apr\u00e8s une d\u00e9mission <\/strong>si sa premi\u00e8re demande a \u00e9t\u00e9 refus\u00e9e.<\/p>\n<p>Il existe un d\u00e9lai de carence de 7 jours avant de recevoir des allocations ch\u00f4mage. Le nombre de jours peut \u00eatre augment\u00e9 si vous avez une indemnit\u00e9 compensatrice de cong\u00e9s pay\u00e9s ou des indemnit\u00e9s li\u00e9es \u00e0 la rupture du contrat.<\/p>\n<h2>Combien de temps faut-il avoir travaill\u00e9 pour toucher le ch\u00f4mage apr\u00e8s une d\u00e9mission ?<\/h2>\n<h3>Conditions habituelles<\/h3>\n<p>Pour pouvoir toucher les Allocations ch\u00f4mage (ARE) apr\u00e8s une d\u00e9mission, il faut avoir travaill\u00e9 6 mois sur les 24 derniers mois, mais ce droit n&rsquo;est ouvert qu&rsquo;en cas de d\u00e9mission l\u00e9gitime, c&rsquo;est-\u00e0-dire dans l&rsquo;un des cas d\u00e9finis par la r\u00e9glementation. Il est donc important de v\u00e9rifier que votre situation correspond bien \u00e0 l&rsquo;un de ces motifs pour pouvoir toucher une indemnit\u00e9 ch\u00f4mage.<\/p>\n<h3>En cas de d\u00e9mission<a href=\"https:\/\/www.mes-allocs.fr\/guides\/wp-content\/uploads\/2020\/12\/pexels-olya-kobruseva-5408915-1.jpg\"><img loading=\"lazy\" decoding=\"async\" class=\"wp-image-16149 alignleft\" title=\"En cas de d\u00e9mission pour poursuivre un projet professionnel\" src=\"https:\/\/www.mes-allocs.fr\/guides\/wp-content\/uploads\/2020\/12\/pexels-olya-kobruseva-5408915-1-e1607009941750-300x266.jpg\" alt=\"En cas de d\u00e9mission pour poursuivre un projet professionnel\" width=\"214\" height=\"190\" srcset=\"https:\/\/www.mes-allocs.fr\/guides\/wp-content\/uploads\/2020\/12\/pexels-olya-kobruseva-5408915-1-e1607009941750-300x266.jpg 300w, https:\/\/www.mes-allocs.fr\/guides\/wp-content\/uploads\/2020\/12\/pexels-olya-kobruseva-5408915-1-e1607009941750-1024x909.jpg 1024w, https:\/\/www.mes-allocs.fr\/guides\/wp-content\/uploads\/2020\/12\/pexels-olya-kobruseva-5408915-1-e1607009941750-768x682.jpg 768w, https:\/\/www.mes-allocs.fr\/guides\/wp-content\/uploads\/2020\/12\/pexels-olya-kobruseva-5408915-1-e1607009941750-600x532.jpg 600w, https:\/\/www.mes-allocs.fr\/guides\/wp-content\/uploads\/2020\/12\/pexels-olya-kobruseva-5408915-1-e1607009941750.jpg 1279w\" sizes=\"auto, (max-width: 214px) 100vw, 214px\" \/><\/a> pour poursuivre un projet professionnel<\/h3>\n<p>A compter du 1er novembre 2019, les salari\u00e9s en CDI qui souhaitent d\u00e9missionner de leur emploi afin de poursuivre un projet professionnel peuvent toucher l&rsquo;ARE. Les d\u00e9missionnaires qui souhaitent b\u00e9n\u00e9ficier de l&rsquo;allocation ch\u00f4mage doivent <strong>avoir travaill\u00e9 de fa\u00e7on continue au minimum fix\u00e9 de 1300 jours travaill\u00e9s pendant les 5 ans au cours des 60 derniers mois <\/strong>qui pr\u00e9c\u00e8dent la d\u00e9mission. Pour pouvoir mettre en place votre d\u00e9mission, la validation du projet professionnel doit \u00eatre obtenue\u00a0<strong>avant<\/strong> celle-ci pour ouvrir droit \u00e0 l&rsquo;ARE.<\/p>\n<p>Les p\u00e9riodes d\u2019inactivit\u00e9 telles que la maladie, les cong\u00e9s parentaux , les cong\u00e9s pour cr\u00e9ation d\u2019entreprise ou les cong\u00e9s sabbatiques sont prises en compte de la m\u00eame fa\u00e7on que pour les demandeurs d\u2019emploi qui ont \u00e9t\u00e9 licenci\u00e9s.<\/p>\n<h2><span id=\"Comment_toucher_les_allocations_chomages\">Comment toucher les allocations ch\u00f4mages ?<\/span><\/h2>\n<p>Pour se voir verser des <a href=\"https:\/\/www.mes-allocs.fr\/guides\/chomage\/chomage-apres-demission\">indemnit\u00e9s ch\u00f4mage apr\u00e8s une d\u00e9mission<\/a>, il est n\u00e9cessaire de remplir les conditions suivantes :<\/p>\n<ul>\n<li>Faire les actions d\u00e9cid\u00e9es avec votre conseiller France Travail dans le cadre de votre projet personnalis\u00e9 d\u2019acc\u00e8s \u00e0 l\u2019emploi (PPAE) ;<\/li>\n<li>Vous pr\u00e9senter \u00e0 tous vos rendez-vous avec un conseiller;<\/li>\n<li>Vous \u00eates demandeur d\u2019emploi et fa\u00eetes des recherches actives d&#8217;emploi ou essayez de cr\u00e9er ou de reprendre une entreprise ;<\/li>\n<li>Ne pas refuser deux fois une offre raisonnable d\u2019emploi ;<\/li>\n<li>Actualiser chaque mois votre situation en d\u00e9clarant vos revenus d\u2019activit\u00e9;<\/li>\n<li>Informer rapidement France Travail, dans un d\u00e9lai de 72 heures, si votre situation change. Si vous avez de nouveaux projets professionnels par exemple;<\/li>\n<li>Ne pas faire de fausses d\u00e9clarations.<\/li>\n<\/ul>\n<h2><span id=\"Comment_calculer_ses_allocations_chomage\">Comment calculer ses allocations ch\u00f4mage ?<\/span><\/h2>\n<p><a href=\"https:\/\/www.mes-allocs.fr\/guides\/chomage\/calculer-chomage\/\">Le montant de l\u2019allocation<\/a> varie en fonction de vos salaires mais aussi de votre mode d\u2019activit\u00e9 (temps plein ou temps partiel) et de vos pensions.<\/p>\n<p>Le montant journalier de votre allocation ch\u00f4mage est \u00e9gal au montant le plus \u00e9lev\u00e9 entre :<\/p>\n<ul>\n<li>40,4 % de votre\u00a0<b>Salaire Journalier de R\u00e9f\u00e9rence<\/b> (SJR) + 13,18 \u20ac ;<\/li>\n<li>57 % de votre SJR.<\/li>\n<\/ul>\n<div class='shortcode important'><div class='title'>Important<\/div><div class='content'>Ce montant ne peut pas d\u00e9passer 75 % de votre SJR et il ne peut pas \u00eatre inf\u00e9rieur \u00e0 32,13 \u20ac par jour (hors cas de travail \u00e0 temps partiel). <\/div><\/div>\n<p>Vous pouvez toucher l&rsquo;ARE pendant :<\/p>\n<ul>\n<li>685 jours (22 mois et demi) si vous avez entre 55 et 56 ans.<\/li>\n<li>822 jours (27 mois) si vous avez au moins 57 ans.<\/li>\n<li>548 jours (18 mois) si vous avez moins de 55 ans.<\/li>\n<\/ul>\n<h2><span id=\"Lassurance_chomage\">L\u2019assurance ch\u00f4mage<\/span><\/h2>\n<p>L\u2019Assurance ch\u00f4mage est une\u00a0<strong>assurance qui prot\u00e8ge les salari\u00e9 lorsqu\u2019ils se retrouvent sans emploi.<\/strong>\u00a0Cette assurance est obligatoire pour les employeurs du priv\u00e9 mais certains employeurs du public cotisent aussi pour celle-ci. Les employeurs du public peuvent choisir de cotiser pour l\u2019assurance ch\u00f4mage ou d\u2019avoir un r\u00e9gime d\u2019auto-assurance.<\/p>\n<p>Le financement de l&rsquo;assurance ch\u00f4mage repose sur la cotisation patronale (\u00e0 4% du salaire brut depuis le 1er mai 2025, apr\u00e8s la suppression d&rsquo;une contribution exceptionnelle temporaire) et sur des financements compl\u00e9mentaires de l&rsquo;\u00c9tat, notamment via une partie de la Contribution Sociale G\u00e9n\u00e9ralis\u00e9e (CSG). Ainsi, vous ne voyez plus de retenue directe pour l&rsquo;assurance ch\u00f4mage sur votre fiche de paie.<\/p>\n<div class='cta-block'><div class='text'>Simulez votre ch\u00f4mage en 2 min.<\/div><a href='https:\/\/www.mes-allocs.fr\/simulation-chomage?origin=guides\/wp-json\/wp\/v2\/posts\/16143' class='app-button fit'>Simulation gratuite<\/a><\/div>\n","protected":false},"excerpt":{"rendered":"<p>Contrairement aux id\u00e9e re\u00e7ues, il est parfois possible de quitter son emploi et de conserver ses droits au ch\u00f4mage. Si la d\u00e9mission est souvent per\u00e7ue comme une rupture de contrat entrainant aucune indemnisation, il existe des exceptions. Dans cet articles, d\u00e9couvrez les situations o\u00f9 une d\u00e9mission peut ouvrir droit aux allocations ch\u00f4mage, le temps de [&hellip;]<\/p>\n","protected":false},"author":9,"featured_media":16147,"comment_status":"open","ping_status":"open","sticky":false,"template":"","format":"standard","meta":{"amp_status":"","footnotes":""},"categories":[3397,2989],"tags":[],"class_list":["post-16143","post","type-post","status-publish","format-standard","has-post-thumbnail","hentry","category-chomage-demission","category-chomage"],"yoast_head":"<!-- This site is optimized with the Yoast SEO plugin v14.9 - https:\/\/yoast.com\/wordpress\/plugins\/seo\/ -->\n<title>Combien de temps faut-il travailler pour toucher le ch\u00f4mage apr\u00e8s d\u00e9mission ?<\/title>\n<meta name=\"description\" content=\"Vous souhaitez d\u00e9missionner et garder vos droits au ch\u00f4mage ? Pour cela il faut remplir des conditions et avoir travailler un certain temps.\" \/>\n<meta name=\"robots\" content=\"index, follow, max-snippet:-1, max-image-preview:large, max-video-preview:-1\" \/>\n<link rel=\"canonical\" href=\"https:\/\/www.mes-allocs.fr\/guides\/chomage\/chomage-demission\/temps-travail-chomage-demission\/\" \/>\n<meta property=\"og:locale\" content=\"fr_FR\" \/>\n<meta property=\"og:type\" content=\"article\" \/>\n<meta property=\"og:title\" content=\"Combien de temps faut-il travailler pour toucher le ch\u00f4mage apr\u00e8s d\u00e9mission ?\" \/>\n<meta property=\"og:description\" content=\"Vous souhaitez d\u00e9missionner et garder vos droits au ch\u00f4mage ? Pour cela il faut remplir des conditions et avoir travailler un certain temps.\" \/>\n<meta property=\"og:url\" content=\"https:\/\/www.mes-allocs.fr\/guides\/chomage\/chomage-demission\/temps-travail-chomage-demission\/\" \/>\n<meta property=\"og:site_name\" content=\"Mes-Allocs.fr\" \/>\n<meta property=\"article:published_time\" content=\"2020-12-11T10:47:38+00:00\" \/>\n<meta property=\"article:modified_time\" content=\"2025-10-07T14:16:19+00:00\" \/>\n<meta property=\"og:image\" content=\"https:\/\/www.mes-allocs.fr\/guides\/wp-content\/uploads\/2020\/12\/pexels-eniko-toth-1179476-1-e1607009675702.jpg?wsr\" \/>\n\t<meta property=\"og:image:width\" content=\"1280\" \/>\n\t<meta property=\"og:image:height\" content=\"368\" \/>\n<meta name=\"twitter:card\" content=\"summary_large_image\" \/>\n<script type=\"application\/ld+json\" class=\"yoast-schema-graph\">{\"@context\":\"https:\/\/schema.org\",\"@graph\":[{\"@type\":\"WebSite\",\"@id\":\"https:\/\/www.mes-allocs.fr\/guides\/#website\",\"url\":\"https:\/\/www.mes-allocs.fr\/guides\/\",\"name\":\"Mes-Allocs.fr\",\"description\":\"\",\"potentialAction\":[{\"@type\":\"SearchAction\",\"target\":\"https:\/\/www.mes-allocs.fr\/guides\/?s={search_term_string}\",\"query-input\":\"required name=search_term_string\"}],\"inLanguage\":\"fr-FR\"},{\"@type\":\"ImageObject\",\"@id\":\"https:\/\/www.mes-allocs.fr\/guides\/chomage\/chomage-demission\/temps-travail-chomage-demission\/#primaryimage\",\"inLanguage\":\"fr-FR\",\"url\":\"https:\/\/www.mes-allocs.fr\/guides\/wp-content\/uploads\/2020\/12\/pexels-eniko-toth-1179476-1-e1607009675702.jpg?wsr\",\"width\":1280,\"height\":368,\"caption\":\"pexels eniko toth 1179476 1 e1607009675702\"},{\"@type\":\"WebPage\",\"@id\":\"https:\/\/www.mes-allocs.fr\/guides\/chomage\/chomage-demission\/temps-travail-chomage-demission\/#webpage\",\"url\":\"https:\/\/www.mes-allocs.fr\/guides\/chomage\/chomage-demission\/temps-travail-chomage-demission\/\",\"name\":\"Combien de temps faut-il travailler pour toucher le ch\\u00f4mage apr\\u00e8s d\\u00e9mission ?\",\"isPartOf\":{\"@id\":\"https:\/\/www.mes-allocs.fr\/guides\/#website\"},\"primaryImageOfPage\":{\"@id\":\"https:\/\/www.mes-allocs.fr\/guides\/chomage\/chomage-demission\/temps-travail-chomage-demission\/#primaryimage\"},\"datePublished\":\"2020-12-11T10:47:38+00:00\",\"dateModified\":\"2025-10-07T14:16:19+00:00\",\"author\":{\"@id\":\"https:\/\/www.mes-allocs.fr\/guides\/#\/schema\/person\/e4e762c89158b34a332446d26f02fd56\"},\"description\":\"Vous souhaitez d\\u00e9missionner et garder vos droits au ch\\u00f4mage ? Pour cela il faut remplir des conditions et avoir travailler un certain temps.\",\"inLanguage\":\"fr-FR\"},{\"@type\":\"Person\",\"@id\":\"https:\/\/www.mes-allocs.fr\/guides\/#\/schema\/person\/e4e762c89158b34a332446d26f02fd56\",\"name\":\"Marylou\",\"image\":{\"@type\":\"ImageObject\",\"@id\":\"https:\/\/www.mes-allocs.fr\/guides\/#personlogo\",\"inLanguage\":\"fr-FR\",\"url\":\"https:\/\/www.mes-allocs.fr\/guides\/wp-content\/uploads\/2021\/06\/marylou-150x150.png\",\"caption\":\"Marylou\"},\"description\":\"Marylou est r\\u00e9dactrice au sein de l'\\u00e9quipe Mes Allocs, sp\\u00e9cialiste des sujets de soci\\u00e9t\\u00e9 en g\\u00e9n\\u00e9ral. Dipl\\u00f4m\\u00e9e de l'Institut Sup\\u00e9rieur de Formation au Journalisme, elle rejoint Mes Allocs apr\\u00e8s cr\\u00e9\\u00e9 son premier blog personnel.\",\"sameAs\":[\"https:\/\/www.linkedin.com\/in\/marylou-pr\\u00e9vost\"]}]}<\/script>\n<!-- \/ Yoast SEO plugin. -->","amp_validity":null,"acf":{"faq":{"1":{"question":"Comment toucher le ch\u00f4mage apr\u00e8s une d\u00e9mission ?","answer":"Vous pouvez toucher le ch\u00f4mage apr\u00e8s une d\u00e9mission si elle est consid\u00e9r\u00e9e comme l\u00e9gitime. Vous pouvez aussi faire r\u00e9examiner votre situation, \u00e0 l\u2019issue d\u2019un d\u00e9lai de 121 jours (4 mois) de ch\u00f4mage non indemnis\u00e9.\r\n\r\n"},"2":{"question":"C'est quoi une d\u00e9mission l\u00e9gitime ?","answer":"Une d\u00e9mission est consid\u00e9r\u00e9e comme l\u00e9gitime par P\u00f4le emploi si vous fa\u00eetes un d\u00e9m\u00e9nagement, d\u00e9missionnez d'un nouvel emploi apr\u00e8s avoir \u00e9t\u00e9 licenci\u00e9, partez pour faire une formation qualifiante, n'avez pas re\u00e7u votre salaire, subissez des actes d\u00e9lictueux, avez un projet de de reconversion professionnelle, souhaitez exercer un nouvel emploi, souhaitez faire un contrat de service civique ou de volontariat.\r\n"},"3":{"question":"Comment dire \u00e0 mon patron que je d\u00e9missionne ?","answer":"Pour pr\u00e9venir votre employeur de votre d\u00e9mission, il suffit de lui faire parvenir une lettre de d\u00e9mission ou de le pr\u00e9venir oralement.\r\n"},"4":{"question":"Comment quitter son travail sans perdre ses droits ?","answer":"Vous pouvez quitter votre travail en conservant vos droits au ch\u00f4mage si vous fa\u00eetes une d\u00e9mission l\u00e9gitime. Vous pouvez aussi quitter votre emploi en faisant une rupture conventionnelle. Ainsi, vous garderez vos droits automatiquement."},"5":{"question":"Puis-je quitter un CDI pour un CDD ?","answer":"Il est possible de quitter un CDI pour un CDD. Pour cela il faut montrer une promesse d'embauche \u00e0 votre employeur. Si vous souhaitez quitter votre CDI pour un CDD, vous faites donc une d\u00e9mission pour suivre un projet de reconversion professionnelle. Ainsi, vous avez droit aux allocations ch\u00f4mage entre la fin de votre CDI et le d\u00e9but de votre CDD. Il faudra simplement prouver \u00e0 votre employeur votre embauche effective dans une autre entreprise."},"6":{"question":"Est-ce que je re\u00e7ois le solde de tout compte en d\u00e9missionnant ?","answer":"Le solde de tout compte r\u00e9capitule les sommes que doit verser l'employeur au salari\u00e9 lors de la d\u00e9mission. L'employeur doit obligatoirement remettre le solde de tout compte \u00e0 son salari\u00e9."},"7":{"question":"","answer":""},"8":{"question":"","answer":""},"9":{"question":"","answer":""},"10":{"question":"","answer":""},"11":{"question":"","answer":""},"12":{"question":"","answer":""},"13":{"question":"","answer":""},"14":{"question":"","answer":""},"15":{"question":"","answer":""},"16":{"question":"","answer":""}}},"_links":{"self":[{"href":"https:\/\/www.mes-allocs.fr\/guides\/wp-json\/wp\/v2\/posts\/16143","targetHints":{"allow":["GET"]}}],"collection":[{"href":"https:\/\/www.mes-allocs.fr\/guides\/wp-json\/wp\/v2\/posts"}],"about":[{"href":"https:\/\/www.mes-allocs.fr\/guides\/wp-json\/wp\/v2\/types\/post"}],"author":[{"embeddable":true,"href":"https:\/\/www.mes-allocs.fr\/guides\/wp-json\/wp\/v2\/users\/9"}],"replies":[{"embeddable":true,"href":"https:\/\/www.mes-allocs.fr\/guides\/wp-json\/wp\/v2\/comments?post=16143"}],"version-history":[{"count":33,"href":"https:\/\/www.mes-allocs.fr\/guides\/wp-json\/wp\/v2\/posts\/16143\/revisions"}],"predecessor-version":[{"id":104441,"href":"https:\/\/www.mes-allocs.fr\/guides\/wp-json\/wp\/v2\/posts\/16143\/revisions\/104441"}],"wp:featuredmedia":[{"embeddable":true,"href":"https:\/\/www.mes-allocs.fr\/guides\/wp-json\/wp\/v2\/media\/16147"}],"wp:attachment":[{"href":"https:\/\/www.mes-allocs.fr\/guides\/wp-json\/wp\/v2\/media?parent=16143"}],"wp:term":[{"taxonomy":"category","embeddable":true,"href":"https:\/\/www.mes-allocs.fr\/guides\/wp-json\/wp\/v2\/categories?post=16143"},{"taxonomy":"post_tag","embeddable":true,"href":"https:\/\/www.mes-allocs.fr\/guides\/wp-json\/wp\/v2\/tags?post=16143"}],"curies":[{"name":"wp","href":"https:\/\/api.w.org\/{rel}","templated":true}]}}