{"id":16004,"date":"2020-12-07T09:05:02","date_gmt":"2020-12-07T09:05:02","guid":{"rendered":"https:\/\/www.mes-allocs.fr\/guides\/?p=16004"},"modified":"2026-01-06T18:26:13","modified_gmt":"2026-01-06T17:26:13","slug":"aspa-et-aah","status":"publish","type":"post","link":"https:\/\/www.mes-allocs.fr\/guides\/aspa\/cumul-aspa\/aspa-et-aah\/","title":{"rendered":"Peut-on cumuler ASPA et AAH en 2026 ?"},"content":{"rendered":"<p><a href=\"https:\/\/www.mes-allocs.fr\/guides\/wp-content\/uploads\/2020\/12\/hands-2906458_1280.jpg\"><img loading=\"lazy\" decoding=\"async\" class=\"aligncenter wp-image-16196 size-full\" src=\"https:\/\/www.mes-allocs.fr\/guides\/wp-content\/uploads\/2020\/12\/hands-2906458_1280-e1682686159262.jpg\" alt=\"Aspa et AAH : un cumul possible ?\" width=\"1280\" height=\"185\" srcset=\"https:\/\/www.mes-allocs.fr\/guides\/wp-content\/uploads\/2020\/12\/hands-2906458_1280-e1682686159262.jpg 1280w, https:\/\/www.mes-allocs.fr\/guides\/wp-content\/uploads\/2020\/12\/hands-2906458_1280-e1682686159262-300x43.jpg 300w, https:\/\/www.mes-allocs.fr\/guides\/wp-content\/uploads\/2020\/12\/hands-2906458_1280-e1682686159262-1024x148.jpg 1024w, https:\/\/www.mes-allocs.fr\/guides\/wp-content\/uploads\/2020\/12\/hands-2906458_1280-e1682686159262-768x111.jpg 768w, https:\/\/www.mes-allocs.fr\/guides\/wp-content\/uploads\/2020\/12\/hands-2906458_1280-e1682686159262-600x87.jpg 600w\" sizes=\"auto, (max-width: 1280px) 100vw, 1280px\" \/><\/a><\/p>\n<p style=\"text-align: justify;\">[Mis \u00e0 jour le 06\/01\/2026] L&rsquo;<a href=\"https:\/\/www.mes-allocs.fr\/guides\/aspa\/\">ASPA<\/a> est une allocation pour les personnes \u00e2g\u00e9es b\u00e9n\u00e9ficiant de faibles ressources qui ne permettent pas de vivre d\u00e9cemment. Quant \u00e0 l&rsquo;AAH, c&rsquo;est une aide accord\u00e9e aux personnes en situation de handicap. Mes Allocs vous dit tout sur le <strong>cumul de l&rsquo;ASPA et de l&rsquo;AAH<\/strong>.<\/p>\n<div class='cta-block'><div class='text'>Simulez toutes vos aides en 2 min.<\/div><a href='https:\/\/www.mes-allocs.fr\/ab-app?origin=guides\/wp-json\/wp\/v2\/posts\/16004' class='app-button fit'>Simulation gratuite<\/a><\/div>\n<h1>Est-il possible de cumuler l&rsquo;ASPA et l&rsquo;AAH ?<\/h1>\n<p><strong>L&rsquo;Allocation Solidaire aux Personnes Ag\u00e9es (ASPA),<\/strong> autrefois appel\u00e9e minimum vieillesse est attribu\u00e9e aux personnes de 65 ans ou plus ayant de faibles ressources qui n&rsquo;ont pas suffisamment cotis\u00e9 aupr\u00e8s de la caisse de retraite dont ils d\u00e9pendent. Selon votre r\u00e9gime d&rsquo;affiliation, l&rsquo;Aspa vous sera vers\u00e9e soit par la Cnav, soit par la MSA si vous relevez du secteur agricole.<\/p>\n<p><strong>L&rsquo;Allocation aux adultes handicap\u00e9s, (AAH)<\/strong> est une allocation de solidarit\u00e9 destin\u00e9e aux <strong>personnes justifiant d&rsquo;un handicap<\/strong> et ayant de faibles ressources. Cette allocation financ\u00e9e par l&rsquo;\u00c9tat est vers\u00e9e soir par la CAF, soit par la MSA si vous relevez du secteur agricole. Si vous remplissez les conditions d&rsquo;attribution, notamment b\u00e9n\u00e9ficiez de faibles ressources et justifiez d&rsquo;un certain taux de handicap permanent vous pouvez faire valoir vos droits.<\/p>\n<h2>Le cumul de l&rsquo;ASPA et l&rsquo;AAH<\/h2>\n<p style=\"text-align: justify;\">Depuis le 1<sup>er<\/sup> janvier 2017, certaines personnes peuvent percevoir l\u2019AAH en plus de leur retraite. Cette nouvelle r\u00e8gle fait suite \u00e0 la Loi de Finances pour 2017 avant laquelle toutes les personnes en situation de handicap devaient syst\u00e9matiquement basculer dans le dispositif ASPA apr\u00e8s avoir atteint l\u2019\u00e2ge l\u00e9gal de la retraite.<\/p>\n<p style=\"text-align: justify;\">D\u00e9sormais vous pouvez continuer \u00e0 percevoir l\u2019AAH une fois \u00e0 la retraite si vous remplissez certaines conditions. En effet, pour cumuler ces deux sources de revenus, vous devez respecter les conditions suivantes :<\/p>\n<ul>\n<li style=\"text-align: justify;\">Avoir cotis\u00e9 \u00e0 l\u2019assurance vieillesse tout au long de votre carri\u00e8re professionnelle<\/li>\n<li style=\"text-align: justify;\">Avoir un taux d\u2019incapacit\u00e9 \u00e9gal ou sup\u00e9rieur \u00e0 80 %<\/li>\n<li style=\"text-align: justify;\">Respecter les plafonds de ressource de l&rsquo;ASPA et de l&rsquo;AAH<\/li>\n<li style=\"text-align: justify;\">Avoir atteint l\u2019\u00e2ge l\u00e9gal de la retraite<\/li>\n<\/ul>\n<p>Les plafonds de ressource sont des montants que vous ne devez pas d\u00e9passer pour b\u00e9n\u00e9ficier d&rsquo;une aide de l&rsquo;Etat. Par exemple, si l&rsquo;ensemble de vos ressource est \u00e9gal \u00e0 700\u20ac par mois et que le plafond de l&rsquo;aide est de 600\u20ac, vous ne pourrez pas avoir droit \u00e0 cette aide. <strong>Concernant l&rsquo;ASPA, voici les plafonds de ressources \u00e0 respecter en 2026 :\u00a0<\/strong><\/p>\n\n<div class=\"wpdt-c row wpDataTableContainerSimpleTable wpDataTables wpDataTablesWrapper\n\"\n    >\n    <table id=\"wpdtSimpleTable-236\"\n           class=\"wpdtSimpleTable wpDataTable\"\n           data-column=\"2\"\n           data-rows=\"3\"\n           data-wpID=\"236\"\n           data-responsive=\"0\"\n           data-has-header=\"1\">\n\n                    <thead>        <tr class=\"wpdt-cell-row \" >\n                            <th class=\"wpdt-cell wpdt-bold wpdt-bc-F3F9FE\"\n                                    data-cell-id=\"A1\"\n                data-col-index=\"0\"\n                data-row-index=\"0\"\n                style=\" width:48.448687350835%;                padding:10px;\"\n                >\n                                Situation familiale                <\/th>\n                                            <th class=\"wpdt-cell wpdt-bold wpdt-bc-F3F9FE\"\n                                    data-cell-id=\"B1\"\n                data-col-index=\"1\"\n                data-row-index=\"0\"\n                style=\" width:51.551312649165%;                padding:10px;\"\n                >\n                                Plafonds de ressources \u00e0 ne pas d\u00e9passer (brut par mois) :                <\/th>\n                                        <\/tr>\n                    <tbody>        <tr class=\"wpdt-cell-row \" >\n                            <td class=\"wpdt-cell \"\n                                    data-cell-id=\"A2\"\n                data-col-index=\"0\"\n                data-row-index=\"1\"\n                style=\"                padding:10px;\"\n                >\n                                Seul                <\/td>\n                                            <td class=\"wpdt-cell \"\n                                    data-cell-id=\"B2\"\n                data-col-index=\"1\"\n                data-row-index=\"1\"\n                style=\"                padding:10px;\"\n                >\n                                1 043,59 \u20ac                <\/td>\n                                        <\/tr>\n                            <tr class=\"wpdt-cell-row \" >\n                            <td class=\"wpdt-cell \"\n                                    data-cell-id=\"A3\"\n                data-col-index=\"0\"\n                data-row-index=\"2\"\n                style=\"                padding:10px;\"\n                >\n                                Couple                <\/td>\n                                            <td class=\"wpdt-cell \"\n                                    data-cell-id=\"B3\"\n                data-col-index=\"1\"\n                data-row-index=\"2\"\n                style=\"                padding:10px;\"\n                >\n                                1 620,18 \u20ac                <\/td>\n                                        <\/tr>\n                    <\/table>\n<\/div><style id='wpdt-custom-style-236'>\ntable#wpdtSimpleTable-236{ table-layout: fixed !important; }\n.wpdt-bc-F3F9FE { background-color: #F3F9FE !important;}\n<\/style>\n\n<p><strong>Quant \u00e0 l&rsquo;AAH, les plafonds de ressources fix\u00e9s en 2026 sont les suivants :\u00a0<\/strong><\/p>\n<ul>\n<li><strong>12 399,84 \u20ac<\/strong> par an pour les personnes seules<\/li>\n<li><strong>24 799,68 \u20ac<\/strong> par an pour les couples sans enfants<\/li>\n<li><strong>+6 199,92 \u20ac<\/strong> par an par enfant \u00e0 charge<\/li>\n<\/ul>\n<p>Ce sont les revenus N-2 de votre avis d&rsquo;imposition qui sont pris en compte. En 2026, ce sont vos revenus de 2024 qui ne doivent pas d\u00e9passer ces plafonds. Notez que ces plafonds varient selon votre situation familiale. Si vos revenus acc\u00e8dent les plafonds lors du\u00a0 3\u00e8me mois qui pr\u00e9c\u00e8de votre demande, vos ressources font l&rsquo;objet d&rsquo;un nouvel examen, cette fois-ci sur les 12 mois pr\u00e9c\u00e9dant la date d&rsquo;effet.<\/p>\n<h2>Les conditions pour obtenir l&rsquo;ASPA<\/h2>\n<p style=\"text-align: justify;\">Pour \u00eatre b\u00e9n\u00e9ficiaire de l&rsquo;ASPA, vous devez respecter les conditions suivantes :<\/p>\n<ul>\n<li style=\"text-align: justify;\"><strong>\u00catre \u00e2g\u00e9 d&rsquo;au moins 65 ans<\/strong> ou avoir atteint l\u2019\u00e2ge l\u00e9gal de la retraite\u00a0en cas d\u2019invalidit\u00e9 ou d\u2019incapacit\u00e9 permanente (au moins 50\u00a0%).<\/li>\n<li style=\"text-align: justify;\"><strong>R\u00e9sider en France m\u00e9tropolitaine,<\/strong> en Guadeloupe, en Martinique, en Guyane,\u00a0\u00e0 la R\u00e9union,\u00a0\u00e0\u00a0Saint Martin ou \u00e0 Saint Barth\u00e9l\u00e9my, plus de 6\u00a0mois (ou 180\u00a0jours) au cours de l&rsquo;ann\u00e9e civile de versement de l&rsquo;allocation. Les ressortissants \u00e9trangers, titulaires d&rsquo;un titre de s\u00e9jour depuis au moins 10 ans au point de d\u00e9part de l\u2019allocation, sont \u00e9ligibles. Cette restriction ne s\u2019appliquant ni aux apatrides, ni aux aux r\u00e9fugi\u00e9s.<\/li>\n<li><strong>Il ne faut pas que vos ressources ne d\u00e9passent les plafonds en vigueur<\/strong><\/li>\n<\/ul>\n<p><strong>\u00c0 noter<\/strong> : l&rsquo;\u00e2ge minimum pour b\u00e9n\u00e9ficier de l&rsquo;ASPA est fix\u00e9 \u00e0 65 ans. En revanche, si vous \u00eates \u00e2ge de 62 ans, et inapte au travail, assimil\u00e9 inapte ou que vous \u00eates atteint d&rsquo;un taux de handicap permanent d&rsquo;au moins 50 % alors vous pouvez b\u00e9n\u00e9ficier de l&rsquo;Aspa.<\/p>\n<h2>Les conditions pour obtenir l&rsquo;AAH<\/h2>\n<p><strong>Pour percevoir l&rsquo;AAH, vous devez respecter certaines conditions, \u00e0 savoir :\u00a0<\/strong><\/p>\n<ul>\n<li style=\"text-align: justify;\" data-insertor-excluded=\"1\"><strong>Vous \u00eates \u00e2g\u00e9 de plus de 20 ans<\/strong> (ou 16 ans si vous n&rsquo;\u00eates plus consid\u00e9r\u00e9 \u00e0 charge dans les prestations familiales de vos parents)<\/li>\n<li style=\"text-align: justify;\" data-insertor-excluded=\"1\">Vous r\u00e9sidez en France ou vous disposez d&rsquo;un titre de s\u00e9jour en cours de validit\u00e9<\/li>\n<li style=\"text-align: justify;\" data-insertor-excluded=\"1\"><strong>Vous devez \u00eatre atteint d&rsquo;une incapacit\u00e9 sup\u00e9rieure \u00e0 80 %, ou de 50 \u00e0 79 %<\/strong> corr\u00e9l\u00e9e \u00e0 une restriction d&rsquo;acc\u00e8s \u00e0 l&#8217;emploi \u00ab\u00a0substantielle et durable\u00a0\u00bb. Pour rappel, ce taux est \u00e9valu\u00e9 par la commission des droits et de l&rsquo;autonomie des personnes handicap\u00e9es (CDAPH), en fonction d&rsquo;un bar\u00e8me \u00ab\u00a0pour l&rsquo;\u00e9valuation des d\u00e9ficiences et incapacit\u00e9s des personnes handicap\u00e9es\u00a0\u00bb.<\/li>\n<li style=\"text-align: justify;\" data-insertor-excluded=\"1\">Vous respectez les plafonds de ressource en vigueur<\/li>\n<\/ul>\n<p style=\"text-align: justify;\"><strong>Si vous justifiez d&rsquo;un taux d\u2019incapacit\u00e9 compris entre 50 % et 79 %,<\/strong> vous pouvez faire une demande d\u2019AAH, dans la mesure o\u00f9 votre handicap repr\u00e9sente une restriction substantielle et durable d\u2019acc\u00e8s \u00e0 un emploi et ne peut \u00eatre compens\u00e9 par des am\u00e9nagements sp\u00e9cifiques, comme un poste de travail adapt\u00e9.<\/p>\n<p style=\"text-align: justify;\"><div class='cta-block'><div class='text'>Simulez toutes vos aides en 2 min.<\/div><a href='https:\/\/www.mes-allocs.fr\/ab-app?origin=guides\/wp-json\/wp\/v2\/posts\/16004' class='app-button fit'>Simulation gratuite<\/a><\/div><\/p>\n<h1>Que se passe-t-il en cas d&rsquo;augmentation de l&rsquo;AAH ?<\/h1>\n<h2>L&rsquo;impact de l&rsquo;AAH sur vos droits \u00e0 l&rsquo;ASPA<\/h2>\n<p>En principe, le fait de percevoir l&rsquo;AAH n&rsquo;a pas d&rsquo;impact sur les droits \u00e0 l&rsquo;ASPA. Toutefois, certaines ressources li\u00e9es \u00e0 l&rsquo;AAH peuvent \u00eatre prises en compte dans le calcul de l&rsquo;ASPA. <strong>Par exemple, si vous b\u00e9n\u00e9ficiez de l&rsquo;AAH et d&rsquo;une pension d&rsquo;invalidit\u00e9 ou d&rsquo;une rente d&rsquo;accident du travail en plus, ces ressources seront prises en compte dans le calcul des ressources pour l&rsquo;ASPA.<\/strong> Ce qui signifie que vous risquez de perdre vos droits \u00e0 l&rsquo;ASPA.<\/p>\n<p><em>Exemple : vous b\u00e9n\u00e9ficiez de l&rsquo;AAH \u00e0 hauteur de 600\u20ac par mois. Depuis le 1er janvier 2026, l&rsquo;Etat vous accorde une pension d&rsquo;invalidit\u00e9 \u00e0 hauteur de 400\u20ac par mois, cumulable avec l&rsquo;AAH. Vos ressources s&rsquo;\u00e9l\u00e8vent donc \u00e0 1000\u20ac par mois. Le plafond de l&rsquo;ASPA \u00e9tant fix\u00e9 \u00e0 1 043,59 \u20ac par mois pour les personnes seules, vous n&rsquo;aurez donc plus le droit de b\u00e9n\u00e9ficier de cette aide.<\/em><\/p>\n<h2>Quel est le montant de l&rsquo;AAH en 2026 ?<\/h2>\n<p style=\"text-align: justify;\">Le montant maximal de l&rsquo;AAH serait fix\u00e9 <strong>\u00e0 1 042,62 \u20ac\u00a0par mois<\/strong> en 2026. Ce montant varie selon votre situation personnelle, vos ressources et votre situation familiale :<\/p>\n<ul>\n<li style=\"text-align: justify;\" data-insertor-excluded=\"1\"><strong data-insertor-excluded=\"1\">Vous \u00eates c\u00e9libataire et sans ressources<\/strong> : vous pourriez b\u00e9n\u00e9ficier jusqu&rsquo;\u00e0 <strong>1 042,62 \u20ac<\/strong><b>\u00a0<\/b>\u00a0par mois.<\/li>\n<li style=\"text-align: justify;\" data-insertor-excluded=\"1\"><strong data-insertor-excluded=\"1\">Vous percevez une pension ou une rente ou vous travaillez en milieu ordinaire<\/strong> : le montant de l&rsquo;AAH correspond \u00e0 la diff\u00e9rence entre le montant de vos ressources et le montant de l&rsquo;AAH pour une personne seule et sans ressources. <span data-insertor-excluded=\"1\">C&rsquo;est la raison pour laquelle, si la prestation sociale vous est accord\u00e9e, vous devez r\u00e9aliser<strong data-insertor-excluded=\"1\">\u00a0une d\u00e9claration trimestrielle<\/strong>\u00a0<\/span><\/li>\n<li style=\"text-align: justify;\" data-insertor-excluded=\"1\"><strong data-insertor-excluded=\"1\">Vous \u00eates hospitalis\u00e9, h\u00e9berg\u00e9 dans une maison d&rsquo;accueil sp\u00e9cialis\u00e9e ou incarc\u00e9r\u00e9<\/strong> : l&rsquo;aide financi\u00e8re est vers\u00e9e \u00e0 taux plein pendant 60 jours. Pass\u00e9 ce d\u00e9lai, la somme est r\u00e9duite \u00e0 30 % du montant initial. Ensuite, le montant de l&rsquo;AAH est recalcul\u00e9 en fonction de votre situation \u00e0 la sortie de l&rsquo;\u00e9tablissement.<\/li>\n<\/ul>\n<h2>Comment demander l&rsquo;AAH tout en b\u00e9n\u00e9ficiant de l&rsquo;ASPA ?<\/h2>\n<p style=\"text-align: justify;\">Pour \u00eatre b\u00e9n\u00e9ficiaire de l&rsquo;AAH si vous l&rsquo;\u00eates d\u00e9j\u00e0 de l&rsquo;ASPA, il suffit de vous adresser \u00e0 la Maison d\u00e9partementale des personnes handicap\u00e9es (MDPH). <strong>Votre dossier doit contenir les documents suivants :<\/strong><\/p>\n<ul>\n<li style=\"text-align: justify;\">Formulaire cerfa de demande ou de renouvellement d\u2019AAH<\/li>\n<li style=\"text-align: justify;\">Certificat m\u00e9dical dat\u00e9 de moins de 3 mois, sign\u00e9 et tamponn\u00e9 par un m\u00e9decin<\/li>\n<li style=\"text-align: justify;\">Copie recto-verso d\u2019une pi\u00e8ce d\u2019identit\u00e9<\/li>\n<li style=\"text-align: justify;\">Copie d\u2019un justificatif de domicile de moins de 3 mois<\/li>\n<li style=\"text-align: justify;\">L\u2019ensemble des documents relatifs aux situations particuli\u00e8res (copie d\u2019un jugement de tutelle ou de curatelle, justificatif de domicile de repr\u00e9sentant l\u00e9gal du mineur, etc.)<\/li>\n<\/ul>\n<p style=\"text-align: justify;\">Une fois que votre dossier est compl\u00e9t\u00e9, vous devez l&rsquo;envoyer \u00e0 la MDPH par lettre recommand\u00e9e avec avis de r\u00e9ception. Si vous obtenez un avis favorable \u00e0 votre \u00e9ligibilit\u00e9, il est \u00e9galement n\u00e9cessaire de le <strong>d\u00e9clarer \u00e0 votre organisme de retraite pour qu&rsquo;il recalcule vos droits \u00e0 l&rsquo;ASPA.<\/strong><\/p>\n<p style=\"text-align: justify;\"><div class='cta-block'><div class='text'>Simulez toutes vos aides en 2 min.<\/div><a href='https:\/\/www.mes-allocs.fr\/ab-app?origin=guides\/wp-json\/wp\/v2\/posts\/16004' class='app-button fit'>Simulation gratuite<\/a><\/div><\/p>\n","protected":false},"excerpt":{"rendered":"<p>[Mis \u00e0 jour le 06\/01\/2026] L&rsquo;ASPA est une allocation pour les personnes \u00e2g\u00e9es b\u00e9n\u00e9ficiant de faibles ressources qui ne permettent pas de vivre d\u00e9cemment. Quant \u00e0 l&rsquo;AAH, c&rsquo;est une aide accord\u00e9e aux personnes en situation de handicap. Mes Allocs vous dit tout sur le cumul de l&rsquo;ASPA et de l&rsquo;AAH. Est-il possible de cumuler l&rsquo;ASPA [&hellip;]<\/p>\n","protected":false},"author":9,"featured_media":16196,"comment_status":"open","ping_status":"open","sticky":false,"template":"","format":"standard","meta":{"amp_status":"","footnotes":""},"categories":[3649,3653],"tags":[],"class_list":["post-16004","post","type-post","status-publish","format-standard","has-post-thumbnail","hentry","category-aspa","category-cumul-aspa"],"yoast_head":"<!-- This site is optimized with the Yoast SEO plugin v14.9 - https:\/\/yoast.com\/wordpress\/plugins\/seo\/ -->\n<title>Peut-on cumuler l&#039;ASPA et l&#039;AAH ? | Mes-Allocs.fr<\/title>\n<meta name=\"description\" content=\"L&#039;ASPA est une allocation pour les personnes \u00e2g\u00e9es, mais peut-on la cumuler avec l&#039;AAH ? Mes Allocs vous explique tout en d\u00e9tail ici !\" \/>\n<meta name=\"robots\" content=\"index, follow, max-snippet:-1, max-image-preview:large, max-video-preview:-1\" \/>\n<link rel=\"canonical\" href=\"https:\/\/www.mes-allocs.fr\/guides\/aspa\/cumul-aspa\/aspa-et-aah\/\" \/>\n<meta property=\"og:locale\" content=\"fr_FR\" \/>\n<meta property=\"og:type\" content=\"article\" \/>\n<meta property=\"og:title\" content=\"Peut-on cumuler l&#039;ASPA et l&#039;AAH ? | Mes-Allocs.fr\" \/>\n<meta property=\"og:description\" content=\"L&#039;ASPA est une allocation pour les personnes \u00e2g\u00e9es, mais peut-on la cumuler avec l&#039;AAH ? Mes Allocs vous explique tout en d\u00e9tail ici !\" \/>\n<meta property=\"og:url\" content=\"https:\/\/www.mes-allocs.fr\/guides\/aspa\/cumul-aspa\/aspa-et-aah\/\" \/>\n<meta property=\"og:site_name\" content=\"Mes-Allocs.fr\" \/>\n<meta property=\"article:published_time\" content=\"2020-12-07T09:05:02+00:00\" \/>\n<meta property=\"article:modified_time\" content=\"2026-01-06T17:26:13+00:00\" \/>\n<meta property=\"og:image\" content=\"https:\/\/www.mes-allocs.fr\/guides\/wp-content\/uploads\/2020\/12\/hands-2906458_1280-e1682686159262.jpg?wsr\" \/>\n\t<meta property=\"og:image:width\" content=\"1280\" \/>\n\t<meta property=\"og:image:height\" content=\"185\" \/>\n<meta name=\"twitter:card\" content=\"summary_large_image\" \/>\n<script type=\"application\/ld+json\" class=\"yoast-schema-graph\">{\"@context\":\"https:\/\/schema.org\",\"@graph\":[{\"@type\":\"WebSite\",\"@id\":\"https:\/\/www.mes-allocs.fr\/guides\/#website\",\"url\":\"https:\/\/www.mes-allocs.fr\/guides\/\",\"name\":\"Mes-Allocs.fr\",\"description\":\"\",\"potentialAction\":[{\"@type\":\"SearchAction\",\"target\":\"https:\/\/www.mes-allocs.fr\/guides\/?s={search_term_string}\",\"query-input\":\"required name=search_term_string\"}],\"inLanguage\":\"fr-FR\"},{\"@type\":\"ImageObject\",\"@id\":\"https:\/\/www.mes-allocs.fr\/guides\/aspa\/cumul-aspa\/aspa-et-aah\/#primaryimage\",\"inLanguage\":\"fr-FR\",\"url\":\"https:\/\/www.mes-allocs.fr\/guides\/wp-content\/uploads\/2020\/12\/hands-2906458_1280-e1682686159262.jpg?wsr\",\"width\":1280,\"height\":185,\"caption\":\"hands 2906458 1280 e1607080319692\"},{\"@type\":\"WebPage\",\"@id\":\"https:\/\/www.mes-allocs.fr\/guides\/aspa\/cumul-aspa\/aspa-et-aah\/#webpage\",\"url\":\"https:\/\/www.mes-allocs.fr\/guides\/aspa\/cumul-aspa\/aspa-et-aah\/\",\"name\":\"Peut-on cumuler l'ASPA et l'AAH ? | Mes-Allocs.fr\",\"isPartOf\":{\"@id\":\"https:\/\/www.mes-allocs.fr\/guides\/#website\"},\"primaryImageOfPage\":{\"@id\":\"https:\/\/www.mes-allocs.fr\/guides\/aspa\/cumul-aspa\/aspa-et-aah\/#primaryimage\"},\"datePublished\":\"2020-12-07T09:05:02+00:00\",\"dateModified\":\"2026-01-06T17:26:13+00:00\",\"author\":{\"@id\":\"https:\/\/www.mes-allocs.fr\/guides\/#\/schema\/person\/e4e762c89158b34a332446d26f02fd56\"},\"description\":\"L'ASPA est une allocation pour les personnes \\u00e2g\\u00e9es, mais peut-on la cumuler avec l'AAH ? Mes Allocs vous explique tout en d\\u00e9tail ici !\",\"inLanguage\":\"fr-FR\"},{\"@type\":\"Person\",\"@id\":\"https:\/\/www.mes-allocs.fr\/guides\/#\/schema\/person\/e4e762c89158b34a332446d26f02fd56\",\"name\":\"Marylou\",\"image\":{\"@type\":\"ImageObject\",\"@id\":\"https:\/\/www.mes-allocs.fr\/guides\/#personlogo\",\"inLanguage\":\"fr-FR\",\"url\":\"https:\/\/www.mes-allocs.fr\/guides\/wp-content\/uploads\/2021\/06\/marylou-150x150.png\",\"caption\":\"Marylou\"},\"description\":\"Marylou est r\\u00e9dactrice au sein de l'\\u00e9quipe Mes Allocs, sp\\u00e9cialiste des sujets de soci\\u00e9t\\u00e9 en g\\u00e9n\\u00e9ral. Dipl\\u00f4m\\u00e9e de l'Institut Sup\\u00e9rieur de Formation au Journalisme, elle rejoint Mes Allocs apr\\u00e8s cr\\u00e9\\u00e9 son premier blog personnel.\",\"sameAs\":[\"https:\/\/www.linkedin.com\/in\/marylou-pr\\u00e9vost\"]}]}<\/script>\n<!-- \/ Yoast SEO plugin. -->","amp_validity":null,"acf":{"faq":{"1":{"question":"Quel est le montant de l'allocation adulte handicap\u00e9 en 2026?","answer":"Le montant maximal de l'AAH serait de 1 042,62 \u20ac par mois pour une personne seule en 2026. Le montant de l'allocation effectivement per\u00e7u varie avec les ressources du b\u00e9n\u00e9ficiaire, l'AAH vient alors compl\u00e9ter les revenus pour atteindre au maximum le montant maximal de l'allocation."},"2":{"question":"Quelles sont les conditions pour toucher l'AAH ?","answer":"L'AAH est attribu\u00e9e aux personnes atteintes d'un taux d'incapacit\u00e9 permanente de 80 % ou plus. Les personnes ayant un handicap de 50 % \u00e0 79% peuvent en b\u00e9n\u00e9ficier \u00e0 condition d'avoir \u00e9t\u00e9 reconnues comme ayant une restriction substantielle et durable d'acc\u00e8s \u00e0 un emploi par la la commission des droits et de l'autonomie des personnes handicap\u00e9es (CDAPH)."},"3":{"question":"Quelles sont les ressources prises en compte pour le calcul de l'AAH ?","answer":"Les ressources prises en compte pour le calcul de l'allocation adultes handicap\u00e9s correspondent \u00e0 l'ensemble des revenus nets cat\u00e9goriels de l'ann\u00e9e N-2."},"4":{"question":"Peut-on toucher l'AAH lorsqu'on travaille ?","answer":"Oui, sous certaines conditions, vous pouvez percevoir des revenus issus d'une activit\u00e9 professionnelle et toucher l'allocation adulte handicap\u00e9. Les conditions sont toutefois diff\u00e9rentes que vous travailliez en milieu ordinaire ou dans un Etablissement et service d'aide par le travail, aussi appel\u00e9 Esat."},"5":{"question":"Qui peut toucher l'ASPA ?","answer":"Pour b\u00e9n\u00e9ficier de l'ASPA, il faut remplir plusieurs conditions : \u00catre retrait\u00e9 ou percevoir une pension de r\u00e9version. \u00catre \u00e2g\u00e9 de 65 ans ou avoir atteint l'\u00e2ge l\u00e9gal de la retraite en cas d'invalidit\u00e9 ou d'incapacit\u00e9 permanente (au moins 50 %)."},"6":{"question":"Quand faire la demande d'ASPA ?","answer":"L'allocation suppl\u00e9mentaire d'invalidit\u00e9 prend fin d\u00e8s que vous atteignez 62 ans. C'est pourquoi vous devez d\u00e9poser une demande d'allocation de solidarit\u00e9 aux personnes \u00e2g\u00e9es (ASPA) environ 3 mois avant cet \u00e2ge."},"7":{"question":"","answer":""},"8":{"question":"","answer":""},"9":{"question":"","answer":""},"10":{"question":"","answer":""},"11":{"question":"","answer":""},"12":{"question":"","answer":""},"13":{"question":"","answer":""},"14":{"question":"","answer":""},"15":{"question":"","answer":""},"16":{"question":"","answer":""}}},"_links":{"self":[{"href":"https:\/\/www.mes-allocs.fr\/guides\/wp-json\/wp\/v2\/posts\/16004","targetHints":{"allow":["GET"]}}],"collection":[{"href":"https:\/\/www.mes-allocs.fr\/guides\/wp-json\/wp\/v2\/posts"}],"about":[{"href":"https:\/\/www.mes-allocs.fr\/guides\/wp-json\/wp\/v2\/types\/post"}],"author":[{"embeddable":true,"href":"https:\/\/www.mes-allocs.fr\/guides\/wp-json\/wp\/v2\/users\/9"}],"replies":[{"embeddable":true,"href":"https:\/\/www.mes-allocs.fr\/guides\/wp-json\/wp\/v2\/comments?post=16004"}],"version-history":[{"count":27,"href":"https:\/\/www.mes-allocs.fr\/guides\/wp-json\/wp\/v2\/posts\/16004\/revisions"}],"predecessor-version":[{"id":107030,"href":"https:\/\/www.mes-allocs.fr\/guides\/wp-json\/wp\/v2\/posts\/16004\/revisions\/107030"}],"wp:featuredmedia":[{"embeddable":true,"href":"https:\/\/www.mes-allocs.fr\/guides\/wp-json\/wp\/v2\/media\/16196"}],"wp:attachment":[{"href":"https:\/\/www.mes-allocs.fr\/guides\/wp-json\/wp\/v2\/media?parent=16004"}],"wp:term":[{"taxonomy":"category","embeddable":true,"href":"https:\/\/www.mes-allocs.fr\/guides\/wp-json\/wp\/v2\/categories?post=16004"},{"taxonomy":"post_tag","embeddable":true,"href":"https:\/\/www.mes-allocs.fr\/guides\/wp-json\/wp\/v2\/tags?post=16004"}],"curies":[{"name":"wp","href":"https:\/\/api.w.org\/{rel}","templated":true}]}}