{"id":15868,"date":"2020-12-07T08:24:08","date_gmt":"2020-12-07T08:24:08","guid":{"rendered":"https:\/\/www.mes-allocs.fr\/guides\/?p=15868"},"modified":"2021-06-28T00:45:54","modified_gmt":"2021-06-27T22:45:54","slug":"cdd-6-mois-demission-chomage","status":"publish","type":"post","link":"https:\/\/www.mes-allocs.fr\/guides\/chomage\/chomage-demission\/cdd-6-mois-demission-chomage\/","title":{"rendered":"CDD de 6 mois apr\u00e8s d\u00e9mission et ch\u00f4mage"},"content":{"rendered":"<p><a href=\"https:\/\/www.mes-allocs.fr\/guides\/wp-content\/uploads\/2020\/11\/pexels-sora-shimazaki-5668529-1.jpg\"><img loading=\"lazy\" decoding=\"async\" class=\"alignright wp-image-15927 size-full\" title=\"CDD de 6 mois apr\u00e8s d\u00e9mission et ch\u00f4mage\" src=\"https:\/\/www.mes-allocs.fr\/guides\/wp-content\/uploads\/2020\/11\/pexels-sora-shimazaki-5668529-1-e1606765516672.jpg\" alt=\"CDD de 6 mois apr\u00e8s d\u00e9mission et ch\u00f4mage\" width=\"1280\" height=\"339\" srcset=\"https:\/\/www.mes-allocs.fr\/guides\/wp-content\/uploads\/2020\/11\/pexels-sora-shimazaki-5668529-1-e1606765516672.jpg 1280w, https:\/\/www.mes-allocs.fr\/guides\/wp-content\/uploads\/2020\/11\/pexels-sora-shimazaki-5668529-1-e1606765516672-300x79.jpg 300w, https:\/\/www.mes-allocs.fr\/guides\/wp-content\/uploads\/2020\/11\/pexels-sora-shimazaki-5668529-1-e1606765516672-1024x271.jpg 1024w, https:\/\/www.mes-allocs.fr\/guides\/wp-content\/uploads\/2020\/11\/pexels-sora-shimazaki-5668529-1-e1606765516672-768x203.jpg 768w, https:\/\/www.mes-allocs.fr\/guides\/wp-content\/uploads\/2020\/11\/pexels-sora-shimazaki-5668529-1-e1606765516672-600x159.jpg 600w\" sizes=\"auto, (max-width: 1280px) 100vw, 1280px\" \/><\/a><\/p>\n<p><strong>Vous venez de d\u00e9missionner de votre emploi et souhaitez faire un CDD de 6 mois ? Il vous est possible de faire cette d\u00e9marche et d&rsquo;ouvrir vos droits aux allocations <a href=\"https:\/\/www.mes-allocs.fr\/guides\/chomage\">ch\u00f4mage<\/a> entre la fin de votre dernier emploi et le d\u00e9but de votre CDD. Voici comment toucher le ch\u00f4mage apr\u00e8s une d\u00e9mission.\u00a0<\/strong><\/p>\n<hr \/>\n<h1><span id=\"Demission_et_allocations_chomage\">D\u00e9mission et allocations ch\u00f4mage<\/span><\/h1>\n<h2><span id=\"Quel_type_de_demission_donne_le_droit_aux_allocations_chomage\">Quel type de d\u00e9mission donne le droit aux allocations ch\u00f4mage ?<\/span><\/h2>\n<p>Selon le code du travail, la d\u00e9mission permet au salari\u00e9 de rompre son contrat de travail. <a href=\"https:\/\/www.mes-allocs.fr\/guides\/chomage\/chomage-apres-demission\">Un salari\u00e9 d\u00e9missionnaire peut percevoir une indemnisation au titre de l\u2019ARE<\/a> en cas de<a href=\"https:\/\/www.mes-allocs.fr\/guides\/wp-content\/uploads\/2020\/11\/pexels-cottonbro-4569304-1.jpg\"><img loading=\"lazy\" decoding=\"async\" class=\"alignright wp-image-15928 \" title=\"Quel type de d\u00e9mission donne le droit aux allocations ch\u00f4mage ?\" src=\"https:\/\/www.mes-allocs.fr\/guides\/wp-content\/uploads\/2020\/11\/pexels-cottonbro-4569304-1-e1606766250132-300x200.jpg\" alt=\"Quel type de d\u00e9mission donne le droit aux allocations ch\u00f4mage ?\" width=\"387\" height=\"258\" srcset=\"https:\/\/www.mes-allocs.fr\/guides\/wp-content\/uploads\/2020\/11\/pexels-cottonbro-4569304-1-e1606766250132-300x200.jpg 300w, https:\/\/www.mes-allocs.fr\/guides\/wp-content\/uploads\/2020\/11\/pexels-cottonbro-4569304-1-e1606766250132-1024x682.jpg 1024w, https:\/\/www.mes-allocs.fr\/guides\/wp-content\/uploads\/2020\/11\/pexels-cottonbro-4569304-1-e1606766250132-768x512.jpg 768w, https:\/\/www.mes-allocs.fr\/guides\/wp-content\/uploads\/2020\/11\/pexels-cottonbro-4569304-1-e1606766250132-600x400.jpg 600w, https:\/\/www.mes-allocs.fr\/guides\/wp-content\/uploads\/2020\/11\/pexels-cottonbro-4569304-1-e1606766250132.jpg 1280w\" sizes=\"auto, (max-width: 387px) 100vw, 387px\" \/><\/a> d\u00e9mission l\u00e9gitime. Il peut s\u2019agir d\u2019une d\u00e9mission pour mettre fin au CDD ou au CDI. Une d\u00e9mission est consid\u00e9r\u00e9e comme l\u00e9gitime si vous :<\/p>\n<ul>\n<li>Fa\u00eetes un\u00a0<strong>D\u00e9m\u00e9nagement.\u00a0<\/strong>Vous effectuez un changement de lieu de r\u00e9sidence pour suivre votre conjoint ou votre tuteur (si vous \u00eates mineur), si vous \u00eates victime de violence conjugale. Vous pouvez aussi faire un changement de r\u00e9sidence si vous avez un enfant handicap\u00e9 admis dans une structure d\u2019accueil \u00e9loign\u00e9e de votre emploi.<\/li>\n<li><strong>D\u00e9missionnez d\u2019un nouvel emploi apr\u00e8s avoir \u00e9t\u00e9 licenci\u00e9.\u00a0<\/strong>La p\u00e9riode d\u2019emploi ne doit pas d\u00e9passer 91 jours.<\/li>\n<li><strong>Partez pour faire une formation qualifiante<\/strong>, dans les cas o\u00f9 vous quittez un contrat aid\u00e9 ou un CDDI.<\/li>\n<li><strong>N\u2019avez pas re\u00e7u votre salaire\u00a0<\/strong>partiellement ou enti\u00e8rement.<\/li>\n<li><a href=\"https:\/\/www.mes-allocs.fr\/guides\/pole-emploi\/droit-au-chomage\/droit-au-chomage-apres-une-demission\/droit-chomage-demission-harcelement\/\"><strong>Subissez des actes d\u00e9lictueux<\/strong>\u00a0dans le cadre de votre travail.<\/a><\/li>\n<li>Avez un projet de\u00a0<strong>reconversion professionnelle<\/strong> qui n\u00e9cessite le suivi d\u2019une formation ou un projet de cr\u00e9ation ou de reprise d\u2019 une entreprise.<\/li>\n<li>Souhaitez\u00a0<strong>exercer un nouvel emploi.<\/strong><\/li>\n<li>Souhaitez faire un contrat de\u00a0<strong>service civique ou de volontariat.<\/strong><\/li>\n<\/ul>\n<p>Si vous voulez avoir droit \u00e0 l\u2019allocation d\u2019aide ch\u00f4mage (ARE) et que vous d\u00e9missionnez pour un projet de reconversion professionnelle, vous devez justifier d\u2019une dur\u00e9e d\u2019affiliation sp\u00e9cifique d\u2019au moins 1 300 jours travaill\u00e9s au cours des 60 mois qui pr\u00e9c\u00e8dent la fin du contrat de travail. Vous devez aussi vous faire accompagner par le Conseil en \u00e9volution professionnelle. Apr\u00e8s avoir finalis\u00e9 votre projet, vous devez contacter la Commission paritaire interprofessionnelle r\u00e9gionale qui doit juger de son caract\u00e8re \u00ab\u00a0r\u00e9el et s\u00e9rieux\u00a0\u00bb.<\/p>\n<p>Vous avez aussi la possibilit\u00e9 de la <a href=\"https:\/\/www.mes-allocs.fr\/guides\/chomage\/rupture-conventionnelle-chomage\">rupture conventionnelle pour toucher le ch\u00f4mage<\/a> !<\/p>\n<h2><span id=\"Dispositions_exceptionnelles_en_periode_durgence_sanitaire\">Dispositions exceptionnelles en p\u00e9riode d\u2019urgence sanitaire<\/span><\/h2>\n<p>Si vous avez rompu un contrat avant le 17 mars 2020, les droits au ch\u00f4mage vous sont ouverts seulement si le contrat en CDD ou en CDI :<\/p>\n<ul>\n<li>est d\u2019une dur\u00e9e initiale d\u2019au moins 3 mois ou 455 heures.<\/li>\n<li>\u00a0se poursuit d\u2019une embauche effective \u00e0 laquelle l\u2019employeur met fin avant l\u2019expiration d\u2019un d\u00e9lai de 65 jours travaill\u00e9s \u00e0 partir du 1er mars 2020.<\/li>\n<li>ne s\u2019est pas concr\u00e9tis\u00e9 par une embauche effective. Dans ce cas, le salari\u00e9 produit une promesse d\u2019embauche, un contrat de travail ou, \u00e0 d\u00e9faut, une d\u00e9claration de l\u2019employeur attestant qu\u2019il a renonc\u00e9 \u00e0 cette embauche ou l\u2019a report\u00e9e.<\/li>\n<\/ul>\n<h2><span id=\"Comment_demissionner_dun_contrat_en_CDI\">Comment d\u00e9missionner d\u2019un contrat en CDI ?<a href=\"https:\/\/www.mes-allocs.fr\/guides\/wp-content\/uploads\/2020\/11\/pexels-olya-kobruseva-4676639-1.jpg\"><img loading=\"lazy\" decoding=\"async\" class=\"wp-image-15932 alignleft\" title=\"Comment d\u00e9missionner d\u2019un contrat en CDI ?\" src=\"https:\/\/www.mes-allocs.fr\/guides\/wp-content\/uploads\/2020\/11\/pexels-olya-kobruseva-4676639-1-200x300.jpg\" alt=\"Comment d\u00e9missionner d\u2019un contrat en CDI ?\" width=\"222\" height=\"333\" srcset=\"https:\/\/www.mes-allocs.fr\/guides\/wp-content\/uploads\/2020\/11\/pexels-olya-kobruseva-4676639-1-200x300.jpg 200w, https:\/\/www.mes-allocs.fr\/guides\/wp-content\/uploads\/2020\/11\/pexels-olya-kobruseva-4676639-1-684x1024.jpg 684w, https:\/\/www.mes-allocs.fr\/guides\/wp-content\/uploads\/2020\/11\/pexels-olya-kobruseva-4676639-1-768x1150.jpg 768w, https:\/\/www.mes-allocs.fr\/guides\/wp-content\/uploads\/2020\/11\/pexels-olya-kobruseva-4676639-1-1026x1536.jpg 1026w, https:\/\/www.mes-allocs.fr\/guides\/wp-content\/uploads\/2020\/11\/pexels-olya-kobruseva-4676639-1-401x600.jpg 401w, https:\/\/www.mes-allocs.fr\/guides\/wp-content\/uploads\/2020\/11\/pexels-olya-kobruseva-4676639-1.jpg 1280w\" sizes=\"auto, (max-width: 222px) 100vw, 222px\" \/><\/a><\/span><\/h2>\n<p>Le salari\u00e9 peut mettre fin \u00e0 son contrat de travail en CDI dans les cas suivants :<\/p>\n<ul>\n<li>Dans le cadre d\u2019une d\u00e9mission demand\u00e9e par le salari\u00e9 pour motif professionnel ou personnel.<\/li>\n<li>Lors de la p\u00e9riode d\u2019essai.<\/li>\n<li>Pour un d\u00e9part volontaire \u00e0 la retraite.<\/li>\n<li>Dans le cadre d\u2019une r\u00e9siliation judiciaire.<\/li>\n<li>Dans le cadre d\u2019une prise d\u2019acte.<\/li>\n<li>Pour r\u00e9cup\u00e9rer vos reliquats de droits. Vous reprenez les droits \u00e0 l\u2019ARE dont vous pouviez b\u00e9n\u00e9ficier lors d\u2019une pr\u00e9c\u00e9dente inscription.<\/li>\n<\/ul>\n<p>Vous ne pouvez quitter votre emploi qu\u2019apr\u00e8s la dur\u00e9e du pr\u00e9avis. Ce pr\u00e9avis est fix\u00e9 par la convention collective ou selon une application g\u00e9n\u00e9rale dans la profession. La dur\u00e9e du pr\u00e9avis est diff\u00e9rent pour les journalistes. Il y a une dur\u00e9e minimale du pr\u00e9avis en fonction de l\u2019anciennet\u00e9 :<\/p>\n<div>\n<p style=\"text-align: justify;\"><div itemscope itemtype=\"http:\/\/schema.org\/Table\"><p itemprop=\"about\">Dur\u00e9e minimale du pr\u00e9avis en fonction de l'anciennet\u00e9<\/p><\/p>\n<table style=\"border-collapse: collapse; width: 100.664%; height: 144px;\">\n<tbody>\n<tr style=\"height: 48px;\">\n<td style=\"width: 30.4606%; height: 48px; background-color: #d8e6f2; border: 1px solid black; text-align: center;\"><b>Anciennet\u00e9 du salari\u00e9<\/b><\/td>\n<td style=\"width: 28.183%; height: 48px; background-color: #d8e6f2; border: 1px solid black; text-align: center;\"><b>Dur\u00e9e minimale du pr\u00e9avis<\/b><\/td>\n<\/tr>\n<tr style=\"height: 24px;\">\n<td style=\"width: 30.4606%; height: 26px; border: 1px solid black; text-align: center;\"><span style=\"font-weight: 400;\">3 ans maximum\u00a0<\/span><\/td>\n<td style=\"width: 28.183%; height: 26px; border: 1px solid black; text-align: center;\">1 mois<\/td>\n<\/tr>\n<tr style=\"height: 23px;\">\n<td style=\"width: 30.4606%; border: 1px solid black; text-align: center; height: 23px;\">Plus de 3 ans<\/td>\n<td style=\"width: 28.183%; border: 1px solid black; text-align: center; height: 23px;\"><span style=\"font-weight: 400;\">\u00a02 mois<\/span><\/td>\n<\/tr>\n<\/tbody>\n<\/table>\n<p><span style=\"font-weight: 400;\"><\/div><\/span><\/p>\n<\/div>\n<p>Habituellement, seul un salari\u00e9 priv\u00e9 involontairement d\u2019emploi peut se voir ouvrir les droits \u00e0 l\u2019 assurance ch\u00f4mage. Un salari\u00e9 d\u00e9missionnaire ne peut demander \u00e0 P\u00f4le emploi un examen de son dossier que\u00a0<strong>quatre mois (121 jours) apr\u00e8s une d\u00e9mission.<\/strong><\/p>\n<p>Il est tout \u00e0 fait possible de d\u00e9missionner en cas de reconversion professionnelle. La d\u00e9mission est le moyen le plus simple de mettre fin \u00e0 un contrat de travail. Il vous suffit simplement de pr\u00e9venir votre employeur par oral ou par \u00e9crit de votre d\u00e9mission. Il est cependant conseill\u00e9 de faire une lettre de d\u00e9mission.<\/p>\n<h2><span id=\"Comment_demissionner_dun_contrat_en_CDD\">Comment d\u00e9missionner d\u2019un contrat en CDD ?<\/span><\/h2>\n<p>Vous pouvez rompre un contrat en CDD dans les cas suivants\u00a0 :<\/p>\n<ul>\n<li><strong>Une<\/strong>\u00a0<strong>promesse d\u2019embauche<\/strong>\u00a0dans une autre entreprise. Dans ce cas vous devez prouver \u00e0 votre employeur votre embauche en pr\u00e9sentant le contrat sign\u00e9 ou la lettre d\u2019embauche faisant \u00e9tat d\u2019un contrat et de la date d\u2019embauche pr\u00e9vue. Vous devrez effectuer un pr\u00e9avis de un jour par semaine de contrat.<\/li>\n<li><strong>La faute grave de l\u2019employeur<\/strong>\u00a0: harc\u00e8lement, non-paiement des salaires, modification de votre contrat sans votre accord.<\/li>\n<li><strong>La force majeure<\/strong>\u00a0: une catastrophe naturelle vous emp\u00eache de travailler. Le contrat de travail peut alors cesser imm\u00e9diatement, sans pr\u00e9avis.<\/li>\n<\/ul>\n<p>De m\u00eame que pour le contrat en CDI, il vous suffit de pr\u00e9venir votre employeur de votre d\u00e9mission. De pr\u00e9f\u00e9rence avec une lettre. Le salari\u00e9 ne recevra pas d\u2019indemnit\u00e9 de fin de contrat.<\/p>\n<h2>Peut &#8211; on toucher le ch\u00f4mage entre une d\u00e9mission et un CDD de 6 mois ?<\/h2>\n<div class=\"related\">\n<p>Un salari\u00e9 qui d\u00e9missionne d\u2019un contrat initiative emploi (CUI-CIE) en CDD ou d\u2019un contrat d\u2019accompagnement dans l\u2019emploi (CUI-CAE) pour reprendre\u00a0un <strong>CDD d\u2019au moins 6 mois<\/strong> peut b\u00e9n\u00e9ficier des allocations.<\/p>\n<\/div>\n<p>Apr\u00e8s votre CDD de 6 mois, vous pourrez acc\u00e9der au ch\u00f4mage puisqu&rsquo;il suffit que vous ayez travaill\u00e9 au moins 4 mois pour y avoir droit.<\/p>\n<h1><span id=\"Comment_toucher_le_chomage_apres_une_demission\">Comment toucher le ch\u00f4mage apr\u00e8s une d\u00e9mission ?<\/span><\/h1>\n<h2><span id=\"Quand_et_comment_sinscrire_a_Pole_emploi\">Quand et comment s\u2019inscrire \u00e0 P\u00f4le emploi ?<\/span><\/h2>\n<p>Pour s\u2019 inscrire \u00e0 p\u00f4le emploi, il suffit de :<\/p>\n<ul>\n<li>Cr\u00e9er un espace personnel sur le site.<\/li>\n<li>Remplir un formulaire en ligne avec ses donn\u00e9es personnelles (nom, pr\u00e9nom, date de naissance, adresse e-mail, carte d\u2019identit\u00e9, carte vitale) ou venir prendre rendez-vous dans une agence P\u00f4le emploi.<\/li>\n<li>Renseigner les fiches de mois de salaires et le RIB.<\/li>\n<li>Cr\u00e9er un CV.<\/li>\n<li>Transmettre les justificatifs de demande d\u2019allocations.<\/li>\n<\/ul>\n<p>Vous pouvez effectuer une inscription \u00e0 p\u00f4le emploi d\u00e8s le lendemain de la suspension du contrat de travail mais aussi si vous \u00eates encore en activit\u00e9 salari\u00e9e.<\/p>\n<h2><span id=\"Qui_peut_avoir_droit_aux_allocations_chomage\">Qui peut avoir droit aux allocations ch\u00f4mage ?<\/span><\/h2>\n<p>Un salari\u00e9 peut pr\u00e9tendre au ch\u00f4mage en cas de d\u00e9mission :<\/p>\n<ul class=\"spip\">\n<li>en cas de d\u00e9mission consid\u00e9r\u00e9e comme l\u00e9gitime par le r\u00e9gime d\u2019assurance ch\u00f4mage,<\/li>\n<li>Si, \u00e0 la demande du salari\u00e9, sa situation est r\u00e9examin\u00e9e, \u00e0 l\u2019issue d\u2019un d\u00e9lai de 121 jours (4 mois) de ch\u00f4mage non indemnis\u00e9. Cette demande est r\u00e9\u00e9valu\u00e9e par une commission de l&rsquo;Instance Paritaire R\u00e9gionale de P\u00f4le emploi.<\/li>\n<\/ul>\n<p>Apr\u00e8s vous \u00eatre inscrits \u00e0 P\u00f4le emploi, pour b\u00e9n\u00e9ficier des allocations ch\u00f4mage il faut :<\/p>\n<ul>\n<li>Avoir travaill\u00e9 au moins 4 mois sur les 24 derniers mois (\u00e0 partir du 1er novembre 2019).<\/li>\n<li>S\u2019\u00eatre affili\u00e9 \u00e0 P\u00f4le emploi dans les 12 mois suivants la fin du travail.<\/li>\n<li>\u00catre consid\u00e9r\u00e9 comme demandeur d\u2019 emploi ou \u00eatre en formation.<\/li>\n<li>Ne pas avoir les droits \u00e0 une retraite compl\u00e8te.<\/li>\n<li>Etre physiquement apte \u00e0 travailler.<\/li>\n<li>R\u00e9sider en France (m\u00e9tropole ou DOM).<\/li>\n<\/ul>\n<p>Il existe un d\u00e9lai de carence de 7 jours avant de recevoir des allocations ch\u00f4mage. Le nombre de jours peut \u00eatre augment\u00e9 si vous avez une indemnit\u00e9 compensatrice de cong\u00e9s pay\u00e9s ou des indemnit\u00e9s sp\u00e9cifiques.<\/p>\n<h2><span id=\"Comment_toucher_les_allocations_chomages\">Comment toucher les allocations ch\u00f4mages ?<\/span><\/h2>\n<p>Pour se voir verser des indemnit\u00e9s ch\u00f4mage apr\u00e8s une d\u00e9mission, il est n\u00e9cessaire de remplir les conditions suivantes :<\/p>\n<ul>\n<li>Faire les actions d\u00e9cid\u00e9es avec votre conseiller P\u00f4le emploi dans le cadre de votre projet personnalis\u00e9 d\u2019acc\u00e8s \u00e0 l\u2019emploi (PPAE) ;<\/li>\n<li>Vous pr\u00e9senter \u00e0 tous vos rendez-vous avec un conseiller;<\/li>\n<li>Vous \u00eates demandeur d\u2019emploi et fa\u00eetes des recherches actives d&#8217;emploi ou essayez de cr\u00e9er ou de reprendre une entreprise ;<\/li>\n<li>Ne pas refuser deux fois une offre raisonnable d\u2019emploi ;<\/li>\n<li>Actualiser chaque mois votre situation en d\u00e9clarant vos revenus d\u2019activit\u00e9;<\/li>\n<li>Informer rapidement P\u00f4le emploi, dans un d\u00e9lai de 72 heures, si votre situation change. Si vous avez de nouveaux projets professionnels par exemple);<\/li>\n<li>Ne pas faire de fausses d\u00e9clarations.<\/li>\n<\/ul>\n<h2><span id=\"Comment_calculer_ses_allocations_chomage\">Comment calculer ses allocations ch\u00f4mage ?<a href=\"https:\/\/www.mes-allocs.fr\/guides\/wp-content\/uploads\/2020\/11\/pexels-pixabay-221174-1.jpg\"><img loading=\"lazy\" decoding=\"async\" class=\"alignright wp-image-15930 \" title=\"Comment calculer ses allocations ch\u00f4mage ?\" src=\"https:\/\/www.mes-allocs.fr\/guides\/wp-content\/uploads\/2020\/11\/pexels-pixabay-221174-1-300x200.jpg\" alt=\"Comment calculer ses allocations ch\u00f4mage ?\" width=\"392\" height=\"261\" srcset=\"https:\/\/www.mes-allocs.fr\/guides\/wp-content\/uploads\/2020\/11\/pexels-pixabay-221174-1-300x200.jpg 300w, https:\/\/www.mes-allocs.fr\/guides\/wp-content\/uploads\/2020\/11\/pexels-pixabay-221174-1-1024x682.jpg 1024w, https:\/\/www.mes-allocs.fr\/guides\/wp-content\/uploads\/2020\/11\/pexels-pixabay-221174-1-768x512.jpg 768w, https:\/\/www.mes-allocs.fr\/guides\/wp-content\/uploads\/2020\/11\/pexels-pixabay-221174-1-600x400.jpg 600w, https:\/\/www.mes-allocs.fr\/guides\/wp-content\/uploads\/2020\/11\/pexels-pixabay-221174-1.jpg 1280w\" sizes=\"auto, (max-width: 392px) 100vw, 392px\" \/><\/a><\/span><\/h2>\n<p><a href=\"https:\/\/www.mes-allocs.fr\/guides\/chomage\/calculer-chomage\/\">Le montant de l\u2019allocation<\/a> varie en fonction de vos salaires mais aussi de votre mode d\u2019activit\u00e9 (temps plein ou temps partiel) et de vos pensions.<\/p>\n<p>Le montant journalier de votre allocation ch\u00f4mage est \u00e9gal au montant le plus \u00e9lev\u00e9 entre :<\/p>\n<ul>\n<li>40,4 % de votre\u00a0<b>Salaire Journalier de R\u00e9f\u00e9rence<\/b>\u00a0(SJR) +\u00a012,05\u20ac (depuis le 01\/07\/2020) ;<\/li>\n<li>57 % de votre SJR.<\/li>\n<\/ul>\n<p><em>Exemple : Si vous avez travaill\u00e9 du 1<sup>er<\/sup>\u00a0janvier 2019 au 31 d\u00e9cembre 2019, c\u2019est-\u00e0-dire 261 jours, et avez per\u00e7u\u00a0<span class=\"prix\">25 000\u00a0\u20ac<\/span>\u00a0de r\u00e9mun\u00e9ration brute, votre salaire journalier de r\u00e9f\u00e9rence\u00a0est\u00a0: 25 000 \/ (261 x 1,4) =\u00a0<span class=\"prix\">68,42\u00a0\u20ac<\/span><\/em><\/p>\n<h2><span id=\"Lassurance_chomage\">L\u2019assurance ch\u00f4mage<\/span><\/h2>\n<h3><span id=\"Quest-ce_que_lassurance_chomage\">Qu\u2019est-ce que l\u2019assurance ch\u00f4mage ?<\/span><\/h3>\n<p>L\u2019Assurance ch\u00f4mage est une\u00a0<strong>assurance qui prot\u00e8ge les salari\u00e9 lorsqu\u2019ils se retrouvent sans emploi.<\/strong>\u00a0Cette assurance est obligatoire pour les employeurs du priv\u00e9 mais certains employeurs du public cotisent aussi pour celle-ci. Les employeurs du public peuvent choisir de cotiser pour l\u2019assurance ch\u00f4mage ou d\u2019avoir un r\u00e9gime d\u2019auto-assurance.<\/p>\n<p>Ces\u00a0<strong>cotisations<\/strong>\u00a0repr\u00e9sentent pour l\u2019employeur 4,05 % du salaire brut. L\u2019\u00c9tat participe \u00e9galement au financement de l\u2019Assurance ch\u00f4mage. Depuis janvier 2019, ce financement prend la forme du versement d\u2019une partie de CSG.<\/p>\n<p><em>Donc, si vous avez un salaire journalier de r\u00e9f\u00e9rence de 68,42\u00a0 euros, le montant journalier de votre allocation ch\u00f4mage est calcul\u00e9e ainsi : 68,42 \u2013 34.62 + 12,05 = 45.84\u00a0<span class=\"prix\">\u20ac<\/span><\/em><\/p>\n<h3><span id=\"Quelles_aides_propose-t-elle_aux_chomeurs\">Quelles aides propose-t-elle aux ch\u00f4meurs ?<\/span><\/h3>\n<p>L\u2019Assurance ch\u00f4mage accompagne les licenci\u00e9s \u00e9conomiques afin qu\u2019ils retrouvent rapidement un emploi. Elle verse des allocations aux personnes en formation et peut m\u00eame transformer une partie des allocations en capital pour ceux qui veulent cr\u00e9er leur propre entreprise.<\/p>\n<p>Gr\u00e2ce \u00e0 ces ressources, les salari\u00e9s qui perdent leur emploi de fa\u00e7on\u00a0<strong>involontaire<\/strong>\u00a0peuvent toucher un revenu sous forme d\u2019allocation s\u2019ils ont travaill\u00e9 au moins 4 mois au cours des 2 derni\u00e8res ann\u00e9es.<\/p>\n<p>Cette allocation repr\u00e9sente en moyenne 72 % de l\u2019ancien salaire net. Elle peut durer jusqu\u2019\u00e0 2 ans pour les moins de 55 ans mais dure jusqu\u2019\u00e0 3 ans pour les plus de 55 ans.<\/p>\n<div class='cta-block'><div class='text'>Simulez toutes vos aides en 2 min. Gratuit.<\/div><a href='https:\/\/www.mes-allocs.fr\/ab-app?origin=guides\/wp-json\/wp\/v2\/posts\/15868' class='app-button fit'>Simulation gratuite<\/a><\/div>\n","protected":false},"excerpt":{"rendered":"<p>Vous venez de d\u00e9missionner de votre emploi et souhaitez faire un CDD de 6 mois ? Il vous est possible de faire cette d\u00e9marche et d&rsquo;ouvrir vos droits aux allocations ch\u00f4mage entre la fin de votre dernier emploi et le d\u00e9but de votre CDD. Voici comment toucher le ch\u00f4mage apr\u00e8s une d\u00e9mission.\u00a0 D\u00e9mission et allocations [&hellip;]<\/p>\n","protected":false},"author":6,"featured_media":15927,"comment_status":"open","ping_status":"open","sticky":false,"template":"","format":"standard","meta":{"amp_status":"","footnotes":""},"categories":[3397,2989],"tags":[],"class_list":["post-15868","post","type-post","status-publish","format-standard","has-post-thumbnail","hentry","category-chomage-demission","category-chomage"],"yoast_head":"<!-- This site is optimized with the Yoast SEO plugin v14.9 - https:\/\/yoast.com\/wordpress\/plugins\/seo\/ -->\n<title>CDD de 6 mois apr\u00e8s d\u00e9mission et ch\u00f4mage | Mes-Allocs.fr<\/title>\n<meta name=\"description\" content=\"Il vous est possible d&#039;avoir le ch\u00f4mage apr\u00e8s une d\u00e9mission puis de reprendre un CDD. On vous explique les proc\u00e9dures et les conditons !\" \/>\n<meta name=\"robots\" content=\"index, follow, max-snippet:-1, max-image-preview:large, max-video-preview:-1\" \/>\n<link rel=\"canonical\" href=\"https:\/\/www.mes-allocs.fr\/guides\/chomage\/chomage-apres-demission\/cdd-6-mois-demission-chomage\/\" \/>\n<meta property=\"og:locale\" content=\"fr_FR\" \/>\n<meta property=\"og:type\" content=\"article\" \/>\n<meta property=\"og:title\" content=\"CDD de 6 mois apr\u00e8s d\u00e9mission et ch\u00f4mage | Mes-Allocs.fr\" \/>\n<meta property=\"og:description\" content=\"Il vous est possible d&#039;avoir le ch\u00f4mage apr\u00e8s une d\u00e9mission puis de reprendre un CDD. On vous explique les proc\u00e9dures et les conditons !\" \/>\n<meta property=\"og:url\" content=\"https:\/\/www.mes-allocs.fr\/guides\/chomage\/chomage-apres-demission\/cdd-6-mois-demission-chomage\/\" \/>\n<meta property=\"og:site_name\" content=\"Mes-Allocs.fr\" \/>\n<meta property=\"article:published_time\" content=\"2020-12-07T08:24:08+00:00\" \/>\n<meta property=\"article:modified_time\" content=\"2021-06-27T22:45:54+00:00\" \/>\n<meta property=\"og:image\" content=\"https:\/\/www.mes-allocs.fr\/guides\/wp-content\/uploads\/2020\/11\/pexels-sora-shimazaki-5668529-1-e1606765516672.jpg?wsr\" \/>\n\t<meta property=\"og:image:width\" content=\"1280\" \/>\n\t<meta property=\"og:image:height\" content=\"339\" \/>\n<meta name=\"twitter:card\" content=\"summary_large_image\" \/>\n<script type=\"application\/ld+json\" class=\"yoast-schema-graph\">{\"@context\":\"https:\/\/schema.org\",\"@graph\":[{\"@type\":\"WebSite\",\"@id\":\"https:\/\/www.mes-allocs.fr\/guides\/#website\",\"url\":\"https:\/\/www.mes-allocs.fr\/guides\/\",\"name\":\"Mes-Allocs.fr\",\"description\":\"\",\"potentialAction\":[{\"@type\":\"SearchAction\",\"target\":\"https:\/\/www.mes-allocs.fr\/guides\/?s={search_term_string}\",\"query-input\":\"required name=search_term_string\"}],\"inLanguage\":\"fr-FR\"},{\"@type\":\"ImageObject\",\"@id\":\"https:\/\/www.mes-allocs.fr\/guides\/chomage\/chomage-apres-demission\/cdd-6-mois-demission-chomage\/#primaryimage\",\"inLanguage\":\"fr-FR\",\"url\":\"https:\/\/www.mes-allocs.fr\/guides\/wp-content\/uploads\/2020\/11\/pexels-sora-shimazaki-5668529-1-e1606765516672.jpg?wsr\",\"width\":1280,\"height\":339,\"caption\":\"pexels sora shimazaki 5668529 1 e1606765516672\"},{\"@type\":\"WebPage\",\"@id\":\"https:\/\/www.mes-allocs.fr\/guides\/chomage\/chomage-apres-demission\/cdd-6-mois-demission-chomage\/#webpage\",\"url\":\"https:\/\/www.mes-allocs.fr\/guides\/chomage\/chomage-apres-demission\/cdd-6-mois-demission-chomage\/\",\"name\":\"CDD de 6 mois apr\\u00e8s d\\u00e9mission et ch\\u00f4mage | Mes-Allocs.fr\",\"isPartOf\":{\"@id\":\"https:\/\/www.mes-allocs.fr\/guides\/#website\"},\"primaryImageOfPage\":{\"@id\":\"https:\/\/www.mes-allocs.fr\/guides\/chomage\/chomage-apres-demission\/cdd-6-mois-demission-chomage\/#primaryimage\"},\"datePublished\":\"2020-12-07T08:24:08+00:00\",\"dateModified\":\"2021-06-27T22:45:54+00:00\",\"author\":{\"@id\":\"https:\/\/www.mes-allocs.fr\/guides\/#\/schema\/person\/0ecd61a8600573914d00d970a588c024\"},\"description\":\"Il vous est possible d'avoir le ch\\u00f4mage apr\\u00e8s une d\\u00e9mission puis de reprendre un CDD. On vous explique les proc\\u00e9dures et les conditons !\",\"inLanguage\":\"fr-FR\"},{\"@type\":\"Person\",\"@id\":\"https:\/\/www.mes-allocs.fr\/guides\/#\/schema\/person\/0ecd61a8600573914d00d970a588c024\",\"name\":\"Jonathan\",\"image\":{\"@type\":\"ImageObject\",\"@id\":\"https:\/\/www.mes-allocs.fr\/guides\/#personlogo\",\"inLanguage\":\"fr-FR\",\"url\":\"https:\/\/www.mes-allocs.fr\/guides\/wp-content\/uploads\/2021\/06\/jonathan-150x150.png\",\"caption\":\"Jonathan\"},\"description\":\"Jonathan est r\\u00e9dacteur au sein de l'\\u00e9quipe Mes Allocs, sp\\u00e9cialis\\u00e9 sur les sujets li\\u00e9s au handicap. Dipl\\u00f4m\\u00e9e de l'UPEM, il rejoint Mes Allocs apr\\u00e8s avoir travaill\\u00e9 \\u00e0 l'association AEDE qui accompagne les adultes en situation de handicap. Quand il n'\\u00e9crit pas, on peut le retrouver sur un terrain de basket.\",\"sameAs\":[\"https:\/\/www.linkedin.com\/in\/jonathan-bambela-8637861b7\"]}]}<\/script>\n<!-- \/ Yoast SEO plugin. -->","amp_validity":null,"acf":{"faq":{"1":{"question":"\ud83e\udd14 Comment quitter un CDI pour un CDD ?","answer":"Vous pouvez rompre un contrat en CDI dans les cas suivants  si vous avez une promesse d\u2019embauche dans une autre entreprise pour un CDD. Si vous souhaitez quitter votre CDI pour un CDD, vous faites donc une d\u00e9mission pour suivre un projet de reconversion professionnelle. Ainsi, vous avez droit aux allocations ch\u00f4mage entre la fin de votre CDI et le d\u00e9but de votre CDD. Il faudra simplement prouver \u00e0 votre employeur votre embauche effective dans une autre entreprise."},"2":{"question":"\ud83e\udd37 Est-ce que je touche le ch\u00f4mage apr\u00e8s un CDD ?","answer":"Vous pouvez toucher le ch\u00f4mage apr\u00e8s un CDD si vous \u00eates licenci\u00e9s ou si vous fa\u00eetes une d\u00e9mission l\u00e9gitime.\r\n<br> <a href=\"https:\/\/www.mes-allocs.fr\/guides\/pole-emploi\/chomage-apres-demission\/cdd-6-mois-demission-chomage\/ \">Lire la suite<\/a>\r\n"},"3":{"question":"\ud83e\udd1d Quelles aides si je d\u00e9missionne ?","answer":"Si vous d\u00e9missionnez de mani\u00e8re l\u00e9gitime, vous pouvez avoir droit aux allocations ch\u00f4mage. Vous pouvez, dans le cas contraire avoir acc\u00e8s au RSA."},"4":{"question":"\ud83e\udd14 Comment quitter un CDI et toucher le ch\u00f4mage ?","answer":"Vous pouvez quitter votre CDI et toucher le ch\u00f4mage si vous fa\u00eetes une d\u00e9mission l\u00e9gitime ou si vous fa\u00eetes une rupture conventionnelle.\r\n<br> <a href=\"https:\/\/www.mes-allocs.fr\/guides\/pole-emploi\/chomage-apres-demission\/cdd-6-mois-demission-chomage\/ \">Lire la suite<\/a>\r\n"},"5":{"question":"\ud83e\udd37 Comment dire \u00e0 mon patron que je d\u00e9missionne ?","answer":"Pour pr\u00e9venir votre employeur de votre d\u00e9mission, il suffit de lui faire parvenir une lettre de d\u00e9mission ou de le pr\u00e9venir oralement."},"6":{"question":"\ud83e\udd1d  Est-ce que je re\u00e7ois le solde de tout compte en d\u00e9missionnant ?","answer":"Le solde de tout compte r\u00e9capitule les sommes que doit verser l'employeur au salari\u00e9 lors de la d\u00e9mission. L'employeur doit obligatoirement remettre le solde de tout compte \u00e0 son salari\u00e9.\r\n<br> <a href=\"https:\/\/www.mes-allocs.fr\/guides\/pole-emploi\/chomage-apres-demission\/cdd-6-mois-demission-chomage\/ \">Lire la suite<\/a>\r\n"},"7":{"question":"","answer":""},"8":{"question":"","answer":""},"9":{"question":"","answer":""},"10":{"question":"","answer":""},"11":{"question":"","answer":""},"12":{"question":"","answer":""},"13":{"question":"","answer":""},"14":{"question":"","answer":""},"15":{"question":"","answer":""},"16":{"question":"","answer":""}}},"_links":{"self":[{"href":"https:\/\/www.mes-allocs.fr\/guides\/wp-json\/wp\/v2\/posts\/15868","targetHints":{"allow":["GET"]}}],"collection":[{"href":"https:\/\/www.mes-allocs.fr\/guides\/wp-json\/wp\/v2\/posts"}],"about":[{"href":"https:\/\/www.mes-allocs.fr\/guides\/wp-json\/wp\/v2\/types\/post"}],"author":[{"embeddable":true,"href":"https:\/\/www.mes-allocs.fr\/guides\/wp-json\/wp\/v2\/users\/6"}],"replies":[{"embeddable":true,"href":"https:\/\/www.mes-allocs.fr\/guides\/wp-json\/wp\/v2\/comments?post=15868"}],"version-history":[{"count":20,"href":"https:\/\/www.mes-allocs.fr\/guides\/wp-json\/wp\/v2\/posts\/15868\/revisions"}],"predecessor-version":[{"id":31410,"href":"https:\/\/www.mes-allocs.fr\/guides\/wp-json\/wp\/v2\/posts\/15868\/revisions\/31410"}],"wp:featuredmedia":[{"embeddable":true,"href":"https:\/\/www.mes-allocs.fr\/guides\/wp-json\/wp\/v2\/media\/15927"}],"wp:attachment":[{"href":"https:\/\/www.mes-allocs.fr\/guides\/wp-json\/wp\/v2\/media?parent=15868"}],"wp:term":[{"taxonomy":"category","embeddable":true,"href":"https:\/\/www.mes-allocs.fr\/guides\/wp-json\/wp\/v2\/categories?post=15868"},{"taxonomy":"post_tag","embeddable":true,"href":"https:\/\/www.mes-allocs.fr\/guides\/wp-json\/wp\/v2\/tags?post=15868"}],"curies":[{"name":"wp","href":"https:\/\/api.w.org\/{rel}","templated":true}]}}