{"id":15509,"date":"2020-11-25T09:47:05","date_gmt":"2020-11-25T09:47:05","guid":{"rendered":"https:\/\/www.mes-allocs.fr\/guides\/?p=15509"},"modified":"2025-10-07T16:13:10","modified_gmt":"2025-10-07T14:13:10","slug":"demission-fonction-publique-chomage","status":"publish","type":"post","link":"https:\/\/www.mes-allocs.fr\/guides\/chomage\/chomage-demission\/demission-fonction-publique-chomage\/","title":{"rendered":"Droits aux indemnit\u00e9s ch\u00f4mage apr\u00e8s d\u00e9mission fonctionnaire"},"content":{"rendered":"<p>&nbsp;<\/p>\n<p>Vous souhaitez quitter la fonction publique en faisant une d\u00e9mission et savoir s&rsquo;il est possible d&rsquo;avoir les droits pour l&rsquo;allocation ch\u00f4mage ? Voici les d\u00e9marches \u00e0 faire pour <a href=\"https:\/\/www.mes-allocs.fr\/guides\/chomage\/chomage-apres-demission\/\">d\u00e9missionner et obtenir le ch\u00f4mage<\/a>.<\/p>\n<div class='cta-block'><div class='text'>Simulez votre ch\u00f4mage en 2 min.<\/div><a href='https:\/\/www.mes-allocs.fr\/simulation-chomage?origin=guides\/wp-json\/wp\/v2\/posts\/15509' class='app-button fit'>Simulation gratuite<\/a><\/div>\n<h1>D\u00e9missionner quand on est fonctionnaire<\/h1>\n<h2>Comment d\u00e9missionner quand on est fonctionnaire ?<\/h2>\n<p>Selon le code du travail, une d\u00e9mission est une rupture du contrat de travail d&rsquo;un salari\u00e9 ou d&rsquo;un fonctionnaire de sa propre initiative. Tout fonctionnaire ou agent non titulaire qui veut mettre fin \u00e0 son contrat de travail et quitter l&rsquo;administration peut faire une d\u00e9mission. Il doit pour cela exprimer clairement son d\u00e9sir de quitter l&rsquo;administration. Celle-ci a pour r\u00f4le d&rsquo;expliquer au fonctionnaire les cons\u00e9quences financi\u00e8res et le changement de position qu&rsquo;il subira en faisant une d\u00e9mission.<\/p>\n<p>Un fonctionnaire doit envoyer une lettre recommand\u00e9e avec accus\u00e9 de r\u00e9ception ou la pr\u00e9senter en main propre \u00e0 l&rsquo;administration. Le fonctionnaire peut donner sa lettre de d\u00e9mission quand il le souhaite.<\/p>\n<h2>R\u00e9ponse de l&rsquo;administration et cons\u00e9quences<\/h2>\n<p>Un fonctionnaire ne peut quitter son emploi que si sa d\u00e9mission est accept\u00e9e par l&rsquo;administration. Elle doit donner une r\u00e9ponse de sa d\u00e9cision dans les limites suivantes :<\/p>\n<ul>\n<li>au cours des 4 mois apr\u00e8s la r\u00e9ception de la demande de d\u00e9mission dans la fonction publique d&rsquo;\u00c9tat (FPE),<\/li>\n<li>au cours du mois apr\u00e8s la r\u00e9ception de la demande de d\u00e9mission dans la fonction publique territoriale (FPT) et l&rsquo;hospitali\u00e8re (FPH).<\/li>\n<\/ul>\n<p>L&rsquo;administration d\u00e9cide du jour effectif de la d\u00e9mission. Si l&rsquo;administration refuse la d\u00e9mission vous pouvez contacter la CAP (Commission Administrative Paritaire), qui transmettra son avis sur votre situation \u00e0 l&rsquo;administration.<\/p>\n<p>Si vous n&rsquo;avez pas re\u00e7u de nouvelles de l&rsquo;administration dans le d\u00e9lai imparti, il faudra renouveler votre demande de d\u00e9mission. Une non-r\u00e9ponse ne signifiant pas un rejet de votre demande.<\/p>\n<p>Si l&rsquo;administration accepte votre demande de d\u00e9mission, sa d\u00e9cision est irr\u00e9vocable. D\u00e8s votre d\u00e9mission, vous perdez le statut de fonctionnaire et vous n&rsquo;\u00eates plus cadre. Vous devrez repasser un concours si vous souhaitez revenir dans la fonction publique ou trouver un emploi comme contractuel (employ\u00e9 d&rsquo;un service public de mani\u00e8re permanente).<\/p>\n<h1>Droit au ch\u00f4mage apr\u00e8s une d\u00e9mission quand on est fonctionnaire<\/h1>\n<h2>Quel type de d\u00e9mission donne droit aux indemnit\u00e9s ch\u00f4mage ?<a href=\"https:\/\/www.mes-allocs.fr\/guides\/wp-content\/uploads\/2020\/11\/pexels-pixabay-356079-1-1.jpg\"><img loading=\"lazy\" decoding=\"async\" class=\"wp-image-15540 alignright\" title=\"Quel type de d\u00e9mission donne le droit aux indemnit\u00e9s ch\u00f4mage ?\" src=\"https:\/\/www.mes-allocs.fr\/guides\/wp-content\/uploads\/2020\/11\/pexels-pixabay-356079-1-1-300x181.jpg\" alt=\"Quel type de d\u00e9mission donne le droit aux indemnit\u00e9s ch\u00f4mage ?\" width=\"308\" height=\"185\" srcset=\"https:\/\/www.mes-allocs.fr\/guides\/wp-content\/uploads\/2020\/11\/pexels-pixabay-356079-1-1-300x181.jpg 300w, https:\/\/www.mes-allocs.fr\/guides\/wp-content\/uploads\/2020\/11\/pexels-pixabay-356079-1-1-1024x619.jpg 1024w, https:\/\/www.mes-allocs.fr\/guides\/wp-content\/uploads\/2020\/11\/pexels-pixabay-356079-1-1-768x464.jpg 768w, https:\/\/www.mes-allocs.fr\/guides\/wp-content\/uploads\/2020\/11\/pexels-pixabay-356079-1-1-600x363.jpg 600w, https:\/\/www.mes-allocs.fr\/guides\/wp-content\/uploads\/2020\/11\/pexels-pixabay-356079-1-1.jpg 1280w\" sizes=\"auto, (max-width: 308px) 100vw, 308px\" \/><\/a><\/h2>\n<p>Un fonctionnaire <a href=\"https:\/\/www.mes-allocs.fr\/guides\/chomage\/chomage-apres-demission\">d\u00e9missionnaire peut percevoir une indemnisation au titre de l&rsquo;ARE<\/a> en cas de d\u00e9mission l\u00e9gitime. Une d\u00e9mission est consid\u00e9r\u00e9e comme l\u00e9gitime si vous :<\/p>\n<ul>\n<li>Fa\u00eetes un <strong>D\u00e9m\u00e9nagement. <\/strong>Vous changez de lieu de r\u00e9sidence pour suivre votre conjoint ou votre tuteur (si vous \u00eates mineur), ou si vous \u00eates victime de violence conjugale. Le d\u00e9m\u00e9nagement peut aussi alors avoir lieu si vous avez un enfant handicap\u00e9 admis dans une structure d&rsquo;accueil \u00e9loign\u00e9e de votre emploi. Ce d\u00e9m\u00e9nagement donnant lieu \u00e0 un changement d&#8217;emploi.<\/li>\n<li><strong>D\u00e9missionnez d&rsquo;un nouvel emploi apr\u00e8s avoir \u00e9t\u00e9 licenci\u00e9. <\/strong>La p\u00e9riode d&#8217;emploi ne doit pas d\u00e9passer 91 jours.<\/li>\n<li><strong>Partez pour faire une formation qualifiante<\/strong>, dans les cas o\u00f9 vous quittez un contrat aid\u00e9 ou un CDDI.<\/li>\n<li><strong>N&rsquo;avez pas re\u00e7u votre salaire <\/strong>partiellement ou enti\u00e8rement.<\/li>\n<li><strong>Subissez des actes d\u00e9lictueux<\/strong> dans le cadre de votre travail. Pour savoir ce qu&rsquo;il faut faire en cas de harc\u00e8lement dans le cadre de votre travail, <a href=\"https:\/\/www.mes-allocs.fr\/guides\/pole-emploi\/droit-au-chomage\/droit-au-chomage-apres-une-demission\/droit-chomage-demission-harcelement\/\">suivez ce lien<\/a>.<\/li>\n<li>Avez un projet de <strong>reconversion professionnelle<\/strong> : n\u00e9cessitant le suivi d&rsquo;une formation ou un projet cr\u00e9ation ou reprise d&rsquo; une entreprise.<\/li>\n<li>Souhaitez <strong>exercer un nouvel emploi.<\/strong><\/li>\n<li>Souhaitez faire un contrat de <strong>service civique ou de volontariat.<\/strong><\/li>\n<\/ul>\n<p>Si vous voulez avoir droit \u00e0 l\u2019allocation d\u2019assurance ch\u00f4mage (ARE) et que vous d\u00e9missionnez pour un projet de reconversion professionnelle, vous devez justifier d\u2019une dur\u00e9e d\u2019affiliation sp\u00e9cifique d&rsquo;au moins 1 300 jours travaill\u00e9s, c&rsquo;est-\u00e0-dire 5 ans avant la fin du contrat de travail. Pour que ce projet ouvre les droits du ch\u00f4mage, il doit \u00eatre reconnu par la commission paritaire interprofessionnelle r\u00e9gionale comme \u00ab\u00a0r\u00e9el et s\u00e9rieux\u00a0\u00bb. Le salari\u00e9 doit avoir \u00e9t\u00e9 accompagn\u00e9 par un conseil en \u00e9volution professionnelle (CEP).<\/p>\n<h2>Un agent public peut-il retrouver un emploi dans le secteur priv\u00e9 ?<\/h2>\n<p>Un fonctionnaire ou un agent contractuel peut retrouver un travail dans le secteur priv\u00e9 sous certaines conditions.<\/p>\n<p>L&rsquo;agent qui occupe un emploi \u00e0 temps complet doit demander \u00e0 son autorit\u00e9 hi\u00e9rarchique l&rsquo;autorisation de travailler \u00e0 temps partiel pour cr\u00e9er ou reprendre une entreprise.<\/p>\n<p>Il doit donner \u00e0 son autorit\u00e9 hi\u00e9rarchique les pi\u00e8ces suivantes :<\/p>\n<ul>\n<li>Une lettre dans laquelle il exprime son souhait d&rsquo;exercer une activit\u00e9 priv\u00e9e et de travailler \u00e0 temps partiel.<\/li>\n<li>La copie de son contrat d&rsquo;engagement s&rsquo;il est contractuel.<\/li>\n<li>Une description du projet envisag\u00e9 comportant toutes les informations utiles et circonstanci\u00e9es permettant \u00e0 l&rsquo;autorit\u00e9 hi\u00e9rarchique de comprendre sa demande.<\/li>\n<li>\u00a0Le statut de l&rsquo;entreprise qu&rsquo;il souhaite cr\u00e9er ou reprendre ou l&rsquo;extrait du registre du commerce et des soci\u00e9t\u00e9s (extraits K ou K bis) ou la copie des statuts de l&rsquo;entreprise que l&rsquo;agent souhaite rejoindre.<\/li>\n<\/ul>\n<p>Un agent qui veut cesser totalement ou temporairement son travail en tant qu&rsquo;agent public doit effectuer les m\u00eames d\u00e9marches.<\/p>\n<p>Le temps partiel est accord\u00e9 pour 3 ans maximum. Ce temps partiel ne peut pas \u00eatre inf\u00e9rieur au mi-temps. L&rsquo;autorisation \u00e0 travailler dans une autre entreprise en temps partiel peut \u00eatre renouvel\u00e9e pour 1 an apr\u00e8s le d\u00e9p\u00f4t d&rsquo;une nouvelle demande, 1 mois minimum avant la fin de la 1<sup>re<\/sup>\u00a0p\u00e9riode.<\/p>\n<h2>Que se passe-t-il si l&rsquo;autorit\u00e9 hi\u00e9rarchique a des doutes sur la compatibilit\u00e9 de votre projet avec votre travail en tant que fonctionnaire ?<\/h2>\n<p>Il peut arriver que l&rsquo;autorit\u00e9 hi\u00e9rarchique se pose des questions sur la compatibilit\u00e9 du projet d&rsquo;activit\u00e9 avec les fonctions exerc\u00e9es au cours des 3 ann\u00e9es pr\u00e9c\u00e9dentes. Dans ce cas, elle saisit le r\u00e9f\u00e9rent d\u00e9ontologue.<\/p>\n<p>Si le r\u00e9f\u00e9rent d\u00e9ontologue ne parvient pas \u00e0 trancher sur la compatibilit\u00e9 du projet et du travail dans la fonction publique, l&rsquo;autorit\u00e9 hi\u00e9rarchique saisit la Haute Autorit\u00e9 pour la transparence de la vie publique (HATVP).<\/p>\n<p>L&rsquo;autorit\u00e9 hi\u00e9rarchique doit adresser \u00e0 la HATVP les pi\u00e8ces suivantes :<\/p>\n<ul>\n<li>Une lettre de saisine indiquant le nom et les coordonn\u00e9es de l&rsquo;agent qui traite le dossier.<\/li>\n<li>L&rsquo;ensemble des pi\u00e8ces fournies par l&rsquo;agent.<\/li>\n<li>Une description des fonctions exerc\u00e9es par l&rsquo;agent au cours des 3 derni\u00e8res ann\u00e9es. L&rsquo;autorit\u00e9 hi\u00e9rarchique peut aussi rendre compte des entretiens de l&rsquo;agent, dans le cadre de ces fonctions, avec l&rsquo;entreprise qu&rsquo;il souhaite rejoindre.<\/li>\n<li>Son opinion sur la compatibilit\u00e9 de l&rsquo;activit\u00e9 priv\u00e9e envisag\u00e9e avec les fonctions occup\u00e9es.<\/li>\n<li>Une fiche administrative r\u00e9capitulant la situation administrative et les diff\u00e9rents postes occup\u00e9s par l&rsquo;agent.<\/li>\n<li>L&rsquo;avis du r\u00e9f\u00e9rent d\u00e9ontologue.<\/li>\n<\/ul>\n<p>La HATVP est charg\u00e9e d&rsquo;\u00e9mettre un avis sur la compatibilit\u00e9 du projet de cr\u00e9ation ou de reprise d&rsquo;une entreprise avec les fonctions exerc\u00e9es pr\u00e9c\u00e9demment par l&rsquo;agent.<\/p>\n<p>L&rsquo;autorit\u00e9 hi\u00e9rarchique peut informer la HATVP de faits relatifs \u00e0 une situation de conflit d&rsquo;int\u00e9r\u00eats concernant les fonctions exerc\u00e9es par l&rsquo;agent au cours des 3 ann\u00e9es pr\u00e9c\u00e9dentes.<\/p>\n<p>La HATVP\u00a0 peut rendre 3 avis :<\/p>\n<ul>\n<li>de compatibilit\u00e9.<\/li>\n<li>ou de compatibilit\u00e9 avec r\u00e9serves (les r\u00e9serves sont prononc\u00e9es pour une dur\u00e9e de 3 ans).<\/li>\n<li>ou d&rsquo;incompatibilit\u00e9.<\/li>\n<\/ul>\n<div class='cta-block'><div class='text'>Simulez votre ch\u00f4mage en 2 min.<\/div><a href='https:\/\/www.mes-allocs.fr\/simulation-chomage?origin=guides\/wp-json\/wp\/v2\/posts\/15509' class='app-button fit'>Simulation gratuite<\/a><\/div>\n<h2>Dispositions exceptionnelles en p\u00e9riode d&rsquo;urgence sanitaire<\/h2>\n<p>L&rsquo;\u00e9pid\u00e9mie de coronavirus (Covid-19) modifie les conditions pour avoir droit au ch\u00f4mage. Si vous avez rompu un contrat avant le 17 mars 2020, les droits au ch\u00f4mage vous sont ouverts seulement si le contrat :<\/p>\n<ul>\n<li>est d&rsquo;une dur\u00e9e initiale d\u2019au moins 3 mois ou 455 heures.<\/li>\n<li>\u00a0se poursuit d&rsquo;une embauche effective \u00e0 laquelle l\u2019administration met fin avant l\u2019expiration d\u2019un d\u00e9lai de 65 jours travaill\u00e9s \u00e0 partir du 1er mars 2020.<\/li>\n<li>ne s&rsquo;est pas concr\u00e9tis\u00e9 par une embauche effective. Dans ce cas, le salari\u00e9 produit une promesse d\u2019embauche, un contrat de travail ou, \u00e0 d\u00e9faut, une d\u00e9claration de l\u2019administration attestant qu\u2019il a renonc\u00e9 \u00e0 cette embauche ou l\u2019a report\u00e9e.<\/li>\n<\/ul>\n<h1>Comment toucher le ch\u00f4mage apr\u00e8s une d\u00e9mission ?<\/h1>\n<h2>Quand et comment s&rsquo;inscrire \u00e0 P\u00f4le emploi ?<a href=\"https:\/\/www.mes-allocs.fr\/guides\/wp-content\/uploads\/2020\/11\/pexels-oleg-magni-2058128-1.jpg\"><img loading=\"lazy\" decoding=\"async\" class=\"alignleft wp-image-15543\" title=\"Quand et comment s'inscrire \u00e0 P\u00f4le emploi ?\" src=\"https:\/\/www.mes-allocs.fr\/guides\/wp-content\/uploads\/2020\/11\/pexels-oleg-magni-2058128-1-300x200.jpg\" alt=\"Quand et comment s'inscrire \u00e0 P\u00f4le emploi ?\" width=\"357\" height=\"238\" srcset=\"https:\/\/www.mes-allocs.fr\/guides\/wp-content\/uploads\/2020\/11\/pexels-oleg-magni-2058128-1-300x200.jpg 300w, https:\/\/www.mes-allocs.fr\/guides\/wp-content\/uploads\/2020\/11\/pexels-oleg-magni-2058128-1-1024x682.jpg 1024w, https:\/\/www.mes-allocs.fr\/guides\/wp-content\/uploads\/2020\/11\/pexels-oleg-magni-2058128-1-768x512.jpg 768w, https:\/\/www.mes-allocs.fr\/guides\/wp-content\/uploads\/2020\/11\/pexels-oleg-magni-2058128-1-600x400.jpg 600w, https:\/\/www.mes-allocs.fr\/guides\/wp-content\/uploads\/2020\/11\/pexels-oleg-magni-2058128-1.jpg 1280w\" sizes=\"auto, (max-width: 357px) 100vw, 357px\" \/><\/a><\/h2>\n<p>Pour s&rsquo; inscrire \u00e0 p\u00f4le emploi, il suffit de :<\/p>\n<ul>\n<li>Cr\u00e9er un espace personnel sur le site.<\/li>\n<li>Remplir un formulaire en ligne avec ses donn\u00e9es personnelles (nom, pr\u00e9nom, date de naissance, adresse e-mail, carte d&rsquo;identit\u00e9, carte vitale) ou venir prendre<\/li>\n<li>rendez-vous dans une agence P\u00f4le emploi.<\/li>\n<li>Renseigner les fiches de mois de salaires et le RIB.<\/li>\n<li>Cr\u00e9er un CV.<\/li>\n<li>Transmettre les justificatifs de demande d&rsquo;allocations.<\/li>\n<\/ul>\n<p>Vous pouvez effectuer une inscription \u00e0 p\u00f4le emploi d\u00e8s le lendemain de la suspension du contrat de travail mais aussi si vous \u00eates encore en activit\u00e9.<\/p>\n<h2>Qui peut avoir droit aux allocations ch\u00f4mage ?<\/h2>\n<p>Pour \u00eatre pris en charge par p\u00f4le emploi et b\u00e9n\u00e9ficier des allocations ch\u00f4mage, il faut :<\/p>\n<ul>\n<li>Avoir travaill\u00e9 au moins 6 mois sur les 24 derniers mois.<\/li>\n<li>S&rsquo;\u00eatre affili\u00e9 \u00e0 P\u00f4le emploi dans les 12 mois suivants la fin du travail.<\/li>\n<li>\u00catre consid\u00e9r\u00e9 comme demandeur d&rsquo; emploi ou \u00eatre en formation.<\/li>\n<li>Ne pas avoir les droits \u00e0 une retraite compl\u00e8te.<\/li>\n<li>Etre physiquement apte \u00e0 travailler.<\/li>\n<li>R\u00e9sider en France (m\u00e9tropole ou DOM).<\/li>\n<\/ul>\n<p>Il existe un d\u00e9lai de carence de 7 jours avant de recevoir des allocations ch\u00f4mage. Le nombre de jours peut \u00eatre augment\u00e9 si vous avez une indemnit\u00e9 compensatrice de cong\u00e9s pay\u00e9s ou des indemnit\u00e9s sp\u00e9cifiques.<\/p>\n<h2>Comment toucher les allocations ch\u00f4mages ?<\/h2>\n<p>Pour se voir verser des indemnit\u00e9s ch\u00f4mage apr\u00e8s une d\u00e9mission, il est n\u00e9cessaire de remplir les conditions suivantes :<\/p>\n<ul>\n<li>Faire les actions d\u00e9cid\u00e9es avec votre conseiller P\u00f4le emploi dans le cadre de votre projet personnalis\u00e9 d\u2019acc\u00e8s \u00e0 l\u2019emploi (PPAE) ;<\/li>\n<li>Vous pr\u00e9senter \u00e0 tous vos rendez-vous avec un conseiller;<\/li>\n<li>Vous \u00eates demandeur d&#8217;emploi ou essayez de cr\u00e9er ou de reprendre une entreprise ;<\/li>\n<li>Ne pas refuser deux fois une offre raisonnable d\u2019emploi ;<\/li>\n<li>Actualiser chaque mois votre situation en d\u00e9clarant vos revenus d\u2019activit\u00e9;<\/li>\n<li>Informer rapidement P\u00f4le emploi, dans un d\u00e9lai de 72 heures, si votre situation change. Si vous avez de nouveaux projets professionnels par exemple);<\/li>\n<li>Ne pas faire de fausses d\u00e9clarations.<\/li>\n<\/ul>\n<h2>Comment calculer ses allocations ch\u00f4mage ?<\/h2>\n<p><a href=\"https:\/\/www.mes-allocs.fr\/guides\/chomage\/calculer-chomage\/\">L&rsquo;allocation ch\u00f4mage est calcul\u00e9e<\/a> \u00e0 partir de vos anciens salaires. Les primes sont comprises dans le calcul.<\/p>\n<p>Le montant de l&rsquo;allocation varie en fonction de vos salaires mais aussi de votre mode d&rsquo;activit\u00e9 (temps plein ou temps partiel) et de vos pensions.<\/p>\n<p>Le montant journalier de votre allocation ch\u00f4mage est \u00e9gal au montant le plus \u00e9lev\u00e9 entre :<\/p>\n<ul>\n<li>40,4 % de votre <b>Salaire Journalier de R\u00e9f\u00e9rence<\/b> (SJR) + 13,18 \u20ac ;<\/li>\n<li>57 % de votre SJR.<\/li>\n<\/ul>\n<p><iframe loading=\"lazy\" title=\"Tout savoir sur le ch\u00f4mage en France !\" width=\"500\" height=\"281\" src=\"https:\/\/www.youtube.com\/embed\/jgv9qS4jh7k?feature=oembed\" frameborder=\"0\" allow=\"accelerometer; autoplay; clipboard-write; encrypted-media; gyroscope; picture-in-picture; web-share\" referrerpolicy=\"strict-origin-when-cross-origin\" allowfullscreen><\/iframe><\/p>\n<p>&nbsp;<\/p>\n<h1>Quelles autres aides pouvez-vous obtenir apr\u00e8s une d\u00e9mission lorsque vous \u00eates fonctionnaire ?<\/h1>\n<h2>La pension de retraite de la fonction publique<\/h2>\n<p>Si vous \u00eates fonctionnaire, vous pouvez b\u00e9n\u00e9ficier d\u2019une retraite \u00e0 taux plein, si vous justifiez\u00a0:<\/p>\n<ul>\n<li>d&rsquo;un certain nombre de trimestres d&rsquo;assurance retraite. Tous les trimestres acquis aupr\u00e8s des diff\u00e9rents r\u00e9gimes de retraite obligatoires (dans la fonction publique et le secteur priv\u00e9) sont pris en compte,<\/li>\n<li>ou d&rsquo;un certain \u00e2ge.<\/li>\n<\/ul>\n<p>Si vous \u00eates contractuel, vous pouvez b\u00e9n\u00e9ficier d&rsquo;un retraite \u00e0 taux plein de 50%. De m\u00eame que pour les fonctionnaire, vous devez avoir :<\/p>\n<ul>\n<li>un certain nombre de trimestres d&rsquo;assurance retraite. Tous les trimestres acquis aupr\u00e8s des diff\u00e9rents r\u00e9gimes de retraite obligatoires (dans la fonction publique et le secteur priv\u00e9) sont pris en compte,<\/li>\n<li>un certain \u00e2ge.<\/li>\n<\/ul>\n<h2>L&rsquo;indemnit\u00e9 de d\u00e9part volontaire<\/h2>\n<p>Pour recevoir l&rsquo;indemnit\u00e9 de d\u00e9part volontaire dans la FPE, il faudra :<\/p>\n<ul>\n<li>Vous trouver \u00e0 plus de 2 ans de l&rsquo;\u00e2ge minimum de d\u00e9part en retraite \u00e0 la date d&rsquo;envoi de votre demande de d\u00e9mission.<\/li>\n<li>Avoir sign\u00e9 un engagement \u00e0 servir l\u2019\u00c9tat \u00e0 l&rsquo;issue d&rsquo;une p\u00e9riode de formation, vous devez avoir accompli la totalit\u00e9 de la dur\u00e9e de service pr\u00e9vue par cet engagement.<\/li>\n<\/ul>\n<p>Pour recevoir l&rsquo;indemnit\u00e9 de d\u00e9part volontaire dans la FPT, vous devez :<\/p>\n<ul>\n<li>\u00catre fonctionnaire ou agent contractuel en\u00a0<abbr tabindex=\"0\" title=\"\" data-sigle=\"R24389\" data-original-title=\"CDI\u00a0:\u00a0Contrat de travail \u00e0 dur\u00e9e ind\u00e9termin\u00e9e\">CDI<\/abbr><\/li>\n<li>\u00catre \u00e0 plus de 5 ans de l&rsquo;\u00e2ge minimum de d\u00e9part en retraite \u00e0 la date d&rsquo;envoi de votre demande de d\u00e9mission.<\/li>\n<\/ul>\n<p>Le montant de l&rsquo;indemnit\u00e9 de d\u00e9part volontaire est \u00e9gal \u00e0 1\/12<sup>e<\/sup>\u00a0de votre r\u00e9mun\u00e9ration brute annuelle per\u00e7ue au cours\u00a0:<\/p>\n<ul>\n<li>de l&rsquo;ann\u00e9e pr\u00e9c\u00e9dant celle de votre demande de d\u00e9mission multipli\u00e9 par le nombre d&rsquo;ann\u00e9es compl\u00e8tes pass\u00e9es dans l&rsquo;administration si vous \u00eates en activit\u00e9,<\/li>\n<li>des 12\u00a0derniers mois r\u00e9mun\u00e9r\u00e9s si vous \u00eates en disponibilit\u00e9, en cong\u00e9 parental ou en cong\u00e9 non r\u00e9mun\u00e9r\u00e9.<\/li>\n<\/ul>\n<h1>Comment pouvez-vous quitter la fonction publique autrement ?<\/h1>\n<h2>Le licenciement<\/h2>\n<p><a href=\"https:\/\/www.mes-allocs.fr\/guides\/wp-content\/uploads\/2020\/11\/pexels-tima-miroshnichenko-5439137-1-scaled.jpg\"><img loading=\"lazy\" decoding=\"async\" class=\"aligncenter wp-image-15541 size-full\" title=\"Le licenciement\" src=\"https:\/\/www.mes-allocs.fr\/guides\/wp-content\/uploads\/2020\/11\/pexels-tima-miroshnichenko-5439137-1-scaled-e1605819417989.jpg\" alt=\"Le licenciement\" width=\"2560\" height=\"761\" srcset=\"https:\/\/www.mes-allocs.fr\/guides\/wp-content\/uploads\/2020\/11\/pexels-tima-miroshnichenko-5439137-1-scaled-e1605819417989.jpg 2560w, https:\/\/www.mes-allocs.fr\/guides\/wp-content\/uploads\/2020\/11\/pexels-tima-miroshnichenko-5439137-1-scaled-e1605819417989-300x89.jpg 300w, https:\/\/www.mes-allocs.fr\/guides\/wp-content\/uploads\/2020\/11\/pexels-tima-miroshnichenko-5439137-1-scaled-e1605819417989-1024x304.jpg 1024w, https:\/\/www.mes-allocs.fr\/guides\/wp-content\/uploads\/2020\/11\/pexels-tima-miroshnichenko-5439137-1-scaled-e1605819417989-768x228.jpg 768w, https:\/\/www.mes-allocs.fr\/guides\/wp-content\/uploads\/2020\/11\/pexels-tima-miroshnichenko-5439137-1-scaled-e1605819417989-1536x457.jpg 1536w, https:\/\/www.mes-allocs.fr\/guides\/wp-content\/uploads\/2020\/11\/pexels-tima-miroshnichenko-5439137-1-scaled-e1605819417989-2048x609.jpg 2048w, https:\/\/www.mes-allocs.fr\/guides\/wp-content\/uploads\/2020\/11\/pexels-tima-miroshnichenko-5439137-1-scaled-e1605819417989-600x178.jpg 600w\" sizes=\"auto, (max-width: 2560px) 100vw, 2560px\" \/><\/a><\/p>\n<p>Le d\u00e9cret du 16 juin 2020 du journal officiel de la R\u00e9publique fran\u00e7aise r\u00e9pertorie les r\u00e8gles concernant les droits au ch\u00f4mage pour les agents du public.<\/p>\n<h3>Pour un fonctionnaire<\/h3>\n<p>Un fonctionnaire peut \u00eatre licenci\u00e9 pour les raisons suivantes :<\/p>\n<ul>\n<li><strong>Inaptitude physique d\u00e9finitive<\/strong>. Un fonctionnaire est licenci\u00e9 pour ce motif s&rsquo;il ne peut pas b\u00e9n\u00e9ficier de la retraite pour invalidit\u00e9. Il ne peut pas recevoir d&rsquo;indemnit\u00e9 de licenciement mais peut avoir les allocations ch\u00f4mage.<\/li>\n<li><strong>Refus de poste apr\u00e8s avoir fait un cong\u00e9 maladie<\/strong>. Un fonctionnaire refuse de reprendre un poste sans raison valable li\u00e9e \u00e0 son \u00e9tat de sant\u00e9 apr\u00e8s un cong\u00e9 maladie. Il ne b\u00e9n\u00e9ficiera pas de l&rsquo;indemnit\u00e9 de licenciement mais peut acc\u00e9der au ch\u00f4mage.<\/li>\n<li><strong>Refus de poste \u00e0 l&rsquo;issue d&rsquo;une disponibilit\u00e9<\/strong>. Un fonctionnaire refuse 3 propositions de poste qui correspondent \u00e0 son grade. Il ne b\u00e9n\u00e9ficiera pas de l&rsquo;indemnit\u00e9 de licenciement mais peut acc\u00e9der au ch\u00f4mage.<\/li>\n<li><strong>Insuffisance professionnelle<\/strong>. Le conseil de discipline d\u00e9clare le fonctionnaire inapte \u00e0 faire les fonctions qui correspondent \u00e0 son grade. Le licenci\u00e9 peut avoir droit \u00e0 l&rsquo;indemnit\u00e9 de licenciement.<\/li>\n<\/ul>\n<h3>Pour un contractuel<\/h3>\n<p>Un contractuel de la fonction publique peut \u00eatre licenci\u00e9 pour les raisons suivantes :<\/p>\n<ul>\n<li><strong>Insuffisance professionnelle.\u00a0<\/strong>L&rsquo;agent ne parvient plus \u00e0 faire les fonctions pour lesquelles il a \u00e9t\u00e9 engag\u00e9.<\/li>\n<li><strong>Faute disciplinaire.<\/strong>\u00a0L&rsquo;agent est licenci\u00e9 sans pr\u00e9avis et ne peut pas toucher l&rsquo;indemnit\u00e9 de licenciement s&rsquo;il ne respecte pas ses obligations professionnelles.<\/li>\n<li><strong>Inaptitude physique.\u00a0<\/strong>Il est inapte \u00e0 occuper son emploi et un reclassement est impossible.<\/li>\n<li><strong>Suppression de l&#8217;emploi.\u00a0<\/strong>Le poste de l&rsquo;agent est supprim\u00e9 selon les besoins de l&#8217;emploi.<\/li>\n<li><strong>Transformation de l&#8217;emploi.\u00a0<\/strong>L&rsquo;administration propose \u00e0 l&rsquo;agent une modification de ses fonctions ou de son contrat de travail.<\/li>\n<li><b>Recrutement d&rsquo;un fonctionnaire\u00a0<\/b>sur le poste de l&rsquo;agent.<\/li>\n<li><strong>Refus de la modification d&rsquo;un \u00e9l\u00e9ment substantiel du contrat<\/strong> par l&rsquo;agent.<\/li>\n<li><strong>R\u00e9int\u00e9gration impossible \u00e0 la fin d&rsquo;un cong\u00e9 non r\u00e9mun\u00e9r\u00e9.<\/strong><\/li>\n<\/ul>\n<p>Pour tous les motifs de licenciement, le dossier individuel est transmis au contractuel. Puis, la commission consultative paritaire (CCP), compos\u00e9e de repr\u00e9sentants du personnel est interrog\u00e9e. Un entretien a lieu entre l&rsquo;agent et son employeur public.<\/p>\n<p>Ensuite, la d\u00e9cision sur le licenciement est donn\u00e9e par lettre ou elle est remise en main propre \u00e0 l&rsquo;agent. Enfin, l&rsquo;administration remet \u00e0 l&rsquo;agent le certificat de fin de contrat.<\/p>\n<p>Pour tous les motifs de licenciement (except\u00e9 la faute disciplinaire) l&rsquo;agent a le droit \u00e0 un pr\u00e9avis de licenciement.<\/p>\n<h2>La rupture conventionnelle<\/h2>\n<p>La rupture conventionnelle permet de mettre fin \u00e0 un contrat en CDI. L&rsquo;agent et son administration se mettent d&rsquo;accord sur cette cessation d\u00e9finitive des fonctions de l&rsquo;agent. L&rsquo;agent peut percevoir l&rsquo;indemnit\u00e9 de rupture et les allocations ch\u00f4mage. L&rsquo;administration ou l&rsquo;agent ne peuvent pas obliger l&rsquo;autre partie \u00e0 faire la rupture conventionnelle.<\/p>\n<p>Le fonctionnaire stagiaire ne peut pas faire une rupture conventionnelle, seul le fonctionnaire titulaire le peut. De plus, si le fonctionnaire est \u00e2g\u00e9 d&rsquo;au moins 62 ans et peut b\u00e9n\u00e9ficier de la pension de retraite \u00e0 taux plein, il ne peut pas faire une une rupture conventionnelle.<\/p>\n<h2>La disponibilit\u00e9 d&rsquo;un fonctionnaire<\/h2>\n<p>Il est possible pour le fonctionnaire de quitter temporairement son emploi pour des raisons personnelles. On parle de p\u00e9riode de la disponibilit\u00e9 d&rsquo;un fonctionnaire quand celui-ci cesse de travailler dans la fonction publique pour :<\/p>\n<div id=\"mh_tsuid35\" class=\"a1vOw BY2RHc i49rzb\">\n<div class=\"Hhmu2e mod NFQFxe viOShc LKPcQc\" lang=\"fr-FR\" data-md=\"16\" data-hveid=\"CA4QAA\" data-ved=\"2ahUKEwi394nvpY_tAhXYDGMBHcciACYQhygwE3oECA4QAA\">\n<div class=\"Ftghae VgfJld\">\n<div class=\"SPZz6b\">\n<ul>\n<li class=\"qrShPb kno-ecr-pt PZPZlf mfMhoc\" data-local-attribute=\"d3bn\" data-attrid=\"title\" data-ved=\"2ahUKEwi394nvpY_tAhXYDGMBHcciACYQ3B0oATATegQIDhAL\">\u00c9lever un enfant de moins de 12 ans.<\/li>\n<li data-local-attribute=\"d3bn\" data-attrid=\"title\" data-ved=\"2ahUKEwi394nvpY_tAhXYDGMBHcciACYQ3B0oATATegQIDhAL\">S&rsquo;occuper d&rsquo;un proche en situation de handicap.<\/li>\n<li data-local-attribute=\"d3bn\" data-attrid=\"title\" data-ved=\"2ahUKEwi394nvpY_tAhXYDGMBHcciACYQ3B0oATATegQIDhAL\">Suivre son conjoint ou sa conjointe.<\/li>\n<li data-local-attribute=\"d3bn\" data-attrid=\"title\" data-ved=\"2ahUKEwi394nvpY_tAhXYDGMBHcciACYQ3B0oATATegQIDhAL\">Adopter un enfant.<\/li>\n<li data-local-attribute=\"d3bn\" data-attrid=\"title\" data-ved=\"2ahUKEwi394nvpY_tAhXYDGMBHcciACYQ3B0oATATegQIDhAL\">Cr\u00e9er ou reprendre une entreprise.<\/li>\n<li data-local-attribute=\"d3bn\" data-attrid=\"title\" data-ved=\"2ahUKEwi394nvpY_tAhXYDGMBHcciACYQ3B0oATATegQIDhAL\">Reprendre des \u00e9tudes ou faire de la recherche.<\/li>\n<li data-local-attribute=\"d3bn\" data-attrid=\"title\" data-ved=\"2ahUKEwi394nvpY_tAhXYDGMBHcciACYQ3B0oATATegQIDhAL\">Effectuer un mandat d&rsquo;\u00e9lu local.<\/li>\n<\/ul>\n<div class='cta-block'><div class='text'>Simulez votre ch\u00f4mage en 2 min.<\/div><a href='https:\/\/www.mes-allocs.fr\/simulation-chomage?origin=guides\/wp-json\/wp\/v2\/posts\/15509' class='app-button fit'>Simulation gratuite<\/a><\/div>\n<\/div>\n<\/div>\n<\/div>\n<\/div>\n","protected":false},"excerpt":{"rendered":"<p>&nbsp; Vous souhaitez quitter la fonction publique en faisant une d\u00e9mission et savoir s&rsquo;il est possible d&rsquo;avoir les droits pour l&rsquo;allocation ch\u00f4mage ? Voici les d\u00e9marches \u00e0 faire pour d\u00e9missionner et obtenir le ch\u00f4mage. D\u00e9missionner quand on est fonctionnaire Comment d\u00e9missionner quand on est fonctionnaire ? Selon le code du travail, une d\u00e9mission est une [&hellip;]<\/p>\n","protected":false},"author":10,"featured_media":15539,"comment_status":"open","ping_status":"open","sticky":false,"template":"","format":"standard","meta":{"amp_status":"","footnotes":""},"categories":[3397,2989],"tags":[],"class_list":["post-15509","post","type-post","status-publish","format-standard","has-post-thumbnail","hentry","category-chomage-demission","category-chomage"],"yoast_head":"<!-- This site is optimized with the Yoast SEO plugin v14.9 - https:\/\/yoast.com\/wordpress\/plugins\/seo\/ -->\n<title>Droits aux indemnit\u00e9s ch\u00f4mage apr\u00e8s d\u00e9mission fonctionnaire \/ Mes Allocs<\/title>\n<meta name=\"description\" content=\"Vous souhaitez quitter votre emploi et garder vos droits au ch\u00f4mage ? Mes Allocs vous montre les proc\u00e9dures pour y acc\u00e9der !\" \/>\n<meta name=\"robots\" content=\"index, follow, max-snippet:-1, max-image-preview:large, max-video-preview:-1\" \/>\n<link rel=\"canonical\" href=\"https:\/\/www.mes-allocs.fr\/guides\/chomage\/chomage-demission\/demission-fonction-publique-chomage\/\" \/>\n<meta property=\"og:locale\" content=\"fr_FR\" \/>\n<meta property=\"og:type\" content=\"article\" \/>\n<meta property=\"og:title\" content=\"Droits aux indemnit\u00e9s ch\u00f4mage apr\u00e8s d\u00e9mission fonctionnaire \/ Mes Allocs\" \/>\n<meta property=\"og:description\" content=\"Vous souhaitez quitter votre emploi et garder vos droits au ch\u00f4mage ? Mes Allocs vous montre les proc\u00e9dures pour y acc\u00e9der !\" \/>\n<meta property=\"og:url\" content=\"https:\/\/www.mes-allocs.fr\/guides\/chomage\/chomage-demission\/demission-fonction-publique-chomage\/\" \/>\n<meta property=\"og:site_name\" content=\"Mes-Allocs.fr\" \/>\n<meta property=\"article:published_time\" content=\"2020-11-25T09:47:05+00:00\" \/>\n<meta property=\"article:modified_time\" content=\"2025-10-07T14:13:10+00:00\" \/>\n<meta property=\"og:image\" content=\"https:\/\/www.mes-allocs.fr\/guides\/wp-content\/uploads\/2020\/11\/pexels-fauxels-3184465-1-e1605818999514.jpg?wsr\" \/>\n\t<meta property=\"og:image:width\" content=\"1280\" \/>\n\t<meta property=\"og:image:height\" content=\"320\" \/>\n<meta name=\"twitter:card\" content=\"summary_large_image\" \/>\n<script type=\"application\/ld+json\" class=\"yoast-schema-graph\">{\"@context\":\"https:\/\/schema.org\",\"@graph\":[{\"@type\":\"WebSite\",\"@id\":\"https:\/\/www.mes-allocs.fr\/guides\/#website\",\"url\":\"https:\/\/www.mes-allocs.fr\/guides\/\",\"name\":\"Mes-Allocs.fr\",\"description\":\"\",\"potentialAction\":[{\"@type\":\"SearchAction\",\"target\":\"https:\/\/www.mes-allocs.fr\/guides\/?s={search_term_string}\",\"query-input\":\"required name=search_term_string\"}],\"inLanguage\":\"fr-FR\"},{\"@type\":\"ImageObject\",\"@id\":\"https:\/\/www.mes-allocs.fr\/guides\/chomage\/chomage-demission\/demission-fonction-publique-chomage\/#primaryimage\",\"inLanguage\":\"fr-FR\",\"url\":\"https:\/\/www.mes-allocs.fr\/guides\/wp-content\/uploads\/2020\/11\/pexels-fauxels-3184465-1-e1605818999514.jpg?wsr\",\"width\":1280,\"height\":320,\"caption\":\"pexels fauxels 3184465 1 e1605818999514\"},{\"@type\":\"WebPage\",\"@id\":\"https:\/\/www.mes-allocs.fr\/guides\/chomage\/chomage-demission\/demission-fonction-publique-chomage\/#webpage\",\"url\":\"https:\/\/www.mes-allocs.fr\/guides\/chomage\/chomage-demission\/demission-fonction-publique-chomage\/\",\"name\":\"Droits aux indemnit\\u00e9s ch\\u00f4mage apr\\u00e8s d\\u00e9mission fonctionnaire \/ Mes Allocs\",\"isPartOf\":{\"@id\":\"https:\/\/www.mes-allocs.fr\/guides\/#website\"},\"primaryImageOfPage\":{\"@id\":\"https:\/\/www.mes-allocs.fr\/guides\/chomage\/chomage-demission\/demission-fonction-publique-chomage\/#primaryimage\"},\"datePublished\":\"2020-11-25T09:47:05+00:00\",\"dateModified\":\"2025-10-07T14:13:10+00:00\",\"author\":{\"@id\":\"https:\/\/www.mes-allocs.fr\/guides\/#\/schema\/person\/8d47b912c0ad15f379df96b4e4e33f58\"},\"description\":\"Vous souhaitez quitter votre emploi et garder vos droits au ch\\u00f4mage ? Mes Allocs vous montre les proc\\u00e9dures pour y acc\\u00e9der !\",\"inLanguage\":\"fr-FR\"},{\"@type\":\"Person\",\"@id\":\"https:\/\/www.mes-allocs.fr\/guides\/#\/schema\/person\/8d47b912c0ad15f379df96b4e4e33f58\",\"name\":\"Constance de Cagny\",\"image\":{\"@type\":\"ImageObject\",\"@id\":\"https:\/\/www.mes-allocs.fr\/guides\/#personlogo\",\"inLanguage\":\"fr-FR\",\"url\":\"https:\/\/www.mes-allocs.fr\/guides\/wp-content\/uploads\/2021\/06\/Constance.2e8ee0b.png\",\"caption\":\"Constance de Cagny\"},\"description\":\"Constance est r\\u00e9dactrice au sein de l'\\u00e9quipe Mes Allocs. Elle a l'habitude d'\\u00e9crire sur les sujets conso, bons plans et \\u00e9conomies. Dipl\\u00f4m\\u00e9e de l'ENACO, elle rejoint Mes Allocs apr\\u00e8s une premi\\u00e8re exp\\u00e9rience en cabinet notarial.\",\"sameAs\":[\"https:\/\/www.linkedin.com\/in\/constance-de-cagny-mayeur-bbb414135\"]}]}<\/script>\n<!-- \/ Yoast SEO plugin. -->","amp_validity":null,"acf":{"faq":{"1":{"question":" Est-ce qu'un fonctionnaire peut toucher le ch\u00f4mage ?","answer":"Un fonctionnaire peut toucher le ch\u00f4mage s'il fait une d\u00e9mission l\u00e9gitime, ou une rupture conventionnelle. S'il subit un licenciement, l'agent peut aussi percevoir les allocations ch\u00f4mage.\r\n<br> <a href=\"https:\/\/www.mes-allocs.fr\/guides\/pole-emploi\/droit-au-chomage\/droit-au-chomage-apres-une-demission\/droits-indemnites-chomage-demission-fonctionnaire\/\">Lire la suite<\/a>"},"2":{"question":"Comment faire pour toucher le ch\u00f4mage apr\u00e8s une d\u00e9mission ?","answer":"Vous pouvez toucher le ch\u00f4mage apr\u00e8s une d\u00e9mission si vous fa\u00eetes une d\u00e9mission l\u00e9gitime ou que vous attendez le r\u00e9examen de votre situation 121 jours apr\u00e8s votre d\u00e9mission si elle n'est pas l\u00e9gitime."},"3":{"question":"Est-ce que je re\u00e7ois le solde de tout compte en d\u00e9missionnant de la fonction publique ?","answer":"Il n'est pas obligatoire pour l'administration de vous fournir le solde de tout compte. Vous pouvez cependant le demander.\r\n<br> <a href=\"https:\/\/www.mes-allocs.fr\/guides\/pole-emploi\/droit-au-chomage\/droit-au-chomage-apres-une-demission\/droits-indemnites-chomage-demission-fonctionnaire\/\">Lire la suite<\/a>"},"4":{"question":"Quel droit au ch\u00f4mage apr\u00e8s rupture conventionnelle fonction publique ?","answer":"Si vous fa\u00eetes une rupture conventionnelle, vous pouvez avoir droit aux allocations ch\u00f4mage."},"5":{"question":"Quel motif de licenciement pour toucher le ch\u00f4mage ?","answer":"N'importe quel motif de licenciement peut ouvrir les droits aux allocations ch\u00f4mage.\r\n<br> <a href=\"https:\/\/www.mes-allocs.fr\/guides\/pole-emploi\/droit-au-chomage\/droit-au-chomage-apres-une-demission\/droits-indemnites-chomage-demission-fonctionnaire\/\">Lire la suite<\/a>"},"6":{"question":"Puis-je quitter mon travail du jour au lendemain ?","answer":"Vous ne pouvez pas quitter votre emploi du jour au lendemain. Il faut effectuer une p\u00e9riode de pr\u00e9avis."},"7":{"question":"","answer":""},"8":{"question":"","answer":""},"9":{"question":"","answer":""},"10":{"question":"","answer":""},"11":{"question":"","answer":""},"12":{"question":"","answer":""},"13":{"question":"","answer":""},"14":{"question":"","answer":""},"15":{"question":"","answer":""},"16":{"question":"","answer":""}}},"_links":{"self":[{"href":"https:\/\/www.mes-allocs.fr\/guides\/wp-json\/wp\/v2\/posts\/15509","targetHints":{"allow":["GET"]}}],"collection":[{"href":"https:\/\/www.mes-allocs.fr\/guides\/wp-json\/wp\/v2\/posts"}],"about":[{"href":"https:\/\/www.mes-allocs.fr\/guides\/wp-json\/wp\/v2\/types\/post"}],"author":[{"embeddable":true,"href":"https:\/\/www.mes-allocs.fr\/guides\/wp-json\/wp\/v2\/users\/10"}],"replies":[{"embeddable":true,"href":"https:\/\/www.mes-allocs.fr\/guides\/wp-json\/wp\/v2\/comments?post=15509"}],"version-history":[{"count":43,"href":"https:\/\/www.mes-allocs.fr\/guides\/wp-json\/wp\/v2\/posts\/15509\/revisions"}],"predecessor-version":[{"id":104430,"href":"https:\/\/www.mes-allocs.fr\/guides\/wp-json\/wp\/v2\/posts\/15509\/revisions\/104430"}],"wp:featuredmedia":[{"embeddable":true,"href":"https:\/\/www.mes-allocs.fr\/guides\/wp-json\/wp\/v2\/media\/15539"}],"wp:attachment":[{"href":"https:\/\/www.mes-allocs.fr\/guides\/wp-json\/wp\/v2\/media?parent=15509"}],"wp:term":[{"taxonomy":"category","embeddable":true,"href":"https:\/\/www.mes-allocs.fr\/guides\/wp-json\/wp\/v2\/categories?post=15509"},{"taxonomy":"post_tag","embeddable":true,"href":"https:\/\/www.mes-allocs.fr\/guides\/wp-json\/wp\/v2\/tags?post=15509"}],"curies":[{"name":"wp","href":"https:\/\/api.w.org\/{rel}","templated":true}]}}