{"id":15496,"date":"2020-11-25T09:58:43","date_gmt":"2020-11-25T09:58:43","guid":{"rendered":"https:\/\/www.mes-allocs.fr\/guides\/?p=15496"},"modified":"2026-01-09T19:09:03","modified_gmt":"2026-01-09T18:09:03","slug":"apl-etudiant-et-allocations-familiales","status":"publish","type":"post","link":"https:\/\/www.mes-allocs.fr\/guides\/aide-logement\/apl\/apl-etudiant\/apl-etudiant-et-allocations-familiales\/","title":{"rendered":"Choisir entre APL \u00e9tudiant et allocations familiales"},"content":{"rendered":"<p><a href=\"https:\/\/www.mes-allocs.fr\/guides\/wp-content\/uploads\/2020\/11\/pexels-freestocksorg-287335.jpg\"><img loading=\"lazy\" decoding=\"async\" class=\"aligncenter wp-image-15518 size-full\" src=\"https:\/\/www.mes-allocs.fr\/guides\/wp-content\/uploads\/2020\/11\/pexels-freestocksorg-287335-e1685971495331.jpg\" alt=\"Choisir entre APL \u00e9tudiant et allocations familiales\" width=\"1280\" height=\"352\" srcset=\"https:\/\/www.mes-allocs.fr\/guides\/wp-content\/uploads\/2020\/11\/pexels-freestocksorg-287335-e1685971495331.jpg 1280w, https:\/\/www.mes-allocs.fr\/guides\/wp-content\/uploads\/2020\/11\/pexels-freestocksorg-287335-e1685971495331-300x83.jpg 300w, https:\/\/www.mes-allocs.fr\/guides\/wp-content\/uploads\/2020\/11\/pexels-freestocksorg-287335-e1685971495331-1024x282.jpg 1024w, https:\/\/www.mes-allocs.fr\/guides\/wp-content\/uploads\/2020\/11\/pexels-freestocksorg-287335-e1685971495331-768x211.jpg 768w, https:\/\/www.mes-allocs.fr\/guides\/wp-content\/uploads\/2020\/11\/pexels-freestocksorg-287335-e1685971495331-600x165.jpg 600w\" sizes=\"auto, (max-width: 1280px) 100vw, 1280px\" \/><\/a><\/p>\n<p style=\"text-align: justify;\">[Mis \u00e0 jour le 09\/01\/2026] L&rsquo;aide personnalis\u00e9e au logement (APL) est une <a href=\"https:\/\/www.mes-allocs.fr\/guides\/aide-logement\/\">aide au logement<\/a> dont peuvent b\u00e9n\u00e9ficier les \u00e9tudiants. Cette prestation vous aide \u00e0 payer les mensualit\u00e9s de votre loyer. Dans cet article Mes Allocs vous explique tout sur l&rsquo;APL et les allocations familiales et quel choix adopter.<\/p>\n<hr \/>\n<h1>Que choisir : APL \u00e9tudiant ou les allocations familiales ?<\/h1>\n<p style=\"text-align: justify;\">Un \u00e9tudiant peut demander une aide au logement (APL, ALS ou ALF) quel que soit son \u00e2ge, sous conditions. N\u00e9anmoins, percevoir <a href=\"https:\/\/www.mes-allocs.fr\/guides\/aide-logement\/apl\/\">l&rsquo;aide personnalis\u00e9e au logement<\/a> entraine une mise \u00e0 jour de votre situation. Vous ne serez plus consid\u00e9r\u00e9 comme \u00e9tant un enfant \u00e0 charge de vos parents, ce qui leur permettait de b\u00e9n\u00e9ficier de prestations familiales.\u00a0<a href=\"https:\/\/www.mes-allocs.fr\/guides\/wp-content\/uploads\/2020\/11\/pexels-andrea-piacquadio-3769021-1.jpg\"><img loading=\"lazy\" decoding=\"async\" class=\"alignright wp-image-15520 size-medium\" src=\"https:\/\/www.mes-allocs.fr\/guides\/wp-content\/uploads\/2020\/11\/pexels-andrea-piacquadio-3769021-1-300x200.jpg\" alt=\"Choisir entre APL \u00e9tudiant et allocations familiales\" width=\"300\" height=\"200\" srcset=\"https:\/\/www.mes-allocs.fr\/guides\/wp-content\/uploads\/2020\/11\/pexels-andrea-piacquadio-3769021-1-300x200.jpg 300w, https:\/\/www.mes-allocs.fr\/guides\/wp-content\/uploads\/2020\/11\/pexels-andrea-piacquadio-3769021-1-1024x682.jpg 1024w, https:\/\/www.mes-allocs.fr\/guides\/wp-content\/uploads\/2020\/11\/pexels-andrea-piacquadio-3769021-1-768x512.jpg 768w, https:\/\/www.mes-allocs.fr\/guides\/wp-content\/uploads\/2020\/11\/pexels-andrea-piacquadio-3769021-1-600x400.jpg 600w, https:\/\/www.mes-allocs.fr\/guides\/wp-content\/uploads\/2020\/11\/pexels-andrea-piacquadio-3769021-1.jpg 1280w\" sizes=\"auto, (max-width: 300px) 100vw, 300px\" \/><\/a><\/p>\n<p style=\"text-align: justify;\">Vous devrez donc r\u00e9fl\u00e9chir \u00e0 ce qui serait le plus avantageux. APL ou allocation familiales.\u00a0Mes Allocs met \u00e0 votre disposition son <a href=\"https:\/\/www.mes-allocs.fr\/ab-app\">simulateur d&rsquo;aide sociales<\/a> pour vous aider \u00e0 estimer vos droits.<\/p>\n<p>Le choix d\u00e9pend de votre situation : demander une aide au logement \u00e0 votre nom peut entra\u00eener un ajustement des prestations vers\u00e9es \u00e0 vos parents (logique \u201cenfant \u00e0 charge\u201d CAF). Il faut comparer les montants.<\/p>\n<div class='cta-block'><div class='text'>Simulez toutes vos aides en 2 min. Gratuit.<\/div><a href='https:\/\/www.mes-allocs.fr\/ab-app?origin=guides\/wp-json\/wp\/v2\/posts\/15496' class='app-button fit'>Simulation gratuite<\/a><\/div>\n<h1>Qu&rsquo;est-ce que l&rsquo;APL ?<\/h1>\n<p><span class=\"amp-wp-fe3f5cc\" data-amp-original-style=\"font-weight: 400;\">L\u2019APL fait partie des aides au logement et se calcule selon divers crit\u00e8res. Voici les aides au logement qui existent en 2026 :<\/span><\/p>\n<ul>\n<li class=\"amp-wp-fe3f5cc\" data-amp-original-style=\"font-weight: 400;\"><span class=\"amp-wp-fe3f5cc\" data-amp-original-style=\"font-weight: 400;\">L\u2019<\/span><span class=\"amp-wp-fe3f5cc\" data-amp-original-style=\"font-weight: 400;\">Aide Personnalis\u00e9e au Logement<\/span><span class=\"amp-wp-fe3f5cc\" data-amp-original-style=\"font-weight: 400;\">\u00a0(APL) ;<\/span><\/li>\n<li class=\"amp-wp-fe3f5cc\" data-amp-original-style=\"font-weight: 400;\"><span class=\"amp-wp-fe3f5cc\" data-amp-original-style=\"font-weight: 400;\">L\u2019<\/span><span class=\"amp-wp-fe3f5cc\" data-amp-original-style=\"font-weight: 400;\">Allocation de Logement Social<\/span><span class=\"amp-wp-fe3f5cc\" data-amp-original-style=\"font-weight: 400;\">\u00a0(ALS) ;<\/span><\/li>\n<li class=\"amp-wp-fe3f5cc\" data-amp-original-style=\"font-weight: 400;\"><span class=\"amp-wp-fe3f5cc\" data-amp-original-style=\"font-weight: 400;\">L\u2019<\/span><span class=\"amp-wp-fe3f5cc\" data-amp-original-style=\"font-weight: 400;\">Allocation de Logement Familial<\/span><span class=\"amp-wp-fe3f5cc\" data-amp-original-style=\"font-weight: 400;\">\u00a0(ALF).\u00a0<\/span><\/li>\n<\/ul>\n<p><strong><span class=\"amp-wp-fe3f5cc\" data-amp-original-style=\"font-weight: 400;\">Les principaux crit\u00e8res de calcul sont les suivants\u00a0 :<\/span><\/strong><\/p>\n<ul>\n<li class=\"amp-wp-fe3f5cc\" data-amp-original-style=\"font-weight: 400;\"><span class=\"amp-wp-fe3f5cc\" data-amp-original-style=\"font-weight: 400;\">La situation familiale du foyer ;<\/span><\/li>\n<li class=\"amp-wp-fe3f5cc\" data-amp-original-style=\"font-weight: 400;\"><span class=\"amp-wp-fe3f5cc\" data-amp-original-style=\"font-weight: 400;\">Les conditions de ressources de l\u2019ensemble du foyer ;<\/span><\/li>\n<li class=\"amp-wp-fe3f5cc\" data-amp-original-style=\"font-weight: 400;\"><span class=\"amp-wp-fe3f5cc\" data-amp-original-style=\"font-weight: 400;\">Le montant de votre loyer hors charges ;<\/span><\/li>\n<li class=\"amp-wp-fe3f5cc\" data-amp-original-style=\"font-weight: 400;\"><span class=\"amp-wp-fe3f5cc\" data-amp-original-style=\"font-weight: 400;\">Le type de logement ;<\/span><\/li>\n<li class=\"amp-wp-fe3f5cc\" data-amp-original-style=\"font-weight: 400;\"><span class=\"amp-wp-fe3f5cc\" data-amp-original-style=\"font-weight: 400;\">La zone g\u00e9ographique dans laquelle se situe ce logement (code postal)<\/span><\/li>\n<li class=\"amp-wp-fe3f5cc\" data-amp-original-style=\"font-weight: 400;\"><span class=\"amp-wp-fe3f5cc\" data-amp-original-style=\"font-weight: 400;\">Le patrimoine immobilier.<\/span><\/li>\n<\/ul>\n<p style=\"text-align: justify;\"><span class=\"amp-wp-fe3f5cc\" data-amp-original-style=\"font-weight: 400;\">Les revenus pris en compte dans le c<\/span><span class=\"amp-wp-fe3f5cc\" data-amp-original-style=\"font-weight: 400;\">alcul de l\u2019APL sont ceux des 12 derniers mois.<\/span><\/p>\n<p><iframe loading=\"lazy\" title=\"L&#039;APL\" width=\"500\" height=\"281\" src=\"https:\/\/www.youtube.com\/embed\/dfDRI2qg_z4?feature=oembed\" frameborder=\"0\" allow=\"accelerometer; autoplay; clipboard-write; encrypted-media; gyroscope; picture-in-picture; web-share\" referrerpolicy=\"strict-origin-when-cross-origin\" allowfullscreen><\/iframe><\/p>\n<h1>Comment calculer l&rsquo;APL ?<\/h1>\n<p style=\"text-align: justify;\">L&rsquo;APL est calcul\u00e9 selon vos revenus, de votre situation personnelle\/familiale ainsi que du montant du loyer, la localisation\u2026 Le calcul d\u00e9pend de la situation. Pour les \u00e9tudiants, la CAF pr\u00e9cise notamment que les revenus professionnels n\u2019ont pas d\u2019incidence sur l\u2019aide au logement tant que vous \u00eates \u00e9tudiant et \u00e2g\u00e9 de moins de 28 ans au 1er septembre.<\/p>\n<p style=\"text-align: justify;\">Ce sont donc vos revenus des 12 derniers mois qui sont pris en compte par la CAF ou la MSA pour calculer vos droits.<\/p>\n<p style=\"text-align: justify;\">\u00c0 noter : si vous avez r\u00e9alis\u00e9 des stages pendant les ann\u00e9es n-2 mais que la gratification ne d\u00e9passe pas le Smic annuel brut, vous n\u2019avez pas \u00e0 les d\u00e9clarer dans les revenus per\u00e7us, mais si la gratification d\u00e9passe le Smic annuel brut seul le surplus est \u00e0 d\u00e9clarer.<\/p>\n<p>Pour une estimation fiable en deux minutes, vous pouvez faire une simulation avec Mes Allocs !<\/p>\n<h1>Quelles sont les conditions ?<\/h1>\n<p><strong>Pour pr\u00e9tendre \u00e0 l&rsquo;APL, vous devez respecter certaines conditions, \u00e0 savoir :\u00a0<\/strong><\/p>\n<ul>\n<li>\u00catre fran\u00e7ais ou, si vous \u00eates \u00e9tranger, avoir un titre de s\u00e9jour en cours de validit\u00e9 (selon votre situation)<\/li>\n<li>Ne pas avoir de lien de parent\u00e9 avec le propri\u00e9taire du logement<\/li>\n<li>Avoir des ressources inf\u00e9rieures aux plafonds fix\u00e9s pour cette aide<\/li>\n<li>Le rattachement fiscal n\u2019emp\u00eache pas de demander une aide au logement. En revanche, la demande \u00e0 votre nom peut modifier la situation \u201cenfant \u00e0 charge\u201d au sens CAF et ajuster les prestations vers\u00e9es \u00e0 vos parents.<\/li>\n<\/ul>\n\n<div class=\"wpdt-c row wpDataTableContainerSimpleTable wpDataTables wpDataTablesWrapper\n\"\n    >\n    <table id=\"wpdtSimpleTable-145\"\n           class=\"wpdtSimpleTable wpDataTable\"\n           data-column=\"2\"\n           data-rows=\"10\"\n           data-wpID=\"145\"\n           data-responsive=\"0\"\n           data-has-header=\"1\">\n\n                    <thead>        <tr class=\"wpdt-cell-row \" >\n                            <th class=\"wpdt-cell wpdt-bold wpdt-bc-F3F9FE\"\n                                    data-cell-id=\"A1\"\n                data-col-index=\"0\"\n                data-row-index=\"0\"\n                style=\" width:26.151930261519%;                padding:10px;\"\n                >\n                                Composition du foyer                <\/th>\n                                            <th class=\"wpdt-cell wpdt-bold wpdt-bc-F3F9FE\"\n                                    data-cell-id=\"B1\"\n                data-col-index=\"1\"\n                data-row-index=\"0\"\n                style=\" width:73.848069738481%;                padding:10px;\"\n                >\n                                Plafonds de ressources (en \u20ac) \u00e0 ne pas d\u00e9passer pour toucher le montant maximal d'APL en 2026                <\/th>\n                                        <\/tr>\n                    <tbody>        <tr class=\"wpdt-cell-row \" >\n                            <td class=\"wpdt-cell wpdt-bold wpdt-bc-F3F9FE\"\n                                    data-cell-id=\"A2\"\n                data-col-index=\"0\"\n                data-row-index=\"1\"\n                style=\"                padding:10px;\"\n                >\n                                Personne seule                <\/td>\n                                            <td class=\"wpdt-cell wpdt-bc-FFFFFF\"\n                                    data-cell-id=\"B2\"\n                data-col-index=\"1\"\n                data-row-index=\"1\"\n                style=\"                padding:10px;\"\n                >\n                                5 235                <\/td>\n                                        <\/tr>\n                            <tr class=\"wpdt-cell-row \" >\n                            <td class=\"wpdt-cell wpdt-bold wpdt-bc-F3F9FE\"\n                                    data-cell-id=\"A3\"\n                data-col-index=\"0\"\n                data-row-index=\"2\"\n                style=\"                padding:10px;\"\n                >\n                                Couple sans personne \u00e0 charge                <\/td>\n                                            <td class=\"wpdt-cell wpdt-bc-FFFFFF\"\n                                    data-cell-id=\"B3\"\n                data-col-index=\"1\"\n                data-row-index=\"2\"\n                style=\"                padding:10px;\"\n                >\n                                7 501                <\/td>\n                                        <\/tr>\n                            <tr class=\"wpdt-cell-row \" >\n                            <td class=\"wpdt-cell wpdt-bold wpdt-bc-F3F9FE\"\n                                    data-cell-id=\"A4\"\n                data-col-index=\"0\"\n                data-row-index=\"3\"\n                style=\"                padding:10px;\"\n                >\n                                Personne seule ou couple avec une personne \u00e0 charge                <\/td>\n                                            <td class=\"wpdt-cell wpdt-bc-FFFFFF\"\n                                    data-cell-id=\"B4\"\n                data-col-index=\"1\"\n                data-row-index=\"3\"\n                style=\"                padding:10px;\"\n                >\n                                8 947                <\/td>\n                                        <\/tr>\n                            <tr class=\"wpdt-cell-row \" >\n                            <td class=\"wpdt-cell wpdt-bold wpdt-bc-F3F9FE\"\n                                    data-cell-id=\"A5\"\n                data-col-index=\"0\"\n                data-row-index=\"4\"\n                style=\"                padding:10px;\"\n                >\n                                Personne seule ou couple ayant 2 personnes \u00e0 charge                <\/td>\n                                            <td class=\"wpdt-cell wpdt-bc-FFFFFF\"\n                                    data-cell-id=\"B5\"\n                data-col-index=\"1\"\n                data-row-index=\"4\"\n                style=\"                padding:10px;\"\n                >\n                                9 148                <\/td>\n                                        <\/tr>\n                            <tr class=\"wpdt-cell-row \" >\n                            <td class=\"wpdt-cell wpdt-bold wpdt-bc-F3F9FE\"\n                                    data-cell-id=\"A6\"\n                data-col-index=\"0\"\n                data-row-index=\"5\"\n                style=\"                padding:10px;\"\n                >\n                                Personne seule ou couple ayant 3 personnes \u00e0 charge                <\/td>\n                                            <td class=\"wpdt-cell wpdt-bc-FFFFFF\"\n                                    data-cell-id=\"B6\"\n                data-col-index=\"1\"\n                data-row-index=\"5\"\n                style=\"                padding:10px;\"\n                >\n                                9 498                <\/td>\n                                        <\/tr>\n                            <tr class=\"wpdt-cell-row \" >\n                            <td class=\"wpdt-cell wpdt-bold wpdt-bc-F3F9FE\"\n                                    data-cell-id=\"A7\"\n                data-col-index=\"0\"\n                data-row-index=\"6\"\n                style=\"                padding:10px;\"\n                >\n                                Personne seule ou couple ayant 4 personnes \u00e0 charge                <\/td>\n                                            <td class=\"wpdt-cell wpdt-bc-FFFFFF\"\n                                    data-cell-id=\"B7\"\n                data-col-index=\"1\"\n                data-row-index=\"6\"\n                style=\"                padding:10px;\"\n                >\n                                9 851                <\/td>\n                                        <\/tr>\n                            <tr class=\"wpdt-cell-row \" >\n                            <td class=\"wpdt-cell wpdt-bold wpdt-bc-F3F9FE\"\n                                    data-cell-id=\"A8\"\n                data-col-index=\"0\"\n                data-row-index=\"7\"\n                style=\"                padding:10px;\"\n                >\n                                Personne seule ou couple ayant 5 personnes \u00e0 charge                <\/td>\n                                            <td class=\"wpdt-cell wpdt-bc-FFFFFF\"\n                                    data-cell-id=\"B8\"\n                data-col-index=\"1\"\n                data-row-index=\"7\"\n                style=\"                padding:10px;\"\n                >\n                                10 202                <\/td>\n                                        <\/tr>\n                            <tr class=\"wpdt-cell-row \" >\n                            <td class=\"wpdt-cell wpdt-bold wpdt-bc-F3F9FE\"\n                                    data-cell-id=\"A9\"\n                data-col-index=\"0\"\n                data-row-index=\"8\"\n                style=\"                padding:10px;\"\n                >\n                                Personne seule ou couple ayant 6 personnes \u00e0 charge                <\/td>\n                                            <td class=\"wpdt-cell wpdt-bc-FFFFFF\"\n                                    data-cell-id=\"B9\"\n                data-col-index=\"1\"\n                data-row-index=\"8\"\n                style=\"                padding:10px;\"\n                >\n                                10 554                <\/td>\n                                        <\/tr>\n                            <tr class=\"wpdt-cell-row \" >\n                            <td class=\"wpdt-cell wpdt-bold wpdt-bc-F3F9FE\"\n                                    data-cell-id=\"A10\"\n                data-col-index=\"0\"\n                data-row-index=\"9\"\n                style=\"                padding:10px;\"\n                >\n                                Par personne \u00e0 charge suppl\u00e9mentaire                <\/td>\n                                            <td class=\"wpdt-cell wpdt-bc-FFFFFF\"\n                                    data-cell-id=\"B10\"\n                data-col-index=\"1\"\n                data-row-index=\"9\"\n                style=\"                padding:10px;\"\n                >\n                                + 346                <\/td>\n                                        <\/tr>\n                    <\/table>\n<\/div><style id='wpdt-custom-style-145'>\ntable#wpdtSimpleTable-145{ table-layout: fixed !important; }\n.wpdt-bc-F3F9FE { background-color: #F3F9FE !important;}\n.wpdt-bc-FFFFFF { background-color: #FFFFFF !important;}\n<\/style>\n\n<p style=\"text-align: justify;\">Au moment de votre demande, vous avez la possibilit\u00e9 d\u2019indiquer si vous logez dans une r\u00e9sidence universitaire ou une cit\u00e9 universitaire. Le nom de l\u2019organisme gestionnaire devra \u00eatre renseign\u00e9 durant la d\u00e9marche.<\/p>\n<p style=\"text-align: justify;\">Les \u00e9tudiants \u00e9trangers sont \u00e9galement \u00e9ligibles \u00e0 l&rsquo;APL. Pour cela, en plus des pi\u00e8ces justificatives \u00e0 fournir, ce dernier devra justifier d&rsquo;un titre de s\u00e9jour valide pour toute la dur\u00e9e de son ann\u00e9e universitaire.<\/p>\n<p>Attention : Si vos parents sont soumis \u00e0 l\u2019imp\u00f4t sur la fortune immobili\u00e8re (IFI), vous n\u2019\u00eates pas \u00e9ligible \u00e0 l\u2019APL.<\/p>\n<div class='cta-block'><div class='text'>Simulez toutes vos aides en 2 min. Gratuit.<\/div><a href='https:\/\/www.mes-allocs.fr\/ab-app?origin=guides\/wp-json\/wp\/v2\/posts\/15496' class='app-button fit'>Simulation gratuite<\/a><\/div>\n<h1>Conditions li\u00e9es \u00e0 votre logement<\/h1>\n<ul>\n<li>L\u2019APL concerne un logement conventionn\u00e9 (convention APL). Si le logement n\u2019est pas conventionn\u00e9, vous pouvez toutefois relever d\u2019une autre aide au logement (ALS ou ALF) selon votre situation<\/li>\n<li>Le logement doit \u00eatre votre r\u00e9sidence principale<\/li>\n<li>Le logement doit avoir une surface minimum de 9m2 habitable<\/li>\n<\/ul>\n<p><strong>\u00c0 noter : il n&rsquo;existe pas de restriction concernant le type d&rsquo;habitation, vous pouvez \u00eatre en colocation, dans une r\u00e9sidence \u00e9tudiante, location priv\u00e9e, etc.<\/strong><\/p>\n<h1>Comment demander l&rsquo;APL ?<\/h1>\n<p style=\"text-align: justify;\">Ce n&rsquo;est pas parce que vous entrez \u00e0 l&rsquo;universit\u00e9 ou en classe pr\u00e9paratoire que cela vous ouvre droit directement \u00e0 l&rsquo;APL. Pour b\u00e9n\u00e9ficier d&rsquo; une aide au logement \u00e9tudiant (APL) vous devez d&rsquo;abord avoir emm\u00e9nag\u00e9 dans votre nouveau logement. Ensuite vous pourrez faire votre demande d&rsquo; APL sur le site de la CAF.<\/p>\n<p>En effet, l\u2019\u00e9tudiant doit avoir sign\u00e9 son contrat de bail afin d\u2019avoir les \u00e9l\u00e9ments n\u00e9cessaires \u00e0 son dossier, et en particulier\u2026 le bail de location : celui-ci doit \u00eatre \u00e0 port\u00e9e de main pour remplir sa demande d\u2019aide au logement, en ligne ou sur papier.<\/p>\n<p><strong>Lors de votre demande vous devrez communiquer :\u00a0<\/strong><\/p>\n<ul>\n<li>Votre adresse mail<\/li>\n<li>Un RIB \u00e0 votre nom<\/li>\n<li>Vos justificatifs de revenus<\/li>\n<li>Le num\u00e9ro d\u2019allocataire de vos parents ainsi que les coordonn\u00e9es de la CAF dont ils d\u00e9pendent<\/li>\n<li>Votre contrat de location avec le montant du loyer (sans charges)<\/li>\n<li>Les coordonn\u00e9es du bailleur<\/li>\n<\/ul>\n<p style=\"text-align: justify;\">Percevoir l\u2019APL repr\u00e9sente de nombreux avantages pour un \u00e9tudiant, cumulable avec une bourse (par exemple bourse du Crous) elle n\u2019est en revanche pas cumulable avec l\u2019allocation de logement familiale (ALF).<a href=\"https:\/\/www.mes-allocs.fr\/guides\/wp-content\/uploads\/2020\/11\/pexels-artem-podrez-4492129.jpg\"><img loading=\"lazy\" decoding=\"async\" class=\"alignright wp-image-15522 size-medium\" src=\"https:\/\/www.mes-allocs.fr\/guides\/wp-content\/uploads\/2020\/11\/pexels-artem-podrez-4492129-300x169.jpg\" alt=\"Choisir entre APL \u00e9tudiant et allocations familiales\" width=\"300\" height=\"169\" srcset=\"https:\/\/www.mes-allocs.fr\/guides\/wp-content\/uploads\/2020\/11\/pexels-artem-podrez-4492129-300x169.jpg 300w, https:\/\/www.mes-allocs.fr\/guides\/wp-content\/uploads\/2020\/11\/pexels-artem-podrez-4492129-1024x576.jpg 1024w, https:\/\/www.mes-allocs.fr\/guides\/wp-content\/uploads\/2020\/11\/pexels-artem-podrez-4492129-768x432.jpg 768w, https:\/\/www.mes-allocs.fr\/guides\/wp-content\/uploads\/2020\/11\/pexels-artem-podrez-4492129-600x338.jpg 600w, https:\/\/www.mes-allocs.fr\/guides\/wp-content\/uploads\/2020\/11\/pexels-artem-podrez-4492129.jpg 1280w\" sizes=\"auto, (max-width: 300px) 100vw, 300px\" \/><\/a><\/p>\n<p style=\"text-align: justify;\"><em>Attention : vous ne pouvez pas percevoir l\u2019aide au logement \u00e9tudiant si vous \u00eates inscrit comme un enfant \u00e0 charge sur le dossier allocataire de vos parents. Si vous faites une demande d\u2019APL cela entraine automatiquement la cr\u00e9ation d\u2019un compte sur les services en ligne CAF en votre propre nom.\u00a0<\/em><\/p>\n<p>&nbsp;<\/p>\n<div class='cta-block'><div class='text'>Simulez toutes vos aides en 2 min. Gratuit.<\/div><a href='https:\/\/www.mes-allocs.fr\/ab-app?origin=guides\/wp-json\/wp\/v2\/posts\/15496' class='app-button fit'>Simulation gratuite<\/a><\/div>\n","protected":false},"excerpt":{"rendered":"<p>[Mis \u00e0 jour le 09\/01\/2026] L&rsquo;aide personnalis\u00e9e au logement (APL) est une aide au logement dont peuvent b\u00e9n\u00e9ficier les \u00e9tudiants. Cette prestation vous aide \u00e0 payer les mensualit\u00e9s de votre loyer. Dans cet article Mes Allocs vous explique tout sur l&rsquo;APL et les allocations familiales et quel choix adopter. Que choisir : APL \u00e9tudiant ou [&hellip;]<\/p>\n","protected":false},"author":10,"featured_media":15518,"comment_status":"open","ping_status":"open","sticky":false,"template":"","format":"standard","meta":{"amp_status":"","footnotes":""},"categories":[1,4,1727],"tags":[],"class_list":["post-15496","post","type-post","status-publish","format-standard","has-post-thumbnail","hentry","category-aide-logement","category-apl","category-apl-etudiant"],"yoast_head":"<!-- This site is optimized with the Yoast SEO plugin v14.9 - https:\/\/yoast.com\/wordpress\/plugins\/seo\/ -->\n<title>Choisir entre APL \u00e9tudiant et allocations familiales | Mes-Allocs.fr<\/title>\n<meta name=\"description\" content=\"L&#039;APL est accessible aux \u00e9tudiants. Mais que choisir entre APL et allocations familiales ? Mes Allocs vous explique tout en d\u00e9tail ici !\" \/>\n<meta name=\"robots\" content=\"index, follow, max-snippet:-1, max-image-preview:large, max-video-preview:-1\" \/>\n<link rel=\"canonical\" href=\"https:\/\/www.mes-allocs.fr\/guides\/aide-logement\/apl\/apl-etudiant\/apl-etudiant-et-allocations-familiales\/\" \/>\n<meta property=\"og:locale\" content=\"fr_FR\" \/>\n<meta property=\"og:type\" content=\"article\" \/>\n<meta property=\"og:title\" content=\"Choisir entre APL \u00e9tudiant et allocations familiales | Mes-Allocs.fr\" \/>\n<meta property=\"og:description\" content=\"L&#039;APL est accessible aux \u00e9tudiants. Mais que choisir entre APL et allocations familiales ? Mes Allocs vous explique tout en d\u00e9tail ici !\" \/>\n<meta property=\"og:url\" content=\"https:\/\/www.mes-allocs.fr\/guides\/aide-logement\/apl\/apl-etudiant\/apl-etudiant-et-allocations-familiales\/\" \/>\n<meta property=\"og:site_name\" content=\"Mes-Allocs.fr\" \/>\n<meta property=\"article:published_time\" content=\"2020-11-25T09:58:43+00:00\" \/>\n<meta property=\"article:modified_time\" content=\"2026-01-09T18:09:03+00:00\" \/>\n<meta property=\"og:image\" content=\"https:\/\/www.mes-allocs.fr\/guides\/wp-content\/uploads\/2020\/11\/pexels-freestocksorg-287335-e1685971495331.jpg?wsr\" \/>\n\t<meta property=\"og:image:width\" content=\"1280\" \/>\n\t<meta property=\"og:image:height\" content=\"352\" \/>\n<meta name=\"twitter:card\" content=\"summary_large_image\" \/>\n<script type=\"application\/ld+json\" class=\"yoast-schema-graph\">{\"@context\":\"https:\/\/schema.org\",\"@graph\":[{\"@type\":\"WebSite\",\"@id\":\"https:\/\/www.mes-allocs.fr\/guides\/#website\",\"url\":\"https:\/\/www.mes-allocs.fr\/guides\/\",\"name\":\"Mes-Allocs.fr\",\"description\":\"\",\"potentialAction\":[{\"@type\":\"SearchAction\",\"target\":\"https:\/\/www.mes-allocs.fr\/guides\/?s={search_term_string}\",\"query-input\":\"required name=search_term_string\"}],\"inLanguage\":\"fr-FR\"},{\"@type\":\"ImageObject\",\"@id\":\"https:\/\/www.mes-allocs.fr\/guides\/aide-logement\/apl\/apl-etudiant\/apl-etudiant-et-allocations-familiales\/#primaryimage\",\"inLanguage\":\"fr-FR\",\"url\":\"https:\/\/www.mes-allocs.fr\/guides\/wp-content\/uploads\/2020\/11\/pexels-freestocksorg-287335-e1685971495331.jpg?wsr\",\"width\":1280,\"height\":352,\"caption\":\"pexels freestocksorg 287335 e1605807896315\"},{\"@type\":\"WebPage\",\"@id\":\"https:\/\/www.mes-allocs.fr\/guides\/aide-logement\/apl\/apl-etudiant\/apl-etudiant-et-allocations-familiales\/#webpage\",\"url\":\"https:\/\/www.mes-allocs.fr\/guides\/aide-logement\/apl\/apl-etudiant\/apl-etudiant-et-allocations-familiales\/\",\"name\":\"Choisir entre APL \\u00e9tudiant et allocations familiales | Mes-Allocs.fr\",\"isPartOf\":{\"@id\":\"https:\/\/www.mes-allocs.fr\/guides\/#website\"},\"primaryImageOfPage\":{\"@id\":\"https:\/\/www.mes-allocs.fr\/guides\/aide-logement\/apl\/apl-etudiant\/apl-etudiant-et-allocations-familiales\/#primaryimage\"},\"datePublished\":\"2020-11-25T09:58:43+00:00\",\"dateModified\":\"2026-01-09T18:09:03+00:00\",\"author\":{\"@id\":\"https:\/\/www.mes-allocs.fr\/guides\/#\/schema\/person\/8d47b912c0ad15f379df96b4e4e33f58\"},\"description\":\"L'APL est accessible aux \\u00e9tudiants. Mais que choisir entre APL et allocations familiales ? Mes Allocs vous explique tout en d\\u00e9tail ici !\",\"inLanguage\":\"fr-FR\"},{\"@type\":\"Person\",\"@id\":\"https:\/\/www.mes-allocs.fr\/guides\/#\/schema\/person\/8d47b912c0ad15f379df96b4e4e33f58\",\"name\":\"Constance de Cagny\",\"image\":{\"@type\":\"ImageObject\",\"@id\":\"https:\/\/www.mes-allocs.fr\/guides\/#personlogo\",\"inLanguage\":\"fr-FR\",\"url\":\"https:\/\/www.mes-allocs.fr\/guides\/wp-content\/uploads\/2021\/06\/Constance.2e8ee0b.png\",\"caption\":\"Constance de Cagny\"},\"description\":\"Constance est r\\u00e9dactrice au sein de l'\\u00e9quipe Mes Allocs. Elle a l'habitude d'\\u00e9crire sur les sujets conso, bons plans et \\u00e9conomies. Dipl\\u00f4m\\u00e9e de l'ENACO, elle rejoint Mes Allocs apr\\u00e8s une premi\\u00e8re exp\\u00e9rience en cabinet notarial.\",\"sameAs\":[\"https:\/\/www.linkedin.com\/in\/constance-de-cagny-mayeur-bbb414135\"]}]}<\/script>\n<!-- \/ Yoast SEO plugin. -->","amp_validity":null,"acf":{"faq":{"1":{"question":"\ud83e\udd14  Qui a droit \u00e0 l'APL \u00e9tudiant ?","answer":"Pour b\u00e9n\u00e9ficier de l'APL vous devez respecter les conditions suivantes : \r\n\u00catre fran\u00e7ais ou \u00e9tranger en situation r\u00e9guli\u00e8re. \u00catre locataire ou colocataire. Le propri\u00e9taire du logement ne doit pas \u00eatre le p\u00e8re, la m\u00e8re, l'un des grands-parents, le conjoint, le concubin, le partenaire pacs\u00e9 ou l'enfant de l'\u00e9tudiant."},"2":{"question":"\ud83e\udd37\u200d\u2640\ufe0f  Comment calculer APL pour 2026 ?","answer":"APL = loyer + charges \u2013 participation personnelle \u2013 5 euros. Dans cette formule, le montant des charges est calcul\u00e9 forfaitairement et varie selon la composition du m\u00e9nage."},"3":{"question":"\ud83e\udd1d Comment faire une demande d'APL \u00e9tudiant ?","answer":"Vous devez faire votre demande au moment de votre emm\u00e9nagement dans votre nouveau logement. En effet, vous devez avoir sign\u00e9 votre bail de location et en fournir une copie pour votre demande d'APL"},"4":{"question":"\ud83e\udd14   Quel revenu pour b\u00e9n\u00e9ficier de l'APL ?","answer":"Si vous vivez en Ile de France (zone 1) et que votre loyer est inf\u00e9rieur \u00e0 995,69 euros, vous pouvez b\u00e9n\u00e9ficier du montant APL maximum. Au-del\u00e0 de ce montant, votre APL sera d\u00e9gressive. "},"5":{"question":"\ud83e\udd37\u200d\u2640\ufe0f Quel est le montant minimum de l'APL ? ","answer":"Il n'existe pas de montant minimum de l'APL (Aide Personnalis\u00e9e au Logement)."},"6":{"question":"\ud83e\udd1d Un propri\u00e9taire peut-il b\u00e9n\u00e9ficier de l'APL ? ","answer":"Oui tout \u00e0 fait, dans ce cas il s'agit de l'APL accession."},"7":{"question":"","answer":""},"8":{"question":"","answer":""},"9":{"question":"","answer":""},"10":{"question":"","answer":""},"11":{"question":"","answer":""},"12":{"question":"","answer":""},"13":{"question":"","answer":""},"14":{"question":"","answer":""},"15":{"question":"","answer":""},"16":{"question":"","answer":""}}},"_links":{"self":[{"href":"https:\/\/www.mes-allocs.fr\/guides\/wp-json\/wp\/v2\/posts\/15496","targetHints":{"allow":["GET"]}}],"collection":[{"href":"https:\/\/www.mes-allocs.fr\/guides\/wp-json\/wp\/v2\/posts"}],"about":[{"href":"https:\/\/www.mes-allocs.fr\/guides\/wp-json\/wp\/v2\/types\/post"}],"author":[{"embeddable":true,"href":"https:\/\/www.mes-allocs.fr\/guides\/wp-json\/wp\/v2\/users\/10"}],"replies":[{"embeddable":true,"href":"https:\/\/www.mes-allocs.fr\/guides\/wp-json\/wp\/v2\/comments?post=15496"}],"version-history":[{"count":16,"href":"https:\/\/www.mes-allocs.fr\/guides\/wp-json\/wp\/v2\/posts\/15496\/revisions"}],"predecessor-version":[{"id":107368,"href":"https:\/\/www.mes-allocs.fr\/guides\/wp-json\/wp\/v2\/posts\/15496\/revisions\/107368"}],"wp:featuredmedia":[{"embeddable":true,"href":"https:\/\/www.mes-allocs.fr\/guides\/wp-json\/wp\/v2\/media\/15518"}],"wp:attachment":[{"href":"https:\/\/www.mes-allocs.fr\/guides\/wp-json\/wp\/v2\/media?parent=15496"}],"wp:term":[{"taxonomy":"category","embeddable":true,"href":"https:\/\/www.mes-allocs.fr\/guides\/wp-json\/wp\/v2\/categories?post=15496"},{"taxonomy":"post_tag","embeddable":true,"href":"https:\/\/www.mes-allocs.fr\/guides\/wp-json\/wp\/v2\/tags?post=15496"}],"curies":[{"name":"wp","href":"https:\/\/api.w.org\/{rel}","templated":true}]}}