{"id":15363,"date":"2020-11-23T09:25:26","date_gmt":"2020-11-23T09:25:26","guid":{"rendered":"https:\/\/www.mes-allocs.fr\/guides\/?p=15363"},"modified":"2026-01-27T17:21:55","modified_gmt":"2026-01-27T16:21:55","slug":"visale-crous","status":"publish","type":"post","link":"https:\/\/www.mes-allocs.fr\/guides\/aide-logement\/garantie-visale\/visale-crous\/","title":{"rendered":"Tout savoir sur la garantie Visale Crous en 2026"},"content":{"rendered":"<p><a href=\"https:\/\/www.mes-allocs.fr\/guides\/wp-content\/uploads\/2020\/11\/pexels-andrea-piacquadio-3807755.jpg\"><img loading=\"lazy\" decoding=\"async\" class=\"aligncenter wp-image-15406 size-full\" src=\"https:\/\/www.mes-allocs.fr\/guides\/wp-content\/uploads\/2020\/11\/pexels-andrea-piacquadio-3807755-e1605712761625.jpg\" alt=\"Tout savoir sur la garantie Visale Crous\" width=\"1280\" height=\"544\" \/><\/a><\/p>\n<p style=\"text-align: justify;\">[Mis \u00e0 jour le 27\/01\/2026] La <a href=\"https:\/\/www.mes-allocs.fr\/guides\/aide-logement\/garantie-visale\/garantie-visale\/\">garantie Visale<\/a> est attribu\u00e9e par Action Logement qui prend en charge les loyers et les charges impay\u00e9s en cas de difficult\u00e9s financi\u00e8res. Les \u00e9tudiants sont les principaux b\u00e9n\u00e9ficiaires de cette aide au logement. Mes Allocs vous explique tout sur la <strong>garantie Visale CROUS<\/strong> pour les \u00e9tudiants b\u00e9n\u00e9ficiant d&rsquo;aides.<\/p>\n<div class='cta-block'><div class='text'>Simulez toutes vos aides en 2 min.<\/div><a href='https:\/\/www.mes-allocs.fr\/ab-app?origin=guides\/wp-json\/wp\/v2\/posts\/15363' class='app-button fit'>Simulation gratuite<\/a><\/div>\n<h1>La garantie Visale pour les \u00e9tudiants<\/h1>\n<p style=\"text-align: justify;\">La garantie Visale est un dispositif dont vous pouvez b\u00e9n\u00e9ficier que vous soyez <a href=\"https:\/\/www.mes-allocs.fr\/guides\/bourse-etudiant\/\">\u00e9tudiant<\/a> boursier ou non boursier ! Si vos parents ou l&rsquo;un de vos proches ne peuvent pas vous aider pour se porter caution pour nouveau logement. Action logement propose une caution enti\u00e8rement gratuite pour tous les \u00e9tudiants et cela sans justificatif de ressources.<\/p>\n<p>En revanche, Visale ne vous dispense pas de vous acquittez de vos redevances, il intervient uniquement en cas de difficult\u00e9s financi\u00e8res.<\/p>\n<p style=\"text-align: justify;\">En tant qu&rsquo;\u00e9tudiant dans l&rsquo; enseignement sup\u00e9rieur, et si vous avez moins de 30 ans, vous pouvez b\u00e9n\u00e9ficier de la garantie Visale. Si vous vivez en \u00cele-de-France, vous ne devez pas d\u00e9passer 1 000 euros de loyer par mois. Si vous \u00eates situ\u00e9 dans une agglom\u00e9ration de plus de 100 000 habitants, votre loyer ne doit pas d\u00e9passer 840 \u20ac. Si vous vivez dans une autre commune, vous ne devez pas payer plus de 680 \u20ac de loyer par mois pour obtenir la garantie Visale en tant qu&rsquo;\u00e9tudiant.<\/p>\n<div class='cta-block'><div class='text'>Simulez toutes vos aides en 2 min.<\/div><a href='https:\/\/www.mes-allocs.fr\/ab-app?origin=guides\/wp-json\/wp\/v2\/posts\/15363' class='app-button fit'>Simulation gratuite<\/a><\/div>\n<h1>Qu&rsquo;est-ce que la garantie Visale ?<\/h1>\n<p style=\"text-align: justify;\">Visale est une garantie en cas d&rsquo; impay\u00e9s de loyers et charges comprises. Si vous \u00eates \u00e9ligible, votre visa certifi\u00e9 sera disponible sous deux jours dans votre espace personnel.\u00a0 Cette garantie intervient lorsque vous n&rsquo;\u00eates plus en mesure de payer vos charges. Le tout sera pris en charge par Action Logement, le remboursement s&rsquo;effectuera dans votre espace personnel s\u00e9curis\u00e9 sur www.visale.fr<\/p>\n<p style=\"text-align: justify;\">En fonction de votre situation, le bailleur peut vous demander un d\u00e9p\u00f4t de garantie en plus de la garantie Visale. Pour vous aider et obtenir une avance sur le d\u00e9p\u00f4t de garantie vous pouvez faire une demande d&rsquo;avance Loca-Pass.<\/p>\n<p><iframe loading=\"lazy\" src=\"\/\/www.youtube.com\/embed\/B1BZZnKIoGo?si=aD-8kXCros7BPxuh\" width=\"560\" height=\"314\" allowfullscreen=\"allowfullscreen\"><\/iframe><\/p>\n<p style=\"text-align: justify;\"><div class='cta-block'><div class='text'>Simulez toutes vos aides en 2 min.<\/div><a href='https:\/\/www.mes-allocs.fr\/ab-app?origin=guides\/wp-json\/wp\/v2\/posts\/15363' class='app-button fit'>Simulation gratuite<\/a><\/div><\/p>\n<h1>Quelles sont les conditions d&rsquo;attribution ?<\/h1>\n<ul>\n<li>Avoir moins de 30 ans, quelle que soit sa situation professionnelle<\/li>\n<li>Avoir plus de 30 ans et \u00eatre salari\u00e9 d\u2019une entreprise du secteur priv\u00e9 ou du secteur agricole. Ou justifier d&rsquo;une promesse d&#8217;embauche<\/li>\n<li>Au plus tard dans les\u00a06 mois\u202fapr\u00e8s sa\u00a0prise de fonction\u202f(notamment CDD, Int\u00e9rim, contrats aid\u00e9s, CDI confirm\u00e9, p\u00e9riode d\u2019essai),<\/li>\n<li>Jusqu\u2019\u00e0 6 mois apr\u00e8s\u00a0sa\u00a0mutation\u202f\u00a0professionnelle\u00a0(changement de lieu de travail\u00a0dans la m\u00eame entreprise ou le m\u00eame groupe).<\/li>\n<li>\u00catre \u00e9tudiant ou alternant<\/li>\n<li>Faire l\u2019objet d\u2019une signature d\u2019un bail mobilit\u00e9.\u00a0Le bail mobilit\u00e9\u00a0est un nouveau contrat de location allant de 1 \u00e0 10 mois,\u00a0sign\u00e9 entre le propri\u00e9taire d&rsquo;un logement meubl\u00e9 et certains locataires<\/li>\n<\/ul>\n<h2>Conditions li\u00e9es au logement<\/h2>\n<p>Tous les types de logements ne sont pas \u00e9ligibles \u00e0 la garantie Visale. Que ce soit une r\u00e9sidence universitaire ou autre, le logement doit :<\/p>\n<ul>\n<li>\u00catre votre r\u00e9sidence principale et le bail ne doit pas \u00eatre encore sign\u00e9 au moment de la demande<\/li>\n<li>\u00catre situ\u00e9 en France<\/li>\n<li>Faire l\u2019objet de la\u00a0signature d\u2019un bail nu ou meubl\u00e9\u00a0conforme \u00e0 la loi n\u00b0 89 462 du 6 juillet 1989.<\/li>\n<\/ul>\n<div class='cta-block'><div class='text'>Simulez toutes vos aides en 2 min.<\/div><a href='https:\/\/www.mes-allocs.fr\/ab-app?origin=guides\/wp-json\/wp\/v2\/posts\/15363' class='app-button fit'>Simulation gratuite<\/a><\/div>\n","protected":false},"excerpt":{"rendered":"<p>[Mis \u00e0 jour le 27\/01\/2026] La garantie Visale est attribu\u00e9e par Action Logement qui prend en charge les loyers et les charges impay\u00e9s en cas de difficult\u00e9s financi\u00e8res. Les \u00e9tudiants sont les principaux b\u00e9n\u00e9ficiaires de cette aide au logement. Mes Allocs vous explique tout sur la garantie Visale CROUS pour les \u00e9tudiants b\u00e9n\u00e9ficiant d&rsquo;aides. La [&hellip;]<\/p>\n","protected":false},"author":10,"featured_media":15406,"comment_status":"open","ping_status":"open","sticky":false,"template":"","format":"standard","meta":{"amp_status":"","footnotes":""},"categories":[1,2833],"tags":[],"class_list":["post-15363","post","type-post","status-publish","format-standard","has-post-thumbnail","hentry","category-aide-logement","category-garantie-visale"],"yoast_head":"<!-- This site is optimized with the Yoast SEO plugin v14.9 - https:\/\/yoast.com\/wordpress\/plugins\/seo\/ -->\n<title>Tout savoir sur la garantie Visale Crous en 2026 | Mes-Allocs.fr<\/title>\n<meta name=\"description\" content=\"La garantie Visale est attribu\u00e9e par Action Logement. En tant qu&#039;\u00e9tudiant, vous pouvez en b\u00e9n\u00e9ficier. Mes Allocs vous explique tout ici !\" \/>\n<meta name=\"robots\" content=\"index, follow, max-snippet:-1, max-image-preview:large, max-video-preview:-1\" \/>\n<link rel=\"canonical\" href=\"https:\/\/www.mes-allocs.fr\/guides\/aide-logement\/garantie-visale\/visale-crous\/\" \/>\n<meta property=\"og:locale\" content=\"fr_FR\" \/>\n<meta property=\"og:type\" content=\"article\" \/>\n<meta property=\"og:title\" content=\"Tout savoir sur la garantie Visale Crous en 2026 | Mes-Allocs.fr\" \/>\n<meta property=\"og:description\" content=\"La garantie Visale est attribu\u00e9e par Action Logement. En tant qu&#039;\u00e9tudiant, vous pouvez en b\u00e9n\u00e9ficier. Mes Allocs vous explique tout ici !\" \/>\n<meta property=\"og:url\" content=\"https:\/\/www.mes-allocs.fr\/guides\/aide-logement\/garantie-visale\/visale-crous\/\" \/>\n<meta property=\"og:site_name\" content=\"Mes-Allocs.fr\" \/>\n<meta property=\"article:published_time\" content=\"2020-11-23T09:25:26+00:00\" \/>\n<meta property=\"article:modified_time\" content=\"2026-01-27T16:21:55+00:00\" \/>\n<meta property=\"og:image\" content=\"https:\/\/www.mes-allocs.fr\/guides\/wp-content\/uploads\/2020\/11\/pexels-andrea-piacquadio-3807755.jpg?wsr\" \/>\n\t<meta property=\"og:image:width\" content=\"1280\" \/>\n\t<meta property=\"og:image:height\" content=\"853\" \/>\n<meta name=\"twitter:card\" content=\"summary_large_image\" \/>\n<script type=\"application\/ld+json\" class=\"yoast-schema-graph\">{\"@context\":\"https:\/\/schema.org\",\"@graph\":[{\"@type\":\"WebSite\",\"@id\":\"https:\/\/www.mes-allocs.fr\/guides\/#website\",\"url\":\"https:\/\/www.mes-allocs.fr\/guides\/\",\"name\":\"Mes-Allocs.fr\",\"description\":\"\",\"potentialAction\":[{\"@type\":\"SearchAction\",\"target\":\"https:\/\/www.mes-allocs.fr\/guides\/?s={search_term_string}\",\"query-input\":\"required name=search_term_string\"}],\"inLanguage\":\"fr-FR\"},{\"@type\":\"ImageObject\",\"@id\":\"https:\/\/www.mes-allocs.fr\/guides\/aide-logement\/garantie-visale\/visale-crous\/#primaryimage\",\"inLanguage\":\"fr-FR\",\"url\":\"https:\/\/www.mes-allocs.fr\/guides\/wp-content\/uploads\/2020\/11\/pexels-andrea-piacquadio-3807755.jpg?wsr\",\"width\":1280,\"height\":853,\"caption\":\"pexels andrea piacquadio 3807755 e1605712761625\"},{\"@type\":\"WebPage\",\"@id\":\"https:\/\/www.mes-allocs.fr\/guides\/aide-logement\/garantie-visale\/visale-crous\/#webpage\",\"url\":\"https:\/\/www.mes-allocs.fr\/guides\/aide-logement\/garantie-visale\/visale-crous\/\",\"name\":\"Tout savoir sur la garantie Visale Crous en 2026 | Mes-Allocs.fr\",\"isPartOf\":{\"@id\":\"https:\/\/www.mes-allocs.fr\/guides\/#website\"},\"primaryImageOfPage\":{\"@id\":\"https:\/\/www.mes-allocs.fr\/guides\/aide-logement\/garantie-visale\/visale-crous\/#primaryimage\"},\"datePublished\":\"2020-11-23T09:25:26+00:00\",\"dateModified\":\"2026-01-27T16:21:55+00:00\",\"author\":{\"@id\":\"https:\/\/www.mes-allocs.fr\/guides\/#\/schema\/person\/8d47b912c0ad15f379df96b4e4e33f58\"},\"description\":\"La garantie Visale est attribu\\u00e9e par Action Logement. En tant qu'\\u00e9tudiant, vous pouvez en b\\u00e9n\\u00e9ficier. Mes Allocs vous explique tout ici !\",\"inLanguage\":\"fr-FR\"},{\"@type\":\"Person\",\"@id\":\"https:\/\/www.mes-allocs.fr\/guides\/#\/schema\/person\/8d47b912c0ad15f379df96b4e4e33f58\",\"name\":\"Constance de Cagny\",\"image\":{\"@type\":\"ImageObject\",\"@id\":\"https:\/\/www.mes-allocs.fr\/guides\/#personlogo\",\"inLanguage\":\"fr-FR\",\"url\":\"https:\/\/www.mes-allocs.fr\/guides\/wp-content\/uploads\/2021\/06\/Constance.2e8ee0b.png\",\"caption\":\"Constance de Cagny\"},\"description\":\"Constance est r\\u00e9dactrice au sein de l'\\u00e9quipe Mes Allocs. Elle a l'habitude d'\\u00e9crire sur les sujets conso, bons plans et \\u00e9conomies. Dipl\\u00f4m\\u00e9e de l'ENACO, elle rejoint Mes Allocs apr\\u00e8s une premi\\u00e8re exp\\u00e9rience en cabinet notarial.\",\"sameAs\":[\"https:\/\/www.linkedin.com\/in\/constance-de-cagny-mayeur-bbb414135\"]}]}<\/script>\n<!-- \/ Yoast SEO plugin. -->","amp_validity":null,"acf":{"faq":{"1":{"question":"Qu'est-ce que la garantie Visale ?","answer":"Attribu\u00e9e par Action Logement, Visale couvre les loyers impay\u00e9s ainsi que les \u00e9ventuelles d\u00e9gradations de votre r\u00e9sidence principale."},"2":{"question":"Quand demander la garantie Visale ?","answer":"La demande doit intervenir avant la signature du bail et l'entr\u00e9e dans le logement."},"3":{"question":"Comment fonctionne Visale ?","answer":"Le dispositif Visale est un engagement gratuit pour le locataire et le bailleur. Il permet de couvrir les loyers impay\u00e9s (charges comprises) du locataire pour une dur\u00e9e de 36 mois, quelle qu'en soit la cause et dans la limite du d\u00e9part du locataire."},"4":{"question":"Qui peut b\u00e9n\u00e9ficier de l'aide Loca-pass ?","answer":"L'avance Loca Pass est accord\u00e9e aux jeunes de moins de 30 ans mais aussi aux salari\u00e9s et pr\u00e9-retrait\u00e9s du secteur priv\u00e9. "},"5":{"question":"Comment faire une demande de Loca-pass ?","answer":"Pour faire votre demande Loca-Pass, vous devez vous adresser aupr\u00e8s d Action Logement."},"6":{"question":"Quel document \u00e0 communiquer pour Loca-pass ?","answer":"Pour faire votre demande, vous devrez communiquer les informations suivantes :\r\nune copie de votre livret de famille (si vous avez des enfants) ou de votre carte d'identit\u00e9, une copie de votre avis d'imposition de l'ann\u00e9e N-2, une copie de votre contrat de travail ou de votre inscription \u00e0 l'ANPE, une copie de votre dernier bulletin de salaire."},"7":{"question":"","answer":""},"8":{"question":"","answer":""},"9":{"question":"","answer":""},"10":{"question":"","answer":""},"11":{"question":"","answer":""},"12":{"question":"","answer":""},"13":{"question":"","answer":""},"14":{"question":"","answer":""},"15":{"question":"","answer":""},"16":{"question":"","answer":""}}},"_links":{"self":[{"href":"https:\/\/www.mes-allocs.fr\/guides\/wp-json\/wp\/v2\/posts\/15363","targetHints":{"allow":["GET"]}}],"collection":[{"href":"https:\/\/www.mes-allocs.fr\/guides\/wp-json\/wp\/v2\/posts"}],"about":[{"href":"https:\/\/www.mes-allocs.fr\/guides\/wp-json\/wp\/v2\/types\/post"}],"author":[{"embeddable":true,"href":"https:\/\/www.mes-allocs.fr\/guides\/wp-json\/wp\/v2\/users\/10"}],"replies":[{"embeddable":true,"href":"https:\/\/www.mes-allocs.fr\/guides\/wp-json\/wp\/v2\/comments?post=15363"}],"version-history":[{"count":18,"href":"https:\/\/www.mes-allocs.fr\/guides\/wp-json\/wp\/v2\/posts\/15363\/revisions"}],"predecessor-version":[{"id":108432,"href":"https:\/\/www.mes-allocs.fr\/guides\/wp-json\/wp\/v2\/posts\/15363\/revisions\/108432"}],"wp:featuredmedia":[{"embeddable":true,"href":"https:\/\/www.mes-allocs.fr\/guides\/wp-json\/wp\/v2\/media\/15406"}],"wp:attachment":[{"href":"https:\/\/www.mes-allocs.fr\/guides\/wp-json\/wp\/v2\/media?parent=15363"}],"wp:term":[{"taxonomy":"category","embeddable":true,"href":"https:\/\/www.mes-allocs.fr\/guides\/wp-json\/wp\/v2\/categories?post=15363"},{"taxonomy":"post_tag","embeddable":true,"href":"https:\/\/www.mes-allocs.fr\/guides\/wp-json\/wp\/v2\/tags?post=15363"}],"curies":[{"name":"wp","href":"https:\/\/api.w.org\/{rel}","templated":true}]}}