{"id":14933,"date":"2020-11-17T10:08:37","date_gmt":"2020-11-17T10:08:37","guid":{"rendered":"https:\/\/www.mes-allocs.fr\/guides\/?p=14933"},"modified":"2025-06-20T11:25:58","modified_gmt":"2025-06-20T09:25:58","slug":"rupture-conventionnelle-arret-maladie","status":"publish","type":"post","link":"https:\/\/www.mes-allocs.fr\/guides\/aides-sociales\/rupture-conventionnelle\/rupture-conventionnelle-arret-maladie\/","title":{"rendered":"Arr\u00eat maladie rupture conventionnelle et ch\u00f4mage"},"content":{"rendered":"<p><a href=\"https:\/\/www.mes-allocs.fr\/guides\/wp-content\/uploads\/2020\/11\/pexels-andrea-piacquadio-3760067-1-1.jpg\"><img loading=\"lazy\" decoding=\"async\" class=\"aligncenter wp-image-14945 size-full\" title=\"Rupture conventionnelle : arr\u00eat maladie et ch\u00f4mage\" src=\"https:\/\/www.mes-allocs.fr\/guides\/wp-content\/uploads\/2020\/11\/pexels-andrea-piacquadio-3760067-1-1-e1605274815789.jpg\" alt=\"Rupture conventionnelle : arr\u00eat maladie et ch\u00f4mage\" width=\"1280\" height=\"336\" srcset=\"https:\/\/www.mes-allocs.fr\/guides\/wp-content\/uploads\/2020\/11\/pexels-andrea-piacquadio-3760067-1-1-e1605274815789.jpg 1280w, https:\/\/www.mes-allocs.fr\/guides\/wp-content\/uploads\/2020\/11\/pexels-andrea-piacquadio-3760067-1-1-e1605274815789-300x79.jpg 300w, https:\/\/www.mes-allocs.fr\/guides\/wp-content\/uploads\/2020\/11\/pexels-andrea-piacquadio-3760067-1-1-e1605274815789-1024x269.jpg 1024w, https:\/\/www.mes-allocs.fr\/guides\/wp-content\/uploads\/2020\/11\/pexels-andrea-piacquadio-3760067-1-1-e1605274815789-768x202.jpg 768w, https:\/\/www.mes-allocs.fr\/guides\/wp-content\/uploads\/2020\/11\/pexels-andrea-piacquadio-3760067-1-1-e1605274815789-600x158.jpg 600w\" sizes=\"auto, (max-width: 1280px) 100vw, 1280px\" \/><\/a><\/p>\n<p><strong>Est-il possible de faire <a href=\"https:\/\/www.mes-allocs.fr\/guides\/chomage\/rupture-conventionnelle-chomage\">une rupture conventionnelle<\/a> lorsque l&rsquo;on est en arr\u00eat maladie ? Peut-on toucher le ch\u00f4mage apr\u00e8s une rupture conventionnelle ? Peut-on toucher le ch\u00f4mage en arr\u00eat maladie ? Mes Allocs vous r\u00e9pond !<\/strong><\/p>\n<div class='cta-block'><div class='text'>Simulez toutes vos aides en 2 min.<\/div><a href='https:\/\/www.mes-allocs.fr\/ab-app?origin=guides\/wp-json\/wp\/v2\/posts\/14933' class='app-button fit'>Simulation gratuite<\/a><\/div>\n<h1>La rupture conventionnelle<\/h1>\n<h2>Qu&rsquo;est-ce que la rupture conventionnelle ?<\/h2>\n<p>Selon le code du travail, la rupture conventionnelle est la mise en place de la rupture du contrat d&rsquo;un salari\u00e9 en CDI (Contrat \u00e0 Dur\u00e9e Ind\u00e9termin\u00e9e). La rupture conventionnelle du contrat de travail <strong>se fait d&rsquo;un commun accord entre un employeur et le salari\u00e9 de son entreprise<\/strong>. L&rsquo;un ou l&rsquo;autre peuvent faire une demande de rupture conventionnelle.<\/p>\n<p>Conform\u00e9ment \u00e0 la loi, un salari\u00e9 ne peut pas signer la convention de rupture conventionnelle s&rsquo;il est en arr\u00eat maladie pour causes professionnelles ou accident de travail. La signature d&rsquo;une rupture conventionnelle pendant un arr\u00eat maladie pour syndrome anxiod\u00e9pressif est nul et requalifi\u00e9 de licenciement abusif.<\/p>\n<p>Depuis mai 2015, le code du travail interdit \u00e0 un employeur de rompre le contrat de travail d\u2019une salari\u00e9e enceinte jusqu\u2019au terme d\u2019une p\u00e9riode de quatre semaines suivant la fin du cong\u00e9 de maternit\u00e9. Cela ne s&rsquo;applique pas \u00e0 la rupture conventionnelle.<\/p>\n<p>Il existe aussi la rupture conventionnelle collective. Elle d\u00e9termine notamment le nombre maximal de d\u00e9parts envisag\u00e9s et les conditions que doivent remplir chaque salari\u00e9 pour b\u00e9n\u00e9ficier des indemnit\u00e9s de rupture. Le re\u00e7u pour solde de tout compte, remis par l&#8217;employeur \u00e0 un salari\u00e9 \u00e0 la fin de son contrat de travail r\u00e9sume les sommes qui restent \u00e0 payer \u00e0 l&#8217;employ\u00e9 avant son d\u00e9part.<\/p>\n<p>Ensuite, la convention de rupture conventionnelle doit \u00eatre r\u00e9dig\u00e9e. Vous signez la rupture conventionnelle avec votre employeur. Elle est ensuite valid\u00e9e par la Direccte. Un d\u00e9lai de r\u00e9tractation de 15 jours est accord\u00e9, \u00e0 partir de la date de rupture.<\/p>\n<p>Attention : Si une convention collective est conclue par les organisations syndicales et les employeurs, elle peut offrir des indemnit\u00e9s plus \u00e9lev\u00e9es que les indemnit\u00e9s l\u00e9gales de licenciement. Le salari\u00e9 est prot\u00e9g\u00e9 par cette convention.<\/p>\n<h2>Comment faire une rupture conventionnelle en arr\u00eat maladie ?<\/h2>\n<p>G\u00e9n\u00e9ralement, une rupture conventionnelle ne peut \u00eatre faite pendant un arr\u00eat maladie. Cependant, une rupture de ce genre est possible en cas de faute grave du salari\u00e9 ou de l\u2019impossibilit\u00e9 de maintenir le contrat de travail pour un motif autre motif que la maladie.<\/p>\n<p>En cas de rupture conventionnelle, l&#8217;employeur et le salari\u00e9 doivent organiser un ou plusieurs entretiens.<\/p>\n<p>Le salari\u00e9 et l&#8217;employeur peuvent choisir d&rsquo;\u00eatre assist\u00e9s lors des entretiens. Les assistants peuvent intervenir pour demander des explications \u00e0 l&#8217;employeur ou au salari\u00e9. La cour de cassation pr\u00e9cise que l&rsquo;assistant de l&#8217;employeur peut entrainer la nullit\u00e9 de la rupture s&rsquo;il engendre une pression sur le salari\u00e9.<\/p>\n<ul>\n<li>Le salari\u00e9 peut \u00eatre assist\u00e9 par un <strong>salari\u00e9 de l&rsquo;entreprise<\/strong>, un repr\u00e9sentant du personnel ou non. Il peut aussi \u00eatre assist\u00e9 par un conseiller du salari\u00e9 qui est un conseiller ext\u00e9rieur choisit dans une liste propos\u00e9e par la Direccte.<\/li>\n<li>L&#8217;employeur peut se faire assister par <strong>un membre de l&rsquo;entreprise ou un membre de son organisation syndicale d&#8217;employeurs<\/strong>. Il peut \u00e9galement, si l&rsquo;entreprise poss\u00e8de moins de 50 salari\u00e9s, choisir un autre employeur de la m\u00eame branche.<\/li>\n<\/ul>\n<p>Ensuite, la convention de rupture conventionnelle doit \u00eatre r\u00e9dig\u00e9e et sign\u00e9e.\u00a0 Il revient \u00e0 la Direccte de v\u00e9rifier la validit\u00e9 de celle-ci.<\/p>\n<h2>Quelles indemnit\u00e9s peut-on obtenir apr\u00e8s une rupture conventionnelle ?<\/h2>\n<p>La rupture conventionnelle poss\u00e8de bien des avantages, autant pour l&#8217;employeur que pour le salari\u00e9 :<\/p>\n<ul>\n<li>Elle permet au salari\u00e9 de quitter l&rsquo;entreprise si celle-ci se trouve dans un contexte de crise.<\/li>\n<li>Elle l&rsquo;autorise \u00e0 n\u00e9gocier avec son employeur une indemnit\u00e9 plus int\u00e9ressante que le minimum l\u00e9gale.<\/li>\n<li>La personne qui propose une rupture conventionnelle n&rsquo;est pas oblig\u00e9e de donner le motif de cette demande. Ainsi, si mon employeur me propose une rupture conventionnel, il faut faire attention qu&rsquo;elle ne couvre pas un licenciement qui pourrait vous rapporter plus d&rsquo;indemnit\u00e9s (le licenciement \u00e9conomique par exemple).<\/li>\n<li>Vous pouvez vous faire assister, que vous soyez employeur ou employ\u00e9.<\/li>\n<\/ul>\n<p>Mais la rupture conventionnelle offre des avantages \u00e9conomiques pour le salari\u00e9 qui sont \u00e0 prendre en compte :<\/p>\n<ul>\n<li><strong>L&rsquo; indemnit\u00e9 sp\u00e9cifique de rupture conventionnelle.<\/strong><\/li>\n<li><strong>Le ch\u00f4mage.<\/strong><\/li>\n<li><strong>La retraite.<\/strong><\/li>\n<\/ul>\n<p>Pour savoir comment toucher ses indemnit\u00e9s, <a href=\"https:\/\/www.mes-allocs.fr\/guides\/pole-emploi\/rupture-conventionnelle-chomage\/rupture-conventionnelle-chomage-retraite\/\">suivez ce lien<\/a>.<\/p>\n<h1>Les allocations ch\u00f4mages apr\u00e8s une rupture conventionnelle<a href=\"https:\/\/www.mes-allocs.fr\/guides\/wp-content\/uploads\/2020\/11\/pexels-anna-shvets-4226220-1.jpg\"><img loading=\"lazy\" decoding=\"async\" class=\"alignright wp-image-14946\" title=\"Quand et comment s'inscrire \u00e0 P\u00f4le emploi ?\" src=\"https:\/\/www.mes-allocs.fr\/guides\/wp-content\/uploads\/2020\/11\/pexels-anna-shvets-4226220-1-e1605191459530-223x300.jpg\" alt=\"Quand et comment s'inscrire \u00e0 P\u00f4le emploi ?\" width=\"345\" height=\"465\" srcset=\"https:\/\/www.mes-allocs.fr\/guides\/wp-content\/uploads\/2020\/11\/pexels-anna-shvets-4226220-1-e1605191459530-223x300.jpg 223w, https:\/\/www.mes-allocs.fr\/guides\/wp-content\/uploads\/2020\/11\/pexels-anna-shvets-4226220-1-e1605191459530-761x1024.jpg 761w, https:\/\/www.mes-allocs.fr\/guides\/wp-content\/uploads\/2020\/11\/pexels-anna-shvets-4226220-1-e1605191459530-768x1033.jpg 768w, https:\/\/www.mes-allocs.fr\/guides\/wp-content\/uploads\/2020\/11\/pexels-anna-shvets-4226220-1-e1605191459530-1142x1536.jpg 1142w, https:\/\/www.mes-allocs.fr\/guides\/wp-content\/uploads\/2020\/11\/pexels-anna-shvets-4226220-1-e1605191459530-446x600.jpg 446w, https:\/\/www.mes-allocs.fr\/guides\/wp-content\/uploads\/2020\/11\/pexels-anna-shvets-4226220-1-e1605191459530.jpg 1280w\" sizes=\"auto, (max-width: 345px) 100vw, 345px\" \/><\/a><\/h1>\n<h2>Qui peut avoir droit aux allocations ch\u00f4mage ?<\/h2>\n<p>Pour \u00eatre \u00eatre indemnis\u00e9 par p\u00f4le emploi et recevoir l&rsquo;allocation ch\u00f4mage il faut :<\/p>\n<ul>\n<li>Avoir travaill\u00e9 au moins 6 mois sur les 24 derniers mois.<\/li>\n<li>S&rsquo;\u00eatre affili\u00e9 \u00e0 P\u00f4le emploi dans les 12 mois suivants la fin du travail.<\/li>\n<li>Rechercher activement un nouvel emploi ou \u00eates en formation.<\/li>\n<li>Ne pas avoir les droits \u00e0 une retraite compl\u00e8te.<\/li>\n<li>Etre physiquement apte \u00e0 travailler.<\/li>\n<li>R\u00e9sider en France (m\u00e9tropole ou DOM).<\/li>\n<\/ul>\n<p>Il existe un d\u00e9lai de carence de 7 jours avant de recevoir des allocations ch\u00f4mage. Le nombre de jours peut \u00eatre augment\u00e9 si vous avez une indemnit\u00e9 compensatrice de cong\u00e9s pay\u00e9s ou des indemnit\u00e9s sp\u00e9cifiques.<\/p>\n<h2>Comment toucher les allocations ch\u00f4mages suite \u00e0 une rupture conventionnelle ?<\/h2>\n<p>Pour se voir verser des indemnit\u00e9s ch\u00f4mage apr\u00e8s une rupture conventionnelle, il est n\u00e9cessaire de remplir les conditions suivantes :<\/p>\n<ul>\n<li>Faire les actions d\u00e9cid\u00e9es avec votre conseiller P\u00f4le emploi dans le cadre de votre projet personnalis\u00e9 d\u2019acc\u00e8s \u00e0 l\u2019emploi (PPAE) ;<\/li>\n<li>Vous pr\u00e9senter \u00e0 tous vos rendez-vous avec un conseiller, pour une visite m\u00e9dicale par exemple ;<\/li>\n<li>Vous \u00eates demandeur d&#8217;emploi ou essayez de cr\u00e9er ou de reprendre une entreprise ;<\/li>\n<li>Ne pas refuser deux fois une offre raisonnable d\u2019emploi ;<\/li>\n<li>Actualiser chaque mois votre situation en d\u00e9clarant vos revenus d\u2019activit\u00e9;<\/li>\n<li>Informer rapidement P\u00f4le emploi, dans un d\u00e9lai de 72 heures, si votre situation change. Si vous avez de nouveaux projets professionnels par exemple);<\/li>\n<li>Ne pas faire de fausses d\u00e9clarations.<\/li>\n<\/ul>\n<p>Vous pouvez vous inscrire \u00e0 P\u00f4le emploi le lendemain de la fin de votre contrat mais aussi si vous \u00eates encore en CDI.<\/p>\n<h2>Comment calculer ses allocations ch\u00f4mage ?<\/h2>\n<p>Ce sont vos anciens salaires qui sont pris en compte pour le calcul de l&rsquo;allocation ch\u00f4mage. Les primes sont comprises dans le calcul. Le montant de l&rsquo;allocation varie en fonction de vos salaires mais aussi de votre mode d&rsquo;activit\u00e9 (temps plein ou temps partiel) et de vos pensions.<\/p>\n<div class='cta-block'><div class='text'>Simulez toutes vos aides en 2 min.<\/div><a href='https:\/\/www.mes-allocs.fr\/ab-app?origin=guides\/wp-json\/wp\/v2\/posts\/14933' class='app-button fit'>Simulation gratuite<\/a><\/div>\n<h1>L&rsquo;arr\u00eat maladie et le ch\u00f4mage<\/h1>\n<h2>Quand et \u00e0 qui envoyer un arr\u00eat de travail ?<\/h2>\n<p>Apr\u00e8s que votre m\u00e9decin vous ait prescrit un arr\u00eat de travail, il faut imp\u00e9rativement envoyer les volets 1 et 2 \u00e0 la Cpam. Il faut envoyer le volet 3 \u00e0 votre employeur. Dans les deux cas, il faut transmettre les documents dans les 48 heures. Ces volets permettent de :<\/p>\n<ul>\n<li>justifier votre absence au travail aupr\u00e8s de votre employeur.<\/li>\n<li>b\u00e9n\u00e9ficier des indemnit\u00e9s journali\u00e8res (IJ) accord\u00e9es par la S\u00e9curit\u00e9 Sociale.<\/li>\n<li>continuer \u00e0 recevoir votre salaire si vous ne pouvez pas avoir les indemnit\u00e9s journali\u00e8res.<\/li>\n<\/ul>\n<h2>Vais-je toujours recevoir le ch\u00f4mage si je suis en arr\u00eat maladie ?<\/h2>\n<p>Il existe deux cas :<\/p>\n<header class=\"resource__header resource__header--turquoise\">\n<div class=\"row resource__chapo\">\n<div class=\"col-9\">\n<div class=\"page-chapo\">\n<ul>\n<li class=\"field field--name-field-u-head field--type-string-long field--label-hidden field__item\"><strong>Votre arr\u00eat de travail est inf\u00e9rieur ou \u00e9gal \u00e0 15 jours.<\/strong> Le versement de vos allocations peut s&rsquo;arr\u00eater lorsque vous \u00eates en arr\u00eat maladie pendant peu de temps. En effet, percevoir des indemnit\u00e9s journali\u00e8res de la s\u00e9curit\u00e9 sociale (IJSS), vers\u00e9es au titre de l\u2019assurance maladie, ou de pouvoir y pr\u00e9tendre, fait obstacle au versement des allocations ch\u00f4mage.<\/li>\n<li><strong>Votre arr\u00eat de travail est sup\u00e9rieur \u00e0 15 jours.<\/strong> Vous \u00eates encore inscrit \u00e0 P\u00f4le emploi cependant vous ne touchez pas les allocations ch\u00f4mage. Vous pouvez toucher l&rsquo;IJSS.<\/li>\n<\/ul>\n<\/div>\n<\/div>\n<\/div>\n<\/header>\n<h2>Quel est le montant des indemnit\u00e9s journali\u00e8res ?<\/h2>\n<h3>Le montant des indemnit\u00e9s journali\u00e8res si votre arr\u00eat maladie dure moins de 6 mois<\/h3>\n<p data-start=\"94\" data-end=\"197\">Pour b\u00e9n\u00e9ficier des indemnit\u00e9s journali\u00e8res, vous devez remplir l\u2019une des deux conditions suivantes :<\/p>\n<ul>\n<li style=\"list-style-type: none;\">\n<ul data-start=\"199\" data-end=\"544\" data-is-last-node=\"\" data-is-only-node=\"\">\n<li data-start=\"199\" data-end=\"319\"><strong data-start=\"201\" data-end=\"240\">Avoir travaill\u00e9 au moins 150 heures<\/strong> au cours des <strong data-start=\"254\" data-end=\"271\">3 mois civils<\/strong> ou <strong data-start=\"275\" data-end=\"287\" data-is-only-node=\"\">90 jours<\/strong> pr\u00e9c\u00e9dant l&rsquo;arr\u00eat de travail.<\/li>\n<li data-start=\"320\" data-end=\"544\" data-is-last-node=\"\"><strong data-start=\"322\" data-end=\"407\">Avoir cotis\u00e9 sur un salaire au moins \u00e9gal \u00e0 607,5 fois le montant du SMIC horaire<\/strong> (soit <strong data-start=\"414\" data-end=\"434\">6 377,40 \u20ac bruts<\/strong> sur la base du SMIC en vigueur au <strong data-start=\"469\" data-end=\"489\" data-is-only-node=\"\">1\u1d49\u02b3 janvier 2025<\/strong>) au cours des <strong data-start=\"504\" data-end=\"543\">6 mois pr\u00e9c\u00e9dant l&rsquo;arr\u00eat de travail<\/strong>.<\/li>\n<\/ul>\n<\/li>\n<\/ul>\n<h3>Le montant des indemnit\u00e9s journali\u00e8res si votre arr\u00eat maladie dure plus de 6 mois<\/h3>\n<p data-start=\"0\" data-end=\"88\"><span class=\"relative -mx-px my-[-0.2rem] rounded px-px py-[0.2rem]\">Pour b\u00e9n\u00e9ficier des indemnit\u00e9s journali\u00e8res (IJ) en cas d&rsquo;arr\u00eat de travail pour maladie de longue dur\u00e9e (sup\u00e9rieure \u00e0 6 mois), les conditions suivantes s&rsquo;appliquent :<\/span>\u200b<\/p>\n<ul data-start=\"90\" data-end=\"524\">\n<li data-start=\"90\" data-end=\"213\">\n<p data-start=\"92\" data-end=\"213\"><strong data-start=\"92\" data-end=\"129\">Affiliation \u00e0 l&rsquo;Assurance Maladie<\/strong> : <span class=\"relative -mx-px my-[-0.2rem] rounded px-px py-[0.2rem]\">vous devez \u00eatre affili\u00e9 depuis au moins 12 mois \u00e0 la date de l&rsquo;arr\u00eat de travail.<\/span>\u200b<\/p>\n<\/li>\n<li data-start=\"215\" data-end=\"524\">\n<p data-start=\"217\" data-end=\"352\"><strong data-start=\"217\" data-end=\"268\">Conditions de cotisation ou de dur\u00e9e de travail<\/strong> : <span class=\"relative -mx-px my-[-0.2rem] rounded px-px py-[0.2rem]\">vous devez remplir l&rsquo;une des deux conditions suivantes au cours des 12 mois pr\u00e9c\u00e9dant l&rsquo;arr\u00eat :<\/span>\u200b<\/p>\n<ul data-start=\"355\" data-end=\"524\">\n<li data-start=\"355\" data-end=\"438\"><span class=\"relative -mx-px my-[-0.2rem] rounded px-px py-[0.2rem]\">Avoir travaill\u00e9 au moins 600 heures.<\/span>\u200b<\/li>\n<li data-start=\"441\" data-end=\"524\"><span class=\"relative -mx-px my-[-0.2rem] rounded px-px py-[0.2rem]\">Ou avoir cotis\u00e9 sur un salaire au moins \u00e9gal \u00e0 2\u202f030 fois le montant du Smic horaire.<\/span>\u200b<\/li>\n<\/ul>\n<\/li>\n<\/ul>\n<p data-start=\"526\" data-end=\"811\"><span class=\"relative -mx-px my-[-0.2rem] rounded px-px py-[0.2rem]\">Le montant des indemnit\u00e9s journali\u00e8res est \u00e9gal \u00e0 50\u202f% de votre salaire journalier de base, calcul\u00e9 sur la moyenne des salaires bruts des 3 derniers mois pr\u00e9c\u00e9dant l&rsquo;arr\u00eat.<\/span> <span class=\"relative -mx-px my-[-0.2rem] rounded px-px py-[0.2rem]\">\u00c0 partir du 1\u1d49\u02b3 avril 2025, ce plafond sera abaiss\u00e9 \u00e0 1,4 fois le Smic mensuel, soit 2\u202f522,52\u202f\u20ac bruts.<\/span> <span class=\"relative -mx-px my-[-0.2rem] rounded px-px py-[0.2rem]\">Ainsi, l&rsquo;indemnit\u00e9 journali\u00e8re maximale passera de 53,21\u202f\u20ac bruts \u00e0 41,47\u202f\u20ac bruts \u00e0 compter de cette date.<\/span> \u200b<\/p>\n<div class='cta-block'><div class='text'>Simulez toutes vos aides en 2 min.<\/div><a href='https:\/\/www.mes-allocs.fr\/ab-app?origin=guides\/wp-json\/wp\/v2\/posts\/14933' class='app-button fit'>Simulation gratuite<\/a><\/div>\n","protected":false},"excerpt":{"rendered":"<p>Est-il possible de faire une rupture conventionnelle lorsque l&rsquo;on est en arr\u00eat maladie ? Peut-on toucher le ch\u00f4mage apr\u00e8s une rupture conventionnelle ? Peut-on toucher le ch\u00f4mage en arr\u00eat maladie ? Mes Allocs vous r\u00e9pond ! La rupture conventionnelle Qu&rsquo;est-ce que la rupture conventionnelle ? Selon le code du travail, la rupture conventionnelle est la [&hellip;]<\/p>\n","protected":false},"author":7,"featured_media":14945,"comment_status":"open","ping_status":"open","sticky":false,"template":"","format":"standard","meta":{"amp_status":"","footnotes":""},"categories":[1411,45308],"tags":[],"class_list":["post-14933","post","type-post","status-publish","format-standard","has-post-thumbnail","hentry","category-aides-sociales","category-rupture-conventionnelle"],"yoast_head":"<!-- This site is optimized with the Yoast SEO plugin v14.9 - https:\/\/yoast.com\/wordpress\/plugins\/seo\/ -->\n<title>Arr\u00eat maladie rupture conventionnelle et ch\u00f4mage | Mes-Allocs.fr<\/title>\n<meta name=\"description\" content=\"Peut-on faire une rupture conventionnelle en arr\u00eat maladie ? Peut-on toucher le ch\u00f4mage lorsque l&#039;on est en arr\u00eat maladie ?\" \/>\n<meta name=\"robots\" content=\"index, follow, max-snippet:-1, max-image-preview:large, max-video-preview:-1\" \/>\n<link rel=\"canonical\" href=\"https:\/\/www.mes-allocs.fr\/guides\/aides-sociales\/rupture-conventionnelle\/rupture-conventionnelle-arret-maladie\/\" \/>\n<meta property=\"og:locale\" content=\"fr_FR\" \/>\n<meta property=\"og:type\" content=\"article\" \/>\n<meta property=\"og:title\" content=\"Arr\u00eat maladie rupture conventionnelle et ch\u00f4mage | Mes-Allocs.fr\" \/>\n<meta property=\"og:description\" content=\"Peut-on faire une rupture conventionnelle en arr\u00eat maladie ? Peut-on toucher le ch\u00f4mage lorsque l&#039;on est en arr\u00eat maladie ?\" \/>\n<meta property=\"og:url\" content=\"https:\/\/www.mes-allocs.fr\/guides\/aides-sociales\/rupture-conventionnelle\/rupture-conventionnelle-arret-maladie\/\" \/>\n<meta property=\"og:site_name\" content=\"Mes-Allocs.fr\" \/>\n<meta property=\"article:published_time\" content=\"2020-11-17T10:08:37+00:00\" \/>\n<meta property=\"article:modified_time\" content=\"2025-06-20T09:25:58+00:00\" \/>\n<meta property=\"og:image\" content=\"https:\/\/www.mes-allocs.fr\/guides\/wp-content\/uploads\/2020\/11\/pexels-andrea-piacquadio-3760067-1-1-e1605274815789.jpg?wsr\" \/>\n\t<meta property=\"og:image:width\" content=\"1280\" \/>\n\t<meta property=\"og:image:height\" content=\"336\" \/>\n<meta name=\"twitter:card\" content=\"summary_large_image\" \/>\n<script type=\"application\/ld+json\" class=\"yoast-schema-graph\">{\"@context\":\"https:\/\/schema.org\",\"@graph\":[{\"@type\":\"WebSite\",\"@id\":\"https:\/\/www.mes-allocs.fr\/guides\/#website\",\"url\":\"https:\/\/www.mes-allocs.fr\/guides\/\",\"name\":\"Mes-Allocs.fr\",\"description\":\"\",\"potentialAction\":[{\"@type\":\"SearchAction\",\"target\":\"https:\/\/www.mes-allocs.fr\/guides\/?s={search_term_string}\",\"query-input\":\"required name=search_term_string\"}],\"inLanguage\":\"fr-FR\"},{\"@type\":\"ImageObject\",\"@id\":\"https:\/\/www.mes-allocs.fr\/guides\/aides-sociales\/rupture-conventionnelle\/rupture-conventionnelle-arret-maladie\/#primaryimage\",\"inLanguage\":\"fr-FR\",\"url\":\"https:\/\/www.mes-allocs.fr\/guides\/wp-content\/uploads\/2020\/11\/pexels-andrea-piacquadio-3760067-1-1-e1605274815789.jpg?wsr\",\"width\":1280,\"height\":336,\"caption\":\"pexels andrea piacquadio 3760067 1 1 e1605274815789\"},{\"@type\":\"WebPage\",\"@id\":\"https:\/\/www.mes-allocs.fr\/guides\/aides-sociales\/rupture-conventionnelle\/rupture-conventionnelle-arret-maladie\/#webpage\",\"url\":\"https:\/\/www.mes-allocs.fr\/guides\/aides-sociales\/rupture-conventionnelle\/rupture-conventionnelle-arret-maladie\/\",\"name\":\"Arr\\u00eat maladie rupture conventionnelle et ch\\u00f4mage | Mes-Allocs.fr\",\"isPartOf\":{\"@id\":\"https:\/\/www.mes-allocs.fr\/guides\/#website\"},\"primaryImageOfPage\":{\"@id\":\"https:\/\/www.mes-allocs.fr\/guides\/aides-sociales\/rupture-conventionnelle\/rupture-conventionnelle-arret-maladie\/#primaryimage\"},\"datePublished\":\"2020-11-17T10:08:37+00:00\",\"dateModified\":\"2025-06-20T09:25:58+00:00\",\"author\":{\"@id\":\"https:\/\/www.mes-allocs.fr\/guides\/#\/schema\/person\/1c4837d5703727cb02ce84583b5a44aa\"},\"description\":\"Peut-on faire une rupture conventionnelle en arr\\u00eat maladie ? Peut-on toucher le ch\\u00f4mage lorsque l'on est en arr\\u00eat maladie ?\",\"inLanguage\":\"fr-FR\"},{\"@type\":\"Person\",\"@id\":\"https:\/\/www.mes-allocs.fr\/guides\/#\/schema\/person\/1c4837d5703727cb02ce84583b5a44aa\",\"name\":\"Fabiola\",\"image\":{\"@type\":\"ImageObject\",\"@id\":\"https:\/\/www.mes-allocs.fr\/guides\/#personlogo\",\"inLanguage\":\"fr-FR\",\"url\":\"https:\/\/www.mes-allocs.fr\/guides\/wp-content\/uploads\/2021\/06\/fabiola-150x150.png\",\"caption\":\"Fabiola\"},\"description\":\"Fabiola est r\\u00e9dactrice au sein de l'\\u00e9quipe Mes Allocs, sp\\u00e9cialis\\u00e9e en sciences politiques et affaires publiques. Dipl\\u00f4m\\u00e9e de l'HEIP, elle rejoint Mes Allocs apr\\u00e8s une premi\\u00e8re exp\\u00e9rience \\u00e0 l'Assembl\\u00e9e Nationale.\",\"sameAs\":[\"https:\/\/www.linkedin.com\/in\/cecilia-philippe-b-8a8085195\"]}]}<\/script>\n<!-- \/ Yoast SEO plugin. -->","amp_validity":null,"acf":{"faq":{"1":{"question":"Puis-je faire une rupture conventionnelle en arr\u00eat maladie ?","answer":"Si vous \u00eates en arr\u00eat maladie pour cause professionnelle, vous ne pouvez pas signer de rupture conventionnelle.\r\n<br> <a href=\"https:\/\/www.mes-allocs.fr\/guides\/pole-emploi\/rupture-conventionnelle-arret-maladie-chomage\/\">Lire la suite<\/a>"},"2":{"question":"Est-ce que la rupture conventionnelle donne droit au ch\u00f4mage ?","answer":"Le rupture conventionnelle ouvre les droits au ch\u00f4mage. Il sera calcul\u00e9 selon vos salaires, de votre mode d'activit\u00e9 et de vos pensions.\r\n"},"3":{"question":"Est-ce qu'un arr\u00eat maladie repousse un pr\u00e9avis de d\u00e9mission ?","answer":"Un arr\u00eat maladie ayant une cause non professionnelle ne repousse pas le pr\u00e9avis de d\u00e9mission.\r\n<br> <a href=\"https:\/\/www.mes-allocs.fr\/guides\/pole-emploi\/rupture-conventionnelle-arret-maladie-chomage\/\">Lire la suite<\/a>"},"4":{"question":"Comment d\u00e9missionner en \u00e9tant en arr\u00eat maladie ?","answer":"Il vous est possible de d\u00e9missionner en \u00e9tant en arr\u00eat maladie sauf si vous \u00eates en p\u00e9riode d'essai.\r\n"},"5":{"question":"Est-ce que on peut \u00eatre licenci\u00e9 en arr\u00eat maladie ?","answer":"Le licenciement d'un salari\u00e9 est possible pour les motifs suivants seulement : le salari\u00e9 lorsqu'il perturbe l'entreprise (absence prolong\u00e9e), pour motif disciplinaire (faute grave par exemple), motif \u00e9conomique ou des r\u00e9sultats insuffisants pour l'entreprise.\r\n<br> <a href=\"https:\/\/www.mes-allocs.fr\/guides\/pole-emploi\/rupture-conventionnelle-arret-maladie-chomage\/\">Lire la suite<\/a>"},"6":{"question":"Comment envoyer votre arr\u00eat maladie \u00e0 P\u00f4le emploi ?","answer":"Une personne inscrite \u00e0 P\u00f4le emploi doit d\u00e9clarer l'arr\u00eat maladie sous 72 heures par t\u00e9l\u00e9phone, en changeant son statut sur son espace personnelle P\u00f4le emploi ou en utilisant la borne Unilog.\r\n"},"7":{"question":"","answer":""},"8":{"question":"","answer":""},"9":{"question":"","answer":""},"10":{"question":"","answer":""},"11":{"question":"","answer":""},"12":{"question":"","answer":""},"13":{"question":"","answer":""},"14":{"question":"","answer":""},"15":{"question":"","answer":""},"16":{"question":"","answer":""}}},"_links":{"self":[{"href":"https:\/\/www.mes-allocs.fr\/guides\/wp-json\/wp\/v2\/posts\/14933","targetHints":{"allow":["GET"]}}],"collection":[{"href":"https:\/\/www.mes-allocs.fr\/guides\/wp-json\/wp\/v2\/posts"}],"about":[{"href":"https:\/\/www.mes-allocs.fr\/guides\/wp-json\/wp\/v2\/types\/post"}],"author":[{"embeddable":true,"href":"https:\/\/www.mes-allocs.fr\/guides\/wp-json\/wp\/v2\/users\/7"}],"replies":[{"embeddable":true,"href":"https:\/\/www.mes-allocs.fr\/guides\/wp-json\/wp\/v2\/comments?post=14933"}],"version-history":[{"count":29,"href":"https:\/\/www.mes-allocs.fr\/guides\/wp-json\/wp\/v2\/posts\/14933\/revisions"}],"predecessor-version":[{"id":100715,"href":"https:\/\/www.mes-allocs.fr\/guides\/wp-json\/wp\/v2\/posts\/14933\/revisions\/100715"}],"wp:featuredmedia":[{"embeddable":true,"href":"https:\/\/www.mes-allocs.fr\/guides\/wp-json\/wp\/v2\/media\/14945"}],"wp:attachment":[{"href":"https:\/\/www.mes-allocs.fr\/guides\/wp-json\/wp\/v2\/media?parent=14933"}],"wp:term":[{"taxonomy":"category","embeddable":true,"href":"https:\/\/www.mes-allocs.fr\/guides\/wp-json\/wp\/v2\/categories?post=14933"},{"taxonomy":"post_tag","embeddable":true,"href":"https:\/\/www.mes-allocs.fr\/guides\/wp-json\/wp\/v2\/tags?post=14933"}],"curies":[{"name":"wp","href":"https:\/\/api.w.org\/{rel}","templated":true}]}}