{"id":14887,"date":"2020-11-16T09:38:15","date_gmt":"2020-11-16T09:38:15","guid":{"rendered":"https:\/\/www.mes-allocs.fr\/guides\/?p=14887"},"modified":"2025-12-04T18:29:12","modified_gmt":"2025-12-04T17:29:12","slug":"cdd-et-prime-de-noel","status":"publish","type":"post","link":"https:\/\/www.mes-allocs.fr\/guides\/prime-de-noel\/prime-de-noel-cumul\/cdd-et-prime-de-noel\/","title":{"rendered":"Prime de No\u00ebl en CDD : est-ce possible ?"},"content":{"rendered":"<p><img loading=\"lazy\" decoding=\"async\" class=\"aligncenter size-full wp-image-105441\" title=\"prime noel cdd\" src=\"https:\/\/www.mes-allocs.fr\/guides\/wp-content\/uploads\/2020\/11\/prime-noel-cdd-e1762179011949.jpg\" alt=\"prime noel cdd\" width=\"1920\" height=\"300\" srcset=\"https:\/\/www.mes-allocs.fr\/guides\/wp-content\/uploads\/2020\/11\/prime-noel-cdd-e1762179011949.jpg 1920w, https:\/\/www.mes-allocs.fr\/guides\/wp-content\/uploads\/2020\/11\/prime-noel-cdd-e1762179011949-300x47.jpg 300w, https:\/\/www.mes-allocs.fr\/guides\/wp-content\/uploads\/2020\/11\/prime-noel-cdd-e1762179011949-1024x160.jpg 1024w, https:\/\/www.mes-allocs.fr\/guides\/wp-content\/uploads\/2020\/11\/prime-noel-cdd-e1762179011949-768x120.jpg 768w, https:\/\/www.mes-allocs.fr\/guides\/wp-content\/uploads\/2020\/11\/prime-noel-cdd-e1762179011949-1536x240.jpg 1536w, https:\/\/www.mes-allocs.fr\/guides\/wp-content\/uploads\/2020\/11\/prime-noel-cdd-e1762179011949-600x94.jpg 600w\" sizes=\"auto, (max-width: 1920px) 100vw, 1920px\" \/><\/p>\n<p>[Mis \u00e0 jour le 04\/12\/2025] Chaque fin d\u2019ann\u00e9e, la prime de No\u00ebl vient apporter un coup de pouce aux foyers aux revenus modestes. Mais lorsqu\u2019on travaille en CDD, le doute s\u2019installe : a-t-on droit \u00e0 cette aide exceptionnelle vers\u00e9e par la CAF, la MSA ou France Travail ? Contrairement \u00e0 ce que l\u2019on pourrait penser, exercer une activit\u00e9 professionnelle ne suffit pas \u00e0\u00a0 exclure la prime de No\u00ebl. Tout d\u00e9pend de l\u2019aide sociale que vous percevez au moment du versement, car la <a href=\"https:\/\/www.mes-allocs.fr\/guides\/prime-de-noel\/prime-de-noel-cumul\/cdd-et-prime-de-noel\/\">prime de No\u00ebl est cumulable<\/a> seulement avec certaines aides. Alors Mes Allocs vous explique dans quels cas <strong>CDD et prime de No\u00ebl<\/strong> sont cumulables.<\/p>\n<div class='cta-block'><div class='text'>Simulez votre prime de No\u00ebl en 2 min.<\/div><a href='https:\/\/www.mes-allocs.fr\/ab-app?origin=guides\/wp-json\/wp\/v2\/posts\/14887' class='app-button fit'>Simulation gratuite<\/a><\/div>\n<h1>Prime de No\u00ebl CAF ou France Travail : est-elle vers\u00e9e pendant un CDD ?<\/h1>\n<h2>Peut-on b\u00e9n\u00e9ficier de la prime de <b>No\u00ebl <\/b>lorsqu&rsquo;on est en CDD ?<\/h2>\n<p><strong>Oui, vous pouvez percevoir la prime de No\u00ebl si vous \u00eates en CDD<\/strong>. En effet, \u00eatre en CDD ne vous rend pas automatiquement <strong>in\u00e9ligible \u00e0 la prime de No\u00ebl<\/strong>. Ce qui d\u00e9termine votre droit \u00e0 cette aide exceptionnelle, ce n\u2019est pas votre contrat de travail, mais <strong>le type de prestation sociale que vous percevez<\/strong> au mois de novembre ou d\u00e9cembre 2025.<\/p>\n<p>La prime de No\u00ebl est vers\u00e9e uniquement aux b\u00e9n\u00e9ficiaires de certains minima sociaux : le Revenu de Solidarit\u00e9 Active (RSA), l\u2019Allocation de Solidarit\u00e9 Sp\u00e9cifique (ASS), l\u2019Allocation \u00c9quivalent Retraite (AER), la prime forfaitaire de reprise d\u2019activit\u00e9 ou d&rsquo;autres aides \u00e9ligibles de France Travail.<\/p>\n<h2>Dans quel cas pouvez-vous recevoir la prime de No\u00ebl si vous travaillez ?<\/h2>\n<ul>\n<li><strong>Vous touchez le RSA<\/strong> : si vous \u00eates salari\u00e9 en CDD et que vous touchez encore l\u2019une des aides \u00e9ligibles \u00e0 la prime de No\u00ebl (par exemple le RSA socle en compl\u00e9ment de faibles revenus) vous \u00eates \u00e9ligible \u00e0 la prime de No\u00ebl. C\u2019est notamment le cas des personnes en activit\u00e9 partielle, en contrat court ou en temps tr\u00e8s r\u00e9duit, dont les revenus ne d\u00e9passent pas les plafonds du RSA.<\/li>\n<li><strong>Vous touchez la<\/strong> <strong>prime forfaitaire de reprise d\u2019activit\u00e9<\/strong> : si vous venez de reprendre un emploi apr\u00e8s une p\u00e9riode de ch\u00f4mage et que vous percevez la prime forfaitaire de reprise d\u2019activit\u00e9 vers\u00e9e par France Travail, vous \u00eates \u00e9ligible \u00e0 la prime de No\u00ebl.<\/li>\n<li><strong>Vous percevez ou perceviez l\u2019Allocation de Solidarit\u00e9 Sp\u00e9cifique (ASS)<\/strong> : si vous touchez l&rsquo;ASS en d\u00e9cembre ou l&rsquo;avez touch\u00e9 en novembre 2025, et vous venez de retrouver un emploi en CDD, alors vous \u00eates \u00e9ligible \u00e0 la prime de fin d&rsquo;ann\u00e9e.<\/li>\n<li><strong>Vous \u00eates b\u00e9n\u00e9ficiaire de l\u2019ACRE<\/strong> (anciennement ACCRE) : dans ce cas, vous \u00eates \u00e9ligible \u00e0 la prime de No\u00ebl si vous \u00e9tiez auparavant allocataire de l\u2019ASS (Allocation de Solidarit\u00e9 Sp\u00e9cifique)<\/li>\n<li><strong>Vous \u00eates b\u00e9n\u00e9ficiaire de la Prime Transitoire de Solidarit\u00e9 (PTS)<\/strong><\/li>\n<li><strong>Vous percevez une r\u00e9mun\u00e9ration de formation vers\u00e9e par France Travail<\/strong> : vous \u00eates \u00e9ligible \u00e0 la prime de No\u00ebl si cette formation fait suite \u00e0 une p\u00e9riode indemnis\u00e9e par l\u2019ASS.<\/li>\n<li><strong>Vous \u00eates b\u00e9n\u00e9ficiaire de l\u2019Allocation \u00c9quivalent Retraite (AER)<\/strong><\/li>\n<\/ul>\n<p><iframe loading=\"lazy\" src=\"\/\/www.youtube.com\/embed\/JSd0X11Muig\" width=\"560\" height=\"314\" allowfullscreen=\"allowfullscreen\" data-mce-fragment=\"1\"><\/iframe><\/p>\n<h2>Dans quel cas vous ne pouvez-vous recevoir la prime de No\u00ebl si vous travaillez ?<\/h2>\n<p>Si <strong>vous percevez uniquement un salaire sans aucun de ces minima sociaux<\/strong>, ou si vous touchez la prime d\u2019activit\u00e9 (vers\u00e9e aux travailleurs modestes), vous ne pourrez pas b\u00e9n\u00e9ficier de la prime de No\u00ebl.<\/p>\n<p>La prime d\u2019activit\u00e9, m\u00eame si elle vise \u00e0 soutenir les travailleurs aux revenus modestes, n\u2019ouvre pas droit \u00e0 la prime de No\u00ebl.<\/p>\n<h2>Quel est le montant de la prime de No\u00ebl CAF ou France Travail ?<\/h2>\n<p>En 2025, le montant de la prime de No\u00ebl pour les b\u00e9n\u00e9ficiaires France Travail est le m\u00eame pour tous : 152,45 \u20ac. Mais si vous d\u00e9pendez de la CAF ou la MSA, le montant varie d&rsquo;un foyer \u00e0 un autre. En effet, votre situation personnelle ainsi que le nombre d&rsquo;enfants \u00e0 charge sont pris en compte pour l&rsquo;estimation de vos droits.<\/p>\n<p style=\"text-align: justify;\">\n<div class=\"wpdt-c row wpDataTableContainerSimpleTable wpDataTables wpDataTablesWrapper\n wdtscroll\"\n    >\n    <table id=\"wpdtSimpleTable-33\"\n           class=\"wpdtSimpleTable wpDataTable\"\n           data-column=\"3\"\n           data-rows=\"8\"\n           data-wpID=\"33\"\n           data-responsive=\"0\"\n           data-has-header=\"0\">\n\n                    <tbody>        <tr class=\"wpdt-cell-row \" >\n                            <td class=\"wpdt-cell wpdt-bc-F3F9FE wpdt-bold\"\n                                    data-cell-id=\"A1\"\n                data-col-index=\"0\"\n                data-row-index=\"0\"\n                style=\" width:260px;                padding:10px;\"\n                >\n                                Nombre d\u2019enfant(s)                <\/td>\n                                            <td class=\"wpdt-cell wpdt-bc-F3F9FE wpdt-bold\"\n                                    data-cell-id=\"B1\"\n                data-col-index=\"1\"\n                data-row-index=\"0\"\n                style=\" width:228px;                padding:10px;\"\n                >\n                                Personne seule                <\/td>\n                                            <td class=\"wpdt-cell wpdt-bc-F3F9FE wpdt-bold\"\n                                    data-cell-id=\"C1\"\n                data-col-index=\"2\"\n                data-row-index=\"0\"\n                style=\" width:217px;                padding:10px;\"\n                >\n                                En couple                <\/td>\n                                        <\/tr>\n                            <tr class=\"wpdt-cell-row \" >\n                            <td class=\"wpdt-cell wpdt-bold\"\n                                    data-cell-id=\"A2\"\n                data-col-index=\"0\"\n                data-row-index=\"1\"\n                style=\"                padding:10px;\"\n                >\n                                Sans enfant                <\/td>\n                                            <td class=\"wpdt-cell \"\n                                    data-cell-id=\"B2\"\n                data-col-index=\"1\"\n                data-row-index=\"1\"\n                style=\"                padding:10px;\"\n                >\n                                152,45 \u20ac                <\/td>\n                                            <td class=\"wpdt-cell \"\n                                    data-cell-id=\"C2\"\n                data-col-index=\"2\"\n                data-row-index=\"1\"\n                style=\"                padding:10px;\"\n                >\n                                228,68 \u20ac                <\/td>\n                                        <\/tr>\n                            <tr class=\"wpdt-cell-row \" >\n                            <td class=\"wpdt-cell wpdt-bold\"\n                                    data-cell-id=\"A3\"\n                data-col-index=\"0\"\n                data-row-index=\"2\"\n                style=\"                padding:10px;\"\n                >\n                                1 enfant                <\/td>\n                                            <td class=\"wpdt-cell \"\n                                    data-cell-id=\"B3\"\n                data-col-index=\"1\"\n                data-row-index=\"2\"\n                style=\"                padding:10px;\"\n                >\n                                228,68 \u20ac                <\/td>\n                                            <td class=\"wpdt-cell \"\n                                    data-cell-id=\"C3\"\n                data-col-index=\"2\"\n                data-row-index=\"2\"\n                style=\"                padding:10px;\"\n                >\n                                274,41 \u20ac                <\/td>\n                                        <\/tr>\n                            <tr class=\"wpdt-cell-row \" >\n                            <td class=\"wpdt-cell wpdt-bold\"\n                                    data-cell-id=\"A4\"\n                data-col-index=\"0\"\n                data-row-index=\"3\"\n                style=\"                padding:10px;\"\n                >\n                                2 enfants                <\/td>\n                                            <td class=\"wpdt-cell \"\n                                    data-cell-id=\"B4\"\n                data-col-index=\"1\"\n                data-row-index=\"3\"\n                style=\"                padding:10px;\"\n                >\n                                274,41 \u20ac                <\/td>\n                                            <td class=\"wpdt-cell \"\n                                    data-cell-id=\"C4\"\n                data-col-index=\"2\"\n                data-row-index=\"3\"\n                style=\"                padding:10px;\"\n                >\n                                320,15 \u20ac                <\/td>\n                                        <\/tr>\n                            <tr class=\"wpdt-cell-row \" >\n                            <td class=\"wpdt-cell wpdt-bold\"\n                                    data-cell-id=\"A5\"\n                data-col-index=\"0\"\n                data-row-index=\"4\"\n                style=\"                padding:10px;\"\n                >\n                                3 enfants                <\/td>\n                                            <td class=\"wpdt-cell \"\n                                    data-cell-id=\"B5\"\n                data-col-index=\"1\"\n                data-row-index=\"4\"\n                style=\"                padding:10px;\"\n                >\n                                335,39 \u20ac                <\/td>\n                                            <td class=\"wpdt-cell \"\n                                    data-cell-id=\"C5\"\n                data-col-index=\"2\"\n                data-row-index=\"4\"\n                style=\"                padding:10px;\"\n                >\n                                381,13 \u20ac                <\/td>\n                                        <\/tr>\n                            <tr class=\"wpdt-cell-row \" >\n                            <td class=\"wpdt-cell wpdt-bold\"\n                                    data-cell-id=\"A6\"\n                data-col-index=\"0\"\n                data-row-index=\"5\"\n                style=\"                padding:10px;\"\n                >\n                                4 enfants                <\/td>\n                                            <td class=\"wpdt-cell \"\n                                    data-cell-id=\"B6\"\n                data-col-index=\"1\"\n                data-row-index=\"5\"\n                style=\"                padding:10px;\"\n                >\n                                396,37 \u20ac                <\/td>\n                                            <td class=\"wpdt-cell \"\n                                    data-cell-id=\"C6\"\n                data-col-index=\"2\"\n                data-row-index=\"5\"\n                style=\"                padding:10px;\"\n                >\n                                442,11 \u20ac                <\/td>\n                                        <\/tr>\n                            <tr class=\"wpdt-cell-row \" >\n                            <td class=\"wpdt-cell wpdt-bold\"\n                                    data-cell-id=\"A7\"\n                data-col-index=\"0\"\n                data-row-index=\"6\"\n                style=\"                padding:10px;\"\n                >\n                                5 enfants                <\/td>\n                                            <td class=\"wpdt-cell \"\n                                    data-cell-id=\"B7\"\n                data-col-index=\"1\"\n                data-row-index=\"6\"\n                style=\"                padding:10px;\"\n                >\n                                457,35 \u20ac                <\/td>\n                                            <td class=\"wpdt-cell \"\n                                    data-cell-id=\"C7\"\n                data-col-index=\"2\"\n                data-row-index=\"6\"\n                style=\"                padding:10px;\"\n                >\n                                503,09 \u20ac                <\/td>\n                                        <\/tr>\n                            <tr class=\"wpdt-cell-row \" >\n                            <td class=\"wpdt-cell wpdt-bold\"\n                                    data-cell-id=\"A8\"\n                data-col-index=\"0\"\n                data-row-index=\"7\"\n                style=\"                padding:10px;\"\n                >\n                                Par enfant(s) suppl\u00e9mentaire                <\/td>\n                                            <td class=\"wpdt-cell \"\n                                    data-cell-id=\"B8\"\n                data-col-index=\"1\"\n                data-row-index=\"7\"\n                style=\"                padding:10px;\"\n                >\n                                +60,98 \u20ac                <\/td>\n                                            <td class=\"wpdt-cell \"\n                                    data-cell-id=\"C8\"\n                data-col-index=\"2\"\n                data-row-index=\"7\"\n                style=\"                padding:10px;\"\n                >\n                                +60,98 \u20ac                <\/td>\n                                        <\/tr>\n                    <\/table>\n<\/div><style id='wpdt-custom-style-33'>\n.wpdt-bc-F3F9FE { background-color: #F3F9FE !important;}\n<\/style>\n<\/p>\n<p><em>(Montants officiels en vigueur au 03\/12\/2025)<\/em><\/p>\n<h2>Demande de la prime de No\u00ebl<\/h2>\n<p>Que vous d\u00e9pendiez de la Caisse d&rsquo;allocations familiales (CAF), de la Mutualit\u00e9 sociale agricole (MSA) ou de France Travail, vous n&rsquo;avez aucune d\u00e9marche \u00e0 effectuer. L&rsquo;organisme dont vous d\u00e9pendez a d\u00e9j\u00e0 connaissance de vos donn\u00e9es personnelles permettant d&rsquo;estimer vos droits \u00e0 la prime d&rsquo;activit\u00e9. N\u00e9anmoins, si vous souhaitez une estimation fiable de vos droits, vous pouvez utiliser le simulateur d&rsquo;aides sociales Mes Allocs.<\/p>\n<div class='cta-block'><div class='text'>Simulez votre prime de No\u00ebl en 2 min.<\/div><a href='https:\/\/www.mes-allocs.fr\/ab-app?origin=guides\/wp-json\/wp\/v2\/posts\/14887' class='app-button fit'>Simulation gratuite<\/a><\/div>\n<h1>Prime de No\u00ebl vers\u00e9e par l&#8217;employeur : le salari\u00e9 en CDD est-il concern\u00e9 ?<\/h1>\n<p><strong>Oui<\/strong>, un salari\u00e9 en CDD peut recevoir la prime de No\u00ebl vers\u00e9e par l&rsquo;entreprise. Cette prime, totalement diff\u00e9rente de celle vers\u00e9e par la CAF, la MSA ou France Travail, est une initiative priv\u00e9e, d\u00e9cid\u00e9e librement par l\u2019employeur, et non d\u2019une aide sociale.<\/p>\n<p>Cette prime, parfois appel\u00e9e prime de fin d\u2019ann\u00e9e, prime exceptionnelle ou encore prime de partage de la valeur (PPV), est vers\u00e9e \u00e0 la discr\u00e9tion de l\u2019entreprise. Elle peut \u00eatre attribu\u00e9e \u00e0 l\u2019ensemble des salari\u00e9s, ou seulement \u00e0 ceux remplissant certaines conditions d\u2019anciennet\u00e9, de contrat ou de pr\u00e9sence.<\/p>\n<p>Pour les salari\u00e9s en CDD, tout d\u00e9pend donc des modalit\u00e9s fix\u00e9es par l\u2019employeur ou les accords collectifs en vigueur dans l\u2019entreprise. <strong>En g\u00e9n\u00e9ral, si le CDD est en cours au moment du versement et que le salari\u00e9 remplit les crit\u00e8res pr\u00e9vus, il peut parfaitement percevoir cette prime<\/strong>. Toutefois, les salari\u00e9s en contrat court, ou dont le contrat se termine avant la date de versement, peuvent \u00eatre exclus du dispositif selon les r\u00e8gles internes \u00e0 l\u2019entreprise.<\/p>\n<h2><span id=\"La_prime_de_Noel_entreprise\">Prime de fin d&rsquo;ann\u00e9e vers\u00e9e par l&#8217;employeur : quelles sont les conditions ?\u00a0<\/span><\/h2>\n<div class=\"wrapper with-widget\">\n<div class=\"region region-content\">\n<section id=\"block-system-main\" class=\"block block-system clearfix\">\n<div class=\"blog-main-post text-art node-article node-52471\">\n<p>Afin de percevoir la prime de fin d\u2019ann\u00e9e ou prime de No\u00ebl, et si votre entreprise poss\u00e8de bien une convention collective qui \u00e9tablit l\u2019attribution de cette prime, vous devez respecter certaines conditions. En effet, pour en b\u00e9n\u00e9ficier, vous devrez <strong>g\u00e9n\u00e9ralement<\/strong> :<\/p>\n<ul>\n<li>Avoir travaill\u00e9 au moins 2 mois au sein de l\u2019entreprise si vous \u00eates travailleur \u00e0 plein temps ou \u00e0\u00a0temps partiel<\/li>\n<li>Avoir travaill\u00e9 au moins 44 jours dans l\u2019entreprise si vous \u00eates travailleur occasionnel<\/li>\n<li>Ne pas avoir quitt\u00e9 l\u2019entreprise volontairement ou avoir \u00e9t\u00e9\u00a0licenci\u00e9 pour faute lourde\u00a0ou grave<\/li>\n<\/ul>\n<p>Vous l&rsquo;aurez compris, \u00eatre en CDD ouvre parfaitement les droits \u00e0 la prime de No\u00ebl d&rsquo;entreprise. Vous n&rsquo;avez pas un contrat de travail \u00e0 plein temps ? D\u00e9couvrez notre article pour connaitre les conditions du cumul <a href=\"https:\/\/www.mes-allocs.fr\/guides\/prime-de-noel\/prime-de-noel-cumul\/prime-de-noel-et-travail-a-mi-temps\/\">prime de No\u00ebl et travail \u00e0 mi-temps<\/a>.<\/p>\n<h2>La prime de No\u00ebl est-elle obligatoirement vers\u00e9e par l&rsquo;entreprise pendant un CDD ?<\/h2>\n<p><strong>Non<\/strong>, ce n&rsquo;est pas une obligation. Le versement d&rsquo;une prime de No\u00ebl peut \u00eatre convenu explicitement dans :<\/p>\n<ul>\n<li>Votre contrat de travail\u00a0;<\/li>\n<li>La convention collective\u00a0;<\/li>\n<li>Un autre accord collectif\u00a0;<\/li>\n<li>Un engagement \u00e9crit de l&rsquo;entreprise.<\/li>\n<\/ul>\n<h2>Quel est le montant de la prime de No\u00ebl en entreprise ?<\/h2>\n<p>Le montant de la prime de No\u00ebl <strong>d\u00e9pend de chaque entreprise et des secteurs d\u2019activit\u00e9<\/strong>. De plus, le montant peut correspondre \u00e0 un mois de salaire, \u00e0 un pourcentage de votre r\u00e9mun\u00e9ration annuelle ou \u00e0 un montant forfaitaire sp\u00e9cifi\u00e9 dans la convention collective.<\/p>\n<p>Il faut savoir que le montant vers\u00e9 est d\u00e9cid\u00e9 par l&#8217;employeur et des conditions qu&rsquo;il fixe. Ce qui signifie qu&rsquo;il peut d\u00e9pendre de votre poste, de votre salaire etc. Il se peut aussi que vos absences et arr\u00eats maladie aient un impact sur le montant que vous pourrez toucher. Dans certains cas, ils peuvent \u00eatre d\u00e9compt\u00e9s (si la prime de No\u00ebl est vers\u00e9e selon le temps de travail effectif).<\/p>\n<p>En revanche, notez bien que les cong\u00e9s pay\u00e9s, maternit\u00e9 ou paternit\u00e9 ne peuvent pas \u00eatre d\u00e9duits sur le calcul de votre temps effectif.<\/p>\n<p><div class='shortcode important'><div class='title'>Important<\/div><div class='content'>Il est \u00e9galement possible que cette prime soit vers\u00e9e sous une autre forme, par exemple en ch\u00e8ques-cadeaux, bons d\u2019achat ou cartes cadeaux attribu\u00e9s par le comit\u00e9 social et \u00e9conomique (CSE). Dans ce cas, les salari\u00e9s en CDD y ont souvent droit au m\u00eame titre que les CDI, d\u00e8s lors qu\u2019ils sont pr\u00e9sents dans l\u2019entreprise au moment de l\u2019attribution.<\/div><\/div><!-- notionvc: 30e1c8f2-c647-4677-b7a0-d2909d9d618d --><\/p>\n<h2>Quelle est la date de versement de la prime de No\u00ebl en entreprise ?<\/h2>\n<p>La prime de No\u00ebl est comme son nom l&rsquo;indique vers\u00e9e vers la fin de l\u2019ann\u00e9e, souvent mi d\u00e9cembre pour la p\u00e9riode de No\u00ebl. Cependant, elle est parfois vers\u00e9e au d\u00e9but de l\u2019ann\u00e9e suivante.<\/p>\n<p>Pour la prime de No\u00ebl en entreprise, la date d\u00e9pend de ce qui est d\u00e9cid\u00e9 par l&#8217;employeur, ce qui explique aussi pourquoi elle peut \u00eatre vers\u00e9e <strong>en une ou plusieurs fois<\/strong>. La prime de No\u00ebl peut aussi \u00eatre r\u00e9partie sur l\u2019ann\u00e9e comme une majoration du salaire mensuel.<\/p>\n<h2>La prime de No\u00ebl en entreprise est-elle imposable ?<\/h2>\n<p>La r\u00e9ponse est oui. La prime de No\u00ebl est un compl\u00e9ment de votre salaire, ce qui fait d&rsquo;elle un revenu imposable de la m\u00eame mani\u00e8re que votre r\u00e9mun\u00e9ration mensuelle.<\/p>\n<\/div>\n<\/section>\n<\/div>\n<\/div>\n<h1>Prime de No\u00ebl et prime d&rsquo;activit\u00e9 : un cumul possible ?<\/h1>\n<p>Le cumul de la prime de No\u00ebl avec la prime d&rsquo;activit\u00e9 est possible, sous condition. Si vous percevez la prime d&rsquo;activit\u00e9 au mois de novembre ou d\u00e9cembre 2025, la somme de votre RSA socle et de votre prime d&rsquo;activit\u00e9 doit \u00eatre inf\u00e9rieure ou \u00e9gale au montant du RSA socle correspondant \u00e0 la composition de la famille. Si vous vous trouvez dans n&rsquo;importe quelle autre situation, il vous sera impossible de cumuler la prime de No\u00ebl avec la prime d&rsquo;activit\u00e9.<\/p>\n<p><div class='shortcode disclaimer'><div class='title'>Attention<\/div><div class='content'>\u00catre simplement b\u00e9n\u00e9ficiaire de la prime d&rsquo;activit\u00e9 ne vous permet de pr\u00e9tendre \u00e0 la prime de No\u00ebl.<\/div><\/div><!-- notionvc: 899d0b0f-fc9c-43ae-9e45-7365a7f9ec21 --><br \/>\n<!-- notionvc: 50b816b7-23c6-4f53-a409-860b03011365 --><\/p>\n<div class='cta-block'><div class='text'>Simulez votre prime de No\u00ebl en 2 min.<\/div><a href='https:\/\/www.mes-allocs.fr\/ab-app?origin=guides\/wp-json\/wp\/v2\/posts\/14887' class='app-button fit'>Simulation gratuite<\/a><\/div>\n","protected":false},"excerpt":{"rendered":"<p>[Mis \u00e0 jour le 04\/12\/2025] Chaque fin d\u2019ann\u00e9e, la prime de No\u00ebl vient apporter un coup de pouce aux foyers aux revenus modestes. Mais lorsqu\u2019on travaille en CDD, le doute s\u2019installe : a-t-on droit \u00e0 cette aide exceptionnelle vers\u00e9e par la CAF, la MSA ou France Travail ? Contrairement \u00e0 ce que l\u2019on pourrait penser, [&hellip;]<\/p>\n","protected":false},"author":6,"featured_media":14890,"comment_status":"open","ping_status":"open","sticky":false,"template":"","format":"standard","meta":{"amp_status":"","footnotes":""},"categories":[31,38913],"tags":[],"class_list":["post-14887","post","type-post","status-publish","format-standard","has-post-thumbnail","hentry","category-prime-de-noel","category-prime-de-noel-cumul"],"yoast_head":"<!-- This site is optimized with the Yoast SEO plugin v14.9 - https:\/\/yoast.com\/wordpress\/plugins\/seo\/ -->\n<title>Prime de No\u00ebl en CDD : est-ce possible ? | Mes-Allocs.fr<\/title>\n<meta name=\"description\" content=\"La prime de Noel est vers\u00e9e par la CAF et aussi par certaines entreprises. Mes Allocs vous explique si vous pouvez en b\u00e9n\u00e9ficier en CDD.\" \/>\n<meta name=\"robots\" content=\"index, follow, max-snippet:-1, max-image-preview:large, max-video-preview:-1\" \/>\n<link rel=\"canonical\" href=\"https:\/\/www.mes-allocs.fr\/guides\/prime-de-noel\/prime-de-noel-cumul\/cdd-et-prime-de-noel\/\" \/>\n<meta property=\"og:locale\" content=\"fr_FR\" \/>\n<meta property=\"og:type\" content=\"article\" \/>\n<meta property=\"og:title\" content=\"Prime de No\u00ebl en CDD : est-ce possible ? | Mes-Allocs.fr\" \/>\n<meta property=\"og:description\" content=\"La prime de Noel est vers\u00e9e par la CAF et aussi par certaines entreprises. Mes Allocs vous explique si vous pouvez en b\u00e9n\u00e9ficier en CDD.\" \/>\n<meta property=\"og:url\" content=\"https:\/\/www.mes-allocs.fr\/guides\/prime-de-noel\/prime-de-noel-cumul\/cdd-et-prime-de-noel\/\" \/>\n<meta property=\"og:site_name\" content=\"Mes-Allocs.fr\" \/>\n<meta property=\"article:published_time\" content=\"2020-11-16T09:38:15+00:00\" \/>\n<meta property=\"article:modified_time\" content=\"2025-12-04T17:29:12+00:00\" \/>\n<meta property=\"og:image\" content=\"https:\/\/www.mes-allocs.fr\/guides\/wp-content\/uploads\/2020\/11\/pexels-brett-sayles-1708601.jpg?wsr\" \/>\n\t<meta property=\"og:image:width\" content=\"1280\" \/>\n\t<meta property=\"og:image:height\" content=\"853\" \/>\n<meta name=\"twitter:card\" content=\"summary_large_image\" \/>\n<script type=\"application\/ld+json\" class=\"yoast-schema-graph\">{\"@context\":\"https:\/\/schema.org\",\"@graph\":[{\"@type\":\"WebSite\",\"@id\":\"https:\/\/www.mes-allocs.fr\/guides\/#website\",\"url\":\"https:\/\/www.mes-allocs.fr\/guides\/\",\"name\":\"Mes-Allocs.fr\",\"description\":\"\",\"potentialAction\":[{\"@type\":\"SearchAction\",\"target\":\"https:\/\/www.mes-allocs.fr\/guides\/?s={search_term_string}\",\"query-input\":\"required name=search_term_string\"}],\"inLanguage\":\"fr-FR\"},{\"@type\":\"ImageObject\",\"@id\":\"https:\/\/www.mes-allocs.fr\/guides\/prime-de-noel\/prime-de-noel-cumul\/cdd-et-prime-de-noel\/#primaryimage\",\"inLanguage\":\"fr-FR\",\"url\":\"https:\/\/www.mes-allocs.fr\/guides\/wp-content\/uploads\/2020\/11\/pexels-brett-sayles-1708601.jpg?wsr\",\"width\":1280,\"height\":853,\"caption\":\"pexels brett sayles 1708601 e1605164577430\"},{\"@type\":\"WebPage\",\"@id\":\"https:\/\/www.mes-allocs.fr\/guides\/prime-de-noel\/prime-de-noel-cumul\/cdd-et-prime-de-noel\/#webpage\",\"url\":\"https:\/\/www.mes-allocs.fr\/guides\/prime-de-noel\/prime-de-noel-cumul\/cdd-et-prime-de-noel\/\",\"name\":\"Prime de No\\u00ebl en CDD : est-ce possible ? | Mes-Allocs.fr\",\"isPartOf\":{\"@id\":\"https:\/\/www.mes-allocs.fr\/guides\/#website\"},\"primaryImageOfPage\":{\"@id\":\"https:\/\/www.mes-allocs.fr\/guides\/prime-de-noel\/prime-de-noel-cumul\/cdd-et-prime-de-noel\/#primaryimage\"},\"datePublished\":\"2020-11-16T09:38:15+00:00\",\"dateModified\":\"2025-12-04T17:29:12+00:00\",\"author\":{\"@id\":\"https:\/\/www.mes-allocs.fr\/guides\/#\/schema\/person\/0ecd61a8600573914d00d970a588c024\"},\"description\":\"La prime de Noel est vers\\u00e9e par la CAF et aussi par certaines entreprises. Mes Allocs vous explique si vous pouvez en b\\u00e9n\\u00e9ficier en CDD.\",\"inLanguage\":\"fr-FR\"},{\"@type\":\"Person\",\"@id\":\"https:\/\/www.mes-allocs.fr\/guides\/#\/schema\/person\/0ecd61a8600573914d00d970a588c024\",\"name\":\"Jonathan\",\"image\":{\"@type\":\"ImageObject\",\"@id\":\"https:\/\/www.mes-allocs.fr\/guides\/#personlogo\",\"inLanguage\":\"fr-FR\",\"url\":\"https:\/\/www.mes-allocs.fr\/guides\/wp-content\/uploads\/2021\/06\/jonathan-150x150.png\",\"caption\":\"Jonathan\"},\"description\":\"Jonathan est r\\u00e9dacteur au sein de l'\\u00e9quipe Mes Allocs, sp\\u00e9cialis\\u00e9 sur les sujets li\\u00e9s au handicap. Dipl\\u00f4m\\u00e9e de l'UPEM, il rejoint Mes Allocs apr\\u00e8s avoir travaill\\u00e9 \\u00e0 l'association AEDE qui accompagne les adultes en situation de handicap. Quand il n'\\u00e9crit pas, on peut le retrouver sur un terrain de basket.\",\"sameAs\":[\"https:\/\/www.linkedin.com\/in\/jonathan-bambela-8637861b7\"]}]}<\/script>\n<!-- \/ Yoast SEO plugin. -->","amp_validity":null,"acf":{"faq":{"1":{"question":"Qui peut avoir la prime de No\u00ebl ?","answer":"La prime de no\u00ebl, depuis 1998, est vers\u00e9e chaque ann\u00e9e aux b\u00e9n\u00e9ficiaires des minima sociaux. Cette prime fait partie des aides aux b\u00e9n\u00e9ficiaires du RSA ainsi que l'ASS ou la PTS. "},"2":{"question":"Qui touche la prime de fin d'ann\u00e9e ?","answer":"En principe, la plupart des salari\u00e9s, s'ils respectent certaines conditions, b\u00e9n\u00e9ficieront d'une prime de fin d'ann\u00e9e. Le salari\u00e9 doit avoir travaill\u00e9 au moins 2 mois dans l'entreprise (temps partiel ou plein) ou 44 jours pour un travailleur occasionnel. Son montant varie selon les secteurs d'activit\u00e9s."},"3":{"question":"Quand sera vers\u00e9e la prime de No\u00ebl ?","answer":"Chaque ann\u00e9e, la prime de No\u00ebl est vers\u00e9e par virement bancaire dans les 15 jours pr\u00e9c\u00e9dant No\u00ebl. En 2025, le versement interviendra d\u00e8s\u00a0le 16 d\u00e9cembre 2025."},"4":{"question":"Quel est le montant de la prime de no\u00ebl ?","answer":"Si elle est vers\u00e9e par P\u00f4le Emploi, le montant de la prime de noel est de 152,45 euros (identique pour tous les b\u00e9n\u00e9ficiaires).\r\nSi elles est vers\u00e9e par la CAF, son montant varie selon la composition du foyer :\r\n\r\nPersonne seule : 152,45 euros\r\nCouple sans enfants : 228,67 euros\r\nCouple avec 1 enfant : 274,41 euros"},"5":{"question":"Comment faire une demande de prime de no\u00ebl ?","answer":"Vous n'avez aucune d\u00e9marche \u00e0 faire. Le versement de de la prime de no\u00ebl est automatique si vous \u00eates \u00e9ligible"},"6":{"question":"Les ch\u00f4meurs peuvent-ils b\u00e9n\u00e9ficier de la prime de No\u00ebl ?","answer":"Si vous touchez l'Allocation de Retour \u00e0 l'Emploi (l'ARE c'est \u00e0 dire les allocations ch\u00f4mage), l'Allocation Adulte Handicap\u00e9 (l'AAH) ou encore le minimum vieillesse, vous n'avez malheureusement pas droit \u00e0 la prime de no\u00ebl."},"7":{"question":"","answer":""},"8":{"question":"","answer":""},"9":{"question":"","answer":""},"10":{"question":"","answer":""},"11":{"question":"","answer":""},"12":{"question":"","answer":""},"13":{"question":"","answer":""},"14":{"question":"","answer":""},"15":{"question":"","answer":""},"16":{"question":"","answer":""}}},"_links":{"self":[{"href":"https:\/\/www.mes-allocs.fr\/guides\/wp-json\/wp\/v2\/posts\/14887","targetHints":{"allow":["GET"]}}],"collection":[{"href":"https:\/\/www.mes-allocs.fr\/guides\/wp-json\/wp\/v2\/posts"}],"about":[{"href":"https:\/\/www.mes-allocs.fr\/guides\/wp-json\/wp\/v2\/types\/post"}],"author":[{"embeddable":true,"href":"https:\/\/www.mes-allocs.fr\/guides\/wp-json\/wp\/v2\/users\/6"}],"replies":[{"embeddable":true,"href":"https:\/\/www.mes-allocs.fr\/guides\/wp-json\/wp\/v2\/comments?post=14887"}],"version-history":[{"count":28,"href":"https:\/\/www.mes-allocs.fr\/guides\/wp-json\/wp\/v2\/posts\/14887\/revisions"}],"predecessor-version":[{"id":106405,"href":"https:\/\/www.mes-allocs.fr\/guides\/wp-json\/wp\/v2\/posts\/14887\/revisions\/106405"}],"wp:featuredmedia":[{"embeddable":true,"href":"https:\/\/www.mes-allocs.fr\/guides\/wp-json\/wp\/v2\/media\/14890"}],"wp:attachment":[{"href":"https:\/\/www.mes-allocs.fr\/guides\/wp-json\/wp\/v2\/media?parent=14887"}],"wp:term":[{"taxonomy":"category","embeddable":true,"href":"https:\/\/www.mes-allocs.fr\/guides\/wp-json\/wp\/v2\/categories?post=14887"},{"taxonomy":"post_tag","embeddable":true,"href":"https:\/\/www.mes-allocs.fr\/guides\/wp-json\/wp\/v2\/tags?post=14887"}],"curies":[{"name":"wp","href":"https:\/\/api.w.org\/{rel}","templated":true}]}}