{"id":14885,"date":"2020-11-16T09:47:30","date_gmt":"2020-11-16T09:47:30","guid":{"rendered":"https:\/\/www.mes-allocs.fr\/guides\/?p=14885"},"modified":"2022-12-28T12:18:25","modified_gmt":"2022-12-28T10:18:25","slug":"prime-d-activite-plafond-net","status":"publish","type":"post","link":"https:\/\/www.mes-allocs.fr\/guides\/prime-d-activite\/plafond-prime-activite\/prime-d-activite-plafond-net\/","title":{"rendered":"Prime d&rsquo;activit\u00e9 : quels sont les plafonds net \u00e0 respecter ?"},"content":{"rendered":"<p><img loading=\"lazy\" decoding=\"async\" class=\"aligncenter size-full wp-image-60068\" title=\"prime d'activit\u00e9 plafond net\" src=\"https:\/\/www.mes-allocs.fr\/guides\/wp-content\/uploads\/2020\/11\/image_2022-12-28_110057444.png\" alt=\"prime d'activit\u00e9 plafond net\" width=\"1243\" height=\"294\" srcset=\"https:\/\/www.mes-allocs.fr\/guides\/wp-content\/uploads\/2020\/11\/image_2022-12-28_110057444.png 1243w, https:\/\/www.mes-allocs.fr\/guides\/wp-content\/uploads\/2020\/11\/image_2022-12-28_110057444-300x71.png 300w, https:\/\/www.mes-allocs.fr\/guides\/wp-content\/uploads\/2020\/11\/image_2022-12-28_110057444-1024x242.png 1024w, https:\/\/www.mes-allocs.fr\/guides\/wp-content\/uploads\/2020\/11\/image_2022-12-28_110057444-768x182.png 768w, https:\/\/www.mes-allocs.fr\/guides\/wp-content\/uploads\/2020\/11\/image_2022-12-28_110057444-600x142.png 600w\" sizes=\"auto, (max-width: 1243px) 100vw, 1243px\" \/><\/p>\r\n<p style=\"text-align: justify;\">La <a href=\"https:\/\/www.mes-allocs.fr\/guides\/prime-d-activite\/\">prime d&rsquo;activit<\/a>\u00e9 est attribu\u00e9e par la CAF ou la MSA si vous relevez du r\u00e9gime agricole. En vigueur depuis 1998, elle s&rsquo;adresse aux personnes b\u00e9n\u00e9ficiaires de minima sociaux. Pour en b\u00e9n\u00e9ficier, de nombreuses conditions sont \u00e0 respecter, notamment des conditions de ressources du foyer. Mes Allocs vous dit tout sur les plafonds en vigueur de la prime d&rsquo;activit\u00e9.<\/p>\r\n<p>&nbsp;<\/p>\r\n<div class='cta-block'><div class='text'>Simulez vos aides sociales en 2 min. <\/div><a href='https:\/\/www.mes-allocs.fr\/ab-app?origin=guides\/wp-json\/wp\/v2\/posts\/14885' class='app-button fit'>Simulation gratuite<\/a><\/div>\r\n<p>&nbsp;<\/p>\r\n<h1>Qu&rsquo;est-ce que la prime d&rsquo;activit\u00e9 ?<\/h1>\r\n<p style=\"text-align: justify;\">La prime d&rsquo;activit\u00e9 est un dispositif vers\u00e9 aux travailleurs ayant de faibles ressources. Elle a pour objectif de garantir un certain pouvoir d&rsquo;achat et d&rsquo;encourager \u00e0 maintenir l&#8217;emploi. Selon votre r\u00e9gime d&rsquo;affiliation, cette prime vous sera vers\u00e9e soit par la CAF, soit par la MSA.<\/p>\r\n<h2>Qui peut la demander ?<a href=\"https:\/\/www.mes-allocs.fr\/guides\/wp-content\/uploads\/2020\/11\/pexels-andrea-piacquadio-3854130-1.jpg\"><img loading=\"lazy\" decoding=\"async\" class=\"size-medium wp-image-14937 alignright\" src=\"https:\/\/www.mes-allocs.fr\/guides\/wp-content\/uploads\/2020\/11\/pexels-andrea-piacquadio-3854130-1-300x200.jpg\" alt=\"Prime d'activit\u00e9 :  quel est le plafond net \u00e0 respecter pour en b\u00e9n\u00e9ficier ?\" width=\"300\" height=\"200\" srcset=\"https:\/\/www.mes-allocs.fr\/guides\/wp-content\/uploads\/2020\/11\/pexels-andrea-piacquadio-3854130-1-300x200.jpg 300w, https:\/\/www.mes-allocs.fr\/guides\/wp-content\/uploads\/2020\/11\/pexels-andrea-piacquadio-3854130-1-1024x682.jpg 1024w, https:\/\/www.mes-allocs.fr\/guides\/wp-content\/uploads\/2020\/11\/pexels-andrea-piacquadio-3854130-1-768x512.jpg 768w, https:\/\/www.mes-allocs.fr\/guides\/wp-content\/uploads\/2020\/11\/pexels-andrea-piacquadio-3854130-1-600x400.jpg 600w, https:\/\/www.mes-allocs.fr\/guides\/wp-content\/uploads\/2020\/11\/pexels-andrea-piacquadio-3854130-1.jpg 1280w\" sizes=\"auto, (max-width: 300px) 100vw, 300px\" \/><\/a><\/h2>\r\n<ul>\r\n<li>salari\u00e9s<\/li>\r\n<li>travailleurs ind\u00e9pendants<\/li>\r\n<li>travailleurs handicap\u00e9s<\/li>\r\n<li>exploitants agricoles<\/li>\r\n<li>\u00e9tudiants, stagiaires et apprentis qui gagnent plus de 1008,51 euros nets au 1er janvier 2022.<\/li>\r\n<\/ul>\r\n<h2>Quelles sont les conditions d&rsquo;attribution ?<\/h2>\r\n<ul>\r\n<li>Avoir 18 ans<\/li>\r\n<li style=\"text-align: justify;\">Exercer une activit\u00e9 professionnelle (salari\u00e9e ou m\u00eame\u00a0ind\u00e9pendante) et percevoir des revenus modestes<\/li>\r\n<li style=\"text-align: justify;\">R\u00e9sider en France m\u00e9tropolitaine ou les DOM<\/li>\r\n<li style=\"text-align: justify;\">\u00catre fran\u00e7ais ou citoyen de l&rsquo;Espace \u00e9conomique europ\u00e9en (ou s\u00e9journer en France de fa\u00e7on r\u00e9guli\u00e8re depuis au moins 5 ans pour les \u00e9trangers hors Union Europ\u00e9enne).<\/li>\r\n<\/ul>\r\n<p>&nbsp;<\/p>\r\n<p><iframe loading=\"lazy\" title=\"La prime d&#039;activit\u00e9\" width=\"500\" height=\"281\" src=\"https:\/\/www.youtube.com\/embed\/uavbovK5ZXc?feature=oembed\" frameborder=\"0\" allow=\"accelerometer; autoplay; clipboard-write; encrypted-media; gyroscope; picture-in-picture; web-share\" referrerpolicy=\"strict-origin-when-cross-origin\" allowfullscreen><\/iframe><\/p>\r\n<p>&nbsp;<\/p>\r\n<h1>Montant de la prime d&rsquo;activit\u00e9 en 2023<\/h1>\r\n<p>Le montant de la prime d&rsquo;activit\u00e9 d\u00e9pend avant tout d&rsquo;un montant forfaitaire, celui-ci peut augmenter en fonction de la composition de votre foyer ainsi que des ressources prises en compte dans le calcul.<\/p>\r\n<p>Voici les montants forfaitaires de la prime d&rsquo;activit\u00e9 <strong>pour une personne seule<\/strong> :<\/p>\r\n<p>&nbsp;<\/p>\r\n\n<div class=\"wpdt-c row wpDataTableContainerSimpleTable wpDataTables wpDataTablesWrapper\n\"\n    >\n    <table id=\"wpdtSimpleTable-1\"\n           class=\"wpdtSimpleTable wpDataTable\"\n           data-column=\"3\"\n           data-rows=\"5\"\n           data-wpID=\"1\"\n           data-responsive=\"0\"\n           data-has-header=\"1\">\n\n                    <thead>        <tr class=\"wpdt-cell-row \" >\n                            <th class=\"wpdt-cell wpdt-bc-F3F9FE wpdt-bold\"\n                                    data-cell-id=\"A1\"\n                data-col-index=\"0\"\n                data-row-index=\"0\"\n                style=\" width:33.333333333333%;                padding:10px;\"\n                >\n                                Nombre d'enfants\nou de personnes \u00e0 charge                <\/th>\n                                            <th class=\"wpdt-cell wpdt-bc-F3F9FE wpdt-bold\"\n                                    data-cell-id=\"B1\"\n                data-col-index=\"1\"\n                data-row-index=\"0\"\n                style=\" width:33.333333333333%;                padding:10px;\"\n                >\n                                Pour une personne seule                <\/th>\n                                            <th class=\"wpdt-cell wpdt-bc-F3F9FE wpdt-bold\"\n                                    data-cell-id=\"C1\"\n                data-col-index=\"2\"\n                data-row-index=\"0\"\n                style=\" width:33.333333333333%;                padding:10px;\"\n                >\n                                Pour un couple                <\/th>\n                                        <\/tr>\n                    <tbody>        <tr class=\"wpdt-cell-row \" >\n                            <td class=\"wpdt-cell \"\n                                    data-cell-id=\"A2\"\n                data-col-index=\"0\"\n                data-row-index=\"1\"\n                style=\"                padding:10px;\"\n                >\n                                0                <\/td>\n                                            <td class=\"wpdt-cell \"\n                                    data-cell-id=\"B2\"\n                data-col-index=\"1\"\n                data-row-index=\"1\"\n                style=\"                padding:10px;\"\n                >\n                                638,28\u00a0\u20ac                <\/td>\n                                            <td class=\"wpdt-cell \"\n                                    data-cell-id=\"C2\"\n                data-col-index=\"2\"\n                data-row-index=\"1\"\n                style=\"                padding:10px;\"\n                >\n                                957,42\u00a0\u20ac                <\/td>\n                                        <\/tr>\n                            <tr class=\"wpdt-cell-row \" >\n                            <td class=\"wpdt-cell \"\n                                    data-cell-id=\"A3\"\n                data-col-index=\"0\"\n                data-row-index=\"2\"\n                style=\"                padding:10px;\"\n                >\n                                1                <\/td>\n                                            <td class=\"wpdt-cell \"\n                                    data-cell-id=\"B3\"\n                data-col-index=\"1\"\n                data-row-index=\"2\"\n                style=\"                padding:10px;\"\n                >\n                                957,42\u00a0\u20ac                <\/td>\n                                            <td class=\"wpdt-cell \"\n                                    data-cell-id=\"C3\"\n                data-col-index=\"2\"\n                data-row-index=\"2\"\n                style=\"                padding:10px;\"\n                >\n                                1\u00a0148,90\u00a0\u20ac                <\/td>\n                                        <\/tr>\n                            <tr class=\"wpdt-cell-row \" >\n                            <td class=\"wpdt-cell \"\n                                    data-cell-id=\"A4\"\n                data-col-index=\"0\"\n                data-row-index=\"3\"\n                style=\"                padding:10px;\"\n                >\n                                2                <\/td>\n                                            <td class=\"wpdt-cell \"\n                                    data-cell-id=\"B4\"\n                data-col-index=\"1\"\n                data-row-index=\"3\"\n                style=\"                padding:10px;\"\n                >\n                                1\u00a0148,90\u00a0\u20ac                <\/td>\n                                            <td class=\"wpdt-cell \"\n                                    data-cell-id=\"C4\"\n                data-col-index=\"2\"\n                data-row-index=\"3\"\n                style=\"                padding:10px;\"\n                >\n                                1\u00a0340,39\u00a0\u20ac                <\/td>\n                                        <\/tr>\n                            <tr class=\"wpdt-cell-row \" >\n                            <td class=\"wpdt-cell \"\n                                    data-cell-id=\"A5\"\n                data-col-index=\"0\"\n                data-row-index=\"4\"\n                style=\"                padding:10px;\"\n                >\n                                Par enfant ou personne \u00e0 charge suppl\u00e9mentaire                <\/td>\n                                            <td class=\"wpdt-cell \"\n                                    data-cell-id=\"B5\"\n                data-col-index=\"1\"\n                data-row-index=\"4\"\n                style=\"                padding:10px;\"\n                >\n                                255,32\u00a0\u20ac                <\/td>\n                                            <td class=\"wpdt-cell \"\n                                    data-cell-id=\"C5\"\n                data-col-index=\"2\"\n                data-row-index=\"4\"\n                style=\"                padding:10px;\"\n                >\n                                255,32\u00a0\u20ac                <\/td>\n                                        <\/tr>\n                    <\/table>\n<\/div><style id='wpdt-custom-style-1'>\ntable#wpdtSimpleTable-1{ table-layout: fixed !important; }\n.wpdt-bc-F3F9FE { background-color: #F3F9FE !important;}\n<\/style>\n\r\n<p>&nbsp;<\/p>\r\n<p>Voici les montants forfaitaires de la prime d&rsquo;activit\u00e9 <strong>pour les personnes en couple<\/strong> :<\/p>\r\n<p>&nbsp;<\/p>\r\n\n<div class=\"wpdt-c row wpDataTableContainerSimpleTable wpDataTables wpDataTablesWrapper\n\"\n    >\n    <table id=\"wpdtSimpleTable-2\"\n           class=\"wpdtSimpleTable wpDataTable\"\n           data-column=\"2\"\n           data-rows=\"5\"\n           data-wpID=\"2\"\n           data-responsive=\"0\"\n           data-has-header=\"1\">\n\n                    <thead>        <tr class=\"wpdt-cell-row \" >\n                            <th class=\"wpdt-cell wpdt-bc-F3F9FE\"\n                                    data-cell-id=\"A1\"\n                data-col-index=\"0\"\n                data-row-index=\"0\"\n                style=\" width:48.571428571429%;                padding:10px;\"\n                >\n                                Nombre d'enfants\nou de personnes \u00e0 charge                <\/th>\n                                            <th class=\"wpdt-cell wpdt-bc-F3F9FE\"\n                                    data-cell-id=\"B1\"\n                data-col-index=\"1\"\n                data-row-index=\"0\"\n                style=\" width:51.428571428571%;                padding:10px;\"\n                >\n                                Pour un couple                <\/th>\n                                        <\/tr>\n                    <tbody>        <tr class=\"wpdt-cell-row \" >\n                            <td class=\"wpdt-cell \"\n                                    data-cell-id=\"A2\"\n                data-col-index=\"0\"\n                data-row-index=\"1\"\n                style=\"                padding:10px;\"\n                >\n                                0                <\/td>\n                                            <td class=\"wpdt-cell \"\n                                    data-cell-id=\"B2\"\n                data-col-index=\"1\"\n                data-row-index=\"1\"\n                style=\"                padding:10px;\"\n                >\n                                957,42 \u20ac                <\/td>\n                                        <\/tr>\n                            <tr class=\"wpdt-cell-row \" >\n                            <td class=\"wpdt-cell \"\n                                    data-cell-id=\"A3\"\n                data-col-index=\"0\"\n                data-row-index=\"2\"\n                style=\"                padding:10px;\"\n                >\n                                1                <\/td>\n                                            <td class=\"wpdt-cell \"\n                                    data-cell-id=\"B3\"\n                data-col-index=\"1\"\n                data-row-index=\"2\"\n                style=\"                padding:10px;\"\n                >\n                                1 148,90 \u20ac                <\/td>\n                                        <\/tr>\n                            <tr class=\"wpdt-cell-row \" >\n                            <td class=\"wpdt-cell \"\n                                    data-cell-id=\"A4\"\n                data-col-index=\"0\"\n                data-row-index=\"3\"\n                style=\"                padding:10px;\"\n                >\n                                2                <\/td>\n                                            <td class=\"wpdt-cell \"\n                                    data-cell-id=\"B4\"\n                data-col-index=\"1\"\n                data-row-index=\"3\"\n                style=\"                padding:10px;\"\n                >\n                                1 340,39 \u20ac                <\/td>\n                                        <\/tr>\n                            <tr class=\"wpdt-cell-row \" >\n                            <td class=\"wpdt-cell \"\n                                    data-cell-id=\"A5\"\n                data-col-index=\"0\"\n                data-row-index=\"4\"\n                style=\"                padding:10px;\"\n                >\n                                Par enfant ou personne en plus                <\/td>\n                                            <td class=\"wpdt-cell \"\n                                    data-cell-id=\"B5\"\n                data-col-index=\"1\"\n                data-row-index=\"4\"\n                style=\"                padding:10px;\"\n                >\n                                255,31 \u20ac                <\/td>\n                                        <\/tr>\n                    <\/table>\n<\/div><style id='wpdt-custom-style-2'>\ntable#wpdtSimpleTable-2{ table-layout: fixed !important; }\n.wpdt-bc-F3F9FE { background-color: #F3F9FE !important;}\n<\/style>\n\r\n<p>&nbsp;<\/p>\r\n<h2>Plafonds nets \u00e0 respecter pour b\u00e9n\u00e9ficier de la prime d&rsquo;activit\u00e9<\/h2>\r\n<p style=\"text-align: justify;\">Tout le monde ne peut pas pr\u00e9tendre \u00e0 la prime d&rsquo;activit\u00e9. Il s&rsquo;agit d&rsquo;un dispositif destin\u00e9 aux personnes ayant de faibles revenus. Notez que ce sont l&rsquo;ensemble des <a href=\"https:\/\/www.mes-allocs.fr\/guides\/prime-d-activite\/plafond-prime-d-activite\/\">revenus<\/a> de votre foyer qui sont pris en compte. La <a href=\"https:\/\/www.mes-allocs.fr\/guides\/prime-d-activite\/caf-prime-d-activite\/\">CAF<\/a> et la MSA contrairement \u00e0 l&rsquo;administration fiscale, prennent la notion de couple au sens large.<a href=\"https:\/\/www.mes-allocs.fr\/guides\/wp-content\/uploads\/2020\/11\/pexels-skitterphoto-9660-1.jpg\"><img loading=\"lazy\" decoding=\"async\" class=\"size-medium wp-image-14936 alignright\" src=\"https:\/\/www.mes-allocs.fr\/guides\/wp-content\/uploads\/2020\/11\/pexels-skitterphoto-9660-1-300x196.jpg\" alt=\"Prime d'activit\u00e9 :  quel est le plafond net \u00e0 respecter pour en b\u00e9n\u00e9ficier ?\" width=\"300\" height=\"196\" srcset=\"https:\/\/www.mes-allocs.fr\/guides\/wp-content\/uploads\/2020\/11\/pexels-skitterphoto-9660-1-300x196.jpg 300w, https:\/\/www.mes-allocs.fr\/guides\/wp-content\/uploads\/2020\/11\/pexels-skitterphoto-9660-1-1024x670.jpg 1024w, https:\/\/www.mes-allocs.fr\/guides\/wp-content\/uploads\/2020\/11\/pexels-skitterphoto-9660-1-768x502.jpg 768w, https:\/\/www.mes-allocs.fr\/guides\/wp-content\/uploads\/2020\/11\/pexels-skitterphoto-9660-1-600x392.jpg 600w, https:\/\/www.mes-allocs.fr\/guides\/wp-content\/uploads\/2020\/11\/pexels-skitterphoto-9660-1.jpg 1280w\" sizes=\"auto, (max-width: 300px) 100vw, 300px\" \/><\/a><\/p>\r\n<p style=\"text-align: justify;\">C&rsquo;est-\u00e0-dire que vous soyez en couple, mari\u00e9, en concubinage, pacs\u00e9, vous \u00eates consid\u00e9r\u00e9 comme \u00ab\u00a0couple\u00a0\u00bb \u00e0 partir du moment que les frais li\u00e9s \u00e0 votre logement (course, loyer, charges, etc.) sont partag\u00e9s.<\/p>\r\n<p>Le salaire minimum pour toucher la prime d&rsquo;activit\u00e9 en 2023 est de <strong>1028,96 euros<\/strong>. Mais il y a aussi un seuil \u00e0 ne pas d\u00e9passer pour pouvoir b\u00e9n\u00e9ficier de cette prime.<\/p>\r\n<p style=\"text-align: justify;\">Les voici pour une personne seule :<\/p>\r\n<p>&nbsp;<\/p>\r\n\n<div class=\"wpdt-c row wpDataTableContainerSimpleTable wpDataTables wpDataTablesWrapper\n\"\n    >\n    <table id=\"wpdtSimpleTable-52\"\n           class=\"wpdtSimpleTable wpDataTable\"\n           data-column=\"2\"\n           data-rows=\"4\"\n           data-wpID=\"52\"\n           data-responsive=\"0\"\n           data-has-header=\"1\">\n\n                    <thead>        <tr class=\"wpdt-cell-row \" >\n                            <th class=\"wpdt-cell wpdt-bc-F3F9FE\"\n                                    data-cell-id=\"A1\"\n                data-col-index=\"0\"\n                data-row-index=\"0\"\n                style=\" width:66.616084977238%;                padding:10px;\"\n                >\n                                Composition du foyer                <\/th>\n                                            <th class=\"wpdt-cell wpdt-bc-F3F9FE\"\n                                    data-cell-id=\"B1\"\n                data-col-index=\"1\"\n                data-row-index=\"0\"\n                style=\" width:33.383915022762%;                padding:10px;\"\n                >\n                                Salaire d\u2019activit\u00e9                <\/th>\n                                        <\/tr>\n                    <tbody>        <tr class=\"wpdt-cell-row \" >\n                            <td class=\"wpdt-cell \"\n                                    data-cell-id=\"A2\"\n                data-col-index=\"0\"\n                data-row-index=\"1\"\n                style=\"                padding:10px;\"\n                >\n                                Une personne seule sans enfant \u00e0 charge                <\/td>\n                                            <td class=\"wpdt-cell \"\n                                    data-cell-id=\"B2\"\n                data-col-index=\"1\"\n                data-row-index=\"1\"\n                style=\"                padding:10px;\"\n                >\n                                2 022,00 \u20ac                <\/td>\n                                        <\/tr>\n                            <tr class=\"wpdt-cell-row \" >\n                            <td class=\"wpdt-cell \"\n                                    data-cell-id=\"A3\"\n                data-col-index=\"0\"\n                data-row-index=\"2\"\n                style=\"                padding:10px;\"\n                >\n                                Personne seule avec 1 enfant \u00e0 charge                <\/td>\n                                            <td class=\"wpdt-cell \"\n                                    data-cell-id=\"B3\"\n                data-col-index=\"1\"\n                data-row-index=\"2\"\n                style=\"                padding:10px;\"\n                >\n                                2 623,00 \u20ac                <\/td>\n                                        <\/tr>\n                            <tr class=\"wpdt-cell-row \" >\n                            <td class=\"wpdt-cell \"\n                                    data-cell-id=\"A4\"\n                data-col-index=\"0\"\n                data-row-index=\"3\"\n                style=\"                padding:10px;\"\n                >\n                                Par enfant suppl\u00e9mentaire                <\/td>\n                                            <td class=\"wpdt-cell \"\n                                    data-cell-id=\"B4\"\n                data-col-index=\"1\"\n                data-row-index=\"3\"\n                style=\"                padding:10px;\"\n                >\n                                601,26 euros                <\/td>\n                                        <\/tr>\n                    <\/table>\n<\/div><style id='wpdt-custom-style-52'>\ntable#wpdtSimpleTable-52{ table-layout: fixed !important; }\n.wpdt-bc-F3F9FE { background-color: #F3F9FE !important;}\n<\/style>\n\r\n<p>&nbsp;<\/p>\r\n<p>Et pour un couple :<\/p>\r\n<p>&nbsp;<\/p>\r\n\n<div class=\"wpdt-c row wpDataTableContainerSimpleTable wpDataTables wpDataTablesWrapper\n\"\n    >\n    <table id=\"wpdtSimpleTable-51\"\n           class=\"wpdtSimpleTable wpDataTable\"\n           data-column=\"2\"\n           data-rows=\"8\"\n           data-wpID=\"51\"\n           data-responsive=\"0\"\n           data-has-header=\"1\">\n\n                    <thead>        <tr class=\"wpdt-cell-row \" >\n                            <th class=\"wpdt-cell wpdt-bc-F3F9FE\"\n                                    data-cell-id=\"A1\"\n                data-col-index=\"0\"\n                data-row-index=\"0\"\n                style=\" width:70.381679389313%;                padding:10px;\"\n                >\n                                Composition du foyer                <\/th>\n                                            <th class=\"wpdt-cell wpdt-bc-F3F9FE\"\n                                    data-cell-id=\"B1\"\n                data-col-index=\"1\"\n                data-row-index=\"0\"\n                style=\" width:29.618320610687%;                padding:10px;\"\n                >\n                                Salaire d\u2019activit\u00e9                <\/th>\n                                        <\/tr>\n                    <tbody>        <tr class=\"wpdt-cell-row \" >\n                            <td class=\"wpdt-cell \"\n                                    data-cell-id=\"A2\"\n                data-col-index=\"0\"\n                data-row-index=\"1\"\n                style=\"                padding:10px;\"\n                >\n                                Couple mono actif sans enfant \u00e0 charge                <\/td>\n                                            <td class=\"wpdt-cell \"\n                                    data-cell-id=\"B2\"\n                data-col-index=\"1\"\n                data-row-index=\"1\"\n                style=\"                padding:10px;\"\n                >\n                                2636,87 euros                <\/td>\n                                        <\/tr>\n                            <tr class=\"wpdt-cell-row \" >\n                            <td class=\"wpdt-cell \"\n                                    data-cell-id=\"A3\"\n                data-col-index=\"0\"\n                data-row-index=\"2\"\n                style=\"                padding:10px;\"\n                >\n                                Couple biactif sans enfant \u00e0 charge                <\/td>\n                                            <td class=\"wpdt-cell \"\n                                    data-cell-id=\"B3\"\n                data-col-index=\"1\"\n                data-row-index=\"2\"\n                style=\"                padding:10px;\"\n                >\n                                3057,48 euros                <\/td>\n                                        <\/tr>\n                            <tr class=\"wpdt-cell-row \" >\n                            <td class=\"wpdt-cell \"\n                                    data-cell-id=\"A4\"\n                data-col-index=\"0\"\n                data-row-index=\"3\"\n                style=\"                padding:10px;\"\n                >\n                                Couple monoactif avec 1 enfant\u00a0\u00e0 charge                <\/td>\n                                            <td class=\"wpdt-cell \"\n                                    data-cell-id=\"B4\"\n                data-col-index=\"1\"\n                data-row-index=\"3\"\n                style=\"                padding:10px;\"\n                >\n                                3087,79 euros                <\/td>\n                                        <\/tr>\n                            <tr class=\"wpdt-cell-row \" >\n                            <td class=\"wpdt-cell \"\n                                    data-cell-id=\"A5\"\n                data-col-index=\"0\"\n                data-row-index=\"4\"\n                style=\"                padding:10px;\"\n                >\n                                Couple biactif avec 1 enfant \u00e0 charge                <\/td>\n                                            <td class=\"wpdt-cell \"\n                                    data-cell-id=\"B5\"\n                data-col-index=\"1\"\n                data-row-index=\"4\"\n                style=\"                padding:10px;\"\n                >\n                                3508,41 euros                <\/td>\n                                        <\/tr>\n                            <tr class=\"wpdt-cell-row \" >\n                            <td class=\"wpdt-cell \"\n                                    data-cell-id=\"A6\"\n                data-col-index=\"0\"\n                data-row-index=\"5\"\n                style=\"                padding:10px;\"\n                >\n                                Couple monoactif avec 2 enfants \u00e0 charge                <\/td>\n                                            <td class=\"wpdt-cell \"\n                                    data-cell-id=\"B6\"\n                data-col-index=\"1\"\n                data-row-index=\"5\"\n                style=\"                padding:10px;\"\n                >\n                                3538,71 euros                <\/td>\n                                        <\/tr>\n                            <tr class=\"wpdt-cell-row \" >\n                            <td class=\"wpdt-cell \"\n                                    data-cell-id=\"A7\"\n                data-col-index=\"0\"\n                data-row-index=\"6\"\n                style=\"                padding:10px;\"\n                >\n                                Couple biactif avec 2 enfants \u00e0 charge                <\/td>\n                                            <td class=\"wpdt-cell \"\n                                    data-cell-id=\"B7\"\n                data-col-index=\"1\"\n                data-row-index=\"6\"\n                style=\"                padding:10px;\"\n                >\n                                3959,33 euros                <\/td>\n                                        <\/tr>\n                            <tr class=\"wpdt-cell-row \" >\n                            <td class=\"wpdt-cell \"\n                                    data-cell-id=\"A8\"\n                data-col-index=\"0\"\n                data-row-index=\"7\"\n                style=\"                padding:10px;\"\n                >\n                                Par enfant suppl\u00e9mentaire                <\/td>\n                                            <td class=\"wpdt-cell \"\n                                    data-cell-id=\"B8\"\n                data-col-index=\"1\"\n                data-row-index=\"7\"\n                style=\"                padding:10px;\"\n                >\n                                601,26 euros                <\/td>\n                                        <\/tr>\n                    <\/table>\n<\/div><style id='wpdt-custom-style-51'>\ntable#wpdtSimpleTable-51{ table-layout: fixed !important; }\n.wpdt-bc-F3F9FE { background-color: #F3F9FE !important;}\n<\/style>\n\r\n<p>&nbsp;<\/p>\r\n<p>\u00c0 noter : si vous \u00eates travailleur ind\u00e9pendant, vous pouvez pr\u00e9tendre \u00e0 la prime d&rsquo;activit\u00e9, en revanche, vos revenus ne doivent pas d\u00e9passer les plafonds suivants :<\/p>\r\n<ul class=\"amp-wp-7d27179\" data-amp-original-style=\"text-align: justify;\">\r\n<li class=\"amp-wp-fe3f5cc\" data-amp-original-style=\"font-weight: 400;\"><span class=\"amp-wp-fe3f5cc\" data-amp-original-style=\"font-weight: 400;\">82 200 \u20ac pour les commer\u00e7ants,<\/span><\/li>\r\n<li class=\"amp-wp-fe3f5cc\" data-amp-original-style=\"font-weight: 400;\"><span class=\"amp-wp-fe3f5cc\" data-amp-original-style=\"font-weight: 400;\">32 900 \u20ac pour les professions lib\u00e9rales,<\/span><\/li>\r\n<li class=\"amp-wp-fe3f5cc\" data-amp-original-style=\"font-weight: 400;\"><span class=\"amp-wp-fe3f5cc\" data-amp-original-style=\"font-weight: 400;\">32 900 \u20ac pour les artisans.<\/span><\/li>\r\n<\/ul>\r\n<h2>Le calcul de la prime d&rsquo;activit\u00e9<\/h2>\r\n<p style=\"text-align: justify;\">Le montant de la prime d\u2019activit\u00e9 pour un couple ou pour une personne seule est calcul\u00e9 de la m\u00eame mani\u00e8re, \u00e0 savoir :<\/p>\r\n<p class=\"amp-wp-7d27179\" style=\"text-align: justify;\" data-amp-original-style=\"text-align: justify;\"><b>Montant de la prime d\u2019activit\u00e9 = votre montant forfaitaire (\u00e9ventuellement major\u00e9) + 61 % de vos revenus professionnels + bonifications individuelles \u2013 les ressources prises en compte de votre foyer.<\/b><\/p>\r\n<p class=\"amp-wp-7d27179\" style=\"text-align: justify;\" data-amp-original-style=\"text-align: justify;\"><span class=\"amp-wp-fe3f5cc\" data-amp-original-style=\"font-weight: 400;\">Ainsi, il n\u2019existe pas un\u00a0<\/span>montant universel et fixe<span class=\"amp-wp-fe3f5cc\" data-amp-original-style=\"font-weight: 400;\">\u00a0de prime d\u2019activit\u00e9 selon votre cat\u00e9gorie. Votre montant est (relativement) unique, la prime d\u2019activit\u00e9 \u00e9tant un compl\u00e9ment de ressources. Il d\u00e9pend de votre situation familiale et de vos revenus.<\/span><\/p>\r\n<p class=\"amp-wp-7d27179\" style=\"text-align: justify;\" data-amp-original-style=\"text-align: justify;\"><b>Notez que le montant forfaitaire originel de la prime d\u2019activit\u00e9 est de 586,22<\/b>\u00a0<b>\u20ac par mois<\/b><span class=\"amp-wp-fe3f5cc\" data-amp-original-style=\"font-weight: 400;\">. Ce dernier peut \u00eatre major\u00e9 en fonction de la composition de votre foyer et\/ou en situation d\u2019isolement.<\/span><span class=\"amp-wp-fe3f5cc\" data-amp-original-style=\"font-weight: 400;\">\u00a0<\/span><\/p>\r\n<p style=\"text-align: justify;\"><strong>Le montant de la prime d\u2019activit\u00e9 d\u00e9pend \u00e9galement :<\/strong><\/p>\r\n<ul>\r\n<li>Des aides au logement que vous percevez (APL, ALF, ALS)<\/li>\r\n<li>De l\u2019avantage en nature octroy\u00e9 si vous \u00eates log\u00e9 \u00e0 titre gratuit ou si vous \u00eates propri\u00e9taire<\/li>\r\n<\/ul>\r\n<p>Compte tenu de la complexit\u00e9 de la m\u00e9thode de calcul, il est conseill\u00e9 de faire une simulation. Le simulateur gratuit Mes Allocs est \u00e0 votre disposition pour une estimation fiable de vos droits.<\/p>\r\n<h3>\u00c9l\u00e9ments pris en compte<\/h3>\r\n<ul>\r\n<li>les<strong> revenus professionnels<\/strong>, de\u00a0<strong>remplacement\u00a0<\/strong>(indemnit\u00e9s ch\u00f4mage par exemple),<\/li>\r\n<li><strong>prestations sociales (dont les allocations logement comprises sous la forme d&rsquo;un forfait logement),<\/strong><\/li>\r\n<li><strong>revenus du capital ou du patrimoine.<\/strong><\/li>\r\n<li>pensions et rentes d&rsquo;invalidit\u00e9,<\/li>\r\n<li>pensions militaires,<\/li>\r\n<li>rentes d&rsquo;accident du travail et de maladie professionnelle.<\/li>\r\n<\/ul>\r\n<h3>Le montant forfaitaire de la prime<\/h3>\r\n<p>Le montant forfaitaire est fix\u00e9 \u00e0 <strong>586,23 \u20ac<\/strong> pour une personne seule, sans enfant \u00e0 charge. Ce montant augmente selon les situations familiales :<\/p>\r\n<ul>\r\n<li>50\u2009% lorsque le foyer comporte deux personnes<\/li>\r\n<li>30 % pour chaque personne en plus dans le foyer<\/li>\r\n<li>40 % \u00e0 partir du troisi\u00e8me enfant ou une personne de moins de 25 ans dans le foyer<\/li>\r\n<\/ul>\r\n<p>Pour l&rsquo;isolement, il y a \u00e9galement une augmentation :<\/p>\r\n<ul>\r\n<li>128,412\u2009% pour une personne isol\u00e9e<\/li>\r\n<li>42,804\u2009% pour chaque enfant \u00e0 charge<\/li>\r\n<\/ul>\r\n<h3>La bonification individuelle<\/h3>\r\n<p>Pour chaque personne qui travaille, au sein du foyer, une bonification peut \u00eatre vers\u00e9e si ses revenus professionnels moyens sont sup\u00e9rieurs <strong>653 \u20ac par mois. <\/strong>Cette bonification est calcul\u00e9e \u00e9galement en fonction du revenu. Plus le salaire sera \u00e9lev\u00e9, moins la prime sera grande. Tout comme la prime d&rsquo;activit\u00e9, la moyenne est effectu\u00e9e par trimestre.<\/p>\r\n<h2>Peut-on me demander de rembourser un trop-per\u00e7u ?<\/h2>\r\n<p class=\"nVcaUb\">S\u2019il y a erreur sur le profil du b\u00e9n\u00e9ficiaire, vous \u00eates tenu de rembourser les sommes per\u00e7ues au titre de la prime d\u2019activit\u00e9. Cela peut arriver si les informations vous concernant sont : <!-- \/wp:post-content -->\r\n\r\n<!-- wp:list --><\/p>\r\n<ul>\r\n<li>incompl\u00e8tes,<\/li>\r\n<li>inexactes,<\/li>\r\n<li>d\u00e9clar\u00e9es tardivement.<\/li>\r\n<\/ul>\r\n<p class=\"nVcaUb\"><!-- \/wp:list -->\r\n\r\n<!-- wp:paragraph --> En effet, apr\u00e8s \u00e9tude de votre dossier, si vous n\u2019avez pas le droit \u00e0 la prime, vous devez la rembourser.\u00a0En outre, plus vous tardez \u00e0 d\u00e9clarer, plus la somme r\u00e9clam\u00e9e sera importante.<\/p>\r\n<p class=\"nVcaUb\">Retenez \u00e9galement que les revenus d\u2019activit\u00e9 professionnelle de votre enfant doivent \u00eatre d\u00e9clar\u00e9s : <!-- \/wp:paragraph -->\r\n\r\n<!-- wp:list --><\/p>\r\n<ul>\r\n<li>pendant les vacances scolaires<\/li>\r\n<li>les \u00e9tudes<\/li>\r\n<li>lors d\u2019un stage ou d\u2019une formation<\/li>\r\n<\/ul>\r\n<h1>Comment b\u00e9n\u00e9ficier de la prie d&rsquo;activit\u00e9 ?<\/h1>\r\n<h2>Demander la prime d&rsquo;activit\u00e9<\/h2>\r\n<p style=\"text-align: justify;\">Pour faire votre demande de prime d&rsquo;activit\u00e9, vous devez vous rendre sur le site de la CAF ou bien de la MSA. Avant tout vous devez obligatoirement \u00eatre allocataire de l&rsquo;un de ces deux organismes pour faire valoir vos droits. Vous devez vous connecter \u00e0 votre espace personnel en renseignant les informations suivantes :<\/p>\r\n<ul>\r\n<li>Date de naissance<\/li>\r\n<li>Num\u00e9ro allocataire<\/li>\r\n<li>Code postal<\/li>\r\n<li>Votre code secret<\/li>\r\n<\/ul>\r\n<p style=\"text-align: justify;\">Ensuite, vous pourrez suivre la proc\u00e9dure en remplissant le formulaire Cerfa et y joindre les pi\u00e8ces justificatives demand\u00e9es. Sinon, vous pouvez souscrire au service d&rsquo;accompagnement Mes Allocs ! On s&rsquo;occupe de faire toutes les d\u00e9marches administratives \u00e0 votre place.<\/p>\r\n<h2>\u00c0 quelle date est vers\u00e9e la prime d&rsquo;activit\u00e9 ?<\/h2>\r\n<p style=\"text-align: justify;\">Si vous \u00eates \u00e9ligible, vous percevrez le montant de la prime d&rsquo;activit\u00e9 le 5 de chaque mois sur votre compte en banque. Pendant 3 mois, vous serez b\u00e9n\u00e9ficiaire de la prime d&rsquo;activit\u00e9 \u00e0 montant fixe, vous devrez ensuite faire votre d\u00e9claration trimestrielle de ressources pour continuer \u00e0 percevoir les versements. Si vous \u00eates b\u00e9n\u00e9ficiaire des APL au moment de votre demande de prime d&rsquo;activit\u00e9, vous percevrez le montant de la prime le m\u00eame jour et en un seul versement.<\/p>\r\n<h2>D\u00e9claration trimestrielle prime d&rsquo;activit\u00e9<\/h2>\r\n<p style=\"text-align: justify;\">Comme nous l&rsquo;avons expliqu\u00e9 juste au-dessus, la prime d&rsquo;activit\u00e9 vous est vers\u00e9e pendant 3 mois. Une fois ce temps \u00e9coul\u00e9, vous devrez faire votre d\u00e9claration trimestrielle de ressources.<\/p>\r\n<p style=\"text-align: justify;\">Cette d\u00e9marche est indispensable si vous souhaitez continuer \u00e0 percevoir les versements. Vous devez vous rendre sur le site de la CAF ou de la MSA dans votre espace personnel. Vos donn\u00e9es personnelles sont d\u00e9j\u00e0 inscrites sur votre d\u00e9claration pr\u00e9remplie, vous devez v\u00e9rifier que les infirmations sont correctes, sinon y apporter les modifications n\u00e9cessaires.<a href=\"https:\/\/www.mes-allocs.fr\/guides\/wp-content\/uploads\/2020\/11\/pexels-vlada-karpovich-4050470.jpg\"><img loading=\"lazy\" decoding=\"async\" class=\"size-medium wp-image-14938 alignright\" src=\"https:\/\/www.mes-allocs.fr\/guides\/wp-content\/uploads\/2020\/11\/pexels-vlada-karpovich-4050470-300x200.jpg\" alt=\"Prime d'activit\u00e9 :  quel est le plafond net \u00e0 respecter pour en b\u00e9n\u00e9ficier ?\" width=\"300\" height=\"200\" \/><\/a><\/p>\r\n<p>En cas de changements (naissance d&rsquo;un enfant, mariage, divorce, etc) vous devez en informer l&rsquo;organisme dont vous d\u00e9pendez. Vos droits seront alors recalcul\u00e9s.<\/p>\r\n<h2>La prime d&rsquo;activit\u00e9 est-elle r\u00e9troactive ?<\/h2>\r\n<p>La prime d\u2019activit\u00e9 n\u2019est pas une aide r\u00e9troactive. Autrement dit, les versements seront per\u00e7us les mois suivant votre demande.<\/p>\r\n<ul>\r\n<li>Vous d\u00e9posez votre demande<\/li>\r\n<li>La MSA ou la CAF d\u00e9termine vos droits ou non \u00e0 compter du d\u00e9p\u00f4t de votre demande<\/li>\r\n<li>En cas d\u2019\u00e9ligibilit\u00e9, vous aurez le 1er versement le mois suivant l\u2019ouverture de vos droits.<\/li>\r\n<\/ul>\r\n<p>&nbsp;<\/p>\r\n<div class='cta-block'><div class='text'>Simulez vos aides sociales en 2 min. <\/div><a href='https:\/\/www.mes-allocs.fr\/ab-app?origin=guides\/wp-json\/wp\/v2\/posts\/14885' class='app-button fit'>Simulation gratuite<\/a><\/div>","protected":false},"excerpt":{"rendered":"<p>La prime d&rsquo;activit\u00e9 est attribu\u00e9e par la CAF ou la MSA si vous relevez du r\u00e9gime agricole. En vigueur depuis 1998, elle s&rsquo;adresse aux personnes b\u00e9n\u00e9ficiaires de minima sociaux. Pour en b\u00e9n\u00e9ficier, de nombreuses conditions sont \u00e0 respecter, notamment des conditions de ressources du foyer. Mes Allocs vous dit tout sur les plafonds en vigueur [&hellip;]<\/p>\n","protected":false},"author":6,"featured_media":14931,"comment_status":"open","ping_status":"open","sticky":false,"template":"","format":"standard","meta":{"amp_status":"","footnotes":""},"categories":[3014,20],"tags":[],"class_list":["post-14885","post","type-post","status-publish","format-standard","has-post-thumbnail","hentry","category-plafond-prime-activite","category-prime-d-activite"],"yoast_head":"<!-- This site is optimized with the Yoast SEO plugin v14.9 - https:\/\/yoast.com\/wordpress\/plugins\/seo\/ -->\n<title>Prime d&#039;activit\u00e9 : quels sont les plafonds net \u00e0 respecter ? | Mes-Allocs.fr<\/title>\n<meta name=\"description\" content=\"La prime d&#039;activit\u00e9 est un dispositif vers\u00e9 aux travailleurs aux faibles ressources. Mes Allocs vous dit tout sur les plafonds \u00e0 respecter\" \/>\n<meta name=\"robots\" content=\"index, follow, max-snippet:-1, max-image-preview:large, max-video-preview:-1\" \/>\n<link rel=\"canonical\" href=\"https:\/\/www.mes-allocs.fr\/guides\/prime-d-activite\/prime-dactivite-plafond\/prime-d-activite-plafond-net\/\" \/>\n<meta property=\"og:locale\" content=\"fr_FR\" \/>\n<meta property=\"og:type\" content=\"article\" \/>\n<meta property=\"og:title\" content=\"Prime d&#039;activit\u00e9 : quels sont les plafonds net \u00e0 respecter ? | Mes-Allocs.fr\" \/>\n<meta property=\"og:description\" content=\"La prime d&#039;activit\u00e9 est un dispositif vers\u00e9 aux travailleurs aux faibles ressources. Mes Allocs vous dit tout sur les plafonds \u00e0 respecter\" \/>\n<meta property=\"og:url\" content=\"https:\/\/www.mes-allocs.fr\/guides\/prime-d-activite\/prime-dactivite-plafond\/prime-d-activite-plafond-net\/\" \/>\n<meta property=\"og:site_name\" content=\"Mes-Allocs.fr\" \/>\n<meta property=\"article:published_time\" content=\"2020-11-16T09:47:30+00:00\" \/>\n<meta property=\"article:modified_time\" content=\"2022-12-28T10:18:25+00:00\" \/>\n<meta property=\"og:image\" content=\"https:\/\/www.mes-allocs.fr\/guides\/wp-content\/uploads\/2020\/11\/pexels-andrea-piacquadio-3762806-e1605185956993.jpg?wsr\" \/>\n\t<meta property=\"og:image:width\" content=\"1280\" \/>\n\t<meta property=\"og:image:height\" content=\"499\" \/>\n<meta name=\"twitter:card\" content=\"summary_large_image\" \/>\n<script type=\"application\/ld+json\" class=\"yoast-schema-graph\">{\"@context\":\"https:\/\/schema.org\",\"@graph\":[{\"@type\":\"WebSite\",\"@id\":\"https:\/\/www.mes-allocs.fr\/guides\/#website\",\"url\":\"https:\/\/www.mes-allocs.fr\/guides\/\",\"name\":\"Mes-Allocs.fr\",\"description\":\"\",\"potentialAction\":[{\"@type\":\"SearchAction\",\"target\":\"https:\/\/www.mes-allocs.fr\/guides\/?s={search_term_string}\",\"query-input\":\"required name=search_term_string\"}],\"inLanguage\":\"fr-FR\"},{\"@type\":\"ImageObject\",\"@id\":\"https:\/\/www.mes-allocs.fr\/guides\/prime-d-activite\/prime-dactivite-plafond\/prime-d-activite-plafond-net\/#primaryimage\",\"inLanguage\":\"fr-FR\",\"url\":\"https:\/\/www.mes-allocs.fr\/guides\/wp-content\/uploads\/2020\/11\/pexels-andrea-piacquadio-3762806-e1605185956993.jpg?wsr\",\"width\":1280,\"height\":499,\"caption\":\"pexels andrea piacquadio 3762806 e1605185956993\"},{\"@type\":\"WebPage\",\"@id\":\"https:\/\/www.mes-allocs.fr\/guides\/prime-d-activite\/prime-dactivite-plafond\/prime-d-activite-plafond-net\/#webpage\",\"url\":\"https:\/\/www.mes-allocs.fr\/guides\/prime-d-activite\/prime-dactivite-plafond\/prime-d-activite-plafond-net\/\",\"name\":\"Prime d'activit\\u00e9 : quels sont les plafonds net \\u00e0 respecter ? | Mes-Allocs.fr\",\"isPartOf\":{\"@id\":\"https:\/\/www.mes-allocs.fr\/guides\/#website\"},\"primaryImageOfPage\":{\"@id\":\"https:\/\/www.mes-allocs.fr\/guides\/prime-d-activite\/prime-dactivite-plafond\/prime-d-activite-plafond-net\/#primaryimage\"},\"datePublished\":\"2020-11-16T09:47:30+00:00\",\"dateModified\":\"2022-12-28T10:18:25+00:00\",\"author\":{\"@id\":\"https:\/\/www.mes-allocs.fr\/guides\/#\/schema\/person\/0ecd61a8600573914d00d970a588c024\"},\"description\":\"La prime d'activit\\u00e9 est un dispositif vers\\u00e9 aux travailleurs aux faibles ressources. Mes Allocs vous dit tout sur les plafonds \\u00e0 respecter\",\"inLanguage\":\"fr-FR\"},{\"@type\":\"Person\",\"@id\":\"https:\/\/www.mes-allocs.fr\/guides\/#\/schema\/person\/0ecd61a8600573914d00d970a588c024\",\"name\":\"Jonathan\",\"image\":{\"@type\":\"ImageObject\",\"@id\":\"https:\/\/www.mes-allocs.fr\/guides\/#personlogo\",\"inLanguage\":\"fr-FR\",\"url\":\"https:\/\/www.mes-allocs.fr\/guides\/wp-content\/uploads\/2021\/06\/jonathan-150x150.png\",\"caption\":\"Jonathan\"},\"description\":\"Jonathan est r\\u00e9dacteur au sein de l'\\u00e9quipe Mes Allocs, sp\\u00e9cialis\\u00e9 sur les sujets li\\u00e9s au handicap. Dipl\\u00f4m\\u00e9e de l'UPEM, il rejoint Mes Allocs apr\\u00e8s avoir travaill\\u00e9 \\u00e0 l'association AEDE qui accompagne les adultes en situation de handicap. Quand il n'\\u00e9crit pas, on peut le retrouver sur un terrain de basket.\",\"sameAs\":[\"https:\/\/www.linkedin.com\/in\/jonathan-bambela-8637861b7\"]}]}<\/script>\n<!-- \/ Yoast SEO plugin. -->","amp_validity":null,"acf":{"faq":{"1":{"question":"Qui a droit \u00e0 la prime d'activit\u00e9 ?","answer":"La prime d'activit\u00e9 est vers\u00e9e aux personnes qui, tout en travaillant, gagnent moins de 1,5 SMIC, soit environ 1 993 \u20ac nets par mois pour une personne seule sans enfants."},"2":{"question":"Quelles sont les conditions li\u00e9es \u00e0 la Prime d'Activit\u00e9 ?","answer":"Pour avoir droit \u00e0 la prime d'activit\u00e9, vous devez remplir l'ensemble des conditions suivantes : avoir une activit\u00e9 professionnelle (salari\u00e9e ou non) et percevoir des revenus modestes, r\u00e9sider en France de mani\u00e8re stable et effective, \u00eatre en s\u00e9jour r\u00e9gulier. Faites la simulation gratuite directement sur le site de Mes Allocs pour conna\u00eetre tous vos droits d'\u00e9ligibilit\u00e9s."},"3":{"question":"Comment demander la Prime d'Activit\u00e9 ?","answer":"Pour demander la prime d'activit\u00e9, vous devez constituer un dossier aupr\u00e8s de la CAF ou de la MSA. Vous pouvez aussi demander \u00e0 Mes Allocs de faire toutes les d\u00e9marches administratives \u00e0 votre place."},"4":{"question":"Quel revenu est pris en compte pour le calcul de la prime d'activit\u00e9 ?","answer":"Le montant forfaitaire, correspondant au montant de base du calcul de la prestation sociale, de la prime d'activit\u00e9 s'\u00e9l\u00e8ve \u00e0 551,51 euros par mois. Il peut \u00eatre major\u00e9 en fonction de la situation familiale ou pour les personnes en situation d'isolement."},"5":{"question":"A quelle date la prime d'activit\u00e9 est-elle vers\u00e9e ?","answer":"Cette d\u00e9claration est \u00e0 souscrire au plus tard le 31 janvier 2023 \u00e0 23\u00a0h\u00a059 pour percevoir la prime d'activit\u00e9 \u00e0 compter de f\u00e9vrier 2023"},"6":{"question":"Comment calculer la prime d'activit\u00e9 2020 ?","answer":"Montant de la prime d'activit\u00e9 = (montant forfaitaire \u00e9ventuellement major\u00e9 + 61 % des revenus professionnels du foyer + bonifications individuelles) \u2013 les ressources prises en compte du foyer."},"7":{"question":"","answer":""},"8":{"question":"","answer":""},"9":{"question":"","answer":""},"10":{"question":"","answer":""},"11":{"question":"","answer":""},"12":{"question":"","answer":""},"13":{"question":"","answer":""},"14":{"question":"","answer":""},"15":{"question":"","answer":""},"16":{"question":"","answer":""}}},"_links":{"self":[{"href":"https:\/\/www.mes-allocs.fr\/guides\/wp-json\/wp\/v2\/posts\/14885","targetHints":{"allow":["GET"]}}],"collection":[{"href":"https:\/\/www.mes-allocs.fr\/guides\/wp-json\/wp\/v2\/posts"}],"about":[{"href":"https:\/\/www.mes-allocs.fr\/guides\/wp-json\/wp\/v2\/types\/post"}],"author":[{"embeddable":true,"href":"https:\/\/www.mes-allocs.fr\/guides\/wp-json\/wp\/v2\/users\/6"}],"replies":[{"embeddable":true,"href":"https:\/\/www.mes-allocs.fr\/guides\/wp-json\/wp\/v2\/comments?post=14885"}],"version-history":[{"count":20,"href":"https:\/\/www.mes-allocs.fr\/guides\/wp-json\/wp\/v2\/posts\/14885\/revisions"}],"predecessor-version":[{"id":60067,"href":"https:\/\/www.mes-allocs.fr\/guides\/wp-json\/wp\/v2\/posts\/14885\/revisions\/60067"}],"wp:featuredmedia":[{"embeddable":true,"href":"https:\/\/www.mes-allocs.fr\/guides\/wp-json\/wp\/v2\/media\/14931"}],"wp:attachment":[{"href":"https:\/\/www.mes-allocs.fr\/guides\/wp-json\/wp\/v2\/media?parent=14885"}],"wp:term":[{"taxonomy":"category","embeddable":true,"href":"https:\/\/www.mes-allocs.fr\/guides\/wp-json\/wp\/v2\/categories?post=14885"},{"taxonomy":"post_tag","embeddable":true,"href":"https:\/\/www.mes-allocs.fr\/guides\/wp-json\/wp\/v2\/tags?post=14885"}],"curies":[{"name":"wp","href":"https:\/\/api.w.org\/{rel}","templated":true}]}}