{"id":14539,"date":"2020-11-16T09:45:09","date_gmt":"2020-11-16T09:45:09","guid":{"rendered":"https:\/\/www.mes-allocs.fr\/guides\/?p=14539"},"modified":"2026-04-02T15:29:31","modified_gmt":"2026-04-02T14:29:31","slug":"plafond-prime-activite-couple","status":"publish","type":"post","link":"https:\/\/www.mes-allocs.fr\/guides\/prime-d-activite\/plafond-prime-activite\/plafond-prime-activite-couple\/","title":{"rendered":"Prime d&rsquo;activit\u00e9 couples : quels sont les plafonds en 2026 ?"},"content":{"rendered":"<p><img loading=\"lazy\" decoding=\"async\" class=\"aligncenter wp-image-60053 size-full\" title=\"prime d'activit\u00e9 plafond couple\" src=\"https:\/\/www.mes-allocs.fr\/guides\/wp-content\/uploads\/2020\/11\/image_2022-12-27_182323408.png\" alt=\"prime d'activit\u00e9 plafond couple\" width=\"1240\" height=\"347\" srcset=\"https:\/\/www.mes-allocs.fr\/guides\/wp-content\/uploads\/2020\/11\/image_2022-12-27_182323408.png 1240w, https:\/\/www.mes-allocs.fr\/guides\/wp-content\/uploads\/2020\/11\/image_2022-12-27_182323408-300x84.png 300w, https:\/\/www.mes-allocs.fr\/guides\/wp-content\/uploads\/2020\/11\/image_2022-12-27_182323408-1024x287.png 1024w, https:\/\/www.mes-allocs.fr\/guides\/wp-content\/uploads\/2020\/11\/image_2022-12-27_182323408-768x215.png 768w, https:\/\/www.mes-allocs.fr\/guides\/wp-content\/uploads\/2020\/11\/image_2022-12-27_182323408-600x168.png 600w\" sizes=\"auto, (max-width: 1240px) 100vw, 1240px\" \/><\/p>\r\n<p style=\"text-align: justify;\">[Mis \u00e0 jour le 02\/04\/2026] La <a href=\"https:\/\/www.mes-allocs.fr\/guides\/prime-d-activite\/\" target=\"_blank\" rel=\"noopener\">prime d&rsquo;activit\u00e9<\/a> est une aide sociale vers\u00e9e par la CAF ou par la MSA. Destin\u00e9 aux personnes qui ont de faibles ressources, de nombreuses conditions sont \u00e0 respecter pour en b\u00e9n\u00e9ficier. Mes Allocs vous explique tout en d\u00e9tail sur le <a href=\"https:\/\/www.mes-allocs.fr\/guides\/prime-d-activite\/plafond-prime-activite\/\">salaire maximum \u00e0 ne pas d\u00e9passer pour la prime d&rsquo;activit\u00e9<\/a> dans le cas o\u00f9 vous \u00eates un couple.<\/p>\r\n<div class='cta-block'><div class='text'>Simulez votre prime d&rsquo;activit\u00e9 en 2 min. <\/div><a href='https:\/\/www.mes-allocs.fr\/ab-app?origin=guides\/wp-json\/wp\/v2\/posts\/14539' class='app-button fit'>Simulation gratuite<\/a><\/div>\r\n<hr \/>\r\n<h1>Conditions pour b\u00e9n\u00e9ficier de la prime d&rsquo;activit\u00e9 en 2026<\/h1>\r\n<h2>Qu&rsquo;est-ce que la prime d&rsquo;activit\u00e9 ?<\/h2>\r\n<p style=\"text-align: justify;\">La prime d&rsquo;activit\u00e9 est un dispositif r\u00e9cent. Entr\u00e9 en vigueur depuis 2016, la prime d&rsquo;activit\u00e9 est destin\u00e9e comme son nom l&rsquo;indique aux personnes ayant des revenus professionnels, mais faibles. La prime d\u2019activit\u00e9 est vers\u00e9e par les caisses d\u2019allocations familiales (CAF) et les caisses de la Mutualit\u00e9 sociale agricole (MSA).<\/p>\r\n<p style=\"text-align: justify;\">La\u00a0prime d\u2019activit\u00e9\u00a0a remplac\u00e9 la\u00a0prime pour l\u2019emploi\u00a0ainsi que le \u00ab\u00a0RSA activit\u00e9\u00a0\u00bb. Si vous \u00eates \u00e9ligible, la prime d&rsquo;activit\u00e9 vous sera vers\u00e9e le 5 de chaque mois pour une dur\u00e9e de 3 mois. Vous devrez ensuite faire votre d\u00e9claration trimestrielle pour continuer \u00e0 b\u00e9n\u00e9ficier des versements.<\/p>\r\n<p data-start=\"0\" data-end=\"164\">Depuis le 1\u1d49\u02b3 mars 2025, la d\u00e9claration trimestrielle de l<strong>a prime d\u2019activit\u00e9 devient pr\u00e9-remplie<\/strong>, ce qui simplifie le processus. La CAF reprend automatiquement certaines informations \u00e0 partir des revenus d\u00e9clar\u00e9s auparavant, r\u00e9duisant ainsi les erreurs et acc\u00e9l\u00e9rant le traitement de votre demande. Toutefois, il reste important de v\u00e9rifier et de valider les informations pour \u00e9viter toute erreur qui pourrait affecter le montant de l\u2019aide.<\/p>\r\n<p data-start=\"0\" data-end=\"164\">Depuis mars 2025, la p\u00e9riode \u00e0 d\u00e9clarer correspond aux tr<strong>ois mois pr\u00e9c\u00e9dant la demande : par exemple, en mars, vous devez d\u00e9clarer vos revenus des mois de novembre, d\u00e9cembre et janvier (et non plus d\u00e9cembre, janvier, f\u00e9vrier)<\/strong>. Cette nouvelle organisation facilite la gestion de votre dossier et rend la d\u00e9claration plus pr\u00e9cise.<\/p>\r\n<h2>Qui est \u00e9ligible \u00e0 la prime d&rsquo;activit\u00e9 ?<\/h2>\r\n<p>La prime d&rsquo;activit\u00e9 n&rsquo;est pas accessible \u00e0 tous les travailleurs en France. Pour en b\u00e9n\u00e9ficier, vous devez faire partie de l&rsquo;une de ces cat\u00e9gories :<\/p>\r\n<ul>\r\n<li>salari\u00e9s<\/li>\r\n<li>travailleurs ind\u00e9pendants<\/li>\r\n<li>travailleurs handicap\u00e9s<\/li>\r\n<li>exploitants agricoles<\/li>\r\n<li>\u00e9tudiants, stagiaires et apprentis qui gagnent plus de 1 104,25 \u20ac nets.<\/li>\r\n<\/ul>\r\n<p>Les travailleurs \u00e0 temps plein comme \u00e0 temps partiel peuvent pr\u00e9tendre \u00e0 une attribution de cette aide.<\/p>\r\n<h1>Quels sont les montants de la prime d&rsquo;activit\u00e9 ?<\/h1>\r\n<h2>Le montant forfaitaire en 2026<\/h2>\r\n<p>Le montant de votre prime d\u2019activit\u00e9 a \u00e9t\u00e9 major\u00e9. Il est de <strong>638,28 \u20ac<\/strong> depuis avril 2026. La prime d&rsquo;activit\u00e9 sera revaloris\u00e9e en <strong>avril 2027<\/strong>.<\/p>\r\n<p>Ce montant augmente selon les situations familiales :<\/p>\r\n<ul>\r\n<li>50 % lorsque le foyer comporte deux personnes<\/li>\r\n<li>30 % pour chaque personne en plus dans le foyer<\/li>\r\n<li>40 % \u00e0 partir du troisi\u00e8me enfant ou une personne de moins de 25 ans dans le foyer<\/li>\r\n<\/ul>\r\n<p>Pour l&rsquo;isolement, il y a \u00e9galement une augmentation :<\/p>\r\n<ul>\r\n<li>128,412 % pour une personne isol\u00e9e<\/li>\r\n<li>42,804 % pour chaque enfant \u00e0 charge<\/li>\r\n<\/ul>\r\n<p><\/p>\r\n<p>Voici les montants forfaitaires de la prime d&rsquo;activit\u00e9 pour un couple :<\/p>\r\n<p>&nbsp;<\/p>\r\n\n<div class=\"wpdt-c row wpDataTableContainerSimpleTable wpDataTables wpDataTablesWrapper\n\"\n    >\n    <table id=\"wpdtSimpleTable-2\"\n           class=\"wpdtSimpleTable wpDataTable\"\n           data-column=\"2\"\n           data-rows=\"5\"\n           data-wpID=\"2\"\n           data-responsive=\"0\"\n           data-has-header=\"1\">\n\n                    <thead>        <tr class=\"wpdt-cell-row \" >\n                            <th class=\"wpdt-cell wpdt-bc-F3F9FE\"\n                                    data-cell-id=\"A1\"\n                data-col-index=\"0\"\n                data-row-index=\"0\"\n                style=\" width:48.571428571429%;                padding:10px;\"\n                >\n                                Nombre d'enfants\nou de personnes \u00e0 charge                <\/th>\n                                            <th class=\"wpdt-cell wpdt-bc-F3F9FE\"\n                                    data-cell-id=\"B1\"\n                data-col-index=\"1\"\n                data-row-index=\"0\"\n                style=\" width:51.428571428571%;                padding:10px;\"\n                >\n                                Pour un couple                <\/th>\n                                        <\/tr>\n                    <tbody>        <tr class=\"wpdt-cell-row \" >\n                            <td class=\"wpdt-cell \"\n                                    data-cell-id=\"A2\"\n                data-col-index=\"0\"\n                data-row-index=\"1\"\n                style=\"                padding:10px;\"\n                >\n                                0                <\/td>\n                                            <td class=\"wpdt-cell \"\n                                    data-cell-id=\"B2\"\n                data-col-index=\"1\"\n                data-row-index=\"1\"\n                style=\"                padding:10px;\"\n                >\n                                957,42 \u20ac                <\/td>\n                                        <\/tr>\n                            <tr class=\"wpdt-cell-row \" >\n                            <td class=\"wpdt-cell \"\n                                    data-cell-id=\"A3\"\n                data-col-index=\"0\"\n                data-row-index=\"2\"\n                style=\"                padding:10px;\"\n                >\n                                1                <\/td>\n                                            <td class=\"wpdt-cell \"\n                                    data-cell-id=\"B3\"\n                data-col-index=\"1\"\n                data-row-index=\"2\"\n                style=\"                padding:10px;\"\n                >\n                                1 148,90 \u20ac                <\/td>\n                                        <\/tr>\n                            <tr class=\"wpdt-cell-row \" >\n                            <td class=\"wpdt-cell \"\n                                    data-cell-id=\"A4\"\n                data-col-index=\"0\"\n                data-row-index=\"3\"\n                style=\"                padding:10px;\"\n                >\n                                2                <\/td>\n                                            <td class=\"wpdt-cell \"\n                                    data-cell-id=\"B4\"\n                data-col-index=\"1\"\n                data-row-index=\"3\"\n                style=\"                padding:10px;\"\n                >\n                                1 340,39 \u20ac                <\/td>\n                                        <\/tr>\n                            <tr class=\"wpdt-cell-row \" >\n                            <td class=\"wpdt-cell \"\n                                    data-cell-id=\"A5\"\n                data-col-index=\"0\"\n                data-row-index=\"4\"\n                style=\"                padding:10px;\"\n                >\n                                Par enfant ou personne en plus                <\/td>\n                                            <td class=\"wpdt-cell \"\n                                    data-cell-id=\"B5\"\n                data-col-index=\"1\"\n                data-row-index=\"4\"\n                style=\"                padding:10px;\"\n                >\n                                255,31 \u20ac                <\/td>\n                                        <\/tr>\n                    <\/table>\n<\/div><style id='wpdt-custom-style-2'>\ntable#wpdtSimpleTable-2{ table-layout: fixed !important; }\n.wpdt-bc-F3F9FE { background-color: #F3F9FE !important;}\n<\/style>\n\r\n<p>&nbsp;<\/p>\r\n<h2>Comment calculer la prime d&rsquo;activit\u00e9 ?<\/h2>\r\n<p class=\"V2Zq0e\">Il inclut\u00a0<strong>un montant forfaitaire de 638,28 euros par mois pour une personne seule. Ce dernier peut \u00e9voluer selon la composition et les revenus de votre foyer<\/strong>. \u00c0 cela s&rsquo;ajoute 59,85\u2009% du montant des revenus d&rsquo;activit\u00e9 du foyer. Sans compter les ressources du foyer <strong>et<\/strong> l&rsquo;\u00e9ventuel forfait logement. \r\n\r\n<\/p>\r\n<p style=\"text-align: center;\"><em><strong>Prime d&rsquo;activit\u00e9 = (montant forfaitaire + bonification + 59,85\u2009% des revenus) \u2013 (ressources du foyer + prestations familiales + forfait logement)<\/strong><\/em><\/p>\r\n<p style=\"text-align: justify;\">La m\u00e9thode de calcul est tr\u00e8s complexe. Pour estimer vos droits, il est conseill\u00e9 de faire une simulation. Vous pouvez utiliser le simulateur gratuit Mes Allocs et en deux minutes, vous aurez une estimation fiable de vos droits \u00e0 la prime d&rsquo;activit\u00e9.<\/p>\r\n<p style=\"text-align: justify;\">\u00c0 l&rsquo;issue de la simulation et selon le r\u00e9sultat, vous pouvez \u00e9galement souscrire au service d&rsquo;accompagnement Mes Allocs. Un expert d\u00e9di\u00e9 s&rsquo;occupe \u00e0 votre place de faire toutes les d\u00e9marches administratives.<\/p>\r\n<h2>Qu&rsquo;est-ce que la bonification ?<\/h2>\r\n<p style=\"text-align: justify;\">Pour chaque personne qui travaille, au sein du foyer, une bonification peut \u00eatre vers\u00e9e si ses revenus professionnels moyens sont sup\u00e9rieurs <strong>700,92<\/strong> <strong>\u20ac par mois. <\/strong>Cette bonification est calcul\u00e9e \u00e9galement en fonction du revenu. Tout comme la prime d&rsquo;activit\u00e9, la moyenne est effectu\u00e9e par trimestre.<\/p>\r\n<h2>Quelles sont les ressources qui comptent dans le calcul ?<\/h2>\r\n<p class=\"V2Zq0e\">Les ressources prises en compte dans le calcul de la prime sont :<\/p>\r\n<ul class=\"wp-block-list\">\r\n<li>les<strong> revenus professionnels<\/strong>, de\u00a0<strong>remplacement\u00a0<\/strong>(indemnit\u00e9s ch\u00f4mage par exemple),<\/li>\r\n<li><strong>prestations sociales (dont les aides au logement comprises sous la forme d&rsquo;un forfait logement),<\/strong><\/li>\r\n<li><strong>revenus du capital ou du patrimoine.<\/strong><\/li>\r\n<li>pensions et rentes d&rsquo;invalidit\u00e9,<\/li>\r\n<li>pensions militaires,<\/li>\r\n<li>rentes d&rsquo;accident du travail et de maladie professionnelle.<\/li>\r\n<\/ul>\r\n<h2>Quels sont les plafonds pour un couple ?<\/h2>\r\n<p style=\"text-align: justify;\">Pour b\u00e9n\u00e9ficier de la <a href=\"https:\/\/www.mes-allocs.fr\/guides\/prime-d-activite\/\">prime d&rsquo;activit\u00e9<\/a>, les couples comme les personnes seules doivent respecter les plafonds de revenus en vigueur. En effet, cette prime n&rsquo;est accord\u00e9e qu&rsquo;aux personnes ayant de faibles revenus.<\/p>\r\n<p>\u00c0 noter : si vous \u00eates travailleur ind\u00e9pendant, vous pouvez pr\u00e9tendre \u00e0 la prime d&rsquo;activit\u00e9, en revanche, vos revenus ne doivent pas d\u00e9passer les plafonds pr\u00e9vus.<\/p>\r\n<div class='cta-block'><div class='text'>Simulez votre prime d&rsquo;activit\u00e9 en 2 min. <\/div><a href='https:\/\/www.mes-allocs.fr\/ab-app?origin=guides\/wp-json\/wp\/v2\/posts\/14539' class='app-button fit'>Simulation gratuite<\/a><\/div>\r\n<p>&nbsp;<\/p>\r\n<p>&nbsp;<\/p>\r\n<p><iframe loading=\"lazy\" title=\"La prime d&#039;activit\u00e9\" width=\"500\" height=\"281\" src=\"https:\/\/www.youtube.com\/embed\/uavbovK5ZXc?feature=oembed\" frameborder=\"0\" allow=\"accelerometer; autoplay; clipboard-write; encrypted-media; gyroscope; picture-in-picture; web-share\" referrerpolicy=\"strict-origin-when-cross-origin\" allowfullscreen><\/iframe><\/p>\r\n<p>&nbsp;<\/p>\r\n<h1>Prime d&rsquo;activit\u00e9 pour un couple<\/h1>\r\n<p>La CAF ou la MSA prend la notion de couple au sens large, contrairement \u00e0 l&rsquo;administration fiscale.<\/p>\r\n<p>Ce qui veut dire que vous soyez en couple ou en union libre, cela revient au m\u00eame pour ces deux organismes. Lors de votre demande de prime d&rsquo;activit\u00e9, vous devrez donc faire un seul dossier pour le couple.<\/p>\r\n<h2>Pour un couple mari\u00e9<\/h2>\r\n<p>Que vous ayez des enfants ou non, la CAF prend en compte les revenus professionnels du foyer et autres ressources, autrement dit une seule demande doit \u00eatre faite sur le site de la CAF. <strong>Les deux revenus des deux personnes composant le couple sont pris en compte, 3 cas de figure :<\/strong><\/p>\r\n<ul>\r\n<li>Les 2 membres du couple travaillent : Dans le cas des couples bi-actifs. La prime activit\u00e9 sera d\u00e9termin\u00e9e selon les revenus du demandeur et de son conjoint et \u00e9ventuellement des enfants \u00e0 charge s\u2019ils per\u00e7oivent des ressources.\u00a0<\/li>\r\n<li>Un seul membre du couple travaille : C\u2019est ce que l\u2019on appelle un couple mono-actif. Lors de votre demande ou lors de l\u2019estimation de l\u2019aide, vos droits seront calcul\u00e9s selon les revenus per\u00e7us par la personne du couple qui travaille (la prime \u00e9tant destin\u00e9 \u00e0 aider les personnes ayant une activit\u00e9 professionnelle).\u00a0<\/li>\r\n<li>Aucun des 2 n\u2019a per\u00e7u de revenus professionnels\u00a0: Dans ce cas, aucun des 2 membres du couple n\u2019est \u00e9ligible \u00e0 la prime, car elle s\u2019adresse uniquement aux personnes percevant des revenus d\u2019activit\u00e9.<\/li>\r\n<\/ul>\r\n<p><strong>\u00c0 noter : Ces exemples sont \u00e9galement valables pour les couples pacs\u00e9s.\u00a0<\/strong><\/p>\r\n<h2>Pour un couple en union libre<\/h2>\r\n<p style=\"text-align: justify;\">Mari\u00e9 ou en union libre, la CAF \u00e9tudie vos droits de la m\u00eame fa\u00e7on. \u00c0 partir du moment que vous partagez un m\u00eame logement, que les d\u00e9penses li\u00e9es \u00e0 votre vie de couple sont partag\u00e9es, vous \u00eates consid\u00e9r\u00e9 par la CAF comme vivant en concubinage. Cela ouvre droit \u00e0 plusieurs prestations sociales vers\u00e9es par la CAF, dont la prime d&rsquo;activit\u00e9. <strong>Attention : le centre des imp\u00f4ts ne fonctionne pas de la m\u00eame mani\u00e8re que la CAF. Ainsi, vous devrez faire deux d\u00e9clarations d&rsquo;imp\u00f4t distinctes.\u00a0<\/strong><\/p>\r\n<p>&nbsp;<\/p>\r\n<div class='cta-block'><div class='text'>Simulez votre prime d&rsquo;activit\u00e9 en 2 min. <\/div><a href='https:\/\/www.mes-allocs.fr\/ab-app?origin=guides\/wp-json\/wp\/v2\/posts\/14539' class='app-button fit'>Simulation gratuite<\/a><\/div>","protected":false},"excerpt":{"rendered":"<p>[Mis \u00e0 jour le 02\/04\/2026] La prime d&rsquo;activit\u00e9 est une aide sociale vers\u00e9e par la CAF ou par la MSA. Destin\u00e9 aux personnes qui ont de faibles ressources, de nombreuses conditions sont \u00e0 respecter pour en b\u00e9n\u00e9ficier. Mes Allocs vous explique tout en d\u00e9tail sur le salaire maximum \u00e0 ne pas d\u00e9passer pour la prime [&hellip;]<\/p>\n","protected":false},"author":6,"featured_media":14541,"comment_status":"open","ping_status":"open","sticky":false,"template":"","format":"standard","meta":{"amp_status":"","footnotes":""},"categories":[3014,20],"tags":[],"class_list":["post-14539","post","type-post","status-publish","format-standard","has-post-thumbnail","hentry","category-plafond-prime-activite","category-prime-d-activite"],"yoast_head":"<!-- This site is optimized with the Yoast SEO plugin v14.9 - https:\/\/yoast.com\/wordpress\/plugins\/seo\/ -->\n<title>Plafonds de ressources pour la prime d&#039;activit\u00e9 en couple en 2026<\/title>\n<meta name=\"description\" content=\"Vous pouvez avoir la prime d&#039;activit\u00e9 si vous avez de faibles revenus. Mes Allocs vous dit tout sur les plafonds pour un couple en 2026.\" \/>\n<meta name=\"robots\" content=\"index, follow, max-snippet:-1, max-image-preview:large, max-video-preview:-1\" \/>\n<link rel=\"canonical\" href=\"https:\/\/www.mes-allocs.fr\/guides\/prime-d-activite\/plafond-prime-activite\/plafond-prime-activite-couple\/\" \/>\n<meta property=\"og:locale\" content=\"fr_FR\" \/>\n<meta property=\"og:type\" content=\"article\" \/>\n<meta property=\"og:title\" content=\"Plafonds de ressources pour la prime d&#039;activit\u00e9 en couple en 2026\" \/>\n<meta property=\"og:description\" content=\"Vous pouvez avoir la prime d&#039;activit\u00e9 si vous avez de faibles revenus. Mes Allocs vous dit tout sur les plafonds pour un couple en 2026.\" \/>\n<meta property=\"og:url\" content=\"https:\/\/www.mes-allocs.fr\/guides\/prime-d-activite\/plafond-prime-activite\/plafond-prime-activite-couple\/\" \/>\n<meta property=\"og:site_name\" content=\"Mes-Allocs.fr\" \/>\n<meta property=\"article:published_time\" content=\"2020-11-16T09:45:09+00:00\" \/>\n<meta property=\"article:modified_time\" content=\"2026-04-02T14:29:31+00:00\" \/>\n<meta property=\"og:image\" content=\"https:\/\/www.mes-allocs.fr\/guides\/wp-content\/uploads\/2020\/11\/couple-1030744_1280-e1604859089507.jpg?wsr\" \/>\n\t<meta property=\"og:image:width\" content=\"1280\" \/>\n\t<meta property=\"og:image:height\" content=\"547\" \/>\n<meta name=\"twitter:card\" content=\"summary_large_image\" \/>\n<script type=\"application\/ld+json\" class=\"yoast-schema-graph\">{\"@context\":\"https:\/\/schema.org\",\"@graph\":[{\"@type\":\"WebSite\",\"@id\":\"https:\/\/www.mes-allocs.fr\/guides\/#website\",\"url\":\"https:\/\/www.mes-allocs.fr\/guides\/\",\"name\":\"Mes-Allocs.fr\",\"description\":\"\",\"potentialAction\":[{\"@type\":\"SearchAction\",\"target\":\"https:\/\/www.mes-allocs.fr\/guides\/?s={search_term_string}\",\"query-input\":\"required name=search_term_string\"}],\"inLanguage\":\"fr-FR\"},{\"@type\":\"ImageObject\",\"@id\":\"https:\/\/www.mes-allocs.fr\/guides\/prime-d-activite\/plafond-prime-activite\/plafond-prime-activite-couple\/#primaryimage\",\"inLanguage\":\"fr-FR\",\"url\":\"https:\/\/www.mes-allocs.fr\/guides\/wp-content\/uploads\/2020\/11\/couple-1030744_1280-e1604859089507.jpg?wsr\",\"width\":1280,\"height\":547,\"caption\":\"couple 1030744 1280 e1604859089507\"},{\"@type\":\"WebPage\",\"@id\":\"https:\/\/www.mes-allocs.fr\/guides\/prime-d-activite\/plafond-prime-activite\/plafond-prime-activite-couple\/#webpage\",\"url\":\"https:\/\/www.mes-allocs.fr\/guides\/prime-d-activite\/plafond-prime-activite\/plafond-prime-activite-couple\/\",\"name\":\"Plafonds de ressources pour la prime d'activit\\u00e9 en couple en 2026\",\"isPartOf\":{\"@id\":\"https:\/\/www.mes-allocs.fr\/guides\/#website\"},\"primaryImageOfPage\":{\"@id\":\"https:\/\/www.mes-allocs.fr\/guides\/prime-d-activite\/plafond-prime-activite\/plafond-prime-activite-couple\/#primaryimage\"},\"datePublished\":\"2020-11-16T09:45:09+00:00\",\"dateModified\":\"2026-04-02T14:29:31+00:00\",\"author\":{\"@id\":\"https:\/\/www.mes-allocs.fr\/guides\/#\/schema\/person\/0ecd61a8600573914d00d970a588c024\"},\"description\":\"Vous pouvez avoir la prime d'activit\\u00e9 si vous avez de faibles revenus. Mes Allocs vous dit tout sur les plafonds pour un couple en 2026.\",\"inLanguage\":\"fr-FR\"},{\"@type\":\"Person\",\"@id\":\"https:\/\/www.mes-allocs.fr\/guides\/#\/schema\/person\/0ecd61a8600573914d00d970a588c024\",\"name\":\"Jonathan\",\"image\":{\"@type\":\"ImageObject\",\"@id\":\"https:\/\/www.mes-allocs.fr\/guides\/#personlogo\",\"inLanguage\":\"fr-FR\",\"url\":\"https:\/\/www.mes-allocs.fr\/guides\/wp-content\/uploads\/2021\/06\/jonathan-150x150.png\",\"caption\":\"Jonathan\"},\"description\":\"Jonathan est r\\u00e9dacteur au sein de l'\\u00e9quipe Mes Allocs, sp\\u00e9cialis\\u00e9 sur les sujets li\\u00e9s au handicap. Dipl\\u00f4m\\u00e9e de l'UPEM, il rejoint Mes Allocs apr\\u00e8s avoir travaill\\u00e9 \\u00e0 l'association AEDE qui accompagne les adultes en situation de handicap. Quand il n'\\u00e9crit pas, on peut le retrouver sur un terrain de basket.\",\"sameAs\":[\"https:\/\/www.linkedin.com\/in\/jonathan-bambela-8637861b7\"]}]}<\/script>\n<!-- \/ Yoast SEO plugin. -->","amp_validity":null,"acf":{"faq":{"1":{"question":"Qui est \u00e9ligible \u00e0 la prime d'activit\u00e9 ? ","answer":"La prime d'activit\u00e9 est vers\u00e9e aux personnes qui, tout en travaillant, gagnent moins de 1,5 SMIC."},"2":{"question":"Peut-on cumuler prime d'activit\u00e9 et APL ?","answer":"Ces deux aides sont cumulables. L'APL entre dans le calcul de la prime d'activit\u00e9 sous forme de forfait logement"},"3":{"question":"Quand est vers\u00e9e la prime d'activit\u00e9 ? ","answer":"Si vous respectez bien toutes les conditions d'attribution, la prime d'activit\u00e9 vous sera vers\u00e9e le 5 de chaque mois"},"4":{"question":"Quel est le montant de la prime d'activit\u00e9 ? ","answer":"Le montant forfaitaire de la prime d'activit\u00e9 s'\u00e9l\u00e8ve \u00e0 633,21 \u20ac pour une personne seule sans enfant."},"5":{"question":"","answer":""},"6":{"question":"","answer":""},"7":{"question":"","answer":""},"8":{"question":"","answer":""},"9":{"question":"","answer":""},"10":{"question":"","answer":""},"11":{"question":"","answer":""},"12":{"question":"","answer":""},"13":{"question":"","answer":""},"14":{"question":"","answer":""},"15":{"question":"","answer":""},"16":{"question":"","answer":""}}},"_links":{"self":[{"href":"https:\/\/www.mes-allocs.fr\/guides\/wp-json\/wp\/v2\/posts\/14539","targetHints":{"allow":["GET"]}}],"collection":[{"href":"https:\/\/www.mes-allocs.fr\/guides\/wp-json\/wp\/v2\/posts"}],"about":[{"href":"https:\/\/www.mes-allocs.fr\/guides\/wp-json\/wp\/v2\/types\/post"}],"author":[{"embeddable":true,"href":"https:\/\/www.mes-allocs.fr\/guides\/wp-json\/wp\/v2\/users\/6"}],"replies":[{"embeddable":true,"href":"https:\/\/www.mes-allocs.fr\/guides\/wp-json\/wp\/v2\/comments?post=14539"}],"version-history":[{"count":35,"href":"https:\/\/www.mes-allocs.fr\/guides\/wp-json\/wp\/v2\/posts\/14539\/revisions"}],"predecessor-version":[{"id":111426,"href":"https:\/\/www.mes-allocs.fr\/guides\/wp-json\/wp\/v2\/posts\/14539\/revisions\/111426"}],"wp:featuredmedia":[{"embeddable":true,"href":"https:\/\/www.mes-allocs.fr\/guides\/wp-json\/wp\/v2\/media\/14541"}],"wp:attachment":[{"href":"https:\/\/www.mes-allocs.fr\/guides\/wp-json\/wp\/v2\/media?parent=14539"}],"wp:term":[{"taxonomy":"category","embeddable":true,"href":"https:\/\/www.mes-allocs.fr\/guides\/wp-json\/wp\/v2\/categories?post=14539"},{"taxonomy":"post_tag","embeddable":true,"href":"https:\/\/www.mes-allocs.fr\/guides\/wp-json\/wp\/v2\/tags?post=14539"}],"curies":[{"name":"wp","href":"https:\/\/api.w.org\/{rel}","templated":true}]}}