{"id":14393,"date":"2020-11-17T10:01:27","date_gmt":"2020-11-17T10:01:27","guid":{"rendered":"https:\/\/www.mes-allocs.fr\/guides\/?p=14393"},"modified":"2025-10-07T16:08:36","modified_gmt":"2025-10-07T14:08:36","slug":"rupture-conventionnelle-chomage-retraite","status":"publish","type":"post","link":"https:\/\/www.mes-allocs.fr\/guides\/chomage\/rupture-conventionnelle-chomage\/rupture-conventionnelle-chomage-retraite\/","title":{"rendered":"Rupture conventionnelle, ch\u00f4mage et retraite : tout savoir."},"content":{"rendered":"<p data-amp-original-style=\"text-align: justify;\">\n<p data-amp-original-style=\"text-align: justify;\">La rupture conventionnelle est un accord \u00e0 l&rsquo;amiable entre l&#8217;employeur et son salari\u00e9 en CDI sur les conditions de la rupture du contrat de travail de celui-ci. Elle donne droit aux allocations ch\u00f4mages et \u00e0 la retraite. On vous explique tout sur la rupture conventionnelle et <a href=\"https:\/\/www.mes-allocs.fr\/guides\/chomage\">le ch\u00f4mage<\/a>.<\/p>\n<div class='cta-block'><div class='text'>Simulez votre ch\u00f4mage en 2 min.<\/div><a href='https:\/\/www.mes-allocs.fr\/simulation-chomage?origin=guides\/wp-json\/wp\/v2\/posts\/14393' class='app-button fit'>Simulation gratuite<\/a><\/div>\n<h1 data-amp-original-style=\"text-align: justify;\">Qu&rsquo;est ce que la rupture conventionnelle?<\/h1>\n<p>Selon le code du travail, le salari\u00e9 ou l&#8217;employeur propose une rupture conventionnelle lorsqu&rsquo;il souhaite mettre fin au contrat de travail. L&rsquo;avantage de ce syst\u00e8me est que les deux parties doivent se mettre d&rsquo;accord sur les termes de cette fin de carri\u00e8re. Le salari\u00e9 doit forc\u00e9ment \u00eatre en CDI.<\/p>\n<p>La rupture peut \u00eatre individuelle ou collective. Si elle est collective, seul l&#8217;employeur peut la demander. Dans les deux cas, les salari\u00e9s qui signent une rupture de contrat per\u00e7oivent une indemnit\u00e9 de d\u00e9part.<\/p>\n<h1 data-amp-original-style=\"text-align: justify;\">Comment calculer les indemnit\u00e9s de la rupture conventionnelle?<\/h1>\n<p data-amp-original-style=\"text-align: justify;\">L&rsquo;indemnit\u00e9 sp\u00e9cifique de rupture conventionnelle est calcul\u00e9e selon deux crit\u00e8res :<\/p>\n<ul>\n<li>l&rsquo;anciennet\u00e9 du salari\u00e9<\/li>\n<li>la r\u00e9mun\u00e9ration brute du salari\u00e9 avant la fin du contrat<\/li>\n<\/ul>\n<p>Les personnes demandant une indemnit\u00e9 de rupture sont exon\u00e9r\u00e9es d&rsquo; imp\u00f4ts dans les m\u00eames limites que l&rsquo;indemnit\u00e9 de licenciement.<\/p>\n<p>Les indemnit\u00e9s vers\u00e9es dans le cadre d&rsquo;une rupture conventionnelle collective ou dans le cadre d&rsquo;une rupture \u00e0 la suite de l&rsquo;acceptation du cong\u00e9 de mobilit\u00e9 sont exon\u00e9r\u00e9es en totalit\u00e9.<\/p>\n<h2 data-amp-original-style=\"text-align: justify;\">Anciennet\u00e9 sup\u00e9rieure \u00e0 10 ans<\/h2>\n<p>L&rsquo;indemnit\u00e9 l\u00e9gale est calcul\u00e9e \u00e0 partir de la r\u00e9mun\u00e9ration brute per\u00e7ue par le salari\u00e9 avant la rupture de son contrat de travail. Les primes et gratifications exceptionnelles ou annuelles sont prises en compte. Cette indemnit\u00e9 ne doit pas \u00eatre inf\u00e9rieure \u00e0:<\/p>\n<ul>\n<li>1\/4 de mois de salaire par ann\u00e9e d&rsquo;anciennet\u00e9 pour les\u00a010 premi\u00e8res ann\u00e9es<\/li>\n<li>1\/3 de mois de salaire par ann\u00e9e d&rsquo;anciennet\u00e9 \u00e0 partir de la\u00a011<sup>e<\/sup>\u00a0ann\u00e9e<\/li>\n<\/ul>\n<p>Le salaire de r\u00e9f\u00e9rence peut \u00eatre calcul\u00e9 de deux fa\u00e7ons :<\/p>\n<ul>\n<li>en calculant la moyenne mensuelle des 12 derniers mois pr\u00e9c\u00e9dant la rupture du contrat<\/li>\n<li>en calculant le \u2153 des 3 derniers mois. Dans ce cas, les primes et gratifications sont prises en compte en proportion du temps de travail effectu\u00e9. Si une prime annuelle a \u00e9t\u00e9 per\u00e7ue, il faut ajouter 1\/12<sup>e<\/sup>\u00a0du montant de la prime \u00e0 chacun des 3\u00a0derniers mois de r\u00e9f\u00e9rence.<\/li>\n<\/ul>\n<p><em>Exemple:<br \/>\nSi vous avez un salaire de r\u00e9f\u00e9rence de 2500 euros et que vous \u00eates dans l&rsquo;entreprise depuis 20 ans, votre indemnit\u00e9 de rupture conventionnelle est calcul\u00e9e ainsi :<br \/>\n<\/em>(2500 x 1\/4 x 10) + (2500 x\u00a0 1\/3 x 10) = 14 583,33\u20ac<br \/>\n<em>Si vous avez le m\u00eame salaire et que vous \u00eates dans l&rsquo;entreprise depuis 20 ans et 8 mois, vous obtenez :<br \/>\n<\/em>(2500 x 1\/4 x 10) + (2500 x\u00a0 1\/3 x 10) + (2500 x 1\/3) x (8\/12) = 15 138,88\u20ac<\/p>\n<h2 data-amp-original-style=\"text-align: justify;\">Anciennet\u00e9 inf\u00e9rieure \u00e0 10 ans<\/h2>\n<p>L&rsquo;indemnit\u00e9 ne peut pas \u00eatre inf\u00e9rieure \u00e0 1\/4 de mois de salaire par ann\u00e9e d&rsquo;anciennet\u00e9.<\/p>\n<p>Le salaire de r\u00e9f\u00e9rence peut \u00eatre calcul\u00e9 de deux fa\u00e7ons:<\/p>\n<ul>\n<li>en calculant la moyenne mensuelle des 12 derniers mois pr\u00e9c\u00e9dant la rupture du contrat.<\/li>\n<li>en calculant le 1\/3 des 3 derniers mois. Les primes et gratifications sont ajout\u00e9es en proportion\u00a0du temps de travail effectu\u00e9. Si une prime annuelle a \u00e9t\u00e9 per\u00e7ue, il faut ajouter 1\/12<sup>e<\/sup>\u00a0du montant de la prime \u00e0 chacun des 3 derniers mois de r\u00e9f\u00e9rence.<\/li>\n<\/ul>\n<h2 data-amp-original-style=\"text-align: justify;\">Anciennet\u00e9 inf\u00e9rieure \u00e0 12 mois<\/h2>\n<p>Le salaire de r\u00e9f\u00e9rence, lorsque l&rsquo;anciennet\u00e9 du salari\u00e9 est inf\u00e9rieure \u00e0 12 mois, prend en compte la moyenne mensuelle de la r\u00e9mun\u00e9ration des mois pr\u00e9c\u00e9dant la rupture du contrat. Puis cette moyenne est divis\u00e9 par 12.<\/p>\n<p><em>Exemple:<br \/>\nSi vous avez un salaire de r\u00e9f\u00e9rence de 2500 euros et que vous \u00eates dans l&rsquo;entreprise depuis 11 mois, votre indemnit\u00e9 de rupture conventionnelle est calcul\u00e9e ainsi :<br \/>\n(2500 x 1\/4) x (11\/12 ) = 572.91\u20ac<\/em><\/p>\n<div class='cta-block'><div class='text'>Simulez votre ch\u00f4mage en 2 min.<\/div><a href='https:\/\/www.mes-allocs.fr\/simulation-chomage?origin=guides\/wp-json\/wp\/v2\/posts\/14393' class='app-button fit'>Simulation gratuite<\/a><\/div>\n<h1>Rupture conventionnelle et ch\u00f4mage<\/h1>\n<h2>Qui peut y acc\u00e9der ?<\/h2>\n<p>Tout salari\u00e9 qui travaillait en CDI et qui a fait appel \u00e0 <a href=\"https:\/\/www.mes-allocs.fr\/guides\/chomage\/rupture-conventionnelle-chomage\">une rupture conventionnelle peut b\u00e9n\u00e9ficier du ch\u00f4mage<\/a>. Dans la majorit\u00e9 des cas, une d\u00e9mission du salari\u00e9 aurait interdit l&rsquo;\u00e9ligibilit\u00e9 \u00e0 l&rsquo;allocation ch\u00f4mage. Plus de d\u00e9tails sur les droits au ch\u00f4mage apr\u00e8s d\u00e9mission <a href=\"https:\/\/www.mes-allocs.fr\/guides\/chomage\/chomage-apres-demission\">dans cet article<\/a>.<\/p>\n<h2>Comment b\u00e9n\u00e9ficier du ch\u00f4mage apr\u00e8s une rupture conventionnelle ?<\/h2>\n<p>Pour b\u00e9n\u00e9ficier du ch\u00f4mage apr\u00e8s une rupture conventionnelle vous devez :<\/p>\n<ul>\n<li>Avoir travaill\u00e9 au moins 6 mois sur les 24 derniers <img loading=\"lazy\" decoding=\"async\" class=\"alignright wp-image-14427\" src=\"https:\/\/www.mes-allocs.fr\/guides\/wp-content\/uploads\/2020\/11\/chomage-1.jpg\" alt=\"Comment b\u00e9n\u00e9ficier du ch\u00f4mage apr\u00e8s une rupture conventionnelle?\" width=\"325\" height=\"215\" srcset=\"https:\/\/www.mes-allocs.fr\/guides\/wp-content\/uploads\/2020\/11\/chomage-1.jpg 2560w, https:\/\/www.mes-allocs.fr\/guides\/wp-content\/uploads\/2020\/11\/chomage-1-300x199.jpg 300w, https:\/\/www.mes-allocs.fr\/guides\/wp-content\/uploads\/2020\/11\/chomage-1-1024x680.jpg 1024w, https:\/\/www.mes-allocs.fr\/guides\/wp-content\/uploads\/2020\/11\/chomage-1-768x510.jpg 768w, https:\/\/www.mes-allocs.fr\/guides\/wp-content\/uploads\/2020\/11\/chomage-1-1536x1020.jpg 1536w, https:\/\/www.mes-allocs.fr\/guides\/wp-content\/uploads\/2020\/11\/chomage-1-2048x1360.jpg 2048w, https:\/\/www.mes-allocs.fr\/guides\/wp-content\/uploads\/2020\/11\/chomage-1-600x398.jpg 600w\" sizes=\"auto, (max-width: 325px) 100vw, 325px\" \/>mois mais si vous avez plus de 53 ans, 6 mois sur les 36 derniers mois.<\/li>\n<li>Avoir effectuer une inscription aupr\u00e8s de P\u00f4le emploi dans les 12 mois suivants la fin du travail.<\/li>\n<li>Rechercher activement un nouvel emploi ou \u00eates en formation.<\/li>\n<li>Ne pas avoir acquis les droits \u00e0 une retraite compl\u00e8te.<\/li>\n<li>Etre physiquement apte \u00e0 travailler.<\/li>\n<li>Et enfin r\u00e9sider en France (m\u00e9tropole ou DOM).<\/li>\n<\/ul>\n<p>Pour b\u00e9n\u00e9ficier du dispositif de maintien de droits aux allocations, vous devez justifier de 12 ans d\u2019affiliation au r\u00e9gime d\u2019assurance ch\u00f4mage ou de p\u00e9riodes assimil\u00e9es.<\/p>\n<p><iframe loading=\"lazy\" title=\"Tout savoir sur le ch\u00f4mage en France !\" width=\"500\" height=\"281\" src=\"https:\/\/www.youtube.com\/embed\/jgv9qS4jh7k?feature=oembed\" frameborder=\"0\" allow=\"accelerometer; autoplay; clipboard-write; encrypted-media; gyroscope; picture-in-picture; web-share\" referrerpolicy=\"strict-origin-when-cross-origin\" allowfullscreen><\/iframe><\/p>\n<p>&nbsp;<\/p>\n<h1>Rupture conventionnelle et retraite<\/h1>\n<h2>A quel \u00e2ge effectuer une rupture conventionnelle pour partir \u00e0 la retraite?<\/h2>\n<p>Il est int\u00e9ressant de signer la rupture conventionnelle \u00e0 59 ans car vous toucherez les allocations jusqu&rsquo;au d\u00e9part en retraite.\u00a0 Cependant,\u00a0 l&rsquo;accepter vers 61 ans offre plus d&rsquo;avantages. En effet, vous \u00eates indemnis\u00e9 par P\u00f4le emploi jusqu\u2019\u00e0 vos 64 ans, c\u2019est-\u00e0-dire jusqu\u2019\u00e0 l&rsquo;\u00e2ge auquel vous pourrez pr\u00e9tendre \u00e0 votre retraite \u00e0 taux plein. Un salari\u00e9 qui signe un rupture conventionnelle \u00e0 57 ans risquera de se retrouver \u00e0 60 ans sans aucune ressource en attendant de liquider sa retraite.<\/p>\n<p>La pension de retraite \u00e0 laquelle vous aurez le droit \u00e0 64 ans sera nettement sup\u00e9rieure \u00e0 celle que vous pouvez obtenir \u00e0 62 ans apr\u00e8s un rachat de trimestres, car pendant vos deux ann\u00e9es de ch\u00f4mage vous allez continuer \u00e0 accumuler des points calcul\u00e9s sur votre dernier salaire.<\/p>\n<p>Si le salari\u00e9 \u00e0 atteint l&rsquo;\u00e2ge l\u00e9gal de la retraite, son indemnit\u00e9 est soumise aux cotisations sociales, \u00e0 l\u2019 imp\u00f4t sur le revenu et au CSG-CRDS.<\/p>\n<h2>Quelles sont les conditions pour percevoir la retraite?<\/h2>\n<h3>La retraite \u00e0 taux plein<\/h3>\n<p>Vous pouvez b\u00e9n\u00e9ficier d\u2019une retraite compl\u00e9mentaire \u00e0 taux plein, si vous avez atteint<a href=\"https:\/\/www.mes-allocs.fr\/guides\/chomage\/droit-au-chomage\"> l&rsquo;\u00e2ge l\u00e9gal<\/a>, soit 62 ans et si vous justifiez du nombre de trimestres requis pour obtenir la retraite de base \u00e0 taux plein.<\/p>\n<p>Cette retraite est sans condition de dur\u00e9e d\u2019activit\u00e9, si vous avez atteint un \u00e2ge minimum compris entre 65 et 67 ans en fonction de votre date de naissance. Vous pouvez \u00e9galement\u00a0 l&rsquo;obtenir si vous \u00eates dans les situations suivantes:<\/p>\n<ul>\n<li>une situation d\u2019handicap,<\/li>\n<li>une inaptitude au travail,<\/li>\n<li>ou une autre situation particuli\u00e8re.<\/li>\n<\/ul>\n<h3>Le nouveau dispositif minoration\/ majoration<\/h3>\n<p>Le dispositif de minoration\/majoration temporaires s\u2019applique au montant de votre retraite compl\u00e9mentaire.<\/p>\n<p>Vous \u00eates concern\u00e9 :<\/p>\n<ul>\n<li>si vous \u00eates n\u00e9 \u00e0 compter du 1er janvier\u00a01957<\/li>\n<li>et si vous remplissez les conditions pour b\u00e9n\u00e9ficier de votre retraite Agirc-Arrco \u00e0 taux plein apr\u00e8s le 1er janvier\u00a02019.<\/li>\n<\/ul>\n<h2>Comment toucher les indemnit\u00e9s de d\u00e9part \u00e0 la retraite?<\/h2>\n<p>Un salari\u00e9 qui part \u00e0 la retraite peut percevoir une indemnit\u00e9 de retraite. Cette indemnit\u00e9 change si le salari\u00e9 s&rsquo;est mis \u00e0 la retraite ou s&rsquo;il y est mis par son employeur.<\/p>\n<p>Attention : La convention collective qui est un accord \u00e9crit n\u00e9goci\u00e9 entre les syndicats de salari\u00e9s et d&#8217;employeurs peut vous aider. Elle peut donner une indemnit\u00e9 plus favorable que la loi.<\/p>\n<h3>Dans le cas d&rsquo;un d\u00e9part volontaire \u00e0 la retraite<\/h3>\n<p>Lorsque vous quittez volontairement l&rsquo;entreprise, vous pouvez percevoir une indemnit\u00e9 l\u00e9gale de d\u00e9part \u00e0 la retraite. Cette indemnit\u00e9 ne vous est attribu\u00e9e que si vous avez une anciennet\u00e9 d&rsquo;au moins 10 ans.<\/p>\n<h3>Dans le cas d&rsquo;une mise \u00e0 la retraite par l&#8217;employeur<\/h3>\n<p>Lorsque vous \u00eates mis \u00e0 la retraite sur d\u00e9cision de votre employeur, vous avez droit \u00e0 un pr\u00e9avis\u00a0et \u00e0 une indemnit\u00e9 de mise \u00e0 la retraite.<\/p>\n<p>Elle se calcule de la m\u00eame fa\u00e7on que l&rsquo;indemnit\u00e9 de rupture conventionnelle.<\/p>\n<div class='cta-block'><div class='text'>Simulez votre ch\u00f4mage en 2 min.<\/div><a href='https:\/\/www.mes-allocs.fr\/simulation-chomage?origin=guides\/wp-json\/wp\/v2\/posts\/14393' class='app-button fit'>Simulation gratuite<\/a><\/div>\n","protected":false},"excerpt":{"rendered":"<p>La rupture conventionnelle est un accord \u00e0 l&rsquo;amiable entre l&#8217;employeur et son salari\u00e9 en CDI sur les conditions de la rupture du contrat de travail de celui-ci. Elle donne droit aux allocations ch\u00f4mages et \u00e0 la retraite. On vous explique tout sur la rupture conventionnelle et le ch\u00f4mage. Qu&rsquo;est ce que la rupture conventionnelle? Selon [&hellip;]<\/p>\n","protected":false},"author":7,"featured_media":14403,"comment_status":"open","ping_status":"open","sticky":false,"template":"","format":"standard","meta":{"amp_status":"","footnotes":""},"categories":[2989,3058],"tags":[],"class_list":["post-14393","post","type-post","status-publish","format-standard","has-post-thumbnail","hentry","category-chomage","category-rupture-conventionnelle-chomage"],"yoast_head":"<!-- This site is optimized with the Yoast SEO plugin v14.9 - https:\/\/yoast.com\/wordpress\/plugins\/seo\/ -->\n<title>Rupture conventionnelle, ch\u00f4mage et retraite : tout savoir. | Mes-Allocs.fr<\/title>\n<meta name=\"description\" content=\"Rupture conventionnelle, ch\u00f4mage et retraite... Comment cumuler ces aides ? Quelles sont les conditions pour les obtenir ? On vous explique\" \/>\n<meta name=\"robots\" content=\"index, follow, max-snippet:-1, max-image-preview:large, max-video-preview:-1\" \/>\n<link rel=\"canonical\" href=\"https:\/\/www.mes-allocs.fr\/guides\/chomage\/rupture-conventionnelle-chomage\/rupture-conventionnelle-chomage-retraite\/\" \/>\n<meta property=\"og:locale\" content=\"fr_FR\" \/>\n<meta property=\"og:type\" content=\"article\" \/>\n<meta property=\"og:title\" content=\"Rupture conventionnelle, ch\u00f4mage et retraite : tout savoir. | Mes-Allocs.fr\" \/>\n<meta property=\"og:description\" content=\"Rupture conventionnelle, ch\u00f4mage et retraite... Comment cumuler ces aides ? Quelles sont les conditions pour les obtenir ? On vous explique\" \/>\n<meta property=\"og:url\" content=\"https:\/\/www.mes-allocs.fr\/guides\/chomage\/rupture-conventionnelle-chomage\/rupture-conventionnelle-chomage-retraite\/\" \/>\n<meta property=\"og:site_name\" content=\"Mes-Allocs.fr\" \/>\n<meta property=\"article:published_time\" content=\"2020-11-17T10:01:27+00:00\" \/>\n<meta property=\"article:modified_time\" content=\"2025-10-07T14:08:36+00:00\" \/>\n<meta property=\"og:image\" content=\"https:\/\/www.mes-allocs.fr\/guides\/wp-content\/uploads\/2020\/11\/Rupture-conventionnelle-2-e1604913039201.jpg?wsr\" \/>\n\t<meta property=\"og:image:width\" content=\"1920\" \/>\n\t<meta property=\"og:image:height\" content=\"576\" \/>\n<meta name=\"twitter:card\" content=\"summary_large_image\" \/>\n<script type=\"application\/ld+json\" class=\"yoast-schema-graph\">{\"@context\":\"https:\/\/schema.org\",\"@graph\":[{\"@type\":\"WebSite\",\"@id\":\"https:\/\/www.mes-allocs.fr\/guides\/#website\",\"url\":\"https:\/\/www.mes-allocs.fr\/guides\/\",\"name\":\"Mes-Allocs.fr\",\"description\":\"\",\"potentialAction\":[{\"@type\":\"SearchAction\",\"target\":\"https:\/\/www.mes-allocs.fr\/guides\/?s={search_term_string}\",\"query-input\":\"required name=search_term_string\"}],\"inLanguage\":\"fr-FR\"},{\"@type\":\"ImageObject\",\"@id\":\"https:\/\/www.mes-allocs.fr\/guides\/chomage\/rupture-conventionnelle-chomage\/rupture-conventionnelle-chomage-retraite\/#primaryimage\",\"inLanguage\":\"fr-FR\",\"url\":\"https:\/\/www.mes-allocs.fr\/guides\/wp-content\/uploads\/2020\/11\/Rupture-conventionnelle-2-e1604913039201.jpg?wsr\",\"width\":1920,\"height\":576,\"caption\":\"Rupture conventionnelle 2 e1604913039201\"},{\"@type\":\"WebPage\",\"@id\":\"https:\/\/www.mes-allocs.fr\/guides\/chomage\/rupture-conventionnelle-chomage\/rupture-conventionnelle-chomage-retraite\/#webpage\",\"url\":\"https:\/\/www.mes-allocs.fr\/guides\/chomage\/rupture-conventionnelle-chomage\/rupture-conventionnelle-chomage-retraite\/\",\"name\":\"Rupture conventionnelle, ch\\u00f4mage et retraite : tout savoir. | Mes-Allocs.fr\",\"isPartOf\":{\"@id\":\"https:\/\/www.mes-allocs.fr\/guides\/#website\"},\"primaryImageOfPage\":{\"@id\":\"https:\/\/www.mes-allocs.fr\/guides\/chomage\/rupture-conventionnelle-chomage\/rupture-conventionnelle-chomage-retraite\/#primaryimage\"},\"datePublished\":\"2020-11-17T10:01:27+00:00\",\"dateModified\":\"2025-10-07T14:08:36+00:00\",\"author\":{\"@id\":\"https:\/\/www.mes-allocs.fr\/guides\/#\/schema\/person\/1c4837d5703727cb02ce84583b5a44aa\"},\"description\":\"Rupture conventionnelle, ch\\u00f4mage et retraite... Comment cumuler ces aides ? Quelles sont les conditions pour les obtenir ? On vous explique\",\"inLanguage\":\"fr-FR\"},{\"@type\":\"Person\",\"@id\":\"https:\/\/www.mes-allocs.fr\/guides\/#\/schema\/person\/1c4837d5703727cb02ce84583b5a44aa\",\"name\":\"Fabiola\",\"image\":{\"@type\":\"ImageObject\",\"@id\":\"https:\/\/www.mes-allocs.fr\/guides\/#personlogo\",\"inLanguage\":\"fr-FR\",\"url\":\"https:\/\/www.mes-allocs.fr\/guides\/wp-content\/uploads\/2021\/06\/fabiola-150x150.png\",\"caption\":\"Fabiola\"},\"description\":\"Fabiola est r\\u00e9dactrice au sein de l'\\u00e9quipe Mes Allocs, sp\\u00e9cialis\\u00e9e en sciences politiques et affaires publiques. Dipl\\u00f4m\\u00e9e de l'HEIP, elle rejoint Mes Allocs apr\\u00e8s une premi\\u00e8re exp\\u00e9rience \\u00e0 l'Assembl\\u00e9e Nationale.\",\"sameAs\":[\"https:\/\/www.linkedin.com\/in\/cecilia-philippe-b-8a8085195\"]}]}<\/script>\n<!-- \/ Yoast SEO plugin. -->","amp_validity":null,"acf":{"faq":{"1":{"question":"Quel droit au ch\u00f4mage apr\u00e8s 62 ans ?","answer":"Les demandeurs d'emploi indemnis\u00e9s \u00e0 l'\u00e2ge de 62 ans peuvent voir leurs droits prolong\u00e9s jusqu'\u00e0 la liquidation de leur retraite, \u00e0 certaines conditions. Mais jamais au-del\u00e0 de 65 ou 67 ans, \u00e2ge o\u00f9 une retraite \u00e0 taux plein leur est attribu\u00e9e d'office.\r\n"},"2":{"question":"Licenciement ou rupture conventionnelle ?","answer":"Le licenciement semble \u00eatre plus avantageux pour le salari\u00e9 et la rupture conventionnelle plus avantageuse pour l'employeur.\r\n<br><a href=\"https:\/\/www.mes-allocs.fr\/guides\/pole-emploi\/rupture-conventionnelle-chomage\/rupture-conventionnelle-chomage-retraite\/\">Lire la suite<\/a>"},"3":{"question":"Comment calculer le montant du ch\u00f4mage apr\u00e8s la rupture conventionnelle ?","answer":"En cumulant les 13,18 \u20ac d\u2019indemnit\u00e9 fixe\u2009et 40,4 % du salaire journalier de r\u00e9f\u00e9rence (SJR), vous obtiendrez le montant journalier brut de votre allocation ch\u00f4mage."},"4":{"question":"Quel droit au ch\u00f4mage \u00e0 57 ans ?","answer":"Un salari\u00e9 qui est licenci\u00e9 \u00e0 57 ans n'obtiendra que deux ans d'indemnisation s'il a travaill\u00e9 deux ans. <br><a href=\"https:\/\/www.mes-allocs.fr\/guides\/pole-emploi\/rupture-conventionnelle-chomage\/rupture-conventionnelle-chomage-retraite\/\">Lire la suite<\/a>"},"5":{"question":"Quels sont les avantages \u00e0 60 ans ?","answer":"Il est possible de recevoir l'allocation personnalis\u00e9e d'autonomie (Apa) \u00e0 60 ans. Son montant est calcul\u00e9 selon vos besoins et le niveau de vos revenus (pour les plus modestes, elle finance 80 \u00e0 100% des aides \u00e0 domicile). De plus , vous pouvez b\u00e9n\u00e9ficier d'aides aux travaux d'adaptation de votre logement avec l'Anah.\r\n"},"6":{"question":"Est-ce que les p\u00e9riodes de ch\u00f4mage comptent dans la retraite ?","answer":"Toutes les p\u00e9riodes de ch\u00f4mages sont vues comme des des trimestres d'assurance retraite dans la limite de 4 trimestres par an."},"7":{"question":"","answer":""},"8":{"question":"","answer":""},"9":{"question":"","answer":""},"10":{"question":"","answer":""},"11":{"question":"","answer":""},"12":{"question":"","answer":""},"13":{"question":"","answer":""},"14":{"question":"","answer":""},"15":{"question":"","answer":""},"16":{"question":"","answer":""}}},"_links":{"self":[{"href":"https:\/\/www.mes-allocs.fr\/guides\/wp-json\/wp\/v2\/posts\/14393","targetHints":{"allow":["GET"]}}],"collection":[{"href":"https:\/\/www.mes-allocs.fr\/guides\/wp-json\/wp\/v2\/posts"}],"about":[{"href":"https:\/\/www.mes-allocs.fr\/guides\/wp-json\/wp\/v2\/types\/post"}],"author":[{"embeddable":true,"href":"https:\/\/www.mes-allocs.fr\/guides\/wp-json\/wp\/v2\/users\/7"}],"replies":[{"embeddable":true,"href":"https:\/\/www.mes-allocs.fr\/guides\/wp-json\/wp\/v2\/comments?post=14393"}],"version-history":[{"count":50,"href":"https:\/\/www.mes-allocs.fr\/guides\/wp-json\/wp\/v2\/posts\/14393\/revisions"}],"predecessor-version":[{"id":104418,"href":"https:\/\/www.mes-allocs.fr\/guides\/wp-json\/wp\/v2\/posts\/14393\/revisions\/104418"}],"wp:featuredmedia":[{"embeddable":true,"href":"https:\/\/www.mes-allocs.fr\/guides\/wp-json\/wp\/v2\/media\/14403"}],"wp:attachment":[{"href":"https:\/\/www.mes-allocs.fr\/guides\/wp-json\/wp\/v2\/media?parent=14393"}],"wp:term":[{"taxonomy":"category","embeddable":true,"href":"https:\/\/www.mes-allocs.fr\/guides\/wp-json\/wp\/v2\/categories?post=14393"},{"taxonomy":"post_tag","embeddable":true,"href":"https:\/\/www.mes-allocs.fr\/guides\/wp-json\/wp\/v2\/tags?post=14393"}],"curies":[{"name":"wp","href":"https:\/\/api.w.org\/{rel}","templated":true}]}}