{"id":14374,"date":"2020-11-09T09:04:36","date_gmt":"2020-11-09T09:04:36","guid":{"rendered":"https:\/\/www.mes-allocs.fr\/guides\/?p=14374"},"modified":"2025-12-04T18:22:56","modified_gmt":"2025-12-04T17:22:56","slug":"aspa-et-prime-de-noel","status":"publish","type":"post","link":"https:\/\/www.mes-allocs.fr\/guides\/prime-de-noel\/prime-de-noel-cumul\/aspa-et-prime-de-noel\/","title":{"rendered":"L&rsquo;ASPA et la prime de No\u00ebl sont-elles cumulables ?"},"content":{"rendered":"<p><img loading=\"lazy\" decoding=\"async\" class=\"aligncenter size-full wp-image-105452\" title=\"prime noel aspa\" src=\"https:\/\/www.mes-allocs.fr\/guides\/wp-content\/uploads\/2020\/11\/prime-noel-aspa-e1762186397777.jpg\" alt=\"prime noel aspa\" width=\"1920\" height=\"300\" srcset=\"https:\/\/www.mes-allocs.fr\/guides\/wp-content\/uploads\/2020\/11\/prime-noel-aspa-e1762186397777.jpg 1920w, https:\/\/www.mes-allocs.fr\/guides\/wp-content\/uploads\/2020\/11\/prime-noel-aspa-e1762186397777-300x47.jpg 300w, https:\/\/www.mes-allocs.fr\/guides\/wp-content\/uploads\/2020\/11\/prime-noel-aspa-e1762186397777-1024x160.jpg 1024w, https:\/\/www.mes-allocs.fr\/guides\/wp-content\/uploads\/2020\/11\/prime-noel-aspa-e1762186397777-768x120.jpg 768w, https:\/\/www.mes-allocs.fr\/guides\/wp-content\/uploads\/2020\/11\/prime-noel-aspa-e1762186397777-1536x240.jpg 1536w, https:\/\/www.mes-allocs.fr\/guides\/wp-content\/uploads\/2020\/11\/prime-noel-aspa-e1762186397777-600x94.jpg 600w\" sizes=\"auto, (max-width: 1920px) 100vw, 1920px\" \/><\/p>\n<p>[Mis \u00e0 jour le 04\/12\/2025] L\u2019ASPA (Allocation de Solidarit\u00e9 aux Personnes \u00c2g\u00e9es), anciennement appel\u00e9e minimum vieillesse, permet \u00e0 de nombreux retrait\u00e9s disposant de faibles ressources de compl\u00e9ter leurs revenus. La prime de No\u00ebl, quant \u00e0 elle, est vers\u00e9e en fin d&rsquo;ann\u00e9e aux foyers modestes. Alors, <strong>ASPA et prime de No\u00ebl<\/strong> sont-elles cumulables ? Mes Allocs fait le point avec vous sur les conditions de cette aide exceptionnelle, les \u00e9ventuels cas de <a href=\"https:\/\/www.mes-allocs.fr\/guides\/prime-de-noel\/prime-de-noel-cumul\/\">cumul de la prime de No\u00ebl<\/a> et les autres aides accessibles aux retrait\u00e9s en 2025.<\/p>\n<div class='cta-block'><div class='text'>Simulez votre prime de No\u00ebl en 2 min.<\/div><a href='https:\/\/www.mes-allocs.fr\/ab-app?origin=guides\/wp-json\/wp\/v2\/posts\/14374' class='app-button fit'>Simulation gratuite<\/a><\/div>\n<h1>Peut-on cumuler l&rsquo;ASPA et la prime de No\u00ebl ?<\/h1>\n<p>Non, <strong>il n\u2019est pas possible de cumuler l\u2019ASPA et la prime de No\u00ebl<\/strong>. M\u00eame si cette aide exceptionnelle de fin d\u2019ann\u00e9e est cumulable avec de nombreux minima sociaux, les b\u00e9n\u00e9ficiaires de l\u2019ASPA (Allocation de Solidarit\u00e9 aux Personnes \u00c2g\u00e9es) n\u2019y sont pas \u00e9ligibles. Autrement dit, les personnes d\u00e9j\u00e0 \u00e0 la retraite et percevant le minimum vieillesse ne peuvent pas recevoir la prime de No\u00ebl.<\/p>\n<p>Cependant, certains cas particuliers existent pour les personnes proches de la retraite. Les demandeurs d\u2019emploi qui ont valid\u00e9 suffisamment de trimestres pour b\u00e9n\u00e9ficier d\u2019une retraite \u00e0 taux plein, mais qui n\u2019ont pas encore atteint l\u2019\u00e2ge l\u00e9gal de d\u00e9part, peuvent toucher la prime de No\u00ebl s\u2019ils per\u00e7oivent :<\/p>\n<ul>\n<li>L\u2019Allocation \u00e9quivalent retraite (AER)<\/li>\n<li>La Prime transitoire de solidarit\u00e9 (PTS)<\/li>\n<\/ul>\n<p>Ces deux aides, d\u00e9sormais peu fr\u00e9quentes, ouvrent droit \u00e0 la prime de No\u00ebl tant qu\u2019elles sont vers\u00e9es. En revanche, d\u00e8s qu\u2019un b\u00e9n\u00e9ficiaire entre effectivement en retraite et per\u00e7oit l\u2019ASPA ou une pension, il perd d\u00e9finitivement le droit \u00e0 la prime de No\u00ebl.<\/p>\n<p>&nbsp;<\/p>\n<p style=\"text-align: center;\"><iframe loading=\"lazy\" src=\"\/\/www.youtube.com\/embed\/JSd0X11Muig\" width=\"560\" height=\"314\" allowfullscreen=\"allowfullscreen\" data-mce-fragment=\"1\"><\/iframe><\/p>\n<h1>Pourquoi les retrait\u00e9s \u00e0 l\u2019ASPA ne per\u00e7oivent-ils pas la prime de No\u00ebl ?<\/h1>\n<p>L\u2019exclusion des b\u00e9n\u00e9ficiaires de l\u2019ASPA du dispositif de la prime de No\u00ebl repose sur un choix gouvernemental ancien. Depuis la cr\u00e9ation de cette aide exceptionnelle en 1998, la prime de No\u00ebl est r\u00e9serv\u00e9e aux allocataires de minima sociaux li\u00e9s \u00e0 la pr\u00e9carit\u00e9 ou au ch\u00f4mage, comme le RSA, l\u2019ASS ou l\u2019AER. <strong>Les retrait\u00e9s percevant l\u2019ASPA n\u2019ont donc jamais \u00e9t\u00e9 int\u00e9gr\u00e9s \u00e0 ce dispositif.<\/strong><\/p>\n<p>La principale justification avanc\u00e9e par l\u2019\u00c9tat tient au caract\u00e8re mensuel et p\u00e9renne de l\u2019ASPA. Cette allocation garantit d\u00e9j\u00e0 un revenu minimal stable tout au long de l\u2019ann\u00e9e, contrairement \u00e0 d\u2019autres aides plus variables comme le RSA ou l\u2019ASS. Le gouvernement estime donc qu\u2019il n\u2019est pas n\u00e9cessaire d\u2019ajouter une prime ponctuelle de fin d\u2019ann\u00e9e pour les b\u00e9n\u00e9ficiaires de l\u2019ASPA.<\/p>\n<p>Cependant, cette position est souvent critiqu\u00e9e par les associations de retrait\u00e9s et de d\u00e9fense des seniors. Elles soulignent que malgr\u00e9 l\u2019ASPA, de nombreux retrait\u00e9s vivent encore sous le seuil de pauvret\u00e9, et que l\u2019absence de prime de No\u00ebl cr\u00e9e une in\u00e9galit\u00e9 de traitement entre les diff\u00e9rentes cat\u00e9gories de b\u00e9n\u00e9ficiaires de minima sociaux.<br \/>\nPlusieurs organisations r\u00e9clament chaque ann\u00e9e une <strong>extension du dispositif aux titulaires de l\u2019ASPA<\/strong>, sans succ\u00e8s jusqu\u2019\u00e0 pr\u00e9sent.<\/p>\n<div class='cta-block'><div class='text'>Simulez votre prime de No\u00ebl en 2 min.<\/div><a href='https:\/\/www.mes-allocs.fr\/ab-app?origin=guides\/wp-json\/wp\/v2\/posts\/14374' class='app-button fit'>Simulation gratuite<\/a><\/div>\n<h1>Le cas particulier des couples dont un seul membre per\u00e7oit l\u2019ASPA<\/h1>\n<p>Dans un couple, il arrive que <strong>seul l\u2019un des deux conjoints per\u00e7oive l\u2019ASPA<\/strong>, tandis que l\u2019autre touche une autre aide ou une petite allocation ch\u00f4mage. Dans cette situation, la prime de No\u00ebl peut \u00e9ventuellement \u00eatre vers\u00e9e, mais uniquement si l\u2019autre membre du couple est allocataire d\u2019un minimum social \u00e9ligible (comme le RSA, l\u2019ASS ou l\u2019AER).<\/p>\n<p>Autrement dit, c\u2019est l\u2019aide per\u00e7ue par le second membre du couple qui peut ouvrir droit \u00e0 la prime, pas l\u2019ASPA. Si aucun des deux ne touche de prestation figurant dans la liste des aides \u00e9ligibles, le foyer ne recevra pas la prime de No\u00ebl.<\/p>\n<h1>Quelles aides de fin d\u2019ann\u00e9e pour les retrait\u00e9s \u00e0 faibles revenus ?<\/h1>\n<p>M\u00eame si les b\u00e9n\u00e9ficiaires de l\u2019ASPA ne peuvent pas toucher la prime de No\u00ebl, ils peuvent tout de m\u00eame b\u00e9n\u00e9ficier d\u2019autres dispositifs d\u2019aide \u00e0 la fin de l\u2019ann\u00e9e. Ces aides, souvent <strong>locales<\/strong> ou <strong>exceptionnelles<\/strong>, permettent d\u2019all\u00e9ger les d\u00e9penses des foyers modestes.<\/p>\n<p>La premi\u00e8re solution consiste \u00e0 se renseigner aupr\u00e8s de votre <strong>Centre Communal d\u2019Action Sociale (CCAS)<\/strong> ou de votre <strong>mairie<\/strong>. En effet, de nombreuses communes ou d\u00e9partements accordent chaque ann\u00e9e une <strong>aide financi\u00e8re ponctuelle<\/strong> ou des <strong>ch\u00e8ques-cadeaux <\/strong>aux retrait\u00e9s disposant de faibles ressources. Les conditions varient selon les territoires, mais elles tiennent g\u00e9n\u00e9ralement compte de votre revenu, de votre \u00e2ge et de votre situation familiale.<\/p>\n<p>Les b\u00e9n\u00e9ficiaires de l\u2019ASPA peuvent \u00e9galement avoir droit \u00e0 :<\/p>\n<ul>\n<li>Des <strong>aides alimentaires<\/strong> (bons d\u2019achat, colis de No\u00ebl, repas solidaires) distribu\u00e9es par les CCAS, les associations caritatives ou les banques alimentaires<\/li>\n<li>Des <strong>r\u00e9ductions<\/strong> ou exon\u00e9rations <strong>locales<\/strong> accord\u00e9es sur crit\u00e8res de ressources<\/li>\n<\/ul>\n<div class='cta-block'><div class='text'>Simulez votre prime de No\u00ebl en 2 min.<\/div><a href='https:\/\/www.mes-allocs.fr\/ab-app?origin=guides\/wp-json\/wp\/v2\/posts\/14374' class='app-button fit'>Simulation gratuite<\/a><\/div>\n","protected":false},"excerpt":{"rendered":"<p>[Mis \u00e0 jour le 04\/12\/2025] L\u2019ASPA (Allocation de Solidarit\u00e9 aux Personnes \u00c2g\u00e9es), anciennement appel\u00e9e minimum vieillesse, permet \u00e0 de nombreux retrait\u00e9s disposant de faibles ressources de compl\u00e9ter leurs revenus. La prime de No\u00ebl, quant \u00e0 elle, est vers\u00e9e en fin d&rsquo;ann\u00e9e aux foyers modestes. Alors, ASPA et prime de No\u00ebl sont-elles cumulables ? Mes Allocs [&hellip;]<\/p>\n","protected":false},"author":9,"featured_media":14380,"comment_status":"open","ping_status":"open","sticky":false,"template":"","format":"standard","meta":{"amp_status":"","footnotes":""},"categories":[31,38913],"tags":[],"class_list":["post-14374","post","type-post","status-publish","format-standard","has-post-thumbnail","hentry","category-prime-de-noel","category-prime-de-noel-cumul"],"yoast_head":"<!-- This site is optimized with the Yoast SEO plugin v14.9 - https:\/\/yoast.com\/wordpress\/plugins\/seo\/ -->\n<title>L&#039;ASPA et la prime de No\u00ebl sont-elles cumulables ? | Mes-Allocs.fr<\/title>\n<meta name=\"description\" content=\"La prime de No\u00ebl sera vers\u00e9e d\u00e8s\u00a0le 16 d\u00e9cembre 2025. Mais pouvez-vous la cumuler avec l&#039;ASPA ? Mes Allocs vous explique tout en d\u00e9tail ici !\" \/>\n<meta name=\"robots\" content=\"index, follow, max-snippet:-1, max-image-preview:large, max-video-preview:-1\" \/>\n<link rel=\"canonical\" href=\"https:\/\/www.mes-allocs.fr\/guides\/prime-de-noel\/prime-de-noel-cumul\/aspa-et-prime-de-noel\/\" \/>\n<meta property=\"og:locale\" content=\"fr_FR\" \/>\n<meta property=\"og:type\" content=\"article\" \/>\n<meta property=\"og:title\" content=\"L&#039;ASPA et la prime de No\u00ebl sont-elles cumulables ? | Mes-Allocs.fr\" \/>\n<meta property=\"og:description\" content=\"La prime de No\u00ebl sera vers\u00e9e d\u00e8s\u00a0le 16 d\u00e9cembre 2025. Mais pouvez-vous la cumuler avec l&#039;ASPA ? Mes Allocs vous explique tout en d\u00e9tail ici !\" \/>\n<meta property=\"og:url\" content=\"https:\/\/www.mes-allocs.fr\/guides\/prime-de-noel\/prime-de-noel-cumul\/aspa-et-prime-de-noel\/\" \/>\n<meta property=\"og:site_name\" content=\"Mes-Allocs.fr\" \/>\n<meta property=\"article:published_time\" content=\"2020-11-09T09:04:36+00:00\" \/>\n<meta property=\"article:modified_time\" content=\"2025-12-04T17:22:56+00:00\" \/>\n<meta property=\"og:image\" content=\"https:\/\/www.mes-allocs.fr\/guides\/wp-content\/uploads\/2020\/11\/gifts-4678018_1280.jpg?wsr\" \/>\n\t<meta property=\"og:image:width\" content=\"1280\" \/>\n\t<meta property=\"og:image:height\" content=\"853\" \/>\n<meta name=\"twitter:card\" content=\"summary_large_image\" \/>\n<script type=\"application\/ld+json\" class=\"yoast-schema-graph\">{\"@context\":\"https:\/\/schema.org\",\"@graph\":[{\"@type\":\"WebSite\",\"@id\":\"https:\/\/www.mes-allocs.fr\/guides\/#website\",\"url\":\"https:\/\/www.mes-allocs.fr\/guides\/\",\"name\":\"Mes-Allocs.fr\",\"description\":\"\",\"potentialAction\":[{\"@type\":\"SearchAction\",\"target\":\"https:\/\/www.mes-allocs.fr\/guides\/?s={search_term_string}\",\"query-input\":\"required name=search_term_string\"}],\"inLanguage\":\"fr-FR\"},{\"@type\":\"ImageObject\",\"@id\":\"https:\/\/www.mes-allocs.fr\/guides\/prime-de-noel\/prime-de-noel-cumul\/aspa-et-prime-de-noel\/#primaryimage\",\"inLanguage\":\"fr-FR\",\"url\":\"https:\/\/www.mes-allocs.fr\/guides\/wp-content\/uploads\/2020\/11\/gifts-4678018_1280.jpg?wsr\",\"width\":1280,\"height\":853,\"caption\":\"gifts 4678018 1280 e1604651629800\"},{\"@type\":\"WebPage\",\"@id\":\"https:\/\/www.mes-allocs.fr\/guides\/prime-de-noel\/prime-de-noel-cumul\/aspa-et-prime-de-noel\/#webpage\",\"url\":\"https:\/\/www.mes-allocs.fr\/guides\/prime-de-noel\/prime-de-noel-cumul\/aspa-et-prime-de-noel\/\",\"name\":\"L'ASPA et la prime de No\\u00ebl sont-elles cumulables ? | Mes-Allocs.fr\",\"isPartOf\":{\"@id\":\"https:\/\/www.mes-allocs.fr\/guides\/#website\"},\"primaryImageOfPage\":{\"@id\":\"https:\/\/www.mes-allocs.fr\/guides\/prime-de-noel\/prime-de-noel-cumul\/aspa-et-prime-de-noel\/#primaryimage\"},\"datePublished\":\"2020-11-09T09:04:36+00:00\",\"dateModified\":\"2025-12-04T17:22:56+00:00\",\"author\":{\"@id\":\"https:\/\/www.mes-allocs.fr\/guides\/#\/schema\/person\/e4e762c89158b34a332446d26f02fd56\"},\"description\":\"La prime de No\\u00ebl sera vers\\u00e9e d\\u00e8s\\u00a0le 16 d\\u00e9cembre 2025. Mais pouvez-vous la cumuler avec l'ASPA ? Mes Allocs vous explique tout en d\\u00e9tail ici !\",\"inLanguage\":\"fr-FR\"},{\"@type\":\"Person\",\"@id\":\"https:\/\/www.mes-allocs.fr\/guides\/#\/schema\/person\/e4e762c89158b34a332446d26f02fd56\",\"name\":\"Marylou\",\"image\":{\"@type\":\"ImageObject\",\"@id\":\"https:\/\/www.mes-allocs.fr\/guides\/#personlogo\",\"inLanguage\":\"fr-FR\",\"url\":\"https:\/\/www.mes-allocs.fr\/guides\/wp-content\/uploads\/2021\/06\/marylou-150x150.png\",\"caption\":\"Marylou\"},\"description\":\"Marylou est r\\u00e9dactrice au sein de l'\\u00e9quipe Mes Allocs, sp\\u00e9cialiste des sujets de soci\\u00e9t\\u00e9 en g\\u00e9n\\u00e9ral. Dipl\\u00f4m\\u00e9e de l'Institut Sup\\u00e9rieur de Formation au Journalisme, elle rejoint Mes Allocs apr\\u00e8s cr\\u00e9\\u00e9 son premier blog personnel.\",\"sameAs\":[\"https:\/\/www.linkedin.com\/in\/marylou-pr\\u00e9vost\"]}]}<\/script>\n<!-- \/ Yoast SEO plugin. -->","amp_validity":null,"acf":{"faq":{"1":{"question":"Peut-on cumuler l'ASPA et la prime de No\u00ebl ? ","answer":"Non ces deux aides ne peuvent pas se cumuler. Il en est de m\u00eame pour l'AAH qui ne se cumule pas avec la prime de No\u00ebl."},"2":{"question":"Qui peut b\u00e9n\u00e9ficier de l'ASPA ? ","answer":"Les personnes qui b\u00e9n\u00e9ficient d'un minimum vieillesse et ont 65 ans peuvent pr\u00e9tendre \u00e0 l'ASPA."},"3":{"question":"Comment faire une demande d'ASPA ? ","answer":"Vous devez contacter la Cnav, soit la MSA. Les formulaires de demande d'ASPA sont \u00e9galement disponibles sur leurs sites internet."},"4":{"question":"Quand est vers\u00e9e la prime de No\u00ebl ?","answer":"Cette ann\u00e9e, la prime de No\u00ebl est vers\u00e9e \u00e0 partir du 16 d\u00e9cembre 2025."},"5":{"question":"Peut-on cumuler l'AAH et la prime de No\u00ebl ? ","answer":"L'AAH et la prime de No\u00ebl, bien qu'\u00e9tant des minimas sociaux ne peuvent pas se cumuler."},"6":{"question":"Peut-on cumuler l'APL et la prime de No\u00ebl ? ","answer":"Il est tout \u00e0 fait possible de cumuler l'APL et la prime de No\u00ebl."},"7":{"question":"","answer":""},"8":{"question":"","answer":""},"9":{"question":"","answer":""},"10":{"question":"","answer":""},"11":{"question":"","answer":""},"12":{"question":"","answer":""},"13":{"question":"","answer":""},"14":{"question":"","answer":""},"15":{"question":"","answer":""},"16":{"question":"","answer":""}}},"_links":{"self":[{"href":"https:\/\/www.mes-allocs.fr\/guides\/wp-json\/wp\/v2\/posts\/14374","targetHints":{"allow":["GET"]}}],"collection":[{"href":"https:\/\/www.mes-allocs.fr\/guides\/wp-json\/wp\/v2\/posts"}],"about":[{"href":"https:\/\/www.mes-allocs.fr\/guides\/wp-json\/wp\/v2\/types\/post"}],"author":[{"embeddable":true,"href":"https:\/\/www.mes-allocs.fr\/guides\/wp-json\/wp\/v2\/users\/9"}],"replies":[{"embeddable":true,"href":"https:\/\/www.mes-allocs.fr\/guides\/wp-json\/wp\/v2\/comments?post=14374"}],"version-history":[{"count":30,"href":"https:\/\/www.mes-allocs.fr\/guides\/wp-json\/wp\/v2\/posts\/14374\/revisions"}],"predecessor-version":[{"id":106400,"href":"https:\/\/www.mes-allocs.fr\/guides\/wp-json\/wp\/v2\/posts\/14374\/revisions\/106400"}],"wp:featuredmedia":[{"embeddable":true,"href":"https:\/\/www.mes-allocs.fr\/guides\/wp-json\/wp\/v2\/media\/14380"}],"wp:attachment":[{"href":"https:\/\/www.mes-allocs.fr\/guides\/wp-json\/wp\/v2\/media?parent=14374"}],"wp:term":[{"taxonomy":"category","embeddable":true,"href":"https:\/\/www.mes-allocs.fr\/guides\/wp-json\/wp\/v2\/categories?post=14374"},{"taxonomy":"post_tag","embeddable":true,"href":"https:\/\/www.mes-allocs.fr\/guides\/wp-json\/wp\/v2\/tags?post=14374"}],"curies":[{"name":"wp","href":"https:\/\/api.w.org\/{rel}","templated":true}]}}