{"id":14094,"date":"2020-11-02T14:44:37","date_gmt":"2020-11-02T14:44:37","guid":{"rendered":"https:\/\/www.mes-allocs.fr\/guides\/?p=14094"},"modified":"2026-04-02T15:31:29","modified_gmt":"2026-04-02T14:31:29","slug":"plafond-prime-activite-personne-seule","status":"publish","type":"post","link":"https:\/\/www.mes-allocs.fr\/guides\/prime-d-activite\/plafond-prime-activite\/plafond-prime-activite-personne-seule\/","title":{"rendered":"Prime d&rsquo;activit\u00e9 2026 : quel plafond de ressources pour une personne seule ?"},"content":{"rendered":"<p><img loading=\"lazy\" decoding=\"async\" class=\"aligncenter wp-image-60064 size-full\" title=\"prime d'activit\u00e9 plafond personne seule\" src=\"https:\/\/www.mes-allocs.fr\/guides\/wp-content\/uploads\/2020\/11\/image_2022-12-28_102505885.png\" alt=\"prime d'activit\u00e9 plafond personne seule\" width=\"1246\" height=\"288\" srcset=\"https:\/\/www.mes-allocs.fr\/guides\/wp-content\/uploads\/2020\/11\/image_2022-12-28_102505885.png 1246w, https:\/\/www.mes-allocs.fr\/guides\/wp-content\/uploads\/2020\/11\/image_2022-12-28_102505885-300x69.png 300w, https:\/\/www.mes-allocs.fr\/guides\/wp-content\/uploads\/2020\/11\/image_2022-12-28_102505885-1024x237.png 1024w, https:\/\/www.mes-allocs.fr\/guides\/wp-content\/uploads\/2020\/11\/image_2022-12-28_102505885-768x178.png 768w, https:\/\/www.mes-allocs.fr\/guides\/wp-content\/uploads\/2020\/11\/image_2022-12-28_102505885-600x139.png 600w\" sizes=\"auto, (max-width: 1246px) 100vw, 1246px\" \/><\/p>\n<p style=\"text-align: justify;\">[Mis \u00e0 jour le 02\/04\/2026] La prime d&rsquo;activit\u00e9 est une allocation qui a \u00e9t\u00e9 instaur\u00e9e en 2016, elle remplace ainsi la prime pour l&#8217;emploi et le RSA. Elle est destin\u00e9e aux personnes ayant de faibles revenus, sous conditions de ressources. Quel est le <a href=\"https:\/\/www.mes-allocs.fr\/guides\/prime-d-activite\/plafond-prime-activite\/\">plafond de revenus \u00e0 ne pas d\u00e9passer pour avoir droit \u00e0 la prime d&rsquo;activit\u00e9<\/a> en tant que personne seule ? Dans cet article, Mes Allocs vous explique tout sur la prime d&rsquo;activit\u00e9 pour une personne seule en 2026.<\/p>\n<div class=\"e2BEnf U7izfe\">\n<div class='cta-block'><div class='text'>Simulez votre prime d&rsquo;activit\u00e9 en 2 min. <\/div><a href='https:\/\/www.mes-allocs.fr\/ab-app?origin=guides\/wp-json\/wp\/v2\/posts\/14094' class='app-button fit'>Simulation gratuite<\/a><\/div>\n<\/div>\n<div class=\"card-section\">\n<p>&nbsp;<\/p>\n<\/div>\n<hr \/>\n<h1>Quel est le plafond de ressources \u00e0 respecter pour une personne seule en 2026 ?<\/h1>\n<h2>Si vous \u00eates salari\u00e9<\/h2>\n<p>Pour une personne seule, le plafond de ressources \u00e0 ne pas d\u00e9passer est de<strong> 2 000 euros\u00a0 net par mois <\/strong>si vous \u00eates salari\u00e9.<\/p>\n<p>Notez que ce plafond ne tient pas compte :<\/p>\n<ul>\n<li>des forfaits logements,<\/li>\n<li>des aides au logement<\/li>\n<li>et des ressources autres que les revenus professionnels.<\/li>\n<\/ul>\n<h2>Si vous \u00eates travailleur ind\u00e9pendant<\/h2>\n<p style=\"text-align: justify;\">Si vous \u00eates travailleur ind\u00e9pendant, vous pouvez pr\u00e9tendre \u00e0 la prime d\u2019activit\u00e9. Les travailleurs ind\u00e9pendants, ce sont :<\/p>\n<ul>\n<li style=\"text-align: justify;\">les <strong>artisans<\/strong>,<\/li>\n<li style=\"text-align: justify;\">les <strong>professions<\/strong> <strong>lib\u00e9rales<\/strong>,<\/li>\n<li style=\"text-align: justify;\">les <strong>commer\u00e7ants<\/strong>,<\/li>\n<li style=\"text-align: justify;\">et les <strong>exploitants agricoles<\/strong>.<\/li>\n<\/ul>\n<p style=\"text-align: justify;\">La prime d\u2019activit\u00e9 qui vous est allou\u00e9e est calcul\u00e9e sur la base des derniers <strong>b\u00e9n\u00e9fices industriels et commerciaux<\/strong> (BIC) ou <strong>non commerciaux<\/strong> (BNC) d\u00e9clar\u00e9s aux imp\u00f4ts.<\/p>\n<p style=\"font-weight: 400;\">Dans certain cas, il est possible de demander que l&rsquo;\u00e9valuation des droits s&rsquo;effectue non pas selon les BIC ou les BNC, mais selon la\u00a0base du\u00a0<strong>montant trimestriel du chiffre d\u2019affaires<\/strong>. Pour b\u00e9n\u00e9ficier de cette d\u00e9rogation, le travailleur ind\u00e9pendant doit r\u00e9pondre \u00e0 deux conditions cumulatives :<\/p>\n<ul style=\"font-weight: 400;\">\n<li>les\u00a0revenus d&rsquo;activit\u00e9 d\u00e9clar\u00e9s aux services fiscaux (chiffre d\u2019affaires) doivent \u00eatre inf\u00e9rieurs aux plafonds indiqu\u00e9s ;<\/li>\n<li>le montant des recettes ou du chiffre d\u2019affaire d\u00e9clar\u00e9 dans la d\u00e9claration trimestrielle de ressources (DTR) est inf\u00e9rieur ou \u00e9gal aux plafonds.<\/li>\n<\/ul>\n<p data-start=\"0\" data-end=\"164\">Depuis le 1\u1d49\u02b3 mars 2025, la d\u00e9claration trimestrielle de l<strong>a prime d\u2019activit\u00e9 devient pr\u00e9-remplie<\/strong>, ce qui simplifie le processus. La CAF reprend automatiquement certaines informations \u00e0 partir des revenus d\u00e9clar\u00e9s auparavant, r\u00e9duisant ainsi les erreurs et acc\u00e9l\u00e9rant le traitement de votre demande. Toutefois, il reste important de v\u00e9rifier et de valider les informations pour \u00e9viter toute erreur qui pourrait affecter le montant de l\u2019aide.<\/p>\n<p data-start=\"0\" data-end=\"164\">Depuis mars 2025, la p\u00e9riode \u00e0 d\u00e9clarer correspond aux tr<strong>ois mois pr\u00e9c\u00e9dant la demande : par exemple, en mars, vous devez d\u00e9clarer vos revenus des mois de novembre, d\u00e9cembre et janvier (et non plus d\u00e9cembre, janvier, f\u00e9vrier)<\/strong>. Cette nouvelle organisation facilite la gestion de votre dossier et rend la d\u00e9claration plus pr\u00e9cise.<\/p>\n<p style=\"font-weight: 400;\">\n<div class=\"wpdt-c row wpDataTableContainerSimpleTable wpDataTables wpDataTablesWrapper\n\"\n    >\n    <table id=\"wpdtSimpleTable-243\"\n           class=\"wpdtSimpleTable wpDataTable\"\n           data-column=\"3\"\n           data-rows=\"4\"\n           data-wpID=\"243\"\n           data-responsive=\"0\"\n           data-has-header=\"1\">\n\n                    <thead>        <tr class=\"wpdt-cell-row \" >\n                            <th class=\"wpdt-cell wpdt-bc-F3F9FE wpdt-empty-cell \"\n                                    data-cell-id=\"A1\"\n                data-col-index=\"0\"\n                data-row-index=\"0\"\n                style=\" width:38.162544169611%;                padding:10px;\"\n                >\n                                                <\/th>\n                                            <th class=\"wpdt-cell wpdt-bc-F3F9FE\"\n                                    data-cell-id=\"B1\"\n                data-col-index=\"1\"\n                data-row-index=\"0\"\n                style=\" width:30.035335689046%;                padding:10px;\"\n                >\n                                Plafonds CA 12 derniers mois                <\/th>\n                                            <th class=\"wpdt-cell wpdt-bc-F3F9FE\"\n                                    data-cell-id=\"C1\"\n                data-col-index=\"2\"\n                data-row-index=\"0\"\n                style=\" width:31.802120141343%;                padding:10px;\"\n                >\n                                Plafonds CA d\u00e9clar\u00e9 dans la DTR                <\/th>\n                                        <\/tr>\n                    <tbody>        <tr class=\"wpdt-cell-row \" >\n                            <td class=\"wpdt-cell wpdt-bc-F3F9FE\"\n                                    data-cell-id=\"A2\"\n                data-col-index=\"0\"\n                data-row-index=\"1\"\n                style=\"                padding:10px;\"\n                >\n                                Vente de marchandises                <\/td>\n                                            <td class=\"wpdt-cell wpdt-bc-FFFFFF\"\n                                    data-cell-id=\"B2\"\n                data-col-index=\"1\"\n                data-row-index=\"1\"\n                style=\"                padding:10px;\"\n                >\n                                188 700 \u20ac                <\/td>\n                                            <td class=\"wpdt-cell wpdt-bc-FFFFFF\"\n                                    data-cell-id=\"C2\"\n                data-col-index=\"2\"\n                data-row-index=\"1\"\n                style=\"                padding:10px;\"\n                >\n                                47 175 \u20ac                <\/td>\n                                        <\/tr>\n                            <tr class=\"wpdt-cell-row \" >\n                            <td class=\"wpdt-cell wpdt-bc-F3F9FE\"\n                                    data-cell-id=\"A3\"\n                data-col-index=\"0\"\n                data-row-index=\"2\"\n                style=\"                padding:10px;\"\n                >\n                                Professions lib\u00e9rales                <\/td>\n                                            <td class=\"wpdt-cell wpdt-bc-FFFFFF\"\n                                    data-cell-id=\"B3\"\n                data-col-index=\"1\"\n                data-row-index=\"2\"\n                style=\"                padding:10px;\"\n                >\n                                77 700 \u20ac                <\/td>\n                                            <td class=\"wpdt-cell wpdt-bc-FFFFFF\"\n                                    data-cell-id=\"C3\"\n                data-col-index=\"2\"\n                data-row-index=\"2\"\n                style=\"                padding:10px;\"\n                >\n                                19 425 \u20ac                <\/td>\n                                        <\/tr>\n                            <tr class=\"wpdt-cell-row \" >\n                            <td class=\"wpdt-cell wpdt-bc-F3F9FE\"\n                                    data-cell-id=\"A4\"\n                data-col-index=\"0\"\n                data-row-index=\"3\"\n                style=\"                padding:10px;\"\n                >\n                                Secteur agricole                <\/td>\n                                            <td class=\"wpdt-cell wpdt-bc-FFFFFF\"\n                                    data-cell-id=\"B4\"\n                data-col-index=\"1\"\n                data-row-index=\"3\"\n                style=\"                padding:10px;\"\n                >\n                                85 800 \u20ac                <\/td>\n                                            <td class=\"wpdt-cell wpdt-bc-FFFFFF\"\n                                    data-cell-id=\"C4\"\n                data-col-index=\"2\"\n                data-row-index=\"3\"\n                style=\"                padding:10px;\"\n                >\n                                21 450 \u20ac                <\/td>\n                                        <\/tr>\n                    <\/table>\n<\/div><style id='wpdt-custom-style-243'>\ntable#wpdtSimpleTable-243{ table-layout: fixed !important; }\ntable#wpdtSimpleTable-243 td, table.wpdtSimpleTable243 th { white-space: normal !important; }\n.wpdt-bc-F3F9FE { background-color: #F3F9FE !important;}\n.wpdt-bc-FFFFFF { background-color: #FFFFFF !important;}\n<\/style>\n<\/p>\n<h1>Les autres conditions d&rsquo;\u00e9ligibilit\u00e9 \u00e0 la prime d&rsquo;activit\u00e9<\/h1>\n<h2>Les conditions de nationalit\u00e9<\/h2>\n<p class=\"amp-wp-7d27179\" data-amp-original-style=\"text-align: justify;\"><span class=\"amp-wp-fe3f5cc\" data-amp-original-style=\"font-weight: 400;\">Si vous \u00eates\u00a0<\/span><b>fran\u00e7ais<\/b><span class=\"amp-wp-fe3f5cc\" data-amp-original-style=\"font-weight: 400;\">, pour \u00eatre \u00e9ligible \u00e0 la prime d\u2019activit\u00e9, vous devez \u00eatre majeur, donc \u00e2g\u00e9 d\u2019au moins\u00a0<\/span><b>18 ans<\/b><span class=\"amp-wp-fe3f5cc\" data-amp-original-style=\"font-weight: 400;\">. Donc si vous \u00eates salari\u00e9, mais mineur, vous ne pouvez donc pas en b\u00e9n\u00e9ficier.\u00a0<\/span><\/p>\n<p class=\"amp-wp-7d27179\" data-amp-original-style=\"text-align: justify;\"><span class=\"amp-wp-fe3f5cc\" data-amp-original-style=\"font-weight: 400;\">Si vous \u00eates travailleur\u00a0<\/span><b>\u00e9tranger<\/b><span class=\"amp-wp-fe3f5cc\" data-amp-original-style=\"font-weight: 400;\">\u00a0et que vous r\u00e9sidez de mani\u00e8re stable en France, vous pouvez avoir droit \u00e0 la prime d\u2019activit\u00e9 sous certaines conditions. Pour cela, vous devez avoir au moins 18 ans et \u00eatre dans l\u2019une de ces situations :<\/span><\/p>\n<ul class=\"amp-wp-7d27179\" data-amp-original-style=\"text-align: justify;\">\n<li class=\"amp-wp-fe3f5cc\" data-amp-original-style=\"font-weight: 400;\"><span class=\"amp-wp-fe3f5cc\" data-amp-original-style=\"font-weight: 400;\">Vous \u00eates ressortissant de l\u2019Espace \u00c9conomique Europ\u00e9en, de l\u2019Union Europ\u00e9enne<\/span><\/li>\n<li class=\"amp-wp-fe3f5cc\" data-amp-original-style=\"font-weight: 400;\"><span class=\"amp-wp-fe3f5cc\" data-amp-original-style=\"font-weight: 400;\">Vous \u00eates Suisse<\/span><\/li>\n<li class=\"amp-wp-fe3f5cc\" data-amp-original-style=\"font-weight: 400;\"><span class=\"amp-wp-fe3f5cc\" data-amp-original-style=\"font-weight: 400;\">Ou vous \u00eates originaire d\u2019un autre pays. Et vous \u00eates en situation r\u00e9guli\u00e8re sur le territoire fran\u00e7ais depuis au moins 5 ans.<\/span><\/li>\n<\/ul>\n<p>&nbsp;<\/p>\n<p><iframe loading=\"lazy\" title=\"La prime d&#039;activit\u00e9\" width=\"500\" height=\"281\" src=\"https:\/\/www.youtube.com\/embed\/uavbovK5ZXc?feature=oembed\" frameborder=\"0\" allow=\"accelerometer; autoplay; clipboard-write; encrypted-media; gyroscope; picture-in-picture; web-share\" referrerpolicy=\"strict-origin-when-cross-origin\" allowfullscreen><\/iframe><\/p>\n<p>&nbsp;<\/p>\n<h2>Les conditions de personnelles<\/h2>\n<p style=\"text-align: justify;\">Comme son nom l&rsquo;indique, la prime d&rsquo;activit\u00e9 est destin\u00e9e aux personnes ayant une activit\u00e9 professionnelle. Elle vous sera accord\u00e9e si vous \u00eates :<\/p>\n<ul style=\"text-align: justify;\">\n<li>salari\u00e9<\/li>\n<li>travailleur ind\u00e9pendant<\/li>\n<li>travailleur handicap\u00e9<\/li>\n<li>exploitant agricole<\/li>\n<li>\u00e9tudiant, stagiaire et apprenti si vous gagnez plus de <strong>1 117,26 \u20ac.<\/strong><\/li>\n<\/ul>\n<p style=\"text-align: justify;\"><strong>Vous devez donc justifier de 3 mois de revenus cons\u00e9cutifs au moment de votre demande de prime d&rsquo;activit\u00e9<\/strong><\/p>\n<h2>Quelles sont les conditions d&rsquo;attribution de la prime d&rsquo;activit\u00e9 ?<\/h2>\n<p><strong>Pour \u00eatre \u00e9ligible \u00e0 la prime d&rsquo;activit\u00e9, vous devez respecter un certain nombre de conditions, \u00e0 savoir :\u00a0<\/strong><\/p>\n<ul>\n<li>\u00catre \u00e2g\u00e9 de 18 ans ou plus<\/li>\n<li>R\u00e9sider en France de mani\u00e8re stable (minimum 8 mois par an)<\/li>\n<li>Percevoir des revenus modestes (1,5 Smic)<\/li>\n<\/ul>\n<p>&nbsp;<\/p>\n<h2>Peut-on b\u00e9n\u00e9ficier de la prime d&rsquo;activit\u00e9 quand on est seul ?<\/h2>\n<p style=\"text-align: justify;\">Oui tout \u00e0 fait, le fait d&rsquo;\u00eatre seul ne vous emp\u00eache pas de faire une demande de prime d&rsquo;activit\u00e9 si vous respectez bien toutes les conditions d&rsquo;attribution.<\/p>\n<p style=\"text-align: justify;\">Le <a href=\"https:\/\/www.mes-allocs.fr\/guides\/prime-d-activite\/simulation-prime-d-activite\/\">montant<\/a> que vous allez percevoir sera plus faible que si vous \u00e9tiez en couple. N\u00e9anmoins, si vous avez un ou plusieurs enfants \u00e0 charge, le montant que vous allez percevoir sera plus \u00e9lev\u00e9.<\/p>\n<h1>Quel est le montant de la prime d&rsquo;activit\u00e9 en 2026 ?<\/h1>\n<p>La prime d&rsquo;activit\u00e9 a \u00e9t\u00e9 revaloris\u00e9e en <strong>avril 2026.<\/strong> Le montant de la prime d&rsquo;activit\u00e9 s&rsquo;\u00e9l\u00e8ve \u00e0<strong> 638,28 euros par mois en 2026<\/strong>. Cependant, il peut \u00eatre major\u00e9 en fonction de votre situation familiale.<\/p>\n<p>La majoration du montant forfaitaire est \u00e9tablie comme suit :<\/p>\n<ul>\n<li data-insertor-excluded=\"1\"><strong>50 %<\/strong> pour la premi\u00e8re personne suppl\u00e9mentaire ;<\/li>\n<li data-insertor-excluded=\"1\"><strong>30 %<\/strong> par personne suppl\u00e9mentaire ;<\/li>\n<li data-insertor-excluded=\"1\"><strong>40<\/strong> <strong>%<\/strong> par personne suppl\u00e9mentaire au-del\u00e0 de la 3<sup data-insertor-excluded=\"1\">e<\/sup>\u00a0personne, lorsque le foyer comporte plus de 2\u00a0enfants ou personnes de moins de 25\u00a0ans \u00e0 charge.<\/li>\n<\/ul>\n<h2>M\u00e9thode de calcul de la prime d&rsquo;activit\u00e9 2026<\/h2>\n<p>Le montant de la prime d\u2019activit\u00e9 pour un couple ou pour une personne seule est calcul\u00e9 de la m\u00eame mani\u00e8re, \u00e0 savoir :<\/p>\n<p class=\"amp-wp-7d27179\" data-amp-original-style=\"text-align: justify;\"><b>Montant de la prime d\u2019activit\u00e9 = votre montant forfaitaire (\u00e9ventuellement major\u00e9) + 59,85\u2009% de vos revenus professionnels + bonifications individuelles \u2013 les ressources prises en compte de votre foyer &#8211; forfait logement<\/b><\/p>\n<p class=\"amp-wp-7d27179\" data-amp-original-style=\"text-align: justify;\"><span class=\"amp-wp-fe3f5cc\" data-amp-original-style=\"font-weight: 400;\">Ainsi, il n\u2019existe pas un\u00a0<\/span>montant universel et fixe<span class=\"amp-wp-fe3f5cc\" data-amp-original-style=\"font-weight: 400;\"> de prime d\u2019activit\u00e9 selon votre cat\u00e9gorie. Votre montant est (relativement) unique, la prime d\u2019activit\u00e9 \u00e9tant un compl\u00e9ment de ressources. Il d\u00e9pend de votre situation familiale et de vos revenus.<\/span><\/p>\n<p class=\"amp-wp-7d27179\" data-amp-original-style=\"text-align: justify;\"><b>Notez que le montant forfaitaire originel de la prime d\u2019activit\u00e9 est de 638,28<\/b>\u00a0<b>\u20ac par mois pour une personne seule<\/b><span class=\"amp-wp-fe3f5cc\" data-amp-original-style=\"font-weight: 400;\">. Ce dernier peut \u00eatre major\u00e9 en fonction de la composition de votre foyer et\/ou en situation d\u2019isolement.<\/span><span class=\"amp-wp-fe3f5cc\" data-amp-original-style=\"font-weight: 400;\">\u00a0<\/span><\/p>\n<p><strong>Plusieurs ressources prises en compte vont aider \u00e0 d\u00e9terminer le montant de vos droits \u00e0 la prime d&rsquo;activit\u00e9, notamment :<\/strong><\/p>\n<ul>\n<li>la composition du foyer (c\u00e9libataire, en couple, avec ou sans enfant \u00e0 charge)<\/li>\n<li>les revenus du foyer<\/li>\n<li>les allocations logement (Aide au logement, allocation de logement familiale,\u00a0allocation de logement sociale)<\/li>\n<li>l\u2019allocation aux adultes handicap\u00e9s (AAH)<\/li>\n<li>les allocations familiales<\/li>\n<li>la\u00a0prestation d\u2019accueil du jeune enfant (Paje)<\/li>\n<li>les pensions de retraite<\/li>\n<li>les\u00a0indemnit\u00e9s ch\u00f4mage<\/li>\n<li>l\u2019allocation de soutien familial<\/li>\n<\/ul>\n<p>Compte tenu de la complexit\u00e9 de la m\u00e9thode de calcul, il est recommand\u00e9 de faire une simulation. Vous pouvez utiliser le simulateur gratuit d&rsquo;aides sociales de Mes Allocs, en deux minutes, vous aurez une estimation de vos droits \u00e0 la prime d&rsquo;activit\u00e9.<\/p>\n<p>&nbsp;<\/p>\n<div class='cta-block'><div class='text'>Simulez votre prime d&rsquo;activit\u00e9 en 2 min. <\/div><a href='https:\/\/www.mes-allocs.fr\/ab-app?origin=guides\/wp-json\/wp\/v2\/posts\/14094' class='app-button fit'>Simulation gratuite<\/a><\/div>\n<p>&nbsp;<\/p>\n<h2>Majoration de la prime d&rsquo;activit\u00e9 pour parent isol\u00e9<\/h2>\n<p>Attention : si vous vivez seul et n\u2019avez pas d\u2019enfant \u00e0 charge, le montant de la prime d\u2019activit\u00e9 ne peut pas \u00eatre major\u00e9.<\/p>\n<p><strong>En tant que parent isol\u00e9 (c\u00e9libataire, divorc\u00e9, s\u00e9par\u00e9, veuf) avec des enfants \u00e0 charge, la majoration de la prime d\u2019activit\u00e9 vous est accord\u00e9e :\u00a0<\/strong><\/p>\n<ul class=\"c-news-detail__content-list\">\n<li>De 128,412 % en pr\u00e9sence d\u2019un enfant<\/li>\n<li>De 42,804 % pour chaque enfant suppl\u00e9mentaire<\/li>\n<\/ul>\n<p><strong>Important : pour un parent isol\u00e9, la majoration de la prime d\u2019activit\u00e9 pour une dur\u00e9e maximum de 12 mois au cours des 18 mois suivant l\u2019\u00e9v\u00e9nement suivant:\u00a0<\/strong><\/p>\n<ul class=\"c-news-detail__content-list\">\n<li>La d\u00e9claration de grossesse<\/li>\n<li>La naissance d\u2019un enfant<\/li>\n<li>La prise en charge d\u2019un enfant<\/li>\n<li>La s\u00e9paration ou le veuvage<\/li>\n<\/ul>\n<h1>Comment b\u00e9n\u00e9ficier de la prime d&rsquo;activit\u00e9 en 2026 ?<\/h1>\n<h2>Faire une demande de prime d&rsquo;activit\u00e9<\/h2>\n<p style=\"text-align: justify;\">Aujourd&rsquo;hui, les demandes sont enti\u00e8rement d\u00e9mat\u00e9rialis\u00e9es. Vous devez donc faire votre demande sur le site de la CAF ou de la MSA (selon votre r\u00e9gime d&rsquo;affiliation). Si vous \u00eates d\u00e9j\u00e0 allocataire, votre demande est simplifi\u00e9e puisque certaines de vos donn\u00e9es personnelles sont enregistr\u00e9es.<\/p>\n<p style=\"text-align: justify;\">Pour vous connecter, vous aurez besoin :<\/p>\n<ul>\n<li style=\"text-align: justify;\">de votre num\u00e9ro allocataire,<\/li>\n<li style=\"text-align: justify;\">de votre code postal,<\/li>\n<li style=\"text-align: justify;\">de votre code secret,<\/li>\n<li style=\"text-align: justify;\">ainsi que de votre date de naissance.<\/li>\n<\/ul>\n<p style=\"text-align: justify;\">Si vous n&rsquo;\u00eates pas encore allocataire, vous devez obligatoirement cr\u00e9er un espace personnel, vous pourrez ensuite remplir le formulaire de demande.<\/p>\n<p style=\"text-align: justify;\">Si vous n&rsquo;avez pas de connexion internet, ou pas d&rsquo;ordinateur, vous pouvez tout \u00e0 fait vous rendre dans le centre CAF ou MSA dont vous d\u00e9pendez pour effectuer votre demande de prime d&rsquo;activit\u00e9.<\/p>\n<p>Vous avez \u00e9galement la possibilit\u00e9 de <a href=\"https:\/\/www.mes-allocs.fr\/souscription\" target=\"_blank\" rel=\"noopener\">faire appel \u00e0 nos experts<\/a> Mes Allocs. Ces derniers pourront vous accompagner dans vos d\u00e9marches administratives. Ainsi, vous gagnerez du temps !<\/p>\n<h2>Le versement de la prime d&rsquo;activit\u00e9<\/h2>\n<p style=\"text-align: justify;\">Dans un premier temps, la CAF ou la MSA doit valider votre dossier.<\/p>\n<p style=\"text-align: justify;\"><em>Exemple : si vous avez effectu\u00e9 votre demande avant le 25 novembre, vous percevrez le premier versement le 5 d\u00e9cembre.<\/em><\/p>\n<p style=\"text-align: justify;\">Si vous \u00eates \u00e9galement b\u00e9n\u00e9ficiaire des APL, le virement de la prime d\u2019activit\u00e9 sera effectu\u00e9 le m\u00eame jour et en un seul versement.<\/p>\n<p style=\"text-align: justify;\">Par la suite, vous devez faire vos d\u00e9clarations de ressources (trimestrielles) pour continuer \u00e0 percevoir les versements. Tous les 3 mois, la CAF ou la MSA vous envoie un rappel pour remplir votre d\u00e9claration pr\u00e9remplie, v\u00e9rifiez bien les informations inscrites, et modifiez les au besoin.<\/p>\n<p style=\"text-align: justify;\">En cas de retard dans le d\u00e9p\u00f4t de la d\u00e9claration trimestrielle (d\u00e9sormais pr\u00e9-remplie) de ressources, le versement peut faire l\u2019objet d\u2019une suspension temporaire et interviendra apr\u00e8s la date de paiement habituelle.<\/p>\n<p style=\"text-align: justify;\">\u00c0 noter : Le montant de la prime est ainsi fixe pour trois mois cons\u00e9cutifs (sauf s\u00e9paration) et susceptible d\u2019\u00e9voluer tous les 3 mois au gr\u00e9 des variations de revenus.<\/p>\n<div class=\"e2BEnf U7izfe\">\n<div class='cta-block'><div class='text'>Simulez votre prime d&rsquo;activit\u00e9 en 2 min. <\/div><a href='https:\/\/www.mes-allocs.fr\/ab-app?origin=guides\/wp-json\/wp\/v2\/posts\/14094' class='app-button fit'>Simulation gratuite<\/a><\/div>\n<\/div>\n<div class=\"card-section\">\n<p>&nbsp;<\/p>\n<\/div>\n","protected":false},"excerpt":{"rendered":"<p>[Mis \u00e0 jour le 02\/04\/2026] La prime d&rsquo;activit\u00e9 est une allocation qui a \u00e9t\u00e9 instaur\u00e9e en 2016, elle remplace ainsi la prime pour l&#8217;emploi et le RSA. Elle est destin\u00e9e aux personnes ayant de faibles revenus, sous conditions de ressources. Quel est le plafond de revenus \u00e0 ne pas d\u00e9passer pour avoir droit \u00e0 la [&hellip;]<\/p>\n","protected":false},"author":9,"featured_media":14225,"comment_status":"open","ping_status":"open","sticky":false,"template":"","format":"standard","meta":{"amp_status":"","footnotes":""},"categories":[3014,20],"tags":[],"class_list":["post-14094","post","type-post","status-publish","format-standard","has-post-thumbnail","hentry","category-plafond-prime-activite","category-prime-d-activite"],"yoast_head":"<!-- This site is optimized with the Yoast SEO plugin v14.9 - https:\/\/yoast.com\/wordpress\/plugins\/seo\/ -->\n<title>Plafonds de ressources prime d&#039;activit\u00e9 2026 pour une personne seule<\/title>\n<meta name=\"description\" content=\"La prime d&#039;activit\u00e9 est destin\u00e9e aux travailleurs modestes. Cet article vous explique les plafonds \u00e0 respecter en 2026.\" \/>\n<meta name=\"robots\" content=\"index, follow, max-snippet:-1, max-image-preview:large, max-video-preview:-1\" \/>\n<link rel=\"canonical\" href=\"https:\/\/www.mes-allocs.fr\/guides\/prime-d-activite\/plafond-prime-activite\/plafond-prime-activite-personne-seule\/\" \/>\n<meta property=\"og:locale\" content=\"fr_FR\" \/>\n<meta property=\"og:type\" content=\"article\" \/>\n<meta property=\"og:title\" content=\"Plafonds de ressources prime d&#039;activit\u00e9 2026 pour une personne seule\" \/>\n<meta property=\"og:description\" content=\"La prime d&#039;activit\u00e9 est destin\u00e9e aux travailleurs modestes. Cet article vous explique les plafonds \u00e0 respecter en 2026.\" \/>\n<meta property=\"og:url\" content=\"https:\/\/www.mes-allocs.fr\/guides\/prime-d-activite\/plafond-prime-activite\/plafond-prime-activite-personne-seule\/\" \/>\n<meta property=\"og:site_name\" content=\"Mes-Allocs.fr\" \/>\n<meta property=\"article:published_time\" content=\"2020-11-02T14:44:37+00:00\" \/>\n<meta property=\"article:modified_time\" content=\"2026-04-02T14:31:29+00:00\" \/>\n<meta property=\"og:image\" content=\"https:\/\/www.mes-allocs.fr\/guides\/wp-content\/uploads\/2020\/11\/leather-jacket-690316_1280-e1604315340888.jpg?wsr\" \/>\n\t<meta property=\"og:image:width\" content=\"1280\" \/>\n\t<meta property=\"og:image:height\" content=\"534\" \/>\n<meta name=\"twitter:card\" content=\"summary_large_image\" \/>\n<script type=\"application\/ld+json\" class=\"yoast-schema-graph\">{\"@context\":\"https:\/\/schema.org\",\"@graph\":[{\"@type\":\"WebSite\",\"@id\":\"https:\/\/www.mes-allocs.fr\/guides\/#website\",\"url\":\"https:\/\/www.mes-allocs.fr\/guides\/\",\"name\":\"Mes-Allocs.fr\",\"description\":\"\",\"potentialAction\":[{\"@type\":\"SearchAction\",\"target\":\"https:\/\/www.mes-allocs.fr\/guides\/?s={search_term_string}\",\"query-input\":\"required name=search_term_string\"}],\"inLanguage\":\"fr-FR\"},{\"@type\":\"ImageObject\",\"@id\":\"https:\/\/www.mes-allocs.fr\/guides\/prime-d-activite\/plafond-prime-activite\/plafond-prime-activite-personne-seule\/#primaryimage\",\"inLanguage\":\"fr-FR\",\"url\":\"https:\/\/www.mes-allocs.fr\/guides\/wp-content\/uploads\/2020\/11\/leather-jacket-690316_1280-e1604315340888.jpg?wsr\",\"width\":1280,\"height\":534,\"caption\":\"leather jacket 690316 1280 e1604315340888\"},{\"@type\":\"WebPage\",\"@id\":\"https:\/\/www.mes-allocs.fr\/guides\/prime-d-activite\/plafond-prime-activite\/plafond-prime-activite-personne-seule\/#webpage\",\"url\":\"https:\/\/www.mes-allocs.fr\/guides\/prime-d-activite\/plafond-prime-activite\/plafond-prime-activite-personne-seule\/\",\"name\":\"Plafonds de ressources prime d'activit\\u00e9 2026 pour une personne seule\",\"isPartOf\":{\"@id\":\"https:\/\/www.mes-allocs.fr\/guides\/#website\"},\"primaryImageOfPage\":{\"@id\":\"https:\/\/www.mes-allocs.fr\/guides\/prime-d-activite\/plafond-prime-activite\/plafond-prime-activite-personne-seule\/#primaryimage\"},\"datePublished\":\"2020-11-02T14:44:37+00:00\",\"dateModified\":\"2026-04-02T14:31:29+00:00\",\"author\":{\"@id\":\"https:\/\/www.mes-allocs.fr\/guides\/#\/schema\/person\/e4e762c89158b34a332446d26f02fd56\"},\"description\":\"La prime d'activit\\u00e9 est destin\\u00e9e aux travailleurs modestes. Cet article vous explique les plafonds \\u00e0 respecter en 2026.\",\"inLanguage\":\"fr-FR\"},{\"@type\":\"Person\",\"@id\":\"https:\/\/www.mes-allocs.fr\/guides\/#\/schema\/person\/e4e762c89158b34a332446d26f02fd56\",\"name\":\"Marylou\",\"image\":{\"@type\":\"ImageObject\",\"@id\":\"https:\/\/www.mes-allocs.fr\/guides\/#personlogo\",\"inLanguage\":\"fr-FR\",\"url\":\"https:\/\/www.mes-allocs.fr\/guides\/wp-content\/uploads\/2021\/06\/marylou-150x150.png\",\"caption\":\"Marylou\"},\"description\":\"Marylou est r\\u00e9dactrice au sein de l'\\u00e9quipe Mes Allocs, sp\\u00e9cialiste des sujets de soci\\u00e9t\\u00e9 en g\\u00e9n\\u00e9ral. Dipl\\u00f4m\\u00e9e de l'Institut Sup\\u00e9rieur de Formation au Journalisme, elle rejoint Mes Allocs apr\\u00e8s cr\\u00e9\\u00e9 son premier blog personnel.\",\"sameAs\":[\"https:\/\/www.linkedin.com\/in\/marylou-pr\\u00e9vost\"]}]}<\/script>\n<!-- \/ Yoast SEO plugin. -->","amp_validity":null,"acf":{"faq":{"1":{"question":"Qui peut b\u00e9n\u00e9ficier de la prime d'activit\u00e9 ?","answer":"Selon le site economie\u2027gouv.fr, la prime d'activit\u00e9 est vers\u00e9e aux personnes qui, tout en travaillant, gagnent moins de 1,5 SMIC."},"2":{"question":"Comment calculer la prime d'acivit\u00e9 ? ","answer":"Pour estimer vos droits vous pouvez utiliser la m\u00e9thode suivante : \r\nMontant de la prime d\u2019activit\u00e9 = votre montant forfaitaire (\u00e9ventuellement major\u00e9) + 59,85% de vos revenus professionnels + bonifications individuelles \u2013 les ressources prises en compte de votre foyer.\r\n\r\nSinon vous pouvez utiliser le simulateur gratuit Mes Allocs pour une estimation fiable de vos droits.\r\n"},"3":{"question":"Peut-on cumuler l'APL avec la prime d'activit\u00e9 ? ","answer":"Ces deux aides sont tout \u00e0 fait cumulable si vous respectez bien toutes les conditions d'attribution. \r\nLa prime d'activit\u00e9 vous sera vers\u00e9e le m\u00eame jour que l'APL en un seul versement."},"4":{"question":"Comment faire une demande de prime d'activit\u00e9 ? ","answer":"Les d\u00e9marches se font aupr\u00e8s de la CAF ou de la MSA. \r\n\r\nSi besoin, les experts Mes Allocs peuvent vous accompagner dans toutes vos d\u00e9marches pour vous faire gagner du temps. "},"5":{"question":"Quel est le plafond de ressources \u00e0 respecter pour une personne seule ?","answer":"Pour une personne seule, le plafond de ressources \u00e0 respecter est de 2000 euros environ, soit 1,5 Smic."},"6":{"question":"Est-ce que les \u00e9tudiants ont droit \u00e0 la prime d'activit\u00e9 ?","answer":"Les \u00e9tudiants salari\u00e9s, les stagiaires et les apprentis de plus de 18 ans peuvent b\u00e9n\u00e9ficier de la prime d'activit\u00e9 sous certaines conditions. "},"7":{"question":"","answer":""},"8":{"question":"","answer":""},"9":{"question":"","answer":""},"10":{"question":"","answer":""},"11":{"question":"","answer":""},"12":{"question":"","answer":""},"13":{"question":"","answer":""},"14":{"question":"","answer":""},"15":{"question":"","answer":""},"16":{"question":"","answer":""}}},"_links":{"self":[{"href":"https:\/\/www.mes-allocs.fr\/guides\/wp-json\/wp\/v2\/posts\/14094","targetHints":{"allow":["GET"]}}],"collection":[{"href":"https:\/\/www.mes-allocs.fr\/guides\/wp-json\/wp\/v2\/posts"}],"about":[{"href":"https:\/\/www.mes-allocs.fr\/guides\/wp-json\/wp\/v2\/types\/post"}],"author":[{"embeddable":true,"href":"https:\/\/www.mes-allocs.fr\/guides\/wp-json\/wp\/v2\/users\/9"}],"replies":[{"embeddable":true,"href":"https:\/\/www.mes-allocs.fr\/guides\/wp-json\/wp\/v2\/comments?post=14094"}],"version-history":[{"count":42,"href":"https:\/\/www.mes-allocs.fr\/guides\/wp-json\/wp\/v2\/posts\/14094\/revisions"}],"predecessor-version":[{"id":111428,"href":"https:\/\/www.mes-allocs.fr\/guides\/wp-json\/wp\/v2\/posts\/14094\/revisions\/111428"}],"wp:featuredmedia":[{"embeddable":true,"href":"https:\/\/www.mes-allocs.fr\/guides\/wp-json\/wp\/v2\/media\/14225"}],"wp:attachment":[{"href":"https:\/\/www.mes-allocs.fr\/guides\/wp-json\/wp\/v2\/media?parent=14094"}],"wp:term":[{"taxonomy":"category","embeddable":true,"href":"https:\/\/www.mes-allocs.fr\/guides\/wp-json\/wp\/v2\/categories?post=14094"},{"taxonomy":"post_tag","embeddable":true,"href":"https:\/\/www.mes-allocs.fr\/guides\/wp-json\/wp\/v2\/tags?post=14094"}],"curies":[{"name":"wp","href":"https:\/\/api.w.org\/{rel}","templated":true}]}}