{"id":14044,"date":"2020-11-25T13:35:17","date_gmt":"2020-11-25T13:35:17","guid":{"rendered":"https:\/\/www.mes-allocs.fr\/guides\/?p=14044"},"modified":"2025-10-07T15:27:28","modified_gmt":"2025-10-07T13:27:28","slug":"combien-d-heures-pour-avoir-droit-au-chomage","status":"publish","type":"post","link":"https:\/\/www.mes-allocs.fr\/guides\/chomage\/droit-au-chomage\/combien-d-heures-pour-avoir-droit-au-chomage\/","title":{"rendered":"Combien d&rsquo;heures pour avoir droit au ch\u00f4mage ?"},"content":{"rendered":"<p class=\"med\" role=\"heading\" aria-level=\"2\">\n<p>Vos <a href=\"https:\/\/www.mes-allocs.fr\/guides\/chomage\/droit-au-chomage\/\">droits au ch\u00f4mage<\/a> d\u00e9pend de plusieurs param\u00e8tres, notamment le nombre d&rsquo;heures travaill\u00e9es. Depuis le 1er avril 2025, de nouvelles r\u00e8gles s\u2019appliquent concernant la dur\u00e9e minimale de travail requise, avec des conditions qui varient selon votre \u00e2ge et votre situation. Dans cet article, d\u00e9couvrez <b>combien d\u2019heures vous devez avoir travaill\u00e9 pour toucher le ch\u00f4mage.<\/b><\/p>\n<p class=\"p1\"><div class='cta-block'><div class='text'>Simulez votre ch\u00f4mage en 2 min.<\/div><a href='https:\/\/www.mes-allocs.fr\/simulation-chomage?origin=guides\/wp-json\/wp\/v2\/posts\/14044' class='app-button fit'>Simulation gratuite<\/a><\/div><\/p>\n<h1>Combien de temps faut-il travailler pour toucher le ch\u00f4mage ?<\/h1>\n<h2>Quelle est la dur\u00e9e minimale de travail exig\u00e9e en 2025 ?<\/h2>\n<p>Depuis le 1er avril 2025, pour toucher l&rsquo;allocation ch\u00f4mage vous devez justifier d&rsquo;avoir travaill\u00e9 <b>au moins 6 mois, soit 130 jours ou 910 heures, au cours des 24 derniers mois<\/b> (pour les moins de 55 ans). Pour les demandeurs d&#8217;emploi \u00e2g\u00e9s de 55 ans et plus, cette p\u00e9riode de r\u00e9f\u00e9rence est port\u00e9e \u00e0 <b>36 mois<\/b>.<\/p>\n<h2>Qui est concern\u00e9 par cette r\u00e8gle ?<\/h2>\n<p>Ainsi, la r\u00e8gle concerne<b> tous les demandeurs d&#8217;emploi <\/b>dont la fin du contrat de travail intervient \u00e0 compter du 1er avril 2025. Les conditions s\u2019appliquent de mani\u00e8re g\u00e9n\u00e9rale mais avec des adaptations selon votre \u00e2ge. De cette fa\u00e7on, cette r\u00e9forme touche donc l&rsquo;ensemble des demandeurs d&#8217;emploi avec des r\u00e8gles diff\u00e9rentes en fonction de votre profil.<\/p>\n<h1>Les cas pr\u00e9cis ouvrant droit au ch\u00f4mage<\/h1>\n<h2>910 heures de travail, combien de mois de ch\u00f4mage ?<\/h2>\n<p>Travailler 910 heures \u00e9quivaut environ \u00e0 <b>6 mois<\/b> de travail. Pour cette dur\u00e9e minimale d&rsquo;affiliation, vous pouvez pr\u00e9tendre \u00e0 une indemnisation ch\u00f4mage d&rsquo;environ 6 mois. La dur\u00e9e exacte d&rsquo;indemnisation d\u00e9pend de votre \u00e2ge et de votre dur\u00e9e d&rsquo;affiliation totale, mais en g\u00e9n\u00e9ral, 6 mois de travail permettent un droit \u00e0 une p\u00e9riode similaire ou l\u00e9g\u00e8rement sup\u00e9rieure d&rsquo;indemnisation.<\/p>\n<h2>6 mois de travail, combien de temps de ch\u00f4mage ?<\/h2>\n<p>De la m\u00eame fa\u00e7on, depuis le 1er avril 2025, si vous avez travaill\u00e9 6 mois sur les 24 derniers mois, vous pouvez b\u00e9n\u00e9ficier d&rsquo;une indemnisation ch\u00f4mage d&rsquo;une dur\u00e9e g\u00e9n\u00e9ralement \u00e9quivalente \u00e0 votre dur\u00e9e de travail, soit <b>environ 6 mois d\u2019indemnisation<\/b>.<\/p>\n<h2>1 an de travail, combien de ch\u00f4mage ?<\/h2>\n<p>Si vous avez travaill\u00e9 un an complet, soit environ 12 mois, vous avez droit \u00e0 une indemnisation ch\u00f4mage dont la dur\u00e9e maximale d\u00e9pend de votre \u00e2ge au moment de la fin de votre contrat de travail :<\/p>\n<ul>\n<li aria-level=\"1\"><b>Si vous avez moins de 55 ans <\/b>: la dur\u00e9e maximale d\u2019indemnisation est de 18 mois.<\/li>\n<li aria-level=\"1\"><b>Pour ceux \u00e2g\u00e9s de 55 ans \u00e0 56<\/b> : cette dur\u00e9e maximale est port\u00e9e \u00e0 22,5 mois.<\/li>\n<li aria-level=\"1\"><b>Dans le cas o\u00f9 vous auriez 57 ans et plus<\/b> : la dur\u00e9e maximale peut atteindre 27 mois.<\/li>\n<\/ul>\n<h2>Combien d\u2019heures de travail n\u00e9cessaires pour les saisonniers ?<\/h2>\n<p>Si vous \u00eates sous contrats saisonniers, vous devez avoir travaill\u00e9<b> au moins 5 mois<\/b>, soit 108 jours travaill\u00e9s ou 758 h, au cours des 24 derniers mois pour ouvrir vos droits au ch\u00f4mage.<\/p>\n<p class=\"p1\"><div class='cta-block'><div class='text'>Simulez votre ch\u00f4mage en 2 min.<\/div><a href='https:\/\/www.mes-allocs.fr\/simulation-chomage?origin=guides\/wp-json\/wp\/v2\/posts\/14044' class='app-button fit'>Simulation gratuite<\/a><\/div><\/p>\n<h1>Nombre d\u2019heures pour toucher le ch\u00f4mage : comment sont-elles prises en compte ?<\/h1>\n<h2>Qu\u2019est-ce que la dur\u00e9e d\u2019affiliation ?<\/h2>\n<p>La dur\u00e9e d\u2019affiliation correspond \u00e0 <b>la p\u00e9riode pendant laquelle vous devez avoir travaill\u00e9<\/b> un certain nombre d\u2019heures ou de jours pour ouvrir vos droits au ch\u00f4mage. Cette p\u00e9riode sert alors \u00e0 calculer votre \u00e9ligibilit\u00e9 \u00e0 l\u2019allocation ch\u00f4mage.<\/p>\n<h2>Comment sont comptabilis\u00e9es les heures de travail effectif ?<\/h2>\n<p>Les heures de travail effectif sont cumul\u00e9es sur tous les contrats de travail, qu\u2019ils soient :<\/p>\n<ul>\n<li aria-level=\"1\">En CDI<\/li>\n<li aria-level=\"1\">En CDD<\/li>\n<li aria-level=\"1\">En int\u00e9rim<\/li>\n<li aria-level=\"1\">En apprentissage<\/li>\n<\/ul>\n<p>Le calcul des heures de travail effectif repose sur le <b>d\u00e9compte<\/b> du temps pendant lequel vous \u00eates \u00e0 la disposition de l&#8217;employeur et vous vous conformez \u00e0 ses directives, sans pouvoir vaquer librement \u00e0 des occupations personnelles. Cela inclut aussi bien les heures travaill\u00e9es durant les journ\u00e9es normales que les heures suppl\u00e9mentaires, ainsi que le temps pass\u00e9 en formation, les astreintes actives ou les visites m\u00e9dicales li\u00e9es au travail.<\/p>\n<div class='shortcode read-more'><div class='title'>En savoir plus<\/div><div class='content'>Le temps de pause<b> n&rsquo;est en principe pas comptabilis\u00e9<\/b> comme temps de travail effectif, sauf indication contraire dans une convention collective ou un accord d&rsquo;entreprise.<\/div><\/div>\n<h2>Sur quelle p\u00e9riode est recherch\u00e9e la dur\u00e9e d&rsquo;affiliation ?<\/h2>\n<p>La dur\u00e9e d\u2019affiliation, c\u2019est-\u00e0-dire la p\u00e9riode pendant laquelle France Travail recherche les temps de travail pour calculer vos droits au ch\u00f4mage est la suivante :<\/p>\n<ul>\n<li aria-level=\"1\"><b>Pour les mois de 55 ans<\/b> : sur les 24 derniers mois pr\u00e9c\u00e9dant la fin de votre contrat.<\/li>\n<li aria-level=\"1\"><b>Pour les 55 ans et plus<\/b> : 36 mois pr\u00e9c\u00e9dant la fin de contrat.<\/li>\n<\/ul>\n<h2>Un temps partiel ou plusieurs CDD sont-ils accept\u00e9s ?<\/h2>\n<p>Les p\u00e9riodes travaill\u00e9es \u00e0 temps partiel ou sous plusieurs CDD <b>sont bien prises en compte <\/b>pour ouvrir des droits \u00e0 l\u2019allocation ch\u00f4mage. Peu importe que votre activit\u00e9 ait \u00e9t\u00e9 \u00e0 temps plein, \u00e0 temps partiel ou r\u00e9partie sur plusieurs contrats courts, la dur\u00e9e totale cumul\u00e9e est additionn\u00e9e pour v\u00e9rifier si vous remplissez la condition minimale d\u2019affiliation.<\/p>\n<h2>Les interruptions de carri\u00e8re sont-elles prises en compte ?<\/h2>\n<p>Les p\u00e9riodes de suspension du contrat de travail, telles que les <b>cong\u00e9s maternit\u00e9, paternit\u00e9, maladies <\/b>(maladie professionnelle, accident du travail), ou d\u2019autres absences prot\u00e9g\u00e9es, sont <b>assimil\u00e9es \u00e0 des jours d\u2019affiliation au m\u00eame titre que les jours effectivement travaill\u00e9s.<\/b> De plus, les p\u00e9riodes de formation, sauf celles r\u00e9mun\u00e9r\u00e9es par France Travail, peuvent aussi \u00eatre reconnues comme temps d\u2019affiliation dans la limite des 2\/3 de la dur\u00e9e totale prise en compte.<\/p>\n<h2>Quelles sont les modalit\u00e9s pour les contrats mixtes (int\u00e9rim + CDD, etc.) ?<\/h2>\n<p>Les p\u00e9riodes de travail effectu\u00e9es sous des contrats diff\u00e9rents sont <b>soumises aux m\u00eames r\u00e8gles <\/b>que les contrats classiques en ce qui concerne l\u2019ouverture des droits au ch\u00f4mage. France Travail effectue le calcul des heures cumul\u00e9es ou des jours travaill\u00e9s en additionnant l\u2019ensemble des p\u00e9riodes travaill\u00e9es, quel que soit le type de contrat.<\/p>\n<p><iframe loading=\"lazy\" title=\"Tout savoir sur le ch\u00f4mage en France !\" width=\"500\" height=\"281\" src=\"https:\/\/www.youtube.com\/embed\/jgv9qS4jh7k?feature=oembed\" frameborder=\"0\" allow=\"accelerometer; autoplay; clipboard-write; encrypted-media; gyroscope; picture-in-picture; web-share\" referrerpolicy=\"strict-origin-when-cross-origin\" allowfullscreen><\/iframe><\/p>\n<h1>Que faire si je n&rsquo;ai pas travaill\u00e9 assez d&rsquo;heures pour avoir droit au ch\u00f4mage ?<\/h1>\n<p>Si vous ne r\u00e9unissez pas le nombre d\u2019heures de travail requises pour ouvrir des droits au ch\u00f4mage, <b>vous pouvez tout de m\u00eame vous inscrire aupr\u00e8s de France Travail<\/b>. L\u2019inscription vous permettra de b\u00e9n\u00e9ficier d\u2019un accompagnement personnalis\u00e9 dans votre recherche d\u2019emploi et de formations.<\/p>\n<h1>Comment fonctionnent la dur\u00e9e et le montant de l\u2019indemnisation ch\u00f4mage ?<\/h1>\n<h2>La dur\u00e9e des droits au ch\u00f4mage d\u00e9pend-elle de la dur\u00e9e travaill\u00e9e ?<\/h2>\n<p>La dur\u00e9e d\u2019indemnisation ch\u00f4mage est<b> li\u00e9e \u00e0 la dur\u00e9e de travail<\/b> que vous avez effectu\u00e9e durant la p\u00e9riode de r\u00e9f\u00e9rence. Le principe g\u00e9n\u00e9ral est que vous avez droit \u00e0 une indemnisation proportionnelle au temps travaill\u00e9, dans la limite d\u2019un plafond qui varie selon votre \u00e2ge.<\/p>\n<h2>Comment est calcul\u00e9 le montant de l\u2019ARE ?<\/h2>\n<p>Le montant de l\u2019ARE d\u00e9pend principalement de ces param\u00e8tres :<\/p>\n<ul>\n<li aria-level=\"1\">Le<b> salaire journalier de r\u00e9f\u00e9rence <\/b>(SJR), qui est la moyenne de vos salaires bruts sur la p\u00e9riode de r\u00e9f\u00e9rence.<\/li>\n<li aria-level=\"1\">Le montant fixe ajout\u00e9, qui est de<b> 13,18 \u20ac.<\/b><\/li>\n<li aria-level=\"1\">Le <b>type de calcul retenu<\/b>, entre 40,4 % du SJR + montant fixe ou 57 % du SJR, en prenant la valeur la plus favorable.<\/li>\n<li aria-level=\"1\">Le <b>plafond<\/b>, car l\u2019allocation ne peut d\u00e9passer 70 % du salaire journalier de r\u00e9f\u00e9rence.<\/li>\n<\/ul>\n<div class='shortcode summary'><div class='title'>En r\u00e9sum\u00e9 :<\/div><div class='content'><ul><li>Pour ouvrir des droits au ch\u00f4mage vous devez avoir travaill\u00e9<strong> au moins 6 mois sur les 24 derniers mois, ou 36 mois si vous avez 55 ans ou plus.<\/strong><\/li><li> Vos heures de travail sont <strong>cumul\u00e9es<\/strong>, quel que soit le type de contrat.<\/li><li>En r\u00e8gle g\u00e9n\u00e9rale, la dur\u00e9e d&rsquo;indemnisation est <strong>\u00e9quivalente<\/strong> \u00e0 la dur\u00e9e travaill\u00e9e, dans la limite des plafonds selon votre \u00e2ge.<\/li><li>Si vous n\u2019avez pas assez d\u2019heures, <strong>vous pouvez quand m\u00eame vous inscrire \u00e0 France Travail<\/strong> pour avoir un accompagnement dans votre recherche d\u2019emploi.<\/li><\/ul><\/div><\/div>\n<p class=\"p1\"><div class='cta-block'><div class='text'>Simulez votre ch\u00f4mage en 2 min.<\/div><a href='https:\/\/www.mes-allocs.fr\/simulation-chomage?origin=guides\/wp-json\/wp\/v2\/posts\/14044' class='app-button fit'>Simulation gratuite<\/a><\/div><\/p>\n","protected":false},"excerpt":{"rendered":"<p>Vos droits au ch\u00f4mage d\u00e9pend de plusieurs param\u00e8tres, notamment le nombre d&rsquo;heures travaill\u00e9es. Depuis le 1er avril 2025, de nouvelles r\u00e8gles s\u2019appliquent concernant la dur\u00e9e minimale de travail requise, avec des conditions qui varient selon votre \u00e2ge et votre situation. Dans cet article, d\u00e9couvrez combien d\u2019heures vous devez avoir travaill\u00e9 pour toucher le ch\u00f4mage. Combien [&hellip;]<\/p>\n","protected":false},"author":6,"featured_media":14532,"comment_status":"open","ping_status":"open","sticky":false,"template":"","format":"standard","meta":{"amp_status":"","footnotes":""},"categories":[2991,2989],"tags":[],"class_list":["post-14044","post","type-post","status-publish","format-standard","has-post-thumbnail","hentry","category-droit-au-chomage","category-chomage"],"yoast_head":"<!-- This site is optimized with the Yoast SEO plugin v14.9 - https:\/\/yoast.com\/wordpress\/plugins\/seo\/ -->\n<title>Combien d&#039;heures pour avoir droit au ch\u00f4mage ? | Mes-Allocs.fr<\/title>\n<meta name=\"description\" content=\"D\u00e9couvrez combien d\u2019heures vous devez travailler pour avoir droit au ch\u00f4mage en 2025. Les conditions selon votre \u00e2ge et le type de contrat.\" \/>\n<meta name=\"robots\" content=\"index, follow, max-snippet:-1, max-image-preview:large, max-video-preview:-1\" \/>\n<link rel=\"canonical\" href=\"https:\/\/www.mes-allocs.fr\/guides\/chomage\/droit-au-chomage\/combien-d-heures-pour-avoir-droit-au-chomage\/\" \/>\n<meta property=\"og:locale\" content=\"fr_FR\" \/>\n<meta property=\"og:type\" content=\"article\" \/>\n<meta property=\"og:title\" content=\"Combien d&#039;heures pour avoir droit au ch\u00f4mage ? | Mes-Allocs.fr\" \/>\n<meta property=\"og:description\" content=\"D\u00e9couvrez combien d\u2019heures vous devez travailler pour avoir droit au ch\u00f4mage en 2025. Les conditions selon votre \u00e2ge et le type de contrat.\" \/>\n<meta property=\"og:url\" content=\"https:\/\/www.mes-allocs.fr\/guides\/chomage\/droit-au-chomage\/combien-d-heures-pour-avoir-droit-au-chomage\/\" \/>\n<meta property=\"og:site_name\" content=\"Mes-Allocs.fr\" \/>\n<meta property=\"article:published_time\" content=\"2020-11-25T13:35:17+00:00\" \/>\n<meta property=\"article:modified_time\" content=\"2025-10-07T13:27:28+00:00\" \/>\n<meta property=\"og:image\" content=\"https:\/\/www.mes-allocs.fr\/guides\/wp-content\/uploads\/2020\/11\/Combien-dheures-pour-avoir-droit-au-cho\u0302mage-.jpg?wsr\" \/>\n\t<meta property=\"og:image:width\" content=\"1280\" \/>\n\t<meta property=\"og:image:height\" content=\"720\" \/>\n<meta name=\"twitter:card\" content=\"summary_large_image\" \/>\n<script type=\"application\/ld+json\" class=\"yoast-schema-graph\">{\"@context\":\"https:\/\/schema.org\",\"@graph\":[{\"@type\":\"WebSite\",\"@id\":\"https:\/\/www.mes-allocs.fr\/guides\/#website\",\"url\":\"https:\/\/www.mes-allocs.fr\/guides\/\",\"name\":\"Mes-Allocs.fr\",\"description\":\"\",\"potentialAction\":[{\"@type\":\"SearchAction\",\"target\":\"https:\/\/www.mes-allocs.fr\/guides\/?s={search_term_string}\",\"query-input\":\"required name=search_term_string\"}],\"inLanguage\":\"fr-FR\"},{\"@type\":\"ImageObject\",\"@id\":\"https:\/\/www.mes-allocs.fr\/guides\/chomage\/droit-au-chomage\/combien-d-heures-pour-avoir-droit-au-chomage\/#primaryimage\",\"inLanguage\":\"fr-FR\",\"url\":\"https:\/\/www.mes-allocs.fr\/guides\/wp-content\/uploads\/2020\/11\/Combien-dheures-pour-avoir-droit-au-cho\\u0302mage-.jpg?wsr\",\"width\":1280,\"height\":720,\"caption\":\"Combien dheures pour avoir droit au cho\\u0302mage\"},{\"@type\":\"WebPage\",\"@id\":\"https:\/\/www.mes-allocs.fr\/guides\/chomage\/droit-au-chomage\/combien-d-heures-pour-avoir-droit-au-chomage\/#webpage\",\"url\":\"https:\/\/www.mes-allocs.fr\/guides\/chomage\/droit-au-chomage\/combien-d-heures-pour-avoir-droit-au-chomage\/\",\"name\":\"Combien d'heures pour avoir droit au ch\\u00f4mage ? | Mes-Allocs.fr\",\"isPartOf\":{\"@id\":\"https:\/\/www.mes-allocs.fr\/guides\/#website\"},\"primaryImageOfPage\":{\"@id\":\"https:\/\/www.mes-allocs.fr\/guides\/chomage\/droit-au-chomage\/combien-d-heures-pour-avoir-droit-au-chomage\/#primaryimage\"},\"datePublished\":\"2020-11-25T13:35:17+00:00\",\"dateModified\":\"2025-10-07T13:27:28+00:00\",\"author\":{\"@id\":\"https:\/\/www.mes-allocs.fr\/guides\/#\/schema\/person\/0ecd61a8600573914d00d970a588c024\"},\"description\":\"D\\u00e9couvrez combien d\\u2019heures vous devez travailler pour avoir droit au ch\\u00f4mage en 2025. Les conditions selon votre \\u00e2ge et le type de contrat.\",\"inLanguage\":\"fr-FR\"},{\"@type\":\"Person\",\"@id\":\"https:\/\/www.mes-allocs.fr\/guides\/#\/schema\/person\/0ecd61a8600573914d00d970a588c024\",\"name\":\"Jonathan\",\"image\":{\"@type\":\"ImageObject\",\"@id\":\"https:\/\/www.mes-allocs.fr\/guides\/#personlogo\",\"inLanguage\":\"fr-FR\",\"url\":\"https:\/\/www.mes-allocs.fr\/guides\/wp-content\/uploads\/2021\/06\/jonathan-150x150.png\",\"caption\":\"Jonathan\"},\"description\":\"Jonathan est r\\u00e9dacteur au sein de l'\\u00e9quipe Mes Allocs, sp\\u00e9cialis\\u00e9 sur les sujets li\\u00e9s au handicap. Dipl\\u00f4m\\u00e9e de l'UPEM, il rejoint Mes Allocs apr\\u00e8s avoir travaill\\u00e9 \\u00e0 l'association AEDE qui accompagne les adultes en situation de handicap. Quand il n'\\u00e9crit pas, on peut le retrouver sur un terrain de basket.\",\"sameAs\":[\"https:\/\/www.linkedin.com\/in\/jonathan-bambela-8637861b7\"]}]}<\/script>\n<!-- \/ Yoast SEO plugin. -->","amp_validity":null,"acf":{"faq":{"1":{"question":"Combien d'heures faut-il cumuler pour avoir droit au ch\u00f4mage ?","answer":"La dur\u00e9e d\u2019indemnisation du ch\u00f4mage varie selon l\u2019\u00e2ge : elle est de 18 mois maximum pour les moins de 55 ans, 22,5 mois pour les 55-56 ans, et 27 mois pour les 57 ans et plus, avec des ajustements possibles selon la conjoncture \u00e9conomique."},"2":{"question":"Est-il possible de toucher le ch\u00f4mage apr\u00e8s un CDD de 3 mois ?","answer":"Il n'est pas possible de toucher le ch\u00f4mage apr\u00e8s un CDD de 3 mois si ce contrat n\u2019est pas compl\u00e9t\u00e9 par d\u2019autres emplois totalisant au moins 6 mois de travail au cours des 24 derniers mois. Une dur\u00e9e de travail minimale de 6 mois est requise pour ouvrir des droits au ch\u00f4mage.\r\n\r\n"},"3":{"question":"Quel est le d\u00e9lai de carence pour toucher le ch\u00f4mage ?","answer":"Le d\u00e9lai de carence pour toucher le ch\u00f4mage est au minimum de 7 jours apr\u00e8s l'inscription \u00e0 France Travail, avec des diff\u00e9r\u00e9s suppl\u00e9mentaires possibles selon les indemnit\u00e9s per\u00e7ues."},"4":{"question":"Quand perd-on ses droits au ch\u00f4mage ?","answer":"On perd ses droits au ch\u00f4mage lorsque la dur\u00e9e maximale d'indemnisation est atteinte ou si les conditions d'indemnisation ne sont plus remplies, comme la radiation de la liste des demandeurs d'emploi ou la reprise d'une activit\u00e9 sans motif l\u00e9gitime. Les droits sont \u00e9galement perdus si le d\u00e9lai de d\u00e9ch\u00e9ance de 3 ans \u00e0 compter de l'ouverture des droits est d\u00e9pass\u00e9."},"5":{"question":"Est-ce que l'arr\u00eat maladie compte pour le calcul du ch\u00f4mage ?","answer":"L'arr\u00eat maladie ne compte pas directement pour le calcul du ch\u00f4mage, mais la p\u00e9riode d'indemnisation est report\u00e9e et prolong\u00e9e. Pendant l'arr\u00eat, les allocations ch\u00f4mage sont remplac\u00e9es par des indemnit\u00e9s journali\u00e8res de la s\u00e9curit\u00e9 sociale. \u00c0 la fin de l'arr\u00eat, il faut se r\u00e9inscrire \u00e0 France Travail pour reprendre les droits au ch\u00f4mage."},"6":{"question":"","answer":""},"7":{"question":"","answer":""},"8":{"question":"","answer":""},"9":{"question":"","answer":""},"10":{"question":"","answer":""},"11":{"question":"","answer":""},"12":{"question":"","answer":""},"13":{"question":"","answer":""},"14":{"question":"","answer":""},"15":{"question":"","answer":""},"16":{"question":"","answer":""}}},"_links":{"self":[{"href":"https:\/\/www.mes-allocs.fr\/guides\/wp-json\/wp\/v2\/posts\/14044","targetHints":{"allow":["GET"]}}],"collection":[{"href":"https:\/\/www.mes-allocs.fr\/guides\/wp-json\/wp\/v2\/posts"}],"about":[{"href":"https:\/\/www.mes-allocs.fr\/guides\/wp-json\/wp\/v2\/types\/post"}],"author":[{"embeddable":true,"href":"https:\/\/www.mes-allocs.fr\/guides\/wp-json\/wp\/v2\/users\/6"}],"replies":[{"embeddable":true,"href":"https:\/\/www.mes-allocs.fr\/guides\/wp-json\/wp\/v2\/comments?post=14044"}],"version-history":[{"count":29,"href":"https:\/\/www.mes-allocs.fr\/guides\/wp-json\/wp\/v2\/posts\/14044\/revisions"}],"predecessor-version":[{"id":104376,"href":"https:\/\/www.mes-allocs.fr\/guides\/wp-json\/wp\/v2\/posts\/14044\/revisions\/104376"}],"wp:featuredmedia":[{"embeddable":true,"href":"https:\/\/www.mes-allocs.fr\/guides\/wp-json\/wp\/v2\/media\/14532"}],"wp:attachment":[{"href":"https:\/\/www.mes-allocs.fr\/guides\/wp-json\/wp\/v2\/media?parent=14044"}],"wp:term":[{"taxonomy":"category","embeddable":true,"href":"https:\/\/www.mes-allocs.fr\/guides\/wp-json\/wp\/v2\/categories?post=14044"},{"taxonomy":"post_tag","embeddable":true,"href":"https:\/\/www.mes-allocs.fr\/guides\/wp-json\/wp\/v2\/tags?post=14044"}],"curies":[{"name":"wp","href":"https:\/\/api.w.org\/{rel}","templated":true}]}}