{"id":13952,"date":"2020-11-09T09:07:24","date_gmt":"2020-11-09T09:07:24","guid":{"rendered":"https:\/\/www.mes-allocs.fr\/guides\/?p=13952"},"modified":"2025-12-04T17:59:01","modified_gmt":"2025-12-04T16:59:01","slug":"date-prime-de-noel","status":"publish","type":"post","link":"https:\/\/www.mes-allocs.fr\/guides\/prime-de-noel\/versement-prime-de-noel\/date-prime-de-noel\/","title":{"rendered":"Versement prime de No\u00ebl : d\u00e8s le 16 d\u00e9cembre 2025, mais pas pour tous"},"content":{"rendered":"<p><img loading=\"lazy\" decoding=\"async\" class=\"aligncenter size-full wp-image-105235\" title=\"date prime noel\" src=\"https:\/\/www.mes-allocs.fr\/guides\/wp-content\/uploads\/2020\/11\/date-prime-noel.jpg\" alt=\"date prime noel\" width=\"1920\" height=\"300\" srcset=\"https:\/\/www.mes-allocs.fr\/guides\/wp-content\/uploads\/2020\/11\/date-prime-noel.jpg 1920w, https:\/\/www.mes-allocs.fr\/guides\/wp-content\/uploads\/2020\/11\/date-prime-noel-300x47.jpg 300w, https:\/\/www.mes-allocs.fr\/guides\/wp-content\/uploads\/2020\/11\/date-prime-noel-1024x160.jpg 1024w, https:\/\/www.mes-allocs.fr\/guides\/wp-content\/uploads\/2020\/11\/date-prime-noel-768x120.jpg 768w, https:\/\/www.mes-allocs.fr\/guides\/wp-content\/uploads\/2020\/11\/date-prime-noel-1536x240.jpg 1536w, https:\/\/www.mes-allocs.fr\/guides\/wp-content\/uploads\/2020\/11\/date-prime-noel-600x94.jpg 600w\" sizes=\"auto, (max-width: 1920px) 100vw, 1920px\" \/><\/p>\n<p>[Mis \u00e0 jour le 04\/12\/2025] Le <a href=\"https:\/\/www.mes-allocs.fr\/guides\/prime-de-noel\/versement-prime-de-noel\/\">versement de la prime de No\u00eb<\/a>l en 2025 aura lieu \u00e0 partir du 16 d\u00e9cembre 2025 pour les b\u00e9n\u00e9ficiaires des minima sociaux, mais tout le monde n&rsquo;est pas concern\u00e9 par cette date. Mes Allocs vous indique la <strong>date exacte de versement de la prime de No\u00ebl<\/strong> cette ann\u00e9e et les situations pouvant entra\u00eener un versement en janvier.<\/p>\n<div class='cta-block'><div class='text'>Simulez votre prime de No\u00ebl en 2 min.<\/div><a href='https:\/\/www.mes-allocs.fr\/ab-app?origin=guides\/wp-json\/wp\/v2\/posts\/13952' class='app-button fit'>Simulation gratuite<\/a><\/div>\n<h1>Quelle est la date de versement de la prime de No\u00ebl en 2025 ?<\/h1>\n<h2>Quand la prime de No\u00ebl 2025 sera-t-elle vers\u00e9e ?<\/h2>\n<p>C&rsquo;est <strong>officiel<\/strong>, la prime de No\u00ebl 2025 sera vers\u00e9e <strong>\u00e0 partir du 16 d\u00e9cembre 2025<\/strong> pour les b\u00e9n\u00e9ficiaires du RSA, de l\u2019ASS, de l\u2019AER ou d&rsquo;une autre aide \u00e9ligible. En effet, cette date r\u00e9sulte d&rsquo;une annonce du minist\u00e8re du Travail le 24 novembre 2025, \u00e0 l&rsquo;AFP.<\/p>\n<p>Si vos droits commencent en d\u00e9cembre, le paiement interviendra par contre d\u00e9but janvier 2026.<\/p>\n<p>En r\u00e9sum\u00e9 :<\/p>\n<ul>\n<li><strong>Versement principal : \u00e0 partir du 16 d\u00e9cembre 2025<\/strong><\/li>\n<li><strong>Versement d\u00e9cal\u00e9 : g\u00e9n\u00e9ralement premi\u00e8re semaine de janvier<\/strong><\/li>\n<\/ul>\n<h2>Calendrier pr\u00e9visionnel du versement de la prime de No\u00ebl en 2025<\/h2>\n<p>Le calendrier de versement de la prime de No\u00ebl 2025 suit le m\u00eame sch\u00e9ma que les ann\u00e9es pr\u00e9c\u00e9dentes : un paiement automatique effectu\u00e9 \u00e0 partir du 16 d\u00e9cembre 2025 pour les foyers d\u00e9j\u00e0 b\u00e9n\u00e9ficiaires des minima sociaux, puis un second versement d\u00e9but janvier pour ceux devenus \u00e9ligibles en d\u00e9cembre.<\/p>\n<p>Voici le calendrier du versement de la prime de No\u00ebl pour 2025 :<\/p>\n\n<div class=\"wpdt-c row wpDataTableContainerSimpleTable wpDataTables wpDataTablesWrapper\n\"\n    >\n    <table id=\"wpdtSimpleTable-716\"\n           class=\"wpdtSimpleTable wpDataTable\"\n           data-column=\"2\"\n           data-rows=\"5\"\n           data-wpID=\"716\"\n           data-responsive=\"0\"\n           data-has-header=\"0\">\n\n                    <tbody>        <tr class=\"wpdt-cell-row \" >\n                            <td class=\"wpdt-cell wpdt-bc-F3F9FE wpdt-bold\"\n                                    data-cell-id=\"A1\"\n                data-col-index=\"0\"\n                data-row-index=\"0\"\n                style=\" width:50%;                padding:10px;\"\n                >\n                                Date en 2025                <\/td>\n                                            <td class=\"wpdt-cell wpdt-bc-F3F9FE wpdt-bold\"\n                                    data-cell-id=\"B1\"\n                data-col-index=\"1\"\n                data-row-index=\"0\"\n                style=\" width:50%;                padding:10px;\"\n                >\n                                Etape                <\/td>\n                                        <\/tr>\n                            <tr class=\"wpdt-cell-row \" >\n                            <td class=\"wpdt-cell \"\n                                    data-cell-id=\"A2\"\n                data-col-index=\"0\"\n                data-row-index=\"1\"\n                style=\"                padding:10px;\"\n                >\n                                10 d\u00e9cembre 2025                <\/td>\n                                            <td class=\"wpdt-cell \"\n                                    data-cell-id=\"B2\"\n                data-col-index=\"1\"\n                data-row-index=\"1\"\n                style=\"                padding:10px;\"\n                >\n                                Annonce officielle du versement par le gouvernement                <\/td>\n                                        <\/tr>\n                            <tr class=\"wpdt-cell-row \" >\n                            <td class=\"wpdt-cell \"\n                                    data-cell-id=\"A3\"\n                data-col-index=\"0\"\n                data-row-index=\"2\"\n                style=\"                padding:10px;\"\n                >\n                                16 d\u00e9cembre 2025                <\/td>\n                                            <td class=\"wpdt-cell \"\n                                    data-cell-id=\"B3\"\n                data-col-index=\"1\"\n                data-row-index=\"2\"\n                style=\"                padding:10px;\"\n                >\n                                D\u00e9but des versements CAF \/ MSA \/ France Travail pour les allocataires \u00e9ligibles en d\u00e9cembre                <\/td>\n                                        <\/tr>\n                            <tr class=\"wpdt-cell-row \" >\n                            <td class=\"wpdt-cell \"\n                                    data-cell-id=\"A4\"\n                data-col-index=\"0\"\n                data-row-index=\"3\"\n                style=\"                padding:10px;\"\n                >\n                                16 au 20 d\u00e9cembre 2025                <\/td>\n                                            <td class=\"wpdt-cell \"\n                                    data-cell-id=\"B4\"\n                data-col-index=\"1\"\n                data-row-index=\"3\"\n                style=\"                padding:10px;\"\n                >\n                                R\u00e9ception effective sur les comptes bancaires (selon la banque)                <\/td>\n                                        <\/tr>\n                            <tr class=\"wpdt-cell-row \" >\n                            <td class=\"wpdt-cell \"\n                                    data-cell-id=\"A5\"\n                data-col-index=\"0\"\n                data-row-index=\"4\"\n                style=\"                padding:10px;\"\n                >\n                                D\u00e9but janvier 2026                <\/td>\n                                            <td class=\"wpdt-cell \"\n                                    data-cell-id=\"B5\"\n                data-col-index=\"1\"\n                data-row-index=\"4\"\n                style=\"                padding:10px;\"\n                >\n                                Versement diff\u00e9r\u00e9 pour les personnes devenues \u00e9ligibles en d\u00e9cembre 2025                <\/td>\n                                        <\/tr>\n                    <\/table>\n<\/div><style id='wpdt-custom-style-716'>\n.wpdt-bc-F3F9FE { background-color: #F3F9FE !important;}\n<\/style>\n\n<p>Ce calendrier peut l\u00e9g\u00e8rement varier selon les d\u00e9lais de traitement propres \u00e0 chaque organisme.<\/p>\n<h2>La date de r\u00e9ception de la prime de No\u00ebl<\/h2>\n<p><a href=\"https:\/\/www.mes-allocs.fr\/guides\/prime-de-noel\/versement-prime-de-noel\/prime-de-noel-non-recue\/\">Vous n&rsquo;avez pas re\u00e7u votre prime de No\u00ebl<\/a> ? En g\u00e9n\u00e9ral, les virements apparaissent sur les comptes entre 48 et 72 heures apr\u00e8s leur \u00e9mission par la CAF, la MSA ou France Travail. Mais pas de panique si vous n&rsquo;avez rien re\u00e7u, vous constaterez peut-\u00eatre le versement sur votre compte bancaire quelques jours apr\u00e8s le\u00a016 d\u00e9cembre 2025 : cela d\u00e9pend du d\u00e9lai de traitement de votre banque, mais \u00e9galement de la CAF, de la MSA et de France Travail.<\/p>\n<p>Pour v\u00e9rifier, consultez r\u00e9guli\u00e8rement votre espace personnel CAF \/ MSA \/ France Travail : la ligne \u201cprime exceptionnelle de fin d\u2019ann\u00e9e\u201d y appara\u00eet souvent avant le cr\u00e9dit bancaire effectif.<\/p>\n<p style=\"text-align: center;\"><iframe loading=\"lazy\" src=\"\/\/www.youtube.com\/embed\/JSd0X11Muig\" width=\"560\" height=\"314\" allowfullscreen=\"allowfullscreen\" data-mce-fragment=\"1\"><\/iframe><\/p>\n<h1>La prime de No\u00ebl est-elle vers\u00e9e en une seule fois ?<\/h1>\n<p><strong>Oui<\/strong>, la prime de No\u00ebl est vers\u00e9e en une seule fois, en un paiement unique sur votre compte bancaire. Il n\u2019existe pas de versement fractionn\u00e9 ni d\u2019\u00e9talement : le montant total est cr\u00e9dit\u00e9 en une seule op\u00e9ration, g\u00e9n\u00e9ralement libell\u00e9e \u00ab prime exceptionnelle de fin d\u2019ann\u00e9e \u00bb sur votre relev\u00e9 bancaire.<\/p>\n<div class='cta-block'><div class='text'>Simulez votre prime de No\u00ebl en 2 min.<\/div><a href='https:\/\/www.mes-allocs.fr\/ab-app?origin=guides\/wp-json\/wp\/v2\/posts\/13952' class='app-button fit'>Simulation gratuite<\/a><\/div>\n<h1>Pourquoi la date de versement peut-elle varier ?<\/h1>\n<p>Dans la grande majorit\u00e9 des cas, le versement s\u2019effectue sans retard. Cependant, un l\u00e9ger d\u00e9calage peut survenir en cas de\u00a0<strong>dossier en cours de mise \u00e0 jour<\/strong>, <strong>d\u2019erreur de coordonn\u00e9es bancaires<\/strong>, ou d\u2019un <strong>changement de situation familiale r\u00e9cent<\/strong> (s\u00e9paration, d\u00e9m\u00e9nagement, ajout d\u2019un enfant, etc.).<\/p>\n<p>Egalement, un<strong>\u00a0d\u00e9lai de traitement bancaire<\/strong> (plusieurs jours de d\u00e9calage) peut survenir.\u00a0En effet, chaque \u00e9tablissement applique ses propres d\u00e9lais de traitement pour les virements \u00e9mis par la CAF, la MSA ou France Travail.<\/p>\n<p><div class='shortcode tips'><div class='title'>Exemple<\/div><div class='content'> Certaines banques comme le Cr\u00e9dit Agricole ou la Caisse d\u2019\u00c9pargne affichent les virements d\u00e8s le lendemain, d\u2019autres (notamment les banques en ligne) peuvent avoir un traitement l\u00e9g\u00e8rement plus lent.<\/div><\/div><!-- notionvc: d84c1853-d9a2-4461-a287-f9f0f8f41c8b --><\/p>\n<h1>Retard de paiement de la prime de No\u00ebl : que faire ?<\/h1>\n<p>En cas de retard de paiement de la prime de No\u00ebl, il est essentiel d\u2019agir rapidement pour r\u00e9soudre votre situation. Voici les \u00e9tapes que nous vous conseillons de suivre :<\/p>\n<ol>\n<li><strong>V\u00e9rifiez l\u2019\u00e9tat de votre dossier<\/strong> en vous assurant d\u2019avoir bien mis \u00e0 jour vos informations personnelles<\/li>\n<li><strong>Simulez vos droits<\/strong>, pour vous assurer que vous ne faites pas erreur : utilisez le simulateur Mes Allocs qui vous donne un r\u00e9sultat en 2 minutes<\/li>\n<li><strong>Prenez note des d\u00e9lais, <\/strong>pour prendre en compte les circonstances et les proc\u00e9dures internes de l&rsquo;<a href=\"https:\/\/www.mes-allocs.fr\/guides\/prime-de-noel\/versement-prime-de-noel\/qui-verse-prime-de-noel\/\">organisme qui verse la prime de No\u00ebl<\/a> et de votre banque<\/li>\n<li><strong>Demandez un recours<\/strong> en cas de besoin : si le retard de paiement persiste et que vous estimez que vos droits ne sont pas respect\u00e9s, vous pouvez envisager de faire appel \u00e0 un m\u00e9diateur ou \u00e0 un service de r\u00e9clamation pour obtenir une assistance suppl\u00e9mentaire<\/li>\n<\/ol>\n<h1>Comment faire une simulation de prime de No\u00ebl 2025?<\/h1>\n<p><span class=\"amp-wp-fe3f5cc\" data-amp-original-style=\"font-weight: 400;\">Si de nombreuses personnes b\u00e9n\u00e9ficiaires de la prime de No\u00ebl \u00a0se demandent si elles sont \u00e9ligibles encore cette ann\u00e9e, cette question reste souvent en suspens. En effet, aucun des trois organismes \u201cdistributeurs\u201d ne propose de simulateur.<\/span><\/p>\n<p><span class=\"amp-wp-fe3f5cc\" data-amp-original-style=\"font-weight: 400;\">Afin de savoir si vous allez percevoir l\u2019aide de fin d\u2019ann\u00e9e, le montant et la date de versement selon votre situation, nous vous proposons de faire\u00a0<\/span><a href=\"https:\/\/www.mes-allocs.fr\/ab-app\"><span class=\"amp-wp-fe3f5cc\" data-amp-original-style=\"font-weight: 400;\">une simulation gratuite de vos droits<\/span><\/a><span class=\"amp-wp-fe3f5cc\" data-amp-original-style=\"font-weight: 400;\">\u00a0\u00e0 la prime de No\u00ebl.\u00a0<\/span><\/p>\n<div class='cta-block'><div class='text'>Simulez votre prime de No\u00ebl en 2 min.<\/div><a href='https:\/\/www.mes-allocs.fr\/ab-app?origin=guides\/wp-json\/wp\/v2\/posts\/13952' class='app-button fit'>Simulation gratuite<\/a><\/div>\n","protected":false},"excerpt":{"rendered":"<p>[Mis \u00e0 jour le 04\/12\/2025] Le versement de la prime de No\u00ebl en 2025 aura lieu \u00e0 partir du 16 d\u00e9cembre 2025 pour les b\u00e9n\u00e9ficiaires des minima sociaux, mais tout le monde n&rsquo;est pas concern\u00e9 par cette date. Mes Allocs vous indique la date exacte de versement de la prime de No\u00ebl cette ann\u00e9e et [&hellip;]<\/p>\n","protected":false},"author":6,"featured_media":13954,"comment_status":"open","ping_status":"open","sticky":false,"template":"","format":"standard","meta":{"amp_status":"","footnotes":""},"categories":[31,38932],"tags":[],"class_list":["post-13952","post","type-post","status-publish","format-standard","has-post-thumbnail","hentry","category-prime-de-noel","category-versement-prime-de-noel"],"yoast_head":"<!-- This site is optimized with the Yoast SEO plugin v14.9 - https:\/\/yoast.com\/wordpress\/plugins\/seo\/ -->\n<title>Versement prime de No\u00ebl : d\u00e8s le 16 d\u00e9cembre 2025, mais pas pour tous<\/title>\n<meta name=\"description\" content=\"C&#039;est officiel, la prime de Noel sera vers\u00e9e \u00e0 partir du 16 d\u00e9cembre 2025. Mais attention, tout le monde n&#039;est pas concern\u00e9 par cette date.\" \/>\n<meta name=\"robots\" content=\"index, follow, max-snippet:-1, max-image-preview:large, max-video-preview:-1\" \/>\n<link rel=\"canonical\" href=\"https:\/\/www.mes-allocs.fr\/guides\/prime-de-noel\/versement-prime-de-noel\/date-prime-de-noel\/\" \/>\n<meta property=\"og:locale\" content=\"fr_FR\" \/>\n<meta property=\"og:type\" content=\"article\" \/>\n<meta property=\"og:title\" content=\"Versement prime de No\u00ebl : d\u00e8s le 16 d\u00e9cembre 2025, mais pas pour tous\" \/>\n<meta property=\"og:description\" content=\"C&#039;est officiel, la prime de Noel sera vers\u00e9e \u00e0 partir du 16 d\u00e9cembre 2025. Mais attention, tout le monde n&#039;est pas concern\u00e9 par cette date.\" \/>\n<meta property=\"og:url\" content=\"https:\/\/www.mes-allocs.fr\/guides\/prime-de-noel\/versement-prime-de-noel\/date-prime-de-noel\/\" \/>\n<meta property=\"og:site_name\" content=\"Mes-Allocs.fr\" \/>\n<meta property=\"article:published_time\" content=\"2020-11-09T09:07:24+00:00\" \/>\n<meta property=\"article:modified_time\" content=\"2025-12-04T16:59:01+00:00\" \/>\n<meta property=\"og:image\" content=\"https:\/\/www.mes-allocs.fr\/guides\/wp-content\/uploads\/2020\/10\/pexels-freestocksorg-717988.jpg?wsr\" \/>\n\t<meta property=\"og:image:width\" content=\"1280\" \/>\n\t<meta property=\"og:image:height\" content=\"853\" \/>\n<meta name=\"twitter:card\" content=\"summary_large_image\" \/>\n<script type=\"application\/ld+json\" class=\"yoast-schema-graph\">{\"@context\":\"https:\/\/schema.org\",\"@graph\":[{\"@type\":\"WebSite\",\"@id\":\"https:\/\/www.mes-allocs.fr\/guides\/#website\",\"url\":\"https:\/\/www.mes-allocs.fr\/guides\/\",\"name\":\"Mes-Allocs.fr\",\"description\":\"\",\"potentialAction\":[{\"@type\":\"SearchAction\",\"target\":\"https:\/\/www.mes-allocs.fr\/guides\/?s={search_term_string}\",\"query-input\":\"required name=search_term_string\"}],\"inLanguage\":\"fr-FR\"},{\"@type\":\"ImageObject\",\"@id\":\"https:\/\/www.mes-allocs.fr\/guides\/prime-de-noel\/versement-prime-de-noel\/date-prime-de-noel\/#primaryimage\",\"inLanguage\":\"fr-FR\",\"url\":\"https:\/\/www.mes-allocs.fr\/guides\/wp-content\/uploads\/2020\/10\/pexels-freestocksorg-717988.jpg?wsr\",\"width\":1280,\"height\":853,\"caption\":\"date prime noel\"},{\"@type\":\"WebPage\",\"@id\":\"https:\/\/www.mes-allocs.fr\/guides\/prime-de-noel\/versement-prime-de-noel\/date-prime-de-noel\/#webpage\",\"url\":\"https:\/\/www.mes-allocs.fr\/guides\/prime-de-noel\/versement-prime-de-noel\/date-prime-de-noel\/\",\"name\":\"Versement prime de No\\u00ebl : d\\u00e8s le 16 d\\u00e9cembre 2025, mais pas pour tous\",\"isPartOf\":{\"@id\":\"https:\/\/www.mes-allocs.fr\/guides\/#website\"},\"primaryImageOfPage\":{\"@id\":\"https:\/\/www.mes-allocs.fr\/guides\/prime-de-noel\/versement-prime-de-noel\/date-prime-de-noel\/#primaryimage\"},\"datePublished\":\"2020-11-09T09:07:24+00:00\",\"dateModified\":\"2025-12-04T16:59:01+00:00\",\"author\":{\"@id\":\"https:\/\/www.mes-allocs.fr\/guides\/#\/schema\/person\/0ecd61a8600573914d00d970a588c024\"},\"description\":\"C'est officiel, la prime de Noel sera vers\\u00e9e \\u00e0 partir du 16 d\\u00e9cembre 2025. Mais attention, tout le monde n'est pas concern\\u00e9 par cette date.\",\"inLanguage\":\"fr-FR\"},{\"@type\":\"Person\",\"@id\":\"https:\/\/www.mes-allocs.fr\/guides\/#\/schema\/person\/0ecd61a8600573914d00d970a588c024\",\"name\":\"Jonathan\",\"image\":{\"@type\":\"ImageObject\",\"@id\":\"https:\/\/www.mes-allocs.fr\/guides\/#personlogo\",\"inLanguage\":\"fr-FR\",\"url\":\"https:\/\/www.mes-allocs.fr\/guides\/wp-content\/uploads\/2021\/06\/jonathan-150x150.png\",\"caption\":\"Jonathan\"},\"description\":\"Jonathan est r\\u00e9dacteur au sein de l'\\u00e9quipe Mes Allocs, sp\\u00e9cialis\\u00e9 sur les sujets li\\u00e9s au handicap. Dipl\\u00f4m\\u00e9e de l'UPEM, il rejoint Mes Allocs apr\\u00e8s avoir travaill\\u00e9 \\u00e0 l'association AEDE qui accompagne les adultes en situation de handicap. Quand il n'\\u00e9crit pas, on peut le retrouver sur un terrain de basket.\",\"sameAs\":[\"https:\/\/www.linkedin.com\/in\/jonathan-bambela-8637861b7\"]}]}<\/script>\n<!-- \/ Yoast SEO plugin. -->","amp_validity":null,"acf":{"faq":{"1":{"question":"Comment faire une demande de prime de Noel ? ","answer":"Vous n'avez aucune demande a effectuer. Si vous respecter toutes les conditions d'attribution, vous recevrez le versement automatiquement."},"2":{"question":"Quand est vers\u00e9e la prime de No\u00ebl ? ","answer":"La prime de No\u00ebl est vers\u00e9e \u00e0 partir du 16 d\u00e9cembre 2025.\r\n"},"3":{"question":"Quel est le montant de la prime de No\u00ebl ?","answer":"Le montant de la prime de No\u00ebl varie selon votre situation et le nombre d'enfants que vous avez \u00e0 charge. Par exemple, pour une personne seule sans enfants, le montant de la prime de Noel 2025 est de 152,45 euros."},"4":{"question":"Qui a droit \u00e0 la prime de No\u00ebl P\u00f4le emploi ?","answer":"P\u00f4le Emploi verse la prime de No\u00ebl aux personnes  b\u00e9n\u00e9ficiaires de l'ASS, l'AER, la PTS, et de la prime forfaitaire mensuelle de reprise d'activit\u00e9."},"5":{"question":"Comment faire une simulation prime de No\u00ebl ?","answer":"Le plus simple pour savoir si vous \u00eates \u00e9ligible \u00e0 une aide sociale comme la prime de No\u00ebl, en fonction de votre situation, est de faire la simulation gratuite de prime de No\u00ebl directement sur le site de Mes Allocs."},"6":{"question":"Est-ce que les ch\u00f4meurs peuvent b\u00e9n\u00e9ficier de la prime de No\u00ebl ? ","answer":"La prime de No\u00ebl concerne plus de 2 millions de personnes chaque ann\u00e9e. Certaines personnes au ch\u00f4mage vont toucher en 2025 la prime de no\u00ebl, mais la grande majorit\u00e9 n'en b\u00e9n\u00e9ficiera pas. "},"7":{"question":"","answer":""},"8":{"question":"","answer":""},"9":{"question":"","answer":""},"10":{"question":"","answer":""},"11":{"question":"","answer":""},"12":{"question":"","answer":""},"13":{"question":"","answer":""},"14":{"question":"","answer":""},"15":{"question":"","answer":""},"16":{"question":"","answer":""}}},"_links":{"self":[{"href":"https:\/\/www.mes-allocs.fr\/guides\/wp-json\/wp\/v2\/posts\/13952","targetHints":{"allow":["GET"]}}],"collection":[{"href":"https:\/\/www.mes-allocs.fr\/guides\/wp-json\/wp\/v2\/posts"}],"about":[{"href":"https:\/\/www.mes-allocs.fr\/guides\/wp-json\/wp\/v2\/types\/post"}],"author":[{"embeddable":true,"href":"https:\/\/www.mes-allocs.fr\/guides\/wp-json\/wp\/v2\/users\/6"}],"replies":[{"embeddable":true,"href":"https:\/\/www.mes-allocs.fr\/guides\/wp-json\/wp\/v2\/comments?post=13952"}],"version-history":[{"count":38,"href":"https:\/\/www.mes-allocs.fr\/guides\/wp-json\/wp\/v2\/posts\/13952\/revisions"}],"predecessor-version":[{"id":106387,"href":"https:\/\/www.mes-allocs.fr\/guides\/wp-json\/wp\/v2\/posts\/13952\/revisions\/106387"}],"wp:featuredmedia":[{"embeddable":true,"href":"https:\/\/www.mes-allocs.fr\/guides\/wp-json\/wp\/v2\/media\/13954"}],"wp:attachment":[{"href":"https:\/\/www.mes-allocs.fr\/guides\/wp-json\/wp\/v2\/media?parent=13952"}],"wp:term":[{"taxonomy":"category","embeddable":true,"href":"https:\/\/www.mes-allocs.fr\/guides\/wp-json\/wp\/v2\/categories?post=13952"},{"taxonomy":"post_tag","embeddable":true,"href":"https:\/\/www.mes-allocs.fr\/guides\/wp-json\/wp\/v2\/tags?post=13952"}],"curies":[{"name":"wp","href":"https:\/\/api.w.org\/{rel}","templated":true}]}}