{"id":13911,"date":"2020-11-25T13:25:17","date_gmt":"2020-11-25T13:25:17","guid":{"rendered":"https:\/\/www.mes-allocs.fr\/guides\/?p=13911"},"modified":"2025-10-06T17:36:16","modified_gmt":"2025-10-06T15:36:16","slug":"apres-une-alternance-ai-je-droit-au-chomage","status":"publish","type":"post","link":"https:\/\/www.mes-allocs.fr\/guides\/chomage\/droit-au-chomage\/apres-une-alternance-ai-je-droit-au-chomage\/","title":{"rendered":"Apr\u00e8s une alternance, ai-je droit au ch\u00f4mage ?"},"content":{"rendered":"<p class=\"med\" style=\"text-align: justify;\" role=\"heading\" aria-level=\"2\">\n<p class=\"med\" style=\"text-align: justify;\" role=\"heading\" aria-level=\"2\">Apr\u00e8s un contrat en alternance, vous pouvez tout \u00e0 fait solliciter <a href=\"https:\/\/www.mes-allocs.fr\/guides\/chomage\">le ch\u00f4mage<\/a>. Les r\u00e8gles sont les m\u00eames que pour les salari\u00e9s : c&rsquo;est-\u00e0-dire que vous devez avoir travaill\u00e9 au moins 4 mois au cours des 28 derniers mois et \u00eatre sans emploi. Il faut aussi vous inscrire \u00e0 P\u00f4le Emploi (en agence ou vous inscrire sur le site de P\u00f4le Emploi).<\/p>\n<div class='cta-block'><div class='text'>Simulez votre ch\u00f4mage en 2 min.<\/div><a href='https:\/\/www.mes-allocs.fr\/simulation-chomage?origin=guides\/wp-json\/wp\/v2\/posts\/13911' class='app-button fit'>Simulation gratuite<\/a><\/div>\n<div class=\"card-section\">\n<div class=\"brs_col\">\n<hr \/>\n<\/div>\n<div class=\"brs_col\">\n<h1 class=\"c-title--medium c-title--themed\">Quelles sont les conditions pour b\u00e9n\u00e9ficier d&rsquo;une indemnit\u00e9 ch\u00f4mage apr\u00e8s un contrat en alternance ?<\/h1>\n<p>Apr\u00e8s une alternance ai-je <a href=\"https:\/\/www.mes-allocs.fr\/guides\/chomage\/droit-au-chomage\">droit au ch\u00f4mage<\/a> ? Oui, mais il faut remplir les conditions suivantes :<\/p>\n<ul>\n<li>\u00catre sans emploi,<\/li>\n<li>Avoir travaill\u00e9 au moins 6 mois au cours des 28 derniers mois.<\/li>\n<\/ul>\n<p>Par ailleurs, le versement des allocations ch\u00f4mage n&rsquo;est pas automatique. Il faut s inscrire \u00e0 P\u00f4le Emploi, \u00e0 partir du 1er jour suivant la rupture du contrat d apprentissage ou de professionnalisation.<\/p>\n<h2 class=\"c-title--medium c-title--themed\">Quelle est la dur\u00e9e de versement d&rsquo;une indemnisation ch\u00f4mage ?<\/h2>\n<ul>\n<li>Elle varie en fonction de celle de votre contrat en alternance.<\/li>\n<li>Or, elle est toujours au moins \u00e9gale \u00e0 la dur\u00e9e de ce contrat, sans exc\u00e9der 730 jours, soit 2 ans.<\/li>\n<\/ul>\n<div>En outre, vous ne percevez pas les allocations d\u00e8s le 1er jour de la fin de votre contrat. En effet, un d\u00e9lai de carence de 7 jours s&rsquo;applique. Pendant cette p\u00e9riode, aucune indemnit\u00e9 n&rsquo;est per\u00e7ue.<\/div>\n<div><\/div>\n<div>Sans compter que le paiement des jours de cong\u00e9s non utilis\u00e9s peut non pas vous faire perdre des jours d indemnisation, mais cause un diff\u00e9r\u00e9 d\u2019indemnisation suppl\u00e9mentaire. Il est donc recommand\u00e9 de prendre tous les jours de cong\u00e9s pay\u00e9s cumul\u00e9s pendant votre contrat avant la fin de ce dernier.<\/div>\n<div><\/div>\n<\/div>\n<\/div>\n<div class=\"card-section\">\n<div class=\"brs_col\">\n<h2 class=\"c-title--medium c-title--themed\">Mon contrat n&rsquo;est pas arriv\u00e9 \u00e0 son terme : puis-je toucher des allocations ch\u00f4mage ?<a href=\"https:\/\/www.mes-allocs.fr\/guides\/wp-content\/uploads\/2020\/11\/Mon-contrat-nest-pas-arrive\u0301-a\u0300-son-terme-puis-je-toucher-des-allocations-cho\u0302mage-.jpg\"><img loading=\"lazy\" decoding=\"async\" class=\"alignright size-medium wp-image-14487\" src=\"https:\/\/www.mes-allocs.fr\/guides\/wp-content\/uploads\/2020\/11\/Mon-contrat-nest-pas-arrive\u0301-a\u0300-son-terme-puis-je-toucher-des-allocations-cho\u0302mage--300x200.jpg\" alt=\"Mon contrat n'est pas arrive\u0301 a\u0300 son terme : puis-je toucher des allocations cho\u0302mage ?\" width=\"300\" height=\"200\" srcset=\"https:\/\/www.mes-allocs.fr\/guides\/wp-content\/uploads\/2020\/11\/Mon-contrat-nest-pas-arrive\u0301-a\u0300-son-terme-puis-je-toucher-des-allocations-cho\u0302mage--300x200.jpg 300w, https:\/\/www.mes-allocs.fr\/guides\/wp-content\/uploads\/2020\/11\/Mon-contrat-nest-pas-arrive\u0301-a\u0300-son-terme-puis-je-toucher-des-allocations-cho\u0302mage--1024x682.jpg 1024w, https:\/\/www.mes-allocs.fr\/guides\/wp-content\/uploads\/2020\/11\/Mon-contrat-nest-pas-arrive\u0301-a\u0300-son-terme-puis-je-toucher-des-allocations-cho\u0302mage--768x512.jpg 768w, https:\/\/www.mes-allocs.fr\/guides\/wp-content\/uploads\/2020\/11\/Mon-contrat-nest-pas-arrive\u0301-a\u0300-son-terme-puis-je-toucher-des-allocations-cho\u0302mage--600x400.jpg 600w, https:\/\/www.mes-allocs.fr\/guides\/wp-content\/uploads\/2020\/11\/Mon-contrat-nest-pas-arrive\u0301-a\u0300-son-terme-puis-je-toucher-des-allocations-cho\u0302mage-.jpg 1280w\" sizes=\"auto, (max-width: 300px) 100vw, 300px\" \/><\/a><\/h2>\n<p>Vous pouvez b\u00e9n\u00e9ficier des allocations si :<\/p>\n<ul>\n<li>\u00a0vous n&rsquo;\u00eates pas \u00e0 l&rsquo;origine de cette rupture (d\u00e9mission volontaire),<\/li>\n<li>elle intervient en dehors de votre p\u00e9riode d\u2019essai.<\/li>\n<\/ul>\n<div>Plus pr\u00e9cis\u00e9ment, vous aurez acc\u00e8s \u00e0 des allocations ch\u00f4mage ou ARE (allocation d&rsquo;aide au retour \u00e0 l&#8217;emploi) au terme de votre contrat si vous ne trouvez pas imm\u00e9diatement un travail, et si vous avez \u00e9t\u00e9 licenci\u00e9 pendant votre contrat.<\/div>\n<div><\/div>\n<h2 class=\"c-title--medium c-title--themed\"><b>Montant<\/b> ch\u00f4mage apr\u00e8s alternance : quelles sont les sommes vers\u00e9es ?<\/h2>\n<div>Elles sont estim\u00e9es en fonction de votre contrat en alternance. Elles repr\u00e9sentent 75% de votre ancien salaire brut,\u00a0<strong>s&rsquo;il n&rsquo;exc\u00e9dait pas 1.092 \u20ac.<\/strong><\/div>\n<\/div>\n<div>\n<p style=\"text-align: justify;\"><strong>Montant des indemnit\u00e9s en fonction du salaire per\u00e7u (contrat d&rsquo;apprentissage) :<\/strong><\/p>\n\n<div class=\"wpdt-c row wpDataTableContainerSimpleTable wpDataTables wpDataTablesWrapper\n\"\n    >\n    <table id=\"wpdtSimpleTable-73\"\n           class=\"wpdtSimpleTable wpDataTable\"\n           data-column=\"3\"\n           data-rows=\"4\"\n           data-wpID=\"73\"\n           data-responsive=\"0\"\n           data-has-header=\"1\">\n\n                    <thead>        <tr class=\"wpdt-cell-row \" >\n                            <th class=\"wpdt-cell wpdt-bc-F3F9FE\"\n                                    data-cell-id=\"A1\"\n                data-col-index=\"0\"\n                data-row-index=\"0\"\n                style=\" width:33.333333333333%;                padding:10px;\"\n                >\n                                Contrat d\u2019apprentissage                <\/th>\n                                            <th class=\"wpdt-cell wpdt-bc-F3F9FE\"\n                                    data-cell-id=\"B1\"\n                data-col-index=\"1\"\n                data-row-index=\"0\"\n                style=\" width:33.333333333333%;                padding:10px;\"\n                >\n                                Salaire mensuel per\u00e7u en alternance                <\/th>\n                                            <th class=\"wpdt-cell wpdt-bc-F3F9FE\"\n                                    data-cell-id=\"C1\"\n                data-col-index=\"2\"\n                data-row-index=\"0\"\n                style=\" width:33.333333333333%;                padding:10px;\"\n                >\n                                Indemnit\u00e9s mensuelles                <\/th>\n                                        <\/tr>\n                    <tbody>        <tr class=\"wpdt-cell-row \" >\n                            <td class=\"wpdt-cell \"\n                                    data-cell-id=\"A2\"\n                data-col-index=\"0\"\n                data-row-index=\"1\"\n                style=\"                padding:10px;\"\n                >\n                                Moins de 18 ans                <\/td>\n                                            <td class=\"wpdt-cell \"\n                                    data-cell-id=\"B2\"\n                data-col-index=\"1\"\n                data-row-index=\"1\"\n                style=\"                padding:10px;\"\n                >\n                                432,84 \u20ac \u00e0 881,72 \u20ac                <\/td>\n                                            <td class=\"wpdt-cell \"\n                                    data-cell-id=\"C2\"\n                data-col-index=\"2\"\n                data-row-index=\"1\"\n                style=\"                padding:10px;\"\n                >\n                                252 \u00e0 536 \u20ac nets                <\/td>\n                                        <\/tr>\n                            <tr class=\"wpdt-cell-row \" >\n                            <td class=\"wpdt-cell \"\n                                    data-cell-id=\"A3\"\n                data-col-index=\"0\"\n                data-row-index=\"2\"\n                style=\"                padding:10px;\"\n                >\n                                De 18 \u00e0 21 ans                <\/td>\n                                            <td class=\"wpdt-cell \"\n                                    data-cell-id=\"B3\"\n                data-col-index=\"1\"\n                data-row-index=\"2\"\n                style=\"                padding:10px;\"\n                >\n                                689,34 \u20ac \u00e0 1 074,09 \u20ac                <\/td>\n                                            <td class=\"wpdt-cell \"\n                                    data-cell-id=\"C3\"\n                data-col-index=\"2\"\n                data-row-index=\"2\"\n                style=\"                padding:10px;\"\n                >\n                                414 \u00e0 657 \u20ac nets                <\/td>\n                                        <\/tr>\n                            <tr class=\"wpdt-cell-row \" >\n                            <td class=\"wpdt-cell \"\n                                    data-cell-id=\"A4\"\n                data-col-index=\"0\"\n                data-row-index=\"3\"\n                style=\"                padding:10px;\"\n                >\n                                Plus de 21 ans                <\/td>\n                                            <td class=\"wpdt-cell \"\n                                    data-cell-id=\"B4\"\n                data-col-index=\"1\"\n                data-row-index=\"3\"\n                style=\"                padding:10px;\"\n                >\n                                849,65 \u20ac \u00e0 1 250,43 \u20ac                <\/td>\n                                            <td class=\"wpdt-cell \"\n                                    data-cell-id=\"C4\"\n                data-col-index=\"2\"\n                data-row-index=\"3\"\n                style=\"                padding:10px;\"\n                >\n                                536 \u00e0 789 \u20ac nets                <\/td>\n                                        <\/tr>\n                    <\/table>\n<\/div><style id='wpdt-custom-style-73'>\ntable#wpdtSimpleTable-73{ table-layout: fixed !important; }\n.wpdt-bc-F3F9FE { background-color: #F3F9FE !important;}\n<\/style>\n\n<div>\n<p style=\"text-align: justify;\"><strong>Montant des indemnit\u00e9s en fonction du salaire per\u00e7u (contrat de professionnalisation) :<\/strong><\/p>\n\n<div class=\"wpdt-c row wpDataTableContainerSimpleTable wpDataTables wpDataTablesWrapper\n\"\n    >\n    <table id=\"wpdtSimpleTable-74\"\n           class=\"wpdtSimpleTable wpDataTable\"\n           data-column=\"3\"\n           data-rows=\"3\"\n           data-wpID=\"74\"\n           data-responsive=\"0\"\n           data-has-header=\"1\">\n\n                    <thead>        <tr class=\"wpdt-cell-row \" >\n                            <th class=\"wpdt-cell wpdt-bc-F3F9FE\"\n                                    data-cell-id=\"A1\"\n                data-col-index=\"0\"\n                data-row-index=\"0\"\n                style=\" width:33.333333333333%;                padding:10px;\"\n                >\n                                Contrat de professionnalisation                <\/th>\n                                            <th class=\"wpdt-cell wpdt-bc-F3F9FE\"\n                                    data-cell-id=\"B1\"\n                data-col-index=\"1\"\n                data-row-index=\"0\"\n                style=\" width:33.333333333333%;                padding:10px;\"\n                >\n                                Salaire mensuel per\u00e7u en alternance                <\/th>\n                                            <th class=\"wpdt-cell wpdt-bc-F3F9FE\"\n                                    data-cell-id=\"C1\"\n                data-col-index=\"2\"\n                data-row-index=\"0\"\n                style=\" width:33.333333333333%;                padding:10px;\"\n                >\n                                Indemnit\u00e9s mensuelles                <\/th>\n                                        <\/tr>\n                    <tbody>        <tr class=\"wpdt-cell-row \" >\n                            <td class=\"wpdt-cell wpdt-bc-F3F9FE\"\n                                    data-cell-id=\"A2\"\n                data-col-index=\"0\"\n                data-row-index=\"1\"\n                style=\"                padding:10px;\"\n                >\n                                Avant 21 ans                <\/td>\n                                            <td class=\"wpdt-cell wpdt-bc-FFFFFF\"\n                                    data-cell-id=\"B2\"\n                data-col-index=\"1\"\n                data-row-index=\"1\"\n                style=\"                padding:10px;\"\n                >\n                                750 \u00e0 887 \u20ac                <\/td>\n                                            <td class=\"wpdt-cell wpdt-bc-FFFFFF\"\n                                    data-cell-id=\"C2\"\n                data-col-index=\"2\"\n                data-row-index=\"1\"\n                style=\"                padding:10px;\"\n                >\n                                \u00a0556 \u00e0 657 \u20ac nets                <\/td>\n                                        <\/tr>\n                            <tr class=\"wpdt-cell-row \" >\n                            <td class=\"wpdt-cell wpdt-bc-F3F9FE\"\n                                    data-cell-id=\"A3\"\n                data-col-index=\"0\"\n                data-row-index=\"2\"\n                style=\"                padding:10px;\"\n                >\n                                Apr\u00e8s 21 ans                <\/td>\n                                            <td class=\"wpdt-cell wpdt-bc-FFFFFF\"\n                                    data-cell-id=\"B3\"\n                data-col-index=\"1\"\n                data-row-index=\"2\"\n                style=\"                padding:10px;\"\n                >\n                                955 \u00e0 1.092 \u20ac                <\/td>\n                                            <td class=\"wpdt-cell wpdt-bc-FFFFFF\"\n                                    data-cell-id=\"C3\"\n                data-col-index=\"2\"\n                data-row-index=\"2\"\n                style=\"                padding:10px;\"\n                >\n                                708 \u00e0 810 \u20ac nets                <\/td>\n                                        <\/tr>\n                    <\/table>\n<\/div><style id='wpdt-custom-style-74'>\ntable#wpdtSimpleTable-74{ table-layout: fixed !important; }\n.wpdt-bc-F3F9FE { background-color: #F3F9FE !important;}\n.wpdt-bc-FFFFFF { background-color: #FFFFFF !important;}\n<\/style>\n\n<\/div>\n<\/div>\n<div class=\"brs_col\">\n<p class=\"nVcaUb\">Il est donc tout \u00e0 fait possible de toucher le ch\u00f4mage apr\u00e8s alternance, les apprentis \u00e9tant consid\u00e9r\u00e9s comme des salari\u00e9s.<\/p>\n<\/div>\n<\/div>\n<div class='cta-block'><div class='text'>Simulez votre ch\u00f4mage en 2 min.<\/div><a href='https:\/\/www.mes-allocs.fr\/simulation-chomage?origin=guides\/wp-json\/wp\/v2\/posts\/13911' class='app-button fit'>Simulation gratuite<\/a><\/div>\n<div class=\"card-section\">\n<div class=\"brs_col\">\n<h1 class=\"nVcaUb\">Cumul allocation ch\u00f4mage\u00a0et contrat d&rsquo;apprentissage : comment cela fonctionne ?<a style=\"font-weight: bold;\" href=\"https:\/\/www.mes-allocs.fr\/guides\/wp-content\/uploads\/2020\/11\/Cumul-allocation-chomage-et-contrat-dapprentissage-comment-cela-fonctionne-.jpg\"><img loading=\"lazy\" decoding=\"async\" class=\"alignright size-medium wp-image-14488\" src=\"https:\/\/www.mes-allocs.fr\/guides\/wp-content\/uploads\/2020\/11\/Cumul-allocation-chomage-et-contrat-dapprentissage-comment-cela-fonctionne--300x200.jpg\" alt=\"Cumul allocation chomage et contrat d'apprentissage : comment cela fonctionne ?\" width=\"300\" height=\"200\" srcset=\"https:\/\/www.mes-allocs.fr\/guides\/wp-content\/uploads\/2020\/11\/Cumul-allocation-chomage-et-contrat-dapprentissage-comment-cela-fonctionne--300x200.jpg 300w, https:\/\/www.mes-allocs.fr\/guides\/wp-content\/uploads\/2020\/11\/Cumul-allocation-chomage-et-contrat-dapprentissage-comment-cela-fonctionne--1024x682.jpg 1024w, https:\/\/www.mes-allocs.fr\/guides\/wp-content\/uploads\/2020\/11\/Cumul-allocation-chomage-et-contrat-dapprentissage-comment-cela-fonctionne--768x512.jpg 768w, https:\/\/www.mes-allocs.fr\/guides\/wp-content\/uploads\/2020\/11\/Cumul-allocation-chomage-et-contrat-dapprentissage-comment-cela-fonctionne--600x400.jpg 600w, https:\/\/www.mes-allocs.fr\/guides\/wp-content\/uploads\/2020\/11\/Cumul-allocation-chomage-et-contrat-dapprentissage-comment-cela-fonctionne-.jpg 1280w\" sizes=\"auto, (max-width: 300px) 100vw, 300px\" \/><\/a><\/h1>\n<p>Vous pouvez b\u00e9n\u00e9ficier de ce cumul si vous retrouvez une activit\u00e9 professionnelle (\u00e0 plein temps ou \u00e0 temps partiel) \u00e0 la fin de votre contrat de travail. Et ce, peu importe le nombre d&rsquo;heures travaill\u00e9es.<\/p>\n<p>Vous devez simplement continuer de remplir les conditions associ\u00e9es \u00e0 l&rsquo;ARE. Par exemple, \u00eatre \u00e0 la recherche d&rsquo;un emploi ou ne pas avoir atteint l&rsquo;\u00e2ge l\u00e9gal de d\u00e9part \u00e0 la retraite.<\/p>\n<\/div>\n<\/div>\n<p>Le cumul suit les principes ci-dessous :<\/p>\n<ul>\n<li>D\u00e9duction de 70% des revenus mensuels bruts g\u00e9n\u00e9r\u00e9s par la reprise de l&rsquo;activit\u00e9 du montant total de l\u2019ARE, qui aurait \u00e9t\u00e9 vers\u00e9 sans la reprise de l&rsquo;activit\u00e9.<\/li>\n<li>Division du r\u00e9sultat par le montant de l&rsquo;ARE journali\u00e8re, dans le but d&rsquo;obtenir le nombre de jours indemnisables dans le mois. Ce calcul du nombre de jours se fait d&rsquo;ailleurs tous les mois.<\/li>\n<li>Le cumul des allocations + salaires ne doit pas exc\u00e9der le montant mensuel du salaire de r\u00e9f\u00e9rence.<\/li>\n<\/ul>\n<p><iframe loading=\"lazy\" title=\"Tout savoir sur le ch\u00f4mage en France !\" width=\"500\" height=\"281\" src=\"https:\/\/www.youtube.com\/embed\/jgv9qS4jh7k?feature=oembed\" frameborder=\"0\" allow=\"accelerometer; autoplay; clipboard-write; encrypted-media; gyroscope; picture-in-picture; web-share\" referrerpolicy=\"strict-origin-when-cross-origin\" allowfullscreen><\/iframe><\/p>\n<div class=\"card-section\">\n<div class=\"brs_col\">\n<div id=\"commentsContainer\">\n<div class=\"commentAuthor repModerator\">\n<div class=\"brs_col\">\n<h1>Quelle est la proc\u00e9dure d&rsquo;attribution de la prime alternance ?<\/h1>\n<p>Depuis l&rsquo;annonce du minist\u00e8re de Travail du 4 juin dernier, une aide est vers\u00e9e aux entreprises engageant des apprentis entre <strong>le 1er juillet 2020 et le 28 f\u00e9vrier 2021.<\/strong> L&rsquo;aide a pris la forme :<\/p>\n<ul>\n<li>d&rsquo;une prime d&rsquo;un montant de <strong>5.000 euros pour l\u2019embauche d\u2019alternants de moins de 18 ans<\/strong>,<\/li>\n<li>ou d&rsquo;un montant de <strong>8.000 euros pour les apprentis majeurs.<\/strong><\/li>\n<\/ul>\n<p><strong>Cette prime concerne les entreprises de moins de 250 salari\u00e9s, sans condition.<\/strong><\/p>\n<h1>En quoi consiste la prime <strong>d&rsquo;activit\u00e9 apprenti <\/strong>?<\/h1>\n<p>Si vous \u00eates en alternance, la prime d&rsquo;activit\u00e9 peut \u00eatre sollicit\u00e9e. En effet, il suffit de r\u00e9sider en France de mani\u00e8re stable et effective (les d\u00e9tenteurs de titre de s\u00e9jour sont \u00e9ligibles), d&rsquo;avoir 18 ans et d&rsquo;exercer une activit\u00e9 professionnelle. En outre, il faut que vous perceviez un revenu sup\u00e9rieur \u00e0 78% du SMIC net.<\/p>\n<\/div>\n<p><a href=\"https:\/\/www.mes-allocs.fr\/guides\/chomage\/rupture-conventionnelle-chomage\"><strong>Tout savoir sur la rupture conventionnelle et le ch\u00f4mage !<\/strong><\/a><\/p>\n<div class='cta-block'><div class='text'>Simulez votre ch\u00f4mage en 2 min.<\/div><a href='https:\/\/www.mes-allocs.fr\/simulation-chomage?origin=guides\/wp-json\/wp\/v2\/posts\/13911' class='app-button fit'>Simulation gratuite<\/a><\/div>\n<\/div>\n<\/div>\n<\/div>\n<\/div>\n","protected":false},"excerpt":{"rendered":"<p>Apr\u00e8s un contrat en alternance, vous pouvez tout \u00e0 fait solliciter le ch\u00f4mage. Les r\u00e8gles sont les m\u00eames que pour les salari\u00e9s : c&rsquo;est-\u00e0-dire que vous devez avoir travaill\u00e9 au moins 4 mois au cours des 28 derniers mois et \u00eatre sans emploi. Il faut aussi vous inscrire \u00e0 P\u00f4le Emploi (en agence ou vous [&hellip;]<\/p>\n","protected":false},"author":10,"featured_media":14486,"comment_status":"open","ping_status":"open","sticky":false,"template":"","format":"standard","meta":{"amp_status":"","footnotes":""},"categories":[2991,2989],"tags":[],"class_list":["post-13911","post","type-post","status-publish","format-standard","has-post-thumbnail","hentry","category-droit-au-chomage","category-chomage"],"yoast_head":"<!-- This site is optimized with the Yoast SEO plugin v14.9 - https:\/\/yoast.com\/wordpress\/plugins\/seo\/ -->\n<title>Apr\u00e8s une alternance, ai-je droit au ch\u00f4mage ? | Mes-Allocs.fr<\/title>\n<meta name=\"description\" content=\"Pour b\u00e9n\u00e9ficier du ch\u00f4mage, vous devez avoir travaill\u00e9 au moins 4 mois au cours des 28 derniers mois et \u00eatre sans emploi.\" \/>\n<meta name=\"robots\" content=\"index, follow, max-snippet:-1, max-image-preview:large, max-video-preview:-1\" \/>\n<link rel=\"canonical\" href=\"https:\/\/www.mes-allocs.fr\/guides\/chomage\/droit-au-chomage\/apres-une-alternance-ai-je-droit-au-chomage\/\" \/>\n<meta property=\"og:locale\" content=\"fr_FR\" \/>\n<meta property=\"og:type\" content=\"article\" \/>\n<meta property=\"og:title\" content=\"Apr\u00e8s une alternance, ai-je droit au ch\u00f4mage ? | Mes-Allocs.fr\" \/>\n<meta property=\"og:description\" content=\"Pour b\u00e9n\u00e9ficier du ch\u00f4mage, vous devez avoir travaill\u00e9 au moins 4 mois au cours des 28 derniers mois et \u00eatre sans emploi.\" \/>\n<meta property=\"og:url\" content=\"https:\/\/www.mes-allocs.fr\/guides\/chomage\/droit-au-chomage\/apres-une-alternance-ai-je-droit-au-chomage\/\" \/>\n<meta property=\"og:site_name\" content=\"Mes-Allocs.fr\" \/>\n<meta property=\"article:published_time\" content=\"2020-11-25T13:25:17+00:00\" \/>\n<meta property=\"article:modified_time\" content=\"2025-10-06T15:36:16+00:00\" \/>\n<meta property=\"og:image\" content=\"https:\/\/www.mes-allocs.fr\/guides\/wp-content\/uploads\/2020\/11\/Apre\u0300s-une-alternance-ai-je-droit-au-cho\u0302mage-.jpg?wsr\" \/>\n\t<meta property=\"og:image:width\" content=\"1280\" \/>\n\t<meta property=\"og:image:height\" content=\"853\" \/>\n<meta name=\"twitter:card\" content=\"summary_large_image\" \/>\n<script type=\"application\/ld+json\" class=\"yoast-schema-graph\">{\"@context\":\"https:\/\/schema.org\",\"@graph\":[{\"@type\":\"WebSite\",\"@id\":\"https:\/\/www.mes-allocs.fr\/guides\/#website\",\"url\":\"https:\/\/www.mes-allocs.fr\/guides\/\",\"name\":\"Mes-Allocs.fr\",\"description\":\"\",\"potentialAction\":[{\"@type\":\"SearchAction\",\"target\":\"https:\/\/www.mes-allocs.fr\/guides\/?s={search_term_string}\",\"query-input\":\"required name=search_term_string\"}],\"inLanguage\":\"fr-FR\"},{\"@type\":\"ImageObject\",\"@id\":\"https:\/\/www.mes-allocs.fr\/guides\/chomage\/droit-au-chomage\/apres-une-alternance-ai-je-droit-au-chomage\/#primaryimage\",\"inLanguage\":\"fr-FR\",\"url\":\"https:\/\/www.mes-allocs.fr\/guides\/wp-content\/uploads\/2020\/11\/Apre\\u0300s-une-alternance-ai-je-droit-au-cho\\u0302mage-.jpg?wsr\",\"width\":1280,\"height\":853,\"caption\":\"Apre\\u0300s une alternance ai je droit au cho\\u0302mage\"},{\"@type\":\"WebPage\",\"@id\":\"https:\/\/www.mes-allocs.fr\/guides\/chomage\/droit-au-chomage\/apres-une-alternance-ai-je-droit-au-chomage\/#webpage\",\"url\":\"https:\/\/www.mes-allocs.fr\/guides\/chomage\/droit-au-chomage\/apres-une-alternance-ai-je-droit-au-chomage\/\",\"name\":\"Apr\\u00e8s une alternance, ai-je droit au ch\\u00f4mage ? | Mes-Allocs.fr\",\"isPartOf\":{\"@id\":\"https:\/\/www.mes-allocs.fr\/guides\/#website\"},\"primaryImageOfPage\":{\"@id\":\"https:\/\/www.mes-allocs.fr\/guides\/chomage\/droit-au-chomage\/apres-une-alternance-ai-je-droit-au-chomage\/#primaryimage\"},\"datePublished\":\"2020-11-25T13:25:17+00:00\",\"dateModified\":\"2025-10-06T15:36:16+00:00\",\"author\":{\"@id\":\"https:\/\/www.mes-allocs.fr\/guides\/#\/schema\/person\/8d47b912c0ad15f379df96b4e4e33f58\"},\"description\":\"Pour b\\u00e9n\\u00e9ficier du ch\\u00f4mage, vous devez avoir travaill\\u00e9 au moins 4 mois au cours des 28 derniers mois et \\u00eatre sans emploi.\",\"inLanguage\":\"fr-FR\"},{\"@type\":\"Person\",\"@id\":\"https:\/\/www.mes-allocs.fr\/guides\/#\/schema\/person\/8d47b912c0ad15f379df96b4e4e33f58\",\"name\":\"Constance de Cagny\",\"image\":{\"@type\":\"ImageObject\",\"@id\":\"https:\/\/www.mes-allocs.fr\/guides\/#personlogo\",\"inLanguage\":\"fr-FR\",\"url\":\"https:\/\/www.mes-allocs.fr\/guides\/wp-content\/uploads\/2021\/06\/Constance.2e8ee0b.png\",\"caption\":\"Constance de Cagny\"},\"description\":\"Constance est r\\u00e9dactrice au sein de l'\\u00e9quipe Mes Allocs. Elle a l'habitude d'\\u00e9crire sur les sujets conso, bons plans et \\u00e9conomies. Dipl\\u00f4m\\u00e9e de l'ENACO, elle rejoint Mes Allocs apr\\u00e8s une premi\\u00e8re exp\\u00e9rience en cabinet notarial.\",\"sameAs\":[\"https:\/\/www.linkedin.com\/in\/constance-de-cagny-mayeur-bbb414135\"]}]}<\/script>\n<!-- \/ Yoast SEO plugin. -->","amp_validity":null,"acf":{"faq":{"1":{"question":"\ud83e\udd14Est-ce que l'alternance compte pour le ch\u00f4mage ?","answer":"En alternance, vous \u00eates consid\u00e9r\u00e9 comme un salari\u00e9 pour b\u00e9n\u00e9ficier du ch\u00f4mage."},"2":{"question":"\ud83e\udd37Comment toucher le ch\u00f4mage apr\u00e8s un contrat de professionnalisation ?","answer":"Vous devez \u00eatre sans emploi et avoir travaill\u00e9 au moins 4 mois dans les 28 derniers mois. Il faut aussi vous inscrire sur le site de P\u00f4le Emploi d\u00e8s le 1er jour qui suit la fin de votre contrat. Et ce, afin d'\u00e9viter de perdre des jours d'indemnisation."},"3":{"question":"\ud83e\udd1dEst-il possible de toucher le ch\u00f4mage en \u00e9tant \u00e9tudiant ? \ud83e\udd1d","answer":"Si vous avez une activit\u00e9 professionnelle r\u00e9duite ou occasionnelle, vous pouvez toucher le ch\u00f4mage."},"4":{"question":"\ud83e\udd14Comment rompre un contrat en alternance ?","answer":"Tout d'abord, vous devez donner pr\u00e9avis de 2 jours \u00e0 votre employeur, ou de 24 heures si vous ne travaillez que depuis 8 jours (ou moins). La rupture doit se faire par \u00e9crit et notifi\u00e9e au directeur de votre centre de formation ou \u00e0 votre responsable de formation."},"5":{"question":"\ud83e\udd37Comment calculer les indemnit\u00e9s de ch\u00f4mage ?","answer":"En alternance, les indemnit\u00e9s ch\u00f4mage sont estim\u00e9es en fonction de votre contrat en alternance. Elles repr\u00e9sentent 75% de votre ancien salaire brut,\u00a0s'il n'exc\u00e9dait pas 1.092 \u20ac."},"6":{"question":"","answer":""},"7":{"question":"","answer":""},"8":{"question":"","answer":""},"9":{"question":"","answer":""},"10":{"question":"","answer":""},"11":{"question":"","answer":""},"12":{"question":"","answer":""},"13":{"question":"","answer":""},"14":{"question":"","answer":""},"15":{"question":"","answer":""},"16":{"question":"","answer":""}}},"_links":{"self":[{"href":"https:\/\/www.mes-allocs.fr\/guides\/wp-json\/wp\/v2\/posts\/13911","targetHints":{"allow":["GET"]}}],"collection":[{"href":"https:\/\/www.mes-allocs.fr\/guides\/wp-json\/wp\/v2\/posts"}],"about":[{"href":"https:\/\/www.mes-allocs.fr\/guides\/wp-json\/wp\/v2\/types\/post"}],"author":[{"embeddable":true,"href":"https:\/\/www.mes-allocs.fr\/guides\/wp-json\/wp\/v2\/users\/10"}],"replies":[{"embeddable":true,"href":"https:\/\/www.mes-allocs.fr\/guides\/wp-json\/wp\/v2\/comments?post=13911"}],"version-history":[{"count":26,"href":"https:\/\/www.mes-allocs.fr\/guides\/wp-json\/wp\/v2\/posts\/13911\/revisions"}],"predecessor-version":[{"id":104351,"href":"https:\/\/www.mes-allocs.fr\/guides\/wp-json\/wp\/v2\/posts\/13911\/revisions\/104351"}],"wp:featuredmedia":[{"embeddable":true,"href":"https:\/\/www.mes-allocs.fr\/guides\/wp-json\/wp\/v2\/media\/14486"}],"wp:attachment":[{"href":"https:\/\/www.mes-allocs.fr\/guides\/wp-json\/wp\/v2\/media?parent=13911"}],"wp:term":[{"taxonomy":"category","embeddable":true,"href":"https:\/\/www.mes-allocs.fr\/guides\/wp-json\/wp\/v2\/categories?post=13911"},{"taxonomy":"post_tag","embeddable":true,"href":"https:\/\/www.mes-allocs.fr\/guides\/wp-json\/wp\/v2\/tags?post=13911"}],"curies":[{"name":"wp","href":"https:\/\/api.w.org\/{rel}","templated":true}]}}