{"id":13897,"date":"2020-11-09T09:11:17","date_gmt":"2020-11-09T09:11:17","guid":{"rendered":"https:\/\/www.mes-allocs.fr\/guides\/?p=13897"},"modified":"2026-04-02T13:35:10","modified_gmt":"2026-04-02T12:35:10","slug":"prime-activite-proprietaire","status":"publish","type":"post","link":"https:\/\/www.mes-allocs.fr\/guides\/prime-d-activite\/prime-activite-conditions\/prime-activite-proprietaire\/","title":{"rendered":"Prime d&rsquo;activit\u00e9 propri\u00e9taire 2026 : conditions, montant, d\u00e9marches"},"content":{"rendered":"<p><img loading=\"lazy\" decoding=\"async\" class=\"aligncenter wp-image-59739 size-full\" title=\"prime d activit\u00e9 propri\u00e9taire\" src=\"https:\/\/www.mes-allocs.fr\/guides\/wp-content\/uploads\/2020\/11\/image_2022-12-16_145404919-e1685355809784.png\" alt=\"prime d activit\u00e9 propri\u00e9taire\" width=\"1249\" height=\"206\" srcset=\"https:\/\/www.mes-allocs.fr\/guides\/wp-content\/uploads\/2020\/11\/image_2022-12-16_145404919-e1685355809784.png 1249w, https:\/\/www.mes-allocs.fr\/guides\/wp-content\/uploads\/2020\/11\/image_2022-12-16_145404919-e1685355809784-300x49.png 300w, https:\/\/www.mes-allocs.fr\/guides\/wp-content\/uploads\/2020\/11\/image_2022-12-16_145404919-e1685355809784-1024x169.png 1024w, https:\/\/www.mes-allocs.fr\/guides\/wp-content\/uploads\/2020\/11\/image_2022-12-16_145404919-e1685355809784-768x127.png 768w, https:\/\/www.mes-allocs.fr\/guides\/wp-content\/uploads\/2020\/11\/image_2022-12-16_145404919-e1685355809784-600x99.png 600w\" sizes=\"auto, (max-width: 1249px) 100vw, 1249px\" \/><\/p>\n<p style=\"text-align: justify;\"><span style=\"font-weight: 400;\">[Mis \u00e0 jour le 02\/04\/2026]<\/span> La <a href=\"https:\/\/www.mes-allocs.fr\/guides\/prime-d-activite\">prime d&rsquo;activit\u00e9<\/a> est une nouvelle prime, entr\u00e9e en vigueur depuis\u00a0 2016, elle remplace le RSA activit\u00e9 et la prime pour l&#8217;emploi. Ce coup de pouce s&rsquo;adresse aux m\u00e9nages ayant de faibles revenus. Sous certaines conditions, locataires, propri\u00e9taires peuvent faire une demande de prime d&rsquo;activit\u00e9 en 2026. Mes Allocs vous explique tout en d\u00e9tail ici.<\/p>\n<div class='cta-block'><div class='text'>Simulez votre prime d&rsquo;activit\u00e9 en 2 min. <\/div><a href='https:\/\/www.mes-allocs.fr\/ab-app?origin=guides\/wp-json\/wp\/v2\/posts\/13897' class='app-button fit'>Simulation gratuite<\/a><\/div>\n<h1>Prime d&rsquo;activit\u00e9 propri\u00e9taire : quelles conditions en 2026 ?<\/h1>\n<p>Si vous \u00eates propri\u00e9taire, que vous poss\u00e9dez un bien immobilier et que vous \u00eates \u00e9ligible \u00e0 la prime d\u2019activit\u00e9, les montants auxquels vous pouvez pr\u00e9tendre peuvent \u00eatre tr\u00e8s faibles contrairement \u00e0 ceux per\u00e7us en \u00e9tant locataire.<\/p>\n<p>Pour pouvoir pr\u00e9tendre \u00e0 la prime d&rsquo;activit\u00e9, vous devez respecter certaines conditions. Les conditions suivantes sont les m\u00eames que vous soyez propri\u00e9taire ou locataire :<\/p>\n<ul>\n<li>\u00c2g\u00e9e de plus de 18 ans et moins de 25 ans<\/li>\n<li style=\"text-align: justify;\">Percevant des revenus tir\u00e9s d\u2019une activit\u00e9 professionnelle (salari\u00e9e,\u00a0fonctionnaire,\u00a0ind\u00e9pendante, etc.)<\/li>\n<li style=\"text-align: justify;\">R\u00e9sidant en France de mani\u00e8re stable et effective ou titulaire depuis au moins cinq ans d\u2019un titre de s\u00e9jour autorisant \u00e0 travailler<\/li>\n<\/ul>\n<h2>Peut-on b\u00e9n\u00e9ficier de la prime d&rsquo;activit\u00e9 quand on est propri\u00e9taire ?<\/h2>\n<p style=\"text-align: justify;\">En tant que propri\u00e9taire ou h\u00e9berg\u00e9 \u00e0 titre gratuit, comme la CAF consid\u00e8re que cela repr\u00e9sente la m\u00eame chose, les montants de la prime d&rsquo;activit\u00e9 sont <b>deux fois mois \u00e9lev\u00e9s dans ces deux situations bien distinctes.<\/b><\/p>\n<p style=\"text-align: justify;\">Les personnes propri\u00e9taires sont donc p\u00e9nalis\u00e9es et la plupart du temps ne peuvent pas toucher la prime d&rsquo;activit\u00e9, mais en auraient b\u00e9n\u00e9fici\u00e9 s&rsquo;ils \u00e9taient locataires.<\/p>\n<p style=\"text-align: justify;\">Le montant de prime qui vous est allou\u00e9 en tant que propri\u00e9taire d\u00e9pend de plusieurs crit\u00e8res :<\/p>\n<ul>\n<li style=\"text-align: justify;\">les revenus du demandeur,<\/li>\n<li style=\"text-align: justify;\">ceux de son conjoint,<\/li>\n<li style=\"text-align: justify;\">la composition du foyer<\/li>\n<li style=\"text-align: justify;\">et les prestations d\u00e9j\u00e0 vers\u00e9es.<\/li>\n<\/ul>\n<p style=\"text-align: justify;\">Ainsi, le fait d\u2019\u00eatre propri\u00e9taire et d\u2019avoir d\u00e9j\u00e0 fini de rembourser son cr\u00e9dit immobilier, ou m\u00eame d\u2019\u00eatre h\u00e9berg\u00e9 \u00e0 titre gratuit est consid\u00e9r\u00e9 comme un avantage. Et donc, cela justifie des prestations bien moins \u00e9lev\u00e9es.<\/p>\n<p style=\"text-align: justify;\">Malgr\u00e9 le fait que 3,5 millions de foyers puissent b\u00e9n\u00e9ficier de la prime d\u2019activit\u00e9, les r\u00e9glementations concernant les propri\u00e9taires se durcissent.<\/p>\n<p>&nbsp;<\/p>\n<p><iframe loading=\"lazy\" title=\"La prime d&#039;activit\u00e9\" width=\"500\" height=\"281\" src=\"https:\/\/www.youtube.com\/embed\/uavbovK5ZXc?feature=oembed\" frameborder=\"0\" allow=\"accelerometer; autoplay; clipboard-write; encrypted-media; gyroscope; picture-in-picture; web-share\" referrerpolicy=\"strict-origin-when-cross-origin\" allowfullscreen><\/iframe><\/p>\n<p>&nbsp;<\/p>\n<h2>\u00catre propri\u00e9taire, est-ce p\u00e9nalisant pour b\u00e9n\u00e9ficier de la prime d&rsquo;activit\u00e9 ?<\/h2>\n<p style=\"text-align: justify;\">L&rsquo;un des objets premiers de la prime d&rsquo;activit\u00e9 est de permettre aux m\u00e9nages une hausse des revenus. En revanche, la percevoir n&rsquo;est pas b\u00e9n\u00e9fique dans le cadre d&rsquo;un projet immobilier. Si vous avez souscrit un pr\u00eat immobilier, cette hausse de revenus ne pourra pas vous aider \u00e0 augmenter votre capacit\u00e9 d\u2019endettement. Autrement dit, vous ne pourrez pas emprunter plus.<\/p>\n<p>Pourquoi ? D&rsquo;apr\u00e8s plusieurs banques interrog\u00e9es, elles ne peuvent pas prendre en compte des allocations vers\u00e9es par la CAF \u00e9tant donn\u00e9 qu&rsquo;il n&rsquo;y a pas de visibilit\u00e9 sur la dur\u00e9e de vie de ces aides.<\/p>\n<div class='cta-block'><div class='text'>Simulez votre prime d&rsquo;activit\u00e9 en 2 min. <\/div><a href='https:\/\/www.mes-allocs.fr\/ab-app?origin=guides\/wp-json\/wp\/v2\/posts\/13897' class='app-button fit'>Simulation gratuite<\/a><\/div>\n<h1>Quel montant de la prime d&rsquo;activit\u00e9 propri\u00e9taire en 2026 ?<\/h1>\n<h2>\u00c9l\u00e9ments pris en compte dans le calcul<\/h2>\n<p>Pour d\u00e9terminer le montant de vos droits, la CAF ou la MSA prend en compte plusieurs facteurs qui servent de base de calcul. Ainsi sont pris en compte :<\/p>\n<ul>\n<li>Les revenus professionnels des\u00a0salari\u00e9s\u00a0ou des\u00a0ind\u00e9pendants\u00a0et assimil\u00e9s (indemnit\u00e9s journali\u00e8res,\u00a0stagiaire\u00a0en formation professionnelle, revenus per\u00e7us pendant\u00a0les cong\u00e9s de maternit\u00e9)<\/li>\n<li>Les revenus de remplacement (allocations ch\u00f4mage, indemnit\u00e9s maladie,\u00a0retraite, pensions alimentaires et prestations compensatoires, etc.)<\/li>\n<li>L\u2019avantage en nature que constitue la disposition d\u2019un logement \u00e0 titre gratuit, cela est d\u00e9termin\u00e9 de mani\u00e8re forfaitaire<\/li>\n<li>Les prestations et les aides sociales (APL, compl\u00e9ment familial et allocation de soutien familial)<\/li>\n<li>Tous les autres revenus soumis \u00e0 l\u2019imp\u00f4t sur le revenu (revenus de capitaux, du patrimoine, etc.)<\/li>\n<\/ul>\n<h2>M\u00e9thode de calcul de la prime d&rsquo;activit\u00e9<\/h2>\n<p>5 \u00e9l\u00e9ments d\u00e9terminent la m\u00e9thode de calcul de la prime d\u2019activit\u00e9. Le montant de ces derniers peut varier selon les membres du foyer.<\/p>\n<ul>\n<li>Montant forfaitaire : montant qui est d\u00e9termin\u00e9 selon la composition du foyer (couple\u00a0ou personne seule, nombre d\u2019enfants \u00e0 charge)<\/li>\n<li>59,85% des revenus professionnels.<\/li>\n<li>Bonifications : suppl\u00e9ment accord\u00e9 selon le niveau de revenus d\u2019activit\u00e9.<\/li>\n<li>Ressources du foyer<\/li>\n<li>Forfait logement<\/li>\n<\/ul>\n<p style=\"text-align: center;\"><em><strong>Prime d\u2019activit\u00e9 = (montant forfaitaire + 59,85% des revenus du foyer + bonification) \u2013 ressources du foyer \u2013 forfait logement<\/strong><\/em><\/p>\n<p>Notez que le montant forfaitaire originel de la prime d\u2019activit\u00e9 est de <strong>638,28 \u20ac par mois<\/strong><span class=\"amp-wp-fe3f5cc\" data-amp-original-style=\"font-weight: 400;\">. Ce dernier peut \u00eatre major\u00e9 en fonction de la composition de votre foyer et\/ou en situation d\u2019isolement.<\/span><span class=\"amp-wp-fe3f5cc\" data-amp-original-style=\"font-weight: 400;\">\u00a0<\/span><\/p>\n<p>La m\u00e9thode de calcul est relativement complexe. Le simulateur de Mes Allocs vous permet de faire une estimation du montant. En seulement deux minutes, vous aurez une estimation fiable de vos droits.<\/p>\n<p>&nbsp;<\/p>\n<p data-start=\"0\" data-end=\"164\">Depuis le 1\u1d49\u02b3 mars 2025, la d\u00e9claration trimestrielle de l<strong>a prime d\u2019activit\u00e9 devient pr\u00e9-remplie<\/strong>, ce qui simplifie le processus. La CAF reprend automatiquement certaines informations \u00e0 partir des revenus d\u00e9clar\u00e9s auparavant, r\u00e9duisant ainsi les erreurs et acc\u00e9l\u00e9rant le traitement de votre demande. Toutefois, il reste important de v\u00e9rifier et de valider les informations pour \u00e9viter toute erreur qui pourrait affecter le montant de l\u2019aide.<\/p>\n<p data-start=\"0\" data-end=\"164\">Depuis mars 2025, la p\u00e9riode \u00e0 d\u00e9clarer correspond aux tr<strong>ois mois pr\u00e9c\u00e9dant la demande : par exemple, en mars, vous devez d\u00e9clarer vos revenus des mois de novembre, d\u00e9cembre et janvier (et non plus d\u00e9cembre, janvier, f\u00e9vrier)<\/strong>. Cette nouvelle organisation facilite la gestion de votre dossier et rend la d\u00e9claration plus pr\u00e9cise.<\/p>\n<h2>Quels sont les plafonds de la prime d&rsquo;activit\u00e9 en 2026 ?<\/h2>\n<p>Pour b\u00e9n\u00e9ficier de la prime d&rsquo;activit\u00e9, vous devez respecter les plafonds de ressources en vigueur. Ces plafonds varient selon votre situation, vos revenus, la composition de votre foyer&#8230;<\/p>\n<p>Vous pouvez effectuer une<a href=\"https:\/\/www.mes-allocs.fr\/ab-app\"> simulation gratuite<\/a> sur le site de Mes Allocs afin d&rsquo;estimer votre droit \u00e0 la prime d&rsquo;activit\u00e9.<\/p>\n<h1>Quelles d\u00e9marches pour b\u00e9n\u00e9ficier de la prime d&rsquo;activit\u00e9 en 2026 ?<\/h1>\n<p style=\"text-align: justify;\">Pour b\u00e9n\u00e9ficier de la prime d&rsquo;activit\u00e9, vous devez vous rendre sur le site internet de la CAF, ou de la MSA. Les demandes sont enti\u00e8rement d\u00e9mat\u00e9rialis\u00e9es, mais si vous rencontrez des difficult\u00e9s \u00e0 remplir le formulaire, vous pouvez vous rendre dans un centre CAF ou MSA dont vous d\u00e9pendez.<\/p>\n<p style=\"text-align: justify;\">Vous devrez remplir le formulaire et fournir toutes les pi\u00e8ces justificatives demand\u00e9es. Il est primordial de rendre un dossier complet si vous voulez que vos droits soient \u00e9tudi\u00e9s.<\/p>\n<ul>\n<li style=\"text-align: justify;\">Vous d\u00e9posez votre demande<\/li>\n<li style=\"text-align: justify;\">La MSA ou la CAF d\u00e9termine vos droits ou non \u00e0 compter du d\u00e9p\u00f4t de votre demande<\/li>\n<li>En cas d\u2019\u00e9ligibilit\u00e9, vous aurez le 1er versement le mois suivant l\u2019ouverture de vos droits.<\/li>\n<\/ul>\n<p>&nbsp;<\/p>\n<div class='cta-block'><div class='text'>Simulez votre prime d&rsquo;activit\u00e9 en 2 min. <\/div><a href='https:\/\/www.mes-allocs.fr\/ab-app?origin=guides\/wp-json\/wp\/v2\/posts\/13897' class='app-button fit'>Simulation gratuite<\/a><\/div>\n","protected":false},"excerpt":{"rendered":"<p>[Mis \u00e0 jour le 02\/04\/2026] La prime d&rsquo;activit\u00e9 est une nouvelle prime, entr\u00e9e en vigueur depuis\u00a0 2016, elle remplace le RSA activit\u00e9 et la prime pour l&#8217;emploi. Ce coup de pouce s&rsquo;adresse aux m\u00e9nages ayant de faibles revenus. Sous certaines conditions, locataires, propri\u00e9taires peuvent faire une demande de prime d&rsquo;activit\u00e9 en 2026. Mes Allocs vous [&hellip;]<\/p>\n","protected":false},"author":6,"featured_media":14337,"comment_status":"open","ping_status":"open","sticky":false,"template":"","format":"standard","meta":{"amp_status":"","footnotes":""},"categories":[20,3130],"tags":[],"class_list":["post-13897","post","type-post","status-publish","format-standard","has-post-thumbnail","hentry","category-prime-d-activite","category-prime-activite-conditions"],"yoast_head":"<!-- This site is optimized with the Yoast SEO plugin v14.9 - https:\/\/yoast.com\/wordpress\/plugins\/seo\/ -->\n<title>Prime d&#039;activit\u00e9 propri\u00e9taire 2026 : conditions, montant, d\u00e9marches<\/title>\n<meta name=\"description\" content=\"La prime d&#039;activit\u00e9 est vers\u00e9e aux m\u00e9nages \u00e0 faibles revenus et aux propri\u00e9taires. D\u00e9couvrez votre \u00e9gibilit\u00e9 en 2026 avec notre simulateur.\" \/>\n<meta name=\"robots\" content=\"index, follow, max-snippet:-1, max-image-preview:large, max-video-preview:-1\" \/>\n<link rel=\"canonical\" href=\"https:\/\/www.mes-allocs.fr\/guides\/prime-d-activite\/prime-activite-conditions\/prime-activite-proprietaire\/\" \/>\n<meta property=\"og:locale\" content=\"fr_FR\" \/>\n<meta property=\"og:type\" content=\"article\" \/>\n<meta property=\"og:title\" content=\"Prime d&#039;activit\u00e9 propri\u00e9taire 2026 : conditions, montant, d\u00e9marches\" \/>\n<meta property=\"og:description\" content=\"La prime d&#039;activit\u00e9 est vers\u00e9e aux m\u00e9nages \u00e0 faibles revenus et aux propri\u00e9taires. D\u00e9couvrez votre \u00e9gibilit\u00e9 en 2026 avec notre simulateur.\" \/>\n<meta property=\"og:url\" content=\"https:\/\/www.mes-allocs.fr\/guides\/prime-d-activite\/prime-activite-conditions\/prime-activite-proprietaire\/\" \/>\n<meta property=\"og:site_name\" content=\"Mes-Allocs.fr\" \/>\n<meta property=\"article:published_time\" content=\"2020-11-09T09:11:17+00:00\" \/>\n<meta property=\"article:modified_time\" content=\"2026-04-02T12:35:10+00:00\" \/>\n<meta property=\"og:image\" content=\"https:\/\/www.mes-allocs.fr\/guides\/wp-content\/uploads\/2020\/11\/pexels-karolina-grabowska-4506231.jpg?wsr\" \/>\n\t<meta property=\"og:image:width\" content=\"1280\" \/>\n\t<meta property=\"og:image:height\" content=\"853\" \/>\n<meta name=\"twitter:card\" content=\"summary_large_image\" \/>\n<script type=\"application\/ld+json\" class=\"yoast-schema-graph\">{\"@context\":\"https:\/\/schema.org\",\"@graph\":[{\"@type\":\"WebSite\",\"@id\":\"https:\/\/www.mes-allocs.fr\/guides\/#website\",\"url\":\"https:\/\/www.mes-allocs.fr\/guides\/\",\"name\":\"Mes-Allocs.fr\",\"description\":\"\",\"potentialAction\":[{\"@type\":\"SearchAction\",\"target\":\"https:\/\/www.mes-allocs.fr\/guides\/?s={search_term_string}\",\"query-input\":\"required name=search_term_string\"}],\"inLanguage\":\"fr-FR\"},{\"@type\":\"ImageObject\",\"@id\":\"https:\/\/www.mes-allocs.fr\/guides\/prime-d-activite\/prime-activite-conditions\/prime-activite-proprietaire\/#primaryimage\",\"inLanguage\":\"fr-FR\",\"url\":\"https:\/\/www.mes-allocs.fr\/guides\/wp-content\/uploads\/2020\/11\/pexels-karolina-grabowska-4506231.jpg?wsr\",\"width\":1280,\"height\":853,\"caption\":\"pexels karolina grabowska 4506231 e1615312069641\"},{\"@type\":\"WebPage\",\"@id\":\"https:\/\/www.mes-allocs.fr\/guides\/prime-d-activite\/prime-activite-conditions\/prime-activite-proprietaire\/#webpage\",\"url\":\"https:\/\/www.mes-allocs.fr\/guides\/prime-d-activite\/prime-activite-conditions\/prime-activite-proprietaire\/\",\"name\":\"Prime d'activit\\u00e9 propri\\u00e9taire 2026 : conditions, montant, d\\u00e9marches\",\"isPartOf\":{\"@id\":\"https:\/\/www.mes-allocs.fr\/guides\/#website\"},\"primaryImageOfPage\":{\"@id\":\"https:\/\/www.mes-allocs.fr\/guides\/prime-d-activite\/prime-activite-conditions\/prime-activite-proprietaire\/#primaryimage\"},\"datePublished\":\"2020-11-09T09:11:17+00:00\",\"dateModified\":\"2026-04-02T12:35:10+00:00\",\"author\":{\"@id\":\"https:\/\/www.mes-allocs.fr\/guides\/#\/schema\/person\/0ecd61a8600573914d00d970a588c024\"},\"description\":\"La prime d'activit\\u00e9 est vers\\u00e9e aux m\\u00e9nages \\u00e0 faibles revenus et aux propri\\u00e9taires. D\\u00e9couvrez votre \\u00e9gibilit\\u00e9 en 2026 avec notre simulateur.\",\"inLanguage\":\"fr-FR\"},{\"@type\":\"Person\",\"@id\":\"https:\/\/www.mes-allocs.fr\/guides\/#\/schema\/person\/0ecd61a8600573914d00d970a588c024\",\"name\":\"Jonathan\",\"image\":{\"@type\":\"ImageObject\",\"@id\":\"https:\/\/www.mes-allocs.fr\/guides\/#personlogo\",\"inLanguage\":\"fr-FR\",\"url\":\"https:\/\/www.mes-allocs.fr\/guides\/wp-content\/uploads\/2021\/06\/jonathan-150x150.png\",\"caption\":\"Jonathan\"},\"description\":\"Jonathan est r\\u00e9dacteur au sein de l'\\u00e9quipe Mes Allocs, sp\\u00e9cialis\\u00e9 sur les sujets li\\u00e9s au handicap. Dipl\\u00f4m\\u00e9e de l'UPEM, il rejoint Mes Allocs apr\\u00e8s avoir travaill\\u00e9 \\u00e0 l'association AEDE qui accompagne les adultes en situation de handicap. Quand il n'\\u00e9crit pas, on peut le retrouver sur un terrain de basket.\",\"sameAs\":[\"https:\/\/www.linkedin.com\/in\/jonathan-bambela-8637861b7\"]}]}<\/script>\n<!-- \/ Yoast SEO plugin. -->","amp_validity":null,"acf":{"faq":{"1":{"question":"Qui a le droit \u00e0 la prime d'activit\u00e9 ?","answer":"La prime d'activit\u00e9 est vers\u00e9e aux personnes qui, tout en travaillant, gagnent moins de 1,5 SMIC soit environ 2 000 \u20ac nets par mois pour une personne seule sans enfants. "},"2":{"question":"Est-ce qu'un propri\u00e9taire peut b\u00e9n\u00e9ficier de la prime d'activit\u00e9 ? ","answer":"Oui tout \u00e0 fait, en revanche, pour un propri\u00e9taire b\u00e9n\u00e9ficier de la prime d'activit\u00e9 est moins avantageux que pour un locataire."},"3":{"question":"Quand est vers\u00e9e la prime d'activit\u00e9 ? ","answer":"La prime d'activit\u00e9 est vers\u00e9e le 5 de chaque mois pendant 3 mois. Vous devrez faire votre d\u00e9claration trimestrielle qui est d\u00e9sormais pr\u00e9-remplie pour continuer \u00e0 percevoir les versements."},"4":{"question":"Quand sera supprim\u00e9e l'APL accession ? ","answer":"Depuis le 1er janvier 2020, l'APL accession est supprim\u00e9e."},"5":{"question":"Comment percevoir l'APL ? ","answer":"Pour b\u00e9n\u00e9ficier de l'APL, vous devez vous rendre sur le site de la CAF ou de la MSA. Cela d\u00e9pend de votre r\u00e9gime d'affiliation."},"6":{"question":"Comment faire une simulation prime d'activit\u00e9 ? ","answer":"Vous pouvez utiliser le simulateur gratuit Mes Allocs pour estimer vos droits. En deux minutes vous aurez une estimation fiable du montant auquel vous pouvez pr\u00e9tendre."},"7":{"question":"","answer":""},"8":{"question":"","answer":""},"9":{"question":"","answer":""},"10":{"question":"","answer":""},"11":{"question":"","answer":""},"12":{"question":"","answer":""},"13":{"question":"","answer":""},"14":{"question":"","answer":""},"15":{"question":"","answer":""},"16":{"question":"","answer":""}}},"_links":{"self":[{"href":"https:\/\/www.mes-allocs.fr\/guides\/wp-json\/wp\/v2\/posts\/13897","targetHints":{"allow":["GET"]}}],"collection":[{"href":"https:\/\/www.mes-allocs.fr\/guides\/wp-json\/wp\/v2\/posts"}],"about":[{"href":"https:\/\/www.mes-allocs.fr\/guides\/wp-json\/wp\/v2\/types\/post"}],"author":[{"embeddable":true,"href":"https:\/\/www.mes-allocs.fr\/guides\/wp-json\/wp\/v2\/users\/6"}],"replies":[{"embeddable":true,"href":"https:\/\/www.mes-allocs.fr\/guides\/wp-json\/wp\/v2\/comments?post=13897"}],"version-history":[{"count":43,"href":"https:\/\/www.mes-allocs.fr\/guides\/wp-json\/wp\/v2\/posts\/13897\/revisions"}],"predecessor-version":[{"id":111366,"href":"https:\/\/www.mes-allocs.fr\/guides\/wp-json\/wp\/v2\/posts\/13897\/revisions\/111366"}],"wp:featuredmedia":[{"embeddable":true,"href":"https:\/\/www.mes-allocs.fr\/guides\/wp-json\/wp\/v2\/media\/14337"}],"wp:attachment":[{"href":"https:\/\/www.mes-allocs.fr\/guides\/wp-json\/wp\/v2\/media?parent=13897"}],"wp:term":[{"taxonomy":"category","embeddable":true,"href":"https:\/\/www.mes-allocs.fr\/guides\/wp-json\/wp\/v2\/categories?post=13897"},{"taxonomy":"post_tag","embeddable":true,"href":"https:\/\/www.mes-allocs.fr\/guides\/wp-json\/wp\/v2\/tags?post=13897"}],"curies":[{"name":"wp","href":"https:\/\/api.w.org\/{rel}","templated":true}]}}