{"id":13873,"date":"2020-11-25T13:37:15","date_gmt":"2020-11-25T13:37:15","guid":{"rendered":"https:\/\/www.mes-allocs.fr\/guides\/?p=13873"},"modified":"2025-06-20T12:43:39","modified_gmt":"2025-06-20T10:43:39","slug":"chomage-et-arret-maladie","status":"publish","type":"post","link":"https:\/\/www.mes-allocs.fr\/guides\/chomage\/droit-au-chomage\/chomage-et-arret-maladie\/","title":{"rendered":"Arr\u00eat maladie et ch\u00f4mage : quel est calcul des indemnit\u00e9s ?"},"content":{"rendered":"<p class=\"med dPAwzb\" role=\"heading\" aria-level=\"2\"><strong><a href=\"https:\/\/www.mes-allocs.fr\/guides\/wp-content\/uploads\/2020\/11\/Arre\u0302t-maladie-et-cho\u0302mage-quel-est-calcul-des-indemnite\u0301s-verse\u0301es-1-1.jpg\"><img loading=\"lazy\" decoding=\"async\" class=\"aligncenter wp-image-15204 size-full\" src=\"https:\/\/www.mes-allocs.fr\/guides\/wp-content\/uploads\/2020\/11\/Arre\u0302t-maladie-et-cho\u0302mage-quel-est-calcul-des-indemnite\u0301s-verse\u0301es-1-1-e1605561806792.jpg\" alt=\"Arre\u0302t maladie et cho\u0302mage : quel est calcul des indemnite\u0301s verse\u0301es ?\" width=\"1280\" height=\"220\" srcset=\"https:\/\/www.mes-allocs.fr\/guides\/wp-content\/uploads\/2020\/11\/Arre\u0302t-maladie-et-cho\u0302mage-quel-est-calcul-des-indemnite\u0301s-verse\u0301es-1-1-e1605561806792.jpg 1280w, https:\/\/www.mes-allocs.fr\/guides\/wp-content\/uploads\/2020\/11\/Arre\u0302t-maladie-et-cho\u0302mage-quel-est-calcul-des-indemnite\u0301s-verse\u0301es-1-1-e1605561806792-300x52.jpg 300w, https:\/\/www.mes-allocs.fr\/guides\/wp-content\/uploads\/2020\/11\/Arre\u0302t-maladie-et-cho\u0302mage-quel-est-calcul-des-indemnite\u0301s-verse\u0301es-1-1-e1605561806792-1024x176.jpg 1024w, https:\/\/www.mes-allocs.fr\/guides\/wp-content\/uploads\/2020\/11\/Arre\u0302t-maladie-et-cho\u0302mage-quel-est-calcul-des-indemnite\u0301s-verse\u0301es-1-1-e1605561806792-768x132.jpg 768w, https:\/\/www.mes-allocs.fr\/guides\/wp-content\/uploads\/2020\/11\/Arre\u0302t-maladie-et-cho\u0302mage-quel-est-calcul-des-indemnite\u0301s-verse\u0301es-1-1-e1605561806792-600x103.jpg 600w\" sizes=\"auto, (max-width: 1280px) 100vw, 1280px\" \/><\/a><\/strong><\/p>\n<p class=\"med dPAwzb\" role=\"heading\" aria-level=\"2\"><strong>Vous pouvez percevoir des indemnit\u00e9s journali\u00e8res lorsque vous \u00eates en arr\u00eat maladie au ch\u00f4mage. Dans ce cas, les indemnit\u00e9s vers\u00e9es remplaceront les sommes associ\u00e9es \u00e0 votre ch\u00f4mage. Or, quel est <a href=\"https:\/\/www.mes-allocs.fr\/guides\/chomage\/calculer-chomage\/\">le calcul de ces indemnit\u00e9s<\/a> ? Mes Allocs vous explique.\u00a0<\/strong><\/p>\n<div class='cta-block'><div class='text'>Simulez vos aides en 2 min.<\/div><a href='https:\/\/www.mes-allocs.fr\/ab-app?origin=guides\/wp-json\/wp\/v2\/posts\/13873' class='app-button fit'>Simulation gratuite<\/a><\/div>\n<div class=\"card-section\">\n<div class=\"brs_col\">\n<h1 class=\"nVcaUb\"><b>Que deviennent les indemnit\u00e9s en cas de ch\u00f4mage et arr\u00eat<\/b>\u00a0maladie\u00a0<b>de plus de 6 mois ?<\/b><\/h1>\n<p data-start=\"0\" data-end=\"134\">En 2025, pour b\u00e9n\u00e9ficier du versement des indemnit\u00e9s journali\u00e8res en cas d&rsquo;arr\u00eat de travail pour maladie de longue dur\u00e9e, vous devez :<\/p>\n<ul data-start=\"136\" data-end=\"518\" data-is-last-node=\"\" data-is-only-node=\"\">\n<li data-start=\"136\" data-end=\"391\">Avoir cotis\u00e9 sur un salaire repr\u00e9sentant <strong>2.030 fois le montant du Smic horaire des 12 mois<\/strong> pr\u00e9c\u00e9dant l&rsquo;arr\u00eat de travail. Par exemple, si l&rsquo;arr\u00eat a commenc\u00e9 le 1er juillet 2025, vous devez avoir gagn\u00e9 au moins 20.604,50 \u20ac pendant la p\u00e9riode de r\u00e9f\u00e9rence.<\/li>\n<li data-start=\"392\" data-end=\"518\" data-is-last-node=\"\">Avoir travaill\u00e9 au moins 600 heures dans les 12 mois pr\u00e9c\u00e9dant l&rsquo;arr\u00eat ou \u00eatre affili\u00e9 \u00e0 l\u2019Assurance Maladie depuis 12 mois.<\/li>\n<\/ul>\n<h1 class=\"nVcaUb\"><b>Ch\u00f4mage arr\u00eat<\/b>\u00a0maladie\u00a0<b>d\u00e9pression : comment cela fonctionne ?<\/b><\/h1>\n<div class=\"brs_col\">En premier lieu, il faut savoir qu&rsquo;il n&rsquo;y a pas de dur\u00e9e d\u00e9finie en cas d&rsquo;arr\u00eat maladie annonc\u00e9 pour une d\u00e9pression. Le m\u00e9decin est en charge de fixer cette p\u00e9riode. Par ailleurs, un arr\u00eat maladie pour d\u00e9pression est nomm\u00e9 \u00ab\u00a0arr\u00eat maladie de longue dur\u00e9e au-del\u00e0 de 6 mois\u00a0\u00bb. Des fois, il va m\u00eame jusqu&rsquo;\u00e0 2 ans.<\/div>\n<div><\/div>\n<div class=\"brs_col\">\n<p><strong>Attention<\/strong> : vous avez 48 heures pour informer votre employeur de votre arr\u00eat maladie afin que votre absence ne soit pas per\u00e7ue comme une absence injustifi\u00e9e. En termes d&rsquo;indemnisation, les sommes qui vous seront vers\u00e9es sont similaires \u00e0 celles attribu\u00e9es pour tout autre arr\u00eat maladie. En d&rsquo;autres termes, vous touchez :<\/p>\n<ul>\n<li>50% de votre salaire journalier de r\u00e9f\u00e9rence (SJR), dans la limite de 75% des heures travaill\u00e9es avec un plafond fix\u00e9 \u00e0 <strong>1,4 SMIC<\/strong>.<\/li>\n<li>Et ce, \u00e0 compter du 31e jour d\u2019arr\u00eat si vous avez trois enfants \u00e0 charge ou plus.<\/li>\n<\/ul>\n<p>Si vous avez au moins un an d\u2019anciennet\u00e9, vous b\u00e9n\u00e9ficiez automatiquement de la garantie du maintien de votre salaire.<\/p>\n<\/div>\n<div class=\"brs_col\">\n<h1 class=\"nVcaUb\"><b>Gagne-t-on plus au ch\u00f4mage ou en arr\u00eat<\/b> maladie ?<\/h1>\n<h2>Existe-t-il un cumul ch\u00f4mage-arr\u00eat maladie ?<\/h2>\n<header class=\"resource__header resource__header--turquoise\">\n<div class=\"row resource__chapo\">\n<div class=\"col-9\">\n<div class=\"page-chapo\">\n<ul>\n<li class=\"field field--name-field-u-head field--type-string-long field--label-hidden field__item\">En cas d\u2019arr\u00eat maladie, vos droits aux allocations <a href=\"https:\/\/www.mes-allocs.fr\/guides\/chomage\">ch\u00f4mage<\/a> ne sont plus valables. En effet, pendant ces p\u00e9riodes, le versement de votre ARE est interrompu et remplac\u00e9 par des indemnit\u00e9s journali\u00e8res de la S\u00e9curit\u00e9 sociale.<\/li>\n<li class=\"field field--name-field-u-head field--type-string-long field--label-hidden field__item\">La p\u00e9riode pendant laquelle vous ne touchez pas d&rsquo;indemnit\u00e9 est report\u00e9e. Elle prolonge votre indemnisation.<\/li>\n<\/ul>\n<\/div>\n<\/div>\n<\/div>\n<\/header>\n<div class=\"resource__content resource__content--turquoise row\">\n<div class=\"col-8-center\">\n<div class=\"clearfix text-formatted field field--name-body field--type-text-with-summary field--label-hidden field__item\"><strong>Pour toucher les allocations ch\u00f4mage, vous devez \u00ea<\/strong><strong>tre<\/strong> <strong>physiquement apte \u00e0 l\u2019emploi. Ainsi, en cas d&rsquo;arr\u00eat maladie, cette condition n&rsquo;est pas respect\u00e9e.<\/strong><\/div>\n<div class=\"clearfix text-formatted field field--name-body field--type-text-with-summary field--label-hidden field__item\">\n<h4>Par exemple, supposons que vous soyez inscrit \u00e0 P\u00f4le emploi depuis le 1er mars.<\/h4>\n<ul>\n<li>Vous pouvez b\u00e9n\u00e9ficier d\u2019une dur\u00e9e d\u2019indemnisation de 6 mois (182 jours) maximum.<\/li>\n<li>D\u00e8s le 15 avril, vous \u00eates en arr\u00eat maladie pendant 15 jours (jusqu\u2019au 30 avril). Par cons\u00e9quent, votre allocation ch\u00f4mage cesse d&rsquo;\u00eatre vers\u00e9e. Les indemnit\u00e9s journali\u00e8res de s\u00e9curit\u00e9 sociale par l\u2019Assurance maladie vous sont vers\u00e9es.<\/li>\n<li>\u00c0 la fin de votre arr\u00eat maladie, vous pourrez \u00e0 nouveau toucher votre allocation ch\u00f4mage, jusqu\u2019au 15 septembre.<\/li>\n<\/ul>\n<\/div>\n<div class='cta-block'><div class='text'>Simulez toutes vos aides en 2 min.<\/div><a href='https:\/\/www.mes-allocs.fr\/ab-app?origin=guides\/wp-json\/wp\/v2\/posts\/13873' class='app-button fit'>Simulation gratuite<\/a><\/div>\n<div class=\"clearfix text-formatted field field--name-body field--type-text-with-summary field--label-hidden field__item\">\n<h2>Quelles sont les d\u00e9marches \u00e0 effectuer ?<\/h2>\n<ul>\n<li><strong>Informer votre caisse primaire d\u2019assurance maladie<\/strong> (CPAM ou CMSA) dans les 48 heures qui suivent votre rendez-vous m\u00e9dical. Sous certains conditions et apr\u00e8s un d\u00e9lai de carence de 3 jours, des indemnit\u00e9s journali\u00e8res vous seront vers\u00e9es. Elles sont calcul\u00e9es sur la base de votre ancien salaire. Elles sont soumis aux cotisations sociales et bien souvent, \u00e0 l&rsquo;imp\u00f4t sur le revenu.<\/li>\n<li><strong>D\u00e9clarer votre changement de situation \u00e0 P\u00f4le emploi\u00a0<\/strong>dans les 72 heures qui suivent votre rendez-vous m\u00e9dical ou le d\u00e9but de votre cong\u00e9.<\/li>\n<\/ul>\n<\/div>\n<\/div>\n<\/div>\n<\/div>\n<\/div>\n<div class=\"brs_col\">\n<h1 class=\"nVcaUb\"><b>Que faire en cas d&rsquo;arr\u00eat<\/b>\u00a0maladie\u00a0<b>ch\u00f4mage non indemnis\u00e9 ?<\/b><\/h1>\n<p class=\"nVcaUb\">Vous \u00eates \u00e9ligible au maintien de votre protection sociale pendant un an, si vous avez assez travaill\u00e9 afin d&rsquo;ouvrir vos droits aux indemnit\u00e9s journali\u00e8res :<\/p>\n<ul>\n<li>vous \u00eates demandeur d\u2019emploi non indemnis\u00e9 par <a href=\"https:\/\/www.pole-emploi.fr\/\">P\u00f4le Emploi<\/a> (vous avez \u00e9puis\u00e9 vos droits, l\u2019ARE ne vous est plus vers\u00e9e)<\/li>\n<li><strong>ou<\/strong> si vous n\u2019\u00eates pas indemnis\u00e9 car vous n\u2019\u00eates pas \u00e9ligible \u00e0 l\u2019ARE.<\/li>\n<\/ul>\n<p class=\"nVcaUb\">Vous percevez alors les IJ (maladie ou maternit\u00e9), ainsi que les prestations des assurances maladie et de maternit\u00e9 et le remboursement des soins en cas de maladie et de maternit\u00e9. Or, si vous \u00eates demandeur d\u2019emploi non indemnis\u00e9 car votre dur\u00e9e d\u2019affiliation est insuffisante, alors vous n\u2019avez pas droit aux indemnit\u00e9s journali\u00e8res de la s\u00e9curit\u00e9 sociale.<\/p>\n<p><iframe loading=\"lazy\" title=\"Tout savoir sur le ch\u00f4mage en France !\" width=\"500\" height=\"281\" src=\"https:\/\/www.youtube.com\/embed\/jgv9qS4jh7k?feature=oembed\" frameborder=\"0\" allow=\"accelerometer; autoplay; clipboard-write; encrypted-media; gyroscope; picture-in-picture; web-share\" referrerpolicy=\"strict-origin-when-cross-origin\" allowfullscreen><\/iframe><\/p>\n<h1 class=\"nVcaUb\">Arr\u00eat maladie et ch\u00f4mage calcul : quelles sont les <b>indemnit\u00e9s vers\u00e9es ?<\/b><\/h1>\n<div class=\"mod\" lang=\"fr-FR\" data-md=\"61\">\n<div class=\"LGOjhe\" role=\"heading\" data-attrid=\"wa:\/description\" aria-level=\"3\" data-hveid=\"CAYQAA\"><span class=\"ILfuVd\"><span class=\"hgKElc\">En arr\u00eat maladie au ch\u00f4mage, le calcul des indemnit\u00e9s journali\u00e8res est bas\u00e9 sur votre ancienne activit\u00e9. Elle ne tient pas compte des allocations P\u00f4le Emploi que vous percevez.<\/span><\/span><\/div>\n<div role=\"heading\" data-attrid=\"wa:\/description\" aria-level=\"3\" data-hveid=\"CAYQAA\"><\/div>\n<div class=\"LGOjhe\" role=\"heading\" data-attrid=\"wa:\/description\" aria-level=\"3\" data-hveid=\"CAYQAA\"><span class=\"ILfuVd\"><span class=\"hgKElc\">La CPAM prend en compte les revenus de vos activit\u00e9s salari\u00e9es depuis moins de 12 mois pour calculer vos droits. En outre, le salaire journalier de base est d\u00e9termin\u00e9 par la <a href=\"https:\/\/www.ameli.fr\/\">CPAM<\/a>.<\/span><\/span><\/div>\n<div role=\"heading\" data-attrid=\"wa:\/description\" aria-level=\"3\" data-hveid=\"CAYQAA\">L\u2019 Assurance ch\u00f4mage vous prot\u00e8ge en tant que salari\u00e9. C&rsquo;est gr\u00e2ce \u00e0 elle que vous aurez des indemnit\u00e9s.<\/div>\n<div role=\"heading\" data-attrid=\"wa:\/description\" aria-level=\"3\" data-hveid=\"CAYQAA\"><\/div>\n<\/div>\n<h1 class=\"nVcaUb\"><b>Comment fonctionne l&rsquo;inscription p\u00f4le emploi apr\u00e8s arr\u00eat<\/b> maladie ?<\/h1>\n<ol>\n<li id=\"P\u00f4le_Emploi_et_Arr\u00eat_maladie_:_Quand_pr\u00e9venir_son_conseiller_?\">Tout d&rsquo;abord, vous avez <strong>48 heures<\/strong> pour transmettre \u00e0 la CPAM les 2 premiers feuillets de votre arr\u00eat maladie. Et ce, en vous rendant \u00e0 l&rsquo;agence ou en envoyant les documents concern\u00e9s par courrier.<\/li>\n<li>Ensuite, <strong>pr\u00e9venez votre employeur<\/strong>. Si vous \u00eates demandeur d emploi, c&rsquo;est P\u00f4le Emploi qu&rsquo;il faut contacter (en agence, par t\u00e9l\u00e9phone ou sur votre espace personnel, en d\u00e9clarant un changement de situation). Vous avez <strong>72 heures<\/strong> pour faire cela.<\/li>\n<\/ol>\n<p class=\"nVcaUb\">En effet, les d\u00e9lais mentionn\u00e9s sont importants car l\u2019allocation ch\u00f4mage est suspendue au profit des indemnit\u00e9s journali\u00e8res. Ces derni\u00e8res sont calcul\u00e9es en fonction de votre ancien salaire. Il est<strong> \u00e9gal \u00e0 50% du salaire journalier de base<\/strong> avec d&rsquo;\u00e9ventuelles majorations.<\/p>\n<h1 class=\"nVcaUb\">Quel calcul pour l&rsquo;<b>indemnit\u00e9 arr\u00eat<\/b> maladie ?<\/h1>\n<ul>\n<li>Une indemnit\u00e9 journali\u00e8re vous est vers\u00e9e pendant votre arr\u00eat maladie. Elle repr\u00e9sente 50% de votre <span class=\"ILfuVd\"><span class=\"hgKElc\">salaire journalier de base.<\/span><\/span><\/li>\n<li><span class=\"ILfuVd\"><span class=\"hgKElc\">Il est calcul\u00e9 sur la moyenne des salaires bruts des 3 mois qui pr\u00e9c\u00e8dent votre\u00a0<b>arr\u00eat de travail ou des 12 mois pr\u00e9c\u00e9dant votre interruption d&rsquo;activit\u00e9 pour une activit\u00e9 non continue. <\/b><\/span><\/span>Votre salaire est pris en compte dans la limite de 1,4 fois le Smic mensuel).<\/li>\n<\/ul>\n<h1>Que faire en cas d&rsquo;arr\u00eat maladie ?<\/h1>\n<p class=\"nVcaUb\">Il vous faut faire une d\u00e9claration de changement de situation d\u00e8s que possible. Par ailleurs, si vous b\u00e9n\u00e9ficiez d\u2019une affection de longue dur\u00e9e (ALD), vous pouvez pr\u00e9tendre \u00e0 <strong>une r\u00e9duction de vos ressources prises en compte dans le calcul de vos prestations.<\/strong> Cette r\u00e9duction est appliqu\u00e9e <strong>apr\u00e8s 6 mois d\u2019arr\u00eat de travail.<\/strong> Selon que vous soyez <strong>allocataire ou non, diff\u00e9rentes r\u00e8gles s&rsquo;appliquent. <\/strong>Ainsi, si vous \u00eates allocataire :<\/p>\n<ul>\n<li>notamment b\u00e9n\u00e9ficiaire du RSA, des r\u00e8gles sp\u00e9cifiques s&rsquo;appliquent.<\/li>\n<li>si vous cessez de travailler et percevez <strong>une<\/strong> <strong>rente accident du travail ou une pension d&rsquo;invalidit\u00e9<\/strong>, vous pouvez pr\u00e9tendre \u00e0 une r\u00e9duction de vos revenus pris en compte par la CAF\u00a0 dans le calcul de mes prestations. Et ce, le mois suivant l\u2019arr\u00eat de mon activit\u00e9.<\/li>\n<\/ul>\n<\/div>\n<div class='cta-block'><div class='text'>Simulez toutes vos aides en 2 min.<\/div><a href='https:\/\/www.mes-allocs.fr\/ab-app?origin=guides\/wp-json\/wp\/v2\/posts\/13873' class='app-button fit'>Simulation gratuite<\/a><\/div>\n<div class=\"brs_col\">\n<h1>Doit-on d\u00e9clarer les indemnit\u00e9s journali\u00e8res ?<\/h1>\n<p class=\"nVcaUb\">En outre, les IJ correspondent \u00e0 des revenus de substitutions. Vous devez les d\u00e9clarer :<\/p>\n<ul>\n<li>aux imp\u00f4ts,<\/li>\n<li>et \u00e0 la CAF.<\/li>\n<\/ul>\n<p class=\"nVcaUb\">Par ailleurs, elles sont soumises \u00e0 l imp\u00f4t sur le revenu. <strong>Sauf<\/strong> si elles sont li\u00e9es \u00e0 une affection de longue dur\u00e9e (ALD). Si vous avez touch\u00e9 des IJ, vous recevrez une attestation fiscale pour vous aider \u00e0 remplir votre d\u00e9claration de revenus, de la CAF.<\/p>\n<\/div>\n<\/div>\n","protected":false},"excerpt":{"rendered":"<p>Vous pouvez percevoir des indemnit\u00e9s journali\u00e8res lorsque vous \u00eates en arr\u00eat maladie au ch\u00f4mage. Dans ce cas, les indemnit\u00e9s vers\u00e9es remplaceront les sommes associ\u00e9es \u00e0 votre ch\u00f4mage. Or, quel est le calcul de ces indemnit\u00e9s ? Mes Allocs vous explique.\u00a0 Que deviennent les indemnit\u00e9s en cas de ch\u00f4mage et arr\u00eat\u00a0maladie\u00a0de plus de 6 mois ? [&hellip;]<\/p>\n","protected":false},"author":6,"featured_media":15201,"comment_status":"open","ping_status":"open","sticky":false,"template":"","format":"standard","meta":{"amp_status":"","footnotes":""},"categories":[2991,2989],"tags":[],"class_list":["post-13873","post","type-post","status-publish","format-standard","has-post-thumbnail","hentry","category-droit-au-chomage","category-chomage"],"yoast_head":"<!-- This site is optimized with the Yoast SEO plugin v14.9 - https:\/\/yoast.com\/wordpress\/plugins\/seo\/ -->\n<title>Arr\u00eat maladie et ch\u00f4mage : quel est calcul des indemnit\u00e9s ? | Mes-Allocs.fr<\/title>\n<meta name=\"description\" content=\"Vous pouvez percevoir des indemnit\u00e9s lorsque vous \u00eates en arr\u00eat maladie au ch\u00f4mage. Elles remplacent vos allocations ch\u00f4mage.\" \/>\n<meta name=\"robots\" content=\"index, follow, max-snippet:-1, max-image-preview:large, max-video-preview:-1\" \/>\n<link rel=\"canonical\" href=\"https:\/\/www.mes-allocs.fr\/guides\/chomage\/droit-au-chomage\/chomage-et-arret-maladie\/\" \/>\n<meta property=\"og:locale\" content=\"fr_FR\" \/>\n<meta property=\"og:type\" content=\"article\" \/>\n<meta property=\"og:title\" content=\"Arr\u00eat maladie et ch\u00f4mage : quel est calcul des indemnit\u00e9s ? | Mes-Allocs.fr\" \/>\n<meta property=\"og:description\" content=\"Vous pouvez percevoir des indemnit\u00e9s lorsque vous \u00eates en arr\u00eat maladie au ch\u00f4mage. Elles remplacent vos allocations ch\u00f4mage.\" \/>\n<meta property=\"og:url\" content=\"https:\/\/www.mes-allocs.fr\/guides\/chomage\/droit-au-chomage\/chomage-et-arret-maladie\/\" \/>\n<meta property=\"og:site_name\" content=\"Mes-Allocs.fr\" \/>\n<meta property=\"article:published_time\" content=\"2020-11-25T13:37:15+00:00\" \/>\n<meta property=\"article:modified_time\" content=\"2025-06-20T10:43:39+00:00\" \/>\n<meta property=\"og:image\" content=\"https:\/\/www.mes-allocs.fr\/guides\/wp-content\/uploads\/2020\/11\/Arre\u0302t-maladie-et-cho\u0302mage-quel-est-calcul-des-indemnite\u0301s-verse\u0301es-.jpg?wsr\" \/>\n\t<meta property=\"og:image:width\" content=\"1280\" \/>\n\t<meta property=\"og:image:height\" content=\"853\" \/>\n<meta name=\"twitter:card\" content=\"summary_large_image\" \/>\n<script type=\"application\/ld+json\" class=\"yoast-schema-graph\">{\"@context\":\"https:\/\/schema.org\",\"@graph\":[{\"@type\":\"WebSite\",\"@id\":\"https:\/\/www.mes-allocs.fr\/guides\/#website\",\"url\":\"https:\/\/www.mes-allocs.fr\/guides\/\",\"name\":\"Mes-Allocs.fr\",\"description\":\"\",\"potentialAction\":[{\"@type\":\"SearchAction\",\"target\":\"https:\/\/www.mes-allocs.fr\/guides\/?s={search_term_string}\",\"query-input\":\"required name=search_term_string\"}],\"inLanguage\":\"fr-FR\"},{\"@type\":\"ImageObject\",\"@id\":\"https:\/\/www.mes-allocs.fr\/guides\/chomage\/droit-au-chomage\/chomage-et-arret-maladie\/#primaryimage\",\"inLanguage\":\"fr-FR\",\"url\":\"https:\/\/www.mes-allocs.fr\/guides\/wp-content\/uploads\/2020\/11\/Arre\\u0302t-maladie-et-cho\\u0302mage-quel-est-calcul-des-indemnite\\u0301s-verse\\u0301es-.jpg?wsr\",\"width\":1280,\"height\":853,\"caption\":\"Arre\\u0302t maladie et cho\\u0302mage quel est calcul des indemnite\\u0301s verse\\u0301es\"},{\"@type\":\"WebPage\",\"@id\":\"https:\/\/www.mes-allocs.fr\/guides\/chomage\/droit-au-chomage\/chomage-et-arret-maladie\/#webpage\",\"url\":\"https:\/\/www.mes-allocs.fr\/guides\/chomage\/droit-au-chomage\/chomage-et-arret-maladie\/\",\"name\":\"Arr\\u00eat maladie et ch\\u00f4mage : quel est calcul des indemnit\\u00e9s ? | Mes-Allocs.fr\",\"isPartOf\":{\"@id\":\"https:\/\/www.mes-allocs.fr\/guides\/#website\"},\"primaryImageOfPage\":{\"@id\":\"https:\/\/www.mes-allocs.fr\/guides\/chomage\/droit-au-chomage\/chomage-et-arret-maladie\/#primaryimage\"},\"datePublished\":\"2020-11-25T13:37:15+00:00\",\"dateModified\":\"2025-06-20T10:43:39+00:00\",\"author\":{\"@id\":\"https:\/\/www.mes-allocs.fr\/guides\/#\/schema\/person\/0ecd61a8600573914d00d970a588c024\"},\"description\":\"Vous pouvez percevoir des indemnit\\u00e9s lorsque vous \\u00eates en arr\\u00eat maladie au ch\\u00f4mage. Elles remplacent vos allocations ch\\u00f4mage.\",\"inLanguage\":\"fr-FR\"},{\"@type\":\"Person\",\"@id\":\"https:\/\/www.mes-allocs.fr\/guides\/#\/schema\/person\/0ecd61a8600573914d00d970a588c024\",\"name\":\"Jonathan\",\"image\":{\"@type\":\"ImageObject\",\"@id\":\"https:\/\/www.mes-allocs.fr\/guides\/#personlogo\",\"inLanguage\":\"fr-FR\",\"url\":\"https:\/\/www.mes-allocs.fr\/guides\/wp-content\/uploads\/2021\/06\/jonathan-150x150.png\",\"caption\":\"Jonathan\"},\"description\":\"Jonathan est r\\u00e9dacteur au sein de l'\\u00e9quipe Mes Allocs, sp\\u00e9cialis\\u00e9 sur les sujets li\\u00e9s au handicap. Dipl\\u00f4m\\u00e9e de l'UPEM, il rejoint Mes Allocs apr\\u00e8s avoir travaill\\u00e9 \\u00e0 l'association AEDE qui accompagne les adultes en situation de handicap. Quand il n'\\u00e9crit pas, on peut le retrouver sur un terrain de basket.\",\"sameAs\":[\"https:\/\/www.linkedin.com\/in\/jonathan-bambela-8637861b7\"]}]}<\/script>\n<!-- \/ Yoast SEO plugin. -->","amp_validity":null,"acf":{"faq":{"1":{"question":"Comment est calcul\u00e9 le ch\u00f4mage apr\u00e8s un arr\u00eat maladie ?","answer":"Votre SJR repr\u00e9sente votre salaire annuel de r\u00e9f\u00e9rence (SAR) divis\u00e9 par le nombre de jours travaill\u00e9s durant la p\u00e9riode de r\u00e9f\u00e9rence de calcul (PRC). Elle est constitu\u00e9e des 12 mois civils pr\u00e9c\u00e9dant le dernier jour de travail pay\u00e9."},"2":{"question":"Est-ce que je cotise pour le ch\u00f4mage en arr\u00eat maladie ?","answer":"En cas d'arr\u00eat maladie, de cong\u00e9 maternit\u00e9 ou de cong\u00e9 paternit\u00e9, avant ou pendant votre p\u00e9riode de ch\u00f4mage, vous ne perdez pas vos droits aux allocations ch\u00f4mage. Durant ces p\u00e9riodes, le versement de votre ARE cesse et est remplac\u00e9 par des indemnit\u00e9s journali\u00e8res de la S\u00e9curit\u00e9 sociale."},"3":{"question":"Pourquoi d\u00e9clarer arr\u00eat maladie P\u00f4le emploi ?","answer":" D\u00e9clarer vos arr\u00eats maladie permet d'\u00e9viter que des allocations ch\u00f4mage ne soient vers\u00e9es \u00e0 tort par P\u00f4le emploi, que vous devrez rembourser plus tard."},"4":{"question":"Quelle est la dur\u00e9e maximum d'un arr\u00eat maladie ?","answer":"La dur\u00e9e d'un arr\u00eat maladie d\u00e9pend du type d'affection dont vous \u00eates atteint et est fix\u00e9e par votre m\u00e9decin. En r\u00e8gle g\u00e9n\u00e9rale, lorsqu'il s'agit d'une maladie ordinaire, l'arr\u00eat ne d\u00e9passe pas 6 mois."},"5":{"question":"","answer":""},"6":{"question":"","answer":""},"7":{"question":"","answer":""},"8":{"question":"","answer":""},"9":{"question":"","answer":""},"10":{"question":"","answer":""},"11":{"question":"","answer":""},"12":{"question":"","answer":""},"13":{"question":"","answer":""},"14":{"question":"","answer":""},"15":{"question":"","answer":""},"16":{"question":"","answer":""}}},"_links":{"self":[{"href":"https:\/\/www.mes-allocs.fr\/guides\/wp-json\/wp\/v2\/posts\/13873","targetHints":{"allow":["GET"]}}],"collection":[{"href":"https:\/\/www.mes-allocs.fr\/guides\/wp-json\/wp\/v2\/posts"}],"about":[{"href":"https:\/\/www.mes-allocs.fr\/guides\/wp-json\/wp\/v2\/types\/post"}],"author":[{"embeddable":true,"href":"https:\/\/www.mes-allocs.fr\/guides\/wp-json\/wp\/v2\/users\/6"}],"replies":[{"embeddable":true,"href":"https:\/\/www.mes-allocs.fr\/guides\/wp-json\/wp\/v2\/comments?post=13873"}],"version-history":[{"count":29,"href":"https:\/\/www.mes-allocs.fr\/guides\/wp-json\/wp\/v2\/posts\/13873\/revisions"}],"predecessor-version":[{"id":100929,"href":"https:\/\/www.mes-allocs.fr\/guides\/wp-json\/wp\/v2\/posts\/13873\/revisions\/100929"}],"wp:featuredmedia":[{"embeddable":true,"href":"https:\/\/www.mes-allocs.fr\/guides\/wp-json\/wp\/v2\/media\/15201"}],"wp:attachment":[{"href":"https:\/\/www.mes-allocs.fr\/guides\/wp-json\/wp\/v2\/media?parent=13873"}],"wp:term":[{"taxonomy":"category","embeddable":true,"href":"https:\/\/www.mes-allocs.fr\/guides\/wp-json\/wp\/v2\/categories?post=13873"},{"taxonomy":"post_tag","embeddable":true,"href":"https:\/\/www.mes-allocs.fr\/guides\/wp-json\/wp\/v2\/tags?post=13873"}],"curies":[{"name":"wp","href":"https:\/\/api.w.org\/{rel}","templated":true}]}}